{"id":9312,"date":"2022-10-17T17:44:31","date_gmt":"2022-10-17T15:44:31","guid":{"rendered":"https:\/\/ecolefermedesbois.ch\/?p=9312"},"modified":"2022-10-17T17:44:35","modified_gmt":"2022-10-17T15:44:35","slug":"des-jeunes-lutins-decouvrent-le-verger-%f0%9f%8d%8f","status":"publish","type":"post","link":"https:\/\/ecolefermedesbois.ch\/?p=9312","title":{"rendered":"Des jeunes lutins d\u00e9couvrent le verger &#x1f34f;"},"content":{"rendered":"<div class=\"pdfprnt-buttons pdfprnt-buttons-post pdfprnt-top-right\"><a href=\"https:\/\/ecolefermedesbois.ch\/index.php?rest_route=%2Fwp%2Fv2%2Fposts%2F9312&print=pdf\" class=\"pdfprnt-button pdfprnt-button-pdf\" target=\"_blank\" ><img data-recalc-dims=\"1\" decoding=\"async\" src=\"https:\/\/i0.wp.com\/ecolefermedesbois.ch\/wp-content\/plugins\/pdf-print\/images\/pdf.png?w=720&#038;ssl=1\" alt=\"image_pdf\" title=\"Afficher le PDF\" \/><\/a><a href=\"https:\/\/ecolefermedesbois.ch\/index.php?rest_route=%2Fwp%2Fv2%2Fposts%2F9312&print=print\" class=\"pdfprnt-button pdfprnt-button-print\" target=\"_blank\" ><img data-recalc-dims=\"1\" decoding=\"async\" src=\"https:\/\/i0.wp.com\/ecolefermedesbois.ch\/wp-content\/plugins\/pdf-print\/images\/print.png?w=720&#038;ssl=1\" alt=\"image_print\" title=\"Contenu imprim\u00e9\" \/><\/a><\/div>\n<p>La semaine pass\u00e9e, j&rsquo;ai accueilli sur deux matin\u00e9es des enfants de 2 ans et demi \u00e0 4 ans, pour d\u00e9couvrir le verger en automne.<\/p>\n\n\n\n<p>Pour commencer, nous sommes all\u00e9s r\u00e9colter des pommes pour faire des tartelettes.<br>Les pommes en main, nous voil\u00e0 en route pour la salle afin de confectionner nos tartelettes. <br>Mains lav\u00e9es; manches retrouss\u00e9es; nous sommes pr\u00eats pour : faire les formes de p\u00e2te \u00e0 g\u00e2teau, \u00e9plucher et couper les pommes puis les d\u00e9poser dans nos moules.<\/p>\n\n\n\n<p>Pendant la cuisson des tartelettes nous faisons un jeu avec mes peluches fruits.&#x1f34e;&#x1f34a;&#x1f34d;&#x1f34c;&#x1f353;&#x1fad0;&#x1f350;  <br>Les enfants se font des passes tout en les nommant. Un bon jeu de concentration mais surtout de rire! Puis nous faisons le loto de la ferme.<br>Les tartelettes sont cuites, c&rsquo;est parti pour la r\u00e9cr\u00e9! Un matin en salle et l&rsquo;autre dehors. Selon la m\u00e9t\u00e9o&#8230;<br>Mmmmmm un vrai r\u00e9gal! Bravo les enfants, vos tartelettes sont d\u00e9licieuses!<br>Les tartelettes mang\u00e9es et le lait bu, nous voici \u00e0 la place de jeu pour se d\u00e9fouler un moment.<\/p>\n\n\n\n<p>Pour finir la matin\u00e9e, nous allons au verger observer les arbres. Quels fruits pouvons nous observer et quels arbres fruitiers s&rsquo;y trouvent.&#x1f34e;&#x1f350; Les enfants me disent aussi quel fruit pousse sur quel arbre. Une jolie approche pour de si jeunes enfants.<br>Et comme j&rsquo;adore m&rsquo;amuser autant que les enfants, nous imitons diff\u00e9rents animaux qui vivent dans le verger. Nous avons fait l&rsquo;abeille, la fourmi, le papillons, les oiseaux, m\u00eame la grenouille et quelques autres encore&#8230; Que de rires!!! <\/p>\n\n\n\n<p>Merci les enfants pour votre participation active et votre joie! Nous avons pass\u00e9 de beaux moments en votre compagnie ! &#x1f49d;<\/p>\n\n\n\n<p>Merci chers parents de me confier vos enfants, pendant la matin\u00e9e, ce qui nous permet de vivre ces beaux moments de partage. &#x1f33a;<\/p>\n\n\n\n<p>A bient\u00f4t &#x1f917; <\/p>\n\n\n\n<p>Sophie et Soraya<\/p>\n\n\n\n<div class=\"wp-block-jetpack-tiled-gallery aligncenter is-style-rectangular\"><div class=\"tiled-gallery__gallery\"><div class=\"tiled-gallery__row\"><div class=\"tiled-gallery__col\" style=\"flex-basis:63.96477%\"><figure class=\"tiled-gallery__item\"><img decoding=\"async\" alt=\"\" data-height=\"750\" data-id=\"9323\" data-link=\"https:\/\/ecolefermedesbois.ch\/?attachment_id=9323\" data-url=\"https:\/\/ecolefermedesbois.ch\/wp-content\/uploads\/2022\/10\/wp-16660211159783595054653136965241-600x450.jpg\" data-width=\"1000\" src=\"https:\/\/i1.wp.com\/ecolefermedesbois.ch\/wp-content\/uploads\/2022\/10\/wp-16660211159783595054653136965241-600x450.jpg?ssl=1\" data-amp-layout=\"responsive\"\/><\/figure><\/div><div class=\"tiled-gallery__col\" style=\"flex-basis:36.03523%\"><figure class=\"tiled-gallery__item\"><img decoding=\"async\" alt=\"\" data-height=\"1000\" data-id=\"9322\" data-link=\"https:\/\/ecolefermedesbois.ch\/?attachment_id=9322\" data-url=\"https:\/\/ecolefermedesbois.ch\/wp-content\/uploads\/2022\/10\/wp-16660211158831055856504702572147-450x600.jpg\" data-width=\"750\" src=\"https:\/\/i2.wp.com\/ecolefermedesbois.ch\/wp-content\/uploads\/2022\/10\/wp-16660211158831055856504702572147-450x600.jpg?ssl=1\" data-amp-layout=\"responsive\"\/><\/figure><\/div><\/div><div class=\"tiled-gallery__row\"><div class=\"tiled-gallery__col\" style=\"flex-basis:25.08331%\"><figure class=\"tiled-gallery__item\"><img decoding=\"async\" alt=\"\" data-height=\"1000\" data-id=\"9320\" data-link=\"https:\/\/ecolefermedesbois.ch\/?attachment_id=9320\" data-url=\"https:\/\/ecolefermedesbois.ch\/wp-content\/uploads\/2022\/10\/wp-16660211156085779737044531692898-450x600.jpg\" data-width=\"750\" src=\"https:\/\/i0.wp.com\/ecolefermedesbois.ch\/wp-content\/uploads\/2022\/10\/wp-16660211156085779737044531692898-450x600.jpg?ssl=1\" data-amp-layout=\"responsive\"\/><\/figure><\/div><div class=\"tiled-gallery__col\" style=\"flex-basis:25.08331%\"><figure class=\"tiled-gallery__item\"><img decoding=\"async\" alt=\"\" data-height=\"1000\" data-id=\"9321\" data-link=\"https:\/\/ecolefermedesbois.ch\/?attachment_id=9321\" data-url=\"https:\/\/ecolefermedesbois.ch\/wp-content\/uploads\/2022\/10\/wp-16660211157853186328092027011311-450x600.jpg\" data-width=\"750\" src=\"https:\/\/i1.wp.com\/ecolefermedesbois.ch\/wp-content\/uploads\/2022\/10\/wp-16660211157853186328092027011311-450x600.jpg?ssl=1\" data-amp-layout=\"responsive\"\/><\/figure><\/div><div class=\"tiled-gallery__col\" style=\"flex-basis:24.75008%\"><figure class=\"tiled-gallery__item\"><img decoding=\"async\" alt=\"\" data-height=\"1000\" data-id=\"9318\" data-link=\"https:\/\/ecolefermedesbois.ch\/?attachment_id=9318\" data-url=\"https:\/\/ecolefermedesbois.ch\/wp-content\/uploads\/2022\/10\/wp-16660211155307877316205275712029-444x600.jpg\" data-width=\"740\" src=\"https:\/\/i2.wp.com\/ecolefermedesbois.ch\/wp-content\/uploads\/2022\/10\/wp-16660211155307877316205275712029-444x600.jpg?ssl=1\" data-amp-layout=\"responsive\"\/><\/figure><\/div><div class=\"tiled-gallery__col\" style=\"flex-basis:25.08331%\"><figure class=\"tiled-gallery__item\"><img decoding=\"async\" alt=\"\" data-height=\"1000\" data-id=\"9319\" data-link=\"https:\/\/ecolefermedesbois.ch\/?attachment_id=9319\" data-url=\"https:\/\/ecolefermedesbois.ch\/wp-content\/uploads\/2022\/10\/wp-16660211156938381373816321455520-450x600.jpg\" data-width=\"750\" src=\"https:\/\/i1.wp.com\/ecolefermedesbois.ch\/wp-content\/uploads\/2022\/10\/wp-16660211156938381373816321455520-450x600.jpg?ssl=1\" data-amp-layout=\"responsive\"\/><\/figure><\/div><\/div><div class=\"tiled-gallery__row\"><div class=\"tiled-gallery__col\" style=\"flex-basis:50.00000%\"><figure class=\"tiled-gallery__item\"><img decoding=\"async\" alt=\"\" data-height=\"1000\" data-id=\"9313\" data-link=\"https:\/\/ecolefermedesbois.ch\/?attachment_id=9313\" data-url=\"https:\/\/ecolefermedesbois.ch\/wp-content\/uploads\/2022\/10\/wp-1666021114906442976657831036625-450x600.jpg\" data-width=\"750\" src=\"https:\/\/i1.wp.com\/ecolefermedesbois.ch\/wp-content\/uploads\/2022\/10\/wp-1666021114906442976657831036625-450x600.jpg?ssl=1\" data-amp-layout=\"responsive\"\/><\/figure><\/div><div class=\"tiled-gallery__col\" style=\"flex-basis:50.00000%\"><figure class=\"tiled-gallery__item\"><img decoding=\"async\" alt=\"\" data-height=\"1000\" data-id=\"9315\" data-link=\"https:\/\/ecolefermedesbois.ch\/?attachment_id=9315\" data-url=\"https:\/\/ecolefermedesbois.ch\/wp-content\/uploads\/2022\/10\/wp-16660211153395576343978209599561-450x600.jpg\" data-width=\"750\" src=\"https:\/\/i0.wp.com\/ecolefermedesbois.ch\/wp-content\/uploads\/2022\/10\/wp-16660211153395576343978209599561-450x600.jpg?ssl=1\" data-amp-layout=\"responsive\"\/><\/figure><\/div><\/div><div class=\"tiled-gallery__row\"><div class=\"tiled-gallery__col\" style=\"flex-basis:68.55214%\"><figure class=\"tiled-gallery__item\"><img decoding=\"async\" alt=\"\" data-height=\"750\" data-id=\"9317\" data-link=\"https:\/\/ecolefermedesbois.ch\/?attachment_id=9317\" data-url=\"https:\/\/ecolefermedesbois.ch\/wp-content\/uploads\/2022\/10\/wp-166602111510124846514842161392-600x450.jpg\" data-width=\"1000\" src=\"https:\/\/i1.wp.com\/ecolefermedesbois.ch\/wp-content\/uploads\/2022\/10\/wp-166602111510124846514842161392-600x450.jpg?ssl=1\" data-amp-layout=\"responsive\"\/><\/figure><\/div><div class=\"tiled-gallery__col\" style=\"flex-basis:31.44786%\"><figure class=\"tiled-gallery__item\"><img decoding=\"async\" alt=\"\" data-height=\"750\" data-id=\"9314\" data-link=\"https:\/\/ecolefermedesbois.ch\/?attachment_id=9314\" data-url=\"https:\/\/ecolefermedesbois.ch\/wp-content\/uploads\/2022\/10\/wp-16660211152449088126072941629676-600x450.jpg\" data-width=\"1000\" src=\"https:\/\/i0.wp.com\/ecolefermedesbois.ch\/wp-content\/uploads\/2022\/10\/wp-16660211152449088126072941629676-600x450.jpg?ssl=1\" data-amp-layout=\"responsive\"\/><\/figure><figure class=\"tiled-gallery__item\"><img decoding=\"async\" alt=\"\" data-height=\"878\" data-id=\"9316\" data-link=\"https:\/\/ecolefermedesbois.ch\/?attachment_id=9316\" data-url=\"https:\/\/ecolefermedesbois.ch\/wp-content\/uploads\/2022\/10\/wp-16660211154355045403739629070160-600x527.jpg\" data-width=\"1000\" src=\"https:\/\/i2.wp.com\/ecolefermedesbois.ch\/wp-content\/uploads\/2022\/10\/wp-16660211154355045403739629070160-600x527.jpg?ssl=1\" data-amp-layout=\"responsive\"\/><\/figure><\/div><\/div><div class=\"tiled-gallery__row\"><div class=\"tiled-gallery__col\" style=\"flex-basis:39.89743%\"><figure class=\"tiled-gallery__item\"><img decoding=\"async\" alt=\"\" data-height=\"750\" data-id=\"9306\" data-link=\"https:\/\/ecolefermedesbois.ch\/?attachment_id=9306\" data-url=\"https:\/\/ecolefermedesbois.ch\/wp-content\/uploads\/2022\/10\/wp-16659379832864806511613236300416-600x450.jpg\" data-width=\"1000\" src=\"https:\/\/i1.wp.com\/ecolefermedesbois.ch\/wp-content\/uploads\/2022\/10\/wp-16659379832864806511613236300416-600x450.jpg?ssl=1\" data-amp-layout=\"responsive\"\/><\/figure><\/div><div class=\"tiled-gallery__col\" style=\"flex-basis:20.20514%\"><figure class=\"tiled-gallery__item\"><img decoding=\"async\" alt=\"\" data-height=\"1000\" data-id=\"9305\" data-link=\"https:\/\/ecolefermedesbois.ch\/?attachment_id=9305\" data-url=\"https:\/\/ecolefermedesbois.ch\/wp-content\/uploads\/2022\/10\/wp-1665937983425537755072197438816-404x600.jpg\" data-width=\"673\" src=\"https:\/\/i2.wp.com\/ecolefermedesbois.ch\/wp-content\/uploads\/2022\/10\/wp-1665937983425537755072197438816-404x600.jpg?ssl=1\" data-amp-layout=\"responsive\"\/><\/figure><\/div><div class=\"tiled-gallery__col\" style=\"flex-basis:39.89743%\"><figure class=\"tiled-gallery__item\"><img decoding=\"async\" alt=\"\" data-height=\"750\" data-id=\"9304\" data-link=\"https:\/\/ecolefermedesbois.ch\/?attachment_id=9304\" data-url=\"https:\/\/ecolefermedesbois.ch\/wp-content\/uploads\/2022\/10\/wp-16659379831267454443245515141189-600x450.jpg\" data-width=\"1000\" src=\"https:\/\/i2.wp.com\/ecolefermedesbois.ch\/wp-content\/uploads\/2022\/10\/wp-16659379831267454443245515141189-600x450.jpg?ssl=1\" data-amp-layout=\"responsive\"\/><\/figure><\/div><\/div><div class=\"tiled-gallery__row\"><div class=\"tiled-gallery__col\" style=\"flex-basis:63.96477%\"><figure class=\"tiled-gallery__item\"><img decoding=\"async\" alt=\"\" data-height=\"750\" data-id=\"9303\" data-link=\"https:\/\/ecolefermedesbois.ch\/?attachment_id=9303\" data-url=\"https:\/\/ecolefermedesbois.ch\/wp-content\/uploads\/2022\/10\/wp-16659379829328084823191680571050-600x450.jpg\" data-width=\"1000\" src=\"https:\/\/i0.wp.com\/ecolefermedesbois.ch\/wp-content\/uploads\/2022\/10\/wp-16659379829328084823191680571050-600x450.jpg?ssl=1\" data-amp-layout=\"responsive\"\/><\/figure><\/div><div class=\"tiled-gallery__col\" style=\"flex-basis:36.03523%\"><figure class=\"tiled-gallery__item\"><img decoding=\"async\" alt=\"\" data-height=\"1000\" data-id=\"9302\" data-link=\"https:\/\/ecolefermedesbois.ch\/?attachment_id=9302\" data-url=\"https:\/\/ecolefermedesbois.ch\/wp-content\/uploads\/2022\/10\/wp-16659379828401966866677097015606-450x600.jpg\" data-width=\"750\" src=\"https:\/\/i0.wp.com\/ecolefermedesbois.ch\/wp-content\/uploads\/2022\/10\/wp-16659379828401966866677097015606-450x600.jpg?ssl=1\" data-amp-layout=\"responsive\"\/><\/figure><\/div><\/div><div class=\"tiled-gallery__row\"><div class=\"tiled-gallery__col\" style=\"flex-basis:31.96443%\"><figure class=\"tiled-gallery__item\"><img decoding=\"async\" alt=\"\" data-height=\"750\" data-id=\"9301\" data-link=\"https:\/\/ecolefermedesbois.ch\/?attachment_id=9301\" data-url=\"https:\/\/ecolefermedesbois.ch\/wp-content\/uploads\/2022\/10\/wp-16659379830233084304761042894874-600x450.jpg\" data-width=\"1000\" src=\"https:\/\/i0.wp.com\/ecolefermedesbois.ch\/wp-content\/uploads\/2022\/10\/wp-16659379830233084304761042894874-600x450.jpg?ssl=1\" data-amp-layout=\"responsive\"\/><\/figure><\/div><div class=\"tiled-gallery__col\" style=\"flex-basis:18.03557%\"><figure class=\"tiled-gallery__item\"><img decoding=\"async\" alt=\"\" data-height=\"1000\" data-id=\"9298\" data-link=\"https:\/\/ecolefermedesbois.ch\/?attachment_id=9298\" data-url=\"https:\/\/ecolefermedesbois.ch\/wp-content\/uploads\/2022\/10\/wp-16659379826589036990837838985441-450x600.jpg\" data-width=\"750\" src=\"https:\/\/i1.wp.com\/ecolefermedesbois.ch\/wp-content\/uploads\/2022\/10\/wp-16659379826589036990837838985441-450x600.jpg?ssl=1\" data-amp-layout=\"responsive\"\/><\/figure><\/div><div class=\"tiled-gallery__col\" style=\"flex-basis:31.96443%\"><figure class=\"tiled-gallery__item\"><img decoding=\"async\" alt=\"\" data-height=\"750\" data-id=\"9300\" data-link=\"https:\/\/ecolefermedesbois.ch\/?attachment_id=9300\" data-url=\"https:\/\/ecolefermedesbois.ch\/wp-content\/uploads\/2022\/10\/wp-16659379825045838465843569509706-600x450.jpg\" data-width=\"1000\" src=\"https:\/\/i2.wp.com\/ecolefermedesbois.ch\/wp-content\/uploads\/2022\/10\/wp-16659379825045838465843569509706-600x450.jpg?ssl=1\" data-amp-layout=\"responsive\"\/><\/figure><\/div><div class=\"tiled-gallery__col\" style=\"flex-basis:18.03557%\"><figure class=\"tiled-gallery__item\"><img decoding=\"async\" alt=\"\" data-height=\"1000\" data-id=\"9299\" data-link=\"https:\/\/ecolefermedesbois.ch\/?attachment_id=9299\" data-url=\"https:\/\/ecolefermedesbois.ch\/wp-content\/uploads\/2022\/10\/wp-16659379827581501212385001965721-450x600.jpg\" data-width=\"750\" src=\"https:\/\/i1.wp.com\/ecolefermedesbois.ch\/wp-content\/uploads\/2022\/10\/wp-16659379827581501212385001965721-450x600.jpg?ssl=1\" data-amp-layout=\"responsive\"\/><\/figure><\/div><\/div><\/div><\/div>\n","protected":false},"excerpt":{"rendered":"<p>La semaine pass\u00e9e, j&rsquo;ai accueilli sur deux matin\u00e9es des enfants de 2 ans et demi \u00e0 4 ans, pour d\u00e9couvrir&#46;&#46;&#46;<\/p>\n","protected":false},"author":2,"featured_media":9324,"comment_status":"open","ping_status":"open","sticky":false,"template":"","format":"standard","meta":{"jetpack_post_was_ever_published":false,"footnotes":"","jetpack_publicize_message":"","jetpack_publicize_feature_enabled":true,"jetpack_social_post_already_shared":true,"jetpack_social_options":{"image_generator_settings":{"template":"highway","default_image_id":0,"font":"","enabled":false},"version":2}},"categories":[33],"tags":[],"class_list":["post-9312","post","type-post","status-publish","format-standard","has-post-thumbnail","hentry","category-ecole"],"yoast_head":"<!-- This site is optimized with the Yoast SEO plugin v27.4 - https:\/\/yoast.com\/product\/yoast-seo-wordpress\/ -->\n<title>Des jeunes lutins d\u00e9couvrent le verger &#x1f34f; -<\/title>\n<meta name=\"robots\" content=\"index, follow, max-snippet:-1, max-image-preview:large, max-video-preview:-1\" \/>\n<link rel=\"canonical\" href=\"https:\/\/ecolefermedesbois.ch\/?p=9312\" \/>\n<meta property=\"og:locale\" content=\"fr_FR\" \/>\n<meta property=\"og:type\" content=\"article\" \/>\n<meta property=\"og:title\" content=\"Des jeunes lutins d\u00e9couvrent le verger &#x1f34f; -\" \/>\n<meta property=\"og:description\" content=\"La semaine pass\u00e9e, j&rsquo;ai accueilli sur deux matin\u00e9es des enfants de 2 ans et demi \u00e0 4 ans, pour d\u00e9couvrir&#046;&#046;&#046;\" \/>\n<meta property=\"og:url\" content=\"https:\/\/ecolefermedesbois.ch\/?p=9312\" \/>\n<meta property=\"article:publisher\" content=\"https:\/\/www.facebook.com\/ecolefermedesBois\" \/>\n<meta property=\"article:published_time\" content=\"2022-10-17T15:44:31+00:00\" \/>\n<meta property=\"article:modified_time\" content=\"2022-10-17T15:44:35+00:00\" \/>\n<meta property=\"og:image\" content=\"https:\/\/ecolefermedesbois.ch\/wp-content\/uploads\/2022\/10\/wp-16660213880448034880444240205438.png\" \/>\n\t<meta property=\"og:image:width\" content=\"1000\" \/>\n\t<meta property=\"og:image:height\" content=\"1000\" \/>\n\t<meta property=\"og:image:type\" content=\"image\/png\" \/>\n<meta name=\"author\" content=\"Sophie\" \/>\n<meta name=\"twitter:card\" content=\"summary_large_image\" \/>\n<meta name=\"twitter:label1\" content=\"\u00c9crit par\" \/>\n\t<meta name=\"twitter:data1\" content=\"Sophie\" \/>\n\t<meta name=\"twitter:label2\" content=\"Dur\u00e9e de lecture estim\u00e9e\" \/>\n\t<meta name=\"twitter:data2\" content=\"6 minutes\" \/>\n<script type=\"application\/ld+json\" class=\"yoast-schema-graph\">{\"@context\":\"https:\\\/\\\/schema.org\",\"@graph\":[{\"@type\":\"Article\",\"@id\":\"https:\\\/\\\/ecolefermedesbois.ch\\\/?p=9312#article\",\"isPartOf\":{\"@id\":\"https:\\\/\\\/ecolefermedesbois.ch\\\/?p=9312\"},\"author\":{\"name\":\"Sophie\",\"@id\":\"https:\\\/\\\/ecolefermedesbois.ch\\\/#\\\/schema\\\/person\\\/78f5a1c78e958e51240f90932d290908\"},\"headline\":\"Des jeunes lutins d\u00e9couvrent le verger &#x1f34f;\",\"datePublished\":\"2022-10-17T15:44:31+00:00\",\"dateModified\":\"2022-10-17T15:44:35+00:00\",\"mainEntityOfPage\":{\"@id\":\"https:\\\/\\\/ecolefermedesbois.ch\\\/?p=9312\"},\"wordCount\":350,\"commentCount\":0,\"publisher\":{\"@id\":\"https:\\\/\\\/ecolefermedesbois.ch\\\/#organization\"},\"image\":{\"@id\":\"https:\\\/\\\/ecolefermedesbois.ch\\\/?p=9312#primaryimage\"},\"thumbnailUrl\":\"https:\\\/\\\/i0.wp.com\\\/ecolefermedesbois.ch\\\/wp-content\\\/uploads\\\/2022\\\/10\\\/wp-16660213880448034880444240205438.png?fit=1000%2C1000&ssl=1\",\"articleSection\":[\"Ecole\"],\"inLanguage\":\"fr-FR\",\"potentialAction\":[{\"@type\":\"CommentAction\",\"name\":\"Comment\",\"target\":[\"https:\\\/\\\/ecolefermedesbois.ch\\\/?p=9312#respond\"]}]},{\"@type\":\"WebPage\",\"@id\":\"https:\\\/\\\/ecolefermedesbois.ch\\\/?p=9312\",\"url\":\"https:\\\/\\\/ecolefermedesbois.ch\\\/?p=9312\",\"name\":\"Des jeunes lutins d\u00e9couvrent le verger &#x1f34f; -\",\"isPartOf\":{\"@id\":\"https:\\\/\\\/ecolefermedesbois.ch\\\/#website\"},\"primaryImageOfPage\":{\"@id\":\"https:\\\/\\\/ecolefermedesbois.ch\\\/?p=9312#primaryimage\"},\"image\":{\"@id\":\"https:\\\/\\\/ecolefermedesbois.ch\\\/?p=9312#primaryimage\"},\"thumbnailUrl\":\"https:\\\/\\\/i0.wp.com\\\/ecolefermedesbois.ch\\\/wp-content\\\/uploads\\\/2022\\\/10\\\/wp-16660213880448034880444240205438.png?fit=1000%2C1000&ssl=1\",\"datePublished\":\"2022-10-17T15:44:31+00:00\",\"dateModified\":\"2022-10-17T15:44:35+00:00\",\"breadcrumb\":{\"@id\":\"https:\\\/\\\/ecolefermedesbois.ch\\\/?p=9312#breadcrumb\"},\"inLanguage\":\"fr-FR\",\"potentialAction\":[{\"@type\":\"ReadAction\",\"target\":[\"https:\\\/\\\/ecolefermedesbois.ch\\\/?p=9312\"]}]},{\"@type\":\"ImageObject\",\"inLanguage\":\"fr-FR\",\"@id\":\"https:\\\/\\\/ecolefermedesbois.ch\\\/?p=9312#primaryimage\",\"url\":\"https:\\\/\\\/i0.wp.com\\\/ecolefermedesbois.ch\\\/wp-content\\\/uploads\\\/2022\\\/10\\\/wp-16660213880448034880444240205438.png?fit=1000%2C1000&ssl=1\",\"contentUrl\":\"https:\\\/\\\/i0.wp.com\\\/ecolefermedesbois.ch\\\/wp-content\\\/uploads\\\/2022\\\/10\\\/wp-16660213880448034880444240205438.png?fit=1000%2C1000&ssl=1\",\"width\":1000,\"height\":1000},{\"@type\":\"BreadcrumbList\",\"@id\":\"https:\\\/\\\/ecolefermedesbois.ch\\\/?p=9312#breadcrumb\",\"itemListElement\":[{\"@type\":\"ListItem\",\"position\":1,\"name\":\"Accueil\",\"item\":\"https:\\\/\\\/ecolefermedesbois.ch\\\/\"},{\"@type\":\"ListItem\",\"position\":2,\"name\":\"Des jeunes lutins d\u00e9couvrent le verger &#x1f34f;\"}]},{\"@type\":\"WebSite\",\"@id\":\"https:\\\/\\\/ecolefermedesbois.ch\\\/#website\",\"url\":\"https:\\\/\\\/ecolefermedesbois.ch\\\/\",\"name\":\"ecolefermedesbois\",\"description\":\"\",\"publisher\":{\"@id\":\"https:\\\/\\\/ecolefermedesbois.ch\\\/#organization\"},\"potentialAction\":[{\"@type\":\"SearchAction\",\"target\":{\"@type\":\"EntryPoint\",\"urlTemplate\":\"https:\\\/\\\/ecolefermedesbois.ch\\\/?s={search_term_string}\"},\"query-input\":{\"@type\":\"PropertyValueSpecification\",\"valueRequired\":true,\"valueName\":\"search_term_string\"}}],\"inLanguage\":\"fr-FR\"},{\"@type\":\"Organization\",\"@id\":\"https:\\\/\\\/ecolefermedesbois.ch\\\/#organization\",\"name\":\"Ecole \u00e0 la Ferme des Bois\",\"url\":\"https:\\\/\\\/ecolefermedesbois.ch\\\/\",\"logo\":{\"@type\":\"ImageObject\",\"inLanguage\":\"fr-FR\",\"@id\":\"https:\\\/\\\/ecolefermedesbois.ch\\\/#\\\/schema\\\/logo\\\/image\\\/\",\"url\":\"https:\\\/\\\/ecolefermedesbois.ch\\\/wp-content\\\/uploads\\\/2019\\\/04\\\/logo-scaled.gif\",\"contentUrl\":\"https:\\\/\\\/ecolefermedesbois.ch\\\/wp-content\\\/uploads\\\/2019\\\/04\\\/logo-scaled.gif\",\"width\":2560,\"height\":608,\"caption\":\"Ecole \u00e0 la Ferme des Bois\"},\"image\":{\"@id\":\"https:\\\/\\\/ecolefermedesbois.ch\\\/#\\\/schema\\\/logo\\\/image\\\/\"},\"sameAs\":[\"https:\\\/\\\/www.facebook.com\\\/ecolefermedesBois\"]},{\"@type\":\"Person\",\"@id\":\"https:\\\/\\\/ecolefermedesbois.ch\\\/#\\\/schema\\\/person\\\/78f5a1c78e958e51240f90932d290908\",\"name\":\"Sophie\",\"image\":{\"@type\":\"ImageObject\",\"inLanguage\":\"fr-FR\",\"@id\":\"https:\\\/\\\/secure.gravatar.com\\\/avatar\\\/053fbaec50cb27b03b880a4b8b018009aa3af995f32011efc3f40a589371d46f?s=96&d=mm&r=g\",\"url\":\"https:\\\/\\\/secure.gravatar.com\\\/avatar\\\/053fbaec50cb27b03b880a4b8b018009aa3af995f32011efc3f40a589371d46f?s=96&d=mm&r=g\",\"contentUrl\":\"https:\\\/\\\/secure.gravatar.com\\\/avatar\\\/053fbaec50cb27b03b880a4b8b018009aa3af995f32011efc3f40a589371d46f?s=96&d=mm&r=g\",\"caption\":\"Sophie\"},\"url\":\"https:\\\/\\\/ecolefermedesbois.ch\\\/?author=2\"}]}<\/script>\n<!-- \/ Yoast SEO plugin. -->","yoast_head_json":{"title":"Des jeunes lutins d\u00e9couvrent le verger &#x1f34f; -","robots":{"index":"index","follow":"follow","max-snippet":"max-snippet:-1","max-image-preview":"max-image-preview:large","max-video-preview":"max-video-preview:-1"},"canonical":"https:\/\/ecolefermedesbois.ch\/?p=9312","og_locale":"fr_FR","og_type":"article","og_title":"Des jeunes lutins d\u00e9couvrent le verger &#x1f34f; -","og_description":"La semaine pass\u00e9e, j&rsquo;ai accueilli sur deux matin\u00e9es des enfants de 2 ans et demi \u00e0 4 ans, pour d\u00e9couvrir&#46;&#46;&#46;","og_url":"https:\/\/ecolefermedesbois.ch\/?p=9312","article_publisher":"https:\/\/www.facebook.com\/ecolefermedesBois","article_published_time":"2022-10-17T15:44:31+00:00","article_modified_time":"2022-10-17T15:44:35+00:00","og_image":[{"width":1000,"height":1000,"url":"https:\/\/ecolefermedesbois.ch\/wp-content\/uploads\/2022\/10\/wp-16660213880448034880444240205438.png","type":"image\/png"}],"author":"Sophie","twitter_card":"summary_large_image","twitter_misc":{"\u00c9crit par":"Sophie","Dur\u00e9e de lecture estim\u00e9e":"6 minutes"},"schema":{"@context":"https:\/\/schema.org","@graph":[{"@type":"Article","@id":"https:\/\/ecolefermedesbois.ch\/?p=9312#article","isPartOf":{"@id":"https:\/\/ecolefermedesbois.ch\/?p=9312"},"author":{"name":"Sophie","@id":"https:\/\/ecolefermedesbois.ch\/#\/schema\/person\/78f5a1c78e958e51240f90932d290908"},"headline":"Des jeunes lutins d\u00e9couvrent le verger &#x1f34f;","datePublished":"2022-10-17T15:44:31+00:00","dateModified":"2022-10-17T15:44:35+00:00","mainEntityOfPage":{"@id":"https:\/\/ecolefermedesbois.ch\/?p=9312"},"wordCount":350,"commentCount":0,"publisher":{"@id":"https:\/\/ecolefermedesbois.ch\/#organization"},"image":{"@id":"https:\/\/ecolefermedesbois.ch\/?p=9312#primaryimage"},"thumbnailUrl":"https:\/\/i0.wp.com\/ecolefermedesbois.ch\/wp-content\/uploads\/2022\/10\/wp-16660213880448034880444240205438.png?fit=1000%2C1000&ssl=1","articleSection":["Ecole"],"inLanguage":"fr-FR","potentialAction":[{"@type":"CommentAction","name":"Comment","target":["https:\/\/ecolefermedesbois.ch\/?p=9312#respond"]}]},{"@type":"WebPage","@id":"https:\/\/ecolefermedesbois.ch\/?p=9312","url":"https:\/\/ecolefermedesbois.ch\/?p=9312","name":"Des jeunes lutins d\u00e9couvrent le verger &#x1f34f; -","isPartOf":{"@id":"https:\/\/ecolefermedesbois.ch\/#website"},"primaryImageOfPage":{"@id":"https:\/\/ecolefermedesbois.ch\/?p=9312#primaryimage"},"image":{"@id":"https:\/\/ecolefermedesbois.ch\/?p=9312#primaryimage"},"thumbnailUrl":"https:\/\/i0.wp.com\/ecolefermedesbois.ch\/wp-content\/uploads\/2022\/10\/wp-16660213880448034880444240205438.png?fit=1000%2C1000&ssl=1","datePublished":"2022-10-17T15:44:31+00:00","dateModified":"2022-10-17T15:44:35+00:00","breadcrumb":{"@id":"https:\/\/ecolefermedesbois.ch\/?p=9312#breadcrumb"},"inLanguage":"fr-FR","potentialAction":[{"@type":"ReadAction","target":["https:\/\/ecolefermedesbois.ch\/?p=9312"]}]},{"@type":"ImageObject","inLanguage":"fr-FR","@id":"https:\/\/ecolefermedesbois.ch\/?p=9312#primaryimage","url":"https:\/\/i0.wp.com\/ecolefermedesbois.ch\/wp-content\/uploads\/2022\/10\/wp-16660213880448034880444240205438.png?fit=1000%2C1000&ssl=1","contentUrl":"https:\/\/i0.wp.com\/ecolefermedesbois.ch\/wp-content\/uploads\/2022\/10\/wp-16660213880448034880444240205438.png?fit=1000%2C1000&ssl=1","width":1000,"height":1000},{"@type":"BreadcrumbList","@id":"https:\/\/ecolefermedesbois.ch\/?p=9312#breadcrumb","itemListElement":[{"@type":"ListItem","position":1,"name":"Accueil","item":"https:\/\/ecolefermedesbois.ch\/"},{"@type":"ListItem","position":2,"name":"Des jeunes lutins d\u00e9couvrent le verger &#x1f34f;"}]},{"@type":"WebSite","@id":"https:\/\/ecolefermedesbois.ch\/#website","url":"https:\/\/ecolefermedesbois.ch\/","name":"ecolefermedesbois","description":"","publisher":{"@id":"https:\/\/ecolefermedesbois.ch\/#organization"},"potentialAction":[{"@type":"SearchAction","target":{"@type":"EntryPoint","urlTemplate":"https:\/\/ecolefermedesbois.ch\/?s={search_term_string}"},"query-input":{"@type":"PropertyValueSpecification","valueRequired":true,"valueName":"search_term_string"}}],"inLanguage":"fr-FR"},{"@type":"Organization","@id":"https:\/\/ecolefermedesbois.ch\/#organization","name":"Ecole \u00e0 la Ferme des Bois","url":"https:\/\/ecolefermedesbois.ch\/","logo":{"@type":"ImageObject","inLanguage":"fr-FR","@id":"https:\/\/ecolefermedesbois.ch\/#\/schema\/logo\/image\/","url":"https:\/\/ecolefermedesbois.ch\/wp-content\/uploads\/2019\/04\/logo-scaled.gif","contentUrl":"https:\/\/ecolefermedesbois.ch\/wp-content\/uploads\/2019\/04\/logo-scaled.gif","width":2560,"height":608,"caption":"Ecole \u00e0 la Ferme des Bois"},"image":{"@id":"https:\/\/ecolefermedesbois.ch\/#\/schema\/logo\/image\/"},"sameAs":["https:\/\/www.facebook.com\/ecolefermedesBois"]},{"@type":"Person","@id":"https:\/\/ecolefermedesbois.ch\/#\/schema\/person\/78f5a1c78e958e51240f90932d290908","name":"Sophie","image":{"@type":"ImageObject","inLanguage":"fr-FR","@id":"https:\/\/secure.gravatar.com\/avatar\/053fbaec50cb27b03b880a4b8b018009aa3af995f32011efc3f40a589371d46f?s=96&d=mm&r=g","url":"https:\/\/secure.gravatar.com\/avatar\/053fbaec50cb27b03b880a4b8b018009aa3af995f32011efc3f40a589371d46f?s=96&d=mm&r=g","contentUrl":"https:\/\/secure.gravatar.com\/avatar\/053fbaec50cb27b03b880a4b8b018009aa3af995f32011efc3f40a589371d46f?s=96&d=mm&r=g","caption":"Sophie"},"url":"https:\/\/ecolefermedesbois.ch\/?author=2"}]}},"jetpack_publicize_connections":[],"jetpack_featured_media_url":"https:\/\/i0.wp.com\/ecolefermedesbois.ch\/wp-content\/uploads\/2022\/10\/wp-16660213880448034880444240205438.png?fit=1000%2C1000&ssl=1","jetpack_sharing_enabled":true,"_links":{"self":[{"href":"https:\/\/ecolefermedesbois.ch\/index.php?rest_route=\/wp\/v2\/posts\/9312","targetHints":{"allow":["GET"]}}],"collection":[{"href":"https:\/\/ecolefermedesbois.ch\/index.php?rest_route=\/wp\/v2\/posts"}],"about":[{"href":"https:\/\/ecolefermedesbois.ch\/index.php?rest_route=\/wp\/v2\/types\/post"}],"author":[{"embeddable":true,"href":"https:\/\/ecolefermedesbois.ch\/index.php?rest_route=\/wp\/v2\/users\/2"}],"replies":[{"embeddable":true,"href":"https:\/\/ecolefermedesbois.ch\/index.php?rest_route=%2Fwp%2Fv2%2Fcomments&post=9312"}],"version-history":[{"count":1,"href":"https:\/\/ecolefermedesbois.ch\/index.php?rest_route=\/wp\/v2\/posts\/9312\/revisions"}],"predecessor-version":[{"id":9325,"href":"https:\/\/ecolefermedesbois.ch\/index.php?rest_route=\/wp\/v2\/posts\/9312\/revisions\/9325"}],"wp:featuredmedia":[{"embeddable":true,"href":"https:\/\/ecolefermedesbois.ch\/index.php?rest_route=\/wp\/v2\/media\/9324"}],"wp:attachment":[{"href":"https:\/\/ecolefermedesbois.ch\/index.php?rest_route=%2Fwp%2Fv2%2Fmedia&parent=9312"}],"wp:term":[{"taxonomy":"category","embeddable":true,"href":"https:\/\/ecolefermedesbois.ch\/index.php?rest_route=%2Fwp%2Fv2%2Fcategories&post=9312"},{"taxonomy":"post_tag","embeddable":true,"href":"https:\/\/ecolefermedesbois.ch\/index.php?rest_route=%2Fwp%2Fv2%2Ftags&post=9312"}],"curies":[{"name":"wp","href":"https:\/\/api.w.org\/{rel}","templated":true}]}}