{"id":9208,"date":"2022-10-02T21:19:44","date_gmt":"2022-10-02T19:19:44","guid":{"rendered":"https:\/\/ecolefermedesbois.ch\/?p=9208"},"modified":"2022-10-10T08:08:35","modified_gmt":"2022-10-10T06:08:35","slug":"3-classes-decouvrent-le-verger-en-automne-%f0%9f%8d%8f","status":"publish","type":"post","link":"https:\/\/ecolefermedesbois.ch\/?p=9208","title":{"rendered":"3 classes d\u00e9couvrent le verger en automne &#x1f34f;"},"content":{"rendered":"<div class=\"pdfprnt-buttons pdfprnt-buttons-post pdfprnt-top-right\"><a href=\"https:\/\/ecolefermedesbois.ch\/index.php?rest_route=%2Fwp%2Fv2%2Fposts%2F9208&print=pdf\" class=\"pdfprnt-button pdfprnt-button-pdf\" target=\"_blank\" ><img data-recalc-dims=\"1\" decoding=\"async\" src=\"https:\/\/i0.wp.com\/ecolefermedesbois.ch\/wp-content\/plugins\/pdf-print\/images\/pdf.png?w=720&#038;ssl=1\" alt=\"image_pdf\" title=\"Afficher le PDF\" \/><\/a><a href=\"https:\/\/ecolefermedesbois.ch\/index.php?rest_route=%2Fwp%2Fv2%2Fposts%2F9208&print=print\" class=\"pdfprnt-button pdfprnt-button-print\" target=\"_blank\" ><img data-recalc-dims=\"1\" decoding=\"async\" src=\"https:\/\/i0.wp.com\/ecolefermedesbois.ch\/wp-content\/plugins\/pdf-print\/images\/print.png?w=720&#038;ssl=1\" alt=\"image_print\" title=\"Contenu imprim\u00e9\" \/><\/a><\/div>\n<p>Durant cette semaine, 3 classes sont venues passer une matin\u00e9e sur le th\u00e8me du verger en automne. Les classes de Dylane Sagols et M\u00e9lanie Savoy d&rsquo;Oron et la classe de Floriane Yersin de Cully.<\/p>\n\n\n\n<p>Pour commencer, les \u00e9l\u00e8ves ont r\u00e9colt\u00e9 des pommes pour faire des tartelettes qui ont \u00e9t\u00e9 d\u00e9gust\u00e9es soit \u00e0 la r\u00e9cr\u00e9 ou pour le dessert &#x1f368; <\/p>\n\n\n\n<p>Ensuite nous faisons 2 groupes. Un groupe a parl\u00e9 des arbres et de leurs besoins, en salle, par jeu imag\u00e9 pendant que l&rsquo;autre groupe a recherch\u00e9 les arbres fruitiers au verger, parfois sous la pluie &#x2614;&#xfe0f;, en d\u00e9couvrant ce qu&rsquo;ils produisent et comment les manger &#x1f967;. Puis nous avons \u00e9chang\u00e9 les groupes.<\/p>\n\n\n\n<p>Nous avons parl\u00e9 de la pomme et de son cycle de vie &#x1f34e;. Avec des images, les \u00e9l\u00e8ves ont remis dans l&rsquo;ordre celles-ci pour comprendre ce qui doit se passer pour qu&rsquo;un arbre pousse et produise des fruits. <\/p>\n\n\n\n<p>A l&rsquo;aide de jeux et de peluches &#x1f60d; nous avons abord\u00e9 le sujet d&rsquo;o\u00f9 poussent certains fruits et s&rsquo;ils sont indig\u00e8nes ou pas. &#x1f34e;&#x1f34a;&#x1f34d;&#x1f34c;&#x1f353;&#x1fad0;&#x1f350;<\/p>\n\n\n\n<p>Voil\u00e0, les matin\u00e9es touchent d\u00e9j\u00e0 \u00e0 leur fin.<\/p>\n\n\n\n<p>Merci les enfants pour vos questions et votre int\u00e9r\u00eat ! Nous avons pass\u00e9 de beaux moment en votre compagnie ! &#x1f49d;<\/p>\n\n\n\n<p>Merci Dylane et Gabi, M\u00e9lanie et Carole, Floriane et ses parents Pascale et Jean-Marc d&rsquo;\u00eatre venus avec vos \u00e9l\u00e8ves chez nous, nous permettre de vivre ces beaux moments de partage. &#x1f33a;<\/p>\n\n\n\n<p>A bient\u00f4t &#x1f917; <\/p>\n\n\n\n<p>Sophie, Floriane, Emilie et Soraya<\/p>\n\n\n\n<figure class=\"wp-block-gallery has-nested-images columns-default is-cropped wp-block-gallery-1 is-layout-flex wp-block-gallery-is-layout-flex\">\n<figure class=\"wp-block-image\"><img data-recalc-dims=\"1\" fetchpriority=\"high\" decoding=\"async\" width=\"563\" height=\"1000\" data-id=\"9206\" src=\"https:\/\/i0.wp.com\/ecolefermedesbois.ch\/wp-content\/uploads\/2022\/10\/wp-16647363026196007316757528806088.jpg?resize=563%2C1000&#038;ssl=1\" alt=\"\" class=\"wp-image-9206\" srcset=\"https:\/\/i0.wp.com\/ecolefermedesbois.ch\/wp-content\/uploads\/2022\/10\/wp-16647363026196007316757528806088.jpg?w=563&amp;ssl=1 563w, https:\/\/i0.wp.com\/ecolefermedesbois.ch\/wp-content\/uploads\/2022\/10\/wp-16647363026196007316757528806088.jpg?resize=169%2C300&amp;ssl=1 169w, https:\/\/i0.wp.com\/ecolefermedesbois.ch\/wp-content\/uploads\/2022\/10\/wp-16647363026196007316757528806088.jpg?resize=338%2C600&amp;ssl=1 338w\" sizes=\"(max-width: 563px) 100vw, 563px\" \/><\/figure>\n\n\n\n<figure class=\"wp-block-image\"><img data-recalc-dims=\"1\" decoding=\"async\" width=\"720\" height=\"540\" data-id=\"9205\" src=\"https:\/\/i0.wp.com\/ecolefermedesbois.ch\/wp-content\/uploads\/2022\/10\/wp-16647363023166582573152423146469.jpg?resize=720%2C540&#038;ssl=1\" alt=\"\" class=\"wp-image-9205\" srcset=\"https:\/\/i0.wp.com\/ecolefermedesbois.ch\/wp-content\/uploads\/2022\/10\/wp-16647363023166582573152423146469.jpg?w=1000&amp;ssl=1 1000w, https:\/\/i0.wp.com\/ecolefermedesbois.ch\/wp-content\/uploads\/2022\/10\/wp-16647363023166582573152423146469.jpg?resize=300%2C225&amp;ssl=1 300w, https:\/\/i0.wp.com\/ecolefermedesbois.ch\/wp-content\/uploads\/2022\/10\/wp-16647363023166582573152423146469.jpg?resize=600%2C450&amp;ssl=1 600w, https:\/\/i0.wp.com\/ecolefermedesbois.ch\/wp-content\/uploads\/2022\/10\/wp-16647363023166582573152423146469.jpg?resize=768%2C576&amp;ssl=1 768w\" sizes=\"(max-width: 720px) 100vw, 720px\" \/><\/figure>\n\n\n\n<figure class=\"wp-block-image\"><img data-recalc-dims=\"1\" decoding=\"async\" width=\"720\" height=\"540\" data-id=\"9204\" src=\"https:\/\/i0.wp.com\/ecolefermedesbois.ch\/wp-content\/uploads\/2022\/10\/wp-16647363024625931346421575333042.jpg?resize=720%2C540&#038;ssl=1\" alt=\"\" class=\"wp-image-9204\" srcset=\"https:\/\/i0.wp.com\/ecolefermedesbois.ch\/wp-content\/uploads\/2022\/10\/wp-16647363024625931346421575333042.jpg?w=1000&amp;ssl=1 1000w, https:\/\/i0.wp.com\/ecolefermedesbois.ch\/wp-content\/uploads\/2022\/10\/wp-16647363024625931346421575333042.jpg?resize=300%2C225&amp;ssl=1 300w, https:\/\/i0.wp.com\/ecolefermedesbois.ch\/wp-content\/uploads\/2022\/10\/wp-16647363024625931346421575333042.jpg?resize=600%2C450&amp;ssl=1 600w, https:\/\/i0.wp.com\/ecolefermedesbois.ch\/wp-content\/uploads\/2022\/10\/wp-16647363024625931346421575333042.jpg?resize=768%2C576&amp;ssl=1 768w\" sizes=\"(max-width: 720px) 100vw, 720px\" \/><\/figure>\n\n\n\n<figure class=\"wp-block-image\"><img data-recalc-dims=\"1\" loading=\"lazy\" decoding=\"async\" width=\"563\" height=\"1000\" data-id=\"9203\" src=\"https:\/\/i0.wp.com\/ecolefermedesbois.ch\/wp-content\/uploads\/2022\/10\/wp-1664736302281643870124688765541.jpg?resize=563%2C1000&#038;ssl=1\" alt=\"\" class=\"wp-image-9203\" srcset=\"https:\/\/i0.wp.com\/ecolefermedesbois.ch\/wp-content\/uploads\/2022\/10\/wp-1664736302281643870124688765541.jpg?w=563&amp;ssl=1 563w, https:\/\/i0.wp.com\/ecolefermedesbois.ch\/wp-content\/uploads\/2022\/10\/wp-1664736302281643870124688765541.jpg?resize=169%2C300&amp;ssl=1 169w, https:\/\/i0.wp.com\/ecolefermedesbois.ch\/wp-content\/uploads\/2022\/10\/wp-1664736302281643870124688765541.jpg?resize=338%2C600&amp;ssl=1 338w\" sizes=\"(max-width: 563px) 100vw, 563px\" \/><\/figure>\n\n\n\n<figure class=\"wp-block-image\"><img data-recalc-dims=\"1\" loading=\"lazy\" decoding=\"async\" width=\"720\" height=\"540\" data-id=\"9201\" src=\"https:\/\/i0.wp.com\/ecolefermedesbois.ch\/wp-content\/uploads\/2022\/10\/wp-16647363017142103652466084054770.jpg?resize=720%2C540&#038;ssl=1\" alt=\"\" class=\"wp-image-9201\" srcset=\"https:\/\/i0.wp.com\/ecolefermedesbois.ch\/wp-content\/uploads\/2022\/10\/wp-16647363017142103652466084054770.jpg?w=1000&amp;ssl=1 1000w, https:\/\/i0.wp.com\/ecolefermedesbois.ch\/wp-content\/uploads\/2022\/10\/wp-16647363017142103652466084054770.jpg?resize=300%2C225&amp;ssl=1 300w, https:\/\/i0.wp.com\/ecolefermedesbois.ch\/wp-content\/uploads\/2022\/10\/wp-16647363017142103652466084054770.jpg?resize=600%2C450&amp;ssl=1 600w, https:\/\/i0.wp.com\/ecolefermedesbois.ch\/wp-content\/uploads\/2022\/10\/wp-16647363017142103652466084054770.jpg?resize=768%2C576&amp;ssl=1 768w\" sizes=\"(max-width: 720px) 100vw, 720px\" \/><\/figure>\n\n\n\n<figure class=\"wp-block-image\"><img data-recalc-dims=\"1\" loading=\"lazy\" decoding=\"async\" width=\"720\" height=\"960\" data-id=\"9202\" src=\"https:\/\/i0.wp.com\/ecolefermedesbois.ch\/wp-content\/uploads\/2022\/10\/wp-16647363021405425796462090092905.jpg?resize=720%2C960&#038;ssl=1\" alt=\"\" class=\"wp-image-9202\" srcset=\"https:\/\/i0.wp.com\/ecolefermedesbois.ch\/wp-content\/uploads\/2022\/10\/wp-16647363021405425796462090092905.jpg?w=750&amp;ssl=1 750w, https:\/\/i0.wp.com\/ecolefermedesbois.ch\/wp-content\/uploads\/2022\/10\/wp-16647363021405425796462090092905.jpg?resize=225%2C300&amp;ssl=1 225w, https:\/\/i0.wp.com\/ecolefermedesbois.ch\/wp-content\/uploads\/2022\/10\/wp-16647363021405425796462090092905.jpg?resize=450%2C600&amp;ssl=1 450w\" sizes=\"(max-width: 720px) 100vw, 720px\" \/><\/figure>\n\n\n\n<figure class=\"wp-block-image\"><img data-recalc-dims=\"1\" loading=\"lazy\" decoding=\"async\" width=\"720\" height=\"960\" data-id=\"9199\" src=\"https:\/\/i0.wp.com\/ecolefermedesbois.ch\/wp-content\/uploads\/2022\/10\/wp-16647363020222170530053852893572.jpg?resize=720%2C960&#038;ssl=1\" alt=\"\" class=\"wp-image-9199\" srcset=\"https:\/\/i0.wp.com\/ecolefermedesbois.ch\/wp-content\/uploads\/2022\/10\/wp-16647363020222170530053852893572.jpg?w=750&amp;ssl=1 750w, https:\/\/i0.wp.com\/ecolefermedesbois.ch\/wp-content\/uploads\/2022\/10\/wp-16647363020222170530053852893572.jpg?resize=225%2C300&amp;ssl=1 225w, https:\/\/i0.wp.com\/ecolefermedesbois.ch\/wp-content\/uploads\/2022\/10\/wp-16647363020222170530053852893572.jpg?resize=450%2C600&amp;ssl=1 450w\" sizes=\"(max-width: 720px) 100vw, 720px\" \/><\/figure>\n\n\n\n<figure class=\"wp-block-image\"><img data-recalc-dims=\"1\" loading=\"lazy\" decoding=\"async\" width=\"720\" height=\"540\" data-id=\"9200\" src=\"https:\/\/i0.wp.com\/ecolefermedesbois.ch\/wp-content\/uploads\/2022\/10\/wp-1664736301869824304565778384545.jpg?resize=720%2C540&#038;ssl=1\" alt=\"\" class=\"wp-image-9200\" srcset=\"https:\/\/i0.wp.com\/ecolefermedesbois.ch\/wp-content\/uploads\/2022\/10\/wp-1664736301869824304565778384545.jpg?w=1000&amp;ssl=1 1000w, https:\/\/i0.wp.com\/ecolefermedesbois.ch\/wp-content\/uploads\/2022\/10\/wp-1664736301869824304565778384545.jpg?resize=300%2C225&amp;ssl=1 300w, https:\/\/i0.wp.com\/ecolefermedesbois.ch\/wp-content\/uploads\/2022\/10\/wp-1664736301869824304565778384545.jpg?resize=600%2C450&amp;ssl=1 600w, https:\/\/i0.wp.com\/ecolefermedesbois.ch\/wp-content\/uploads\/2022\/10\/wp-1664736301869824304565778384545.jpg?resize=768%2C576&amp;ssl=1 768w\" sizes=\"(max-width: 720px) 100vw, 720px\" \/><\/figure>\n\n\n\n<figure class=\"wp-block-image\"><img data-recalc-dims=\"1\" loading=\"lazy\" decoding=\"async\" width=\"720\" height=\"540\" data-id=\"9198\" src=\"https:\/\/i0.wp.com\/ecolefermedesbois.ch\/wp-content\/uploads\/2022\/10\/wp-16647363016187694803904933043028.jpg?resize=720%2C540&#038;ssl=1\" alt=\"\" class=\"wp-image-9198\" srcset=\"https:\/\/i0.wp.com\/ecolefermedesbois.ch\/wp-content\/uploads\/2022\/10\/wp-16647363016187694803904933043028.jpg?w=1000&amp;ssl=1 1000w, https:\/\/i0.wp.com\/ecolefermedesbois.ch\/wp-content\/uploads\/2022\/10\/wp-16647363016187694803904933043028.jpg?resize=300%2C225&amp;ssl=1 300w, https:\/\/i0.wp.com\/ecolefermedesbois.ch\/wp-content\/uploads\/2022\/10\/wp-16647363016187694803904933043028.jpg?resize=600%2C450&amp;ssl=1 600w, https:\/\/i0.wp.com\/ecolefermedesbois.ch\/wp-content\/uploads\/2022\/10\/wp-16647363016187694803904933043028.jpg?resize=768%2C576&amp;ssl=1 768w\" sizes=\"(max-width: 720px) 100vw, 720px\" \/><\/figure>\n\n\n\n<figure class=\"wp-block-image\"><img data-recalc-dims=\"1\" loading=\"lazy\" decoding=\"async\" width=\"720\" height=\"708\" data-id=\"9196\" src=\"https:\/\/i0.wp.com\/ecolefermedesbois.ch\/wp-content\/uploads\/2022\/10\/wp-16647359070632385227462262938414.jpg?resize=720%2C708&#038;ssl=1\" alt=\"\" class=\"wp-image-9196\" srcset=\"https:\/\/i0.wp.com\/ecolefermedesbois.ch\/wp-content\/uploads\/2022\/10\/wp-16647359070632385227462262938414.jpg?w=1000&amp;ssl=1 1000w, https:\/\/i0.wp.com\/ecolefermedesbois.ch\/wp-content\/uploads\/2022\/10\/wp-16647359070632385227462262938414.jpg?resize=300%2C295&amp;ssl=1 300w, https:\/\/i0.wp.com\/ecolefermedesbois.ch\/wp-content\/uploads\/2022\/10\/wp-16647359070632385227462262938414.jpg?resize=600%2C590&amp;ssl=1 600w, https:\/\/i0.wp.com\/ecolefermedesbois.ch\/wp-content\/uploads\/2022\/10\/wp-16647359070632385227462262938414.jpg?resize=768%2C756&amp;ssl=1 768w\" sizes=\"(max-width: 720px) 100vw, 720px\" \/><\/figure>\n\n\n\n<figure class=\"wp-block-image\"><img data-recalc-dims=\"1\" loading=\"lazy\" decoding=\"async\" width=\"720\" height=\"540\" data-id=\"9197\" src=\"https:\/\/i0.wp.com\/ecolefermedesbois.ch\/wp-content\/uploads\/2022\/10\/wp-16647359071508802159818578871650.jpg?resize=720%2C540&#038;ssl=1\" alt=\"\" class=\"wp-image-9197\" srcset=\"https:\/\/i0.wp.com\/ecolefermedesbois.ch\/wp-content\/uploads\/2022\/10\/wp-16647359071508802159818578871650.jpg?w=1000&amp;ssl=1 1000w, https:\/\/i0.wp.com\/ecolefermedesbois.ch\/wp-content\/uploads\/2022\/10\/wp-16647359071508802159818578871650.jpg?resize=300%2C225&amp;ssl=1 300w, https:\/\/i0.wp.com\/ecolefermedesbois.ch\/wp-content\/uploads\/2022\/10\/wp-16647359071508802159818578871650.jpg?resize=600%2C450&amp;ssl=1 600w, https:\/\/i0.wp.com\/ecolefermedesbois.ch\/wp-content\/uploads\/2022\/10\/wp-16647359071508802159818578871650.jpg?resize=768%2C576&amp;ssl=1 768w\" sizes=\"(max-width: 720px) 100vw, 720px\" \/><\/figure>\n\n\n\n<figure class=\"wp-block-image\"><img data-recalc-dims=\"1\" loading=\"lazy\" decoding=\"async\" width=\"720\" height=\"579\" data-id=\"9195\" src=\"https:\/\/i0.wp.com\/ecolefermedesbois.ch\/wp-content\/uploads\/2022\/10\/wp-16647359069704709550952435183381.jpg?resize=720%2C579&#038;ssl=1\" alt=\"\" class=\"wp-image-9195\" srcset=\"https:\/\/i0.wp.com\/ecolefermedesbois.ch\/wp-content\/uploads\/2022\/10\/wp-16647359069704709550952435183381.jpg?w=1000&amp;ssl=1 1000w, https:\/\/i0.wp.com\/ecolefermedesbois.ch\/wp-content\/uploads\/2022\/10\/wp-16647359069704709550952435183381.jpg?resize=300%2C241&amp;ssl=1 300w, https:\/\/i0.wp.com\/ecolefermedesbois.ch\/wp-content\/uploads\/2022\/10\/wp-16647359069704709550952435183381.jpg?resize=600%2C482&amp;ssl=1 600w, https:\/\/i0.wp.com\/ecolefermedesbois.ch\/wp-content\/uploads\/2022\/10\/wp-16647359069704709550952435183381.jpg?resize=768%2C617&amp;ssl=1 768w\" sizes=\"(max-width: 720px) 100vw, 720px\" \/><\/figure>\n\n\n\n<figure class=\"wp-block-image\"><img data-recalc-dims=\"1\" loading=\"lazy\" decoding=\"async\" width=\"720\" height=\"960\" data-id=\"9189\" src=\"https:\/\/i0.wp.com\/ecolefermedesbois.ch\/wp-content\/uploads\/2022\/10\/wp-16647359065536284489499482305765.jpg?resize=720%2C960&#038;ssl=1\" alt=\"\" class=\"wp-image-9189\" srcset=\"https:\/\/i0.wp.com\/ecolefermedesbois.ch\/wp-content\/uploads\/2022\/10\/wp-16647359065536284489499482305765.jpg?w=750&amp;ssl=1 750w, https:\/\/i0.wp.com\/ecolefermedesbois.ch\/wp-content\/uploads\/2022\/10\/wp-16647359065536284489499482305765.jpg?resize=225%2C300&amp;ssl=1 225w, https:\/\/i0.wp.com\/ecolefermedesbois.ch\/wp-content\/uploads\/2022\/10\/wp-16647359065536284489499482305765.jpg?resize=450%2C600&amp;ssl=1 450w\" sizes=\"(max-width: 720px) 100vw, 720px\" \/><\/figure>\n\n\n\n<figure class=\"wp-block-image\"><img data-recalc-dims=\"1\" loading=\"lazy\" decoding=\"async\" width=\"720\" height=\"960\" data-id=\"9193\" src=\"https:\/\/i0.wp.com\/ecolefermedesbois.ch\/wp-content\/uploads\/2022\/10\/wp-16647359066134348401215320747012.jpg?resize=720%2C960&#038;ssl=1\" alt=\"\" class=\"wp-image-9193\" srcset=\"https:\/\/i0.wp.com\/ecolefermedesbois.ch\/wp-content\/uploads\/2022\/10\/wp-16647359066134348401215320747012.jpg?w=750&amp;ssl=1 750w, https:\/\/i0.wp.com\/ecolefermedesbois.ch\/wp-content\/uploads\/2022\/10\/wp-16647359066134348401215320747012.jpg?resize=225%2C300&amp;ssl=1 225w, https:\/\/i0.wp.com\/ecolefermedesbois.ch\/wp-content\/uploads\/2022\/10\/wp-16647359066134348401215320747012.jpg?resize=450%2C600&amp;ssl=1 450w\" sizes=\"(max-width: 720px) 100vw, 720px\" \/><\/figure>\n\n\n\n<figure class=\"wp-block-image\"><img data-recalc-dims=\"1\" loading=\"lazy\" decoding=\"async\" width=\"720\" height=\"960\" data-id=\"9194\" src=\"https:\/\/i0.wp.com\/ecolefermedesbois.ch\/wp-content\/uploads\/2022\/10\/wp-16647359067305631875959668661431.jpg?resize=720%2C960&#038;ssl=1\" alt=\"\" class=\"wp-image-9194\" srcset=\"https:\/\/i0.wp.com\/ecolefermedesbois.ch\/wp-content\/uploads\/2022\/10\/wp-16647359067305631875959668661431.jpg?w=756&amp;ssl=1 756w, https:\/\/i0.wp.com\/ecolefermedesbois.ch\/wp-content\/uploads\/2022\/10\/wp-16647359067305631875959668661431.jpg?resize=225%2C300&amp;ssl=1 225w, https:\/\/i0.wp.com\/ecolefermedesbois.ch\/wp-content\/uploads\/2022\/10\/wp-16647359067305631875959668661431.jpg?resize=450%2C600&amp;ssl=1 450w\" sizes=\"(max-width: 720px) 100vw, 720px\" \/><\/figure>\n\n\n\n<figure class=\"wp-block-image\"><img data-recalc-dims=\"1\" loading=\"lazy\" decoding=\"async\" width=\"720\" height=\"591\" data-id=\"9190\" src=\"https:\/\/i0.wp.com\/ecolefermedesbois.ch\/wp-content\/uploads\/2022\/10\/wp-16647359066501013190417644849401.jpg?resize=720%2C591&#038;ssl=1\" alt=\"\" class=\"wp-image-9190\" srcset=\"https:\/\/i0.wp.com\/ecolefermedesbois.ch\/wp-content\/uploads\/2022\/10\/wp-16647359066501013190417644849401.jpg?w=1000&amp;ssl=1 1000w, https:\/\/i0.wp.com\/ecolefermedesbois.ch\/wp-content\/uploads\/2022\/10\/wp-16647359066501013190417644849401.jpg?resize=300%2C246&amp;ssl=1 300w, https:\/\/i0.wp.com\/ecolefermedesbois.ch\/wp-content\/uploads\/2022\/10\/wp-16647359066501013190417644849401.jpg?resize=600%2C493&amp;ssl=1 600w, https:\/\/i0.wp.com\/ecolefermedesbois.ch\/wp-content\/uploads\/2022\/10\/wp-16647359066501013190417644849401.jpg?resize=768%2C631&amp;ssl=1 768w\" sizes=\"(max-width: 720px) 100vw, 720px\" \/><\/figure>\n\n\n\n<figure class=\"wp-block-image\"><img data-recalc-dims=\"1\" loading=\"lazy\" decoding=\"async\" width=\"720\" height=\"960\" data-id=\"9191\" src=\"https:\/\/i0.wp.com\/ecolefermedesbois.ch\/wp-content\/uploads\/2022\/10\/wp-16647359066859102094544528779554.jpg?resize=720%2C960&#038;ssl=1\" alt=\"\" class=\"wp-image-9191\" srcset=\"https:\/\/i0.wp.com\/ecolefermedesbois.ch\/wp-content\/uploads\/2022\/10\/wp-16647359066859102094544528779554.jpg?w=750&amp;ssl=1 750w, https:\/\/i0.wp.com\/ecolefermedesbois.ch\/wp-content\/uploads\/2022\/10\/wp-16647359066859102094544528779554.jpg?resize=225%2C300&amp;ssl=1 225w, https:\/\/i0.wp.com\/ecolefermedesbois.ch\/wp-content\/uploads\/2022\/10\/wp-16647359066859102094544528779554.jpg?resize=450%2C600&amp;ssl=1 450w\" sizes=\"(max-width: 720px) 100vw, 720px\" \/><\/figure>\n\n\n\n<figure class=\"wp-block-image\"><img data-recalc-dims=\"1\" loading=\"lazy\" decoding=\"async\" width=\"720\" height=\"459\" data-id=\"9192\" src=\"https:\/\/i0.wp.com\/ecolefermedesbois.ch\/wp-content\/uploads\/2022\/10\/wp-16647359068752871415737469169456.jpg?resize=720%2C459&#038;ssl=1\" alt=\"\" class=\"wp-image-9192\" srcset=\"https:\/\/i0.wp.com\/ecolefermedesbois.ch\/wp-content\/uploads\/2022\/10\/wp-16647359068752871415737469169456.jpg?w=1000&amp;ssl=1 1000w, https:\/\/i0.wp.com\/ecolefermedesbois.ch\/wp-content\/uploads\/2022\/10\/wp-16647359068752871415737469169456.jpg?resize=300%2C191&amp;ssl=1 300w, https:\/\/i0.wp.com\/ecolefermedesbois.ch\/wp-content\/uploads\/2022\/10\/wp-16647359068752871415737469169456.jpg?resize=600%2C382&amp;ssl=1 600w, https:\/\/i0.wp.com\/ecolefermedesbois.ch\/wp-content\/uploads\/2022\/10\/wp-16647359068752871415737469169456.jpg?resize=768%2C489&amp;ssl=1 768w\" sizes=\"(max-width: 720px) 100vw, 720px\" \/><\/figure>\n\n\n\n<figure class=\"wp-block-image\"><img data-recalc-dims=\"1\" loading=\"lazy\" decoding=\"async\" width=\"720\" height=\"742\" data-id=\"9185\" src=\"https:\/\/i0.wp.com\/ecolefermedesbois.ch\/wp-content\/uploads\/2022\/10\/wp-16647353721191012772852430051732.jpg?resize=720%2C742&#038;ssl=1\" alt=\"\" class=\"wp-image-9185\" srcset=\"https:\/\/i0.wp.com\/ecolefermedesbois.ch\/wp-content\/uploads\/2022\/10\/wp-16647353721191012772852430051732.jpg?w=970&amp;ssl=1 970w, https:\/\/i0.wp.com\/ecolefermedesbois.ch\/wp-content\/uploads\/2022\/10\/wp-16647353721191012772852430051732.jpg?resize=291%2C300&amp;ssl=1 291w, https:\/\/i0.wp.com\/ecolefermedesbois.ch\/wp-content\/uploads\/2022\/10\/wp-16647353721191012772852430051732.jpg?resize=582%2C600&amp;ssl=1 582w, https:\/\/i0.wp.com\/ecolefermedesbois.ch\/wp-content\/uploads\/2022\/10\/wp-16647353721191012772852430051732.jpg?resize=768%2C792&amp;ssl=1 768w\" sizes=\"(max-width: 720px) 100vw, 720px\" \/><\/figure>\n\n\n\n<figure class=\"wp-block-image\"><img data-recalc-dims=\"1\" loading=\"lazy\" decoding=\"async\" width=\"720\" height=\"960\" data-id=\"9187\" src=\"https:\/\/i0.wp.com\/ecolefermedesbois.ch\/wp-content\/uploads\/2022\/10\/wp-16647353722178307207317396323292.jpg?resize=720%2C960&#038;ssl=1\" alt=\"\" class=\"wp-image-9187\" srcset=\"https:\/\/i0.wp.com\/ecolefermedesbois.ch\/wp-content\/uploads\/2022\/10\/wp-16647353722178307207317396323292.jpg?w=750&amp;ssl=1 750w, https:\/\/i0.wp.com\/ecolefermedesbois.ch\/wp-content\/uploads\/2022\/10\/wp-16647353722178307207317396323292.jpg?resize=225%2C300&amp;ssl=1 225w, https:\/\/i0.wp.com\/ecolefermedesbois.ch\/wp-content\/uploads\/2022\/10\/wp-16647353722178307207317396323292.jpg?resize=450%2C600&amp;ssl=1 450w\" sizes=\"(max-width: 720px) 100vw, 720px\" \/><\/figure>\n\n\n\n<figure class=\"wp-block-image\"><img data-recalc-dims=\"1\" loading=\"lazy\" decoding=\"async\" width=\"720\" height=\"960\" data-id=\"9188\" src=\"https:\/\/i0.wp.com\/ecolefermedesbois.ch\/wp-content\/uploads\/2022\/10\/wp-16647353723053086300696274778921.jpg?resize=720%2C960&#038;ssl=1\" alt=\"\" class=\"wp-image-9188\" srcset=\"https:\/\/i0.wp.com\/ecolefermedesbois.ch\/wp-content\/uploads\/2022\/10\/wp-16647353723053086300696274778921.jpg?w=750&amp;ssl=1 750w, https:\/\/i0.wp.com\/ecolefermedesbois.ch\/wp-content\/uploads\/2022\/10\/wp-16647353723053086300696274778921.jpg?resize=225%2C300&amp;ssl=1 225w, https:\/\/i0.wp.com\/ecolefermedesbois.ch\/wp-content\/uploads\/2022\/10\/wp-16647353723053086300696274778921.jpg?resize=450%2C600&amp;ssl=1 450w\" sizes=\"(max-width: 720px) 100vw, 720px\" \/><\/figure>\n\n\n\n<figure class=\"wp-block-image\"><img data-recalc-dims=\"1\" loading=\"lazy\" decoding=\"async\" width=\"720\" height=\"540\" data-id=\"9186\" src=\"https:\/\/i0.wp.com\/ecolefermedesbois.ch\/wp-content\/uploads\/2022\/10\/wp-16647353722665060274211641691161.jpg?resize=720%2C540&#038;ssl=1\" alt=\"\" class=\"wp-image-9186\" srcset=\"https:\/\/i0.wp.com\/ecolefermedesbois.ch\/wp-content\/uploads\/2022\/10\/wp-16647353722665060274211641691161.jpg?w=1000&amp;ssl=1 1000w, https:\/\/i0.wp.com\/ecolefermedesbois.ch\/wp-content\/uploads\/2022\/10\/wp-16647353722665060274211641691161.jpg?resize=300%2C225&amp;ssl=1 300w, https:\/\/i0.wp.com\/ecolefermedesbois.ch\/wp-content\/uploads\/2022\/10\/wp-16647353722665060274211641691161.jpg?resize=600%2C450&amp;ssl=1 600w, https:\/\/i0.wp.com\/ecolefermedesbois.ch\/wp-content\/uploads\/2022\/10\/wp-16647353722665060274211641691161.jpg?resize=768%2C576&amp;ssl=1 768w\" sizes=\"(max-width: 720px) 100vw, 720px\" \/><\/figure>\n\n\n\n<figure class=\"wp-block-image\"><img data-recalc-dims=\"1\" loading=\"lazy\" decoding=\"async\" width=\"720\" height=\"960\" data-id=\"9184\" src=\"https:\/\/i0.wp.com\/ecolefermedesbois.ch\/wp-content\/uploads\/2022\/10\/wp-16647353718684993906712151530517.jpg?resize=720%2C960&#038;ssl=1\" alt=\"\" class=\"wp-image-9184\" srcset=\"https:\/\/i0.wp.com\/ecolefermedesbois.ch\/wp-content\/uploads\/2022\/10\/wp-16647353718684993906712151530517.jpg?w=756&amp;ssl=1 756w, https:\/\/i0.wp.com\/ecolefermedesbois.ch\/wp-content\/uploads\/2022\/10\/wp-16647353718684993906712151530517.jpg?resize=225%2C300&amp;ssl=1 225w, https:\/\/i0.wp.com\/ecolefermedesbois.ch\/wp-content\/uploads\/2022\/10\/wp-16647353718684993906712151530517.jpg?resize=450%2C600&amp;ssl=1 450w\" sizes=\"(max-width: 720px) 100vw, 720px\" \/><\/figure>\n\n\n\n<figure class=\"wp-block-image\"><img data-recalc-dims=\"1\" loading=\"lazy\" decoding=\"async\" width=\"720\" height=\"916\" data-id=\"9183\" src=\"https:\/\/i0.wp.com\/ecolefermedesbois.ch\/wp-content\/uploads\/2022\/10\/wp-16647353720093816423846494224939.jpg?resize=720%2C916&#038;ssl=1\" alt=\"\" class=\"wp-image-9183\" srcset=\"https:\/\/i0.wp.com\/ecolefermedesbois.ch\/wp-content\/uploads\/2022\/10\/wp-16647353720093816423846494224939.jpg?w=786&amp;ssl=1 786w, https:\/\/i0.wp.com\/ecolefermedesbois.ch\/wp-content\/uploads\/2022\/10\/wp-16647353720093816423846494224939.jpg?resize=236%2C300&amp;ssl=1 236w, https:\/\/i0.wp.com\/ecolefermedesbois.ch\/wp-content\/uploads\/2022\/10\/wp-16647353720093816423846494224939.jpg?resize=472%2C600&amp;ssl=1 472w, https:\/\/i0.wp.com\/ecolefermedesbois.ch\/wp-content\/uploads\/2022\/10\/wp-16647353720093816423846494224939.jpg?resize=768%2C977&amp;ssl=1 768w\" sizes=\"(max-width: 720px) 100vw, 720px\" \/><\/figure>\n\n\n\n<figure class=\"wp-block-image\"><img data-recalc-dims=\"1\" loading=\"lazy\" decoding=\"async\" width=\"720\" height=\"540\" data-id=\"9182\" src=\"https:\/\/i0.wp.com\/ecolefermedesbois.ch\/wp-content\/uploads\/2022\/10\/wp-16647353720655198254064998304953.jpg?resize=720%2C540&#038;ssl=1\" alt=\"\" class=\"wp-image-9182\" srcset=\"https:\/\/i0.wp.com\/ecolefermedesbois.ch\/wp-content\/uploads\/2022\/10\/wp-16647353720655198254064998304953.jpg?w=1000&amp;ssl=1 1000w, https:\/\/i0.wp.com\/ecolefermedesbois.ch\/wp-content\/uploads\/2022\/10\/wp-16647353720655198254064998304953.jpg?resize=300%2C225&amp;ssl=1 300w, https:\/\/i0.wp.com\/ecolefermedesbois.ch\/wp-content\/uploads\/2022\/10\/wp-16647353720655198254064998304953.jpg?resize=600%2C450&amp;ssl=1 600w, https:\/\/i0.wp.com\/ecolefermedesbois.ch\/wp-content\/uploads\/2022\/10\/wp-16647353720655198254064998304953.jpg?resize=768%2C576&amp;ssl=1 768w\" sizes=\"(max-width: 720px) 100vw, 720px\" \/><\/figure>\n\n\n\n<figure class=\"wp-block-image\"><img data-recalc-dims=\"1\" loading=\"lazy\" decoding=\"async\" width=\"720\" height=\"960\" data-id=\"9181\" src=\"https:\/\/i0.wp.com\/ecolefermedesbois.ch\/wp-content\/uploads\/2022\/10\/wp-16647353721724892129245353965918.jpg?resize=720%2C960&#038;ssl=1\" alt=\"\" class=\"wp-image-9181\" srcset=\"https:\/\/i0.wp.com\/ecolefermedesbois.ch\/wp-content\/uploads\/2022\/10\/wp-16647353721724892129245353965918.jpg?w=750&amp;ssl=1 750w, https:\/\/i0.wp.com\/ecolefermedesbois.ch\/wp-content\/uploads\/2022\/10\/wp-16647353721724892129245353965918.jpg?resize=225%2C300&amp;ssl=1 225w, https:\/\/i0.wp.com\/ecolefermedesbois.ch\/wp-content\/uploads\/2022\/10\/wp-16647353721724892129245353965918.jpg?resize=450%2C600&amp;ssl=1 450w\" sizes=\"(max-width: 720px) 100vw, 720px\" \/><\/figure>\n\n\n\n<figure class=\"wp-block-image\"><img data-recalc-dims=\"1\" loading=\"lazy\" decoding=\"async\" width=\"720\" height=\"540\" data-id=\"9180\" src=\"https:\/\/i0.wp.com\/ecolefermedesbois.ch\/wp-content\/uploads\/2022\/10\/wp-16647353716961765728653525597754.jpg?resize=720%2C540&#038;ssl=1\" alt=\"\" class=\"wp-image-9180\" srcset=\"https:\/\/i0.wp.com\/ecolefermedesbois.ch\/wp-content\/uploads\/2022\/10\/wp-16647353716961765728653525597754.jpg?w=1000&amp;ssl=1 1000w, https:\/\/i0.wp.com\/ecolefermedesbois.ch\/wp-content\/uploads\/2022\/10\/wp-16647353716961765728653525597754.jpg?resize=300%2C225&amp;ssl=1 300w, https:\/\/i0.wp.com\/ecolefermedesbois.ch\/wp-content\/uploads\/2022\/10\/wp-16647353716961765728653525597754.jpg?resize=600%2C450&amp;ssl=1 600w, https:\/\/i0.wp.com\/ecolefermedesbois.ch\/wp-content\/uploads\/2022\/10\/wp-16647353716961765728653525597754.jpg?resize=768%2C576&amp;ssl=1 768w\" sizes=\"(max-width: 720px) 100vw, 720px\" \/><\/figure>\n<\/figure>\n","protected":false},"excerpt":{"rendered":"<p>Durant cette semaine, 3 classes sont venues passer une matin\u00e9e sur le th\u00e8me du verger en automne. Les classes de&#46;&#46;&#46;<\/p>\n","protected":false},"author":2,"featured_media":9210,"comment_status":"open","ping_status":"open","sticky":false,"template":"","format":"standard","meta":{"jetpack_post_was_ever_published":false,"footnotes":"","jetpack_publicize_message":"","jetpack_publicize_feature_enabled":true,"jetpack_social_post_already_shared":true,"jetpack_social_options":{"image_generator_settings":{"template":"highway","default_image_id":0,"font":"","enabled":false},"version":2}},"categories":[33],"tags":[],"class_list":["post-9208","post","type-post","status-publish","format-standard","has-post-thumbnail","hentry","category-ecole"],"yoast_head":"<!-- This site is optimized with the Yoast SEO plugin v27.5 - https:\/\/yoast.com\/product\/yoast-seo-wordpress\/ -->\n<title>3 classes d\u00e9couvrent le verger en automne &#x1f34f; -<\/title>\n<meta name=\"robots\" content=\"index, follow, max-snippet:-1, max-image-preview:large, max-video-preview:-1\" \/>\n<link rel=\"canonical\" href=\"https:\/\/ecolefermedesbois.ch\/?p=9208\" \/>\n<meta property=\"og:locale\" content=\"fr_FR\" \/>\n<meta property=\"og:type\" content=\"article\" \/>\n<meta property=\"og:title\" content=\"3 classes d\u00e9couvrent le verger en automne &#x1f34f; -\" \/>\n<meta property=\"og:description\" content=\"Durant cette semaine, 3 classes sont venues passer une matin\u00e9e sur le th\u00e8me du verger en automne. Les classes de&#046;&#046;&#046;\" \/>\n<meta property=\"og:url\" content=\"https:\/\/ecolefermedesbois.ch\/?p=9208\" \/>\n<meta property=\"article:publisher\" content=\"https:\/\/www.facebook.com\/ecolefermedesBois\" \/>\n<meta property=\"article:published_time\" content=\"2022-10-02T19:19:44+00:00\" \/>\n<meta property=\"article:modified_time\" content=\"2022-10-10T06:08:35+00:00\" \/>\n<meta property=\"og:image\" content=\"https:\/\/ecolefermedesbois.ch\/wp-content\/uploads\/2022\/10\/picture_1664738235811.png\" \/>\n\t<meta property=\"og:image:width\" content=\"1080\" \/>\n\t<meta property=\"og:image:height\" content=\"1080\" \/>\n\t<meta property=\"og:image:type\" content=\"image\/png\" \/>\n<meta name=\"author\" content=\"Sophie\" \/>\n<meta name=\"twitter:card\" content=\"summary_large_image\" \/>\n<meta name=\"twitter:label1\" content=\"\u00c9crit par\" \/>\n\t<meta name=\"twitter:data1\" content=\"Sophie\" \/>\n\t<meta name=\"twitter:label2\" content=\"Dur\u00e9e de lecture estim\u00e9e\" \/>\n\t<meta name=\"twitter:data2\" content=\"7 minutes\" \/>\n<script type=\"application\/ld+json\" class=\"yoast-schema-graph\">{\"@context\":\"https:\\\/\\\/schema.org\",\"@graph\":[{\"@type\":\"Article\",\"@id\":\"https:\\\/\\\/ecolefermedesbois.ch\\\/?p=9208#article\",\"isPartOf\":{\"@id\":\"https:\\\/\\\/ecolefermedesbois.ch\\\/?p=9208\"},\"author\":{\"name\":\"Sophie\",\"@id\":\"https:\\\/\\\/ecolefermedesbois.ch\\\/#\\\/schema\\\/person\\\/78f5a1c78e958e51240f90932d290908\"},\"headline\":\"3 classes d\u00e9couvrent le verger en automne &#x1f34f;\",\"datePublished\":\"2022-10-02T19:19:44+00:00\",\"dateModified\":\"2022-10-10T06:08:35+00:00\",\"mainEntityOfPage\":{\"@id\":\"https:\\\/\\\/ecolefermedesbois.ch\\\/?p=9208\"},\"wordCount\":294,\"commentCount\":0,\"publisher\":{\"@id\":\"https:\\\/\\\/ecolefermedesbois.ch\\\/#organization\"},\"image\":{\"@id\":\"https:\\\/\\\/ecolefermedesbois.ch\\\/?p=9208#primaryimage\"},\"thumbnailUrl\":\"https:\\\/\\\/i0.wp.com\\\/ecolefermedesbois.ch\\\/wp-content\\\/uploads\\\/2022\\\/10\\\/picture_1664738235811.png?fit=1080%2C1080&ssl=1\",\"articleSection\":[\"Ecole\"],\"inLanguage\":\"fr-FR\",\"potentialAction\":[{\"@type\":\"CommentAction\",\"name\":\"Comment\",\"target\":[\"https:\\\/\\\/ecolefermedesbois.ch\\\/?p=9208#respond\"]}]},{\"@type\":\"WebPage\",\"@id\":\"https:\\\/\\\/ecolefermedesbois.ch\\\/?p=9208\",\"url\":\"https:\\\/\\\/ecolefermedesbois.ch\\\/?p=9208\",\"name\":\"3 classes d\u00e9couvrent le verger en automne &#x1f34f; -\",\"isPartOf\":{\"@id\":\"https:\\\/\\\/ecolefermedesbois.ch\\\/#website\"},\"primaryImageOfPage\":{\"@id\":\"https:\\\/\\\/ecolefermedesbois.ch\\\/?p=9208#primaryimage\"},\"image\":{\"@id\":\"https:\\\/\\\/ecolefermedesbois.ch\\\/?p=9208#primaryimage\"},\"thumbnailUrl\":\"https:\\\/\\\/i0.wp.com\\\/ecolefermedesbois.ch\\\/wp-content\\\/uploads\\\/2022\\\/10\\\/picture_1664738235811.png?fit=1080%2C1080&ssl=1\",\"datePublished\":\"2022-10-02T19:19:44+00:00\",\"dateModified\":\"2022-10-10T06:08:35+00:00\",\"breadcrumb\":{\"@id\":\"https:\\\/\\\/ecolefermedesbois.ch\\\/?p=9208#breadcrumb\"},\"inLanguage\":\"fr-FR\",\"potentialAction\":[{\"@type\":\"ReadAction\",\"target\":[\"https:\\\/\\\/ecolefermedesbois.ch\\\/?p=9208\"]}]},{\"@type\":\"ImageObject\",\"inLanguage\":\"fr-FR\",\"@id\":\"https:\\\/\\\/ecolefermedesbois.ch\\\/?p=9208#primaryimage\",\"url\":\"https:\\\/\\\/i0.wp.com\\\/ecolefermedesbois.ch\\\/wp-content\\\/uploads\\\/2022\\\/10\\\/picture_1664738235811.png?fit=1080%2C1080&ssl=1\",\"contentUrl\":\"https:\\\/\\\/i0.wp.com\\\/ecolefermedesbois.ch\\\/wp-content\\\/uploads\\\/2022\\\/10\\\/picture_1664738235811.png?fit=1080%2C1080&ssl=1\",\"width\":1080,\"height\":1080},{\"@type\":\"BreadcrumbList\",\"@id\":\"https:\\\/\\\/ecolefermedesbois.ch\\\/?p=9208#breadcrumb\",\"itemListElement\":[{\"@type\":\"ListItem\",\"position\":1,\"name\":\"Accueil\",\"item\":\"https:\\\/\\\/ecolefermedesbois.ch\\\/\"},{\"@type\":\"ListItem\",\"position\":2,\"name\":\"3 classes d\u00e9couvrent le verger en automne &#x1f34f;\"}]},{\"@type\":\"WebSite\",\"@id\":\"https:\\\/\\\/ecolefermedesbois.ch\\\/#website\",\"url\":\"https:\\\/\\\/ecolefermedesbois.ch\\\/\",\"name\":\"ecolefermedesbois\",\"description\":\"\",\"publisher\":{\"@id\":\"https:\\\/\\\/ecolefermedesbois.ch\\\/#organization\"},\"potentialAction\":[{\"@type\":\"SearchAction\",\"target\":{\"@type\":\"EntryPoint\",\"urlTemplate\":\"https:\\\/\\\/ecolefermedesbois.ch\\\/?s={search_term_string}\"},\"query-input\":{\"@type\":\"PropertyValueSpecification\",\"valueRequired\":true,\"valueName\":\"search_term_string\"}}],\"inLanguage\":\"fr-FR\"},{\"@type\":\"Organization\",\"@id\":\"https:\\\/\\\/ecolefermedesbois.ch\\\/#organization\",\"name\":\"Ecole \u00e0 la Ferme des Bois\",\"url\":\"https:\\\/\\\/ecolefermedesbois.ch\\\/\",\"logo\":{\"@type\":\"ImageObject\",\"inLanguage\":\"fr-FR\",\"@id\":\"https:\\\/\\\/ecolefermedesbois.ch\\\/#\\\/schema\\\/logo\\\/image\\\/\",\"url\":\"https:\\\/\\\/ecolefermedesbois.ch\\\/wp-content\\\/uploads\\\/2019\\\/04\\\/logo-scaled.gif\",\"contentUrl\":\"https:\\\/\\\/ecolefermedesbois.ch\\\/wp-content\\\/uploads\\\/2019\\\/04\\\/logo-scaled.gif\",\"width\":2560,\"height\":608,\"caption\":\"Ecole \u00e0 la Ferme des Bois\"},\"image\":{\"@id\":\"https:\\\/\\\/ecolefermedesbois.ch\\\/#\\\/schema\\\/logo\\\/image\\\/\"},\"sameAs\":[\"https:\\\/\\\/www.facebook.com\\\/ecolefermedesBois\"]},{\"@type\":\"Person\",\"@id\":\"https:\\\/\\\/ecolefermedesbois.ch\\\/#\\\/schema\\\/person\\\/78f5a1c78e958e51240f90932d290908\",\"name\":\"Sophie\",\"image\":{\"@type\":\"ImageObject\",\"inLanguage\":\"fr-FR\",\"@id\":\"https:\\\/\\\/secure.gravatar.com\\\/avatar\\\/053fbaec50cb27b03b880a4b8b018009aa3af995f32011efc3f40a589371d46f?s=96&d=mm&r=g\",\"url\":\"https:\\\/\\\/secure.gravatar.com\\\/avatar\\\/053fbaec50cb27b03b880a4b8b018009aa3af995f32011efc3f40a589371d46f?s=96&d=mm&r=g\",\"contentUrl\":\"https:\\\/\\\/secure.gravatar.com\\\/avatar\\\/053fbaec50cb27b03b880a4b8b018009aa3af995f32011efc3f40a589371d46f?s=96&d=mm&r=g\",\"caption\":\"Sophie\"},\"url\":\"https:\\\/\\\/ecolefermedesbois.ch\\\/?author=2\"}]}<\/script>\n<!-- \/ Yoast SEO plugin. -->","yoast_head_json":{"title":"3 classes d\u00e9couvrent le verger en automne &#x1f34f; -","robots":{"index":"index","follow":"follow","max-snippet":"max-snippet:-1","max-image-preview":"max-image-preview:large","max-video-preview":"max-video-preview:-1"},"canonical":"https:\/\/ecolefermedesbois.ch\/?p=9208","og_locale":"fr_FR","og_type":"article","og_title":"3 classes d\u00e9couvrent le verger en automne &#x1f34f; -","og_description":"Durant cette semaine, 3 classes sont venues passer une matin\u00e9e sur le th\u00e8me du verger en automne. Les classes de&#46;&#46;&#46;","og_url":"https:\/\/ecolefermedesbois.ch\/?p=9208","article_publisher":"https:\/\/www.facebook.com\/ecolefermedesBois","article_published_time":"2022-10-02T19:19:44+00:00","article_modified_time":"2022-10-10T06:08:35+00:00","og_image":[{"width":1080,"height":1080,"url":"https:\/\/ecolefermedesbois.ch\/wp-content\/uploads\/2022\/10\/picture_1664738235811.png","type":"image\/png"}],"author":"Sophie","twitter_card":"summary_large_image","twitter_misc":{"\u00c9crit par":"Sophie","Dur\u00e9e de lecture estim\u00e9e":"7 minutes"},"schema":{"@context":"https:\/\/schema.org","@graph":[{"@type":"Article","@id":"https:\/\/ecolefermedesbois.ch\/?p=9208#article","isPartOf":{"@id":"https:\/\/ecolefermedesbois.ch\/?p=9208"},"author":{"name":"Sophie","@id":"https:\/\/ecolefermedesbois.ch\/#\/schema\/person\/78f5a1c78e958e51240f90932d290908"},"headline":"3 classes d\u00e9couvrent le verger en automne &#x1f34f;","datePublished":"2022-10-02T19:19:44+00:00","dateModified":"2022-10-10T06:08:35+00:00","mainEntityOfPage":{"@id":"https:\/\/ecolefermedesbois.ch\/?p=9208"},"wordCount":294,"commentCount":0,"publisher":{"@id":"https:\/\/ecolefermedesbois.ch\/#organization"},"image":{"@id":"https:\/\/ecolefermedesbois.ch\/?p=9208#primaryimage"},"thumbnailUrl":"https:\/\/i0.wp.com\/ecolefermedesbois.ch\/wp-content\/uploads\/2022\/10\/picture_1664738235811.png?fit=1080%2C1080&ssl=1","articleSection":["Ecole"],"inLanguage":"fr-FR","potentialAction":[{"@type":"CommentAction","name":"Comment","target":["https:\/\/ecolefermedesbois.ch\/?p=9208#respond"]}]},{"@type":"WebPage","@id":"https:\/\/ecolefermedesbois.ch\/?p=9208","url":"https:\/\/ecolefermedesbois.ch\/?p=9208","name":"3 classes d\u00e9couvrent le verger en automne &#x1f34f; -","isPartOf":{"@id":"https:\/\/ecolefermedesbois.ch\/#website"},"primaryImageOfPage":{"@id":"https:\/\/ecolefermedesbois.ch\/?p=9208#primaryimage"},"image":{"@id":"https:\/\/ecolefermedesbois.ch\/?p=9208#primaryimage"},"thumbnailUrl":"https:\/\/i0.wp.com\/ecolefermedesbois.ch\/wp-content\/uploads\/2022\/10\/picture_1664738235811.png?fit=1080%2C1080&ssl=1","datePublished":"2022-10-02T19:19:44+00:00","dateModified":"2022-10-10T06:08:35+00:00","breadcrumb":{"@id":"https:\/\/ecolefermedesbois.ch\/?p=9208#breadcrumb"},"inLanguage":"fr-FR","potentialAction":[{"@type":"ReadAction","target":["https:\/\/ecolefermedesbois.ch\/?p=9208"]}]},{"@type":"ImageObject","inLanguage":"fr-FR","@id":"https:\/\/ecolefermedesbois.ch\/?p=9208#primaryimage","url":"https:\/\/i0.wp.com\/ecolefermedesbois.ch\/wp-content\/uploads\/2022\/10\/picture_1664738235811.png?fit=1080%2C1080&ssl=1","contentUrl":"https:\/\/i0.wp.com\/ecolefermedesbois.ch\/wp-content\/uploads\/2022\/10\/picture_1664738235811.png?fit=1080%2C1080&ssl=1","width":1080,"height":1080},{"@type":"BreadcrumbList","@id":"https:\/\/ecolefermedesbois.ch\/?p=9208#breadcrumb","itemListElement":[{"@type":"ListItem","position":1,"name":"Accueil","item":"https:\/\/ecolefermedesbois.ch\/"},{"@type":"ListItem","position":2,"name":"3 classes d\u00e9couvrent le verger en automne &#x1f34f;"}]},{"@type":"WebSite","@id":"https:\/\/ecolefermedesbois.ch\/#website","url":"https:\/\/ecolefermedesbois.ch\/","name":"ecolefermedesbois","description":"","publisher":{"@id":"https:\/\/ecolefermedesbois.ch\/#organization"},"potentialAction":[{"@type":"SearchAction","target":{"@type":"EntryPoint","urlTemplate":"https:\/\/ecolefermedesbois.ch\/?s={search_term_string}"},"query-input":{"@type":"PropertyValueSpecification","valueRequired":true,"valueName":"search_term_string"}}],"inLanguage":"fr-FR"},{"@type":"Organization","@id":"https:\/\/ecolefermedesbois.ch\/#organization","name":"Ecole \u00e0 la Ferme des Bois","url":"https:\/\/ecolefermedesbois.ch\/","logo":{"@type":"ImageObject","inLanguage":"fr-FR","@id":"https:\/\/ecolefermedesbois.ch\/#\/schema\/logo\/image\/","url":"https:\/\/ecolefermedesbois.ch\/wp-content\/uploads\/2019\/04\/logo-scaled.gif","contentUrl":"https:\/\/ecolefermedesbois.ch\/wp-content\/uploads\/2019\/04\/logo-scaled.gif","width":2560,"height":608,"caption":"Ecole \u00e0 la Ferme des Bois"},"image":{"@id":"https:\/\/ecolefermedesbois.ch\/#\/schema\/logo\/image\/"},"sameAs":["https:\/\/www.facebook.com\/ecolefermedesBois"]},{"@type":"Person","@id":"https:\/\/ecolefermedesbois.ch\/#\/schema\/person\/78f5a1c78e958e51240f90932d290908","name":"Sophie","image":{"@type":"ImageObject","inLanguage":"fr-FR","@id":"https:\/\/secure.gravatar.com\/avatar\/053fbaec50cb27b03b880a4b8b018009aa3af995f32011efc3f40a589371d46f?s=96&d=mm&r=g","url":"https:\/\/secure.gravatar.com\/avatar\/053fbaec50cb27b03b880a4b8b018009aa3af995f32011efc3f40a589371d46f?s=96&d=mm&r=g","contentUrl":"https:\/\/secure.gravatar.com\/avatar\/053fbaec50cb27b03b880a4b8b018009aa3af995f32011efc3f40a589371d46f?s=96&d=mm&r=g","caption":"Sophie"},"url":"https:\/\/ecolefermedesbois.ch\/?author=2"}]}},"jetpack_publicize_connections":[],"jetpack_featured_media_url":"https:\/\/i0.wp.com\/ecolefermedesbois.ch\/wp-content\/uploads\/2022\/10\/picture_1664738235811.png?fit=1080%2C1080&ssl=1","jetpack_sharing_enabled":true,"_links":{"self":[{"href":"https:\/\/ecolefermedesbois.ch\/index.php?rest_route=\/wp\/v2\/posts\/9208","targetHints":{"allow":["GET"]}}],"collection":[{"href":"https:\/\/ecolefermedesbois.ch\/index.php?rest_route=\/wp\/v2\/posts"}],"about":[{"href":"https:\/\/ecolefermedesbois.ch\/index.php?rest_route=\/wp\/v2\/types\/post"}],"author":[{"embeddable":true,"href":"https:\/\/ecolefermedesbois.ch\/index.php?rest_route=\/wp\/v2\/users\/2"}],"replies":[{"embeddable":true,"href":"https:\/\/ecolefermedesbois.ch\/index.php?rest_route=%2Fwp%2Fv2%2Fcomments&post=9208"}],"version-history":[{"count":3,"href":"https:\/\/ecolefermedesbois.ch\/index.php?rest_route=\/wp\/v2\/posts\/9208\/revisions"}],"predecessor-version":[{"id":9276,"href":"https:\/\/ecolefermedesbois.ch\/index.php?rest_route=\/wp\/v2\/posts\/9208\/revisions\/9276"}],"wp:featuredmedia":[{"embeddable":true,"href":"https:\/\/ecolefermedesbois.ch\/index.php?rest_route=\/wp\/v2\/media\/9210"}],"wp:attachment":[{"href":"https:\/\/ecolefermedesbois.ch\/index.php?rest_route=%2Fwp%2Fv2%2Fmedia&parent=9208"}],"wp:term":[{"taxonomy":"category","embeddable":true,"href":"https:\/\/ecolefermedesbois.ch\/index.php?rest_route=%2Fwp%2Fv2%2Fcategories&post=9208"},{"taxonomy":"post_tag","embeddable":true,"href":"https:\/\/ecolefermedesbois.ch\/index.php?rest_route=%2Fwp%2Fv2%2Ftags&post=9208"}],"curies":[{"name":"wp","href":"https:\/\/api.w.org\/{rel}","templated":true}]}}