{"id":8635,"date":"2022-06-13T17:53:37","date_gmt":"2022-06-13T15:53:37","guid":{"rendered":"https:\/\/ecolefermedesbois.ch\/?p=8635"},"modified":"2022-06-15T21:58:40","modified_gmt":"2022-06-15T19:58:40","slug":"la-classe-de-laure-pernet-en-course-decole-%f0%9f%8e%92","status":"publish","type":"post","link":"https:\/\/ecolefermedesbois.ch\/?p=8635","title":{"rendered":"La classe de Laure Pernet en course d&rsquo;\u00e9cole &#x1f392;"},"content":{"rendered":"<div class=\"pdfprnt-buttons pdfprnt-buttons-post pdfprnt-top-right\"><a href=\"https:\/\/ecolefermedesbois.ch\/index.php?rest_route=%2Fwp%2Fv2%2Fposts%2F8635&print=pdf\" class=\"pdfprnt-button pdfprnt-button-pdf\" target=\"_blank\" ><img data-recalc-dims=\"1\" decoding=\"async\" src=\"https:\/\/i0.wp.com\/ecolefermedesbois.ch\/wp-content\/plugins\/pdf-print\/images\/pdf.png?w=720&#038;ssl=1\" alt=\"image_pdf\" title=\"Afficher le PDF\" \/><\/a><a href=\"https:\/\/ecolefermedesbois.ch\/index.php?rest_route=%2Fwp%2Fv2%2Fposts%2F8635&print=print\" class=\"pdfprnt-button pdfprnt-button-print\" target=\"_blank\" ><img data-recalc-dims=\"1\" decoding=\"async\" src=\"https:\/\/i0.wp.com\/ecolefermedesbois.ch\/wp-content\/plugins\/pdf-print\/images\/print.png?w=720&#038;ssl=1\" alt=\"image_print\" title=\"Contenu imprim\u00e9\" \/><\/a><\/div>\n<p>Vendredi, les \u00e9l\u00e8ves 1-2P de Chexbres sont venus passer une journ\u00e9e \u00e0 la ferme pour leur course d&rsquo;\u00e9cole.<br>Tout au long de la journ\u00e9e, nous avons divis\u00e9 la classe en 2 groupes afin que les \u00e9l\u00e8ves puissent profiter au mieux des animaux et des activit\u00e9s p\u00e9dagogiques li\u00e9es aux 5 sens. Puis nous \u00e9changeons apr\u00e8s chaque partie. &#x1f60a;<\/p>\n\n\n\n<p>Pour la premi\u00e8re partie de la matin\u00e9e, le premier groupe vient avec moi pour d\u00e9couvrir les poules &#x1f414; et leur habitat. A l&rsquo;int\u00e9rieur du poulailler les \u00e9l\u00e8ves d\u00e9couvrent les mangeoires et abreuvoirs, les perchoirs et les pondoirs. Nous parlons du nombre d\u2019\u0153uf que va pondre une poule par jour et pourquoi les \u0153ufs sont de diff\u00e9rentes couleurs. &#x1f914;<br>Pour le plus grand bonheur des enfants, j&rsquo;ai pu attraper un poussin qu&rsquo;ils ont pu porter. Trop mignon!!&#x1f60d;<br>La d\u00e9couverte du poulailler termin\u00e9e, nous allons nourrir les poules et d\u00e9couvrir quelle est la poule nous qui nous fait un \u0153uf vert en suivant les indications donn\u00e9es auparavant. <\/p>\n\n\n\n<p>Pendant qu&rsquo;un groupe est avec moi, l&rsquo;autre groupe d\u00e9couvre la table du toucher avec S\u00e9bastien. Dans chaque trou se trouve quelque chose qui est li\u00e9 aux animaux de la ferme. &#x1f404;&#x1f423;&#x1f407;&#x1f410;<br>P. ex : des grains de bl\u00e9, on en fait de la farine qui va nourrir nos vaches, nos ch\u00e8vres et nos poules. <br>Puis nous \u00e9changeons les groupes. <\/p>\n\n\n\n<figure class=\"wp-block-image size-large\"><img data-recalc-dims=\"1\" fetchpriority=\"high\" decoding=\"async\" width=\"450\" height=\"600\" src=\"https:\/\/i0.wp.com\/ecolefermedesbois.ch\/wp-content\/uploads\/2022\/05\/wp-16537230425588726457210459900037.jpg?resize=450%2C600&#038;ssl=1\" alt=\"\" class=\"wp-image-8367\" srcset=\"https:\/\/i0.wp.com\/ecolefermedesbois.ch\/wp-content\/uploads\/2022\/05\/wp-16537230425588726457210459900037.jpg?resize=450%2C600&amp;ssl=1 450w, https:\/\/i0.wp.com\/ecolefermedesbois.ch\/wp-content\/uploads\/2022\/05\/wp-16537230425588726457210459900037.jpg?resize=225%2C300&amp;ssl=1 225w, https:\/\/i0.wp.com\/ecolefermedesbois.ch\/wp-content\/uploads\/2022\/05\/wp-16537230425588726457210459900037.jpg?w=756&amp;ssl=1 756w\" sizes=\"(max-width: 450px) 100vw, 450px\" \/><\/figure>\n\n\n\n<p>Voici l&rsquo;heure de la r\u00e9cr\u00e9!<\/p>\n\n\n\n<p>La r\u00e9cr\u00e9 \u00e9tant termin\u00e9e, nous partons pour la deuxi\u00e8me partie de la matin\u00e9e. Au programme, la d\u00e9couverte des lapins &#x1f430; et des ch\u00e8vres &#x1f410; avec un groupe pendant que l&rsquo;autre groupe fait le sentier pieds nus&#x1f9b6;&#x1f3fb; et le jeu du panier \u00e0 commis.<br>Que de beaux moments de c\u00e2lins avec les lapins et les ch\u00e8vres. &#x1f970; ce f\u00fbt magique!&#x1f929;<br>Et les enfants ont ador\u00e9 le sentier pieds nus ainsi que la recherche des diff\u00e9rentes choses autour de la ferme. <br>Pour finir la matin\u00e9e en beaut\u00e9, les \u00e9l\u00e8ves passent leur permis de tracteur! Quelle excitation!&#x1f929;<\/p>\n\n\n\n<p>Apr\u00e8s le pique-nique, nous partons gaiment en chariote \u00e0 la ferme pour d\u00e9couvrir l&rsquo;\u00e9table. &#x1f973;<\/p>\n\n\n\n<p>Aupr\u00e8s des vaches, que d&rsquo;\u00e9merveillement dans les yeux des enfants de pouvoir toucher et caresser une vache. Je profite d&rsquo;expliquer aux \u00e9l\u00e8ves le danger des d\u00e9chets au bord des routes et ce que cela peut amener la mort d&rsquo;une vache.<br>Puis, nous faisons les m\u00eames groupes que pour le matin. Un groupe vient avec moi pour visiter la salle de traite. Je leur montre comment fonctionne la machine \u00e0 traire. Je leur explique quand est-ce que l&rsquo;on trait les vaches ou encore combien de lait produit, en moyenne par ann\u00e9e, une vache. Ensuite nous passons par la chambre \u00e0 lait pour finir aupr\u00e8s des veaux. Certains enfants ont donn\u00e9 leurs doigts \u00e0 t\u00e9ter \u00e0 Bobine, notre vachette, que de fou rire! Super!&#x1f602;<br>Pendant ce temps, l&rsquo;autre groupe dessinait leur meilleur moment de la journ\u00e9e sur une fresque qu&rsquo;ils ont pu emporter avec eux \u00e0 l&rsquo;\u00e9cole. De grands artistes. Puis nous avons \u00e9chang\u00e9 les groupes.<\/p>\n\n\n\n<p>Voici d\u00e9j\u00e0 la fin de la journ\u00e9e, Merci les enfants pour votre joie et votre curiosit\u00e9 tout au long de la journ\u00e9e. J&rsquo;ai eu beaucoup de plaisir \u00e0 faire votre connaissance et vous faire d\u00e9couvrir notre univers. &#x1f496;<\/p>\n\n\n\n<p>Merci Laure et Christiane d&rsquo;\u00eatre venues avec vos \u00e9l\u00e8ves passer cette belle journ\u00e9e chez nous, ce f\u00fbt que du bonheur! &#x1f33a;<\/p>\n\n\n\n<p>A bient\u00f4t &#x1f917; <\/p>\n\n\n\n<p>Sophie et S\u00e9bastien<br><\/p>\n\n\n\n<figure class=\"wp-block-gallery has-nested-images columns-default is-cropped wp-block-gallery-1 is-layout-flex wp-block-gallery-is-layout-flex\">\n<figure class=\"wp-block-image size-large\"><img data-recalc-dims=\"1\" decoding=\"async\" width=\"600\" height=\"450\" data-id=\"8641\" src=\"https:\/\/i0.wp.com\/ecolefermedesbois.ch\/wp-content\/uploads\/2022\/06\/20220610_093759.jpg?resize=600%2C450&#038;ssl=1\" alt=\"\" class=\"wp-image-8641\" srcset=\"https:\/\/i0.wp.com\/ecolefermedesbois.ch\/wp-content\/uploads\/2022\/06\/20220610_093759-scaled.jpg?resize=600%2C450&amp;ssl=1 600w, https:\/\/i0.wp.com\/ecolefermedesbois.ch\/wp-content\/uploads\/2022\/06\/20220610_093759-scaled.jpg?resize=300%2C225&amp;ssl=1 300w, https:\/\/i0.wp.com\/ecolefermedesbois.ch\/wp-content\/uploads\/2022\/06\/20220610_093759-scaled.jpg?resize=768%2C576&amp;ssl=1 768w, https:\/\/i0.wp.com\/ecolefermedesbois.ch\/wp-content\/uploads\/2022\/06\/20220610_093759-scaled.jpg?resize=1536%2C1152&amp;ssl=1 1536w, https:\/\/i0.wp.com\/ecolefermedesbois.ch\/wp-content\/uploads\/2022\/06\/20220610_093759-scaled.jpg?resize=2048%2C1536&amp;ssl=1 2048w, https:\/\/i0.wp.com\/ecolefermedesbois.ch\/wp-content\/uploads\/2022\/06\/20220610_093759-scaled.jpg?w=1440&amp;ssl=1 1440w, https:\/\/i0.wp.com\/ecolefermedesbois.ch\/wp-content\/uploads\/2022\/06\/20220610_093759-scaled.jpg?w=2160&amp;ssl=1 2160w\" sizes=\"(max-width: 600px) 100vw, 600px\" \/><\/figure>\n\n\n\n<figure class=\"wp-block-image size-large\"><img data-recalc-dims=\"1\" decoding=\"async\" width=\"370\" height=\"600\" data-id=\"8639\" src=\"https:\/\/i0.wp.com\/ecolefermedesbois.ch\/wp-content\/uploads\/2022\/06\/20220610_093932.jpg?resize=370%2C600&#038;ssl=1\" alt=\"\" class=\"wp-image-8639\" srcset=\"https:\/\/i0.wp.com\/ecolefermedesbois.ch\/wp-content\/uploads\/2022\/06\/20220610_093932-scaled.jpg?resize=370%2C600&amp;ssl=1 370w, https:\/\/i0.wp.com\/ecolefermedesbois.ch\/wp-content\/uploads\/2022\/06\/20220610_093932-scaled.jpg?resize=185%2C300&amp;ssl=1 185w, https:\/\/i0.wp.com\/ecolefermedesbois.ch\/wp-content\/uploads\/2022\/06\/20220610_093932-scaled.jpg?resize=768%2C1246&amp;ssl=1 768w, https:\/\/i0.wp.com\/ecolefermedesbois.ch\/wp-content\/uploads\/2022\/06\/20220610_093932-scaled.jpg?resize=946%2C1536&amp;ssl=1 946w, https:\/\/i0.wp.com\/ecolefermedesbois.ch\/wp-content\/uploads\/2022\/06\/20220610_093932-scaled.jpg?resize=1262%2C2048&amp;ssl=1 1262w, https:\/\/i0.wp.com\/ecolefermedesbois.ch\/wp-content\/uploads\/2022\/06\/20220610_093932-scaled.jpg?w=1577&amp;ssl=1 1577w, https:\/\/i0.wp.com\/ecolefermedesbois.ch\/wp-content\/uploads\/2022\/06\/20220610_093932-scaled.jpg?w=1440&amp;ssl=1 1440w\" sizes=\"(max-width: 370px) 100vw, 370px\" \/><\/figure>\n\n\n\n<figure class=\"wp-block-image size-large\"><img data-recalc-dims=\"1\" loading=\"lazy\" decoding=\"async\" width=\"553\" height=\"600\" data-id=\"8636\" src=\"https:\/\/i0.wp.com\/ecolefermedesbois.ch\/wp-content\/uploads\/2022\/06\/20220610_094013.jpg?resize=553%2C600&#038;ssl=1\" alt=\"\" class=\"wp-image-8636\" srcset=\"https:\/\/i0.wp.com\/ecolefermedesbois.ch\/wp-content\/uploads\/2022\/06\/20220610_094013-scaled.jpg?resize=553%2C600&amp;ssl=1 553w, https:\/\/i0.wp.com\/ecolefermedesbois.ch\/wp-content\/uploads\/2022\/06\/20220610_094013-scaled.jpg?resize=276%2C300&amp;ssl=1 276w, https:\/\/i0.wp.com\/ecolefermedesbois.ch\/wp-content\/uploads\/2022\/06\/20220610_094013-scaled.jpg?resize=768%2C834&amp;ssl=1 768w, https:\/\/i0.wp.com\/ecolefermedesbois.ch\/wp-content\/uploads\/2022\/06\/20220610_094013-scaled.jpg?resize=1415%2C1536&amp;ssl=1 1415w, https:\/\/i0.wp.com\/ecolefermedesbois.ch\/wp-content\/uploads\/2022\/06\/20220610_094013-scaled.jpg?resize=1887%2C2048&amp;ssl=1 1887w, https:\/\/i0.wp.com\/ecolefermedesbois.ch\/wp-content\/uploads\/2022\/06\/20220610_094013-scaled.jpg?w=2160&amp;ssl=1 2160w\" sizes=\"(max-width: 553px) 100vw, 553px\" \/><\/figure>\n\n\n\n<figure class=\"wp-block-image size-large\"><img data-recalc-dims=\"1\" loading=\"lazy\" decoding=\"async\" width=\"600\" height=\"450\" data-id=\"8638\" src=\"https:\/\/i0.wp.com\/ecolefermedesbois.ch\/wp-content\/uploads\/2022\/06\/20220610_095144.jpg?resize=600%2C450&#038;ssl=1\" alt=\"\" class=\"wp-image-8638\" srcset=\"https:\/\/i0.wp.com\/ecolefermedesbois.ch\/wp-content\/uploads\/2022\/06\/20220610_095144-scaled.jpg?resize=600%2C450&amp;ssl=1 600w, https:\/\/i0.wp.com\/ecolefermedesbois.ch\/wp-content\/uploads\/2022\/06\/20220610_095144-scaled.jpg?resize=300%2C225&amp;ssl=1 300w, https:\/\/i0.wp.com\/ecolefermedesbois.ch\/wp-content\/uploads\/2022\/06\/20220610_095144-scaled.jpg?resize=768%2C576&amp;ssl=1 768w, https:\/\/i0.wp.com\/ecolefermedesbois.ch\/wp-content\/uploads\/2022\/06\/20220610_095144-scaled.jpg?resize=1536%2C1152&amp;ssl=1 1536w, https:\/\/i0.wp.com\/ecolefermedesbois.ch\/wp-content\/uploads\/2022\/06\/20220610_095144-scaled.jpg?resize=2048%2C1536&amp;ssl=1 2048w, https:\/\/i0.wp.com\/ecolefermedesbois.ch\/wp-content\/uploads\/2022\/06\/20220610_095144-scaled.jpg?w=1440&amp;ssl=1 1440w, https:\/\/i0.wp.com\/ecolefermedesbois.ch\/wp-content\/uploads\/2022\/06\/20220610_095144-scaled.jpg?w=2160&amp;ssl=1 2160w\" sizes=\"(max-width: 600px) 100vw, 600px\" \/><\/figure>\n\n\n\n<figure class=\"wp-block-image size-large\"><img data-recalc-dims=\"1\" loading=\"lazy\" decoding=\"async\" width=\"600\" height=\"450\" data-id=\"8637\" src=\"https:\/\/i0.wp.com\/ecolefermedesbois.ch\/wp-content\/uploads\/2022\/06\/20220610_100610.jpg?resize=600%2C450&#038;ssl=1\" alt=\"\" class=\"wp-image-8637\" srcset=\"https:\/\/i0.wp.com\/ecolefermedesbois.ch\/wp-content\/uploads\/2022\/06\/20220610_100610-scaled.jpg?resize=600%2C450&amp;ssl=1 600w, https:\/\/i0.wp.com\/ecolefermedesbois.ch\/wp-content\/uploads\/2022\/06\/20220610_100610-scaled.jpg?resize=300%2C225&amp;ssl=1 300w, https:\/\/i0.wp.com\/ecolefermedesbois.ch\/wp-content\/uploads\/2022\/06\/20220610_100610-scaled.jpg?resize=768%2C576&amp;ssl=1 768w, https:\/\/i0.wp.com\/ecolefermedesbois.ch\/wp-content\/uploads\/2022\/06\/20220610_100610-scaled.jpg?resize=1536%2C1152&amp;ssl=1 1536w, https:\/\/i0.wp.com\/ecolefermedesbois.ch\/wp-content\/uploads\/2022\/06\/20220610_100610-scaled.jpg?resize=2048%2C1536&amp;ssl=1 2048w, https:\/\/i0.wp.com\/ecolefermedesbois.ch\/wp-content\/uploads\/2022\/06\/20220610_100610-scaled.jpg?w=1440&amp;ssl=1 1440w, https:\/\/i0.wp.com\/ecolefermedesbois.ch\/wp-content\/uploads\/2022\/06\/20220610_100610-scaled.jpg?w=2160&amp;ssl=1 2160w\" sizes=\"(max-width: 600px) 100vw, 600px\" \/><\/figure>\n\n\n\n<figure class=\"wp-block-image size-large\"><img data-recalc-dims=\"1\" loading=\"lazy\" decoding=\"async\" width=\"600\" height=\"450\" data-id=\"8640\" src=\"https:\/\/i0.wp.com\/ecolefermedesbois.ch\/wp-content\/uploads\/2022\/06\/20220610_105216.jpg?resize=600%2C450&#038;ssl=1\" alt=\"\" class=\"wp-image-8640\" srcset=\"https:\/\/i0.wp.com\/ecolefermedesbois.ch\/wp-content\/uploads\/2022\/06\/20220610_105216-scaled.jpg?resize=600%2C450&amp;ssl=1 600w, https:\/\/i0.wp.com\/ecolefermedesbois.ch\/wp-content\/uploads\/2022\/06\/20220610_105216-scaled.jpg?resize=300%2C225&amp;ssl=1 300w, https:\/\/i0.wp.com\/ecolefermedesbois.ch\/wp-content\/uploads\/2022\/06\/20220610_105216-scaled.jpg?resize=768%2C576&amp;ssl=1 768w, https:\/\/i0.wp.com\/ecolefermedesbois.ch\/wp-content\/uploads\/2022\/06\/20220610_105216-scaled.jpg?resize=1536%2C1152&amp;ssl=1 1536w, https:\/\/i0.wp.com\/ecolefermedesbois.ch\/wp-content\/uploads\/2022\/06\/20220610_105216-scaled.jpg?resize=2048%2C1536&amp;ssl=1 2048w, https:\/\/i0.wp.com\/ecolefermedesbois.ch\/wp-content\/uploads\/2022\/06\/20220610_105216-scaled.jpg?w=1440&amp;ssl=1 1440w, https:\/\/i0.wp.com\/ecolefermedesbois.ch\/wp-content\/uploads\/2022\/06\/20220610_105216-scaled.jpg?w=2160&amp;ssl=1 2160w\" sizes=\"(max-width: 600px) 100vw, 600px\" \/><\/figure>\n\n\n\n<figure class=\"wp-block-image size-large\"><img data-recalc-dims=\"1\" loading=\"lazy\" decoding=\"async\" width=\"600\" height=\"450\" data-id=\"8642\" src=\"https:\/\/i0.wp.com\/ecolefermedesbois.ch\/wp-content\/uploads\/2022\/06\/20220610_110452.jpg?resize=600%2C450&#038;ssl=1\" alt=\"\" class=\"wp-image-8642\" srcset=\"https:\/\/i0.wp.com\/ecolefermedesbois.ch\/wp-content\/uploads\/2022\/06\/20220610_110452-scaled.jpg?resize=600%2C450&amp;ssl=1 600w, https:\/\/i0.wp.com\/ecolefermedesbois.ch\/wp-content\/uploads\/2022\/06\/20220610_110452-scaled.jpg?resize=300%2C225&amp;ssl=1 300w, https:\/\/i0.wp.com\/ecolefermedesbois.ch\/wp-content\/uploads\/2022\/06\/20220610_110452-scaled.jpg?resize=768%2C576&amp;ssl=1 768w, https:\/\/i0.wp.com\/ecolefermedesbois.ch\/wp-content\/uploads\/2022\/06\/20220610_110452-scaled.jpg?resize=1536%2C1152&amp;ssl=1 1536w, https:\/\/i0.wp.com\/ecolefermedesbois.ch\/wp-content\/uploads\/2022\/06\/20220610_110452-scaled.jpg?resize=2048%2C1536&amp;ssl=1 2048w, https:\/\/i0.wp.com\/ecolefermedesbois.ch\/wp-content\/uploads\/2022\/06\/20220610_110452-scaled.jpg?w=1440&amp;ssl=1 1440w, https:\/\/i0.wp.com\/ecolefermedesbois.ch\/wp-content\/uploads\/2022\/06\/20220610_110452-scaled.jpg?w=2160&amp;ssl=1 2160w\" sizes=\"(max-width: 600px) 100vw, 600px\" \/><\/figure>\n\n\n\n<figure class=\"wp-block-image size-large\"><img data-recalc-dims=\"1\" loading=\"lazy\" decoding=\"async\" width=\"600\" height=\"450\" data-id=\"8647\" src=\"https:\/\/i0.wp.com\/ecolefermedesbois.ch\/wp-content\/uploads\/2022\/06\/20220610_112157.jpg?resize=600%2C450&#038;ssl=1\" alt=\"\" class=\"wp-image-8647\" srcset=\"https:\/\/i0.wp.com\/ecolefermedesbois.ch\/wp-content\/uploads\/2022\/06\/20220610_112157-scaled.jpg?resize=600%2C450&amp;ssl=1 600w, https:\/\/i0.wp.com\/ecolefermedesbois.ch\/wp-content\/uploads\/2022\/06\/20220610_112157-scaled.jpg?resize=300%2C225&amp;ssl=1 300w, https:\/\/i0.wp.com\/ecolefermedesbois.ch\/wp-content\/uploads\/2022\/06\/20220610_112157-scaled.jpg?resize=768%2C576&amp;ssl=1 768w, https:\/\/i0.wp.com\/ecolefermedesbois.ch\/wp-content\/uploads\/2022\/06\/20220610_112157-scaled.jpg?resize=1536%2C1152&amp;ssl=1 1536w, https:\/\/i0.wp.com\/ecolefermedesbois.ch\/wp-content\/uploads\/2022\/06\/20220610_112157-scaled.jpg?resize=2048%2C1536&amp;ssl=1 2048w, https:\/\/i0.wp.com\/ecolefermedesbois.ch\/wp-content\/uploads\/2022\/06\/20220610_112157-scaled.jpg?w=1440&amp;ssl=1 1440w, https:\/\/i0.wp.com\/ecolefermedesbois.ch\/wp-content\/uploads\/2022\/06\/20220610_112157-scaled.jpg?w=2160&amp;ssl=1 2160w\" sizes=\"(max-width: 600px) 100vw, 600px\" \/><\/figure>\n\n\n\n<figure class=\"wp-block-image size-large\"><img data-recalc-dims=\"1\" loading=\"lazy\" decoding=\"async\" width=\"450\" height=\"600\" data-id=\"8646\" src=\"https:\/\/i0.wp.com\/ecolefermedesbois.ch\/wp-content\/uploads\/2022\/06\/20220610_112716.jpg?resize=450%2C600&#038;ssl=1\" alt=\"\" class=\"wp-image-8646\" srcset=\"https:\/\/i0.wp.com\/ecolefermedesbois.ch\/wp-content\/uploads\/2022\/06\/20220610_112716-scaled.jpg?resize=450%2C600&amp;ssl=1 450w, https:\/\/i0.wp.com\/ecolefermedesbois.ch\/wp-content\/uploads\/2022\/06\/20220610_112716-scaled.jpg?resize=225%2C300&amp;ssl=1 225w, https:\/\/i0.wp.com\/ecolefermedesbois.ch\/wp-content\/uploads\/2022\/06\/20220610_112716-scaled.jpg?resize=768%2C1024&amp;ssl=1 768w, https:\/\/i0.wp.com\/ecolefermedesbois.ch\/wp-content\/uploads\/2022\/06\/20220610_112716-scaled.jpg?resize=1152%2C1536&amp;ssl=1 1152w, https:\/\/i0.wp.com\/ecolefermedesbois.ch\/wp-content\/uploads\/2022\/06\/20220610_112716-scaled.jpg?resize=1536%2C2048&amp;ssl=1 1536w, https:\/\/i0.wp.com\/ecolefermedesbois.ch\/wp-content\/uploads\/2022\/06\/20220610_112716-scaled.jpg?w=1920&amp;ssl=1 1920w, https:\/\/i0.wp.com\/ecolefermedesbois.ch\/wp-content\/uploads\/2022\/06\/20220610_112716-scaled.jpg?w=1440&amp;ssl=1 1440w\" sizes=\"(max-width: 450px) 100vw, 450px\" \/><\/figure>\n\n\n\n<figure class=\"wp-block-image size-large\"><img data-recalc-dims=\"1\" loading=\"lazy\" decoding=\"async\" width=\"450\" height=\"600\" data-id=\"8643\" src=\"https:\/\/i0.wp.com\/ecolefermedesbois.ch\/wp-content\/uploads\/2022\/06\/20220610_113334.jpg?resize=450%2C600&#038;ssl=1\" alt=\"\" class=\"wp-image-8643\" srcset=\"https:\/\/i0.wp.com\/ecolefermedesbois.ch\/wp-content\/uploads\/2022\/06\/20220610_113334-scaled.jpg?resize=450%2C600&amp;ssl=1 450w, https:\/\/i0.wp.com\/ecolefermedesbois.ch\/wp-content\/uploads\/2022\/06\/20220610_113334-scaled.jpg?resize=225%2C300&amp;ssl=1 225w, https:\/\/i0.wp.com\/ecolefermedesbois.ch\/wp-content\/uploads\/2022\/06\/20220610_113334-scaled.jpg?resize=768%2C1024&amp;ssl=1 768w, https:\/\/i0.wp.com\/ecolefermedesbois.ch\/wp-content\/uploads\/2022\/06\/20220610_113334-scaled.jpg?resize=1152%2C1536&amp;ssl=1 1152w, https:\/\/i0.wp.com\/ecolefermedesbois.ch\/wp-content\/uploads\/2022\/06\/20220610_113334-scaled.jpg?resize=1536%2C2048&amp;ssl=1 1536w, https:\/\/i0.wp.com\/ecolefermedesbois.ch\/wp-content\/uploads\/2022\/06\/20220610_113334-scaled.jpg?w=1920&amp;ssl=1 1920w, https:\/\/i0.wp.com\/ecolefermedesbois.ch\/wp-content\/uploads\/2022\/06\/20220610_113334-scaled.jpg?w=1440&amp;ssl=1 1440w\" sizes=\"(max-width: 450px) 100vw, 450px\" \/><\/figure>\n\n\n\n<figure class=\"wp-block-image size-large\"><img data-recalc-dims=\"1\" loading=\"lazy\" decoding=\"async\" width=\"600\" height=\"450\" data-id=\"8645\" src=\"https:\/\/i0.wp.com\/ecolefermedesbois.ch\/wp-content\/uploads\/2022\/06\/20220610_113636.jpg?resize=600%2C450&#038;ssl=1\" alt=\"\" class=\"wp-image-8645\" srcset=\"https:\/\/i0.wp.com\/ecolefermedesbois.ch\/wp-content\/uploads\/2022\/06\/20220610_113636-scaled.jpg?resize=600%2C450&amp;ssl=1 600w, https:\/\/i0.wp.com\/ecolefermedesbois.ch\/wp-content\/uploads\/2022\/06\/20220610_113636-scaled.jpg?resize=300%2C225&amp;ssl=1 300w, https:\/\/i0.wp.com\/ecolefermedesbois.ch\/wp-content\/uploads\/2022\/06\/20220610_113636-scaled.jpg?resize=768%2C576&amp;ssl=1 768w, https:\/\/i0.wp.com\/ecolefermedesbois.ch\/wp-content\/uploads\/2022\/06\/20220610_113636-scaled.jpg?resize=1536%2C1152&amp;ssl=1 1536w, https:\/\/i0.wp.com\/ecolefermedesbois.ch\/wp-content\/uploads\/2022\/06\/20220610_113636-scaled.jpg?resize=2048%2C1536&amp;ssl=1 2048w, https:\/\/i0.wp.com\/ecolefermedesbois.ch\/wp-content\/uploads\/2022\/06\/20220610_113636-scaled.jpg?w=1440&amp;ssl=1 1440w, https:\/\/i0.wp.com\/ecolefermedesbois.ch\/wp-content\/uploads\/2022\/06\/20220610_113636-scaled.jpg?w=2160&amp;ssl=1 2160w\" sizes=\"(max-width: 600px) 100vw, 600px\" \/><\/figure>\n\n\n\n<figure class=\"wp-block-image size-large\"><img data-recalc-dims=\"1\" loading=\"lazy\" decoding=\"async\" width=\"600\" height=\"450\" data-id=\"8644\" src=\"https:\/\/i0.wp.com\/ecolefermedesbois.ch\/wp-content\/uploads\/2022\/06\/20220610_114757.jpg?resize=600%2C450&#038;ssl=1\" alt=\"\" class=\"wp-image-8644\" srcset=\"https:\/\/i0.wp.com\/ecolefermedesbois.ch\/wp-content\/uploads\/2022\/06\/20220610_114757-scaled.jpg?resize=600%2C450&amp;ssl=1 600w, https:\/\/i0.wp.com\/ecolefermedesbois.ch\/wp-content\/uploads\/2022\/06\/20220610_114757-scaled.jpg?resize=300%2C225&amp;ssl=1 300w, https:\/\/i0.wp.com\/ecolefermedesbois.ch\/wp-content\/uploads\/2022\/06\/20220610_114757-scaled.jpg?resize=768%2C576&amp;ssl=1 768w, https:\/\/i0.wp.com\/ecolefermedesbois.ch\/wp-content\/uploads\/2022\/06\/20220610_114757-scaled.jpg?resize=1536%2C1152&amp;ssl=1 1536w, https:\/\/i0.wp.com\/ecolefermedesbois.ch\/wp-content\/uploads\/2022\/06\/20220610_114757-scaled.jpg?resize=2048%2C1536&amp;ssl=1 2048w, https:\/\/i0.wp.com\/ecolefermedesbois.ch\/wp-content\/uploads\/2022\/06\/20220610_114757-scaled.jpg?w=1440&amp;ssl=1 1440w, https:\/\/i0.wp.com\/ecolefermedesbois.ch\/wp-content\/uploads\/2022\/06\/20220610_114757-scaled.jpg?w=2160&amp;ssl=1 2160w\" sizes=\"(max-width: 600px) 100vw, 600px\" \/><\/figure>\n\n\n\n<figure class=\"wp-block-image size-large\"><img data-recalc-dims=\"1\" loading=\"lazy\" decoding=\"async\" width=\"600\" height=\"450\" data-id=\"8648\" src=\"https:\/\/i0.wp.com\/ecolefermedesbois.ch\/wp-content\/uploads\/2022\/06\/20220610_130313.jpg?resize=600%2C450&#038;ssl=1\" alt=\"\" class=\"wp-image-8648\" srcset=\"https:\/\/i0.wp.com\/ecolefermedesbois.ch\/wp-content\/uploads\/2022\/06\/20220610_130313-scaled.jpg?resize=600%2C450&amp;ssl=1 600w, https:\/\/i0.wp.com\/ecolefermedesbois.ch\/wp-content\/uploads\/2022\/06\/20220610_130313-scaled.jpg?resize=300%2C225&amp;ssl=1 300w, https:\/\/i0.wp.com\/ecolefermedesbois.ch\/wp-content\/uploads\/2022\/06\/20220610_130313-scaled.jpg?resize=768%2C576&amp;ssl=1 768w, https:\/\/i0.wp.com\/ecolefermedesbois.ch\/wp-content\/uploads\/2022\/06\/20220610_130313-scaled.jpg?resize=1536%2C1152&amp;ssl=1 1536w, https:\/\/i0.wp.com\/ecolefermedesbois.ch\/wp-content\/uploads\/2022\/06\/20220610_130313-scaled.jpg?resize=2048%2C1536&amp;ssl=1 2048w, https:\/\/i0.wp.com\/ecolefermedesbois.ch\/wp-content\/uploads\/2022\/06\/20220610_130313-scaled.jpg?w=1440&amp;ssl=1 1440w, https:\/\/i0.wp.com\/ecolefermedesbois.ch\/wp-content\/uploads\/2022\/06\/20220610_130313-scaled.jpg?w=2160&amp;ssl=1 2160w\" sizes=\"(max-width: 600px) 100vw, 600px\" \/><\/figure>\n\n\n\n<figure class=\"wp-block-image size-large\"><img data-recalc-dims=\"1\" loading=\"lazy\" decoding=\"async\" width=\"600\" height=\"477\" data-id=\"8649\" src=\"https:\/\/i0.wp.com\/ecolefermedesbois.ch\/wp-content\/uploads\/2022\/06\/20220610_131601.jpg?resize=600%2C477&#038;ssl=1\" alt=\"\" class=\"wp-image-8649\" srcset=\"https:\/\/i0.wp.com\/ecolefermedesbois.ch\/wp-content\/uploads\/2022\/06\/20220610_131601-scaled.jpg?resize=600%2C477&amp;ssl=1 600w, https:\/\/i0.wp.com\/ecolefermedesbois.ch\/wp-content\/uploads\/2022\/06\/20220610_131601-scaled.jpg?resize=300%2C239&amp;ssl=1 300w, https:\/\/i0.wp.com\/ecolefermedesbois.ch\/wp-content\/uploads\/2022\/06\/20220610_131601-scaled.jpg?resize=768%2C611&amp;ssl=1 768w, https:\/\/i0.wp.com\/ecolefermedesbois.ch\/wp-content\/uploads\/2022\/06\/20220610_131601-scaled.jpg?resize=1536%2C1221&amp;ssl=1 1536w, https:\/\/i0.wp.com\/ecolefermedesbois.ch\/wp-content\/uploads\/2022\/06\/20220610_131601-scaled.jpg?resize=2048%2C1629&amp;ssl=1 2048w, https:\/\/i0.wp.com\/ecolefermedesbois.ch\/wp-content\/uploads\/2022\/06\/20220610_131601-scaled.jpg?w=1440&amp;ssl=1 1440w, https:\/\/i0.wp.com\/ecolefermedesbois.ch\/wp-content\/uploads\/2022\/06\/20220610_131601-scaled.jpg?w=2160&amp;ssl=1 2160w\" sizes=\"(max-width: 600px) 100vw, 600px\" \/><\/figure>\n\n\n\n<figure class=\"wp-block-image size-large\"><img data-recalc-dims=\"1\" loading=\"lazy\" decoding=\"async\" width=\"600\" height=\"450\" data-id=\"8650\" src=\"https:\/\/i0.wp.com\/ecolefermedesbois.ch\/wp-content\/uploads\/2022\/06\/20220610_131649.jpg?resize=600%2C450&#038;ssl=1\" alt=\"\" class=\"wp-image-8650\" srcset=\"https:\/\/i0.wp.com\/ecolefermedesbois.ch\/wp-content\/uploads\/2022\/06\/20220610_131649-scaled.jpg?resize=600%2C450&amp;ssl=1 600w, https:\/\/i0.wp.com\/ecolefermedesbois.ch\/wp-content\/uploads\/2022\/06\/20220610_131649-scaled.jpg?resize=300%2C225&amp;ssl=1 300w, https:\/\/i0.wp.com\/ecolefermedesbois.ch\/wp-content\/uploads\/2022\/06\/20220610_131649-scaled.jpg?resize=768%2C576&amp;ssl=1 768w, https:\/\/i0.wp.com\/ecolefermedesbois.ch\/wp-content\/uploads\/2022\/06\/20220610_131649-scaled.jpg?resize=1536%2C1152&amp;ssl=1 1536w, https:\/\/i0.wp.com\/ecolefermedesbois.ch\/wp-content\/uploads\/2022\/06\/20220610_131649-scaled.jpg?resize=2048%2C1536&amp;ssl=1 2048w, https:\/\/i0.wp.com\/ecolefermedesbois.ch\/wp-content\/uploads\/2022\/06\/20220610_131649-scaled.jpg?w=1440&amp;ssl=1 1440w, https:\/\/i0.wp.com\/ecolefermedesbois.ch\/wp-content\/uploads\/2022\/06\/20220610_131649-scaled.jpg?w=2160&amp;ssl=1 2160w\" sizes=\"(max-width: 600px) 100vw, 600px\" \/><\/figure>\n\n\n\n<figure class=\"wp-block-image size-large\"><img data-recalc-dims=\"1\" loading=\"lazy\" decoding=\"async\" width=\"600\" height=\"450\" data-id=\"8651\" src=\"https:\/\/i0.wp.com\/ecolefermedesbois.ch\/wp-content\/uploads\/2022\/06\/20220610_131716.jpg?resize=600%2C450&#038;ssl=1\" alt=\"\" class=\"wp-image-8651\" srcset=\"https:\/\/i0.wp.com\/ecolefermedesbois.ch\/wp-content\/uploads\/2022\/06\/20220610_131716-scaled.jpg?resize=600%2C450&amp;ssl=1 600w, https:\/\/i0.wp.com\/ecolefermedesbois.ch\/wp-content\/uploads\/2022\/06\/20220610_131716-scaled.jpg?resize=300%2C225&amp;ssl=1 300w, https:\/\/i0.wp.com\/ecolefermedesbois.ch\/wp-content\/uploads\/2022\/06\/20220610_131716-scaled.jpg?resize=768%2C576&amp;ssl=1 768w, https:\/\/i0.wp.com\/ecolefermedesbois.ch\/wp-content\/uploads\/2022\/06\/20220610_131716-scaled.jpg?resize=1536%2C1152&amp;ssl=1 1536w, https:\/\/i0.wp.com\/ecolefermedesbois.ch\/wp-content\/uploads\/2022\/06\/20220610_131716-scaled.jpg?resize=2048%2C1536&amp;ssl=1 2048w, https:\/\/i0.wp.com\/ecolefermedesbois.ch\/wp-content\/uploads\/2022\/06\/20220610_131716-scaled.jpg?w=1440&amp;ssl=1 1440w, https:\/\/i0.wp.com\/ecolefermedesbois.ch\/wp-content\/uploads\/2022\/06\/20220610_131716-scaled.jpg?w=2160&amp;ssl=1 2160w\" sizes=\"(max-width: 600px) 100vw, 600px\" \/><\/figure>\n\n\n\n<figure class=\"wp-block-image size-large\"><img data-recalc-dims=\"1\" loading=\"lazy\" decoding=\"async\" width=\"450\" height=\"600\" data-id=\"8652\" src=\"https:\/\/i0.wp.com\/ecolefermedesbois.ch\/wp-content\/uploads\/2022\/06\/20220610_132119.jpg?resize=450%2C600&#038;ssl=1\" alt=\"\" class=\"wp-image-8652\" srcset=\"https:\/\/i0.wp.com\/ecolefermedesbois.ch\/wp-content\/uploads\/2022\/06\/20220610_132119-scaled.jpg?resize=450%2C600&amp;ssl=1 450w, https:\/\/i0.wp.com\/ecolefermedesbois.ch\/wp-content\/uploads\/2022\/06\/20220610_132119-scaled.jpg?resize=225%2C300&amp;ssl=1 225w, https:\/\/i0.wp.com\/ecolefermedesbois.ch\/wp-content\/uploads\/2022\/06\/20220610_132119-scaled.jpg?resize=768%2C1024&amp;ssl=1 768w, https:\/\/i0.wp.com\/ecolefermedesbois.ch\/wp-content\/uploads\/2022\/06\/20220610_132119-scaled.jpg?resize=1152%2C1536&amp;ssl=1 1152w, https:\/\/i0.wp.com\/ecolefermedesbois.ch\/wp-content\/uploads\/2022\/06\/20220610_132119-scaled.jpg?resize=1536%2C2048&amp;ssl=1 1536w, https:\/\/i0.wp.com\/ecolefermedesbois.ch\/wp-content\/uploads\/2022\/06\/20220610_132119-scaled.jpg?w=1920&amp;ssl=1 1920w, https:\/\/i0.wp.com\/ecolefermedesbois.ch\/wp-content\/uploads\/2022\/06\/20220610_132119-scaled.jpg?w=1440&amp;ssl=1 1440w\" sizes=\"(max-width: 450px) 100vw, 450px\" \/><\/figure>\n\n\n\n<figure class=\"wp-block-image size-large\"><img data-recalc-dims=\"1\" loading=\"lazy\" decoding=\"async\" width=\"450\" height=\"600\" data-id=\"8653\" src=\"https:\/\/i0.wp.com\/ecolefermedesbois.ch\/wp-content\/uploads\/2022\/06\/20220610_132128.jpg?resize=450%2C600&#038;ssl=1\" alt=\"\" class=\"wp-image-8653\" srcset=\"https:\/\/i0.wp.com\/ecolefermedesbois.ch\/wp-content\/uploads\/2022\/06\/20220610_132128-scaled.jpg?resize=450%2C600&amp;ssl=1 450w, https:\/\/i0.wp.com\/ecolefermedesbois.ch\/wp-content\/uploads\/2022\/06\/20220610_132128-scaled.jpg?resize=225%2C300&amp;ssl=1 225w, https:\/\/i0.wp.com\/ecolefermedesbois.ch\/wp-content\/uploads\/2022\/06\/20220610_132128-scaled.jpg?resize=768%2C1024&amp;ssl=1 768w, https:\/\/i0.wp.com\/ecolefermedesbois.ch\/wp-content\/uploads\/2022\/06\/20220610_132128-scaled.jpg?resize=1152%2C1536&amp;ssl=1 1152w, https:\/\/i0.wp.com\/ecolefermedesbois.ch\/wp-content\/uploads\/2022\/06\/20220610_132128-scaled.jpg?resize=1536%2C2048&amp;ssl=1 1536w, https:\/\/i0.wp.com\/ecolefermedesbois.ch\/wp-content\/uploads\/2022\/06\/20220610_132128-scaled.jpg?w=1920&amp;ssl=1 1920w, https:\/\/i0.wp.com\/ecolefermedesbois.ch\/wp-content\/uploads\/2022\/06\/20220610_132128-scaled.jpg?w=1440&amp;ssl=1 1440w\" sizes=\"(max-width: 450px) 100vw, 450px\" \/><\/figure>\n\n\n\n<figure class=\"wp-block-image size-large\"><img data-recalc-dims=\"1\" loading=\"lazy\" decoding=\"async\" width=\"600\" height=\"450\" data-id=\"8654\" src=\"https:\/\/i0.wp.com\/ecolefermedesbois.ch\/wp-content\/uploads\/2022\/06\/20220610_133618.jpg?resize=600%2C450&#038;ssl=1\" alt=\"\" class=\"wp-image-8654\" srcset=\"https:\/\/i0.wp.com\/ecolefermedesbois.ch\/wp-content\/uploads\/2022\/06\/20220610_133618-scaled.jpg?resize=600%2C450&amp;ssl=1 600w, https:\/\/i0.wp.com\/ecolefermedesbois.ch\/wp-content\/uploads\/2022\/06\/20220610_133618-scaled.jpg?resize=300%2C225&amp;ssl=1 300w, https:\/\/i0.wp.com\/ecolefermedesbois.ch\/wp-content\/uploads\/2022\/06\/20220610_133618-scaled.jpg?resize=768%2C576&amp;ssl=1 768w, https:\/\/i0.wp.com\/ecolefermedesbois.ch\/wp-content\/uploads\/2022\/06\/20220610_133618-scaled.jpg?resize=1536%2C1152&amp;ssl=1 1536w, https:\/\/i0.wp.com\/ecolefermedesbois.ch\/wp-content\/uploads\/2022\/06\/20220610_133618-scaled.jpg?resize=2048%2C1536&amp;ssl=1 2048w, https:\/\/i0.wp.com\/ecolefermedesbois.ch\/wp-content\/uploads\/2022\/06\/20220610_133618-scaled.jpg?w=1440&amp;ssl=1 1440w, https:\/\/i0.wp.com\/ecolefermedesbois.ch\/wp-content\/uploads\/2022\/06\/20220610_133618-scaled.jpg?w=2160&amp;ssl=1 2160w\" sizes=\"(max-width: 600px) 100vw, 600px\" \/><\/figure>\n\n\n\n<figure class=\"wp-block-image size-large\"><img data-recalc-dims=\"1\" loading=\"lazy\" decoding=\"async\" width=\"450\" height=\"600\" data-id=\"8655\" src=\"https:\/\/i0.wp.com\/ecolefermedesbois.ch\/wp-content\/uploads\/2022\/06\/20220610_134612.jpg?resize=450%2C600&#038;ssl=1\" alt=\"\" class=\"wp-image-8655\" srcset=\"https:\/\/i0.wp.com\/ecolefermedesbois.ch\/wp-content\/uploads\/2022\/06\/20220610_134612-scaled.jpg?resize=450%2C600&amp;ssl=1 450w, https:\/\/i0.wp.com\/ecolefermedesbois.ch\/wp-content\/uploads\/2022\/06\/20220610_134612-scaled.jpg?resize=225%2C300&amp;ssl=1 225w, https:\/\/i0.wp.com\/ecolefermedesbois.ch\/wp-content\/uploads\/2022\/06\/20220610_134612-scaled.jpg?resize=768%2C1024&amp;ssl=1 768w, https:\/\/i0.wp.com\/ecolefermedesbois.ch\/wp-content\/uploads\/2022\/06\/20220610_134612-scaled.jpg?resize=1152%2C1536&amp;ssl=1 1152w, https:\/\/i0.wp.com\/ecolefermedesbois.ch\/wp-content\/uploads\/2022\/06\/20220610_134612-scaled.jpg?resize=1536%2C2048&amp;ssl=1 1536w, https:\/\/i0.wp.com\/ecolefermedesbois.ch\/wp-content\/uploads\/2022\/06\/20220610_134612-scaled.jpg?w=1920&amp;ssl=1 1920w, https:\/\/i0.wp.com\/ecolefermedesbois.ch\/wp-content\/uploads\/2022\/06\/20220610_134612-scaled.jpg?w=1440&amp;ssl=1 1440w\" sizes=\"(max-width: 450px) 100vw, 450px\" \/><\/figure>\n\n\n\n<figure class=\"wp-block-image size-large\"><img data-recalc-dims=\"1\" loading=\"lazy\" decoding=\"async\" width=\"450\" height=\"600\" data-id=\"8659\" src=\"https:\/\/i0.wp.com\/ecolefermedesbois.ch\/wp-content\/uploads\/2022\/06\/20220610_134615.jpg?resize=450%2C600&#038;ssl=1\" alt=\"\" class=\"wp-image-8659\" srcset=\"https:\/\/i0.wp.com\/ecolefermedesbois.ch\/wp-content\/uploads\/2022\/06\/20220610_134615-scaled.jpg?resize=450%2C600&amp;ssl=1 450w, https:\/\/i0.wp.com\/ecolefermedesbois.ch\/wp-content\/uploads\/2022\/06\/20220610_134615-scaled.jpg?resize=225%2C300&amp;ssl=1 225w, https:\/\/i0.wp.com\/ecolefermedesbois.ch\/wp-content\/uploads\/2022\/06\/20220610_134615-scaled.jpg?resize=768%2C1024&amp;ssl=1 768w, https:\/\/i0.wp.com\/ecolefermedesbois.ch\/wp-content\/uploads\/2022\/06\/20220610_134615-scaled.jpg?resize=1152%2C1536&amp;ssl=1 1152w, https:\/\/i0.wp.com\/ecolefermedesbois.ch\/wp-content\/uploads\/2022\/06\/20220610_134615-scaled.jpg?resize=1536%2C2048&amp;ssl=1 1536w, https:\/\/i0.wp.com\/ecolefermedesbois.ch\/wp-content\/uploads\/2022\/06\/20220610_134615-scaled.jpg?w=1920&amp;ssl=1 1920w, https:\/\/i0.wp.com\/ecolefermedesbois.ch\/wp-content\/uploads\/2022\/06\/20220610_134615-scaled.jpg?w=1440&amp;ssl=1 1440w\" sizes=\"(max-width: 450px) 100vw, 450px\" \/><\/figure>\n\n\n\n<figure class=\"wp-block-image size-large\"><img data-recalc-dims=\"1\" loading=\"lazy\" decoding=\"async\" width=\"450\" height=\"600\" data-id=\"8658\" src=\"https:\/\/i0.wp.com\/ecolefermedesbois.ch\/wp-content\/uploads\/2022\/06\/20220610_135701.jpg?resize=450%2C600&#038;ssl=1\" alt=\"\" class=\"wp-image-8658\" srcset=\"https:\/\/i0.wp.com\/ecolefermedesbois.ch\/wp-content\/uploads\/2022\/06\/20220610_135701-scaled.jpg?resize=450%2C600&amp;ssl=1 450w, https:\/\/i0.wp.com\/ecolefermedesbois.ch\/wp-content\/uploads\/2022\/06\/20220610_135701-scaled.jpg?resize=225%2C300&amp;ssl=1 225w, https:\/\/i0.wp.com\/ecolefermedesbois.ch\/wp-content\/uploads\/2022\/06\/20220610_135701-scaled.jpg?resize=768%2C1024&amp;ssl=1 768w, https:\/\/i0.wp.com\/ecolefermedesbois.ch\/wp-content\/uploads\/2022\/06\/20220610_135701-scaled.jpg?resize=1152%2C1536&amp;ssl=1 1152w, https:\/\/i0.wp.com\/ecolefermedesbois.ch\/wp-content\/uploads\/2022\/06\/20220610_135701-scaled.jpg?resize=1536%2C2048&amp;ssl=1 1536w, https:\/\/i0.wp.com\/ecolefermedesbois.ch\/wp-content\/uploads\/2022\/06\/20220610_135701-scaled.jpg?w=1920&amp;ssl=1 1920w, https:\/\/i0.wp.com\/ecolefermedesbois.ch\/wp-content\/uploads\/2022\/06\/20220610_135701-scaled.jpg?w=1440&amp;ssl=1 1440w\" sizes=\"(max-width: 450px) 100vw, 450px\" \/><\/figure>\n\n\n\n<figure class=\"wp-block-image size-large\"><img data-recalc-dims=\"1\" loading=\"lazy\" decoding=\"async\" width=\"547\" height=\"600\" data-id=\"8656\" src=\"https:\/\/i0.wp.com\/ecolefermedesbois.ch\/wp-content\/uploads\/2022\/06\/IMG-20220610-WA0019.jpg?resize=547%2C600&#038;ssl=1\" alt=\"\" class=\"wp-image-8656\" srcset=\"https:\/\/i0.wp.com\/ecolefermedesbois.ch\/wp-content\/uploads\/2022\/06\/IMG-20220610-WA0019.jpg?resize=547%2C600&amp;ssl=1 547w, https:\/\/i0.wp.com\/ecolefermedesbois.ch\/wp-content\/uploads\/2022\/06\/IMG-20220610-WA0019.jpg?resize=273%2C300&amp;ssl=1 273w, https:\/\/i0.wp.com\/ecolefermedesbois.ch\/wp-content\/uploads\/2022\/06\/IMG-20220610-WA0019.jpg?resize=768%2C843&amp;ssl=1 768w, https:\/\/i0.wp.com\/ecolefermedesbois.ch\/wp-content\/uploads\/2022\/06\/IMG-20220610-WA0019.jpg?w=1124&amp;ssl=1 1124w\" sizes=\"(max-width: 547px) 100vw, 547px\" \/><\/figure>\n\n\n\n<figure class=\"wp-block-image size-large\"><img data-recalc-dims=\"1\" loading=\"lazy\" decoding=\"async\" width=\"504\" height=\"595\" data-id=\"8657\" src=\"https:\/\/i0.wp.com\/ecolefermedesbois.ch\/wp-content\/uploads\/2022\/06\/IMG-20220610-WA0022.jpg?resize=504%2C595&#038;ssl=1\" alt=\"\" class=\"wp-image-8657\" srcset=\"https:\/\/i0.wp.com\/ecolefermedesbois.ch\/wp-content\/uploads\/2022\/06\/IMG-20220610-WA0022.jpg?w=504&amp;ssl=1 504w, https:\/\/i0.wp.com\/ecolefermedesbois.ch\/wp-content\/uploads\/2022\/06\/IMG-20220610-WA0022.jpg?resize=254%2C300&amp;ssl=1 254w\" sizes=\"(max-width: 504px) 100vw, 504px\" \/><\/figure>\n\n\n\n<figure class=\"wp-block-image size-large\"><img data-recalc-dims=\"1\" loading=\"lazy\" decoding=\"async\" width=\"431\" height=\"600\" data-id=\"8660\" src=\"https:\/\/i0.wp.com\/ecolefermedesbois.ch\/wp-content\/uploads\/2022\/06\/IMG-20220610-WA0023.jpg?resize=431%2C600&#038;ssl=1\" alt=\"\" class=\"wp-image-8660\" srcset=\"https:\/\/i0.wp.com\/ecolefermedesbois.ch\/wp-content\/uploads\/2022\/06\/IMG-20220610-WA0023.jpg?resize=431%2C600&amp;ssl=1 431w, https:\/\/i0.wp.com\/ecolefermedesbois.ch\/wp-content\/uploads\/2022\/06\/IMG-20220610-WA0023.jpg?resize=216%2C300&amp;ssl=1 216w, https:\/\/i0.wp.com\/ecolefermedesbois.ch\/wp-content\/uploads\/2022\/06\/IMG-20220610-WA0023.jpg?resize=768%2C1068&amp;ssl=1 768w, https:\/\/i0.wp.com\/ecolefermedesbois.ch\/wp-content\/uploads\/2022\/06\/IMG-20220610-WA0023.jpg?resize=1104%2C1536&amp;ssl=1 1104w, https:\/\/i0.wp.com\/ecolefermedesbois.ch\/wp-content\/uploads\/2022\/06\/IMG-20220610-WA0023.jpg?w=1116&amp;ssl=1 1116w\" sizes=\"(max-width: 431px) 100vw, 431px\" \/><\/figure>\n\n\n\n<figure class=\"wp-block-image size-large\"><img data-recalc-dims=\"1\" loading=\"lazy\" decoding=\"async\" width=\"503\" height=\"600\" data-id=\"8661\" src=\"https:\/\/i0.wp.com\/ecolefermedesbois.ch\/wp-content\/uploads\/2022\/06\/IMG-20220610-WA0025.jpg?resize=503%2C600&#038;ssl=1\" alt=\"\" class=\"wp-image-8661\" srcset=\"https:\/\/i0.wp.com\/ecolefermedesbois.ch\/wp-content\/uploads\/2022\/06\/IMG-20220610-WA0025.jpg?resize=503%2C600&amp;ssl=1 503w, https:\/\/i0.wp.com\/ecolefermedesbois.ch\/wp-content\/uploads\/2022\/06\/IMG-20220610-WA0025.jpg?resize=251%2C300&amp;ssl=1 251w, https:\/\/i0.wp.com\/ecolefermedesbois.ch\/wp-content\/uploads\/2022\/06\/IMG-20220610-WA0025.jpg?resize=768%2C917&amp;ssl=1 768w, https:\/\/i0.wp.com\/ecolefermedesbois.ch\/wp-content\/uploads\/2022\/06\/IMG-20220610-WA0025.jpg?w=1124&amp;ssl=1 1124w\" sizes=\"(max-width: 503px) 100vw, 503px\" \/><\/figure>\n\n\n\n<figure class=\"wp-block-image size-large\"><img data-recalc-dims=\"1\" loading=\"lazy\" decoding=\"async\" width=\"337\" height=\"600\" data-id=\"8662\" src=\"https:\/\/i0.wp.com\/ecolefermedesbois.ch\/wp-content\/uploads\/2022\/06\/IMG-20220610-WA0030.jpg?resize=337%2C600&#038;ssl=1\" alt=\"\" class=\"wp-image-8662\" srcset=\"https:\/\/i0.wp.com\/ecolefermedesbois.ch\/wp-content\/uploads\/2022\/06\/IMG-20220610-WA0030.jpg?resize=337%2C600&amp;ssl=1 337w, https:\/\/i0.wp.com\/ecolefermedesbois.ch\/wp-content\/uploads\/2022\/06\/IMG-20220610-WA0030.jpg?resize=169%2C300&amp;ssl=1 169w, https:\/\/i0.wp.com\/ecolefermedesbois.ch\/wp-content\/uploads\/2022\/06\/IMG-20220610-WA0030.jpg?resize=768%2C1367&amp;ssl=1 768w, https:\/\/i0.wp.com\/ecolefermedesbois.ch\/wp-content\/uploads\/2022\/06\/IMG-20220610-WA0030.jpg?resize=863%2C1536&amp;ssl=1 863w, https:\/\/i0.wp.com\/ecolefermedesbois.ch\/wp-content\/uploads\/2022\/06\/IMG-20220610-WA0030.jpg?w=1124&amp;ssl=1 1124w\" sizes=\"(max-width: 337px) 100vw, 337px\" \/><\/figure>\n<\/figure>\n","protected":false},"excerpt":{"rendered":"<p>Vendredi, les \u00e9l\u00e8ves 1-2P de Chexbres sont venus passer une journ\u00e9e \u00e0 la ferme pour leur course d&rsquo;\u00e9cole.Tout au long&#46;&#46;&#46;<\/p>\n","protected":false},"author":2,"featured_media":8646,"comment_status":"open","ping_status":"open","sticky":false,"template":"","format":"image","meta":{"jetpack_post_was_ever_published":false,"footnotes":"","jetpack_publicize_message":"","jetpack_publicize_feature_enabled":true,"jetpack_social_post_already_shared":true,"jetpack_social_options":{"image_generator_settings":{"template":"highway","default_image_id":0,"font":"","enabled":false},"version":2}},"categories":[33],"tags":[],"class_list":["post-8635","post","type-post","status-publish","format-image","has-post-thumbnail","hentry","category-ecole","post_format-post-format-image"],"yoast_head":"<!-- This site is optimized with the Yoast SEO plugin v27.4 - https:\/\/yoast.com\/product\/yoast-seo-wordpress\/ -->\n<title>La classe de Laure Pernet en course d&#039;\u00e9cole &#x1f392; -<\/title>\n<meta name=\"robots\" content=\"index, follow, max-snippet:-1, max-image-preview:large, max-video-preview:-1\" \/>\n<link rel=\"canonical\" href=\"https:\/\/ecolefermedesbois.ch\/?p=8635\" \/>\n<meta property=\"og:locale\" content=\"fr_FR\" \/>\n<meta property=\"og:type\" content=\"article\" \/>\n<meta property=\"og:title\" content=\"La classe de Laure Pernet en course d&#039;\u00e9cole &#x1f392; -\" \/>\n<meta property=\"og:description\" content=\"Vendredi, les \u00e9l\u00e8ves 1-2P de Chexbres sont venus passer une journ\u00e9e \u00e0 la ferme pour leur course d&rsquo;\u00e9cole.Tout au long&#046;&#046;&#046;\" \/>\n<meta property=\"og:url\" content=\"https:\/\/ecolefermedesbois.ch\/?p=8635\" \/>\n<meta property=\"article:publisher\" content=\"https:\/\/www.facebook.com\/ecolefermedesBois\" \/>\n<meta property=\"article:published_time\" content=\"2022-06-13T15:53:37+00:00\" \/>\n<meta property=\"article:modified_time\" content=\"2022-06-15T19:58:40+00:00\" \/>\n<meta property=\"og:image\" content=\"https:\/\/ecolefermedesbois.ch\/wp-content\/uploads\/2022\/06\/20220610_112716-scaled.jpg\" \/>\n\t<meta property=\"og:image:width\" content=\"1920\" \/>\n\t<meta property=\"og:image:height\" content=\"2560\" \/>\n\t<meta property=\"og:image:type\" content=\"image\/jpeg\" \/>\n<meta name=\"author\" content=\"Sophie\" \/>\n<meta name=\"twitter:card\" content=\"summary_large_image\" \/>\n<meta name=\"twitter:label1\" content=\"\u00c9crit par\" \/>\n\t<meta name=\"twitter:data1\" content=\"Sophie\" \/>\n\t<meta name=\"twitter:label2\" content=\"Dur\u00e9e de lecture estim\u00e9e\" \/>\n\t<meta name=\"twitter:data2\" content=\"9 minutes\" \/>\n<script type=\"application\/ld+json\" class=\"yoast-schema-graph\">{\"@context\":\"https:\\\/\\\/schema.org\",\"@graph\":[{\"@type\":\"Article\",\"@id\":\"https:\\\/\\\/ecolefermedesbois.ch\\\/?p=8635#article\",\"isPartOf\":{\"@id\":\"https:\\\/\\\/ecolefermedesbois.ch\\\/?p=8635\"},\"author\":{\"name\":\"Sophie\",\"@id\":\"https:\\\/\\\/ecolefermedesbois.ch\\\/#\\\/schema\\\/person\\\/78f5a1c78e958e51240f90932d290908\"},\"headline\":\"La classe de Laure Pernet en course d&rsquo;\u00e9cole &#x1f392;\",\"datePublished\":\"2022-06-13T15:53:37+00:00\",\"dateModified\":\"2022-06-15T19:58:40+00:00\",\"mainEntityOfPage\":{\"@id\":\"https:\\\/\\\/ecolefermedesbois.ch\\\/?p=8635\"},\"wordCount\":648,\"commentCount\":2,\"publisher\":{\"@id\":\"https:\\\/\\\/ecolefermedesbois.ch\\\/#organization\"},\"image\":{\"@id\":\"https:\\\/\\\/ecolefermedesbois.ch\\\/?p=8635#primaryimage\"},\"thumbnailUrl\":\"https:\\\/\\\/i0.wp.com\\\/ecolefermedesbois.ch\\\/wp-content\\\/uploads\\\/2022\\\/06\\\/20220610_112716-scaled.jpg?fit=1920%2C2560&ssl=1\",\"articleSection\":[\"Ecole\"],\"inLanguage\":\"fr-FR\",\"potentialAction\":[{\"@type\":\"CommentAction\",\"name\":\"Comment\",\"target\":[\"https:\\\/\\\/ecolefermedesbois.ch\\\/?p=8635#respond\"]}]},{\"@type\":\"WebPage\",\"@id\":\"https:\\\/\\\/ecolefermedesbois.ch\\\/?p=8635\",\"url\":\"https:\\\/\\\/ecolefermedesbois.ch\\\/?p=8635\",\"name\":\"La classe de Laure Pernet en course d'\u00e9cole &#x1f392; -\",\"isPartOf\":{\"@id\":\"https:\\\/\\\/ecolefermedesbois.ch\\\/#website\"},\"primaryImageOfPage\":{\"@id\":\"https:\\\/\\\/ecolefermedesbois.ch\\\/?p=8635#primaryimage\"},\"image\":{\"@id\":\"https:\\\/\\\/ecolefermedesbois.ch\\\/?p=8635#primaryimage\"},\"thumbnailUrl\":\"https:\\\/\\\/i0.wp.com\\\/ecolefermedesbois.ch\\\/wp-content\\\/uploads\\\/2022\\\/06\\\/20220610_112716-scaled.jpg?fit=1920%2C2560&ssl=1\",\"datePublished\":\"2022-06-13T15:53:37+00:00\",\"dateModified\":\"2022-06-15T19:58:40+00:00\",\"breadcrumb\":{\"@id\":\"https:\\\/\\\/ecolefermedesbois.ch\\\/?p=8635#breadcrumb\"},\"inLanguage\":\"fr-FR\",\"potentialAction\":[{\"@type\":\"ReadAction\",\"target\":[\"https:\\\/\\\/ecolefermedesbois.ch\\\/?p=8635\"]}]},{\"@type\":\"ImageObject\",\"inLanguage\":\"fr-FR\",\"@id\":\"https:\\\/\\\/ecolefermedesbois.ch\\\/?p=8635#primaryimage\",\"url\":\"https:\\\/\\\/i0.wp.com\\\/ecolefermedesbois.ch\\\/wp-content\\\/uploads\\\/2022\\\/06\\\/20220610_112716-scaled.jpg?fit=1920%2C2560&ssl=1\",\"contentUrl\":\"https:\\\/\\\/i0.wp.com\\\/ecolefermedesbois.ch\\\/wp-content\\\/uploads\\\/2022\\\/06\\\/20220610_112716-scaled.jpg?fit=1920%2C2560&ssl=1\",\"width\":1920,\"height\":2560},{\"@type\":\"BreadcrumbList\",\"@id\":\"https:\\\/\\\/ecolefermedesbois.ch\\\/?p=8635#breadcrumb\",\"itemListElement\":[{\"@type\":\"ListItem\",\"position\":1,\"name\":\"Accueil\",\"item\":\"https:\\\/\\\/ecolefermedesbois.ch\\\/\"},{\"@type\":\"ListItem\",\"position\":2,\"name\":\"La classe de Laure Pernet en course d&rsquo;\u00e9cole &#x1f392;\"}]},{\"@type\":\"WebSite\",\"@id\":\"https:\\\/\\\/ecolefermedesbois.ch\\\/#website\",\"url\":\"https:\\\/\\\/ecolefermedesbois.ch\\\/\",\"name\":\"ecolefermedesbois\",\"description\":\"\",\"publisher\":{\"@id\":\"https:\\\/\\\/ecolefermedesbois.ch\\\/#organization\"},\"potentialAction\":[{\"@type\":\"SearchAction\",\"target\":{\"@type\":\"EntryPoint\",\"urlTemplate\":\"https:\\\/\\\/ecolefermedesbois.ch\\\/?s={search_term_string}\"},\"query-input\":{\"@type\":\"PropertyValueSpecification\",\"valueRequired\":true,\"valueName\":\"search_term_string\"}}],\"inLanguage\":\"fr-FR\"},{\"@type\":\"Organization\",\"@id\":\"https:\\\/\\\/ecolefermedesbois.ch\\\/#organization\",\"name\":\"Ecole \u00e0 la Ferme des Bois\",\"url\":\"https:\\\/\\\/ecolefermedesbois.ch\\\/\",\"logo\":{\"@type\":\"ImageObject\",\"inLanguage\":\"fr-FR\",\"@id\":\"https:\\\/\\\/ecolefermedesbois.ch\\\/#\\\/schema\\\/logo\\\/image\\\/\",\"url\":\"https:\\\/\\\/ecolefermedesbois.ch\\\/wp-content\\\/uploads\\\/2019\\\/04\\\/logo-scaled.gif\",\"contentUrl\":\"https:\\\/\\\/ecolefermedesbois.ch\\\/wp-content\\\/uploads\\\/2019\\\/04\\\/logo-scaled.gif\",\"width\":2560,\"height\":608,\"caption\":\"Ecole \u00e0 la Ferme des Bois\"},\"image\":{\"@id\":\"https:\\\/\\\/ecolefermedesbois.ch\\\/#\\\/schema\\\/logo\\\/image\\\/\"},\"sameAs\":[\"https:\\\/\\\/www.facebook.com\\\/ecolefermedesBois\"]},{\"@type\":\"Person\",\"@id\":\"https:\\\/\\\/ecolefermedesbois.ch\\\/#\\\/schema\\\/person\\\/78f5a1c78e958e51240f90932d290908\",\"name\":\"Sophie\",\"image\":{\"@type\":\"ImageObject\",\"inLanguage\":\"fr-FR\",\"@id\":\"https:\\\/\\\/secure.gravatar.com\\\/avatar\\\/053fbaec50cb27b03b880a4b8b018009aa3af995f32011efc3f40a589371d46f?s=96&d=mm&r=g\",\"url\":\"https:\\\/\\\/secure.gravatar.com\\\/avatar\\\/053fbaec50cb27b03b880a4b8b018009aa3af995f32011efc3f40a589371d46f?s=96&d=mm&r=g\",\"contentUrl\":\"https:\\\/\\\/secure.gravatar.com\\\/avatar\\\/053fbaec50cb27b03b880a4b8b018009aa3af995f32011efc3f40a589371d46f?s=96&d=mm&r=g\",\"caption\":\"Sophie\"},\"url\":\"https:\\\/\\\/ecolefermedesbois.ch\\\/?author=2\"}]}<\/script>\n<!-- \/ Yoast SEO plugin. -->","yoast_head_json":{"title":"La classe de Laure Pernet en course d'\u00e9cole &#x1f392; -","robots":{"index":"index","follow":"follow","max-snippet":"max-snippet:-1","max-image-preview":"max-image-preview:large","max-video-preview":"max-video-preview:-1"},"canonical":"https:\/\/ecolefermedesbois.ch\/?p=8635","og_locale":"fr_FR","og_type":"article","og_title":"La classe de Laure Pernet en course d'\u00e9cole &#x1f392; -","og_description":"Vendredi, les \u00e9l\u00e8ves 1-2P de Chexbres sont venus passer une journ\u00e9e \u00e0 la ferme pour leur course d&rsquo;\u00e9cole.Tout au long&#46;&#46;&#46;","og_url":"https:\/\/ecolefermedesbois.ch\/?p=8635","article_publisher":"https:\/\/www.facebook.com\/ecolefermedesBois","article_published_time":"2022-06-13T15:53:37+00:00","article_modified_time":"2022-06-15T19:58:40+00:00","og_image":[{"width":1920,"height":2560,"url":"https:\/\/ecolefermedesbois.ch\/wp-content\/uploads\/2022\/06\/20220610_112716-scaled.jpg","type":"image\/jpeg"}],"author":"Sophie","twitter_card":"summary_large_image","twitter_misc":{"\u00c9crit par":"Sophie","Dur\u00e9e de lecture estim\u00e9e":"9 minutes"},"schema":{"@context":"https:\/\/schema.org","@graph":[{"@type":"Article","@id":"https:\/\/ecolefermedesbois.ch\/?p=8635#article","isPartOf":{"@id":"https:\/\/ecolefermedesbois.ch\/?p=8635"},"author":{"name":"Sophie","@id":"https:\/\/ecolefermedesbois.ch\/#\/schema\/person\/78f5a1c78e958e51240f90932d290908"},"headline":"La classe de Laure Pernet en course d&rsquo;\u00e9cole &#x1f392;","datePublished":"2022-06-13T15:53:37+00:00","dateModified":"2022-06-15T19:58:40+00:00","mainEntityOfPage":{"@id":"https:\/\/ecolefermedesbois.ch\/?p=8635"},"wordCount":648,"commentCount":2,"publisher":{"@id":"https:\/\/ecolefermedesbois.ch\/#organization"},"image":{"@id":"https:\/\/ecolefermedesbois.ch\/?p=8635#primaryimage"},"thumbnailUrl":"https:\/\/i0.wp.com\/ecolefermedesbois.ch\/wp-content\/uploads\/2022\/06\/20220610_112716-scaled.jpg?fit=1920%2C2560&ssl=1","articleSection":["Ecole"],"inLanguage":"fr-FR","potentialAction":[{"@type":"CommentAction","name":"Comment","target":["https:\/\/ecolefermedesbois.ch\/?p=8635#respond"]}]},{"@type":"WebPage","@id":"https:\/\/ecolefermedesbois.ch\/?p=8635","url":"https:\/\/ecolefermedesbois.ch\/?p=8635","name":"La classe de Laure Pernet en course d'\u00e9cole &#x1f392; -","isPartOf":{"@id":"https:\/\/ecolefermedesbois.ch\/#website"},"primaryImageOfPage":{"@id":"https:\/\/ecolefermedesbois.ch\/?p=8635#primaryimage"},"image":{"@id":"https:\/\/ecolefermedesbois.ch\/?p=8635#primaryimage"},"thumbnailUrl":"https:\/\/i0.wp.com\/ecolefermedesbois.ch\/wp-content\/uploads\/2022\/06\/20220610_112716-scaled.jpg?fit=1920%2C2560&ssl=1","datePublished":"2022-06-13T15:53:37+00:00","dateModified":"2022-06-15T19:58:40+00:00","breadcrumb":{"@id":"https:\/\/ecolefermedesbois.ch\/?p=8635#breadcrumb"},"inLanguage":"fr-FR","potentialAction":[{"@type":"ReadAction","target":["https:\/\/ecolefermedesbois.ch\/?p=8635"]}]},{"@type":"ImageObject","inLanguage":"fr-FR","@id":"https:\/\/ecolefermedesbois.ch\/?p=8635#primaryimage","url":"https:\/\/i0.wp.com\/ecolefermedesbois.ch\/wp-content\/uploads\/2022\/06\/20220610_112716-scaled.jpg?fit=1920%2C2560&ssl=1","contentUrl":"https:\/\/i0.wp.com\/ecolefermedesbois.ch\/wp-content\/uploads\/2022\/06\/20220610_112716-scaled.jpg?fit=1920%2C2560&ssl=1","width":1920,"height":2560},{"@type":"BreadcrumbList","@id":"https:\/\/ecolefermedesbois.ch\/?p=8635#breadcrumb","itemListElement":[{"@type":"ListItem","position":1,"name":"Accueil","item":"https:\/\/ecolefermedesbois.ch\/"},{"@type":"ListItem","position":2,"name":"La classe de Laure Pernet en course d&rsquo;\u00e9cole &#x1f392;"}]},{"@type":"WebSite","@id":"https:\/\/ecolefermedesbois.ch\/#website","url":"https:\/\/ecolefermedesbois.ch\/","name":"ecolefermedesbois","description":"","publisher":{"@id":"https:\/\/ecolefermedesbois.ch\/#organization"},"potentialAction":[{"@type":"SearchAction","target":{"@type":"EntryPoint","urlTemplate":"https:\/\/ecolefermedesbois.ch\/?s={search_term_string}"},"query-input":{"@type":"PropertyValueSpecification","valueRequired":true,"valueName":"search_term_string"}}],"inLanguage":"fr-FR"},{"@type":"Organization","@id":"https:\/\/ecolefermedesbois.ch\/#organization","name":"Ecole \u00e0 la Ferme des Bois","url":"https:\/\/ecolefermedesbois.ch\/","logo":{"@type":"ImageObject","inLanguage":"fr-FR","@id":"https:\/\/ecolefermedesbois.ch\/#\/schema\/logo\/image\/","url":"https:\/\/ecolefermedesbois.ch\/wp-content\/uploads\/2019\/04\/logo-scaled.gif","contentUrl":"https:\/\/ecolefermedesbois.ch\/wp-content\/uploads\/2019\/04\/logo-scaled.gif","width":2560,"height":608,"caption":"Ecole \u00e0 la Ferme des Bois"},"image":{"@id":"https:\/\/ecolefermedesbois.ch\/#\/schema\/logo\/image\/"},"sameAs":["https:\/\/www.facebook.com\/ecolefermedesBois"]},{"@type":"Person","@id":"https:\/\/ecolefermedesbois.ch\/#\/schema\/person\/78f5a1c78e958e51240f90932d290908","name":"Sophie","image":{"@type":"ImageObject","inLanguage":"fr-FR","@id":"https:\/\/secure.gravatar.com\/avatar\/053fbaec50cb27b03b880a4b8b018009aa3af995f32011efc3f40a589371d46f?s=96&d=mm&r=g","url":"https:\/\/secure.gravatar.com\/avatar\/053fbaec50cb27b03b880a4b8b018009aa3af995f32011efc3f40a589371d46f?s=96&d=mm&r=g","contentUrl":"https:\/\/secure.gravatar.com\/avatar\/053fbaec50cb27b03b880a4b8b018009aa3af995f32011efc3f40a589371d46f?s=96&d=mm&r=g","caption":"Sophie"},"url":"https:\/\/ecolefermedesbois.ch\/?author=2"}]}},"jetpack_publicize_connections":[],"jetpack_featured_media_url":"https:\/\/i0.wp.com\/ecolefermedesbois.ch\/wp-content\/uploads\/2022\/06\/20220610_112716-scaled.jpg?fit=1920%2C2560&ssl=1","jetpack_sharing_enabled":true,"_links":{"self":[{"href":"https:\/\/ecolefermedesbois.ch\/index.php?rest_route=\/wp\/v2\/posts\/8635","targetHints":{"allow":["GET"]}}],"collection":[{"href":"https:\/\/ecolefermedesbois.ch\/index.php?rest_route=\/wp\/v2\/posts"}],"about":[{"href":"https:\/\/ecolefermedesbois.ch\/index.php?rest_route=\/wp\/v2\/types\/post"}],"author":[{"embeddable":true,"href":"https:\/\/ecolefermedesbois.ch\/index.php?rest_route=\/wp\/v2\/users\/2"}],"replies":[{"embeddable":true,"href":"https:\/\/ecolefermedesbois.ch\/index.php?rest_route=%2Fwp%2Fv2%2Fcomments&post=8635"}],"version-history":[{"count":2,"href":"https:\/\/ecolefermedesbois.ch\/index.php?rest_route=\/wp\/v2\/posts\/8635\/revisions"}],"predecessor-version":[{"id":8666,"href":"https:\/\/ecolefermedesbois.ch\/index.php?rest_route=\/wp\/v2\/posts\/8635\/revisions\/8666"}],"wp:featuredmedia":[{"embeddable":true,"href":"https:\/\/ecolefermedesbois.ch\/index.php?rest_route=\/wp\/v2\/media\/8646"}],"wp:attachment":[{"href":"https:\/\/ecolefermedesbois.ch\/index.php?rest_route=%2Fwp%2Fv2%2Fmedia&parent=8635"}],"wp:term":[{"taxonomy":"category","embeddable":true,"href":"https:\/\/ecolefermedesbois.ch\/index.php?rest_route=%2Fwp%2Fv2%2Fcategories&post=8635"},{"taxonomy":"post_tag","embeddable":true,"href":"https:\/\/ecolefermedesbois.ch\/index.php?rest_route=%2Fwp%2Fv2%2Ftags&post=8635"}],"curies":[{"name":"wp","href":"https:\/\/api.w.org\/{rel}","templated":true}]}}