{"id":8411,"date":"2022-06-06T10:52:20","date_gmt":"2022-06-06T08:52:20","guid":{"rendered":"https:\/\/ecolefermedesbois.ch\/?p=8411"},"modified":"2022-06-06T13:59:25","modified_gmt":"2022-06-06T11:59:25","slug":"la-boite-a-couleurs-au-potager","status":"publish","type":"post","link":"https:\/\/ecolefermedesbois.ch\/?p=8411","title":{"rendered":"La Bo\u00eete \u00e0 Couleurs au potager"},"content":{"rendered":"<div class=\"pdfprnt-buttons pdfprnt-buttons-post pdfprnt-top-right\"><a href=\"https:\/\/ecolefermedesbois.ch\/index.php?rest_route=%2Fwp%2Fv2%2Fposts%2F8411&print=pdf\" class=\"pdfprnt-button pdfprnt-button-pdf\" target=\"_blank\" ><img data-recalc-dims=\"1\" decoding=\"async\" src=\"https:\/\/i0.wp.com\/ecolefermedesbois.ch\/wp-content\/plugins\/pdf-print\/images\/pdf.png?w=720&#038;ssl=1\" alt=\"image_pdf\" title=\"Afficher le PDF\" \/><\/a><a href=\"https:\/\/ecolefermedesbois.ch\/index.php?rest_route=%2Fwp%2Fv2%2Fposts%2F8411&print=print\" class=\"pdfprnt-button pdfprnt-button-print\" target=\"_blank\" ><img data-recalc-dims=\"1\" decoding=\"async\" src=\"https:\/\/i0.wp.com\/ecolefermedesbois.ch\/wp-content\/plugins\/pdf-print\/images\/print.png?w=720&#038;ssl=1\" alt=\"image_print\" title=\"Contenu imprim\u00e9\" \/><\/a><\/div>\n<p>Cette semaine, 2 groupes de la bo\u00eete \u00e0 Couleurs d&rsquo;Oron sont venus d\u00e9couvrir le potager.<br>Mercredi, nous avons travaill\u00e9 la terre en dessous des mes petits arbres fruitiers pour y semer des fleurs pour les abeilles et les oiseaux.<br>Vendredi, nous avons a\u00e9r\u00e9 un bout de carreau pour y semer, 1 ligne de carottes rouges, 1 ligne de laitues romaines et une ligne de choux blancs.<\/p>\n\n\n\n<p>Une fois cette t\u00e2che termin\u00e9e, nous allons sur la terrasse pour semer, dans un petit pot, des graines de boutons de soleil que les enfants pourront prendre avec eux \u00e0 la maison.<\/p>\n\n\n\n<p>Le travail \u00e9tant termin\u00e9, le repos est bien m\u00e9rit\u00e9. C&rsquo;est l&rsquo;heure de go\u00fbter! <br>Au menu, des pommes de Catherine et du lait frais de notre ferme. Mmm un r\u00e9gal!<br>Une fois repus, hop, un petit tour \u00e0 la place de jeu pour se d\u00e9fouler.<\/p>\n\n\n\n<p>Voici l&rsquo;heure tant attendue de faire un tour en chariote. Quels sourires sur le visages des lutins, Magnifique! <br>Nous voil\u00e0 en route pour longer la for\u00eat derri\u00e8re chez nous. Nous faisons un arr\u00eat pour \u00e9couter les oiseaux chanter, se d\u00e9fouler un peu et j&rsquo;en profite pour leur expliquer pourquoi nous avons couper l&rsquo;herbe la semaine d&rsquo;avant.<\/p>\n\n\n\n<p>Voici d\u00e9j\u00e0 l&rsquo;heure de se dire au revoir.<br>Merci les enfants pour votre joie, curiosit\u00e9 et votre dynamisme tout au long de l&rsquo;ann\u00e9e. <br>Je vous souhaite un bel \u00e9t\u00e9 et \u00e0 tout bient\u00f4t!<br>Pour certains, avec la bo\u00eete \u00e0 Couleurs et pour les autres avec l&rsquo;\u00e9cole!<\/p>\n\n\n\n<p>Merci Catherine pour ces belles matin\u00e9es partag\u00e9es ensemble.<\/p>\n\n\n\n<div class=\"wp-block-jetpack-tiled-gallery aligncenter is-style-columns\"><div class=\"tiled-gallery__gallery\"><div class=\"tiled-gallery__row\"><div class=\"tiled-gallery__col\" style=\"flex-basis:23.30581%\"><figure class=\"tiled-gallery__item\"><img decoding=\"async\" alt=\"\" data-height=\"1512\" data-id=\"8444\" data-link=\"https:\/\/ecolefermedesbois.ch\/?attachment_id=8444\" data-url=\"https:\/\/ecolefermedesbois.ch\/wp-content\/uploads\/2022\/06\/IMG-20220603-WA0086-2-600x450.jpg\" data-width=\"2016\" src=\"https:\/\/i1.wp.com\/ecolefermedesbois.ch\/wp-content\/uploads\/2022\/06\/IMG-20220603-WA0086-2-600x450.jpg?ssl=1\" data-amp-layout=\"responsive\"\/><\/figure><figure class=\"tiled-gallery__item\"><img decoding=\"async\" alt=\"\" data-height=\"1080\" data-id=\"8445\" data-link=\"https:\/\/ecolefermedesbois.ch\/?attachment_id=8445\" data-url=\"https:\/\/ecolefermedesbois.ch\/wp-content\/uploads\/2022\/06\/IMG-20220603-WA0021-1-600x338.jpg\" data-width=\"1920\" src=\"https:\/\/i0.wp.com\/ecolefermedesbois.ch\/wp-content\/uploads\/2022\/06\/IMG-20220603-WA0021-1-600x338.jpg?ssl=1\" data-amp-layout=\"responsive\"\/><\/figure><figure class=\"tiled-gallery__item\"><img decoding=\"async\" alt=\"\" data-height=\"1500\" data-id=\"8446\" data-link=\"https:\/\/ecolefermedesbois.ch\/?attachment_id=8446\" data-url=\"https:\/\/ecolefermedesbois.ch\/wp-content\/uploads\/2022\/06\/IMG-20220603-WA0075-1-600x450.jpg\" data-width=\"2000\" src=\"https:\/\/i2.wp.com\/ecolefermedesbois.ch\/wp-content\/uploads\/2022\/06\/IMG-20220603-WA0075-1-600x450.jpg?ssl=1\" data-amp-layout=\"responsive\"\/><\/figure><figure class=\"tiled-gallery__item\"><img decoding=\"async\" alt=\"\" data-height=\"1920\" data-id=\"8447\" data-link=\"https:\/\/ecolefermedesbois.ch\/?attachment_id=8447\" data-url=\"https:\/\/ecolefermedesbois.ch\/wp-content\/uploads\/2022\/06\/IMG-20220603-WA0010-1-338x600.jpg\" data-width=\"1080\" src=\"https:\/\/i2.wp.com\/ecolefermedesbois.ch\/wp-content\/uploads\/2022\/06\/IMG-20220603-WA0010-1-338x600.jpg?ssl=1\" data-amp-layout=\"responsive\"\/><\/figure><figure class=\"tiled-gallery__item\"><img decoding=\"async\" alt=\"\" data-height=\"1512\" data-id=\"8448\" data-link=\"https:\/\/ecolefermedesbois.ch\/?attachment_id=8448\" data-url=\"https:\/\/ecolefermedesbois.ch\/wp-content\/uploads\/2022\/06\/IMG-20220603-WA0071-1-600x450.jpg\" data-width=\"2016\" src=\"https:\/\/i0.wp.com\/ecolefermedesbois.ch\/wp-content\/uploads\/2022\/06\/IMG-20220603-WA0071-1-600x450.jpg?ssl=1\" data-amp-layout=\"responsive\"\/><\/figure><figure class=\"tiled-gallery__item\"><img decoding=\"async\" alt=\"\" data-height=\"1920\" data-id=\"8449\" data-link=\"https:\/\/ecolefermedesbois.ch\/?attachment_id=8449\" data-url=\"https:\/\/ecolefermedesbois.ch\/wp-content\/uploads\/2022\/06\/IMG-20220603-WA0012-1-338x600.jpg\" data-width=\"1080\" src=\"https:\/\/i1.wp.com\/ecolefermedesbois.ch\/wp-content\/uploads\/2022\/06\/IMG-20220603-WA0012-1-338x600.jpg?ssl=1\" data-amp-layout=\"responsive\"\/><\/figure><figure class=\"tiled-gallery__item\"><img decoding=\"async\" alt=\"\" data-height=\"1920\" data-id=\"8450\" data-link=\"https:\/\/ecolefermedesbois.ch\/?attachment_id=8450\" data-url=\"https:\/\/ecolefermedesbois.ch\/wp-content\/uploads\/2022\/06\/IMG-20220603-WA0040-1-338x600.jpg\" data-width=\"1080\" src=\"https:\/\/i0.wp.com\/ecolefermedesbois.ch\/wp-content\/uploads\/2022\/06\/IMG-20220603-WA0040-1-338x600.jpg?ssl=1\" data-amp-layout=\"responsive\"\/><\/figure><figure class=\"tiled-gallery__item\"><img decoding=\"async\" alt=\"\" data-height=\"1920\" data-id=\"8451\" data-link=\"https:\/\/ecolefermedesbois.ch\/?attachment_id=8451\" data-url=\"https:\/\/ecolefermedesbois.ch\/wp-content\/uploads\/2022\/06\/IMG-20220603-WA0016-1-338x600.jpg\" data-width=\"1080\" src=\"https:\/\/i2.wp.com\/ecolefermedesbois.ch\/wp-content\/uploads\/2022\/06\/IMG-20220603-WA0016-1-338x600.jpg?ssl=1\" data-amp-layout=\"responsive\"\/><\/figure><figure class=\"tiled-gallery__item\"><img decoding=\"async\" alt=\"\" data-height=\"1920\" data-id=\"8453\" data-link=\"https:\/\/ecolefermedesbois.ch\/?attachment_id=8453\" data-url=\"https:\/\/ecolefermedesbois.ch\/wp-content\/uploads\/2022\/06\/IMG-20220603-WA0013-1-338x600.jpg\" data-width=\"1080\" src=\"https:\/\/i1.wp.com\/ecolefermedesbois.ch\/wp-content\/uploads\/2022\/06\/IMG-20220603-WA0013-1-338x600.jpg?ssl=1\" data-amp-layout=\"responsive\"\/><\/figure><figure class=\"tiled-gallery__item\"><img decoding=\"async\" alt=\"\" data-height=\"2016\" data-id=\"8455\" data-link=\"https:\/\/ecolefermedesbois.ch\/?attachment_id=8455\" data-url=\"https:\/\/ecolefermedesbois.ch\/wp-content\/uploads\/2022\/06\/IMG-20220603-WA0088-1-450x600.jpg\" data-width=\"1512\" src=\"https:\/\/i1.wp.com\/ecolefermedesbois.ch\/wp-content\/uploads\/2022\/06\/IMG-20220603-WA0088-1-450x600.jpg?ssl=1\" data-amp-layout=\"responsive\"\/><\/figure><\/div><div class=\"tiled-gallery__col\" style=\"flex-basis:52.09048%\"><figure class=\"tiled-gallery__item\"><img decoding=\"async\" alt=\"\" data-height=\"1080\" data-id=\"8456\" data-link=\"https:\/\/ecolefermedesbois.ch\/?attachment_id=8456\" data-url=\"https:\/\/ecolefermedesbois.ch\/wp-content\/uploads\/2022\/06\/IMG-20220603-WA0027-1-600x338.jpg\" data-width=\"1920\" src=\"https:\/\/i0.wp.com\/ecolefermedesbois.ch\/wp-content\/uploads\/2022\/06\/IMG-20220603-WA0027-1-600x338.jpg?ssl=1\" data-amp-layout=\"responsive\"\/><\/figure><figure class=\"tiled-gallery__item\"><img decoding=\"async\" alt=\"\" data-height=\"1920\" data-id=\"8457\" data-link=\"https:\/\/ecolefermedesbois.ch\/?attachment_id=8457\" data-url=\"https:\/\/ecolefermedesbois.ch\/wp-content\/uploads\/2022\/06\/IMG-20220604-WA0006-1-338x600.jpg\" data-width=\"1080\" src=\"https:\/\/i1.wp.com\/ecolefermedesbois.ch\/wp-content\/uploads\/2022\/06\/IMG-20220604-WA0006-1-338x600.jpg?ssl=1\" data-amp-layout=\"responsive\"\/><\/figure><figure class=\"tiled-gallery__item\"><img decoding=\"async\" alt=\"\" data-height=\"1080\" data-id=\"8458\" data-link=\"https:\/\/ecolefermedesbois.ch\/?attachment_id=8458\" data-url=\"https:\/\/ecolefermedesbois.ch\/wp-content\/uploads\/2022\/06\/IMG-20220603-WA0024-1-600x338.jpg\" data-width=\"1920\" src=\"https:\/\/i1.wp.com\/ecolefermedesbois.ch\/wp-content\/uploads\/2022\/06\/IMG-20220603-WA0024-1-600x338.jpg?ssl=1\" data-amp-layout=\"responsive\"\/><\/figure><figure class=\"tiled-gallery__item\"><img decoding=\"async\" alt=\"\" data-height=\"1080\" data-id=\"8459\" data-link=\"https:\/\/ecolefermedesbois.ch\/?attachment_id=8459\" data-url=\"https:\/\/ecolefermedesbois.ch\/wp-content\/uploads\/2022\/06\/IMG-20220603-WA0042-1-600x338.jpg\" data-width=\"1920\" src=\"https:\/\/i2.wp.com\/ecolefermedesbois.ch\/wp-content\/uploads\/2022\/06\/IMG-20220603-WA0042-1-600x338.jpg?ssl=1\" data-amp-layout=\"responsive\"\/><\/figure><figure class=\"tiled-gallery__item\"><img decoding=\"async\" alt=\"\" data-height=\"1080\" data-id=\"8461\" data-link=\"https:\/\/ecolefermedesbois.ch\/?attachment_id=8461\" data-url=\"https:\/\/ecolefermedesbois.ch\/wp-content\/uploads\/2022\/06\/IMG-20220603-WA0023-1-600x338.jpg\" data-width=\"1920\" src=\"https:\/\/i0.wp.com\/ecolefermedesbois.ch\/wp-content\/uploads\/2022\/06\/IMG-20220603-WA0023-1-600x338.jpg?ssl=1\" data-amp-layout=\"responsive\"\/><\/figure><figure class=\"tiled-gallery__item\"><img decoding=\"async\" alt=\"\" data-height=\"1920\" data-id=\"8462\" data-link=\"https:\/\/ecolefermedesbois.ch\/?attachment_id=8462\" data-url=\"https:\/\/ecolefermedesbois.ch\/wp-content\/uploads\/2022\/06\/IMG-20220604-WA0001-1-338x600.jpg\" data-width=\"1080\" src=\"https:\/\/i0.wp.com\/ecolefermedesbois.ch\/wp-content\/uploads\/2022\/06\/IMG-20220604-WA0001-1-338x600.jpg?ssl=1\" data-amp-layout=\"responsive\"\/><\/figure><\/div><div class=\"tiled-gallery__col\" style=\"flex-basis:24.60371%\"><figure class=\"tiled-gallery__item\"><img decoding=\"async\" alt=\"\" data-height=\"1920\" data-id=\"8463\" data-link=\"https:\/\/ecolefermedesbois.ch\/?attachment_id=8463\" data-url=\"https:\/\/ecolefermedesbois.ch\/wp-content\/uploads\/2022\/06\/IMG-20220604-WA0003-1-338x600.jpg\" data-width=\"1080\" src=\"https:\/\/i2.wp.com\/ecolefermedesbois.ch\/wp-content\/uploads\/2022\/06\/IMG-20220604-WA0003-1-338x600.jpg?ssl=1\" data-amp-layout=\"responsive\"\/><\/figure><figure class=\"tiled-gallery__item\"><img decoding=\"async\" alt=\"\" data-height=\"1080\" data-id=\"8464\" data-link=\"https:\/\/ecolefermedesbois.ch\/?attachment_id=8464\" data-url=\"https:\/\/ecolefermedesbois.ch\/wp-content\/uploads\/2022\/06\/IMG-20220603-WA0025-1-600x338.jpg\" data-width=\"1920\" src=\"https:\/\/i0.wp.com\/ecolefermedesbois.ch\/wp-content\/uploads\/2022\/06\/IMG-20220603-WA0025-1-600x338.jpg?ssl=1\" data-amp-layout=\"responsive\"\/><\/figure><figure class=\"tiled-gallery__item\"><img decoding=\"async\" alt=\"\" data-height=\"1920\" data-id=\"8465\" data-link=\"https:\/\/ecolefermedesbois.ch\/?attachment_id=8465\" data-url=\"https:\/\/ecolefermedesbois.ch\/wp-content\/uploads\/2022\/06\/IMG-20220604-WA0000-1-338x600.jpg\" data-width=\"1080\" src=\"https:\/\/i2.wp.com\/ecolefermedesbois.ch\/wp-content\/uploads\/2022\/06\/IMG-20220604-WA0000-1-338x600.jpg?ssl=1\" data-amp-layout=\"responsive\"\/><\/figure><figure class=\"tiled-gallery__item\"><img decoding=\"async\" alt=\"\" data-height=\"1920\" data-id=\"8466\" data-link=\"https:\/\/ecolefermedesbois.ch\/?attachment_id=8466\" data-url=\"https:\/\/ecolefermedesbois.ch\/wp-content\/uploads\/2022\/06\/IMG-20220604-WA0038-1-338x600.jpg\" data-width=\"1080\" src=\"https:\/\/i1.wp.com\/ecolefermedesbois.ch\/wp-content\/uploads\/2022\/06\/IMG-20220604-WA0038-1-338x600.jpg?ssl=1\" data-amp-layout=\"responsive\"\/><\/figure><figure class=\"tiled-gallery__item\"><img decoding=\"async\" alt=\"\" data-height=\"1080\" data-id=\"8467\" data-link=\"https:\/\/ecolefermedesbois.ch\/?attachment_id=8467\" data-url=\"https:\/\/ecolefermedesbois.ch\/wp-content\/uploads\/2022\/06\/IMG-20220604-WA0040-1-600x338.jpg\" data-width=\"1920\" src=\"https:\/\/i1.wp.com\/ecolefermedesbois.ch\/wp-content\/uploads\/2022\/06\/IMG-20220604-WA0040-1-600x338.jpg?ssl=1\" data-amp-layout=\"responsive\"\/><\/figure><figure class=\"tiled-gallery__item\"><img decoding=\"async\" alt=\"\" data-height=\"1920\" data-id=\"8468\" data-link=\"https:\/\/ecolefermedesbois.ch\/?attachment_id=8468\" data-url=\"https:\/\/ecolefermedesbois.ch\/wp-content\/uploads\/2022\/06\/IMG-20220604-WA0019-1-338x600.jpg\" data-width=\"1080\" src=\"https:\/\/i0.wp.com\/ecolefermedesbois.ch\/wp-content\/uploads\/2022\/06\/IMG-20220604-WA0019-1-338x600.jpg?ssl=1\" data-amp-layout=\"responsive\"\/><\/figure><figure class=\"tiled-gallery__item\"><img decoding=\"async\" alt=\"\" data-height=\"1920\" data-id=\"8469\" data-link=\"https:\/\/ecolefermedesbois.ch\/?attachment_id=8469\" data-url=\"https:\/\/ecolefermedesbois.ch\/wp-content\/uploads\/2022\/06\/IMG-20220604-WA0018-1-338x600.jpg\" data-width=\"1080\" src=\"https:\/\/i2.wp.com\/ecolefermedesbois.ch\/wp-content\/uploads\/2022\/06\/IMG-20220604-WA0018-1-338x600.jpg?ssl=1\" data-amp-layout=\"responsive\"\/><\/figure><figure class=\"tiled-gallery__item\"><img decoding=\"async\" alt=\"\" data-height=\"1920\" data-id=\"8472\" data-link=\"https:\/\/ecolefermedesbois.ch\/?attachment_id=8472\" data-url=\"https:\/\/ecolefermedesbois.ch\/wp-content\/uploads\/2022\/06\/IMG-20220604-WA0037-1-338x600.jpg\" data-width=\"1080\" src=\"https:\/\/i0.wp.com\/ecolefermedesbois.ch\/wp-content\/uploads\/2022\/06\/IMG-20220604-WA0037-1-338x600.jpg?ssl=1\" data-amp-layout=\"responsive\"\/><\/figure><figure class=\"tiled-gallery__item\"><img decoding=\"async\" alt=\"\" data-height=\"1080\" data-id=\"8473\" data-link=\"https:\/\/ecolefermedesbois.ch\/?attachment_id=8473\" data-url=\"https:\/\/ecolefermedesbois.ch\/wp-content\/uploads\/2022\/06\/IMG-20220603-WA0033-1-600x338.jpg\" data-width=\"1920\" src=\"https:\/\/i2.wp.com\/ecolefermedesbois.ch\/wp-content\/uploads\/2022\/06\/IMG-20220603-WA0033-1-600x338.jpg?ssl=1\" data-amp-layout=\"responsive\"\/><\/figure><\/div><\/div><\/div><\/div>\n\n\n\n<p>A bient\u00f4t<\/p>\n\n\n\n<p>Sophie<br><\/p>\n","protected":false},"excerpt":{"rendered":"<p>Cette semaine, 2 groupes de la bo\u00eete \u00e0 Couleurs d&rsquo;Oron sont venus d\u00e9couvrir le potager.Mercredi, nous avons travaill\u00e9 la terre&#46;&#46;&#46;<\/p>\n","protected":false},"author":2,"featured_media":8444,"comment_status":"open","ping_status":"open","sticky":false,"template":"","format":"image","meta":{"jetpack_post_was_ever_published":false,"footnotes":"","jetpack_publicize_message":"","jetpack_publicize_feature_enabled":true,"jetpack_social_post_already_shared":true,"jetpack_social_options":{"image_generator_settings":{"template":"highway","default_image_id":0,"font":"","enabled":false},"version":2}},"categories":[33],"tags":[],"class_list":["post-8411","post","type-post","status-publish","format-image","has-post-thumbnail","hentry","category-ecole","post_format-post-format-image"],"yoast_head":"<!-- This site is optimized with the Yoast SEO plugin v27.5 - https:\/\/yoast.com\/product\/yoast-seo-wordpress\/ -->\n<title>La Bo\u00eete \u00e0 Couleurs au potager -<\/title>\n<meta name=\"robots\" content=\"index, follow, max-snippet:-1, max-image-preview:large, max-video-preview:-1\" \/>\n<link rel=\"canonical\" href=\"https:\/\/ecolefermedesbois.ch\/?p=8411\" \/>\n<meta property=\"og:locale\" content=\"fr_FR\" \/>\n<meta property=\"og:type\" content=\"article\" \/>\n<meta property=\"og:title\" content=\"La Bo\u00eete \u00e0 Couleurs au potager -\" \/>\n<meta property=\"og:description\" content=\"Cette semaine, 2 groupes de la bo\u00eete \u00e0 Couleurs d&rsquo;Oron sont venus d\u00e9couvrir le potager.Mercredi, nous avons travaill\u00e9 la terre&#046;&#046;&#046;\" \/>\n<meta property=\"og:url\" content=\"https:\/\/ecolefermedesbois.ch\/?p=8411\" \/>\n<meta property=\"article:publisher\" content=\"https:\/\/www.facebook.com\/ecolefermedesBois\" \/>\n<meta property=\"article:published_time\" content=\"2022-06-06T08:52:20+00:00\" \/>\n<meta property=\"article:modified_time\" content=\"2022-06-06T11:59:25+00:00\" \/>\n<meta property=\"og:image\" content=\"https:\/\/ecolefermedesbois.ch\/wp-content\/uploads\/2022\/06\/IMG-20220603-WA0086-2.jpg\" \/>\n\t<meta property=\"og:image:width\" content=\"2016\" \/>\n\t<meta property=\"og:image:height\" content=\"1512\" \/>\n\t<meta property=\"og:image:type\" content=\"image\/jpeg\" \/>\n<meta name=\"author\" content=\"Sophie\" \/>\n<meta name=\"twitter:card\" content=\"summary_large_image\" \/>\n<meta name=\"twitter:label1\" content=\"\u00c9crit par\" \/>\n\t<meta name=\"twitter:data1\" content=\"Sophie\" \/>\n\t<meta name=\"twitter:label2\" content=\"Dur\u00e9e de lecture estim\u00e9e\" \/>\n\t<meta name=\"twitter:data2\" content=\"7 minutes\" \/>\n<script type=\"application\/ld+json\" class=\"yoast-schema-graph\">{\"@context\":\"https:\\\/\\\/schema.org\",\"@graph\":[{\"@type\":\"Article\",\"@id\":\"https:\\\/\\\/ecolefermedesbois.ch\\\/?p=8411#article\",\"isPartOf\":{\"@id\":\"https:\\\/\\\/ecolefermedesbois.ch\\\/?p=8411\"},\"author\":{\"name\":\"Sophie\",\"@id\":\"https:\\\/\\\/ecolefermedesbois.ch\\\/#\\\/schema\\\/person\\\/78f5a1c78e958e51240f90932d290908\"},\"headline\":\"La Bo\u00eete \u00e0 Couleurs au potager\",\"datePublished\":\"2022-06-06T08:52:20+00:00\",\"dateModified\":\"2022-06-06T11:59:25+00:00\",\"mainEntityOfPage\":{\"@id\":\"https:\\\/\\\/ecolefermedesbois.ch\\\/?p=8411\"},\"wordCount\":274,\"commentCount\":0,\"publisher\":{\"@id\":\"https:\\\/\\\/ecolefermedesbois.ch\\\/#organization\"},\"image\":{\"@id\":\"https:\\\/\\\/ecolefermedesbois.ch\\\/?p=8411#primaryimage\"},\"thumbnailUrl\":\"https:\\\/\\\/i0.wp.com\\\/ecolefermedesbois.ch\\\/wp-content\\\/uploads\\\/2022\\\/06\\\/IMG-20220603-WA0086-2.jpg?fit=2016%2C1512&ssl=1\",\"articleSection\":[\"Ecole\"],\"inLanguage\":\"fr-FR\",\"potentialAction\":[{\"@type\":\"CommentAction\",\"name\":\"Comment\",\"target\":[\"https:\\\/\\\/ecolefermedesbois.ch\\\/?p=8411#respond\"]}]},{\"@type\":\"WebPage\",\"@id\":\"https:\\\/\\\/ecolefermedesbois.ch\\\/?p=8411\",\"url\":\"https:\\\/\\\/ecolefermedesbois.ch\\\/?p=8411\",\"name\":\"La Bo\u00eete \u00e0 Couleurs au potager -\",\"isPartOf\":{\"@id\":\"https:\\\/\\\/ecolefermedesbois.ch\\\/#website\"},\"primaryImageOfPage\":{\"@id\":\"https:\\\/\\\/ecolefermedesbois.ch\\\/?p=8411#primaryimage\"},\"image\":{\"@id\":\"https:\\\/\\\/ecolefermedesbois.ch\\\/?p=8411#primaryimage\"},\"thumbnailUrl\":\"https:\\\/\\\/i0.wp.com\\\/ecolefermedesbois.ch\\\/wp-content\\\/uploads\\\/2022\\\/06\\\/IMG-20220603-WA0086-2.jpg?fit=2016%2C1512&ssl=1\",\"datePublished\":\"2022-06-06T08:52:20+00:00\",\"dateModified\":\"2022-06-06T11:59:25+00:00\",\"breadcrumb\":{\"@id\":\"https:\\\/\\\/ecolefermedesbois.ch\\\/?p=8411#breadcrumb\"},\"inLanguage\":\"fr-FR\",\"potentialAction\":[{\"@type\":\"ReadAction\",\"target\":[\"https:\\\/\\\/ecolefermedesbois.ch\\\/?p=8411\"]}]},{\"@type\":\"ImageObject\",\"inLanguage\":\"fr-FR\",\"@id\":\"https:\\\/\\\/ecolefermedesbois.ch\\\/?p=8411#primaryimage\",\"url\":\"https:\\\/\\\/i0.wp.com\\\/ecolefermedesbois.ch\\\/wp-content\\\/uploads\\\/2022\\\/06\\\/IMG-20220603-WA0086-2.jpg?fit=2016%2C1512&ssl=1\",\"contentUrl\":\"https:\\\/\\\/i0.wp.com\\\/ecolefermedesbois.ch\\\/wp-content\\\/uploads\\\/2022\\\/06\\\/IMG-20220603-WA0086-2.jpg?fit=2016%2C1512&ssl=1\",\"width\":2016,\"height\":1512},{\"@type\":\"BreadcrumbList\",\"@id\":\"https:\\\/\\\/ecolefermedesbois.ch\\\/?p=8411#breadcrumb\",\"itemListElement\":[{\"@type\":\"ListItem\",\"position\":1,\"name\":\"Accueil\",\"item\":\"https:\\\/\\\/ecolefermedesbois.ch\\\/\"},{\"@type\":\"ListItem\",\"position\":2,\"name\":\"La Bo\u00eete \u00e0 Couleurs au potager\"}]},{\"@type\":\"WebSite\",\"@id\":\"https:\\\/\\\/ecolefermedesbois.ch\\\/#website\",\"url\":\"https:\\\/\\\/ecolefermedesbois.ch\\\/\",\"name\":\"ecolefermedesbois\",\"description\":\"\",\"publisher\":{\"@id\":\"https:\\\/\\\/ecolefermedesbois.ch\\\/#organization\"},\"potentialAction\":[{\"@type\":\"SearchAction\",\"target\":{\"@type\":\"EntryPoint\",\"urlTemplate\":\"https:\\\/\\\/ecolefermedesbois.ch\\\/?s={search_term_string}\"},\"query-input\":{\"@type\":\"PropertyValueSpecification\",\"valueRequired\":true,\"valueName\":\"search_term_string\"}}],\"inLanguage\":\"fr-FR\"},{\"@type\":\"Organization\",\"@id\":\"https:\\\/\\\/ecolefermedesbois.ch\\\/#organization\",\"name\":\"Ecole \u00e0 la Ferme des Bois\",\"url\":\"https:\\\/\\\/ecolefermedesbois.ch\\\/\",\"logo\":{\"@type\":\"ImageObject\",\"inLanguage\":\"fr-FR\",\"@id\":\"https:\\\/\\\/ecolefermedesbois.ch\\\/#\\\/schema\\\/logo\\\/image\\\/\",\"url\":\"https:\\\/\\\/ecolefermedesbois.ch\\\/wp-content\\\/uploads\\\/2019\\\/04\\\/logo-scaled.gif\",\"contentUrl\":\"https:\\\/\\\/ecolefermedesbois.ch\\\/wp-content\\\/uploads\\\/2019\\\/04\\\/logo-scaled.gif\",\"width\":2560,\"height\":608,\"caption\":\"Ecole \u00e0 la Ferme des Bois\"},\"image\":{\"@id\":\"https:\\\/\\\/ecolefermedesbois.ch\\\/#\\\/schema\\\/logo\\\/image\\\/\"},\"sameAs\":[\"https:\\\/\\\/www.facebook.com\\\/ecolefermedesBois\"]},{\"@type\":\"Person\",\"@id\":\"https:\\\/\\\/ecolefermedesbois.ch\\\/#\\\/schema\\\/person\\\/78f5a1c78e958e51240f90932d290908\",\"name\":\"Sophie\",\"image\":{\"@type\":\"ImageObject\",\"inLanguage\":\"fr-FR\",\"@id\":\"https:\\\/\\\/secure.gravatar.com\\\/avatar\\\/053fbaec50cb27b03b880a4b8b018009aa3af995f32011efc3f40a589371d46f?s=96&d=mm&r=g\",\"url\":\"https:\\\/\\\/secure.gravatar.com\\\/avatar\\\/053fbaec50cb27b03b880a4b8b018009aa3af995f32011efc3f40a589371d46f?s=96&d=mm&r=g\",\"contentUrl\":\"https:\\\/\\\/secure.gravatar.com\\\/avatar\\\/053fbaec50cb27b03b880a4b8b018009aa3af995f32011efc3f40a589371d46f?s=96&d=mm&r=g\",\"caption\":\"Sophie\"},\"url\":\"https:\\\/\\\/ecolefermedesbois.ch\\\/?author=2\"}]}<\/script>\n<!-- \/ Yoast SEO plugin. -->","yoast_head_json":{"title":"La Bo\u00eete \u00e0 Couleurs au potager -","robots":{"index":"index","follow":"follow","max-snippet":"max-snippet:-1","max-image-preview":"max-image-preview:large","max-video-preview":"max-video-preview:-1"},"canonical":"https:\/\/ecolefermedesbois.ch\/?p=8411","og_locale":"fr_FR","og_type":"article","og_title":"La Bo\u00eete \u00e0 Couleurs au potager -","og_description":"Cette semaine, 2 groupes de la bo\u00eete \u00e0 Couleurs d&rsquo;Oron sont venus d\u00e9couvrir le potager.Mercredi, nous avons travaill\u00e9 la terre&#46;&#46;&#46;","og_url":"https:\/\/ecolefermedesbois.ch\/?p=8411","article_publisher":"https:\/\/www.facebook.com\/ecolefermedesBois","article_published_time":"2022-06-06T08:52:20+00:00","article_modified_time":"2022-06-06T11:59:25+00:00","og_image":[{"width":2016,"height":1512,"url":"https:\/\/ecolefermedesbois.ch\/wp-content\/uploads\/2022\/06\/IMG-20220603-WA0086-2.jpg","type":"image\/jpeg"}],"author":"Sophie","twitter_card":"summary_large_image","twitter_misc":{"\u00c9crit par":"Sophie","Dur\u00e9e de lecture estim\u00e9e":"7 minutes"},"schema":{"@context":"https:\/\/schema.org","@graph":[{"@type":"Article","@id":"https:\/\/ecolefermedesbois.ch\/?p=8411#article","isPartOf":{"@id":"https:\/\/ecolefermedesbois.ch\/?p=8411"},"author":{"name":"Sophie","@id":"https:\/\/ecolefermedesbois.ch\/#\/schema\/person\/78f5a1c78e958e51240f90932d290908"},"headline":"La Bo\u00eete \u00e0 Couleurs au potager","datePublished":"2022-06-06T08:52:20+00:00","dateModified":"2022-06-06T11:59:25+00:00","mainEntityOfPage":{"@id":"https:\/\/ecolefermedesbois.ch\/?p=8411"},"wordCount":274,"commentCount":0,"publisher":{"@id":"https:\/\/ecolefermedesbois.ch\/#organization"},"image":{"@id":"https:\/\/ecolefermedesbois.ch\/?p=8411#primaryimage"},"thumbnailUrl":"https:\/\/i0.wp.com\/ecolefermedesbois.ch\/wp-content\/uploads\/2022\/06\/IMG-20220603-WA0086-2.jpg?fit=2016%2C1512&ssl=1","articleSection":["Ecole"],"inLanguage":"fr-FR","potentialAction":[{"@type":"CommentAction","name":"Comment","target":["https:\/\/ecolefermedesbois.ch\/?p=8411#respond"]}]},{"@type":"WebPage","@id":"https:\/\/ecolefermedesbois.ch\/?p=8411","url":"https:\/\/ecolefermedesbois.ch\/?p=8411","name":"La Bo\u00eete \u00e0 Couleurs au potager -","isPartOf":{"@id":"https:\/\/ecolefermedesbois.ch\/#website"},"primaryImageOfPage":{"@id":"https:\/\/ecolefermedesbois.ch\/?p=8411#primaryimage"},"image":{"@id":"https:\/\/ecolefermedesbois.ch\/?p=8411#primaryimage"},"thumbnailUrl":"https:\/\/i0.wp.com\/ecolefermedesbois.ch\/wp-content\/uploads\/2022\/06\/IMG-20220603-WA0086-2.jpg?fit=2016%2C1512&ssl=1","datePublished":"2022-06-06T08:52:20+00:00","dateModified":"2022-06-06T11:59:25+00:00","breadcrumb":{"@id":"https:\/\/ecolefermedesbois.ch\/?p=8411#breadcrumb"},"inLanguage":"fr-FR","potentialAction":[{"@type":"ReadAction","target":["https:\/\/ecolefermedesbois.ch\/?p=8411"]}]},{"@type":"ImageObject","inLanguage":"fr-FR","@id":"https:\/\/ecolefermedesbois.ch\/?p=8411#primaryimage","url":"https:\/\/i0.wp.com\/ecolefermedesbois.ch\/wp-content\/uploads\/2022\/06\/IMG-20220603-WA0086-2.jpg?fit=2016%2C1512&ssl=1","contentUrl":"https:\/\/i0.wp.com\/ecolefermedesbois.ch\/wp-content\/uploads\/2022\/06\/IMG-20220603-WA0086-2.jpg?fit=2016%2C1512&ssl=1","width":2016,"height":1512},{"@type":"BreadcrumbList","@id":"https:\/\/ecolefermedesbois.ch\/?p=8411#breadcrumb","itemListElement":[{"@type":"ListItem","position":1,"name":"Accueil","item":"https:\/\/ecolefermedesbois.ch\/"},{"@type":"ListItem","position":2,"name":"La Bo\u00eete \u00e0 Couleurs au potager"}]},{"@type":"WebSite","@id":"https:\/\/ecolefermedesbois.ch\/#website","url":"https:\/\/ecolefermedesbois.ch\/","name":"ecolefermedesbois","description":"","publisher":{"@id":"https:\/\/ecolefermedesbois.ch\/#organization"},"potentialAction":[{"@type":"SearchAction","target":{"@type":"EntryPoint","urlTemplate":"https:\/\/ecolefermedesbois.ch\/?s={search_term_string}"},"query-input":{"@type":"PropertyValueSpecification","valueRequired":true,"valueName":"search_term_string"}}],"inLanguage":"fr-FR"},{"@type":"Organization","@id":"https:\/\/ecolefermedesbois.ch\/#organization","name":"Ecole \u00e0 la Ferme des Bois","url":"https:\/\/ecolefermedesbois.ch\/","logo":{"@type":"ImageObject","inLanguage":"fr-FR","@id":"https:\/\/ecolefermedesbois.ch\/#\/schema\/logo\/image\/","url":"https:\/\/ecolefermedesbois.ch\/wp-content\/uploads\/2019\/04\/logo-scaled.gif","contentUrl":"https:\/\/ecolefermedesbois.ch\/wp-content\/uploads\/2019\/04\/logo-scaled.gif","width":2560,"height":608,"caption":"Ecole \u00e0 la Ferme des Bois"},"image":{"@id":"https:\/\/ecolefermedesbois.ch\/#\/schema\/logo\/image\/"},"sameAs":["https:\/\/www.facebook.com\/ecolefermedesBois"]},{"@type":"Person","@id":"https:\/\/ecolefermedesbois.ch\/#\/schema\/person\/78f5a1c78e958e51240f90932d290908","name":"Sophie","image":{"@type":"ImageObject","inLanguage":"fr-FR","@id":"https:\/\/secure.gravatar.com\/avatar\/053fbaec50cb27b03b880a4b8b018009aa3af995f32011efc3f40a589371d46f?s=96&d=mm&r=g","url":"https:\/\/secure.gravatar.com\/avatar\/053fbaec50cb27b03b880a4b8b018009aa3af995f32011efc3f40a589371d46f?s=96&d=mm&r=g","contentUrl":"https:\/\/secure.gravatar.com\/avatar\/053fbaec50cb27b03b880a4b8b018009aa3af995f32011efc3f40a589371d46f?s=96&d=mm&r=g","caption":"Sophie"},"url":"https:\/\/ecolefermedesbois.ch\/?author=2"}]}},"jetpack_publicize_connections":[],"jetpack_featured_media_url":"https:\/\/i0.wp.com\/ecolefermedesbois.ch\/wp-content\/uploads\/2022\/06\/IMG-20220603-WA0086-2.jpg?fit=2016%2C1512&ssl=1","jetpack_sharing_enabled":true,"_links":{"self":[{"href":"https:\/\/ecolefermedesbois.ch\/index.php?rest_route=\/wp\/v2\/posts\/8411","targetHints":{"allow":["GET"]}}],"collection":[{"href":"https:\/\/ecolefermedesbois.ch\/index.php?rest_route=\/wp\/v2\/posts"}],"about":[{"href":"https:\/\/ecolefermedesbois.ch\/index.php?rest_route=\/wp\/v2\/types\/post"}],"author":[{"embeddable":true,"href":"https:\/\/ecolefermedesbois.ch\/index.php?rest_route=\/wp\/v2\/users\/2"}],"replies":[{"embeddable":true,"href":"https:\/\/ecolefermedesbois.ch\/index.php?rest_route=%2Fwp%2Fv2%2Fcomments&post=8411"}],"version-history":[{"count":2,"href":"https:\/\/ecolefermedesbois.ch\/index.php?rest_route=\/wp\/v2\/posts\/8411\/revisions"}],"predecessor-version":[{"id":8474,"href":"https:\/\/ecolefermedesbois.ch\/index.php?rest_route=\/wp\/v2\/posts\/8411\/revisions\/8474"}],"wp:featuredmedia":[{"embeddable":true,"href":"https:\/\/ecolefermedesbois.ch\/index.php?rest_route=\/wp\/v2\/media\/8444"}],"wp:attachment":[{"href":"https:\/\/ecolefermedesbois.ch\/index.php?rest_route=%2Fwp%2Fv2%2Fmedia&parent=8411"}],"wp:term":[{"taxonomy":"category","embeddable":true,"href":"https:\/\/ecolefermedesbois.ch\/index.php?rest_route=%2Fwp%2Fv2%2Fcategories&post=8411"},{"taxonomy":"post_tag","embeddable":true,"href":"https:\/\/ecolefermedesbois.ch\/index.php?rest_route=%2Fwp%2Fv2%2Ftags&post=8411"}],"curies":[{"name":"wp","href":"https:\/\/api.w.org\/{rel}","templated":true}]}}