{"id":7763,"date":"2022-03-25T17:11:49","date_gmt":"2022-03-25T16:11:49","guid":{"rendered":"https:\/\/ecolefermedesbois.ch\/?p=7763"},"modified":"2022-03-25T17:11:52","modified_gmt":"2022-03-25T16:11:52","slug":"la-classe-de-n-rouge-et-chloe-nicolet-decouvre-les-lapins","status":"publish","type":"post","link":"https:\/\/ecolefermedesbois.ch\/?p=7763","title":{"rendered":"La classe de N. Rouge et Chlo\u00e9 Nicolet d\u00e9couvre les lapins &#x1f430;"},"content":{"rendered":"<div class=\"pdfprnt-buttons pdfprnt-buttons-post pdfprnt-top-right\"><a href=\"https:\/\/ecolefermedesbois.ch\/index.php?rest_route=%2Fwp%2Fv2%2Fposts%2F7763&print=pdf\" class=\"pdfprnt-button pdfprnt-button-pdf\" target=\"_blank\" ><img data-recalc-dims=\"1\" decoding=\"async\" src=\"https:\/\/i0.wp.com\/ecolefermedesbois.ch\/wp-content\/plugins\/pdf-print\/images\/pdf.png?w=720&#038;ssl=1\" alt=\"image_pdf\" title=\"Afficher le PDF\" \/><\/a><a href=\"https:\/\/ecolefermedesbois.ch\/index.php?rest_route=%2Fwp%2Fv2%2Fposts%2F7763&print=print\" class=\"pdfprnt-button pdfprnt-button-print\" target=\"_blank\" ><img data-recalc-dims=\"1\" decoding=\"async\" src=\"https:\/\/i0.wp.com\/ecolefermedesbois.ch\/wp-content\/plugins\/pdf-print\/images\/print.png?w=720&#038;ssl=1\" alt=\"image_print\" title=\"Contenu imprim\u00e9\" \/><\/a><\/div>\n<p>Ce Vendredi, les \u00e9l\u00e8ves de Nathalie et Chlo\u00e9 sont venus passer la matin\u00e9e sur le th\u00e8me du lapin. Nous avons commenc\u00e9 la matin\u00e9e en observant les lapins&#x1f407; . Comment sont-ils, quelles sont les diff\u00e9rences? Comment s&rsquo;appelle la maman et le petit&#8230;<\/p>\n\n\n\n<p>Puis nous sommes all\u00e9s en salle afin de confectionner des madeleines, en forme de lapin, pour la r\u00e9cr\u00e9. <br>Lorsque nous arrivons en salle, les \u00e9l\u00e8vent ont pu d\u00e9couvrir les poussins qui vivent dans la poussini\u00e8re. <br>Gentiment install\u00e9s autour des tables, nous retroussons nos manches &#x1f4aa;&#x1f3fb; et c&rsquo;est parti! Les \u00e9l\u00e8ves m\u00e9langent chacun leur tour, beurre, sucre, \u0153ufs, lait, farine, &#8230; . <br>Joli travail d&rsquo;\u00e9quipe les enfants! <\/p>\n\n\n\n<div class=\"wp-block-jetpack-tiled-gallery aligncenter is-style-rectangular\"><div class=\"tiled-gallery__gallery\"><div class=\"tiled-gallery__row\"><div class=\"tiled-gallery__col\" style=\"flex-basis:33.33333%\"><figure class=\"tiled-gallery__item\"><img decoding=\"async\" alt=\"\" data-height=\"1008\" data-id=\"7765\" data-link=\"https:\/\/ecolefermedesbois.ch\/?attachment_id=7765\" data-url=\"https:\/\/ecolefermedesbois.ch\/wp-content\/uploads\/2022\/03\/wp-16482235921997795295266865124204-450x600.jpg\" data-width=\"756\" src=\"https:\/\/i0.wp.com\/ecolefermedesbois.ch\/wp-content\/uploads\/2022\/03\/wp-16482235921997795295266865124204-450x600.jpg?ssl=1\" data-amp-layout=\"responsive\"\/><\/figure><\/div><div class=\"tiled-gallery__col\" style=\"flex-basis:33.33333%\"><figure class=\"tiled-gallery__item\"><img decoding=\"async\" alt=\"\" data-height=\"1008\" data-id=\"7768\" data-link=\"https:\/\/ecolefermedesbois.ch\/?attachment_id=7768\" data-url=\"https:\/\/ecolefermedesbois.ch\/wp-content\/uploads\/2022\/03\/wp-16482235926999003793275641988622-450x600.jpg\" data-width=\"756\" src=\"https:\/\/i2.wp.com\/ecolefermedesbois.ch\/wp-content\/uploads\/2022\/03\/wp-16482235926999003793275641988622-450x600.jpg?ssl=1\" data-amp-layout=\"responsive\"\/><\/figure><\/div><div class=\"tiled-gallery__col\" style=\"flex-basis:33.33333%\"><figure class=\"tiled-gallery__item\"><img decoding=\"async\" alt=\"\" data-height=\"1008\" data-id=\"7767\" data-link=\"https:\/\/ecolefermedesbois.ch\/?attachment_id=7767\" data-url=\"https:\/\/ecolefermedesbois.ch\/wp-content\/uploads\/2022\/03\/wp-16482235925272155976269346215301-450x600.jpg\" data-width=\"756\" src=\"https:\/\/i0.wp.com\/ecolefermedesbois.ch\/wp-content\/uploads\/2022\/03\/wp-16482235925272155976269346215301-450x600.jpg?ssl=1\" data-amp-layout=\"responsive\"\/><\/figure><\/div><\/div><div class=\"tiled-gallery__row\"><div class=\"tiled-gallery__col\" style=\"flex-basis:63.96477%\"><figure class=\"tiled-gallery__item\"><img decoding=\"async\" alt=\"\" data-height=\"750\" data-id=\"7766\" data-link=\"https:\/\/ecolefermedesbois.ch\/?attachment_id=7766\" data-url=\"https:\/\/ecolefermedesbois.ch\/wp-content\/uploads\/2022\/03\/wp-16482235920631053148551904830510-600x450.jpg\" data-width=\"1000\" src=\"https:\/\/i1.wp.com\/ecolefermedesbois.ch\/wp-content\/uploads\/2022\/03\/wp-16482235920631053148551904830510-600x450.jpg?ssl=1\" data-amp-layout=\"responsive\"\/><\/figure><\/div><div class=\"tiled-gallery__col\" style=\"flex-basis:36.03523%\"><figure class=\"tiled-gallery__item\"><img decoding=\"async\" alt=\"\" data-height=\"1008\" data-id=\"7769\" data-link=\"https:\/\/ecolefermedesbois.ch\/?attachment_id=7769\" data-url=\"https:\/\/ecolefermedesbois.ch\/wp-content\/uploads\/2022\/03\/wp-16482235923535180431989566090916-450x600.jpg\" data-width=\"756\" src=\"https:\/\/i0.wp.com\/ecolefermedesbois.ch\/wp-content\/uploads\/2022\/03\/wp-16482235923535180431989566090916-450x600.jpg?ssl=1\" data-amp-layout=\"responsive\"\/><\/figure><\/div><\/div><div class=\"tiled-gallery__row\"><div class=\"tiled-gallery__col\" style=\"flex-basis:45.74899%\"><figure class=\"tiled-gallery__item\"><img decoding=\"async\" alt=\"\" data-height=\"750\" data-id=\"7775\" data-link=\"https:\/\/ecolefermedesbois.ch\/?attachment_id=7775\" data-url=\"https:\/\/ecolefermedesbois.ch\/wp-content\/uploads\/2022\/03\/wp-16482239241088946722215892531138-600x450.jpg\" data-width=\"1000\" src=\"https:\/\/i1.wp.com\/ecolefermedesbois.ch\/wp-content\/uploads\/2022\/03\/wp-16482239241088946722215892531138-600x450.jpg?ssl=1\" data-amp-layout=\"responsive\"\/><\/figure><figure class=\"tiled-gallery__item\"><img decoding=\"async\" alt=\"\" data-height=\"822\" data-id=\"7774\" data-link=\"https:\/\/ecolefermedesbois.ch\/?attachment_id=7774\" data-url=\"https:\/\/ecolefermedesbois.ch\/wp-content\/uploads\/2022\/03\/wp-16482235937546678522876728219056-600x493.jpg\" data-width=\"1000\" src=\"https:\/\/i0.wp.com\/ecolefermedesbois.ch\/wp-content\/uploads\/2022\/03\/wp-16482235937546678522876728219056-600x493.jpg?ssl=1\" data-amp-layout=\"responsive\"\/><\/figure><\/div><div class=\"tiled-gallery__col\" style=\"flex-basis:54.25101%\"><figure class=\"tiled-gallery__item\"><img decoding=\"async\" alt=\"\" data-height=\"1008\" data-id=\"7772\" data-link=\"https:\/\/ecolefermedesbois.ch\/?attachment_id=7772\" data-url=\"https:\/\/ecolefermedesbois.ch\/wp-content\/uploads\/2022\/03\/wp-16482235935413557351191481307423-450x600.jpg\" data-width=\"756\" src=\"https:\/\/i0.wp.com\/ecolefermedesbois.ch\/wp-content\/uploads\/2022\/03\/wp-16482235935413557351191481307423-450x600.jpg?ssl=1\" data-amp-layout=\"responsive\"\/><\/figure><\/div><\/div><div class=\"tiled-gallery__row\"><div class=\"tiled-gallery__col\" style=\"flex-basis:39.00079%\"><figure class=\"tiled-gallery__item\"><img decoding=\"async\" alt=\"\" data-height=\"750\" data-id=\"7773\" data-link=\"https:\/\/ecolefermedesbois.ch\/?attachment_id=7773\" data-url=\"https:\/\/ecolefermedesbois.ch\/wp-content\/uploads\/2022\/03\/wp-16482235931363440302010611600408-600x450.jpg\" data-width=\"1000\" src=\"https:\/\/i1.wp.com\/ecolefermedesbois.ch\/wp-content\/uploads\/2022\/03\/wp-16482235931363440302010611600408-600x450.jpg?ssl=1\" data-amp-layout=\"responsive\"\/><\/figure><\/div><div class=\"tiled-gallery__col\" style=\"flex-basis:21.99841%\"><figure class=\"tiled-gallery__item\"><img decoding=\"async\" alt=\"\" data-height=\"1008\" data-id=\"7771\" data-link=\"https:\/\/ecolefermedesbois.ch\/?attachment_id=7771\" data-url=\"https:\/\/ecolefermedesbois.ch\/wp-content\/uploads\/2022\/03\/wp-16482235933269098754725885682537-450x600.jpg\" data-width=\"756\" src=\"https:\/\/i2.wp.com\/ecolefermedesbois.ch\/wp-content\/uploads\/2022\/03\/wp-16482235933269098754725885682537-450x600.jpg?ssl=1\" data-amp-layout=\"responsive\"\/><\/figure><\/div><div class=\"tiled-gallery__col\" style=\"flex-basis:39.00079%\"><figure class=\"tiled-gallery__item\"><img decoding=\"async\" alt=\"\" data-height=\"756\" data-id=\"7770\" data-link=\"https:\/\/ecolefermedesbois.ch\/?attachment_id=7770\" data-url=\"https:\/\/ecolefermedesbois.ch\/wp-content\/uploads\/2022\/03\/wp-16482235929186995269596084495106-600x450.jpg\" data-width=\"1008\" src=\"https:\/\/i2.wp.com\/ecolefermedesbois.ch\/wp-content\/uploads\/2022\/03\/wp-16482235929186995269596084495106-600x450.jpg?ssl=1\" data-amp-layout=\"responsive\"\/><\/figure><\/div><\/div><\/div><\/div>\n\n\n\n<p><br>Pendant la cuisson de celle-ci, nous allons d\u00e9couvrir une premi\u00e8re partie des ateliers. Nous partageons la classe en 4 groupes. 2 groupes viennent avec moi dehors et 2 groupes restent dedans avec Katharina.<\/p>\n\n\n\n<p>Dehors,  un groupe d\u00e9couvre avec Chlo\u00e9 puis C\u00e9line, le jeu du toucher &#x1f590;&#x1f3fb;sur l&rsquo;alimentation du lapin.<br>L\u2019autre groupe vient avec moi pour nettoyer les cages des lapins et les nourrir. C&rsquo;est super de voir l&rsquo;implication de chaque \u00e9l\u00e8ve au nettoyage des cages et au nourrissage des lapins. Un beau moment de partage et de travail d&rsquo;\u00e9quipe! Le top! <br>Puis nous inversons les activit\u00e9s entre les groupes de l&rsquo;ext\u00e9rieur. &#x1f60d;<\/p>\n\n\n\n<div class=\"wp-block-jetpack-tiled-gallery aligncenter is-style-rectangular\"><div class=\"tiled-gallery__gallery\"><div class=\"tiled-gallery__row\"><div class=\"tiled-gallery__col\" style=\"flex-basis:61.69114%\"><figure class=\"tiled-gallery__item\"><img decoding=\"async\" alt=\"\" data-height=\"827\" data-id=\"7805\" data-link=\"https:\/\/ecolefermedesbois.ch\/?attachment_id=7805\" data-url=\"https:\/\/ecolefermedesbois.ch\/wp-content\/uploads\/2022\/03\/wp-16482239291296769759090475264490-1-600x496.jpg\" data-width=\"1000\" src=\"https:\/\/i1.wp.com\/ecolefermedesbois.ch\/wp-content\/uploads\/2022\/03\/wp-16482239291296769759090475264490-1-600x496.jpg?ssl=1\" data-amp-layout=\"responsive\"\/><\/figure><\/div><div class=\"tiled-gallery__col\" style=\"flex-basis:38.30886%\"><figure class=\"tiled-gallery__item\"><img decoding=\"async\" alt=\"\" data-height=\"1000\" data-id=\"7804\" data-link=\"https:\/\/ecolefermedesbois.ch\/?attachment_id=7804\" data-url=\"https:\/\/ecolefermedesbois.ch\/wp-content\/uploads\/2022\/03\/wp-16482239306042300392025495660472-450x600.jpg\" data-width=\"750\" src=\"https:\/\/i0.wp.com\/ecolefermedesbois.ch\/wp-content\/uploads\/2022\/03\/wp-16482239306042300392025495660472-450x600.jpg?ssl=1\" data-amp-layout=\"responsive\"\/><\/figure><\/div><\/div><div class=\"tiled-gallery__row\"><div class=\"tiled-gallery__col\" style=\"flex-basis:32.23839%\"><figure class=\"tiled-gallery__item\"><img decoding=\"async\" alt=\"\" data-height=\"750\" data-id=\"7803\" data-link=\"https:\/\/ecolefermedesbois.ch\/?attachment_id=7803\" data-url=\"https:\/\/ecolefermedesbois.ch\/wp-content\/uploads\/2022\/03\/wp-16482239293326043404303828770951-1-600x450.jpg\" data-width=\"1000\" src=\"https:\/\/i1.wp.com\/ecolefermedesbois.ch\/wp-content\/uploads\/2022\/03\/wp-16482239293326043404303828770951-1-600x450.jpg?ssl=1\" data-amp-layout=\"responsive\"\/><\/figure><figure class=\"tiled-gallery__item\"><img decoding=\"async\" alt=\"\" data-height=\"750\" data-id=\"7802\" data-link=\"https:\/\/ecolefermedesbois.ch\/?attachment_id=7802\" data-url=\"https:\/\/ecolefermedesbois.ch\/wp-content\/uploads\/2022\/03\/wp-16482239310066447111394605227201-600x450.jpg\" data-width=\"1000\" src=\"https:\/\/i0.wp.com\/ecolefermedesbois.ch\/wp-content\/uploads\/2022\/03\/wp-16482239310066447111394605227201-600x450.jpg?ssl=1\" data-amp-layout=\"responsive\"\/><\/figure><figure class=\"tiled-gallery__item\"><img decoding=\"async\" alt=\"\" data-height=\"750\" data-id=\"7801\" data-link=\"https:\/\/ecolefermedesbois.ch\/?attachment_id=7801\" data-url=\"https:\/\/ecolefermedesbois.ch\/wp-content\/uploads\/2022\/03\/wp-16482239308094007432370576712603-600x450.jpg\" data-width=\"1000\" src=\"https:\/\/i1.wp.com\/ecolefermedesbois.ch\/wp-content\/uploads\/2022\/03\/wp-16482239308094007432370576712603-600x450.jpg?ssl=1\" data-amp-layout=\"responsive\"\/><\/figure><\/div><div class=\"tiled-gallery__col\" style=\"flex-basis:67.76161%\"><figure class=\"tiled-gallery__item\"><img decoding=\"async\" alt=\"\" data-height=\"768\" data-id=\"7793\" data-link=\"https:\/\/ecolefermedesbois.ch\/?attachment_id=7793\" data-url=\"https:\/\/ecolefermedesbois.ch\/wp-content\/uploads\/2022\/03\/wp-16482239318162296408085356340896-556x600.jpg\" data-width=\"712\" src=\"https:\/\/i0.wp.com\/ecolefermedesbois.ch\/wp-content\/uploads\/2022\/03\/wp-16482239318162296408085356340896-556x600.jpg?ssl=1\" data-amp-layout=\"responsive\"\/><\/figure><\/div><\/div><div class=\"tiled-gallery__row\"><div class=\"tiled-gallery__col\" style=\"flex-basis:31.89765%\"><figure class=\"tiled-gallery__item\"><img decoding=\"async\" alt=\"\" data-height=\"750\" data-id=\"7794\" data-link=\"https:\/\/ecolefermedesbois.ch\/?attachment_id=7794\" data-url=\"https:\/\/ecolefermedesbois.ch\/wp-content\/uploads\/2022\/03\/wp-16482239317178481416324511869148-600x450.jpg\" data-width=\"1000\" src=\"https:\/\/i2.wp.com\/ecolefermedesbois.ch\/wp-content\/uploads\/2022\/03\/wp-16482239317178481416324511869148-600x450.jpg?ssl=1\" data-amp-layout=\"responsive\"\/><\/figure><figure class=\"tiled-gallery__item\"><img decoding=\"async\" alt=\"\" data-height=\"750\" data-id=\"7797\" data-link=\"https:\/\/ecolefermedesbois.ch\/?attachment_id=7797\" data-url=\"https:\/\/ecolefermedesbois.ch\/wp-content\/uploads\/2022\/03\/wp-16482239325072630736267401593636-600x450.jpg\" data-width=\"1000\" src=\"https:\/\/i0.wp.com\/ecolefermedesbois.ch\/wp-content\/uploads\/2022\/03\/wp-16482239325072630736267401593636-600x450.jpg?ssl=1\" data-amp-layout=\"responsive\"\/><\/figure><\/div><div class=\"tiled-gallery__col\" style=\"flex-basis:36.20469%\"><figure class=\"tiled-gallery__item\"><img decoding=\"async\" alt=\"\" data-height=\"1008\" data-id=\"7792\" data-link=\"https:\/\/ecolefermedesbois.ch\/?attachment_id=7792\" data-url=\"https:\/\/ecolefermedesbois.ch\/wp-content\/uploads\/2022\/03\/wp-16482239314796694375795820121838-450x600.jpg\" data-width=\"756\" src=\"https:\/\/i1.wp.com\/ecolefermedesbois.ch\/wp-content\/uploads\/2022\/03\/wp-16482239314796694375795820121838-450x600.jpg?ssl=1\" data-amp-layout=\"responsive\"\/><\/figure><\/div><div class=\"tiled-gallery__col\" style=\"flex-basis:31.89765%\"><figure class=\"tiled-gallery__item\"><img decoding=\"async\" alt=\"\" data-height=\"750\" data-id=\"7791\" data-link=\"https:\/\/ecolefermedesbois.ch\/?attachment_id=7791\" data-url=\"https:\/\/ecolefermedesbois.ch\/wp-content\/uploads\/2022\/03\/wp-16482239312421415327345689044341-600x450.jpg\" data-width=\"1000\" src=\"https:\/\/i0.wp.com\/ecolefermedesbois.ch\/wp-content\/uploads\/2022\/03\/wp-16482239312421415327345689044341-600x450.jpg?ssl=1\" data-amp-layout=\"responsive\"\/><\/figure><figure class=\"tiled-gallery__item\"><img decoding=\"async\" alt=\"\" data-height=\"750\" data-id=\"7790\" data-link=\"https:\/\/ecolefermedesbois.ch\/?attachment_id=7790\" data-url=\"https:\/\/ecolefermedesbois.ch\/wp-content\/uploads\/2022\/03\/wp-16482239293326043404303828770951.jpg\" data-width=\"1000\" src=\"https:\/\/i1.wp.com\/ecolefermedesbois.ch\/wp-content\/uploads\/2022\/03\/wp-16482239293326043404303828770951.jpg?ssl=1\" data-amp-layout=\"responsive\"\/><\/figure><\/div><\/div><div class=\"tiled-gallery__row\"><div class=\"tiled-gallery__col\" style=\"flex-basis:64.57731%\"><figure class=\"tiled-gallery__item\"><img decoding=\"async\" alt=\"\" data-height=\"827\" data-id=\"7789\" data-link=\"https:\/\/ecolefermedesbois.ch\/?attachment_id=7789\" data-url=\"https:\/\/ecolefermedesbois.ch\/wp-content\/uploads\/2022\/03\/wp-16482239291296769759090475264490-600x496.jpg\" data-width=\"1000\" src=\"https:\/\/i1.wp.com\/ecolefermedesbois.ch\/wp-content\/uploads\/2022\/03\/wp-16482239291296769759090475264490-600x496.jpg?ssl=1\" data-amp-layout=\"responsive\"\/><\/figure><\/div><div class=\"tiled-gallery__col\" style=\"flex-basis:35.42269%\"><figure class=\"tiled-gallery__item\"><img decoding=\"async\" alt=\"\" data-height=\"750\" data-id=\"7782\" data-link=\"https:\/\/ecolefermedesbois.ch\/?attachment_id=7782\" data-url=\"https:\/\/ecolefermedesbois.ch\/wp-content\/uploads\/2022\/03\/wp-16482239268946674163228984751750-600x450.jpg\" data-width=\"1000\" src=\"https:\/\/i1.wp.com\/ecolefermedesbois.ch\/wp-content\/uploads\/2022\/03\/wp-16482239268946674163228984751750-600x450.jpg?ssl=1\" data-amp-layout=\"responsive\"\/><\/figure><figure class=\"tiled-gallery__item\"><img decoding=\"async\" alt=\"\" data-height=\"750\" data-id=\"7783\" data-link=\"https:\/\/ecolefermedesbois.ch\/?attachment_id=7783\" data-url=\"https:\/\/ecolefermedesbois.ch\/wp-content\/uploads\/2022\/03\/wp-16482239266788216066421739281863-600x450.jpg\" data-width=\"1000\" src=\"https:\/\/i2.wp.com\/ecolefermedesbois.ch\/wp-content\/uploads\/2022\/03\/wp-16482239266788216066421739281863-600x450.jpg?ssl=1\" data-amp-layout=\"responsive\"\/><\/figure><\/div><\/div><div class=\"tiled-gallery__row\"><div class=\"tiled-gallery__col\" style=\"flex-basis:63.96477%\"><figure class=\"tiled-gallery__item\"><img decoding=\"async\" alt=\"\" data-height=\"750\" data-id=\"7786\" data-link=\"https:\/\/ecolefermedesbois.ch\/?attachment_id=7786\" data-url=\"https:\/\/ecolefermedesbois.ch\/wp-content\/uploads\/2022\/03\/wp-1648223928614472282163244617611-600x450.jpg\" data-width=\"1000\" src=\"https:\/\/i0.wp.com\/ecolefermedesbois.ch\/wp-content\/uploads\/2022\/03\/wp-1648223928614472282163244617611-600x450.jpg?ssl=1\" data-amp-layout=\"responsive\"\/><\/figure><\/div><div class=\"tiled-gallery__col\" style=\"flex-basis:36.03523%\"><figure class=\"tiled-gallery__item\"><img decoding=\"async\" alt=\"\" data-height=\"1000\" data-id=\"7787\" data-link=\"https:\/\/ecolefermedesbois.ch\/?attachment_id=7787\" data-url=\"https:\/\/ecolefermedesbois.ch\/wp-content\/uploads\/2022\/03\/wp-16482239288398153636692211123423-450x600.jpg\" data-width=\"750\" src=\"https:\/\/i1.wp.com\/ecolefermedesbois.ch\/wp-content\/uploads\/2022\/03\/wp-16482239288398153636692211123423-450x600.jpg?ssl=1\" data-amp-layout=\"responsive\"\/><\/figure><\/div><\/div><div class=\"tiled-gallery__row\"><div class=\"tiled-gallery__col\" style=\"flex-basis:34.71885%\"><figure class=\"tiled-gallery__item\"><img decoding=\"async\" alt=\"\" data-height=\"1000\" data-id=\"7781\" data-link=\"https:\/\/ecolefermedesbois.ch\/?attachment_id=7781\" data-url=\"https:\/\/ecolefermedesbois.ch\/wp-content\/uploads\/2022\/03\/wp-16482239259719136097548938065872-450x600.jpg\" data-width=\"750\" src=\"https:\/\/i2.wp.com\/ecolefermedesbois.ch\/wp-content\/uploads\/2022\/03\/wp-16482239259719136097548938065872-450x600.jpg?ssl=1\" data-amp-layout=\"responsive\"\/><\/figure><\/div><div class=\"tiled-gallery__col\" style=\"flex-basis:30.56230%\"><figure class=\"tiled-gallery__item\"><img decoding=\"async\" alt=\"\" data-height=\"750\" data-id=\"7780\" data-link=\"https:\/\/ecolefermedesbois.ch\/?attachment_id=7780\" data-url=\"https:\/\/ecolefermedesbois.ch\/wp-content\/uploads\/2022\/03\/wp-16482239264194779820842209798302-600x450.jpg\" data-width=\"1000\" src=\"https:\/\/i2.wp.com\/ecolefermedesbois.ch\/wp-content\/uploads\/2022\/03\/wp-16482239264194779820842209798302-600x450.jpg?ssl=1\" data-amp-layout=\"responsive\"\/><\/figure><figure class=\"tiled-gallery__item\"><img decoding=\"async\" alt=\"\" data-height=\"750\" data-id=\"7779\" data-link=\"https:\/\/ecolefermedesbois.ch\/?attachment_id=7779\" data-url=\"https:\/\/ecolefermedesbois.ch\/wp-content\/uploads\/2022\/03\/wp-16482239258045757850182051498617-600x450.jpg\" data-width=\"1000\" src=\"https:\/\/i2.wp.com\/ecolefermedesbois.ch\/wp-content\/uploads\/2022\/03\/wp-16482239258045757850182051498617-600x450.jpg?ssl=1\" data-amp-layout=\"responsive\"\/><\/figure><\/div><div class=\"tiled-gallery__col\" style=\"flex-basis:34.71885%\"><figure class=\"tiled-gallery__item\"><img decoding=\"async\" alt=\"\" data-height=\"1008\" data-id=\"7778\" data-link=\"https:\/\/ecolefermedesbois.ch\/?attachment_id=7778\" data-url=\"https:\/\/ecolefermedesbois.ch\/wp-content\/uploads\/2022\/03\/wp-16482239254826355993784129818291-450x600.jpg\" data-width=\"756\" src=\"https:\/\/i2.wp.com\/ecolefermedesbois.ch\/wp-content\/uploads\/2022\/03\/wp-16482239254826355993784129818291-450x600.jpg?ssl=1\" data-amp-layout=\"responsive\"\/><\/figure><\/div><\/div><div class=\"tiled-gallery__row\"><div class=\"tiled-gallery__col\" style=\"flex-basis:55.94292%\"><figure class=\"tiled-gallery__item\"><img decoding=\"async\" alt=\"\" data-height=\"750\" data-id=\"7777\" data-link=\"https:\/\/ecolefermedesbois.ch\/?attachment_id=7777\" data-url=\"https:\/\/ecolefermedesbois.ch\/wp-content\/uploads\/2022\/03\/wp-16482239256389194346691278682184-600x450.jpg\" data-width=\"1000\" src=\"https:\/\/i1.wp.com\/ecolefermedesbois.ch\/wp-content\/uploads\/2022\/03\/wp-16482239256389194346691278682184-600x450.jpg?ssl=1\" data-amp-layout=\"responsive\"\/><\/figure><\/div><div class=\"tiled-gallery__col\" style=\"flex-basis:44.05708%\"><figure class=\"tiled-gallery__item\"><img decoding=\"async\" alt=\"\" data-height=\"953\" data-id=\"7776\" data-link=\"https:\/\/ecolefermedesbois.ch\/?attachment_id=7776\" data-url=\"https:\/\/ecolefermedesbois.ch\/wp-content\/uploads\/2022\/03\/wp-16482239253668385942767993523475-600x572.jpg\" data-width=\"1000\" src=\"https:\/\/i2.wp.com\/ecolefermedesbois.ch\/wp-content\/uploads\/2022\/03\/wp-16482239253668385942767993523475-600x572.jpg?ssl=1\" data-amp-layout=\"responsive\"\/><\/figure><\/div><\/div><\/div><\/div>\n\n\n\n<p>Une fois termin\u00e9, les \u00e9l\u00e8ves qui se trouvent en salle nous rejoignent dehors pour faire la r\u00e9cr\u00e9. Voici l&rsquo;heure tant attendue de d\u00e9guster les madeleines lapins. Mmm un r\u00e9gal! Bravo les enfants!<\/p>\n\n\n\n<div class=\"wp-block-jetpack-tiled-gallery aligncenter is-style-rectangular\"><div class=\"tiled-gallery__gallery\"><div class=\"tiled-gallery__row\"><div class=\"tiled-gallery__col\" style=\"flex-basis:36.03523%\"><figure class=\"tiled-gallery__item\"><img decoding=\"async\" alt=\"\" data-height=\"1008\" data-id=\"7785\" data-link=\"https:\/\/ecolefermedesbois.ch\/?attachment_id=7785\" data-url=\"https:\/\/ecolefermedesbois.ch\/wp-content\/uploads\/2022\/03\/wp-1648223928367575293702392239923-450x600.jpg\" data-width=\"756\" src=\"https:\/\/i2.wp.com\/ecolefermedesbois.ch\/wp-content\/uploads\/2022\/03\/wp-1648223928367575293702392239923-450x600.jpg?ssl=1\" data-amp-layout=\"responsive\"\/><\/figure><\/div><div class=\"tiled-gallery__col\" style=\"flex-basis:63.96477%\"><figure class=\"tiled-gallery__item\"><img decoding=\"async\" alt=\"\" data-height=\"750\" data-id=\"7784\" data-link=\"https:\/\/ecolefermedesbois.ch\/?attachment_id=7784\" data-url=\"https:\/\/ecolefermedesbois.ch\/wp-content\/uploads\/2022\/03\/wp-16482239281207426536587599052677-600x450.jpg\" data-width=\"1000\" src=\"https:\/\/i0.wp.com\/ecolefermedesbois.ch\/wp-content\/uploads\/2022\/03\/wp-16482239281207426536587599052677-600x450.jpg?ssl=1\" data-amp-layout=\"responsive\"\/><\/figure><\/div><\/div><\/div><\/div>\n\n\n\n<p>La r\u00e9cr\u00e9 termin\u00e9e, les \u00e9l\u00e8ves qui sont venues avec moi en premi\u00e8re partie vont aller en salle avec Katharina pour faire des jeux. Et ceux qui \u00e9taient dedans viennent avec moi dehors. Comme \u00e7a, tous les \u00e9l\u00e8ves ont fait les m\u00eames activit\u00e9s.<\/p>\n\n\n\n<p>Dedans, \u00e0 l&rsquo;aide d&rsquo;\u00e9nigmes, les \u00e9l\u00e8ves font un puzzle sur le lapin. Ex: Elles sont longues et bougent sans arr\u00eat. Je peux m\u00eame les faire pivoter s\u00e9par\u00e9ment l&rsquo;une de l&rsquo;autre. J&rsquo;entends le moindre bruit, d&rsquo;o\u00f9 qu&rsquo;il vienne. Ce sont? &#x1f914; Les oreilles<\/p>\n\n\n\n<p>Katharina leur parle de l&rsquo;accouplement des lapins, de la gestation de la lapine et de la naissance des lapereaux. Ils vont pourvoir observer 3 petites vid\u00e9os, sur le sujet, de nos lapins. Puis pour clore l&rsquo;atelier, en 2 groupes, les \u00e9l\u00e8ves vont pouvoir faire un m\u00e9mori sur les races des lapins les plus connus en Suisse. Une fois l&rsquo;activit\u00e9 termin\u00e9e, les \u00e9l\u00e8ves nous rejoignent dehors.<\/p>\n\n\n\n<div class=\"wp-block-jetpack-tiled-gallery aligncenter is-style-rectangular\"><div class=\"tiled-gallery__gallery\"><div class=\"tiled-gallery__row\"><div class=\"tiled-gallery__col\" style=\"flex-basis:54.59304%\"><figure class=\"tiled-gallery__item\"><img decoding=\"async\" alt=\"\" data-height=\"1000\" data-id=\"7798\" data-link=\"https:\/\/ecolefermedesbois.ch\/?attachment_id=7798\" data-url=\"https:\/\/ecolefermedesbois.ch\/wp-content\/uploads\/2022\/03\/wp-16482239327861674550157683774566-450x600.jpg\" data-width=\"750\" src=\"https:\/\/i2.wp.com\/ecolefermedesbois.ch\/wp-content\/uploads\/2022\/03\/wp-16482239327861674550157683774566-450x600.jpg?ssl=1\" data-amp-layout=\"responsive\"\/><\/figure><\/div><div class=\"tiled-gallery__col\" style=\"flex-basis:45.40696%\"><figure class=\"tiled-gallery__item\"><img decoding=\"async\" alt=\"\" data-height=\"844\" data-id=\"7800\" data-link=\"https:\/\/ecolefermedesbois.ch\/?attachment_id=7800\" data-url=\"https:\/\/ecolefermedesbois.ch\/wp-content\/uploads\/2022\/03\/wp-16482239328478198994050389534403-600x506.jpg\" data-width=\"1000\" src=\"https:\/\/i1.wp.com\/ecolefermedesbois.ch\/wp-content\/uploads\/2022\/03\/wp-16482239328478198994050389534403-600x506.jpg?ssl=1\" data-amp-layout=\"responsive\"\/><\/figure><figure class=\"tiled-gallery__item\"><img decoding=\"async\" alt=\"\" data-height=\"750\" data-id=\"7788\" data-link=\"https:\/\/ecolefermedesbois.ch\/?attachment_id=7788\" data-url=\"https:\/\/ecolefermedesbois.ch\/wp-content\/uploads\/2022\/03\/wp-16482239290721115688510210899671-600x450.jpg\" data-width=\"1000\" src=\"https:\/\/i2.wp.com\/ecolefermedesbois.ch\/wp-content\/uploads\/2022\/03\/wp-16482239290721115688510210899671-600x450.jpg?ssl=1\" data-amp-layout=\"responsive\"\/><\/figure><\/div><\/div><\/div><\/div>\n\n\n\n<p>Pour terminer en beaut\u00e9 la matin\u00e9e, nous partageons un moment c\u00e2lin avec nos jeunes lapereaux de 8 semaines. Que d&rsquo;\u00e9toiles dans les yeux des enfants! &#x1f929;<\/p>\n\n\n\n<div class=\"wp-block-jetpack-tiled-gallery aligncenter is-style-rectangular\"><div class=\"tiled-gallery__gallery\"><div class=\"tiled-gallery__row\"><div class=\"tiled-gallery__col\" style=\"flex-basis:66.77402%\"><figure class=\"tiled-gallery__item\"><img decoding=\"async\" alt=\"\" data-height=\"750\" data-id=\"7796\" data-link=\"https:\/\/ecolefermedesbois.ch\/?attachment_id=7796\" data-url=\"https:\/\/ecolefermedesbois.ch\/wp-content\/uploads\/2022\/03\/wp-16482239320832258483132248753896-600x450.jpg\" data-width=\"1000\" src=\"https:\/\/i1.wp.com\/ecolefermedesbois.ch\/wp-content\/uploads\/2022\/03\/wp-16482239320832258483132248753896-600x450.jpg?ssl=1\" data-amp-layout=\"responsive\"\/><\/figure><\/div><div class=\"tiled-gallery__col\" style=\"flex-basis:33.22598%\"><figure class=\"tiled-gallery__item\"><img decoding=\"async\" alt=\"\" data-height=\"750\" data-id=\"7799\" data-link=\"https:\/\/ecolefermedesbois.ch\/?attachment_id=7799\" data-url=\"https:\/\/ecolefermedesbois.ch\/wp-content\/uploads\/2022\/03\/wp-16482239326091779418583091642221-600x450.jpg\" data-width=\"1000\" src=\"https:\/\/i2.wp.com\/ecolefermedesbois.ch\/wp-content\/uploads\/2022\/03\/wp-16482239326091779418583091642221-600x450.jpg?ssl=1\" data-amp-layout=\"responsive\"\/><\/figure><figure class=\"tiled-gallery__item\"><img decoding=\"async\" alt=\"\" data-height=\"750\" data-id=\"7795\" data-link=\"https:\/\/ecolefermedesbois.ch\/?attachment_id=7795\" data-url=\"https:\/\/ecolefermedesbois.ch\/wp-content\/uploads\/2022\/03\/wp-16482239318917328028074686949553-600x450.jpg\" data-width=\"1000\" src=\"https:\/\/i1.wp.com\/ecolefermedesbois.ch\/wp-content\/uploads\/2022\/03\/wp-16482239318917328028074686949553-600x450.jpg?ssl=1\" data-amp-layout=\"responsive\"\/><\/figure><\/div><\/div><\/div><\/div>\n\n\n\n<p>Merci les enfants pour votre aide au nettoyage des cages ainsi que d&rsquo;avoir nourri tout mes lapins. Merci pour votre joie, votre implication tout au long de la matin\u00e9e et votre curiosit\u00e9. &#x1f49d;<\/p>\n\n\n\n<p>Merci Nathalie de l\u2019int\u00e9r\u00eat que tu as porter \u00e0 nos amis aux grandes oreilles. Ton int\u00e9r\u00eat nous a motiv\u00e9e \u00e0 cr\u00e9er ce module. Tu nous a manqu\u00e9 pendant toute la matin\u00e9e.&#x1f33a;<\/p>\n\n\n\n<p>Merci Chlo\u00e9 et C\u00e9line de votre participation ainsi que d&rsquo;avoir permis \u00e0 vos \u00e9l\u00e8ves de vivre ces moments de pur bonheur! &#x1f33a;<\/p>\n\n\n\n<p>A bient\u00f4t <\/p>\n\n\n\n<p>Sophie et Katharina<\/p>\n","protected":false},"excerpt":{"rendered":"<p>Ce Vendredi, les \u00e9l\u00e8ves de Nathalie et Chlo\u00e9 sont venus passer la matin\u00e9e sur le th\u00e8me du lapin. Nous avons&#46;&#46;&#46;<\/p>\n","protected":false},"author":2,"featured_media":7783,"comment_status":"open","ping_status":"open","sticky":false,"template":"","format":"image","meta":{"jetpack_post_was_ever_published":false,"footnotes":"","jetpack_publicize_message":"","jetpack_publicize_feature_enabled":true,"jetpack_social_post_already_shared":true,"jetpack_social_options":{"image_generator_settings":{"template":"highway","default_image_id":0,"font":"","enabled":false},"version":2}},"categories":[33],"tags":[],"class_list":["post-7763","post","type-post","status-publish","format-image","has-post-thumbnail","hentry","category-ecole","post_format-post-format-image"],"yoast_head":"<!-- This site is optimized with the Yoast SEO plugin v27.5 - https:\/\/yoast.com\/product\/yoast-seo-wordpress\/ -->\n<title>La classe de N. Rouge et Chlo\u00e9 Nicolet d\u00e9couvre les lapins &#x1f430; -<\/title>\n<meta name=\"robots\" content=\"index, follow, max-snippet:-1, max-image-preview:large, max-video-preview:-1\" \/>\n<link rel=\"canonical\" href=\"https:\/\/ecolefermedesbois.ch\/?p=7763\" \/>\n<meta property=\"og:locale\" content=\"fr_FR\" \/>\n<meta property=\"og:type\" content=\"article\" \/>\n<meta property=\"og:title\" content=\"La classe de N. Rouge et Chlo\u00e9 Nicolet d\u00e9couvre les lapins &#x1f430; -\" \/>\n<meta property=\"og:description\" content=\"Ce Vendredi, les \u00e9l\u00e8ves de Nathalie et Chlo\u00e9 sont venus passer la matin\u00e9e sur le th\u00e8me du lapin. Nous avons&#046;&#046;&#046;\" \/>\n<meta property=\"og:url\" content=\"https:\/\/ecolefermedesbois.ch\/?p=7763\" \/>\n<meta property=\"article:publisher\" content=\"https:\/\/www.facebook.com\/ecolefermedesBois\" \/>\n<meta property=\"article:published_time\" content=\"2022-03-25T16:11:49+00:00\" \/>\n<meta property=\"article:modified_time\" content=\"2022-03-25T16:11:52+00:00\" \/>\n<meta property=\"og:image\" content=\"https:\/\/ecolefermedesbois.ch\/wp-content\/uploads\/2022\/03\/wp-16482239266788216066421739281863.jpg\" \/>\n\t<meta property=\"og:image:width\" content=\"1000\" \/>\n\t<meta property=\"og:image:height\" content=\"750\" \/>\n\t<meta property=\"og:image:type\" content=\"image\/jpeg\" \/>\n<meta name=\"author\" content=\"Sophie\" \/>\n<meta name=\"twitter:card\" content=\"summary_large_image\" \/>\n<meta name=\"twitter:label1\" content=\"\u00c9crit par\" \/>\n\t<meta name=\"twitter:data1\" content=\"Sophie\" \/>\n\t<meta name=\"twitter:label2\" content=\"Dur\u00e9e de lecture estim\u00e9e\" \/>\n\t<meta name=\"twitter:data2\" content=\"11 minutes\" \/>\n<script type=\"application\/ld+json\" class=\"yoast-schema-graph\">{\"@context\":\"https:\\\/\\\/schema.org\",\"@graph\":[{\"@type\":\"Article\",\"@id\":\"https:\\\/\\\/ecolefermedesbois.ch\\\/?p=7763#article\",\"isPartOf\":{\"@id\":\"https:\\\/\\\/ecolefermedesbois.ch\\\/?p=7763\"},\"author\":{\"name\":\"Sophie\",\"@id\":\"https:\\\/\\\/ecolefermedesbois.ch\\\/#\\\/schema\\\/person\\\/78f5a1c78e958e51240f90932d290908\"},\"headline\":\"La classe de N. Rouge et Chlo\u00e9 Nicolet d\u00e9couvre les lapins &#x1f430;\",\"datePublished\":\"2022-03-25T16:11:49+00:00\",\"dateModified\":\"2022-03-25T16:11:52+00:00\",\"mainEntityOfPage\":{\"@id\":\"https:\\\/\\\/ecolefermedesbois.ch\\\/?p=7763\"},\"wordCount\":591,\"commentCount\":0,\"publisher\":{\"@id\":\"https:\\\/\\\/ecolefermedesbois.ch\\\/#organization\"},\"image\":{\"@id\":\"https:\\\/\\\/ecolefermedesbois.ch\\\/?p=7763#primaryimage\"},\"thumbnailUrl\":\"https:\\\/\\\/i0.wp.com\\\/ecolefermedesbois.ch\\\/wp-content\\\/uploads\\\/2022\\\/03\\\/wp-16482239266788216066421739281863.jpg?fit=1000%2C750&ssl=1\",\"articleSection\":[\"Ecole\"],\"inLanguage\":\"fr-FR\",\"potentialAction\":[{\"@type\":\"CommentAction\",\"name\":\"Comment\",\"target\":[\"https:\\\/\\\/ecolefermedesbois.ch\\\/?p=7763#respond\"]}]},{\"@type\":\"WebPage\",\"@id\":\"https:\\\/\\\/ecolefermedesbois.ch\\\/?p=7763\",\"url\":\"https:\\\/\\\/ecolefermedesbois.ch\\\/?p=7763\",\"name\":\"La classe de N. Rouge et Chlo\u00e9 Nicolet d\u00e9couvre les lapins &#x1f430; -\",\"isPartOf\":{\"@id\":\"https:\\\/\\\/ecolefermedesbois.ch\\\/#website\"},\"primaryImageOfPage\":{\"@id\":\"https:\\\/\\\/ecolefermedesbois.ch\\\/?p=7763#primaryimage\"},\"image\":{\"@id\":\"https:\\\/\\\/ecolefermedesbois.ch\\\/?p=7763#primaryimage\"},\"thumbnailUrl\":\"https:\\\/\\\/i0.wp.com\\\/ecolefermedesbois.ch\\\/wp-content\\\/uploads\\\/2022\\\/03\\\/wp-16482239266788216066421739281863.jpg?fit=1000%2C750&ssl=1\",\"datePublished\":\"2022-03-25T16:11:49+00:00\",\"dateModified\":\"2022-03-25T16:11:52+00:00\",\"breadcrumb\":{\"@id\":\"https:\\\/\\\/ecolefermedesbois.ch\\\/?p=7763#breadcrumb\"},\"inLanguage\":\"fr-FR\",\"potentialAction\":[{\"@type\":\"ReadAction\",\"target\":[\"https:\\\/\\\/ecolefermedesbois.ch\\\/?p=7763\"]}]},{\"@type\":\"ImageObject\",\"inLanguage\":\"fr-FR\",\"@id\":\"https:\\\/\\\/ecolefermedesbois.ch\\\/?p=7763#primaryimage\",\"url\":\"https:\\\/\\\/i0.wp.com\\\/ecolefermedesbois.ch\\\/wp-content\\\/uploads\\\/2022\\\/03\\\/wp-16482239266788216066421739281863.jpg?fit=1000%2C750&ssl=1\",\"contentUrl\":\"https:\\\/\\\/i0.wp.com\\\/ecolefermedesbois.ch\\\/wp-content\\\/uploads\\\/2022\\\/03\\\/wp-16482239266788216066421739281863.jpg?fit=1000%2C750&ssl=1\",\"width\":1000,\"height\":750},{\"@type\":\"BreadcrumbList\",\"@id\":\"https:\\\/\\\/ecolefermedesbois.ch\\\/?p=7763#breadcrumb\",\"itemListElement\":[{\"@type\":\"ListItem\",\"position\":1,\"name\":\"Accueil\",\"item\":\"https:\\\/\\\/ecolefermedesbois.ch\\\/\"},{\"@type\":\"ListItem\",\"position\":2,\"name\":\"La classe de N. Rouge et Chlo\u00e9 Nicolet d\u00e9couvre les lapins &#x1f430;\"}]},{\"@type\":\"WebSite\",\"@id\":\"https:\\\/\\\/ecolefermedesbois.ch\\\/#website\",\"url\":\"https:\\\/\\\/ecolefermedesbois.ch\\\/\",\"name\":\"ecolefermedesbois\",\"description\":\"\",\"publisher\":{\"@id\":\"https:\\\/\\\/ecolefermedesbois.ch\\\/#organization\"},\"potentialAction\":[{\"@type\":\"SearchAction\",\"target\":{\"@type\":\"EntryPoint\",\"urlTemplate\":\"https:\\\/\\\/ecolefermedesbois.ch\\\/?s={search_term_string}\"},\"query-input\":{\"@type\":\"PropertyValueSpecification\",\"valueRequired\":true,\"valueName\":\"search_term_string\"}}],\"inLanguage\":\"fr-FR\"},{\"@type\":\"Organization\",\"@id\":\"https:\\\/\\\/ecolefermedesbois.ch\\\/#organization\",\"name\":\"Ecole \u00e0 la Ferme des Bois\",\"url\":\"https:\\\/\\\/ecolefermedesbois.ch\\\/\",\"logo\":{\"@type\":\"ImageObject\",\"inLanguage\":\"fr-FR\",\"@id\":\"https:\\\/\\\/ecolefermedesbois.ch\\\/#\\\/schema\\\/logo\\\/image\\\/\",\"url\":\"https:\\\/\\\/ecolefermedesbois.ch\\\/wp-content\\\/uploads\\\/2019\\\/04\\\/logo-scaled.gif\",\"contentUrl\":\"https:\\\/\\\/ecolefermedesbois.ch\\\/wp-content\\\/uploads\\\/2019\\\/04\\\/logo-scaled.gif\",\"width\":2560,\"height\":608,\"caption\":\"Ecole \u00e0 la Ferme des Bois\"},\"image\":{\"@id\":\"https:\\\/\\\/ecolefermedesbois.ch\\\/#\\\/schema\\\/logo\\\/image\\\/\"},\"sameAs\":[\"https:\\\/\\\/www.facebook.com\\\/ecolefermedesBois\"]},{\"@type\":\"Person\",\"@id\":\"https:\\\/\\\/ecolefermedesbois.ch\\\/#\\\/schema\\\/person\\\/78f5a1c78e958e51240f90932d290908\",\"name\":\"Sophie\",\"image\":{\"@type\":\"ImageObject\",\"inLanguage\":\"fr-FR\",\"@id\":\"https:\\\/\\\/secure.gravatar.com\\\/avatar\\\/053fbaec50cb27b03b880a4b8b018009aa3af995f32011efc3f40a589371d46f?s=96&d=mm&r=g\",\"url\":\"https:\\\/\\\/secure.gravatar.com\\\/avatar\\\/053fbaec50cb27b03b880a4b8b018009aa3af995f32011efc3f40a589371d46f?s=96&d=mm&r=g\",\"contentUrl\":\"https:\\\/\\\/secure.gravatar.com\\\/avatar\\\/053fbaec50cb27b03b880a4b8b018009aa3af995f32011efc3f40a589371d46f?s=96&d=mm&r=g\",\"caption\":\"Sophie\"},\"url\":\"https:\\\/\\\/ecolefermedesbois.ch\\\/?author=2\"}]}<\/script>\n<!-- \/ Yoast SEO plugin. -->","yoast_head_json":{"title":"La classe de N. Rouge et Chlo\u00e9 Nicolet d\u00e9couvre les lapins &#x1f430; -","robots":{"index":"index","follow":"follow","max-snippet":"max-snippet:-1","max-image-preview":"max-image-preview:large","max-video-preview":"max-video-preview:-1"},"canonical":"https:\/\/ecolefermedesbois.ch\/?p=7763","og_locale":"fr_FR","og_type":"article","og_title":"La classe de N. Rouge et Chlo\u00e9 Nicolet d\u00e9couvre les lapins &#x1f430; -","og_description":"Ce Vendredi, les \u00e9l\u00e8ves de Nathalie et Chlo\u00e9 sont venus passer la matin\u00e9e sur le th\u00e8me du lapin. Nous avons&#46;&#46;&#46;","og_url":"https:\/\/ecolefermedesbois.ch\/?p=7763","article_publisher":"https:\/\/www.facebook.com\/ecolefermedesBois","article_published_time":"2022-03-25T16:11:49+00:00","article_modified_time":"2022-03-25T16:11:52+00:00","og_image":[{"width":1000,"height":750,"url":"https:\/\/ecolefermedesbois.ch\/wp-content\/uploads\/2022\/03\/wp-16482239266788216066421739281863.jpg","type":"image\/jpeg"}],"author":"Sophie","twitter_card":"summary_large_image","twitter_misc":{"\u00c9crit par":"Sophie","Dur\u00e9e de lecture estim\u00e9e":"11 minutes"},"schema":{"@context":"https:\/\/schema.org","@graph":[{"@type":"Article","@id":"https:\/\/ecolefermedesbois.ch\/?p=7763#article","isPartOf":{"@id":"https:\/\/ecolefermedesbois.ch\/?p=7763"},"author":{"name":"Sophie","@id":"https:\/\/ecolefermedesbois.ch\/#\/schema\/person\/78f5a1c78e958e51240f90932d290908"},"headline":"La classe de N. Rouge et Chlo\u00e9 Nicolet d\u00e9couvre les lapins &#x1f430;","datePublished":"2022-03-25T16:11:49+00:00","dateModified":"2022-03-25T16:11:52+00:00","mainEntityOfPage":{"@id":"https:\/\/ecolefermedesbois.ch\/?p=7763"},"wordCount":591,"commentCount":0,"publisher":{"@id":"https:\/\/ecolefermedesbois.ch\/#organization"},"image":{"@id":"https:\/\/ecolefermedesbois.ch\/?p=7763#primaryimage"},"thumbnailUrl":"https:\/\/i0.wp.com\/ecolefermedesbois.ch\/wp-content\/uploads\/2022\/03\/wp-16482239266788216066421739281863.jpg?fit=1000%2C750&ssl=1","articleSection":["Ecole"],"inLanguage":"fr-FR","potentialAction":[{"@type":"CommentAction","name":"Comment","target":["https:\/\/ecolefermedesbois.ch\/?p=7763#respond"]}]},{"@type":"WebPage","@id":"https:\/\/ecolefermedesbois.ch\/?p=7763","url":"https:\/\/ecolefermedesbois.ch\/?p=7763","name":"La classe de N. Rouge et Chlo\u00e9 Nicolet d\u00e9couvre les lapins &#x1f430; -","isPartOf":{"@id":"https:\/\/ecolefermedesbois.ch\/#website"},"primaryImageOfPage":{"@id":"https:\/\/ecolefermedesbois.ch\/?p=7763#primaryimage"},"image":{"@id":"https:\/\/ecolefermedesbois.ch\/?p=7763#primaryimage"},"thumbnailUrl":"https:\/\/i0.wp.com\/ecolefermedesbois.ch\/wp-content\/uploads\/2022\/03\/wp-16482239266788216066421739281863.jpg?fit=1000%2C750&ssl=1","datePublished":"2022-03-25T16:11:49+00:00","dateModified":"2022-03-25T16:11:52+00:00","breadcrumb":{"@id":"https:\/\/ecolefermedesbois.ch\/?p=7763#breadcrumb"},"inLanguage":"fr-FR","potentialAction":[{"@type":"ReadAction","target":["https:\/\/ecolefermedesbois.ch\/?p=7763"]}]},{"@type":"ImageObject","inLanguage":"fr-FR","@id":"https:\/\/ecolefermedesbois.ch\/?p=7763#primaryimage","url":"https:\/\/i0.wp.com\/ecolefermedesbois.ch\/wp-content\/uploads\/2022\/03\/wp-16482239266788216066421739281863.jpg?fit=1000%2C750&ssl=1","contentUrl":"https:\/\/i0.wp.com\/ecolefermedesbois.ch\/wp-content\/uploads\/2022\/03\/wp-16482239266788216066421739281863.jpg?fit=1000%2C750&ssl=1","width":1000,"height":750},{"@type":"BreadcrumbList","@id":"https:\/\/ecolefermedesbois.ch\/?p=7763#breadcrumb","itemListElement":[{"@type":"ListItem","position":1,"name":"Accueil","item":"https:\/\/ecolefermedesbois.ch\/"},{"@type":"ListItem","position":2,"name":"La classe de N. Rouge et Chlo\u00e9 Nicolet d\u00e9couvre les lapins &#x1f430;"}]},{"@type":"WebSite","@id":"https:\/\/ecolefermedesbois.ch\/#website","url":"https:\/\/ecolefermedesbois.ch\/","name":"ecolefermedesbois","description":"","publisher":{"@id":"https:\/\/ecolefermedesbois.ch\/#organization"},"potentialAction":[{"@type":"SearchAction","target":{"@type":"EntryPoint","urlTemplate":"https:\/\/ecolefermedesbois.ch\/?s={search_term_string}"},"query-input":{"@type":"PropertyValueSpecification","valueRequired":true,"valueName":"search_term_string"}}],"inLanguage":"fr-FR"},{"@type":"Organization","@id":"https:\/\/ecolefermedesbois.ch\/#organization","name":"Ecole \u00e0 la Ferme des Bois","url":"https:\/\/ecolefermedesbois.ch\/","logo":{"@type":"ImageObject","inLanguage":"fr-FR","@id":"https:\/\/ecolefermedesbois.ch\/#\/schema\/logo\/image\/","url":"https:\/\/ecolefermedesbois.ch\/wp-content\/uploads\/2019\/04\/logo-scaled.gif","contentUrl":"https:\/\/ecolefermedesbois.ch\/wp-content\/uploads\/2019\/04\/logo-scaled.gif","width":2560,"height":608,"caption":"Ecole \u00e0 la Ferme des Bois"},"image":{"@id":"https:\/\/ecolefermedesbois.ch\/#\/schema\/logo\/image\/"},"sameAs":["https:\/\/www.facebook.com\/ecolefermedesBois"]},{"@type":"Person","@id":"https:\/\/ecolefermedesbois.ch\/#\/schema\/person\/78f5a1c78e958e51240f90932d290908","name":"Sophie","image":{"@type":"ImageObject","inLanguage":"fr-FR","@id":"https:\/\/secure.gravatar.com\/avatar\/053fbaec50cb27b03b880a4b8b018009aa3af995f32011efc3f40a589371d46f?s=96&d=mm&r=g","url":"https:\/\/secure.gravatar.com\/avatar\/053fbaec50cb27b03b880a4b8b018009aa3af995f32011efc3f40a589371d46f?s=96&d=mm&r=g","contentUrl":"https:\/\/secure.gravatar.com\/avatar\/053fbaec50cb27b03b880a4b8b018009aa3af995f32011efc3f40a589371d46f?s=96&d=mm&r=g","caption":"Sophie"},"url":"https:\/\/ecolefermedesbois.ch\/?author=2"}]}},"jetpack_publicize_connections":[],"jetpack_featured_media_url":"https:\/\/i0.wp.com\/ecolefermedesbois.ch\/wp-content\/uploads\/2022\/03\/wp-16482239266788216066421739281863.jpg?fit=1000%2C750&ssl=1","jetpack_sharing_enabled":true,"_links":{"self":[{"href":"https:\/\/ecolefermedesbois.ch\/index.php?rest_route=\/wp\/v2\/posts\/7763","targetHints":{"allow":["GET"]}}],"collection":[{"href":"https:\/\/ecolefermedesbois.ch\/index.php?rest_route=\/wp\/v2\/posts"}],"about":[{"href":"https:\/\/ecolefermedesbois.ch\/index.php?rest_route=\/wp\/v2\/types\/post"}],"author":[{"embeddable":true,"href":"https:\/\/ecolefermedesbois.ch\/index.php?rest_route=\/wp\/v2\/users\/2"}],"replies":[{"embeddable":true,"href":"https:\/\/ecolefermedesbois.ch\/index.php?rest_route=%2Fwp%2Fv2%2Fcomments&post=7763"}],"version-history":[{"count":2,"href":"https:\/\/ecolefermedesbois.ch\/index.php?rest_route=\/wp\/v2\/posts\/7763\/revisions"}],"predecessor-version":[{"id":7806,"href":"https:\/\/ecolefermedesbois.ch\/index.php?rest_route=\/wp\/v2\/posts\/7763\/revisions\/7806"}],"wp:featuredmedia":[{"embeddable":true,"href":"https:\/\/ecolefermedesbois.ch\/index.php?rest_route=\/wp\/v2\/media\/7783"}],"wp:attachment":[{"href":"https:\/\/ecolefermedesbois.ch\/index.php?rest_route=%2Fwp%2Fv2%2Fmedia&parent=7763"}],"wp:term":[{"taxonomy":"category","embeddable":true,"href":"https:\/\/ecolefermedesbois.ch\/index.php?rest_route=%2Fwp%2Fv2%2Fcategories&post=7763"},{"taxonomy":"post_tag","embeddable":true,"href":"https:\/\/ecolefermedesbois.ch\/index.php?rest_route=%2Fwp%2Fv2%2Ftags&post=7763"}],"curies":[{"name":"wp","href":"https:\/\/api.w.org\/{rel}","templated":true}]}}