{"id":7571,"date":"2022-03-14T20:42:41","date_gmt":"2022-03-14T19:42:41","guid":{"rendered":"https:\/\/ecolefermedesbois.ch\/?p=7571"},"modified":"2022-03-14T20:43:42","modified_gmt":"2022-03-14T19:43:42","slug":"la-boite-a-couleurs-a-letable","status":"publish","type":"post","link":"https:\/\/ecolefermedesbois.ch\/?p=7571","title":{"rendered":"La bo\u00eete \u00e0 Couleurs \u00e0 l&rsquo;\u00e9table &#x1f308;"},"content":{"rendered":"<div class=\"pdfprnt-buttons pdfprnt-buttons-post pdfprnt-top-right\"><a href=\"https:\/\/ecolefermedesbois.ch\/index.php?rest_route=%2Fwp%2Fv2%2Fposts%2F7571&print=pdf\" class=\"pdfprnt-button pdfprnt-button-pdf\" target=\"_blank\" ><img data-recalc-dims=\"1\" decoding=\"async\" src=\"https:\/\/i0.wp.com\/ecolefermedesbois.ch\/wp-content\/plugins\/pdf-print\/images\/pdf.png?w=720&#038;ssl=1\" alt=\"image_pdf\" title=\"Afficher le PDF\" \/><\/a><a href=\"https:\/\/ecolefermedesbois.ch\/index.php?rest_route=%2Fwp%2Fv2%2Fposts%2F7571&print=print\" class=\"pdfprnt-button pdfprnt-button-print\" target=\"_blank\" ><img data-recalc-dims=\"1\" decoding=\"async\" src=\"https:\/\/i0.wp.com\/ecolefermedesbois.ch\/wp-content\/plugins\/pdf-print\/images\/print.png?w=720&#038;ssl=1\" alt=\"image_print\" title=\"Contenu imprim\u00e9\" \/><\/a><\/div>\n<p>Vendredi pass\u00e9, le dernier groupe (du vendredi) de la bo\u00eete \u00e0 couleurs est venu d\u00e9couvrir les habitants de l&rsquo;\u00e9table &#x1f404;<\/p>\n\n\n\n<p>Nous avons pu approcher les vaches, certains ont m\u00eame pu les caresser, puis nous les avons nourris.<\/p>\n\n\n\n<figure class=\"wp-block-gallery has-nested-images columns-default is-cropped wp-block-gallery-1 is-layout-flex wp-block-gallery-is-layout-flex\">\n<figure class=\"wp-block-image size-large\"><img data-recalc-dims=\"1\" fetchpriority=\"high\" decoding=\"async\" width=\"720\" height=\"960\" data-id=\"7597\" src=\"https:\/\/i0.wp.com\/ecolefermedesbois.ch\/wp-content\/uploads\/2022\/03\/wp-16472859204628664207941580725222.jpg?resize=720%2C960&#038;ssl=1\" alt=\"\" class=\"wp-image-7597\" srcset=\"https:\/\/i0.wp.com\/ecolefermedesbois.ch\/wp-content\/uploads\/2022\/03\/wp-16472859204628664207941580725222.jpg?w=756&amp;ssl=1 756w, https:\/\/i0.wp.com\/ecolefermedesbois.ch\/wp-content\/uploads\/2022\/03\/wp-16472859204628664207941580725222.jpg?resize=225%2C300&amp;ssl=1 225w, https:\/\/i0.wp.com\/ecolefermedesbois.ch\/wp-content\/uploads\/2022\/03\/wp-16472859204628664207941580725222.jpg?resize=450%2C600&amp;ssl=1 450w\" sizes=\"(max-width: 720px) 100vw, 720px\" \/><\/figure>\n\n\n\n<figure class=\"wp-block-image size-large\"><img data-recalc-dims=\"1\" decoding=\"async\" width=\"720\" height=\"540\" data-id=\"7596\" src=\"https:\/\/i0.wp.com\/ecolefermedesbois.ch\/wp-content\/uploads\/2022\/03\/wp-1647285920262338962307870625568.jpg?resize=720%2C540&#038;ssl=1\" alt=\"\" class=\"wp-image-7596\" srcset=\"https:\/\/i0.wp.com\/ecolefermedesbois.ch\/wp-content\/uploads\/2022\/03\/wp-1647285920262338962307870625568.jpg?w=1000&amp;ssl=1 1000w, https:\/\/i0.wp.com\/ecolefermedesbois.ch\/wp-content\/uploads\/2022\/03\/wp-1647285920262338962307870625568.jpg?resize=300%2C225&amp;ssl=1 300w, https:\/\/i0.wp.com\/ecolefermedesbois.ch\/wp-content\/uploads\/2022\/03\/wp-1647285920262338962307870625568.jpg?resize=600%2C450&amp;ssl=1 600w, https:\/\/i0.wp.com\/ecolefermedesbois.ch\/wp-content\/uploads\/2022\/03\/wp-1647285920262338962307870625568.jpg?resize=768%2C576&amp;ssl=1 768w\" sizes=\"(max-width: 720px) 100vw, 720px\" \/><\/figure>\n\n\n\n<figure class=\"wp-block-image size-large\"><img data-recalc-dims=\"1\" decoding=\"async\" width=\"720\" height=\"540\" data-id=\"7594\" src=\"https:\/\/i0.wp.com\/ecolefermedesbois.ch\/wp-content\/uploads\/2022\/03\/wp-16472859189004195880659919874001.jpg?resize=720%2C540&#038;ssl=1\" alt=\"\" class=\"wp-image-7594\" srcset=\"https:\/\/i0.wp.com\/ecolefermedesbois.ch\/wp-content\/uploads\/2022\/03\/wp-16472859189004195880659919874001.jpg?w=1000&amp;ssl=1 1000w, https:\/\/i0.wp.com\/ecolefermedesbois.ch\/wp-content\/uploads\/2022\/03\/wp-16472859189004195880659919874001.jpg?resize=300%2C225&amp;ssl=1 300w, https:\/\/i0.wp.com\/ecolefermedesbois.ch\/wp-content\/uploads\/2022\/03\/wp-16472859189004195880659919874001.jpg?resize=600%2C450&amp;ssl=1 600w, https:\/\/i0.wp.com\/ecolefermedesbois.ch\/wp-content\/uploads\/2022\/03\/wp-16472859189004195880659919874001.jpg?resize=768%2C576&amp;ssl=1 768w\" sizes=\"(max-width: 720px) 100vw, 720px\" \/><\/figure>\n\n\n\n<figure class=\"wp-block-image size-large\"><img data-recalc-dims=\"1\" loading=\"lazy\" decoding=\"async\" width=\"720\" height=\"960\" data-id=\"7580\" src=\"https:\/\/i0.wp.com\/ecolefermedesbois.ch\/wp-content\/uploads\/2022\/03\/wp-16472859175886500511628521378426.jpg?resize=720%2C960&#038;ssl=1\" alt=\"\" class=\"wp-image-7580\" srcset=\"https:\/\/i0.wp.com\/ecolefermedesbois.ch\/wp-content\/uploads\/2022\/03\/wp-16472859175886500511628521378426.jpg?w=750&amp;ssl=1 750w, https:\/\/i0.wp.com\/ecolefermedesbois.ch\/wp-content\/uploads\/2022\/03\/wp-16472859175886500511628521378426.jpg?resize=225%2C300&amp;ssl=1 225w, https:\/\/i0.wp.com\/ecolefermedesbois.ch\/wp-content\/uploads\/2022\/03\/wp-16472859175886500511628521378426.jpg?resize=450%2C600&amp;ssl=1 450w\" sizes=\"(max-width: 720px) 100vw, 720px\" \/><\/figure>\n\n\n\n<figure class=\"wp-block-image size-large\"><img data-recalc-dims=\"1\" loading=\"lazy\" decoding=\"async\" width=\"720\" height=\"960\" data-id=\"7581\" src=\"https:\/\/i0.wp.com\/ecolefermedesbois.ch\/wp-content\/uploads\/2022\/03\/wp-16472859175297374729677844964293.jpg?resize=720%2C960&#038;ssl=1\" alt=\"\" class=\"wp-image-7581\" srcset=\"https:\/\/i0.wp.com\/ecolefermedesbois.ch\/wp-content\/uploads\/2022\/03\/wp-16472859175297374729677844964293.jpg?w=750&amp;ssl=1 750w, https:\/\/i0.wp.com\/ecolefermedesbois.ch\/wp-content\/uploads\/2022\/03\/wp-16472859175297374729677844964293.jpg?resize=225%2C300&amp;ssl=1 225w, https:\/\/i0.wp.com\/ecolefermedesbois.ch\/wp-content\/uploads\/2022\/03\/wp-16472859175297374729677844964293.jpg?resize=450%2C600&amp;ssl=1 450w\" sizes=\"(max-width: 720px) 100vw, 720px\" \/><\/figure>\n\n\n\n<figure class=\"wp-block-image size-large\"><img data-recalc-dims=\"1\" loading=\"lazy\" decoding=\"async\" width=\"720\" height=\"960\" data-id=\"7574\" src=\"https:\/\/i0.wp.com\/ecolefermedesbois.ch\/wp-content\/uploads\/2022\/03\/wp-1647285917057507726320777117106.jpg?resize=720%2C960&#038;ssl=1\" alt=\"\" class=\"wp-image-7574\" srcset=\"https:\/\/i0.wp.com\/ecolefermedesbois.ch\/wp-content\/uploads\/2022\/03\/wp-1647285917057507726320777117106.jpg?w=750&amp;ssl=1 750w, https:\/\/i0.wp.com\/ecolefermedesbois.ch\/wp-content\/uploads\/2022\/03\/wp-1647285917057507726320777117106.jpg?resize=225%2C300&amp;ssl=1 225w, https:\/\/i0.wp.com\/ecolefermedesbois.ch\/wp-content\/uploads\/2022\/03\/wp-1647285917057507726320777117106.jpg?resize=450%2C600&amp;ssl=1 450w\" sizes=\"(max-width: 720px) 100vw, 720px\" \/><\/figure>\n\n\n\n<figure class=\"wp-block-image size-large\"><img data-recalc-dims=\"1\" loading=\"lazy\" decoding=\"async\" width=\"720\" height=\"540\" data-id=\"7575\" src=\"https:\/\/i0.wp.com\/ecolefermedesbois.ch\/wp-content\/uploads\/2022\/03\/wp-16472859172903565876719524053236.jpg?resize=720%2C540&#038;ssl=1\" alt=\"\" class=\"wp-image-7575\" srcset=\"https:\/\/i0.wp.com\/ecolefermedesbois.ch\/wp-content\/uploads\/2022\/03\/wp-16472859172903565876719524053236.jpg?w=1000&amp;ssl=1 1000w, https:\/\/i0.wp.com\/ecolefermedesbois.ch\/wp-content\/uploads\/2022\/03\/wp-16472859172903565876719524053236.jpg?resize=300%2C225&amp;ssl=1 300w, https:\/\/i0.wp.com\/ecolefermedesbois.ch\/wp-content\/uploads\/2022\/03\/wp-16472859172903565876719524053236.jpg?resize=600%2C450&amp;ssl=1 600w, https:\/\/i0.wp.com\/ecolefermedesbois.ch\/wp-content\/uploads\/2022\/03\/wp-16472859172903565876719524053236.jpg?resize=768%2C576&amp;ssl=1 768w\" sizes=\"(max-width: 720px) 100vw, 720px\" \/><\/figure>\n\n\n\n<figure class=\"wp-block-image size-large\"><img data-recalc-dims=\"1\" loading=\"lazy\" decoding=\"async\" width=\"720\" height=\"960\" data-id=\"7579\" src=\"https:\/\/i0.wp.com\/ecolefermedesbois.ch\/wp-content\/uploads\/2022\/03\/wp-1647285917473515260039224135663.jpg?resize=720%2C960&#038;ssl=1\" alt=\"\" class=\"wp-image-7579\" srcset=\"https:\/\/i0.wp.com\/ecolefermedesbois.ch\/wp-content\/uploads\/2022\/03\/wp-1647285917473515260039224135663.jpg?w=750&amp;ssl=1 750w, https:\/\/i0.wp.com\/ecolefermedesbois.ch\/wp-content\/uploads\/2022\/03\/wp-1647285917473515260039224135663.jpg?resize=225%2C300&amp;ssl=1 225w, https:\/\/i0.wp.com\/ecolefermedesbois.ch\/wp-content\/uploads\/2022\/03\/wp-1647285917473515260039224135663.jpg?resize=450%2C600&amp;ssl=1 450w\" sizes=\"(max-width: 720px) 100vw, 720px\" \/><\/figure>\n\n\n\n<figure class=\"wp-block-image size-large\"><img data-recalc-dims=\"1\" loading=\"lazy\" decoding=\"async\" width=\"720\" height=\"960\" data-id=\"7578\" src=\"https:\/\/i0.wp.com\/ecolefermedesbois.ch\/wp-content\/uploads\/2022\/03\/wp-16472859173633762267223167967523.jpg?resize=720%2C960&#038;ssl=1\" alt=\"\" class=\"wp-image-7578\" srcset=\"https:\/\/i0.wp.com\/ecolefermedesbois.ch\/wp-content\/uploads\/2022\/03\/wp-16472859173633762267223167967523.jpg?w=750&amp;ssl=1 750w, https:\/\/i0.wp.com\/ecolefermedesbois.ch\/wp-content\/uploads\/2022\/03\/wp-16472859173633762267223167967523.jpg?resize=225%2C300&amp;ssl=1 225w, https:\/\/i0.wp.com\/ecolefermedesbois.ch\/wp-content\/uploads\/2022\/03\/wp-16472859173633762267223167967523.jpg?resize=450%2C600&amp;ssl=1 450w\" sizes=\"(max-width: 720px) 100vw, 720px\" \/><\/figure>\n\n\n\n<figure class=\"wp-block-image size-large\"><img data-recalc-dims=\"1\" loading=\"lazy\" decoding=\"async\" width=\"720\" height=\"960\" data-id=\"7577\" src=\"https:\/\/i0.wp.com\/ecolefermedesbois.ch\/wp-content\/uploads\/2022\/03\/wp-16472859172385411394362661667106.jpg?resize=720%2C960&#038;ssl=1\" alt=\"\" class=\"wp-image-7577\" srcset=\"https:\/\/i0.wp.com\/ecolefermedesbois.ch\/wp-content\/uploads\/2022\/03\/wp-16472859172385411394362661667106.jpg?w=750&amp;ssl=1 750w, https:\/\/i0.wp.com\/ecolefermedesbois.ch\/wp-content\/uploads\/2022\/03\/wp-16472859172385411394362661667106.jpg?resize=225%2C300&amp;ssl=1 225w, https:\/\/i0.wp.com\/ecolefermedesbois.ch\/wp-content\/uploads\/2022\/03\/wp-16472859172385411394362661667106.jpg?resize=450%2C600&amp;ssl=1 450w\" sizes=\"(max-width: 720px) 100vw, 720px\" \/><\/figure>\n\n\n\n<figure class=\"wp-block-image size-large\"><img data-recalc-dims=\"1\" loading=\"lazy\" decoding=\"async\" width=\"720\" height=\"960\" data-id=\"7576\" src=\"https:\/\/i0.wp.com\/ecolefermedesbois.ch\/wp-content\/uploads\/2022\/03\/wp-16472859171935443053414655448550.jpg?resize=720%2C960&#038;ssl=1\" alt=\"\" class=\"wp-image-7576\" srcset=\"https:\/\/i0.wp.com\/ecolefermedesbois.ch\/wp-content\/uploads\/2022\/03\/wp-16472859171935443053414655448550.jpg?w=750&amp;ssl=1 750w, https:\/\/i0.wp.com\/ecolefermedesbois.ch\/wp-content\/uploads\/2022\/03\/wp-16472859171935443053414655448550.jpg?resize=225%2C300&amp;ssl=1 225w, https:\/\/i0.wp.com\/ecolefermedesbois.ch\/wp-content\/uploads\/2022\/03\/wp-16472859171935443053414655448550.jpg?resize=450%2C600&amp;ssl=1 450w\" sizes=\"(max-width: 720px) 100vw, 720px\" \/><\/figure>\n\n\n\n<figure class=\"wp-block-image size-large\"><img data-recalc-dims=\"1\" loading=\"lazy\" decoding=\"async\" width=\"720\" height=\"960\" data-id=\"7573\" src=\"https:\/\/i0.wp.com\/ecolefermedesbois.ch\/wp-content\/uploads\/2022\/03\/wp-16472859168857323578785464614009.jpg?resize=720%2C960&#038;ssl=1\" alt=\"\" class=\"wp-image-7573\" srcset=\"https:\/\/i0.wp.com\/ecolefermedesbois.ch\/wp-content\/uploads\/2022\/03\/wp-16472859168857323578785464614009.jpg?w=750&amp;ssl=1 750w, https:\/\/i0.wp.com\/ecolefermedesbois.ch\/wp-content\/uploads\/2022\/03\/wp-16472859168857323578785464614009.jpg?resize=225%2C300&amp;ssl=1 225w, https:\/\/i0.wp.com\/ecolefermedesbois.ch\/wp-content\/uploads\/2022\/03\/wp-16472859168857323578785464614009.jpg?resize=450%2C600&amp;ssl=1 450w\" sizes=\"(max-width: 720px) 100vw, 720px\" \/><\/figure>\n<\/figure>\n\n\n\n<p>Les enfants ont d\u00e9couvert leur nourriture et les dangers des d\u00e9chets dans leur fourrage &#x26a0;&#xfe0f;  puis nous sommes all\u00e9s d\u00e9couvrir la salle de traite. Quand est-ce qu&rsquo;on trait les vaches ou encore ce que nous fabriquons \u00e0 partir du lait.<\/p>\n\n\n\n<figure class=\"wp-block-gallery has-nested-images columns-default is-cropped wp-block-gallery-2 is-layout-flex wp-block-gallery-is-layout-flex\">\n<figure class=\"wp-block-image size-large\"><img data-recalc-dims=\"1\" loading=\"lazy\" decoding=\"async\" width=\"720\" height=\"960\" data-id=\"7585\" src=\"https:\/\/i0.wp.com\/ecolefermedesbois.ch\/wp-content\/uploads\/2022\/03\/wp-16472859178648395910831584146251.jpg?resize=720%2C960&#038;ssl=1\" alt=\"\" class=\"wp-image-7585\" srcset=\"https:\/\/i0.wp.com\/ecolefermedesbois.ch\/wp-content\/uploads\/2022\/03\/wp-16472859178648395910831584146251.jpg?w=750&amp;ssl=1 750w, https:\/\/i0.wp.com\/ecolefermedesbois.ch\/wp-content\/uploads\/2022\/03\/wp-16472859178648395910831584146251.jpg?resize=225%2C300&amp;ssl=1 225w, https:\/\/i0.wp.com\/ecolefermedesbois.ch\/wp-content\/uploads\/2022\/03\/wp-16472859178648395910831584146251.jpg?resize=450%2C600&amp;ssl=1 450w\" sizes=\"(max-width: 720px) 100vw, 720px\" \/><\/figure>\n\n\n\n<figure class=\"wp-block-image size-large\"><img data-recalc-dims=\"1\" loading=\"lazy\" decoding=\"async\" width=\"720\" height=\"960\" data-id=\"7586\" src=\"https:\/\/i0.wp.com\/ecolefermedesbois.ch\/wp-content\/uploads\/2022\/03\/wp-16472859178067855050258429791908.jpg?resize=720%2C960&#038;ssl=1\" alt=\"\" class=\"wp-image-7586\" srcset=\"https:\/\/i0.wp.com\/ecolefermedesbois.ch\/wp-content\/uploads\/2022\/03\/wp-16472859178067855050258429791908.jpg?w=750&amp;ssl=1 750w, https:\/\/i0.wp.com\/ecolefermedesbois.ch\/wp-content\/uploads\/2022\/03\/wp-16472859178067855050258429791908.jpg?resize=225%2C300&amp;ssl=1 225w, https:\/\/i0.wp.com\/ecolefermedesbois.ch\/wp-content\/uploads\/2022\/03\/wp-16472859178067855050258429791908.jpg?resize=450%2C600&amp;ssl=1 450w\" sizes=\"(max-width: 720px) 100vw, 720px\" \/><\/figure>\n<\/figure>\n\n\n\n<p>Et pour clore cette premi\u00e8re partie, voici le moment des c\u00e2lins aupr\u00e8s des veaux. Que de bonheur! &#x1f60d;<\/p>\n\n\n\n<figure class=\"wp-block-gallery has-nested-images columns-default is-cropped wp-block-gallery-3 is-layout-flex wp-block-gallery-is-layout-flex\">\n<figure class=\"wp-block-image size-large\"><img data-recalc-dims=\"1\" loading=\"lazy\" decoding=\"async\" width=\"720\" height=\"688\" data-id=\"7595\" src=\"https:\/\/i0.wp.com\/ecolefermedesbois.ch\/wp-content\/uploads\/2022\/03\/wp-16472859199965030622621453386995.jpg?resize=720%2C688&#038;ssl=1\" alt=\"\" class=\"wp-image-7595\" srcset=\"https:\/\/i0.wp.com\/ecolefermedesbois.ch\/wp-content\/uploads\/2022\/03\/wp-16472859199965030622621453386995.jpg?w=1000&amp;ssl=1 1000w, https:\/\/i0.wp.com\/ecolefermedesbois.ch\/wp-content\/uploads\/2022\/03\/wp-16472859199965030622621453386995.jpg?resize=300%2C287&amp;ssl=1 300w, https:\/\/i0.wp.com\/ecolefermedesbois.ch\/wp-content\/uploads\/2022\/03\/wp-16472859199965030622621453386995.jpg?resize=600%2C574&amp;ssl=1 600w, https:\/\/i0.wp.com\/ecolefermedesbois.ch\/wp-content\/uploads\/2022\/03\/wp-16472859199965030622621453386995.jpg?resize=768%2C734&amp;ssl=1 768w\" sizes=\"(max-width: 720px) 100vw, 720px\" \/><\/figure>\n\n\n\n<figure class=\"wp-block-image size-large\"><img data-recalc-dims=\"1\" loading=\"lazy\" decoding=\"async\" width=\"720\" height=\"960\" data-id=\"7593\" src=\"https:\/\/i0.wp.com\/ecolefermedesbois.ch\/wp-content\/uploads\/2022\/03\/wp-16472859187555677449062401099383.jpg?resize=720%2C960&#038;ssl=1\" alt=\"\" class=\"wp-image-7593\" srcset=\"https:\/\/i0.wp.com\/ecolefermedesbois.ch\/wp-content\/uploads\/2022\/03\/wp-16472859187555677449062401099383.jpg?w=756&amp;ssl=1 756w, https:\/\/i0.wp.com\/ecolefermedesbois.ch\/wp-content\/uploads\/2022\/03\/wp-16472859187555677449062401099383.jpg?resize=225%2C300&amp;ssl=1 225w, https:\/\/i0.wp.com\/ecolefermedesbois.ch\/wp-content\/uploads\/2022\/03\/wp-16472859187555677449062401099383.jpg?resize=450%2C600&amp;ssl=1 450w\" sizes=\"(max-width: 720px) 100vw, 720px\" \/><\/figure>\n\n\n\n<figure class=\"wp-block-image size-large\"><img data-recalc-dims=\"1\" loading=\"lazy\" decoding=\"async\" width=\"720\" height=\"540\" data-id=\"7584\" src=\"https:\/\/i0.wp.com\/ecolefermedesbois.ch\/wp-content\/uploads\/2022\/03\/wp-1647285917750368169968121701655.jpg?resize=720%2C540&#038;ssl=1\" alt=\"\" class=\"wp-image-7584\" srcset=\"https:\/\/i0.wp.com\/ecolefermedesbois.ch\/wp-content\/uploads\/2022\/03\/wp-1647285917750368169968121701655.jpg?w=1000&amp;ssl=1 1000w, https:\/\/i0.wp.com\/ecolefermedesbois.ch\/wp-content\/uploads\/2022\/03\/wp-1647285917750368169968121701655.jpg?resize=300%2C225&amp;ssl=1 300w, https:\/\/i0.wp.com\/ecolefermedesbois.ch\/wp-content\/uploads\/2022\/03\/wp-1647285917750368169968121701655.jpg?resize=600%2C450&amp;ssl=1 600w, https:\/\/i0.wp.com\/ecolefermedesbois.ch\/wp-content\/uploads\/2022\/03\/wp-1647285917750368169968121701655.jpg?resize=768%2C576&amp;ssl=1 768w\" sizes=\"(max-width: 720px) 100vw, 720px\" \/><\/figure>\n<\/figure>\n\n\n\n<p>Pour la suite de la matin\u00e9e, nous avons fabriqu\u00e9 du beurre, que nous avons tout de suite mang\u00e9 &#x1f609;<\/p>\n\n\n\n<figure class=\"wp-block-gallery has-nested-images columns-default is-cropped wp-block-gallery-4 is-layout-flex wp-block-gallery-is-layout-flex\">\n<figure class=\"wp-block-image size-large\"><img data-recalc-dims=\"1\" loading=\"lazy\" decoding=\"async\" width=\"720\" height=\"960\" data-id=\"7588\" src=\"https:\/\/i0.wp.com\/ecolefermedesbois.ch\/wp-content\/uploads\/2022\/03\/wp-1647285917955491781990539904822.jpg?resize=720%2C960&#038;ssl=1\" alt=\"\" class=\"wp-image-7588\" srcset=\"https:\/\/i0.wp.com\/ecolefermedesbois.ch\/wp-content\/uploads\/2022\/03\/wp-1647285917955491781990539904822.jpg?w=750&amp;ssl=1 750w, https:\/\/i0.wp.com\/ecolefermedesbois.ch\/wp-content\/uploads\/2022\/03\/wp-1647285917955491781990539904822.jpg?resize=225%2C300&amp;ssl=1 225w, https:\/\/i0.wp.com\/ecolefermedesbois.ch\/wp-content\/uploads\/2022\/03\/wp-1647285917955491781990539904822.jpg?resize=450%2C600&amp;ssl=1 450w\" sizes=\"(max-width: 720px) 100vw, 720px\" \/><\/figure>\n\n\n\n<figure class=\"wp-block-image size-large\"><img data-recalc-dims=\"1\" loading=\"lazy\" decoding=\"async\" width=\"720\" height=\"540\" data-id=\"7587\" src=\"https:\/\/i0.wp.com\/ecolefermedesbois.ch\/wp-content\/uploads\/2022\/03\/wp-16472859179132553927917222885383.jpg?resize=720%2C540&#038;ssl=1\" alt=\"\" class=\"wp-image-7587\" srcset=\"https:\/\/i0.wp.com\/ecolefermedesbois.ch\/wp-content\/uploads\/2022\/03\/wp-16472859179132553927917222885383.jpg?w=1000&amp;ssl=1 1000w, https:\/\/i0.wp.com\/ecolefermedesbois.ch\/wp-content\/uploads\/2022\/03\/wp-16472859179132553927917222885383.jpg?resize=300%2C225&amp;ssl=1 300w, https:\/\/i0.wp.com\/ecolefermedesbois.ch\/wp-content\/uploads\/2022\/03\/wp-16472859179132553927917222885383.jpg?resize=600%2C450&amp;ssl=1 600w, https:\/\/i0.wp.com\/ecolefermedesbois.ch\/wp-content\/uploads\/2022\/03\/wp-16472859179132553927917222885383.jpg?resize=768%2C576&amp;ssl=1 768w\" sizes=\"(max-width: 720px) 100vw, 720px\" \/><\/figure>\n\n\n\n<figure class=\"wp-block-image size-large\"><img data-recalc-dims=\"1\" loading=\"lazy\" decoding=\"async\" width=\"720\" height=\"540\" data-id=\"7583\" src=\"https:\/\/i0.wp.com\/ecolefermedesbois.ch\/wp-content\/uploads\/2022\/03\/wp-16472859176949182816662819399444.jpg?resize=720%2C540&#038;ssl=1\" alt=\"\" class=\"wp-image-7583\" srcset=\"https:\/\/i0.wp.com\/ecolefermedesbois.ch\/wp-content\/uploads\/2022\/03\/wp-16472859176949182816662819399444.jpg?w=1000&amp;ssl=1 1000w, https:\/\/i0.wp.com\/ecolefermedesbois.ch\/wp-content\/uploads\/2022\/03\/wp-16472859176949182816662819399444.jpg?resize=300%2C225&amp;ssl=1 300w, https:\/\/i0.wp.com\/ecolefermedesbois.ch\/wp-content\/uploads\/2022\/03\/wp-16472859176949182816662819399444.jpg?resize=600%2C450&amp;ssl=1 600w, https:\/\/i0.wp.com\/ecolefermedesbois.ch\/wp-content\/uploads\/2022\/03\/wp-16472859176949182816662819399444.jpg?resize=768%2C576&amp;ssl=1 768w\" sizes=\"(max-width: 720px) 100vw, 720px\" \/><\/figure>\n\n\n\n<figure class=\"wp-block-image size-large\"><img data-recalc-dims=\"1\" loading=\"lazy\" decoding=\"async\" width=\"720\" height=\"763\" data-id=\"7582\" src=\"https:\/\/i0.wp.com\/ecolefermedesbois.ch\/wp-content\/uploads\/2022\/03\/wp-16472859176545832275532938720633.jpg?resize=720%2C763&#038;ssl=1\" alt=\"\" class=\"wp-image-7582\" srcset=\"https:\/\/i0.wp.com\/ecolefermedesbois.ch\/wp-content\/uploads\/2022\/03\/wp-16472859176545832275532938720633.jpg?w=944&amp;ssl=1 944w, https:\/\/i0.wp.com\/ecolefermedesbois.ch\/wp-content\/uploads\/2022\/03\/wp-16472859176545832275532938720633.jpg?resize=283%2C300&amp;ssl=1 283w, https:\/\/i0.wp.com\/ecolefermedesbois.ch\/wp-content\/uploads\/2022\/03\/wp-16472859176545832275532938720633.jpg?resize=566%2C600&amp;ssl=1 566w, https:\/\/i0.wp.com\/ecolefermedesbois.ch\/wp-content\/uploads\/2022\/03\/wp-16472859176545832275532938720633.jpg?resize=768%2C814&amp;ssl=1 768w\" sizes=\"(max-width: 720px) 100vw, 720px\" \/><\/figure>\n<\/figure>\n\n\n\n<p>Une fois le go\u00fbter fini, nous avons grimp\u00e9 dans le tracteur &#x1f69c; de Nicolas. Quelle joie de voir autant de bonheur dans leurs yeux &#x1f929;<\/p>\n\n\n\n<figure class=\"wp-block-gallery has-nested-images columns-default is-cropped wp-block-gallery-5 is-layout-flex wp-block-gallery-is-layout-flex\">\n<figure class=\"wp-block-image size-large\"><img data-recalc-dims=\"1\" loading=\"lazy\" decoding=\"async\" width=\"720\" height=\"960\" data-id=\"7591\" src=\"https:\/\/i0.wp.com\/ecolefermedesbois.ch\/wp-content\/uploads\/2022\/03\/wp-16472859182277378028881663299850.jpg?resize=720%2C960&#038;ssl=1\" alt=\"\" class=\"wp-image-7591\" srcset=\"https:\/\/i0.wp.com\/ecolefermedesbois.ch\/wp-content\/uploads\/2022\/03\/wp-16472859182277378028881663299850.jpg?w=750&amp;ssl=1 750w, https:\/\/i0.wp.com\/ecolefermedesbois.ch\/wp-content\/uploads\/2022\/03\/wp-16472859182277378028881663299850.jpg?resize=225%2C300&amp;ssl=1 225w, https:\/\/i0.wp.com\/ecolefermedesbois.ch\/wp-content\/uploads\/2022\/03\/wp-16472859182277378028881663299850.jpg?resize=450%2C600&amp;ssl=1 450w\" sizes=\"(max-width: 720px) 100vw, 720px\" \/><\/figure>\n\n\n\n<figure class=\"wp-block-image size-large\"><img data-recalc-dims=\"1\" loading=\"lazy\" decoding=\"async\" width=\"720\" height=\"960\" data-id=\"7589\" src=\"https:\/\/i0.wp.com\/ecolefermedesbois.ch\/wp-content\/uploads\/2022\/03\/wp-1647285918013821223571280091492.jpg?resize=720%2C960&#038;ssl=1\" alt=\"\" class=\"wp-image-7589\" srcset=\"https:\/\/i0.wp.com\/ecolefermedesbois.ch\/wp-content\/uploads\/2022\/03\/wp-1647285918013821223571280091492.jpg?w=750&amp;ssl=1 750w, https:\/\/i0.wp.com\/ecolefermedesbois.ch\/wp-content\/uploads\/2022\/03\/wp-1647285918013821223571280091492.jpg?resize=225%2C300&amp;ssl=1 225w, https:\/\/i0.wp.com\/ecolefermedesbois.ch\/wp-content\/uploads\/2022\/03\/wp-1647285918013821223571280091492.jpg?resize=450%2C600&amp;ssl=1 450w\" sizes=\"(max-width: 720px) 100vw, 720px\" \/><\/figure>\n\n\n\n<figure class=\"wp-block-image size-large\"><img data-recalc-dims=\"1\" loading=\"lazy\" decoding=\"async\" width=\"720\" height=\"960\" data-id=\"7590\" src=\"https:\/\/i0.wp.com\/ecolefermedesbois.ch\/wp-content\/uploads\/2022\/03\/wp-1647285918121458277377404425030.jpg?resize=720%2C960&#038;ssl=1\" alt=\"\" class=\"wp-image-7590\" srcset=\"https:\/\/i0.wp.com\/ecolefermedesbois.ch\/wp-content\/uploads\/2022\/03\/wp-1647285918121458277377404425030.jpg?w=750&amp;ssl=1 750w, https:\/\/i0.wp.com\/ecolefermedesbois.ch\/wp-content\/uploads\/2022\/03\/wp-1647285918121458277377404425030.jpg?resize=225%2C300&amp;ssl=1 225w, https:\/\/i0.wp.com\/ecolefermedesbois.ch\/wp-content\/uploads\/2022\/03\/wp-1647285918121458277377404425030.jpg?resize=450%2C600&amp;ssl=1 450w\" sizes=\"(max-width: 720px) 100vw, 720px\" \/><\/figure>\n\n\n\n<figure class=\"wp-block-image size-large\"><img data-recalc-dims=\"1\" loading=\"lazy\" decoding=\"async\" width=\"720\" height=\"960\" data-id=\"7592\" src=\"https:\/\/i0.wp.com\/ecolefermedesbois.ch\/wp-content\/uploads\/2022\/03\/wp-16472859185972226550401466991075.jpg?resize=720%2C960&#038;ssl=1\" alt=\"\" class=\"wp-image-7592\" srcset=\"https:\/\/i0.wp.com\/ecolefermedesbois.ch\/wp-content\/uploads\/2022\/03\/wp-16472859185972226550401466991075.jpg?w=750&amp;ssl=1 750w, https:\/\/i0.wp.com\/ecolefermedesbois.ch\/wp-content\/uploads\/2022\/03\/wp-16472859185972226550401466991075.jpg?resize=225%2C300&amp;ssl=1 225w, https:\/\/i0.wp.com\/ecolefermedesbois.ch\/wp-content\/uploads\/2022\/03\/wp-16472859185972226550401466991075.jpg?resize=450%2C600&amp;ssl=1 450w\" sizes=\"(max-width: 720px) 100vw, 720px\" \/><\/figure>\n<\/figure>\n\n\n\n<p>Merci les enfants pour votre curiosit\u00e9, joie et franchise! J&rsquo;adore ces moments qu&rsquo;on partage ensemble. A bient\u00f4t pour le potager! &#x1f955;&#x1f954;&#x1f96c;<\/p>\n\n\n\n<p>Merci Naomi de faire vivre nous ces moments de bonheur. &#x1f49d;<\/p>\n\n\n\n<p>A bient\u00f4t &#x1f917; <\/p>\n\n\n\n<p>Sophie <\/p>\n","protected":false},"excerpt":{"rendered":"<p>Vendredi pass\u00e9, le dernier groupe (du vendredi) de la bo\u00eete \u00e0 couleurs est venu d\u00e9couvrir les habitants de l&rsquo;\u00e9table &#x1f404;&#46;&#46;&#46;<\/p>\n","protected":false},"author":2,"featured_media":7578,"comment_status":"open","ping_status":"open","sticky":false,"template":"","format":"standard","meta":{"jetpack_post_was_ever_published":false,"footnotes":"","jetpack_publicize_message":"","jetpack_publicize_feature_enabled":true,"jetpack_social_post_already_shared":true,"jetpack_social_options":{"image_generator_settings":{"template":"highway","default_image_id":0,"font":"","enabled":false},"version":2}},"categories":[33],"tags":[],"class_list":["post-7571","post","type-post","status-publish","format-standard","has-post-thumbnail","hentry","category-ecole"],"yoast_head":"<!-- This site is optimized with the Yoast SEO plugin v27.5 - https:\/\/yoast.com\/product\/yoast-seo-wordpress\/ -->\n<title>La bo\u00eete \u00e0 Couleurs \u00e0 l&#039;\u00e9table &#x1f308; -<\/title>\n<meta name=\"robots\" content=\"index, follow, max-snippet:-1, max-image-preview:large, max-video-preview:-1\" \/>\n<link rel=\"canonical\" href=\"https:\/\/ecolefermedesbois.ch\/?p=7571\" \/>\n<meta property=\"og:locale\" content=\"fr_FR\" \/>\n<meta property=\"og:type\" content=\"article\" \/>\n<meta property=\"og:title\" content=\"La bo\u00eete \u00e0 Couleurs \u00e0 l&#039;\u00e9table &#x1f308; -\" \/>\n<meta property=\"og:description\" content=\"Vendredi pass\u00e9, le dernier groupe (du vendredi) de la bo\u00eete \u00e0 couleurs est venu d\u00e9couvrir les habitants de l&rsquo;\u00e9table &#x1f404;&#046;&#046;&#046;\" \/>\n<meta property=\"og:url\" content=\"https:\/\/ecolefermedesbois.ch\/?p=7571\" \/>\n<meta property=\"article:publisher\" content=\"https:\/\/www.facebook.com\/ecolefermedesBois\" \/>\n<meta property=\"article:published_time\" content=\"2022-03-14T19:42:41+00:00\" \/>\n<meta property=\"article:modified_time\" content=\"2022-03-14T19:43:42+00:00\" \/>\n<meta property=\"og:image\" content=\"https:\/\/ecolefermedesbois.ch\/wp-content\/uploads\/2022\/03\/wp-16472859173633762267223167967523.jpg\" \/>\n\t<meta property=\"og:image:width\" content=\"750\" \/>\n\t<meta property=\"og:image:height\" content=\"1000\" \/>\n\t<meta property=\"og:image:type\" content=\"image\/jpeg\" \/>\n<meta name=\"author\" content=\"Sophie\" \/>\n<meta name=\"twitter:card\" content=\"summary_large_image\" \/>\n<meta name=\"twitter:label1\" content=\"\u00c9crit par\" \/>\n\t<meta name=\"twitter:data1\" content=\"Sophie\" \/>\n\t<meta name=\"twitter:label2\" content=\"Dur\u00e9e de lecture estim\u00e9e\" \/>\n\t<meta name=\"twitter:data2\" content=\"6 minutes\" \/>\n<script type=\"application\/ld+json\" class=\"yoast-schema-graph\">{\"@context\":\"https:\\\/\\\/schema.org\",\"@graph\":[{\"@type\":\"Article\",\"@id\":\"https:\\\/\\\/ecolefermedesbois.ch\\\/?p=7571#article\",\"isPartOf\":{\"@id\":\"https:\\\/\\\/ecolefermedesbois.ch\\\/?p=7571\"},\"author\":{\"name\":\"Sophie\",\"@id\":\"https:\\\/\\\/ecolefermedesbois.ch\\\/#\\\/schema\\\/person\\\/78f5a1c78e958e51240f90932d290908\"},\"headline\":\"La bo\u00eete \u00e0 Couleurs \u00e0 l&rsquo;\u00e9table &#x1f308;\",\"datePublished\":\"2022-03-14T19:42:41+00:00\",\"dateModified\":\"2022-03-14T19:43:42+00:00\",\"mainEntityOfPage\":{\"@id\":\"https:\\\/\\\/ecolefermedesbois.ch\\\/?p=7571\"},\"wordCount\":215,\"commentCount\":0,\"publisher\":{\"@id\":\"https:\\\/\\\/ecolefermedesbois.ch\\\/#organization\"},\"image\":{\"@id\":\"https:\\\/\\\/ecolefermedesbois.ch\\\/?p=7571#primaryimage\"},\"thumbnailUrl\":\"https:\\\/\\\/i0.wp.com\\\/ecolefermedesbois.ch\\\/wp-content\\\/uploads\\\/2022\\\/03\\\/wp-16472859173633762267223167967523.jpg?fit=750%2C1000&ssl=1\",\"articleSection\":[\"Ecole\"],\"inLanguage\":\"fr-FR\",\"potentialAction\":[{\"@type\":\"CommentAction\",\"name\":\"Comment\",\"target\":[\"https:\\\/\\\/ecolefermedesbois.ch\\\/?p=7571#respond\"]}]},{\"@type\":\"WebPage\",\"@id\":\"https:\\\/\\\/ecolefermedesbois.ch\\\/?p=7571\",\"url\":\"https:\\\/\\\/ecolefermedesbois.ch\\\/?p=7571\",\"name\":\"La bo\u00eete \u00e0 Couleurs \u00e0 l'\u00e9table &#x1f308; -\",\"isPartOf\":{\"@id\":\"https:\\\/\\\/ecolefermedesbois.ch\\\/#website\"},\"primaryImageOfPage\":{\"@id\":\"https:\\\/\\\/ecolefermedesbois.ch\\\/?p=7571#primaryimage\"},\"image\":{\"@id\":\"https:\\\/\\\/ecolefermedesbois.ch\\\/?p=7571#primaryimage\"},\"thumbnailUrl\":\"https:\\\/\\\/i0.wp.com\\\/ecolefermedesbois.ch\\\/wp-content\\\/uploads\\\/2022\\\/03\\\/wp-16472859173633762267223167967523.jpg?fit=750%2C1000&ssl=1\",\"datePublished\":\"2022-03-14T19:42:41+00:00\",\"dateModified\":\"2022-03-14T19:43:42+00:00\",\"breadcrumb\":{\"@id\":\"https:\\\/\\\/ecolefermedesbois.ch\\\/?p=7571#breadcrumb\"},\"inLanguage\":\"fr-FR\",\"potentialAction\":[{\"@type\":\"ReadAction\",\"target\":[\"https:\\\/\\\/ecolefermedesbois.ch\\\/?p=7571\"]}]},{\"@type\":\"ImageObject\",\"inLanguage\":\"fr-FR\",\"@id\":\"https:\\\/\\\/ecolefermedesbois.ch\\\/?p=7571#primaryimage\",\"url\":\"https:\\\/\\\/i0.wp.com\\\/ecolefermedesbois.ch\\\/wp-content\\\/uploads\\\/2022\\\/03\\\/wp-16472859173633762267223167967523.jpg?fit=750%2C1000&ssl=1\",\"contentUrl\":\"https:\\\/\\\/i0.wp.com\\\/ecolefermedesbois.ch\\\/wp-content\\\/uploads\\\/2022\\\/03\\\/wp-16472859173633762267223167967523.jpg?fit=750%2C1000&ssl=1\",\"width\":750,\"height\":1000},{\"@type\":\"BreadcrumbList\",\"@id\":\"https:\\\/\\\/ecolefermedesbois.ch\\\/?p=7571#breadcrumb\",\"itemListElement\":[{\"@type\":\"ListItem\",\"position\":1,\"name\":\"Accueil\",\"item\":\"https:\\\/\\\/ecolefermedesbois.ch\\\/\"},{\"@type\":\"ListItem\",\"position\":2,\"name\":\"La bo\u00eete \u00e0 Couleurs \u00e0 l&rsquo;\u00e9table &#x1f308;\"}]},{\"@type\":\"WebSite\",\"@id\":\"https:\\\/\\\/ecolefermedesbois.ch\\\/#website\",\"url\":\"https:\\\/\\\/ecolefermedesbois.ch\\\/\",\"name\":\"ecolefermedesbois\",\"description\":\"\",\"publisher\":{\"@id\":\"https:\\\/\\\/ecolefermedesbois.ch\\\/#organization\"},\"potentialAction\":[{\"@type\":\"SearchAction\",\"target\":{\"@type\":\"EntryPoint\",\"urlTemplate\":\"https:\\\/\\\/ecolefermedesbois.ch\\\/?s={search_term_string}\"},\"query-input\":{\"@type\":\"PropertyValueSpecification\",\"valueRequired\":true,\"valueName\":\"search_term_string\"}}],\"inLanguage\":\"fr-FR\"},{\"@type\":\"Organization\",\"@id\":\"https:\\\/\\\/ecolefermedesbois.ch\\\/#organization\",\"name\":\"Ecole \u00e0 la Ferme des Bois\",\"url\":\"https:\\\/\\\/ecolefermedesbois.ch\\\/\",\"logo\":{\"@type\":\"ImageObject\",\"inLanguage\":\"fr-FR\",\"@id\":\"https:\\\/\\\/ecolefermedesbois.ch\\\/#\\\/schema\\\/logo\\\/image\\\/\",\"url\":\"https:\\\/\\\/ecolefermedesbois.ch\\\/wp-content\\\/uploads\\\/2019\\\/04\\\/logo-scaled.gif\",\"contentUrl\":\"https:\\\/\\\/ecolefermedesbois.ch\\\/wp-content\\\/uploads\\\/2019\\\/04\\\/logo-scaled.gif\",\"width\":2560,\"height\":608,\"caption\":\"Ecole \u00e0 la Ferme des Bois\"},\"image\":{\"@id\":\"https:\\\/\\\/ecolefermedesbois.ch\\\/#\\\/schema\\\/logo\\\/image\\\/\"},\"sameAs\":[\"https:\\\/\\\/www.facebook.com\\\/ecolefermedesBois\"]},{\"@type\":\"Person\",\"@id\":\"https:\\\/\\\/ecolefermedesbois.ch\\\/#\\\/schema\\\/person\\\/78f5a1c78e958e51240f90932d290908\",\"name\":\"Sophie\",\"image\":{\"@type\":\"ImageObject\",\"inLanguage\":\"fr-FR\",\"@id\":\"https:\\\/\\\/secure.gravatar.com\\\/avatar\\\/053fbaec50cb27b03b880a4b8b018009aa3af995f32011efc3f40a589371d46f?s=96&d=mm&r=g\",\"url\":\"https:\\\/\\\/secure.gravatar.com\\\/avatar\\\/053fbaec50cb27b03b880a4b8b018009aa3af995f32011efc3f40a589371d46f?s=96&d=mm&r=g\",\"contentUrl\":\"https:\\\/\\\/secure.gravatar.com\\\/avatar\\\/053fbaec50cb27b03b880a4b8b018009aa3af995f32011efc3f40a589371d46f?s=96&d=mm&r=g\",\"caption\":\"Sophie\"},\"url\":\"https:\\\/\\\/ecolefermedesbois.ch\\\/?author=2\"}]}<\/script>\n<!-- \/ Yoast SEO plugin. -->","yoast_head_json":{"title":"La bo\u00eete \u00e0 Couleurs \u00e0 l'\u00e9table &#x1f308; -","robots":{"index":"index","follow":"follow","max-snippet":"max-snippet:-1","max-image-preview":"max-image-preview:large","max-video-preview":"max-video-preview:-1"},"canonical":"https:\/\/ecolefermedesbois.ch\/?p=7571","og_locale":"fr_FR","og_type":"article","og_title":"La bo\u00eete \u00e0 Couleurs \u00e0 l'\u00e9table &#x1f308; -","og_description":"Vendredi pass\u00e9, le dernier groupe (du vendredi) de la bo\u00eete \u00e0 couleurs est venu d\u00e9couvrir les habitants de l&rsquo;\u00e9table &#x1f404;&#46;&#46;&#46;","og_url":"https:\/\/ecolefermedesbois.ch\/?p=7571","article_publisher":"https:\/\/www.facebook.com\/ecolefermedesBois","article_published_time":"2022-03-14T19:42:41+00:00","article_modified_time":"2022-03-14T19:43:42+00:00","og_image":[{"width":750,"height":1000,"url":"https:\/\/ecolefermedesbois.ch\/wp-content\/uploads\/2022\/03\/wp-16472859173633762267223167967523.jpg","type":"image\/jpeg"}],"author":"Sophie","twitter_card":"summary_large_image","twitter_misc":{"\u00c9crit par":"Sophie","Dur\u00e9e de lecture estim\u00e9e":"6 minutes"},"schema":{"@context":"https:\/\/schema.org","@graph":[{"@type":"Article","@id":"https:\/\/ecolefermedesbois.ch\/?p=7571#article","isPartOf":{"@id":"https:\/\/ecolefermedesbois.ch\/?p=7571"},"author":{"name":"Sophie","@id":"https:\/\/ecolefermedesbois.ch\/#\/schema\/person\/78f5a1c78e958e51240f90932d290908"},"headline":"La bo\u00eete \u00e0 Couleurs \u00e0 l&rsquo;\u00e9table &#x1f308;","datePublished":"2022-03-14T19:42:41+00:00","dateModified":"2022-03-14T19:43:42+00:00","mainEntityOfPage":{"@id":"https:\/\/ecolefermedesbois.ch\/?p=7571"},"wordCount":215,"commentCount":0,"publisher":{"@id":"https:\/\/ecolefermedesbois.ch\/#organization"},"image":{"@id":"https:\/\/ecolefermedesbois.ch\/?p=7571#primaryimage"},"thumbnailUrl":"https:\/\/i0.wp.com\/ecolefermedesbois.ch\/wp-content\/uploads\/2022\/03\/wp-16472859173633762267223167967523.jpg?fit=750%2C1000&ssl=1","articleSection":["Ecole"],"inLanguage":"fr-FR","potentialAction":[{"@type":"CommentAction","name":"Comment","target":["https:\/\/ecolefermedesbois.ch\/?p=7571#respond"]}]},{"@type":"WebPage","@id":"https:\/\/ecolefermedesbois.ch\/?p=7571","url":"https:\/\/ecolefermedesbois.ch\/?p=7571","name":"La bo\u00eete \u00e0 Couleurs \u00e0 l'\u00e9table &#x1f308; -","isPartOf":{"@id":"https:\/\/ecolefermedesbois.ch\/#website"},"primaryImageOfPage":{"@id":"https:\/\/ecolefermedesbois.ch\/?p=7571#primaryimage"},"image":{"@id":"https:\/\/ecolefermedesbois.ch\/?p=7571#primaryimage"},"thumbnailUrl":"https:\/\/i0.wp.com\/ecolefermedesbois.ch\/wp-content\/uploads\/2022\/03\/wp-16472859173633762267223167967523.jpg?fit=750%2C1000&ssl=1","datePublished":"2022-03-14T19:42:41+00:00","dateModified":"2022-03-14T19:43:42+00:00","breadcrumb":{"@id":"https:\/\/ecolefermedesbois.ch\/?p=7571#breadcrumb"},"inLanguage":"fr-FR","potentialAction":[{"@type":"ReadAction","target":["https:\/\/ecolefermedesbois.ch\/?p=7571"]}]},{"@type":"ImageObject","inLanguage":"fr-FR","@id":"https:\/\/ecolefermedesbois.ch\/?p=7571#primaryimage","url":"https:\/\/i0.wp.com\/ecolefermedesbois.ch\/wp-content\/uploads\/2022\/03\/wp-16472859173633762267223167967523.jpg?fit=750%2C1000&ssl=1","contentUrl":"https:\/\/i0.wp.com\/ecolefermedesbois.ch\/wp-content\/uploads\/2022\/03\/wp-16472859173633762267223167967523.jpg?fit=750%2C1000&ssl=1","width":750,"height":1000},{"@type":"BreadcrumbList","@id":"https:\/\/ecolefermedesbois.ch\/?p=7571#breadcrumb","itemListElement":[{"@type":"ListItem","position":1,"name":"Accueil","item":"https:\/\/ecolefermedesbois.ch\/"},{"@type":"ListItem","position":2,"name":"La bo\u00eete \u00e0 Couleurs \u00e0 l&rsquo;\u00e9table &#x1f308;"}]},{"@type":"WebSite","@id":"https:\/\/ecolefermedesbois.ch\/#website","url":"https:\/\/ecolefermedesbois.ch\/","name":"ecolefermedesbois","description":"","publisher":{"@id":"https:\/\/ecolefermedesbois.ch\/#organization"},"potentialAction":[{"@type":"SearchAction","target":{"@type":"EntryPoint","urlTemplate":"https:\/\/ecolefermedesbois.ch\/?s={search_term_string}"},"query-input":{"@type":"PropertyValueSpecification","valueRequired":true,"valueName":"search_term_string"}}],"inLanguage":"fr-FR"},{"@type":"Organization","@id":"https:\/\/ecolefermedesbois.ch\/#organization","name":"Ecole \u00e0 la Ferme des Bois","url":"https:\/\/ecolefermedesbois.ch\/","logo":{"@type":"ImageObject","inLanguage":"fr-FR","@id":"https:\/\/ecolefermedesbois.ch\/#\/schema\/logo\/image\/","url":"https:\/\/ecolefermedesbois.ch\/wp-content\/uploads\/2019\/04\/logo-scaled.gif","contentUrl":"https:\/\/ecolefermedesbois.ch\/wp-content\/uploads\/2019\/04\/logo-scaled.gif","width":2560,"height":608,"caption":"Ecole \u00e0 la Ferme des Bois"},"image":{"@id":"https:\/\/ecolefermedesbois.ch\/#\/schema\/logo\/image\/"},"sameAs":["https:\/\/www.facebook.com\/ecolefermedesBois"]},{"@type":"Person","@id":"https:\/\/ecolefermedesbois.ch\/#\/schema\/person\/78f5a1c78e958e51240f90932d290908","name":"Sophie","image":{"@type":"ImageObject","inLanguage":"fr-FR","@id":"https:\/\/secure.gravatar.com\/avatar\/053fbaec50cb27b03b880a4b8b018009aa3af995f32011efc3f40a589371d46f?s=96&d=mm&r=g","url":"https:\/\/secure.gravatar.com\/avatar\/053fbaec50cb27b03b880a4b8b018009aa3af995f32011efc3f40a589371d46f?s=96&d=mm&r=g","contentUrl":"https:\/\/secure.gravatar.com\/avatar\/053fbaec50cb27b03b880a4b8b018009aa3af995f32011efc3f40a589371d46f?s=96&d=mm&r=g","caption":"Sophie"},"url":"https:\/\/ecolefermedesbois.ch\/?author=2"}]}},"jetpack_publicize_connections":[],"jetpack_featured_media_url":"https:\/\/i0.wp.com\/ecolefermedesbois.ch\/wp-content\/uploads\/2022\/03\/wp-16472859173633762267223167967523.jpg?fit=750%2C1000&ssl=1","jetpack_sharing_enabled":true,"_links":{"self":[{"href":"https:\/\/ecolefermedesbois.ch\/index.php?rest_route=\/wp\/v2\/posts\/7571","targetHints":{"allow":["GET"]}}],"collection":[{"href":"https:\/\/ecolefermedesbois.ch\/index.php?rest_route=\/wp\/v2\/posts"}],"about":[{"href":"https:\/\/ecolefermedesbois.ch\/index.php?rest_route=\/wp\/v2\/types\/post"}],"author":[{"embeddable":true,"href":"https:\/\/ecolefermedesbois.ch\/index.php?rest_route=\/wp\/v2\/users\/2"}],"replies":[{"embeddable":true,"href":"https:\/\/ecolefermedesbois.ch\/index.php?rest_route=%2Fwp%2Fv2%2Fcomments&post=7571"}],"version-history":[{"count":2,"href":"https:\/\/ecolefermedesbois.ch\/index.php?rest_route=\/wp\/v2\/posts\/7571\/revisions"}],"predecessor-version":[{"id":7598,"href":"https:\/\/ecolefermedesbois.ch\/index.php?rest_route=\/wp\/v2\/posts\/7571\/revisions\/7598"}],"wp:featuredmedia":[{"embeddable":true,"href":"https:\/\/ecolefermedesbois.ch\/index.php?rest_route=\/wp\/v2\/media\/7578"}],"wp:attachment":[{"href":"https:\/\/ecolefermedesbois.ch\/index.php?rest_route=%2Fwp%2Fv2%2Fmedia&parent=7571"}],"wp:term":[{"taxonomy":"category","embeddable":true,"href":"https:\/\/ecolefermedesbois.ch\/index.php?rest_route=%2Fwp%2Fv2%2Fcategories&post=7571"},{"taxonomy":"post_tag","embeddable":true,"href":"https:\/\/ecolefermedesbois.ch\/index.php?rest_route=%2Fwp%2Fv2%2Ftags&post=7571"}],"curies":[{"name":"wp","href":"https:\/\/api.w.org\/{rel}","templated":true}]}}