{"id":7529,"date":"2022-03-06T16:36:31","date_gmt":"2022-03-06T15:36:31","guid":{"rendered":"https:\/\/ecolefermedesbois.ch\/?p=7529"},"modified":"2022-03-06T20:02:43","modified_gmt":"2022-03-06T19:02:43","slug":"la-classe-de-d-sagols-decouvre-la-basse-cour","status":"publish","type":"post","link":"https:\/\/ecolefermedesbois.ch\/?p=7529","title":{"rendered":"La classe de D. Sagols d\u00e9couvre la basse-cour &#x1f414;&#x1f407;"},"content":{"rendered":"<div class=\"pdfprnt-buttons pdfprnt-buttons-post pdfprnt-top-right\"><a href=\"https:\/\/ecolefermedesbois.ch\/index.php?rest_route=%2Fwp%2Fv2%2Fposts%2F7529&print=pdf\" class=\"pdfprnt-button pdfprnt-button-pdf\" target=\"_blank\" ><img data-recalc-dims=\"1\" decoding=\"async\" src=\"https:\/\/i0.wp.com\/ecolefermedesbois.ch\/wp-content\/plugins\/pdf-print\/images\/pdf.png?w=720&#038;ssl=1\" alt=\"image_pdf\" title=\"Afficher le PDF\" \/><\/a><a href=\"https:\/\/ecolefermedesbois.ch\/index.php?rest_route=%2Fwp%2Fv2%2Fposts%2F7529&print=print\" class=\"pdfprnt-button pdfprnt-button-print\" target=\"_blank\" ><img data-recalc-dims=\"1\" decoding=\"async\" src=\"https:\/\/i0.wp.com\/ecolefermedesbois.ch\/wp-content\/plugins\/pdf-print\/images\/print.png?w=720&#038;ssl=1\" alt=\"image_print\" title=\"Contenu imprim\u00e9\" \/><\/a><\/div>\n<p>Ce vendredi les \u00e9l\u00e8ves de Dylane Sagols sont venus passer la matin\u00e9e sur le th\u00e8me de la basse-cour. Nous commen\u00e7ons par d\u00e9couvrir quels sont les animaux qui vivent dans la basse-cour. La poule, le canard, la dinde, l&rsquo;oie, &#8230; De quelle famille appartiennent les poules et que produisent elles? &#x1f95a;<\/p>\n\n\n\n<p>Puis nous allons en salle pour confectionner des madeleines avec les \u0153ufs de nos poulettes! Manches retrouss\u00e9es &#x1f4aa;&#x1f3fb;, nous voil\u00e0 pr\u00eats pour d\u00e9marrer l&rsquo;atelier cuisine! A la force de leurs jeunes biscoteaux, les \u00e9l\u00e8ves m\u00e9langent beurre, sucre, lait, \u0153ufs et farine! Bravo les enfants, vous avez \u00e9t\u00e9 super efficaces! <\/p>\n\n\n\n<figure class=\"wp-block-gallery has-nested-images columns-default is-cropped wp-block-gallery-1 is-layout-flex wp-block-gallery-is-layout-flex\">\n<figure class=\"wp-block-image size-large\"><img data-recalc-dims=\"1\" fetchpriority=\"high\" decoding=\"async\" width=\"720\" height=\"960\" data-id=\"7525\" src=\"https:\/\/i0.wp.com\/ecolefermedesbois.ch\/wp-content\/uploads\/2022\/03\/wp-16464980806752764919295165909788.jpg?resize=720%2C960&#038;ssl=1\" alt=\"\" class=\"wp-image-7525\" srcset=\"https:\/\/i0.wp.com\/ecolefermedesbois.ch\/wp-content\/uploads\/2022\/03\/wp-16464980806752764919295165909788.jpg?w=750&amp;ssl=1 750w, https:\/\/i0.wp.com\/ecolefermedesbois.ch\/wp-content\/uploads\/2022\/03\/wp-16464980806752764919295165909788.jpg?resize=225%2C300&amp;ssl=1 225w, https:\/\/i0.wp.com\/ecolefermedesbois.ch\/wp-content\/uploads\/2022\/03\/wp-16464980806752764919295165909788.jpg?resize=450%2C600&amp;ssl=1 450w\" sizes=\"(max-width: 720px) 100vw, 720px\" \/><\/figure>\n\n\n\n<figure class=\"wp-block-image size-large\"><img data-recalc-dims=\"1\" decoding=\"async\" width=\"720\" height=\"593\" data-id=\"7524\" src=\"https:\/\/i0.wp.com\/ecolefermedesbois.ch\/wp-content\/uploads\/2022\/03\/wp-16464980808481071809924223130492.jpg?resize=720%2C593&#038;ssl=1\" alt=\"\" class=\"wp-image-7524\" srcset=\"https:\/\/i0.wp.com\/ecolefermedesbois.ch\/wp-content\/uploads\/2022\/03\/wp-16464980808481071809924223130492.jpg?w=1000&amp;ssl=1 1000w, https:\/\/i0.wp.com\/ecolefermedesbois.ch\/wp-content\/uploads\/2022\/03\/wp-16464980808481071809924223130492.jpg?resize=300%2C247&amp;ssl=1 300w, https:\/\/i0.wp.com\/ecolefermedesbois.ch\/wp-content\/uploads\/2022\/03\/wp-16464980808481071809924223130492.jpg?resize=600%2C494&amp;ssl=1 600w, https:\/\/i0.wp.com\/ecolefermedesbois.ch\/wp-content\/uploads\/2022\/03\/wp-16464980808481071809924223130492.jpg?resize=768%2C632&amp;ssl=1 768w\" sizes=\"(max-width: 720px) 100vw, 720px\" \/><\/figure>\n\n\n\n<figure class=\"wp-block-image size-large\"><img data-recalc-dims=\"1\" decoding=\"async\" width=\"720\" height=\"960\" data-id=\"7517\" src=\"https:\/\/i0.wp.com\/ecolefermedesbois.ch\/wp-content\/uploads\/2022\/03\/wp-16464980805174422072958494573606.jpg?resize=720%2C960&#038;ssl=1\" alt=\"\" class=\"wp-image-7517\" srcset=\"https:\/\/i0.wp.com\/ecolefermedesbois.ch\/wp-content\/uploads\/2022\/03\/wp-16464980805174422072958494573606.jpg?w=756&amp;ssl=1 756w, https:\/\/i0.wp.com\/ecolefermedesbois.ch\/wp-content\/uploads\/2022\/03\/wp-16464980805174422072958494573606.jpg?resize=225%2C300&amp;ssl=1 225w, https:\/\/i0.wp.com\/ecolefermedesbois.ch\/wp-content\/uploads\/2022\/03\/wp-16464980805174422072958494573606.jpg?resize=450%2C600&amp;ssl=1 450w\" sizes=\"(max-width: 720px) 100vw, 720px\" \/><\/figure>\n\n\n\n<figure class=\"wp-block-image size-large\"><img data-recalc-dims=\"1\" loading=\"lazy\" decoding=\"async\" width=\"720\" height=\"960\" data-id=\"7518\" src=\"https:\/\/i0.wp.com\/ecolefermedesbois.ch\/wp-content\/uploads\/2022\/03\/wp-16464980803652542924914259770768.jpg?resize=720%2C960&#038;ssl=1\" alt=\"\" class=\"wp-image-7518\" srcset=\"https:\/\/i0.wp.com\/ecolefermedesbois.ch\/wp-content\/uploads\/2022\/03\/wp-16464980803652542924914259770768.jpg?w=756&amp;ssl=1 756w, https:\/\/i0.wp.com\/ecolefermedesbois.ch\/wp-content\/uploads\/2022\/03\/wp-16464980803652542924914259770768.jpg?resize=225%2C300&amp;ssl=1 225w, https:\/\/i0.wp.com\/ecolefermedesbois.ch\/wp-content\/uploads\/2022\/03\/wp-16464980803652542924914259770768.jpg?resize=450%2C600&amp;ssl=1 450w\" sizes=\"(max-width: 720px) 100vw, 720px\" \/><\/figure>\n\n\n\n<figure class=\"wp-block-image size-large\"><img data-recalc-dims=\"1\" loading=\"lazy\" decoding=\"async\" width=\"720\" height=\"960\" data-id=\"7508\" src=\"https:\/\/i0.wp.com\/ecolefermedesbois.ch\/wp-content\/uploads\/2022\/03\/wp-1646498079327220330489205188203.jpg?resize=720%2C960&#038;ssl=1\" alt=\"\" class=\"wp-image-7508\" srcset=\"https:\/\/i0.wp.com\/ecolefermedesbois.ch\/wp-content\/uploads\/2022\/03\/wp-1646498079327220330489205188203.jpg?w=750&amp;ssl=1 750w, https:\/\/i0.wp.com\/ecolefermedesbois.ch\/wp-content\/uploads\/2022\/03\/wp-1646498079327220330489205188203.jpg?resize=225%2C300&amp;ssl=1 225w, https:\/\/i0.wp.com\/ecolefermedesbois.ch\/wp-content\/uploads\/2022\/03\/wp-1646498079327220330489205188203.jpg?resize=450%2C600&amp;ssl=1 450w\" sizes=\"(max-width: 720px) 100vw, 720px\" \/><\/figure>\n<\/figure>\n\n\n\n<p>Pendant la cuisson des madeleines, nous partageons la classe en 2 groupes. <br>Un groupe reste avec Nathalie en salle pour faire un jeu du toucher sur les poules. <br>Et un groupe vient avec moi dehors pour d\u00e9couvrir le poulailler. <\/p>\n\n\n\n<p>Qu&rsquo;est ce qui se trouve \u00e0 l&rsquo;int\u00e9rieur du poulailler? &#x1f914; Nous y d\u00e9couvrons: une poule qui couve ses \u0153ufs, les pondoirs, les perchoirs et les diff\u00e9rentes couleurs des \u0153ufs ou encore les mangeoires.<br>Les enfants, comment peut-on s&rsquo;avoir quelle poule pond l\u2019\u0153uf brun et quelle poule pond l\u2019\u0153uf blanc? Oui, c&rsquo;est une question de race de poule, nous pouvons le savoir en observant la couleur de leurs oreillons. S&rsquo;ils sont blanc, l\u2019\u0153uf sera blanc. S&rsquo;ils sont de couleur, l\u2019\u0153uf sera de couleur.<br>Puis nous allons leur donner \u00e0 manger dans leur parc. Tout le monde est aux anges: les poules, car nous leur donnons \u00e0 picorer et les enfants, car ils peuvent approcher de tr\u00e8s pr\u00e8s les poules, voir m\u00eame les toucher pour certains! &#x1f929;<\/p>\n\n\n\n<figure class=\"wp-block-gallery has-nested-images columns-default is-cropped wp-block-gallery-2 is-layout-flex wp-block-gallery-is-layout-flex\">\n<figure class=\"wp-block-image size-large\"><img data-recalc-dims=\"1\" loading=\"lazy\" decoding=\"async\" width=\"720\" height=\"540\" data-id=\"7522\" src=\"https:\/\/i0.wp.com\/ecolefermedesbois.ch\/wp-content\/uploads\/2022\/03\/wp-16464980797317252508992196183156-1.jpg?resize=720%2C540&#038;ssl=1\" alt=\"\" class=\"wp-image-7522\" srcset=\"https:\/\/i0.wp.com\/ecolefermedesbois.ch\/wp-content\/uploads\/2022\/03\/wp-16464980797317252508992196183156-1.jpg?w=1000&amp;ssl=1 1000w, https:\/\/i0.wp.com\/ecolefermedesbois.ch\/wp-content\/uploads\/2022\/03\/wp-16464980797317252508992196183156-1.jpg?resize=300%2C225&amp;ssl=1 300w, https:\/\/i0.wp.com\/ecolefermedesbois.ch\/wp-content\/uploads\/2022\/03\/wp-16464980797317252508992196183156-1.jpg?resize=768%2C576&amp;ssl=1 768w, https:\/\/i0.wp.com\/ecolefermedesbois.ch\/wp-content\/uploads\/2022\/03\/wp-16464980797317252508992196183156-1.jpg?resize=600%2C450&amp;ssl=1 600w\" sizes=\"(max-width: 720px) 100vw, 720px\" \/><\/figure>\n<\/figure>\n\n\n\n<p>Une fois cette partie termin\u00e9e, les \u00e9l\u00e8vent qui \u00e9taient en salle nous rejoignent dehors pour se d\u00e9fouler un peu! &#x1f609; Ensuite nous retournons en salle pour d\u00e9guster nos madeleines, mmm un vrai r\u00e9gal. Bravo les enfants, vos madeleines sont excellentes!<\/p>\n\n\n\n<figure class=\"wp-block-image size-large\"><img data-recalc-dims=\"1\" loading=\"lazy\" decoding=\"async\" width=\"450\" height=\"600\" src=\"https:\/\/i0.wp.com\/ecolefermedesbois.ch\/wp-content\/uploads\/2022\/03\/wp-1646498079216593994600089023185.jpg?resize=450%2C600&#038;ssl=1\" alt=\"\" class=\"wp-image-7507\" srcset=\"https:\/\/i0.wp.com\/ecolefermedesbois.ch\/wp-content\/uploads\/2022\/03\/wp-1646498079216593994600089023185.jpg?resize=450%2C600&amp;ssl=1 450w, https:\/\/i0.wp.com\/ecolefermedesbois.ch\/wp-content\/uploads\/2022\/03\/wp-1646498079216593994600089023185.jpg?resize=225%2C300&amp;ssl=1 225w, https:\/\/i0.wp.com\/ecolefermedesbois.ch\/wp-content\/uploads\/2022\/03\/wp-1646498079216593994600089023185.jpg?w=750&amp;ssl=1 750w\" sizes=\"(max-width: 450px) 100vw, 450px\" \/><\/figure>\n\n\n\n<p>La r\u00e9cr\u00e9 \u00e9tant termin\u00e9e, c&rsquo;est le moment c\u00e2lin avec les poussins. Quelle joie et quelle excitation de pouvoir porter et caresser un poussin de 4 jours. Par contre, nous observons que les poussins peuvent faire leur besoin lorsqu&rsquo;on les porte, ce qui provoque des rires et de la nervosit\u00e9 chez certains \u00e9l\u00e8ves. Trop chou ce m\u00e9lange de joie et de crainte. &#x1f605;<br>Une fois les poussins dans leur poussini\u00e8re, nous d\u00e9couvrons les \u0153ufs des diff\u00e9rentes volailles de la basse-cour. Du plus grand, celui de l&rsquo;autruche au plus petit, celui de la caille.&#x1f62f;<\/p>\n\n\n\n<figure class=\"wp-block-gallery has-nested-images columns-default is-cropped wp-block-gallery-3 is-layout-flex wp-block-gallery-is-layout-flex\">\n<figure class=\"wp-block-image size-large\"><img data-recalc-dims=\"1\" loading=\"lazy\" decoding=\"async\" width=\"592\" height=\"1000\" data-id=\"7521\" src=\"https:\/\/i0.wp.com\/ecolefermedesbois.ch\/wp-content\/uploads\/2022\/03\/wp-16464980800436754167271252271766-1.jpg?resize=592%2C1000&#038;ssl=1\" alt=\"\" class=\"wp-image-7521\" srcset=\"https:\/\/i0.wp.com\/ecolefermedesbois.ch\/wp-content\/uploads\/2022\/03\/wp-16464980800436754167271252271766-1.jpg?w=592&amp;ssl=1 592w, https:\/\/i0.wp.com\/ecolefermedesbois.ch\/wp-content\/uploads\/2022\/03\/wp-16464980800436754167271252271766-1.jpg?resize=178%2C300&amp;ssl=1 178w, https:\/\/i0.wp.com\/ecolefermedesbois.ch\/wp-content\/uploads\/2022\/03\/wp-16464980800436754167271252271766-1.jpg?resize=355%2C600&amp;ssl=1 355w\" sizes=\"(max-width: 592px) 100vw, 592px\" \/><\/figure>\n\n\n\n<figure class=\"wp-block-image size-large\"><img data-recalc-dims=\"1\" loading=\"lazy\" decoding=\"async\" width=\"720\" height=\"542\" data-id=\"7505\" src=\"https:\/\/i0.wp.com\/ecolefermedesbois.ch\/wp-content\/uploads\/2022\/03\/wp-1646498079293876999114804528740.jpg?resize=720%2C542&#038;ssl=1\" alt=\"\" class=\"wp-image-7505\" srcset=\"https:\/\/i0.wp.com\/ecolefermedesbois.ch\/wp-content\/uploads\/2022\/03\/wp-1646498079293876999114804528740.jpg?w=980&amp;ssl=1 980w, https:\/\/i0.wp.com\/ecolefermedesbois.ch\/wp-content\/uploads\/2022\/03\/wp-1646498079293876999114804528740.jpg?resize=300%2C226&amp;ssl=1 300w, https:\/\/i0.wp.com\/ecolefermedesbois.ch\/wp-content\/uploads\/2022\/03\/wp-1646498079293876999114804528740.jpg?resize=768%2C578&amp;ssl=1 768w, https:\/\/i0.wp.com\/ecolefermedesbois.ch\/wp-content\/uploads\/2022\/03\/wp-1646498079293876999114804528740.jpg?resize=600%2C452&amp;ssl=1 600w\" sizes=\"(max-width: 720px) 100vw, 720px\" \/><\/figure>\n\n\n\n<figure class=\"wp-block-image size-large\"><img data-recalc-dims=\"1\" loading=\"lazy\" decoding=\"async\" width=\"720\" height=\"639\" data-id=\"7515\" src=\"https:\/\/i0.wp.com\/ecolefermedesbois.ch\/wp-content\/uploads\/2022\/03\/wp-16464980801904692379352969377060.jpg?resize=720%2C639&#038;ssl=1\" alt=\"\" class=\"wp-image-7515\" srcset=\"https:\/\/i0.wp.com\/ecolefermedesbois.ch\/wp-content\/uploads\/2022\/03\/wp-16464980801904692379352969377060.jpg?w=1000&amp;ssl=1 1000w, https:\/\/i0.wp.com\/ecolefermedesbois.ch\/wp-content\/uploads\/2022\/03\/wp-16464980801904692379352969377060.jpg?resize=300%2C266&amp;ssl=1 300w, https:\/\/i0.wp.com\/ecolefermedesbois.ch\/wp-content\/uploads\/2022\/03\/wp-16464980801904692379352969377060.jpg?resize=768%2C682&amp;ssl=1 768w, https:\/\/i0.wp.com\/ecolefermedesbois.ch\/wp-content\/uploads\/2022\/03\/wp-16464980801904692379352969377060.jpg?resize=600%2C533&amp;ssl=1 600w\" sizes=\"(max-width: 720px) 100vw, 720px\" \/><\/figure>\n\n\n\n<figure class=\"wp-block-image size-large\"><img data-recalc-dims=\"1\" loading=\"lazy\" decoding=\"async\" width=\"720\" height=\"882\" data-id=\"7514\" src=\"https:\/\/i0.wp.com\/ecolefermedesbois.ch\/wp-content\/uploads\/2022\/03\/wp-16464980801092183714125281040271.jpg?resize=720%2C882&#038;ssl=1\" alt=\"\" class=\"wp-image-7514\" srcset=\"https:\/\/i0.wp.com\/ecolefermedesbois.ch\/wp-content\/uploads\/2022\/03\/wp-16464980801092183714125281040271.jpg?w=816&amp;ssl=1 816w, https:\/\/i0.wp.com\/ecolefermedesbois.ch\/wp-content\/uploads\/2022\/03\/wp-16464980801092183714125281040271.jpg?resize=245%2C300&amp;ssl=1 245w, https:\/\/i0.wp.com\/ecolefermedesbois.ch\/wp-content\/uploads\/2022\/03\/wp-16464980801092183714125281040271.jpg?resize=768%2C941&amp;ssl=1 768w, https:\/\/i0.wp.com\/ecolefermedesbois.ch\/wp-content\/uploads\/2022\/03\/wp-16464980801092183714125281040271.jpg?resize=490%2C600&amp;ssl=1 490w\" sizes=\"(max-width: 720px) 100vw, 720px\" \/><\/figure>\n\n\n\n<figure class=\"wp-block-image size-large\"><img data-recalc-dims=\"1\" loading=\"lazy\" decoding=\"async\" width=\"720\" height=\"540\" data-id=\"7511\" src=\"https:\/\/i0.wp.com\/ecolefermedesbois.ch\/wp-content\/uploads\/2022\/03\/wp-16464980799304625996448342979922.jpg?resize=720%2C540&#038;ssl=1\" alt=\"\" class=\"wp-image-7511\" srcset=\"https:\/\/i0.wp.com\/ecolefermedesbois.ch\/wp-content\/uploads\/2022\/03\/wp-16464980799304625996448342979922.jpg?w=1000&amp;ssl=1 1000w, https:\/\/i0.wp.com\/ecolefermedesbois.ch\/wp-content\/uploads\/2022\/03\/wp-16464980799304625996448342979922.jpg?resize=600%2C450&amp;ssl=1 600w, https:\/\/i0.wp.com\/ecolefermedesbois.ch\/wp-content\/uploads\/2022\/03\/wp-16464980799304625996448342979922.jpg?resize=768%2C576&amp;ssl=1 768w, https:\/\/i0.wp.com\/ecolefermedesbois.ch\/wp-content\/uploads\/2022\/03\/wp-16464980799304625996448342979922.jpg?resize=300%2C225&amp;ssl=1 300w\" sizes=\"(max-width: 720px) 100vw, 720px\" \/><\/figure>\n<\/figure>\n\n\n\n<p>Ensuite, je prends le groupe qui \u00e9tait en salle avec moi dehors. Et le groupe qui \u00e9tait dehors avec moi, reste avec Nathalie en salle.<\/p>\n\n\n\n<figure class=\"wp-block-gallery has-nested-images columns-default is-cropped wp-block-gallery-4 is-layout-flex wp-block-gallery-is-layout-flex\">\n<figure class=\"wp-block-image size-large\"><img data-recalc-dims=\"1\" loading=\"lazy\" decoding=\"async\" width=\"720\" height=\"577\" data-id=\"7516\" src=\"https:\/\/i0.wp.com\/ecolefermedesbois.ch\/wp-content\/uploads\/2022\/03\/wp-16464980802792682770556853787734.jpg?resize=720%2C577&#038;ssl=1\" alt=\"\" class=\"wp-image-7516\" srcset=\"https:\/\/i0.wp.com\/ecolefermedesbois.ch\/wp-content\/uploads\/2022\/03\/wp-16464980802792682770556853787734.jpg?w=1000&amp;ssl=1 1000w, https:\/\/i0.wp.com\/ecolefermedesbois.ch\/wp-content\/uploads\/2022\/03\/wp-16464980802792682770556853787734.jpg?resize=300%2C241&amp;ssl=1 300w, https:\/\/i0.wp.com\/ecolefermedesbois.ch\/wp-content\/uploads\/2022\/03\/wp-16464980802792682770556853787734.jpg?resize=768%2C616&amp;ssl=1 768w, https:\/\/i0.wp.com\/ecolefermedesbois.ch\/wp-content\/uploads\/2022\/03\/wp-16464980802792682770556853787734.jpg?resize=600%2C481&amp;ssl=1 600w\" sizes=\"(max-width: 720px) 100vw, 720px\" \/><\/figure>\n<\/figure>\n\n\n\n<p>Avec Nathalie, les \u00e9l\u00e8ves vont d\u00e9couvrir, par le jeu du toucher &#x1f590;&#x1f3fb;, plusieurs particularit\u00e9s sur la poule. Qu&rsquo;est-ce qu&rsquo;elle mange, ce qu&rsquo;elle boit, le nombre de plumes qu&rsquo;a une poule ou encore combien d&rsquo;ann\u00e9e elle vit. Chaque \u00e9l\u00e8ve met sa main dans un sac, touche ce qui s&rsquo;y trouve puis passe le sac \u00e0 son camarade. Les sacs font le tour de la table. Une fois que les \u00e9l\u00e8ves ont touch\u00e9 chaque sac, ils vont les d\u00e9poser sur l&rsquo;image correspondante. Puis, Nathalie va leur explique ce qu&rsquo;il y a l\u2019int\u00e9rieur et son importance pour la poule.&#x1f414;<\/p>\n\n\n\n<p>Pour terminer cette matin\u00e9e en beaut\u00e9, nous allons d\u00e9couvrir les lapins. &#x1f407;<br>Comment sont-ils, le nom de la maman et du b\u00e9b\u00e9, la dur\u00e9e de la gestation ou encore ce que fais la lapine avant de mettre au monde ses lapereaux. Puis voici tant attendu le moment tendresse avec les lapereaux de 5 semaines. Magnifique de voir les enfants si calmes et attentionn\u00e9s en la pr\u00e9sence des petits b\u00e9b\u00e9s.&#x1f60d;&#x1f970;<\/p>\n\n\n\n<figure class=\"wp-block-gallery has-nested-images columns-default is-cropped wp-block-gallery-5 is-layout-flex wp-block-gallery-is-layout-flex\">\n<figure class=\"wp-block-image size-large\"><img data-recalc-dims=\"1\" loading=\"lazy\" decoding=\"async\" width=\"720\" height=\"683\" data-id=\"7523\" src=\"https:\/\/i0.wp.com\/ecolefermedesbois.ch\/wp-content\/uploads\/2022\/03\/wp-16464980795027893016496663289631-1.jpg?resize=720%2C683&#038;ssl=1\" alt=\"\" class=\"wp-image-7523\" srcset=\"https:\/\/i0.wp.com\/ecolefermedesbois.ch\/wp-content\/uploads\/2022\/03\/wp-16464980795027893016496663289631-1.jpg?w=1000&amp;ssl=1 1000w, https:\/\/i0.wp.com\/ecolefermedesbois.ch\/wp-content\/uploads\/2022\/03\/wp-16464980795027893016496663289631-1.jpg?resize=300%2C284&amp;ssl=1 300w, https:\/\/i0.wp.com\/ecolefermedesbois.ch\/wp-content\/uploads\/2022\/03\/wp-16464980795027893016496663289631-1.jpg?resize=600%2C569&amp;ssl=1 600w, https:\/\/i0.wp.com\/ecolefermedesbois.ch\/wp-content\/uploads\/2022\/03\/wp-16464980795027893016496663289631-1.jpg?resize=768%2C728&amp;ssl=1 768w\" sizes=\"(max-width: 720px) 100vw, 720px\" \/><\/figure>\n\n\n\n<figure class=\"wp-block-image size-large\"><img data-recalc-dims=\"1\" loading=\"lazy\" decoding=\"async\" width=\"720\" height=\"644\" data-id=\"7519\" src=\"https:\/\/i0.wp.com\/ecolefermedesbois.ch\/wp-content\/uploads\/2022\/03\/wp-16464980796044924068266603007693-1.jpg?resize=720%2C644&#038;ssl=1\" alt=\"\" class=\"wp-image-7519\" srcset=\"https:\/\/i0.wp.com\/ecolefermedesbois.ch\/wp-content\/uploads\/2022\/03\/wp-16464980796044924068266603007693-1.jpg?w=1000&amp;ssl=1 1000w, https:\/\/i0.wp.com\/ecolefermedesbois.ch\/wp-content\/uploads\/2022\/03\/wp-16464980796044924068266603007693-1.jpg?resize=300%2C269&amp;ssl=1 300w, https:\/\/i0.wp.com\/ecolefermedesbois.ch\/wp-content\/uploads\/2022\/03\/wp-16464980796044924068266603007693-1.jpg?resize=768%2C687&amp;ssl=1 768w, https:\/\/i0.wp.com\/ecolefermedesbois.ch\/wp-content\/uploads\/2022\/03\/wp-16464980796044924068266603007693-1.jpg?resize=600%2C537&amp;ssl=1 600w\" sizes=\"(max-width: 720px) 100vw, 720px\" \/><\/figure>\n\n\n\n<figure class=\"wp-block-image size-large\"><img data-recalc-dims=\"1\" loading=\"lazy\" decoding=\"async\" width=\"720\" height=\"960\" data-id=\"7506\" src=\"https:\/\/i0.wp.com\/ecolefermedesbois.ch\/wp-content\/uploads\/2022\/03\/wp-16464980793841153921255315632470.jpg?resize=720%2C960&#038;ssl=1\" alt=\"\" class=\"wp-image-7506\" srcset=\"https:\/\/i0.wp.com\/ecolefermedesbois.ch\/wp-content\/uploads\/2022\/03\/wp-16464980793841153921255315632470.jpg?w=750&amp;ssl=1 750w, https:\/\/i0.wp.com\/ecolefermedesbois.ch\/wp-content\/uploads\/2022\/03\/wp-16464980793841153921255315632470.jpg?resize=225%2C300&amp;ssl=1 225w, https:\/\/i0.wp.com\/ecolefermedesbois.ch\/wp-content\/uploads\/2022\/03\/wp-16464980793841153921255315632470.jpg?resize=450%2C600&amp;ssl=1 450w\" sizes=\"(max-width: 720px) 100vw, 720px\" \/><\/figure>\n<\/figure>\n\n\n\n<p>Merci les enfants pour votre curiosit\u00e9, votre joie et votre participation lors de cette matin\u00e9e! C&rsquo;\u00e9tait que du bonheur!&#x1f49d;<\/p>\n\n\n\n<p>Merci Christian (rempla\u00e7ant de Dylane) ainsi que Mireille pour votre participation \u00e0 la matin\u00e9e en accompagnant les \u00e9l\u00e8ves chez nous. &#x1f33a;<\/p>\n\n\n\n<p>A bient\u00f4t&#x1f917;<\/p>\n\n\n\n<p>Sophie et Nathalie<\/p>\n","protected":false},"excerpt":{"rendered":"<p>Ce vendredi les \u00e9l\u00e8ves de Dylane Sagols sont venus passer la matin\u00e9e sur le th\u00e8me de la basse-cour. Nous commen\u00e7ons&#46;&#46;&#46;<\/p>\n","protected":false},"author":2,"featured_media":7515,"comment_status":"open","ping_status":"open","sticky":false,"template":"","format":"image","meta":{"jetpack_post_was_ever_published":false,"footnotes":"","jetpack_publicize_message":"","jetpack_publicize_feature_enabled":true,"jetpack_social_post_already_shared":true,"jetpack_social_options":{"image_generator_settings":{"template":"highway","default_image_id":0,"font":"","enabled":false},"version":2}},"categories":[33],"tags":[],"class_list":["post-7529","post","type-post","status-publish","format-image","has-post-thumbnail","hentry","category-ecole","post_format-post-format-image"],"yoast_head":"<!-- This site is optimized with the Yoast SEO plugin v27.5 - https:\/\/yoast.com\/product\/yoast-seo-wordpress\/ -->\n<title>La classe de D. Sagols d\u00e9couvre la basse-cour &#x1f414;&#x1f407; -<\/title>\n<meta name=\"robots\" content=\"index, follow, max-snippet:-1, max-image-preview:large, max-video-preview:-1\" \/>\n<link rel=\"canonical\" href=\"https:\/\/ecolefermedesbois.ch\/?p=7529\" \/>\n<meta property=\"og:locale\" content=\"fr_FR\" \/>\n<meta property=\"og:type\" content=\"article\" \/>\n<meta property=\"og:title\" content=\"La classe de D. Sagols d\u00e9couvre la basse-cour &#x1f414;&#x1f407; -\" \/>\n<meta property=\"og:description\" content=\"Ce vendredi les \u00e9l\u00e8ves de Dylane Sagols sont venus passer la matin\u00e9e sur le th\u00e8me de la basse-cour. Nous commen\u00e7ons&#046;&#046;&#046;\" \/>\n<meta property=\"og:url\" content=\"https:\/\/ecolefermedesbois.ch\/?p=7529\" \/>\n<meta property=\"article:publisher\" content=\"https:\/\/www.facebook.com\/ecolefermedesBois\" \/>\n<meta property=\"article:published_time\" content=\"2022-03-06T15:36:31+00:00\" \/>\n<meta property=\"article:modified_time\" content=\"2022-03-06T19:02:43+00:00\" \/>\n<meta property=\"og:image\" content=\"https:\/\/ecolefermedesbois.ch\/wp-content\/uploads\/2022\/03\/wp-16464980801904692379352969377060.jpg\" \/>\n\t<meta property=\"og:image:width\" content=\"1000\" \/>\n\t<meta property=\"og:image:height\" content=\"888\" \/>\n\t<meta property=\"og:image:type\" content=\"image\/jpeg\" \/>\n<meta name=\"author\" content=\"Sophie\" \/>\n<meta name=\"twitter:card\" content=\"summary_large_image\" \/>\n<meta name=\"twitter:label1\" content=\"\u00c9crit par\" \/>\n\t<meta name=\"twitter:data1\" content=\"Sophie\" \/>\n\t<meta name=\"twitter:label2\" content=\"Dur\u00e9e de lecture estim\u00e9e\" \/>\n\t<meta name=\"twitter:data2\" content=\"7 minutes\" \/>\n<script type=\"application\/ld+json\" class=\"yoast-schema-graph\">{\"@context\":\"https:\\\/\\\/schema.org\",\"@graph\":[{\"@type\":\"Article\",\"@id\":\"https:\\\/\\\/ecolefermedesbois.ch\\\/?p=7529#article\",\"isPartOf\":{\"@id\":\"https:\\\/\\\/ecolefermedesbois.ch\\\/?p=7529\"},\"author\":{\"name\":\"Sophie\",\"@id\":\"https:\\\/\\\/ecolefermedesbois.ch\\\/#\\\/schema\\\/person\\\/78f5a1c78e958e51240f90932d290908\"},\"headline\":\"La classe de D. Sagols d\u00e9couvre la basse-cour &#x1f414;&#x1f407;\",\"datePublished\":\"2022-03-06T15:36:31+00:00\",\"dateModified\":\"2022-03-06T19:02:43+00:00\",\"mainEntityOfPage\":{\"@id\":\"https:\\\/\\\/ecolefermedesbois.ch\\\/?p=7529\"},\"wordCount\":724,\"commentCount\":0,\"publisher\":{\"@id\":\"https:\\\/\\\/ecolefermedesbois.ch\\\/#organization\"},\"image\":{\"@id\":\"https:\\\/\\\/ecolefermedesbois.ch\\\/?p=7529#primaryimage\"},\"thumbnailUrl\":\"https:\\\/\\\/i0.wp.com\\\/ecolefermedesbois.ch\\\/wp-content\\\/uploads\\\/2022\\\/03\\\/wp-16464980801904692379352969377060.jpg?fit=1000%2C888&ssl=1\",\"articleSection\":[\"Ecole\"],\"inLanguage\":\"fr-FR\",\"potentialAction\":[{\"@type\":\"CommentAction\",\"name\":\"Comment\",\"target\":[\"https:\\\/\\\/ecolefermedesbois.ch\\\/?p=7529#respond\"]}]},{\"@type\":\"WebPage\",\"@id\":\"https:\\\/\\\/ecolefermedesbois.ch\\\/?p=7529\",\"url\":\"https:\\\/\\\/ecolefermedesbois.ch\\\/?p=7529\",\"name\":\"La classe de D. Sagols d\u00e9couvre la basse-cour &#x1f414;&#x1f407; -\",\"isPartOf\":{\"@id\":\"https:\\\/\\\/ecolefermedesbois.ch\\\/#website\"},\"primaryImageOfPage\":{\"@id\":\"https:\\\/\\\/ecolefermedesbois.ch\\\/?p=7529#primaryimage\"},\"image\":{\"@id\":\"https:\\\/\\\/ecolefermedesbois.ch\\\/?p=7529#primaryimage\"},\"thumbnailUrl\":\"https:\\\/\\\/i0.wp.com\\\/ecolefermedesbois.ch\\\/wp-content\\\/uploads\\\/2022\\\/03\\\/wp-16464980801904692379352969377060.jpg?fit=1000%2C888&ssl=1\",\"datePublished\":\"2022-03-06T15:36:31+00:00\",\"dateModified\":\"2022-03-06T19:02:43+00:00\",\"breadcrumb\":{\"@id\":\"https:\\\/\\\/ecolefermedesbois.ch\\\/?p=7529#breadcrumb\"},\"inLanguage\":\"fr-FR\",\"potentialAction\":[{\"@type\":\"ReadAction\",\"target\":[\"https:\\\/\\\/ecolefermedesbois.ch\\\/?p=7529\"]}]},{\"@type\":\"ImageObject\",\"inLanguage\":\"fr-FR\",\"@id\":\"https:\\\/\\\/ecolefermedesbois.ch\\\/?p=7529#primaryimage\",\"url\":\"https:\\\/\\\/i0.wp.com\\\/ecolefermedesbois.ch\\\/wp-content\\\/uploads\\\/2022\\\/03\\\/wp-16464980801904692379352969377060.jpg?fit=1000%2C888&ssl=1\",\"contentUrl\":\"https:\\\/\\\/i0.wp.com\\\/ecolefermedesbois.ch\\\/wp-content\\\/uploads\\\/2022\\\/03\\\/wp-16464980801904692379352969377060.jpg?fit=1000%2C888&ssl=1\",\"width\":1000,\"height\":888},{\"@type\":\"BreadcrumbList\",\"@id\":\"https:\\\/\\\/ecolefermedesbois.ch\\\/?p=7529#breadcrumb\",\"itemListElement\":[{\"@type\":\"ListItem\",\"position\":1,\"name\":\"Accueil\",\"item\":\"https:\\\/\\\/ecolefermedesbois.ch\\\/\"},{\"@type\":\"ListItem\",\"position\":2,\"name\":\"La classe de D. Sagols d\u00e9couvre la basse-cour &#x1f414;&#x1f407;\"}]},{\"@type\":\"WebSite\",\"@id\":\"https:\\\/\\\/ecolefermedesbois.ch\\\/#website\",\"url\":\"https:\\\/\\\/ecolefermedesbois.ch\\\/\",\"name\":\"ecolefermedesbois\",\"description\":\"\",\"publisher\":{\"@id\":\"https:\\\/\\\/ecolefermedesbois.ch\\\/#organization\"},\"potentialAction\":[{\"@type\":\"SearchAction\",\"target\":{\"@type\":\"EntryPoint\",\"urlTemplate\":\"https:\\\/\\\/ecolefermedesbois.ch\\\/?s={search_term_string}\"},\"query-input\":{\"@type\":\"PropertyValueSpecification\",\"valueRequired\":true,\"valueName\":\"search_term_string\"}}],\"inLanguage\":\"fr-FR\"},{\"@type\":\"Organization\",\"@id\":\"https:\\\/\\\/ecolefermedesbois.ch\\\/#organization\",\"name\":\"Ecole \u00e0 la Ferme des Bois\",\"url\":\"https:\\\/\\\/ecolefermedesbois.ch\\\/\",\"logo\":{\"@type\":\"ImageObject\",\"inLanguage\":\"fr-FR\",\"@id\":\"https:\\\/\\\/ecolefermedesbois.ch\\\/#\\\/schema\\\/logo\\\/image\\\/\",\"url\":\"https:\\\/\\\/ecolefermedesbois.ch\\\/wp-content\\\/uploads\\\/2019\\\/04\\\/logo-scaled.gif\",\"contentUrl\":\"https:\\\/\\\/ecolefermedesbois.ch\\\/wp-content\\\/uploads\\\/2019\\\/04\\\/logo-scaled.gif\",\"width\":2560,\"height\":608,\"caption\":\"Ecole \u00e0 la Ferme des Bois\"},\"image\":{\"@id\":\"https:\\\/\\\/ecolefermedesbois.ch\\\/#\\\/schema\\\/logo\\\/image\\\/\"},\"sameAs\":[\"https:\\\/\\\/www.facebook.com\\\/ecolefermedesBois\"]},{\"@type\":\"Person\",\"@id\":\"https:\\\/\\\/ecolefermedesbois.ch\\\/#\\\/schema\\\/person\\\/78f5a1c78e958e51240f90932d290908\",\"name\":\"Sophie\",\"image\":{\"@type\":\"ImageObject\",\"inLanguage\":\"fr-FR\",\"@id\":\"https:\\\/\\\/secure.gravatar.com\\\/avatar\\\/053fbaec50cb27b03b880a4b8b018009aa3af995f32011efc3f40a589371d46f?s=96&d=mm&r=g\",\"url\":\"https:\\\/\\\/secure.gravatar.com\\\/avatar\\\/053fbaec50cb27b03b880a4b8b018009aa3af995f32011efc3f40a589371d46f?s=96&d=mm&r=g\",\"contentUrl\":\"https:\\\/\\\/secure.gravatar.com\\\/avatar\\\/053fbaec50cb27b03b880a4b8b018009aa3af995f32011efc3f40a589371d46f?s=96&d=mm&r=g\",\"caption\":\"Sophie\"},\"url\":\"https:\\\/\\\/ecolefermedesbois.ch\\\/?author=2\"}]}<\/script>\n<!-- \/ Yoast SEO plugin. -->","yoast_head_json":{"title":"La classe de D. Sagols d\u00e9couvre la basse-cour &#x1f414;&#x1f407; -","robots":{"index":"index","follow":"follow","max-snippet":"max-snippet:-1","max-image-preview":"max-image-preview:large","max-video-preview":"max-video-preview:-1"},"canonical":"https:\/\/ecolefermedesbois.ch\/?p=7529","og_locale":"fr_FR","og_type":"article","og_title":"La classe de D. Sagols d\u00e9couvre la basse-cour &#x1f414;&#x1f407; -","og_description":"Ce vendredi les \u00e9l\u00e8ves de Dylane Sagols sont venus passer la matin\u00e9e sur le th\u00e8me de la basse-cour. Nous commen\u00e7ons&#46;&#46;&#46;","og_url":"https:\/\/ecolefermedesbois.ch\/?p=7529","article_publisher":"https:\/\/www.facebook.com\/ecolefermedesBois","article_published_time":"2022-03-06T15:36:31+00:00","article_modified_time":"2022-03-06T19:02:43+00:00","og_image":[{"width":1000,"height":888,"url":"https:\/\/ecolefermedesbois.ch\/wp-content\/uploads\/2022\/03\/wp-16464980801904692379352969377060.jpg","type":"image\/jpeg"}],"author":"Sophie","twitter_card":"summary_large_image","twitter_misc":{"\u00c9crit par":"Sophie","Dur\u00e9e de lecture estim\u00e9e":"7 minutes"},"schema":{"@context":"https:\/\/schema.org","@graph":[{"@type":"Article","@id":"https:\/\/ecolefermedesbois.ch\/?p=7529#article","isPartOf":{"@id":"https:\/\/ecolefermedesbois.ch\/?p=7529"},"author":{"name":"Sophie","@id":"https:\/\/ecolefermedesbois.ch\/#\/schema\/person\/78f5a1c78e958e51240f90932d290908"},"headline":"La classe de D. Sagols d\u00e9couvre la basse-cour &#x1f414;&#x1f407;","datePublished":"2022-03-06T15:36:31+00:00","dateModified":"2022-03-06T19:02:43+00:00","mainEntityOfPage":{"@id":"https:\/\/ecolefermedesbois.ch\/?p=7529"},"wordCount":724,"commentCount":0,"publisher":{"@id":"https:\/\/ecolefermedesbois.ch\/#organization"},"image":{"@id":"https:\/\/ecolefermedesbois.ch\/?p=7529#primaryimage"},"thumbnailUrl":"https:\/\/i0.wp.com\/ecolefermedesbois.ch\/wp-content\/uploads\/2022\/03\/wp-16464980801904692379352969377060.jpg?fit=1000%2C888&ssl=1","articleSection":["Ecole"],"inLanguage":"fr-FR","potentialAction":[{"@type":"CommentAction","name":"Comment","target":["https:\/\/ecolefermedesbois.ch\/?p=7529#respond"]}]},{"@type":"WebPage","@id":"https:\/\/ecolefermedesbois.ch\/?p=7529","url":"https:\/\/ecolefermedesbois.ch\/?p=7529","name":"La classe de D. Sagols d\u00e9couvre la basse-cour &#x1f414;&#x1f407; -","isPartOf":{"@id":"https:\/\/ecolefermedesbois.ch\/#website"},"primaryImageOfPage":{"@id":"https:\/\/ecolefermedesbois.ch\/?p=7529#primaryimage"},"image":{"@id":"https:\/\/ecolefermedesbois.ch\/?p=7529#primaryimage"},"thumbnailUrl":"https:\/\/i0.wp.com\/ecolefermedesbois.ch\/wp-content\/uploads\/2022\/03\/wp-16464980801904692379352969377060.jpg?fit=1000%2C888&ssl=1","datePublished":"2022-03-06T15:36:31+00:00","dateModified":"2022-03-06T19:02:43+00:00","breadcrumb":{"@id":"https:\/\/ecolefermedesbois.ch\/?p=7529#breadcrumb"},"inLanguage":"fr-FR","potentialAction":[{"@type":"ReadAction","target":["https:\/\/ecolefermedesbois.ch\/?p=7529"]}]},{"@type":"ImageObject","inLanguage":"fr-FR","@id":"https:\/\/ecolefermedesbois.ch\/?p=7529#primaryimage","url":"https:\/\/i0.wp.com\/ecolefermedesbois.ch\/wp-content\/uploads\/2022\/03\/wp-16464980801904692379352969377060.jpg?fit=1000%2C888&ssl=1","contentUrl":"https:\/\/i0.wp.com\/ecolefermedesbois.ch\/wp-content\/uploads\/2022\/03\/wp-16464980801904692379352969377060.jpg?fit=1000%2C888&ssl=1","width":1000,"height":888},{"@type":"BreadcrumbList","@id":"https:\/\/ecolefermedesbois.ch\/?p=7529#breadcrumb","itemListElement":[{"@type":"ListItem","position":1,"name":"Accueil","item":"https:\/\/ecolefermedesbois.ch\/"},{"@type":"ListItem","position":2,"name":"La classe de D. Sagols d\u00e9couvre la basse-cour &#x1f414;&#x1f407;"}]},{"@type":"WebSite","@id":"https:\/\/ecolefermedesbois.ch\/#website","url":"https:\/\/ecolefermedesbois.ch\/","name":"ecolefermedesbois","description":"","publisher":{"@id":"https:\/\/ecolefermedesbois.ch\/#organization"},"potentialAction":[{"@type":"SearchAction","target":{"@type":"EntryPoint","urlTemplate":"https:\/\/ecolefermedesbois.ch\/?s={search_term_string}"},"query-input":{"@type":"PropertyValueSpecification","valueRequired":true,"valueName":"search_term_string"}}],"inLanguage":"fr-FR"},{"@type":"Organization","@id":"https:\/\/ecolefermedesbois.ch\/#organization","name":"Ecole \u00e0 la Ferme des Bois","url":"https:\/\/ecolefermedesbois.ch\/","logo":{"@type":"ImageObject","inLanguage":"fr-FR","@id":"https:\/\/ecolefermedesbois.ch\/#\/schema\/logo\/image\/","url":"https:\/\/ecolefermedesbois.ch\/wp-content\/uploads\/2019\/04\/logo-scaled.gif","contentUrl":"https:\/\/ecolefermedesbois.ch\/wp-content\/uploads\/2019\/04\/logo-scaled.gif","width":2560,"height":608,"caption":"Ecole \u00e0 la Ferme des Bois"},"image":{"@id":"https:\/\/ecolefermedesbois.ch\/#\/schema\/logo\/image\/"},"sameAs":["https:\/\/www.facebook.com\/ecolefermedesBois"]},{"@type":"Person","@id":"https:\/\/ecolefermedesbois.ch\/#\/schema\/person\/78f5a1c78e958e51240f90932d290908","name":"Sophie","image":{"@type":"ImageObject","inLanguage":"fr-FR","@id":"https:\/\/secure.gravatar.com\/avatar\/053fbaec50cb27b03b880a4b8b018009aa3af995f32011efc3f40a589371d46f?s=96&d=mm&r=g","url":"https:\/\/secure.gravatar.com\/avatar\/053fbaec50cb27b03b880a4b8b018009aa3af995f32011efc3f40a589371d46f?s=96&d=mm&r=g","contentUrl":"https:\/\/secure.gravatar.com\/avatar\/053fbaec50cb27b03b880a4b8b018009aa3af995f32011efc3f40a589371d46f?s=96&d=mm&r=g","caption":"Sophie"},"url":"https:\/\/ecolefermedesbois.ch\/?author=2"}]}},"jetpack_publicize_connections":[],"jetpack_featured_media_url":"https:\/\/i0.wp.com\/ecolefermedesbois.ch\/wp-content\/uploads\/2022\/03\/wp-16464980801904692379352969377060.jpg?fit=1000%2C888&ssl=1","jetpack_sharing_enabled":true,"_links":{"self":[{"href":"https:\/\/ecolefermedesbois.ch\/index.php?rest_route=\/wp\/v2\/posts\/7529","targetHints":{"allow":["GET"]}}],"collection":[{"href":"https:\/\/ecolefermedesbois.ch\/index.php?rest_route=\/wp\/v2\/posts"}],"about":[{"href":"https:\/\/ecolefermedesbois.ch\/index.php?rest_route=\/wp\/v2\/types\/post"}],"author":[{"embeddable":true,"href":"https:\/\/ecolefermedesbois.ch\/index.php?rest_route=\/wp\/v2\/users\/2"}],"replies":[{"embeddable":true,"href":"https:\/\/ecolefermedesbois.ch\/index.php?rest_route=%2Fwp%2Fv2%2Fcomments&post=7529"}],"version-history":[{"count":3,"href":"https:\/\/ecolefermedesbois.ch\/index.php?rest_route=\/wp\/v2\/posts\/7529\/revisions"}],"predecessor-version":[{"id":7537,"href":"https:\/\/ecolefermedesbois.ch\/index.php?rest_route=\/wp\/v2\/posts\/7529\/revisions\/7537"}],"wp:featuredmedia":[{"embeddable":true,"href":"https:\/\/ecolefermedesbois.ch\/index.php?rest_route=\/wp\/v2\/media\/7515"}],"wp:attachment":[{"href":"https:\/\/ecolefermedesbois.ch\/index.php?rest_route=%2Fwp%2Fv2%2Fmedia&parent=7529"}],"wp:term":[{"taxonomy":"category","embeddable":true,"href":"https:\/\/ecolefermedesbois.ch\/index.php?rest_route=%2Fwp%2Fv2%2Fcategories&post=7529"},{"taxonomy":"post_tag","embeddable":true,"href":"https:\/\/ecolefermedesbois.ch\/index.php?rest_route=%2Fwp%2Fv2%2Ftags&post=7529"}],"curies":[{"name":"wp","href":"https:\/\/api.w.org\/{rel}","templated":true}]}}