{"id":7287,"date":"2021-11-25T17:15:44","date_gmt":"2021-11-25T16:15:44","guid":{"rendered":"https:\/\/ecolefermedesbois.ch\/?p=7287"},"modified":"2021-11-25T18:24:18","modified_gmt":"2021-11-25T17:24:18","slug":"la-classe-de-c-rochat-a-letable","status":"publish","type":"post","link":"https:\/\/ecolefermedesbois.ch\/?p=7287","title":{"rendered":"La classe de C. Rochat \u00e0 l&rsquo;\u00e9table &#x1f404;"},"content":{"rendered":"<div class=\"pdfprnt-buttons pdfprnt-buttons-post pdfprnt-top-right\"><a href=\"https:\/\/ecolefermedesbois.ch\/index.php?rest_route=%2Fwp%2Fv2%2Fposts%2F7287&print=pdf\" class=\"pdfprnt-button pdfprnt-button-pdf\" target=\"_blank\" ><img data-recalc-dims=\"1\" decoding=\"async\" src=\"https:\/\/i0.wp.com\/ecolefermedesbois.ch\/wp-content\/plugins\/pdf-print\/images\/pdf.png?w=720&#038;ssl=1\" alt=\"image_pdf\" title=\"Afficher le PDF\" \/><\/a><a href=\"https:\/\/ecolefermedesbois.ch\/index.php?rest_route=%2Fwp%2Fv2%2Fposts%2F7287&print=print\" class=\"pdfprnt-button pdfprnt-button-print\" target=\"_blank\" ><img data-recalc-dims=\"1\" decoding=\"async\" src=\"https:\/\/i0.wp.com\/ecolefermedesbois.ch\/wp-content\/plugins\/pdf-print\/images\/print.png?w=720&#038;ssl=1\" alt=\"image_print\" title=\"Contenu imprim\u00e9\" \/><\/a><\/div>\n<p>Ce mardi matin, les \u00e9l\u00e8ves 3P de la classe de Claire Rochat et Floriane de Grandvaux sont venus d\u00e9couvrir l&rsquo;\u00e9table.<br>Nous d\u00e9marrons la matin\u00e9e \u00e0 la ferme des vaches. <br>\u00ab\u00a0Comment s&rsquo;appelle la maison de la vache? &#x1f914; <br>Les \u00e9l\u00e8ves me r\u00e9pondent du premier coup : l&rsquo;\u00e9table. <br>Je leur demande aussi comment s&rsquo;appelle le papa et le petit de la vache. Sans oublier qui est la g\u00e9nisse.<br>Puis nous allons \u00e0 l&rsquo;int\u00e9rieur pour voir et approcher les vaches. &#x1f42e;<br>Que d&rsquo;\u00e9toiles&#x1f31f; dans les yeux des enfants quand ils peuvent s&rsquo;approcher si pr\u00e8s d&rsquo;une vache ou encore lui donner \u00e0 manger.<\/p>\n\n\n\n<div class=\"wp-block-jetpack-tiled-gallery aligncenter is-style-rectangular\"><div class=\"tiled-gallery__gallery\"><div class=\"tiled-gallery__row\"><div class=\"tiled-gallery__col\" style=\"flex-basis:46.90519%\"><figure class=\"tiled-gallery__item\"><img decoding=\"async\" alt=\"\" data-height=\"750\" data-id=\"7242\" data-link=\"https:\/\/ecolefermedesbois.ch\/?attachment_id=7242\" data-url=\"https:\/\/ecolefermedesbois.ch\/wp-content\/uploads\/2021\/11\/wp-16378498501817079265085227895813.jpg\" data-width=\"1000\" src=\"https:\/\/i0.wp.com\/ecolefermedesbois.ch\/wp-content\/uploads\/2021\/11\/wp-16378498501817079265085227895813.jpg?ssl=1\" data-amp-layout=\"responsive\"\/><\/figure><figure class=\"tiled-gallery__item\"><img decoding=\"async\" alt=\"\" data-height=\"750\" data-id=\"7243\" data-link=\"https:\/\/ecolefermedesbois.ch\/?attachment_id=7243\" data-url=\"https:\/\/ecolefermedesbois.ch\/wp-content\/uploads\/2021\/11\/wp-16378498684028132498097332325292.jpg\" data-width=\"1000\" src=\"https:\/\/i0.wp.com\/ecolefermedesbois.ch\/wp-content\/uploads\/2021\/11\/wp-16378498684028132498097332325292.jpg?ssl=1\" data-amp-layout=\"responsive\"\/><\/figure><\/div><div class=\"tiled-gallery__col\" style=\"flex-basis:53.09481%\"><figure class=\"tiled-gallery__item\"><img decoding=\"async\" alt=\"\" data-height=\"1000\" data-id=\"7244\" data-link=\"https:\/\/ecolefermedesbois.ch\/?attachment_id=7244\" data-url=\"https:\/\/ecolefermedesbois.ch\/wp-content\/uploads\/2021\/11\/wp-16378499073418385902606330513190.jpg\" data-width=\"750\" src=\"https:\/\/i0.wp.com\/ecolefermedesbois.ch\/wp-content\/uploads\/2021\/11\/wp-16378499073418385902606330513190.jpg?ssl=1\" data-amp-layout=\"responsive\"\/><\/figure><\/div><\/div><div class=\"tiled-gallery__row\"><div class=\"tiled-gallery__col\" style=\"flex-basis:25.00000%\"><figure class=\"tiled-gallery__item\"><img decoding=\"async\" alt=\"\" data-height=\"1000\" data-id=\"7247\" data-link=\"https:\/\/ecolefermedesbois.ch\/?attachment_id=7247\" data-url=\"https:\/\/ecolefermedesbois.ch\/wp-content\/uploads\/2021\/11\/wp-16378507647876122252899443893054.jpg\" data-width=\"750\" src=\"https:\/\/i0.wp.com\/ecolefermedesbois.ch\/wp-content\/uploads\/2021\/11\/wp-16378507647876122252899443893054.jpg?ssl=1\" data-amp-layout=\"responsive\"\/><\/figure><\/div><div class=\"tiled-gallery__col\" style=\"flex-basis:25.00000%\"><figure class=\"tiled-gallery__item\"><img decoding=\"async\" alt=\"\" data-height=\"1000\" data-id=\"7246\" data-link=\"https:\/\/ecolefermedesbois.ch\/?attachment_id=7246\" data-url=\"https:\/\/ecolefermedesbois.ch\/wp-content\/uploads\/2021\/11\/wp-16378507195165099904832464248347.jpg\" data-width=\"750\" src=\"https:\/\/i2.wp.com\/ecolefermedesbois.ch\/wp-content\/uploads\/2021\/11\/wp-16378507195165099904832464248347.jpg?ssl=1\" data-amp-layout=\"responsive\"\/><\/figure><\/div><div class=\"tiled-gallery__col\" style=\"flex-basis:25.00000%\"><figure class=\"tiled-gallery__item\"><img decoding=\"async\" alt=\"\" data-height=\"1000\" data-id=\"7245\" data-link=\"https:\/\/ecolefermedesbois.ch\/?attachment_id=7245\" data-url=\"https:\/\/ecolefermedesbois.ch\/wp-content\/uploads\/2021\/11\/wp-16378506383006547853241158173023.jpg\" data-width=\"750\" src=\"https:\/\/i0.wp.com\/ecolefermedesbois.ch\/wp-content\/uploads\/2021\/11\/wp-16378506383006547853241158173023.jpg?ssl=1\" data-amp-layout=\"responsive\"\/><\/figure><\/div><div class=\"tiled-gallery__col\" style=\"flex-basis:25.00000%\"><figure class=\"tiled-gallery__item\"><img decoding=\"async\" alt=\"\" data-height=\"1000\" data-id=\"7248\" data-link=\"https:\/\/ecolefermedesbois.ch\/?attachment_id=7248\" data-url=\"https:\/\/ecolefermedesbois.ch\/wp-content\/uploads\/2021\/11\/wp-16378507959644539812324710329185.jpg\" data-width=\"750\" src=\"https:\/\/i2.wp.com\/ecolefermedesbois.ch\/wp-content\/uploads\/2021\/11\/wp-16378507959644539812324710329185.jpg?ssl=1\" data-amp-layout=\"responsive\"\/><\/figure><\/div><\/div><\/div><\/div>\n\n\n\n<p>Apr\u00e8s les c\u00e2lins, nous partageons la classe en 2 groupes. Un groupe vient avec moi pour d\u00e9couvrir la salle de traite, la chambre \u00e0 lait et pour finir aupr\u00e8s des veaux pour les c\u00e2liner. Pendant ce temps, le deuxi\u00e8me groupe est avec Nathalie pour parler de l&rsquo;alimentation de la vache. Puis nous \u00e9changeons les groupes, ainsi chaque enfant d\u00e9couvre les m\u00eames choses.<\/p>\n\n\n\n<p>C&rsquo;est parti pour d\u00e9couvrir la salle de traite!<br>Je leur montre son fonctionnement et leur explique comment se passe une traite et \u00e0 quels moments de la journ\u00e9e. &#x1f95b;<br>En sortant, nous passons par la chambre \u00e0 lait, l&rsquo;endroit o\u00f9 se trouve le tank \u00e0 lait, avec lequel nous livrons chaque matin et chaque soir le lait \u00e0 la laiterie d&rsquo;Ecoteaux pour la fabrication du Gruy\u00e8re.&#x1f9c0;<br>Je leur demande ce que nous pouvons fabriquer \u00e0 partir du lait : du beurre, du lait pasteuris\u00e9, de la cr\u00e8me, du fromage, des yogourts, etc. &#x1f36e;<br>Puis je leur demande qui boit du lait,&#x1f95b; presque toutes les petites mains se l\u00e8vent. C&rsquo;est trop chou! &#x1f60a;<br>Les veaux aussi!<br>Et c&rsquo;est parti pour aller c\u00e2liner nos derniers n\u00e9s. Trop Joli!&#x1f970;<\/p>\n\n\n\n<div class=\"wp-block-jetpack-tiled-gallery aligncenter is-style-rectangular\"><div class=\"tiled-gallery__gallery\"><div class=\"tiled-gallery__row\"><div class=\"tiled-gallery__col\" style=\"flex-basis:34.44066%\"><figure class=\"tiled-gallery__item\"><img decoding=\"async\" alt=\"\" data-height=\"1000\" data-id=\"7249\" data-link=\"https:\/\/ecolefermedesbois.ch\/?attachment_id=7249\" data-url=\"https:\/\/ecolefermedesbois.ch\/wp-content\/uploads\/2021\/11\/wp-1637850836676399692983681110059.jpg\" data-width=\"750\" src=\"https:\/\/i1.wp.com\/ecolefermedesbois.ch\/wp-content\/uploads\/2021\/11\/wp-1637850836676399692983681110059.jpg?ssl=1\" data-amp-layout=\"responsive\"\/><\/figure><\/div><div class=\"tiled-gallery__col\" style=\"flex-basis:31.11868%\"><figure class=\"tiled-gallery__item\"><img decoding=\"async\" alt=\"\" data-height=\"750\" data-id=\"7250\" data-link=\"https:\/\/ecolefermedesbois.ch\/?attachment_id=7250\" data-url=\"https:\/\/ecolefermedesbois.ch\/wp-content\/uploads\/2021\/11\/wp-16378508598641636159321040404720.jpg\" data-width=\"1000\" src=\"https:\/\/i1.wp.com\/ecolefermedesbois.ch\/wp-content\/uploads\/2021\/11\/wp-16378508598641636159321040404720.jpg?ssl=1\" data-amp-layout=\"responsive\"\/><\/figure><figure class=\"tiled-gallery__item\"><img decoding=\"async\" alt=\"\" data-height=\"711\" data-id=\"7251\" data-link=\"https:\/\/ecolefermedesbois.ch\/?attachment_id=7251\" data-url=\"https:\/\/ecolefermedesbois.ch\/wp-content\/uploads\/2021\/11\/wp-16378508837202801068794011854450.jpg\" data-width=\"1000\" src=\"https:\/\/i1.wp.com\/ecolefermedesbois.ch\/wp-content\/uploads\/2021\/11\/wp-16378508837202801068794011854450.jpg?ssl=1\" data-amp-layout=\"responsive\"\/><\/figure><\/div><div class=\"tiled-gallery__col\" style=\"flex-basis:34.44066%\"><figure class=\"tiled-gallery__item\"><img decoding=\"async\" alt=\"\" data-height=\"1000\" data-id=\"7252\" data-link=\"https:\/\/ecolefermedesbois.ch\/?attachment_id=7252\" data-url=\"https:\/\/ecolefermedesbois.ch\/wp-content\/uploads\/2021\/11\/wp-16378509419557877744549841238413.jpg\" data-width=\"750\" src=\"https:\/\/i2.wp.com\/ecolefermedesbois.ch\/wp-content\/uploads\/2021\/11\/wp-16378509419557877744549841238413.jpg?ssl=1\" data-amp-layout=\"responsive\"\/><\/figure><\/div><\/div><div class=\"tiled-gallery__row\"><div class=\"tiled-gallery__col\" style=\"flex-basis:50.00000%\"><figure class=\"tiled-gallery__item\"><img decoding=\"async\" alt=\"\" data-height=\"750\" data-id=\"7253\" data-link=\"https:\/\/ecolefermedesbois.ch\/?attachment_id=7253\" data-url=\"https:\/\/ecolefermedesbois.ch\/wp-content\/uploads\/2021\/11\/wp-1637850976473736817925769662132.jpg\" data-width=\"1000\" src=\"https:\/\/i0.wp.com\/ecolefermedesbois.ch\/wp-content\/uploads\/2021\/11\/wp-1637850976473736817925769662132.jpg?ssl=1\" data-amp-layout=\"responsive\"\/><\/figure><\/div><div class=\"tiled-gallery__col\" style=\"flex-basis:50.00000%\"><figure class=\"tiled-gallery__item\"><img decoding=\"async\" alt=\"\" data-height=\"750\" data-id=\"7254\" data-link=\"https:\/\/ecolefermedesbois.ch\/?attachment_id=7254\" data-url=\"https:\/\/ecolefermedesbois.ch\/wp-content\/uploads\/2021\/11\/wp-16378510108792976007185919217642.jpg\" data-width=\"1000\" src=\"https:\/\/i2.wp.com\/ecolefermedesbois.ch\/wp-content\/uploads\/2021\/11\/wp-16378510108792976007185919217642.jpg?ssl=1\" data-amp-layout=\"responsive\"\/><\/figure><\/div><\/div><\/div><\/div>\n\n\n\n<p>A la fourrag\u00e8re,<br>Que mange une vache? <br>Pour le d\u00e9couvrir, ils le font par le jeu de l&rsquo;assiette de la vache. Les \u00e9l\u00e8ves doivent mettre dans une assiette ce qu&rsquo;ils pensent que la vache va manger. Puis Nathalie regarde ce qu&rsquo;ils ont mis dans leur assiette avant qu&rsquo;ils aillent l&rsquo;offrir joyeusement aux vaches. &#x1f60b;<br>Une fois toutes les assiettes l\u00e9ch\u00e9es, Elle leur explique ce que nous avons mis dans les seaux. <br>Du foin, du regain, de la farine, de la paille et des d\u00e9chets. <br>L\u00e0, Nathalie leur parle du danger&#x26a0;&#xfe0f; des d\u00e9chets en bord des routes et dans la nature ainsi que leurs impacts sur nos animaux. &#x1f614;<br>Les enfants sont captiv\u00e9s par la canette en alu qui est pass\u00e9e dans la faucheuse et qui devient \u00e0 un objet tranchant. <br>Elle leur explique les cons\u00e9quences fatales pour la vache si elle l\u2019ing\u00e8re.  &#x1f622;<br><\/p>\n\n\n\n<div class=\"wp-block-jetpack-tiled-gallery aligncenter is-style-rectangular\"><div class=\"tiled-gallery__gallery\"><div class=\"tiled-gallery__row\"><div class=\"tiled-gallery__col\" style=\"flex-basis:50.00000%\"><figure class=\"tiled-gallery__item\"><img decoding=\"async\" alt=\"\" data-height=\"1000\" data-id=\"7259\" data-link=\"https:\/\/ecolefermedesbois.ch\/?attachment_id=7259\" data-url=\"https:\/\/ecolefermedesbois.ch\/wp-content\/uploads\/2021\/11\/wp-16378512432993452934715164132522.jpg\" data-width=\"750\" src=\"https:\/\/i2.wp.com\/ecolefermedesbois.ch\/wp-content\/uploads\/2021\/11\/wp-16378512432993452934715164132522.jpg?ssl=1\" data-amp-layout=\"responsive\"\/><\/figure><\/div><div class=\"tiled-gallery__col\" style=\"flex-basis:50.00000%\"><figure class=\"tiled-gallery__item\"><img decoding=\"async\" alt=\"\" data-height=\"1000\" data-id=\"7260\" data-link=\"https:\/\/ecolefermedesbois.ch\/?attachment_id=7260\" data-url=\"https:\/\/ecolefermedesbois.ch\/wp-content\/uploads\/2021\/11\/wp-16378513469669211968516716373420.jpg\" data-width=\"750\" src=\"https:\/\/i1.wp.com\/ecolefermedesbois.ch\/wp-content\/uploads\/2021\/11\/wp-16378513469669211968516716373420.jpg?ssl=1\" data-amp-layout=\"responsive\"\/><\/figure><\/div><\/div><\/div><\/div>\n\n\n\n<p>La premi\u00e8re partie de la matin\u00e9e \u00e9tant termin\u00e9e, nous rentrons \u00e0 la ferme des Bois en chariote. &#x1f973;<\/p>\n\n\n\n<div class=\"wp-block-jetpack-tiled-gallery aligncenter is-style-rectangular\"><div class=\"tiled-gallery__gallery\"><div class=\"tiled-gallery__row\"><div class=\"tiled-gallery__col\" style=\"flex-basis:100.00000%\"><figure class=\"tiled-gallery__item\"><img decoding=\"async\" alt=\"\" data-height=\"750\" data-id=\"7255\" data-link=\"https:\/\/ecolefermedesbois.ch\/?attachment_id=7255\" data-url=\"https:\/\/ecolefermedesbois.ch\/wp-content\/uploads\/2021\/11\/wp-1637851056448989214286772633725.jpg\" data-width=\"1000\" src=\"https:\/\/i0.wp.com\/ecolefermedesbois.ch\/wp-content\/uploads\/2021\/11\/wp-1637851056448989214286772633725.jpg?ssl=1\" data-amp-layout=\"responsive\"\/><\/figure><\/div><\/div><\/div><\/div>\n\n\n\n<p>Une fois en salle, bien au chaud, nous fabriquons tous ensemble de la ricotta. C&rsquo;est une mani\u00e8re simple de transformer du lait. Et c&rsquo;est avec joie et d\u00e9lice que nous la d\u00e9gustons sur une tranche de pain accompagn\u00e9 d&rsquo;un verre de lait. Mmm mmm un r\u00e9gal! &#x1f60b;<\/p>\n\n\n\n<div class=\"wp-block-jetpack-tiled-gallery aligncenter is-style-rectangular\"><div class=\"tiled-gallery__gallery\"><div class=\"tiled-gallery__row\"><div class=\"tiled-gallery__col\" style=\"flex-basis:26.49419%\"><figure class=\"tiled-gallery__item\"><img decoding=\"async\" alt=\"\" data-height=\"1000\" data-id=\"7258\" data-link=\"https:\/\/ecolefermedesbois.ch\/?attachment_id=7258\" data-url=\"https:\/\/ecolefermedesbois.ch\/wp-content\/uploads\/2021\/11\/wp-16378511642608108847685841427129.jpg\" data-width=\"750\" src=\"https:\/\/i0.wp.com\/ecolefermedesbois.ch\/wp-content\/uploads\/2021\/11\/wp-16378511642608108847685841427129.jpg?ssl=1\" data-amp-layout=\"responsive\"\/><\/figure><\/div><div class=\"tiled-gallery__col\" style=\"flex-basis:26.49419%\"><figure class=\"tiled-gallery__item\"><img decoding=\"async\" alt=\"\" data-height=\"1000\" data-id=\"7257\" data-link=\"https:\/\/ecolefermedesbois.ch\/?attachment_id=7257\" data-url=\"https:\/\/ecolefermedesbois.ch\/wp-content\/uploads\/2021\/11\/wp-16378511355155809084817832326793.jpg\" data-width=\"750\" src=\"https:\/\/i2.wp.com\/ecolefermedesbois.ch\/wp-content\/uploads\/2021\/11\/wp-16378511355155809084817832326793.jpg?ssl=1\" data-amp-layout=\"responsive\"\/><\/figure><\/div><div class=\"tiled-gallery__col\" style=\"flex-basis:47.01163%\"><figure class=\"tiled-gallery__item\"><img decoding=\"async\" alt=\"\" data-height=\"750\" data-id=\"7256\" data-link=\"https:\/\/ecolefermedesbois.ch\/?attachment_id=7256\" data-url=\"https:\/\/ecolefermedesbois.ch\/wp-content\/uploads\/2021\/11\/wp-16378511105648517889280290848967.jpg\" data-width=\"1000\" src=\"https:\/\/i2.wp.com\/ecolefermedesbois.ch\/wp-content\/uploads\/2021\/11\/wp-16378511105648517889280290848967.jpg?ssl=1\" data-amp-layout=\"responsive\"\/><\/figure><\/div><\/div><\/div><\/div>\n\n\n\n<p>Une fois habill\u00e9s et chauss\u00e9s, nous allons observer les g\u00e9nisses \u00e0 la grange. Comme \u00e7a nous avons vu toute la famille de la vache!<\/p>\n\n\n\n<div class=\"wp-block-jetpack-tiled-gallery aligncenter is-style-rectangular\"><div class=\"tiled-gallery__gallery\"><div class=\"tiled-gallery__row\"><div class=\"tiled-gallery__col\" style=\"flex-basis:100.00000%\"><figure class=\"tiled-gallery__item\"><img decoding=\"async\" alt=\"\" data-height=\"750\" data-id=\"7261\" data-link=\"https:\/\/ecolefermedesbois.ch\/?attachment_id=7261\" data-url=\"https:\/\/ecolefermedesbois.ch\/wp-content\/uploads\/2021\/11\/wp-1637851412759554208227451456770.jpg\" data-width=\"1000\" src=\"https:\/\/i2.wp.com\/ecolefermedesbois.ch\/wp-content\/uploads\/2021\/11\/wp-1637851412759554208227451456770.jpg?ssl=1\" data-amp-layout=\"responsive\"\/><\/figure><\/div><\/div><\/div><\/div>\n\n\n\n<p>Pour finir cette matin\u00e9e, je leur demande quel autre animal produit du lait?<br>La r\u00e9ponse ne se fait pas attendre, c&rsquo;est sans h\u00e9siter qu&rsquo;ils me r\u00e9pondent: la ch\u00e8vre! &#x1f410;<br>Comment s&rsquo;appelle le papa et le petit de la ch\u00e8vre?<br>Et que pouvons nous fabriquer avec le lait de la ch\u00e8vre?<br>Puis nous nous rendons aupr\u00e8s des ch\u00e8vres pour les d\u00e9couvrir et les c\u00e2liner.<\/p>\n\n\n\n<div class=\"wp-block-jetpack-tiled-gallery aligncenter is-style-rectangular\"><div class=\"tiled-gallery__gallery\"><div class=\"tiled-gallery__row\"><div class=\"tiled-gallery__col\" style=\"flex-basis:63.96477%\"><figure class=\"tiled-gallery__item\"><img decoding=\"async\" alt=\"\" data-height=\"750\" data-id=\"7263\" data-link=\"https:\/\/ecolefermedesbois.ch\/?attachment_id=7263\" data-url=\"https:\/\/ecolefermedesbois.ch\/wp-content\/uploads\/2021\/11\/wp-16378514544435234245152876817702.jpg\" data-width=\"1000\" src=\"https:\/\/i2.wp.com\/ecolefermedesbois.ch\/wp-content\/uploads\/2021\/11\/wp-16378514544435234245152876817702.jpg?ssl=1\" data-amp-layout=\"responsive\"\/><\/figure><\/div><div class=\"tiled-gallery__col\" style=\"flex-basis:36.03523%\"><figure class=\"tiled-gallery__item\"><img decoding=\"async\" alt=\"\" data-height=\"1000\" data-id=\"7262\" data-link=\"https:\/\/ecolefermedesbois.ch\/?attachment_id=7262\" data-url=\"https:\/\/ecolefermedesbois.ch\/wp-content\/uploads\/2021\/11\/wp-16378514332665604842715959296005.jpg\" data-width=\"750\" src=\"https:\/\/i1.wp.com\/ecolefermedesbois.ch\/wp-content\/uploads\/2021\/11\/wp-16378514332665604842715959296005.jpg?ssl=1\" data-amp-layout=\"responsive\"\/><\/figure><\/div><\/div><\/div><\/div>\n\n\n\n<p>Merci les enfants pour votre curiosit\u00e9 et votre int\u00e9r\u00eat. J&rsquo;adore votre joie et votre dynamisme! &#x1f49d;<\/p>\n\n\n\n<p>Merci Claire et Floriane, accompagn\u00e9e de Katja, de permettre \u00e0 vos \u00e9l\u00e8ves de vivre ces belles d\u00e9couvertes chez nous. Ainsi que pour votre confiance!<\/p>\n\n\n\n<p>Merci Nathalie pour ton aide tout au long de la matin\u00e9e.&#x1f33b;<\/p>\n\n\n\n<p>A bient\u00f4t &#x1f917;<\/p>\n\n\n\n<p>Sophie<\/p>\n\n\n","protected":false},"excerpt":{"rendered":"<p>Ce mardi matin, les \u00e9l\u00e8ves 3P de la classe de Claire Rochat et Floriane de Grandvaux sont venus d\u00e9couvrir l&rsquo;\u00e9table.Nous&#46;&#46;&#46;<\/p>\n","protected":false},"author":2,"featured_media":7242,"comment_status":"open","ping_status":"open","sticky":false,"template":"","format":"image","meta":{"jetpack_post_was_ever_published":false,"footnotes":"","jetpack_publicize_message":"","jetpack_publicize_feature_enabled":true,"jetpack_social_post_already_shared":true,"jetpack_social_options":{"image_generator_settings":{"template":"highway","default_image_id":0,"font":"","enabled":false},"version":2}},"categories":[33],"tags":[],"class_list":["post-7287","post","type-post","status-publish","format-image","has-post-thumbnail","hentry","category-ecole","post_format-post-format-image"],"yoast_head":"<!-- This site is optimized with the Yoast SEO plugin v27.4 - https:\/\/yoast.com\/product\/yoast-seo-wordpress\/ -->\n<title>La classe de C. Rochat \u00e0 l&#039;\u00e9table &#x1f404; -<\/title>\n<meta name=\"robots\" content=\"index, follow, max-snippet:-1, max-image-preview:large, max-video-preview:-1\" \/>\n<link rel=\"canonical\" href=\"https:\/\/ecolefermedesbois.ch\/?p=7287\" \/>\n<meta property=\"og:locale\" content=\"fr_FR\" \/>\n<meta property=\"og:type\" content=\"article\" \/>\n<meta property=\"og:title\" content=\"La classe de C. Rochat \u00e0 l&#039;\u00e9table &#x1f404; -\" \/>\n<meta property=\"og:description\" content=\"Ce mardi matin, les \u00e9l\u00e8ves 3P de la classe de Claire Rochat et Floriane de Grandvaux sont venus d\u00e9couvrir l&rsquo;\u00e9table.Nous&#046;&#046;&#046;\" \/>\n<meta property=\"og:url\" content=\"https:\/\/ecolefermedesbois.ch\/?p=7287\" \/>\n<meta property=\"article:publisher\" content=\"https:\/\/www.facebook.com\/ecolefermedesBois\" \/>\n<meta property=\"article:published_time\" content=\"2021-11-25T16:15:44+00:00\" \/>\n<meta property=\"article:modified_time\" content=\"2021-11-25T17:24:18+00:00\" \/>\n<meta property=\"og:image\" content=\"https:\/\/ecolefermedesbois.ch\/wp-content\/uploads\/2021\/11\/wp-16378498501817079265085227895813.jpg\" \/>\n\t<meta property=\"og:image:width\" content=\"1000\" \/>\n\t<meta property=\"og:image:height\" content=\"750\" \/>\n\t<meta property=\"og:image:type\" content=\"image\/jpeg\" \/>\n<meta name=\"author\" content=\"Sophie\" \/>\n<meta name=\"twitter:card\" content=\"summary_large_image\" \/>\n<meta name=\"twitter:label1\" content=\"\u00c9crit par\" \/>\n\t<meta name=\"twitter:data1\" content=\"Sophie\" \/>\n\t<meta name=\"twitter:label2\" content=\"Dur\u00e9e de lecture estim\u00e9e\" \/>\n\t<meta name=\"twitter:data2\" content=\"8 minutes\" \/>\n<script type=\"application\/ld+json\" class=\"yoast-schema-graph\">{\"@context\":\"https:\\\/\\\/schema.org\",\"@graph\":[{\"@type\":\"Article\",\"@id\":\"https:\\\/\\\/ecolefermedesbois.ch\\\/?p=7287#article\",\"isPartOf\":{\"@id\":\"https:\\\/\\\/ecolefermedesbois.ch\\\/?p=7287\"},\"author\":{\"name\":\"Sophie\",\"@id\":\"https:\\\/\\\/ecolefermedesbois.ch\\\/#\\\/schema\\\/person\\\/78f5a1c78e958e51240f90932d290908\"},\"headline\":\"La classe de C. Rochat \u00e0 l&rsquo;\u00e9table &#x1f404;\",\"datePublished\":\"2021-11-25T16:15:44+00:00\",\"dateModified\":\"2021-11-25T17:24:18+00:00\",\"mainEntityOfPage\":{\"@id\":\"https:\\\/\\\/ecolefermedesbois.ch\\\/?p=7287\"},\"wordCount\":735,\"commentCount\":0,\"publisher\":{\"@id\":\"https:\\\/\\\/ecolefermedesbois.ch\\\/#organization\"},\"image\":{\"@id\":\"https:\\\/\\\/ecolefermedesbois.ch\\\/?p=7287#primaryimage\"},\"thumbnailUrl\":\"https:\\\/\\\/i0.wp.com\\\/ecolefermedesbois.ch\\\/wp-content\\\/uploads\\\/2021\\\/11\\\/wp-16378498501817079265085227895813.jpg?fit=1000%2C750&ssl=1\",\"articleSection\":[\"Ecole\"],\"inLanguage\":\"fr-FR\",\"potentialAction\":[{\"@type\":\"CommentAction\",\"name\":\"Comment\",\"target\":[\"https:\\\/\\\/ecolefermedesbois.ch\\\/?p=7287#respond\"]}]},{\"@type\":\"WebPage\",\"@id\":\"https:\\\/\\\/ecolefermedesbois.ch\\\/?p=7287\",\"url\":\"https:\\\/\\\/ecolefermedesbois.ch\\\/?p=7287\",\"name\":\"La classe de C. Rochat \u00e0 l'\u00e9table &#x1f404; -\",\"isPartOf\":{\"@id\":\"https:\\\/\\\/ecolefermedesbois.ch\\\/#website\"},\"primaryImageOfPage\":{\"@id\":\"https:\\\/\\\/ecolefermedesbois.ch\\\/?p=7287#primaryimage\"},\"image\":{\"@id\":\"https:\\\/\\\/ecolefermedesbois.ch\\\/?p=7287#primaryimage\"},\"thumbnailUrl\":\"https:\\\/\\\/i0.wp.com\\\/ecolefermedesbois.ch\\\/wp-content\\\/uploads\\\/2021\\\/11\\\/wp-16378498501817079265085227895813.jpg?fit=1000%2C750&ssl=1\",\"datePublished\":\"2021-11-25T16:15:44+00:00\",\"dateModified\":\"2021-11-25T17:24:18+00:00\",\"breadcrumb\":{\"@id\":\"https:\\\/\\\/ecolefermedesbois.ch\\\/?p=7287#breadcrumb\"},\"inLanguage\":\"fr-FR\",\"potentialAction\":[{\"@type\":\"ReadAction\",\"target\":[\"https:\\\/\\\/ecolefermedesbois.ch\\\/?p=7287\"]}]},{\"@type\":\"ImageObject\",\"inLanguage\":\"fr-FR\",\"@id\":\"https:\\\/\\\/ecolefermedesbois.ch\\\/?p=7287#primaryimage\",\"url\":\"https:\\\/\\\/i0.wp.com\\\/ecolefermedesbois.ch\\\/wp-content\\\/uploads\\\/2021\\\/11\\\/wp-16378498501817079265085227895813.jpg?fit=1000%2C750&ssl=1\",\"contentUrl\":\"https:\\\/\\\/i0.wp.com\\\/ecolefermedesbois.ch\\\/wp-content\\\/uploads\\\/2021\\\/11\\\/wp-16378498501817079265085227895813.jpg?fit=1000%2C750&ssl=1\",\"width\":1000,\"height\":750},{\"@type\":\"BreadcrumbList\",\"@id\":\"https:\\\/\\\/ecolefermedesbois.ch\\\/?p=7287#breadcrumb\",\"itemListElement\":[{\"@type\":\"ListItem\",\"position\":1,\"name\":\"Accueil\",\"item\":\"https:\\\/\\\/ecolefermedesbois.ch\\\/\"},{\"@type\":\"ListItem\",\"position\":2,\"name\":\"La classe de C. Rochat \u00e0 l&rsquo;\u00e9table &#x1f404;\"}]},{\"@type\":\"WebSite\",\"@id\":\"https:\\\/\\\/ecolefermedesbois.ch\\\/#website\",\"url\":\"https:\\\/\\\/ecolefermedesbois.ch\\\/\",\"name\":\"ecolefermedesbois\",\"description\":\"\",\"publisher\":{\"@id\":\"https:\\\/\\\/ecolefermedesbois.ch\\\/#organization\"},\"potentialAction\":[{\"@type\":\"SearchAction\",\"target\":{\"@type\":\"EntryPoint\",\"urlTemplate\":\"https:\\\/\\\/ecolefermedesbois.ch\\\/?s={search_term_string}\"},\"query-input\":{\"@type\":\"PropertyValueSpecification\",\"valueRequired\":true,\"valueName\":\"search_term_string\"}}],\"inLanguage\":\"fr-FR\"},{\"@type\":\"Organization\",\"@id\":\"https:\\\/\\\/ecolefermedesbois.ch\\\/#organization\",\"name\":\"Ecole \u00e0 la Ferme des Bois\",\"url\":\"https:\\\/\\\/ecolefermedesbois.ch\\\/\",\"logo\":{\"@type\":\"ImageObject\",\"inLanguage\":\"fr-FR\",\"@id\":\"https:\\\/\\\/ecolefermedesbois.ch\\\/#\\\/schema\\\/logo\\\/image\\\/\",\"url\":\"https:\\\/\\\/ecolefermedesbois.ch\\\/wp-content\\\/uploads\\\/2019\\\/04\\\/logo-scaled.gif\",\"contentUrl\":\"https:\\\/\\\/ecolefermedesbois.ch\\\/wp-content\\\/uploads\\\/2019\\\/04\\\/logo-scaled.gif\",\"width\":2560,\"height\":608,\"caption\":\"Ecole \u00e0 la Ferme des Bois\"},\"image\":{\"@id\":\"https:\\\/\\\/ecolefermedesbois.ch\\\/#\\\/schema\\\/logo\\\/image\\\/\"},\"sameAs\":[\"https:\\\/\\\/www.facebook.com\\\/ecolefermedesBois\"]},{\"@type\":\"Person\",\"@id\":\"https:\\\/\\\/ecolefermedesbois.ch\\\/#\\\/schema\\\/person\\\/78f5a1c78e958e51240f90932d290908\",\"name\":\"Sophie\",\"image\":{\"@type\":\"ImageObject\",\"inLanguage\":\"fr-FR\",\"@id\":\"https:\\\/\\\/secure.gravatar.com\\\/avatar\\\/053fbaec50cb27b03b880a4b8b018009aa3af995f32011efc3f40a589371d46f?s=96&d=mm&r=g\",\"url\":\"https:\\\/\\\/secure.gravatar.com\\\/avatar\\\/053fbaec50cb27b03b880a4b8b018009aa3af995f32011efc3f40a589371d46f?s=96&d=mm&r=g\",\"contentUrl\":\"https:\\\/\\\/secure.gravatar.com\\\/avatar\\\/053fbaec50cb27b03b880a4b8b018009aa3af995f32011efc3f40a589371d46f?s=96&d=mm&r=g\",\"caption\":\"Sophie\"},\"url\":\"https:\\\/\\\/ecolefermedesbois.ch\\\/?author=2\"}]}<\/script>\n<!-- \/ Yoast SEO plugin. -->","yoast_head_json":{"title":"La classe de C. Rochat \u00e0 l'\u00e9table &#x1f404; -","robots":{"index":"index","follow":"follow","max-snippet":"max-snippet:-1","max-image-preview":"max-image-preview:large","max-video-preview":"max-video-preview:-1"},"canonical":"https:\/\/ecolefermedesbois.ch\/?p=7287","og_locale":"fr_FR","og_type":"article","og_title":"La classe de C. Rochat \u00e0 l'\u00e9table &#x1f404; -","og_description":"Ce mardi matin, les \u00e9l\u00e8ves 3P de la classe de Claire Rochat et Floriane de Grandvaux sont venus d\u00e9couvrir l&rsquo;\u00e9table.Nous&#46;&#46;&#46;","og_url":"https:\/\/ecolefermedesbois.ch\/?p=7287","article_publisher":"https:\/\/www.facebook.com\/ecolefermedesBois","article_published_time":"2021-11-25T16:15:44+00:00","article_modified_time":"2021-11-25T17:24:18+00:00","og_image":[{"width":1000,"height":750,"url":"https:\/\/ecolefermedesbois.ch\/wp-content\/uploads\/2021\/11\/wp-16378498501817079265085227895813.jpg","type":"image\/jpeg"}],"author":"Sophie","twitter_card":"summary_large_image","twitter_misc":{"\u00c9crit par":"Sophie","Dur\u00e9e de lecture estim\u00e9e":"8 minutes"},"schema":{"@context":"https:\/\/schema.org","@graph":[{"@type":"Article","@id":"https:\/\/ecolefermedesbois.ch\/?p=7287#article","isPartOf":{"@id":"https:\/\/ecolefermedesbois.ch\/?p=7287"},"author":{"name":"Sophie","@id":"https:\/\/ecolefermedesbois.ch\/#\/schema\/person\/78f5a1c78e958e51240f90932d290908"},"headline":"La classe de C. Rochat \u00e0 l&rsquo;\u00e9table &#x1f404;","datePublished":"2021-11-25T16:15:44+00:00","dateModified":"2021-11-25T17:24:18+00:00","mainEntityOfPage":{"@id":"https:\/\/ecolefermedesbois.ch\/?p=7287"},"wordCount":735,"commentCount":0,"publisher":{"@id":"https:\/\/ecolefermedesbois.ch\/#organization"},"image":{"@id":"https:\/\/ecolefermedesbois.ch\/?p=7287#primaryimage"},"thumbnailUrl":"https:\/\/i0.wp.com\/ecolefermedesbois.ch\/wp-content\/uploads\/2021\/11\/wp-16378498501817079265085227895813.jpg?fit=1000%2C750&ssl=1","articleSection":["Ecole"],"inLanguage":"fr-FR","potentialAction":[{"@type":"CommentAction","name":"Comment","target":["https:\/\/ecolefermedesbois.ch\/?p=7287#respond"]}]},{"@type":"WebPage","@id":"https:\/\/ecolefermedesbois.ch\/?p=7287","url":"https:\/\/ecolefermedesbois.ch\/?p=7287","name":"La classe de C. Rochat \u00e0 l'\u00e9table &#x1f404; -","isPartOf":{"@id":"https:\/\/ecolefermedesbois.ch\/#website"},"primaryImageOfPage":{"@id":"https:\/\/ecolefermedesbois.ch\/?p=7287#primaryimage"},"image":{"@id":"https:\/\/ecolefermedesbois.ch\/?p=7287#primaryimage"},"thumbnailUrl":"https:\/\/i0.wp.com\/ecolefermedesbois.ch\/wp-content\/uploads\/2021\/11\/wp-16378498501817079265085227895813.jpg?fit=1000%2C750&ssl=1","datePublished":"2021-11-25T16:15:44+00:00","dateModified":"2021-11-25T17:24:18+00:00","breadcrumb":{"@id":"https:\/\/ecolefermedesbois.ch\/?p=7287#breadcrumb"},"inLanguage":"fr-FR","potentialAction":[{"@type":"ReadAction","target":["https:\/\/ecolefermedesbois.ch\/?p=7287"]}]},{"@type":"ImageObject","inLanguage":"fr-FR","@id":"https:\/\/ecolefermedesbois.ch\/?p=7287#primaryimage","url":"https:\/\/i0.wp.com\/ecolefermedesbois.ch\/wp-content\/uploads\/2021\/11\/wp-16378498501817079265085227895813.jpg?fit=1000%2C750&ssl=1","contentUrl":"https:\/\/i0.wp.com\/ecolefermedesbois.ch\/wp-content\/uploads\/2021\/11\/wp-16378498501817079265085227895813.jpg?fit=1000%2C750&ssl=1","width":1000,"height":750},{"@type":"BreadcrumbList","@id":"https:\/\/ecolefermedesbois.ch\/?p=7287#breadcrumb","itemListElement":[{"@type":"ListItem","position":1,"name":"Accueil","item":"https:\/\/ecolefermedesbois.ch\/"},{"@type":"ListItem","position":2,"name":"La classe de C. Rochat \u00e0 l&rsquo;\u00e9table &#x1f404;"}]},{"@type":"WebSite","@id":"https:\/\/ecolefermedesbois.ch\/#website","url":"https:\/\/ecolefermedesbois.ch\/","name":"ecolefermedesbois","description":"","publisher":{"@id":"https:\/\/ecolefermedesbois.ch\/#organization"},"potentialAction":[{"@type":"SearchAction","target":{"@type":"EntryPoint","urlTemplate":"https:\/\/ecolefermedesbois.ch\/?s={search_term_string}"},"query-input":{"@type":"PropertyValueSpecification","valueRequired":true,"valueName":"search_term_string"}}],"inLanguage":"fr-FR"},{"@type":"Organization","@id":"https:\/\/ecolefermedesbois.ch\/#organization","name":"Ecole \u00e0 la Ferme des Bois","url":"https:\/\/ecolefermedesbois.ch\/","logo":{"@type":"ImageObject","inLanguage":"fr-FR","@id":"https:\/\/ecolefermedesbois.ch\/#\/schema\/logo\/image\/","url":"https:\/\/ecolefermedesbois.ch\/wp-content\/uploads\/2019\/04\/logo-scaled.gif","contentUrl":"https:\/\/ecolefermedesbois.ch\/wp-content\/uploads\/2019\/04\/logo-scaled.gif","width":2560,"height":608,"caption":"Ecole \u00e0 la Ferme des Bois"},"image":{"@id":"https:\/\/ecolefermedesbois.ch\/#\/schema\/logo\/image\/"},"sameAs":["https:\/\/www.facebook.com\/ecolefermedesBois"]},{"@type":"Person","@id":"https:\/\/ecolefermedesbois.ch\/#\/schema\/person\/78f5a1c78e958e51240f90932d290908","name":"Sophie","image":{"@type":"ImageObject","inLanguage":"fr-FR","@id":"https:\/\/secure.gravatar.com\/avatar\/053fbaec50cb27b03b880a4b8b018009aa3af995f32011efc3f40a589371d46f?s=96&d=mm&r=g","url":"https:\/\/secure.gravatar.com\/avatar\/053fbaec50cb27b03b880a4b8b018009aa3af995f32011efc3f40a589371d46f?s=96&d=mm&r=g","contentUrl":"https:\/\/secure.gravatar.com\/avatar\/053fbaec50cb27b03b880a4b8b018009aa3af995f32011efc3f40a589371d46f?s=96&d=mm&r=g","caption":"Sophie"},"url":"https:\/\/ecolefermedesbois.ch\/?author=2"}]}},"jetpack_publicize_connections":[],"jetpack_featured_media_url":"https:\/\/i0.wp.com\/ecolefermedesbois.ch\/wp-content\/uploads\/2021\/11\/wp-16378498501817079265085227895813.jpg?fit=1000%2C750&ssl=1","jetpack_sharing_enabled":true,"_links":{"self":[{"href":"https:\/\/ecolefermedesbois.ch\/index.php?rest_route=\/wp\/v2\/posts\/7287","targetHints":{"allow":["GET"]}}],"collection":[{"href":"https:\/\/ecolefermedesbois.ch\/index.php?rest_route=\/wp\/v2\/posts"}],"about":[{"href":"https:\/\/ecolefermedesbois.ch\/index.php?rest_route=\/wp\/v2\/types\/post"}],"author":[{"embeddable":true,"href":"https:\/\/ecolefermedesbois.ch\/index.php?rest_route=\/wp\/v2\/users\/2"}],"replies":[{"embeddable":true,"href":"https:\/\/ecolefermedesbois.ch\/index.php?rest_route=%2Fwp%2Fv2%2Fcomments&post=7287"}],"version-history":[{"count":2,"href":"https:\/\/ecolefermedesbois.ch\/index.php?rest_route=\/wp\/v2\/posts\/7287\/revisions"}],"predecessor-version":[{"id":7293,"href":"https:\/\/ecolefermedesbois.ch\/index.php?rest_route=\/wp\/v2\/posts\/7287\/revisions\/7293"}],"wp:featuredmedia":[{"embeddable":true,"href":"https:\/\/ecolefermedesbois.ch\/index.php?rest_route=\/wp\/v2\/media\/7242"}],"wp:attachment":[{"href":"https:\/\/ecolefermedesbois.ch\/index.php?rest_route=%2Fwp%2Fv2%2Fmedia&parent=7287"}],"wp:term":[{"taxonomy":"category","embeddable":true,"href":"https:\/\/ecolefermedesbois.ch\/index.php?rest_route=%2Fwp%2Fv2%2Fcategories&post=7287"},{"taxonomy":"post_tag","embeddable":true,"href":"https:\/\/ecolefermedesbois.ch\/index.php?rest_route=%2Fwp%2Fv2%2Ftags&post=7287"}],"curies":[{"name":"wp","href":"https:\/\/api.w.org\/{rel}","templated":true}]}}