{"id":7239,"date":"2021-11-18T16:24:19","date_gmt":"2021-11-18T15:24:19","guid":{"rendered":"https:\/\/ecolefermedesbois.ch\/?p=7239"},"modified":"2021-11-18T16:24:24","modified_gmt":"2021-11-18T15:24:24","slug":"la-classe-de-mmes-rochat-et-sahli-a-letable","status":"publish","type":"post","link":"https:\/\/ecolefermedesbois.ch\/?p=7239","title":{"rendered":"La classe de MMes Rochat et Sahli \u00e0 l&rsquo;\u00e9table &#x1f404;"},"content":{"rendered":"<div class=\"pdfprnt-buttons pdfprnt-buttons-post pdfprnt-top-right\"><a href=\"https:\/\/ecolefermedesbois.ch\/index.php?rest_route=%2Fwp%2Fv2%2Fposts%2F7239&print=pdf\" class=\"pdfprnt-button pdfprnt-button-pdf\" target=\"_blank\" ><img data-recalc-dims=\"1\" decoding=\"async\" src=\"https:\/\/i0.wp.com\/ecolefermedesbois.ch\/wp-content\/plugins\/pdf-print\/images\/pdf.png?w=720&#038;ssl=1\" alt=\"image_pdf\" title=\"Afficher le PDF\" \/><\/a><a href=\"https:\/\/ecolefermedesbois.ch\/index.php?rest_route=%2Fwp%2Fv2%2Fposts%2F7239&print=print\" class=\"pdfprnt-button pdfprnt-button-print\" target=\"_blank\" ><img data-recalc-dims=\"1\" decoding=\"async\" src=\"https:\/\/i0.wp.com\/ecolefermedesbois.ch\/wp-content\/plugins\/pdf-print\/images\/print.png?w=720&#038;ssl=1\" alt=\"image_print\" title=\"Contenu imprim\u00e9\" \/><\/a><\/div>\n<p>Ce jeudi matin, les \u00e9l\u00e8ves 3P de la classe de Claire Rochat et Julia Sahli d&rsquo;Oron sont venus d\u00e9couvrir l&rsquo;\u00e9table.<br>Nous d\u00e9marrons la matin\u00e9e \u00e0 la ferme des vaches. <br>\u00ab\u00a0Comment s&rsquo;appelle la maison de la vache? &#x1f914; <br>Les \u00e9l\u00e8ves me r\u00e9pondent du premier coup : l&rsquo;\u00e9table. <br>Je leur demande aussi comment s&rsquo;appelle le papa et le petit de la vache. Sans oublier qui est la g\u00e9nisse.<br>Puis nous allons \u00e0 l&rsquo;int\u00e9rieur pour voir et approcher les vaches. &#x1f42e;<br>Que d&rsquo;\u00e9toiles&#x1f31f; dans les yeux des enfants quand ils peuvent s&rsquo;approcher si pr\u00e8s d&rsquo;une vache ou encore lui donner \u00e0 manger.<\/p>\n\n\n\n<div class=\"wp-block-jetpack-tiled-gallery aligncenter is-style-rectangular\"><div class=\"tiled-gallery__gallery\"><div class=\"tiled-gallery__row\"><div class=\"tiled-gallery__col\" style=\"flex-basis:31.36995%\"><figure class=\"tiled-gallery__item\"><img decoding=\"async\" alt=\"\" data-height=\"1000\" data-id=\"7238\" data-link=\"https:\/\/ecolefermedesbois.ch\/?attachment_id=7238\" data-url=\"https:\/\/ecolefermedesbois.ch\/wp-content\/uploads\/2021\/11\/wp-16372427655647584300551754988312.jpg\" data-width=\"750\" src=\"https:\/\/i0.wp.com\/ecolefermedesbois.ch\/wp-content\/uploads\/2021\/11\/wp-16372427655647584300551754988312.jpg?ssl=1\" data-amp-layout=\"responsive\"\/><\/figure><\/div><div class=\"tiled-gallery__col\" style=\"flex-basis:27.58655%\"><figure class=\"tiled-gallery__item\"><img decoding=\"async\" alt=\"\" data-height=\"750\" data-id=\"7211\" data-link=\"https:\/\/ecolefermedesbois.ch\/?attachment_id=7211\" data-url=\"https:\/\/ecolefermedesbois.ch\/wp-content\/uploads\/2021\/11\/wp-16372443296036365310652744914595.jpg\" data-width=\"1000\" src=\"https:\/\/i2.wp.com\/ecolefermedesbois.ch\/wp-content\/uploads\/2021\/11\/wp-16372443296036365310652744914595.jpg?ssl=1\" data-amp-layout=\"responsive\"\/><\/figure><figure class=\"tiled-gallery__item\"><img decoding=\"async\" alt=\"\" data-height=\"750\" data-id=\"7215\" data-link=\"https:\/\/ecolefermedesbois.ch\/?attachment_id=7215\" data-url=\"https:\/\/ecolefermedesbois.ch\/wp-content\/uploads\/2021\/11\/wp-16372444925207282547794423298230.jpg\" data-width=\"1000\" src=\"https:\/\/i1.wp.com\/ecolefermedesbois.ch\/wp-content\/uploads\/2021\/11\/wp-16372444925207282547794423298230.jpg?ssl=1\" data-amp-layout=\"responsive\"\/><\/figure><\/div><div class=\"tiled-gallery__col\" style=\"flex-basis:41.04350%\"><figure class=\"tiled-gallery__item\"><img decoding=\"async\" alt=\"\" data-height=\"1000\" data-id=\"7217\" data-link=\"https:\/\/ecolefermedesbois.ch\/?attachment_id=7217\" data-url=\"https:\/\/ecolefermedesbois.ch\/wp-content\/uploads\/2021\/11\/wp-16372422009947709453092059201510.jpg\" data-width=\"983\" src=\"https:\/\/i0.wp.com\/ecolefermedesbois.ch\/wp-content\/uploads\/2021\/11\/wp-16372422009947709453092059201510.jpg?ssl=1\" data-amp-layout=\"responsive\"\/><\/figure><\/div><\/div><div class=\"tiled-gallery__row\"><div class=\"tiled-gallery__col\" style=\"flex-basis:29.32233%\"><figure class=\"tiled-gallery__item\"><img decoding=\"async\" alt=\"\" data-height=\"1000\" data-id=\"7218\" data-link=\"https:\/\/ecolefermedesbois.ch\/?attachment_id=7218\" data-url=\"https:\/\/ecolefermedesbois.ch\/wp-content\/uploads\/2021\/11\/wp-1637242258114333536884733933950.jpg\" data-width=\"622\" src=\"https:\/\/i1.wp.com\/ecolefermedesbois.ch\/wp-content\/uploads\/2021\/11\/wp-1637242258114333536884733933950.jpg?ssl=1\" data-amp-layout=\"responsive\"\/><\/figure><\/div><div class=\"tiled-gallery__col\" style=\"flex-basis:35.33884%\"><figure class=\"tiled-gallery__item\"><img decoding=\"async\" alt=\"\" data-height=\"1000\" data-id=\"7219\" data-link=\"https:\/\/ecolefermedesbois.ch\/?attachment_id=7219\" data-url=\"https:\/\/ecolefermedesbois.ch\/wp-content\/uploads\/2021\/11\/wp-16372422949037161210879616693640.jpg\" data-width=\"750\" src=\"https:\/\/i0.wp.com\/ecolefermedesbois.ch\/wp-content\/uploads\/2021\/11\/wp-16372422949037161210879616693640.jpg?ssl=1\" data-amp-layout=\"responsive\"\/><\/figure><\/div><div class=\"tiled-gallery__col\" style=\"flex-basis:35.33884%\"><figure class=\"tiled-gallery__item\"><img decoding=\"async\" alt=\"\" data-height=\"1000\" data-id=\"7228\" data-link=\"https:\/\/ecolefermedesbois.ch\/?attachment_id=7228\" data-url=\"https:\/\/ecolefermedesbois.ch\/wp-content\/uploads\/2021\/11\/wp-16372428312973413986176220986880.jpg\" data-width=\"750\" src=\"https:\/\/i0.wp.com\/ecolefermedesbois.ch\/wp-content\/uploads\/2021\/11\/wp-16372428312973413986176220986880.jpg?ssl=1\" data-amp-layout=\"responsive\"\/><\/figure><\/div><\/div><\/div><\/div>\n\n\n\n<p>Apr\u00e8s les c\u00e2lins, nous partageons la classe en 2 groupes. Un groupe vient avec moi pour d\u00e9couvrir la salle de traite, la chambre \u00e0 lait et pour finir aupr\u00e8s des veaux pour les c\u00e2liner. Pendant ce temps, le deuxi\u00e8me groupe est avec Nathalie pour parler de l&rsquo;alimentation de la vache. Puis nous \u00e9changeons les groupes, ainsi chaque enfant d\u00e9couvre les m\u00eames choses.<\/p>\n\n\n\n<p>C&rsquo;est parti pour d\u00e9couvrir la salle de traite!<br>Je leur montre son fonctionnement et leur explique comment se passe une traite et \u00e0 quels moments de la journ\u00e9e. &#x1f95b;<br>En sortant, nous passons par la chambre \u00e0 lait, l&rsquo;endroit o\u00f9 se trouve le tank \u00e0 lait, avec lequel nous livrons chaque matin et chaque soir le lait \u00e0 la laiterie d&rsquo;Ecoteaux pour la fabrication du Gruy\u00e8re.&#x1f9c0;<br>Je leur demande ce que nous pouvons fabriquer \u00e0 partir du lait : du beurre, du lait pasteuris\u00e9, de la cr\u00e8me, du fromage, des yogourts, etc. &#x1f36e;<br>Puis je leur demande qui boit du lait,&#x1f95b; presque toutes les petites mains se l\u00e8vent. C&rsquo;est trop chou! &#x1f60a;<br>Les veaux aussi!<br>Et c&rsquo;est parti pour aller c\u00e2liner nos derniers n\u00e9s. Trop Joli!&#x1f970;<\/p>\n\n\n\n<div class=\"wp-block-jetpack-tiled-gallery aligncenter is-style-rectangular\"><div class=\"tiled-gallery__gallery\"><div class=\"tiled-gallery__row\"><div class=\"tiled-gallery__col\" style=\"flex-basis:50.00000%\"><figure class=\"tiled-gallery__item\"><img decoding=\"async\" alt=\"\" data-height=\"1000\" data-id=\"7222\" data-link=\"https:\/\/ecolefermedesbois.ch\/?attachment_id=7222\" data-url=\"https:\/\/ecolefermedesbois.ch\/wp-content\/uploads\/2021\/11\/wp-16372423207304407787622226230286.jpg\" data-width=\"750\" src=\"https:\/\/i1.wp.com\/ecolefermedesbois.ch\/wp-content\/uploads\/2021\/11\/wp-16372423207304407787622226230286.jpg?ssl=1\" data-amp-layout=\"responsive\"\/><\/figure><\/div><div class=\"tiled-gallery__col\" style=\"flex-basis:50.00000%\"><figure class=\"tiled-gallery__item\"><img decoding=\"async\" alt=\"\" data-height=\"1000\" data-id=\"7224\" data-link=\"https:\/\/ecolefermedesbois.ch\/?attachment_id=7224\" data-url=\"https:\/\/ecolefermedesbois.ch\/wp-content\/uploads\/2021\/11\/wp-16372425068251379191449469571263.jpg\" data-width=\"750\" src=\"https:\/\/i0.wp.com\/ecolefermedesbois.ch\/wp-content\/uploads\/2021\/11\/wp-16372425068251379191449469571263.jpg?ssl=1\" data-amp-layout=\"responsive\"\/><\/figure><\/div><\/div><div class=\"tiled-gallery__row\"><div class=\"tiled-gallery__col\" style=\"flex-basis:31.96443%\"><figure class=\"tiled-gallery__item\"><img decoding=\"async\" alt=\"\" data-height=\"750\" data-id=\"7223\" data-link=\"https:\/\/ecolefermedesbois.ch\/?attachment_id=7223\" data-url=\"https:\/\/ecolefermedesbois.ch\/wp-content\/uploads\/2021\/11\/wp-16372423416983003054312768357429.jpg\" data-width=\"1000\" src=\"https:\/\/i2.wp.com\/ecolefermedesbois.ch\/wp-content\/uploads\/2021\/11\/wp-16372423416983003054312768357429.jpg?ssl=1\" data-amp-layout=\"responsive\"\/><\/figure><\/div><div class=\"tiled-gallery__col\" style=\"flex-basis:31.96443%\"><figure class=\"tiled-gallery__item\"><img decoding=\"async\" alt=\"\" data-height=\"750\" data-id=\"7221\" data-link=\"https:\/\/ecolefermedesbois.ch\/?attachment_id=7221\" data-url=\"https:\/\/ecolefermedesbois.ch\/wp-content\/uploads\/2021\/11\/wp-16372425255164460445034837426032.jpg\" data-width=\"1000\" src=\"https:\/\/i0.wp.com\/ecolefermedesbois.ch\/wp-content\/uploads\/2021\/11\/wp-16372425255164460445034837426032.jpg?ssl=1\" data-amp-layout=\"responsive\"\/><\/figure><\/div><div class=\"tiled-gallery__col\" style=\"flex-basis:18.03557%\"><figure class=\"tiled-gallery__item\"><img decoding=\"async\" alt=\"\" data-height=\"1000\" data-id=\"7220\" data-link=\"https:\/\/ecolefermedesbois.ch\/?attachment_id=7220\" data-url=\"https:\/\/ecolefermedesbois.ch\/wp-content\/uploads\/2021\/11\/wp-16372423704333072775292931336741.jpg\" data-width=\"750\" src=\"https:\/\/i0.wp.com\/ecolefermedesbois.ch\/wp-content\/uploads\/2021\/11\/wp-16372423704333072775292931336741.jpg?ssl=1\" data-amp-layout=\"responsive\"\/><\/figure><\/div><div class=\"tiled-gallery__col\" style=\"flex-basis:18.03557%\"><figure class=\"tiled-gallery__item\"><img decoding=\"async\" alt=\"\" data-height=\"1000\" data-id=\"7214\" data-link=\"https:\/\/ecolefermedesbois.ch\/?attachment_id=7214\" data-url=\"https:\/\/ecolefermedesbois.ch\/wp-content\/uploads\/2021\/11\/wp-16372443888665264074997049107078.jpg\" data-width=\"750\" src=\"https:\/\/i1.wp.com\/ecolefermedesbois.ch\/wp-content\/uploads\/2021\/11\/wp-16372443888665264074997049107078.jpg?ssl=1\" data-amp-layout=\"responsive\"\/><\/figure><\/div><\/div><\/div><\/div>\n\n\n\n<p>A la fourrag\u00e8re,<br>Que mange une vache? <br>Pour le d\u00e9couvrir, ils font par le jeux de l&rsquo;assiette de la vache. Les \u00e9l\u00e8ves doivent mettre dans une assiette ce qu&rsquo;ils pensent que la vache va manger. Puis Nathalie regarde ce qu&rsquo;ils ont mis dans leur assiette avant qu&rsquo;ils aillent l&rsquo;offrir joyeusement aux vaches. &#x1f60b;<br>Une fois toutes les assiettes l\u00e9ch\u00e9es, elle leur explique ce que nous avons mis dans les seaux. <br>Du foin, du regain, de la farine, de la paille et des d\u00e9chets. <br>L\u00e0, Nathalie leur parle du danger&#x26a0;&#xfe0f; des d\u00e9chets en bord des routes et dans la nature ainsi que leurs impacts sur nos animaux. &#x1f614;<br>Les enfants sont captiv\u00e9s par la canette en alu qui est pass\u00e9e dans la faucheuse et qui devient \u00e0 un objet tranchant. <br>Elle leur explique les cons\u00e9quences fatales pour la vache si elle l\u2019ing\u00e8re.  &#x1f622;<\/p>\n\n\n\n<div class=\"wp-block-jetpack-tiled-gallery aligncenter is-style-rectangular\"><div class=\"tiled-gallery__gallery\"><div class=\"tiled-gallery__row\"><div class=\"tiled-gallery__col\" style=\"flex-basis:26.49419%\"><figure class=\"tiled-gallery__item\"><img decoding=\"async\" alt=\"\" data-height=\"1000\" data-id=\"7230\" data-link=\"https:\/\/ecolefermedesbois.ch\/?attachment_id=7230\" data-url=\"https:\/\/ecolefermedesbois.ch\/wp-content\/uploads\/2021\/11\/wp-163724285029075318757985736020.jpg\" data-width=\"750\" src=\"https:\/\/i1.wp.com\/ecolefermedesbois.ch\/wp-content\/uploads\/2021\/11\/wp-163724285029075318757985736020.jpg?ssl=1\" data-amp-layout=\"responsive\"\/><\/figure><\/div><div class=\"tiled-gallery__col\" style=\"flex-basis:26.49419%\"><figure class=\"tiled-gallery__item\"><img decoding=\"async\" alt=\"\" data-height=\"1000\" data-id=\"7227\" data-link=\"https:\/\/ecolefermedesbois.ch\/?attachment_id=7227\" data-url=\"https:\/\/ecolefermedesbois.ch\/wp-content\/uploads\/2021\/11\/wp-16372427953203002191224117945128.jpg\" data-width=\"750\" src=\"https:\/\/i1.wp.com\/ecolefermedesbois.ch\/wp-content\/uploads\/2021\/11\/wp-16372427953203002191224117945128.jpg?ssl=1\" data-amp-layout=\"responsive\"\/><\/figure><\/div><div class=\"tiled-gallery__col\" style=\"flex-basis:47.01163%\"><figure class=\"tiled-gallery__item\"><img decoding=\"async\" alt=\"\" data-height=\"750\" data-id=\"7213\" data-link=\"https:\/\/ecolefermedesbois.ch\/?attachment_id=7213\" data-url=\"https:\/\/ecolefermedesbois.ch\/wp-content\/uploads\/2021\/11\/wp-16372443690913088689950120092809.jpg\" data-width=\"1000\" src=\"https:\/\/i0.wp.com\/ecolefermedesbois.ch\/wp-content\/uploads\/2021\/11\/wp-16372443690913088689950120092809.jpg?ssl=1\" data-amp-layout=\"responsive\"\/><\/figure><\/div><\/div><\/div><\/div>\n\n\n\n<p>La premi\u00e8re partie de la matin\u00e9e \u00e9tant termin\u00e9e, nous rentrons \u00e0 la ferme des Bois en chariote. &#x1f973;<\/p>\n\n\n\n<div class=\"wp-block-jetpack-tiled-gallery aligncenter is-style-rectangular\"><div class=\"tiled-gallery__gallery\"><div class=\"tiled-gallery__row\"><div class=\"tiled-gallery__col\" style=\"flex-basis:63.96477%\"><figure class=\"tiled-gallery__item\"><img decoding=\"async\" alt=\"\" data-height=\"750\" data-id=\"7225\" data-link=\"https:\/\/ecolefermedesbois.ch\/?attachment_id=7225\" data-url=\"https:\/\/ecolefermedesbois.ch\/wp-content\/uploads\/2021\/11\/wp-16372425753558000785138224858375.jpg\" data-width=\"1000\" src=\"https:\/\/i2.wp.com\/ecolefermedesbois.ch\/wp-content\/uploads\/2021\/11\/wp-16372425753558000785138224858375.jpg?ssl=1\" data-amp-layout=\"responsive\"\/><\/figure><\/div><div class=\"tiled-gallery__col\" style=\"flex-basis:36.03523%\"><figure class=\"tiled-gallery__item\"><img decoding=\"async\" alt=\"\" data-height=\"1000\" data-id=\"7212\" data-link=\"https:\/\/ecolefermedesbois.ch\/?attachment_id=7212\" data-url=\"https:\/\/ecolefermedesbois.ch\/wp-content\/uploads\/2021\/11\/wp-16372443428951124734713974395831.jpg\" data-width=\"750\" src=\"https:\/\/i1.wp.com\/ecolefermedesbois.ch\/wp-content\/uploads\/2021\/11\/wp-16372443428951124734713974395831.jpg?ssl=1\" data-amp-layout=\"responsive\"\/><\/figure><\/div><\/div><\/div><\/div>\n\n\n\n<p>Une fois en salle, bien au chaud, nous fabriquons tous ensemble de la ricotta. C&rsquo;est une mani\u00e8re simple de transformer du lait. Et c&rsquo;est avec joie et d\u00e9lice que nous la d\u00e9gustons sur une tranche de pain accompagn\u00e9 d&rsquo;un verre de lait. Mmm mmm un r\u00e9gal! &#x1f60b;<\/p>\n\n\n\n<div class=\"wp-block-jetpack-tiled-gallery aligncenter is-style-rectangular\"><div class=\"tiled-gallery__gallery\"><div class=\"tiled-gallery__row\"><div class=\"tiled-gallery__col\" style=\"flex-basis:50.00000%\"><figure class=\"tiled-gallery__item\"><img decoding=\"async\" alt=\"\" data-height=\"1000\" data-id=\"7229\" data-link=\"https:\/\/ecolefermedesbois.ch\/?attachment_id=7229\" data-url=\"https:\/\/ecolefermedesbois.ch\/wp-content\/uploads\/2021\/11\/wp-16372428898156577861133256572018.jpg\" data-width=\"750\" src=\"https:\/\/i0.wp.com\/ecolefermedesbois.ch\/wp-content\/uploads\/2021\/11\/wp-16372428898156577861133256572018.jpg?ssl=1\" data-amp-layout=\"responsive\"\/><\/figure><\/div><div class=\"tiled-gallery__col\" style=\"flex-basis:50.00000%\"><figure class=\"tiled-gallery__item\"><img decoding=\"async\" alt=\"\" data-height=\"1000\" data-id=\"7231\" data-link=\"https:\/\/ecolefermedesbois.ch\/?attachment_id=7231\" data-url=\"https:\/\/ecolefermedesbois.ch\/wp-content\/uploads\/2021\/11\/wp-16372429098783273423702510525106.jpg\" data-width=\"750\" src=\"https:\/\/i1.wp.com\/ecolefermedesbois.ch\/wp-content\/uploads\/2021\/11\/wp-16372429098783273423702510525106.jpg?ssl=1\" data-amp-layout=\"responsive\"\/><\/figure><\/div><\/div><div class=\"tiled-gallery__row\"><div class=\"tiled-gallery__col\" style=\"flex-basis:46.90519%\"><figure class=\"tiled-gallery__item\"><img decoding=\"async\" alt=\"\" data-height=\"750\" data-id=\"7235\" data-link=\"https:\/\/ecolefermedesbois.ch\/?attachment_id=7235\" data-url=\"https:\/\/ecolefermedesbois.ch\/wp-content\/uploads\/2021\/11\/wp-16372429632192986058267774658925.jpg\" data-width=\"1000\" src=\"https:\/\/i1.wp.com\/ecolefermedesbois.ch\/wp-content\/uploads\/2021\/11\/wp-16372429632192986058267774658925.jpg?ssl=1\" data-amp-layout=\"responsive\"\/><\/figure><figure class=\"tiled-gallery__item\"><img decoding=\"async\" alt=\"\" data-height=\"750\" data-id=\"7232\" data-link=\"https:\/\/ecolefermedesbois.ch\/?attachment_id=7232\" data-url=\"https:\/\/ecolefermedesbois.ch\/wp-content\/uploads\/2021\/11\/wp-16372429439911331034996801435363.jpg\" data-width=\"1000\" src=\"https:\/\/i2.wp.com\/ecolefermedesbois.ch\/wp-content\/uploads\/2021\/11\/wp-16372429439911331034996801435363.jpg?ssl=1\" data-amp-layout=\"responsive\"\/><\/figure><\/div><div class=\"tiled-gallery__col\" style=\"flex-basis:53.09481%\"><figure class=\"tiled-gallery__item\"><img decoding=\"async\" alt=\"\" data-height=\"1008\" data-id=\"7226\" data-link=\"https:\/\/ecolefermedesbois.ch\/?attachment_id=7226\" data-url=\"https:\/\/ecolefermedesbois.ch\/wp-content\/uploads\/2021\/11\/wp-16372427413836278435450020493266.jpg\" data-width=\"756\" src=\"https:\/\/i0.wp.com\/ecolefermedesbois.ch\/wp-content\/uploads\/2021\/11\/wp-16372427413836278435450020493266.jpg?ssl=1\" data-amp-layout=\"responsive\"\/><\/figure><\/div><\/div><\/div><\/div>\n\n\n\n<p>Une fois habill\u00e9s et chauss\u00e9s, nous allons observer les g\u00e9nisses. <br>\u00ab\u00a0Alors les enfants, qui sont les animaux dans ce parc? Certains me r\u00e9pondent des vaches et les autres des g\u00e9nisses.\u00a0\u00bb <br>Alors qui a raison? <br>Tous les enfants!!! <br>Car Nicolas a mis une vache tarie, c&rsquo;est \u00e0 dire que nous la trayons pas les 5-6 semaines avant la naissance de son petit, avec les g\u00e9nisses. <br>Comme cela, les enfants ont bien pu les diff\u00e9rencier!<\/p>\n\n\n\n<div class=\"wp-block-jetpack-tiled-gallery aligncenter is-style-rectangular\"><div class=\"tiled-gallery__gallery\"><div class=\"tiled-gallery__row\"><div class=\"tiled-gallery__col\" style=\"flex-basis:100.00000%\"><figure class=\"tiled-gallery__item\"><img decoding=\"async\" alt=\"\" data-height=\"1000\" data-id=\"7234\" data-link=\"https:\/\/ecolefermedesbois.ch\/?attachment_id=7234\" data-url=\"https:\/\/ecolefermedesbois.ch\/wp-content\/uploads\/2021\/11\/wp-16372430012726652703546665925430.jpg\" data-width=\"911\" src=\"https:\/\/i0.wp.com\/ecolefermedesbois.ch\/wp-content\/uploads\/2021\/11\/wp-16372430012726652703546665925430.jpg?ssl=1\" data-amp-layout=\"responsive\"\/><\/figure><\/div><\/div><\/div><\/div>\n\n\n\n<p>Pour finir cette matin\u00e9e, je leur demande quel autre animal produit du lait?<br>La r\u00e9ponse ne se fait pas attendre, c&rsquo;est sans h\u00e9siter qu&rsquo;ils me r\u00e9pondent: la ch\u00e8vre! &#x1f410;<br>Alors nous nous rendons aupr\u00e8s des ch\u00e8vres pour les d\u00e9couvrir et les c\u00e2liner.<\/p>\n\n\n\n<div class=\"wp-block-jetpack-tiled-gallery aligncenter is-style-rectangular\"><div class=\"tiled-gallery__gallery\"><div class=\"tiled-gallery__row\"><div class=\"tiled-gallery__col\" style=\"flex-basis:44.01006%\"><figure class=\"tiled-gallery__item\"><img decoding=\"async\" alt=\"\" data-height=\"750\" data-id=\"7236\" data-link=\"https:\/\/ecolefermedesbois.ch\/?attachment_id=7236\" data-url=\"https:\/\/ecolefermedesbois.ch\/wp-content\/uploads\/2021\/11\/wp-16372430625046389316409964514872.jpg\" data-width=\"1000\" src=\"https:\/\/i1.wp.com\/ecolefermedesbois.ch\/wp-content\/uploads\/2021\/11\/wp-16372430625046389316409964514872.jpg?ssl=1\" data-amp-layout=\"responsive\"\/><\/figure><\/div><div class=\"tiled-gallery__col\" style=\"flex-basis:55.98994%\"><figure class=\"tiled-gallery__item\"><img decoding=\"async\" alt=\"\" data-height=\"589\" data-id=\"7233\" data-link=\"https:\/\/ecolefermedesbois.ch\/?attachment_id=7233\" data-url=\"https:\/\/ecolefermedesbois.ch\/wp-content\/uploads\/2021\/11\/wp-16372430355102408483295399218191.jpg\" data-width=\"1000\" src=\"https:\/\/i1.wp.com\/ecolefermedesbois.ch\/wp-content\/uploads\/2021\/11\/wp-16372430355102408483295399218191.jpg?ssl=1\" data-amp-layout=\"responsive\"\/><\/figure><\/div><\/div><\/div><\/div>\n\n\n\n<p>Merci les enfants pour toutes vos questions, j&rsquo;adore votre joie et votre curiosit\u00e9! &#x1f49d;<\/p>\n\n\n\n<p>Merci Claire et Julia de permettre \u00e0 vos \u00e9l\u00e8ves de vivre ces belles d\u00e9couvertes chez nous. Ainsi que pour votre confiance.&#x1f339; <\/p>\n\n\n\n<p>Merci Nathalie pour ton aide tout au long de la matin\u00e9e.&#x1f33b;<\/p>\n\n\n\n<p>A bient\u00f4t &#x1f917;<\/p>\n\n\n\n<p>Sophie<\/p>\n\n\n","protected":false},"excerpt":{"rendered":"<p>Ce jeudi matin, les \u00e9l\u00e8ves 3P de la classe de Claire Rochat et Julia Sahli d&rsquo;Oron sont venus d\u00e9couvrir l&rsquo;\u00e9table.Nous&#46;&#46;&#46;<\/p>\n","protected":false},"author":2,"featured_media":7219,"comment_status":"open","ping_status":"open","sticky":false,"template":"","format":"image","meta":{"jetpack_post_was_ever_published":false,"footnotes":"","jetpack_publicize_message":"","jetpack_publicize_feature_enabled":true,"jetpack_social_post_already_shared":true,"jetpack_social_options":{"image_generator_settings":{"template":"highway","default_image_id":0,"font":"","enabled":false},"version":2}},"categories":[33],"tags":[],"class_list":["post-7239","post","type-post","status-publish","format-image","has-post-thumbnail","hentry","category-ecole","post_format-post-format-image"],"yoast_head":"<!-- This site is optimized with the Yoast SEO plugin v27.4 - https:\/\/yoast.com\/product\/yoast-seo-wordpress\/ -->\n<title>La classe de MMes Rochat et Sahli \u00e0 l&#039;\u00e9table &#x1f404; -<\/title>\n<meta name=\"robots\" content=\"index, follow, max-snippet:-1, max-image-preview:large, max-video-preview:-1\" \/>\n<link rel=\"canonical\" href=\"https:\/\/ecolefermedesbois.ch\/?p=7239\" \/>\n<meta property=\"og:locale\" content=\"fr_FR\" \/>\n<meta property=\"og:type\" content=\"article\" \/>\n<meta property=\"og:title\" content=\"La classe de MMes Rochat et Sahli \u00e0 l&#039;\u00e9table &#x1f404; -\" \/>\n<meta property=\"og:description\" content=\"Ce jeudi matin, les \u00e9l\u00e8ves 3P de la classe de Claire Rochat et Julia Sahli d&rsquo;Oron sont venus d\u00e9couvrir l&rsquo;\u00e9table.Nous&#046;&#046;&#046;\" \/>\n<meta property=\"og:url\" content=\"https:\/\/ecolefermedesbois.ch\/?p=7239\" \/>\n<meta property=\"article:publisher\" content=\"https:\/\/www.facebook.com\/ecolefermedesBois\" \/>\n<meta property=\"article:published_time\" content=\"2021-11-18T15:24:19+00:00\" \/>\n<meta property=\"article:modified_time\" content=\"2021-11-18T15:24:24+00:00\" \/>\n<meta property=\"og:image\" content=\"https:\/\/ecolefermedesbois.ch\/wp-content\/uploads\/2021\/11\/wp-16372422949037161210879616693640.jpg\" \/>\n\t<meta property=\"og:image:width\" content=\"750\" \/>\n\t<meta property=\"og:image:height\" content=\"1000\" \/>\n\t<meta property=\"og:image:type\" content=\"image\/jpeg\" \/>\n<meta name=\"author\" content=\"Sophie\" \/>\n<meta name=\"twitter:card\" content=\"summary_large_image\" \/>\n<meta name=\"twitter:label1\" content=\"\u00c9crit par\" \/>\n\t<meta name=\"twitter:data1\" content=\"Sophie\" \/>\n\t<meta name=\"twitter:label2\" content=\"Dur\u00e9e de lecture estim\u00e9e\" \/>\n\t<meta name=\"twitter:data2\" content=\"9 minutes\" \/>\n<script type=\"application\/ld+json\" class=\"yoast-schema-graph\">{\"@context\":\"https:\\\/\\\/schema.org\",\"@graph\":[{\"@type\":\"Article\",\"@id\":\"https:\\\/\\\/ecolefermedesbois.ch\\\/?p=7239#article\",\"isPartOf\":{\"@id\":\"https:\\\/\\\/ecolefermedesbois.ch\\\/?p=7239\"},\"author\":{\"name\":\"Sophie\",\"@id\":\"https:\\\/\\\/ecolefermedesbois.ch\\\/#\\\/schema\\\/person\\\/78f5a1c78e958e51240f90932d290908\"},\"headline\":\"La classe de MMes Rochat et Sahli \u00e0 l&rsquo;\u00e9table &#x1f404;\",\"datePublished\":\"2021-11-18T15:24:19+00:00\",\"dateModified\":\"2021-11-18T15:24:24+00:00\",\"mainEntityOfPage\":{\"@id\":\"https:\\\/\\\/ecolefermedesbois.ch\\\/?p=7239\"},\"wordCount\":760,\"commentCount\":0,\"publisher\":{\"@id\":\"https:\\\/\\\/ecolefermedesbois.ch\\\/#organization\"},\"image\":{\"@id\":\"https:\\\/\\\/ecolefermedesbois.ch\\\/?p=7239#primaryimage\"},\"thumbnailUrl\":\"https:\\\/\\\/i0.wp.com\\\/ecolefermedesbois.ch\\\/wp-content\\\/uploads\\\/2021\\\/11\\\/wp-16372422949037161210879616693640.jpg?fit=750%2C1000&ssl=1\",\"articleSection\":[\"Ecole\"],\"inLanguage\":\"fr-FR\",\"potentialAction\":[{\"@type\":\"CommentAction\",\"name\":\"Comment\",\"target\":[\"https:\\\/\\\/ecolefermedesbois.ch\\\/?p=7239#respond\"]}]},{\"@type\":\"WebPage\",\"@id\":\"https:\\\/\\\/ecolefermedesbois.ch\\\/?p=7239\",\"url\":\"https:\\\/\\\/ecolefermedesbois.ch\\\/?p=7239\",\"name\":\"La classe de MMes Rochat et Sahli \u00e0 l'\u00e9table &#x1f404; -\",\"isPartOf\":{\"@id\":\"https:\\\/\\\/ecolefermedesbois.ch\\\/#website\"},\"primaryImageOfPage\":{\"@id\":\"https:\\\/\\\/ecolefermedesbois.ch\\\/?p=7239#primaryimage\"},\"image\":{\"@id\":\"https:\\\/\\\/ecolefermedesbois.ch\\\/?p=7239#primaryimage\"},\"thumbnailUrl\":\"https:\\\/\\\/i0.wp.com\\\/ecolefermedesbois.ch\\\/wp-content\\\/uploads\\\/2021\\\/11\\\/wp-16372422949037161210879616693640.jpg?fit=750%2C1000&ssl=1\",\"datePublished\":\"2021-11-18T15:24:19+00:00\",\"dateModified\":\"2021-11-18T15:24:24+00:00\",\"breadcrumb\":{\"@id\":\"https:\\\/\\\/ecolefermedesbois.ch\\\/?p=7239#breadcrumb\"},\"inLanguage\":\"fr-FR\",\"potentialAction\":[{\"@type\":\"ReadAction\",\"target\":[\"https:\\\/\\\/ecolefermedesbois.ch\\\/?p=7239\"]}]},{\"@type\":\"ImageObject\",\"inLanguage\":\"fr-FR\",\"@id\":\"https:\\\/\\\/ecolefermedesbois.ch\\\/?p=7239#primaryimage\",\"url\":\"https:\\\/\\\/i0.wp.com\\\/ecolefermedesbois.ch\\\/wp-content\\\/uploads\\\/2021\\\/11\\\/wp-16372422949037161210879616693640.jpg?fit=750%2C1000&ssl=1\",\"contentUrl\":\"https:\\\/\\\/i0.wp.com\\\/ecolefermedesbois.ch\\\/wp-content\\\/uploads\\\/2021\\\/11\\\/wp-16372422949037161210879616693640.jpg?fit=750%2C1000&ssl=1\",\"width\":750,\"height\":1000},{\"@type\":\"BreadcrumbList\",\"@id\":\"https:\\\/\\\/ecolefermedesbois.ch\\\/?p=7239#breadcrumb\",\"itemListElement\":[{\"@type\":\"ListItem\",\"position\":1,\"name\":\"Accueil\",\"item\":\"https:\\\/\\\/ecolefermedesbois.ch\\\/\"},{\"@type\":\"ListItem\",\"position\":2,\"name\":\"La classe de MMes Rochat et Sahli \u00e0 l&rsquo;\u00e9table &#x1f404;\"}]},{\"@type\":\"WebSite\",\"@id\":\"https:\\\/\\\/ecolefermedesbois.ch\\\/#website\",\"url\":\"https:\\\/\\\/ecolefermedesbois.ch\\\/\",\"name\":\"ecolefermedesbois\",\"description\":\"\",\"publisher\":{\"@id\":\"https:\\\/\\\/ecolefermedesbois.ch\\\/#organization\"},\"potentialAction\":[{\"@type\":\"SearchAction\",\"target\":{\"@type\":\"EntryPoint\",\"urlTemplate\":\"https:\\\/\\\/ecolefermedesbois.ch\\\/?s={search_term_string}\"},\"query-input\":{\"@type\":\"PropertyValueSpecification\",\"valueRequired\":true,\"valueName\":\"search_term_string\"}}],\"inLanguage\":\"fr-FR\"},{\"@type\":\"Organization\",\"@id\":\"https:\\\/\\\/ecolefermedesbois.ch\\\/#organization\",\"name\":\"Ecole \u00e0 la Ferme des Bois\",\"url\":\"https:\\\/\\\/ecolefermedesbois.ch\\\/\",\"logo\":{\"@type\":\"ImageObject\",\"inLanguage\":\"fr-FR\",\"@id\":\"https:\\\/\\\/ecolefermedesbois.ch\\\/#\\\/schema\\\/logo\\\/image\\\/\",\"url\":\"https:\\\/\\\/ecolefermedesbois.ch\\\/wp-content\\\/uploads\\\/2019\\\/04\\\/logo-scaled.gif\",\"contentUrl\":\"https:\\\/\\\/ecolefermedesbois.ch\\\/wp-content\\\/uploads\\\/2019\\\/04\\\/logo-scaled.gif\",\"width\":2560,\"height\":608,\"caption\":\"Ecole \u00e0 la Ferme des Bois\"},\"image\":{\"@id\":\"https:\\\/\\\/ecolefermedesbois.ch\\\/#\\\/schema\\\/logo\\\/image\\\/\"},\"sameAs\":[\"https:\\\/\\\/www.facebook.com\\\/ecolefermedesBois\"]},{\"@type\":\"Person\",\"@id\":\"https:\\\/\\\/ecolefermedesbois.ch\\\/#\\\/schema\\\/person\\\/78f5a1c78e958e51240f90932d290908\",\"name\":\"Sophie\",\"image\":{\"@type\":\"ImageObject\",\"inLanguage\":\"fr-FR\",\"@id\":\"https:\\\/\\\/secure.gravatar.com\\\/avatar\\\/053fbaec50cb27b03b880a4b8b018009aa3af995f32011efc3f40a589371d46f?s=96&d=mm&r=g\",\"url\":\"https:\\\/\\\/secure.gravatar.com\\\/avatar\\\/053fbaec50cb27b03b880a4b8b018009aa3af995f32011efc3f40a589371d46f?s=96&d=mm&r=g\",\"contentUrl\":\"https:\\\/\\\/secure.gravatar.com\\\/avatar\\\/053fbaec50cb27b03b880a4b8b018009aa3af995f32011efc3f40a589371d46f?s=96&d=mm&r=g\",\"caption\":\"Sophie\"},\"url\":\"https:\\\/\\\/ecolefermedesbois.ch\\\/?author=2\"}]}<\/script>\n<!-- \/ Yoast SEO plugin. -->","yoast_head_json":{"title":"La classe de MMes Rochat et Sahli \u00e0 l'\u00e9table &#x1f404; -","robots":{"index":"index","follow":"follow","max-snippet":"max-snippet:-1","max-image-preview":"max-image-preview:large","max-video-preview":"max-video-preview:-1"},"canonical":"https:\/\/ecolefermedesbois.ch\/?p=7239","og_locale":"fr_FR","og_type":"article","og_title":"La classe de MMes Rochat et Sahli \u00e0 l'\u00e9table &#x1f404; -","og_description":"Ce jeudi matin, les \u00e9l\u00e8ves 3P de la classe de Claire Rochat et Julia Sahli d&rsquo;Oron sont venus d\u00e9couvrir l&rsquo;\u00e9table.Nous&#46;&#46;&#46;","og_url":"https:\/\/ecolefermedesbois.ch\/?p=7239","article_publisher":"https:\/\/www.facebook.com\/ecolefermedesBois","article_published_time":"2021-11-18T15:24:19+00:00","article_modified_time":"2021-11-18T15:24:24+00:00","og_image":[{"width":750,"height":1000,"url":"https:\/\/ecolefermedesbois.ch\/wp-content\/uploads\/2021\/11\/wp-16372422949037161210879616693640.jpg","type":"image\/jpeg"}],"author":"Sophie","twitter_card":"summary_large_image","twitter_misc":{"\u00c9crit par":"Sophie","Dur\u00e9e de lecture estim\u00e9e":"9 minutes"},"schema":{"@context":"https:\/\/schema.org","@graph":[{"@type":"Article","@id":"https:\/\/ecolefermedesbois.ch\/?p=7239#article","isPartOf":{"@id":"https:\/\/ecolefermedesbois.ch\/?p=7239"},"author":{"name":"Sophie","@id":"https:\/\/ecolefermedesbois.ch\/#\/schema\/person\/78f5a1c78e958e51240f90932d290908"},"headline":"La classe de MMes Rochat et Sahli \u00e0 l&rsquo;\u00e9table &#x1f404;","datePublished":"2021-11-18T15:24:19+00:00","dateModified":"2021-11-18T15:24:24+00:00","mainEntityOfPage":{"@id":"https:\/\/ecolefermedesbois.ch\/?p=7239"},"wordCount":760,"commentCount":0,"publisher":{"@id":"https:\/\/ecolefermedesbois.ch\/#organization"},"image":{"@id":"https:\/\/ecolefermedesbois.ch\/?p=7239#primaryimage"},"thumbnailUrl":"https:\/\/i0.wp.com\/ecolefermedesbois.ch\/wp-content\/uploads\/2021\/11\/wp-16372422949037161210879616693640.jpg?fit=750%2C1000&ssl=1","articleSection":["Ecole"],"inLanguage":"fr-FR","potentialAction":[{"@type":"CommentAction","name":"Comment","target":["https:\/\/ecolefermedesbois.ch\/?p=7239#respond"]}]},{"@type":"WebPage","@id":"https:\/\/ecolefermedesbois.ch\/?p=7239","url":"https:\/\/ecolefermedesbois.ch\/?p=7239","name":"La classe de MMes Rochat et Sahli \u00e0 l'\u00e9table &#x1f404; -","isPartOf":{"@id":"https:\/\/ecolefermedesbois.ch\/#website"},"primaryImageOfPage":{"@id":"https:\/\/ecolefermedesbois.ch\/?p=7239#primaryimage"},"image":{"@id":"https:\/\/ecolefermedesbois.ch\/?p=7239#primaryimage"},"thumbnailUrl":"https:\/\/i0.wp.com\/ecolefermedesbois.ch\/wp-content\/uploads\/2021\/11\/wp-16372422949037161210879616693640.jpg?fit=750%2C1000&ssl=1","datePublished":"2021-11-18T15:24:19+00:00","dateModified":"2021-11-18T15:24:24+00:00","breadcrumb":{"@id":"https:\/\/ecolefermedesbois.ch\/?p=7239#breadcrumb"},"inLanguage":"fr-FR","potentialAction":[{"@type":"ReadAction","target":["https:\/\/ecolefermedesbois.ch\/?p=7239"]}]},{"@type":"ImageObject","inLanguage":"fr-FR","@id":"https:\/\/ecolefermedesbois.ch\/?p=7239#primaryimage","url":"https:\/\/i0.wp.com\/ecolefermedesbois.ch\/wp-content\/uploads\/2021\/11\/wp-16372422949037161210879616693640.jpg?fit=750%2C1000&ssl=1","contentUrl":"https:\/\/i0.wp.com\/ecolefermedesbois.ch\/wp-content\/uploads\/2021\/11\/wp-16372422949037161210879616693640.jpg?fit=750%2C1000&ssl=1","width":750,"height":1000},{"@type":"BreadcrumbList","@id":"https:\/\/ecolefermedesbois.ch\/?p=7239#breadcrumb","itemListElement":[{"@type":"ListItem","position":1,"name":"Accueil","item":"https:\/\/ecolefermedesbois.ch\/"},{"@type":"ListItem","position":2,"name":"La classe de MMes Rochat et Sahli \u00e0 l&rsquo;\u00e9table &#x1f404;"}]},{"@type":"WebSite","@id":"https:\/\/ecolefermedesbois.ch\/#website","url":"https:\/\/ecolefermedesbois.ch\/","name":"ecolefermedesbois","description":"","publisher":{"@id":"https:\/\/ecolefermedesbois.ch\/#organization"},"potentialAction":[{"@type":"SearchAction","target":{"@type":"EntryPoint","urlTemplate":"https:\/\/ecolefermedesbois.ch\/?s={search_term_string}"},"query-input":{"@type":"PropertyValueSpecification","valueRequired":true,"valueName":"search_term_string"}}],"inLanguage":"fr-FR"},{"@type":"Organization","@id":"https:\/\/ecolefermedesbois.ch\/#organization","name":"Ecole \u00e0 la Ferme des Bois","url":"https:\/\/ecolefermedesbois.ch\/","logo":{"@type":"ImageObject","inLanguage":"fr-FR","@id":"https:\/\/ecolefermedesbois.ch\/#\/schema\/logo\/image\/","url":"https:\/\/ecolefermedesbois.ch\/wp-content\/uploads\/2019\/04\/logo-scaled.gif","contentUrl":"https:\/\/ecolefermedesbois.ch\/wp-content\/uploads\/2019\/04\/logo-scaled.gif","width":2560,"height":608,"caption":"Ecole \u00e0 la Ferme des Bois"},"image":{"@id":"https:\/\/ecolefermedesbois.ch\/#\/schema\/logo\/image\/"},"sameAs":["https:\/\/www.facebook.com\/ecolefermedesBois"]},{"@type":"Person","@id":"https:\/\/ecolefermedesbois.ch\/#\/schema\/person\/78f5a1c78e958e51240f90932d290908","name":"Sophie","image":{"@type":"ImageObject","inLanguage":"fr-FR","@id":"https:\/\/secure.gravatar.com\/avatar\/053fbaec50cb27b03b880a4b8b018009aa3af995f32011efc3f40a589371d46f?s=96&d=mm&r=g","url":"https:\/\/secure.gravatar.com\/avatar\/053fbaec50cb27b03b880a4b8b018009aa3af995f32011efc3f40a589371d46f?s=96&d=mm&r=g","contentUrl":"https:\/\/secure.gravatar.com\/avatar\/053fbaec50cb27b03b880a4b8b018009aa3af995f32011efc3f40a589371d46f?s=96&d=mm&r=g","caption":"Sophie"},"url":"https:\/\/ecolefermedesbois.ch\/?author=2"}]}},"jetpack_publicize_connections":[],"jetpack_featured_media_url":"https:\/\/i0.wp.com\/ecolefermedesbois.ch\/wp-content\/uploads\/2021\/11\/wp-16372422949037161210879616693640.jpg?fit=750%2C1000&ssl=1","jetpack_sharing_enabled":true,"_links":{"self":[{"href":"https:\/\/ecolefermedesbois.ch\/index.php?rest_route=\/wp\/v2\/posts\/7239","targetHints":{"allow":["GET"]}}],"collection":[{"href":"https:\/\/ecolefermedesbois.ch\/index.php?rest_route=\/wp\/v2\/posts"}],"about":[{"href":"https:\/\/ecolefermedesbois.ch\/index.php?rest_route=\/wp\/v2\/types\/post"}],"author":[{"embeddable":true,"href":"https:\/\/ecolefermedesbois.ch\/index.php?rest_route=\/wp\/v2\/users\/2"}],"replies":[{"embeddable":true,"href":"https:\/\/ecolefermedesbois.ch\/index.php?rest_route=%2Fwp%2Fv2%2Fcomments&post=7239"}],"version-history":[{"count":1,"href":"https:\/\/ecolefermedesbois.ch\/index.php?rest_route=\/wp\/v2\/posts\/7239\/revisions"}],"predecessor-version":[{"id":7240,"href":"https:\/\/ecolefermedesbois.ch\/index.php?rest_route=\/wp\/v2\/posts\/7239\/revisions\/7240"}],"wp:featuredmedia":[{"embeddable":true,"href":"https:\/\/ecolefermedesbois.ch\/index.php?rest_route=\/wp\/v2\/media\/7219"}],"wp:attachment":[{"href":"https:\/\/ecolefermedesbois.ch\/index.php?rest_route=%2Fwp%2Fv2%2Fmedia&parent=7239"}],"wp:term":[{"taxonomy":"category","embeddable":true,"href":"https:\/\/ecolefermedesbois.ch\/index.php?rest_route=%2Fwp%2Fv2%2Fcategories&post=7239"},{"taxonomy":"post_tag","embeddable":true,"href":"https:\/\/ecolefermedesbois.ch\/index.php?rest_route=%2Fwp%2Fv2%2Ftags&post=7239"}],"curies":[{"name":"wp","href":"https:\/\/api.w.org\/{rel}","templated":true}]}}