{"id":7158,"date":"2021-11-10T21:49:44","date_gmt":"2021-11-10T20:49:44","guid":{"rendered":"https:\/\/ecolefermedesbois.ch\/?p=7158"},"modified":"2021-11-13T16:50:33","modified_gmt":"2021-11-13T15:50:33","slug":"la-classe-de-n-andrey-a-letable-%f0%9f%90%84","status":"publish","type":"post","link":"https:\/\/ecolefermedesbois.ch\/?p=7158","title":{"rendered":"La classe de N. Andrey \u00e0 l&rsquo;\u00e9table &#x1f404;"},"content":{"rendered":"<div class=\"pdfprnt-buttons pdfprnt-buttons-post pdfprnt-top-right\"><a href=\"https:\/\/ecolefermedesbois.ch\/index.php?rest_route=%2Fwp%2Fv2%2Fposts%2F7158&print=pdf\" class=\"pdfprnt-button pdfprnt-button-pdf\" target=\"_blank\" ><img data-recalc-dims=\"1\" decoding=\"async\" src=\"https:\/\/i0.wp.com\/ecolefermedesbois.ch\/wp-content\/plugins\/pdf-print\/images\/pdf.png?w=720&#038;ssl=1\" alt=\"image_pdf\" title=\"Afficher le PDF\" \/><\/a><a href=\"https:\/\/ecolefermedesbois.ch\/index.php?rest_route=%2Fwp%2Fv2%2Fposts%2F7158&print=print\" class=\"pdfprnt-button pdfprnt-button-print\" target=\"_blank\" ><img data-recalc-dims=\"1\" decoding=\"async\" src=\"https:\/\/i0.wp.com\/ecolefermedesbois.ch\/wp-content\/plugins\/pdf-print\/images\/print.png?w=720&#038;ssl=1\" alt=\"image_print\" title=\"Contenu imprim\u00e9\" \/><\/a><\/div>\n<p>Ce mardi matin, les \u00e9l\u00e8ves 1-2P de la classe de Nathalie Andrey d&rsquo;Oron sont venus d\u00e9couvrir l&rsquo;\u00e9table.<br>Nous d\u00e9marrons la matin\u00e9e \u00e0 la ferme des vaches. <br>Comment s&rsquo;appelle la maison de la vache? &#x1f914; Tr\u00e8s rapidement les \u00e9l\u00e8ves me r\u00e9pondent : \u00ab\u00a0l&rsquo;\u00e9table\u00a0\u00bb. Puis nous allons \u00e0 l&rsquo;int\u00e9rieur pour voir et approcher les vaches. &#x1f42e;<br>Que d&rsquo;\u00e9toiles&#x1f31f; dans les yeux des enfants quand ils peuvent s&rsquo;approcher si pr\u00e8s d&rsquo;une vache ou encore lui donner \u00e0 manger.<\/p>\n\n\n\n<figure class=\"wp-block-gallery columns-3 is-cropped wp-block-gallery-1 is-layout-flex wp-block-gallery-is-layout-flex\"><ul class=\"blocks-gallery-grid\"><li class=\"blocks-gallery-item\"><figure><img data-recalc-dims=\"1\" fetchpriority=\"high\" decoding=\"async\" width=\"720\" height=\"960\" src=\"https:\/\/i0.wp.com\/ecolefermedesbois.ch\/wp-content\/uploads\/2021\/11\/wp-16365703199383644961875605505275.jpg?resize=720%2C960&#038;ssl=1\" data-id=\"7131\" class=\"wp-image-7131\" srcset=\"https:\/\/i0.wp.com\/ecolefermedesbois.ch\/wp-content\/uploads\/2021\/11\/wp-16365703199383644961875605505275.jpg?w=750&amp;ssl=1 750w, https:\/\/i0.wp.com\/ecolefermedesbois.ch\/wp-content\/uploads\/2021\/11\/wp-16365703199383644961875605505275.jpg?resize=225%2C300&amp;ssl=1 225w, https:\/\/i0.wp.com\/ecolefermedesbois.ch\/wp-content\/uploads\/2021\/11\/wp-16365703199383644961875605505275.jpg?resize=450%2C600&amp;ssl=1 450w\" sizes=\"(max-width: 720px) 100vw, 720px\" \/><\/figure><\/li><li class=\"blocks-gallery-item\"><figure><img data-recalc-dims=\"1\" decoding=\"async\" width=\"720\" height=\"540\" src=\"https:\/\/i0.wp.com\/ecolefermedesbois.ch\/wp-content\/uploads\/2021\/11\/wp-16365703783335123275225455239586.jpg?resize=720%2C540&#038;ssl=1\" data-id=\"7132\" class=\"wp-image-7132\" srcset=\"https:\/\/i0.wp.com\/ecolefermedesbois.ch\/wp-content\/uploads\/2021\/11\/wp-16365703783335123275225455239586.jpg?w=1000&amp;ssl=1 1000w, https:\/\/i0.wp.com\/ecolefermedesbois.ch\/wp-content\/uploads\/2021\/11\/wp-16365703783335123275225455239586.jpg?resize=300%2C225&amp;ssl=1 300w, https:\/\/i0.wp.com\/ecolefermedesbois.ch\/wp-content\/uploads\/2021\/11\/wp-16365703783335123275225455239586.jpg?resize=768%2C576&amp;ssl=1 768w, https:\/\/i0.wp.com\/ecolefermedesbois.ch\/wp-content\/uploads\/2021\/11\/wp-16365703783335123275225455239586.jpg?resize=600%2C450&amp;ssl=1 600w\" sizes=\"(max-width: 720px) 100vw, 720px\" \/><\/figure><\/li><li class=\"blocks-gallery-item\"><figure><img data-recalc-dims=\"1\" decoding=\"async\" width=\"720\" height=\"960\" src=\"https:\/\/i0.wp.com\/ecolefermedesbois.ch\/wp-content\/uploads\/2021\/11\/wp-1636570433374346436739359182574.jpg?resize=720%2C960&#038;ssl=1\" data-id=\"7133\" class=\"wp-image-7133\" srcset=\"https:\/\/i0.wp.com\/ecolefermedesbois.ch\/wp-content\/uploads\/2021\/11\/wp-1636570433374346436739359182574.jpg?w=750&amp;ssl=1 750w, https:\/\/i0.wp.com\/ecolefermedesbois.ch\/wp-content\/uploads\/2021\/11\/wp-1636570433374346436739359182574.jpg?resize=225%2C300&amp;ssl=1 225w, https:\/\/i0.wp.com\/ecolefermedesbois.ch\/wp-content\/uploads\/2021\/11\/wp-1636570433374346436739359182574.jpg?resize=450%2C600&amp;ssl=1 450w\" sizes=\"(max-width: 720px) 100vw, 720px\" \/><\/figure><\/li><li class=\"blocks-gallery-item\"><figure><img data-recalc-dims=\"1\" loading=\"lazy\" decoding=\"async\" width=\"720\" height=\"540\" src=\"https:\/\/i0.wp.com\/ecolefermedesbois.ch\/wp-content\/uploads\/2021\/11\/wp-16365704802078123968856861461493.jpg?resize=720%2C540&#038;ssl=1\" data-id=\"7134\" class=\"wp-image-7134\" srcset=\"https:\/\/i0.wp.com\/ecolefermedesbois.ch\/wp-content\/uploads\/2021\/11\/wp-16365704802078123968856861461493.jpg?w=1000&amp;ssl=1 1000w, https:\/\/i0.wp.com\/ecolefermedesbois.ch\/wp-content\/uploads\/2021\/11\/wp-16365704802078123968856861461493.jpg?resize=300%2C225&amp;ssl=1 300w, https:\/\/i0.wp.com\/ecolefermedesbois.ch\/wp-content\/uploads\/2021\/11\/wp-16365704802078123968856861461493.jpg?resize=768%2C576&amp;ssl=1 768w, https:\/\/i0.wp.com\/ecolefermedesbois.ch\/wp-content\/uploads\/2021\/11\/wp-16365704802078123968856861461493.jpg?resize=600%2C450&amp;ssl=1 600w\" sizes=\"(max-width: 720px) 100vw, 720px\" \/><\/figure><\/li><\/ul><\/figure>\n\n\n\n<p>Apr\u00e8s les c\u00e2lins, nous parlons de leur alimentation. Que mange une vache? <br>Pour ce faire, nous faisons le jeu de l&rsquo;assiette de la vache. Les \u00e9l\u00e8ves doivent mettre dans une assiette ce qu&rsquo;ils pensent que la vache va manger. Puis je regarde ce qu&rsquo;ils ont mis dans leur assiette avant qu&rsquo;ils aillent l&rsquo;offrir joyeusement aux vaches. &#x1f60b;<br>Une fois toutes les assiettes l\u00e9ch\u00e9es, je leur explique ce que j&rsquo;ai mis dans les seaux. <br>Du foin, du regain, de la farine, de la paille et des d\u00e9chets. <br>L\u00e0, je leur parle du danger&#x26a0;&#xfe0f; des d\u00e9chets dans la nature et leurs impacts sur nos animaux. &#x1f614;<br>Les enfants sont captiv\u00e9s par la canette en alu qui est pass\u00e9 dans la faucheuse et qui devient \u00e0 un objet tranchant. <br>Je leur explique les cons\u00e9quences fatales sur la vache si elle l\u2019ing\u00e8re.  &#x1f622;<\/p>\n\n\n\n<figure class=\"wp-block-gallery columns-3 is-cropped wp-block-gallery-2 is-layout-flex wp-block-gallery-is-layout-flex\"><ul class=\"blocks-gallery-grid\"><li class=\"blocks-gallery-item\"><figure><img data-recalc-dims=\"1\" loading=\"lazy\" decoding=\"async\" width=\"720\" height=\"960\" src=\"https:\/\/i0.wp.com\/ecolefermedesbois.ch\/wp-content\/uploads\/2021\/11\/wp-16365705169578250899893289113853.jpg?resize=720%2C960&#038;ssl=1\" data-id=\"7135\" class=\"wp-image-7135\" srcset=\"https:\/\/i0.wp.com\/ecolefermedesbois.ch\/wp-content\/uploads\/2021\/11\/wp-16365705169578250899893289113853.jpg?w=750&amp;ssl=1 750w, https:\/\/i0.wp.com\/ecolefermedesbois.ch\/wp-content\/uploads\/2021\/11\/wp-16365705169578250899893289113853.jpg?resize=225%2C300&amp;ssl=1 225w, https:\/\/i0.wp.com\/ecolefermedesbois.ch\/wp-content\/uploads\/2021\/11\/wp-16365705169578250899893289113853.jpg?resize=450%2C600&amp;ssl=1 450w\" sizes=\"(max-width: 720px) 100vw, 720px\" \/><\/figure><\/li><li class=\"blocks-gallery-item\"><figure><img data-recalc-dims=\"1\" loading=\"lazy\" decoding=\"async\" width=\"720\" height=\"540\" src=\"https:\/\/i0.wp.com\/ecolefermedesbois.ch\/wp-content\/uploads\/2021\/11\/wp-16365705462329170108806709046597.jpg?resize=720%2C540&#038;ssl=1\" data-id=\"7136\" class=\"wp-image-7136\" srcset=\"https:\/\/i0.wp.com\/ecolefermedesbois.ch\/wp-content\/uploads\/2021\/11\/wp-16365705462329170108806709046597.jpg?w=1000&amp;ssl=1 1000w, https:\/\/i0.wp.com\/ecolefermedesbois.ch\/wp-content\/uploads\/2021\/11\/wp-16365705462329170108806709046597.jpg?resize=300%2C225&amp;ssl=1 300w, https:\/\/i0.wp.com\/ecolefermedesbois.ch\/wp-content\/uploads\/2021\/11\/wp-16365705462329170108806709046597.jpg?resize=768%2C576&amp;ssl=1 768w, https:\/\/i0.wp.com\/ecolefermedesbois.ch\/wp-content\/uploads\/2021\/11\/wp-16365705462329170108806709046597.jpg?resize=600%2C450&amp;ssl=1 600w\" sizes=\"(max-width: 720px) 100vw, 720px\" \/><\/figure><\/li><li class=\"blocks-gallery-item\"><figure><img data-recalc-dims=\"1\" loading=\"lazy\" decoding=\"async\" width=\"720\" height=\"960\" src=\"https:\/\/i0.wp.com\/ecolefermedesbois.ch\/wp-content\/uploads\/2021\/11\/wp-16365706181332794523565658936900.jpg?resize=720%2C960&#038;ssl=1\" data-id=\"7156\" class=\"wp-image-7156\" srcset=\"https:\/\/i0.wp.com\/ecolefermedesbois.ch\/wp-content\/uploads\/2021\/11\/wp-16365706181332794523565658936900.jpg?w=750&amp;ssl=1 750w, https:\/\/i0.wp.com\/ecolefermedesbois.ch\/wp-content\/uploads\/2021\/11\/wp-16365706181332794523565658936900.jpg?resize=225%2C300&amp;ssl=1 225w, https:\/\/i0.wp.com\/ecolefermedesbois.ch\/wp-content\/uploads\/2021\/11\/wp-16365706181332794523565658936900.jpg?resize=450%2C600&amp;ssl=1 450w\" sizes=\"(max-width: 720px) 100vw, 720px\" \/><\/figure><\/li><li class=\"blocks-gallery-item\"><figure><img data-recalc-dims=\"1\" loading=\"lazy\" decoding=\"async\" width=\"690\" height=\"1000\" src=\"https:\/\/i0.wp.com\/ecolefermedesbois.ch\/wp-content\/uploads\/2021\/11\/wp-16365705839897668614384528917959.jpg?resize=690%2C1000&#038;ssl=1\" data-id=\"7155\" class=\"wp-image-7155\" srcset=\"https:\/\/i0.wp.com\/ecolefermedesbois.ch\/wp-content\/uploads\/2021\/11\/wp-16365705839897668614384528917959.jpg?w=690&amp;ssl=1 690w, https:\/\/i0.wp.com\/ecolefermedesbois.ch\/wp-content\/uploads\/2021\/11\/wp-16365705839897668614384528917959.jpg?resize=207%2C300&amp;ssl=1 207w, https:\/\/i0.wp.com\/ecolefermedesbois.ch\/wp-content\/uploads\/2021\/11\/wp-16365705839897668614384528917959.jpg?resize=414%2C600&amp;ssl=1 414w\" sizes=\"(max-width: 690px) 100vw, 690px\" \/><\/figure><\/li><li class=\"blocks-gallery-item\"><figure><img data-recalc-dims=\"1\" loading=\"lazy\" decoding=\"async\" width=\"720\" height=\"960\" src=\"https:\/\/i0.wp.com\/ecolefermedesbois.ch\/wp-content\/uploads\/2021\/11\/wp-16365706937537914542270725188080.jpg?resize=720%2C960&#038;ssl=1\" data-id=\"7137\" class=\"wp-image-7137\" srcset=\"https:\/\/i0.wp.com\/ecolefermedesbois.ch\/wp-content\/uploads\/2021\/11\/wp-16365706937537914542270725188080.jpg?w=750&amp;ssl=1 750w, https:\/\/i0.wp.com\/ecolefermedesbois.ch\/wp-content\/uploads\/2021\/11\/wp-16365706937537914542270725188080.jpg?resize=225%2C300&amp;ssl=1 225w, https:\/\/i0.wp.com\/ecolefermedesbois.ch\/wp-content\/uploads\/2021\/11\/wp-16365706937537914542270725188080.jpg?resize=450%2C600&amp;ssl=1 450w\" sizes=\"(max-width: 720px) 100vw, 720px\" \/><\/figure><\/li><li class=\"blocks-gallery-item\"><figure><img data-recalc-dims=\"1\" loading=\"lazy\" decoding=\"async\" width=\"600\" height=\"758\" src=\"https:\/\/i0.wp.com\/ecolefermedesbois.ch\/wp-content\/uploads\/2021\/11\/wp-1636570751273600272215805515777.jpg?resize=600%2C758&#038;ssl=1\" data-id=\"7138\" class=\"wp-image-7138\" srcset=\"https:\/\/i0.wp.com\/ecolefermedesbois.ch\/wp-content\/uploads\/2021\/11\/wp-1636570751273600272215805515777.jpg?w=600&amp;ssl=1 600w, https:\/\/i0.wp.com\/ecolefermedesbois.ch\/wp-content\/uploads\/2021\/11\/wp-1636570751273600272215805515777.jpg?resize=237%2C300&amp;ssl=1 237w, https:\/\/i0.wp.com\/ecolefermedesbois.ch\/wp-content\/uploads\/2021\/11\/wp-1636570751273600272215805515777.jpg?resize=475%2C600&amp;ssl=1 475w\" sizes=\"(max-width: 600px) 100vw, 600px\" \/><\/figure><\/li><li class=\"blocks-gallery-item\"><figure><img data-recalc-dims=\"1\" loading=\"lazy\" decoding=\"async\" width=\"720\" height=\"960\" src=\"https:\/\/i0.wp.com\/ecolefermedesbois.ch\/wp-content\/uploads\/2021\/11\/wp-1636570793218452975569843895903.jpg?resize=720%2C960&#038;ssl=1\" data-id=\"7139\" class=\"wp-image-7139\" srcset=\"https:\/\/i0.wp.com\/ecolefermedesbois.ch\/wp-content\/uploads\/2021\/11\/wp-1636570793218452975569843895903.jpg?w=750&amp;ssl=1 750w, https:\/\/i0.wp.com\/ecolefermedesbois.ch\/wp-content\/uploads\/2021\/11\/wp-1636570793218452975569843895903.jpg?resize=225%2C300&amp;ssl=1 225w, https:\/\/i0.wp.com\/ecolefermedesbois.ch\/wp-content\/uploads\/2021\/11\/wp-1636570793218452975569843895903.jpg?resize=450%2C600&amp;ssl=1 450w\" sizes=\"(max-width: 720px) 100vw, 720px\" \/><\/figure><\/li><\/ul><\/figure>\n\n\n\n<p>Ensuite nous nous dirigeons \u00e0 la salle de traite. <br>Je leur montre son fonctionnement et leur explique comment se passe une traite et \u00e0 quel moment. &#x1f95b;<br>En sortant, nous allons \u00e0 la chambre \u00e0 lait, l&rsquo;endroit ou se trouve le tank \u00e0 lait, avec laquelle nous livrons chaque matin et chaque soir le lait \u00e0 la laiterie d&rsquo;Ecoteaux pour la fabrication du Gruy\u00e8re.&#x1f9c0;<br>Je leur demande ce que nous pouvons fabriquer \u00e0 partir du lait : du beurre, du lait pasteuris\u00e9, de la cr\u00e8me, du fromage, des yogourts, etc. &#x1f36e;<br>Puis je leur demande qui boit du lait,&#x1f95b; presque toutes les petites mains se l\u00e8vent. C&rsquo;est trop chou! &#x1f60a;<br>Les veaux aussi! <br>Et c&rsquo;est parti pour aller c\u00e2liner nos derniers n\u00e9s. Trop Joli!&#x1f970;<\/p>\n\n\n\n<div class=\"wp-block-jetpack-tiled-gallery aligncenter is-style-rectangular\"><div class=\"tiled-gallery__gallery\"><div class=\"tiled-gallery__row\"><div class=\"tiled-gallery__col\" style=\"flex-basis:50.00000%\"><figure class=\"tiled-gallery__item\"><img decoding=\"async\" alt=\"\" data-height=\"1000\" data-id=\"7140\" data-link=\"https:\/\/ecolefermedesbois.ch\/?attachment_id=7140\" data-url=\"https:\/\/ecolefermedesbois.ch\/wp-content\/uploads\/2021\/11\/wp-16365708259566080232858419988603.jpg\" data-width=\"750\" src=\"https:\/\/i0.wp.com\/ecolefermedesbois.ch\/wp-content\/uploads\/2021\/11\/wp-16365708259566080232858419988603.jpg?ssl=1\" data-amp-layout=\"responsive\"\/><\/figure><\/div><div class=\"tiled-gallery__col\" style=\"flex-basis:50.00000%\"><figure class=\"tiled-gallery__item\"><img decoding=\"async\" alt=\"\" data-height=\"1000\" data-id=\"7141\" data-link=\"https:\/\/ecolefermedesbois.ch\/?attachment_id=7141\" data-url=\"https:\/\/ecolefermedesbois.ch\/wp-content\/uploads\/2021\/11\/wp-16365708601145937871932324981304.jpg\" data-width=\"750\" src=\"https:\/\/i2.wp.com\/ecolefermedesbois.ch\/wp-content\/uploads\/2021\/11\/wp-16365708601145937871932324981304.jpg?ssl=1\" data-amp-layout=\"responsive\"\/><\/figure><\/div><\/div><div class=\"tiled-gallery__row\"><div class=\"tiled-gallery__col\" style=\"flex-basis:66.77402%\"><figure class=\"tiled-gallery__item\"><img decoding=\"async\" alt=\"\" data-height=\"750\" data-id=\"7142\" data-link=\"https:\/\/ecolefermedesbois.ch\/?attachment_id=7142\" data-url=\"https:\/\/ecolefermedesbois.ch\/wp-content\/uploads\/2021\/11\/wp-16365711076247372990581926976281.jpg\" data-width=\"1000\" src=\"https:\/\/i2.wp.com\/ecolefermedesbois.ch\/wp-content\/uploads\/2021\/11\/wp-16365711076247372990581926976281.jpg?ssl=1\" data-amp-layout=\"responsive\"\/><\/figure><\/div><div class=\"tiled-gallery__col\" style=\"flex-basis:33.22598%\"><figure class=\"tiled-gallery__item\"><img decoding=\"async\" alt=\"\" data-height=\"750\" data-id=\"7143\" data-link=\"https:\/\/ecolefermedesbois.ch\/?attachment_id=7143\" data-url=\"https:\/\/ecolefermedesbois.ch\/wp-content\/uploads\/2021\/11\/wp-16365711619356914549032883483984.jpg\" data-width=\"1000\" src=\"https:\/\/i1.wp.com\/ecolefermedesbois.ch\/wp-content\/uploads\/2021\/11\/wp-16365711619356914549032883483984.jpg?ssl=1\" data-amp-layout=\"responsive\"\/><\/figure><figure class=\"tiled-gallery__item\"><img decoding=\"async\" alt=\"\" data-height=\"750\" data-id=\"7144\" data-link=\"https:\/\/ecolefermedesbois.ch\/?attachment_id=7144\" data-url=\"https:\/\/ecolefermedesbois.ch\/wp-content\/uploads\/2021\/11\/wp-16365711692872827568048594861211.jpg\" data-width=\"1000\" src=\"https:\/\/i0.wp.com\/ecolefermedesbois.ch\/wp-content\/uploads\/2021\/11\/wp-16365711692872827568048594861211.jpg?ssl=1\" data-amp-layout=\"responsive\"\/><\/figure><\/div><\/div><div class=\"tiled-gallery__row\"><div class=\"tiled-gallery__col\" style=\"flex-basis:63.96477%\"><figure class=\"tiled-gallery__item\"><img decoding=\"async\" alt=\"\" data-height=\"750\" data-id=\"7145\" data-link=\"https:\/\/ecolefermedesbois.ch\/?attachment_id=7145\" data-url=\"https:\/\/ecolefermedesbois.ch\/wp-content\/uploads\/2021\/11\/wp-16365711893483819423304924468943.jpg\" data-width=\"1000\" src=\"https:\/\/i0.wp.com\/ecolefermedesbois.ch\/wp-content\/uploads\/2021\/11\/wp-16365711893483819423304924468943.jpg?ssl=1\" data-amp-layout=\"responsive\"\/><\/figure><\/div><div class=\"tiled-gallery__col\" style=\"flex-basis:36.03523%\"><figure class=\"tiled-gallery__item\"><img decoding=\"async\" alt=\"\" data-height=\"1008\" data-id=\"7146\" data-link=\"https:\/\/ecolefermedesbois.ch\/?attachment_id=7146\" data-url=\"https:\/\/ecolefermedesbois.ch\/wp-content\/uploads\/2021\/11\/wp-16365712033007042652825234454121.jpg\" data-width=\"756\" src=\"https:\/\/i1.wp.com\/ecolefermedesbois.ch\/wp-content\/uploads\/2021\/11\/wp-16365712033007042652825234454121.jpg?ssl=1\" data-amp-layout=\"responsive\"\/><\/figure><\/div><\/div><\/div><\/div>\n\n\n\n<p>La premi\u00e8re partie de la matin\u00e9e \u00e9tant termin\u00e9e, nous rentrons \u00e0 la ferme des Bois en chariote. &#x1f973;<\/p>\n\n\n\n<div class=\"wp-block-jetpack-tiled-gallery aligncenter is-style-rectangular\"><div class=\"tiled-gallery__gallery\"><div class=\"tiled-gallery__row\"><div class=\"tiled-gallery__col\" style=\"flex-basis:100.00000%\"><figure class=\"tiled-gallery__item\"><img decoding=\"async\" alt=\"\" data-height=\"750\" data-id=\"7147\" data-link=\"https:\/\/ecolefermedesbois.ch\/?attachment_id=7147\" data-url=\"https:\/\/ecolefermedesbois.ch\/wp-content\/uploads\/2021\/11\/wp-16365712873851566605314959943406.jpg\" data-width=\"1000\" src=\"https:\/\/i2.wp.com\/ecolefermedesbois.ch\/wp-content\/uploads\/2021\/11\/wp-16365712873851566605314959943406.jpg?ssl=1\" data-amp-layout=\"responsive\"\/><\/figure><\/div><\/div><\/div><\/div>\n\n\n\n<p>Une fois en salle, bien au chaud, nous fabriquons tous ensemble de la ricotta. C&rsquo;est une mani\u00e8re simple de transformer du lait. Et c&rsquo;est avec joie et d\u00e9lice que nous la d\u00e9gustons sur une tranche de pain. Mmm mmm un r\u00e9gal! &#x1f60b;<\/p>\n\n\n\n<div class=\"wp-block-jetpack-tiled-gallery aligncenter is-style-rectangular\"><div class=\"tiled-gallery__gallery\"><div class=\"tiled-gallery__row\"><div class=\"tiled-gallery__col\" style=\"flex-basis:66.77402%\"><figure class=\"tiled-gallery__item\"><img decoding=\"async\" alt=\"\" data-height=\"750\" data-id=\"7148\" data-link=\"https:\/\/ecolefermedesbois.ch\/?attachment_id=7148\" data-url=\"https:\/\/ecolefermedesbois.ch\/wp-content\/uploads\/2021\/11\/wp-16365713156852448250194861816400.jpg\" data-width=\"1000\" src=\"https:\/\/i2.wp.com\/ecolefermedesbois.ch\/wp-content\/uploads\/2021\/11\/wp-16365713156852448250194861816400.jpg?ssl=1\" data-amp-layout=\"responsive\"\/><\/figure><\/div><div class=\"tiled-gallery__col\" style=\"flex-basis:33.22598%\"><figure class=\"tiled-gallery__item\"><img decoding=\"async\" alt=\"\" data-height=\"750\" data-id=\"7149\" data-link=\"https:\/\/ecolefermedesbois.ch\/?attachment_id=7149\" data-url=\"https:\/\/ecolefermedesbois.ch\/wp-content\/uploads\/2021\/11\/wp-16365713472401895505464519921832.jpg\" data-width=\"1000\" src=\"https:\/\/i2.wp.com\/ecolefermedesbois.ch\/wp-content\/uploads\/2021\/11\/wp-16365713472401895505464519921832.jpg?ssl=1\" data-amp-layout=\"responsive\"\/><\/figure><figure class=\"tiled-gallery__item\"><img decoding=\"async\" alt=\"\" data-height=\"750\" data-id=\"7150\" data-link=\"https:\/\/ecolefermedesbois.ch\/?attachment_id=7150\" data-url=\"https:\/\/ecolefermedesbois.ch\/wp-content\/uploads\/2021\/11\/wp-16365713673735443348873636105276.jpg\" data-width=\"1000\" src=\"https:\/\/i2.wp.com\/ecolefermedesbois.ch\/wp-content\/uploads\/2021\/11\/wp-16365713673735443348873636105276.jpg?ssl=1\" data-amp-layout=\"responsive\"\/><\/figure><\/div><\/div><div class=\"tiled-gallery__row\"><div class=\"tiled-gallery__col\" style=\"flex-basis:50.00000%\"><figure class=\"tiled-gallery__item\"><img decoding=\"async\" alt=\"\" data-height=\"750\" data-id=\"7151\" data-link=\"https:\/\/ecolefermedesbois.ch\/?attachment_id=7151\" data-url=\"https:\/\/ecolefermedesbois.ch\/wp-content\/uploads\/2021\/11\/wp-16365713875832408175363720681904.jpg\" data-width=\"1000\" src=\"https:\/\/i0.wp.com\/ecolefermedesbois.ch\/wp-content\/uploads\/2021\/11\/wp-16365713875832408175363720681904.jpg?ssl=1\" data-amp-layout=\"responsive\"\/><\/figure><\/div><div class=\"tiled-gallery__col\" style=\"flex-basis:50.00000%\"><figure class=\"tiled-gallery__item\"><img decoding=\"async\" alt=\"\" data-height=\"750\" data-id=\"7152\" data-link=\"https:\/\/ecolefermedesbois.ch\/?attachment_id=7152\" data-url=\"https:\/\/ecolefermedesbois.ch\/wp-content\/uploads\/2021\/11\/wp-16365714110369122512732292955363.jpg\" data-width=\"1000\" src=\"https:\/\/i0.wp.com\/ecolefermedesbois.ch\/wp-content\/uploads\/2021\/11\/wp-16365714110369122512732292955363.jpg?ssl=1\" data-amp-layout=\"responsive\"\/><\/figure><\/div><\/div><\/div><\/div>\n\n\n\n<p>La r\u00e9cr\u00e9 finie, nous sortons voir les g\u00e9nisses. Je leur explique que les g\u00e9nisses sont les grandes s\u0153urs des veaux, les futures mamans.<\/p>\n\n\n\n<p>Pour finir cette matin\u00e9e, je leur demande quel autre animal produit du lait?<br>La r\u00e9ponse ne se fait pas attendre, c&rsquo;est sans h\u00e9siter qu&rsquo;ils me r\u00e9pondent: la ch\u00e8vre! &#x1f410;<br>Alors nous nous rendons aupr\u00e8s des ch\u00e8vres pour les d\u00e9couvrir et les c\u00e2liner.<\/p>\n\n\n\n<div class=\"wp-block-jetpack-tiled-gallery aligncenter is-style-rectangular\"><div class=\"tiled-gallery__gallery\"><div class=\"tiled-gallery__row\"><div class=\"tiled-gallery__col\" style=\"flex-basis:43.64324%\"><figure class=\"tiled-gallery__item\"><img decoding=\"async\" alt=\"\" data-height=\"1000\" data-id=\"7153\" data-link=\"https:\/\/ecolefermedesbois.ch\/?attachment_id=7153\" data-url=\"https:\/\/ecolefermedesbois.ch\/wp-content\/uploads\/2021\/11\/wp-16365714502057602053190488776611.jpg\" data-width=\"750\" src=\"https:\/\/i1.wp.com\/ecolefermedesbois.ch\/wp-content\/uploads\/2021\/11\/wp-16365714502057602053190488776611.jpg?ssl=1\" data-amp-layout=\"responsive\"\/><\/figure><\/div><div class=\"tiled-gallery__col\" style=\"flex-basis:56.35676%\"><figure class=\"tiled-gallery__item\"><img decoding=\"async\" alt=\"\" data-height=\"1000\" data-id=\"7154\" data-link=\"https:\/\/ecolefermedesbois.ch\/?attachment_id=7154\" data-url=\"https:\/\/ecolefermedesbois.ch\/wp-content\/uploads\/2021\/11\/wp-16365714888508632502484337281294.jpg\" data-width=\"969\" src=\"https:\/\/i2.wp.com\/ecolefermedesbois.ch\/wp-content\/uploads\/2021\/11\/wp-16365714888508632502484337281294.jpg?ssl=1\" data-amp-layout=\"responsive\"\/><\/figure><\/div><\/div><\/div><\/div>\n\n\n\n<p>Merci les enfants pour toutes vos questions, j&rsquo;adore votre joie et votre curiosit\u00e9! &#x1f49d;<\/p>\n\n\n\n<p>Merci Nathalie de permettre \u00e0 vos \u00e9l\u00e8ves de vivre ces belles d\u00e9couvertes chez nous. Ainsi que pour votre confiance.&#x1f339;<\/p>\n\n\n\n<p>Merci Nath pour ton aide tout au long de la matin\u00e9e.&#x1f33b;<\/p>\n\n\n\n<p>A bient\u00f4t &#x1f917;<\/p>\n\n\n\n<p>Sophie<\/p>\n\n\n","protected":false},"excerpt":{"rendered":"<p>Ce mardi matin, les \u00e9l\u00e8ves 1-2P de la classe de Nathalie Andrey d&rsquo;Oron sont venus d\u00e9couvrir l&rsquo;\u00e9table.Nous d\u00e9marrons la matin\u00e9e&#46;&#46;&#46;<\/p>\n","protected":false},"author":2,"featured_media":7133,"comment_status":"open","ping_status":"open","sticky":false,"template":"","format":"image","meta":{"jetpack_post_was_ever_published":false,"footnotes":"","jetpack_publicize_message":"","jetpack_publicize_feature_enabled":true,"jetpack_social_post_already_shared":true,"jetpack_social_options":{"image_generator_settings":{"template":"highway","default_image_id":0,"font":"","enabled":false},"version":2}},"categories":[33],"tags":[],"class_list":["post-7158","post","type-post","status-publish","format-image","has-post-thumbnail","hentry","category-ecole","post_format-post-format-image"],"yoast_head":"<!-- This site is optimized with the Yoast SEO plugin v27.5 - https:\/\/yoast.com\/product\/yoast-seo-wordpress\/ -->\n<title>La classe de N. Andrey \u00e0 l&#039;\u00e9table &#x1f404; -<\/title>\n<meta name=\"robots\" content=\"index, follow, max-snippet:-1, max-image-preview:large, max-video-preview:-1\" \/>\n<link rel=\"canonical\" href=\"https:\/\/ecolefermedesbois.ch\/?p=7158\" \/>\n<meta property=\"og:locale\" content=\"fr_FR\" \/>\n<meta property=\"og:type\" content=\"article\" \/>\n<meta property=\"og:title\" content=\"La classe de N. Andrey \u00e0 l&#039;\u00e9table &#x1f404; -\" \/>\n<meta property=\"og:description\" content=\"Ce mardi matin, les \u00e9l\u00e8ves 1-2P de la classe de Nathalie Andrey d&rsquo;Oron sont venus d\u00e9couvrir l&rsquo;\u00e9table.Nous d\u00e9marrons la matin\u00e9e&#046;&#046;&#046;\" \/>\n<meta property=\"og:url\" content=\"https:\/\/ecolefermedesbois.ch\/?p=7158\" \/>\n<meta property=\"article:publisher\" content=\"https:\/\/www.facebook.com\/ecolefermedesBois\" \/>\n<meta property=\"article:published_time\" content=\"2021-11-10T20:49:44+00:00\" \/>\n<meta property=\"article:modified_time\" content=\"2021-11-13T15:50:33+00:00\" \/>\n<meta property=\"og:image\" content=\"https:\/\/ecolefermedesbois.ch\/wp-content\/uploads\/2021\/11\/wp-1636570433374346436739359182574.jpg\" \/>\n\t<meta property=\"og:image:width\" content=\"750\" \/>\n\t<meta property=\"og:image:height\" content=\"1000\" \/>\n\t<meta property=\"og:image:type\" content=\"image\/jpeg\" \/>\n<meta name=\"author\" content=\"Sophie\" \/>\n<meta name=\"twitter:card\" content=\"summary_large_image\" \/>\n<meta name=\"twitter:label1\" content=\"\u00c9crit par\" \/>\n\t<meta name=\"twitter:data1\" content=\"Sophie\" \/>\n\t<meta name=\"twitter:label2\" content=\"Dur\u00e9e de lecture estim\u00e9e\" \/>\n\t<meta name=\"twitter:data2\" content=\"8 minutes\" \/>\n<script type=\"application\/ld+json\" class=\"yoast-schema-graph\">{\"@context\":\"https:\\\/\\\/schema.org\",\"@graph\":[{\"@type\":\"Article\",\"@id\":\"https:\\\/\\\/ecolefermedesbois.ch\\\/?p=7158#article\",\"isPartOf\":{\"@id\":\"https:\\\/\\\/ecolefermedesbois.ch\\\/?p=7158\"},\"author\":{\"name\":\"Sophie\",\"@id\":\"https:\\\/\\\/ecolefermedesbois.ch\\\/#\\\/schema\\\/person\\\/78f5a1c78e958e51240f90932d290908\"},\"headline\":\"La classe de N. Andrey \u00e0 l&rsquo;\u00e9table &#x1f404;\",\"datePublished\":\"2021-11-10T20:49:44+00:00\",\"dateModified\":\"2021-11-13T15:50:33+00:00\",\"mainEntityOfPage\":{\"@id\":\"https:\\\/\\\/ecolefermedesbois.ch\\\/?p=7158\"},\"wordCount\":598,\"commentCount\":0,\"publisher\":{\"@id\":\"https:\\\/\\\/ecolefermedesbois.ch\\\/#organization\"},\"image\":{\"@id\":\"https:\\\/\\\/ecolefermedesbois.ch\\\/?p=7158#primaryimage\"},\"thumbnailUrl\":\"https:\\\/\\\/i0.wp.com\\\/ecolefermedesbois.ch\\\/wp-content\\\/uploads\\\/2021\\\/11\\\/wp-1636570433374346436739359182574.jpg?fit=750%2C1000&ssl=1\",\"articleSection\":[\"Ecole\"],\"inLanguage\":\"fr-FR\",\"potentialAction\":[{\"@type\":\"CommentAction\",\"name\":\"Comment\",\"target\":[\"https:\\\/\\\/ecolefermedesbois.ch\\\/?p=7158#respond\"]}]},{\"@type\":\"WebPage\",\"@id\":\"https:\\\/\\\/ecolefermedesbois.ch\\\/?p=7158\",\"url\":\"https:\\\/\\\/ecolefermedesbois.ch\\\/?p=7158\",\"name\":\"La classe de N. Andrey \u00e0 l'\u00e9table &#x1f404; -\",\"isPartOf\":{\"@id\":\"https:\\\/\\\/ecolefermedesbois.ch\\\/#website\"},\"primaryImageOfPage\":{\"@id\":\"https:\\\/\\\/ecolefermedesbois.ch\\\/?p=7158#primaryimage\"},\"image\":{\"@id\":\"https:\\\/\\\/ecolefermedesbois.ch\\\/?p=7158#primaryimage\"},\"thumbnailUrl\":\"https:\\\/\\\/i0.wp.com\\\/ecolefermedesbois.ch\\\/wp-content\\\/uploads\\\/2021\\\/11\\\/wp-1636570433374346436739359182574.jpg?fit=750%2C1000&ssl=1\",\"datePublished\":\"2021-11-10T20:49:44+00:00\",\"dateModified\":\"2021-11-13T15:50:33+00:00\",\"breadcrumb\":{\"@id\":\"https:\\\/\\\/ecolefermedesbois.ch\\\/?p=7158#breadcrumb\"},\"inLanguage\":\"fr-FR\",\"potentialAction\":[{\"@type\":\"ReadAction\",\"target\":[\"https:\\\/\\\/ecolefermedesbois.ch\\\/?p=7158\"]}]},{\"@type\":\"ImageObject\",\"inLanguage\":\"fr-FR\",\"@id\":\"https:\\\/\\\/ecolefermedesbois.ch\\\/?p=7158#primaryimage\",\"url\":\"https:\\\/\\\/i0.wp.com\\\/ecolefermedesbois.ch\\\/wp-content\\\/uploads\\\/2021\\\/11\\\/wp-1636570433374346436739359182574.jpg?fit=750%2C1000&ssl=1\",\"contentUrl\":\"https:\\\/\\\/i0.wp.com\\\/ecolefermedesbois.ch\\\/wp-content\\\/uploads\\\/2021\\\/11\\\/wp-1636570433374346436739359182574.jpg?fit=750%2C1000&ssl=1\",\"width\":750,\"height\":1000},{\"@type\":\"BreadcrumbList\",\"@id\":\"https:\\\/\\\/ecolefermedesbois.ch\\\/?p=7158#breadcrumb\",\"itemListElement\":[{\"@type\":\"ListItem\",\"position\":1,\"name\":\"Accueil\",\"item\":\"https:\\\/\\\/ecolefermedesbois.ch\\\/\"},{\"@type\":\"ListItem\",\"position\":2,\"name\":\"La classe de N. Andrey \u00e0 l&rsquo;\u00e9table &#x1f404;\"}]},{\"@type\":\"WebSite\",\"@id\":\"https:\\\/\\\/ecolefermedesbois.ch\\\/#website\",\"url\":\"https:\\\/\\\/ecolefermedesbois.ch\\\/\",\"name\":\"ecolefermedesbois\",\"description\":\"\",\"publisher\":{\"@id\":\"https:\\\/\\\/ecolefermedesbois.ch\\\/#organization\"},\"potentialAction\":[{\"@type\":\"SearchAction\",\"target\":{\"@type\":\"EntryPoint\",\"urlTemplate\":\"https:\\\/\\\/ecolefermedesbois.ch\\\/?s={search_term_string}\"},\"query-input\":{\"@type\":\"PropertyValueSpecification\",\"valueRequired\":true,\"valueName\":\"search_term_string\"}}],\"inLanguage\":\"fr-FR\"},{\"@type\":\"Organization\",\"@id\":\"https:\\\/\\\/ecolefermedesbois.ch\\\/#organization\",\"name\":\"Ecole \u00e0 la Ferme des Bois\",\"url\":\"https:\\\/\\\/ecolefermedesbois.ch\\\/\",\"logo\":{\"@type\":\"ImageObject\",\"inLanguage\":\"fr-FR\",\"@id\":\"https:\\\/\\\/ecolefermedesbois.ch\\\/#\\\/schema\\\/logo\\\/image\\\/\",\"url\":\"https:\\\/\\\/ecolefermedesbois.ch\\\/wp-content\\\/uploads\\\/2019\\\/04\\\/logo-scaled.gif\",\"contentUrl\":\"https:\\\/\\\/ecolefermedesbois.ch\\\/wp-content\\\/uploads\\\/2019\\\/04\\\/logo-scaled.gif\",\"width\":2560,\"height\":608,\"caption\":\"Ecole \u00e0 la Ferme des Bois\"},\"image\":{\"@id\":\"https:\\\/\\\/ecolefermedesbois.ch\\\/#\\\/schema\\\/logo\\\/image\\\/\"},\"sameAs\":[\"https:\\\/\\\/www.facebook.com\\\/ecolefermedesBois\"]},{\"@type\":\"Person\",\"@id\":\"https:\\\/\\\/ecolefermedesbois.ch\\\/#\\\/schema\\\/person\\\/78f5a1c78e958e51240f90932d290908\",\"name\":\"Sophie\",\"image\":{\"@type\":\"ImageObject\",\"inLanguage\":\"fr-FR\",\"@id\":\"https:\\\/\\\/secure.gravatar.com\\\/avatar\\\/053fbaec50cb27b03b880a4b8b018009aa3af995f32011efc3f40a589371d46f?s=96&d=mm&r=g\",\"url\":\"https:\\\/\\\/secure.gravatar.com\\\/avatar\\\/053fbaec50cb27b03b880a4b8b018009aa3af995f32011efc3f40a589371d46f?s=96&d=mm&r=g\",\"contentUrl\":\"https:\\\/\\\/secure.gravatar.com\\\/avatar\\\/053fbaec50cb27b03b880a4b8b018009aa3af995f32011efc3f40a589371d46f?s=96&d=mm&r=g\",\"caption\":\"Sophie\"},\"url\":\"https:\\\/\\\/ecolefermedesbois.ch\\\/?author=2\"}]}<\/script>\n<!-- \/ Yoast SEO plugin. -->","yoast_head_json":{"title":"La classe de N. Andrey \u00e0 l'\u00e9table &#x1f404; -","robots":{"index":"index","follow":"follow","max-snippet":"max-snippet:-1","max-image-preview":"max-image-preview:large","max-video-preview":"max-video-preview:-1"},"canonical":"https:\/\/ecolefermedesbois.ch\/?p=7158","og_locale":"fr_FR","og_type":"article","og_title":"La classe de N. Andrey \u00e0 l'\u00e9table &#x1f404; -","og_description":"Ce mardi matin, les \u00e9l\u00e8ves 1-2P de la classe de Nathalie Andrey d&rsquo;Oron sont venus d\u00e9couvrir l&rsquo;\u00e9table.Nous d\u00e9marrons la matin\u00e9e&#46;&#46;&#46;","og_url":"https:\/\/ecolefermedesbois.ch\/?p=7158","article_publisher":"https:\/\/www.facebook.com\/ecolefermedesBois","article_published_time":"2021-11-10T20:49:44+00:00","article_modified_time":"2021-11-13T15:50:33+00:00","og_image":[{"width":750,"height":1000,"url":"https:\/\/ecolefermedesbois.ch\/wp-content\/uploads\/2021\/11\/wp-1636570433374346436739359182574.jpg","type":"image\/jpeg"}],"author":"Sophie","twitter_card":"summary_large_image","twitter_misc":{"\u00c9crit par":"Sophie","Dur\u00e9e de lecture estim\u00e9e":"8 minutes"},"schema":{"@context":"https:\/\/schema.org","@graph":[{"@type":"Article","@id":"https:\/\/ecolefermedesbois.ch\/?p=7158#article","isPartOf":{"@id":"https:\/\/ecolefermedesbois.ch\/?p=7158"},"author":{"name":"Sophie","@id":"https:\/\/ecolefermedesbois.ch\/#\/schema\/person\/78f5a1c78e958e51240f90932d290908"},"headline":"La classe de N. Andrey \u00e0 l&rsquo;\u00e9table &#x1f404;","datePublished":"2021-11-10T20:49:44+00:00","dateModified":"2021-11-13T15:50:33+00:00","mainEntityOfPage":{"@id":"https:\/\/ecolefermedesbois.ch\/?p=7158"},"wordCount":598,"commentCount":0,"publisher":{"@id":"https:\/\/ecolefermedesbois.ch\/#organization"},"image":{"@id":"https:\/\/ecolefermedesbois.ch\/?p=7158#primaryimage"},"thumbnailUrl":"https:\/\/i0.wp.com\/ecolefermedesbois.ch\/wp-content\/uploads\/2021\/11\/wp-1636570433374346436739359182574.jpg?fit=750%2C1000&ssl=1","articleSection":["Ecole"],"inLanguage":"fr-FR","potentialAction":[{"@type":"CommentAction","name":"Comment","target":["https:\/\/ecolefermedesbois.ch\/?p=7158#respond"]}]},{"@type":"WebPage","@id":"https:\/\/ecolefermedesbois.ch\/?p=7158","url":"https:\/\/ecolefermedesbois.ch\/?p=7158","name":"La classe de N. Andrey \u00e0 l'\u00e9table &#x1f404; -","isPartOf":{"@id":"https:\/\/ecolefermedesbois.ch\/#website"},"primaryImageOfPage":{"@id":"https:\/\/ecolefermedesbois.ch\/?p=7158#primaryimage"},"image":{"@id":"https:\/\/ecolefermedesbois.ch\/?p=7158#primaryimage"},"thumbnailUrl":"https:\/\/i0.wp.com\/ecolefermedesbois.ch\/wp-content\/uploads\/2021\/11\/wp-1636570433374346436739359182574.jpg?fit=750%2C1000&ssl=1","datePublished":"2021-11-10T20:49:44+00:00","dateModified":"2021-11-13T15:50:33+00:00","breadcrumb":{"@id":"https:\/\/ecolefermedesbois.ch\/?p=7158#breadcrumb"},"inLanguage":"fr-FR","potentialAction":[{"@type":"ReadAction","target":["https:\/\/ecolefermedesbois.ch\/?p=7158"]}]},{"@type":"ImageObject","inLanguage":"fr-FR","@id":"https:\/\/ecolefermedesbois.ch\/?p=7158#primaryimage","url":"https:\/\/i0.wp.com\/ecolefermedesbois.ch\/wp-content\/uploads\/2021\/11\/wp-1636570433374346436739359182574.jpg?fit=750%2C1000&ssl=1","contentUrl":"https:\/\/i0.wp.com\/ecolefermedesbois.ch\/wp-content\/uploads\/2021\/11\/wp-1636570433374346436739359182574.jpg?fit=750%2C1000&ssl=1","width":750,"height":1000},{"@type":"BreadcrumbList","@id":"https:\/\/ecolefermedesbois.ch\/?p=7158#breadcrumb","itemListElement":[{"@type":"ListItem","position":1,"name":"Accueil","item":"https:\/\/ecolefermedesbois.ch\/"},{"@type":"ListItem","position":2,"name":"La classe de N. Andrey \u00e0 l&rsquo;\u00e9table &#x1f404;"}]},{"@type":"WebSite","@id":"https:\/\/ecolefermedesbois.ch\/#website","url":"https:\/\/ecolefermedesbois.ch\/","name":"ecolefermedesbois","description":"","publisher":{"@id":"https:\/\/ecolefermedesbois.ch\/#organization"},"potentialAction":[{"@type":"SearchAction","target":{"@type":"EntryPoint","urlTemplate":"https:\/\/ecolefermedesbois.ch\/?s={search_term_string}"},"query-input":{"@type":"PropertyValueSpecification","valueRequired":true,"valueName":"search_term_string"}}],"inLanguage":"fr-FR"},{"@type":"Organization","@id":"https:\/\/ecolefermedesbois.ch\/#organization","name":"Ecole \u00e0 la Ferme des Bois","url":"https:\/\/ecolefermedesbois.ch\/","logo":{"@type":"ImageObject","inLanguage":"fr-FR","@id":"https:\/\/ecolefermedesbois.ch\/#\/schema\/logo\/image\/","url":"https:\/\/ecolefermedesbois.ch\/wp-content\/uploads\/2019\/04\/logo-scaled.gif","contentUrl":"https:\/\/ecolefermedesbois.ch\/wp-content\/uploads\/2019\/04\/logo-scaled.gif","width":2560,"height":608,"caption":"Ecole \u00e0 la Ferme des Bois"},"image":{"@id":"https:\/\/ecolefermedesbois.ch\/#\/schema\/logo\/image\/"},"sameAs":["https:\/\/www.facebook.com\/ecolefermedesBois"]},{"@type":"Person","@id":"https:\/\/ecolefermedesbois.ch\/#\/schema\/person\/78f5a1c78e958e51240f90932d290908","name":"Sophie","image":{"@type":"ImageObject","inLanguage":"fr-FR","@id":"https:\/\/secure.gravatar.com\/avatar\/053fbaec50cb27b03b880a4b8b018009aa3af995f32011efc3f40a589371d46f?s=96&d=mm&r=g","url":"https:\/\/secure.gravatar.com\/avatar\/053fbaec50cb27b03b880a4b8b018009aa3af995f32011efc3f40a589371d46f?s=96&d=mm&r=g","contentUrl":"https:\/\/secure.gravatar.com\/avatar\/053fbaec50cb27b03b880a4b8b018009aa3af995f32011efc3f40a589371d46f?s=96&d=mm&r=g","caption":"Sophie"},"url":"https:\/\/ecolefermedesbois.ch\/?author=2"}]}},"jetpack_publicize_connections":[],"jetpack_featured_media_url":"https:\/\/i0.wp.com\/ecolefermedesbois.ch\/wp-content\/uploads\/2021\/11\/wp-1636570433374346436739359182574.jpg?fit=750%2C1000&ssl=1","jetpack_sharing_enabled":true,"_links":{"self":[{"href":"https:\/\/ecolefermedesbois.ch\/index.php?rest_route=\/wp\/v2\/posts\/7158","targetHints":{"allow":["GET"]}}],"collection":[{"href":"https:\/\/ecolefermedesbois.ch\/index.php?rest_route=\/wp\/v2\/posts"}],"about":[{"href":"https:\/\/ecolefermedesbois.ch\/index.php?rest_route=\/wp\/v2\/types\/post"}],"author":[{"embeddable":true,"href":"https:\/\/ecolefermedesbois.ch\/index.php?rest_route=\/wp\/v2\/users\/2"}],"replies":[{"embeddable":true,"href":"https:\/\/ecolefermedesbois.ch\/index.php?rest_route=%2Fwp%2Fv2%2Fcomments&post=7158"}],"version-history":[{"count":3,"href":"https:\/\/ecolefermedesbois.ch\/index.php?rest_route=\/wp\/v2\/posts\/7158\/revisions"}],"predecessor-version":[{"id":7175,"href":"https:\/\/ecolefermedesbois.ch\/index.php?rest_route=\/wp\/v2\/posts\/7158\/revisions\/7175"}],"wp:featuredmedia":[{"embeddable":true,"href":"https:\/\/ecolefermedesbois.ch\/index.php?rest_route=\/wp\/v2\/media\/7133"}],"wp:attachment":[{"href":"https:\/\/ecolefermedesbois.ch\/index.php?rest_route=%2Fwp%2Fv2%2Fmedia&parent=7158"}],"wp:term":[{"taxonomy":"category","embeddable":true,"href":"https:\/\/ecolefermedesbois.ch\/index.php?rest_route=%2Fwp%2Fv2%2Fcategories&post=7158"},{"taxonomy":"post_tag","embeddable":true,"href":"https:\/\/ecolefermedesbois.ch\/index.php?rest_route=%2Fwp%2Fv2%2Ftags&post=7158"}],"curies":[{"name":"wp","href":"https:\/\/api.w.org\/{rel}","templated":true}]}}