{"id":6985,"date":"2021-10-02T11:26:52","date_gmt":"2021-10-02T09:26:52","guid":{"rendered":"https:\/\/ecolefermedesbois.ch\/?p=6985"},"modified":"2021-10-02T11:33:10","modified_gmt":"2021-10-02T09:33:10","slug":"la-classe-de-m-kampfer-au-verger-en-automne","status":"publish","type":"post","link":"https:\/\/ecolefermedesbois.ch\/?p=6985","title":{"rendered":"La classe de M. K\u00e4mpfer au verger en automne &#x1f333;"},"content":{"rendered":"<div class=\"pdfprnt-buttons pdfprnt-buttons-post pdfprnt-top-right\"><a href=\"https:\/\/ecolefermedesbois.ch\/index.php?rest_route=%2Fwp%2Fv2%2Fposts%2F6985&print=pdf\" class=\"pdfprnt-button pdfprnt-button-pdf\" target=\"_blank\" ><img data-recalc-dims=\"1\" decoding=\"async\" src=\"https:\/\/i0.wp.com\/ecolefermedesbois.ch\/wp-content\/plugins\/pdf-print\/images\/pdf.png?w=720&#038;ssl=1\" alt=\"image_pdf\" title=\"Afficher le PDF\" \/><\/a><a href=\"https:\/\/ecolefermedesbois.ch\/index.php?rest_route=%2Fwp%2Fv2%2Fposts%2F6985&print=print\" class=\"pdfprnt-button pdfprnt-button-print\" target=\"_blank\" ><img data-recalc-dims=\"1\" decoding=\"async\" src=\"https:\/\/i0.wp.com\/ecolefermedesbois.ch\/wp-content\/plugins\/pdf-print\/images\/print.png?w=720&#038;ssl=1\" alt=\"image_print\" title=\"Contenu imprim\u00e9\" \/><\/a><\/div>\n<p>Ce mardi, les \u00e9l\u00e8ves de Marlise K\u00e4mpfer de Chesalles-sur-Oron sont venus d\u00e9couvrir le verger en automne. <br \/>Ils \u00e9taient venus au printemps pour la premi\u00e8re partie de d\u00e9couverte du verger.<\/p>\n\n\n\n<p>Nous parlons de l&rsquo;origine du mot pomme &#x1f34e; , pomum en latin et sa signification. Puis je leur explique que d\u00fb au gel de ce printemps, nous n&rsquo;avons malheureusement pas de pomme \u00e0 aller cueillir au verger. Mais que nous allions chercher \u00e0 la cave celles que j&rsquo;ai achet\u00e9.<\/p>\n\n\n\n<figure class=\"wp-block-gallery columns-2 is-cropped wp-block-gallery-1 is-layout-flex wp-block-gallery-is-layout-flex\"><ul class=\"blocks-gallery-grid\"><li class=\"blocks-gallery-item\"><figure><img data-recalc-dims=\"1\" fetchpriority=\"high\" decoding=\"async\" width=\"450\" height=\"600\" src=\"https:\/\/i0.wp.com\/ecolefermedesbois.ch\/wp-content\/uploads\/2021\/09\/wp-16329311228534555603954951385410.jpg?resize=450%2C600&#038;ssl=1\" alt=\"\" data-id=\"6949\" data-full-url=\"https:\/\/ecolefermedesbois.ch\/wp-content\/uploads\/2021\/09\/wp-16329311228534555603954951385410.jpg\" data-link=\"https:\/\/ecolefermedesbois.ch\/?attachment_id=6949\" class=\"wp-image-6949\" srcset=\"https:\/\/i0.wp.com\/ecolefermedesbois.ch\/wp-content\/uploads\/2021\/09\/wp-16329311228534555603954951385410.jpg?resize=450%2C600&amp;ssl=1 450w, https:\/\/i0.wp.com\/ecolefermedesbois.ch\/wp-content\/uploads\/2021\/09\/wp-16329311228534555603954951385410.jpg?resize=225%2C300&amp;ssl=1 225w, https:\/\/i0.wp.com\/ecolefermedesbois.ch\/wp-content\/uploads\/2021\/09\/wp-16329311228534555603954951385410.jpg?w=750&amp;ssl=1 750w\" sizes=\"(max-width: 450px) 100vw, 450px\" \/><\/figure><\/li><li class=\"blocks-gallery-item\"><figure><img data-recalc-dims=\"1\" decoding=\"async\" width=\"600\" height=\"450\" src=\"https:\/\/i0.wp.com\/ecolefermedesbois.ch\/wp-content\/uploads\/2021\/09\/wp-16329311632711427290384065462080.jpg?resize=600%2C450&#038;ssl=1\" alt=\"\" data-id=\"6950\" data-full-url=\"https:\/\/ecolefermedesbois.ch\/wp-content\/uploads\/2021\/09\/wp-16329311632711427290384065462080.jpg\" data-link=\"https:\/\/ecolefermedesbois.ch\/?attachment_id=6950\" class=\"wp-image-6950\" srcset=\"https:\/\/i0.wp.com\/ecolefermedesbois.ch\/wp-content\/uploads\/2021\/09\/wp-16329311632711427290384065462080.jpg?resize=600%2C450&amp;ssl=1 600w, https:\/\/i0.wp.com\/ecolefermedesbois.ch\/wp-content\/uploads\/2021\/09\/wp-16329311632711427290384065462080.jpg?resize=300%2C225&amp;ssl=1 300w, https:\/\/i0.wp.com\/ecolefermedesbois.ch\/wp-content\/uploads\/2021\/09\/wp-16329311632711427290384065462080.jpg?resize=768%2C576&amp;ssl=1 768w, https:\/\/i0.wp.com\/ecolefermedesbois.ch\/wp-content\/uploads\/2021\/09\/wp-16329311632711427290384065462080.jpg?w=1000&amp;ssl=1 1000w\" sizes=\"(max-width: 600px) 100vw, 600px\" \/><\/figure><\/li><\/ul><\/figure>\n\n\n\n<p>Une fois nos pommes en main, nous voil\u00e0 en chemin pour cuisiner des tartelettes aux pommes.<br \/>Chaque \u00e9l\u00e8ve, \u00e0 son tour, va \u00e9plucher sa pomme pendant que les autres \u00e9l\u00e8ves fa\u00e7onnent la p\u00e2te \u00e0 g\u00e2teau. Ils la mettent dans les moules, auparavant, graiss\u00e9s par 2 \u00e9l\u00e8ves.<\/p>\n\n\n\n<figure class=\"wp-block-gallery columns-3 is-cropped wp-block-gallery-2 is-layout-flex wp-block-gallery-is-layout-flex\"><ul class=\"blocks-gallery-grid\"><li class=\"blocks-gallery-item\"><figure><img data-recalc-dims=\"1\" decoding=\"async\" width=\"600\" height=\"450\" src=\"https:\/\/i0.wp.com\/ecolefermedesbois.ch\/wp-content\/uploads\/2021\/09\/wp-16329297086706679271807043223357.jpg?resize=600%2C450&#038;ssl=1\" alt=\"\" data-id=\"6935\" data-full-url=\"https:\/\/ecolefermedesbois.ch\/wp-content\/uploads\/2021\/09\/wp-16329297086706679271807043223357.jpg\" data-link=\"https:\/\/ecolefermedesbois.ch\/?attachment_id=6935\" class=\"wp-image-6935\" srcset=\"https:\/\/i0.wp.com\/ecolefermedesbois.ch\/wp-content\/uploads\/2021\/09\/wp-16329297086706679271807043223357.jpg?resize=600%2C450&amp;ssl=1 600w, https:\/\/i0.wp.com\/ecolefermedesbois.ch\/wp-content\/uploads\/2021\/09\/wp-16329297086706679271807043223357.jpg?resize=300%2C225&amp;ssl=1 300w, https:\/\/i0.wp.com\/ecolefermedesbois.ch\/wp-content\/uploads\/2021\/09\/wp-16329297086706679271807043223357.jpg?resize=768%2C576&amp;ssl=1 768w, https:\/\/i0.wp.com\/ecolefermedesbois.ch\/wp-content\/uploads\/2021\/09\/wp-16329297086706679271807043223357.jpg?w=1000&amp;ssl=1 1000w\" sizes=\"(max-width: 600px) 100vw, 600px\" \/><\/figure><\/li><li class=\"blocks-gallery-item\"><figure><img data-recalc-dims=\"1\" loading=\"lazy\" decoding=\"async\" width=\"600\" height=\"450\" src=\"https:\/\/i0.wp.com\/ecolefermedesbois.ch\/wp-content\/uploads\/2021\/09\/wp-16329297346738146202785415921366.jpg?resize=600%2C450&#038;ssl=1\" alt=\"\" data-id=\"6936\" data-full-url=\"https:\/\/ecolefermedesbois.ch\/wp-content\/uploads\/2021\/09\/wp-16329297346738146202785415921366.jpg\" data-link=\"https:\/\/ecolefermedesbois.ch\/?attachment_id=6936\" class=\"wp-image-6936\" srcset=\"https:\/\/i0.wp.com\/ecolefermedesbois.ch\/wp-content\/uploads\/2021\/09\/wp-16329297346738146202785415921366.jpg?resize=600%2C450&amp;ssl=1 600w, https:\/\/i0.wp.com\/ecolefermedesbois.ch\/wp-content\/uploads\/2021\/09\/wp-16329297346738146202785415921366.jpg?resize=300%2C225&amp;ssl=1 300w, https:\/\/i0.wp.com\/ecolefermedesbois.ch\/wp-content\/uploads\/2021\/09\/wp-16329297346738146202785415921366.jpg?resize=768%2C576&amp;ssl=1 768w, https:\/\/i0.wp.com\/ecolefermedesbois.ch\/wp-content\/uploads\/2021\/09\/wp-16329297346738146202785415921366.jpg?w=1000&amp;ssl=1 1000w\" sizes=\"(max-width: 600px) 100vw, 600px\" \/><\/figure><\/li><li class=\"blocks-gallery-item\"><figure><img data-recalc-dims=\"1\" loading=\"lazy\" decoding=\"async\" width=\"600\" height=\"450\" src=\"https:\/\/i0.wp.com\/ecolefermedesbois.ch\/wp-content\/uploads\/2021\/09\/wp-16329297566816184863832726100724.jpg?resize=600%2C450&#038;ssl=1\" alt=\"\" data-id=\"6937\" data-full-url=\"https:\/\/ecolefermedesbois.ch\/wp-content\/uploads\/2021\/09\/wp-16329297566816184863832726100724.jpg\" data-link=\"https:\/\/ecolefermedesbois.ch\/?attachment_id=6937\" class=\"wp-image-6937\" srcset=\"https:\/\/i0.wp.com\/ecolefermedesbois.ch\/wp-content\/uploads\/2021\/09\/wp-16329297566816184863832726100724.jpg?resize=600%2C450&amp;ssl=1 600w, https:\/\/i0.wp.com\/ecolefermedesbois.ch\/wp-content\/uploads\/2021\/09\/wp-16329297566816184863832726100724.jpg?resize=300%2C225&amp;ssl=1 300w, https:\/\/i0.wp.com\/ecolefermedesbois.ch\/wp-content\/uploads\/2021\/09\/wp-16329297566816184863832726100724.jpg?resize=768%2C576&amp;ssl=1 768w, https:\/\/i0.wp.com\/ecolefermedesbois.ch\/wp-content\/uploads\/2021\/09\/wp-16329297566816184863832726100724.jpg?w=1000&amp;ssl=1 1000w\" sizes=\"(max-width: 600px) 100vw, 600px\" \/><\/figure><\/li><li class=\"blocks-gallery-item\"><figure><img data-recalc-dims=\"1\" loading=\"lazy\" decoding=\"async\" width=\"600\" height=\"450\" src=\"https:\/\/i0.wp.com\/ecolefermedesbois.ch\/wp-content\/uploads\/2021\/09\/wp-16329298139332938940817841246289.jpg?resize=600%2C450&#038;ssl=1\" alt=\"\" data-id=\"6938\" data-full-url=\"https:\/\/ecolefermedesbois.ch\/wp-content\/uploads\/2021\/09\/wp-16329298139332938940817841246289.jpg\" data-link=\"https:\/\/ecolefermedesbois.ch\/?attachment_id=6938\" class=\"wp-image-6938\" srcset=\"https:\/\/i0.wp.com\/ecolefermedesbois.ch\/wp-content\/uploads\/2021\/09\/wp-16329298139332938940817841246289.jpg?resize=600%2C450&amp;ssl=1 600w, https:\/\/i0.wp.com\/ecolefermedesbois.ch\/wp-content\/uploads\/2021\/09\/wp-16329298139332938940817841246289.jpg?resize=300%2C225&amp;ssl=1 300w, https:\/\/i0.wp.com\/ecolefermedesbois.ch\/wp-content\/uploads\/2021\/09\/wp-16329298139332938940817841246289.jpg?resize=768%2C576&amp;ssl=1 768w, https:\/\/i0.wp.com\/ecolefermedesbois.ch\/wp-content\/uploads\/2021\/09\/wp-16329298139332938940817841246289.jpg?w=1000&amp;ssl=1 1000w\" sizes=\"(max-width: 600px) 100vw, 600px\" \/><\/figure><\/li><li class=\"blocks-gallery-item\"><figure><img data-recalc-dims=\"1\" loading=\"lazy\" decoding=\"async\" width=\"600\" height=\"450\" src=\"https:\/\/i0.wp.com\/ecolefermedesbois.ch\/wp-content\/uploads\/2021\/09\/wp-16329298368584687441005592554362.jpg?resize=600%2C450&#038;ssl=1\" alt=\"\" data-id=\"6939\" data-full-url=\"https:\/\/ecolefermedesbois.ch\/wp-content\/uploads\/2021\/09\/wp-16329298368584687441005592554362.jpg\" data-link=\"https:\/\/ecolefermedesbois.ch\/?attachment_id=6939\" class=\"wp-image-6939\" srcset=\"https:\/\/i0.wp.com\/ecolefermedesbois.ch\/wp-content\/uploads\/2021\/09\/wp-16329298368584687441005592554362.jpg?resize=600%2C450&amp;ssl=1 600w, https:\/\/i0.wp.com\/ecolefermedesbois.ch\/wp-content\/uploads\/2021\/09\/wp-16329298368584687441005592554362.jpg?resize=300%2C225&amp;ssl=1 300w, https:\/\/i0.wp.com\/ecolefermedesbois.ch\/wp-content\/uploads\/2021\/09\/wp-16329298368584687441005592554362.jpg?resize=768%2C576&amp;ssl=1 768w, https:\/\/i0.wp.com\/ecolefermedesbois.ch\/wp-content\/uploads\/2021\/09\/wp-16329298368584687441005592554362.jpg?w=1000&amp;ssl=1 1000w\" sizes=\"(max-width: 600px) 100vw, 600px\" \/><\/figure><\/li><li class=\"blocks-gallery-item\"><figure><img data-recalc-dims=\"1\" loading=\"lazy\" decoding=\"async\" width=\"450\" height=\"600\" src=\"https:\/\/i0.wp.com\/ecolefermedesbois.ch\/wp-content\/uploads\/2021\/09\/wp-16329299951856244299670966891349.jpg?resize=450%2C600&#038;ssl=1\" alt=\"\" data-id=\"6940\" data-full-url=\"https:\/\/ecolefermedesbois.ch\/wp-content\/uploads\/2021\/09\/wp-16329299951856244299670966891349.jpg\" data-link=\"https:\/\/ecolefermedesbois.ch\/?attachment_id=6940\" class=\"wp-image-6940\" srcset=\"https:\/\/i0.wp.com\/ecolefermedesbois.ch\/wp-content\/uploads\/2021\/09\/wp-16329299951856244299670966891349.jpg?resize=450%2C600&amp;ssl=1 450w, https:\/\/i0.wp.com\/ecolefermedesbois.ch\/wp-content\/uploads\/2021\/09\/wp-16329299951856244299670966891349.jpg?resize=225%2C300&amp;ssl=1 225w, https:\/\/i0.wp.com\/ecolefermedesbois.ch\/wp-content\/uploads\/2021\/09\/wp-16329299951856244299670966891349.jpg?w=750&amp;ssl=1 750w\" sizes=\"(max-width: 450px) 100vw, 450px\" \/><\/figure><\/li><li class=\"blocks-gallery-item\"><figure><img data-recalc-dims=\"1\" loading=\"lazy\" decoding=\"async\" width=\"450\" height=\"600\" src=\"https:\/\/i0.wp.com\/ecolefermedesbois.ch\/wp-content\/uploads\/2021\/09\/wp-16329311903144052545860787893872.jpg?resize=450%2C600&#038;ssl=1\" alt=\"\" data-id=\"6951\" data-full-url=\"https:\/\/ecolefermedesbois.ch\/wp-content\/uploads\/2021\/09\/wp-16329311903144052545860787893872.jpg\" data-link=\"https:\/\/ecolefermedesbois.ch\/?attachment_id=6951\" class=\"wp-image-6951\" srcset=\"https:\/\/i0.wp.com\/ecolefermedesbois.ch\/wp-content\/uploads\/2021\/09\/wp-16329311903144052545860787893872.jpg?resize=450%2C600&amp;ssl=1 450w, https:\/\/i0.wp.com\/ecolefermedesbois.ch\/wp-content\/uploads\/2021\/09\/wp-16329311903144052545860787893872.jpg?resize=225%2C300&amp;ssl=1 225w, https:\/\/i0.wp.com\/ecolefermedesbois.ch\/wp-content\/uploads\/2021\/09\/wp-16329311903144052545860787893872.jpg?w=750&amp;ssl=1 750w\" sizes=\"(max-width: 450px) 100vw, 450px\" \/><\/figure><\/li><li class=\"blocks-gallery-item\"><figure><img data-recalc-dims=\"1\" loading=\"lazy\" decoding=\"async\" width=\"450\" height=\"600\" src=\"https:\/\/i0.wp.com\/ecolefermedesbois.ch\/wp-content\/uploads\/2021\/09\/wp-16329312242957612130142941972257.jpg?resize=450%2C600&#038;ssl=1\" alt=\"\" data-id=\"6952\" data-full-url=\"https:\/\/ecolefermedesbois.ch\/wp-content\/uploads\/2021\/09\/wp-16329312242957612130142941972257.jpg\" data-link=\"https:\/\/ecolefermedesbois.ch\/?attachment_id=6952\" class=\"wp-image-6952\" srcset=\"https:\/\/i0.wp.com\/ecolefermedesbois.ch\/wp-content\/uploads\/2021\/09\/wp-16329312242957612130142941972257.jpg?resize=450%2C600&amp;ssl=1 450w, https:\/\/i0.wp.com\/ecolefermedesbois.ch\/wp-content\/uploads\/2021\/09\/wp-16329312242957612130142941972257.jpg?resize=225%2C300&amp;ssl=1 225w, https:\/\/i0.wp.com\/ecolefermedesbois.ch\/wp-content\/uploads\/2021\/09\/wp-16329312242957612130142941972257.jpg?w=750&amp;ssl=1 750w\" sizes=\"(max-width: 450px) 100vw, 450px\" \/><\/figure><\/li><\/ul><\/figure>\n\n\n\n<p>Pendant la cuisson de nos tartelettes, nous faisons un memory sur les besoins des arbres &#x1f333; . Chacun va expliquer quels besoins ils ont devant eux et leurs utilit\u00e9s. <br>Puis nous allons au verger pour observer le changement de celui-ci depuis ce printemps.<br>Nous observons leurs feuillages &#x1f343; , s&rsquo;ils ont des fruits ou pas et pourquoi. <br>Nous recherchons lesquels sont des pommiers &#x1f34f;, des pruniers &#x1f351; ou des cerisiers.&#x1f352;<\/p>\n\n\n\n<figure class=\"wp-block-gallery columns-3 is-cropped wp-block-gallery-3 is-layout-flex wp-block-gallery-is-layout-flex\"><ul class=\"blocks-gallery-grid\"><li class=\"blocks-gallery-item\"><figure><img data-recalc-dims=\"1\" loading=\"lazy\" decoding=\"async\" width=\"600\" height=\"450\" src=\"https:\/\/i0.wp.com\/ecolefermedesbois.ch\/wp-content\/uploads\/2021\/09\/wp-16329300264728499409848392567524.jpg?resize=600%2C450&#038;ssl=1\" alt=\"\" data-id=\"6941\" data-full-url=\"https:\/\/ecolefermedesbois.ch\/wp-content\/uploads\/2021\/09\/wp-16329300264728499409848392567524.jpg\" data-link=\"https:\/\/ecolefermedesbois.ch\/?attachment_id=6941\" class=\"wp-image-6941\" srcset=\"https:\/\/i0.wp.com\/ecolefermedesbois.ch\/wp-content\/uploads\/2021\/09\/wp-16329300264728499409848392567524.jpg?resize=600%2C450&amp;ssl=1 600w, https:\/\/i0.wp.com\/ecolefermedesbois.ch\/wp-content\/uploads\/2021\/09\/wp-16329300264728499409848392567524.jpg?resize=300%2C225&amp;ssl=1 300w, https:\/\/i0.wp.com\/ecolefermedesbois.ch\/wp-content\/uploads\/2021\/09\/wp-16329300264728499409848392567524.jpg?resize=768%2C576&amp;ssl=1 768w, https:\/\/i0.wp.com\/ecolefermedesbois.ch\/wp-content\/uploads\/2021\/09\/wp-16329300264728499409848392567524.jpg?w=1000&amp;ssl=1 1000w\" sizes=\"(max-width: 600px) 100vw, 600px\" \/><\/figure><\/li><li class=\"blocks-gallery-item\"><figure><img data-recalc-dims=\"1\" loading=\"lazy\" decoding=\"async\" width=\"600\" height=\"450\" src=\"https:\/\/i0.wp.com\/ecolefermedesbois.ch\/wp-content\/uploads\/2021\/09\/wp-16329300456533923158042049484569.jpg?resize=600%2C450&#038;ssl=1\" alt=\"\" data-id=\"6942\" data-full-url=\"https:\/\/ecolefermedesbois.ch\/wp-content\/uploads\/2021\/09\/wp-16329300456533923158042049484569.jpg\" data-link=\"https:\/\/ecolefermedesbois.ch\/?attachment_id=6942\" class=\"wp-image-6942\" srcset=\"https:\/\/i0.wp.com\/ecolefermedesbois.ch\/wp-content\/uploads\/2021\/09\/wp-16329300456533923158042049484569.jpg?resize=600%2C450&amp;ssl=1 600w, https:\/\/i0.wp.com\/ecolefermedesbois.ch\/wp-content\/uploads\/2021\/09\/wp-16329300456533923158042049484569.jpg?resize=300%2C225&amp;ssl=1 300w, https:\/\/i0.wp.com\/ecolefermedesbois.ch\/wp-content\/uploads\/2021\/09\/wp-16329300456533923158042049484569.jpg?resize=768%2C576&amp;ssl=1 768w, https:\/\/i0.wp.com\/ecolefermedesbois.ch\/wp-content\/uploads\/2021\/09\/wp-16329300456533923158042049484569.jpg?w=1000&amp;ssl=1 1000w\" sizes=\"(max-width: 600px) 100vw, 600px\" \/><\/figure><\/li><li class=\"blocks-gallery-item\"><figure><img data-recalc-dims=\"1\" loading=\"lazy\" decoding=\"async\" width=\"600\" height=\"450\" src=\"https:\/\/i0.wp.com\/ecolefermedesbois.ch\/wp-content\/uploads\/2021\/09\/wp-16329300655204542715832391362498.jpg?resize=600%2C450&#038;ssl=1\" alt=\"\" data-id=\"6943\" data-full-url=\"https:\/\/ecolefermedesbois.ch\/wp-content\/uploads\/2021\/09\/wp-16329300655204542715832391362498.jpg\" data-link=\"https:\/\/ecolefermedesbois.ch\/?attachment_id=6943\" class=\"wp-image-6943\" srcset=\"https:\/\/i0.wp.com\/ecolefermedesbois.ch\/wp-content\/uploads\/2021\/09\/wp-16329300655204542715832391362498.jpg?resize=600%2C450&amp;ssl=1 600w, https:\/\/i0.wp.com\/ecolefermedesbois.ch\/wp-content\/uploads\/2021\/09\/wp-16329300655204542715832391362498.jpg?resize=300%2C225&amp;ssl=1 300w, https:\/\/i0.wp.com\/ecolefermedesbois.ch\/wp-content\/uploads\/2021\/09\/wp-16329300655204542715832391362498.jpg?resize=768%2C576&amp;ssl=1 768w, https:\/\/i0.wp.com\/ecolefermedesbois.ch\/wp-content\/uploads\/2021\/09\/wp-16329300655204542715832391362498.jpg?w=1000&amp;ssl=1 1000w\" sizes=\"(max-width: 600px) 100vw, 600px\" \/><\/figure><\/li><li class=\"blocks-gallery-item\"><figure><img data-recalc-dims=\"1\" loading=\"lazy\" decoding=\"async\" width=\"600\" height=\"450\" src=\"https:\/\/i0.wp.com\/ecolefermedesbois.ch\/wp-content\/uploads\/2021\/09\/wp-16329301133073343823362210628031.jpg?resize=600%2C450&#038;ssl=1\" alt=\"\" data-id=\"6944\" data-full-url=\"https:\/\/ecolefermedesbois.ch\/wp-content\/uploads\/2021\/09\/wp-16329301133073343823362210628031.jpg\" data-link=\"https:\/\/ecolefermedesbois.ch\/?attachment_id=6944\" class=\"wp-image-6944\" srcset=\"https:\/\/i0.wp.com\/ecolefermedesbois.ch\/wp-content\/uploads\/2021\/09\/wp-16329301133073343823362210628031.jpg?resize=600%2C450&amp;ssl=1 600w, https:\/\/i0.wp.com\/ecolefermedesbois.ch\/wp-content\/uploads\/2021\/09\/wp-16329301133073343823362210628031.jpg?resize=300%2C225&amp;ssl=1 300w, https:\/\/i0.wp.com\/ecolefermedesbois.ch\/wp-content\/uploads\/2021\/09\/wp-16329301133073343823362210628031.jpg?resize=768%2C576&amp;ssl=1 768w, https:\/\/i0.wp.com\/ecolefermedesbois.ch\/wp-content\/uploads\/2021\/09\/wp-16329301133073343823362210628031.jpg?w=1000&amp;ssl=1 1000w\" sizes=\"(max-width: 600px) 100vw, 600px\" \/><\/figure><\/li><\/ul><\/figure>\n\n\n\n<p>C&rsquo;est l&rsquo;heure tant attendue de d\u00e9guster nos tartelettes! &#x1f973;<br>Mmmm quel r\u00e9gal! Bravo les enfants, vos tartelettes sont excellentes! Vous pouvez \u00eatre fi\u00e8re de vous!&#x1f44f;&#x1f3fb;<\/p>\n\n\n\n<figure class=\"wp-block-gallery columns-3 is-cropped wp-block-gallery-4 is-layout-flex wp-block-gallery-is-layout-flex\"><ul class=\"blocks-gallery-grid\"><li class=\"blocks-gallery-item\"><figure><img data-recalc-dims=\"1\" loading=\"lazy\" decoding=\"async\" width=\"450\" height=\"600\" src=\"https:\/\/i0.wp.com\/ecolefermedesbois.ch\/wp-content\/uploads\/2021\/09\/wp-16329312917982194279113441052003.jpg?resize=450%2C600&#038;ssl=1\" alt=\"\" data-id=\"6953\" data-full-url=\"https:\/\/ecolefermedesbois.ch\/wp-content\/uploads\/2021\/09\/wp-16329312917982194279113441052003.jpg\" data-link=\"https:\/\/ecolefermedesbois.ch\/?attachment_id=6953\" class=\"wp-image-6953\" srcset=\"https:\/\/i0.wp.com\/ecolefermedesbois.ch\/wp-content\/uploads\/2021\/09\/wp-16329312917982194279113441052003.jpg?resize=450%2C600&amp;ssl=1 450w, https:\/\/i0.wp.com\/ecolefermedesbois.ch\/wp-content\/uploads\/2021\/09\/wp-16329312917982194279113441052003.jpg?resize=225%2C300&amp;ssl=1 225w, https:\/\/i0.wp.com\/ecolefermedesbois.ch\/wp-content\/uploads\/2021\/09\/wp-16329312917982194279113441052003.jpg?w=750&amp;ssl=1 750w\" sizes=\"(max-width: 450px) 100vw, 450px\" \/><\/figure><\/li><li class=\"blocks-gallery-item\"><figure><img data-recalc-dims=\"1\" loading=\"lazy\" decoding=\"async\" width=\"450\" height=\"600\" src=\"https:\/\/i0.wp.com\/ecolefermedesbois.ch\/wp-content\/uploads\/2021\/09\/wp-1632931318604647775888957402888.jpg?resize=450%2C600&#038;ssl=1\" alt=\"\" data-id=\"6954\" data-full-url=\"https:\/\/ecolefermedesbois.ch\/wp-content\/uploads\/2021\/09\/wp-1632931318604647775888957402888.jpg\" data-link=\"https:\/\/ecolefermedesbois.ch\/?attachment_id=6954\" class=\"wp-image-6954\" srcset=\"https:\/\/i0.wp.com\/ecolefermedesbois.ch\/wp-content\/uploads\/2021\/09\/wp-1632931318604647775888957402888.jpg?resize=450%2C600&amp;ssl=1 450w, https:\/\/i0.wp.com\/ecolefermedesbois.ch\/wp-content\/uploads\/2021\/09\/wp-1632931318604647775888957402888.jpg?resize=225%2C300&amp;ssl=1 225w, https:\/\/i0.wp.com\/ecolefermedesbois.ch\/wp-content\/uploads\/2021\/09\/wp-1632931318604647775888957402888.jpg?w=750&amp;ssl=1 750w\" sizes=\"(max-width: 450px) 100vw, 450px\" \/><\/figure><\/li><li class=\"blocks-gallery-item\"><figure><img data-recalc-dims=\"1\" loading=\"lazy\" decoding=\"async\" width=\"450\" height=\"600\" src=\"https:\/\/i0.wp.com\/ecolefermedesbois.ch\/wp-content\/uploads\/2021\/09\/wp-16329313576393802770872319650358.jpg?resize=450%2C600&#038;ssl=1\" alt=\"\" data-id=\"6955\" data-full-url=\"https:\/\/ecolefermedesbois.ch\/wp-content\/uploads\/2021\/09\/wp-16329313576393802770872319650358.jpg\" data-link=\"https:\/\/ecolefermedesbois.ch\/?attachment_id=6955\" class=\"wp-image-6955\" srcset=\"https:\/\/i0.wp.com\/ecolefermedesbois.ch\/wp-content\/uploads\/2021\/09\/wp-16329313576393802770872319650358.jpg?resize=450%2C600&amp;ssl=1 450w, https:\/\/i0.wp.com\/ecolefermedesbois.ch\/wp-content\/uploads\/2021\/09\/wp-16329313576393802770872319650358.jpg?resize=225%2C300&amp;ssl=1 225w, https:\/\/i0.wp.com\/ecolefermedesbois.ch\/wp-content\/uploads\/2021\/09\/wp-16329313576393802770872319650358.jpg?w=750&amp;ssl=1 750w\" sizes=\"(max-width: 450px) 100vw, 450px\" \/><\/figure><\/li><\/ul><\/figure>\n\n\n\n<p>Une fois la r\u00e9cr\u00e9 termin\u00e9e, nous parlons du cycle de vie de la pomme. Les \u00e9l\u00e8ves mettent dans l&rsquo;ordre les images du cycle de la vie de la pomme. &#x1f34e; <br>Nous parlons des fruits \u00e0 p\u00e9pins, \u00e0 noyaux, \u00e0 chair en passant par les fruits ol\u00e9agineux. Pour que les enfants puissent comprendre comment un arbre se reproduit.<br>Pour finir notre module du verger, nous le faisons par le jeu des saisons. A quelle saison se r\u00e9colte quel fruit? &#x1f914;<\/p>\n\n\n\n<figure class=\"wp-block-gallery columns-3 is-cropped wp-block-gallery-5 is-layout-flex wp-block-gallery-is-layout-flex\"><ul class=\"blocks-gallery-grid\"><li class=\"blocks-gallery-item\"><figure><img data-recalc-dims=\"1\" loading=\"lazy\" decoding=\"async\" width=\"450\" height=\"600\" src=\"https:\/\/i0.wp.com\/ecolefermedesbois.ch\/wp-content\/uploads\/2021\/09\/wp-16329318063964216897296324511299.jpg?resize=450%2C600&#038;ssl=1\" alt=\"\" data-id=\"6962\" data-full-url=\"https:\/\/ecolefermedesbois.ch\/wp-content\/uploads\/2021\/09\/wp-16329318063964216897296324511299.jpg\" data-link=\"https:\/\/ecolefermedesbois.ch\/?attachment_id=6962\" class=\"wp-image-6962\" srcset=\"https:\/\/i0.wp.com\/ecolefermedesbois.ch\/wp-content\/uploads\/2021\/09\/wp-16329318063964216897296324511299.jpg?resize=450%2C600&amp;ssl=1 450w, https:\/\/i0.wp.com\/ecolefermedesbois.ch\/wp-content\/uploads\/2021\/09\/wp-16329318063964216897296324511299.jpg?resize=225%2C300&amp;ssl=1 225w, https:\/\/i0.wp.com\/ecolefermedesbois.ch\/wp-content\/uploads\/2021\/09\/wp-16329318063964216897296324511299.jpg?w=750&amp;ssl=1 750w\" sizes=\"(max-width: 450px) 100vw, 450px\" \/><\/figure><\/li><li class=\"blocks-gallery-item\"><figure><img data-recalc-dims=\"1\" loading=\"lazy\" decoding=\"async\" width=\"450\" height=\"600\" src=\"https:\/\/i0.wp.com\/ecolefermedesbois.ch\/wp-content\/uploads\/2021\/09\/wp-16329316519034341442233191238091.jpg?resize=450%2C600&#038;ssl=1\" alt=\"\" data-id=\"6959\" data-full-url=\"https:\/\/ecolefermedesbois.ch\/wp-content\/uploads\/2021\/09\/wp-16329316519034341442233191238091.jpg\" data-link=\"https:\/\/ecolefermedesbois.ch\/?attachment_id=6959\" class=\"wp-image-6959\" srcset=\"https:\/\/i0.wp.com\/ecolefermedesbois.ch\/wp-content\/uploads\/2021\/09\/wp-16329316519034341442233191238091.jpg?resize=450%2C600&amp;ssl=1 450w, https:\/\/i0.wp.com\/ecolefermedesbois.ch\/wp-content\/uploads\/2021\/09\/wp-16329316519034341442233191238091.jpg?resize=225%2C300&amp;ssl=1 225w, https:\/\/i0.wp.com\/ecolefermedesbois.ch\/wp-content\/uploads\/2021\/09\/wp-16329316519034341442233191238091.jpg?w=750&amp;ssl=1 750w\" sizes=\"(max-width: 450px) 100vw, 450px\" \/><\/figure><\/li><li class=\"blocks-gallery-item\"><figure><img data-recalc-dims=\"1\" loading=\"lazy\" decoding=\"async\" width=\"450\" height=\"600\" src=\"https:\/\/i0.wp.com\/ecolefermedesbois.ch\/wp-content\/uploads\/2021\/09\/wp-16329315084186274172399303109633.jpg?resize=450%2C600&#038;ssl=1\" alt=\"\" data-id=\"6956\" data-full-url=\"https:\/\/ecolefermedesbois.ch\/wp-content\/uploads\/2021\/09\/wp-16329315084186274172399303109633.jpg\" data-link=\"https:\/\/ecolefermedesbois.ch\/?attachment_id=6956\" class=\"wp-image-6956\" srcset=\"https:\/\/i0.wp.com\/ecolefermedesbois.ch\/wp-content\/uploads\/2021\/09\/wp-16329315084186274172399303109633.jpg?resize=450%2C600&amp;ssl=1 450w, https:\/\/i0.wp.com\/ecolefermedesbois.ch\/wp-content\/uploads\/2021\/09\/wp-16329315084186274172399303109633.jpg?resize=225%2C300&amp;ssl=1 225w, https:\/\/i0.wp.com\/ecolefermedesbois.ch\/wp-content\/uploads\/2021\/09\/wp-16329315084186274172399303109633.jpg?w=750&amp;ssl=1 750w\" sizes=\"(max-width: 450px) 100vw, 450px\" \/><\/figure><\/li><li class=\"blocks-gallery-item\"><figure><img data-recalc-dims=\"1\" loading=\"lazy\" decoding=\"async\" width=\"600\" height=\"595\" src=\"https:\/\/i0.wp.com\/ecolefermedesbois.ch\/wp-content\/uploads\/2021\/09\/wp-16329301624898635055627856748044.jpg?resize=600%2C595&#038;ssl=1\" alt=\"\" data-id=\"6946\" data-full-url=\"https:\/\/ecolefermedesbois.ch\/wp-content\/uploads\/2021\/09\/wp-16329301624898635055627856748044.jpg\" data-link=\"https:\/\/ecolefermedesbois.ch\/?attachment_id=6946\" class=\"wp-image-6946\" srcset=\"https:\/\/i0.wp.com\/ecolefermedesbois.ch\/wp-content\/uploads\/2021\/09\/wp-16329301624898635055627856748044.jpg?resize=600%2C595&amp;ssl=1 600w, https:\/\/i0.wp.com\/ecolefermedesbois.ch\/wp-content\/uploads\/2021\/09\/wp-16329301624898635055627856748044.jpg?resize=160%2C160&amp;ssl=1 160w, https:\/\/i0.wp.com\/ecolefermedesbois.ch\/wp-content\/uploads\/2021\/09\/wp-16329301624898635055627856748044.jpg?resize=150%2C150&amp;ssl=1 150w, https:\/\/i0.wp.com\/ecolefermedesbois.ch\/wp-content\/uploads\/2021\/09\/wp-16329301624898635055627856748044.jpg?resize=300%2C297&amp;ssl=1 300w, https:\/\/i0.wp.com\/ecolefermedesbois.ch\/wp-content\/uploads\/2021\/09\/wp-16329301624898635055627856748044.jpg?resize=768%2C761&amp;ssl=1 768w, https:\/\/i0.wp.com\/ecolefermedesbois.ch\/wp-content\/uploads\/2021\/09\/wp-16329301624898635055627856748044.jpg?w=1000&amp;ssl=1 1000w\" sizes=\"(max-width: 600px) 100vw, 600px\" \/><\/figure><\/li><li class=\"blocks-gallery-item\"><figure><img data-recalc-dims=\"1\" loading=\"lazy\" decoding=\"async\" width=\"450\" height=\"600\" src=\"https:\/\/i0.wp.com\/ecolefermedesbois.ch\/wp-content\/uploads\/2021\/09\/wp-16329301383091530595579349445521.jpg?resize=450%2C600&#038;ssl=1\" alt=\"\" data-id=\"6945\" data-full-url=\"https:\/\/ecolefermedesbois.ch\/wp-content\/uploads\/2021\/09\/wp-16329301383091530595579349445521.jpg\" data-link=\"https:\/\/ecolefermedesbois.ch\/?attachment_id=6945\" class=\"wp-image-6945\" srcset=\"https:\/\/i0.wp.com\/ecolefermedesbois.ch\/wp-content\/uploads\/2021\/09\/wp-16329301383091530595579349445521.jpg?resize=450%2C600&amp;ssl=1 450w, https:\/\/i0.wp.com\/ecolefermedesbois.ch\/wp-content\/uploads\/2021\/09\/wp-16329301383091530595579349445521.jpg?resize=225%2C300&amp;ssl=1 225w, https:\/\/i0.wp.com\/ecolefermedesbois.ch\/wp-content\/uploads\/2021\/09\/wp-16329301383091530595579349445521.jpg?w=750&amp;ssl=1 750w\" sizes=\"(max-width: 450px) 100vw, 450px\" \/><\/figure><\/li><li class=\"blocks-gallery-item\"><figure><img data-recalc-dims=\"1\" loading=\"lazy\" decoding=\"async\" width=\"600\" height=\"450\" src=\"https:\/\/i0.wp.com\/ecolefermedesbois.ch\/wp-content\/uploads\/2021\/09\/wp-16329317615282402085767139741245.jpg?resize=600%2C450&#038;ssl=1\" alt=\"\" data-id=\"6961\" data-full-url=\"https:\/\/ecolefermedesbois.ch\/wp-content\/uploads\/2021\/09\/wp-16329317615282402085767139741245.jpg\" data-link=\"https:\/\/ecolefermedesbois.ch\/?attachment_id=6961\" class=\"wp-image-6961\" srcset=\"https:\/\/i0.wp.com\/ecolefermedesbois.ch\/wp-content\/uploads\/2021\/09\/wp-16329317615282402085767139741245.jpg?resize=600%2C450&amp;ssl=1 600w, https:\/\/i0.wp.com\/ecolefermedesbois.ch\/wp-content\/uploads\/2021\/09\/wp-16329317615282402085767139741245.jpg?resize=300%2C225&amp;ssl=1 300w, https:\/\/i0.wp.com\/ecolefermedesbois.ch\/wp-content\/uploads\/2021\/09\/wp-16329317615282402085767139741245.jpg?resize=768%2C576&amp;ssl=1 768w, https:\/\/i0.wp.com\/ecolefermedesbois.ch\/wp-content\/uploads\/2021\/09\/wp-16329317615282402085767139741245.jpg?w=1000&amp;ssl=1 1000w\" sizes=\"(max-width: 600px) 100vw, 600px\" \/><\/figure><\/li><li class=\"blocks-gallery-item\"><figure><img data-recalc-dims=\"1\" loading=\"lazy\" decoding=\"async\" width=\"450\" height=\"600\" src=\"https:\/\/i0.wp.com\/ecolefermedesbois.ch\/wp-content\/uploads\/2021\/09\/wp-16329316712024207523543895993960.jpg?resize=450%2C600&#038;ssl=1\" alt=\"\" data-id=\"6960\" data-full-url=\"https:\/\/ecolefermedesbois.ch\/wp-content\/uploads\/2021\/09\/wp-16329316712024207523543895993960.jpg\" data-link=\"https:\/\/ecolefermedesbois.ch\/?attachment_id=6960\" class=\"wp-image-6960\" srcset=\"https:\/\/i0.wp.com\/ecolefermedesbois.ch\/wp-content\/uploads\/2021\/09\/wp-16329316712024207523543895993960.jpg?resize=450%2C600&amp;ssl=1 450w, https:\/\/i0.wp.com\/ecolefermedesbois.ch\/wp-content\/uploads\/2021\/09\/wp-16329316712024207523543895993960.jpg?resize=225%2C300&amp;ssl=1 225w, https:\/\/i0.wp.com\/ecolefermedesbois.ch\/wp-content\/uploads\/2021\/09\/wp-16329316712024207523543895993960.jpg?w=750&amp;ssl=1 750w\" sizes=\"(max-width: 450px) 100vw, 450px\" \/><\/figure><\/li><li class=\"blocks-gallery-item\"><figure><img data-recalc-dims=\"1\" loading=\"lazy\" decoding=\"async\" width=\"450\" height=\"600\" src=\"https:\/\/i0.wp.com\/ecolefermedesbois.ch\/wp-content\/uploads\/2021\/09\/wp-16329316052536814913884093240744.jpg?resize=450%2C600&#038;ssl=1\" alt=\"\" data-id=\"6957\" data-full-url=\"https:\/\/ecolefermedesbois.ch\/wp-content\/uploads\/2021\/09\/wp-16329316052536814913884093240744.jpg\" data-link=\"https:\/\/ecolefermedesbois.ch\/?attachment_id=6957\" class=\"wp-image-6957\" srcset=\"https:\/\/i0.wp.com\/ecolefermedesbois.ch\/wp-content\/uploads\/2021\/09\/wp-16329316052536814913884093240744.jpg?resize=450%2C600&amp;ssl=1 450w, https:\/\/i0.wp.com\/ecolefermedesbois.ch\/wp-content\/uploads\/2021\/09\/wp-16329316052536814913884093240744.jpg?resize=225%2C300&amp;ssl=1 225w, https:\/\/i0.wp.com\/ecolefermedesbois.ch\/wp-content\/uploads\/2021\/09\/wp-16329316052536814913884093240744.jpg?w=750&amp;ssl=1 750w\" sizes=\"(max-width: 450px) 100vw, 450px\" \/><\/figure><\/li><li class=\"blocks-gallery-item\"><figure><img data-recalc-dims=\"1\" loading=\"lazy\" decoding=\"async\" width=\"450\" height=\"600\" src=\"https:\/\/i0.wp.com\/ecolefermedesbois.ch\/wp-content\/uploads\/2021\/09\/wp-16329316335991110557808860572291.jpg?resize=450%2C600&#038;ssl=1\" alt=\"\" data-id=\"6958\" data-full-url=\"https:\/\/ecolefermedesbois.ch\/wp-content\/uploads\/2021\/09\/wp-16329316335991110557808860572291.jpg\" data-link=\"https:\/\/ecolefermedesbois.ch\/?attachment_id=6958\" class=\"wp-image-6958\" srcset=\"https:\/\/i0.wp.com\/ecolefermedesbois.ch\/wp-content\/uploads\/2021\/09\/wp-16329316335991110557808860572291.jpg?resize=450%2C600&amp;ssl=1 450w, https:\/\/i0.wp.com\/ecolefermedesbois.ch\/wp-content\/uploads\/2021\/09\/wp-16329316335991110557808860572291.jpg?resize=225%2C300&amp;ssl=1 225w, https:\/\/i0.wp.com\/ecolefermedesbois.ch\/wp-content\/uploads\/2021\/09\/wp-16329316335991110557808860572291.jpg?w=750&amp;ssl=1 750w\" sizes=\"(max-width: 450px) 100vw, 450px\" \/><\/figure><\/li><li class=\"blocks-gallery-item\"><figure><img data-recalc-dims=\"1\" loading=\"lazy\" decoding=\"async\" width=\"600\" height=\"450\" src=\"https:\/\/i0.wp.com\/ecolefermedesbois.ch\/wp-content\/uploads\/2021\/09\/wp-16329302317325197642769492614637.jpg?resize=600%2C450&#038;ssl=1\" alt=\"\" data-id=\"6948\" data-full-url=\"https:\/\/ecolefermedesbois.ch\/wp-content\/uploads\/2021\/09\/wp-16329302317325197642769492614637.jpg\" data-link=\"https:\/\/ecolefermedesbois.ch\/?attachment_id=6948\" class=\"wp-image-6948\" srcset=\"https:\/\/i0.wp.com\/ecolefermedesbois.ch\/wp-content\/uploads\/2021\/09\/wp-16329302317325197642769492614637.jpg?resize=600%2C450&amp;ssl=1 600w, https:\/\/i0.wp.com\/ecolefermedesbois.ch\/wp-content\/uploads\/2021\/09\/wp-16329302317325197642769492614637.jpg?resize=300%2C225&amp;ssl=1 300w, https:\/\/i0.wp.com\/ecolefermedesbois.ch\/wp-content\/uploads\/2021\/09\/wp-16329302317325197642769492614637.jpg?resize=768%2C576&amp;ssl=1 768w, https:\/\/i0.wp.com\/ecolefermedesbois.ch\/wp-content\/uploads\/2021\/09\/wp-16329302317325197642769492614637.jpg?w=1000&amp;ssl=1 1000w\" sizes=\"(max-width: 600px) 100vw, 600px\" \/><\/figure><\/li><li class=\"blocks-gallery-item\"><figure><img data-recalc-dims=\"1\" loading=\"lazy\" decoding=\"async\" width=\"600\" height=\"450\" src=\"https:\/\/i0.wp.com\/ecolefermedesbois.ch\/wp-content\/uploads\/2021\/09\/wp-16329301926584900550458868665965.jpg?resize=600%2C450&#038;ssl=1\" alt=\"\" data-id=\"6947\" data-full-url=\"https:\/\/ecolefermedesbois.ch\/wp-content\/uploads\/2021\/09\/wp-16329301926584900550458868665965.jpg\" data-link=\"https:\/\/ecolefermedesbois.ch\/?attachment_id=6947\" class=\"wp-image-6947\" srcset=\"https:\/\/i0.wp.com\/ecolefermedesbois.ch\/wp-content\/uploads\/2021\/09\/wp-16329301926584900550458868665965.jpg?resize=600%2C450&amp;ssl=1 600w, https:\/\/i0.wp.com\/ecolefermedesbois.ch\/wp-content\/uploads\/2021\/09\/wp-16329301926584900550458868665965.jpg?resize=300%2C225&amp;ssl=1 300w, https:\/\/i0.wp.com\/ecolefermedesbois.ch\/wp-content\/uploads\/2021\/09\/wp-16329301926584900550458868665965.jpg?resize=768%2C576&amp;ssl=1 768w, https:\/\/i0.wp.com\/ecolefermedesbois.ch\/wp-content\/uploads\/2021\/09\/wp-16329301926584900550458868665965.jpg?w=1000&amp;ssl=1 1000w\" sizes=\"(max-width: 600px) 100vw, 600px\" \/><\/figure><\/li><\/ul><\/figure>\n\n\n\n<p>Merci les enfants pour ce moment de partage et pour votre curiosit\u00e9 tout au long de la journ\u00e9e. J&rsquo;ai eu \u00e9norm\u00e9ment de plaisir \u00e0 vous revoir. &#x1f49d;<\/p>\n\n\n\n<p>Merci Marlise d&rsquo;\u00eatre venue avec votre classe pour nous permettre de suivre l&rsquo;\u00e9volution du verger depuis ce printemps et de partager ces beaux moments ensemble. &#x1f339;<br>Merci Sylviane de votre aide aupr\u00e8s de la classe de Marlise.&#x1f33a;<\/p>\n\n\n\n<p>A bient\u00f4t &#x1f917;<\/p>\n\n\n\n<p>Sophie et Floriane<\/p>\n\n\n","protected":false},"excerpt":{"rendered":"<p>Ce mardi, les \u00e9l\u00e8ves de Marlise K\u00e4mpfer de Chesalles-sur-Oron sont venus d\u00e9couvrir le verger en automne. Ils \u00e9taient venus au&#46;&#46;&#46;<\/p>\n","protected":false},"author":2,"featured_media":6950,"comment_status":"open","ping_status":"open","sticky":false,"template":"","format":"image","meta":{"jetpack_post_was_ever_published":false,"footnotes":"","jetpack_publicize_message":"","jetpack_publicize_feature_enabled":true,"jetpack_social_post_already_shared":true,"jetpack_social_options":{"image_generator_settings":{"template":"highway","default_image_id":0,"font":"","enabled":false},"version":2}},"categories":[33],"tags":[],"class_list":["post-6985","post","type-post","status-publish","format-image","has-post-thumbnail","hentry","category-ecole","post_format-post-format-image"],"yoast_head":"<!-- This site is optimized with the Yoast SEO plugin v27.5 - https:\/\/yoast.com\/product\/yoast-seo-wordpress\/ -->\n<title>La classe de M. K\u00e4mpfer au verger en automne &#x1f333; -<\/title>\n<meta name=\"robots\" content=\"index, follow, max-snippet:-1, max-image-preview:large, max-video-preview:-1\" \/>\n<link rel=\"canonical\" href=\"https:\/\/ecolefermedesbois.ch\/?p=6985\" \/>\n<meta property=\"og:locale\" content=\"fr_FR\" \/>\n<meta property=\"og:type\" content=\"article\" \/>\n<meta property=\"og:title\" content=\"La classe de M. K\u00e4mpfer au verger en automne &#x1f333; -\" \/>\n<meta property=\"og:description\" content=\"Ce mardi, les \u00e9l\u00e8ves de Marlise K\u00e4mpfer de Chesalles-sur-Oron sont venus d\u00e9couvrir le verger en automne. Ils \u00e9taient venus au&#046;&#046;&#046;\" \/>\n<meta property=\"og:url\" content=\"https:\/\/ecolefermedesbois.ch\/?p=6985\" \/>\n<meta property=\"article:publisher\" content=\"https:\/\/www.facebook.com\/ecolefermedesBois\" \/>\n<meta property=\"article:published_time\" content=\"2021-10-02T09:26:52+00:00\" \/>\n<meta property=\"article:modified_time\" content=\"2021-10-02T09:33:10+00:00\" \/>\n<meta property=\"og:image\" content=\"https:\/\/ecolefermedesbois.ch\/wp-content\/uploads\/2021\/09\/wp-16329311632711427290384065462080.jpg\" \/>\n\t<meta property=\"og:image:width\" content=\"1000\" \/>\n\t<meta property=\"og:image:height\" content=\"750\" \/>\n\t<meta property=\"og:image:type\" content=\"image\/jpeg\" \/>\n<meta name=\"author\" content=\"Sophie\" \/>\n<meta name=\"twitter:card\" content=\"summary_large_image\" \/>\n<meta name=\"twitter:label1\" content=\"\u00c9crit par\" \/>\n\t<meta name=\"twitter:data1\" content=\"Sophie\" \/>\n\t<meta name=\"twitter:label2\" content=\"Dur\u00e9e de lecture estim\u00e9e\" \/>\n\t<meta name=\"twitter:data2\" content=\"2 minutes\" \/>\n<script type=\"application\/ld+json\" class=\"yoast-schema-graph\">{\"@context\":\"https:\\\/\\\/schema.org\",\"@graph\":[{\"@type\":\"Article\",\"@id\":\"https:\\\/\\\/ecolefermedesbois.ch\\\/?p=6985#article\",\"isPartOf\":{\"@id\":\"https:\\\/\\\/ecolefermedesbois.ch\\\/?p=6985\"},\"author\":{\"name\":\"Sophie\",\"@id\":\"https:\\\/\\\/ecolefermedesbois.ch\\\/#\\\/schema\\\/person\\\/78f5a1c78e958e51240f90932d290908\"},\"headline\":\"La classe de M. K\u00e4mpfer au verger en automne &#x1f333;\",\"datePublished\":\"2021-10-02T09:26:52+00:00\",\"dateModified\":\"2021-10-02T09:33:10+00:00\",\"mainEntityOfPage\":{\"@id\":\"https:\\\/\\\/ecolefermedesbois.ch\\\/?p=6985\"},\"wordCount\":422,\"commentCount\":0,\"publisher\":{\"@id\":\"https:\\\/\\\/ecolefermedesbois.ch\\\/#organization\"},\"image\":{\"@id\":\"https:\\\/\\\/ecolefermedesbois.ch\\\/?p=6985#primaryimage\"},\"thumbnailUrl\":\"https:\\\/\\\/i0.wp.com\\\/ecolefermedesbois.ch\\\/wp-content\\\/uploads\\\/2021\\\/09\\\/wp-16329311632711427290384065462080.jpg?fit=1000%2C750&ssl=1\",\"articleSection\":[\"Ecole\"],\"inLanguage\":\"fr-FR\",\"potentialAction\":[{\"@type\":\"CommentAction\",\"name\":\"Comment\",\"target\":[\"https:\\\/\\\/ecolefermedesbois.ch\\\/?p=6985#respond\"]}]},{\"@type\":\"WebPage\",\"@id\":\"https:\\\/\\\/ecolefermedesbois.ch\\\/?p=6985\",\"url\":\"https:\\\/\\\/ecolefermedesbois.ch\\\/?p=6985\",\"name\":\"La classe de M. K\u00e4mpfer au verger en automne &#x1f333; -\",\"isPartOf\":{\"@id\":\"https:\\\/\\\/ecolefermedesbois.ch\\\/#website\"},\"primaryImageOfPage\":{\"@id\":\"https:\\\/\\\/ecolefermedesbois.ch\\\/?p=6985#primaryimage\"},\"image\":{\"@id\":\"https:\\\/\\\/ecolefermedesbois.ch\\\/?p=6985#primaryimage\"},\"thumbnailUrl\":\"https:\\\/\\\/i0.wp.com\\\/ecolefermedesbois.ch\\\/wp-content\\\/uploads\\\/2021\\\/09\\\/wp-16329311632711427290384065462080.jpg?fit=1000%2C750&ssl=1\",\"datePublished\":\"2021-10-02T09:26:52+00:00\",\"dateModified\":\"2021-10-02T09:33:10+00:00\",\"breadcrumb\":{\"@id\":\"https:\\\/\\\/ecolefermedesbois.ch\\\/?p=6985#breadcrumb\"},\"inLanguage\":\"fr-FR\",\"potentialAction\":[{\"@type\":\"ReadAction\",\"target\":[\"https:\\\/\\\/ecolefermedesbois.ch\\\/?p=6985\"]}]},{\"@type\":\"ImageObject\",\"inLanguage\":\"fr-FR\",\"@id\":\"https:\\\/\\\/ecolefermedesbois.ch\\\/?p=6985#primaryimage\",\"url\":\"https:\\\/\\\/i0.wp.com\\\/ecolefermedesbois.ch\\\/wp-content\\\/uploads\\\/2021\\\/09\\\/wp-16329311632711427290384065462080.jpg?fit=1000%2C750&ssl=1\",\"contentUrl\":\"https:\\\/\\\/i0.wp.com\\\/ecolefermedesbois.ch\\\/wp-content\\\/uploads\\\/2021\\\/09\\\/wp-16329311632711427290384065462080.jpg?fit=1000%2C750&ssl=1\",\"width\":1000,\"height\":750},{\"@type\":\"BreadcrumbList\",\"@id\":\"https:\\\/\\\/ecolefermedesbois.ch\\\/?p=6985#breadcrumb\",\"itemListElement\":[{\"@type\":\"ListItem\",\"position\":1,\"name\":\"Accueil\",\"item\":\"https:\\\/\\\/ecolefermedesbois.ch\\\/\"},{\"@type\":\"ListItem\",\"position\":2,\"name\":\"La classe de M. K\u00e4mpfer au verger en automne &#x1f333;\"}]},{\"@type\":\"WebSite\",\"@id\":\"https:\\\/\\\/ecolefermedesbois.ch\\\/#website\",\"url\":\"https:\\\/\\\/ecolefermedesbois.ch\\\/\",\"name\":\"ecolefermedesbois\",\"description\":\"\",\"publisher\":{\"@id\":\"https:\\\/\\\/ecolefermedesbois.ch\\\/#organization\"},\"potentialAction\":[{\"@type\":\"SearchAction\",\"target\":{\"@type\":\"EntryPoint\",\"urlTemplate\":\"https:\\\/\\\/ecolefermedesbois.ch\\\/?s={search_term_string}\"},\"query-input\":{\"@type\":\"PropertyValueSpecification\",\"valueRequired\":true,\"valueName\":\"search_term_string\"}}],\"inLanguage\":\"fr-FR\"},{\"@type\":\"Organization\",\"@id\":\"https:\\\/\\\/ecolefermedesbois.ch\\\/#organization\",\"name\":\"Ecole \u00e0 la Ferme des Bois\",\"url\":\"https:\\\/\\\/ecolefermedesbois.ch\\\/\",\"logo\":{\"@type\":\"ImageObject\",\"inLanguage\":\"fr-FR\",\"@id\":\"https:\\\/\\\/ecolefermedesbois.ch\\\/#\\\/schema\\\/logo\\\/image\\\/\",\"url\":\"https:\\\/\\\/ecolefermedesbois.ch\\\/wp-content\\\/uploads\\\/2019\\\/04\\\/logo-scaled.gif\",\"contentUrl\":\"https:\\\/\\\/ecolefermedesbois.ch\\\/wp-content\\\/uploads\\\/2019\\\/04\\\/logo-scaled.gif\",\"width\":2560,\"height\":608,\"caption\":\"Ecole \u00e0 la Ferme des Bois\"},\"image\":{\"@id\":\"https:\\\/\\\/ecolefermedesbois.ch\\\/#\\\/schema\\\/logo\\\/image\\\/\"},\"sameAs\":[\"https:\\\/\\\/www.facebook.com\\\/ecolefermedesBois\"]},{\"@type\":\"Person\",\"@id\":\"https:\\\/\\\/ecolefermedesbois.ch\\\/#\\\/schema\\\/person\\\/78f5a1c78e958e51240f90932d290908\",\"name\":\"Sophie\",\"image\":{\"@type\":\"ImageObject\",\"inLanguage\":\"fr-FR\",\"@id\":\"https:\\\/\\\/secure.gravatar.com\\\/avatar\\\/053fbaec50cb27b03b880a4b8b018009aa3af995f32011efc3f40a589371d46f?s=96&d=mm&r=g\",\"url\":\"https:\\\/\\\/secure.gravatar.com\\\/avatar\\\/053fbaec50cb27b03b880a4b8b018009aa3af995f32011efc3f40a589371d46f?s=96&d=mm&r=g\",\"contentUrl\":\"https:\\\/\\\/secure.gravatar.com\\\/avatar\\\/053fbaec50cb27b03b880a4b8b018009aa3af995f32011efc3f40a589371d46f?s=96&d=mm&r=g\",\"caption\":\"Sophie\"},\"url\":\"https:\\\/\\\/ecolefermedesbois.ch\\\/?author=2\"}]}<\/script>\n<!-- \/ Yoast SEO plugin. -->","yoast_head_json":{"title":"La classe de M. K\u00e4mpfer au verger en automne &#x1f333; -","robots":{"index":"index","follow":"follow","max-snippet":"max-snippet:-1","max-image-preview":"max-image-preview:large","max-video-preview":"max-video-preview:-1"},"canonical":"https:\/\/ecolefermedesbois.ch\/?p=6985","og_locale":"fr_FR","og_type":"article","og_title":"La classe de M. K\u00e4mpfer au verger en automne &#x1f333; -","og_description":"Ce mardi, les \u00e9l\u00e8ves de Marlise K\u00e4mpfer de Chesalles-sur-Oron sont venus d\u00e9couvrir le verger en automne. Ils \u00e9taient venus au&#46;&#46;&#46;","og_url":"https:\/\/ecolefermedesbois.ch\/?p=6985","article_publisher":"https:\/\/www.facebook.com\/ecolefermedesBois","article_published_time":"2021-10-02T09:26:52+00:00","article_modified_time":"2021-10-02T09:33:10+00:00","og_image":[{"width":1000,"height":750,"url":"https:\/\/ecolefermedesbois.ch\/wp-content\/uploads\/2021\/09\/wp-16329311632711427290384065462080.jpg","type":"image\/jpeg"}],"author":"Sophie","twitter_card":"summary_large_image","twitter_misc":{"\u00c9crit par":"Sophie","Dur\u00e9e de lecture estim\u00e9e":"2 minutes"},"schema":{"@context":"https:\/\/schema.org","@graph":[{"@type":"Article","@id":"https:\/\/ecolefermedesbois.ch\/?p=6985#article","isPartOf":{"@id":"https:\/\/ecolefermedesbois.ch\/?p=6985"},"author":{"name":"Sophie","@id":"https:\/\/ecolefermedesbois.ch\/#\/schema\/person\/78f5a1c78e958e51240f90932d290908"},"headline":"La classe de M. K\u00e4mpfer au verger en automne &#x1f333;","datePublished":"2021-10-02T09:26:52+00:00","dateModified":"2021-10-02T09:33:10+00:00","mainEntityOfPage":{"@id":"https:\/\/ecolefermedesbois.ch\/?p=6985"},"wordCount":422,"commentCount":0,"publisher":{"@id":"https:\/\/ecolefermedesbois.ch\/#organization"},"image":{"@id":"https:\/\/ecolefermedesbois.ch\/?p=6985#primaryimage"},"thumbnailUrl":"https:\/\/i0.wp.com\/ecolefermedesbois.ch\/wp-content\/uploads\/2021\/09\/wp-16329311632711427290384065462080.jpg?fit=1000%2C750&ssl=1","articleSection":["Ecole"],"inLanguage":"fr-FR","potentialAction":[{"@type":"CommentAction","name":"Comment","target":["https:\/\/ecolefermedesbois.ch\/?p=6985#respond"]}]},{"@type":"WebPage","@id":"https:\/\/ecolefermedesbois.ch\/?p=6985","url":"https:\/\/ecolefermedesbois.ch\/?p=6985","name":"La classe de M. K\u00e4mpfer au verger en automne &#x1f333; -","isPartOf":{"@id":"https:\/\/ecolefermedesbois.ch\/#website"},"primaryImageOfPage":{"@id":"https:\/\/ecolefermedesbois.ch\/?p=6985#primaryimage"},"image":{"@id":"https:\/\/ecolefermedesbois.ch\/?p=6985#primaryimage"},"thumbnailUrl":"https:\/\/i0.wp.com\/ecolefermedesbois.ch\/wp-content\/uploads\/2021\/09\/wp-16329311632711427290384065462080.jpg?fit=1000%2C750&ssl=1","datePublished":"2021-10-02T09:26:52+00:00","dateModified":"2021-10-02T09:33:10+00:00","breadcrumb":{"@id":"https:\/\/ecolefermedesbois.ch\/?p=6985#breadcrumb"},"inLanguage":"fr-FR","potentialAction":[{"@type":"ReadAction","target":["https:\/\/ecolefermedesbois.ch\/?p=6985"]}]},{"@type":"ImageObject","inLanguage":"fr-FR","@id":"https:\/\/ecolefermedesbois.ch\/?p=6985#primaryimage","url":"https:\/\/i0.wp.com\/ecolefermedesbois.ch\/wp-content\/uploads\/2021\/09\/wp-16329311632711427290384065462080.jpg?fit=1000%2C750&ssl=1","contentUrl":"https:\/\/i0.wp.com\/ecolefermedesbois.ch\/wp-content\/uploads\/2021\/09\/wp-16329311632711427290384065462080.jpg?fit=1000%2C750&ssl=1","width":1000,"height":750},{"@type":"BreadcrumbList","@id":"https:\/\/ecolefermedesbois.ch\/?p=6985#breadcrumb","itemListElement":[{"@type":"ListItem","position":1,"name":"Accueil","item":"https:\/\/ecolefermedesbois.ch\/"},{"@type":"ListItem","position":2,"name":"La classe de M. K\u00e4mpfer au verger en automne &#x1f333;"}]},{"@type":"WebSite","@id":"https:\/\/ecolefermedesbois.ch\/#website","url":"https:\/\/ecolefermedesbois.ch\/","name":"ecolefermedesbois","description":"","publisher":{"@id":"https:\/\/ecolefermedesbois.ch\/#organization"},"potentialAction":[{"@type":"SearchAction","target":{"@type":"EntryPoint","urlTemplate":"https:\/\/ecolefermedesbois.ch\/?s={search_term_string}"},"query-input":{"@type":"PropertyValueSpecification","valueRequired":true,"valueName":"search_term_string"}}],"inLanguage":"fr-FR"},{"@type":"Organization","@id":"https:\/\/ecolefermedesbois.ch\/#organization","name":"Ecole \u00e0 la Ferme des Bois","url":"https:\/\/ecolefermedesbois.ch\/","logo":{"@type":"ImageObject","inLanguage":"fr-FR","@id":"https:\/\/ecolefermedesbois.ch\/#\/schema\/logo\/image\/","url":"https:\/\/ecolefermedesbois.ch\/wp-content\/uploads\/2019\/04\/logo-scaled.gif","contentUrl":"https:\/\/ecolefermedesbois.ch\/wp-content\/uploads\/2019\/04\/logo-scaled.gif","width":2560,"height":608,"caption":"Ecole \u00e0 la Ferme des Bois"},"image":{"@id":"https:\/\/ecolefermedesbois.ch\/#\/schema\/logo\/image\/"},"sameAs":["https:\/\/www.facebook.com\/ecolefermedesBois"]},{"@type":"Person","@id":"https:\/\/ecolefermedesbois.ch\/#\/schema\/person\/78f5a1c78e958e51240f90932d290908","name":"Sophie","image":{"@type":"ImageObject","inLanguage":"fr-FR","@id":"https:\/\/secure.gravatar.com\/avatar\/053fbaec50cb27b03b880a4b8b018009aa3af995f32011efc3f40a589371d46f?s=96&d=mm&r=g","url":"https:\/\/secure.gravatar.com\/avatar\/053fbaec50cb27b03b880a4b8b018009aa3af995f32011efc3f40a589371d46f?s=96&d=mm&r=g","contentUrl":"https:\/\/secure.gravatar.com\/avatar\/053fbaec50cb27b03b880a4b8b018009aa3af995f32011efc3f40a589371d46f?s=96&d=mm&r=g","caption":"Sophie"},"url":"https:\/\/ecolefermedesbois.ch\/?author=2"}]}},"jetpack_publicize_connections":[],"jetpack_featured_media_url":"https:\/\/i0.wp.com\/ecolefermedesbois.ch\/wp-content\/uploads\/2021\/09\/wp-16329311632711427290384065462080.jpg?fit=1000%2C750&ssl=1","jetpack_sharing_enabled":true,"_links":{"self":[{"href":"https:\/\/ecolefermedesbois.ch\/index.php?rest_route=\/wp\/v2\/posts\/6985","targetHints":{"allow":["GET"]}}],"collection":[{"href":"https:\/\/ecolefermedesbois.ch\/index.php?rest_route=\/wp\/v2\/posts"}],"about":[{"href":"https:\/\/ecolefermedesbois.ch\/index.php?rest_route=\/wp\/v2\/types\/post"}],"author":[{"embeddable":true,"href":"https:\/\/ecolefermedesbois.ch\/index.php?rest_route=\/wp\/v2\/users\/2"}],"replies":[{"embeddable":true,"href":"https:\/\/ecolefermedesbois.ch\/index.php?rest_route=%2Fwp%2Fv2%2Fcomments&post=6985"}],"version-history":[{"count":3,"href":"https:\/\/ecolefermedesbois.ch\/index.php?rest_route=\/wp\/v2\/posts\/6985\/revisions"}],"predecessor-version":[{"id":6988,"href":"https:\/\/ecolefermedesbois.ch\/index.php?rest_route=\/wp\/v2\/posts\/6985\/revisions\/6988"}],"wp:featuredmedia":[{"embeddable":true,"href":"https:\/\/ecolefermedesbois.ch\/index.php?rest_route=\/wp\/v2\/media\/6950"}],"wp:attachment":[{"href":"https:\/\/ecolefermedesbois.ch\/index.php?rest_route=%2Fwp%2Fv2%2Fmedia&parent=6985"}],"wp:term":[{"taxonomy":"category","embeddable":true,"href":"https:\/\/ecolefermedesbois.ch\/index.php?rest_route=%2Fwp%2Fv2%2Fcategories&post=6985"},{"taxonomy":"post_tag","embeddable":true,"href":"https:\/\/ecolefermedesbois.ch\/index.php?rest_route=%2Fwp%2Fv2%2Ftags&post=6985"}],"curies":[{"name":"wp","href":"https:\/\/api.w.org\/{rel}","templated":true}]}}