{"id":6932,"date":"2021-09-26T10:47:44","date_gmt":"2021-09-26T08:47:44","guid":{"rendered":"https:\/\/ecolefermedesbois.ch\/?p=6932"},"modified":"2021-09-26T10:53:43","modified_gmt":"2021-09-26T08:53:43","slug":"une-journee-recre-active-pour-la-classe-de-a-annen","status":"publish","type":"post","link":"https:\/\/ecolefermedesbois.ch\/?p=6932","title":{"rendered":"Une Journ\u00e9e r\u00e9cr\u00e9-active pour la classe de A. Annen &#x1f31e;"},"content":{"rendered":"<div class=\"pdfprnt-buttons pdfprnt-buttons-post pdfprnt-top-right\"><a href=\"https:\/\/ecolefermedesbois.ch\/index.php?rest_route=%2Fwp%2Fv2%2Fposts%2F6932&print=pdf\" class=\"pdfprnt-button pdfprnt-button-pdf\" target=\"_blank\" ><img data-recalc-dims=\"1\" decoding=\"async\" src=\"https:\/\/i0.wp.com\/ecolefermedesbois.ch\/wp-content\/plugins\/pdf-print\/images\/pdf.png?w=720&#038;ssl=1\" alt=\"image_pdf\" title=\"Afficher le PDF\" \/><\/a><a href=\"https:\/\/ecolefermedesbois.ch\/index.php?rest_route=%2Fwp%2Fv2%2Fposts%2F6932&print=print\" class=\"pdfprnt-button pdfprnt-button-print\" target=\"_blank\" ><img data-recalc-dims=\"1\" decoding=\"async\" src=\"https:\/\/i0.wp.com\/ecolefermedesbois.ch\/wp-content\/plugins\/pdf-print\/images\/print.png?w=720&#038;ssl=1\" alt=\"image_print\" title=\"Contenu imprim\u00e9\" \/><\/a><\/div>\n<p>Ce jeudi, les \u00e9l\u00e8ves d&rsquo;Aur\u00e9lie Annen de la Conversion sont venus passer une journ\u00e9e pour d\u00e9couvrir les animaux de la ferme. <\/p>\n\n\n\n<p>Nous avons commenc\u00e9 la matin\u00e9e par la visite du poulailler et ses habitants. &#x1f414;<br>Une fois \u00e0 l&rsquo;int\u00e9rieur, nous commen\u00e7ons par observer ce qui s&rsquo;y trouve. Je leur explique l&rsquo;utilit\u00e9 de chaque support. Nous parlons de la couleur des \u0153ufs &#x1f95a; et du nombre d\u2019\u0153uf qu&rsquo;une poule va pondre par jour. Tout en passant par la dur\u00e9e de couvaison de ceux-ci.<br>Pendant que la moit\u00e9 de la classe est avec moi aupr\u00e8s des animaux, l&rsquo;autre moiti\u00e9 de la classe est avec Aline pour d\u00e9couvrir la table du toucher. &#x1f590;&#x1f3fb;<br>Puis nous \u00e9changeons les groupes afin que chaque \u00e9l\u00e8ve puisse d\u00e9couvrir la m\u00eame chose.<\/p>\n\n\n\n<div class=\"wp-block-jetpack-tiled-gallery aligncenter is-style-rectangular\"><div class=\"tiled-gallery__gallery\"><div class=\"tiled-gallery__row\"><div class=\"tiled-gallery__col\" style=\"flex-basis:19.95999%\"><figure class=\"tiled-gallery__item\"><img decoding=\"async\" alt=\"\" data-height=\"750\" data-id=\"6895\" data-link=\"https:\/\/ecolefermedesbois.ch\/?attachment_id=6895\" data-url=\"https:\/\/ecolefermedesbois.ch\/wp-content\/uploads\/2021\/09\/wp-16325466503218154043733885012828.jpg\" data-width=\"1000\" src=\"https:\/\/i1.wp.com\/ecolefermedesbois.ch\/wp-content\/uploads\/2021\/09\/wp-16325466503218154043733885012828.jpg?ssl=1\" data-amp-layout=\"responsive\" \/><\/figure><\/div><div class=\"tiled-gallery__col\" style=\"flex-basis:19.95999%\"><figure class=\"tiled-gallery__item\"><img decoding=\"async\" alt=\"\" data-height=\"750\" data-id=\"6898\" data-link=\"https:\/\/ecolefermedesbois.ch\/?attachment_id=6898\" data-url=\"https:\/\/ecolefermedesbois.ch\/wp-content\/uploads\/2021\/09\/wp-16325467419937720180982355350140.jpg\" data-width=\"1000\" src=\"https:\/\/i0.wp.com\/ecolefermedesbois.ch\/wp-content\/uploads\/2021\/09\/wp-16325467419937720180982355350140.jpg?ssl=1\" data-amp-layout=\"responsive\" \/><\/figure><\/div><div class=\"tiled-gallery__col\" style=\"flex-basis:33.13059%\"><figure class=\"tiled-gallery__item\"><img decoding=\"async\" alt=\"\" data-height=\"450\" data-id=\"6925\" data-link=\"https:\/\/ecolefermedesbois.ch\/?attachment_id=6925\" data-url=\"https:\/\/ecolefermedesbois.ch\/wp-content\/uploads\/2021\/09\/wp-1632553834407145718688580187714.jpg\" data-width=\"1000\" src=\"https:\/\/i1.wp.com\/ecolefermedesbois.ch\/wp-content\/uploads\/2021\/09\/wp-1632553834407145718688580187714.jpg?ssl=1\" data-amp-layout=\"responsive\" \/><\/figure><\/div><div class=\"tiled-gallery__col\" style=\"flex-basis:26.94944%\"><figure class=\"tiled-gallery__item\"><img decoding=\"async\" alt=\"\" data-height=\"554\" data-id=\"6927\" data-link=\"https:\/\/ecolefermedesbois.ch\/?attachment_id=6927\" data-url=\"https:\/\/ecolefermedesbois.ch\/wp-content\/uploads\/2021\/09\/wp-16325539318385130950672251801358.jpg\" data-width=\"1000\" src=\"https:\/\/i1.wp.com\/ecolefermedesbois.ch\/wp-content\/uploads\/2021\/09\/wp-16325539318385130950672251801358.jpg?ssl=1\" data-amp-layout=\"responsive\" \/><\/figure><\/div><\/div><\/div><\/div>\n\n\n\n<p>Apr\u00e8s ses premi\u00e8res d\u00e9couvertes et sensations, c&rsquo;est l&rsquo;heure de la r\u00e9cr\u00e9! &#x1f929;<\/p>\n\n\n\n<div class=\"wp-block-jetpack-tiled-gallery aligncenter is-style-rectangular\"><div class=\"tiled-gallery__gallery\"><div class=\"tiled-gallery__row\"><div class=\"tiled-gallery__col\" style=\"flex-basis:50.00000%\"><figure class=\"tiled-gallery__item\"><img decoding=\"async\" alt=\"\" data-height=\"750\" data-id=\"6897\" data-link=\"https:\/\/ecolefermedesbois.ch\/?attachment_id=6897\" data-url=\"https:\/\/ecolefermedesbois.ch\/wp-content\/uploads\/2021\/09\/wp-16325467147931658516989089961691.jpg\" data-width=\"1000\" src=\"https:\/\/i0.wp.com\/ecolefermedesbois.ch\/wp-content\/uploads\/2021\/09\/wp-16325467147931658516989089961691.jpg?ssl=1\" data-amp-layout=\"responsive\" \/><\/figure><\/div><div class=\"tiled-gallery__col\" style=\"flex-basis:50.00000%\"><figure class=\"tiled-gallery__item\"><img decoding=\"async\" alt=\"\" data-height=\"750\" data-id=\"6896\" data-link=\"https:\/\/ecolefermedesbois.ch\/?attachment_id=6896\" data-url=\"https:\/\/ecolefermedesbois.ch\/wp-content\/uploads\/2021\/09\/wp-16325466910823106011597137467423.jpg\" data-width=\"1000\" src=\"https:\/\/i2.wp.com\/ecolefermedesbois.ch\/wp-content\/uploads\/2021\/09\/wp-16325466910823106011597137467423.jpg?ssl=1\" data-amp-layout=\"responsive\" \/><\/figure><\/div><\/div><\/div><\/div>\n\n\n\n<p>Pour la deuxi\u00e8me partie de la matin\u00e9e, c&rsquo;est parti pour le moment tant appr\u00e9ci\u00e9 des enfants, les c\u00e2lins!<br>Avec nos jeunes lapinoux! &#x1f407; Beaucoup de joie et de douceur durant ces instants de tendresse avec nos petites boules de poils. Pleins d&rsquo;\u00e9toiles dans les yeux!<br>Pendant se temps, un groupe est avec Aline pour faire le sentier pieds nus &#x1f9b6;&#x1f3fb;et tester leur odorat &#x1f443;&#x1f3fb; avec des herbes &#x1f331; aromatiques du potager. <br>Puis nous \u00e9changeons les groupes.<\/p>\n\n\n\n<div class=\"wp-block-jetpack-tiled-gallery aligncenter is-style-rectangular\"><div class=\"tiled-gallery__gallery\"><div class=\"tiled-gallery__row\"><div class=\"tiled-gallery__col\" style=\"flex-basis:63.96477%\"><figure class=\"tiled-gallery__item\"><img decoding=\"async\" alt=\"\" data-height=\"750\" data-id=\"6899\" data-link=\"https:\/\/ecolefermedesbois.ch\/?attachment_id=6899\" data-url=\"https:\/\/ecolefermedesbois.ch\/wp-content\/uploads\/2021\/09\/wp-16325473151972944299201992575767.jpg\" data-width=\"1000\" src=\"https:\/\/i1.wp.com\/ecolefermedesbois.ch\/wp-content\/uploads\/2021\/09\/wp-16325473151972944299201992575767.jpg?ssl=1\" data-amp-layout=\"responsive\" \/><\/figure><\/div><div class=\"tiled-gallery__col\" style=\"flex-basis:36.03523%\"><figure class=\"tiled-gallery__item\"><img decoding=\"async\" alt=\"\" data-height=\"1000\" data-id=\"6900\" data-link=\"https:\/\/ecolefermedesbois.ch\/?attachment_id=6900\" data-url=\"https:\/\/ecolefermedesbois.ch\/wp-content\/uploads\/2021\/09\/wp-16325473425385129927773794088804.jpg\" data-width=\"750\" src=\"https:\/\/i1.wp.com\/ecolefermedesbois.ch\/wp-content\/uploads\/2021\/09\/wp-16325473425385129927773794088804.jpg?ssl=1\" data-amp-layout=\"responsive\" \/><\/figure><\/div><\/div><div class=\"tiled-gallery__row\"><div class=\"tiled-gallery__col\" style=\"flex-basis:48.04981%\"><figure class=\"tiled-gallery__item\"><img decoding=\"async\" alt=\"\" data-height=\"1000\" data-id=\"6901\" data-link=\"https:\/\/ecolefermedesbois.ch\/?attachment_id=6901\" data-url=\"https:\/\/ecolefermedesbois.ch\/wp-content\/uploads\/2021\/09\/wp-16325473647893045046688829032347.jpg\" data-width=\"750\" src=\"https:\/\/i2.wp.com\/ecolefermedesbois.ch\/wp-content\/uploads\/2021\/09\/wp-16325473647893045046688829032347.jpg?ssl=1\" data-amp-layout=\"responsive\" \/><\/figure><\/div><div class=\"tiled-gallery__col\" style=\"flex-basis:51.95019%\"><figure class=\"tiled-gallery__item\"><img decoding=\"async\" alt=\"\" data-height=\"1000\" data-id=\"6902\" data-link=\"https:\/\/ecolefermedesbois.ch\/?attachment_id=6902\" data-url=\"https:\/\/ecolefermedesbois.ch\/wp-content\/uploads\/2021\/09\/wp-16325473970292783473578423784241.jpg\" data-width=\"811\" src=\"https:\/\/i1.wp.com\/ecolefermedesbois.ch\/wp-content\/uploads\/2021\/09\/wp-16325473970292783473578423784241.jpg?ssl=1\" data-amp-layout=\"responsive\" \/><\/figure><\/div><\/div><div class=\"tiled-gallery__row\"><div class=\"tiled-gallery__col\" style=\"flex-basis:44.62109%\"><figure class=\"tiled-gallery__item\"><img decoding=\"async\" alt=\"\" data-height=\"750\" data-id=\"6903\" data-link=\"https:\/\/ecolefermedesbois.ch\/?attachment_id=6903\" data-url=\"https:\/\/ecolefermedesbois.ch\/wp-content\/uploads\/2021\/09\/wp-16325474285743040688175974031756.jpg\" data-width=\"1000\" src=\"https:\/\/i1.wp.com\/ecolefermedesbois.ch\/wp-content\/uploads\/2021\/09\/wp-16325474285743040688175974031756.jpg?ssl=1\" data-amp-layout=\"responsive\" \/><\/figure><\/div><div class=\"tiled-gallery__col\" style=\"flex-basis:25.13916%\"><figure class=\"tiled-gallery__item\"><img decoding=\"async\" alt=\"\" data-height=\"1000\" data-id=\"6904\" data-link=\"https:\/\/ecolefermedesbois.ch\/?attachment_id=6904\" data-url=\"https:\/\/ecolefermedesbois.ch\/wp-content\/uploads\/2021\/09\/wp-16325476007887679467240849255249.jpg\" data-width=\"750\" src=\"https:\/\/i1.wp.com\/ecolefermedesbois.ch\/wp-content\/uploads\/2021\/09\/wp-16325476007887679467240849255249.jpg?ssl=1\" data-amp-layout=\"responsive\" \/><\/figure><\/div><div class=\"tiled-gallery__col\" style=\"flex-basis:15.11988%\"><figure class=\"tiled-gallery__item\"><img decoding=\"async\" alt=\"\" data-height=\"1000\" data-id=\"6928\" data-link=\"https:\/\/ecolefermedesbois.ch\/?attachment_id=6928\" data-url=\"https:\/\/ecolefermedesbois.ch\/wp-content\/uploads\/2021\/09\/wp-16325539997524147015421100638942.jpg\" data-width=\"450\" src=\"https:\/\/i1.wp.com\/ecolefermedesbois.ch\/wp-content\/uploads\/2021\/09\/wp-16325539997524147015421100638942.jpg?ssl=1\" data-amp-layout=\"responsive\" \/><\/figure><\/div><div class=\"tiled-gallery__col\" style=\"flex-basis:15.11988%\"><figure class=\"tiled-gallery__item\"><img decoding=\"async\" alt=\"\" data-height=\"1000\" data-id=\"6929\" data-link=\"https:\/\/ecolefermedesbois.ch\/?attachment_id=6929\" data-url=\"https:\/\/ecolefermedesbois.ch\/wp-content\/uploads\/2021\/09\/wp-16325541125699146383450314948838.jpg\" data-width=\"450\" src=\"https:\/\/i0.wp.com\/ecolefermedesbois.ch\/wp-content\/uploads\/2021\/09\/wp-16325541125699146383450314948838.jpg?ssl=1\" data-amp-layout=\"responsive\" \/><\/figure><\/div><\/div><div class=\"tiled-gallery__row\"><div class=\"tiled-gallery__col\" style=\"flex-basis:50.00000%\"><figure class=\"tiled-gallery__item\"><img decoding=\"async\" alt=\"\" data-height=\"1000\" data-id=\"6926\" data-link=\"https:\/\/ecolefermedesbois.ch\/?attachment_id=6926\" data-url=\"https:\/\/ecolefermedesbois.ch\/wp-content\/uploads\/2021\/09\/wp-16325538577882455958462508448927.jpg\" data-width=\"450\" src=\"https:\/\/i2.wp.com\/ecolefermedesbois.ch\/wp-content\/uploads\/2021\/09\/wp-16325538577882455958462508448927.jpg?ssl=1\" data-amp-layout=\"responsive\" \/><\/figure><\/div><div class=\"tiled-gallery__col\" style=\"flex-basis:50.00000%\"><figure class=\"tiled-gallery__item\"><img decoding=\"async\" alt=\"\" data-height=\"1000\" data-id=\"6924\" data-link=\"https:\/\/ecolefermedesbois.ch\/?attachment_id=6924\" data-url=\"https:\/\/ecolefermedesbois.ch\/wp-content\/uploads\/2021\/09\/wp-16325538074637287534088546904772.jpg\" data-width=\"450\" src=\"https:\/\/i2.wp.com\/ecolefermedesbois.ch\/wp-content\/uploads\/2021\/09\/wp-16325538074637287534088546904772.jpg?ssl=1\" data-amp-layout=\"responsive\" \/><\/figure><\/div><\/div><\/div><\/div>\n\n\n\n<p>C&rsquo;est leur de d\u00eener! Bon app\u00e9tit les enfants<\/p>\n\n\n\n<p>Pour d\u00e9marrer l&rsquo;apr\u00e8s-midi, tout le monde grimpe dans notre chariote et nous voil\u00e0 en chemin pour la ferme de Fochaux en faisant, dans un premier temps, un arr\u00eat vers nos biquettes.<br>Que d&rsquo;exclamation \u00e0 la vue de notre bouc! &#x1f603;<br>Malgr\u00e9 la cl\u00f4ture, les enfants ont bien profit\u00e9 de c\u00e2liner nos ch\u00e8vres. &#x1f60d;<\/p>\n\n\n\n<div class=\"wp-block-jetpack-tiled-gallery aligncenter is-style-rectangular\"><div class=\"tiled-gallery__gallery\"><div class=\"tiled-gallery__row\"><div class=\"tiled-gallery__col\" style=\"flex-basis:66.77402%\"><figure class=\"tiled-gallery__item\"><img decoding=\"async\" alt=\"\" data-height=\"750\" data-id=\"6905\" data-link=\"https:\/\/ecolefermedesbois.ch\/?attachment_id=6905\" data-url=\"https:\/\/ecolefermedesbois.ch\/wp-content\/uploads\/2021\/09\/wp-16325476451327961068267541291338.jpg\" data-width=\"1000\" src=\"https:\/\/i2.wp.com\/ecolefermedesbois.ch\/wp-content\/uploads\/2021\/09\/wp-16325476451327961068267541291338.jpg?ssl=1\" data-amp-layout=\"responsive\" \/><\/figure><\/div><div class=\"tiled-gallery__col\" style=\"flex-basis:33.22598%\"><figure class=\"tiled-gallery__item\"><img decoding=\"async\" alt=\"\" data-height=\"750\" data-id=\"6906\" data-link=\"https:\/\/ecolefermedesbois.ch\/?attachment_id=6906\" data-url=\"https:\/\/ecolefermedesbois.ch\/wp-content\/uploads\/2021\/09\/wp-16325476822401890337363526158556.jpg\" data-width=\"1000\" src=\"https:\/\/i0.wp.com\/ecolefermedesbois.ch\/wp-content\/uploads\/2021\/09\/wp-16325476822401890337363526158556.jpg?ssl=1\" data-amp-layout=\"responsive\" \/><\/figure><figure class=\"tiled-gallery__item\"><img decoding=\"async\" alt=\"\" data-height=\"750\" data-id=\"6907\" data-link=\"https:\/\/ecolefermedesbois.ch\/?attachment_id=6907\" data-url=\"https:\/\/ecolefermedesbois.ch\/wp-content\/uploads\/2021\/09\/wp-16325532555411998375772615825396.jpg\" data-width=\"1000\" src=\"https:\/\/i1.wp.com\/ecolefermedesbois.ch\/wp-content\/uploads\/2021\/09\/wp-16325532555411998375772615825396.jpg?ssl=1\" data-amp-layout=\"responsive\" \/><\/figure><\/div><\/div><div class=\"tiled-gallery__row\"><div class=\"tiled-gallery__col\" style=\"flex-basis:33.28733%\"><figure class=\"tiled-gallery__item\"><img decoding=\"async\" alt=\"\" data-height=\"750\" data-id=\"6910\" data-link=\"https:\/\/ecolefermedesbois.ch\/?attachment_id=6910\" data-url=\"https:\/\/ecolefermedesbois.ch\/wp-content\/uploads\/2021\/09\/wp-16325532904582113238226064230068.jpg\" data-width=\"1000\" src=\"https:\/\/i2.wp.com\/ecolefermedesbois.ch\/wp-content\/uploads\/2021\/09\/wp-16325532904582113238226064230068.jpg?ssl=1\" data-amp-layout=\"responsive\" \/><\/figure><\/div><div class=\"tiled-gallery__col\" style=\"flex-basis:11.34182%\"><figure class=\"tiled-gallery__item\"><img decoding=\"async\" alt=\"\" data-height=\"1000\" data-id=\"6922\" data-link=\"https:\/\/ecolefermedesbois.ch\/?attachment_id=6922\" data-url=\"https:\/\/ecolefermedesbois.ch\/wp-content\/uploads\/2021\/09\/wp-1632553757818511301258579750427.jpg\" data-width=\"450\" src=\"https:\/\/i1.wp.com\/ecolefermedesbois.ch\/wp-content\/uploads\/2021\/09\/wp-1632553757818511301258579750427.jpg?ssl=1\" data-amp-layout=\"responsive\" \/><\/figure><\/div><div class=\"tiled-gallery__col\" style=\"flex-basis:55.37085%\"><figure class=\"tiled-gallery__item\"><img decoding=\"async\" alt=\"\" data-height=\"450\" data-id=\"6923\" data-link=\"https:\/\/ecolefermedesbois.ch\/?attachment_id=6923\" data-url=\"https:\/\/ecolefermedesbois.ch\/wp-content\/uploads\/2021\/09\/wp-16325537885256409518731215085042.jpg\" data-width=\"1000\" src=\"https:\/\/i1.wp.com\/ecolefermedesbois.ch\/wp-content\/uploads\/2021\/09\/wp-16325537885256409518731215085042.jpg?ssl=1\" data-amp-layout=\"responsive\" \/><\/figure><\/div><\/div><\/div><\/div>\n\n\n\n<p>Arriv\u00e9s \u00e0 la ferme de Fochaux, nous d\u00e9couvrons l&rsquo;\u00e9table. Comment celle-ci est-elle constitu\u00e9e.<br>Nous parlons des aliments des vaches &#x1f404;. Et j&rsquo;en profite pour expliquer aux \u00e9l\u00e8ves l&rsquo;impact dangereux qu&rsquo;ont les d\u00e9chets au bord des routes et leurs cons\u00e9quences sur la vie de nos animaux. &#x26a0;&#xfe0f;<br>Vu que leur th\u00e8me de l&rsquo;ann\u00e9e en classe est: les plan\u00e8tes, je fais le lien avec le jeu de \u00ab\u00a0Madame Poubelle a mal au ventre\u00a0\u00bb pour leur parler du tri des d\u00e9chets. \u00ae&#xfe0f;<br>Un fois le jeu termin\u00e9, nous cheminons jusqu&rsquo;\u00e0 la salle de traite. Je leur explique comment fonction une machine \u00e0 traire ainsi de quand nous trayons les vaches. &#x1f95b;<br>Pour finir cette belle journ\u00e9e, nous passons vers les veaux, profiter d&rsquo;un dernier c\u00e2lin. &#x1f970;<\/p>\n\n\n\n<div class=\"wp-block-jetpack-tiled-gallery aligncenter is-style-rectangular\"><div class=\"tiled-gallery__gallery\"><div class=\"tiled-gallery__row\"><div class=\"tiled-gallery__col\" style=\"flex-basis:16.94694%\"><figure class=\"tiled-gallery__item\"><img decoding=\"async\" alt=\"\" data-height=\"1000\" data-id=\"6919\" data-link=\"https:\/\/ecolefermedesbois.ch\/?attachment_id=6919\" data-url=\"https:\/\/ecolefermedesbois.ch\/wp-content\/uploads\/2021\/09\/wp-16325536743451537301940623615993.jpg\" data-width=\"450\" src=\"https:\/\/i2.wp.com\/ecolefermedesbois.ch\/wp-content\/uploads\/2021\/09\/wp-16325536743451537301940623615993.jpg?ssl=1\" data-amp-layout=\"responsive\" \/><\/figure><\/div><div class=\"tiled-gallery__col\" style=\"flex-basis:83.05306%\"><figure class=\"tiled-gallery__item\"><img decoding=\"async\" alt=\"\" data-height=\"450\" data-id=\"6920\" data-link=\"https:\/\/ecolefermedesbois.ch\/?attachment_id=6920\" data-url=\"https:\/\/ecolefermedesbois.ch\/wp-content\/uploads\/2021\/09\/wp-16325537055044619503733390614059.jpg\" data-width=\"1000\" src=\"https:\/\/i0.wp.com\/ecolefermedesbois.ch\/wp-content\/uploads\/2021\/09\/wp-16325537055044619503733390614059.jpg?ssl=1\" data-amp-layout=\"responsive\" \/><\/figure><\/div><\/div><div class=\"tiled-gallery__row\"><div class=\"tiled-gallery__col\" style=\"flex-basis:66.77402%\"><figure class=\"tiled-gallery__item\"><img decoding=\"async\" alt=\"\" data-height=\"750\" data-id=\"6912\" data-link=\"https:\/\/ecolefermedesbois.ch\/?attachment_id=6912\" data-url=\"https:\/\/ecolefermedesbois.ch\/wp-content\/uploads\/2021\/09\/wp-16325533505974914515686492146942.jpg\" data-width=\"1000\" src=\"https:\/\/i1.wp.com\/ecolefermedesbois.ch\/wp-content\/uploads\/2021\/09\/wp-16325533505974914515686492146942.jpg?ssl=1\" data-amp-layout=\"responsive\" \/><\/figure><\/div><div class=\"tiled-gallery__col\" style=\"flex-basis:33.22598%\"><figure class=\"tiled-gallery__item\"><img decoding=\"async\" alt=\"\" data-height=\"750\" data-id=\"6911\" data-link=\"https:\/\/ecolefermedesbois.ch\/?attachment_id=6911\" data-url=\"https:\/\/ecolefermedesbois.ch\/wp-content\/uploads\/2021\/09\/wp-16325533221743819867816674811240.jpg\" data-width=\"1000\" src=\"https:\/\/i2.wp.com\/ecolefermedesbois.ch\/wp-content\/uploads\/2021\/09\/wp-16325533221743819867816674811240.jpg?ssl=1\" data-amp-layout=\"responsive\" \/><\/figure><figure class=\"tiled-gallery__item\"><img decoding=\"async\" alt=\"\" data-height=\"750\" data-id=\"6913\" data-link=\"https:\/\/ecolefermedesbois.ch\/?attachment_id=6913\" data-url=\"https:\/\/ecolefermedesbois.ch\/wp-content\/uploads\/2021\/09\/wp-16325533784704495800709876196022.jpg\" data-width=\"1000\" src=\"https:\/\/i1.wp.com\/ecolefermedesbois.ch\/wp-content\/uploads\/2021\/09\/wp-16325533784704495800709876196022.jpg?ssl=1\" data-amp-layout=\"responsive\" \/><\/figure><\/div><\/div><div class=\"tiled-gallery__row\"><div class=\"tiled-gallery__col\" style=\"flex-basis:55.27600%\"><figure class=\"tiled-gallery__item\"><img decoding=\"async\" alt=\"\" data-height=\"750\" data-id=\"6914\" data-link=\"https:\/\/ecolefermedesbois.ch\/?attachment_id=6914\" data-url=\"https:\/\/ecolefermedesbois.ch\/wp-content\/uploads\/2021\/09\/wp-16325534211078667147131415771985.jpg\" data-width=\"1000\" src=\"https:\/\/i0.wp.com\/ecolefermedesbois.ch\/wp-content\/uploads\/2021\/09\/wp-16325534211078667147131415771985.jpg?ssl=1\" data-amp-layout=\"responsive\" \/><\/figure><\/div><div class=\"tiled-gallery__col\" style=\"flex-basis:26.00379%\"><figure class=\"tiled-gallery__item\"><img decoding=\"async\" alt=\"\" data-height=\"1000\" data-id=\"6917\" data-link=\"https:\/\/ecolefermedesbois.ch\/?attachment_id=6917\" data-url=\"https:\/\/ecolefermedesbois.ch\/wp-content\/uploads\/2021\/09\/wp-1632553621962951310400860459769.jpg\" data-width=\"626\" src=\"https:\/\/i1.wp.com\/ecolefermedesbois.ch\/wp-content\/uploads\/2021\/09\/wp-1632553621962951310400860459769.jpg?ssl=1\" data-amp-layout=\"responsive\" \/><\/figure><\/div><div class=\"tiled-gallery__col\" style=\"flex-basis:18.72022%\"><figure class=\"tiled-gallery__item\"><img decoding=\"async\" alt=\"\" data-height=\"1000\" data-id=\"6921\" data-link=\"https:\/\/ecolefermedesbois.ch\/?attachment_id=6921\" data-url=\"https:\/\/ecolefermedesbois.ch\/wp-content\/uploads\/2021\/09\/wp-16325536416905581022932577306575-1.jpg\" data-width=\"450\" src=\"https:\/\/i0.wp.com\/ecolefermedesbois.ch\/wp-content\/uploads\/2021\/09\/wp-16325536416905581022932577306575-1.jpg?ssl=1\" data-amp-layout=\"responsive\" \/><\/figure><\/div><\/div><div class=\"tiled-gallery__row\"><div class=\"tiled-gallery__col\" style=\"flex-basis:38.96048%\"><figure class=\"tiled-gallery__item\"><img decoding=\"async\" alt=\"\" data-height=\"1000\" data-id=\"6915\" data-link=\"https:\/\/ecolefermedesbois.ch\/?attachment_id=6915\" data-url=\"https:\/\/ecolefermedesbois.ch\/wp-content\/uploads\/2021\/09\/wp-16325534565315759807492873081792.jpg\" data-width=\"850\" src=\"https:\/\/i2.wp.com\/ecolefermedesbois.ch\/wp-content\/uploads\/2021\/09\/wp-16325534565315759807492873081792.jpg?ssl=1\" data-amp-layout=\"responsive\" \/><\/figure><\/div><div class=\"tiled-gallery__col\" style=\"flex-basis:61.03952%\"><figure class=\"tiled-gallery__item\"><img decoding=\"async\" alt=\"\" data-height=\"750\" data-id=\"6916\" data-link=\"https:\/\/ecolefermedesbois.ch\/?attachment_id=6916\" data-url=\"https:\/\/ecolefermedesbois.ch\/wp-content\/uploads\/2021\/09\/wp-16325535118361211309500434238817.jpg\" data-width=\"1000\" src=\"https:\/\/i2.wp.com\/ecolefermedesbois.ch\/wp-content\/uploads\/2021\/09\/wp-16325535118361211309500434238817.jpg?ssl=1\" data-amp-layout=\"responsive\" \/><\/figure><\/div><\/div><\/div><\/div>\n\n\n\n<p>Merci les enfants pour votre int\u00e9r\u00eat tout au long de la journ\u00e9e. J&rsquo;ai eu du plaisir a faire votre connaissance ou \u00e0 vous revoir pour certains d&rsquo;entre vous. &#x1f49d;<\/p>\n\n\n\n<p>Merci Aur\u00e9lie et Maaike, d&rsquo;\u00eatre venues avec votre classe, nous permettre de vivre ces moments uniques &#x1f339;<\/p>\n\n\n\n<p>Merci Aline pour ton aide au bon d\u00e9roulement de la journ\u00e9e &#x1f33a;<\/p>\n\n\n\n<p>A bient\u00f4t &#x1f917;<\/p>\n\n\n\n<p>Sophie<\/p>\n\n\n","protected":false},"excerpt":{"rendered":"<p>Ce jeudi, les \u00e9l\u00e8ves d&rsquo;Aur\u00e9lie Annen de la Conversion sont venus passer une journ\u00e9e pour d\u00e9couvrir les animaux de la&#46;&#46;&#46;<\/p>\n","protected":false},"author":2,"featured_media":6908,"comment_status":"open","ping_status":"open","sticky":false,"template":"","format":"image","meta":{"jetpack_post_was_ever_published":false,"footnotes":"","jetpack_publicize_message":"","jetpack_publicize_feature_enabled":true,"jetpack_social_post_already_shared":true,"jetpack_social_options":{"image_generator_settings":{"template":"highway","default_image_id":0,"font":"","enabled":false},"version":2}},"categories":[33],"tags":[],"class_list":["post-6932","post","type-post","status-publish","format-image","has-post-thumbnail","hentry","category-ecole","post_format-post-format-image"],"yoast_head":"<!-- This site is optimized with the Yoast SEO plugin v27.5 - https:\/\/yoast.com\/product\/yoast-seo-wordpress\/ -->\n<title>Une Journ\u00e9e r\u00e9cr\u00e9-active pour la classe de A. Annen &#x1f31e; -<\/title>\n<meta name=\"robots\" content=\"index, follow, max-snippet:-1, max-image-preview:large, max-video-preview:-1\" \/>\n<link rel=\"canonical\" href=\"https:\/\/ecolefermedesbois.ch\/?p=6932\" \/>\n<meta property=\"og:locale\" content=\"fr_FR\" \/>\n<meta property=\"og:type\" content=\"article\" \/>\n<meta property=\"og:title\" content=\"Une Journ\u00e9e r\u00e9cr\u00e9-active pour la classe de A. Annen &#x1f31e; -\" \/>\n<meta property=\"og:description\" content=\"Ce jeudi, les \u00e9l\u00e8ves d&rsquo;Aur\u00e9lie Annen de la Conversion sont venus passer une journ\u00e9e pour d\u00e9couvrir les animaux de la&#046;&#046;&#046;\" \/>\n<meta property=\"og:url\" content=\"https:\/\/ecolefermedesbois.ch\/?p=6932\" \/>\n<meta property=\"article:publisher\" content=\"https:\/\/www.facebook.com\/ecolefermedesBois\" \/>\n<meta property=\"article:published_time\" content=\"2021-09-26T08:47:44+00:00\" \/>\n<meta property=\"article:modified_time\" content=\"2021-09-26T08:53:43+00:00\" \/>\n<meta property=\"og:image\" content=\"https:\/\/ecolefermedesbois.ch\/wp-content\/uploads\/2021\/09\/wp-16325476451327961068267541291338-1.jpg\" \/>\n\t<meta property=\"og:image:width\" content=\"1000\" \/>\n\t<meta property=\"og:image:height\" content=\"750\" \/>\n\t<meta property=\"og:image:type\" content=\"image\/jpeg\" \/>\n<meta name=\"author\" content=\"Sophie\" \/>\n<meta name=\"twitter:card\" content=\"summary_large_image\" \/>\n<meta name=\"twitter:label1\" content=\"\u00c9crit par\" \/>\n\t<meta name=\"twitter:data1\" content=\"Sophie\" \/>\n\t<meta name=\"twitter:label2\" content=\"Dur\u00e9e de lecture estim\u00e9e\" \/>\n\t<meta name=\"twitter:data2\" content=\"9 minutes\" \/>\n<script type=\"application\/ld+json\" class=\"yoast-schema-graph\">{\"@context\":\"https:\\\/\\\/schema.org\",\"@graph\":[{\"@type\":\"Article\",\"@id\":\"https:\\\/\\\/ecolefermedesbois.ch\\\/?p=6932#article\",\"isPartOf\":{\"@id\":\"https:\\\/\\\/ecolefermedesbois.ch\\\/?p=6932\"},\"author\":{\"name\":\"Sophie\",\"@id\":\"https:\\\/\\\/ecolefermedesbois.ch\\\/#\\\/schema\\\/person\\\/78f5a1c78e958e51240f90932d290908\"},\"headline\":\"Une Journ\u00e9e r\u00e9cr\u00e9-active pour la classe de A. Annen &#x1f31e;\",\"datePublished\":\"2021-09-26T08:47:44+00:00\",\"dateModified\":\"2021-09-26T08:53:43+00:00\",\"mainEntityOfPage\":{\"@id\":\"https:\\\/\\\/ecolefermedesbois.ch\\\/?p=6932\"},\"wordCount\":557,\"commentCount\":0,\"publisher\":{\"@id\":\"https:\\\/\\\/ecolefermedesbois.ch\\\/#organization\"},\"image\":{\"@id\":\"https:\\\/\\\/ecolefermedesbois.ch\\\/?p=6932#primaryimage\"},\"thumbnailUrl\":\"https:\\\/\\\/i0.wp.com\\\/ecolefermedesbois.ch\\\/wp-content\\\/uploads\\\/2021\\\/09\\\/wp-16325476451327961068267541291338-1.jpg?fit=1000%2C750&ssl=1\",\"articleSection\":[\"Ecole\"],\"inLanguage\":\"fr-FR\",\"potentialAction\":[{\"@type\":\"CommentAction\",\"name\":\"Comment\",\"target\":[\"https:\\\/\\\/ecolefermedesbois.ch\\\/?p=6932#respond\"]}]},{\"@type\":\"WebPage\",\"@id\":\"https:\\\/\\\/ecolefermedesbois.ch\\\/?p=6932\",\"url\":\"https:\\\/\\\/ecolefermedesbois.ch\\\/?p=6932\",\"name\":\"Une Journ\u00e9e r\u00e9cr\u00e9-active pour la classe de A. Annen &#x1f31e; -\",\"isPartOf\":{\"@id\":\"https:\\\/\\\/ecolefermedesbois.ch\\\/#website\"},\"primaryImageOfPage\":{\"@id\":\"https:\\\/\\\/ecolefermedesbois.ch\\\/?p=6932#primaryimage\"},\"image\":{\"@id\":\"https:\\\/\\\/ecolefermedesbois.ch\\\/?p=6932#primaryimage\"},\"thumbnailUrl\":\"https:\\\/\\\/i0.wp.com\\\/ecolefermedesbois.ch\\\/wp-content\\\/uploads\\\/2021\\\/09\\\/wp-16325476451327961068267541291338-1.jpg?fit=1000%2C750&ssl=1\",\"datePublished\":\"2021-09-26T08:47:44+00:00\",\"dateModified\":\"2021-09-26T08:53:43+00:00\",\"breadcrumb\":{\"@id\":\"https:\\\/\\\/ecolefermedesbois.ch\\\/?p=6932#breadcrumb\"},\"inLanguage\":\"fr-FR\",\"potentialAction\":[{\"@type\":\"ReadAction\",\"target\":[\"https:\\\/\\\/ecolefermedesbois.ch\\\/?p=6932\"]}]},{\"@type\":\"ImageObject\",\"inLanguage\":\"fr-FR\",\"@id\":\"https:\\\/\\\/ecolefermedesbois.ch\\\/?p=6932#primaryimage\",\"url\":\"https:\\\/\\\/i0.wp.com\\\/ecolefermedesbois.ch\\\/wp-content\\\/uploads\\\/2021\\\/09\\\/wp-16325476451327961068267541291338-1.jpg?fit=1000%2C750&ssl=1\",\"contentUrl\":\"https:\\\/\\\/i0.wp.com\\\/ecolefermedesbois.ch\\\/wp-content\\\/uploads\\\/2021\\\/09\\\/wp-16325476451327961068267541291338-1.jpg?fit=1000%2C750&ssl=1\",\"width\":1000,\"height\":750},{\"@type\":\"BreadcrumbList\",\"@id\":\"https:\\\/\\\/ecolefermedesbois.ch\\\/?p=6932#breadcrumb\",\"itemListElement\":[{\"@type\":\"ListItem\",\"position\":1,\"name\":\"Accueil\",\"item\":\"https:\\\/\\\/ecolefermedesbois.ch\\\/\"},{\"@type\":\"ListItem\",\"position\":2,\"name\":\"Une Journ\u00e9e r\u00e9cr\u00e9-active pour la classe de A. Annen &#x1f31e;\"}]},{\"@type\":\"WebSite\",\"@id\":\"https:\\\/\\\/ecolefermedesbois.ch\\\/#website\",\"url\":\"https:\\\/\\\/ecolefermedesbois.ch\\\/\",\"name\":\"ecolefermedesbois\",\"description\":\"\",\"publisher\":{\"@id\":\"https:\\\/\\\/ecolefermedesbois.ch\\\/#organization\"},\"potentialAction\":[{\"@type\":\"SearchAction\",\"target\":{\"@type\":\"EntryPoint\",\"urlTemplate\":\"https:\\\/\\\/ecolefermedesbois.ch\\\/?s={search_term_string}\"},\"query-input\":{\"@type\":\"PropertyValueSpecification\",\"valueRequired\":true,\"valueName\":\"search_term_string\"}}],\"inLanguage\":\"fr-FR\"},{\"@type\":\"Organization\",\"@id\":\"https:\\\/\\\/ecolefermedesbois.ch\\\/#organization\",\"name\":\"Ecole \u00e0 la Ferme des Bois\",\"url\":\"https:\\\/\\\/ecolefermedesbois.ch\\\/\",\"logo\":{\"@type\":\"ImageObject\",\"inLanguage\":\"fr-FR\",\"@id\":\"https:\\\/\\\/ecolefermedesbois.ch\\\/#\\\/schema\\\/logo\\\/image\\\/\",\"url\":\"https:\\\/\\\/ecolefermedesbois.ch\\\/wp-content\\\/uploads\\\/2019\\\/04\\\/logo-scaled.gif\",\"contentUrl\":\"https:\\\/\\\/ecolefermedesbois.ch\\\/wp-content\\\/uploads\\\/2019\\\/04\\\/logo-scaled.gif\",\"width\":2560,\"height\":608,\"caption\":\"Ecole \u00e0 la Ferme des Bois\"},\"image\":{\"@id\":\"https:\\\/\\\/ecolefermedesbois.ch\\\/#\\\/schema\\\/logo\\\/image\\\/\"},\"sameAs\":[\"https:\\\/\\\/www.facebook.com\\\/ecolefermedesBois\"]},{\"@type\":\"Person\",\"@id\":\"https:\\\/\\\/ecolefermedesbois.ch\\\/#\\\/schema\\\/person\\\/78f5a1c78e958e51240f90932d290908\",\"name\":\"Sophie\",\"image\":{\"@type\":\"ImageObject\",\"inLanguage\":\"fr-FR\",\"@id\":\"https:\\\/\\\/secure.gravatar.com\\\/avatar\\\/053fbaec50cb27b03b880a4b8b018009aa3af995f32011efc3f40a589371d46f?s=96&d=mm&r=g\",\"url\":\"https:\\\/\\\/secure.gravatar.com\\\/avatar\\\/053fbaec50cb27b03b880a4b8b018009aa3af995f32011efc3f40a589371d46f?s=96&d=mm&r=g\",\"contentUrl\":\"https:\\\/\\\/secure.gravatar.com\\\/avatar\\\/053fbaec50cb27b03b880a4b8b018009aa3af995f32011efc3f40a589371d46f?s=96&d=mm&r=g\",\"caption\":\"Sophie\"},\"url\":\"https:\\\/\\\/ecolefermedesbois.ch\\\/?author=2\"}]}<\/script>\n<!-- \/ Yoast SEO plugin. -->","yoast_head_json":{"title":"Une Journ\u00e9e r\u00e9cr\u00e9-active pour la classe de A. Annen &#x1f31e; -","robots":{"index":"index","follow":"follow","max-snippet":"max-snippet:-1","max-image-preview":"max-image-preview:large","max-video-preview":"max-video-preview:-1"},"canonical":"https:\/\/ecolefermedesbois.ch\/?p=6932","og_locale":"fr_FR","og_type":"article","og_title":"Une Journ\u00e9e r\u00e9cr\u00e9-active pour la classe de A. Annen &#x1f31e; -","og_description":"Ce jeudi, les \u00e9l\u00e8ves d&rsquo;Aur\u00e9lie Annen de la Conversion sont venus passer une journ\u00e9e pour d\u00e9couvrir les animaux de la&#46;&#46;&#46;","og_url":"https:\/\/ecolefermedesbois.ch\/?p=6932","article_publisher":"https:\/\/www.facebook.com\/ecolefermedesBois","article_published_time":"2021-09-26T08:47:44+00:00","article_modified_time":"2021-09-26T08:53:43+00:00","og_image":[{"width":1000,"height":750,"url":"https:\/\/ecolefermedesbois.ch\/wp-content\/uploads\/2021\/09\/wp-16325476451327961068267541291338-1.jpg","type":"image\/jpeg"}],"author":"Sophie","twitter_card":"summary_large_image","twitter_misc":{"\u00c9crit par":"Sophie","Dur\u00e9e de lecture estim\u00e9e":"9 minutes"},"schema":{"@context":"https:\/\/schema.org","@graph":[{"@type":"Article","@id":"https:\/\/ecolefermedesbois.ch\/?p=6932#article","isPartOf":{"@id":"https:\/\/ecolefermedesbois.ch\/?p=6932"},"author":{"name":"Sophie","@id":"https:\/\/ecolefermedesbois.ch\/#\/schema\/person\/78f5a1c78e958e51240f90932d290908"},"headline":"Une Journ\u00e9e r\u00e9cr\u00e9-active pour la classe de A. Annen &#x1f31e;","datePublished":"2021-09-26T08:47:44+00:00","dateModified":"2021-09-26T08:53:43+00:00","mainEntityOfPage":{"@id":"https:\/\/ecolefermedesbois.ch\/?p=6932"},"wordCount":557,"commentCount":0,"publisher":{"@id":"https:\/\/ecolefermedesbois.ch\/#organization"},"image":{"@id":"https:\/\/ecolefermedesbois.ch\/?p=6932#primaryimage"},"thumbnailUrl":"https:\/\/i0.wp.com\/ecolefermedesbois.ch\/wp-content\/uploads\/2021\/09\/wp-16325476451327961068267541291338-1.jpg?fit=1000%2C750&ssl=1","articleSection":["Ecole"],"inLanguage":"fr-FR","potentialAction":[{"@type":"CommentAction","name":"Comment","target":["https:\/\/ecolefermedesbois.ch\/?p=6932#respond"]}]},{"@type":"WebPage","@id":"https:\/\/ecolefermedesbois.ch\/?p=6932","url":"https:\/\/ecolefermedesbois.ch\/?p=6932","name":"Une Journ\u00e9e r\u00e9cr\u00e9-active pour la classe de A. Annen &#x1f31e; -","isPartOf":{"@id":"https:\/\/ecolefermedesbois.ch\/#website"},"primaryImageOfPage":{"@id":"https:\/\/ecolefermedesbois.ch\/?p=6932#primaryimage"},"image":{"@id":"https:\/\/ecolefermedesbois.ch\/?p=6932#primaryimage"},"thumbnailUrl":"https:\/\/i0.wp.com\/ecolefermedesbois.ch\/wp-content\/uploads\/2021\/09\/wp-16325476451327961068267541291338-1.jpg?fit=1000%2C750&ssl=1","datePublished":"2021-09-26T08:47:44+00:00","dateModified":"2021-09-26T08:53:43+00:00","breadcrumb":{"@id":"https:\/\/ecolefermedesbois.ch\/?p=6932#breadcrumb"},"inLanguage":"fr-FR","potentialAction":[{"@type":"ReadAction","target":["https:\/\/ecolefermedesbois.ch\/?p=6932"]}]},{"@type":"ImageObject","inLanguage":"fr-FR","@id":"https:\/\/ecolefermedesbois.ch\/?p=6932#primaryimage","url":"https:\/\/i0.wp.com\/ecolefermedesbois.ch\/wp-content\/uploads\/2021\/09\/wp-16325476451327961068267541291338-1.jpg?fit=1000%2C750&ssl=1","contentUrl":"https:\/\/i0.wp.com\/ecolefermedesbois.ch\/wp-content\/uploads\/2021\/09\/wp-16325476451327961068267541291338-1.jpg?fit=1000%2C750&ssl=1","width":1000,"height":750},{"@type":"BreadcrumbList","@id":"https:\/\/ecolefermedesbois.ch\/?p=6932#breadcrumb","itemListElement":[{"@type":"ListItem","position":1,"name":"Accueil","item":"https:\/\/ecolefermedesbois.ch\/"},{"@type":"ListItem","position":2,"name":"Une Journ\u00e9e r\u00e9cr\u00e9-active pour la classe de A. Annen &#x1f31e;"}]},{"@type":"WebSite","@id":"https:\/\/ecolefermedesbois.ch\/#website","url":"https:\/\/ecolefermedesbois.ch\/","name":"ecolefermedesbois","description":"","publisher":{"@id":"https:\/\/ecolefermedesbois.ch\/#organization"},"potentialAction":[{"@type":"SearchAction","target":{"@type":"EntryPoint","urlTemplate":"https:\/\/ecolefermedesbois.ch\/?s={search_term_string}"},"query-input":{"@type":"PropertyValueSpecification","valueRequired":true,"valueName":"search_term_string"}}],"inLanguage":"fr-FR"},{"@type":"Organization","@id":"https:\/\/ecolefermedesbois.ch\/#organization","name":"Ecole \u00e0 la Ferme des Bois","url":"https:\/\/ecolefermedesbois.ch\/","logo":{"@type":"ImageObject","inLanguage":"fr-FR","@id":"https:\/\/ecolefermedesbois.ch\/#\/schema\/logo\/image\/","url":"https:\/\/ecolefermedesbois.ch\/wp-content\/uploads\/2019\/04\/logo-scaled.gif","contentUrl":"https:\/\/ecolefermedesbois.ch\/wp-content\/uploads\/2019\/04\/logo-scaled.gif","width":2560,"height":608,"caption":"Ecole \u00e0 la Ferme des Bois"},"image":{"@id":"https:\/\/ecolefermedesbois.ch\/#\/schema\/logo\/image\/"},"sameAs":["https:\/\/www.facebook.com\/ecolefermedesBois"]},{"@type":"Person","@id":"https:\/\/ecolefermedesbois.ch\/#\/schema\/person\/78f5a1c78e958e51240f90932d290908","name":"Sophie","image":{"@type":"ImageObject","inLanguage":"fr-FR","@id":"https:\/\/secure.gravatar.com\/avatar\/053fbaec50cb27b03b880a4b8b018009aa3af995f32011efc3f40a589371d46f?s=96&d=mm&r=g","url":"https:\/\/secure.gravatar.com\/avatar\/053fbaec50cb27b03b880a4b8b018009aa3af995f32011efc3f40a589371d46f?s=96&d=mm&r=g","contentUrl":"https:\/\/secure.gravatar.com\/avatar\/053fbaec50cb27b03b880a4b8b018009aa3af995f32011efc3f40a589371d46f?s=96&d=mm&r=g","caption":"Sophie"},"url":"https:\/\/ecolefermedesbois.ch\/?author=2"}]}},"jetpack_publicize_connections":[],"jetpack_featured_media_url":"https:\/\/i0.wp.com\/ecolefermedesbois.ch\/wp-content\/uploads\/2021\/09\/wp-16325476451327961068267541291338-1.jpg?fit=1000%2C750&ssl=1","jetpack_sharing_enabled":true,"_links":{"self":[{"href":"https:\/\/ecolefermedesbois.ch\/index.php?rest_route=\/wp\/v2\/posts\/6932","targetHints":{"allow":["GET"]}}],"collection":[{"href":"https:\/\/ecolefermedesbois.ch\/index.php?rest_route=\/wp\/v2\/posts"}],"about":[{"href":"https:\/\/ecolefermedesbois.ch\/index.php?rest_route=\/wp\/v2\/types\/post"}],"author":[{"embeddable":true,"href":"https:\/\/ecolefermedesbois.ch\/index.php?rest_route=\/wp\/v2\/users\/2"}],"replies":[{"embeddable":true,"href":"https:\/\/ecolefermedesbois.ch\/index.php?rest_route=%2Fwp%2Fv2%2Fcomments&post=6932"}],"version-history":[{"count":2,"href":"https:\/\/ecolefermedesbois.ch\/index.php?rest_route=\/wp\/v2\/posts\/6932\/revisions"}],"predecessor-version":[{"id":6934,"href":"https:\/\/ecolefermedesbois.ch\/index.php?rest_route=\/wp\/v2\/posts\/6932\/revisions\/6934"}],"wp:featuredmedia":[{"embeddable":true,"href":"https:\/\/ecolefermedesbois.ch\/index.php?rest_route=\/wp\/v2\/media\/6908"}],"wp:attachment":[{"href":"https:\/\/ecolefermedesbois.ch\/index.php?rest_route=%2Fwp%2Fv2%2Fmedia&parent=6932"}],"wp:term":[{"taxonomy":"category","embeddable":true,"href":"https:\/\/ecolefermedesbois.ch\/index.php?rest_route=%2Fwp%2Fv2%2Fcategories&post=6932"},{"taxonomy":"post_tag","embeddable":true,"href":"https:\/\/ecolefermedesbois.ch\/index.php?rest_route=%2Fwp%2Fv2%2Ftags&post=6932"}],"curies":[{"name":"wp","href":"https:\/\/api.w.org\/{rel}","templated":true}]}}