{"id":5724,"date":"2021-05-21T17:24:42","date_gmt":"2021-05-21T15:24:42","guid":{"rendered":"https:\/\/ecolefermedesbois.ch\/?p=5724"},"modified":"2021-05-21T17:24:47","modified_gmt":"2021-05-21T15:24:47","slug":"la-classe-1-2p-de-d-sagols-au-potager","status":"publish","type":"post","link":"https:\/\/ecolefermedesbois.ch\/?p=5724","title":{"rendered":"La classe 1-2P de D. Sagols au potager&#x1f955;"},"content":{"rendered":"<div class=\"pdfprnt-buttons pdfprnt-buttons-post pdfprnt-top-right\"><a href=\"https:\/\/ecolefermedesbois.ch\/index.php?rest_route=%2Fwp%2Fv2%2Fposts%2F5724&print=pdf\" class=\"pdfprnt-button pdfprnt-button-pdf\" target=\"_blank\" ><img data-recalc-dims=\"1\" decoding=\"async\" src=\"https:\/\/i0.wp.com\/ecolefermedesbois.ch\/wp-content\/plugins\/pdf-print\/images\/pdf.png?w=720&#038;ssl=1\" alt=\"image_pdf\" title=\"Afficher le PDF\" \/><\/a><a href=\"https:\/\/ecolefermedesbois.ch\/index.php?rest_route=%2Fwp%2Fv2%2Fposts%2F5724&print=print\" class=\"pdfprnt-button pdfprnt-button-print\" target=\"_blank\" ><img data-recalc-dims=\"1\" decoding=\"async\" src=\"https:\/\/i0.wp.com\/ecolefermedesbois.ch\/wp-content\/plugins\/pdf-print\/images\/print.png?w=720&#038;ssl=1\" alt=\"image_print\" title=\"Contenu imprim\u00e9\" \/><\/a><\/div>\n<p>Ce mardi matin, les \u00e9l\u00e8ves 1-2P de Dylane Sagols de Pal\u00e9zieux sont venus d\u00e9couvrir le potager.<\/p>\n\n\n\n<p>Nous commen\u00e7ons la matin\u00e9e par notre panneau didacte. <br>\u00ab\u00a0Que doit-on faire pour avoir des l\u00e9gumes au jardin? &#x1f914;<br>&#8211; Semer des graines. r\u00e9pondent les enfants.<br>&#8211; Oui c&rsquo;est juste. Et que se passe-t-il avec cette graine?<br>&#8211; Elle germe.\u00a0\u00bb l\u00e0, je leur donne les images pour les d\u00e9poser sur notre panneau. Pour finir ils affichent celle de la &#x1f955;. <br>Une fois nos premi\u00e8res images mises en place, en route pour observer le potager.<\/p>\n\n\n\n<div class=\"wp-block-jetpack-tiled-gallery aligncenter is-style-rectangular\"><div class=\"tiled-gallery__gallery\"><div class=\"tiled-gallery__row\"><div class=\"tiled-gallery__col\" style=\"flex-basis:50.00000%\"><figure class=\"tiled-gallery__item\"><img decoding=\"async\" alt=\"\" data-height=\"2048\" data-id=\"5685\" data-link=\"https:\/\/ecolefermedesbois.ch\/?attachment_id=5685\" data-url=\"https:\/\/ecolefermedesbois.ch\/wp-content\/uploads\/2021\/05\/wp-1621511513542.jpg\" data-width=\"1536\" src=\"https:\/\/i0.wp.com\/ecolefermedesbois.ch\/wp-content\/uploads\/2021\/05\/wp-1621511513542.jpg?ssl=1\" data-amp-layout=\"responsive\"\/><\/figure><\/div><div class=\"tiled-gallery__col\" style=\"flex-basis:50.00000%\"><figure class=\"tiled-gallery__item\"><img decoding=\"async\" alt=\"\" data-height=\"2560\" data-id=\"5691\" data-link=\"https:\/\/ecolefermedesbois.ch\/?attachment_id=5691\" data-url=\"https:\/\/ecolefermedesbois.ch\/wp-content\/uploads\/2021\/05\/wp-16215116807775533968283591487548-1-scaled.jpg\" data-width=\"1920\" src=\"https:\/\/i2.wp.com\/ecolefermedesbois.ch\/wp-content\/uploads\/2021\/05\/wp-16215116807775533968283591487548-1-scaled.jpg?ssl=1\" data-amp-layout=\"responsive\"\/><\/figure><\/div><\/div><\/div><\/div>\n\n\n\n<p>Les \u00e9l\u00e8ves observent le potager, ils comparent le mien \u00e0 celui de grand-maman et s&rsquo;y prom\u00e8nent pour le d\u00e9couvrir. Pour observer les l\u00e9gumes du potager, nous le faisons par un jeu. Je leur donne une image de l\u00e9gume et par groupe de 2 \u00e9l\u00e8ves, ils partent \u00e0 la recherche de ce l\u00e9gume. Ils ont trouv\u00e9 les poireaux, le fenouil, les pommes de terre ou encore les choux, etc. Chaque groupe nous pr\u00e9sente son l\u00e9gume. Et nous parlons des diff\u00e9rentes mani\u00e8res de les cuisiner. &#x1f958;<\/p>\n\n\n\n<div class=\"wp-block-jetpack-tiled-gallery aligncenter is-style-rectangular\"><div class=\"tiled-gallery__gallery\"><div class=\"tiled-gallery__row\"><div class=\"tiled-gallery__col\" style=\"flex-basis:33.33333%\"><figure class=\"tiled-gallery__item\"><img decoding=\"async\" alt=\"\" data-height=\"2048\" data-id=\"5686\" data-link=\"https:\/\/ecolefermedesbois.ch\/?attachment_id=5686\" data-url=\"https:\/\/ecolefermedesbois.ch\/wp-content\/uploads\/2021\/05\/wp-1621511566211.jpg\" data-width=\"1536\" src=\"https:\/\/i0.wp.com\/ecolefermedesbois.ch\/wp-content\/uploads\/2021\/05\/wp-1621511566211.jpg?ssl=1\" data-amp-layout=\"responsive\"\/><\/figure><\/div><div class=\"tiled-gallery__col\" style=\"flex-basis:33.33333%\"><figure class=\"tiled-gallery__item\"><img decoding=\"async\" alt=\"\" data-height=\"2048\" data-id=\"5693\" data-link=\"https:\/\/ecolefermedesbois.ch\/?attachment_id=5693\" data-url=\"https:\/\/ecolefermedesbois.ch\/wp-content\/uploads\/2021\/05\/wp-1621511812180.jpg\" data-width=\"1536\" src=\"https:\/\/i1.wp.com\/ecolefermedesbois.ch\/wp-content\/uploads\/2021\/05\/wp-1621511812180.jpg?ssl=1\" data-amp-layout=\"responsive\"\/><\/figure><\/div><div class=\"tiled-gallery__col\" style=\"flex-basis:33.33333%\"><figure class=\"tiled-gallery__item\"><img decoding=\"async\" alt=\"\" data-height=\"2048\" data-id=\"5687\" data-link=\"https:\/\/ecolefermedesbois.ch\/?attachment_id=5687\" data-url=\"https:\/\/ecolefermedesbois.ch\/wp-content\/uploads\/2021\/05\/wp-1621511605972.jpg\" data-width=\"1536\" src=\"https:\/\/i0.wp.com\/ecolefermedesbois.ch\/wp-content\/uploads\/2021\/05\/wp-1621511605972.jpg?ssl=1\" data-amp-layout=\"responsive\"\/><\/figure><\/div><\/div><div class=\"tiled-gallery__row\"><div class=\"tiled-gallery__col\" style=\"flex-basis:50.00000%\"><figure class=\"tiled-gallery__item\"><img decoding=\"async\" alt=\"\" data-height=\"2048\" data-id=\"5692\" data-link=\"https:\/\/ecolefermedesbois.ch\/?attachment_id=5692\" data-url=\"https:\/\/ecolefermedesbois.ch\/wp-content\/uploads\/2021\/05\/wp-1621511786538.jpg\" data-width=\"1536\" src=\"https:\/\/i2.wp.com\/ecolefermedesbois.ch\/wp-content\/uploads\/2021\/05\/wp-1621511786538.jpg?ssl=1\" data-amp-layout=\"responsive\"\/><\/figure><\/div><div class=\"tiled-gallery__col\" style=\"flex-basis:50.00000%\"><figure class=\"tiled-gallery__item\"><img decoding=\"async\" alt=\"\" data-height=\"2048\" data-id=\"5688\" data-link=\"https:\/\/ecolefermedesbois.ch\/?attachment_id=5688\" data-url=\"https:\/\/ecolefermedesbois.ch\/wp-content\/uploads\/2021\/05\/wp-1621511662066.jpg\" data-width=\"1536\" src=\"https:\/\/i2.wp.com\/ecolefermedesbois.ch\/wp-content\/uploads\/2021\/05\/wp-1621511662066.jpg?ssl=1\" data-amp-layout=\"responsive\"\/><\/figure><\/div><\/div><\/div><\/div>\n\n\n\n<p>Apr\u00e8s la r\u00e9cr\u00e9, nous retournons aupr\u00e8s de notre panneau didacte. <\/p>\n\n\n\n<div class=\"wp-block-jetpack-tiled-gallery aligncenter is-style-rectangular\"><div class=\"tiled-gallery__gallery\"><div class=\"tiled-gallery__row\"><div class=\"tiled-gallery__col\" style=\"flex-basis:100.00000%\"><figure class=\"tiled-gallery__item\"><img decoding=\"async\" alt=\"\" data-height=\"2048\" data-id=\"5690\" data-link=\"https:\/\/ecolefermedesbois.ch\/?attachment_id=5690\" data-url=\"https:\/\/ecolefermedesbois.ch\/wp-content\/uploads\/2021\/05\/wp-1621511747375.jpg\" data-width=\"1536\" src=\"https:\/\/i2.wp.com\/ecolefermedesbois.ch\/wp-content\/uploads\/2021\/05\/wp-1621511747375.jpg?ssl=1\" data-amp-layout=\"responsive\"\/><\/figure><\/div><\/div><\/div><\/div>\n\n\n\n<p>\u00ab\u00a0&#8211; Qu&rsquo;est-ce que c&rsquo;est un \u00eatre vivant les enfants?<br>&#8211; Nous! r\u00e9pond Anna\u00ebl<br>&#8211; Oui c&rsquo;est juste, qui ou quoi d&rsquo;autre?<br>&#8211; Les animaux! s&rsquo;exclame Lyam<br>&#8211; Oui. <br>&#8211; Les fleurs&#x1f33b;, les plantes&#x1f33e;, les arbres&#x1f333;, etc.\u00a0\u00bb l\u00e0, les r\u00e9ponses vont \u00e0 tout va. <br>Je leur montre un caillou, vivant ou pas? un citron&#x1f34b; et une carotte?<\/p>\n\n\n\n<p>Ensuite, nous parlons des besoins des l\u00e9gumes pour pousser: de l&rsquo;eau, des nutriments dans la terre (compost), du soleil &#x1f31e; et de la chaleur. Nous en profitons pour parler bri\u00e8vement de la photosynth\u00e8se. A chaque fois, les \u00e9l\u00e8ves affichent les images correspondantes \u00e0 leur r\u00e9ponse. <\/p>\n\n\n\n<div class=\"wp-block-jetpack-tiled-gallery aligncenter is-style-rectangular\"><div class=\"tiled-gallery__gallery\"><div class=\"tiled-gallery__row\"><div class=\"tiled-gallery__col\" style=\"flex-basis:50.00000%\"><figure class=\"tiled-gallery__item\"><img decoding=\"async\" alt=\"\" data-height=\"2560\" data-id=\"5695\" data-link=\"https:\/\/ecolefermedesbois.ch\/?attachment_id=5695\" data-url=\"https:\/\/ecolefermedesbois.ch\/wp-content\/uploads\/2021\/05\/wp-1621524227991-scaled.jpg\" data-width=\"1920\" src=\"https:\/\/i1.wp.com\/ecolefermedesbois.ch\/wp-content\/uploads\/2021\/05\/wp-1621524227991-scaled.jpg?ssl=1\" data-amp-layout=\"responsive\"\/><\/figure><\/div><div class=\"tiled-gallery__col\" style=\"flex-basis:50.00000%\"><figure class=\"tiled-gallery__item\"><img decoding=\"async\" alt=\"\" data-height=\"2560\" data-id=\"5694\" data-link=\"https:\/\/ecolefermedesbois.ch\/?attachment_id=5694\" data-url=\"https:\/\/ecolefermedesbois.ch\/wp-content\/uploads\/2021\/05\/wp-16215242015784545345967559042836-scaled.jpg\" data-width=\"1920\" src=\"https:\/\/i0.wp.com\/ecolefermedesbois.ch\/wp-content\/uploads\/2021\/05\/wp-16215242015784545345967559042836-scaled.jpg?ssl=1\" data-amp-layout=\"responsive\"\/><\/figure><\/div><\/div><\/div><\/div>\n\n\n\n<p>La th\u00e9orie est momentan\u00e9ment termin\u00e9e, voici le temps de passer aux travaux pratiques par 2 \u00e9quipes. Une \u00e9quipe est avec moi au jardin pour planter des colraves, des c\u00e9leris branches et des c\u00e9leris-pommes. Nous avons m\u00eame eu le temps de r\u00e9colter les poireaux. Costaux ces jeunes  Le deuxi\u00e8me groupe est avec Nathalie pour la confection de &#x1f401; avec des radis. Juste magnifique!!! &#x1f929; Puis nous \u00e9changeons les groupes afin que tous puissent faire la m\u00eame chose.<\/p>\n\n\n\n<div class=\"wp-block-jetpack-tiled-gallery aligncenter is-style-rectangular\"><div class=\"tiled-gallery__gallery\"><div class=\"tiled-gallery__row\"><div class=\"tiled-gallery__col\" style=\"flex-basis:67.55768%\"><figure class=\"tiled-gallery__item\"><img decoding=\"async\" alt=\"\" data-height=\"2107\" data-id=\"5696\" data-link=\"https:\/\/ecolefermedesbois.ch\/?attachment_id=5696\" data-url=\"https:\/\/ecolefermedesbois.ch\/wp-content\/uploads\/2021\/05\/wp-1621524356234-scaled.jpg\" data-width=\"2560\" src=\"https:\/\/i1.wp.com\/ecolefermedesbois.ch\/wp-content\/uploads\/2021\/05\/wp-1621524356234-scaled.jpg?ssl=1\" data-amp-layout=\"responsive\"\/><\/figure><\/div><div class=\"tiled-gallery__col\" style=\"flex-basis:32.44232%\"><figure class=\"tiled-gallery__item\"><img decoding=\"async\" alt=\"\" data-height=\"1920\" data-id=\"5697\" data-link=\"https:\/\/ecolefermedesbois.ch\/?attachment_id=5697\" data-url=\"https:\/\/ecolefermedesbois.ch\/wp-content\/uploads\/2021\/05\/wp-1621524396321-scaled.jpg\" data-width=\"2560\" src=\"https:\/\/i2.wp.com\/ecolefermedesbois.ch\/wp-content\/uploads\/2021\/05\/wp-1621524396321-scaled.jpg?ssl=1\" data-amp-layout=\"responsive\"\/><\/figure><figure class=\"tiled-gallery__item\"><img decoding=\"async\" alt=\"\" data-height=\"2259\" data-id=\"5698\" data-link=\"https:\/\/ecolefermedesbois.ch\/?attachment_id=5698\" data-url=\"https:\/\/ecolefermedesbois.ch\/wp-content\/uploads\/2021\/05\/wp-1621524417748.jpg\" data-width=\"2361\" src=\"https:\/\/i2.wp.com\/ecolefermedesbois.ch\/wp-content\/uploads\/2021\/05\/wp-1621524417748.jpg?ssl=1\" data-amp-layout=\"responsive\"\/><\/figure><\/div><\/div><div class=\"tiled-gallery__row\"><div class=\"tiled-gallery__col\" style=\"flex-basis:36.62199%\"><figure class=\"tiled-gallery__item\"><img decoding=\"async\" alt=\"\" data-height=\"1920\" data-id=\"5699\" data-link=\"https:\/\/ecolefermedesbois.ch\/?attachment_id=5699\" data-url=\"https:\/\/ecolefermedesbois.ch\/wp-content\/uploads\/2021\/05\/wp-1621524498592-scaled.jpg\" data-width=\"2560\" src=\"https:\/\/i0.wp.com\/ecolefermedesbois.ch\/wp-content\/uploads\/2021\/05\/wp-1621524498592-scaled.jpg?ssl=1\" data-amp-layout=\"responsive\"\/><\/figure><figure class=\"tiled-gallery__item\"><img decoding=\"async\" alt=\"\" data-height=\"1920\" data-id=\"5700\" data-link=\"https:\/\/ecolefermedesbois.ch\/?attachment_id=5700\" data-url=\"https:\/\/ecolefermedesbois.ch\/wp-content\/uploads\/2021\/05\/wp-1621524528362-scaled.jpg\" data-width=\"2560\" src=\"https:\/\/i0.wp.com\/ecolefermedesbois.ch\/wp-content\/uploads\/2021\/05\/wp-1621524528362-scaled.jpg?ssl=1\" data-amp-layout=\"responsive\"\/><\/figure><figure class=\"tiled-gallery__item\"><img decoding=\"async\" alt=\"\" data-height=\"2022\" data-id=\"5701\" data-link=\"https:\/\/ecolefermedesbois.ch\/?attachment_id=5701\" data-url=\"https:\/\/ecolefermedesbois.ch\/wp-content\/uploads\/2021\/05\/wp-1621524582306-scaled.jpg\" data-width=\"2560\" src=\"https:\/\/i1.wp.com\/ecolefermedesbois.ch\/wp-content\/uploads\/2021\/05\/wp-1621524582306-scaled.jpg?ssl=1\" data-amp-layout=\"responsive\"\/><\/figure><\/div><div class=\"tiled-gallery__col\" style=\"flex-basis:63.37801%\"><figure class=\"tiled-gallery__item\"><img decoding=\"async\" alt=\"\" data-height=\"2560\" data-id=\"5702\" data-link=\"https:\/\/ecolefermedesbois.ch\/?attachment_id=5702\" data-url=\"https:\/\/ecolefermedesbois.ch\/wp-content\/uploads\/2021\/05\/wp-1621524607291-scaled.jpg\" data-width=\"1920\" src=\"https:\/\/i1.wp.com\/ecolefermedesbois.ch\/wp-content\/uploads\/2021\/05\/wp-1621524607291-scaled.jpg?ssl=1\" data-amp-layout=\"responsive\"\/><\/figure><\/div><\/div><div class=\"tiled-gallery__row\"><div class=\"tiled-gallery__col\" style=\"flex-basis:25.87987%\"><figure class=\"tiled-gallery__item\"><img decoding=\"async\" alt=\"\" data-height=\"2560\" data-id=\"5703\" data-link=\"https:\/\/ecolefermedesbois.ch\/?attachment_id=5703\" data-url=\"https:\/\/ecolefermedesbois.ch\/wp-content\/uploads\/2021\/05\/wp-1621524627100-scaled.jpg\" data-width=\"1920\" src=\"https:\/\/i0.wp.com\/ecolefermedesbois.ch\/wp-content\/uploads\/2021\/05\/wp-1621524627100-scaled.jpg?ssl=1\" data-amp-layout=\"responsive\"\/><\/figure><\/div><div class=\"tiled-gallery__col\" style=\"flex-basis:22.36040%\"><figure class=\"tiled-gallery__item\"><img decoding=\"async\" alt=\"\" data-height=\"2560\" data-id=\"5704\" data-link=\"https:\/\/ecolefermedesbois.ch\/?attachment_id=5704\" data-url=\"https:\/\/ecolefermedesbois.ch\/wp-content\/uploads\/2021\/05\/wp-1621524645636-scaled.jpg\" data-width=\"1658\" src=\"https:\/\/i1.wp.com\/ecolefermedesbois.ch\/wp-content\/uploads\/2021\/05\/wp-1621524645636-scaled.jpg?ssl=1\" data-amp-layout=\"responsive\"\/><\/figure><\/div><div class=\"tiled-gallery__col\" style=\"flex-basis:25.87987%\"><figure class=\"tiled-gallery__item\"><img decoding=\"async\" alt=\"\" data-height=\"2560\" data-id=\"5705\" data-link=\"https:\/\/ecolefermedesbois.ch\/?attachment_id=5705\" data-url=\"https:\/\/ecolefermedesbois.ch\/wp-content\/uploads\/2021\/05\/wp-1621524673287-scaled.jpg\" data-width=\"1920\" src=\"https:\/\/i0.wp.com\/ecolefermedesbois.ch\/wp-content\/uploads\/2021\/05\/wp-1621524673287-scaled.jpg?ssl=1\" data-amp-layout=\"responsive\"\/><\/figure><\/div><div class=\"tiled-gallery__col\" style=\"flex-basis:25.87987%\"><figure class=\"tiled-gallery__item\"><img decoding=\"async\" alt=\"\" data-height=\"2560\" data-id=\"5706\" data-link=\"https:\/\/ecolefermedesbois.ch\/?attachment_id=5706\" data-url=\"https:\/\/ecolefermedesbois.ch\/wp-content\/uploads\/2021\/05\/wp-1621524702947-scaled.jpg\" data-width=\"1920\" src=\"https:\/\/i0.wp.com\/ecolefermedesbois.ch\/wp-content\/uploads\/2021\/05\/wp-1621524702947-scaled.jpg?ssl=1\" data-amp-layout=\"responsive\"\/><\/figure><\/div><\/div><div class=\"tiled-gallery__row\"><div class=\"tiled-gallery__col\" style=\"flex-basis:34.71885%\"><figure class=\"tiled-gallery__item\"><img decoding=\"async\" alt=\"\" data-height=\"2560\" data-id=\"5707\" data-link=\"https:\/\/ecolefermedesbois.ch\/?attachment_id=5707\" data-url=\"https:\/\/ecolefermedesbois.ch\/wp-content\/uploads\/2021\/05\/wp-1621524722972-scaled.jpg\" data-width=\"1920\" src=\"https:\/\/i2.wp.com\/ecolefermedesbois.ch\/wp-content\/uploads\/2021\/05\/wp-1621524722972-scaled.jpg?ssl=1\" data-amp-layout=\"responsive\"\/><\/figure><\/div><div class=\"tiled-gallery__col\" style=\"flex-basis:30.56230%\"><figure class=\"tiled-gallery__item\"><img decoding=\"async\" alt=\"\" data-height=\"1920\" data-id=\"5708\" data-link=\"https:\/\/ecolefermedesbois.ch\/?attachment_id=5708\" data-url=\"https:\/\/ecolefermedesbois.ch\/wp-content\/uploads\/2021\/05\/wp-1621524757023-scaled.jpg\" data-width=\"2560\" src=\"https:\/\/i2.wp.com\/ecolefermedesbois.ch\/wp-content\/uploads\/2021\/05\/wp-1621524757023-scaled.jpg?ssl=1\" data-amp-layout=\"responsive\"\/><\/figure><figure class=\"tiled-gallery__item\"><img decoding=\"async\" alt=\"\" data-height=\"1920\" data-id=\"5709\" data-link=\"https:\/\/ecolefermedesbois.ch\/?attachment_id=5709\" data-url=\"https:\/\/ecolefermedesbois.ch\/wp-content\/uploads\/2021\/05\/wp-1621524797367-scaled.jpg\" data-width=\"2560\" src=\"https:\/\/i2.wp.com\/ecolefermedesbois.ch\/wp-content\/uploads\/2021\/05\/wp-1621524797367-scaled.jpg?ssl=1\" data-amp-layout=\"responsive\"\/><\/figure><\/div><div class=\"tiled-gallery__col\" style=\"flex-basis:34.71885%\"><figure class=\"tiled-gallery__item\"><img decoding=\"async\" alt=\"\" data-height=\"2048\" data-id=\"5712\" data-link=\"https:\/\/ecolefermedesbois.ch\/?attachment_id=5712\" data-url=\"https:\/\/ecolefermedesbois.ch\/wp-content\/uploads\/2021\/05\/wp-1621524878401.jpg\" data-width=\"1536\" src=\"https:\/\/i0.wp.com\/ecolefermedesbois.ch\/wp-content\/uploads\/2021\/05\/wp-1621524878401.jpg?ssl=1\" data-amp-layout=\"responsive\"\/><\/figure><\/div><\/div><div class=\"tiled-gallery__row\"><div class=\"tiled-gallery__col\" style=\"flex-basis:25.00000%\"><figure class=\"tiled-gallery__item\"><img decoding=\"async\" alt=\"\" data-height=\"2048\" data-id=\"5713\" data-link=\"https:\/\/ecolefermedesbois.ch\/?attachment_id=5713\" data-url=\"https:\/\/ecolefermedesbois.ch\/wp-content\/uploads\/2021\/05\/wp-1621524903380.jpg\" data-width=\"1536\" src=\"https:\/\/i1.wp.com\/ecolefermedesbois.ch\/wp-content\/uploads\/2021\/05\/wp-1621524903380.jpg?ssl=1\" data-amp-layout=\"responsive\"\/><\/figure><\/div><div class=\"tiled-gallery__col\" style=\"flex-basis:25.00000%\"><figure class=\"tiled-gallery__item\"><img decoding=\"async\" alt=\"\" data-height=\"2048\" data-id=\"5714\" data-link=\"https:\/\/ecolefermedesbois.ch\/?attachment_id=5714\" data-url=\"https:\/\/ecolefermedesbois.ch\/wp-content\/uploads\/2021\/05\/wp-1621524922006.jpg\" data-width=\"1536\" src=\"https:\/\/i0.wp.com\/ecolefermedesbois.ch\/wp-content\/uploads\/2021\/05\/wp-1621524922006.jpg?ssl=1\" data-amp-layout=\"responsive\"\/><\/figure><\/div><div class=\"tiled-gallery__col\" style=\"flex-basis:25.00000%\"><figure class=\"tiled-gallery__item\"><img decoding=\"async\" alt=\"\" data-height=\"2048\" data-id=\"5715\" data-link=\"https:\/\/ecolefermedesbois.ch\/?attachment_id=5715\" data-url=\"https:\/\/ecolefermedesbois.ch\/wp-content\/uploads\/2021\/05\/wp-1621524941099.jpg\" data-width=\"1536\" src=\"https:\/\/i2.wp.com\/ecolefermedesbois.ch\/wp-content\/uploads\/2021\/05\/wp-1621524941099.jpg?ssl=1\" data-amp-layout=\"responsive\"\/><\/figure><\/div><div class=\"tiled-gallery__col\" style=\"flex-basis:25.00000%\"><figure class=\"tiled-gallery__item\"><img decoding=\"async\" alt=\"\" data-height=\"2048\" data-id=\"5716\" data-link=\"https:\/\/ecolefermedesbois.ch\/?attachment_id=5716\" data-url=\"https:\/\/ecolefermedesbois.ch\/wp-content\/uploads\/2021\/05\/wp-1621524966556.jpg\" data-width=\"1536\" src=\"https:\/\/i0.wp.com\/ecolefermedesbois.ch\/wp-content\/uploads\/2021\/05\/wp-1621524966556.jpg?ssl=1\" data-amp-layout=\"responsive\"\/><\/figure><\/div><\/div><div class=\"tiled-gallery__row\"><div class=\"tiled-gallery__col\" style=\"flex-basis:50.29506%\"><figure class=\"tiled-gallery__item\"><img decoding=\"async\" alt=\"\" data-height=\"1602\" data-id=\"5717\" data-link=\"https:\/\/ecolefermedesbois.ch\/?attachment_id=5717\" data-url=\"https:\/\/ecolefermedesbois.ch\/wp-content\/uploads\/2021\/05\/wp-1621525006113.jpg\" data-width=\"1181\" src=\"https:\/\/i2.wp.com\/ecolefermedesbois.ch\/wp-content\/uploads\/2021\/05\/wp-1621525006113.jpg?ssl=1\" data-amp-layout=\"responsive\"\/><\/figure><\/div><div class=\"tiled-gallery__col\" style=\"flex-basis:49.70494%\"><figure class=\"tiled-gallery__item\"><img decoding=\"async\" alt=\"\" data-height=\"1920\" data-id=\"5710\" data-link=\"https:\/\/ecolefermedesbois.ch\/?attachment_id=5710\" data-url=\"https:\/\/ecolefermedesbois.ch\/wp-content\/uploads\/2021\/05\/wp-1621524824507-scaled.jpg\" data-width=\"2560\" src=\"https:\/\/i0.wp.com\/ecolefermedesbois.ch\/wp-content\/uploads\/2021\/05\/wp-1621524824507-scaled.jpg?ssl=1\" data-amp-layout=\"responsive\"\/><\/figure><figure class=\"tiled-gallery__item\"><img decoding=\"async\" alt=\"\" data-height=\"855\" data-id=\"5718\" data-link=\"https:\/\/ecolefermedesbois.ch\/?attachment_id=5718\" data-url=\"https:\/\/ecolefermedesbois.ch\/wp-content\/uploads\/2021\/05\/wp-1621525037897.jpg\" data-width=\"1395\" src=\"https:\/\/i1.wp.com\/ecolefermedesbois.ch\/wp-content\/uploads\/2021\/05\/wp-1621525037897.jpg?ssl=1\" data-amp-layout=\"responsive\"\/><\/figure><\/div><\/div><div class=\"tiled-gallery__row\"><div class=\"tiled-gallery__col\" style=\"flex-basis:100.00000%\"><figure class=\"tiled-gallery__item\"><img decoding=\"async\" alt=\"\" data-height=\"2560\" data-id=\"5722\" data-link=\"https:\/\/ecolefermedesbois.ch\/?attachment_id=5722\" data-url=\"https:\/\/ecolefermedesbois.ch\/wp-content\/uploads\/2021\/05\/wp-1621525221062-scaled.jpg\" data-width=\"1920\" src=\"https:\/\/i2.wp.com\/ecolefermedesbois.ch\/wp-content\/uploads\/2021\/05\/wp-1621525221062-scaled.jpg?ssl=1\" data-amp-layout=\"responsive\"\/><\/figure><\/div><\/div><\/div><\/div>\n\n\n\n<p>Pour finir notre matin\u00e9e, nous nous retrouvons devant le panneau pour parler des animaux &#x1f40c; qu&rsquo;ils ont pu observer au jardin. Des vers de terre, des limaces ainsi que des autres animaux utiles au potager. Le h\u00e9risson&#x1f994;, la poule ou encore l&rsquo;abeille.<\/p>\n\n\n\n<div class=\"wp-block-jetpack-tiled-gallery aligncenter is-style-rectangular\"><div class=\"tiled-gallery__gallery\"><div class=\"tiled-gallery__row\"><div class=\"tiled-gallery__col\" style=\"flex-basis:34.57263%\"><figure class=\"tiled-gallery__item\"><img decoding=\"async\" alt=\"\" data-height=\"2048\" data-id=\"5719\" data-link=\"https:\/\/ecolefermedesbois.ch\/?attachment_id=5719\" data-url=\"https:\/\/ecolefermedesbois.ch\/wp-content\/uploads\/2021\/05\/wp-1621525056915.jpg\" data-width=\"1536\" src=\"https:\/\/i2.wp.com\/ecolefermedesbois.ch\/wp-content\/uploads\/2021\/05\/wp-1621525056915.jpg?ssl=1\" data-amp-layout=\"responsive\"\/><\/figure><\/div><div class=\"tiled-gallery__col\" style=\"flex-basis:30.85473%\"><figure class=\"tiled-gallery__item\"><img decoding=\"async\" alt=\"\" data-height=\"2560\" data-id=\"5723\" data-link=\"https:\/\/ecolefermedesbois.ch\/?attachment_id=5723\" data-url=\"https:\/\/ecolefermedesbois.ch\/wp-content\/uploads\/2021\/05\/wp-1621540324007-scaled.jpg\" data-width=\"1713\" src=\"https:\/\/i0.wp.com\/ecolefermedesbois.ch\/wp-content\/uploads\/2021\/05\/wp-1621540324007-scaled.jpg?ssl=1\" data-amp-layout=\"responsive\"\/><\/figure><\/div><div class=\"tiled-gallery__col\" style=\"flex-basis:34.57263%\"><figure class=\"tiled-gallery__item\"><img decoding=\"async\" alt=\"\" data-height=\"2048\" data-id=\"5720\" data-link=\"https:\/\/ecolefermedesbois.ch\/?attachment_id=5720\" data-url=\"https:\/\/ecolefermedesbois.ch\/wp-content\/uploads\/2021\/05\/wp-1621525079760.jpg\" data-width=\"1536\" src=\"https:\/\/i2.wp.com\/ecolefermedesbois.ch\/wp-content\/uploads\/2021\/05\/wp-1621525079760.jpg?ssl=1\" data-amp-layout=\"responsive\"\/><\/figure><\/div><\/div><\/div><\/div>\n\n\n\n<p>Voici d\u00e9j\u00e0 l&rsquo;heure de nous dire au revoir.<\/p>\n\n\n\n<p>Merci les enfants pour votre joie et votre curiosit\u00e9 tout au long de l&rsquo;ann\u00e9e&#x1f970;. Ce fut notre quatri\u00e8me module et j&rsquo;ai toujours autant de plaisir \u00e0 partager ces moments avec vous! &#x1f49d;<\/p>\n\n\n\n<figure class=\"wp-block-image size-large\"><img data-recalc-dims=\"1\" height=\"540\" width=\"720\" decoding=\"async\" src=\"https:\/\/i0.wp.com\/ecolefermedesbois.ch\/wp-content\/uploads\/2021\/05\/wp-1621525175706.jpg?resize=720%2C540&#038;ssl=1\" alt=\"\" class=\"wp-image-5721\"\/><\/figure>\n\n\n\n<p>Merci Dylane d&rsquo;\u00eatre venue avec votre classe nous permettre de faire d\u00e9couvrir aux \u00e9l\u00e8ves un bout de notre quotidien tout au long de l&rsquo;ann\u00e9e. De pouvoir de vivre ces beaux moments de partage. &#x1f339;<\/p>\n\n\n\n<p>Merci Nathalie pour ton aide et pour venir renforcer r\u00e9guli\u00e8rement notre \u00e9quipe. J&rsquo;ai beaucoup de plaisir \u00e0 travailler avec toi. Je vois aussi combien les enfants t&rsquo;adorent. &#x1f496;<\/p>\n\n\n\n<p>A bient\u00f4t &#x1f917;<\/p>\n\n\n\n<p>Sophie<\/p>\n","protected":false},"excerpt":{"rendered":"<p>Ce mardi matin, les \u00e9l\u00e8ves 1-2P de Dylane Sagols de Pal\u00e9zieux sont venus d\u00e9couvrir le potager. Nous commen\u00e7ons la matin\u00e9e&#46;&#46;&#46;<\/p>\n","protected":false},"author":2,"featured_media":5721,"comment_status":"open","ping_status":"open","sticky":false,"template":"","format":"image","meta":{"jetpack_post_was_ever_published":false,"footnotes":"","jetpack_publicize_message":"","jetpack_publicize_feature_enabled":true,"jetpack_social_post_already_shared":true,"jetpack_social_options":{"image_generator_settings":{"template":"highway","default_image_id":0,"font":"","enabled":false},"version":2}},"categories":[33],"tags":[],"class_list":["post-5724","post","type-post","status-publish","format-image","has-post-thumbnail","hentry","category-ecole","post_format-post-format-image"],"yoast_head":"<!-- This site is optimized with the Yoast SEO plugin v27.5 - https:\/\/yoast.com\/product\/yoast-seo-wordpress\/ -->\n<title>La classe 1-2P de D. Sagols au potager&#x1f955; -<\/title>\n<meta name=\"robots\" content=\"index, follow, max-snippet:-1, max-image-preview:large, max-video-preview:-1\" \/>\n<link rel=\"canonical\" href=\"https:\/\/ecolefermedesbois.ch\/?p=5724\" \/>\n<meta property=\"og:locale\" content=\"fr_FR\" \/>\n<meta property=\"og:type\" content=\"article\" \/>\n<meta property=\"og:title\" content=\"La classe 1-2P de D. Sagols au potager&#x1f955; -\" \/>\n<meta property=\"og:description\" content=\"Ce mardi matin, les \u00e9l\u00e8ves 1-2P de Dylane Sagols de Pal\u00e9zieux sont venus d\u00e9couvrir le potager. Nous commen\u00e7ons la matin\u00e9e&#046;&#046;&#046;\" \/>\n<meta property=\"og:url\" content=\"https:\/\/ecolefermedesbois.ch\/?p=5724\" \/>\n<meta property=\"article:publisher\" content=\"https:\/\/www.facebook.com\/ecolefermedesBois\" \/>\n<meta property=\"article:published_time\" content=\"2021-05-21T15:24:42+00:00\" \/>\n<meta property=\"article:modified_time\" content=\"2021-05-21T15:24:47+00:00\" \/>\n<meta property=\"og:image\" content=\"https:\/\/ecolefermedesbois.ch\/wp-content\/uploads\/2021\/05\/wp-1621525175706-scaled.jpg\" \/>\n\t<meta property=\"og:image:width\" content=\"2560\" \/>\n\t<meta property=\"og:image:height\" content=\"1920\" \/>\n\t<meta property=\"og:image:type\" content=\"image\/jpeg\" \/>\n<meta name=\"author\" content=\"Sophie\" \/>\n<meta name=\"twitter:card\" content=\"summary_large_image\" \/>\n<meta name=\"twitter:label1\" content=\"\u00c9crit par\" \/>\n\t<meta name=\"twitter:data1\" content=\"Sophie\" \/>\n\t<meta name=\"twitter:label2\" content=\"Dur\u00e9e de lecture estim\u00e9e\" \/>\n\t<meta name=\"twitter:data2\" content=\"10 minutes\" \/>\n<script type=\"application\/ld+json\" class=\"yoast-schema-graph\">{\"@context\":\"https:\\\/\\\/schema.org\",\"@graph\":[{\"@type\":\"Article\",\"@id\":\"https:\\\/\\\/ecolefermedesbois.ch\\\/?p=5724#article\",\"isPartOf\":{\"@id\":\"https:\\\/\\\/ecolefermedesbois.ch\\\/?p=5724\"},\"author\":{\"name\":\"Sophie\",\"@id\":\"https:\\\/\\\/ecolefermedesbois.ch\\\/#\\\/schema\\\/person\\\/78f5a1c78e958e51240f90932d290908\"},\"headline\":\"La classe 1-2P de D. Sagols au potager&#x1f955;\",\"datePublished\":\"2021-05-21T15:24:42+00:00\",\"dateModified\":\"2021-05-21T15:24:47+00:00\",\"mainEntityOfPage\":{\"@id\":\"https:\\\/\\\/ecolefermedesbois.ch\\\/?p=5724\"},\"wordCount\":591,\"commentCount\":0,\"publisher\":{\"@id\":\"https:\\\/\\\/ecolefermedesbois.ch\\\/#organization\"},\"image\":{\"@id\":\"https:\\\/\\\/ecolefermedesbois.ch\\\/?p=5724#primaryimage\"},\"thumbnailUrl\":\"https:\\\/\\\/i0.wp.com\\\/ecolefermedesbois.ch\\\/wp-content\\\/uploads\\\/2021\\\/05\\\/wp-1621525175706-scaled.jpg?fit=2560%2C1920&ssl=1\",\"articleSection\":[\"Ecole\"],\"inLanguage\":\"fr-FR\",\"potentialAction\":[{\"@type\":\"CommentAction\",\"name\":\"Comment\",\"target\":[\"https:\\\/\\\/ecolefermedesbois.ch\\\/?p=5724#respond\"]}]},{\"@type\":\"WebPage\",\"@id\":\"https:\\\/\\\/ecolefermedesbois.ch\\\/?p=5724\",\"url\":\"https:\\\/\\\/ecolefermedesbois.ch\\\/?p=5724\",\"name\":\"La classe 1-2P de D. Sagols au potager&#x1f955; -\",\"isPartOf\":{\"@id\":\"https:\\\/\\\/ecolefermedesbois.ch\\\/#website\"},\"primaryImageOfPage\":{\"@id\":\"https:\\\/\\\/ecolefermedesbois.ch\\\/?p=5724#primaryimage\"},\"image\":{\"@id\":\"https:\\\/\\\/ecolefermedesbois.ch\\\/?p=5724#primaryimage\"},\"thumbnailUrl\":\"https:\\\/\\\/i0.wp.com\\\/ecolefermedesbois.ch\\\/wp-content\\\/uploads\\\/2021\\\/05\\\/wp-1621525175706-scaled.jpg?fit=2560%2C1920&ssl=1\",\"datePublished\":\"2021-05-21T15:24:42+00:00\",\"dateModified\":\"2021-05-21T15:24:47+00:00\",\"breadcrumb\":{\"@id\":\"https:\\\/\\\/ecolefermedesbois.ch\\\/?p=5724#breadcrumb\"},\"inLanguage\":\"fr-FR\",\"potentialAction\":[{\"@type\":\"ReadAction\",\"target\":[\"https:\\\/\\\/ecolefermedesbois.ch\\\/?p=5724\"]}]},{\"@type\":\"ImageObject\",\"inLanguage\":\"fr-FR\",\"@id\":\"https:\\\/\\\/ecolefermedesbois.ch\\\/?p=5724#primaryimage\",\"url\":\"https:\\\/\\\/i0.wp.com\\\/ecolefermedesbois.ch\\\/wp-content\\\/uploads\\\/2021\\\/05\\\/wp-1621525175706-scaled.jpg?fit=2560%2C1920&ssl=1\",\"contentUrl\":\"https:\\\/\\\/i0.wp.com\\\/ecolefermedesbois.ch\\\/wp-content\\\/uploads\\\/2021\\\/05\\\/wp-1621525175706-scaled.jpg?fit=2560%2C1920&ssl=1\",\"width\":2560,\"height\":1920},{\"@type\":\"BreadcrumbList\",\"@id\":\"https:\\\/\\\/ecolefermedesbois.ch\\\/?p=5724#breadcrumb\",\"itemListElement\":[{\"@type\":\"ListItem\",\"position\":1,\"name\":\"Accueil\",\"item\":\"https:\\\/\\\/ecolefermedesbois.ch\\\/\"},{\"@type\":\"ListItem\",\"position\":2,\"name\":\"La classe 1-2P de D. Sagols au potager&#x1f955;\"}]},{\"@type\":\"WebSite\",\"@id\":\"https:\\\/\\\/ecolefermedesbois.ch\\\/#website\",\"url\":\"https:\\\/\\\/ecolefermedesbois.ch\\\/\",\"name\":\"ecolefermedesbois\",\"description\":\"\",\"publisher\":{\"@id\":\"https:\\\/\\\/ecolefermedesbois.ch\\\/#organization\"},\"potentialAction\":[{\"@type\":\"SearchAction\",\"target\":{\"@type\":\"EntryPoint\",\"urlTemplate\":\"https:\\\/\\\/ecolefermedesbois.ch\\\/?s={search_term_string}\"},\"query-input\":{\"@type\":\"PropertyValueSpecification\",\"valueRequired\":true,\"valueName\":\"search_term_string\"}}],\"inLanguage\":\"fr-FR\"},{\"@type\":\"Organization\",\"@id\":\"https:\\\/\\\/ecolefermedesbois.ch\\\/#organization\",\"name\":\"Ecole \u00e0 la Ferme des Bois\",\"url\":\"https:\\\/\\\/ecolefermedesbois.ch\\\/\",\"logo\":{\"@type\":\"ImageObject\",\"inLanguage\":\"fr-FR\",\"@id\":\"https:\\\/\\\/ecolefermedesbois.ch\\\/#\\\/schema\\\/logo\\\/image\\\/\",\"url\":\"https:\\\/\\\/ecolefermedesbois.ch\\\/wp-content\\\/uploads\\\/2019\\\/04\\\/logo-scaled.gif\",\"contentUrl\":\"https:\\\/\\\/ecolefermedesbois.ch\\\/wp-content\\\/uploads\\\/2019\\\/04\\\/logo-scaled.gif\",\"width\":2560,\"height\":608,\"caption\":\"Ecole \u00e0 la Ferme des Bois\"},\"image\":{\"@id\":\"https:\\\/\\\/ecolefermedesbois.ch\\\/#\\\/schema\\\/logo\\\/image\\\/\"},\"sameAs\":[\"https:\\\/\\\/www.facebook.com\\\/ecolefermedesBois\"]},{\"@type\":\"Person\",\"@id\":\"https:\\\/\\\/ecolefermedesbois.ch\\\/#\\\/schema\\\/person\\\/78f5a1c78e958e51240f90932d290908\",\"name\":\"Sophie\",\"image\":{\"@type\":\"ImageObject\",\"inLanguage\":\"fr-FR\",\"@id\":\"https:\\\/\\\/secure.gravatar.com\\\/avatar\\\/053fbaec50cb27b03b880a4b8b018009aa3af995f32011efc3f40a589371d46f?s=96&d=mm&r=g\",\"url\":\"https:\\\/\\\/secure.gravatar.com\\\/avatar\\\/053fbaec50cb27b03b880a4b8b018009aa3af995f32011efc3f40a589371d46f?s=96&d=mm&r=g\",\"contentUrl\":\"https:\\\/\\\/secure.gravatar.com\\\/avatar\\\/053fbaec50cb27b03b880a4b8b018009aa3af995f32011efc3f40a589371d46f?s=96&d=mm&r=g\",\"caption\":\"Sophie\"},\"url\":\"https:\\\/\\\/ecolefermedesbois.ch\\\/?author=2\"}]}<\/script>\n<!-- \/ Yoast SEO plugin. -->","yoast_head_json":{"title":"La classe 1-2P de D. Sagols au potager&#x1f955; -","robots":{"index":"index","follow":"follow","max-snippet":"max-snippet:-1","max-image-preview":"max-image-preview:large","max-video-preview":"max-video-preview:-1"},"canonical":"https:\/\/ecolefermedesbois.ch\/?p=5724","og_locale":"fr_FR","og_type":"article","og_title":"La classe 1-2P de D. Sagols au potager&#x1f955; -","og_description":"Ce mardi matin, les \u00e9l\u00e8ves 1-2P de Dylane Sagols de Pal\u00e9zieux sont venus d\u00e9couvrir le potager. Nous commen\u00e7ons la matin\u00e9e&#46;&#46;&#46;","og_url":"https:\/\/ecolefermedesbois.ch\/?p=5724","article_publisher":"https:\/\/www.facebook.com\/ecolefermedesBois","article_published_time":"2021-05-21T15:24:42+00:00","article_modified_time":"2021-05-21T15:24:47+00:00","og_image":[{"width":2560,"height":1920,"url":"https:\/\/ecolefermedesbois.ch\/wp-content\/uploads\/2021\/05\/wp-1621525175706-scaled.jpg","type":"image\/jpeg"}],"author":"Sophie","twitter_card":"summary_large_image","twitter_misc":{"\u00c9crit par":"Sophie","Dur\u00e9e de lecture estim\u00e9e":"10 minutes"},"schema":{"@context":"https:\/\/schema.org","@graph":[{"@type":"Article","@id":"https:\/\/ecolefermedesbois.ch\/?p=5724#article","isPartOf":{"@id":"https:\/\/ecolefermedesbois.ch\/?p=5724"},"author":{"name":"Sophie","@id":"https:\/\/ecolefermedesbois.ch\/#\/schema\/person\/78f5a1c78e958e51240f90932d290908"},"headline":"La classe 1-2P de D. Sagols au potager&#x1f955;","datePublished":"2021-05-21T15:24:42+00:00","dateModified":"2021-05-21T15:24:47+00:00","mainEntityOfPage":{"@id":"https:\/\/ecolefermedesbois.ch\/?p=5724"},"wordCount":591,"commentCount":0,"publisher":{"@id":"https:\/\/ecolefermedesbois.ch\/#organization"},"image":{"@id":"https:\/\/ecolefermedesbois.ch\/?p=5724#primaryimage"},"thumbnailUrl":"https:\/\/i0.wp.com\/ecolefermedesbois.ch\/wp-content\/uploads\/2021\/05\/wp-1621525175706-scaled.jpg?fit=2560%2C1920&ssl=1","articleSection":["Ecole"],"inLanguage":"fr-FR","potentialAction":[{"@type":"CommentAction","name":"Comment","target":["https:\/\/ecolefermedesbois.ch\/?p=5724#respond"]}]},{"@type":"WebPage","@id":"https:\/\/ecolefermedesbois.ch\/?p=5724","url":"https:\/\/ecolefermedesbois.ch\/?p=5724","name":"La classe 1-2P de D. Sagols au potager&#x1f955; -","isPartOf":{"@id":"https:\/\/ecolefermedesbois.ch\/#website"},"primaryImageOfPage":{"@id":"https:\/\/ecolefermedesbois.ch\/?p=5724#primaryimage"},"image":{"@id":"https:\/\/ecolefermedesbois.ch\/?p=5724#primaryimage"},"thumbnailUrl":"https:\/\/i0.wp.com\/ecolefermedesbois.ch\/wp-content\/uploads\/2021\/05\/wp-1621525175706-scaled.jpg?fit=2560%2C1920&ssl=1","datePublished":"2021-05-21T15:24:42+00:00","dateModified":"2021-05-21T15:24:47+00:00","breadcrumb":{"@id":"https:\/\/ecolefermedesbois.ch\/?p=5724#breadcrumb"},"inLanguage":"fr-FR","potentialAction":[{"@type":"ReadAction","target":["https:\/\/ecolefermedesbois.ch\/?p=5724"]}]},{"@type":"ImageObject","inLanguage":"fr-FR","@id":"https:\/\/ecolefermedesbois.ch\/?p=5724#primaryimage","url":"https:\/\/i0.wp.com\/ecolefermedesbois.ch\/wp-content\/uploads\/2021\/05\/wp-1621525175706-scaled.jpg?fit=2560%2C1920&ssl=1","contentUrl":"https:\/\/i0.wp.com\/ecolefermedesbois.ch\/wp-content\/uploads\/2021\/05\/wp-1621525175706-scaled.jpg?fit=2560%2C1920&ssl=1","width":2560,"height":1920},{"@type":"BreadcrumbList","@id":"https:\/\/ecolefermedesbois.ch\/?p=5724#breadcrumb","itemListElement":[{"@type":"ListItem","position":1,"name":"Accueil","item":"https:\/\/ecolefermedesbois.ch\/"},{"@type":"ListItem","position":2,"name":"La classe 1-2P de D. Sagols au potager&#x1f955;"}]},{"@type":"WebSite","@id":"https:\/\/ecolefermedesbois.ch\/#website","url":"https:\/\/ecolefermedesbois.ch\/","name":"ecolefermedesbois","description":"","publisher":{"@id":"https:\/\/ecolefermedesbois.ch\/#organization"},"potentialAction":[{"@type":"SearchAction","target":{"@type":"EntryPoint","urlTemplate":"https:\/\/ecolefermedesbois.ch\/?s={search_term_string}"},"query-input":{"@type":"PropertyValueSpecification","valueRequired":true,"valueName":"search_term_string"}}],"inLanguage":"fr-FR"},{"@type":"Organization","@id":"https:\/\/ecolefermedesbois.ch\/#organization","name":"Ecole \u00e0 la Ferme des Bois","url":"https:\/\/ecolefermedesbois.ch\/","logo":{"@type":"ImageObject","inLanguage":"fr-FR","@id":"https:\/\/ecolefermedesbois.ch\/#\/schema\/logo\/image\/","url":"https:\/\/ecolefermedesbois.ch\/wp-content\/uploads\/2019\/04\/logo-scaled.gif","contentUrl":"https:\/\/ecolefermedesbois.ch\/wp-content\/uploads\/2019\/04\/logo-scaled.gif","width":2560,"height":608,"caption":"Ecole \u00e0 la Ferme des Bois"},"image":{"@id":"https:\/\/ecolefermedesbois.ch\/#\/schema\/logo\/image\/"},"sameAs":["https:\/\/www.facebook.com\/ecolefermedesBois"]},{"@type":"Person","@id":"https:\/\/ecolefermedesbois.ch\/#\/schema\/person\/78f5a1c78e958e51240f90932d290908","name":"Sophie","image":{"@type":"ImageObject","inLanguage":"fr-FR","@id":"https:\/\/secure.gravatar.com\/avatar\/053fbaec50cb27b03b880a4b8b018009aa3af995f32011efc3f40a589371d46f?s=96&d=mm&r=g","url":"https:\/\/secure.gravatar.com\/avatar\/053fbaec50cb27b03b880a4b8b018009aa3af995f32011efc3f40a589371d46f?s=96&d=mm&r=g","contentUrl":"https:\/\/secure.gravatar.com\/avatar\/053fbaec50cb27b03b880a4b8b018009aa3af995f32011efc3f40a589371d46f?s=96&d=mm&r=g","caption":"Sophie"},"url":"https:\/\/ecolefermedesbois.ch\/?author=2"}]}},"jetpack_publicize_connections":[],"jetpack_featured_media_url":"https:\/\/i0.wp.com\/ecolefermedesbois.ch\/wp-content\/uploads\/2021\/05\/wp-1621525175706-scaled.jpg?fit=2560%2C1920&ssl=1","jetpack_sharing_enabled":true,"_links":{"self":[{"href":"https:\/\/ecolefermedesbois.ch\/index.php?rest_route=\/wp\/v2\/posts\/5724","targetHints":{"allow":["GET"]}}],"collection":[{"href":"https:\/\/ecolefermedesbois.ch\/index.php?rest_route=\/wp\/v2\/posts"}],"about":[{"href":"https:\/\/ecolefermedesbois.ch\/index.php?rest_route=\/wp\/v2\/types\/post"}],"author":[{"embeddable":true,"href":"https:\/\/ecolefermedesbois.ch\/index.php?rest_route=\/wp\/v2\/users\/2"}],"replies":[{"embeddable":true,"href":"https:\/\/ecolefermedesbois.ch\/index.php?rest_route=%2Fwp%2Fv2%2Fcomments&post=5724"}],"version-history":[{"count":1,"href":"https:\/\/ecolefermedesbois.ch\/index.php?rest_route=\/wp\/v2\/posts\/5724\/revisions"}],"predecessor-version":[{"id":5725,"href":"https:\/\/ecolefermedesbois.ch\/index.php?rest_route=\/wp\/v2\/posts\/5724\/revisions\/5725"}],"wp:featuredmedia":[{"embeddable":true,"href":"https:\/\/ecolefermedesbois.ch\/index.php?rest_route=\/wp\/v2\/media\/5721"}],"wp:attachment":[{"href":"https:\/\/ecolefermedesbois.ch\/index.php?rest_route=%2Fwp%2Fv2%2Fmedia&parent=5724"}],"wp:term":[{"taxonomy":"category","embeddable":true,"href":"https:\/\/ecolefermedesbois.ch\/index.php?rest_route=%2Fwp%2Fv2%2Fcategories&post=5724"},{"taxonomy":"post_tag","embeddable":true,"href":"https:\/\/ecolefermedesbois.ch\/index.php?rest_route=%2Fwp%2Fv2%2Ftags&post=5724"}],"curies":[{"name":"wp","href":"https:\/\/api.w.org\/{rel}","templated":true}]}}