{"id":5236,"date":"2021-05-01T20:09:23","date_gmt":"2021-05-01T18:09:23","guid":{"rendered":"https:\/\/ecolefermedesbois.ch\/?p=5236"},"modified":"2021-05-03T11:56:30","modified_gmt":"2021-05-03T09:56:30","slug":"la-classe-de-e-glauser-au-verger","status":"publish","type":"post","link":"https:\/\/ecolefermedesbois.ch\/?p=5236","title":{"rendered":"La classe de E. Glauser au verger &#x1f333;"},"content":{"rendered":"<div class=\"pdfprnt-buttons pdfprnt-buttons-post pdfprnt-top-right\"><a href=\"https:\/\/ecolefermedesbois.ch\/index.php?rest_route=%2Fwp%2Fv2%2Fposts%2F5236&print=pdf\" class=\"pdfprnt-button pdfprnt-button-pdf\" target=\"_blank\" ><img data-recalc-dims=\"1\" decoding=\"async\" src=\"https:\/\/i0.wp.com\/ecolefermedesbois.ch\/wp-content\/plugins\/pdf-print\/images\/pdf.png?w=720&#038;ssl=1\" alt=\"image_pdf\" title=\"Afficher le PDF\" \/><\/a><a href=\"https:\/\/ecolefermedesbois.ch\/index.php?rest_route=%2Fwp%2Fv2%2Fposts%2F5236&print=print\" class=\"pdfprnt-button pdfprnt-button-print\" target=\"_blank\" ><img data-recalc-dims=\"1\" decoding=\"async\" src=\"https:\/\/i0.wp.com\/ecolefermedesbois.ch\/wp-content\/plugins\/pdf-print\/images\/print.png?w=720&#038;ssl=1\" alt=\"image_print\" title=\"Contenu imprim\u00e9\" \/><\/a><\/div>\n<p>Ce vendredi, les \u00e9l\u00e8ves d&rsquo;\u00c9lise Glauser de Corsier-sur-Vevey sont venus d\u00e9couvrir notre module du verger au printemps. <\/p>\n\n\n\n<p>Nous avons commenc\u00e9 par placer notre arbre sur le panneau didacte. Quelle partie de l&rsquo;arbre correspond \u00e0 nos pieds? \u00c0 notre corps? Et \u00e0 notre t\u00eate? &#x1f914; Nos premi\u00e8res images plac\u00e9es, nous voil\u00e0 en route pour le verger afin de le d\u00e9couvrir et de l&rsquo;observer. <\/p>\n\n\n\n<div class=\"wp-block-jetpack-tiled-gallery aligncenter is-style-rectangular\"><div class=\"tiled-gallery__gallery\"><div class=\"tiled-gallery__row\"><div class=\"tiled-gallery__col\" style=\"flex-basis:52.92963%\"><figure class=\"tiled-gallery__item\"><img decoding=\"async\" alt=\"\" data-height=\"1212\" data-id=\"5207\" data-link=\"https:\/\/ecolefermedesbois.ch\/?attachment_id=5207\" data-url=\"https:\/\/ecolefermedesbois.ch\/wp-content\/uploads\/2021\/05\/wp-1619890818885.jpg\" data-width=\"2048\" src=\"https:\/\/i1.wp.com\/ecolefermedesbois.ch\/wp-content\/uploads\/2021\/05\/wp-1619890818885.jpg?ssl=1\" data-amp-layout=\"responsive\"\/><\/figure><figure class=\"tiled-gallery__item\"><img decoding=\"async\" alt=\"\" data-height=\"2033\" data-id=\"5191\" data-link=\"https:\/\/ecolefermedesbois.ch\/?attachment_id=5191\" data-url=\"https:\/\/ecolefermedesbois.ch\/wp-content\/uploads\/2021\/05\/wp-1619890815699-scaled.jpg\" data-width=\"2560\" src=\"https:\/\/i1.wp.com\/ecolefermedesbois.ch\/wp-content\/uploads\/2021\/05\/wp-1619890815699-scaled.jpg?ssl=1\" data-amp-layout=\"responsive\"\/><\/figure><\/div><div class=\"tiled-gallery__col\" style=\"flex-basis:47.07037%\"><figure class=\"tiled-gallery__item\"><img decoding=\"async\" alt=\"\" data-height=\"1022\" data-id=\"5240\" data-link=\"https:\/\/ecolefermedesbois.ch\/?attachment_id=5240\" data-url=\"https:\/\/ecolefermedesbois.ch\/wp-content\/uploads\/2021\/05\/wp-1619945935924.jpg\" data-width=\"651\" src=\"https:\/\/i0.wp.com\/ecolefermedesbois.ch\/wp-content\/uploads\/2021\/05\/wp-1619945935924.jpg?ssl=1\" data-amp-layout=\"responsive\"\/><\/figure><\/div><\/div><\/div><\/div>\n\n\n\n<p>Que voyez-vous les enfants? Des &#x1f343;, des fleurs, l&rsquo;\u00e9corce de l&rsquo;arbre, des maison \u00e0 oiseaux! S&rsquo;exclament les enfants \u00e0 tour de r\u00f4le. <\/p>\n\n\n\n<div class=\"wp-block-jetpack-tiled-gallery aligncenter is-style-rectangular\"><div class=\"tiled-gallery__gallery\"><div class=\"tiled-gallery__row\"><div class=\"tiled-gallery__col\" style=\"flex-basis:75.89503%\"><figure class=\"tiled-gallery__item\"><img decoding=\"async\" alt=\"\" data-height=\"1127\" data-id=\"5228\" data-link=\"https:\/\/ecolefermedesbois.ch\/?attachment_id=5228\" data-url=\"https:\/\/ecolefermedesbois.ch\/wp-content\/uploads\/2021\/05\/wp-1619890819661.jpg\" data-width=\"2004\" src=\"https:\/\/i0.wp.com\/ecolefermedesbois.ch\/wp-content\/uploads\/2021\/05\/wp-1619890819661.jpg?ssl=1\" data-amp-layout=\"responsive\"\/><\/figure><\/div><div class=\"tiled-gallery__col\" style=\"flex-basis:24.10497%\"><figure class=\"tiled-gallery__item\"><img decoding=\"async\" alt=\"\" data-height=\"2048\" data-id=\"5223\" data-link=\"https:\/\/ecolefermedesbois.ch\/?attachment_id=5223\" data-url=\"https:\/\/ecolefermedesbois.ch\/wp-content\/uploads\/2021\/05\/wp-1619890819531.jpg\" data-width=\"1152\" src=\"https:\/\/i1.wp.com\/ecolefermedesbois.ch\/wp-content\/uploads\/2021\/05\/wp-1619890819531.jpg?ssl=1\" data-amp-layout=\"responsive\"\/><\/figure><\/div><\/div><div class=\"tiled-gallery__row\"><div class=\"tiled-gallery__col\" style=\"flex-basis:47.33606%\"><figure class=\"tiled-gallery__item\"><img decoding=\"async\" alt=\"\" data-height=\"1152\" data-id=\"5222\" data-link=\"https:\/\/ecolefermedesbois.ch\/?attachment_id=5222\" data-url=\"https:\/\/ecolefermedesbois.ch\/wp-content\/uploads\/2021\/05\/wp-1619890819490.jpg\" data-width=\"2048\" src=\"https:\/\/i0.wp.com\/ecolefermedesbois.ch\/wp-content\/uploads\/2021\/05\/wp-1619890819490.jpg?ssl=1\" data-amp-layout=\"responsive\"\/><\/figure><\/div><div class=\"tiled-gallery__col\" style=\"flex-basis:18.65798%\"><figure class=\"tiled-gallery__item\"><img decoding=\"async\" alt=\"\" data-height=\"2048\" data-id=\"5208\" data-link=\"https:\/\/ecolefermedesbois.ch\/?attachment_id=5208\" data-url=\"https:\/\/ecolefermedesbois.ch\/wp-content\/uploads\/2021\/05\/wp-1619890818919.jpg\" data-width=\"1428\" src=\"https:\/\/i2.wp.com\/ecolefermedesbois.ch\/wp-content\/uploads\/2021\/05\/wp-1619890818919.jpg?ssl=1\" data-amp-layout=\"responsive\"\/><\/figure><\/div><div class=\"tiled-gallery__col\" style=\"flex-basis:34.00596%\"><figure class=\"tiled-gallery__item\"><img decoding=\"async\" alt=\"\" data-height=\"2007\" data-id=\"5196\" data-link=\"https:\/\/ecolefermedesbois.ch\/?attachment_id=5196\" data-url=\"https:\/\/ecolefermedesbois.ch\/wp-content\/uploads\/2021\/05\/wp-1619890815737-scaled.jpg\" data-width=\"2560\" src=\"https:\/\/i2.wp.com\/ecolefermedesbois.ch\/wp-content\/uploads\/2021\/05\/wp-1619890815737-scaled.jpg?ssl=1\" data-amp-layout=\"responsive\"\/><\/figure><\/div><\/div><\/div><\/div>\n\n\n\n<p>De retour vers le garage, nous parlons de tout ce que nous avons observ\u00e9. Comment l&rsquo;arbre se nourrit et de quoi? Ou encore pourquoi l&rsquo;arbre a-t-il des fleurs? Que se passe-t-il quand cette &#x1f338; est visit\u00e9e par une &#x1f41d;? Pour les aider \u00e0 comprendre, je distribue \u00e0 une partie des enfants une fleur et \u00e0 l&rsquo;autre partie une abeille. Que font les abeilles maintenant? Trop joli de voir toutes ces abeilles butiner les fleurs! Je pense que les enfants vont se souvenir avec joie de l&rsquo;importance de l&rsquo;abeille &#x1f929;<\/p>\n\n\n\n<div class=\"wp-block-jetpack-tiled-gallery aligncenter is-style-rectangular\"><div class=\"tiled-gallery__gallery\"><div class=\"tiled-gallery__row\"><div class=\"tiled-gallery__col\" style=\"flex-basis:40.18307%\"><figure class=\"tiled-gallery__item\"><img decoding=\"async\" alt=\"\" data-height=\"1024\" data-id=\"5239\" data-link=\"https:\/\/ecolefermedesbois.ch\/?attachment_id=5239\" data-url=\"https:\/\/ecolefermedesbois.ch\/wp-content\/uploads\/2021\/05\/wp-1619945904644.jpg\" data-width=\"768\" src=\"https:\/\/i1.wp.com\/ecolefermedesbois.ch\/wp-content\/uploads\/2021\/05\/wp-1619945904644.jpg?ssl=1\" data-amp-layout=\"responsive\"\/><\/figure><\/div><div class=\"tiled-gallery__col\" style=\"flex-basis:30.15617%\"><figure class=\"tiled-gallery__item\"><img decoding=\"async\" alt=\"\" data-height=\"2048\" data-id=\"5225\" data-link=\"https:\/\/ecolefermedesbois.ch\/?attachment_id=5225\" data-url=\"https:\/\/ecolefermedesbois.ch\/wp-content\/uploads\/2021\/05\/wp-1619890819574.jpg\" data-width=\"1152\" src=\"https:\/\/i0.wp.com\/ecolefermedesbois.ch\/wp-content\/uploads\/2021\/05\/wp-1619890819574.jpg?ssl=1\" data-amp-layout=\"responsive\"\/><\/figure><\/div><div class=\"tiled-gallery__col\" style=\"flex-basis:29.66076%\"><figure class=\"tiled-gallery__item\"><img decoding=\"async\" alt=\"\" data-height=\"1437\" data-id=\"5224\" data-link=\"https:\/\/ecolefermedesbois.ch\/?attachment_id=5224\" data-url=\"https:\/\/ecolefermedesbois.ch\/wp-content\/uploads\/2021\/05\/wp-1619890819555.jpg\" data-width=\"795\" src=\"https:\/\/i0.wp.com\/ecolefermedesbois.ch\/wp-content\/uploads\/2021\/05\/wp-1619890819555.jpg?ssl=1\" data-amp-layout=\"responsive\"\/><\/figure><\/div><\/div><div class=\"tiled-gallery__row\"><div class=\"tiled-gallery__col\" style=\"flex-basis:33.68488%\"><figure class=\"tiled-gallery__item\"><img decoding=\"async\" alt=\"\" data-height=\"1152\" data-id=\"5230\" data-link=\"https:\/\/ecolefermedesbois.ch\/?attachment_id=5230\" data-url=\"https:\/\/ecolefermedesbois.ch\/wp-content\/uploads\/2021\/05\/wp-1619890819720.jpg\" data-width=\"2048\" src=\"https:\/\/i2.wp.com\/ecolefermedesbois.ch\/wp-content\/uploads\/2021\/05\/wp-1619890819720.jpg?ssl=1\" data-amp-layout=\"responsive\"\/><\/figure><\/div><div class=\"tiled-gallery__col\" style=\"flex-basis:22.64861%\"><figure class=\"tiled-gallery__item\"><img decoding=\"async\" alt=\"\" data-height=\"696\" data-id=\"5229\" data-link=\"https:\/\/ecolefermedesbois.ch\/?attachment_id=5229\" data-url=\"https:\/\/ecolefermedesbois.ch\/wp-content\/uploads\/2021\/05\/wp-1619890819698.jpg\" data-width=\"830\" src=\"https:\/\/i2.wp.com\/ecolefermedesbois.ch\/wp-content\/uploads\/2021\/05\/wp-1619890819698.jpg?ssl=1\" data-amp-layout=\"responsive\"\/><\/figure><\/div><div class=\"tiled-gallery__col\" style=\"flex-basis:21.08000%\"><figure class=\"tiled-gallery__item\"><img decoding=\"async\" alt=\"\" data-height=\"1070\" data-id=\"5227\" data-link=\"https:\/\/ecolefermedesbois.ch\/?attachment_id=5227\" data-url=\"https:\/\/ecolefermedesbois.ch\/wp-content\/uploads\/2021\/05\/wp-1619890819637.jpg\" data-width=\"1187\" src=\"https:\/\/i0.wp.com\/ecolefermedesbois.ch\/wp-content\/uploads\/2021\/05\/wp-1619890819637.jpg?ssl=1\" data-amp-layout=\"responsive\"\/><\/figure><\/div><div class=\"tiled-gallery__col\" style=\"flex-basis:22.58652%\"><figure class=\"tiled-gallery__item\"><img decoding=\"async\" alt=\"\" data-height=\"1152\" data-id=\"5226\" data-link=\"https:\/\/ecolefermedesbois.ch\/?attachment_id=5226\" data-url=\"https:\/\/ecolefermedesbois.ch\/wp-content\/uploads\/2021\/05\/wp-1619890819612.jpg\" data-width=\"1370\" src=\"https:\/\/i2.wp.com\/ecolefermedesbois.ch\/wp-content\/uploads\/2021\/05\/wp-1619890819612.jpg?ssl=1\" data-amp-layout=\"responsive\"\/><\/figure><\/div><\/div><\/div><\/div>\n\n\n\n<p>Sophie, maintenant qu&rsquo;on a bien fait les abeilles, on peut faire la r\u00e9cr\u00e9 ? Car j&rsquo;ai faim me dit un jeu gar\u00e7on &#x1f970; Oui bien s\u00fbr mon grand, vous avez bien m\u00e9rit\u00e9 la r\u00e9cr\u00e9! Youpi &#x1f64c;<\/p>\n\n\n\n<div class=\"wp-block-jetpack-tiled-gallery aligncenter is-style-rectangular\"><div class=\"tiled-gallery__gallery\"><div class=\"tiled-gallery__row\"><div class=\"tiled-gallery__col\" style=\"flex-basis:42.74472%\"><figure class=\"tiled-gallery__item\"><img decoding=\"async\" alt=\"\" data-height=\"2048\" data-id=\"5198\" data-link=\"https:\/\/ecolefermedesbois.ch\/?attachment_id=5198\" data-url=\"https:\/\/ecolefermedesbois.ch\/wp-content\/uploads\/2021\/05\/wp-1619890818646.jpg\" data-width=\"1536\" src=\"https:\/\/i1.wp.com\/ecolefermedesbois.ch\/wp-content\/uploads\/2021\/05\/wp-1619890818646.jpg?ssl=1\" data-amp-layout=\"responsive\"\/><\/figure><\/div><div class=\"tiled-gallery__col\" style=\"flex-basis:57.25528%\"><figure class=\"tiled-gallery__item\"><img decoding=\"async\" alt=\"\" data-height=\"1528\" data-id=\"5197\" data-link=\"https:\/\/ecolefermedesbois.ch\/?attachment_id=5197\" data-url=\"https:\/\/ecolefermedesbois.ch\/wp-content\/uploads\/2021\/05\/wp-1619890818627.jpg\" data-width=\"1536\" src=\"https:\/\/i0.wp.com\/ecolefermedesbois.ch\/wp-content\/uploads\/2021\/05\/wp-1619890818627.jpg?ssl=1\" data-amp-layout=\"responsive\"\/><\/figure><\/div><\/div><\/div><\/div>\n\n\n\n<p>Vite, la pluie arrive! &#x2614; allons profiter de chercher nos amis les insectes avant de se faire rincer. Quelle joie de voir tous ces enfants vadrouiller autour des arbres &#x1f333; pour chercher les insectes, d&rsquo;ailleurs bien cach\u00e9s avec ce temps. <\/p>\n\n\n\n<div class=\"wp-block-jetpack-tiled-gallery aligncenter is-style-rectangular\"><div class=\"tiled-gallery__gallery\"><div class=\"tiled-gallery__row\"><div class=\"tiled-gallery__col\" style=\"flex-basis:24.78797%\"><figure class=\"tiled-gallery__item\"><img decoding=\"async\" alt=\"\" data-height=\"1024\" data-id=\"5251\" data-link=\"https:\/\/ecolefermedesbois.ch\/?attachment_id=5251\" data-url=\"https:\/\/ecolefermedesbois.ch\/wp-content\/uploads\/2021\/05\/wp-1619946462019.jpg\" data-width=\"768\" src=\"https:\/\/i0.wp.com\/ecolefermedesbois.ch\/wp-content\/uploads\/2021\/05\/wp-1619946462019.jpg?ssl=1\" data-amp-layout=\"responsive\"\/><\/figure><\/div><div class=\"tiled-gallery__col\" style=\"flex-basis:24.78797%\"><figure class=\"tiled-gallery__item\"><img decoding=\"async\" alt=\"\" data-height=\"1024\" data-id=\"5248\" data-link=\"https:\/\/ecolefermedesbois.ch\/?attachment_id=5248\" data-url=\"https:\/\/ecolefermedesbois.ch\/wp-content\/uploads\/2021\/05\/wp-1619946334836.jpg\" data-width=\"768\" src=\"https:\/\/i0.wp.com\/ecolefermedesbois.ch\/wp-content\/uploads\/2021\/05\/wp-1619946334836.jpg?ssl=1\" data-amp-layout=\"responsive\"\/><\/figure><\/div><div class=\"tiled-gallery__col\" style=\"flex-basis:24.78797%\"><figure class=\"tiled-gallery__item\"><img decoding=\"async\" alt=\"\" data-height=\"1024\" data-id=\"5237\" data-link=\"https:\/\/ecolefermedesbois.ch\/?attachment_id=5237\" data-url=\"https:\/\/ecolefermedesbois.ch\/wp-content\/uploads\/2021\/05\/wp-1619945888434.jpg\" data-width=\"768\" src=\"https:\/\/i0.wp.com\/ecolefermedesbois.ch\/wp-content\/uploads\/2021\/05\/wp-1619945888434.jpg?ssl=1\" data-amp-layout=\"responsive\"\/><\/figure><\/div><div class=\"tiled-gallery__col\" style=\"flex-basis:25.63610%\"><figure class=\"tiled-gallery__item\"><img decoding=\"async\" alt=\"\" data-height=\"1485\" data-id=\"5234\" data-link=\"https:\/\/ecolefermedesbois.ch\/?attachment_id=5234\" data-url=\"https:\/\/ecolefermedesbois.ch\/wp-content\/uploads\/2021\/05\/wp-1619890819862.jpg\" data-width=\"1152\" src=\"https:\/\/i1.wp.com\/ecolefermedesbois.ch\/wp-content\/uploads\/2021\/05\/wp-1619890819862.jpg?ssl=1\" data-amp-layout=\"responsive\"\/><\/figure><\/div><\/div><div class=\"tiled-gallery__row\"><div class=\"tiled-gallery__col\" style=\"flex-basis:50.00000%\"><figure class=\"tiled-gallery__item\"><img decoding=\"async\" alt=\"\" data-height=\"1152\" data-id=\"5233\" data-link=\"https:\/\/ecolefermedesbois.ch\/?attachment_id=5233\" data-url=\"https:\/\/ecolefermedesbois.ch\/wp-content\/uploads\/2021\/05\/wp-1619890819797.jpg\" data-width=\"2048\" src=\"https:\/\/i2.wp.com\/ecolefermedesbois.ch\/wp-content\/uploads\/2021\/05\/wp-1619890819797.jpg?ssl=1\" data-amp-layout=\"responsive\"\/><\/figure><\/div><div class=\"tiled-gallery__col\" style=\"flex-basis:50.00000%\"><figure class=\"tiled-gallery__item\"><img decoding=\"async\" alt=\"\" data-height=\"1152\" data-id=\"5231\" data-link=\"https:\/\/ecolefermedesbois.ch\/?attachment_id=5231\" data-url=\"https:\/\/ecolefermedesbois.ch\/wp-content\/uploads\/2021\/05\/wp-1619890819740.jpg\" data-width=\"2048\" src=\"https:\/\/i1.wp.com\/ecolefermedesbois.ch\/wp-content\/uploads\/2021\/05\/wp-1619890819740.jpg?ssl=1\" data-amp-layout=\"responsive\"\/><\/figure><\/div><\/div><div class=\"tiled-gallery__row\"><div class=\"tiled-gallery__col\" style=\"flex-basis:58.73514%\"><figure class=\"tiled-gallery__item\"><img decoding=\"async\" alt=\"\" data-height=\"1152\" data-id=\"5232\" data-link=\"https:\/\/ecolefermedesbois.ch\/?attachment_id=5232\" data-url=\"https:\/\/ecolefermedesbois.ch\/wp-content\/uploads\/2021\/05\/wp-1619890819773.jpg\" data-width=\"2048\" src=\"https:\/\/i2.wp.com\/ecolefermedesbois.ch\/wp-content\/uploads\/2021\/05\/wp-1619890819773.jpg?ssl=1\" data-amp-layout=\"responsive\"\/><\/figure><figure class=\"tiled-gallery__item\"><img decoding=\"async\" alt=\"\" data-height=\"1152\" data-id=\"5221\" data-link=\"https:\/\/ecolefermedesbois.ch\/?attachment_id=5221\" data-url=\"https:\/\/ecolefermedesbois.ch\/wp-content\/uploads\/2021\/05\/wp-1619890819461.jpg\" data-width=\"1706\" src=\"https:\/\/i1.wp.com\/ecolefermedesbois.ch\/wp-content\/uploads\/2021\/05\/wp-1619890819461.jpg?ssl=1\" data-amp-layout=\"responsive\"\/><\/figure><\/div><div class=\"tiled-gallery__col\" style=\"flex-basis:41.26486%\"><figure class=\"tiled-gallery__item\"><img decoding=\"async\" alt=\"\" data-height=\"2048\" data-id=\"5220\" data-link=\"https:\/\/ecolefermedesbois.ch\/?attachment_id=5220\" data-url=\"https:\/\/ecolefermedesbois.ch\/wp-content\/uploads\/2021\/05\/wp-1619890819444.jpg\" data-width=\"1152\" src=\"https:\/\/i1.wp.com\/ecolefermedesbois.ch\/wp-content\/uploads\/2021\/05\/wp-1619890819444.jpg?ssl=1\" data-amp-layout=\"responsive\"\/><\/figure><\/div><\/div><div class=\"tiled-gallery__row\"><div class=\"tiled-gallery__col\" style=\"flex-basis:50.00000%\"><figure class=\"tiled-gallery__item\"><img decoding=\"async\" alt=\"\" data-height=\"1536\" data-id=\"5204\" data-link=\"https:\/\/ecolefermedesbois.ch\/?attachment_id=5204\" data-url=\"https:\/\/ecolefermedesbois.ch\/wp-content\/uploads\/2021\/05\/wp-1619890818746.jpg\" data-width=\"2048\" src=\"https:\/\/i1.wp.com\/ecolefermedesbois.ch\/wp-content\/uploads\/2021\/05\/wp-1619890818746.jpg?ssl=1\" data-amp-layout=\"responsive\"\/><\/figure><\/div><div class=\"tiled-gallery__col\" style=\"flex-basis:50.00000%\"><figure class=\"tiled-gallery__item\"><img decoding=\"async\" alt=\"\" data-height=\"1536\" data-id=\"5205\" data-link=\"https:\/\/ecolefermedesbois.ch\/?attachment_id=5205\" data-url=\"https:\/\/ecolefermedesbois.ch\/wp-content\/uploads\/2021\/05\/wp-1619890818810.jpg\" data-width=\"2048\" src=\"https:\/\/i2.wp.com\/ecolefermedesbois.ch\/wp-content\/uploads\/2021\/05\/wp-1619890818810.jpg?ssl=1\" data-amp-layout=\"responsive\"\/><\/figure><\/div><\/div><div class=\"tiled-gallery__row\"><div class=\"tiled-gallery__col\" style=\"flex-basis:31.30686%\"><figure class=\"tiled-gallery__item\"><img decoding=\"async\" alt=\"\" data-height=\"2560\" data-id=\"5199\" data-link=\"https:\/\/ecolefermedesbois.ch\/?attachment_id=5199\" data-url=\"https:\/\/ecolefermedesbois.ch\/wp-content\/uploads\/2021\/05\/wp-1619890816674-scaled.jpg\" data-width=\"1920\" src=\"https:\/\/i2.wp.com\/ecolefermedesbois.ch\/wp-content\/uploads\/2021\/05\/wp-1619890816674-scaled.jpg?ssl=1\" data-amp-layout=\"responsive\"\/><\/figure><\/div><div class=\"tiled-gallery__col\" style=\"flex-basis:31.30686%\"><figure class=\"tiled-gallery__item\"><img decoding=\"async\" alt=\"\" data-height=\"2560\" data-id=\"5195\" data-link=\"https:\/\/ecolefermedesbois.ch\/?attachment_id=5195\" data-url=\"https:\/\/ecolefermedesbois.ch\/wp-content\/uploads\/2021\/05\/wp-16198908167715225561823832816897-scaled.jpg\" data-width=\"1920\" src=\"https:\/\/i1.wp.com\/ecolefermedesbois.ch\/wp-content\/uploads\/2021\/05\/wp-16198908167715225561823832816897-scaled.jpg?ssl=1\" data-amp-layout=\"responsive\"\/><\/figure><\/div><div class=\"tiled-gallery__col\" style=\"flex-basis:37.38629%\"><figure class=\"tiled-gallery__item\"><img decoding=\"async\" alt=\"\" data-height=\"2560\" data-id=\"5194\" data-link=\"https:\/\/ecolefermedesbois.ch\/?attachment_id=5194\" data-url=\"https:\/\/ecolefermedesbois.ch\/wp-content\/uploads\/2021\/05\/wp-1619890816636-scaled.jpg\" data-width=\"2294\" src=\"https:\/\/i1.wp.com\/ecolefermedesbois.ch\/wp-content\/uploads\/2021\/05\/wp-1619890816636-scaled.jpg?ssl=1\" data-amp-layout=\"responsive\"\/><\/figure><\/div><\/div><div class=\"tiled-gallery__row\"><div class=\"tiled-gallery__col\" style=\"flex-basis:50.00000%\"><figure class=\"tiled-gallery__item\"><img decoding=\"async\" alt=\"\" data-height=\"2560\" data-id=\"5192\" data-link=\"https:\/\/ecolefermedesbois.ch\/?attachment_id=5192\" data-url=\"https:\/\/ecolefermedesbois.ch\/wp-content\/uploads\/2021\/05\/wp-1619890817717369383075518250418-scaled.jpg\" data-width=\"1920\" src=\"https:\/\/i0.wp.com\/ecolefermedesbois.ch\/wp-content\/uploads\/2021\/05\/wp-1619890817717369383075518250418-scaled.jpg?ssl=1\" data-amp-layout=\"responsive\"\/><\/figure><\/div><div class=\"tiled-gallery__col\" style=\"flex-basis:50.00000%\"><figure class=\"tiled-gallery__item\"><img decoding=\"async\" alt=\"\" data-height=\"2560\" data-id=\"5190\" data-link=\"https:\/\/ecolefermedesbois.ch\/?attachment_id=5190\" data-url=\"https:\/\/ecolefermedesbois.ch\/wp-content\/uploads\/2021\/05\/wp-16198908157946689755362344224631-scaled.jpg\" data-width=\"1920\" src=\"https:\/\/i1.wp.com\/ecolefermedesbois.ch\/wp-content\/uploads\/2021\/05\/wp-16198908157946689755362344224631-scaled.jpg?ssl=1\" data-amp-layout=\"responsive\"\/><\/figure><\/div><\/div><\/div><\/div>\n\n\n\n<p>Nous courrons nous mettre \u00e0 l&rsquo;abri dans le garage avant d&rsquo;\u00eatre tremp\u00e9 jusqu&rsquo;\u00e0 l&rsquo;os! &#x1f605; <\/p>\n\n\n\n<p>Alors les enfants, quelles d\u00e9couvertes avez-vous faites? Un perce-oreille, une mouche, un poisson d&rsquo;argent, un bourdon et beaucoup de &#x1f41c;. Nous profitons de l&rsquo;accalmie pour imiter certains de ces insectes. De retour devant notre panneau nous profitons d&rsquo;y ajouter les derni\u00e8res images.<\/p>\n\n\n\n<div class=\"wp-block-jetpack-tiled-gallery aligncenter is-style-rectangular\"><div class=\"tiled-gallery__gallery\"><div class=\"tiled-gallery__row\"><div class=\"tiled-gallery__col\" style=\"flex-basis:37.03036%\"><figure class=\"tiled-gallery__item\"><img decoding=\"async\" alt=\"\" data-height=\"1152\" data-id=\"5235\" data-link=\"https:\/\/ecolefermedesbois.ch\/?attachment_id=5235\" data-url=\"https:\/\/ecolefermedesbois.ch\/wp-content\/uploads\/2021\/05\/wp-1619890819827.jpg\" data-width=\"2048\" src=\"https:\/\/i1.wp.com\/ecolefermedesbois.ch\/wp-content\/uploads\/2021\/05\/wp-1619890819827.jpg?ssl=1\" data-amp-layout=\"responsive\"\/><\/figure><figure class=\"tiled-gallery__item\"><img decoding=\"async\" alt=\"\" data-height=\"1152\" data-id=\"5219\" data-link=\"https:\/\/ecolefermedesbois.ch\/?attachment_id=5219\" data-url=\"https:\/\/ecolefermedesbois.ch\/wp-content\/uploads\/2021\/05\/wp-1619890819405.jpg\" data-width=\"2048\" src=\"https:\/\/i2.wp.com\/ecolefermedesbois.ch\/wp-content\/uploads\/2021\/05\/wp-1619890819405.jpg?ssl=1\" data-amp-layout=\"responsive\"\/><\/figure><\/div><div class=\"tiled-gallery__col\" style=\"flex-basis:62.96964%\"><figure class=\"tiled-gallery__item\"><img decoding=\"async\" alt=\"\" data-height=\"1042\" data-id=\"5202\" data-link=\"https:\/\/ecolefermedesbois.ch\/?attachment_id=5202\" data-url=\"https:\/\/ecolefermedesbois.ch\/wp-content\/uploads\/2021\/05\/wp-1619890818725.jpg\" data-width=\"1564\" src=\"https:\/\/i2.wp.com\/ecolefermedesbois.ch\/wp-content\/uploads\/2021\/05\/wp-1619890818725.jpg?ssl=1\" data-amp-layout=\"responsive\"\/><\/figure><\/div><\/div><div class=\"tiled-gallery__row\"><div class=\"tiled-gallery__col\" style=\"flex-basis:30.54446%\"><figure class=\"tiled-gallery__item\"><img decoding=\"async\" alt=\"\" data-height=\"1319\" data-id=\"5206\" data-link=\"https:\/\/ecolefermedesbois.ch\/?attachment_id=5206\" data-url=\"https:\/\/ecolefermedesbois.ch\/wp-content\/uploads\/2021\/05\/wp-1619890818845.jpg\" data-width=\"1526\" src=\"https:\/\/i2.wp.com\/ecolefermedesbois.ch\/wp-content\/uploads\/2021\/05\/wp-1619890818845.jpg?ssl=1\" data-amp-layout=\"responsive\"\/><\/figure><\/div><div class=\"tiled-gallery__col\" style=\"flex-basis:19.84144%\"><figure class=\"tiled-gallery__item\"><img decoding=\"async\" alt=\"\" data-height=\"2048\" data-id=\"5200\" data-link=\"https:\/\/ecolefermedesbois.ch\/?attachment_id=5200\" data-url=\"https:\/\/ecolefermedesbois.ch\/wp-content\/uploads\/2021\/05\/wp-1619890818667.jpg\" data-width=\"1536\" src=\"https:\/\/i2.wp.com\/ecolefermedesbois.ch\/wp-content\/uploads\/2021\/05\/wp-1619890818667.jpg?ssl=1\" data-amp-layout=\"responsive\"\/><\/figure><\/div><div class=\"tiled-gallery__col\" style=\"flex-basis:16.02834%\"><figure class=\"tiled-gallery__item\"><img decoding=\"async\" alt=\"\" data-height=\"1752\" data-id=\"5201\" data-link=\"https:\/\/ecolefermedesbois.ch\/?attachment_id=5201\" data-url=\"https:\/\/ecolefermedesbois.ch\/wp-content\/uploads\/2021\/05\/wp-1619890818704.jpg\" data-width=\"1060\" src=\"https:\/\/i1.wp.com\/ecolefermedesbois.ch\/wp-content\/uploads\/2021\/05\/wp-1619890818704.jpg?ssl=1\" data-amp-layout=\"responsive\"\/><\/figure><\/div><div class=\"tiled-gallery__col\" style=\"flex-basis:33.58576%\"><figure class=\"tiled-gallery__item\"><img decoding=\"async\" alt=\"\" data-height=\"1152\" data-id=\"5213\" data-link=\"https:\/\/ecolefermedesbois.ch\/?attachment_id=5213\" data-url=\"https:\/\/ecolefermedesbois.ch\/wp-content\/uploads\/2021\/05\/wp-1619890819239.jpg\" data-width=\"1466\" src=\"https:\/\/i2.wp.com\/ecolefermedesbois.ch\/wp-content\/uploads\/2021\/05\/wp-1619890819239.jpg?ssl=1\" data-amp-layout=\"responsive\"\/><\/figure><\/div><\/div><\/div><\/div>\n\n\n\n<p>Maintenant que vous avez d\u00e9couvert les insectes du verger, vous allez par 2 groupes pouvoir leur construire un h\u00f4tel que vous prendrez avec vous \u00e0 l&rsquo;\u00e9cole. Pendant qu&rsquo;un groupe est avec Nathalie et Carine pour construire l&rsquo;h\u00f4tel, l&rsquo;autre groupe est avec moi pour parler des fruits du verger. Vu qu&rsquo;il tombe des cordes, nous mimons les diff\u00e9rents types d&rsquo;arbres fruitiers \u00e0 la grange. Pommiers, poiriers, pruniers et plein d&rsquo;autres. \u00c7a bien amus\u00e9 les enfants! &#x1f602; Et moi aussi!<\/p>\n\n\n\n<p>Comment mangez-vous les fruits? &#x1f914; En g\u00e2teau, en crumble, en confiture, etc. Tout \u00e7a nous donne l&rsquo;eau \u00e0 la bouche! Puis nous \u00e9changeons les groupes.<\/p>\n\n\n\n<div class=\"wp-block-jetpack-tiled-gallery aligncenter is-style-rectangular\"><div class=\"tiled-gallery__gallery\"><div class=\"tiled-gallery__row\"><div class=\"tiled-gallery__col\" style=\"flex-basis:46.90519%\"><figure class=\"tiled-gallery__item\"><img decoding=\"async\" alt=\"\" data-height=\"768\" data-id=\"5250\" data-link=\"https:\/\/ecolefermedesbois.ch\/?attachment_id=5250\" data-url=\"https:\/\/ecolefermedesbois.ch\/wp-content\/uploads\/2021\/05\/wp-1619946428455.jpg\" data-width=\"1024\" src=\"https:\/\/i2.wp.com\/ecolefermedesbois.ch\/wp-content\/uploads\/2021\/05\/wp-1619946428455.jpg?ssl=1\" data-amp-layout=\"responsive\"\/><\/figure><figure class=\"tiled-gallery__item\"><img decoding=\"async\" alt=\"\" data-height=\"768\" data-id=\"5247\" data-link=\"https:\/\/ecolefermedesbois.ch\/?attachment_id=5247\" data-url=\"https:\/\/ecolefermedesbois.ch\/wp-content\/uploads\/2021\/05\/wp-1619946269512.jpg\" data-width=\"1024\" src=\"https:\/\/i0.wp.com\/ecolefermedesbois.ch\/wp-content\/uploads\/2021\/05\/wp-1619946269512.jpg?ssl=1\" data-amp-layout=\"responsive\"\/><\/figure><\/div><div class=\"tiled-gallery__col\" style=\"flex-basis:53.09481%\"><figure class=\"tiled-gallery__item\"><img decoding=\"async\" alt=\"\" data-height=\"1024\" data-id=\"5246\" data-link=\"https:\/\/ecolefermedesbois.ch\/?attachment_id=5246\" data-url=\"https:\/\/ecolefermedesbois.ch\/wp-content\/uploads\/2021\/05\/wp-1619946186647.jpg\" data-width=\"768\" src=\"https:\/\/i1.wp.com\/ecolefermedesbois.ch\/wp-content\/uploads\/2021\/05\/wp-1619946186647.jpg?ssl=1\" data-amp-layout=\"responsive\"\/><\/figure><\/div><\/div><div class=\"tiled-gallery__row\"><div class=\"tiled-gallery__col\" style=\"flex-basis:34.71885%\"><figure class=\"tiled-gallery__item\"><img decoding=\"async\" alt=\"\" data-height=\"1024\" data-id=\"5245\" data-link=\"https:\/\/ecolefermedesbois.ch\/?attachment_id=5245\" data-url=\"https:\/\/ecolefermedesbois.ch\/wp-content\/uploads\/2021\/05\/wp-1619946162099.jpg\" data-width=\"768\" src=\"https:\/\/i2.wp.com\/ecolefermedesbois.ch\/wp-content\/uploads\/2021\/05\/wp-1619946162099.jpg?ssl=1\" data-amp-layout=\"responsive\"\/><\/figure><\/div><div class=\"tiled-gallery__col\" style=\"flex-basis:30.56230%\"><figure class=\"tiled-gallery__item\"><img decoding=\"async\" alt=\"\" data-height=\"768\" data-id=\"5244\" data-link=\"https:\/\/ecolefermedesbois.ch\/?attachment_id=5244\" data-url=\"https:\/\/ecolefermedesbois.ch\/wp-content\/uploads\/2021\/05\/wp-1619946118835.jpg\" data-width=\"1024\" src=\"https:\/\/i2.wp.com\/ecolefermedesbois.ch\/wp-content\/uploads\/2021\/05\/wp-1619946118835.jpg?ssl=1\" data-amp-layout=\"responsive\"\/><\/figure><figure class=\"tiled-gallery__item\"><img decoding=\"async\" alt=\"\" data-height=\"768\" data-id=\"5243\" data-link=\"https:\/\/ecolefermedesbois.ch\/?attachment_id=5243\" data-url=\"https:\/\/ecolefermedesbois.ch\/wp-content\/uploads\/2021\/05\/wp-1619946074717.jpg\" data-width=\"1024\" src=\"https:\/\/i0.wp.com\/ecolefermedesbois.ch\/wp-content\/uploads\/2021\/05\/wp-1619946074717.jpg?ssl=1\" data-amp-layout=\"responsive\"\/><\/figure><\/div><div class=\"tiled-gallery__col\" style=\"flex-basis:34.71885%\"><figure class=\"tiled-gallery__item\"><img decoding=\"async\" alt=\"\" data-height=\"1024\" data-id=\"5242\" data-link=\"https:\/\/ecolefermedesbois.ch\/?attachment_id=5242\" data-url=\"https:\/\/ecolefermedesbois.ch\/wp-content\/uploads\/2021\/05\/wp-1619946049938.jpg\" data-width=\"768\" src=\"https:\/\/i0.wp.com\/ecolefermedesbois.ch\/wp-content\/uploads\/2021\/05\/wp-1619946049938.jpg?ssl=1\" data-amp-layout=\"responsive\"\/><\/figure><\/div><\/div><div class=\"tiled-gallery__row\"><div class=\"tiled-gallery__col\" style=\"flex-basis:66.35000%\"><figure class=\"tiled-gallery__item\"><img decoding=\"async\" alt=\"\" data-height=\"568\" data-id=\"5241\" data-link=\"https:\/\/ecolefermedesbois.ch\/?attachment_id=5241\" data-url=\"https:\/\/ecolefermedesbois.ch\/wp-content\/uploads\/2021\/05\/wp-1619946020137.jpg\" data-width=\"877\" src=\"https:\/\/i0.wp.com\/ecolefermedesbois.ch\/wp-content\/uploads\/2021\/05\/wp-1619946020137.jpg?ssl=1\" data-amp-layout=\"responsive\"\/><\/figure><\/div><div class=\"tiled-gallery__col\" style=\"flex-basis:33.65000%\"><figure class=\"tiled-gallery__item\"><img decoding=\"async\" alt=\"\" data-height=\"1152\" data-id=\"5218\" data-link=\"https:\/\/ecolefermedesbois.ch\/?attachment_id=5218\" data-url=\"https:\/\/ecolefermedesbois.ch\/wp-content\/uploads\/2021\/05\/wp-1619890819383.jpg\" data-width=\"1629\" src=\"https:\/\/i1.wp.com\/ecolefermedesbois.ch\/wp-content\/uploads\/2021\/05\/wp-1619890819383.jpg?ssl=1\" data-amp-layout=\"responsive\"\/><\/figure><figure class=\"tiled-gallery__item\"><img decoding=\"async\" alt=\"\" data-height=\"1152\" data-id=\"5216\" data-link=\"https:\/\/ecolefermedesbois.ch\/?attachment_id=5216\" data-url=\"https:\/\/ecolefermedesbois.ch\/wp-content\/uploads\/2021\/05\/wp-1619890819319.jpg\" data-width=\"2048\" src=\"https:\/\/i1.wp.com\/ecolefermedesbois.ch\/wp-content\/uploads\/2021\/05\/wp-1619890819319.jpg?ssl=1\" data-amp-layout=\"responsive\"\/><\/figure><\/div><\/div><div class=\"tiled-gallery__row\"><div class=\"tiled-gallery__col\" style=\"flex-basis:37.07953%\"><figure class=\"tiled-gallery__item\"><img decoding=\"async\" alt=\"\" data-height=\"1152\" data-id=\"5217\" data-link=\"https:\/\/ecolefermedesbois.ch\/?attachment_id=5217\" data-url=\"https:\/\/ecolefermedesbois.ch\/wp-content\/uploads\/2021\/05\/wp-1619890819341.jpg\" data-width=\"1795\" src=\"https:\/\/i0.wp.com\/ecolefermedesbois.ch\/wp-content\/uploads\/2021\/05\/wp-1619890819341.jpg?ssl=1\" data-amp-layout=\"responsive\"\/><\/figure><figure class=\"tiled-gallery__item\"><img decoding=\"async\" alt=\"\" data-height=\"1265\" data-id=\"5215\" data-link=\"https:\/\/ecolefermedesbois.ch\/?attachment_id=5215\" data-url=\"https:\/\/ecolefermedesbois.ch\/wp-content\/uploads\/2021\/05\/wp-1619890819294.jpg\" data-width=\"1414\" src=\"https:\/\/i0.wp.com\/ecolefermedesbois.ch\/wp-content\/uploads\/2021\/05\/wp-1619890819294.jpg?ssl=1\" data-amp-layout=\"responsive\"\/><\/figure><figure class=\"tiled-gallery__item\"><img decoding=\"async\" alt=\"\" data-height=\"1148\" data-id=\"5214\" data-link=\"https:\/\/ecolefermedesbois.ch\/?attachment_id=5214\" data-url=\"https:\/\/ecolefermedesbois.ch\/wp-content\/uploads\/2021\/05\/wp-1619890819262.jpg\" data-width=\"1758\" src=\"https:\/\/i1.wp.com\/ecolefermedesbois.ch\/wp-content\/uploads\/2021\/05\/wp-1619890819262.jpg?ssl=1\" data-amp-layout=\"responsive\"\/><\/figure><\/div><div class=\"tiled-gallery__col\" style=\"flex-basis:62.92047%\"><figure class=\"tiled-gallery__item\"><img decoding=\"async\" alt=\"\" data-height=\"1778\" data-id=\"5209\" data-link=\"https:\/\/ecolefermedesbois.ch\/?attachment_id=5209\" data-url=\"https:\/\/ecolefermedesbois.ch\/wp-content\/uploads\/2021\/05\/wp-1619890818987.jpg\" data-width=\"1367\" src=\"https:\/\/i1.wp.com\/ecolefermedesbois.ch\/wp-content\/uploads\/2021\/05\/wp-1619890818987.jpg?ssl=1\" data-amp-layout=\"responsive\"\/><\/figure><\/div><\/div><div class=\"tiled-gallery__row\"><div class=\"tiled-gallery__col\" style=\"flex-basis:67.08942%\"><figure class=\"tiled-gallery__item\"><img decoding=\"async\" alt=\"\" data-height=\"1152\" data-id=\"5212\" data-link=\"https:\/\/ecolefermedesbois.ch\/?attachment_id=5212\" data-url=\"https:\/\/ecolefermedesbois.ch\/wp-content\/uploads\/2021\/05\/wp-1619890819187.jpg\" data-width=\"2048\" src=\"https:\/\/i0.wp.com\/ecolefermedesbois.ch\/wp-content\/uploads\/2021\/05\/wp-1619890819187.jpg?ssl=1\" data-amp-layout=\"responsive\"\/><\/figure><\/div><div class=\"tiled-gallery__col\" style=\"flex-basis:32.91058%\"><figure class=\"tiled-gallery__item\"><img decoding=\"async\" alt=\"\" data-height=\"2560\" data-id=\"5203\" data-link=\"https:\/\/ecolefermedesbois.ch\/?attachment_id=5203\" data-url=\"https:\/\/ecolefermedesbois.ch\/wp-content\/uploads\/2021\/05\/wp-1619890818555-scaled.jpg\" data-width=\"2227\" src=\"https:\/\/i0.wp.com\/ecolefermedesbois.ch\/wp-content\/uploads\/2021\/05\/wp-1619890818555-scaled.jpg?ssl=1\" data-amp-layout=\"responsive\"\/><\/figure><\/div><\/div><\/div><\/div>\n\n\n\n<p>Voici d\u00e9j\u00e0 l&rsquo;heure de prendre le bus. &#x1f614;<\/p>\n\n\n\n<figure class=\"wp-block-image size-large\"><img data-recalc-dims=\"1\" fetchpriority=\"high\" decoding=\"async\" width=\"720\" height=\"540\" src=\"https:\/\/i0.wp.com\/ecolefermedesbois.ch\/wp-content\/uploads\/2021\/05\/wp-1619946362853.jpg?resize=720%2C540&#038;ssl=1\" alt=\"\" class=\"wp-image-5249\" srcset=\"https:\/\/i0.wp.com\/ecolefermedesbois.ch\/wp-content\/uploads\/2021\/05\/wp-1619946362853.jpg?w=1024&amp;ssl=1 1024w, https:\/\/i0.wp.com\/ecolefermedesbois.ch\/wp-content\/uploads\/2021\/05\/wp-1619946362853.jpg?resize=600%2C450&amp;ssl=1 600w, https:\/\/i0.wp.com\/ecolefermedesbois.ch\/wp-content\/uploads\/2021\/05\/wp-1619946362853.jpg?resize=300%2C225&amp;ssl=1 300w, https:\/\/i0.wp.com\/ecolefermedesbois.ch\/wp-content\/uploads\/2021\/05\/wp-1619946362853.jpg?resize=768%2C576&amp;ssl=1 768w\" sizes=\"(max-width: 720px) 100vw, 720px\" \/><\/figure>\n\n\n\n<p>Merci les enfants pour cette belle journ\u00e9e! Vous avez \u00e9t\u00e9 nos rayons de soleil &#x1f31e; en cette journ\u00e9e pour les grenouilles. &#x1f438;<\/p>\n\n\n\n<p>Ce f\u00fbt v\u00f4tre 4\u00e8mes venue, j&rsquo;ai eu une fois de plus \u00e9norm\u00e9ment de plaisir \u00e0 partager ces moments avec vous! &#x1f49d; Nous avons v\u00e9cu des journ\u00e9es riches en \u00e9motion. Merci pour ce bonheur que vous nous offrez sans h\u00e9siter!<\/p>\n\n\n\n<p>Merci \u00c9lise, Maryfrance et Jacqueline d&rsquo;\u00eatre venues avec vos \u00e9l\u00e8ves tout au long de cette ann\u00e9e pour vivre ces moments de d\u00e9couvertes. &#x1f339;<\/p>\n\n\n\n<p>Merci \u00e0 Nathalie et Carine pour votre participation et votre aide lors de cette journ\u00e9e! &#x1f33b;<\/p>\n\n\n\n<p>A bient\u00f4t &#x1f917;<\/p>\n\n\n\n<p>Sophie <\/p>\n","protected":false},"excerpt":{"rendered":"<p>Ce vendredi, les \u00e9l\u00e8ves d&rsquo;\u00c9lise Glauser de Corsier-sur-Vevey sont venus d\u00e9couvrir notre module du verger au printemps. Nous avons commenc\u00e9&#46;&#46;&#46;<\/p>\n","protected":false},"author":2,"featured_media":5249,"comment_status":"open","ping_status":"open","sticky":false,"template":"","format":"standard","meta":{"jetpack_post_was_ever_published":false,"footnotes":"","jetpack_publicize_message":"","jetpack_publicize_feature_enabled":true,"jetpack_social_post_already_shared":true,"jetpack_social_options":{"image_generator_settings":{"template":"highway","default_image_id":0,"font":"","enabled":false},"version":2}},"categories":[33],"tags":[],"class_list":["post-5236","post","type-post","status-publish","format-standard","has-post-thumbnail","hentry","category-ecole"],"yoast_head":"<!-- This site is optimized with the Yoast SEO plugin v27.4 - https:\/\/yoast.com\/product\/yoast-seo-wordpress\/ -->\n<title>La classe de E. Glauser au verger &#x1f333; -<\/title>\n<meta name=\"robots\" content=\"index, follow, max-snippet:-1, max-image-preview:large, max-video-preview:-1\" \/>\n<link rel=\"canonical\" href=\"https:\/\/ecolefermedesbois.ch\/?p=5236\" \/>\n<meta property=\"og:locale\" content=\"fr_FR\" \/>\n<meta property=\"og:type\" content=\"article\" \/>\n<meta property=\"og:title\" content=\"La classe de E. Glauser au verger &#x1f333; -\" \/>\n<meta property=\"og:description\" content=\"Ce vendredi, les \u00e9l\u00e8ves d&rsquo;\u00c9lise Glauser de Corsier-sur-Vevey sont venus d\u00e9couvrir notre module du verger au printemps. Nous avons commenc\u00e9&#046;&#046;&#046;\" \/>\n<meta property=\"og:url\" content=\"https:\/\/ecolefermedesbois.ch\/?p=5236\" \/>\n<meta property=\"article:publisher\" content=\"https:\/\/www.facebook.com\/ecolefermedesBois\" \/>\n<meta property=\"article:published_time\" content=\"2021-05-01T18:09:23+00:00\" \/>\n<meta property=\"article:modified_time\" content=\"2021-05-03T09:56:30+00:00\" \/>\n<meta property=\"og:image\" content=\"https:\/\/ecolefermedesbois.ch\/wp-content\/uploads\/2021\/05\/wp-1619946362853.jpg\" \/>\n\t<meta property=\"og:image:width\" content=\"1024\" \/>\n\t<meta property=\"og:image:height\" content=\"768\" \/>\n\t<meta property=\"og:image:type\" content=\"image\/jpeg\" \/>\n<meta name=\"author\" content=\"Sophie\" \/>\n<meta name=\"twitter:card\" content=\"summary_large_image\" \/>\n<meta name=\"twitter:label1\" content=\"\u00c9crit par\" \/>\n\t<meta name=\"twitter:data1\" content=\"Sophie\" \/>\n\t<meta name=\"twitter:label2\" content=\"Dur\u00e9e de lecture estim\u00e9e\" \/>\n\t<meta name=\"twitter:data2\" content=\"14 minutes\" \/>\n<script type=\"application\/ld+json\" class=\"yoast-schema-graph\">{\"@context\":\"https:\\\/\\\/schema.org\",\"@graph\":[{\"@type\":\"Article\",\"@id\":\"https:\\\/\\\/ecolefermedesbois.ch\\\/?p=5236#article\",\"isPartOf\":{\"@id\":\"https:\\\/\\\/ecolefermedesbois.ch\\\/?p=5236\"},\"author\":{\"name\":\"Sophie\",\"@id\":\"https:\\\/\\\/ecolefermedesbois.ch\\\/#\\\/schema\\\/person\\\/78f5a1c78e958e51240f90932d290908\"},\"headline\":\"La classe de E. Glauser au verger &#x1f333;\",\"datePublished\":\"2021-05-01T18:09:23+00:00\",\"dateModified\":\"2021-05-03T09:56:30+00:00\",\"mainEntityOfPage\":{\"@id\":\"https:\\\/\\\/ecolefermedesbois.ch\\\/?p=5236\"},\"wordCount\":579,\"commentCount\":0,\"publisher\":{\"@id\":\"https:\\\/\\\/ecolefermedesbois.ch\\\/#organization\"},\"image\":{\"@id\":\"https:\\\/\\\/ecolefermedesbois.ch\\\/?p=5236#primaryimage\"},\"thumbnailUrl\":\"https:\\\/\\\/i0.wp.com\\\/ecolefermedesbois.ch\\\/wp-content\\\/uploads\\\/2021\\\/05\\\/wp-1619946362853.jpg?fit=1024%2C768&ssl=1\",\"articleSection\":[\"Ecole\"],\"inLanguage\":\"fr-FR\",\"potentialAction\":[{\"@type\":\"CommentAction\",\"name\":\"Comment\",\"target\":[\"https:\\\/\\\/ecolefermedesbois.ch\\\/?p=5236#respond\"]}]},{\"@type\":\"WebPage\",\"@id\":\"https:\\\/\\\/ecolefermedesbois.ch\\\/?p=5236\",\"url\":\"https:\\\/\\\/ecolefermedesbois.ch\\\/?p=5236\",\"name\":\"La classe de E. Glauser au verger &#x1f333; -\",\"isPartOf\":{\"@id\":\"https:\\\/\\\/ecolefermedesbois.ch\\\/#website\"},\"primaryImageOfPage\":{\"@id\":\"https:\\\/\\\/ecolefermedesbois.ch\\\/?p=5236#primaryimage\"},\"image\":{\"@id\":\"https:\\\/\\\/ecolefermedesbois.ch\\\/?p=5236#primaryimage\"},\"thumbnailUrl\":\"https:\\\/\\\/i0.wp.com\\\/ecolefermedesbois.ch\\\/wp-content\\\/uploads\\\/2021\\\/05\\\/wp-1619946362853.jpg?fit=1024%2C768&ssl=1\",\"datePublished\":\"2021-05-01T18:09:23+00:00\",\"dateModified\":\"2021-05-03T09:56:30+00:00\",\"breadcrumb\":{\"@id\":\"https:\\\/\\\/ecolefermedesbois.ch\\\/?p=5236#breadcrumb\"},\"inLanguage\":\"fr-FR\",\"potentialAction\":[{\"@type\":\"ReadAction\",\"target\":[\"https:\\\/\\\/ecolefermedesbois.ch\\\/?p=5236\"]}]},{\"@type\":\"ImageObject\",\"inLanguage\":\"fr-FR\",\"@id\":\"https:\\\/\\\/ecolefermedesbois.ch\\\/?p=5236#primaryimage\",\"url\":\"https:\\\/\\\/i0.wp.com\\\/ecolefermedesbois.ch\\\/wp-content\\\/uploads\\\/2021\\\/05\\\/wp-1619946362853.jpg?fit=1024%2C768&ssl=1\",\"contentUrl\":\"https:\\\/\\\/i0.wp.com\\\/ecolefermedesbois.ch\\\/wp-content\\\/uploads\\\/2021\\\/05\\\/wp-1619946362853.jpg?fit=1024%2C768&ssl=1\",\"width\":1024,\"height\":768},{\"@type\":\"BreadcrumbList\",\"@id\":\"https:\\\/\\\/ecolefermedesbois.ch\\\/?p=5236#breadcrumb\",\"itemListElement\":[{\"@type\":\"ListItem\",\"position\":1,\"name\":\"Accueil\",\"item\":\"https:\\\/\\\/ecolefermedesbois.ch\\\/\"},{\"@type\":\"ListItem\",\"position\":2,\"name\":\"La classe de E. Glauser au verger &#x1f333;\"}]},{\"@type\":\"WebSite\",\"@id\":\"https:\\\/\\\/ecolefermedesbois.ch\\\/#website\",\"url\":\"https:\\\/\\\/ecolefermedesbois.ch\\\/\",\"name\":\"ecolefermedesbois\",\"description\":\"\",\"publisher\":{\"@id\":\"https:\\\/\\\/ecolefermedesbois.ch\\\/#organization\"},\"potentialAction\":[{\"@type\":\"SearchAction\",\"target\":{\"@type\":\"EntryPoint\",\"urlTemplate\":\"https:\\\/\\\/ecolefermedesbois.ch\\\/?s={search_term_string}\"},\"query-input\":{\"@type\":\"PropertyValueSpecification\",\"valueRequired\":true,\"valueName\":\"search_term_string\"}}],\"inLanguage\":\"fr-FR\"},{\"@type\":\"Organization\",\"@id\":\"https:\\\/\\\/ecolefermedesbois.ch\\\/#organization\",\"name\":\"Ecole \u00e0 la Ferme des Bois\",\"url\":\"https:\\\/\\\/ecolefermedesbois.ch\\\/\",\"logo\":{\"@type\":\"ImageObject\",\"inLanguage\":\"fr-FR\",\"@id\":\"https:\\\/\\\/ecolefermedesbois.ch\\\/#\\\/schema\\\/logo\\\/image\\\/\",\"url\":\"https:\\\/\\\/ecolefermedesbois.ch\\\/wp-content\\\/uploads\\\/2019\\\/04\\\/logo-scaled.gif\",\"contentUrl\":\"https:\\\/\\\/ecolefermedesbois.ch\\\/wp-content\\\/uploads\\\/2019\\\/04\\\/logo-scaled.gif\",\"width\":2560,\"height\":608,\"caption\":\"Ecole \u00e0 la Ferme des Bois\"},\"image\":{\"@id\":\"https:\\\/\\\/ecolefermedesbois.ch\\\/#\\\/schema\\\/logo\\\/image\\\/\"},\"sameAs\":[\"https:\\\/\\\/www.facebook.com\\\/ecolefermedesBois\"]},{\"@type\":\"Person\",\"@id\":\"https:\\\/\\\/ecolefermedesbois.ch\\\/#\\\/schema\\\/person\\\/78f5a1c78e958e51240f90932d290908\",\"name\":\"Sophie\",\"image\":{\"@type\":\"ImageObject\",\"inLanguage\":\"fr-FR\",\"@id\":\"https:\\\/\\\/secure.gravatar.com\\\/avatar\\\/053fbaec50cb27b03b880a4b8b018009aa3af995f32011efc3f40a589371d46f?s=96&d=mm&r=g\",\"url\":\"https:\\\/\\\/secure.gravatar.com\\\/avatar\\\/053fbaec50cb27b03b880a4b8b018009aa3af995f32011efc3f40a589371d46f?s=96&d=mm&r=g\",\"contentUrl\":\"https:\\\/\\\/secure.gravatar.com\\\/avatar\\\/053fbaec50cb27b03b880a4b8b018009aa3af995f32011efc3f40a589371d46f?s=96&d=mm&r=g\",\"caption\":\"Sophie\"},\"url\":\"https:\\\/\\\/ecolefermedesbois.ch\\\/?author=2\"}]}<\/script>\n<!-- \/ Yoast SEO plugin. -->","yoast_head_json":{"title":"La classe de E. Glauser au verger &#x1f333; -","robots":{"index":"index","follow":"follow","max-snippet":"max-snippet:-1","max-image-preview":"max-image-preview:large","max-video-preview":"max-video-preview:-1"},"canonical":"https:\/\/ecolefermedesbois.ch\/?p=5236","og_locale":"fr_FR","og_type":"article","og_title":"La classe de E. Glauser au verger &#x1f333; -","og_description":"Ce vendredi, les \u00e9l\u00e8ves d&rsquo;\u00c9lise Glauser de Corsier-sur-Vevey sont venus d\u00e9couvrir notre module du verger au printemps. Nous avons commenc\u00e9&#46;&#46;&#46;","og_url":"https:\/\/ecolefermedesbois.ch\/?p=5236","article_publisher":"https:\/\/www.facebook.com\/ecolefermedesBois","article_published_time":"2021-05-01T18:09:23+00:00","article_modified_time":"2021-05-03T09:56:30+00:00","og_image":[{"width":1024,"height":768,"url":"https:\/\/ecolefermedesbois.ch\/wp-content\/uploads\/2021\/05\/wp-1619946362853.jpg","type":"image\/jpeg"}],"author":"Sophie","twitter_card":"summary_large_image","twitter_misc":{"\u00c9crit par":"Sophie","Dur\u00e9e de lecture estim\u00e9e":"14 minutes"},"schema":{"@context":"https:\/\/schema.org","@graph":[{"@type":"Article","@id":"https:\/\/ecolefermedesbois.ch\/?p=5236#article","isPartOf":{"@id":"https:\/\/ecolefermedesbois.ch\/?p=5236"},"author":{"name":"Sophie","@id":"https:\/\/ecolefermedesbois.ch\/#\/schema\/person\/78f5a1c78e958e51240f90932d290908"},"headline":"La classe de E. Glauser au verger &#x1f333;","datePublished":"2021-05-01T18:09:23+00:00","dateModified":"2021-05-03T09:56:30+00:00","mainEntityOfPage":{"@id":"https:\/\/ecolefermedesbois.ch\/?p=5236"},"wordCount":579,"commentCount":0,"publisher":{"@id":"https:\/\/ecolefermedesbois.ch\/#organization"},"image":{"@id":"https:\/\/ecolefermedesbois.ch\/?p=5236#primaryimage"},"thumbnailUrl":"https:\/\/i0.wp.com\/ecolefermedesbois.ch\/wp-content\/uploads\/2021\/05\/wp-1619946362853.jpg?fit=1024%2C768&ssl=1","articleSection":["Ecole"],"inLanguage":"fr-FR","potentialAction":[{"@type":"CommentAction","name":"Comment","target":["https:\/\/ecolefermedesbois.ch\/?p=5236#respond"]}]},{"@type":"WebPage","@id":"https:\/\/ecolefermedesbois.ch\/?p=5236","url":"https:\/\/ecolefermedesbois.ch\/?p=5236","name":"La classe de E. Glauser au verger &#x1f333; -","isPartOf":{"@id":"https:\/\/ecolefermedesbois.ch\/#website"},"primaryImageOfPage":{"@id":"https:\/\/ecolefermedesbois.ch\/?p=5236#primaryimage"},"image":{"@id":"https:\/\/ecolefermedesbois.ch\/?p=5236#primaryimage"},"thumbnailUrl":"https:\/\/i0.wp.com\/ecolefermedesbois.ch\/wp-content\/uploads\/2021\/05\/wp-1619946362853.jpg?fit=1024%2C768&ssl=1","datePublished":"2021-05-01T18:09:23+00:00","dateModified":"2021-05-03T09:56:30+00:00","breadcrumb":{"@id":"https:\/\/ecolefermedesbois.ch\/?p=5236#breadcrumb"},"inLanguage":"fr-FR","potentialAction":[{"@type":"ReadAction","target":["https:\/\/ecolefermedesbois.ch\/?p=5236"]}]},{"@type":"ImageObject","inLanguage":"fr-FR","@id":"https:\/\/ecolefermedesbois.ch\/?p=5236#primaryimage","url":"https:\/\/i0.wp.com\/ecolefermedesbois.ch\/wp-content\/uploads\/2021\/05\/wp-1619946362853.jpg?fit=1024%2C768&ssl=1","contentUrl":"https:\/\/i0.wp.com\/ecolefermedesbois.ch\/wp-content\/uploads\/2021\/05\/wp-1619946362853.jpg?fit=1024%2C768&ssl=1","width":1024,"height":768},{"@type":"BreadcrumbList","@id":"https:\/\/ecolefermedesbois.ch\/?p=5236#breadcrumb","itemListElement":[{"@type":"ListItem","position":1,"name":"Accueil","item":"https:\/\/ecolefermedesbois.ch\/"},{"@type":"ListItem","position":2,"name":"La classe de E. Glauser au verger &#x1f333;"}]},{"@type":"WebSite","@id":"https:\/\/ecolefermedesbois.ch\/#website","url":"https:\/\/ecolefermedesbois.ch\/","name":"ecolefermedesbois","description":"","publisher":{"@id":"https:\/\/ecolefermedesbois.ch\/#organization"},"potentialAction":[{"@type":"SearchAction","target":{"@type":"EntryPoint","urlTemplate":"https:\/\/ecolefermedesbois.ch\/?s={search_term_string}"},"query-input":{"@type":"PropertyValueSpecification","valueRequired":true,"valueName":"search_term_string"}}],"inLanguage":"fr-FR"},{"@type":"Organization","@id":"https:\/\/ecolefermedesbois.ch\/#organization","name":"Ecole \u00e0 la Ferme des Bois","url":"https:\/\/ecolefermedesbois.ch\/","logo":{"@type":"ImageObject","inLanguage":"fr-FR","@id":"https:\/\/ecolefermedesbois.ch\/#\/schema\/logo\/image\/","url":"https:\/\/ecolefermedesbois.ch\/wp-content\/uploads\/2019\/04\/logo-scaled.gif","contentUrl":"https:\/\/ecolefermedesbois.ch\/wp-content\/uploads\/2019\/04\/logo-scaled.gif","width":2560,"height":608,"caption":"Ecole \u00e0 la Ferme des Bois"},"image":{"@id":"https:\/\/ecolefermedesbois.ch\/#\/schema\/logo\/image\/"},"sameAs":["https:\/\/www.facebook.com\/ecolefermedesBois"]},{"@type":"Person","@id":"https:\/\/ecolefermedesbois.ch\/#\/schema\/person\/78f5a1c78e958e51240f90932d290908","name":"Sophie","image":{"@type":"ImageObject","inLanguage":"fr-FR","@id":"https:\/\/secure.gravatar.com\/avatar\/053fbaec50cb27b03b880a4b8b018009aa3af995f32011efc3f40a589371d46f?s=96&d=mm&r=g","url":"https:\/\/secure.gravatar.com\/avatar\/053fbaec50cb27b03b880a4b8b018009aa3af995f32011efc3f40a589371d46f?s=96&d=mm&r=g","contentUrl":"https:\/\/secure.gravatar.com\/avatar\/053fbaec50cb27b03b880a4b8b018009aa3af995f32011efc3f40a589371d46f?s=96&d=mm&r=g","caption":"Sophie"},"url":"https:\/\/ecolefermedesbois.ch\/?author=2"}]}},"jetpack_publicize_connections":[],"jetpack_featured_media_url":"https:\/\/i0.wp.com\/ecolefermedesbois.ch\/wp-content\/uploads\/2021\/05\/wp-1619946362853.jpg?fit=1024%2C768&ssl=1","jetpack_sharing_enabled":true,"_links":{"self":[{"href":"https:\/\/ecolefermedesbois.ch\/index.php?rest_route=\/wp\/v2\/posts\/5236","targetHints":{"allow":["GET"]}}],"collection":[{"href":"https:\/\/ecolefermedesbois.ch\/index.php?rest_route=\/wp\/v2\/posts"}],"about":[{"href":"https:\/\/ecolefermedesbois.ch\/index.php?rest_route=\/wp\/v2\/types\/post"}],"author":[{"embeddable":true,"href":"https:\/\/ecolefermedesbois.ch\/index.php?rest_route=\/wp\/v2\/users\/2"}],"replies":[{"embeddable":true,"href":"https:\/\/ecolefermedesbois.ch\/index.php?rest_route=%2Fwp%2Fv2%2Fcomments&post=5236"}],"version-history":[{"count":3,"href":"https:\/\/ecolefermedesbois.ch\/index.php?rest_route=\/wp\/v2\/posts\/5236\/revisions"}],"predecessor-version":[{"id":5253,"href":"https:\/\/ecolefermedesbois.ch\/index.php?rest_route=\/wp\/v2\/posts\/5236\/revisions\/5253"}],"wp:featuredmedia":[{"embeddable":true,"href":"https:\/\/ecolefermedesbois.ch\/index.php?rest_route=\/wp\/v2\/media\/5249"}],"wp:attachment":[{"href":"https:\/\/ecolefermedesbois.ch\/index.php?rest_route=%2Fwp%2Fv2%2Fmedia&parent=5236"}],"wp:term":[{"taxonomy":"category","embeddable":true,"href":"https:\/\/ecolefermedesbois.ch\/index.php?rest_route=%2Fwp%2Fv2%2Fcategories&post=5236"},{"taxonomy":"post_tag","embeddable":true,"href":"https:\/\/ecolefermedesbois.ch\/index.php?rest_route=%2Fwp%2Fv2%2Ftags&post=5236"}],"curies":[{"name":"wp","href":"https:\/\/api.w.org\/{rel}","templated":true}]}}