{"id":5160,"date":"2021-04-22T20:21:01","date_gmt":"2021-04-22T18:21:01","guid":{"rendered":"https:\/\/ecolefermedesbois.ch\/?p=5160"},"modified":"2021-04-22T20:21:01","modified_gmt":"2021-04-22T18:21:01","slug":"le-groupe-du-mercredi-de-la-bac-%f0%9f%8c%88","status":"publish","type":"post","link":"https:\/\/ecolefermedesbois.ch\/?p=5160","title":{"rendered":"Le groupe du mercredi de la B\u00e0C &#x1f308;"},"content":{"rendered":"<div class=\"pdfprnt-buttons pdfprnt-buttons-post pdfprnt-top-right\"><a href=\"https:\/\/ecolefermedesbois.ch\/index.php?rest_route=%2Fwp%2Fv2%2Fposts%2F5160&print=pdf\" class=\"pdfprnt-button pdfprnt-button-pdf\" target=\"_blank\" ><img data-recalc-dims=\"1\" decoding=\"async\" src=\"https:\/\/i0.wp.com\/ecolefermedesbois.ch\/wp-content\/plugins\/pdf-print\/images\/pdf.png?w=720&#038;ssl=1\" alt=\"image_pdf\" title=\"Afficher le PDF\" \/><\/a><a href=\"https:\/\/ecolefermedesbois.ch\/index.php?rest_route=%2Fwp%2Fv2%2Fposts%2F5160&print=print\" class=\"pdfprnt-button pdfprnt-button-print\" target=\"_blank\" ><img data-recalc-dims=\"1\" decoding=\"async\" src=\"https:\/\/i0.wp.com\/ecolefermedesbois.ch\/wp-content\/plugins\/pdf-print\/images\/print.png?w=720&#038;ssl=1\" alt=\"image_print\" title=\"Contenu imprim\u00e9\" \/><\/a><\/div>\n<p>Ce mercredi matin, les jeunes lutins de la bo\u00eete \u00e0 Couleurs sont venus jardiner.<\/p>\n\n\n\n<p>Nous avons commenc\u00e9 par pr\u00e9parer les carreaux en \u00e9talant la terre. Puis nous avons recouvert le carreau avec de la laine de mouton &#x1f411; pour le prot\u00e9ger du sec et des intemp\u00e9ries trop fortes.<\/p>\n\n\n\n<figure class=\"wp-block-gallery columns-3 is-cropped wp-block-gallery-1 is-layout-flex wp-block-gallery-is-layout-flex\"><ul class=\"blocks-gallery-grid\"><li class=\"blocks-gallery-item\"><figure><img data-recalc-dims=\"1\" fetchpriority=\"high\" decoding=\"async\" width=\"720\" height=\"540\" src=\"https:\/\/i0.wp.com\/ecolefermedesbois.ch\/wp-content\/uploads\/2021\/04\/wp-1619090280894-scaled.jpg?resize=720%2C540&#038;ssl=1\" data-id=\"5147\" class=\"wp-image-5147\" srcset=\"https:\/\/i0.wp.com\/ecolefermedesbois.ch\/wp-content\/uploads\/2021\/04\/wp-1619090280894-scaled.jpg?w=2560&amp;ssl=1 2560w, https:\/\/i0.wp.com\/ecolefermedesbois.ch\/wp-content\/uploads\/2021\/04\/wp-1619090280894-scaled.jpg?resize=600%2C450&amp;ssl=1 600w, https:\/\/i0.wp.com\/ecolefermedesbois.ch\/wp-content\/uploads\/2021\/04\/wp-1619090280894-scaled.jpg?resize=300%2C225&amp;ssl=1 300w, https:\/\/i0.wp.com\/ecolefermedesbois.ch\/wp-content\/uploads\/2021\/04\/wp-1619090280894-scaled.jpg?resize=768%2C576&amp;ssl=1 768w, https:\/\/i0.wp.com\/ecolefermedesbois.ch\/wp-content\/uploads\/2021\/04\/wp-1619090280894-scaled.jpg?resize=1536%2C1152&amp;ssl=1 1536w, https:\/\/i0.wp.com\/ecolefermedesbois.ch\/wp-content\/uploads\/2021\/04\/wp-1619090280894-scaled.jpg?resize=2048%2C1536&amp;ssl=1 2048w, https:\/\/i0.wp.com\/ecolefermedesbois.ch\/wp-content\/uploads\/2021\/04\/wp-1619090280894-scaled.jpg?w=1440&amp;ssl=1 1440w, https:\/\/i0.wp.com\/ecolefermedesbois.ch\/wp-content\/uploads\/2021\/04\/wp-1619090280894-scaled.jpg?w=2160&amp;ssl=1 2160w\" sizes=\"(max-width: 720px) 100vw, 720px\" \/><\/figure><\/li><li class=\"blocks-gallery-item\"><figure><img data-recalc-dims=\"1\" decoding=\"async\" width=\"720\" height=\"960\" src=\"https:\/\/i0.wp.com\/ecolefermedesbois.ch\/wp-content\/uploads\/2021\/04\/wp-16190902494901304484017667574341-scaled.jpg?resize=720%2C960&#038;ssl=1\" data-id=\"5145\" class=\"wp-image-5145\" srcset=\"https:\/\/i0.wp.com\/ecolefermedesbois.ch\/wp-content\/uploads\/2021\/04\/wp-16190902494901304484017667574341-scaled.jpg?w=1920&amp;ssl=1 1920w, https:\/\/i0.wp.com\/ecolefermedesbois.ch\/wp-content\/uploads\/2021\/04\/wp-16190902494901304484017667574341-scaled.jpg?resize=450%2C600&amp;ssl=1 450w, https:\/\/i0.wp.com\/ecolefermedesbois.ch\/wp-content\/uploads\/2021\/04\/wp-16190902494901304484017667574341-scaled.jpg?resize=225%2C300&amp;ssl=1 225w, https:\/\/i0.wp.com\/ecolefermedesbois.ch\/wp-content\/uploads\/2021\/04\/wp-16190902494901304484017667574341-scaled.jpg?resize=768%2C1024&amp;ssl=1 768w, https:\/\/i0.wp.com\/ecolefermedesbois.ch\/wp-content\/uploads\/2021\/04\/wp-16190902494901304484017667574341-scaled.jpg?resize=1152%2C1536&amp;ssl=1 1152w, https:\/\/i0.wp.com\/ecolefermedesbois.ch\/wp-content\/uploads\/2021\/04\/wp-16190902494901304484017667574341-scaled.jpg?resize=1536%2C2048&amp;ssl=1 1536w, https:\/\/i0.wp.com\/ecolefermedesbois.ch\/wp-content\/uploads\/2021\/04\/wp-16190902494901304484017667574341-scaled.jpg?w=1440&amp;ssl=1 1440w\" sizes=\"(max-width: 720px) 100vw, 720px\" \/><\/figure><\/li><li class=\"blocks-gallery-item\"><figure><img data-recalc-dims=\"1\" decoding=\"async\" width=\"720\" height=\"960\" src=\"https:\/\/i0.wp.com\/ecolefermedesbois.ch\/wp-content\/uploads\/2021\/04\/wp-1619090215543-scaled.jpg?resize=720%2C960&#038;ssl=1\" data-id=\"5146\" class=\"wp-image-5146\" srcset=\"https:\/\/i0.wp.com\/ecolefermedesbois.ch\/wp-content\/uploads\/2021\/04\/wp-1619090215543-scaled.jpg?w=1920&amp;ssl=1 1920w, https:\/\/i0.wp.com\/ecolefermedesbois.ch\/wp-content\/uploads\/2021\/04\/wp-1619090215543-scaled.jpg?resize=450%2C600&amp;ssl=1 450w, https:\/\/i0.wp.com\/ecolefermedesbois.ch\/wp-content\/uploads\/2021\/04\/wp-1619090215543-scaled.jpg?resize=225%2C300&amp;ssl=1 225w, https:\/\/i0.wp.com\/ecolefermedesbois.ch\/wp-content\/uploads\/2021\/04\/wp-1619090215543-scaled.jpg?resize=768%2C1024&amp;ssl=1 768w, https:\/\/i0.wp.com\/ecolefermedesbois.ch\/wp-content\/uploads\/2021\/04\/wp-1619090215543-scaled.jpg?resize=1152%2C1536&amp;ssl=1 1152w, https:\/\/i0.wp.com\/ecolefermedesbois.ch\/wp-content\/uploads\/2021\/04\/wp-1619090215543-scaled.jpg?resize=1536%2C2048&amp;ssl=1 1536w, https:\/\/i0.wp.com\/ecolefermedesbois.ch\/wp-content\/uploads\/2021\/04\/wp-1619090215543-scaled.jpg?w=1440&amp;ssl=1 1440w\" sizes=\"(max-width: 720px) 100vw, 720px\" \/><\/figure><\/li><\/ul><\/figure>\n\n\n\n<p>Nos carreaux sont pr\u00eats! Nous y plantons 6 pomm\u00e9es et 6 choux-fleurs. Un vrai travail d&rsquo;\u00e9quipe!&#x1f4aa;&#x1f3fb; Certains creusent et les autres plantent. Comme \u00e7a tout le monde est content! &#x1f60d; Par contre, pour l&rsquo;arrosage, tous les lutins s&rsquo;y mettent avec joie! &#x1f603;<\/p>\n\n\n\n<figure class=\"wp-block-gallery columns-3 is-cropped wp-block-gallery-2 is-layout-flex wp-block-gallery-is-layout-flex\"><ul class=\"blocks-gallery-grid\"><li class=\"blocks-gallery-item\"><figure><img data-recalc-dims=\"1\" loading=\"lazy\" decoding=\"async\" width=\"720\" height=\"898\" src=\"https:\/\/i0.wp.com\/ecolefermedesbois.ch\/wp-content\/uploads\/2021\/04\/wp-1619090304672-scaled.jpg?resize=720%2C898&#038;ssl=1\" data-id=\"5148\" class=\"wp-image-5148\" srcset=\"https:\/\/i0.wp.com\/ecolefermedesbois.ch\/wp-content\/uploads\/2021\/04\/wp-1619090304672-scaled.jpg?w=2053&amp;ssl=1 2053w, https:\/\/i0.wp.com\/ecolefermedesbois.ch\/wp-content\/uploads\/2021\/04\/wp-1619090304672-scaled.jpg?resize=481%2C600&amp;ssl=1 481w, https:\/\/i0.wp.com\/ecolefermedesbois.ch\/wp-content\/uploads\/2021\/04\/wp-1619090304672-scaled.jpg?resize=241%2C300&amp;ssl=1 241w, https:\/\/i0.wp.com\/ecolefermedesbois.ch\/wp-content\/uploads\/2021\/04\/wp-1619090304672-scaled.jpg?resize=768%2C958&amp;ssl=1 768w, https:\/\/i0.wp.com\/ecolefermedesbois.ch\/wp-content\/uploads\/2021\/04\/wp-1619090304672-scaled.jpg?resize=1232%2C1536&amp;ssl=1 1232w, https:\/\/i0.wp.com\/ecolefermedesbois.ch\/wp-content\/uploads\/2021\/04\/wp-1619090304672-scaled.jpg?resize=1642%2C2048&amp;ssl=1 1642w, https:\/\/i0.wp.com\/ecolefermedesbois.ch\/wp-content\/uploads\/2021\/04\/wp-1619090304672-scaled.jpg?w=1440&amp;ssl=1 1440w\" sizes=\"(max-width: 720px) 100vw, 720px\" \/><\/figure><\/li><li class=\"blocks-gallery-item\"><figure><img data-recalc-dims=\"1\" loading=\"lazy\" decoding=\"async\" width=\"720\" height=\"791\" src=\"https:\/\/i0.wp.com\/ecolefermedesbois.ch\/wp-content\/uploads\/2021\/04\/wp-1619090329923-scaled.jpg?resize=720%2C791&#038;ssl=1\" data-id=\"5149\" class=\"wp-image-5149\" srcset=\"https:\/\/i0.wp.com\/ecolefermedesbois.ch\/wp-content\/uploads\/2021\/04\/wp-1619090329923-scaled.jpg?w=2330&amp;ssl=1 2330w, https:\/\/i0.wp.com\/ecolefermedesbois.ch\/wp-content\/uploads\/2021\/04\/wp-1619090329923-scaled.jpg?resize=546%2C600&amp;ssl=1 546w, https:\/\/i0.wp.com\/ecolefermedesbois.ch\/wp-content\/uploads\/2021\/04\/wp-1619090329923-scaled.jpg?resize=273%2C300&amp;ssl=1 273w, https:\/\/i0.wp.com\/ecolefermedesbois.ch\/wp-content\/uploads\/2021\/04\/wp-1619090329923-scaled.jpg?resize=768%2C844&amp;ssl=1 768w, https:\/\/i0.wp.com\/ecolefermedesbois.ch\/wp-content\/uploads\/2021\/04\/wp-1619090329923-scaled.jpg?resize=1398%2C1536&amp;ssl=1 1398w, https:\/\/i0.wp.com\/ecolefermedesbois.ch\/wp-content\/uploads\/2021\/04\/wp-1619090329923-scaled.jpg?resize=1864%2C2048&amp;ssl=1 1864w, https:\/\/i0.wp.com\/ecolefermedesbois.ch\/wp-content\/uploads\/2021\/04\/wp-1619090329923-scaled.jpg?w=2160&amp;ssl=1 2160w\" sizes=\"(max-width: 720px) 100vw, 720px\" \/><\/figure><\/li><li class=\"blocks-gallery-item\"><figure><img data-recalc-dims=\"1\" loading=\"lazy\" decoding=\"async\" width=\"720\" height=\"960\" src=\"https:\/\/i0.wp.com\/ecolefermedesbois.ch\/wp-content\/uploads\/2021\/04\/wp-1619090351928-scaled.jpg?resize=720%2C960&#038;ssl=1\" data-id=\"5150\" class=\"wp-image-5150\" srcset=\"https:\/\/i0.wp.com\/ecolefermedesbois.ch\/wp-content\/uploads\/2021\/04\/wp-1619090351928-scaled.jpg?w=1920&amp;ssl=1 1920w, https:\/\/i0.wp.com\/ecolefermedesbois.ch\/wp-content\/uploads\/2021\/04\/wp-1619090351928-scaled.jpg?resize=450%2C600&amp;ssl=1 450w, https:\/\/i0.wp.com\/ecolefermedesbois.ch\/wp-content\/uploads\/2021\/04\/wp-1619090351928-scaled.jpg?resize=225%2C300&amp;ssl=1 225w, https:\/\/i0.wp.com\/ecolefermedesbois.ch\/wp-content\/uploads\/2021\/04\/wp-1619090351928-scaled.jpg?resize=768%2C1024&amp;ssl=1 768w, https:\/\/i0.wp.com\/ecolefermedesbois.ch\/wp-content\/uploads\/2021\/04\/wp-1619090351928-scaled.jpg?resize=1152%2C1536&amp;ssl=1 1152w, https:\/\/i0.wp.com\/ecolefermedesbois.ch\/wp-content\/uploads\/2021\/04\/wp-1619090351928-scaled.jpg?resize=1536%2C2048&amp;ssl=1 1536w, https:\/\/i0.wp.com\/ecolefermedesbois.ch\/wp-content\/uploads\/2021\/04\/wp-1619090351928-scaled.jpg?w=1440&amp;ssl=1 1440w\" sizes=\"(max-width: 720px) 100vw, 720px\" \/><\/figure><\/li><\/ul><\/figure>\n\n\n\n<p>Voici la r\u00e9cr\u00e9! Le top! Dans l&rsquo;herbe&#x2618;et au &#x1f31e;. Que demander de mieux!!! &#x1f929;<\/p>\n\n\n\n<figure class=\"wp-block-gallery columns-1 is-cropped wp-block-gallery-3 is-layout-flex wp-block-gallery-is-layout-flex\"><ul class=\"blocks-gallery-grid\"><li class=\"blocks-gallery-item\"><figure><img data-recalc-dims=\"1\" loading=\"lazy\" decoding=\"async\" width=\"720\" height=\"540\" src=\"https:\/\/i0.wp.com\/ecolefermedesbois.ch\/wp-content\/uploads\/2021\/04\/wp-1619090388713-scaled.jpg?resize=720%2C540&#038;ssl=1\" data-id=\"5151\" class=\"wp-image-5151\" srcset=\"https:\/\/i0.wp.com\/ecolefermedesbois.ch\/wp-content\/uploads\/2021\/04\/wp-1619090388713-scaled.jpg?w=2560&amp;ssl=1 2560w, https:\/\/i0.wp.com\/ecolefermedesbois.ch\/wp-content\/uploads\/2021\/04\/wp-1619090388713-scaled.jpg?resize=600%2C450&amp;ssl=1 600w, https:\/\/i0.wp.com\/ecolefermedesbois.ch\/wp-content\/uploads\/2021\/04\/wp-1619090388713-scaled.jpg?resize=300%2C225&amp;ssl=1 300w, https:\/\/i0.wp.com\/ecolefermedesbois.ch\/wp-content\/uploads\/2021\/04\/wp-1619090388713-scaled.jpg?resize=768%2C576&amp;ssl=1 768w, https:\/\/i0.wp.com\/ecolefermedesbois.ch\/wp-content\/uploads\/2021\/04\/wp-1619090388713-scaled.jpg?resize=1536%2C1152&amp;ssl=1 1536w, https:\/\/i0.wp.com\/ecolefermedesbois.ch\/wp-content\/uploads\/2021\/04\/wp-1619090388713-scaled.jpg?resize=2048%2C1536&amp;ssl=1 2048w, https:\/\/i0.wp.com\/ecolefermedesbois.ch\/wp-content\/uploads\/2021\/04\/wp-1619090388713-scaled.jpg?w=1440&amp;ssl=1 1440w, https:\/\/i0.wp.com\/ecolefermedesbois.ch\/wp-content\/uploads\/2021\/04\/wp-1619090388713-scaled.jpg?w=2160&amp;ssl=1 2160w\" sizes=\"(max-width: 720px) 100vw, 720px\" \/><\/figure><\/li><\/ul><\/figure>\n\n\n\n<p>Une fois repus, nous faisons des semis de soleil d&rsquo;or &#x1f33b; pour prendre \u00e0 la &#x1f3e0;.<\/p>\n\n\n\n<figure class=\"wp-block-gallery columns-1 is-cropped wp-block-gallery-4 is-layout-flex wp-block-gallery-is-layout-flex\"><ul class=\"blocks-gallery-grid\"><li class=\"blocks-gallery-item\"><figure><img data-recalc-dims=\"1\" loading=\"lazy\" decoding=\"async\" width=\"720\" height=\"540\" src=\"https:\/\/i0.wp.com\/ecolefermedesbois.ch\/wp-content\/uploads\/2021\/04\/wp-1619090456986-scaled.jpg?resize=720%2C540&#038;ssl=1\" data-id=\"5152\" class=\"wp-image-5152\" srcset=\"https:\/\/i0.wp.com\/ecolefermedesbois.ch\/wp-content\/uploads\/2021\/04\/wp-1619090456986-scaled.jpg?w=2560&amp;ssl=1 2560w, https:\/\/i0.wp.com\/ecolefermedesbois.ch\/wp-content\/uploads\/2021\/04\/wp-1619090456986-scaled.jpg?resize=600%2C450&amp;ssl=1 600w, https:\/\/i0.wp.com\/ecolefermedesbois.ch\/wp-content\/uploads\/2021\/04\/wp-1619090456986-scaled.jpg?resize=300%2C225&amp;ssl=1 300w, https:\/\/i0.wp.com\/ecolefermedesbois.ch\/wp-content\/uploads\/2021\/04\/wp-1619090456986-scaled.jpg?resize=768%2C576&amp;ssl=1 768w, https:\/\/i0.wp.com\/ecolefermedesbois.ch\/wp-content\/uploads\/2021\/04\/wp-1619090456986-scaled.jpg?resize=1536%2C1152&amp;ssl=1 1536w, https:\/\/i0.wp.com\/ecolefermedesbois.ch\/wp-content\/uploads\/2021\/04\/wp-1619090456986-scaled.jpg?resize=2048%2C1536&amp;ssl=1 2048w, https:\/\/i0.wp.com\/ecolefermedesbois.ch\/wp-content\/uploads\/2021\/04\/wp-1619090456986-scaled.jpg?w=1440&amp;ssl=1 1440w, https:\/\/i0.wp.com\/ecolefermedesbois.ch\/wp-content\/uploads\/2021\/04\/wp-1619090456986-scaled.jpg?w=2160&amp;ssl=1 2160w\" sizes=\"(max-width: 720px) 100vw, 720px\" \/><\/figure><\/li><\/ul><\/figure>\n\n\n\n<p>Et voici l&rsquo;heure de la surprise &#x1f632;&#x1f914; <\/p>\n\n\n\n<p>Un tour en chariotte! &#x1f973;<\/p>\n\n\n\n<figure class=\"wp-block-gallery columns-1 is-cropped wp-block-gallery-5 is-layout-flex wp-block-gallery-is-layout-flex\"><ul class=\"blocks-gallery-grid\"><li class=\"blocks-gallery-item\"><figure><img data-recalc-dims=\"1\" loading=\"lazy\" decoding=\"async\" width=\"720\" height=\"540\" src=\"https:\/\/i0.wp.com\/ecolefermedesbois.ch\/wp-content\/uploads\/2021\/04\/wp-1619090672350-scaled.jpg?resize=720%2C540&#038;ssl=1\" data-id=\"5154\" class=\"wp-image-5154\" srcset=\"https:\/\/i0.wp.com\/ecolefermedesbois.ch\/wp-content\/uploads\/2021\/04\/wp-1619090672350-scaled.jpg?w=2560&amp;ssl=1 2560w, https:\/\/i0.wp.com\/ecolefermedesbois.ch\/wp-content\/uploads\/2021\/04\/wp-1619090672350-scaled.jpg?resize=600%2C450&amp;ssl=1 600w, https:\/\/i0.wp.com\/ecolefermedesbois.ch\/wp-content\/uploads\/2021\/04\/wp-1619090672350-scaled.jpg?resize=300%2C225&amp;ssl=1 300w, https:\/\/i0.wp.com\/ecolefermedesbois.ch\/wp-content\/uploads\/2021\/04\/wp-1619090672350-scaled.jpg?resize=768%2C576&amp;ssl=1 768w, https:\/\/i0.wp.com\/ecolefermedesbois.ch\/wp-content\/uploads\/2021\/04\/wp-1619090672350-scaled.jpg?resize=1536%2C1152&amp;ssl=1 1536w, https:\/\/i0.wp.com\/ecolefermedesbois.ch\/wp-content\/uploads\/2021\/04\/wp-1619090672350-scaled.jpg?resize=2048%2C1536&amp;ssl=1 2048w, https:\/\/i0.wp.com\/ecolefermedesbois.ch\/wp-content\/uploads\/2021\/04\/wp-1619090672350-scaled.jpg?w=1440&amp;ssl=1 1440w, https:\/\/i0.wp.com\/ecolefermedesbois.ch\/wp-content\/uploads\/2021\/04\/wp-1619090672350-scaled.jpg?w=2160&amp;ssl=1 2160w\" sizes=\"(max-width: 720px) 100vw, 720px\" \/><\/figure><\/li><\/ul><\/figure>\n\n\n\n<p>La matin\u00e9e est d\u00e9j\u00e0 termin\u00e9e! Ce f\u00fbt la derni\u00e8re fois pour certains bambins car ils vont commencer l&rsquo;\u00e9cole! <\/p>\n\n\n\n<p>Bonne route et bel \u00e9t\u00e9 les enfants! &#x1f31e;<\/p>\n\n\n\n<p>A bient\u00f4t &#x1f917; Sophie <\/p>\n","protected":false},"excerpt":{"rendered":"<p>Ce mercredi matin, les jeunes lutins de la bo\u00eete \u00e0 Couleurs sont venus jardiner. Nous avons commenc\u00e9 par pr\u00e9parer les&#46;&#46;&#46;<\/p>\n","protected":false},"author":2,"featured_media":5159,"comment_status":"open","ping_status":"open","sticky":false,"template":"","format":"image","meta":{"jetpack_post_was_ever_published":false,"footnotes":"","jetpack_publicize_message":"","jetpack_publicize_feature_enabled":true,"jetpack_social_post_already_shared":true,"jetpack_social_options":{"image_generator_settings":{"template":"highway","default_image_id":0,"font":"","enabled":false},"version":2}},"categories":[33],"tags":[],"class_list":["post-5160","post","type-post","status-publish","format-image","has-post-thumbnail","hentry","category-ecole","post_format-post-format-image"],"yoast_head":"<!-- This site is optimized with the Yoast SEO plugin v27.4 - https:\/\/yoast.com\/product\/yoast-seo-wordpress\/ -->\n<title>Le groupe du mercredi de la B\u00e0C &#x1f308; -<\/title>\n<meta name=\"robots\" content=\"index, follow, max-snippet:-1, max-image-preview:large, max-video-preview:-1\" \/>\n<link rel=\"canonical\" href=\"https:\/\/ecolefermedesbois.ch\/?p=5160\" \/>\n<meta property=\"og:locale\" content=\"fr_FR\" \/>\n<meta property=\"og:type\" content=\"article\" \/>\n<meta property=\"og:title\" content=\"Le groupe du mercredi de la B\u00e0C &#x1f308; -\" \/>\n<meta property=\"og:description\" content=\"Ce mercredi matin, les jeunes lutins de la bo\u00eete \u00e0 Couleurs sont venus jardiner. Nous avons commenc\u00e9 par pr\u00e9parer les&#046;&#046;&#046;\" \/>\n<meta property=\"og:url\" content=\"https:\/\/ecolefermedesbois.ch\/?p=5160\" \/>\n<meta property=\"article:publisher\" content=\"https:\/\/www.facebook.com\/ecolefermedesBois\" \/>\n<meta property=\"article:published_time\" content=\"2021-04-22T18:21:01+00:00\" \/>\n<meta property=\"og:image\" content=\"https:\/\/ecolefermedesbois.ch\/wp-content\/uploads\/2021\/04\/20210421_093636-scaled.jpg\" \/>\n\t<meta property=\"og:image:width\" content=\"2053\" \/>\n\t<meta property=\"og:image:height\" content=\"2560\" \/>\n\t<meta property=\"og:image:type\" content=\"image\/jpeg\" \/>\n<meta name=\"author\" content=\"Sophie\" \/>\n<meta name=\"twitter:card\" content=\"summary_large_image\" \/>\n<meta name=\"twitter:label1\" content=\"\u00c9crit par\" \/>\n\t<meta name=\"twitter:data1\" content=\"Sophie\" \/>\n\t<meta name=\"twitter:label2\" content=\"Dur\u00e9e de lecture estim\u00e9e\" \/>\n\t<meta name=\"twitter:data2\" content=\"1 minute\" \/>\n<script type=\"application\/ld+json\" class=\"yoast-schema-graph\">{\"@context\":\"https:\\\/\\\/schema.org\",\"@graph\":[{\"@type\":\"Article\",\"@id\":\"https:\\\/\\\/ecolefermedesbois.ch\\\/?p=5160#article\",\"isPartOf\":{\"@id\":\"https:\\\/\\\/ecolefermedesbois.ch\\\/?p=5160\"},\"author\":{\"name\":\"Sophie\",\"@id\":\"https:\\\/\\\/ecolefermedesbois.ch\\\/#\\\/schema\\\/person\\\/78f5a1c78e958e51240f90932d290908\"},\"headline\":\"Le groupe du mercredi de la B\u00e0C &#x1f308;\",\"datePublished\":\"2021-04-22T18:21:01+00:00\",\"mainEntityOfPage\":{\"@id\":\"https:\\\/\\\/ecolefermedesbois.ch\\\/?p=5160\"},\"wordCount\":209,\"commentCount\":3,\"publisher\":{\"@id\":\"https:\\\/\\\/ecolefermedesbois.ch\\\/#organization\"},\"image\":{\"@id\":\"https:\\\/\\\/ecolefermedesbois.ch\\\/?p=5160#primaryimage\"},\"thumbnailUrl\":\"https:\\\/\\\/i0.wp.com\\\/ecolefermedesbois.ch\\\/wp-content\\\/uploads\\\/2021\\\/04\\\/20210421_093636-scaled.jpg?fit=2053%2C2560&ssl=1\",\"articleSection\":[\"Ecole\"],\"inLanguage\":\"fr-FR\",\"potentialAction\":[{\"@type\":\"CommentAction\",\"name\":\"Comment\",\"target\":[\"https:\\\/\\\/ecolefermedesbois.ch\\\/?p=5160#respond\"]}]},{\"@type\":\"WebPage\",\"@id\":\"https:\\\/\\\/ecolefermedesbois.ch\\\/?p=5160\",\"url\":\"https:\\\/\\\/ecolefermedesbois.ch\\\/?p=5160\",\"name\":\"Le groupe du mercredi de la B\u00e0C &#x1f308; -\",\"isPartOf\":{\"@id\":\"https:\\\/\\\/ecolefermedesbois.ch\\\/#website\"},\"primaryImageOfPage\":{\"@id\":\"https:\\\/\\\/ecolefermedesbois.ch\\\/?p=5160#primaryimage\"},\"image\":{\"@id\":\"https:\\\/\\\/ecolefermedesbois.ch\\\/?p=5160#primaryimage\"},\"thumbnailUrl\":\"https:\\\/\\\/i0.wp.com\\\/ecolefermedesbois.ch\\\/wp-content\\\/uploads\\\/2021\\\/04\\\/20210421_093636-scaled.jpg?fit=2053%2C2560&ssl=1\",\"datePublished\":\"2021-04-22T18:21:01+00:00\",\"breadcrumb\":{\"@id\":\"https:\\\/\\\/ecolefermedesbois.ch\\\/?p=5160#breadcrumb\"},\"inLanguage\":\"fr-FR\",\"potentialAction\":[{\"@type\":\"ReadAction\",\"target\":[\"https:\\\/\\\/ecolefermedesbois.ch\\\/?p=5160\"]}]},{\"@type\":\"ImageObject\",\"inLanguage\":\"fr-FR\",\"@id\":\"https:\\\/\\\/ecolefermedesbois.ch\\\/?p=5160#primaryimage\",\"url\":\"https:\\\/\\\/i0.wp.com\\\/ecolefermedesbois.ch\\\/wp-content\\\/uploads\\\/2021\\\/04\\\/20210421_093636-scaled.jpg?fit=2053%2C2560&ssl=1\",\"contentUrl\":\"https:\\\/\\\/i0.wp.com\\\/ecolefermedesbois.ch\\\/wp-content\\\/uploads\\\/2021\\\/04\\\/20210421_093636-scaled.jpg?fit=2053%2C2560&ssl=1\",\"width\":2053,\"height\":2560},{\"@type\":\"BreadcrumbList\",\"@id\":\"https:\\\/\\\/ecolefermedesbois.ch\\\/?p=5160#breadcrumb\",\"itemListElement\":[{\"@type\":\"ListItem\",\"position\":1,\"name\":\"Accueil\",\"item\":\"https:\\\/\\\/ecolefermedesbois.ch\\\/\"},{\"@type\":\"ListItem\",\"position\":2,\"name\":\"Le groupe du mercredi de la B\u00e0C &#x1f308;\"}]},{\"@type\":\"WebSite\",\"@id\":\"https:\\\/\\\/ecolefermedesbois.ch\\\/#website\",\"url\":\"https:\\\/\\\/ecolefermedesbois.ch\\\/\",\"name\":\"ecolefermedesbois\",\"description\":\"\",\"publisher\":{\"@id\":\"https:\\\/\\\/ecolefermedesbois.ch\\\/#organization\"},\"potentialAction\":[{\"@type\":\"SearchAction\",\"target\":{\"@type\":\"EntryPoint\",\"urlTemplate\":\"https:\\\/\\\/ecolefermedesbois.ch\\\/?s={search_term_string}\"},\"query-input\":{\"@type\":\"PropertyValueSpecification\",\"valueRequired\":true,\"valueName\":\"search_term_string\"}}],\"inLanguage\":\"fr-FR\"},{\"@type\":\"Organization\",\"@id\":\"https:\\\/\\\/ecolefermedesbois.ch\\\/#organization\",\"name\":\"Ecole \u00e0 la Ferme des Bois\",\"url\":\"https:\\\/\\\/ecolefermedesbois.ch\\\/\",\"logo\":{\"@type\":\"ImageObject\",\"inLanguage\":\"fr-FR\",\"@id\":\"https:\\\/\\\/ecolefermedesbois.ch\\\/#\\\/schema\\\/logo\\\/image\\\/\",\"url\":\"https:\\\/\\\/ecolefermedesbois.ch\\\/wp-content\\\/uploads\\\/2019\\\/04\\\/logo-scaled.gif\",\"contentUrl\":\"https:\\\/\\\/ecolefermedesbois.ch\\\/wp-content\\\/uploads\\\/2019\\\/04\\\/logo-scaled.gif\",\"width\":2560,\"height\":608,\"caption\":\"Ecole \u00e0 la Ferme des Bois\"},\"image\":{\"@id\":\"https:\\\/\\\/ecolefermedesbois.ch\\\/#\\\/schema\\\/logo\\\/image\\\/\"},\"sameAs\":[\"https:\\\/\\\/www.facebook.com\\\/ecolefermedesBois\"]},{\"@type\":\"Person\",\"@id\":\"https:\\\/\\\/ecolefermedesbois.ch\\\/#\\\/schema\\\/person\\\/78f5a1c78e958e51240f90932d290908\",\"name\":\"Sophie\",\"image\":{\"@type\":\"ImageObject\",\"inLanguage\":\"fr-FR\",\"@id\":\"https:\\\/\\\/secure.gravatar.com\\\/avatar\\\/053fbaec50cb27b03b880a4b8b018009aa3af995f32011efc3f40a589371d46f?s=96&d=mm&r=g\",\"url\":\"https:\\\/\\\/secure.gravatar.com\\\/avatar\\\/053fbaec50cb27b03b880a4b8b018009aa3af995f32011efc3f40a589371d46f?s=96&d=mm&r=g\",\"contentUrl\":\"https:\\\/\\\/secure.gravatar.com\\\/avatar\\\/053fbaec50cb27b03b880a4b8b018009aa3af995f32011efc3f40a589371d46f?s=96&d=mm&r=g\",\"caption\":\"Sophie\"},\"url\":\"https:\\\/\\\/ecolefermedesbois.ch\\\/?author=2\"}]}<\/script>\n<!-- \/ Yoast SEO plugin. -->","yoast_head_json":{"title":"Le groupe du mercredi de la B\u00e0C &#x1f308; -","robots":{"index":"index","follow":"follow","max-snippet":"max-snippet:-1","max-image-preview":"max-image-preview:large","max-video-preview":"max-video-preview:-1"},"canonical":"https:\/\/ecolefermedesbois.ch\/?p=5160","og_locale":"fr_FR","og_type":"article","og_title":"Le groupe du mercredi de la B\u00e0C &#x1f308; -","og_description":"Ce mercredi matin, les jeunes lutins de la bo\u00eete \u00e0 Couleurs sont venus jardiner. Nous avons commenc\u00e9 par pr\u00e9parer les&#46;&#46;&#46;","og_url":"https:\/\/ecolefermedesbois.ch\/?p=5160","article_publisher":"https:\/\/www.facebook.com\/ecolefermedesBois","article_published_time":"2021-04-22T18:21:01+00:00","og_image":[{"width":2053,"height":2560,"url":"https:\/\/ecolefermedesbois.ch\/wp-content\/uploads\/2021\/04\/20210421_093636-scaled.jpg","type":"image\/jpeg"}],"author":"Sophie","twitter_card":"summary_large_image","twitter_misc":{"\u00c9crit par":"Sophie","Dur\u00e9e de lecture estim\u00e9e":"1 minute"},"schema":{"@context":"https:\/\/schema.org","@graph":[{"@type":"Article","@id":"https:\/\/ecolefermedesbois.ch\/?p=5160#article","isPartOf":{"@id":"https:\/\/ecolefermedesbois.ch\/?p=5160"},"author":{"name":"Sophie","@id":"https:\/\/ecolefermedesbois.ch\/#\/schema\/person\/78f5a1c78e958e51240f90932d290908"},"headline":"Le groupe du mercredi de la B\u00e0C &#x1f308;","datePublished":"2021-04-22T18:21:01+00:00","mainEntityOfPage":{"@id":"https:\/\/ecolefermedesbois.ch\/?p=5160"},"wordCount":209,"commentCount":3,"publisher":{"@id":"https:\/\/ecolefermedesbois.ch\/#organization"},"image":{"@id":"https:\/\/ecolefermedesbois.ch\/?p=5160#primaryimage"},"thumbnailUrl":"https:\/\/i0.wp.com\/ecolefermedesbois.ch\/wp-content\/uploads\/2021\/04\/20210421_093636-scaled.jpg?fit=2053%2C2560&ssl=1","articleSection":["Ecole"],"inLanguage":"fr-FR","potentialAction":[{"@type":"CommentAction","name":"Comment","target":["https:\/\/ecolefermedesbois.ch\/?p=5160#respond"]}]},{"@type":"WebPage","@id":"https:\/\/ecolefermedesbois.ch\/?p=5160","url":"https:\/\/ecolefermedesbois.ch\/?p=5160","name":"Le groupe du mercredi de la B\u00e0C &#x1f308; -","isPartOf":{"@id":"https:\/\/ecolefermedesbois.ch\/#website"},"primaryImageOfPage":{"@id":"https:\/\/ecolefermedesbois.ch\/?p=5160#primaryimage"},"image":{"@id":"https:\/\/ecolefermedesbois.ch\/?p=5160#primaryimage"},"thumbnailUrl":"https:\/\/i0.wp.com\/ecolefermedesbois.ch\/wp-content\/uploads\/2021\/04\/20210421_093636-scaled.jpg?fit=2053%2C2560&ssl=1","datePublished":"2021-04-22T18:21:01+00:00","breadcrumb":{"@id":"https:\/\/ecolefermedesbois.ch\/?p=5160#breadcrumb"},"inLanguage":"fr-FR","potentialAction":[{"@type":"ReadAction","target":["https:\/\/ecolefermedesbois.ch\/?p=5160"]}]},{"@type":"ImageObject","inLanguage":"fr-FR","@id":"https:\/\/ecolefermedesbois.ch\/?p=5160#primaryimage","url":"https:\/\/i0.wp.com\/ecolefermedesbois.ch\/wp-content\/uploads\/2021\/04\/20210421_093636-scaled.jpg?fit=2053%2C2560&ssl=1","contentUrl":"https:\/\/i0.wp.com\/ecolefermedesbois.ch\/wp-content\/uploads\/2021\/04\/20210421_093636-scaled.jpg?fit=2053%2C2560&ssl=1","width":2053,"height":2560},{"@type":"BreadcrumbList","@id":"https:\/\/ecolefermedesbois.ch\/?p=5160#breadcrumb","itemListElement":[{"@type":"ListItem","position":1,"name":"Accueil","item":"https:\/\/ecolefermedesbois.ch\/"},{"@type":"ListItem","position":2,"name":"Le groupe du mercredi de la B\u00e0C &#x1f308;"}]},{"@type":"WebSite","@id":"https:\/\/ecolefermedesbois.ch\/#website","url":"https:\/\/ecolefermedesbois.ch\/","name":"ecolefermedesbois","description":"","publisher":{"@id":"https:\/\/ecolefermedesbois.ch\/#organization"},"potentialAction":[{"@type":"SearchAction","target":{"@type":"EntryPoint","urlTemplate":"https:\/\/ecolefermedesbois.ch\/?s={search_term_string}"},"query-input":{"@type":"PropertyValueSpecification","valueRequired":true,"valueName":"search_term_string"}}],"inLanguage":"fr-FR"},{"@type":"Organization","@id":"https:\/\/ecolefermedesbois.ch\/#organization","name":"Ecole \u00e0 la Ferme des Bois","url":"https:\/\/ecolefermedesbois.ch\/","logo":{"@type":"ImageObject","inLanguage":"fr-FR","@id":"https:\/\/ecolefermedesbois.ch\/#\/schema\/logo\/image\/","url":"https:\/\/ecolefermedesbois.ch\/wp-content\/uploads\/2019\/04\/logo-scaled.gif","contentUrl":"https:\/\/ecolefermedesbois.ch\/wp-content\/uploads\/2019\/04\/logo-scaled.gif","width":2560,"height":608,"caption":"Ecole \u00e0 la Ferme des Bois"},"image":{"@id":"https:\/\/ecolefermedesbois.ch\/#\/schema\/logo\/image\/"},"sameAs":["https:\/\/www.facebook.com\/ecolefermedesBois"]},{"@type":"Person","@id":"https:\/\/ecolefermedesbois.ch\/#\/schema\/person\/78f5a1c78e958e51240f90932d290908","name":"Sophie","image":{"@type":"ImageObject","inLanguage":"fr-FR","@id":"https:\/\/secure.gravatar.com\/avatar\/053fbaec50cb27b03b880a4b8b018009aa3af995f32011efc3f40a589371d46f?s=96&d=mm&r=g","url":"https:\/\/secure.gravatar.com\/avatar\/053fbaec50cb27b03b880a4b8b018009aa3af995f32011efc3f40a589371d46f?s=96&d=mm&r=g","contentUrl":"https:\/\/secure.gravatar.com\/avatar\/053fbaec50cb27b03b880a4b8b018009aa3af995f32011efc3f40a589371d46f?s=96&d=mm&r=g","caption":"Sophie"},"url":"https:\/\/ecolefermedesbois.ch\/?author=2"}]}},"jetpack_publicize_connections":[],"jetpack_featured_media_url":"https:\/\/i0.wp.com\/ecolefermedesbois.ch\/wp-content\/uploads\/2021\/04\/20210421_093636-scaled.jpg?fit=2053%2C2560&ssl=1","jetpack_sharing_enabled":true,"_links":{"self":[{"href":"https:\/\/ecolefermedesbois.ch\/index.php?rest_route=\/wp\/v2\/posts\/5160","targetHints":{"allow":["GET"]}}],"collection":[{"href":"https:\/\/ecolefermedesbois.ch\/index.php?rest_route=\/wp\/v2\/posts"}],"about":[{"href":"https:\/\/ecolefermedesbois.ch\/index.php?rest_route=\/wp\/v2\/types\/post"}],"author":[{"embeddable":true,"href":"https:\/\/ecolefermedesbois.ch\/index.php?rest_route=\/wp\/v2\/users\/2"}],"replies":[{"embeddable":true,"href":"https:\/\/ecolefermedesbois.ch\/index.php?rest_route=%2Fwp%2Fv2%2Fcomments&post=5160"}],"version-history":[{"count":0,"href":"https:\/\/ecolefermedesbois.ch\/index.php?rest_route=\/wp\/v2\/posts\/5160\/revisions"}],"wp:featuredmedia":[{"embeddable":true,"href":"https:\/\/ecolefermedesbois.ch\/index.php?rest_route=\/wp\/v2\/media\/5159"}],"wp:attachment":[{"href":"https:\/\/ecolefermedesbois.ch\/index.php?rest_route=%2Fwp%2Fv2%2Fmedia&parent=5160"}],"wp:term":[{"taxonomy":"category","embeddable":true,"href":"https:\/\/ecolefermedesbois.ch\/index.php?rest_route=%2Fwp%2Fv2%2Fcategories&post=5160"},{"taxonomy":"post_tag","embeddable":true,"href":"https:\/\/ecolefermedesbois.ch\/index.php?rest_route=%2Fwp%2Fv2%2Ftags&post=5160"}],"curies":[{"name":"wp","href":"https:\/\/api.w.org\/{rel}","templated":true}]}}