{"id":4713,"date":"2021-03-19T17:21:11","date_gmt":"2021-03-19T16:21:11","guid":{"rendered":"https:\/\/ecolefermedesbois.ch\/?p=4713"},"modified":"2021-03-19T18:39:23","modified_gmt":"2021-03-19T17:39:23","slug":"la-classe-de-c-wa-mbengi-a-la-basse-cour","status":"publish","type":"post","link":"https:\/\/ecolefermedesbois.ch\/?p=4713","title":{"rendered":"La classe de C. Wa Mbengi \u00e0 la basse-cour"},"content":{"rendered":"<div class=\"pdfprnt-buttons pdfprnt-buttons-post pdfprnt-top-right\"><a href=\"https:\/\/ecolefermedesbois.ch\/index.php?rest_route=%2Fwp%2Fv2%2Fposts%2F4713&print=pdf\" class=\"pdfprnt-button pdfprnt-button-pdf\" target=\"_blank\" ><img data-recalc-dims=\"1\" decoding=\"async\" src=\"https:\/\/i0.wp.com\/ecolefermedesbois.ch\/wp-content\/plugins\/pdf-print\/images\/pdf.png?w=720&#038;ssl=1\" alt=\"image_pdf\" title=\"Afficher le PDF\" \/><\/a><a href=\"https:\/\/ecolefermedesbois.ch\/index.php?rest_route=%2Fwp%2Fv2%2Fposts%2F4713&print=print\" class=\"pdfprnt-button pdfprnt-button-print\" target=\"_blank\" ><img data-recalc-dims=\"1\" decoding=\"async\" src=\"https:\/\/i0.wp.com\/ecolefermedesbois.ch\/wp-content\/plugins\/pdf-print\/images\/print.png?w=720&#038;ssl=1\" alt=\"image_print\" title=\"Contenu imprim\u00e9\" \/><\/a><\/div>\n<p>Ce matin les \u00e9l\u00e8ves de Corinne Wa Mbengi de Chesalles-sur-Oron sont venus d\u00e9couvrir la vie \u00e0 la basse-cour. <\/p>\n\n\n\n<p>Nous avons observ\u00e9 le poulailler de l&rsquo;ext\u00e9rieur et de l&rsquo;int\u00e9rieur ainsi que leurs habitants &#x1f414;&#x1f413;<\/p>\n\n\n\n<figure class=\"wp-block-gallery columns-2 is-cropped wp-block-gallery-1 is-layout-flex wp-block-gallery-is-layout-flex\"><ul class=\"blocks-gallery-grid\"><li class=\"blocks-gallery-item\"><figure><img data-recalc-dims=\"1\" fetchpriority=\"high\" decoding=\"async\" width=\"720\" height=\"960\" src=\"https:\/\/i0.wp.com\/ecolefermedesbois.ch\/wp-content\/uploads\/2021\/03\/wp-1616166551868.jpg?resize=720%2C960&#038;ssl=1\" data-id=\"4679\" class=\"wp-image-4679\" srcset=\"https:\/\/i0.wp.com\/ecolefermedesbois.ch\/wp-content\/uploads\/2021\/03\/wp-1616166551868.jpg?w=1536&amp;ssl=1 1536w, https:\/\/i0.wp.com\/ecolefermedesbois.ch\/wp-content\/uploads\/2021\/03\/wp-1616166551868.jpg?resize=450%2C600&amp;ssl=1 450w, https:\/\/i0.wp.com\/ecolefermedesbois.ch\/wp-content\/uploads\/2021\/03\/wp-1616166551868.jpg?resize=225%2C300&amp;ssl=1 225w, https:\/\/i0.wp.com\/ecolefermedesbois.ch\/wp-content\/uploads\/2021\/03\/wp-1616166551868.jpg?resize=768%2C1024&amp;ssl=1 768w, https:\/\/i0.wp.com\/ecolefermedesbois.ch\/wp-content\/uploads\/2021\/03\/wp-1616166551868.jpg?resize=1152%2C1536&amp;ssl=1 1152w, https:\/\/i0.wp.com\/ecolefermedesbois.ch\/wp-content\/uploads\/2021\/03\/wp-1616166551868.jpg?w=1440&amp;ssl=1 1440w\" sizes=\"(max-width: 720px) 100vw, 720px\" \/><\/figure><\/li><li class=\"blocks-gallery-item\"><figure><img data-recalc-dims=\"1\" decoding=\"async\" width=\"720\" height=\"960\" src=\"https:\/\/i0.wp.com\/ecolefermedesbois.ch\/wp-content\/uploads\/2021\/03\/wp-1616166592249.jpg?resize=720%2C960&#038;ssl=1\" data-id=\"4680\" class=\"wp-image-4680\" srcset=\"https:\/\/i0.wp.com\/ecolefermedesbois.ch\/wp-content\/uploads\/2021\/03\/wp-1616166592249.jpg?w=1536&amp;ssl=1 1536w, https:\/\/i0.wp.com\/ecolefermedesbois.ch\/wp-content\/uploads\/2021\/03\/wp-1616166592249.jpg?resize=450%2C600&amp;ssl=1 450w, https:\/\/i0.wp.com\/ecolefermedesbois.ch\/wp-content\/uploads\/2021\/03\/wp-1616166592249.jpg?resize=225%2C300&amp;ssl=1 225w, https:\/\/i0.wp.com\/ecolefermedesbois.ch\/wp-content\/uploads\/2021\/03\/wp-1616166592249.jpg?resize=768%2C1024&amp;ssl=1 768w, https:\/\/i0.wp.com\/ecolefermedesbois.ch\/wp-content\/uploads\/2021\/03\/wp-1616166592249.jpg?resize=1152%2C1536&amp;ssl=1 1152w, https:\/\/i0.wp.com\/ecolefermedesbois.ch\/wp-content\/uploads\/2021\/03\/wp-1616166592249.jpg?w=1440&amp;ssl=1 1440w\" sizes=\"(max-width: 720px) 100vw, 720px\" \/><\/figure><\/li><\/ul><\/figure>\n\n\n\n<p>Comment se comportent ils? Que mangent ils ou encore o\u00f9 les &#x1f414; pondent elles leurs oeufs. Etc&#8230;<\/p>\n\n\n\n<figure class=\"wp-block-gallery columns-2 is-cropped wp-block-gallery-2 is-layout-flex wp-block-gallery-is-layout-flex\"><ul class=\"blocks-gallery-grid\"><li class=\"blocks-gallery-item\"><figure><img data-recalc-dims=\"1\" decoding=\"async\" width=\"720\" height=\"870\" src=\"https:\/\/i0.wp.com\/ecolefermedesbois.ch\/wp-content\/uploads\/2021\/03\/wp-1616166437052-scaled.jpg?resize=720%2C870&#038;ssl=1\" data-id=\"4675\" class=\"wp-image-4675\" srcset=\"https:\/\/i0.wp.com\/ecolefermedesbois.ch\/wp-content\/uploads\/2021\/03\/wp-1616166437052-scaled.jpg?w=2119&amp;ssl=1 2119w, https:\/\/i0.wp.com\/ecolefermedesbois.ch\/wp-content\/uploads\/2021\/03\/wp-1616166437052-scaled.jpg?resize=497%2C600&amp;ssl=1 497w, https:\/\/i0.wp.com\/ecolefermedesbois.ch\/wp-content\/uploads\/2021\/03\/wp-1616166437052-scaled.jpg?resize=248%2C300&amp;ssl=1 248w, https:\/\/i0.wp.com\/ecolefermedesbois.ch\/wp-content\/uploads\/2021\/03\/wp-1616166437052-scaled.jpg?resize=768%2C928&amp;ssl=1 768w, https:\/\/i0.wp.com\/ecolefermedesbois.ch\/wp-content\/uploads\/2021\/03\/wp-1616166437052-scaled.jpg?resize=1271%2C1536&amp;ssl=1 1271w, https:\/\/i0.wp.com\/ecolefermedesbois.ch\/wp-content\/uploads\/2021\/03\/wp-1616166437052-scaled.jpg?resize=1695%2C2048&amp;ssl=1 1695w, https:\/\/i0.wp.com\/ecolefermedesbois.ch\/wp-content\/uploads\/2021\/03\/wp-1616166437052-scaled.jpg?w=1440&amp;ssl=1 1440w\" sizes=\"(max-width: 720px) 100vw, 720px\" \/><\/figure><\/li><li class=\"blocks-gallery-item\"><figure><img data-recalc-dims=\"1\" loading=\"lazy\" decoding=\"async\" width=\"720\" height=\"843\" src=\"https:\/\/i0.wp.com\/ecolefermedesbois.ch\/wp-content\/uploads\/2021\/03\/wp-1616166455015-scaled.jpg?resize=720%2C843&#038;ssl=1\" data-id=\"4676\" class=\"wp-image-4676\" srcset=\"https:\/\/i0.wp.com\/ecolefermedesbois.ch\/wp-content\/uploads\/2021\/03\/wp-1616166455015-scaled.jpg?w=2186&amp;ssl=1 2186w, https:\/\/i0.wp.com\/ecolefermedesbois.ch\/wp-content\/uploads\/2021\/03\/wp-1616166455015-scaled.jpg?resize=512%2C600&amp;ssl=1 512w, https:\/\/i0.wp.com\/ecolefermedesbois.ch\/wp-content\/uploads\/2021\/03\/wp-1616166455015-scaled.jpg?resize=768%2C900&amp;ssl=1 768w, https:\/\/i0.wp.com\/ecolefermedesbois.ch\/wp-content\/uploads\/2021\/03\/wp-1616166455015-scaled.jpg?resize=1311%2C1536&amp;ssl=1 1311w, https:\/\/i0.wp.com\/ecolefermedesbois.ch\/wp-content\/uploads\/2021\/03\/wp-1616166455015-scaled.jpg?resize=1748%2C2048&amp;ssl=1 1748w, https:\/\/i0.wp.com\/ecolefermedesbois.ch\/wp-content\/uploads\/2021\/03\/wp-1616166455015-scaled.jpg?resize=256%2C300&amp;ssl=1 256w, https:\/\/i0.wp.com\/ecolefermedesbois.ch\/wp-content\/uploads\/2021\/03\/wp-1616166455015-scaled.jpg?w=1440&amp;ssl=1 1440w\" sizes=\"(max-width: 720px) 100vw, 720px\" \/><\/figure><\/li><\/ul><\/figure>\n\n\n\n<p>Nous avons fini cette premi\u00e8re partie par le jeu des habitants de la basse-cour et de l&rsquo;\u00e9table! Vous \u00eates trop forts les enfants, bravo! &#x1f44f;&#x1f3fb;<\/p>\n\n\n\n<figure class=\"wp-block-gallery columns-2 is-cropped wp-block-gallery-3 is-layout-flex wp-block-gallery-is-layout-flex\"><ul class=\"blocks-gallery-grid\"><li class=\"blocks-gallery-item\"><figure><img data-recalc-dims=\"1\" loading=\"lazy\" decoding=\"async\" width=\"720\" height=\"597\" src=\"https:\/\/i0.wp.com\/ecolefermedesbois.ch\/wp-content\/uploads\/2021\/03\/wp-1616166653672.jpg?resize=720%2C597&#038;ssl=1\" data-id=\"4681\" class=\"wp-image-4681\" srcset=\"https:\/\/i0.wp.com\/ecolefermedesbois.ch\/wp-content\/uploads\/2021\/03\/wp-1616166653672.jpg?w=1853&amp;ssl=1 1853w, https:\/\/i0.wp.com\/ecolefermedesbois.ch\/wp-content\/uploads\/2021\/03\/wp-1616166653672.jpg?resize=600%2C497&amp;ssl=1 600w, https:\/\/i0.wp.com\/ecolefermedesbois.ch\/wp-content\/uploads\/2021\/03\/wp-1616166653672.jpg?resize=300%2C249&amp;ssl=1 300w, https:\/\/i0.wp.com\/ecolefermedesbois.ch\/wp-content\/uploads\/2021\/03\/wp-1616166653672.jpg?resize=768%2C637&amp;ssl=1 768w, https:\/\/i0.wp.com\/ecolefermedesbois.ch\/wp-content\/uploads\/2021\/03\/wp-1616166653672.jpg?resize=1536%2C1273&amp;ssl=1 1536w, https:\/\/i0.wp.com\/ecolefermedesbois.ch\/wp-content\/uploads\/2021\/03\/wp-1616166653672.jpg?w=1440&amp;ssl=1 1440w\" sizes=\"(max-width: 720px) 100vw, 720px\" \/><\/figure><\/li><li class=\"blocks-gallery-item\"><figure><img data-recalc-dims=\"1\" loading=\"lazy\" decoding=\"async\" width=\"720\" height=\"540\" src=\"https:\/\/i0.wp.com\/ecolefermedesbois.ch\/wp-content\/uploads\/2021\/03\/wp-1616166707833.jpg?resize=720%2C540&#038;ssl=1\" data-id=\"4682\" class=\"wp-image-4682\" srcset=\"https:\/\/i0.wp.com\/ecolefermedesbois.ch\/wp-content\/uploads\/2021\/03\/wp-1616166707833.jpg?w=2048&amp;ssl=1 2048w, https:\/\/i0.wp.com\/ecolefermedesbois.ch\/wp-content\/uploads\/2021\/03\/wp-1616166707833.jpg?resize=600%2C450&amp;ssl=1 600w, https:\/\/i0.wp.com\/ecolefermedesbois.ch\/wp-content\/uploads\/2021\/03\/wp-1616166707833.jpg?resize=300%2C225&amp;ssl=1 300w, https:\/\/i0.wp.com\/ecolefermedesbois.ch\/wp-content\/uploads\/2021\/03\/wp-1616166707833.jpg?resize=768%2C576&amp;ssl=1 768w, https:\/\/i0.wp.com\/ecolefermedesbois.ch\/wp-content\/uploads\/2021\/03\/wp-1616166707833.jpg?resize=1536%2C1152&amp;ssl=1 1536w, https:\/\/i0.wp.com\/ecolefermedesbois.ch\/wp-content\/uploads\/2021\/03\/wp-1616166707833.jpg?w=1440&amp;ssl=1 1440w\" sizes=\"(max-width: 720px) 100vw, 720px\" \/><\/figure><\/li><\/ul><\/figure>\n\n\n\n<p>Youpi!!! C&rsquo;est l&rsquo;heure de la r\u00e9cr\u00e9! Qu&rsquo;est-ce qu&rsquo;on a faim &#x1f60b;<\/p>\n\n\n\n<figure class=\"wp-block-gallery columns-2 is-cropped wp-block-gallery-4 is-layout-flex wp-block-gallery-is-layout-flex\"><ul class=\"blocks-gallery-grid\"><li class=\"blocks-gallery-item\"><figure><img data-recalc-dims=\"1\" loading=\"lazy\" decoding=\"async\" width=\"720\" height=\"489\" src=\"https:\/\/i0.wp.com\/ecolefermedesbois.ch\/wp-content\/uploads\/2021\/03\/wp-1616166500705.jpg?resize=720%2C489&#038;ssl=1\" data-id=\"4677\" class=\"wp-image-4677\" srcset=\"https:\/\/i0.wp.com\/ecolefermedesbois.ch\/wp-content\/uploads\/2021\/03\/wp-1616166500705.jpg?w=1974&amp;ssl=1 1974w, https:\/\/i0.wp.com\/ecolefermedesbois.ch\/wp-content\/uploads\/2021\/03\/wp-1616166500705.jpg?resize=600%2C407&amp;ssl=1 600w, https:\/\/i0.wp.com\/ecolefermedesbois.ch\/wp-content\/uploads\/2021\/03\/wp-1616166500705.jpg?resize=300%2C204&amp;ssl=1 300w, https:\/\/i0.wp.com\/ecolefermedesbois.ch\/wp-content\/uploads\/2021\/03\/wp-1616166500705.jpg?resize=768%2C521&amp;ssl=1 768w, https:\/\/i0.wp.com\/ecolefermedesbois.ch\/wp-content\/uploads\/2021\/03\/wp-1616166500705.jpg?resize=1536%2C1043&amp;ssl=1 1536w, https:\/\/i0.wp.com\/ecolefermedesbois.ch\/wp-content\/uploads\/2021\/03\/wp-1616166500705.jpg?w=1440&amp;ssl=1 1440w\" sizes=\"(max-width: 720px) 100vw, 720px\" \/><\/figure><\/li><li class=\"blocks-gallery-item\"><figure><img data-recalc-dims=\"1\" loading=\"lazy\" decoding=\"async\" width=\"720\" height=\"668\" src=\"https:\/\/i0.wp.com\/ecolefermedesbois.ch\/wp-content\/uploads\/2021\/03\/wp-1616166533454-scaled.jpg?resize=720%2C668&#038;ssl=1\" data-id=\"4678\" class=\"wp-image-4678\" srcset=\"https:\/\/i0.wp.com\/ecolefermedesbois.ch\/wp-content\/uploads\/2021\/03\/wp-1616166533454-scaled.jpg?w=2560&amp;ssl=1 2560w, https:\/\/i0.wp.com\/ecolefermedesbois.ch\/wp-content\/uploads\/2021\/03\/wp-1616166533454-scaled.jpg?resize=600%2C556&amp;ssl=1 600w, https:\/\/i0.wp.com\/ecolefermedesbois.ch\/wp-content\/uploads\/2021\/03\/wp-1616166533454-scaled.jpg?resize=300%2C278&amp;ssl=1 300w, https:\/\/i0.wp.com\/ecolefermedesbois.ch\/wp-content\/uploads\/2021\/03\/wp-1616166533454-scaled.jpg?resize=768%2C712&amp;ssl=1 768w, https:\/\/i0.wp.com\/ecolefermedesbois.ch\/wp-content\/uploads\/2021\/03\/wp-1616166533454-scaled.jpg?resize=1536%2C1424&amp;ssl=1 1536w, https:\/\/i0.wp.com\/ecolefermedesbois.ch\/wp-content\/uploads\/2021\/03\/wp-1616166533454-scaled.jpg?resize=2048%2C1899&amp;ssl=1 2048w, https:\/\/i0.wp.com\/ecolefermedesbois.ch\/wp-content\/uploads\/2021\/03\/wp-1616166533454-scaled.jpg?w=1440&amp;ssl=1 1440w, https:\/\/i0.wp.com\/ecolefermedesbois.ch\/wp-content\/uploads\/2021\/03\/wp-1616166533454-scaled.jpg?w=2160&amp;ssl=1 2160w\" sizes=\"(max-width: 720px) 100vw, 720px\" \/><\/figure><\/li><\/ul><\/figure>\n\n\n\n<p>Apr\u00e8s une r\u00e9cr\u00e9 bien m\u00e9rit\u00e9e, nous voil\u00e0 tous autour de la table \u00e0 se retrousser les manches pour confectionner des scones aux raisins &#x1f347;secs. Bravo les enfants, vous avez \u00e9t\u00e9 super efficaces! &#x1f44d;&#x1f3fb;<\/p>\n\n\n\n<figure class=\"wp-block-gallery columns-3 is-cropped wp-block-gallery-5 is-layout-flex wp-block-gallery-is-layout-flex\"><ul class=\"blocks-gallery-grid\"><li class=\"blocks-gallery-item\"><figure><img data-recalc-dims=\"1\" loading=\"lazy\" decoding=\"async\" width=\"720\" height=\"540\" src=\"https:\/\/i0.wp.com\/ecolefermedesbois.ch\/wp-content\/uploads\/2021\/03\/wp-1616166749564-scaled.jpg?resize=720%2C540&#038;ssl=1\" data-id=\"4683\" class=\"wp-image-4683\" srcset=\"https:\/\/i0.wp.com\/ecolefermedesbois.ch\/wp-content\/uploads\/2021\/03\/wp-1616166749564-scaled.jpg?w=2560&amp;ssl=1 2560w, https:\/\/i0.wp.com\/ecolefermedesbois.ch\/wp-content\/uploads\/2021\/03\/wp-1616166749564-scaled.jpg?resize=600%2C450&amp;ssl=1 600w, https:\/\/i0.wp.com\/ecolefermedesbois.ch\/wp-content\/uploads\/2021\/03\/wp-1616166749564-scaled.jpg?resize=300%2C225&amp;ssl=1 300w, https:\/\/i0.wp.com\/ecolefermedesbois.ch\/wp-content\/uploads\/2021\/03\/wp-1616166749564-scaled.jpg?resize=768%2C576&amp;ssl=1 768w, https:\/\/i0.wp.com\/ecolefermedesbois.ch\/wp-content\/uploads\/2021\/03\/wp-1616166749564-scaled.jpg?resize=1536%2C1152&amp;ssl=1 1536w, https:\/\/i0.wp.com\/ecolefermedesbois.ch\/wp-content\/uploads\/2021\/03\/wp-1616166749564-scaled.jpg?resize=2048%2C1536&amp;ssl=1 2048w, https:\/\/i0.wp.com\/ecolefermedesbois.ch\/wp-content\/uploads\/2021\/03\/wp-1616166749564-scaled.jpg?w=1440&amp;ssl=1 1440w, https:\/\/i0.wp.com\/ecolefermedesbois.ch\/wp-content\/uploads\/2021\/03\/wp-1616166749564-scaled.jpg?w=2160&amp;ssl=1 2160w\" sizes=\"(max-width: 720px) 100vw, 720px\" \/><\/figure><\/li><li class=\"blocks-gallery-item\"><figure><img data-recalc-dims=\"1\" loading=\"lazy\" decoding=\"async\" width=\"720\" height=\"540\" src=\"https:\/\/i0.wp.com\/ecolefermedesbois.ch\/wp-content\/uploads\/2021\/03\/wp-1616166771150-scaled.jpg?resize=720%2C540&#038;ssl=1\" data-id=\"4684\" class=\"wp-image-4684\" srcset=\"https:\/\/i0.wp.com\/ecolefermedesbois.ch\/wp-content\/uploads\/2021\/03\/wp-1616166771150-scaled.jpg?w=2560&amp;ssl=1 2560w, https:\/\/i0.wp.com\/ecolefermedesbois.ch\/wp-content\/uploads\/2021\/03\/wp-1616166771150-scaled.jpg?resize=600%2C450&amp;ssl=1 600w, https:\/\/i0.wp.com\/ecolefermedesbois.ch\/wp-content\/uploads\/2021\/03\/wp-1616166771150-scaled.jpg?resize=300%2C225&amp;ssl=1 300w, https:\/\/i0.wp.com\/ecolefermedesbois.ch\/wp-content\/uploads\/2021\/03\/wp-1616166771150-scaled.jpg?resize=768%2C576&amp;ssl=1 768w, https:\/\/i0.wp.com\/ecolefermedesbois.ch\/wp-content\/uploads\/2021\/03\/wp-1616166771150-scaled.jpg?resize=1536%2C1152&amp;ssl=1 1536w, https:\/\/i0.wp.com\/ecolefermedesbois.ch\/wp-content\/uploads\/2021\/03\/wp-1616166771150-scaled.jpg?resize=2048%2C1536&amp;ssl=1 2048w, https:\/\/i0.wp.com\/ecolefermedesbois.ch\/wp-content\/uploads\/2021\/03\/wp-1616166771150-scaled.jpg?w=1440&amp;ssl=1 1440w, https:\/\/i0.wp.com\/ecolefermedesbois.ch\/wp-content\/uploads\/2021\/03\/wp-1616166771150-scaled.jpg?w=2160&amp;ssl=1 2160w\" sizes=\"(max-width: 720px) 100vw, 720px\" \/><\/figure><\/li><li class=\"blocks-gallery-item\"><figure><img data-recalc-dims=\"1\" loading=\"lazy\" decoding=\"async\" width=\"720\" height=\"960\" src=\"https:\/\/i0.wp.com\/ecolefermedesbois.ch\/wp-content\/uploads\/2021\/03\/wp-1616166790771-scaled.jpg?resize=720%2C960&#038;ssl=1\" data-id=\"4685\" class=\"wp-image-4685\" srcset=\"https:\/\/i0.wp.com\/ecolefermedesbois.ch\/wp-content\/uploads\/2021\/03\/wp-1616166790771-scaled.jpg?w=1920&amp;ssl=1 1920w, https:\/\/i0.wp.com\/ecolefermedesbois.ch\/wp-content\/uploads\/2021\/03\/wp-1616166790771-scaled.jpg?resize=450%2C600&amp;ssl=1 450w, https:\/\/i0.wp.com\/ecolefermedesbois.ch\/wp-content\/uploads\/2021\/03\/wp-1616166790771-scaled.jpg?resize=225%2C300&amp;ssl=1 225w, https:\/\/i0.wp.com\/ecolefermedesbois.ch\/wp-content\/uploads\/2021\/03\/wp-1616166790771-scaled.jpg?resize=768%2C1024&amp;ssl=1 768w, https:\/\/i0.wp.com\/ecolefermedesbois.ch\/wp-content\/uploads\/2021\/03\/wp-1616166790771-scaled.jpg?resize=1152%2C1536&amp;ssl=1 1152w, https:\/\/i0.wp.com\/ecolefermedesbois.ch\/wp-content\/uploads\/2021\/03\/wp-1616166790771-scaled.jpg?resize=1536%2C2048&amp;ssl=1 1536w, https:\/\/i0.wp.com\/ecolefermedesbois.ch\/wp-content\/uploads\/2021\/03\/wp-1616166790771-scaled.jpg?w=1440&amp;ssl=1 1440w\" sizes=\"(max-width: 720px) 100vw, 720px\" \/><\/figure><\/li><li class=\"blocks-gallery-item\"><figure><img data-recalc-dims=\"1\" loading=\"lazy\" decoding=\"async\" width=\"720\" height=\"540\" src=\"https:\/\/i0.wp.com\/ecolefermedesbois.ch\/wp-content\/uploads\/2021\/03\/wp-1616166809438-scaled.jpg?resize=720%2C540&#038;ssl=1\" data-id=\"4686\" class=\"wp-image-4686\" srcset=\"https:\/\/i0.wp.com\/ecolefermedesbois.ch\/wp-content\/uploads\/2021\/03\/wp-1616166809438-scaled.jpg?w=2560&amp;ssl=1 2560w, https:\/\/i0.wp.com\/ecolefermedesbois.ch\/wp-content\/uploads\/2021\/03\/wp-1616166809438-scaled.jpg?resize=600%2C450&amp;ssl=1 600w, https:\/\/i0.wp.com\/ecolefermedesbois.ch\/wp-content\/uploads\/2021\/03\/wp-1616166809438-scaled.jpg?resize=300%2C225&amp;ssl=1 300w, https:\/\/i0.wp.com\/ecolefermedesbois.ch\/wp-content\/uploads\/2021\/03\/wp-1616166809438-scaled.jpg?resize=768%2C576&amp;ssl=1 768w, https:\/\/i0.wp.com\/ecolefermedesbois.ch\/wp-content\/uploads\/2021\/03\/wp-1616166809438-scaled.jpg?resize=1536%2C1152&amp;ssl=1 1536w, https:\/\/i0.wp.com\/ecolefermedesbois.ch\/wp-content\/uploads\/2021\/03\/wp-1616166809438-scaled.jpg?resize=2048%2C1536&amp;ssl=1 2048w, https:\/\/i0.wp.com\/ecolefermedesbois.ch\/wp-content\/uploads\/2021\/03\/wp-1616166809438-scaled.jpg?w=1440&amp;ssl=1 1440w, https:\/\/i0.wp.com\/ecolefermedesbois.ch\/wp-content\/uploads\/2021\/03\/wp-1616166809438-scaled.jpg?w=2160&amp;ssl=1 2160w\" sizes=\"(max-width: 720px) 100vw, 720px\" \/><\/figure><\/li><li class=\"blocks-gallery-item\"><figure><img data-recalc-dims=\"1\" loading=\"lazy\" decoding=\"async\" width=\"720\" height=\"610\" src=\"https:\/\/i0.wp.com\/ecolefermedesbois.ch\/wp-content\/uploads\/2021\/03\/wp-1616166835104-scaled.jpg?resize=720%2C610&#038;ssl=1\" data-id=\"4687\" class=\"wp-image-4687\" srcset=\"https:\/\/i0.wp.com\/ecolefermedesbois.ch\/wp-content\/uploads\/2021\/03\/wp-1616166835104-scaled.jpg?w=2560&amp;ssl=1 2560w, https:\/\/i0.wp.com\/ecolefermedesbois.ch\/wp-content\/uploads\/2021\/03\/wp-1616166835104-scaled.jpg?resize=600%2C508&amp;ssl=1 600w, https:\/\/i0.wp.com\/ecolefermedesbois.ch\/wp-content\/uploads\/2021\/03\/wp-1616166835104-scaled.jpg?resize=768%2C651&amp;ssl=1 768w, https:\/\/i0.wp.com\/ecolefermedesbois.ch\/wp-content\/uploads\/2021\/03\/wp-1616166835104-scaled.jpg?resize=2048%2C1735&amp;ssl=1 2048w, https:\/\/i0.wp.com\/ecolefermedesbois.ch\/wp-content\/uploads\/2021\/03\/wp-1616166835104-scaled.jpg?resize=300%2C254&amp;ssl=1 300w, https:\/\/i0.wp.com\/ecolefermedesbois.ch\/wp-content\/uploads\/2021\/03\/wp-1616166835104-scaled.jpg?resize=1536%2C1301&amp;ssl=1 1536w, https:\/\/i0.wp.com\/ecolefermedesbois.ch\/wp-content\/uploads\/2021\/03\/wp-1616166835104-scaled.jpg?w=1440&amp;ssl=1 1440w, https:\/\/i0.wp.com\/ecolefermedesbois.ch\/wp-content\/uploads\/2021\/03\/wp-1616166835104-scaled.jpg?w=2160&amp;ssl=1 2160w\" sizes=\"(max-width: 720px) 100vw, 720px\" \/><\/figure><\/li><li class=\"blocks-gallery-item\"><figure><img data-recalc-dims=\"1\" loading=\"lazy\" decoding=\"async\" width=\"720\" height=\"540\" src=\"https:\/\/i0.wp.com\/ecolefermedesbois.ch\/wp-content\/uploads\/2021\/03\/wp-1616166855632-scaled.jpg?resize=720%2C540&#038;ssl=1\" data-id=\"4688\" class=\"wp-image-4688\" srcset=\"https:\/\/i0.wp.com\/ecolefermedesbois.ch\/wp-content\/uploads\/2021\/03\/wp-1616166855632-scaled.jpg?w=2560&amp;ssl=1 2560w, https:\/\/i0.wp.com\/ecolefermedesbois.ch\/wp-content\/uploads\/2021\/03\/wp-1616166855632-scaled.jpg?resize=600%2C450&amp;ssl=1 600w, https:\/\/i0.wp.com\/ecolefermedesbois.ch\/wp-content\/uploads\/2021\/03\/wp-1616166855632-scaled.jpg?resize=300%2C225&amp;ssl=1 300w, https:\/\/i0.wp.com\/ecolefermedesbois.ch\/wp-content\/uploads\/2021\/03\/wp-1616166855632-scaled.jpg?resize=768%2C576&amp;ssl=1 768w, https:\/\/i0.wp.com\/ecolefermedesbois.ch\/wp-content\/uploads\/2021\/03\/wp-1616166855632-scaled.jpg?resize=1536%2C1152&amp;ssl=1 1536w, https:\/\/i0.wp.com\/ecolefermedesbois.ch\/wp-content\/uploads\/2021\/03\/wp-1616166855632-scaled.jpg?resize=2048%2C1536&amp;ssl=1 2048w, https:\/\/i0.wp.com\/ecolefermedesbois.ch\/wp-content\/uploads\/2021\/03\/wp-1616166855632-scaled.jpg?w=1440&amp;ssl=1 1440w, https:\/\/i0.wp.com\/ecolefermedesbois.ch\/wp-content\/uploads\/2021\/03\/wp-1616166855632-scaled.jpg?w=2160&amp;ssl=1 2160w\" sizes=\"(max-width: 720px) 100vw, 720px\" \/><\/figure><\/li><li class=\"blocks-gallery-item\"><figure><img data-recalc-dims=\"1\" loading=\"lazy\" decoding=\"async\" width=\"720\" height=\"960\" src=\"https:\/\/i0.wp.com\/ecolefermedesbois.ch\/wp-content\/uploads\/2021\/03\/wp-1616166875533.jpg?resize=720%2C960&#038;ssl=1\" data-id=\"4690\" class=\"wp-image-4690\" srcset=\"https:\/\/i0.wp.com\/ecolefermedesbois.ch\/wp-content\/uploads\/2021\/03\/wp-1616166875533.jpg?w=1536&amp;ssl=1 1536w, https:\/\/i0.wp.com\/ecolefermedesbois.ch\/wp-content\/uploads\/2021\/03\/wp-1616166875533.jpg?resize=450%2C600&amp;ssl=1 450w, https:\/\/i0.wp.com\/ecolefermedesbois.ch\/wp-content\/uploads\/2021\/03\/wp-1616166875533.jpg?resize=225%2C300&amp;ssl=1 225w, https:\/\/i0.wp.com\/ecolefermedesbois.ch\/wp-content\/uploads\/2021\/03\/wp-1616166875533.jpg?resize=768%2C1024&amp;ssl=1 768w, https:\/\/i0.wp.com\/ecolefermedesbois.ch\/wp-content\/uploads\/2021\/03\/wp-1616166875533.jpg?resize=1152%2C1536&amp;ssl=1 1152w, https:\/\/i0.wp.com\/ecolefermedesbois.ch\/wp-content\/uploads\/2021\/03\/wp-1616166875533.jpg?w=1440&amp;ssl=1 1440w\" sizes=\"(max-width: 720px) 100vw, 720px\" \/><\/figure><\/li><\/ul><\/figure>\n\n\n\n<p>Un moment de douceur avec nos jeunes &#x1f424; quelque peu effront\u00e9s &#x1f605; Ils sont tellement viguousses que certains enfants en ont eu peur. &#x1f60c; Mais heureusement tout c&rsquo;est bien pass\u00e9! Beaucoup de c\u00e2lins ont \u00e9t\u00e9 donn\u00e9s. &#x1f970;<\/p>\n\n\n\n<figure class=\"wp-block-gallery columns-3 is-cropped wp-block-gallery-6 is-layout-flex wp-block-gallery-is-layout-flex\"><ul class=\"blocks-gallery-grid\"><li class=\"blocks-gallery-item\"><figure><img data-recalc-dims=\"1\" loading=\"lazy\" decoding=\"async\" width=\"720\" height=\"755\" src=\"https:\/\/i0.wp.com\/ecolefermedesbois.ch\/wp-content\/uploads\/2021\/03\/wp-1616166944047-scaled.jpg?resize=720%2C755&#038;ssl=1\" data-id=\"4691\" class=\"wp-image-4691\" srcset=\"https:\/\/i0.wp.com\/ecolefermedesbois.ch\/wp-content\/uploads\/2021\/03\/wp-1616166944047-scaled.jpg?w=2440&amp;ssl=1 2440w, https:\/\/i0.wp.com\/ecolefermedesbois.ch\/wp-content\/uploads\/2021\/03\/wp-1616166944047-scaled.jpg?resize=572%2C600&amp;ssl=1 572w, https:\/\/i0.wp.com\/ecolefermedesbois.ch\/wp-content\/uploads\/2021\/03\/wp-1616166944047-scaled.jpg?resize=286%2C300&amp;ssl=1 286w, https:\/\/i0.wp.com\/ecolefermedesbois.ch\/wp-content\/uploads\/2021\/03\/wp-1616166944047-scaled.jpg?resize=768%2C806&amp;ssl=1 768w, https:\/\/i0.wp.com\/ecolefermedesbois.ch\/wp-content\/uploads\/2021\/03\/wp-1616166944047-scaled.jpg?resize=1464%2C1536&amp;ssl=1 1464w, https:\/\/i0.wp.com\/ecolefermedesbois.ch\/wp-content\/uploads\/2021\/03\/wp-1616166944047-scaled.jpg?resize=1952%2C2048&amp;ssl=1 1952w, https:\/\/i0.wp.com\/ecolefermedesbois.ch\/wp-content\/uploads\/2021\/03\/wp-1616166944047-scaled.jpg?w=2160&amp;ssl=1 2160w\" sizes=\"(max-width: 720px) 100vw, 720px\" \/><\/figure><\/li><li class=\"blocks-gallery-item\"><figure><img data-recalc-dims=\"1\" loading=\"lazy\" decoding=\"async\" width=\"720\" height=\"1075\" src=\"https:\/\/i0.wp.com\/ecolefermedesbois.ch\/wp-content\/uploads\/2021\/03\/wp-1616166971757-scaled.jpg?resize=720%2C1075&#038;ssl=1\" data-id=\"4692\" class=\"wp-image-4692\" srcset=\"https:\/\/i0.wp.com\/ecolefermedesbois.ch\/wp-content\/uploads\/2021\/03\/wp-1616166971757-scaled.jpg?w=1714&amp;ssl=1 1714w, https:\/\/i0.wp.com\/ecolefermedesbois.ch\/wp-content\/uploads\/2021\/03\/wp-1616166971757-scaled.jpg?resize=402%2C600&amp;ssl=1 402w, https:\/\/i0.wp.com\/ecolefermedesbois.ch\/wp-content\/uploads\/2021\/03\/wp-1616166971757-scaled.jpg?resize=201%2C300&amp;ssl=1 201w, https:\/\/i0.wp.com\/ecolefermedesbois.ch\/wp-content\/uploads\/2021\/03\/wp-1616166971757-scaled.jpg?resize=768%2C1147&amp;ssl=1 768w, https:\/\/i0.wp.com\/ecolefermedesbois.ch\/wp-content\/uploads\/2021\/03\/wp-1616166971757-scaled.jpg?resize=1028%2C1536&amp;ssl=1 1028w, https:\/\/i0.wp.com\/ecolefermedesbois.ch\/wp-content\/uploads\/2021\/03\/wp-1616166971757-scaled.jpg?resize=1371%2C2048&amp;ssl=1 1371w, https:\/\/i0.wp.com\/ecolefermedesbois.ch\/wp-content\/uploads\/2021\/03\/wp-1616166971757-scaled.jpg?w=1440&amp;ssl=1 1440w\" sizes=\"(max-width: 720px) 100vw, 720px\" \/><\/figure><\/li><li class=\"blocks-gallery-item\"><figure><img data-recalc-dims=\"1\" loading=\"lazy\" decoding=\"async\" width=\"720\" height=\"540\" src=\"https:\/\/i0.wp.com\/ecolefermedesbois.ch\/wp-content\/uploads\/2021\/03\/wp-1616166989653-scaled.jpg?resize=720%2C540&#038;ssl=1\" data-id=\"4693\" class=\"wp-image-4693\" srcset=\"https:\/\/i0.wp.com\/ecolefermedesbois.ch\/wp-content\/uploads\/2021\/03\/wp-1616166989653-scaled.jpg?w=2560&amp;ssl=1 2560w, https:\/\/i0.wp.com\/ecolefermedesbois.ch\/wp-content\/uploads\/2021\/03\/wp-1616166989653-scaled.jpg?resize=600%2C450&amp;ssl=1 600w, https:\/\/i0.wp.com\/ecolefermedesbois.ch\/wp-content\/uploads\/2021\/03\/wp-1616166989653-scaled.jpg?resize=300%2C225&amp;ssl=1 300w, https:\/\/i0.wp.com\/ecolefermedesbois.ch\/wp-content\/uploads\/2021\/03\/wp-1616166989653-scaled.jpg?resize=768%2C576&amp;ssl=1 768w, https:\/\/i0.wp.com\/ecolefermedesbois.ch\/wp-content\/uploads\/2021\/03\/wp-1616166989653-scaled.jpg?resize=1536%2C1152&amp;ssl=1 1536w, https:\/\/i0.wp.com\/ecolefermedesbois.ch\/wp-content\/uploads\/2021\/03\/wp-1616166989653-scaled.jpg?resize=2048%2C1536&amp;ssl=1 2048w, https:\/\/i0.wp.com\/ecolefermedesbois.ch\/wp-content\/uploads\/2021\/03\/wp-1616166989653-scaled.jpg?w=1440&amp;ssl=1 1440w, https:\/\/i0.wp.com\/ecolefermedesbois.ch\/wp-content\/uploads\/2021\/03\/wp-1616166989653-scaled.jpg?w=2160&amp;ssl=1 2160w\" sizes=\"(max-width: 720px) 100vw, 720px\" \/><\/figure><\/li><li class=\"blocks-gallery-item\"><figure><img data-recalc-dims=\"1\" loading=\"lazy\" decoding=\"async\" width=\"720\" height=\"677\" src=\"https:\/\/i0.wp.com\/ecolefermedesbois.ch\/wp-content\/uploads\/2021\/03\/wp-1616167028923-scaled.jpg?resize=720%2C677&#038;ssl=1\" data-id=\"4694\" class=\"wp-image-4694\" srcset=\"https:\/\/i0.wp.com\/ecolefermedesbois.ch\/wp-content\/uploads\/2021\/03\/wp-1616167028923-scaled.jpg?w=2560&amp;ssl=1 2560w, https:\/\/i0.wp.com\/ecolefermedesbois.ch\/wp-content\/uploads\/2021\/03\/wp-1616167028923-scaled.jpg?resize=600%2C564&amp;ssl=1 600w, https:\/\/i0.wp.com\/ecolefermedesbois.ch\/wp-content\/uploads\/2021\/03\/wp-1616167028923-scaled.jpg?resize=300%2C282&amp;ssl=1 300w, https:\/\/i0.wp.com\/ecolefermedesbois.ch\/wp-content\/uploads\/2021\/03\/wp-1616167028923-scaled.jpg?resize=768%2C722&amp;ssl=1 768w, https:\/\/i0.wp.com\/ecolefermedesbois.ch\/wp-content\/uploads\/2021\/03\/wp-1616167028923-scaled.jpg?resize=1536%2C1444&amp;ssl=1 1536w, https:\/\/i0.wp.com\/ecolefermedesbois.ch\/wp-content\/uploads\/2021\/03\/wp-1616167028923-scaled.jpg?resize=2048%2C1925&amp;ssl=1 2048w, https:\/\/i0.wp.com\/ecolefermedesbois.ch\/wp-content\/uploads\/2021\/03\/wp-1616167028923-scaled.jpg?w=1440&amp;ssl=1 1440w, https:\/\/i0.wp.com\/ecolefermedesbois.ch\/wp-content\/uploads\/2021\/03\/wp-1616167028923-scaled.jpg?w=2160&amp;ssl=1 2160w\" sizes=\"(max-width: 720px) 100vw, 720px\" \/><\/figure><\/li><li class=\"blocks-gallery-item\"><figure><img data-recalc-dims=\"1\" loading=\"lazy\" decoding=\"async\" width=\"720\" height=\"960\" src=\"https:\/\/i0.wp.com\/ecolefermedesbois.ch\/wp-content\/uploads\/2021\/03\/wp-1616167059309.jpg?resize=720%2C960&#038;ssl=1\" data-id=\"4695\" class=\"wp-image-4695\" srcset=\"https:\/\/i0.wp.com\/ecolefermedesbois.ch\/wp-content\/uploads\/2021\/03\/wp-1616167059309.jpg?w=1536&amp;ssl=1 1536w, https:\/\/i0.wp.com\/ecolefermedesbois.ch\/wp-content\/uploads\/2021\/03\/wp-1616167059309.jpg?resize=450%2C600&amp;ssl=1 450w, https:\/\/i0.wp.com\/ecolefermedesbois.ch\/wp-content\/uploads\/2021\/03\/wp-1616167059309.jpg?resize=225%2C300&amp;ssl=1 225w, https:\/\/i0.wp.com\/ecolefermedesbois.ch\/wp-content\/uploads\/2021\/03\/wp-1616167059309.jpg?resize=768%2C1024&amp;ssl=1 768w, https:\/\/i0.wp.com\/ecolefermedesbois.ch\/wp-content\/uploads\/2021\/03\/wp-1616167059309.jpg?resize=1152%2C1536&amp;ssl=1 1152w, https:\/\/i0.wp.com\/ecolefermedesbois.ch\/wp-content\/uploads\/2021\/03\/wp-1616167059309.jpg?w=1440&amp;ssl=1 1440w\" sizes=\"(max-width: 720px) 100vw, 720px\" \/><\/figure><\/li><li class=\"blocks-gallery-item\"><figure><img data-recalc-dims=\"1\" loading=\"lazy\" decoding=\"async\" width=\"720\" height=\"960\" src=\"https:\/\/i0.wp.com\/ecolefermedesbois.ch\/wp-content\/uploads\/2021\/03\/wp-1616167078087.jpg?resize=720%2C960&#038;ssl=1\" data-id=\"4696\" class=\"wp-image-4696\" srcset=\"https:\/\/i0.wp.com\/ecolefermedesbois.ch\/wp-content\/uploads\/2021\/03\/wp-1616167078087.jpg?w=1536&amp;ssl=1 1536w, https:\/\/i0.wp.com\/ecolefermedesbois.ch\/wp-content\/uploads\/2021\/03\/wp-1616167078087.jpg?resize=450%2C600&amp;ssl=1 450w, https:\/\/i0.wp.com\/ecolefermedesbois.ch\/wp-content\/uploads\/2021\/03\/wp-1616167078087.jpg?resize=225%2C300&amp;ssl=1 225w, https:\/\/i0.wp.com\/ecolefermedesbois.ch\/wp-content\/uploads\/2021\/03\/wp-1616167078087.jpg?resize=768%2C1024&amp;ssl=1 768w, https:\/\/i0.wp.com\/ecolefermedesbois.ch\/wp-content\/uploads\/2021\/03\/wp-1616167078087.jpg?resize=1152%2C1536&amp;ssl=1 1152w, https:\/\/i0.wp.com\/ecolefermedesbois.ch\/wp-content\/uploads\/2021\/03\/wp-1616167078087.jpg?w=1440&amp;ssl=1 1440w\" sizes=\"(max-width: 720px) 100vw, 720px\" \/><\/figure><\/li><li class=\"blocks-gallery-item\"><figure><img data-recalc-dims=\"1\" loading=\"lazy\" decoding=\"async\" width=\"720\" height=\"960\" src=\"https:\/\/i0.wp.com\/ecolefermedesbois.ch\/wp-content\/uploads\/2021\/03\/wp-1616167103680.jpg?resize=720%2C960&#038;ssl=1\" data-id=\"4697\" class=\"wp-image-4697\" srcset=\"https:\/\/i0.wp.com\/ecolefermedesbois.ch\/wp-content\/uploads\/2021\/03\/wp-1616167103680.jpg?w=1536&amp;ssl=1 1536w, https:\/\/i0.wp.com\/ecolefermedesbois.ch\/wp-content\/uploads\/2021\/03\/wp-1616167103680.jpg?resize=450%2C600&amp;ssl=1 450w, https:\/\/i0.wp.com\/ecolefermedesbois.ch\/wp-content\/uploads\/2021\/03\/wp-1616167103680.jpg?resize=225%2C300&amp;ssl=1 225w, https:\/\/i0.wp.com\/ecolefermedesbois.ch\/wp-content\/uploads\/2021\/03\/wp-1616167103680.jpg?resize=768%2C1024&amp;ssl=1 768w, https:\/\/i0.wp.com\/ecolefermedesbois.ch\/wp-content\/uploads\/2021\/03\/wp-1616167103680.jpg?resize=1152%2C1536&amp;ssl=1 1152w, https:\/\/i0.wp.com\/ecolefermedesbois.ch\/wp-content\/uploads\/2021\/03\/wp-1616167103680.jpg?w=1440&amp;ssl=1 1440w\" sizes=\"(max-width: 720px) 100vw, 720px\" \/><\/figure><\/li><li class=\"blocks-gallery-item\"><figure><img data-recalc-dims=\"1\" loading=\"lazy\" decoding=\"async\" width=\"720\" height=\"540\" src=\"https:\/\/i0.wp.com\/ecolefermedesbois.ch\/wp-content\/uploads\/2021\/03\/wp-1616167118750.jpg?resize=720%2C540&#038;ssl=1\" data-id=\"4698\" class=\"wp-image-4698\" srcset=\"https:\/\/i0.wp.com\/ecolefermedesbois.ch\/wp-content\/uploads\/2021\/03\/wp-1616167118750.jpg?w=2048&amp;ssl=1 2048w, https:\/\/i0.wp.com\/ecolefermedesbois.ch\/wp-content\/uploads\/2021\/03\/wp-1616167118750.jpg?resize=600%2C450&amp;ssl=1 600w, https:\/\/i0.wp.com\/ecolefermedesbois.ch\/wp-content\/uploads\/2021\/03\/wp-1616167118750.jpg?resize=300%2C225&amp;ssl=1 300w, https:\/\/i0.wp.com\/ecolefermedesbois.ch\/wp-content\/uploads\/2021\/03\/wp-1616167118750.jpg?resize=768%2C576&amp;ssl=1 768w, https:\/\/i0.wp.com\/ecolefermedesbois.ch\/wp-content\/uploads\/2021\/03\/wp-1616167118750.jpg?resize=1536%2C1152&amp;ssl=1 1536w, https:\/\/i0.wp.com\/ecolefermedesbois.ch\/wp-content\/uploads\/2021\/03\/wp-1616167118750.jpg?w=1440&amp;ssl=1 1440w\" sizes=\"(max-width: 720px) 100vw, 720px\" \/><\/figure><\/li><li class=\"blocks-gallery-item\"><figure><img data-recalc-dims=\"1\" loading=\"lazy\" decoding=\"async\" width=\"720\" height=\"960\" src=\"https:\/\/i0.wp.com\/ecolefermedesbois.ch\/wp-content\/uploads\/2021\/03\/wp-1616167144672.jpg?resize=720%2C960&#038;ssl=1\" data-id=\"4699\" class=\"wp-image-4699\" srcset=\"https:\/\/i0.wp.com\/ecolefermedesbois.ch\/wp-content\/uploads\/2021\/03\/wp-1616167144672.jpg?w=1536&amp;ssl=1 1536w, https:\/\/i0.wp.com\/ecolefermedesbois.ch\/wp-content\/uploads\/2021\/03\/wp-1616167144672.jpg?resize=450%2C600&amp;ssl=1 450w, https:\/\/i0.wp.com\/ecolefermedesbois.ch\/wp-content\/uploads\/2021\/03\/wp-1616167144672.jpg?resize=225%2C300&amp;ssl=1 225w, https:\/\/i0.wp.com\/ecolefermedesbois.ch\/wp-content\/uploads\/2021\/03\/wp-1616167144672.jpg?resize=768%2C1024&amp;ssl=1 768w, https:\/\/i0.wp.com\/ecolefermedesbois.ch\/wp-content\/uploads\/2021\/03\/wp-1616167144672.jpg?resize=1152%2C1536&amp;ssl=1 1152w, https:\/\/i0.wp.com\/ecolefermedesbois.ch\/wp-content\/uploads\/2021\/03\/wp-1616167144672.jpg?w=1440&amp;ssl=1 1440w\" sizes=\"(max-width: 720px) 100vw, 720px\" \/><\/figure><\/li><\/ul><\/figure>\n\n\n\n<p>C&rsquo;est parti pour prendre l&rsquo;air et se d\u00e9fouler! 3 tours de poulailler et nous voil\u00e0 pr\u00eats pour la deuxi\u00e8me partie de la matin\u00e9e avec les animaux.<\/p>\n\n\n\n<p>Voici le moment c\u00e2lin tant attendu avec les &#x1f430;. Comme ils sont tout doux &#x1f60d; et quel bonheur de voir les enfants si heureux avec eux! <\/p>\n\n\n\n<figure class=\"wp-block-gallery columns-3 is-cropped wp-block-gallery-7 is-layout-flex wp-block-gallery-is-layout-flex\"><ul class=\"blocks-gallery-grid\"><li class=\"blocks-gallery-item\"><figure><img data-recalc-dims=\"1\" loading=\"lazy\" decoding=\"async\" width=\"720\" height=\"960\" src=\"https:\/\/i0.wp.com\/ecolefermedesbois.ch\/wp-content\/uploads\/2021\/03\/wp-1616167177844-scaled.jpg?resize=720%2C960&#038;ssl=1\" data-id=\"4700\" class=\"wp-image-4700\" srcset=\"https:\/\/i0.wp.com\/ecolefermedesbois.ch\/wp-content\/uploads\/2021\/03\/wp-1616167177844-scaled.jpg?w=1920&amp;ssl=1 1920w, https:\/\/i0.wp.com\/ecolefermedesbois.ch\/wp-content\/uploads\/2021\/03\/wp-1616167177844-scaled.jpg?resize=450%2C600&amp;ssl=1 450w, https:\/\/i0.wp.com\/ecolefermedesbois.ch\/wp-content\/uploads\/2021\/03\/wp-1616167177844-scaled.jpg?resize=225%2C300&amp;ssl=1 225w, https:\/\/i0.wp.com\/ecolefermedesbois.ch\/wp-content\/uploads\/2021\/03\/wp-1616167177844-scaled.jpg?resize=768%2C1024&amp;ssl=1 768w, https:\/\/i0.wp.com\/ecolefermedesbois.ch\/wp-content\/uploads\/2021\/03\/wp-1616167177844-scaled.jpg?resize=1152%2C1536&amp;ssl=1 1152w, https:\/\/i0.wp.com\/ecolefermedesbois.ch\/wp-content\/uploads\/2021\/03\/wp-1616167177844-scaled.jpg?resize=1536%2C2048&amp;ssl=1 1536w, https:\/\/i0.wp.com\/ecolefermedesbois.ch\/wp-content\/uploads\/2021\/03\/wp-1616167177844-scaled.jpg?w=1440&amp;ssl=1 1440w\" sizes=\"(max-width: 720px) 100vw, 720px\" \/><\/figure><\/li><li class=\"blocks-gallery-item\"><figure><img data-recalc-dims=\"1\" loading=\"lazy\" decoding=\"async\" width=\"720\" height=\"893\" src=\"https:\/\/i0.wp.com\/ecolefermedesbois.ch\/wp-content\/uploads\/2021\/03\/wp-1616167198170-scaled.jpg?resize=720%2C893&#038;ssl=1\" data-id=\"4701\" class=\"wp-image-4701\" srcset=\"https:\/\/i0.wp.com\/ecolefermedesbois.ch\/wp-content\/uploads\/2021\/03\/wp-1616167198170-scaled.jpg?w=2063&amp;ssl=1 2063w, https:\/\/i0.wp.com\/ecolefermedesbois.ch\/wp-content\/uploads\/2021\/03\/wp-1616167198170-scaled.jpg?resize=483%2C600&amp;ssl=1 483w, https:\/\/i0.wp.com\/ecolefermedesbois.ch\/wp-content\/uploads\/2021\/03\/wp-1616167198170-scaled.jpg?resize=242%2C300&amp;ssl=1 242w, https:\/\/i0.wp.com\/ecolefermedesbois.ch\/wp-content\/uploads\/2021\/03\/wp-1616167198170-scaled.jpg?resize=768%2C953&amp;ssl=1 768w, https:\/\/i0.wp.com\/ecolefermedesbois.ch\/wp-content\/uploads\/2021\/03\/wp-1616167198170-scaled.jpg?resize=1238%2C1536&amp;ssl=1 1238w, https:\/\/i0.wp.com\/ecolefermedesbois.ch\/wp-content\/uploads\/2021\/03\/wp-1616167198170-scaled.jpg?resize=1650%2C2048&amp;ssl=1 1650w, https:\/\/i0.wp.com\/ecolefermedesbois.ch\/wp-content\/uploads\/2021\/03\/wp-1616167198170-scaled.jpg?w=1440&amp;ssl=1 1440w\" sizes=\"(max-width: 720px) 100vw, 720px\" \/><\/figure><\/li><li class=\"blocks-gallery-item\"><figure><img data-recalc-dims=\"1\" loading=\"lazy\" decoding=\"async\" width=\"720\" height=\"789\" src=\"https:\/\/i0.wp.com\/ecolefermedesbois.ch\/wp-content\/uploads\/2021\/03\/wp-1616167223483-scaled.jpg?resize=720%2C789&#038;ssl=1\" data-id=\"4702\" class=\"wp-image-4702\" srcset=\"https:\/\/i0.wp.com\/ecolefermedesbois.ch\/wp-content\/uploads\/2021\/03\/wp-1616167223483-scaled.jpg?w=2335&amp;ssl=1 2335w, https:\/\/i0.wp.com\/ecolefermedesbois.ch\/wp-content\/uploads\/2021\/03\/wp-1616167223483-scaled.jpg?resize=547%2C600&amp;ssl=1 547w, https:\/\/i0.wp.com\/ecolefermedesbois.ch\/wp-content\/uploads\/2021\/03\/wp-1616167223483-scaled.jpg?resize=274%2C300&amp;ssl=1 274w, https:\/\/i0.wp.com\/ecolefermedesbois.ch\/wp-content\/uploads\/2021\/03\/wp-1616167223483-scaled.jpg?resize=768%2C842&amp;ssl=1 768w, https:\/\/i0.wp.com\/ecolefermedesbois.ch\/wp-content\/uploads\/2021\/03\/wp-1616167223483-scaled.jpg?resize=1401%2C1536&amp;ssl=1 1401w, https:\/\/i0.wp.com\/ecolefermedesbois.ch\/wp-content\/uploads\/2021\/03\/wp-1616167223483-scaled.jpg?resize=1868%2C2048&amp;ssl=1 1868w, https:\/\/i0.wp.com\/ecolefermedesbois.ch\/wp-content\/uploads\/2021\/03\/wp-1616167223483-scaled.jpg?w=2160&amp;ssl=1 2160w\" sizes=\"(max-width: 720px) 100vw, 720px\" \/><\/figure><\/li><li class=\"blocks-gallery-item\"><figure><img data-recalc-dims=\"1\" loading=\"lazy\" decoding=\"async\" width=\"720\" height=\"540\" src=\"https:\/\/i0.wp.com\/ecolefermedesbois.ch\/wp-content\/uploads\/2021\/03\/wp-1616167253636-scaled.jpg?resize=720%2C540&#038;ssl=1\" data-id=\"4703\" class=\"wp-image-4703\" srcset=\"https:\/\/i0.wp.com\/ecolefermedesbois.ch\/wp-content\/uploads\/2021\/03\/wp-1616167253636-scaled.jpg?w=2560&amp;ssl=1 2560w, https:\/\/i0.wp.com\/ecolefermedesbois.ch\/wp-content\/uploads\/2021\/03\/wp-1616167253636-scaled.jpg?resize=600%2C450&amp;ssl=1 600w, https:\/\/i0.wp.com\/ecolefermedesbois.ch\/wp-content\/uploads\/2021\/03\/wp-1616167253636-scaled.jpg?resize=300%2C225&amp;ssl=1 300w, https:\/\/i0.wp.com\/ecolefermedesbois.ch\/wp-content\/uploads\/2021\/03\/wp-1616167253636-scaled.jpg?resize=768%2C576&amp;ssl=1 768w, https:\/\/i0.wp.com\/ecolefermedesbois.ch\/wp-content\/uploads\/2021\/03\/wp-1616167253636-scaled.jpg?resize=1536%2C1152&amp;ssl=1 1536w, https:\/\/i0.wp.com\/ecolefermedesbois.ch\/wp-content\/uploads\/2021\/03\/wp-1616167253636-scaled.jpg?resize=2048%2C1536&amp;ssl=1 2048w, https:\/\/i0.wp.com\/ecolefermedesbois.ch\/wp-content\/uploads\/2021\/03\/wp-1616167253636-scaled.jpg?w=1440&amp;ssl=1 1440w, https:\/\/i0.wp.com\/ecolefermedesbois.ch\/wp-content\/uploads\/2021\/03\/wp-1616167253636-scaled.jpg?w=2160&amp;ssl=1 2160w\" sizes=\"(max-width: 720px) 100vw, 720px\" \/><\/figure><\/li><li class=\"blocks-gallery-item\"><figure><img data-recalc-dims=\"1\" loading=\"lazy\" decoding=\"async\" width=\"720\" height=\"864\" src=\"https:\/\/i0.wp.com\/ecolefermedesbois.ch\/wp-content\/uploads\/2021\/03\/wp-1616167277212-scaled.jpg?resize=720%2C864&#038;ssl=1\" data-id=\"4704\" class=\"wp-image-4704\" srcset=\"https:\/\/i0.wp.com\/ecolefermedesbois.ch\/wp-content\/uploads\/2021\/03\/wp-1616167277212-scaled.jpg?w=2134&amp;ssl=1 2134w, https:\/\/i0.wp.com\/ecolefermedesbois.ch\/wp-content\/uploads\/2021\/03\/wp-1616167277212-scaled.jpg?resize=500%2C600&amp;ssl=1 500w, https:\/\/i0.wp.com\/ecolefermedesbois.ch\/wp-content\/uploads\/2021\/03\/wp-1616167277212-scaled.jpg?resize=1281%2C1536&amp;ssl=1 1281w, https:\/\/i0.wp.com\/ecolefermedesbois.ch\/wp-content\/uploads\/2021\/03\/wp-1616167277212-scaled.jpg?resize=1708%2C2048&amp;ssl=1 1708w, https:\/\/i0.wp.com\/ecolefermedesbois.ch\/wp-content\/uploads\/2021\/03\/wp-1616167277212-scaled.jpg?resize=250%2C300&amp;ssl=1 250w, https:\/\/i0.wp.com\/ecolefermedesbois.ch\/wp-content\/uploads\/2021\/03\/wp-1616167277212-scaled.jpg?resize=768%2C921&amp;ssl=1 768w, https:\/\/i0.wp.com\/ecolefermedesbois.ch\/wp-content\/uploads\/2021\/03\/wp-1616167277212-scaled.jpg?w=1440&amp;ssl=1 1440w\" sizes=\"(max-width: 720px) 100vw, 720px\" \/><\/figure><\/li><\/ul><\/figure>\n\n\n\n<p>Sophie, est-ce qu&rsquo;on peut voir les ch\u00e8vres &#x1f410;? Oui bien s\u00fbr, nous avons le temps! Trop chou! &#x1f929;<\/p>\n\n\n\n<p>Une fois de retour dans la salle, nous finissons cette belle matin\u00e9e par les \u0153ufs de la basse-cour. Mais quel animal pond des \u0153ufs??? En voici tout plein! Du plus gros, celui de l&rsquo;autruche au plus petit. Quel animal pond de si petits \u0153ufs? Une souris &#x1f401;r\u00e9pond un jeune gar\u00e7on! &#x1f602; trop chou! Non non ce sont des \u0153ufs de cailles. Les souris ne font pas des \u0153uf &#x1f609;<\/p>\n\n\n\n<figure class=\"wp-block-gallery columns-3 is-cropped wp-block-gallery-8 is-layout-flex wp-block-gallery-is-layout-flex\"><ul class=\"blocks-gallery-grid\"><li class=\"blocks-gallery-item\"><figure><img data-recalc-dims=\"1\" loading=\"lazy\" decoding=\"async\" width=\"720\" height=\"540\" src=\"https:\/\/i0.wp.com\/ecolefermedesbois.ch\/wp-content\/uploads\/2021\/03\/wp-1616167708582.jpg?resize=720%2C540&#038;ssl=1\" data-id=\"4705\" class=\"wp-image-4705\" srcset=\"https:\/\/i0.wp.com\/ecolefermedesbois.ch\/wp-content\/uploads\/2021\/03\/wp-1616167708582.jpg?w=2048&amp;ssl=1 2048w, https:\/\/i0.wp.com\/ecolefermedesbois.ch\/wp-content\/uploads\/2021\/03\/wp-1616167708582.jpg?resize=600%2C450&amp;ssl=1 600w, https:\/\/i0.wp.com\/ecolefermedesbois.ch\/wp-content\/uploads\/2021\/03\/wp-1616167708582.jpg?resize=300%2C225&amp;ssl=1 300w, https:\/\/i0.wp.com\/ecolefermedesbois.ch\/wp-content\/uploads\/2021\/03\/wp-1616167708582.jpg?resize=768%2C576&amp;ssl=1 768w, https:\/\/i0.wp.com\/ecolefermedesbois.ch\/wp-content\/uploads\/2021\/03\/wp-1616167708582.jpg?resize=1536%2C1152&amp;ssl=1 1536w, https:\/\/i0.wp.com\/ecolefermedesbois.ch\/wp-content\/uploads\/2021\/03\/wp-1616167708582.jpg?w=1440&amp;ssl=1 1440w\" sizes=\"(max-width: 720px) 100vw, 720px\" \/><\/figure><\/li><li class=\"blocks-gallery-item\"><figure><img data-recalc-dims=\"1\" loading=\"lazy\" decoding=\"async\" width=\"720\" height=\"540\" src=\"https:\/\/i0.wp.com\/ecolefermedesbois.ch\/wp-content\/uploads\/2021\/03\/wp-1616167736889.jpg?resize=720%2C540&#038;ssl=1\" data-id=\"4706\" class=\"wp-image-4706\" srcset=\"https:\/\/i0.wp.com\/ecolefermedesbois.ch\/wp-content\/uploads\/2021\/03\/wp-1616167736889.jpg?w=2048&amp;ssl=1 2048w, https:\/\/i0.wp.com\/ecolefermedesbois.ch\/wp-content\/uploads\/2021\/03\/wp-1616167736889.jpg?resize=600%2C450&amp;ssl=1 600w, https:\/\/i0.wp.com\/ecolefermedesbois.ch\/wp-content\/uploads\/2021\/03\/wp-1616167736889.jpg?resize=300%2C225&amp;ssl=1 300w, https:\/\/i0.wp.com\/ecolefermedesbois.ch\/wp-content\/uploads\/2021\/03\/wp-1616167736889.jpg?resize=768%2C576&amp;ssl=1 768w, https:\/\/i0.wp.com\/ecolefermedesbois.ch\/wp-content\/uploads\/2021\/03\/wp-1616167736889.jpg?resize=1536%2C1152&amp;ssl=1 1536w, https:\/\/i0.wp.com\/ecolefermedesbois.ch\/wp-content\/uploads\/2021\/03\/wp-1616167736889.jpg?w=1440&amp;ssl=1 1440w\" sizes=\"(max-width: 720px) 100vw, 720px\" \/><\/figure><\/li><li class=\"blocks-gallery-item\"><figure><img data-recalc-dims=\"1\" loading=\"lazy\" decoding=\"async\" width=\"720\" height=\"960\" src=\"https:\/\/i0.wp.com\/ecolefermedesbois.ch\/wp-content\/uploads\/2021\/03\/wp-1616167763025.jpg?resize=720%2C960&#038;ssl=1\" data-id=\"4707\" class=\"wp-image-4707\" srcset=\"https:\/\/i0.wp.com\/ecolefermedesbois.ch\/wp-content\/uploads\/2021\/03\/wp-1616167763025.jpg?w=1536&amp;ssl=1 1536w, https:\/\/i0.wp.com\/ecolefermedesbois.ch\/wp-content\/uploads\/2021\/03\/wp-1616167763025.jpg?resize=450%2C600&amp;ssl=1 450w, https:\/\/i0.wp.com\/ecolefermedesbois.ch\/wp-content\/uploads\/2021\/03\/wp-1616167763025.jpg?resize=225%2C300&amp;ssl=1 225w, https:\/\/i0.wp.com\/ecolefermedesbois.ch\/wp-content\/uploads\/2021\/03\/wp-1616167763025.jpg?resize=768%2C1024&amp;ssl=1 768w, https:\/\/i0.wp.com\/ecolefermedesbois.ch\/wp-content\/uploads\/2021\/03\/wp-1616167763025.jpg?resize=1152%2C1536&amp;ssl=1 1152w, https:\/\/i0.wp.com\/ecolefermedesbois.ch\/wp-content\/uploads\/2021\/03\/wp-1616167763025.jpg?w=1440&amp;ssl=1 1440w\" sizes=\"(max-width: 720px) 100vw, 720px\" \/><\/figure><\/li><li class=\"blocks-gallery-item\"><figure><img data-recalc-dims=\"1\" loading=\"lazy\" decoding=\"async\" width=\"720\" height=\"540\" src=\"https:\/\/i0.wp.com\/ecolefermedesbois.ch\/wp-content\/uploads\/2021\/03\/wp-1616167947526.jpg?resize=720%2C540&#038;ssl=1\" data-id=\"4710\" class=\"wp-image-4710\" srcset=\"https:\/\/i0.wp.com\/ecolefermedesbois.ch\/wp-content\/uploads\/2021\/03\/wp-1616167947526.jpg?w=2048&amp;ssl=1 2048w, https:\/\/i0.wp.com\/ecolefermedesbois.ch\/wp-content\/uploads\/2021\/03\/wp-1616167947526.jpg?resize=600%2C450&amp;ssl=1 600w, https:\/\/i0.wp.com\/ecolefermedesbois.ch\/wp-content\/uploads\/2021\/03\/wp-1616167947526.jpg?resize=300%2C225&amp;ssl=1 300w, https:\/\/i0.wp.com\/ecolefermedesbois.ch\/wp-content\/uploads\/2021\/03\/wp-1616167947526.jpg?resize=768%2C576&amp;ssl=1 768w, https:\/\/i0.wp.com\/ecolefermedesbois.ch\/wp-content\/uploads\/2021\/03\/wp-1616167947526.jpg?resize=1536%2C1152&amp;ssl=1 1536w, https:\/\/i0.wp.com\/ecolefermedesbois.ch\/wp-content\/uploads\/2021\/03\/wp-1616167947526.jpg?w=1440&amp;ssl=1 1440w\" sizes=\"(max-width: 720px) 100vw, 720px\" \/><\/figure><\/li><li class=\"blocks-gallery-item\"><figure><img data-recalc-dims=\"1\" loading=\"lazy\" decoding=\"async\" width=\"720\" height=\"960\" src=\"https:\/\/i0.wp.com\/ecolefermedesbois.ch\/wp-content\/uploads\/2021\/03\/wp-1616167919011.jpg?resize=720%2C960&#038;ssl=1\" data-id=\"4709\" class=\"wp-image-4709\" srcset=\"https:\/\/i0.wp.com\/ecolefermedesbois.ch\/wp-content\/uploads\/2021\/03\/wp-1616167919011.jpg?w=1536&amp;ssl=1 1536w, https:\/\/i0.wp.com\/ecolefermedesbois.ch\/wp-content\/uploads\/2021\/03\/wp-1616167919011.jpg?resize=450%2C600&amp;ssl=1 450w, https:\/\/i0.wp.com\/ecolefermedesbois.ch\/wp-content\/uploads\/2021\/03\/wp-1616167919011.jpg?resize=225%2C300&amp;ssl=1 225w, https:\/\/i0.wp.com\/ecolefermedesbois.ch\/wp-content\/uploads\/2021\/03\/wp-1616167919011.jpg?resize=768%2C1024&amp;ssl=1 768w, https:\/\/i0.wp.com\/ecolefermedesbois.ch\/wp-content\/uploads\/2021\/03\/wp-1616167919011.jpg?resize=1152%2C1536&amp;ssl=1 1152w, https:\/\/i0.wp.com\/ecolefermedesbois.ch\/wp-content\/uploads\/2021\/03\/wp-1616167919011.jpg?w=1440&amp;ssl=1 1440w\" sizes=\"(max-width: 720px) 100vw, 720px\" \/><\/figure><\/li><li class=\"blocks-gallery-item\"><figure><img data-recalc-dims=\"1\" loading=\"lazy\" decoding=\"async\" width=\"720\" height=\"540\" src=\"https:\/\/i0.wp.com\/ecolefermedesbois.ch\/wp-content\/uploads\/2021\/03\/wp-1616167792582.jpg?resize=720%2C540&#038;ssl=1\" data-id=\"4708\" class=\"wp-image-4708\" srcset=\"https:\/\/i0.wp.com\/ecolefermedesbois.ch\/wp-content\/uploads\/2021\/03\/wp-1616167792582.jpg?w=2048&amp;ssl=1 2048w, https:\/\/i0.wp.com\/ecolefermedesbois.ch\/wp-content\/uploads\/2021\/03\/wp-1616167792582.jpg?resize=600%2C450&amp;ssl=1 600w, https:\/\/i0.wp.com\/ecolefermedesbois.ch\/wp-content\/uploads\/2021\/03\/wp-1616167792582.jpg?resize=300%2C225&amp;ssl=1 300w, https:\/\/i0.wp.com\/ecolefermedesbois.ch\/wp-content\/uploads\/2021\/03\/wp-1616167792582.jpg?resize=768%2C576&amp;ssl=1 768w, https:\/\/i0.wp.com\/ecolefermedesbois.ch\/wp-content\/uploads\/2021\/03\/wp-1616167792582.jpg?resize=1536%2C1152&amp;ssl=1 1536w, https:\/\/i0.wp.com\/ecolefermedesbois.ch\/wp-content\/uploads\/2021\/03\/wp-1616167792582.jpg?w=1440&amp;ssl=1 1440w\" sizes=\"(max-width: 720px) 100vw, 720px\" \/><\/figure><\/li><\/ul><\/figure>\n\n\n\n<p>Pour bien commencer le pique-nique, nous prenons le dessert en premier! Les scones aux raisins secs cuisin\u00e9s ce matin avec un verre de lait &#x1f95b;.<\/p>\n\n\n\n<p>Et voil\u00e0 notre matin\u00e9e est d\u00e9j\u00e0 termin\u00e9e! Bon app\u00e9tit \u00e0 tous et \u00e0 bient\u00f4t &#x1f917;<\/p>\n\n\n\n<p>Merci les enfants pour cette belle matin\u00e9e remplie de joie et de curiosit\u00e9! Merci \u00e0 Corinne et Nathalie d&rsquo;\u00eatre venue avec votre classe, nous permettre de vivre cette belle matin\u00e9e ! &#x1f49d;<\/p>\n\n\n\n<p>Et merci \u00e0 Floriane pour ton aide inconditionnelle tout au long de l&rsquo;ann\u00e9e! &#x1f496;<\/p>\n\n\n\n<p>A bient\u00f4t &#x1f917;<\/p>\n\n\n\n<p>Sophie <\/p>\n","protected":false},"excerpt":{"rendered":"<p>Ce matin les \u00e9l\u00e8ves de Corinne Wa Mbengi de Chesalles-sur-Oron sont venus d\u00e9couvrir la vie \u00e0 la basse-cour. Nous avons&#46;&#46;&#46;<\/p>\n","protected":false},"author":2,"featured_media":4712,"comment_status":"open","ping_status":"open","sticky":false,"template":"","format":"image","meta":{"jetpack_post_was_ever_published":false,"footnotes":"","jetpack_publicize_message":"","jetpack_publicize_feature_enabled":true,"jetpack_social_post_already_shared":true,"jetpack_social_options":{"image_generator_settings":{"template":"highway","default_image_id":0,"font":"","enabled":false},"version":2}},"categories":[33],"tags":[],"class_list":["post-4713","post","type-post","status-publish","format-image","has-post-thumbnail","hentry","category-ecole","post_format-post-format-image"],"yoast_head":"<!-- This site is optimized with the Yoast SEO plugin v27.5 - https:\/\/yoast.com\/product\/yoast-seo-wordpress\/ -->\n<title>La classe de C. Wa Mbengi \u00e0 la basse-cour -<\/title>\n<meta name=\"robots\" content=\"index, follow, max-snippet:-1, max-image-preview:large, max-video-preview:-1\" \/>\n<link rel=\"canonical\" href=\"https:\/\/ecolefermedesbois.ch\/?p=4713\" \/>\n<meta property=\"og:locale\" content=\"fr_FR\" \/>\n<meta property=\"og:type\" content=\"article\" \/>\n<meta property=\"og:title\" content=\"La classe de C. Wa Mbengi \u00e0 la basse-cour -\" \/>\n<meta property=\"og:description\" content=\"Ce matin les \u00e9l\u00e8ves de Corinne Wa Mbengi de Chesalles-sur-Oron sont venus d\u00e9couvrir la vie \u00e0 la basse-cour. Nous avons&#046;&#046;&#046;\" \/>\n<meta property=\"og:url\" content=\"https:\/\/ecolefermedesbois.ch\/?p=4713\" \/>\n<meta property=\"article:publisher\" content=\"https:\/\/www.facebook.com\/ecolefermedesBois\" \/>\n<meta property=\"article:published_time\" content=\"2021-03-19T16:21:11+00:00\" \/>\n<meta property=\"article:modified_time\" content=\"2021-03-19T17:39:23+00:00\" \/>\n<meta property=\"og:image\" content=\"https:\/\/ecolefermedesbois.ch\/wp-content\/uploads\/2021\/03\/20210319_112319-scaled.jpg\" \/>\n\t<meta property=\"og:image:width\" content=\"2134\" \/>\n\t<meta property=\"og:image:height\" content=\"2560\" \/>\n\t<meta property=\"og:image:type\" content=\"image\/jpeg\" \/>\n<meta name=\"author\" content=\"Sophie\" \/>\n<meta name=\"twitter:card\" content=\"summary_large_image\" \/>\n<meta name=\"twitter:label1\" content=\"\u00c9crit par\" \/>\n\t<meta name=\"twitter:data1\" content=\"Sophie\" \/>\n\t<meta name=\"twitter:label2\" content=\"Dur\u00e9e de lecture estim\u00e9e\" \/>\n\t<meta name=\"twitter:data2\" content=\"9 minutes\" \/>\n<script type=\"application\/ld+json\" class=\"yoast-schema-graph\">{\"@context\":\"https:\\\/\\\/schema.org\",\"@graph\":[{\"@type\":\"Article\",\"@id\":\"https:\\\/\\\/ecolefermedesbois.ch\\\/?p=4713#article\",\"isPartOf\":{\"@id\":\"https:\\\/\\\/ecolefermedesbois.ch\\\/?p=4713\"},\"author\":{\"name\":\"Sophie\",\"@id\":\"https:\\\/\\\/ecolefermedesbois.ch\\\/#\\\/schema\\\/person\\\/78f5a1c78e958e51240f90932d290908\"},\"headline\":\"La classe de C. Wa Mbengi \u00e0 la basse-cour\",\"datePublished\":\"2021-03-19T16:21:11+00:00\",\"dateModified\":\"2021-03-19T17:39:23+00:00\",\"mainEntityOfPage\":{\"@id\":\"https:\\\/\\\/ecolefermedesbois.ch\\\/?p=4713\"},\"wordCount\":459,\"commentCount\":0,\"publisher\":{\"@id\":\"https:\\\/\\\/ecolefermedesbois.ch\\\/#organization\"},\"image\":{\"@id\":\"https:\\\/\\\/ecolefermedesbois.ch\\\/?p=4713#primaryimage\"},\"thumbnailUrl\":\"https:\\\/\\\/i0.wp.com\\\/ecolefermedesbois.ch\\\/wp-content\\\/uploads\\\/2021\\\/03\\\/20210319_112319-scaled.jpg?fit=2134%2C2560&ssl=1\",\"articleSection\":[\"Ecole\"],\"inLanguage\":\"fr-FR\",\"potentialAction\":[{\"@type\":\"CommentAction\",\"name\":\"Comment\",\"target\":[\"https:\\\/\\\/ecolefermedesbois.ch\\\/?p=4713#respond\"]}]},{\"@type\":\"WebPage\",\"@id\":\"https:\\\/\\\/ecolefermedesbois.ch\\\/?p=4713\",\"url\":\"https:\\\/\\\/ecolefermedesbois.ch\\\/?p=4713\",\"name\":\"La classe de C. Wa Mbengi \u00e0 la basse-cour -\",\"isPartOf\":{\"@id\":\"https:\\\/\\\/ecolefermedesbois.ch\\\/#website\"},\"primaryImageOfPage\":{\"@id\":\"https:\\\/\\\/ecolefermedesbois.ch\\\/?p=4713#primaryimage\"},\"image\":{\"@id\":\"https:\\\/\\\/ecolefermedesbois.ch\\\/?p=4713#primaryimage\"},\"thumbnailUrl\":\"https:\\\/\\\/i0.wp.com\\\/ecolefermedesbois.ch\\\/wp-content\\\/uploads\\\/2021\\\/03\\\/20210319_112319-scaled.jpg?fit=2134%2C2560&ssl=1\",\"datePublished\":\"2021-03-19T16:21:11+00:00\",\"dateModified\":\"2021-03-19T17:39:23+00:00\",\"breadcrumb\":{\"@id\":\"https:\\\/\\\/ecolefermedesbois.ch\\\/?p=4713#breadcrumb\"},\"inLanguage\":\"fr-FR\",\"potentialAction\":[{\"@type\":\"ReadAction\",\"target\":[\"https:\\\/\\\/ecolefermedesbois.ch\\\/?p=4713\"]}]},{\"@type\":\"ImageObject\",\"inLanguage\":\"fr-FR\",\"@id\":\"https:\\\/\\\/ecolefermedesbois.ch\\\/?p=4713#primaryimage\",\"url\":\"https:\\\/\\\/i0.wp.com\\\/ecolefermedesbois.ch\\\/wp-content\\\/uploads\\\/2021\\\/03\\\/20210319_112319-scaled.jpg?fit=2134%2C2560&ssl=1\",\"contentUrl\":\"https:\\\/\\\/i0.wp.com\\\/ecolefermedesbois.ch\\\/wp-content\\\/uploads\\\/2021\\\/03\\\/20210319_112319-scaled.jpg?fit=2134%2C2560&ssl=1\",\"width\":2134,\"height\":2560},{\"@type\":\"BreadcrumbList\",\"@id\":\"https:\\\/\\\/ecolefermedesbois.ch\\\/?p=4713#breadcrumb\",\"itemListElement\":[{\"@type\":\"ListItem\",\"position\":1,\"name\":\"Accueil\",\"item\":\"https:\\\/\\\/ecolefermedesbois.ch\\\/\"},{\"@type\":\"ListItem\",\"position\":2,\"name\":\"La classe de C. Wa Mbengi \u00e0 la basse-cour\"}]},{\"@type\":\"WebSite\",\"@id\":\"https:\\\/\\\/ecolefermedesbois.ch\\\/#website\",\"url\":\"https:\\\/\\\/ecolefermedesbois.ch\\\/\",\"name\":\"ecolefermedesbois\",\"description\":\"\",\"publisher\":{\"@id\":\"https:\\\/\\\/ecolefermedesbois.ch\\\/#organization\"},\"potentialAction\":[{\"@type\":\"SearchAction\",\"target\":{\"@type\":\"EntryPoint\",\"urlTemplate\":\"https:\\\/\\\/ecolefermedesbois.ch\\\/?s={search_term_string}\"},\"query-input\":{\"@type\":\"PropertyValueSpecification\",\"valueRequired\":true,\"valueName\":\"search_term_string\"}}],\"inLanguage\":\"fr-FR\"},{\"@type\":\"Organization\",\"@id\":\"https:\\\/\\\/ecolefermedesbois.ch\\\/#organization\",\"name\":\"Ecole \u00e0 la Ferme des Bois\",\"url\":\"https:\\\/\\\/ecolefermedesbois.ch\\\/\",\"logo\":{\"@type\":\"ImageObject\",\"inLanguage\":\"fr-FR\",\"@id\":\"https:\\\/\\\/ecolefermedesbois.ch\\\/#\\\/schema\\\/logo\\\/image\\\/\",\"url\":\"https:\\\/\\\/ecolefermedesbois.ch\\\/wp-content\\\/uploads\\\/2019\\\/04\\\/logo-scaled.gif\",\"contentUrl\":\"https:\\\/\\\/ecolefermedesbois.ch\\\/wp-content\\\/uploads\\\/2019\\\/04\\\/logo-scaled.gif\",\"width\":2560,\"height\":608,\"caption\":\"Ecole \u00e0 la Ferme des Bois\"},\"image\":{\"@id\":\"https:\\\/\\\/ecolefermedesbois.ch\\\/#\\\/schema\\\/logo\\\/image\\\/\"},\"sameAs\":[\"https:\\\/\\\/www.facebook.com\\\/ecolefermedesBois\"]},{\"@type\":\"Person\",\"@id\":\"https:\\\/\\\/ecolefermedesbois.ch\\\/#\\\/schema\\\/person\\\/78f5a1c78e958e51240f90932d290908\",\"name\":\"Sophie\",\"image\":{\"@type\":\"ImageObject\",\"inLanguage\":\"fr-FR\",\"@id\":\"https:\\\/\\\/secure.gravatar.com\\\/avatar\\\/053fbaec50cb27b03b880a4b8b018009aa3af995f32011efc3f40a589371d46f?s=96&d=mm&r=g\",\"url\":\"https:\\\/\\\/secure.gravatar.com\\\/avatar\\\/053fbaec50cb27b03b880a4b8b018009aa3af995f32011efc3f40a589371d46f?s=96&d=mm&r=g\",\"contentUrl\":\"https:\\\/\\\/secure.gravatar.com\\\/avatar\\\/053fbaec50cb27b03b880a4b8b018009aa3af995f32011efc3f40a589371d46f?s=96&d=mm&r=g\",\"caption\":\"Sophie\"},\"url\":\"https:\\\/\\\/ecolefermedesbois.ch\\\/?author=2\"}]}<\/script>\n<!-- \/ Yoast SEO plugin. -->","yoast_head_json":{"title":"La classe de C. Wa Mbengi \u00e0 la basse-cour -","robots":{"index":"index","follow":"follow","max-snippet":"max-snippet:-1","max-image-preview":"max-image-preview:large","max-video-preview":"max-video-preview:-1"},"canonical":"https:\/\/ecolefermedesbois.ch\/?p=4713","og_locale":"fr_FR","og_type":"article","og_title":"La classe de C. Wa Mbengi \u00e0 la basse-cour -","og_description":"Ce matin les \u00e9l\u00e8ves de Corinne Wa Mbengi de Chesalles-sur-Oron sont venus d\u00e9couvrir la vie \u00e0 la basse-cour. Nous avons&#46;&#46;&#46;","og_url":"https:\/\/ecolefermedesbois.ch\/?p=4713","article_publisher":"https:\/\/www.facebook.com\/ecolefermedesBois","article_published_time":"2021-03-19T16:21:11+00:00","article_modified_time":"2021-03-19T17:39:23+00:00","og_image":[{"width":2134,"height":2560,"url":"https:\/\/ecolefermedesbois.ch\/wp-content\/uploads\/2021\/03\/20210319_112319-scaled.jpg","type":"image\/jpeg"}],"author":"Sophie","twitter_card":"summary_large_image","twitter_misc":{"\u00c9crit par":"Sophie","Dur\u00e9e de lecture estim\u00e9e":"9 minutes"},"schema":{"@context":"https:\/\/schema.org","@graph":[{"@type":"Article","@id":"https:\/\/ecolefermedesbois.ch\/?p=4713#article","isPartOf":{"@id":"https:\/\/ecolefermedesbois.ch\/?p=4713"},"author":{"name":"Sophie","@id":"https:\/\/ecolefermedesbois.ch\/#\/schema\/person\/78f5a1c78e958e51240f90932d290908"},"headline":"La classe de C. Wa Mbengi \u00e0 la basse-cour","datePublished":"2021-03-19T16:21:11+00:00","dateModified":"2021-03-19T17:39:23+00:00","mainEntityOfPage":{"@id":"https:\/\/ecolefermedesbois.ch\/?p=4713"},"wordCount":459,"commentCount":0,"publisher":{"@id":"https:\/\/ecolefermedesbois.ch\/#organization"},"image":{"@id":"https:\/\/ecolefermedesbois.ch\/?p=4713#primaryimage"},"thumbnailUrl":"https:\/\/i0.wp.com\/ecolefermedesbois.ch\/wp-content\/uploads\/2021\/03\/20210319_112319-scaled.jpg?fit=2134%2C2560&ssl=1","articleSection":["Ecole"],"inLanguage":"fr-FR","potentialAction":[{"@type":"CommentAction","name":"Comment","target":["https:\/\/ecolefermedesbois.ch\/?p=4713#respond"]}]},{"@type":"WebPage","@id":"https:\/\/ecolefermedesbois.ch\/?p=4713","url":"https:\/\/ecolefermedesbois.ch\/?p=4713","name":"La classe de C. Wa Mbengi \u00e0 la basse-cour -","isPartOf":{"@id":"https:\/\/ecolefermedesbois.ch\/#website"},"primaryImageOfPage":{"@id":"https:\/\/ecolefermedesbois.ch\/?p=4713#primaryimage"},"image":{"@id":"https:\/\/ecolefermedesbois.ch\/?p=4713#primaryimage"},"thumbnailUrl":"https:\/\/i0.wp.com\/ecolefermedesbois.ch\/wp-content\/uploads\/2021\/03\/20210319_112319-scaled.jpg?fit=2134%2C2560&ssl=1","datePublished":"2021-03-19T16:21:11+00:00","dateModified":"2021-03-19T17:39:23+00:00","breadcrumb":{"@id":"https:\/\/ecolefermedesbois.ch\/?p=4713#breadcrumb"},"inLanguage":"fr-FR","potentialAction":[{"@type":"ReadAction","target":["https:\/\/ecolefermedesbois.ch\/?p=4713"]}]},{"@type":"ImageObject","inLanguage":"fr-FR","@id":"https:\/\/ecolefermedesbois.ch\/?p=4713#primaryimage","url":"https:\/\/i0.wp.com\/ecolefermedesbois.ch\/wp-content\/uploads\/2021\/03\/20210319_112319-scaled.jpg?fit=2134%2C2560&ssl=1","contentUrl":"https:\/\/i0.wp.com\/ecolefermedesbois.ch\/wp-content\/uploads\/2021\/03\/20210319_112319-scaled.jpg?fit=2134%2C2560&ssl=1","width":2134,"height":2560},{"@type":"BreadcrumbList","@id":"https:\/\/ecolefermedesbois.ch\/?p=4713#breadcrumb","itemListElement":[{"@type":"ListItem","position":1,"name":"Accueil","item":"https:\/\/ecolefermedesbois.ch\/"},{"@type":"ListItem","position":2,"name":"La classe de C. Wa Mbengi \u00e0 la basse-cour"}]},{"@type":"WebSite","@id":"https:\/\/ecolefermedesbois.ch\/#website","url":"https:\/\/ecolefermedesbois.ch\/","name":"ecolefermedesbois","description":"","publisher":{"@id":"https:\/\/ecolefermedesbois.ch\/#organization"},"potentialAction":[{"@type":"SearchAction","target":{"@type":"EntryPoint","urlTemplate":"https:\/\/ecolefermedesbois.ch\/?s={search_term_string}"},"query-input":{"@type":"PropertyValueSpecification","valueRequired":true,"valueName":"search_term_string"}}],"inLanguage":"fr-FR"},{"@type":"Organization","@id":"https:\/\/ecolefermedesbois.ch\/#organization","name":"Ecole \u00e0 la Ferme des Bois","url":"https:\/\/ecolefermedesbois.ch\/","logo":{"@type":"ImageObject","inLanguage":"fr-FR","@id":"https:\/\/ecolefermedesbois.ch\/#\/schema\/logo\/image\/","url":"https:\/\/ecolefermedesbois.ch\/wp-content\/uploads\/2019\/04\/logo-scaled.gif","contentUrl":"https:\/\/ecolefermedesbois.ch\/wp-content\/uploads\/2019\/04\/logo-scaled.gif","width":2560,"height":608,"caption":"Ecole \u00e0 la Ferme des Bois"},"image":{"@id":"https:\/\/ecolefermedesbois.ch\/#\/schema\/logo\/image\/"},"sameAs":["https:\/\/www.facebook.com\/ecolefermedesBois"]},{"@type":"Person","@id":"https:\/\/ecolefermedesbois.ch\/#\/schema\/person\/78f5a1c78e958e51240f90932d290908","name":"Sophie","image":{"@type":"ImageObject","inLanguage":"fr-FR","@id":"https:\/\/secure.gravatar.com\/avatar\/053fbaec50cb27b03b880a4b8b018009aa3af995f32011efc3f40a589371d46f?s=96&d=mm&r=g","url":"https:\/\/secure.gravatar.com\/avatar\/053fbaec50cb27b03b880a4b8b018009aa3af995f32011efc3f40a589371d46f?s=96&d=mm&r=g","contentUrl":"https:\/\/secure.gravatar.com\/avatar\/053fbaec50cb27b03b880a4b8b018009aa3af995f32011efc3f40a589371d46f?s=96&d=mm&r=g","caption":"Sophie"},"url":"https:\/\/ecolefermedesbois.ch\/?author=2"}]}},"jetpack_publicize_connections":[],"jetpack_featured_media_url":"https:\/\/i0.wp.com\/ecolefermedesbois.ch\/wp-content\/uploads\/2021\/03\/20210319_112319-scaled.jpg?fit=2134%2C2560&ssl=1","jetpack_sharing_enabled":true,"_links":{"self":[{"href":"https:\/\/ecolefermedesbois.ch\/index.php?rest_route=\/wp\/v2\/posts\/4713","targetHints":{"allow":["GET"]}}],"collection":[{"href":"https:\/\/ecolefermedesbois.ch\/index.php?rest_route=\/wp\/v2\/posts"}],"about":[{"href":"https:\/\/ecolefermedesbois.ch\/index.php?rest_route=\/wp\/v2\/types\/post"}],"author":[{"embeddable":true,"href":"https:\/\/ecolefermedesbois.ch\/index.php?rest_route=\/wp\/v2\/users\/2"}],"replies":[{"embeddable":true,"href":"https:\/\/ecolefermedesbois.ch\/index.php?rest_route=%2Fwp%2Fv2%2Fcomments&post=4713"}],"version-history":[{"count":2,"href":"https:\/\/ecolefermedesbois.ch\/index.php?rest_route=\/wp\/v2\/posts\/4713\/revisions"}],"predecessor-version":[{"id":4717,"href":"https:\/\/ecolefermedesbois.ch\/index.php?rest_route=\/wp\/v2\/posts\/4713\/revisions\/4717"}],"wp:featuredmedia":[{"embeddable":true,"href":"https:\/\/ecolefermedesbois.ch\/index.php?rest_route=\/wp\/v2\/media\/4712"}],"wp:attachment":[{"href":"https:\/\/ecolefermedesbois.ch\/index.php?rest_route=%2Fwp%2Fv2%2Fmedia&parent=4713"}],"wp:term":[{"taxonomy":"category","embeddable":true,"href":"https:\/\/ecolefermedesbois.ch\/index.php?rest_route=%2Fwp%2Fv2%2Fcategories&post=4713"},{"taxonomy":"post_tag","embeddable":true,"href":"https:\/\/ecolefermedesbois.ch\/index.php?rest_route=%2Fwp%2Fv2%2Ftags&post=4713"}],"curies":[{"name":"wp","href":"https:\/\/api.w.org\/{rel}","templated":true}]}}