{"id":4198,"date":"2020-12-08T10:44:47","date_gmt":"2020-12-08T09:44:47","guid":{"rendered":"https:\/\/ecolefermedesbois.ch\/?p=4198"},"modified":"2020-12-08T10:44:47","modified_gmt":"2020-12-08T09:44:47","slug":"le-groupe-du-lundi-de-la-boite-a-couleurs-%f0%9f%8c%88","status":"publish","type":"post","link":"https:\/\/ecolefermedesbois.ch\/?p=4198","title":{"rendered":"Le groupe du lundi de la Bo\u00eete \u00e0 Couleurs &#x1f308;"},"content":{"rendered":"<div class=\"pdfprnt-buttons pdfprnt-buttons-post pdfprnt-top-right\"><a href=\"https:\/\/ecolefermedesbois.ch\/index.php?rest_route=%2Fwp%2Fv2%2Fposts%2F4198&print=pdf\" class=\"pdfprnt-button pdfprnt-button-pdf\" target=\"_blank\" ><img data-recalc-dims=\"1\" decoding=\"async\" src=\"https:\/\/i0.wp.com\/ecolefermedesbois.ch\/wp-content\/plugins\/pdf-print\/images\/pdf.png?w=720&#038;ssl=1\" alt=\"image_pdf\" title=\"Afficher le PDF\" \/><\/a><a href=\"https:\/\/ecolefermedesbois.ch\/index.php?rest_route=%2Fwp%2Fv2%2Fposts%2F4198&print=print\" class=\"pdfprnt-button pdfprnt-button-print\" target=\"_blank\" ><img data-recalc-dims=\"1\" decoding=\"async\" src=\"https:\/\/i0.wp.com\/ecolefermedesbois.ch\/wp-content\/plugins\/pdf-print\/images\/print.png?w=720&#038;ssl=1\" alt=\"image_print\" title=\"Contenu imprim\u00e9\" \/><\/a><\/div>\n<p>Ce lundi matin, les lutins de la Bo\u00eete \u00e0 Couleurs sont venus pour d\u00e9couvrir les animaux de la basse-cour. <\/p>\n\n\n\n<p>Nous avons visit\u00e9 le poulailler, observ\u00e9 les &#x1f414; dans les pondoirs et compar\u00e9 la couleur des oeufs. Puis sans oublier de leur donner \u00e0 manger! &#x1f33d;<\/p>\n\n\n\n<p>Maintenant direction les clapiers! Nous avons donner des grains et du foin \u00e0 nos &#x1f430;. Rempli leur abreuvoir puis voici le moment tant attendu: les c\u00e2lins!!!! &#x1f49d;<\/p>\n\n\n\n<figure class=\"wp-block-gallery columns-3 is-cropped wp-block-gallery-1 is-layout-flex wp-block-gallery-is-layout-flex\"><ul class=\"blocks-gallery-grid\"><li class=\"blocks-gallery-item\"><figure><img data-recalc-dims=\"1\" fetchpriority=\"high\" decoding=\"async\" width=\"720\" height=\"960\" src=\"https:\/\/i0.wp.com\/ecolefermedesbois.ch\/wp-content\/uploads\/2020\/12\/wp-1607419048108-scaled.jpg?resize=720%2C960&#038;ssl=1\" data-id=\"4185\" class=\"wp-image-4185\" srcset=\"https:\/\/i0.wp.com\/ecolefermedesbois.ch\/wp-content\/uploads\/2020\/12\/wp-1607419048108-scaled.jpg?w=1920&amp;ssl=1 1920w, https:\/\/i0.wp.com\/ecolefermedesbois.ch\/wp-content\/uploads\/2020\/12\/wp-1607419048108-scaled.jpg?resize=450%2C600&amp;ssl=1 450w, https:\/\/i0.wp.com\/ecolefermedesbois.ch\/wp-content\/uploads\/2020\/12\/wp-1607419048108-scaled.jpg?resize=225%2C300&amp;ssl=1 225w, https:\/\/i0.wp.com\/ecolefermedesbois.ch\/wp-content\/uploads\/2020\/12\/wp-1607419048108-scaled.jpg?resize=768%2C1024&amp;ssl=1 768w, https:\/\/i0.wp.com\/ecolefermedesbois.ch\/wp-content\/uploads\/2020\/12\/wp-1607419048108-scaled.jpg?resize=1152%2C1536&amp;ssl=1 1152w, https:\/\/i0.wp.com\/ecolefermedesbois.ch\/wp-content\/uploads\/2020\/12\/wp-1607419048108-scaled.jpg?resize=1536%2C2048&amp;ssl=1 1536w, https:\/\/i0.wp.com\/ecolefermedesbois.ch\/wp-content\/uploads\/2020\/12\/wp-1607419048108-scaled.jpg?w=1440&amp;ssl=1 1440w\" sizes=\"(max-width: 720px) 100vw, 720px\" \/><\/figure><\/li><li class=\"blocks-gallery-item\"><figure><img data-recalc-dims=\"1\" decoding=\"async\" width=\"720\" height=\"540\" src=\"https:\/\/i0.wp.com\/ecolefermedesbois.ch\/wp-content\/uploads\/2020\/12\/wp-1607419064914-scaled.jpg?resize=720%2C540&#038;ssl=1\" data-id=\"4186\" class=\"wp-image-4186\" srcset=\"https:\/\/i0.wp.com\/ecolefermedesbois.ch\/wp-content\/uploads\/2020\/12\/wp-1607419064914-scaled.jpg?w=2560&amp;ssl=1 2560w, https:\/\/i0.wp.com\/ecolefermedesbois.ch\/wp-content\/uploads\/2020\/12\/wp-1607419064914-scaled.jpg?resize=600%2C450&amp;ssl=1 600w, https:\/\/i0.wp.com\/ecolefermedesbois.ch\/wp-content\/uploads\/2020\/12\/wp-1607419064914-scaled.jpg?resize=300%2C225&amp;ssl=1 300w, https:\/\/i0.wp.com\/ecolefermedesbois.ch\/wp-content\/uploads\/2020\/12\/wp-1607419064914-scaled.jpg?resize=768%2C576&amp;ssl=1 768w, https:\/\/i0.wp.com\/ecolefermedesbois.ch\/wp-content\/uploads\/2020\/12\/wp-1607419064914-scaled.jpg?resize=1536%2C1152&amp;ssl=1 1536w, https:\/\/i0.wp.com\/ecolefermedesbois.ch\/wp-content\/uploads\/2020\/12\/wp-1607419064914-scaled.jpg?resize=2048%2C1536&amp;ssl=1 2048w, https:\/\/i0.wp.com\/ecolefermedesbois.ch\/wp-content\/uploads\/2020\/12\/wp-1607419064914-scaled.jpg?w=1440&amp;ssl=1 1440w, https:\/\/i0.wp.com\/ecolefermedesbois.ch\/wp-content\/uploads\/2020\/12\/wp-1607419064914-scaled.jpg?w=2160&amp;ssl=1 2160w\" sizes=\"(max-width: 720px) 100vw, 720px\" \/><\/figure><\/li><li class=\"blocks-gallery-item\"><figure><img data-recalc-dims=\"1\" decoding=\"async\" width=\"720\" height=\"960\" src=\"https:\/\/i0.wp.com\/ecolefermedesbois.ch\/wp-content\/uploads\/2020\/12\/wp-1607419229278-scaled.jpg?resize=720%2C960&#038;ssl=1\" data-id=\"4193\" class=\"wp-image-4193\" srcset=\"https:\/\/i0.wp.com\/ecolefermedesbois.ch\/wp-content\/uploads\/2020\/12\/wp-1607419229278-scaled.jpg?w=1920&amp;ssl=1 1920w, https:\/\/i0.wp.com\/ecolefermedesbois.ch\/wp-content\/uploads\/2020\/12\/wp-1607419229278-scaled.jpg?resize=450%2C600&amp;ssl=1 450w, https:\/\/i0.wp.com\/ecolefermedesbois.ch\/wp-content\/uploads\/2020\/12\/wp-1607419229278-scaled.jpg?resize=225%2C300&amp;ssl=1 225w, https:\/\/i0.wp.com\/ecolefermedesbois.ch\/wp-content\/uploads\/2020\/12\/wp-1607419229278-scaled.jpg?resize=768%2C1024&amp;ssl=1 768w, https:\/\/i0.wp.com\/ecolefermedesbois.ch\/wp-content\/uploads\/2020\/12\/wp-1607419229278-scaled.jpg?resize=1152%2C1536&amp;ssl=1 1152w, https:\/\/i0.wp.com\/ecolefermedesbois.ch\/wp-content\/uploads\/2020\/12\/wp-1607419229278-scaled.jpg?resize=1536%2C2048&amp;ssl=1 1536w, https:\/\/i0.wp.com\/ecolefermedesbois.ch\/wp-content\/uploads\/2020\/12\/wp-1607419229278-scaled.jpg?w=1440&amp;ssl=1 1440w\" sizes=\"(max-width: 720px) 100vw, 720px\" \/><\/figure><\/li><li class=\"blocks-gallery-item\"><figure><img data-recalc-dims=\"1\" loading=\"lazy\" decoding=\"async\" width=\"720\" height=\"960\" src=\"https:\/\/i0.wp.com\/ecolefermedesbois.ch\/wp-content\/uploads\/2020\/12\/wp-1607419248236-scaled.jpg?resize=720%2C960&#038;ssl=1\" data-id=\"4194\" class=\"wp-image-4194\" srcset=\"https:\/\/i0.wp.com\/ecolefermedesbois.ch\/wp-content\/uploads\/2020\/12\/wp-1607419248236-scaled.jpg?w=1920&amp;ssl=1 1920w, https:\/\/i0.wp.com\/ecolefermedesbois.ch\/wp-content\/uploads\/2020\/12\/wp-1607419248236-scaled.jpg?resize=450%2C600&amp;ssl=1 450w, https:\/\/i0.wp.com\/ecolefermedesbois.ch\/wp-content\/uploads\/2020\/12\/wp-1607419248236-scaled.jpg?resize=225%2C300&amp;ssl=1 225w, https:\/\/i0.wp.com\/ecolefermedesbois.ch\/wp-content\/uploads\/2020\/12\/wp-1607419248236-scaled.jpg?resize=768%2C1024&amp;ssl=1 768w, https:\/\/i0.wp.com\/ecolefermedesbois.ch\/wp-content\/uploads\/2020\/12\/wp-1607419248236-scaled.jpg?resize=1152%2C1536&amp;ssl=1 1152w, https:\/\/i0.wp.com\/ecolefermedesbois.ch\/wp-content\/uploads\/2020\/12\/wp-1607419248236-scaled.jpg?resize=1536%2C2048&amp;ssl=1 1536w, https:\/\/i0.wp.com\/ecolefermedesbois.ch\/wp-content\/uploads\/2020\/12\/wp-1607419248236-scaled.jpg?w=1440&amp;ssl=1 1440w\" sizes=\"(max-width: 720px) 100vw, 720px\" \/><\/figure><\/li><li class=\"blocks-gallery-item\"><figure><img data-recalc-dims=\"1\" loading=\"lazy\" decoding=\"async\" width=\"720\" height=\"960\" src=\"https:\/\/i0.wp.com\/ecolefermedesbois.ch\/wp-content\/uploads\/2020\/12\/wp-1607419269877-scaled.jpg?resize=720%2C960&#038;ssl=1\" data-id=\"4195\" class=\"wp-image-4195\" srcset=\"https:\/\/i0.wp.com\/ecolefermedesbois.ch\/wp-content\/uploads\/2020\/12\/wp-1607419269877-scaled.jpg?w=1920&amp;ssl=1 1920w, https:\/\/i0.wp.com\/ecolefermedesbois.ch\/wp-content\/uploads\/2020\/12\/wp-1607419269877-scaled.jpg?resize=450%2C600&amp;ssl=1 450w, https:\/\/i0.wp.com\/ecolefermedesbois.ch\/wp-content\/uploads\/2020\/12\/wp-1607419269877-scaled.jpg?resize=225%2C300&amp;ssl=1 225w, https:\/\/i0.wp.com\/ecolefermedesbois.ch\/wp-content\/uploads\/2020\/12\/wp-1607419269877-scaled.jpg?resize=768%2C1024&amp;ssl=1 768w, https:\/\/i0.wp.com\/ecolefermedesbois.ch\/wp-content\/uploads\/2020\/12\/wp-1607419269877-scaled.jpg?resize=1152%2C1536&amp;ssl=1 1152w, https:\/\/i0.wp.com\/ecolefermedesbois.ch\/wp-content\/uploads\/2020\/12\/wp-1607419269877-scaled.jpg?resize=1536%2C2048&amp;ssl=1 1536w, https:\/\/i0.wp.com\/ecolefermedesbois.ch\/wp-content\/uploads\/2020\/12\/wp-1607419269877-scaled.jpg?w=1440&amp;ssl=1 1440w\" sizes=\"(max-width: 720px) 100vw, 720px\" \/><\/figure><\/li><\/ul><\/figure>\n\n\n\n<p>Apr\u00e8s ce joli moment partag\u00e9 avec les lapins, nous pr\u00e9parons le foin pour nos &#x1f410; ! Avec beaucoup de joie et d&rsquo;entrain &#x1f4aa;&#x1f3fb;<\/p>\n\n\n\n<figure class=\"wp-block-gallery columns-3 is-cropped wp-block-gallery-2 is-layout-flex wp-block-gallery-is-layout-flex\"><ul class=\"blocks-gallery-grid\"><li class=\"blocks-gallery-item\"><figure><img data-recalc-dims=\"1\" loading=\"lazy\" decoding=\"async\" width=\"720\" height=\"540\" src=\"https:\/\/i0.wp.com\/ecolefermedesbois.ch\/wp-content\/uploads\/2020\/12\/wp-1607419100513-scaled.jpg?resize=720%2C540&#038;ssl=1\" data-id=\"4188\" class=\"wp-image-4188\" srcset=\"https:\/\/i0.wp.com\/ecolefermedesbois.ch\/wp-content\/uploads\/2020\/12\/wp-1607419100513-scaled.jpg?w=2560&amp;ssl=1 2560w, https:\/\/i0.wp.com\/ecolefermedesbois.ch\/wp-content\/uploads\/2020\/12\/wp-1607419100513-scaled.jpg?resize=600%2C450&amp;ssl=1 600w, https:\/\/i0.wp.com\/ecolefermedesbois.ch\/wp-content\/uploads\/2020\/12\/wp-1607419100513-scaled.jpg?resize=300%2C225&amp;ssl=1 300w, https:\/\/i0.wp.com\/ecolefermedesbois.ch\/wp-content\/uploads\/2020\/12\/wp-1607419100513-scaled.jpg?resize=768%2C576&amp;ssl=1 768w, https:\/\/i0.wp.com\/ecolefermedesbois.ch\/wp-content\/uploads\/2020\/12\/wp-1607419100513-scaled.jpg?resize=1536%2C1152&amp;ssl=1 1536w, https:\/\/i0.wp.com\/ecolefermedesbois.ch\/wp-content\/uploads\/2020\/12\/wp-1607419100513-scaled.jpg?resize=2048%2C1536&amp;ssl=1 2048w, https:\/\/i0.wp.com\/ecolefermedesbois.ch\/wp-content\/uploads\/2020\/12\/wp-1607419100513-scaled.jpg?w=1440&amp;ssl=1 1440w, https:\/\/i0.wp.com\/ecolefermedesbois.ch\/wp-content\/uploads\/2020\/12\/wp-1607419100513-scaled.jpg?w=2160&amp;ssl=1 2160w\" sizes=\"(max-width: 720px) 100vw, 720px\" \/><\/figure><\/li><li class=\"blocks-gallery-item\"><figure><img data-recalc-dims=\"1\" loading=\"lazy\" decoding=\"async\" width=\"720\" height=\"960\" src=\"https:\/\/i0.wp.com\/ecolefermedesbois.ch\/wp-content\/uploads\/2020\/12\/wp-16074190770483751761737198015844-scaled.jpg?resize=720%2C960&#038;ssl=1\" data-id=\"4187\" class=\"wp-image-4187\" srcset=\"https:\/\/i0.wp.com\/ecolefermedesbois.ch\/wp-content\/uploads\/2020\/12\/wp-16074190770483751761737198015844-scaled.jpg?w=1920&amp;ssl=1 1920w, https:\/\/i0.wp.com\/ecolefermedesbois.ch\/wp-content\/uploads\/2020\/12\/wp-16074190770483751761737198015844-scaled.jpg?resize=450%2C600&amp;ssl=1 450w, https:\/\/i0.wp.com\/ecolefermedesbois.ch\/wp-content\/uploads\/2020\/12\/wp-16074190770483751761737198015844-scaled.jpg?resize=225%2C300&amp;ssl=1 225w, https:\/\/i0.wp.com\/ecolefermedesbois.ch\/wp-content\/uploads\/2020\/12\/wp-16074190770483751761737198015844-scaled.jpg?resize=768%2C1024&amp;ssl=1 768w, https:\/\/i0.wp.com\/ecolefermedesbois.ch\/wp-content\/uploads\/2020\/12\/wp-16074190770483751761737198015844-scaled.jpg?resize=1152%2C1536&amp;ssl=1 1152w, https:\/\/i0.wp.com\/ecolefermedesbois.ch\/wp-content\/uploads\/2020\/12\/wp-16074190770483751761737198015844-scaled.jpg?resize=1536%2C2048&amp;ssl=1 1536w, https:\/\/i0.wp.com\/ecolefermedesbois.ch\/wp-content\/uploads\/2020\/12\/wp-16074190770483751761737198015844-scaled.jpg?w=1440&amp;ssl=1 1440w\" sizes=\"(max-width: 720px) 100vw, 720px\" \/><\/figure><\/li><li class=\"blocks-gallery-item\"><figure><img data-recalc-dims=\"1\" loading=\"lazy\" decoding=\"async\" width=\"720\" height=\"960\" src=\"https:\/\/i0.wp.com\/ecolefermedesbois.ch\/wp-content\/uploads\/2020\/12\/wp-1607419117562-scaled.jpg?resize=720%2C960&#038;ssl=1\" data-id=\"4189\" class=\"wp-image-4189\" srcset=\"https:\/\/i0.wp.com\/ecolefermedesbois.ch\/wp-content\/uploads\/2020\/12\/wp-1607419117562-scaled.jpg?w=1920&amp;ssl=1 1920w, https:\/\/i0.wp.com\/ecolefermedesbois.ch\/wp-content\/uploads\/2020\/12\/wp-1607419117562-scaled.jpg?resize=450%2C600&amp;ssl=1 450w, https:\/\/i0.wp.com\/ecolefermedesbois.ch\/wp-content\/uploads\/2020\/12\/wp-1607419117562-scaled.jpg?resize=225%2C300&amp;ssl=1 225w, https:\/\/i0.wp.com\/ecolefermedesbois.ch\/wp-content\/uploads\/2020\/12\/wp-1607419117562-scaled.jpg?resize=768%2C1024&amp;ssl=1 768w, https:\/\/i0.wp.com\/ecolefermedesbois.ch\/wp-content\/uploads\/2020\/12\/wp-1607419117562-scaled.jpg?resize=1152%2C1536&amp;ssl=1 1152w, https:\/\/i0.wp.com\/ecolefermedesbois.ch\/wp-content\/uploads\/2020\/12\/wp-1607419117562-scaled.jpg?resize=1536%2C2048&amp;ssl=1 1536w, https:\/\/i0.wp.com\/ecolefermedesbois.ch\/wp-content\/uploads\/2020\/12\/wp-1607419117562-scaled.jpg?w=1440&amp;ssl=1 1440w\" sizes=\"(max-width: 720px) 100vw, 720px\" \/><\/figure><\/li><li class=\"blocks-gallery-item\"><figure><img data-recalc-dims=\"1\" loading=\"lazy\" decoding=\"async\" width=\"720\" height=\"540\" src=\"https:\/\/i0.wp.com\/ecolefermedesbois.ch\/wp-content\/uploads\/2020\/12\/wp-1607419150460-scaled.jpg?resize=720%2C540&#038;ssl=1\" data-id=\"4190\" class=\"wp-image-4190\" srcset=\"https:\/\/i0.wp.com\/ecolefermedesbois.ch\/wp-content\/uploads\/2020\/12\/wp-1607419150460-scaled.jpg?w=2560&amp;ssl=1 2560w, https:\/\/i0.wp.com\/ecolefermedesbois.ch\/wp-content\/uploads\/2020\/12\/wp-1607419150460-scaled.jpg?resize=600%2C450&amp;ssl=1 600w, https:\/\/i0.wp.com\/ecolefermedesbois.ch\/wp-content\/uploads\/2020\/12\/wp-1607419150460-scaled.jpg?resize=300%2C225&amp;ssl=1 300w, https:\/\/i0.wp.com\/ecolefermedesbois.ch\/wp-content\/uploads\/2020\/12\/wp-1607419150460-scaled.jpg?resize=768%2C576&amp;ssl=1 768w, https:\/\/i0.wp.com\/ecolefermedesbois.ch\/wp-content\/uploads\/2020\/12\/wp-1607419150460-scaled.jpg?resize=1536%2C1152&amp;ssl=1 1536w, https:\/\/i0.wp.com\/ecolefermedesbois.ch\/wp-content\/uploads\/2020\/12\/wp-1607419150460-scaled.jpg?resize=2048%2C1536&amp;ssl=1 2048w, https:\/\/i0.wp.com\/ecolefermedesbois.ch\/wp-content\/uploads\/2020\/12\/wp-1607419150460-scaled.jpg?w=1440&amp;ssl=1 1440w, https:\/\/i0.wp.com\/ecolefermedesbois.ch\/wp-content\/uploads\/2020\/12\/wp-1607419150460-scaled.jpg?w=2160&amp;ssl=1 2160w\" sizes=\"(max-width: 720px) 100vw, 720px\" \/><\/figure><\/li><li class=\"blocks-gallery-item\"><figure><img data-recalc-dims=\"1\" loading=\"lazy\" decoding=\"async\" width=\"720\" height=\"960\" src=\"https:\/\/i0.wp.com\/ecolefermedesbois.ch\/wp-content\/uploads\/2020\/12\/wp-1607419183598-scaled.jpg?resize=720%2C960&#038;ssl=1\" data-id=\"4191\" class=\"wp-image-4191\" srcset=\"https:\/\/i0.wp.com\/ecolefermedesbois.ch\/wp-content\/uploads\/2020\/12\/wp-1607419183598-scaled.jpg?w=1920&amp;ssl=1 1920w, https:\/\/i0.wp.com\/ecolefermedesbois.ch\/wp-content\/uploads\/2020\/12\/wp-1607419183598-scaled.jpg?resize=450%2C600&amp;ssl=1 450w, https:\/\/i0.wp.com\/ecolefermedesbois.ch\/wp-content\/uploads\/2020\/12\/wp-1607419183598-scaled.jpg?resize=225%2C300&amp;ssl=1 225w, https:\/\/i0.wp.com\/ecolefermedesbois.ch\/wp-content\/uploads\/2020\/12\/wp-1607419183598-scaled.jpg?resize=768%2C1024&amp;ssl=1 768w, https:\/\/i0.wp.com\/ecolefermedesbois.ch\/wp-content\/uploads\/2020\/12\/wp-1607419183598-scaled.jpg?resize=1152%2C1536&amp;ssl=1 1152w, https:\/\/i0.wp.com\/ecolefermedesbois.ch\/wp-content\/uploads\/2020\/12\/wp-1607419183598-scaled.jpg?resize=1536%2C2048&amp;ssl=1 1536w, https:\/\/i0.wp.com\/ecolefermedesbois.ch\/wp-content\/uploads\/2020\/12\/wp-1607419183598-scaled.jpg?w=1440&amp;ssl=1 1440w\" sizes=\"(max-width: 720px) 100vw, 720px\" \/><\/figure><\/li><\/ul><figcaption class=\"blocks-gallery-caption\">Les biquettes furent heureuses que tant de petites mains s&rsquo;occupent d&rsquo;elles! <\/figcaption><\/figure>\n\n\n\n<p>Sans oublier de donner le foin aux g\u00e9nisses en passant! &#x1f929; Faudrait pas faire de jalouses! &#x1f92d;<\/p>\n\n\n\n<figure class=\"wp-block-gallery columns-1 is-cropped wp-block-gallery-3 is-layout-flex wp-block-gallery-is-layout-flex\"><ul class=\"blocks-gallery-grid\"><li class=\"blocks-gallery-item\"><figure><img data-recalc-dims=\"1\" loading=\"lazy\" decoding=\"async\" width=\"720\" height=\"540\" src=\"https:\/\/i0.wp.com\/ecolefermedesbois.ch\/wp-content\/uploads\/2020\/12\/wp-1607419205625-scaled.jpg?resize=720%2C540&#038;ssl=1\" data-id=\"4192\" class=\"wp-image-4192\" srcset=\"https:\/\/i0.wp.com\/ecolefermedesbois.ch\/wp-content\/uploads\/2020\/12\/wp-1607419205625-scaled.jpg?w=2560&amp;ssl=1 2560w, https:\/\/i0.wp.com\/ecolefermedesbois.ch\/wp-content\/uploads\/2020\/12\/wp-1607419205625-scaled.jpg?resize=600%2C450&amp;ssl=1 600w, https:\/\/i0.wp.com\/ecolefermedesbois.ch\/wp-content\/uploads\/2020\/12\/wp-1607419205625-scaled.jpg?resize=300%2C225&amp;ssl=1 300w, https:\/\/i0.wp.com\/ecolefermedesbois.ch\/wp-content\/uploads\/2020\/12\/wp-1607419205625-scaled.jpg?resize=768%2C576&amp;ssl=1 768w, https:\/\/i0.wp.com\/ecolefermedesbois.ch\/wp-content\/uploads\/2020\/12\/wp-1607419205625-scaled.jpg?resize=1536%2C1152&amp;ssl=1 1536w, https:\/\/i0.wp.com\/ecolefermedesbois.ch\/wp-content\/uploads\/2020\/12\/wp-1607419205625-scaled.jpg?resize=2048%2C1536&amp;ssl=1 2048w, https:\/\/i0.wp.com\/ecolefermedesbois.ch\/wp-content\/uploads\/2020\/12\/wp-1607419205625-scaled.jpg?w=1440&amp;ssl=1 1440w, https:\/\/i0.wp.com\/ecolefermedesbois.ch\/wp-content\/uploads\/2020\/12\/wp-1607419205625-scaled.jpg?w=2160&amp;ssl=1 2160w\" sizes=\"(max-width: 720px) 100vw, 720px\" \/><\/figure><\/li><\/ul><\/figure>\n\n\n\n<p>Pour la deuxi\u00e8me partie de la matin\u00e9e, nous avons cuisin\u00e9 les oeufs pour faire des madeleines &#x1f60b;<\/p>\n\n\n\n<figure class=\"wp-block-gallery columns-1 is-cropped wp-block-gallery-4 is-layout-flex wp-block-gallery-is-layout-flex\"><ul class=\"blocks-gallery-grid\"><li class=\"blocks-gallery-item\"><figure><img data-recalc-dims=\"1\" loading=\"lazy\" decoding=\"async\" width=\"720\" height=\"960\" src=\"https:\/\/i0.wp.com\/ecolefermedesbois.ch\/wp-content\/uploads\/2020\/12\/wp-1607419304717-scaled.jpg?resize=720%2C960&#038;ssl=1\" data-id=\"4196\" class=\"wp-image-4196\" srcset=\"https:\/\/i0.wp.com\/ecolefermedesbois.ch\/wp-content\/uploads\/2020\/12\/wp-1607419304717-scaled.jpg?w=1920&amp;ssl=1 1920w, https:\/\/i0.wp.com\/ecolefermedesbois.ch\/wp-content\/uploads\/2020\/12\/wp-1607419304717-scaled.jpg?resize=450%2C600&amp;ssl=1 450w, https:\/\/i0.wp.com\/ecolefermedesbois.ch\/wp-content\/uploads\/2020\/12\/wp-1607419304717-scaled.jpg?resize=225%2C300&amp;ssl=1 225w, https:\/\/i0.wp.com\/ecolefermedesbois.ch\/wp-content\/uploads\/2020\/12\/wp-1607419304717-scaled.jpg?resize=768%2C1024&amp;ssl=1 768w, https:\/\/i0.wp.com\/ecolefermedesbois.ch\/wp-content\/uploads\/2020\/12\/wp-1607419304717-scaled.jpg?resize=1152%2C1536&amp;ssl=1 1152w, https:\/\/i0.wp.com\/ecolefermedesbois.ch\/wp-content\/uploads\/2020\/12\/wp-1607419304717-scaled.jpg?resize=1536%2C2048&amp;ssl=1 1536w, https:\/\/i0.wp.com\/ecolefermedesbois.ch\/wp-content\/uploads\/2020\/12\/wp-1607419304717-scaled.jpg?w=1440&amp;ssl=1 1440w\" sizes=\"(max-width: 720px) 100vw, 720px\" \/><\/figure><\/li><\/ul><\/figure>\n\n\n\n<p>Pendant la cuisson nous avons fait la r\u00e9cr\u00e9 puis un jeu de memori musical. <\/p>\n\n\n\n<p>Et pour clore cette belle matin\u00e9e, nous nous sommes amus\u00e9s dans la neige! &#x2603;&#xfe0f; Faut en profiter pendant qu&rsquo;il y en a! &#x1f929;<\/p>\n\n\n\n<p>Merci les enfants pour cette belle matin\u00e9e et merci aux parents de me confier vos jeunes lutins pour qu&rsquo;ils puissent profiter de leur moment avec les animaux m\u00eame sans la pr\u00e9sence de notre ch\u00e8re Magali. &#x1f31e;<\/p>\n\n\n\n<p>On pense bien \u00e0 toi! &#x1f49d;&#x1f618;<\/p>\n","protected":false},"excerpt":{"rendered":"<p>Ce lundi matin, les lutins de la Bo\u00eete \u00e0 Couleurs sont venus pour d\u00e9couvrir les animaux de la basse-cour. Nous&#46;&#46;&#46;<\/p>\n","protected":false},"author":2,"featured_media":4197,"comment_status":"open","ping_status":"open","sticky":false,"template":"","format":"image","meta":{"jetpack_post_was_ever_published":false,"footnotes":"","jetpack_publicize_message":"","jetpack_publicize_feature_enabled":true,"jetpack_social_post_already_shared":true,"jetpack_social_options":{"image_generator_settings":{"template":"highway","default_image_id":0,"font":"","enabled":false},"version":2}},"categories":[33],"tags":[],"class_list":["post-4198","post","type-post","status-publish","format-image","has-post-thumbnail","hentry","category-ecole","post_format-post-format-image"],"yoast_head":"<!-- This site is optimized with the Yoast SEO plugin v27.4 - https:\/\/yoast.com\/product\/yoast-seo-wordpress\/ -->\n<title>Le groupe du lundi de la Bo\u00eete \u00e0 Couleurs &#x1f308; -<\/title>\n<meta name=\"robots\" content=\"index, follow, max-snippet:-1, max-image-preview:large, max-video-preview:-1\" \/>\n<link rel=\"canonical\" href=\"https:\/\/ecolefermedesbois.ch\/?p=4198\" \/>\n<meta property=\"og:locale\" content=\"fr_FR\" \/>\n<meta property=\"og:type\" content=\"article\" \/>\n<meta property=\"og:title\" content=\"Le groupe du lundi de la Bo\u00eete \u00e0 Couleurs &#x1f308; -\" \/>\n<meta property=\"og:description\" content=\"Ce lundi matin, les lutins de la Bo\u00eete \u00e0 Couleurs sont venus pour d\u00e9couvrir les animaux de la basse-cour. Nous&#046;&#046;&#046;\" \/>\n<meta property=\"og:url\" content=\"https:\/\/ecolefermedesbois.ch\/?p=4198\" \/>\n<meta property=\"article:publisher\" content=\"https:\/\/www.facebook.com\/ecolefermedesBois\" \/>\n<meta property=\"article:published_time\" content=\"2020-12-08T09:44:47+00:00\" \/>\n<meta property=\"og:image\" content=\"https:\/\/ecolefermedesbois.ch\/wp-content\/uploads\/2020\/12\/20201208_101739-scaled.jpg\" \/>\n\t<meta property=\"og:image:width\" content=\"2560\" \/>\n\t<meta property=\"og:image:height\" content=\"1920\" \/>\n\t<meta property=\"og:image:type\" content=\"image\/jpeg\" \/>\n<meta name=\"author\" content=\"Sophie\" \/>\n<meta name=\"twitter:card\" content=\"summary_large_image\" \/>\n<meta name=\"twitter:label1\" content=\"\u00c9crit par\" \/>\n\t<meta name=\"twitter:data1\" content=\"Sophie\" \/>\n\t<meta name=\"twitter:label2\" content=\"Dur\u00e9e de lecture estim\u00e9e\" \/>\n\t<meta name=\"twitter:data2\" content=\"1 minute\" \/>\n<script type=\"application\/ld+json\" class=\"yoast-schema-graph\">{\"@context\":\"https:\\\/\\\/schema.org\",\"@graph\":[{\"@type\":\"Article\",\"@id\":\"https:\\\/\\\/ecolefermedesbois.ch\\\/?p=4198#article\",\"isPartOf\":{\"@id\":\"https:\\\/\\\/ecolefermedesbois.ch\\\/?p=4198\"},\"author\":{\"name\":\"Sophie\",\"@id\":\"https:\\\/\\\/ecolefermedesbois.ch\\\/#\\\/schema\\\/person\\\/78f5a1c78e958e51240f90932d290908\"},\"headline\":\"Le groupe du lundi de la Bo\u00eete \u00e0 Couleurs &#x1f308;\",\"datePublished\":\"2020-12-08T09:44:47+00:00\",\"mainEntityOfPage\":{\"@id\":\"https:\\\/\\\/ecolefermedesbois.ch\\\/?p=4198\"},\"wordCount\":266,\"commentCount\":0,\"publisher\":{\"@id\":\"https:\\\/\\\/ecolefermedesbois.ch\\\/#organization\"},\"image\":{\"@id\":\"https:\\\/\\\/ecolefermedesbois.ch\\\/?p=4198#primaryimage\"},\"thumbnailUrl\":\"https:\\\/\\\/i0.wp.com\\\/ecolefermedesbois.ch\\\/wp-content\\\/uploads\\\/2020\\\/12\\\/20201208_101739-scaled.jpg?fit=2560%2C1920&ssl=1\",\"articleSection\":[\"Ecole\"],\"inLanguage\":\"fr-FR\",\"potentialAction\":[{\"@type\":\"CommentAction\",\"name\":\"Comment\",\"target\":[\"https:\\\/\\\/ecolefermedesbois.ch\\\/?p=4198#respond\"]}]},{\"@type\":\"WebPage\",\"@id\":\"https:\\\/\\\/ecolefermedesbois.ch\\\/?p=4198\",\"url\":\"https:\\\/\\\/ecolefermedesbois.ch\\\/?p=4198\",\"name\":\"Le groupe du lundi de la Bo\u00eete \u00e0 Couleurs &#x1f308; -\",\"isPartOf\":{\"@id\":\"https:\\\/\\\/ecolefermedesbois.ch\\\/#website\"},\"primaryImageOfPage\":{\"@id\":\"https:\\\/\\\/ecolefermedesbois.ch\\\/?p=4198#primaryimage\"},\"image\":{\"@id\":\"https:\\\/\\\/ecolefermedesbois.ch\\\/?p=4198#primaryimage\"},\"thumbnailUrl\":\"https:\\\/\\\/i0.wp.com\\\/ecolefermedesbois.ch\\\/wp-content\\\/uploads\\\/2020\\\/12\\\/20201208_101739-scaled.jpg?fit=2560%2C1920&ssl=1\",\"datePublished\":\"2020-12-08T09:44:47+00:00\",\"breadcrumb\":{\"@id\":\"https:\\\/\\\/ecolefermedesbois.ch\\\/?p=4198#breadcrumb\"},\"inLanguage\":\"fr-FR\",\"potentialAction\":[{\"@type\":\"ReadAction\",\"target\":[\"https:\\\/\\\/ecolefermedesbois.ch\\\/?p=4198\"]}]},{\"@type\":\"ImageObject\",\"inLanguage\":\"fr-FR\",\"@id\":\"https:\\\/\\\/ecolefermedesbois.ch\\\/?p=4198#primaryimage\",\"url\":\"https:\\\/\\\/i0.wp.com\\\/ecolefermedesbois.ch\\\/wp-content\\\/uploads\\\/2020\\\/12\\\/20201208_101739-scaled.jpg?fit=2560%2C1920&ssl=1\",\"contentUrl\":\"https:\\\/\\\/i0.wp.com\\\/ecolefermedesbois.ch\\\/wp-content\\\/uploads\\\/2020\\\/12\\\/20201208_101739-scaled.jpg?fit=2560%2C1920&ssl=1\",\"width\":2560,\"height\":1920},{\"@type\":\"BreadcrumbList\",\"@id\":\"https:\\\/\\\/ecolefermedesbois.ch\\\/?p=4198#breadcrumb\",\"itemListElement\":[{\"@type\":\"ListItem\",\"position\":1,\"name\":\"Accueil\",\"item\":\"https:\\\/\\\/ecolefermedesbois.ch\\\/\"},{\"@type\":\"ListItem\",\"position\":2,\"name\":\"Le groupe du lundi de la Bo\u00eete \u00e0 Couleurs &#x1f308;\"}]},{\"@type\":\"WebSite\",\"@id\":\"https:\\\/\\\/ecolefermedesbois.ch\\\/#website\",\"url\":\"https:\\\/\\\/ecolefermedesbois.ch\\\/\",\"name\":\"ecolefermedesbois\",\"description\":\"\",\"publisher\":{\"@id\":\"https:\\\/\\\/ecolefermedesbois.ch\\\/#organization\"},\"potentialAction\":[{\"@type\":\"SearchAction\",\"target\":{\"@type\":\"EntryPoint\",\"urlTemplate\":\"https:\\\/\\\/ecolefermedesbois.ch\\\/?s={search_term_string}\"},\"query-input\":{\"@type\":\"PropertyValueSpecification\",\"valueRequired\":true,\"valueName\":\"search_term_string\"}}],\"inLanguage\":\"fr-FR\"},{\"@type\":\"Organization\",\"@id\":\"https:\\\/\\\/ecolefermedesbois.ch\\\/#organization\",\"name\":\"Ecole \u00e0 la Ferme des Bois\",\"url\":\"https:\\\/\\\/ecolefermedesbois.ch\\\/\",\"logo\":{\"@type\":\"ImageObject\",\"inLanguage\":\"fr-FR\",\"@id\":\"https:\\\/\\\/ecolefermedesbois.ch\\\/#\\\/schema\\\/logo\\\/image\\\/\",\"url\":\"https:\\\/\\\/ecolefermedesbois.ch\\\/wp-content\\\/uploads\\\/2019\\\/04\\\/logo-scaled.gif\",\"contentUrl\":\"https:\\\/\\\/ecolefermedesbois.ch\\\/wp-content\\\/uploads\\\/2019\\\/04\\\/logo-scaled.gif\",\"width\":2560,\"height\":608,\"caption\":\"Ecole \u00e0 la Ferme des Bois\"},\"image\":{\"@id\":\"https:\\\/\\\/ecolefermedesbois.ch\\\/#\\\/schema\\\/logo\\\/image\\\/\"},\"sameAs\":[\"https:\\\/\\\/www.facebook.com\\\/ecolefermedesBois\"]},{\"@type\":\"Person\",\"@id\":\"https:\\\/\\\/ecolefermedesbois.ch\\\/#\\\/schema\\\/person\\\/78f5a1c78e958e51240f90932d290908\",\"name\":\"Sophie\",\"image\":{\"@type\":\"ImageObject\",\"inLanguage\":\"fr-FR\",\"@id\":\"https:\\\/\\\/secure.gravatar.com\\\/avatar\\\/053fbaec50cb27b03b880a4b8b018009aa3af995f32011efc3f40a589371d46f?s=96&d=mm&r=g\",\"url\":\"https:\\\/\\\/secure.gravatar.com\\\/avatar\\\/053fbaec50cb27b03b880a4b8b018009aa3af995f32011efc3f40a589371d46f?s=96&d=mm&r=g\",\"contentUrl\":\"https:\\\/\\\/secure.gravatar.com\\\/avatar\\\/053fbaec50cb27b03b880a4b8b018009aa3af995f32011efc3f40a589371d46f?s=96&d=mm&r=g\",\"caption\":\"Sophie\"},\"url\":\"https:\\\/\\\/ecolefermedesbois.ch\\\/?author=2\"}]}<\/script>\n<!-- \/ Yoast SEO plugin. -->","yoast_head_json":{"title":"Le groupe du lundi de la Bo\u00eete \u00e0 Couleurs &#x1f308; -","robots":{"index":"index","follow":"follow","max-snippet":"max-snippet:-1","max-image-preview":"max-image-preview:large","max-video-preview":"max-video-preview:-1"},"canonical":"https:\/\/ecolefermedesbois.ch\/?p=4198","og_locale":"fr_FR","og_type":"article","og_title":"Le groupe du lundi de la Bo\u00eete \u00e0 Couleurs &#x1f308; -","og_description":"Ce lundi matin, les lutins de la Bo\u00eete \u00e0 Couleurs sont venus pour d\u00e9couvrir les animaux de la basse-cour. Nous&#46;&#46;&#46;","og_url":"https:\/\/ecolefermedesbois.ch\/?p=4198","article_publisher":"https:\/\/www.facebook.com\/ecolefermedesBois","article_published_time":"2020-12-08T09:44:47+00:00","og_image":[{"width":2560,"height":1920,"url":"https:\/\/ecolefermedesbois.ch\/wp-content\/uploads\/2020\/12\/20201208_101739-scaled.jpg","type":"image\/jpeg"}],"author":"Sophie","twitter_card":"summary_large_image","twitter_misc":{"\u00c9crit par":"Sophie","Dur\u00e9e de lecture estim\u00e9e":"1 minute"},"schema":{"@context":"https:\/\/schema.org","@graph":[{"@type":"Article","@id":"https:\/\/ecolefermedesbois.ch\/?p=4198#article","isPartOf":{"@id":"https:\/\/ecolefermedesbois.ch\/?p=4198"},"author":{"name":"Sophie","@id":"https:\/\/ecolefermedesbois.ch\/#\/schema\/person\/78f5a1c78e958e51240f90932d290908"},"headline":"Le groupe du lundi de la Bo\u00eete \u00e0 Couleurs &#x1f308;","datePublished":"2020-12-08T09:44:47+00:00","mainEntityOfPage":{"@id":"https:\/\/ecolefermedesbois.ch\/?p=4198"},"wordCount":266,"commentCount":0,"publisher":{"@id":"https:\/\/ecolefermedesbois.ch\/#organization"},"image":{"@id":"https:\/\/ecolefermedesbois.ch\/?p=4198#primaryimage"},"thumbnailUrl":"https:\/\/i0.wp.com\/ecolefermedesbois.ch\/wp-content\/uploads\/2020\/12\/20201208_101739-scaled.jpg?fit=2560%2C1920&ssl=1","articleSection":["Ecole"],"inLanguage":"fr-FR","potentialAction":[{"@type":"CommentAction","name":"Comment","target":["https:\/\/ecolefermedesbois.ch\/?p=4198#respond"]}]},{"@type":"WebPage","@id":"https:\/\/ecolefermedesbois.ch\/?p=4198","url":"https:\/\/ecolefermedesbois.ch\/?p=4198","name":"Le groupe du lundi de la Bo\u00eete \u00e0 Couleurs &#x1f308; -","isPartOf":{"@id":"https:\/\/ecolefermedesbois.ch\/#website"},"primaryImageOfPage":{"@id":"https:\/\/ecolefermedesbois.ch\/?p=4198#primaryimage"},"image":{"@id":"https:\/\/ecolefermedesbois.ch\/?p=4198#primaryimage"},"thumbnailUrl":"https:\/\/i0.wp.com\/ecolefermedesbois.ch\/wp-content\/uploads\/2020\/12\/20201208_101739-scaled.jpg?fit=2560%2C1920&ssl=1","datePublished":"2020-12-08T09:44:47+00:00","breadcrumb":{"@id":"https:\/\/ecolefermedesbois.ch\/?p=4198#breadcrumb"},"inLanguage":"fr-FR","potentialAction":[{"@type":"ReadAction","target":["https:\/\/ecolefermedesbois.ch\/?p=4198"]}]},{"@type":"ImageObject","inLanguage":"fr-FR","@id":"https:\/\/ecolefermedesbois.ch\/?p=4198#primaryimage","url":"https:\/\/i0.wp.com\/ecolefermedesbois.ch\/wp-content\/uploads\/2020\/12\/20201208_101739-scaled.jpg?fit=2560%2C1920&ssl=1","contentUrl":"https:\/\/i0.wp.com\/ecolefermedesbois.ch\/wp-content\/uploads\/2020\/12\/20201208_101739-scaled.jpg?fit=2560%2C1920&ssl=1","width":2560,"height":1920},{"@type":"BreadcrumbList","@id":"https:\/\/ecolefermedesbois.ch\/?p=4198#breadcrumb","itemListElement":[{"@type":"ListItem","position":1,"name":"Accueil","item":"https:\/\/ecolefermedesbois.ch\/"},{"@type":"ListItem","position":2,"name":"Le groupe du lundi de la Bo\u00eete \u00e0 Couleurs &#x1f308;"}]},{"@type":"WebSite","@id":"https:\/\/ecolefermedesbois.ch\/#website","url":"https:\/\/ecolefermedesbois.ch\/","name":"ecolefermedesbois","description":"","publisher":{"@id":"https:\/\/ecolefermedesbois.ch\/#organization"},"potentialAction":[{"@type":"SearchAction","target":{"@type":"EntryPoint","urlTemplate":"https:\/\/ecolefermedesbois.ch\/?s={search_term_string}"},"query-input":{"@type":"PropertyValueSpecification","valueRequired":true,"valueName":"search_term_string"}}],"inLanguage":"fr-FR"},{"@type":"Organization","@id":"https:\/\/ecolefermedesbois.ch\/#organization","name":"Ecole \u00e0 la Ferme des Bois","url":"https:\/\/ecolefermedesbois.ch\/","logo":{"@type":"ImageObject","inLanguage":"fr-FR","@id":"https:\/\/ecolefermedesbois.ch\/#\/schema\/logo\/image\/","url":"https:\/\/ecolefermedesbois.ch\/wp-content\/uploads\/2019\/04\/logo-scaled.gif","contentUrl":"https:\/\/ecolefermedesbois.ch\/wp-content\/uploads\/2019\/04\/logo-scaled.gif","width":2560,"height":608,"caption":"Ecole \u00e0 la Ferme des Bois"},"image":{"@id":"https:\/\/ecolefermedesbois.ch\/#\/schema\/logo\/image\/"},"sameAs":["https:\/\/www.facebook.com\/ecolefermedesBois"]},{"@type":"Person","@id":"https:\/\/ecolefermedesbois.ch\/#\/schema\/person\/78f5a1c78e958e51240f90932d290908","name":"Sophie","image":{"@type":"ImageObject","inLanguage":"fr-FR","@id":"https:\/\/secure.gravatar.com\/avatar\/053fbaec50cb27b03b880a4b8b018009aa3af995f32011efc3f40a589371d46f?s=96&d=mm&r=g","url":"https:\/\/secure.gravatar.com\/avatar\/053fbaec50cb27b03b880a4b8b018009aa3af995f32011efc3f40a589371d46f?s=96&d=mm&r=g","contentUrl":"https:\/\/secure.gravatar.com\/avatar\/053fbaec50cb27b03b880a4b8b018009aa3af995f32011efc3f40a589371d46f?s=96&d=mm&r=g","caption":"Sophie"},"url":"https:\/\/ecolefermedesbois.ch\/?author=2"}]}},"jetpack_publicize_connections":[],"jetpack_featured_media_url":"https:\/\/i0.wp.com\/ecolefermedesbois.ch\/wp-content\/uploads\/2020\/12\/20201208_101739-scaled.jpg?fit=2560%2C1920&ssl=1","jetpack_sharing_enabled":true,"_links":{"self":[{"href":"https:\/\/ecolefermedesbois.ch\/index.php?rest_route=\/wp\/v2\/posts\/4198","targetHints":{"allow":["GET"]}}],"collection":[{"href":"https:\/\/ecolefermedesbois.ch\/index.php?rest_route=\/wp\/v2\/posts"}],"about":[{"href":"https:\/\/ecolefermedesbois.ch\/index.php?rest_route=\/wp\/v2\/types\/post"}],"author":[{"embeddable":true,"href":"https:\/\/ecolefermedesbois.ch\/index.php?rest_route=\/wp\/v2\/users\/2"}],"replies":[{"embeddable":true,"href":"https:\/\/ecolefermedesbois.ch\/index.php?rest_route=%2Fwp%2Fv2%2Fcomments&post=4198"}],"version-history":[{"count":0,"href":"https:\/\/ecolefermedesbois.ch\/index.php?rest_route=\/wp\/v2\/posts\/4198\/revisions"}],"wp:featuredmedia":[{"embeddable":true,"href":"https:\/\/ecolefermedesbois.ch\/index.php?rest_route=\/wp\/v2\/media\/4197"}],"wp:attachment":[{"href":"https:\/\/ecolefermedesbois.ch\/index.php?rest_route=%2Fwp%2Fv2%2Fmedia&parent=4198"}],"wp:term":[{"taxonomy":"category","embeddable":true,"href":"https:\/\/ecolefermedesbois.ch\/index.php?rest_route=%2Fwp%2Fv2%2Fcategories&post=4198"},{"taxonomy":"post_tag","embeddable":true,"href":"https:\/\/ecolefermedesbois.ch\/index.php?rest_route=%2Fwp%2Fv2%2Ftags&post=4198"}],"curies":[{"name":"wp","href":"https:\/\/api.w.org\/{rel}","templated":true}]}}