{"id":4180,"date":"2020-12-03T20:43:29","date_gmt":"2020-12-03T19:43:29","guid":{"rendered":"https:\/\/ecolefermedesbois.ch\/?p=4180"},"modified":"2020-12-18T09:47:23","modified_gmt":"2020-12-18T08:47:23","slug":"la-classe-de-sandrine-cherpillod-a-letable","status":"publish","type":"post","link":"https:\/\/ecolefermedesbois.ch\/?p=4180","title":{"rendered":"La classe de Sandrine Cherpillod \u00e0 l&rsquo;\u00e9table"},"content":{"rendered":"<div class=\"pdfprnt-buttons pdfprnt-buttons-post pdfprnt-top-right\"><a href=\"https:\/\/ecolefermedesbois.ch\/index.php?rest_route=%2Fwp%2Fv2%2Fposts%2F4180&print=pdf\" class=\"pdfprnt-button pdfprnt-button-pdf\" target=\"_blank\" ><img data-recalc-dims=\"1\" decoding=\"async\" src=\"https:\/\/i0.wp.com\/ecolefermedesbois.ch\/wp-content\/plugins\/pdf-print\/images\/pdf.png?w=720&#038;ssl=1\" alt=\"image_pdf\" title=\"Afficher le PDF\" \/><\/a><a href=\"https:\/\/ecolefermedesbois.ch\/index.php?rest_route=%2Fwp%2Fv2%2Fposts%2F4180&print=print\" class=\"pdfprnt-button pdfprnt-button-print\" target=\"_blank\" ><img data-recalc-dims=\"1\" decoding=\"async\" src=\"https:\/\/i0.wp.com\/ecolefermedesbois.ch\/wp-content\/plugins\/pdf-print\/images\/print.png?w=720&#038;ssl=1\" alt=\"image_print\" title=\"Contenu imprim\u00e9\" \/><\/a><\/div>\n<p>Ce matin les \u00e9l\u00e8ves de 4P de Pal\u00e9zieux sont venus d\u00e9couvrir ce qui se passe dans une \u00e9table &#x1f42e;<\/p>\n\n\n\n<p>En voulant approcher les &#x1f404; pour leur faire des c\u00e2lins, nous avons pu observer qu&rsquo;elles ont toutes un caract\u00e8re diff\u00e9rent. Peureuses, calmes ou m\u00eame caract\u00e9rielles&#8230; <\/p>\n\n\n\n<figure class=\"wp-block-gallery columns-3 is-cropped wp-block-gallery-1 is-layout-flex wp-block-gallery-is-layout-flex\"><ul class=\"blocks-gallery-grid\"><li class=\"blocks-gallery-item\"><figure><img data-recalc-dims=\"1\" fetchpriority=\"high\" decoding=\"async\" width=\"720\" height=\"540\" src=\"https:\/\/i0.wp.com\/ecolefermedesbois.ch\/wp-content\/uploads\/2020\/12\/wp-1606997505328-scaled.jpg?resize=720%2C540&#038;ssl=1\" data-id=\"4159\" class=\"wp-image-4159\" srcset=\"https:\/\/i0.wp.com\/ecolefermedesbois.ch\/wp-content\/uploads\/2020\/12\/wp-1606997505328-scaled.jpg?w=2560&amp;ssl=1 2560w, https:\/\/i0.wp.com\/ecolefermedesbois.ch\/wp-content\/uploads\/2020\/12\/wp-1606997505328-scaled.jpg?resize=600%2C450&amp;ssl=1 600w, https:\/\/i0.wp.com\/ecolefermedesbois.ch\/wp-content\/uploads\/2020\/12\/wp-1606997505328-scaled.jpg?resize=300%2C225&amp;ssl=1 300w, https:\/\/i0.wp.com\/ecolefermedesbois.ch\/wp-content\/uploads\/2020\/12\/wp-1606997505328-scaled.jpg?resize=768%2C576&amp;ssl=1 768w, https:\/\/i0.wp.com\/ecolefermedesbois.ch\/wp-content\/uploads\/2020\/12\/wp-1606997505328-scaled.jpg?resize=1536%2C1152&amp;ssl=1 1536w, https:\/\/i0.wp.com\/ecolefermedesbois.ch\/wp-content\/uploads\/2020\/12\/wp-1606997505328-scaled.jpg?resize=2048%2C1536&amp;ssl=1 2048w, https:\/\/i0.wp.com\/ecolefermedesbois.ch\/wp-content\/uploads\/2020\/12\/wp-1606997505328-scaled.jpg?w=1440&amp;ssl=1 1440w, https:\/\/i0.wp.com\/ecolefermedesbois.ch\/wp-content\/uploads\/2020\/12\/wp-1606997505328-scaled.jpg?w=2160&amp;ssl=1 2160w\" sizes=\"(max-width: 720px) 100vw, 720px\" \/><\/figure><\/li><li class=\"blocks-gallery-item\"><figure><img data-recalc-dims=\"1\" decoding=\"async\" width=\"720\" height=\"540\" src=\"https:\/\/i0.wp.com\/ecolefermedesbois.ch\/wp-content\/uploads\/2020\/12\/wp-1606997354254-1-scaled.jpg?resize=720%2C540&#038;ssl=1\" data-id=\"4160\" class=\"wp-image-4160\" srcset=\"https:\/\/i0.wp.com\/ecolefermedesbois.ch\/wp-content\/uploads\/2020\/12\/wp-1606997354254-1-scaled.jpg?w=2560&amp;ssl=1 2560w, https:\/\/i0.wp.com\/ecolefermedesbois.ch\/wp-content\/uploads\/2020\/12\/wp-1606997354254-1-scaled.jpg?resize=600%2C450&amp;ssl=1 600w, https:\/\/i0.wp.com\/ecolefermedesbois.ch\/wp-content\/uploads\/2020\/12\/wp-1606997354254-1-scaled.jpg?resize=300%2C225&amp;ssl=1 300w, https:\/\/i0.wp.com\/ecolefermedesbois.ch\/wp-content\/uploads\/2020\/12\/wp-1606997354254-1-scaled.jpg?resize=768%2C576&amp;ssl=1 768w, https:\/\/i0.wp.com\/ecolefermedesbois.ch\/wp-content\/uploads\/2020\/12\/wp-1606997354254-1-scaled.jpg?resize=1536%2C1152&amp;ssl=1 1536w, https:\/\/i0.wp.com\/ecolefermedesbois.ch\/wp-content\/uploads\/2020\/12\/wp-1606997354254-1-scaled.jpg?resize=2048%2C1536&amp;ssl=1 2048w, https:\/\/i0.wp.com\/ecolefermedesbois.ch\/wp-content\/uploads\/2020\/12\/wp-1606997354254-1-scaled.jpg?w=1440&amp;ssl=1 1440w, https:\/\/i0.wp.com\/ecolefermedesbois.ch\/wp-content\/uploads\/2020\/12\/wp-1606997354254-1-scaled.jpg?w=2160&amp;ssl=1 2160w\" sizes=\"(max-width: 720px) 100vw, 720px\" \/><\/figure><\/li><li class=\"blocks-gallery-item\"><figure><img data-recalc-dims=\"1\" decoding=\"async\" width=\"720\" height=\"960\" src=\"https:\/\/i0.wp.com\/ecolefermedesbois.ch\/wp-content\/uploads\/2020\/12\/wp-1607001393974.jpg?resize=720%2C960&#038;ssl=1\" data-id=\"4172\" class=\"wp-image-4172\" srcset=\"https:\/\/i0.wp.com\/ecolefermedesbois.ch\/wp-content\/uploads\/2020\/12\/wp-1607001393974.jpg?w=1536&amp;ssl=1 1536w, https:\/\/i0.wp.com\/ecolefermedesbois.ch\/wp-content\/uploads\/2020\/12\/wp-1607001393974.jpg?resize=450%2C600&amp;ssl=1 450w, https:\/\/i0.wp.com\/ecolefermedesbois.ch\/wp-content\/uploads\/2020\/12\/wp-1607001393974.jpg?resize=225%2C300&amp;ssl=1 225w, https:\/\/i0.wp.com\/ecolefermedesbois.ch\/wp-content\/uploads\/2020\/12\/wp-1607001393974.jpg?resize=768%2C1024&amp;ssl=1 768w, https:\/\/i0.wp.com\/ecolefermedesbois.ch\/wp-content\/uploads\/2020\/12\/wp-1607001393974.jpg?resize=1152%2C1536&amp;ssl=1 1152w, https:\/\/i0.wp.com\/ecolefermedesbois.ch\/wp-content\/uploads\/2020\/12\/wp-1607001393974.jpg?w=1440&amp;ssl=1 1440w\" sizes=\"(max-width: 720px) 100vw, 720px\" \/><\/figure><\/li><\/ul><\/figure>\n\n\n\n<p>Nous avons observ\u00e9 leur habitat, et l&rsquo;avons compar\u00e9 \u00e0 notre maison &#x1f3e0;. O\u00f9 se trouve la chambre \u00e0 coucher, les toilettes, la salle \u00e0 manger ou m\u00eame le garde manger. Je rebondi sur ce dernier pour leur parler des aliments de nos vaches. Pour ce faire, et que ce soit ludique, nous avons fait le jeu de \u00ab\u00a0l&rsquo;assiette de la vache\u00a0\u00bb. Suivi des explications. <\/p>\n\n\n\n<figure class=\"wp-block-gallery columns-3 is-cropped wp-block-gallery-2 is-layout-flex wp-block-gallery-is-layout-flex\"><ul class=\"blocks-gallery-grid\"><li class=\"blocks-gallery-item\"><figure><img data-recalc-dims=\"1\" loading=\"lazy\" decoding=\"async\" width=\"720\" height=\"960\" src=\"https:\/\/i0.wp.com\/ecolefermedesbois.ch\/wp-content\/uploads\/2020\/12\/wp-1606997554811-scaled.jpg?resize=720%2C960&#038;ssl=1\" data-id=\"4161\" class=\"wp-image-4161\" srcset=\"https:\/\/i0.wp.com\/ecolefermedesbois.ch\/wp-content\/uploads\/2020\/12\/wp-1606997554811-scaled.jpg?w=1920&amp;ssl=1 1920w, https:\/\/i0.wp.com\/ecolefermedesbois.ch\/wp-content\/uploads\/2020\/12\/wp-1606997554811-scaled.jpg?resize=450%2C600&amp;ssl=1 450w, https:\/\/i0.wp.com\/ecolefermedesbois.ch\/wp-content\/uploads\/2020\/12\/wp-1606997554811-scaled.jpg?resize=225%2C300&amp;ssl=1 225w, https:\/\/i0.wp.com\/ecolefermedesbois.ch\/wp-content\/uploads\/2020\/12\/wp-1606997554811-scaled.jpg?resize=768%2C1024&amp;ssl=1 768w, https:\/\/i0.wp.com\/ecolefermedesbois.ch\/wp-content\/uploads\/2020\/12\/wp-1606997554811-scaled.jpg?resize=1152%2C1536&amp;ssl=1 1152w, https:\/\/i0.wp.com\/ecolefermedesbois.ch\/wp-content\/uploads\/2020\/12\/wp-1606997554811-scaled.jpg?resize=1536%2C2048&amp;ssl=1 1536w, https:\/\/i0.wp.com\/ecolefermedesbois.ch\/wp-content\/uploads\/2020\/12\/wp-1606997554811-scaled.jpg?w=1440&amp;ssl=1 1440w\" sizes=\"(max-width: 720px) 100vw, 720px\" \/><\/figure><\/li><li class=\"blocks-gallery-item\"><figure><img data-recalc-dims=\"1\" loading=\"lazy\" decoding=\"async\" width=\"720\" height=\"540\" src=\"https:\/\/i0.wp.com\/ecolefermedesbois.ch\/wp-content\/uploads\/2020\/12\/wp-1606997604143-scaled.jpg?resize=720%2C540&#038;ssl=1\" data-id=\"4162\" class=\"wp-image-4162\" srcset=\"https:\/\/i0.wp.com\/ecolefermedesbois.ch\/wp-content\/uploads\/2020\/12\/wp-1606997604143-scaled.jpg?w=2560&amp;ssl=1 2560w, https:\/\/i0.wp.com\/ecolefermedesbois.ch\/wp-content\/uploads\/2020\/12\/wp-1606997604143-scaled.jpg?resize=600%2C450&amp;ssl=1 600w, https:\/\/i0.wp.com\/ecolefermedesbois.ch\/wp-content\/uploads\/2020\/12\/wp-1606997604143-scaled.jpg?resize=300%2C225&amp;ssl=1 300w, https:\/\/i0.wp.com\/ecolefermedesbois.ch\/wp-content\/uploads\/2020\/12\/wp-1606997604143-scaled.jpg?resize=768%2C576&amp;ssl=1 768w, https:\/\/i0.wp.com\/ecolefermedesbois.ch\/wp-content\/uploads\/2020\/12\/wp-1606997604143-scaled.jpg?resize=1536%2C1152&amp;ssl=1 1536w, https:\/\/i0.wp.com\/ecolefermedesbois.ch\/wp-content\/uploads\/2020\/12\/wp-1606997604143-scaled.jpg?resize=2048%2C1536&amp;ssl=1 2048w, https:\/\/i0.wp.com\/ecolefermedesbois.ch\/wp-content\/uploads\/2020\/12\/wp-1606997604143-scaled.jpg?w=1440&amp;ssl=1 1440w, https:\/\/i0.wp.com\/ecolefermedesbois.ch\/wp-content\/uploads\/2020\/12\/wp-1606997604143-scaled.jpg?w=2160&amp;ssl=1 2160w\" sizes=\"(max-width: 720px) 100vw, 720px\" \/><\/figure><\/li><li class=\"blocks-gallery-item\"><figure><img data-recalc-dims=\"1\" loading=\"lazy\" decoding=\"async\" width=\"720\" height=\"960\" src=\"https:\/\/i0.wp.com\/ecolefermedesbois.ch\/wp-content\/uploads\/2020\/12\/wp-1607001634779.jpg?resize=720%2C960&#038;ssl=1\" data-id=\"4179\" class=\"wp-image-4179\" srcset=\"https:\/\/i0.wp.com\/ecolefermedesbois.ch\/wp-content\/uploads\/2020\/12\/wp-1607001634779.jpg?w=1536&amp;ssl=1 1536w, https:\/\/i0.wp.com\/ecolefermedesbois.ch\/wp-content\/uploads\/2020\/12\/wp-1607001634779.jpg?resize=450%2C600&amp;ssl=1 450w, https:\/\/i0.wp.com\/ecolefermedesbois.ch\/wp-content\/uploads\/2020\/12\/wp-1607001634779.jpg?resize=225%2C300&amp;ssl=1 225w, https:\/\/i0.wp.com\/ecolefermedesbois.ch\/wp-content\/uploads\/2020\/12\/wp-1607001634779.jpg?resize=768%2C1024&amp;ssl=1 768w, https:\/\/i0.wp.com\/ecolefermedesbois.ch\/wp-content\/uploads\/2020\/12\/wp-1607001634779.jpg?resize=1152%2C1536&amp;ssl=1 1152w, https:\/\/i0.wp.com\/ecolefermedesbois.ch\/wp-content\/uploads\/2020\/12\/wp-1607001634779.jpg?w=1440&amp;ssl=1 1440w\" sizes=\"(max-width: 720px) 100vw, 720px\" \/><\/figure><\/li><li class=\"blocks-gallery-item\"><figure><img data-recalc-dims=\"1\" loading=\"lazy\" decoding=\"async\" width=\"720\" height=\"960\" src=\"https:\/\/i0.wp.com\/ecolefermedesbois.ch\/wp-content\/uploads\/2020\/12\/wp-1607001488830.jpg?resize=720%2C960&#038;ssl=1\" data-id=\"4175\" class=\"wp-image-4175\" srcset=\"https:\/\/i0.wp.com\/ecolefermedesbois.ch\/wp-content\/uploads\/2020\/12\/wp-1607001488830.jpg?w=1536&amp;ssl=1 1536w, https:\/\/i0.wp.com\/ecolefermedesbois.ch\/wp-content\/uploads\/2020\/12\/wp-1607001488830.jpg?resize=450%2C600&amp;ssl=1 450w, https:\/\/i0.wp.com\/ecolefermedesbois.ch\/wp-content\/uploads\/2020\/12\/wp-1607001488830.jpg?resize=225%2C300&amp;ssl=1 225w, https:\/\/i0.wp.com\/ecolefermedesbois.ch\/wp-content\/uploads\/2020\/12\/wp-1607001488830.jpg?resize=768%2C1024&amp;ssl=1 768w, https:\/\/i0.wp.com\/ecolefermedesbois.ch\/wp-content\/uploads\/2020\/12\/wp-1607001488830.jpg?resize=1152%2C1536&amp;ssl=1 1152w, https:\/\/i0.wp.com\/ecolefermedesbois.ch\/wp-content\/uploads\/2020\/12\/wp-1607001488830.jpg?w=1440&amp;ssl=1 1440w\" sizes=\"(max-width: 720px) 100vw, 720px\" \/><\/figure><\/li><\/ul><\/figure>\n\n\n\n<p>Maintenant une pause est bien m\u00e9rit\u00e9e! &#x263a; C&rsquo;est l&rsquo;heure de la R\u00e9cr\u00e9! <\/p>\n\n\n\n<figure class=\"wp-block-gallery columns-3 is-cropped wp-block-gallery-3 is-layout-flex wp-block-gallery-is-layout-flex\"><ul class=\"blocks-gallery-grid\"><li class=\"blocks-gallery-item\"><figure><img data-recalc-dims=\"1\" loading=\"lazy\" decoding=\"async\" width=\"720\" height=\"540\" src=\"https:\/\/i0.wp.com\/ecolefermedesbois.ch\/wp-content\/uploads\/2020\/12\/wp-1606997630339-scaled.jpg?resize=720%2C540&#038;ssl=1\" data-id=\"4163\" class=\"wp-image-4163\" srcset=\"https:\/\/i0.wp.com\/ecolefermedesbois.ch\/wp-content\/uploads\/2020\/12\/wp-1606997630339-scaled.jpg?w=2560&amp;ssl=1 2560w, https:\/\/i0.wp.com\/ecolefermedesbois.ch\/wp-content\/uploads\/2020\/12\/wp-1606997630339-scaled.jpg?resize=600%2C450&amp;ssl=1 600w, https:\/\/i0.wp.com\/ecolefermedesbois.ch\/wp-content\/uploads\/2020\/12\/wp-1606997630339-scaled.jpg?resize=300%2C225&amp;ssl=1 300w, https:\/\/i0.wp.com\/ecolefermedesbois.ch\/wp-content\/uploads\/2020\/12\/wp-1606997630339-scaled.jpg?resize=768%2C576&amp;ssl=1 768w, https:\/\/i0.wp.com\/ecolefermedesbois.ch\/wp-content\/uploads\/2020\/12\/wp-1606997630339-scaled.jpg?resize=1536%2C1152&amp;ssl=1 1536w, https:\/\/i0.wp.com\/ecolefermedesbois.ch\/wp-content\/uploads\/2020\/12\/wp-1606997630339-scaled.jpg?resize=2048%2C1536&amp;ssl=1 2048w, https:\/\/i0.wp.com\/ecolefermedesbois.ch\/wp-content\/uploads\/2020\/12\/wp-1606997630339-scaled.jpg?w=1440&amp;ssl=1 1440w, https:\/\/i0.wp.com\/ecolefermedesbois.ch\/wp-content\/uploads\/2020\/12\/wp-1606997630339-scaled.jpg?w=2160&amp;ssl=1 2160w\" sizes=\"(max-width: 720px) 100vw, 720px\" \/><\/figure><\/li><li class=\"blocks-gallery-item\"><figure><img data-recalc-dims=\"1\" loading=\"lazy\" decoding=\"async\" width=\"720\" height=\"540\" src=\"https:\/\/i0.wp.com\/ecolefermedesbois.ch\/wp-content\/uploads\/2020\/12\/wp-1606997657924-scaled.jpg?resize=720%2C540&#038;ssl=1\" data-id=\"4164\" class=\"wp-image-4164\" srcset=\"https:\/\/i0.wp.com\/ecolefermedesbois.ch\/wp-content\/uploads\/2020\/12\/wp-1606997657924-scaled.jpg?w=2560&amp;ssl=1 2560w, https:\/\/i0.wp.com\/ecolefermedesbois.ch\/wp-content\/uploads\/2020\/12\/wp-1606997657924-scaled.jpg?resize=600%2C450&amp;ssl=1 600w, https:\/\/i0.wp.com\/ecolefermedesbois.ch\/wp-content\/uploads\/2020\/12\/wp-1606997657924-scaled.jpg?resize=300%2C225&amp;ssl=1 300w, https:\/\/i0.wp.com\/ecolefermedesbois.ch\/wp-content\/uploads\/2020\/12\/wp-1606997657924-scaled.jpg?resize=768%2C576&amp;ssl=1 768w, https:\/\/i0.wp.com\/ecolefermedesbois.ch\/wp-content\/uploads\/2020\/12\/wp-1606997657924-scaled.jpg?resize=1536%2C1152&amp;ssl=1 1536w, https:\/\/i0.wp.com\/ecolefermedesbois.ch\/wp-content\/uploads\/2020\/12\/wp-1606997657924-scaled.jpg?resize=2048%2C1536&amp;ssl=1 2048w, https:\/\/i0.wp.com\/ecolefermedesbois.ch\/wp-content\/uploads\/2020\/12\/wp-1606997657924-scaled.jpg?w=1440&amp;ssl=1 1440w, https:\/\/i0.wp.com\/ecolefermedesbois.ch\/wp-content\/uploads\/2020\/12\/wp-1606997657924-scaled.jpg?w=2160&amp;ssl=1 2160w\" sizes=\"(max-width: 720px) 100vw, 720px\" \/><\/figure><\/li><li class=\"blocks-gallery-item\"><figure><img data-recalc-dims=\"1\" loading=\"lazy\" decoding=\"async\" width=\"720\" height=\"960\" src=\"https:\/\/i0.wp.com\/ecolefermedesbois.ch\/wp-content\/uploads\/2020\/12\/wp-1607001607522.jpg?resize=720%2C960&#038;ssl=1\" data-id=\"4178\" class=\"wp-image-4178\" srcset=\"https:\/\/i0.wp.com\/ecolefermedesbois.ch\/wp-content\/uploads\/2020\/12\/wp-1607001607522.jpg?w=1536&amp;ssl=1 1536w, https:\/\/i0.wp.com\/ecolefermedesbois.ch\/wp-content\/uploads\/2020\/12\/wp-1607001607522.jpg?resize=450%2C600&amp;ssl=1 450w, https:\/\/i0.wp.com\/ecolefermedesbois.ch\/wp-content\/uploads\/2020\/12\/wp-1607001607522.jpg?resize=225%2C300&amp;ssl=1 225w, https:\/\/i0.wp.com\/ecolefermedesbois.ch\/wp-content\/uploads\/2020\/12\/wp-1607001607522.jpg?resize=768%2C1024&amp;ssl=1 768w, https:\/\/i0.wp.com\/ecolefermedesbois.ch\/wp-content\/uploads\/2020\/12\/wp-1607001607522.jpg?resize=1152%2C1536&amp;ssl=1 1152w, https:\/\/i0.wp.com\/ecolefermedesbois.ch\/wp-content\/uploads\/2020\/12\/wp-1607001607522.jpg?w=1440&amp;ssl=1 1440w\" sizes=\"(max-width: 720px) 100vw, 720px\" \/><\/figure><\/li><\/ul><figcaption class=\"blocks-gallery-caption\">Assis confortablement au doux &#x1f60a;<\/figcaption><\/figure>\n\n\n\n<p>Une fois bien d\u00e9foul\u00e9s, c&rsquo;est parti pour la visite de la salle de traite, de la chambre \u00e0 lait et pour finir en beaut\u00e9 chez les petits veaux &#x1f970;<\/p>\n\n\n\n<figure class=\"wp-block-gallery columns-2 is-cropped wp-block-gallery-4 is-layout-flex wp-block-gallery-is-layout-flex\"><ul class=\"blocks-gallery-grid\"><li class=\"blocks-gallery-item\"><figure><img data-recalc-dims=\"1\" loading=\"lazy\" decoding=\"async\" width=\"720\" height=\"960\" src=\"https:\/\/i0.wp.com\/ecolefermedesbois.ch\/wp-content\/uploads\/2020\/12\/wp-1606997698755-scaled.jpg?resize=720%2C960&#038;ssl=1\" data-id=\"4166\" class=\"wp-image-4166\" srcset=\"https:\/\/i0.wp.com\/ecolefermedesbois.ch\/wp-content\/uploads\/2020\/12\/wp-1606997698755-scaled.jpg?w=1920&amp;ssl=1 1920w, https:\/\/i0.wp.com\/ecolefermedesbois.ch\/wp-content\/uploads\/2020\/12\/wp-1606997698755-scaled.jpg?resize=450%2C600&amp;ssl=1 450w, https:\/\/i0.wp.com\/ecolefermedesbois.ch\/wp-content\/uploads\/2020\/12\/wp-1606997698755-scaled.jpg?resize=225%2C300&amp;ssl=1 225w, https:\/\/i0.wp.com\/ecolefermedesbois.ch\/wp-content\/uploads\/2020\/12\/wp-1606997698755-scaled.jpg?resize=768%2C1024&amp;ssl=1 768w, https:\/\/i0.wp.com\/ecolefermedesbois.ch\/wp-content\/uploads\/2020\/12\/wp-1606997698755-scaled.jpg?resize=1152%2C1536&amp;ssl=1 1152w, https:\/\/i0.wp.com\/ecolefermedesbois.ch\/wp-content\/uploads\/2020\/12\/wp-1606997698755-scaled.jpg?resize=1536%2C2048&amp;ssl=1 1536w, https:\/\/i0.wp.com\/ecolefermedesbois.ch\/wp-content\/uploads\/2020\/12\/wp-1606997698755-scaled.jpg?w=1440&amp;ssl=1 1440w\" sizes=\"(max-width: 720px) 100vw, 720px\" \/><\/figure><\/li><li class=\"blocks-gallery-item\"><figure><img data-recalc-dims=\"1\" loading=\"lazy\" decoding=\"async\" width=\"720\" height=\"540\" src=\"https:\/\/i0.wp.com\/ecolefermedesbois.ch\/wp-content\/uploads\/2020\/12\/wp-1606997676191-scaled.jpg?resize=720%2C540&#038;ssl=1\" data-id=\"4165\" class=\"wp-image-4165\" srcset=\"https:\/\/i0.wp.com\/ecolefermedesbois.ch\/wp-content\/uploads\/2020\/12\/wp-1606997676191-scaled.jpg?w=2560&amp;ssl=1 2560w, https:\/\/i0.wp.com\/ecolefermedesbois.ch\/wp-content\/uploads\/2020\/12\/wp-1606997676191-scaled.jpg?resize=600%2C450&amp;ssl=1 600w, https:\/\/i0.wp.com\/ecolefermedesbois.ch\/wp-content\/uploads\/2020\/12\/wp-1606997676191-scaled.jpg?resize=300%2C225&amp;ssl=1 300w, https:\/\/i0.wp.com\/ecolefermedesbois.ch\/wp-content\/uploads\/2020\/12\/wp-1606997676191-scaled.jpg?resize=768%2C576&amp;ssl=1 768w, https:\/\/i0.wp.com\/ecolefermedesbois.ch\/wp-content\/uploads\/2020\/12\/wp-1606997676191-scaled.jpg?resize=1536%2C1152&amp;ssl=1 1536w, https:\/\/i0.wp.com\/ecolefermedesbois.ch\/wp-content\/uploads\/2020\/12\/wp-1606997676191-scaled.jpg?resize=2048%2C1536&amp;ssl=1 2048w, https:\/\/i0.wp.com\/ecolefermedesbois.ch\/wp-content\/uploads\/2020\/12\/wp-1606997676191-scaled.jpg?w=1440&amp;ssl=1 1440w, https:\/\/i0.wp.com\/ecolefermedesbois.ch\/wp-content\/uploads\/2020\/12\/wp-1606997676191-scaled.jpg?w=2160&amp;ssl=1 2160w\" sizes=\"(max-width: 720px) 100vw, 720px\" \/><\/figure><\/li><\/ul><\/figure>\n\n\n\n<p>Pendant ce temps l\u00e0, l&rsquo;autre moiti\u00e9 de la classe a fait la course pour d\u00e9placer un tas de foin! &#x1f923; Une superbe exp\u00e9rience! Je crois bien qu&rsquo;ils ont ador\u00e9 &#x1f929;<\/p>\n\n\n\n<figure class=\"wp-block-gallery columns-3 is-cropped wp-block-gallery-5 is-layout-flex wp-block-gallery-is-layout-flex\"><ul class=\"blocks-gallery-grid\"><li class=\"blocks-gallery-item\"><figure><img data-recalc-dims=\"1\" loading=\"lazy\" decoding=\"async\" width=\"720\" height=\"960\" src=\"https:\/\/i0.wp.com\/ecolefermedesbois.ch\/wp-content\/uploads\/2020\/12\/wp-1607001423210.jpg?resize=720%2C960&#038;ssl=1\" data-id=\"4173\" class=\"wp-image-4173\" srcset=\"https:\/\/i0.wp.com\/ecolefermedesbois.ch\/wp-content\/uploads\/2020\/12\/wp-1607001423210.jpg?w=1536&amp;ssl=1 1536w, https:\/\/i0.wp.com\/ecolefermedesbois.ch\/wp-content\/uploads\/2020\/12\/wp-1607001423210.jpg?resize=450%2C600&amp;ssl=1 450w, https:\/\/i0.wp.com\/ecolefermedesbois.ch\/wp-content\/uploads\/2020\/12\/wp-1607001423210.jpg?resize=225%2C300&amp;ssl=1 225w, https:\/\/i0.wp.com\/ecolefermedesbois.ch\/wp-content\/uploads\/2020\/12\/wp-1607001423210.jpg?resize=768%2C1024&amp;ssl=1 768w, https:\/\/i0.wp.com\/ecolefermedesbois.ch\/wp-content\/uploads\/2020\/12\/wp-1607001423210.jpg?resize=1152%2C1536&amp;ssl=1 1152w, https:\/\/i0.wp.com\/ecolefermedesbois.ch\/wp-content\/uploads\/2020\/12\/wp-1607001423210.jpg?w=1440&amp;ssl=1 1440w\" sizes=\"(max-width: 720px) 100vw, 720px\" \/><\/figure><\/li><li class=\"blocks-gallery-item\"><figure><img data-recalc-dims=\"1\" loading=\"lazy\" decoding=\"async\" width=\"720\" height=\"960\" src=\"https:\/\/i0.wp.com\/ecolefermedesbois.ch\/wp-content\/uploads\/2020\/12\/wp-1607001450383.jpg?resize=720%2C960&#038;ssl=1\" data-id=\"4174\" class=\"wp-image-4174\" srcset=\"https:\/\/i0.wp.com\/ecolefermedesbois.ch\/wp-content\/uploads\/2020\/12\/wp-1607001450383.jpg?w=1536&amp;ssl=1 1536w, https:\/\/i0.wp.com\/ecolefermedesbois.ch\/wp-content\/uploads\/2020\/12\/wp-1607001450383.jpg?resize=450%2C600&amp;ssl=1 450w, https:\/\/i0.wp.com\/ecolefermedesbois.ch\/wp-content\/uploads\/2020\/12\/wp-1607001450383.jpg?resize=225%2C300&amp;ssl=1 225w, https:\/\/i0.wp.com\/ecolefermedesbois.ch\/wp-content\/uploads\/2020\/12\/wp-1607001450383.jpg?resize=768%2C1024&amp;ssl=1 768w, https:\/\/i0.wp.com\/ecolefermedesbois.ch\/wp-content\/uploads\/2020\/12\/wp-1607001450383.jpg?resize=1152%2C1536&amp;ssl=1 1152w, https:\/\/i0.wp.com\/ecolefermedesbois.ch\/wp-content\/uploads\/2020\/12\/wp-1607001450383.jpg?w=1440&amp;ssl=1 1440w\" sizes=\"(max-width: 720px) 100vw, 720px\" \/><\/figure><\/li><li class=\"blocks-gallery-item\"><figure><img data-recalc-dims=\"1\" loading=\"lazy\" decoding=\"async\" width=\"720\" height=\"960\" src=\"https:\/\/i0.wp.com\/ecolefermedesbois.ch\/wp-content\/uploads\/2020\/12\/wp-1607001544300.jpg?resize=720%2C960&#038;ssl=1\" data-id=\"4176\" class=\"wp-image-4176\" srcset=\"https:\/\/i0.wp.com\/ecolefermedesbois.ch\/wp-content\/uploads\/2020\/12\/wp-1607001544300.jpg?w=1536&amp;ssl=1 1536w, https:\/\/i0.wp.com\/ecolefermedesbois.ch\/wp-content\/uploads\/2020\/12\/wp-1607001544300.jpg?resize=450%2C600&amp;ssl=1 450w, https:\/\/i0.wp.com\/ecolefermedesbois.ch\/wp-content\/uploads\/2020\/12\/wp-1607001544300.jpg?resize=225%2C300&amp;ssl=1 225w, https:\/\/i0.wp.com\/ecolefermedesbois.ch\/wp-content\/uploads\/2020\/12\/wp-1607001544300.jpg?resize=768%2C1024&amp;ssl=1 768w, https:\/\/i0.wp.com\/ecolefermedesbois.ch\/wp-content\/uploads\/2020\/12\/wp-1607001544300.jpg?resize=1152%2C1536&amp;ssl=1 1152w, https:\/\/i0.wp.com\/ecolefermedesbois.ch\/wp-content\/uploads\/2020\/12\/wp-1607001544300.jpg?w=1440&amp;ssl=1 1440w\" sizes=\"(max-width: 720px) 100vw, 720px\" \/><\/figure><\/li><li class=\"blocks-gallery-item\"><figure><img data-recalc-dims=\"1\" loading=\"lazy\" decoding=\"async\" width=\"720\" height=\"960\" src=\"https:\/\/i0.wp.com\/ecolefermedesbois.ch\/wp-content\/uploads\/2020\/12\/wp-1607001574887.jpg?resize=720%2C960&#038;ssl=1\" data-id=\"4177\" class=\"wp-image-4177\" srcset=\"https:\/\/i0.wp.com\/ecolefermedesbois.ch\/wp-content\/uploads\/2020\/12\/wp-1607001574887.jpg?w=1536&amp;ssl=1 1536w, https:\/\/i0.wp.com\/ecolefermedesbois.ch\/wp-content\/uploads\/2020\/12\/wp-1607001574887.jpg?resize=450%2C600&amp;ssl=1 450w, https:\/\/i0.wp.com\/ecolefermedesbois.ch\/wp-content\/uploads\/2020\/12\/wp-1607001574887.jpg?resize=225%2C300&amp;ssl=1 225w, https:\/\/i0.wp.com\/ecolefermedesbois.ch\/wp-content\/uploads\/2020\/12\/wp-1607001574887.jpg?resize=768%2C1024&amp;ssl=1 768w, https:\/\/i0.wp.com\/ecolefermedesbois.ch\/wp-content\/uploads\/2020\/12\/wp-1607001574887.jpg?resize=1152%2C1536&amp;ssl=1 1152w, https:\/\/i0.wp.com\/ecolefermedesbois.ch\/wp-content\/uploads\/2020\/12\/wp-1607001574887.jpg?w=1440&amp;ssl=1 1440w\" sizes=\"(max-width: 720px) 100vw, 720px\" \/><\/figure><\/li><\/ul><\/figure>\n\n\n\n<p>Apr\u00e8s tout ces efforts nous voil\u00e0 sur le d\u00e9part pour la ferme des Bois &#x1f973;<\/p>\n\n\n\n<figure class=\"wp-block-gallery columns-1 is-cropped wp-block-gallery-6 is-layout-flex wp-block-gallery-is-layout-flex\"><ul class=\"blocks-gallery-grid\"><li class=\"blocks-gallery-item\"><figure><img data-recalc-dims=\"1\" loading=\"lazy\" decoding=\"async\" width=\"720\" height=\"540\" src=\"https:\/\/i0.wp.com\/ecolefermedesbois.ch\/wp-content\/uploads\/2020\/12\/wp-1606997844852-scaled.jpg?resize=720%2C540&#038;ssl=1\" data-id=\"4167\" class=\"wp-image-4167\" srcset=\"https:\/\/i0.wp.com\/ecolefermedesbois.ch\/wp-content\/uploads\/2020\/12\/wp-1606997844852-scaled.jpg?w=2560&amp;ssl=1 2560w, https:\/\/i0.wp.com\/ecolefermedesbois.ch\/wp-content\/uploads\/2020\/12\/wp-1606997844852-scaled.jpg?resize=600%2C450&amp;ssl=1 600w, https:\/\/i0.wp.com\/ecolefermedesbois.ch\/wp-content\/uploads\/2020\/12\/wp-1606997844852-scaled.jpg?resize=300%2C225&amp;ssl=1 300w, https:\/\/i0.wp.com\/ecolefermedesbois.ch\/wp-content\/uploads\/2020\/12\/wp-1606997844852-scaled.jpg?resize=768%2C576&amp;ssl=1 768w, https:\/\/i0.wp.com\/ecolefermedesbois.ch\/wp-content\/uploads\/2020\/12\/wp-1606997844852-scaled.jpg?resize=1536%2C1152&amp;ssl=1 1536w, https:\/\/i0.wp.com\/ecolefermedesbois.ch\/wp-content\/uploads\/2020\/12\/wp-1606997844852-scaled.jpg?resize=2048%2C1536&amp;ssl=1 2048w, https:\/\/i0.wp.com\/ecolefermedesbois.ch\/wp-content\/uploads\/2020\/12\/wp-1606997844852-scaled.jpg?w=1440&amp;ssl=1 1440w, https:\/\/i0.wp.com\/ecolefermedesbois.ch\/wp-content\/uploads\/2020\/12\/wp-1606997844852-scaled.jpg?w=2160&amp;ssl=1 2160w\" sizes=\"(max-width: 720px) 100vw, 720px\" \/><\/figure><\/li><\/ul><\/figure>\n\n\n\n<p>Une fois \u00e0 la maison, nous avons fabriqu\u00e9 du beurre rien que par la force des biscoteaux de nos jeunes \u00e9l\u00e8ves. Puis l&rsquo;avons d\u00e9gust\u00e9 avec plaisir &#x1f60a;<\/p>\n\n\n\n<figure class=\"wp-block-gallery columns-2 is-cropped wp-block-gallery-7 is-layout-flex wp-block-gallery-is-layout-flex\"><ul class=\"blocks-gallery-grid\"><li class=\"blocks-gallery-item\"><figure><img data-recalc-dims=\"1\" loading=\"lazy\" decoding=\"async\" width=\"720\" height=\"960\" src=\"https:\/\/i0.wp.com\/ecolefermedesbois.ch\/wp-content\/uploads\/2020\/12\/wp-1606997870905-scaled.jpg?resize=720%2C960&#038;ssl=1\" data-id=\"4168\" class=\"wp-image-4168\" srcset=\"https:\/\/i0.wp.com\/ecolefermedesbois.ch\/wp-content\/uploads\/2020\/12\/wp-1606997870905-scaled.jpg?w=1920&amp;ssl=1 1920w, https:\/\/i0.wp.com\/ecolefermedesbois.ch\/wp-content\/uploads\/2020\/12\/wp-1606997870905-scaled.jpg?resize=450%2C600&amp;ssl=1 450w, https:\/\/i0.wp.com\/ecolefermedesbois.ch\/wp-content\/uploads\/2020\/12\/wp-1606997870905-scaled.jpg?resize=225%2C300&amp;ssl=1 225w, https:\/\/i0.wp.com\/ecolefermedesbois.ch\/wp-content\/uploads\/2020\/12\/wp-1606997870905-scaled.jpg?resize=768%2C1024&amp;ssl=1 768w, https:\/\/i0.wp.com\/ecolefermedesbois.ch\/wp-content\/uploads\/2020\/12\/wp-1606997870905-scaled.jpg?resize=1152%2C1536&amp;ssl=1 1152w, https:\/\/i0.wp.com\/ecolefermedesbois.ch\/wp-content\/uploads\/2020\/12\/wp-1606997870905-scaled.jpg?resize=1536%2C2048&amp;ssl=1 1536w, https:\/\/i0.wp.com\/ecolefermedesbois.ch\/wp-content\/uploads\/2020\/12\/wp-1606997870905-scaled.jpg?w=1440&amp;ssl=1 1440w\" sizes=\"(max-width: 720px) 100vw, 720px\" \/><\/figure><\/li><li class=\"blocks-gallery-item\"><figure><img data-recalc-dims=\"1\" loading=\"lazy\" decoding=\"async\" width=\"720\" height=\"540\" src=\"https:\/\/i0.wp.com\/ecolefermedesbois.ch\/wp-content\/uploads\/2020\/12\/wp-1606997889778-scaled.jpg?resize=720%2C540&#038;ssl=1\" data-id=\"4169\" class=\"wp-image-4169\" srcset=\"https:\/\/i0.wp.com\/ecolefermedesbois.ch\/wp-content\/uploads\/2020\/12\/wp-1606997889778-scaled.jpg?w=2560&amp;ssl=1 2560w, https:\/\/i0.wp.com\/ecolefermedesbois.ch\/wp-content\/uploads\/2020\/12\/wp-1606997889778-scaled.jpg?resize=600%2C450&amp;ssl=1 600w, https:\/\/i0.wp.com\/ecolefermedesbois.ch\/wp-content\/uploads\/2020\/12\/wp-1606997889778-scaled.jpg?resize=300%2C225&amp;ssl=1 300w, https:\/\/i0.wp.com\/ecolefermedesbois.ch\/wp-content\/uploads\/2020\/12\/wp-1606997889778-scaled.jpg?resize=768%2C576&amp;ssl=1 768w, https:\/\/i0.wp.com\/ecolefermedesbois.ch\/wp-content\/uploads\/2020\/12\/wp-1606997889778-scaled.jpg?resize=1536%2C1152&amp;ssl=1 1536w, https:\/\/i0.wp.com\/ecolefermedesbois.ch\/wp-content\/uploads\/2020\/12\/wp-1606997889778-scaled.jpg?resize=2048%2C1536&amp;ssl=1 2048w, https:\/\/i0.wp.com\/ecolefermedesbois.ch\/wp-content\/uploads\/2020\/12\/wp-1606997889778-scaled.jpg?w=1440&amp;ssl=1 1440w, https:\/\/i0.wp.com\/ecolefermedesbois.ch\/wp-content\/uploads\/2020\/12\/wp-1606997889778-scaled.jpg?w=2160&amp;ssl=1 2160w\" sizes=\"(max-width: 720px) 100vw, 720px\" \/><\/figure><\/li><\/ul><\/figure>\n\n\n\n<p>Pour clore cette belle matin\u00e9e, nous avons pass\u00e9 un moment en la compagnie des g\u00e9nisses puis nous avons continu\u00e9 notre chemin pour d\u00e9couvrir les &#x1f410;.  Qui se sont empress\u00e9es de fuguer pour le plus grand bonheur des enfants. Nous avons juste eu le temps de les rattraper et les mettre dans leur box lorsque le  &#x1f68d; arriva. Ouf juste \u00e0 temps!! Merci les enfants pour votre aide! &#x1f44d;&#x1f3fb;<\/p>\n\n\n\n<figure class=\"wp-block-gallery columns-2 is-cropped wp-block-gallery-8 is-layout-flex wp-block-gallery-is-layout-flex\"><ul class=\"blocks-gallery-grid\"><li class=\"blocks-gallery-item\"><figure><img data-recalc-dims=\"1\" loading=\"lazy\" decoding=\"async\" width=\"720\" height=\"540\" src=\"https:\/\/i0.wp.com\/ecolefermedesbois.ch\/wp-content\/uploads\/2020\/12\/wp-1606997938454-scaled.jpg?resize=720%2C540&#038;ssl=1\" data-id=\"4170\" class=\"wp-image-4170\" srcset=\"https:\/\/i0.wp.com\/ecolefermedesbois.ch\/wp-content\/uploads\/2020\/12\/wp-1606997938454-scaled.jpg?w=2560&amp;ssl=1 2560w, https:\/\/i0.wp.com\/ecolefermedesbois.ch\/wp-content\/uploads\/2020\/12\/wp-1606997938454-scaled.jpg?resize=600%2C450&amp;ssl=1 600w, https:\/\/i0.wp.com\/ecolefermedesbois.ch\/wp-content\/uploads\/2020\/12\/wp-1606997938454-scaled.jpg?resize=300%2C225&amp;ssl=1 300w, https:\/\/i0.wp.com\/ecolefermedesbois.ch\/wp-content\/uploads\/2020\/12\/wp-1606997938454-scaled.jpg?resize=768%2C576&amp;ssl=1 768w, https:\/\/i0.wp.com\/ecolefermedesbois.ch\/wp-content\/uploads\/2020\/12\/wp-1606997938454-scaled.jpg?resize=1536%2C1152&amp;ssl=1 1536w, https:\/\/i0.wp.com\/ecolefermedesbois.ch\/wp-content\/uploads\/2020\/12\/wp-1606997938454-scaled.jpg?resize=2048%2C1536&amp;ssl=1 2048w, https:\/\/i0.wp.com\/ecolefermedesbois.ch\/wp-content\/uploads\/2020\/12\/wp-1606997938454-scaled.jpg?w=1440&amp;ssl=1 1440w, https:\/\/i0.wp.com\/ecolefermedesbois.ch\/wp-content\/uploads\/2020\/12\/wp-1606997938454-scaled.jpg?w=2160&amp;ssl=1 2160w\" sizes=\"(max-width: 720px) 100vw, 720px\" \/><\/figure><\/li><li class=\"blocks-gallery-item\"><figure><img data-recalc-dims=\"1\" loading=\"lazy\" decoding=\"async\" width=\"720\" height=\"960\" src=\"https:\/\/i0.wp.com\/ecolefermedesbois.ch\/wp-content\/uploads\/2020\/12\/wp-1607001364088-scaled.jpg?resize=720%2C960&#038;ssl=1\" data-id=\"4171\" class=\"wp-image-4171\" srcset=\"https:\/\/i0.wp.com\/ecolefermedesbois.ch\/wp-content\/uploads\/2020\/12\/wp-1607001364088-scaled.jpg?w=1920&amp;ssl=1 1920w, https:\/\/i0.wp.com\/ecolefermedesbois.ch\/wp-content\/uploads\/2020\/12\/wp-1607001364088-scaled.jpg?resize=450%2C600&amp;ssl=1 450w, https:\/\/i0.wp.com\/ecolefermedesbois.ch\/wp-content\/uploads\/2020\/12\/wp-1607001364088-scaled.jpg?resize=225%2C300&amp;ssl=1 225w, https:\/\/i0.wp.com\/ecolefermedesbois.ch\/wp-content\/uploads\/2020\/12\/wp-1607001364088-scaled.jpg?resize=768%2C1024&amp;ssl=1 768w, https:\/\/i0.wp.com\/ecolefermedesbois.ch\/wp-content\/uploads\/2020\/12\/wp-1607001364088-scaled.jpg?resize=1152%2C1536&amp;ssl=1 1152w, https:\/\/i0.wp.com\/ecolefermedesbois.ch\/wp-content\/uploads\/2020\/12\/wp-1607001364088-scaled.jpg?resize=1536%2C2048&amp;ssl=1 1536w, https:\/\/i0.wp.com\/ecolefermedesbois.ch\/wp-content\/uploads\/2020\/12\/wp-1607001364088-scaled.jpg?w=1440&amp;ssl=1 1440w\" sizes=\"(max-width: 720px) 100vw, 720px\" \/><\/figure><\/li><\/ul><figcaption class=\"blocks-gallery-caption\">Malheureusement je n&rsquo;ai pas eu le &#x231b; de faire une photos avec les &#x1f410;, elles sont parties trop vite&#x1f601;<\/figcaption><\/figure>\n\n\n\n<p>Voil\u00e0 une belle matin\u00e9e qui s&rsquo;ach\u00e8ve! Que de joie et de beaux moments pass\u00e9s en votre compagnie! Je me r\u00e9jouis de vous accueillir en mars sous le th\u00e8me de la basse-cour &#x1f917; \u00c0 bient\u00f4t &#x1f49d;<\/p>\n","protected":false},"excerpt":{"rendered":"<p>Ce matin les \u00e9l\u00e8ves de 4P de Pal\u00e9zieux sont venus d\u00e9couvrir ce qui se passe dans une \u00e9table &#x1f42e; En&#46;&#46;&#46;<\/p>\n","protected":false},"author":2,"featured_media":4171,"comment_status":"open","ping_status":"open","sticky":false,"template":"","format":"image","meta":{"jetpack_post_was_ever_published":false,"footnotes":"","jetpack_publicize_message":"","jetpack_publicize_feature_enabled":true,"jetpack_social_post_already_shared":true,"jetpack_social_options":{"image_generator_settings":{"template":"highway","default_image_id":0,"font":"","enabled":false},"version":2}},"categories":[33],"tags":[],"class_list":["post-4180","post","type-post","status-publish","format-image","has-post-thumbnail","hentry","category-ecole","post_format-post-format-image"],"yoast_head":"<!-- This site is optimized with the Yoast SEO plugin v27.4 - https:\/\/yoast.com\/product\/yoast-seo-wordpress\/ -->\n<title>La classe de Sandrine Cherpillod \u00e0 l&#039;\u00e9table -<\/title>\n<meta name=\"robots\" content=\"index, follow, max-snippet:-1, max-image-preview:large, max-video-preview:-1\" \/>\n<link rel=\"canonical\" href=\"https:\/\/ecolefermedesbois.ch\/?p=4180\" \/>\n<meta property=\"og:locale\" content=\"fr_FR\" \/>\n<meta property=\"og:type\" content=\"article\" \/>\n<meta property=\"og:title\" content=\"La classe de Sandrine Cherpillod \u00e0 l&#039;\u00e9table -\" \/>\n<meta property=\"og:description\" content=\"Ce matin les \u00e9l\u00e8ves de 4P de Pal\u00e9zieux sont venus d\u00e9couvrir ce qui se passe dans une \u00e9table &#x1f42e; En&#046;&#046;&#046;\" \/>\n<meta property=\"og:url\" content=\"https:\/\/ecolefermedesbois.ch\/?p=4180\" \/>\n<meta property=\"article:publisher\" content=\"https:\/\/www.facebook.com\/ecolefermedesBois\" \/>\n<meta property=\"article:published_time\" content=\"2020-12-03T19:43:29+00:00\" \/>\n<meta property=\"article:modified_time\" content=\"2020-12-18T08:47:23+00:00\" \/>\n<meta property=\"og:image\" content=\"https:\/\/i0.wp.com\/ecolefermedesbois.ch\/wp-content\/uploads\/2020\/12\/wp-1607001364088-scaled.jpg?fit=1920%2C2560&ssl=1\" \/>\n\t<meta property=\"og:image:width\" content=\"1920\" \/>\n\t<meta property=\"og:image:height\" content=\"2560\" \/>\n\t<meta property=\"og:image:type\" content=\"image\/jpeg\" \/>\n<meta name=\"author\" content=\"Sophie\" \/>\n<meta name=\"twitter:card\" content=\"summary_large_image\" \/>\n<meta name=\"twitter:label1\" content=\"\u00c9crit par\" \/>\n\t<meta name=\"twitter:data1\" content=\"Sophie\" \/>\n\t<meta name=\"twitter:label2\" content=\"Dur\u00e9e de lecture estim\u00e9e\" \/>\n\t<meta name=\"twitter:data2\" content=\"2 minutes\" \/>\n<script type=\"application\/ld+json\" class=\"yoast-schema-graph\">{\"@context\":\"https:\\\/\\\/schema.org\",\"@graph\":[{\"@type\":\"Article\",\"@id\":\"https:\\\/\\\/ecolefermedesbois.ch\\\/?p=4180#article\",\"isPartOf\":{\"@id\":\"https:\\\/\\\/ecolefermedesbois.ch\\\/?p=4180\"},\"author\":{\"name\":\"Sophie\",\"@id\":\"https:\\\/\\\/ecolefermedesbois.ch\\\/#\\\/schema\\\/person\\\/78f5a1c78e958e51240f90932d290908\"},\"headline\":\"La classe de Sandrine Cherpillod \u00e0 l&rsquo;\u00e9table\",\"datePublished\":\"2020-12-03T19:43:29+00:00\",\"dateModified\":\"2020-12-18T08:47:23+00:00\",\"mainEntityOfPage\":{\"@id\":\"https:\\\/\\\/ecolefermedesbois.ch\\\/?p=4180\"},\"wordCount\":407,\"commentCount\":0,\"publisher\":{\"@id\":\"https:\\\/\\\/ecolefermedesbois.ch\\\/#organization\"},\"image\":{\"@id\":\"https:\\\/\\\/ecolefermedesbois.ch\\\/?p=4180#primaryimage\"},\"thumbnailUrl\":\"https:\\\/\\\/i0.wp.com\\\/ecolefermedesbois.ch\\\/wp-content\\\/uploads\\\/2020\\\/12\\\/wp-1607001364088-scaled.jpg?fit=1920%2C2560&ssl=1\",\"articleSection\":[\"Ecole\"],\"inLanguage\":\"fr-FR\",\"potentialAction\":[{\"@type\":\"CommentAction\",\"name\":\"Comment\",\"target\":[\"https:\\\/\\\/ecolefermedesbois.ch\\\/?p=4180#respond\"]}]},{\"@type\":\"WebPage\",\"@id\":\"https:\\\/\\\/ecolefermedesbois.ch\\\/?p=4180\",\"url\":\"https:\\\/\\\/ecolefermedesbois.ch\\\/?p=4180\",\"name\":\"La classe de Sandrine Cherpillod \u00e0 l'\u00e9table -\",\"isPartOf\":{\"@id\":\"https:\\\/\\\/ecolefermedesbois.ch\\\/#website\"},\"primaryImageOfPage\":{\"@id\":\"https:\\\/\\\/ecolefermedesbois.ch\\\/?p=4180#primaryimage\"},\"image\":{\"@id\":\"https:\\\/\\\/ecolefermedesbois.ch\\\/?p=4180#primaryimage\"},\"thumbnailUrl\":\"https:\\\/\\\/i0.wp.com\\\/ecolefermedesbois.ch\\\/wp-content\\\/uploads\\\/2020\\\/12\\\/wp-1607001364088-scaled.jpg?fit=1920%2C2560&ssl=1\",\"datePublished\":\"2020-12-03T19:43:29+00:00\",\"dateModified\":\"2020-12-18T08:47:23+00:00\",\"breadcrumb\":{\"@id\":\"https:\\\/\\\/ecolefermedesbois.ch\\\/?p=4180#breadcrumb\"},\"inLanguage\":\"fr-FR\",\"potentialAction\":[{\"@type\":\"ReadAction\",\"target\":[\"https:\\\/\\\/ecolefermedesbois.ch\\\/?p=4180\"]}]},{\"@type\":\"ImageObject\",\"inLanguage\":\"fr-FR\",\"@id\":\"https:\\\/\\\/ecolefermedesbois.ch\\\/?p=4180#primaryimage\",\"url\":\"https:\\\/\\\/i0.wp.com\\\/ecolefermedesbois.ch\\\/wp-content\\\/uploads\\\/2020\\\/12\\\/wp-1607001364088-scaled.jpg?fit=1920%2C2560&ssl=1\",\"contentUrl\":\"https:\\\/\\\/i0.wp.com\\\/ecolefermedesbois.ch\\\/wp-content\\\/uploads\\\/2020\\\/12\\\/wp-1607001364088-scaled.jpg?fit=1920%2C2560&ssl=1\",\"width\":1920,\"height\":2560},{\"@type\":\"BreadcrumbList\",\"@id\":\"https:\\\/\\\/ecolefermedesbois.ch\\\/?p=4180#breadcrumb\",\"itemListElement\":[{\"@type\":\"ListItem\",\"position\":1,\"name\":\"Accueil\",\"item\":\"https:\\\/\\\/ecolefermedesbois.ch\\\/\"},{\"@type\":\"ListItem\",\"position\":2,\"name\":\"La classe de Sandrine Cherpillod \u00e0 l&rsquo;\u00e9table\"}]},{\"@type\":\"WebSite\",\"@id\":\"https:\\\/\\\/ecolefermedesbois.ch\\\/#website\",\"url\":\"https:\\\/\\\/ecolefermedesbois.ch\\\/\",\"name\":\"ecolefermedesbois\",\"description\":\"\",\"publisher\":{\"@id\":\"https:\\\/\\\/ecolefermedesbois.ch\\\/#organization\"},\"potentialAction\":[{\"@type\":\"SearchAction\",\"target\":{\"@type\":\"EntryPoint\",\"urlTemplate\":\"https:\\\/\\\/ecolefermedesbois.ch\\\/?s={search_term_string}\"},\"query-input\":{\"@type\":\"PropertyValueSpecification\",\"valueRequired\":true,\"valueName\":\"search_term_string\"}}],\"inLanguage\":\"fr-FR\"},{\"@type\":\"Organization\",\"@id\":\"https:\\\/\\\/ecolefermedesbois.ch\\\/#organization\",\"name\":\"Ecole \u00e0 la Ferme des Bois\",\"url\":\"https:\\\/\\\/ecolefermedesbois.ch\\\/\",\"logo\":{\"@type\":\"ImageObject\",\"inLanguage\":\"fr-FR\",\"@id\":\"https:\\\/\\\/ecolefermedesbois.ch\\\/#\\\/schema\\\/logo\\\/image\\\/\",\"url\":\"https:\\\/\\\/ecolefermedesbois.ch\\\/wp-content\\\/uploads\\\/2019\\\/04\\\/logo-scaled.gif\",\"contentUrl\":\"https:\\\/\\\/ecolefermedesbois.ch\\\/wp-content\\\/uploads\\\/2019\\\/04\\\/logo-scaled.gif\",\"width\":2560,\"height\":608,\"caption\":\"Ecole \u00e0 la Ferme des Bois\"},\"image\":{\"@id\":\"https:\\\/\\\/ecolefermedesbois.ch\\\/#\\\/schema\\\/logo\\\/image\\\/\"},\"sameAs\":[\"https:\\\/\\\/www.facebook.com\\\/ecolefermedesBois\"]},{\"@type\":\"Person\",\"@id\":\"https:\\\/\\\/ecolefermedesbois.ch\\\/#\\\/schema\\\/person\\\/78f5a1c78e958e51240f90932d290908\",\"name\":\"Sophie\",\"image\":{\"@type\":\"ImageObject\",\"inLanguage\":\"fr-FR\",\"@id\":\"https:\\\/\\\/secure.gravatar.com\\\/avatar\\\/053fbaec50cb27b03b880a4b8b018009aa3af995f32011efc3f40a589371d46f?s=96&d=mm&r=g\",\"url\":\"https:\\\/\\\/secure.gravatar.com\\\/avatar\\\/053fbaec50cb27b03b880a4b8b018009aa3af995f32011efc3f40a589371d46f?s=96&d=mm&r=g\",\"contentUrl\":\"https:\\\/\\\/secure.gravatar.com\\\/avatar\\\/053fbaec50cb27b03b880a4b8b018009aa3af995f32011efc3f40a589371d46f?s=96&d=mm&r=g\",\"caption\":\"Sophie\"},\"url\":\"https:\\\/\\\/ecolefermedesbois.ch\\\/?author=2\"}]}<\/script>\n<!-- \/ Yoast SEO plugin. -->","yoast_head_json":{"title":"La classe de Sandrine Cherpillod \u00e0 l'\u00e9table -","robots":{"index":"index","follow":"follow","max-snippet":"max-snippet:-1","max-image-preview":"max-image-preview:large","max-video-preview":"max-video-preview:-1"},"canonical":"https:\/\/ecolefermedesbois.ch\/?p=4180","og_locale":"fr_FR","og_type":"article","og_title":"La classe de Sandrine Cherpillod \u00e0 l'\u00e9table -","og_description":"Ce matin les \u00e9l\u00e8ves de 4P de Pal\u00e9zieux sont venus d\u00e9couvrir ce qui se passe dans une \u00e9table &#x1f42e; En&#46;&#46;&#46;","og_url":"https:\/\/ecolefermedesbois.ch\/?p=4180","article_publisher":"https:\/\/www.facebook.com\/ecolefermedesBois","article_published_time":"2020-12-03T19:43:29+00:00","article_modified_time":"2020-12-18T08:47:23+00:00","og_image":[{"width":1920,"height":2560,"url":"https:\/\/i0.wp.com\/ecolefermedesbois.ch\/wp-content\/uploads\/2020\/12\/wp-1607001364088-scaled.jpg?fit=1920%2C2560&ssl=1","type":"image\/jpeg"}],"author":"Sophie","twitter_card":"summary_large_image","twitter_misc":{"\u00c9crit par":"Sophie","Dur\u00e9e de lecture estim\u00e9e":"2 minutes"},"schema":{"@context":"https:\/\/schema.org","@graph":[{"@type":"Article","@id":"https:\/\/ecolefermedesbois.ch\/?p=4180#article","isPartOf":{"@id":"https:\/\/ecolefermedesbois.ch\/?p=4180"},"author":{"name":"Sophie","@id":"https:\/\/ecolefermedesbois.ch\/#\/schema\/person\/78f5a1c78e958e51240f90932d290908"},"headline":"La classe de Sandrine Cherpillod \u00e0 l&rsquo;\u00e9table","datePublished":"2020-12-03T19:43:29+00:00","dateModified":"2020-12-18T08:47:23+00:00","mainEntityOfPage":{"@id":"https:\/\/ecolefermedesbois.ch\/?p=4180"},"wordCount":407,"commentCount":0,"publisher":{"@id":"https:\/\/ecolefermedesbois.ch\/#organization"},"image":{"@id":"https:\/\/ecolefermedesbois.ch\/?p=4180#primaryimage"},"thumbnailUrl":"https:\/\/i0.wp.com\/ecolefermedesbois.ch\/wp-content\/uploads\/2020\/12\/wp-1607001364088-scaled.jpg?fit=1920%2C2560&ssl=1","articleSection":["Ecole"],"inLanguage":"fr-FR","potentialAction":[{"@type":"CommentAction","name":"Comment","target":["https:\/\/ecolefermedesbois.ch\/?p=4180#respond"]}]},{"@type":"WebPage","@id":"https:\/\/ecolefermedesbois.ch\/?p=4180","url":"https:\/\/ecolefermedesbois.ch\/?p=4180","name":"La classe de Sandrine Cherpillod \u00e0 l'\u00e9table -","isPartOf":{"@id":"https:\/\/ecolefermedesbois.ch\/#website"},"primaryImageOfPage":{"@id":"https:\/\/ecolefermedesbois.ch\/?p=4180#primaryimage"},"image":{"@id":"https:\/\/ecolefermedesbois.ch\/?p=4180#primaryimage"},"thumbnailUrl":"https:\/\/i0.wp.com\/ecolefermedesbois.ch\/wp-content\/uploads\/2020\/12\/wp-1607001364088-scaled.jpg?fit=1920%2C2560&ssl=1","datePublished":"2020-12-03T19:43:29+00:00","dateModified":"2020-12-18T08:47:23+00:00","breadcrumb":{"@id":"https:\/\/ecolefermedesbois.ch\/?p=4180#breadcrumb"},"inLanguage":"fr-FR","potentialAction":[{"@type":"ReadAction","target":["https:\/\/ecolefermedesbois.ch\/?p=4180"]}]},{"@type":"ImageObject","inLanguage":"fr-FR","@id":"https:\/\/ecolefermedesbois.ch\/?p=4180#primaryimage","url":"https:\/\/i0.wp.com\/ecolefermedesbois.ch\/wp-content\/uploads\/2020\/12\/wp-1607001364088-scaled.jpg?fit=1920%2C2560&ssl=1","contentUrl":"https:\/\/i0.wp.com\/ecolefermedesbois.ch\/wp-content\/uploads\/2020\/12\/wp-1607001364088-scaled.jpg?fit=1920%2C2560&ssl=1","width":1920,"height":2560},{"@type":"BreadcrumbList","@id":"https:\/\/ecolefermedesbois.ch\/?p=4180#breadcrumb","itemListElement":[{"@type":"ListItem","position":1,"name":"Accueil","item":"https:\/\/ecolefermedesbois.ch\/"},{"@type":"ListItem","position":2,"name":"La classe de Sandrine Cherpillod \u00e0 l&rsquo;\u00e9table"}]},{"@type":"WebSite","@id":"https:\/\/ecolefermedesbois.ch\/#website","url":"https:\/\/ecolefermedesbois.ch\/","name":"ecolefermedesbois","description":"","publisher":{"@id":"https:\/\/ecolefermedesbois.ch\/#organization"},"potentialAction":[{"@type":"SearchAction","target":{"@type":"EntryPoint","urlTemplate":"https:\/\/ecolefermedesbois.ch\/?s={search_term_string}"},"query-input":{"@type":"PropertyValueSpecification","valueRequired":true,"valueName":"search_term_string"}}],"inLanguage":"fr-FR"},{"@type":"Organization","@id":"https:\/\/ecolefermedesbois.ch\/#organization","name":"Ecole \u00e0 la Ferme des Bois","url":"https:\/\/ecolefermedesbois.ch\/","logo":{"@type":"ImageObject","inLanguage":"fr-FR","@id":"https:\/\/ecolefermedesbois.ch\/#\/schema\/logo\/image\/","url":"https:\/\/ecolefermedesbois.ch\/wp-content\/uploads\/2019\/04\/logo-scaled.gif","contentUrl":"https:\/\/ecolefermedesbois.ch\/wp-content\/uploads\/2019\/04\/logo-scaled.gif","width":2560,"height":608,"caption":"Ecole \u00e0 la Ferme des Bois"},"image":{"@id":"https:\/\/ecolefermedesbois.ch\/#\/schema\/logo\/image\/"},"sameAs":["https:\/\/www.facebook.com\/ecolefermedesBois"]},{"@type":"Person","@id":"https:\/\/ecolefermedesbois.ch\/#\/schema\/person\/78f5a1c78e958e51240f90932d290908","name":"Sophie","image":{"@type":"ImageObject","inLanguage":"fr-FR","@id":"https:\/\/secure.gravatar.com\/avatar\/053fbaec50cb27b03b880a4b8b018009aa3af995f32011efc3f40a589371d46f?s=96&d=mm&r=g","url":"https:\/\/secure.gravatar.com\/avatar\/053fbaec50cb27b03b880a4b8b018009aa3af995f32011efc3f40a589371d46f?s=96&d=mm&r=g","contentUrl":"https:\/\/secure.gravatar.com\/avatar\/053fbaec50cb27b03b880a4b8b018009aa3af995f32011efc3f40a589371d46f?s=96&d=mm&r=g","caption":"Sophie"},"url":"https:\/\/ecolefermedesbois.ch\/?author=2"}]}},"jetpack_publicize_connections":[],"jetpack_featured_media_url":"https:\/\/i0.wp.com\/ecolefermedesbois.ch\/wp-content\/uploads\/2020\/12\/wp-1607001364088-scaled.jpg?fit=1920%2C2560&ssl=1","jetpack_sharing_enabled":true,"_links":{"self":[{"href":"https:\/\/ecolefermedesbois.ch\/index.php?rest_route=\/wp\/v2\/posts\/4180","targetHints":{"allow":["GET"]}}],"collection":[{"href":"https:\/\/ecolefermedesbois.ch\/index.php?rest_route=\/wp\/v2\/posts"}],"about":[{"href":"https:\/\/ecolefermedesbois.ch\/index.php?rest_route=\/wp\/v2\/types\/post"}],"author":[{"embeddable":true,"href":"https:\/\/ecolefermedesbois.ch\/index.php?rest_route=\/wp\/v2\/users\/2"}],"replies":[{"embeddable":true,"href":"https:\/\/ecolefermedesbois.ch\/index.php?rest_route=%2Fwp%2Fv2%2Fcomments&post=4180"}],"version-history":[{"count":4,"href":"https:\/\/ecolefermedesbois.ch\/index.php?rest_route=\/wp\/v2\/posts\/4180\/revisions"}],"predecessor-version":[{"id":4228,"href":"https:\/\/ecolefermedesbois.ch\/index.php?rest_route=\/wp\/v2\/posts\/4180\/revisions\/4228"}],"wp:featuredmedia":[{"embeddable":true,"href":"https:\/\/ecolefermedesbois.ch\/index.php?rest_route=\/wp\/v2\/media\/4171"}],"wp:attachment":[{"href":"https:\/\/ecolefermedesbois.ch\/index.php?rest_route=%2Fwp%2Fv2%2Fmedia&parent=4180"}],"wp:term":[{"taxonomy":"category","embeddable":true,"href":"https:\/\/ecolefermedesbois.ch\/index.php?rest_route=%2Fwp%2Fv2%2Fcategories&post=4180"},{"taxonomy":"post_tag","embeddable":true,"href":"https:\/\/ecolefermedesbois.ch\/index.php?rest_route=%2Fwp%2Fv2%2Ftags&post=4180"}],"curies":[{"name":"wp","href":"https:\/\/api.w.org\/{rel}","templated":true}]}}