{"id":2339,"date":"2019-08-09T18:27:29","date_gmt":"2019-08-09T16:27:29","guid":{"rendered":"https:\/\/ecolefermedesbois.ch\/?p=2339"},"modified":"2019-08-21T19:44:20","modified_gmt":"2019-08-21T17:44:20","slug":"maison-de-quartier-de-saint-jean","status":"publish","type":"post","link":"https:\/\/ecolefermedesbois.ch\/?p=2339","title":{"rendered":"Maison de quartier de Saint-Jean"},"content":{"rendered":"<div class=\"pdfprnt-buttons pdfprnt-buttons-post pdfprnt-top-right\"><a href=\"https:\/\/ecolefermedesbois.ch\/index.php?rest_route=%2Fwp%2Fv2%2Fposts%2F2339&print=pdf\" class=\"pdfprnt-button pdfprnt-button-pdf\" target=\"_blank\" ><img data-recalc-dims=\"1\" decoding=\"async\" src=\"https:\/\/i0.wp.com\/ecolefermedesbois.ch\/wp-content\/plugins\/pdf-print\/images\/pdf.png?w=720&#038;ssl=1\" alt=\"image_pdf\" title=\"Afficher le PDF\" \/><\/a><a href=\"https:\/\/ecolefermedesbois.ch\/index.php?rest_route=%2Fwp%2Fv2%2Fposts%2F2339&print=print\" class=\"pdfprnt-button pdfprnt-button-print\" target=\"_blank\" ><img data-recalc-dims=\"1\" decoding=\"async\" src=\"https:\/\/i0.wp.com\/ecolefermedesbois.ch\/wp-content\/plugins\/pdf-print\/images\/print.png?w=720&#038;ssl=1\" alt=\"image_print\" title=\"Contenu imprim\u00e9\" \/><\/a><\/div><p>De jeunes Genevois sont venus vivre une journ\u00e9e d&rsquo;\u00e9cole \u00e0 la ferme! &#x1f929;<\/p>\n<p>Un moment de joie, de partage et de d\u00e9couvertes autant pour eux que pour nous! &#x1f496;<\/p>\n<p>Confection du repas avec les produits de la ferme ainsi que les l\u00e9gumes du Closy de puidoux! &#x1f373;&#x1f368;<\/p>\n<p>Quelques c\u00e2lins donn\u00e9 aux lapins et ch\u00e8vres&#x1f407;&#x1f410; et des grains lanc\u00e9s aux poules.&#x1f413; Puis vir\u00e9e jusqu&rsquo;\u00e0 la ferme de Fochaux en chariotte pour d\u00e9couvrir les vaches, veaux et leurs habitats!&#x1f404;<\/p>\n<p>Une fois de plus, que du bonheur!!! &#x1f31e;<\/p>\n<p>Merci Julie de m&rsquo;avoir permis de vivre cette belle journ\u00e9e avec vous tous! &#x1f970;<\/p>\n\n\n<div class=\"wp-block-jetpack-tiled-gallery aligncenter is-style-rectangular\"><div class=\"tiled-gallery__gallery\"><div class=\"tiled-gallery__row\"><div class=\"tiled-gallery__col\"><figure class=\"tiled-gallery__item\"><img decoding=\"async\" alt=\"\" data-height=\"3000\" data-id=\"2345\" data-link=\"https:\/\/ecolefermedesbois.ch\/maison-de-quartier-de-saint-jean\/20190809_1756383299320260930332400\/\" data-url=\"https:\/\/ecolefermedesbois.ch\/wp-content\/uploads\/2019\/08\/20190809_1756383299320260930332400.jpg\" data-width=\"1688\" src=\"https:\/\/i2.wp.com\/ecolefermedesbois.ch\/wp-content\/uploads\/2019\/08\/20190809_1756383299320260930332400.jpg?ssl=1\"\/><\/figure><\/div><div class=\"tiled-gallery__col\"><figure class=\"tiled-gallery__item\"><img decoding=\"async\" alt=\"\" data-height=\"1688\" data-id=\"2344\" data-link=\"https:\/\/ecolefermedesbois.ch\/maison-de-quartier-de-saint-jean\/20190809_1755194260690697339101489\/\" data-url=\"https:\/\/ecolefermedesbois.ch\/wp-content\/uploads\/2019\/08\/20190809_1755194260690697339101489.jpg\" data-width=\"3000\" src=\"https:\/\/i0.wp.com\/ecolefermedesbois.ch\/wp-content\/uploads\/2019\/08\/20190809_1755194260690697339101489.jpg?ssl=1\"\/><\/figure><figure class=\"tiled-gallery__item\"><img decoding=\"async\" alt=\"\" data-height=\"1688\" data-id=\"2343\" data-link=\"https:\/\/ecolefermedesbois.ch\/maison-de-quartier-de-saint-jean\/20190809_1754321113261984701908276\/\" data-url=\"https:\/\/ecolefermedesbois.ch\/wp-content\/uploads\/2019\/08\/20190809_1754321113261984701908276.jpg\" data-width=\"3000\" src=\"https:\/\/i1.wp.com\/ecolefermedesbois.ch\/wp-content\/uploads\/2019\/08\/20190809_1754321113261984701908276.jpg?ssl=1\"\/><\/figure><figure class=\"tiled-gallery__item\"><img decoding=\"async\" alt=\"\" data-height=\"1688\" data-id=\"2342\" data-link=\"https:\/\/ecolefermedesbois.ch\/maison-de-quartier-de-saint-jean\/20190809_1756024476061581226370755\/\" data-url=\"https:\/\/ecolefermedesbois.ch\/wp-content\/uploads\/2019\/08\/20190809_1756024476061581226370755.jpg\" data-width=\"3000\" src=\"https:\/\/i2.wp.com\/ecolefermedesbois.ch\/wp-content\/uploads\/2019\/08\/20190809_1756024476061581226370755.jpg?ssl=1\"\/><\/figure><\/div><\/div><div class=\"tiled-gallery__row\"><div class=\"tiled-gallery__col\"><figure class=\"tiled-gallery__item\"><img decoding=\"async\" alt=\"\" data-height=\"1688\" data-id=\"2341\" data-link=\"https:\/\/ecolefermedesbois.ch\/maison-de-quartier-de-saint-jean\/20190808_1346374547346447604529037\/\" data-url=\"https:\/\/ecolefermedesbois.ch\/wp-content\/uploads\/2019\/08\/20190808_1346374547346447604529037.jpg\" data-width=\"3000\" src=\"https:\/\/i1.wp.com\/ecolefermedesbois.ch\/wp-content\/uploads\/2019\/08\/20190808_1346374547346447604529037.jpg?ssl=1\"\/><\/figure><\/div><div class=\"tiled-gallery__col\"><figure class=\"tiled-gallery__item\"><img decoding=\"async\" alt=\"\" data-height=\"1024\" data-id=\"2340\" data-link=\"https:\/\/ecolefermedesbois.ch\/maison-de-quartier-de-saint-jean\/20190809_1758373799104645718219359\/\" data-url=\"https:\/\/ecolefermedesbois.ch\/wp-content\/uploads\/2019\/08\/20190809_1758373799104645718219359.jpg\" data-width=\"768\" src=\"https:\/\/i0.wp.com\/ecolefermedesbois.ch\/wp-content\/uploads\/2019\/08\/20190809_1758373799104645718219359.jpg?ssl=1\"\/><\/figure><\/div><div class=\"tiled-gallery__col\"><figure class=\"tiled-gallery__item\"><img decoding=\"async\" alt=\"\" data-height=\"1688\" data-id=\"2338\" data-link=\"https:\/\/ecolefermedesbois.ch\/maison-de-quartier-de-saint-jean\/20190808_1551573545613946915834180-3\/\" data-url=\"https:\/\/ecolefermedesbois.ch\/wp-content\/uploads\/2019\/08\/20190808_1551573545613946915834180-2.jpg\" data-width=\"3000\" src=\"https:\/\/i2.wp.com\/ecolefermedesbois.ch\/wp-content\/uploads\/2019\/08\/20190808_1551573545613946915834180-2.jpg?ssl=1\"\/><\/figure><\/div><\/div><\/div><\/div>\n","protected":false},"excerpt":{"rendered":"<p>De jeunes Genevois sont venus vivre une journ\u00e9e d&rsquo;\u00e9cole \u00e0 la ferme! &#x1f929; Un moment de joie, de partage et&#46;&#46;&#46;<\/p>\n","protected":false},"author":2,"featured_media":2346,"comment_status":"open","ping_status":"open","sticky":false,"template":"","format":"image","meta":{"jetpack_post_was_ever_published":false,"footnotes":"","jetpack_publicize_message":"","jetpack_publicize_feature_enabled":true,"jetpack_social_post_already_shared":true,"jetpack_social_options":{"image_generator_settings":{"template":"highway","default_image_id":0,"font":"","enabled":false},"version":2}},"categories":[33],"tags":[],"class_list":["post-2339","post","type-post","status-publish","format-image","has-post-thumbnail","hentry","category-ecole","post_format-post-format-image"],"yoast_head":"<!-- This site is optimized with the Yoast SEO plugin v27.5 - https:\/\/yoast.com\/product\/yoast-seo-wordpress\/ -->\n<title>Maison de quartier de Saint-Jean -<\/title>\n<meta name=\"robots\" content=\"index, follow, max-snippet:-1, max-image-preview:large, max-video-preview:-1\" \/>\n<link rel=\"canonical\" href=\"https:\/\/ecolefermedesbois.ch\/?p=2339\" \/>\n<meta property=\"og:locale\" content=\"fr_FR\" \/>\n<meta property=\"og:type\" content=\"article\" \/>\n<meta property=\"og:title\" content=\"Maison de quartier de Saint-Jean -\" \/>\n<meta property=\"og:description\" content=\"De jeunes Genevois sont venus vivre une journ\u00e9e d&rsquo;\u00e9cole \u00e0 la ferme! &#x1f929; Un moment de joie, de partage et&#046;&#046;&#046;\" \/>\n<meta property=\"og:url\" content=\"https:\/\/ecolefermedesbois.ch\/?p=2339\" \/>\n<meta property=\"article:publisher\" content=\"https:\/\/www.facebook.com\/ecolefermedesBois\" \/>\n<meta property=\"article:published_time\" content=\"2019-08-09T16:27:29+00:00\" \/>\n<meta property=\"article:modified_time\" content=\"2019-08-21T17:44:20+00:00\" \/>\n<meta property=\"og:image\" content=\"https:\/\/ecolefermedesbois.ch\/wp-content\/uploads\/2019\/08\/20190809_175754-1024x657.jpg\" \/>\n\t<meta property=\"og:image:width\" content=\"1024\" \/>\n\t<meta property=\"og:image:height\" content=\"657\" \/>\n\t<meta property=\"og:image:type\" content=\"image\/jpeg\" \/>\n<meta name=\"author\" content=\"Sophie\" \/>\n<meta name=\"twitter:card\" content=\"summary_large_image\" \/>\n<meta name=\"twitter:label1\" content=\"\u00c9crit par\" \/>\n\t<meta name=\"twitter:data1\" content=\"Sophie\" \/>\n\t<meta name=\"twitter:label2\" content=\"Dur\u00e9e de lecture estim\u00e9e\" \/>\n\t<meta name=\"twitter:data2\" content=\"1 minute\" \/>\n<script type=\"application\/ld+json\" class=\"yoast-schema-graph\">{\"@context\":\"https:\\\/\\\/schema.org\",\"@graph\":[{\"@type\":\"Article\",\"@id\":\"https:\\\/\\\/ecolefermedesbois.ch\\\/?p=2339#article\",\"isPartOf\":{\"@id\":\"https:\\\/\\\/ecolefermedesbois.ch\\\/?p=2339\"},\"author\":{\"name\":\"Sophie\",\"@id\":\"https:\\\/\\\/ecolefermedesbois.ch\\\/#\\\/schema\\\/person\\\/78f5a1c78e958e51240f90932d290908\"},\"headline\":\"Maison de quartier de Saint-Jean\",\"datePublished\":\"2019-08-09T16:27:29+00:00\",\"dateModified\":\"2019-08-21T17:44:20+00:00\",\"mainEntityOfPage\":{\"@id\":\"https:\\\/\\\/ecolefermedesbois.ch\\\/?p=2339\"},\"wordCount\":129,\"commentCount\":0,\"publisher\":{\"@id\":\"https:\\\/\\\/ecolefermedesbois.ch\\\/#organization\"},\"image\":{\"@id\":\"https:\\\/\\\/ecolefermedesbois.ch\\\/?p=2339#primaryimage\"},\"thumbnailUrl\":\"https:\\\/\\\/i0.wp.com\\\/ecolefermedesbois.ch\\\/wp-content\\\/uploads\\\/2019\\\/08\\\/20190809_175754-scaled.jpg?fit=2560%2C1642&ssl=1\",\"articleSection\":[\"Ecole\"],\"inLanguage\":\"fr-FR\",\"potentialAction\":[{\"@type\":\"CommentAction\",\"name\":\"Comment\",\"target\":[\"https:\\\/\\\/ecolefermedesbois.ch\\\/?p=2339#respond\"]}]},{\"@type\":\"WebPage\",\"@id\":\"https:\\\/\\\/ecolefermedesbois.ch\\\/?p=2339\",\"url\":\"https:\\\/\\\/ecolefermedesbois.ch\\\/?p=2339\",\"name\":\"Maison de quartier de Saint-Jean -\",\"isPartOf\":{\"@id\":\"https:\\\/\\\/ecolefermedesbois.ch\\\/#website\"},\"primaryImageOfPage\":{\"@id\":\"https:\\\/\\\/ecolefermedesbois.ch\\\/?p=2339#primaryimage\"},\"image\":{\"@id\":\"https:\\\/\\\/ecolefermedesbois.ch\\\/?p=2339#primaryimage\"},\"thumbnailUrl\":\"https:\\\/\\\/i0.wp.com\\\/ecolefermedesbois.ch\\\/wp-content\\\/uploads\\\/2019\\\/08\\\/20190809_175754-scaled.jpg?fit=2560%2C1642&ssl=1\",\"datePublished\":\"2019-08-09T16:27:29+00:00\",\"dateModified\":\"2019-08-21T17:44:20+00:00\",\"breadcrumb\":{\"@id\":\"https:\\\/\\\/ecolefermedesbois.ch\\\/?p=2339#breadcrumb\"},\"inLanguage\":\"fr-FR\",\"potentialAction\":[{\"@type\":\"ReadAction\",\"target\":[\"https:\\\/\\\/ecolefermedesbois.ch\\\/?p=2339\"]}]},{\"@type\":\"ImageObject\",\"inLanguage\":\"fr-FR\",\"@id\":\"https:\\\/\\\/ecolefermedesbois.ch\\\/?p=2339#primaryimage\",\"url\":\"https:\\\/\\\/i0.wp.com\\\/ecolefermedesbois.ch\\\/wp-content\\\/uploads\\\/2019\\\/08\\\/20190809_175754-scaled.jpg?fit=2560%2C1642&ssl=1\",\"contentUrl\":\"https:\\\/\\\/i0.wp.com\\\/ecolefermedesbois.ch\\\/wp-content\\\/uploads\\\/2019\\\/08\\\/20190809_175754-scaled.jpg?fit=2560%2C1642&ssl=1\",\"width\":2560,\"height\":1642},{\"@type\":\"BreadcrumbList\",\"@id\":\"https:\\\/\\\/ecolefermedesbois.ch\\\/?p=2339#breadcrumb\",\"itemListElement\":[{\"@type\":\"ListItem\",\"position\":1,\"name\":\"Accueil\",\"item\":\"https:\\\/\\\/ecolefermedesbois.ch\\\/\"},{\"@type\":\"ListItem\",\"position\":2,\"name\":\"Maison de quartier de Saint-Jean\"}]},{\"@type\":\"WebSite\",\"@id\":\"https:\\\/\\\/ecolefermedesbois.ch\\\/#website\",\"url\":\"https:\\\/\\\/ecolefermedesbois.ch\\\/\",\"name\":\"ecolefermedesbois\",\"description\":\"\",\"publisher\":{\"@id\":\"https:\\\/\\\/ecolefermedesbois.ch\\\/#organization\"},\"potentialAction\":[{\"@type\":\"SearchAction\",\"target\":{\"@type\":\"EntryPoint\",\"urlTemplate\":\"https:\\\/\\\/ecolefermedesbois.ch\\\/?s={search_term_string}\"},\"query-input\":{\"@type\":\"PropertyValueSpecification\",\"valueRequired\":true,\"valueName\":\"search_term_string\"}}],\"inLanguage\":\"fr-FR\"},{\"@type\":\"Organization\",\"@id\":\"https:\\\/\\\/ecolefermedesbois.ch\\\/#organization\",\"name\":\"Ecole \u00e0 la Ferme des Bois\",\"url\":\"https:\\\/\\\/ecolefermedesbois.ch\\\/\",\"logo\":{\"@type\":\"ImageObject\",\"inLanguage\":\"fr-FR\",\"@id\":\"https:\\\/\\\/ecolefermedesbois.ch\\\/#\\\/schema\\\/logo\\\/image\\\/\",\"url\":\"https:\\\/\\\/ecolefermedesbois.ch\\\/wp-content\\\/uploads\\\/2019\\\/04\\\/logo-scaled.gif\",\"contentUrl\":\"https:\\\/\\\/ecolefermedesbois.ch\\\/wp-content\\\/uploads\\\/2019\\\/04\\\/logo-scaled.gif\",\"width\":2560,\"height\":608,\"caption\":\"Ecole \u00e0 la Ferme des Bois\"},\"image\":{\"@id\":\"https:\\\/\\\/ecolefermedesbois.ch\\\/#\\\/schema\\\/logo\\\/image\\\/\"},\"sameAs\":[\"https:\\\/\\\/www.facebook.com\\\/ecolefermedesBois\"]},{\"@type\":\"Person\",\"@id\":\"https:\\\/\\\/ecolefermedesbois.ch\\\/#\\\/schema\\\/person\\\/78f5a1c78e958e51240f90932d290908\",\"name\":\"Sophie\",\"image\":{\"@type\":\"ImageObject\",\"inLanguage\":\"fr-FR\",\"@id\":\"https:\\\/\\\/secure.gravatar.com\\\/avatar\\\/053fbaec50cb27b03b880a4b8b018009aa3af995f32011efc3f40a589371d46f?s=96&d=mm&r=g\",\"url\":\"https:\\\/\\\/secure.gravatar.com\\\/avatar\\\/053fbaec50cb27b03b880a4b8b018009aa3af995f32011efc3f40a589371d46f?s=96&d=mm&r=g\",\"contentUrl\":\"https:\\\/\\\/secure.gravatar.com\\\/avatar\\\/053fbaec50cb27b03b880a4b8b018009aa3af995f32011efc3f40a589371d46f?s=96&d=mm&r=g\",\"caption\":\"Sophie\"},\"url\":\"https:\\\/\\\/ecolefermedesbois.ch\\\/?author=2\"}]}<\/script>\n<!-- \/ Yoast SEO plugin. -->","yoast_head_json":{"title":"Maison de quartier de Saint-Jean -","robots":{"index":"index","follow":"follow","max-snippet":"max-snippet:-1","max-image-preview":"max-image-preview:large","max-video-preview":"max-video-preview:-1"},"canonical":"https:\/\/ecolefermedesbois.ch\/?p=2339","og_locale":"fr_FR","og_type":"article","og_title":"Maison de quartier de Saint-Jean -","og_description":"De jeunes Genevois sont venus vivre une journ\u00e9e d&rsquo;\u00e9cole \u00e0 la ferme! &#x1f929; Un moment de joie, de partage et&#46;&#46;&#46;","og_url":"https:\/\/ecolefermedesbois.ch\/?p=2339","article_publisher":"https:\/\/www.facebook.com\/ecolefermedesBois","article_published_time":"2019-08-09T16:27:29+00:00","article_modified_time":"2019-08-21T17:44:20+00:00","og_image":[{"width":1024,"height":657,"url":"https:\/\/ecolefermedesbois.ch\/wp-content\/uploads\/2019\/08\/20190809_175754-1024x657.jpg","type":"image\/jpeg"}],"author":"Sophie","twitter_card":"summary_large_image","twitter_misc":{"\u00c9crit par":"Sophie","Dur\u00e9e de lecture estim\u00e9e":"1 minute"},"schema":{"@context":"https:\/\/schema.org","@graph":[{"@type":"Article","@id":"https:\/\/ecolefermedesbois.ch\/?p=2339#article","isPartOf":{"@id":"https:\/\/ecolefermedesbois.ch\/?p=2339"},"author":{"name":"Sophie","@id":"https:\/\/ecolefermedesbois.ch\/#\/schema\/person\/78f5a1c78e958e51240f90932d290908"},"headline":"Maison de quartier de Saint-Jean","datePublished":"2019-08-09T16:27:29+00:00","dateModified":"2019-08-21T17:44:20+00:00","mainEntityOfPage":{"@id":"https:\/\/ecolefermedesbois.ch\/?p=2339"},"wordCount":129,"commentCount":0,"publisher":{"@id":"https:\/\/ecolefermedesbois.ch\/#organization"},"image":{"@id":"https:\/\/ecolefermedesbois.ch\/?p=2339#primaryimage"},"thumbnailUrl":"https:\/\/i0.wp.com\/ecolefermedesbois.ch\/wp-content\/uploads\/2019\/08\/20190809_175754-scaled.jpg?fit=2560%2C1642&ssl=1","articleSection":["Ecole"],"inLanguage":"fr-FR","potentialAction":[{"@type":"CommentAction","name":"Comment","target":["https:\/\/ecolefermedesbois.ch\/?p=2339#respond"]}]},{"@type":"WebPage","@id":"https:\/\/ecolefermedesbois.ch\/?p=2339","url":"https:\/\/ecolefermedesbois.ch\/?p=2339","name":"Maison de quartier de Saint-Jean -","isPartOf":{"@id":"https:\/\/ecolefermedesbois.ch\/#website"},"primaryImageOfPage":{"@id":"https:\/\/ecolefermedesbois.ch\/?p=2339#primaryimage"},"image":{"@id":"https:\/\/ecolefermedesbois.ch\/?p=2339#primaryimage"},"thumbnailUrl":"https:\/\/i0.wp.com\/ecolefermedesbois.ch\/wp-content\/uploads\/2019\/08\/20190809_175754-scaled.jpg?fit=2560%2C1642&ssl=1","datePublished":"2019-08-09T16:27:29+00:00","dateModified":"2019-08-21T17:44:20+00:00","breadcrumb":{"@id":"https:\/\/ecolefermedesbois.ch\/?p=2339#breadcrumb"},"inLanguage":"fr-FR","potentialAction":[{"@type":"ReadAction","target":["https:\/\/ecolefermedesbois.ch\/?p=2339"]}]},{"@type":"ImageObject","inLanguage":"fr-FR","@id":"https:\/\/ecolefermedesbois.ch\/?p=2339#primaryimage","url":"https:\/\/i0.wp.com\/ecolefermedesbois.ch\/wp-content\/uploads\/2019\/08\/20190809_175754-scaled.jpg?fit=2560%2C1642&ssl=1","contentUrl":"https:\/\/i0.wp.com\/ecolefermedesbois.ch\/wp-content\/uploads\/2019\/08\/20190809_175754-scaled.jpg?fit=2560%2C1642&ssl=1","width":2560,"height":1642},{"@type":"BreadcrumbList","@id":"https:\/\/ecolefermedesbois.ch\/?p=2339#breadcrumb","itemListElement":[{"@type":"ListItem","position":1,"name":"Accueil","item":"https:\/\/ecolefermedesbois.ch\/"},{"@type":"ListItem","position":2,"name":"Maison de quartier de Saint-Jean"}]},{"@type":"WebSite","@id":"https:\/\/ecolefermedesbois.ch\/#website","url":"https:\/\/ecolefermedesbois.ch\/","name":"ecolefermedesbois","description":"","publisher":{"@id":"https:\/\/ecolefermedesbois.ch\/#organization"},"potentialAction":[{"@type":"SearchAction","target":{"@type":"EntryPoint","urlTemplate":"https:\/\/ecolefermedesbois.ch\/?s={search_term_string}"},"query-input":{"@type":"PropertyValueSpecification","valueRequired":true,"valueName":"search_term_string"}}],"inLanguage":"fr-FR"},{"@type":"Organization","@id":"https:\/\/ecolefermedesbois.ch\/#organization","name":"Ecole \u00e0 la Ferme des Bois","url":"https:\/\/ecolefermedesbois.ch\/","logo":{"@type":"ImageObject","inLanguage":"fr-FR","@id":"https:\/\/ecolefermedesbois.ch\/#\/schema\/logo\/image\/","url":"https:\/\/ecolefermedesbois.ch\/wp-content\/uploads\/2019\/04\/logo-scaled.gif","contentUrl":"https:\/\/ecolefermedesbois.ch\/wp-content\/uploads\/2019\/04\/logo-scaled.gif","width":2560,"height":608,"caption":"Ecole \u00e0 la Ferme des Bois"},"image":{"@id":"https:\/\/ecolefermedesbois.ch\/#\/schema\/logo\/image\/"},"sameAs":["https:\/\/www.facebook.com\/ecolefermedesBois"]},{"@type":"Person","@id":"https:\/\/ecolefermedesbois.ch\/#\/schema\/person\/78f5a1c78e958e51240f90932d290908","name":"Sophie","image":{"@type":"ImageObject","inLanguage":"fr-FR","@id":"https:\/\/secure.gravatar.com\/avatar\/053fbaec50cb27b03b880a4b8b018009aa3af995f32011efc3f40a589371d46f?s=96&d=mm&r=g","url":"https:\/\/secure.gravatar.com\/avatar\/053fbaec50cb27b03b880a4b8b018009aa3af995f32011efc3f40a589371d46f?s=96&d=mm&r=g","contentUrl":"https:\/\/secure.gravatar.com\/avatar\/053fbaec50cb27b03b880a4b8b018009aa3af995f32011efc3f40a589371d46f?s=96&d=mm&r=g","caption":"Sophie"},"url":"https:\/\/ecolefermedesbois.ch\/?author=2"}]}},"jetpack_publicize_connections":[],"jetpack_featured_media_url":"https:\/\/i0.wp.com\/ecolefermedesbois.ch\/wp-content\/uploads\/2019\/08\/20190809_175754-scaled.jpg?fit=2560%2C1642&ssl=1","jetpack_sharing_enabled":true,"_links":{"self":[{"href":"https:\/\/ecolefermedesbois.ch\/index.php?rest_route=\/wp\/v2\/posts\/2339","targetHints":{"allow":["GET"]}}],"collection":[{"href":"https:\/\/ecolefermedesbois.ch\/index.php?rest_route=\/wp\/v2\/posts"}],"about":[{"href":"https:\/\/ecolefermedesbois.ch\/index.php?rest_route=\/wp\/v2\/types\/post"}],"author":[{"embeddable":true,"href":"https:\/\/ecolefermedesbois.ch\/index.php?rest_route=\/wp\/v2\/users\/2"}],"replies":[{"embeddable":true,"href":"https:\/\/ecolefermedesbois.ch\/index.php?rest_route=%2Fwp%2Fv2%2Fcomments&post=2339"}],"version-history":[{"count":4,"href":"https:\/\/ecolefermedesbois.ch\/index.php?rest_route=\/wp\/v2\/posts\/2339\/revisions"}],"predecessor-version":[{"id":2359,"href":"https:\/\/ecolefermedesbois.ch\/index.php?rest_route=\/wp\/v2\/posts\/2339\/revisions\/2359"}],"wp:featuredmedia":[{"embeddable":true,"href":"https:\/\/ecolefermedesbois.ch\/index.php?rest_route=\/wp\/v2\/media\/2346"}],"wp:attachment":[{"href":"https:\/\/ecolefermedesbois.ch\/index.php?rest_route=%2Fwp%2Fv2%2Fmedia&parent=2339"}],"wp:term":[{"taxonomy":"category","embeddable":true,"href":"https:\/\/ecolefermedesbois.ch\/index.php?rest_route=%2Fwp%2Fv2%2Fcategories&post=2339"},{"taxonomy":"post_tag","embeddable":true,"href":"https:\/\/ecolefermedesbois.ch\/index.php?rest_route=%2Fwp%2Fv2%2Ftags&post=2339"}],"curies":[{"name":"wp","href":"https:\/\/api.w.org\/{rel}","templated":true}]}}