{"id":16252,"date":"2026-09-05T17:34:29","date_gmt":"2026-09-05T15:34:29","guid":{"rendered":"https:\/\/ecolefermedesbois.ch\/?p=16252"},"modified":"2026-09-05T17:34:33","modified_gmt":"2026-09-05T15:34:33","slug":"une-matinee-au-verger-avec-la-classe-7p-doron","status":"publish","type":"post","link":"https:\/\/ecolefermedesbois.ch\/?p=16252","title":{"rendered":"Une matin\u00e9e au verger avec la classe 7P d&rsquo;Oron"},"content":{"rendered":"<div class=\"pdfprnt-buttons pdfprnt-buttons-post pdfprnt-top-right\"><a href=\"https:\/\/ecolefermedesbois.ch\/index.php?rest_route=%2Fwp%2Fv2%2Fposts%2F16252&print=pdf\" class=\"pdfprnt-button pdfprnt-button-pdf\" target=\"_blank\" ><img data-recalc-dims=\"1\" decoding=\"async\" src=\"https:\/\/i0.wp.com\/ecolefermedesbois.ch\/wp-content\/plugins\/pdf-print\/images\/pdf.png?w=720&#038;ssl=1\" alt=\"image_pdf\" title=\"Afficher le PDF\" \/><\/a><a href=\"https:\/\/ecolefermedesbois.ch\/index.php?rest_route=%2Fwp%2Fv2%2Fposts%2F16252&print=print\" class=\"pdfprnt-button pdfprnt-button-print\" target=\"_blank\" ><img data-recalc-dims=\"1\" decoding=\"async\" src=\"https:\/\/i0.wp.com\/ecolefermedesbois.ch\/wp-content\/plugins\/pdf-print\/images\/print.png?w=720&#038;ssl=1\" alt=\"image_print\" title=\"Contenu imprim\u00e9\" \/><\/a><\/div>\n<p class=\"wp-block-paragraph\">Ce matin, nous avons eu le plaisir d\u2019accueillir la classe de de Sandy Bachmann, pour une journ\u00e9e plac\u00e9e sous le signe du verger et des fruits ! <\/p>\n\n\n\n<p class=\"wp-block-paragraph\">Apr\u00e8s les pr\u00e9sentations et la distribution des badges, nous avons commenc\u00e9 par un petit rallye en groupes de trois. Munis d\u2019un plan de la ferme, les enfants ont d\u00fb retrouver et replacer diff\u00e9rents lieux : la maison, le poulailler, le garage, le hangar, le potager\u2026 et bien s\u00fbr, le verger !<\/p>\n\n\n\n<p class=\"wp-block-paragraph\">Une fois arriv\u00e9s au verger, il fallait encore identifier les diff\u00e9rents arbres et les placer au bon endroit sur le plan : pommier, prunier, cerisier et mirabellier. Heureusement, cette ann\u00e9e, Dame Nature nous a donn\u00e9 un petit coup de pouce : les arbres \u00e9taient remplis d\u2019indices ! &#x1f34e;&#x1f351; Les fruits pr\u00e9sents sur les branches ont permis aux \u00e9l\u00e8ves de mener leur enqu\u00eate et de retrouver beaucoup plus facilement \u00ab qui \u00e9tait qui \u00bb.<br>Nous avons ensuite repris tous ensemble les diff\u00e9rents lieux d\u00e9couverts afin que chacun puisse bien se rep\u00e9rer dans l\u2019espace de la ferme.<\/p>\n\n\n\n<p class=\"wp-block-paragraph\">De l\u2019arbre \u00e0 la tartelette<\/p>\n\n\n\n<p class=\"wp-block-paragraph\">Retour au verger pour une activit\u00e9 particuli\u00e8rement gourmande !<\/p>\n\n\n\n<p class=\"wp-block-paragraph\">Chaque \u00e9l\u00e8ve a pu choisir le fruit qu\u2019il souhaitait utiliser pour sa tartelette : pomme, pruneau ou mirabelle. Une fois son choix fait, il fallait passer \u00e0 l\u2019action : r\u00e9colter soi-m\u00eame ses fruits directement sur l\u2019arbre, puis rejoindre la salle pour confectionner sa petite tarte.<br>D\u00e9couper la p\u00e2te, couper les fruits, les disposer joliment, ajouter une petite pluie de sucre\u2026 et hop, direction le four !<br>Pendant que nos tartelettes cuisaient tranquillement, nous avons profit\u00e9 de ce temps pour retourner dehors et poursuivre nos d\u00e9couvertes.<\/p>\n\n\n\n<p class=\"wp-block-paragraph\">&#x1f333; Un arbre, trois grandes parties\u2026 et beaucoup de besoins !<\/p>\n\n\n\n<p class=\"wp-block-paragraph\">Toujours par groupes de trois, les \u00e9l\u00e8ves ont repris leur feuille de rallye et l\u2019ont retourn\u00e9e. Leur nouvelle mission : dessiner un arbre et identifier ses diff\u00e9rentes parties.<br>Tr\u00e8s rapidement, les trois grandes parties sont apparues sur les dessins : les racines, le tronc et les branches avec les feuilles.<\/p>\n\n\n\n<p class=\"wp-block-paragraph\">Mais il ne suffisait pas de les nommer ! Les \u00e9l\u00e8ves devaient \u00e9galement r\u00e9fl\u00e9chir \u00e0 la fonction de chacune de ces parties et aux diff\u00e9rents besoins de l\u2019arbre pour vivre et grandir.<br>Puis nous avons repris tous ensemble quelles sont les parties de l&rsquo;arbre, leur utilit\u00e9 et les besoins de l&rsquo;arbre pour vivre.<\/p>\n\n\n\n<p class=\"wp-block-paragraph\">Une belle fa\u00e7on de comprendre que derri\u00e8re chaque arbre du verger se cache tout un petit monde vivant. &#x1f331;<\/p>\n\n\n\n<p class=\"wp-block-paragraph\">Et puis\u2026 l\u2019heure tant attendue est arriv\u00e9e : la d\u00e9gustation des tartelettes !<\/p>\n\n\n\n<p class=\"wp-block-paragraph\">Mmm\u2026 quel r\u00e9gal ! Un vrai d\u00e9lice ! &#x1f60b;<br>Bravo les \u00e9l\u00e8ves pour votre travail : vos tartelettes \u00e9taient tout simplement magnifiques !<\/p>\n\n\n\n<p class=\"wp-block-paragraph\">&#x1f469;&#x200d;&#x1f33e; Dans la peau d\u2019un arboriculteur<\/p>\n\n\n\n<p class=\"wp-block-paragraph\">Apr\u00e8s la r\u00e9cr\u00e9ation, nous avons form\u00e9 deux groupes afin de poursuivre les d\u00e9couvertes.<\/p>\n\n\n\n<p class=\"wp-block-paragraph\">Avec un groupe, nous sommes retourn\u00e9s au verger pour nous int\u00e9resser \u00e0 un m\u00e9tier essentiel : celui d\u2019arboriculteur.<br>Que fait-on dans un verger tout au long de l\u2019ann\u00e9e ? Est-ce que l\u2019arboriculteur travaille de la m\u00eame mani\u00e8re en hiver, au printemps, en \u00e9t\u00e9 et en automne ?<br>Les \u00e9l\u00e8ves ont d\u00e9couvert les nombreuses t\u00e2ches qui rythment la vie de l\u2019arboriculteur : la taille des arbres, l\u2019entretien des sols, le contr\u00f4le des cultures, les traitements, l\u2019\u00e9claircissage des fruits et bien d\u2019autres interventions encore.<\/p>\n\n\n\n<p class=\"wp-block-paragraph\">Ils ont ainsi pu comprendre qu\u2019un beau verger demande beaucoup de travail et d\u2019attention, et surtout que chaque saison apporte son lot de t\u00e2ches \u00e0 accomplir. &#x1f333;&#x1f469;&#x200d;&#x1f33e;<\/p>\n\n\n\n<p class=\"wp-block-paragraph\">&#x1fad9; Comment conserver les fruits ?<\/p>\n\n\n\n<p class=\"wp-block-paragraph\">Pendant ce temps, avec \u00c9milie, l\u2019autre groupe partait \u00e0 la d\u00e9couverte d\u2019un autre sujet : la conservation des fruits.<br>Sur deux grandes tables \u00e9taient dispos\u00e9s diff\u00e9rents contenants et moyens de conservation : un s\u00e9choir, un sachet de cong\u00e9lation, des bocaux, un bocal \u00e0 confiture, diff\u00e9rentes bouteilles, un carton \u00e0 jus, un cajot\u2026<\/p>\n\n\n\n<p class=\"wp-block-paragraph\">Dans un bac, diff\u00e9rents fruits attendaient leur tour. Les \u00e9l\u00e8ves devaient les prendre et r\u00e9fl\u00e9chir : dans quel contenant pourrait-on conserver ce fruit ? Et surtout, comment pourrait-on le conserver ?<br>Les id\u00e9es se sont multipli\u00e9es : les pommes et les poires peuvent \u00eatre conserv\u00e9es \u00e0 la cave, en jus ou encore en vinaigre, certains fruits \u00e0 noyaux peuvent \u00eatre congel\u00e9s, d\u2019autres deviennent des confitures, des conserves ou des fruits au sirop.<br>Les noix et les noisettes ont \u00e9galement permis de d\u00e9couvrir d\u2019autres possibilit\u00e9s comme en l\u2019huile.<\/p>\n\n\n\n<p class=\"wp-block-paragraph\">Une activit\u00e9 concr\u00e8te qui leur a permis de d\u00e9couvrir que les fruits peuvent \u00eatre conserv\u00e9s de bien des fa\u00e7ons et que certaines m\u00e9thodes permettent de profiter de leurs r\u00e9coltes longtemps apr\u00e8s la saison. &#x1f350;&#x1fad9;<br>Puis, bien s\u00fbr, nous avons \u00e9chang\u00e9 les groupes afin que chacun puisse participer aux deux activit\u00e9s.<\/p>\n\n\n\n<p class=\"wp-block-paragraph\">&#x270f;&#xfe0f; Mon arbre, mon observation\u2026 rendez-vous au printemps !<\/p>\n\n\n\n<p class=\"wp-block-paragraph\">Nous avons ensuite repris nos groupes pour une nouvelle mission au verger.<\/p>\n\n\n\n<p class=\"wp-block-paragraph\">Cette fois, chaque \u00e9l\u00e8ve a re\u00e7u une feuille et un crayon et a choisi individuellement un arbre.<br>Il fallait prendre le temps de l\u2019observer attentivement, de le dessiner, de noter son nom et de relever ses particularit\u00e9s : sa forme, ses branches, ses fruits, son aspect\u2026<\/p>\n\n\n\n<p class=\"wp-block-paragraph\">Mais ce dessin n\u2019est pas destin\u00e9 \u00e0 rester simplement dans un cahier.<br>Les \u00e9l\u00e8ves vont conserver pr\u00e9cieusement leur feuille, car ils reviendront au printemps pour retrouver leur arbre et l\u2019observer \u00e0 nouveau. Ils pourront alors noter les changements, les diff\u00e9rences et les nouvelles observations.<br>Une v\u00e9ritable petite enqu\u00eate au fil des saisons va donc commencer. &#x1f331;&#x27a1;&#xfe0f;&#x1f333;<\/p>\n\n\n\n<p class=\"wp-block-paragraph\">&#x1f648; Des fruits dans la bo\u00eete myst\u00e8re !<\/p>\n\n\n\n<p class=\"wp-block-paragraph\">Pendant que le premier groupe observait son arbre dans le verger, le deuxi\u00e8me groupe partait au garage pour une activit\u00e9 sensorielle autour des fruits.<\/p>\n\n\n\n<p class=\"wp-block-paragraph\">Dans la table du toucher se cachaient diff\u00e9rents fruits. Mais attention\u2026 pas question de regarder !<br>Les \u00e9l\u00e8ves devaient d\u2019abord toucher tout les fruits cach\u00e9s et essayer de deviner ce qu\u2019ils avaient entre les mains.<br>Une fois leur r\u00e9ponse donn\u00e9e, nous nous sommes pos\u00e9 d\u2019autres questions : ce fruit pousse-t-il chez nous ? Vient-il d\u2019ailleurs ? Et s\u2019il vient d\u2019ailleurs, savez-vous de quel pays ou de quelle r\u00e9gion ?<br>Banane, citron, avocat, pruneau, pomme, poire, noix, noisette et bien d\u2019autres fruits ont ainsi permis de voyager de notre verger jusqu\u2019\u00e0 l\u2019Espagne, l\u2019Italie, la Corse, mais aussi beaucoup plus loin, vers les r\u00e9gions tropicales comme le Br\u00e9sil ou l\u2019\u00c9quateur. &#x1f30d;&#x1f34c;&#x1f34b;<\/p>\n\n\n\n<p class=\"wp-block-paragraph\">Et ce n\u2019\u00e9tait pas termin\u00e9 ! Les \u00e9l\u00e8ves devaient \u00e9galement r\u00e9fl\u00e9chir \u00e0 la saison de r\u00e9colte de chaque fruit, chez nous lorsqu\u2019il y pousse, mais aussi dans son pays d\u2019origine.<br>Une belle mani\u00e8re de comprendre pourquoi nous trouvons certains fruits toute l\u2019ann\u00e9e dans nos magasins, alors qu\u2019ils suivent pourtant des saisons bien pr\u00e9cises dans les pays o\u00f9 ils sont cultiv\u00e9s.<\/p>\n\n\n\n<p class=\"wp-block-paragraph\">Apr\u00e8s avoir \u00e9chang\u00e9 les groupes pour que chacun puisse participer \u00e0 toutes les activit\u00e9s, le temps a fil\u00e9\u2026 et il \u00e9tait d\u00e9j\u00e0 l\u2019heure de se dire au revoir.<\/p>\n\n\n\n<p class=\"wp-block-paragraph\">\u00c0 bient\u00f4t pour la suite de l\u2019aventure !<\/p>\n\n\n\n<p class=\"wp-block-paragraph\">Quelle belle matin\u00e9e pass\u00e9e autour du verger avec vous !<\/p>\n\n\n\n<p class=\"wp-block-paragraph\">Des arbres \u00e0 identifier, des fruits \u00e0 r\u00e9colter, des tartelettes \u00e0 confectionner et \u00e0 d\u00e9guster, un m\u00e9tier \u00e0 d\u00e9couvrir, des fruits \u00e0 conserver, des arbres \u00e0 observer et des fruits \u00e0 deviner les yeux ferm\u00e9s\u2026 Une journ\u00e9e riche en d\u00e9couvertes, en apprentissages et en gourmandise !<\/p>\n\n\n\n<p class=\"wp-block-paragraph\">Bravo les \u00e9l\u00e8ves pour votre participation, votre curiosit\u00e9 et votre enthousiasme tout au long de la matin\u00e9e ! <br>Merci Sandy et Emilie pour votre venue \u00e0 la ferme et pour votre aide toute au long de ces ateliers.<\/p>\n\n\n\n<p class=\"wp-block-paragraph\">Je me r\u00e9jouis d\u00e9j\u00e0 de vous retrouver au printemps pour continuer cette belle aventure et d\u00e9couvrir ensemble comment vos arbres auront \u00e9volu\u00e9 au fil des saisons. &#x1f338;&#x1f333;<br>Sophie<\/p>\n\n\n\n<figure class=\"wp-block-gallery has-nested-images columns-default is-cropped wp-block-gallery-1 is-layout-flex wp-block-gallery-is-layout-flex\">\n<figure class=\"wp-block-image size-large\"><img data-recalc-dims=\"1\" fetchpriority=\"high\" decoding=\"async\" width=\"600\" height=\"450\" data-id=\"16253\" src=\"https:\/\/i0.wp.com\/ecolefermedesbois.ch\/wp-content\/uploads\/2026\/09\/wp-17886196161864204693752058668754.jpg?resize=600%2C450&#038;ssl=1\" alt=\"\" class=\"wp-image-16253\" srcset=\"https:\/\/i0.wp.com\/ecolefermedesbois.ch\/wp-content\/uploads\/2026\/09\/wp-17886196161864204693752058668754.jpg?resize=600%2C450&amp;ssl=1 600w, https:\/\/i0.wp.com\/ecolefermedesbois.ch\/wp-content\/uploads\/2026\/09\/wp-17886196161864204693752058668754.jpg?resize=300%2C225&amp;ssl=1 300w, https:\/\/i0.wp.com\/ecolefermedesbois.ch\/wp-content\/uploads\/2026\/09\/wp-17886196161864204693752058668754.jpg?resize=768%2C576&amp;ssl=1 768w, https:\/\/i0.wp.com\/ecolefermedesbois.ch\/wp-content\/uploads\/2026\/09\/wp-17886196161864204693752058668754.jpg?resize=1536%2C1152&amp;ssl=1 1536w, https:\/\/i0.wp.com\/ecolefermedesbois.ch\/wp-content\/uploads\/2026\/09\/wp-17886196161864204693752058668754.jpg?w=2000&amp;ssl=1 2000w, https:\/\/i0.wp.com\/ecolefermedesbois.ch\/wp-content\/uploads\/2026\/09\/wp-17886196161864204693752058668754.jpg?w=1440&amp;ssl=1 1440w\" sizes=\"(max-width: 600px) 100vw, 600px\" \/><\/figure>\n\n\n\n<figure class=\"wp-block-image size-large\"><img data-recalc-dims=\"1\" decoding=\"async\" width=\"450\" height=\"600\" data-id=\"16249\" src=\"https:\/\/i0.wp.com\/ecolefermedesbois.ch\/wp-content\/uploads\/2026\/09\/wp-17886196159735589452303841238309.jpg?resize=450%2C600&#038;ssl=1\" alt=\"\" class=\"wp-image-16249\" srcset=\"https:\/\/i0.wp.com\/ecolefermedesbois.ch\/wp-content\/uploads\/2026\/09\/wp-17886196159735589452303841238309.jpg?resize=450%2C600&amp;ssl=1 450w, https:\/\/i0.wp.com\/ecolefermedesbois.ch\/wp-content\/uploads\/2026\/09\/wp-17886196159735589452303841238309.jpg?resize=225%2C300&amp;ssl=1 225w, https:\/\/i0.wp.com\/ecolefermedesbois.ch\/wp-content\/uploads\/2026\/09\/wp-17886196159735589452303841238309.jpg?resize=768%2C1024&amp;ssl=1 768w, https:\/\/i0.wp.com\/ecolefermedesbois.ch\/wp-content\/uploads\/2026\/09\/wp-17886196159735589452303841238309.jpg?resize=1152%2C1536&amp;ssl=1 1152w, https:\/\/i0.wp.com\/ecolefermedesbois.ch\/wp-content\/uploads\/2026\/09\/wp-17886196159735589452303841238309.jpg?w=1500&amp;ssl=1 1500w, https:\/\/i0.wp.com\/ecolefermedesbois.ch\/wp-content\/uploads\/2026\/09\/wp-17886196159735589452303841238309.jpg?w=1440&amp;ssl=1 1440w\" sizes=\"(max-width: 450px) 100vw, 450px\" \/><\/figure>\n\n\n\n<figure class=\"wp-block-image size-large\"><img data-recalc-dims=\"1\" decoding=\"async\" width=\"600\" height=\"447\" data-id=\"16248\" src=\"https:\/\/i0.wp.com\/ecolefermedesbois.ch\/wp-content\/uploads\/2026\/09\/wp-17886196163446166415604799741263.jpg?resize=600%2C447&#038;ssl=1\" alt=\"\" class=\"wp-image-16248\" srcset=\"https:\/\/i0.wp.com\/ecolefermedesbois.ch\/wp-content\/uploads\/2026\/09\/wp-17886196163446166415604799741263.jpg?resize=600%2C447&amp;ssl=1 600w, https:\/\/i0.wp.com\/ecolefermedesbois.ch\/wp-content\/uploads\/2026\/09\/wp-17886196163446166415604799741263.jpg?resize=300%2C223&amp;ssl=1 300w, https:\/\/i0.wp.com\/ecolefermedesbois.ch\/wp-content\/uploads\/2026\/09\/wp-17886196163446166415604799741263.jpg?resize=768%2C572&amp;ssl=1 768w, https:\/\/i0.wp.com\/ecolefermedesbois.ch\/wp-content\/uploads\/2026\/09\/wp-17886196163446166415604799741263.jpg?resize=1536%2C1144&amp;ssl=1 1536w, https:\/\/i0.wp.com\/ecolefermedesbois.ch\/wp-content\/uploads\/2026\/09\/wp-17886196163446166415604799741263.jpg?w=2000&amp;ssl=1 2000w, https:\/\/i0.wp.com\/ecolefermedesbois.ch\/wp-content\/uploads\/2026\/09\/wp-17886196163446166415604799741263.jpg?w=1440&amp;ssl=1 1440w\" sizes=\"(max-width: 600px) 100vw, 600px\" \/><\/figure>\n\n\n\n<figure class=\"wp-block-image size-large\"><img data-recalc-dims=\"1\" loading=\"lazy\" decoding=\"async\" width=\"450\" height=\"600\" data-id=\"16246\" src=\"https:\/\/i0.wp.com\/ecolefermedesbois.ch\/wp-content\/uploads\/2026\/09\/wp-17886196156644023069814916556790.jpg?resize=450%2C600&#038;ssl=1\" alt=\"\" class=\"wp-image-16246\" srcset=\"https:\/\/i0.wp.com\/ecolefermedesbois.ch\/wp-content\/uploads\/2026\/09\/wp-17886196156644023069814916556790.jpg?resize=450%2C600&amp;ssl=1 450w, https:\/\/i0.wp.com\/ecolefermedesbois.ch\/wp-content\/uploads\/2026\/09\/wp-17886196156644023069814916556790.jpg?resize=225%2C300&amp;ssl=1 225w, https:\/\/i0.wp.com\/ecolefermedesbois.ch\/wp-content\/uploads\/2026\/09\/wp-17886196156644023069814916556790.jpg?resize=768%2C1024&amp;ssl=1 768w, https:\/\/i0.wp.com\/ecolefermedesbois.ch\/wp-content\/uploads\/2026\/09\/wp-17886196156644023069814916556790.jpg?resize=1152%2C1536&amp;ssl=1 1152w, https:\/\/i0.wp.com\/ecolefermedesbois.ch\/wp-content\/uploads\/2026\/09\/wp-17886196156644023069814916556790.jpg?w=1500&amp;ssl=1 1500w, https:\/\/i0.wp.com\/ecolefermedesbois.ch\/wp-content\/uploads\/2026\/09\/wp-17886196156644023069814916556790.jpg?w=1440&amp;ssl=1 1440w\" sizes=\"(max-width: 450px) 100vw, 450px\" \/><\/figure>\n\n\n\n<figure class=\"wp-block-image size-large\"><img data-recalc-dims=\"1\" loading=\"lazy\" decoding=\"async\" width=\"600\" height=\"450\" data-id=\"16245\" src=\"https:\/\/i0.wp.com\/ecolefermedesbois.ch\/wp-content\/uploads\/2026\/09\/wp-17886196157481937687821963341506.jpg?resize=600%2C450&#038;ssl=1\" alt=\"\" class=\"wp-image-16245\" srcset=\"https:\/\/i0.wp.com\/ecolefermedesbois.ch\/wp-content\/uploads\/2026\/09\/wp-17886196157481937687821963341506.jpg?resize=600%2C450&amp;ssl=1 600w, https:\/\/i0.wp.com\/ecolefermedesbois.ch\/wp-content\/uploads\/2026\/09\/wp-17886196157481937687821963341506.jpg?resize=300%2C225&amp;ssl=1 300w, https:\/\/i0.wp.com\/ecolefermedesbois.ch\/wp-content\/uploads\/2026\/09\/wp-17886196157481937687821963341506.jpg?resize=768%2C576&amp;ssl=1 768w, https:\/\/i0.wp.com\/ecolefermedesbois.ch\/wp-content\/uploads\/2026\/09\/wp-17886196157481937687821963341506.jpg?resize=1536%2C1152&amp;ssl=1 1536w, https:\/\/i0.wp.com\/ecolefermedesbois.ch\/wp-content\/uploads\/2026\/09\/wp-17886196157481937687821963341506.jpg?w=2000&amp;ssl=1 2000w, https:\/\/i0.wp.com\/ecolefermedesbois.ch\/wp-content\/uploads\/2026\/09\/wp-17886196157481937687821963341506.jpg?w=1440&amp;ssl=1 1440w\" sizes=\"(max-width: 600px) 100vw, 600px\" \/><\/figure>\n\n\n\n<figure class=\"wp-block-image size-large\"><img data-recalc-dims=\"1\" loading=\"lazy\" decoding=\"async\" width=\"450\" height=\"600\" data-id=\"16244\" src=\"https:\/\/i0.wp.com\/ecolefermedesbois.ch\/wp-content\/uploads\/2026\/09\/wp-17886196155852112926139308735861.jpg?resize=450%2C600&#038;ssl=1\" alt=\"\" class=\"wp-image-16244\" srcset=\"https:\/\/i0.wp.com\/ecolefermedesbois.ch\/wp-content\/uploads\/2026\/09\/wp-17886196155852112926139308735861.jpg?resize=450%2C600&amp;ssl=1 450w, https:\/\/i0.wp.com\/ecolefermedesbois.ch\/wp-content\/uploads\/2026\/09\/wp-17886196155852112926139308735861.jpg?resize=225%2C300&amp;ssl=1 225w, https:\/\/i0.wp.com\/ecolefermedesbois.ch\/wp-content\/uploads\/2026\/09\/wp-17886196155852112926139308735861.jpg?resize=768%2C1024&amp;ssl=1 768w, https:\/\/i0.wp.com\/ecolefermedesbois.ch\/wp-content\/uploads\/2026\/09\/wp-17886196155852112926139308735861.jpg?resize=1152%2C1536&amp;ssl=1 1152w, https:\/\/i0.wp.com\/ecolefermedesbois.ch\/wp-content\/uploads\/2026\/09\/wp-17886196155852112926139308735861.jpg?w=1500&amp;ssl=1 1500w, https:\/\/i0.wp.com\/ecolefermedesbois.ch\/wp-content\/uploads\/2026\/09\/wp-17886196155852112926139308735861.jpg?w=1440&amp;ssl=1 1440w\" sizes=\"(max-width: 450px) 100vw, 450px\" \/><\/figure>\n\n\n\n<figure class=\"wp-block-image size-large\"><img data-recalc-dims=\"1\" loading=\"lazy\" decoding=\"async\" width=\"450\" height=\"600\" data-id=\"16243\" src=\"https:\/\/i0.wp.com\/ecolefermedesbois.ch\/wp-content\/uploads\/2026\/09\/wp-17886196155058217887211740518812.jpg?resize=450%2C600&#038;ssl=1\" alt=\"\" class=\"wp-image-16243\" srcset=\"https:\/\/i0.wp.com\/ecolefermedesbois.ch\/wp-content\/uploads\/2026\/09\/wp-17886196155058217887211740518812.jpg?resize=450%2C600&amp;ssl=1 450w, https:\/\/i0.wp.com\/ecolefermedesbois.ch\/wp-content\/uploads\/2026\/09\/wp-17886196155058217887211740518812.jpg?resize=225%2C300&amp;ssl=1 225w, https:\/\/i0.wp.com\/ecolefermedesbois.ch\/wp-content\/uploads\/2026\/09\/wp-17886196155058217887211740518812.jpg?resize=768%2C1024&amp;ssl=1 768w, https:\/\/i0.wp.com\/ecolefermedesbois.ch\/wp-content\/uploads\/2026\/09\/wp-17886196155058217887211740518812.jpg?resize=1152%2C1536&amp;ssl=1 1152w, https:\/\/i0.wp.com\/ecolefermedesbois.ch\/wp-content\/uploads\/2026\/09\/wp-17886196155058217887211740518812.jpg?w=1500&amp;ssl=1 1500w, https:\/\/i0.wp.com\/ecolefermedesbois.ch\/wp-content\/uploads\/2026\/09\/wp-17886196155058217887211740518812.jpg?w=1440&amp;ssl=1 1440w\" sizes=\"(max-width: 450px) 100vw, 450px\" \/><\/figure>\n\n\n\n<figure class=\"wp-block-image size-large\"><img data-recalc-dims=\"1\" loading=\"lazy\" decoding=\"async\" width=\"600\" height=\"450\" data-id=\"16242\" src=\"https:\/\/i0.wp.com\/ecolefermedesbois.ch\/wp-content\/uploads\/2026\/09\/wp-17886196154118114316793485442562.jpg?resize=600%2C450&#038;ssl=1\" alt=\"\" class=\"wp-image-16242\" srcset=\"https:\/\/i0.wp.com\/ecolefermedesbois.ch\/wp-content\/uploads\/2026\/09\/wp-17886196154118114316793485442562.jpg?resize=600%2C450&amp;ssl=1 600w, https:\/\/i0.wp.com\/ecolefermedesbois.ch\/wp-content\/uploads\/2026\/09\/wp-17886196154118114316793485442562.jpg?resize=300%2C225&amp;ssl=1 300w, https:\/\/i0.wp.com\/ecolefermedesbois.ch\/wp-content\/uploads\/2026\/09\/wp-17886196154118114316793485442562.jpg?resize=768%2C576&amp;ssl=1 768w, https:\/\/i0.wp.com\/ecolefermedesbois.ch\/wp-content\/uploads\/2026\/09\/wp-17886196154118114316793485442562.jpg?resize=1536%2C1152&amp;ssl=1 1536w, https:\/\/i0.wp.com\/ecolefermedesbois.ch\/wp-content\/uploads\/2026\/09\/wp-17886196154118114316793485442562.jpg?w=2000&amp;ssl=1 2000w, https:\/\/i0.wp.com\/ecolefermedesbois.ch\/wp-content\/uploads\/2026\/09\/wp-17886196154118114316793485442562.jpg?w=1440&amp;ssl=1 1440w\" sizes=\"(max-width: 600px) 100vw, 600px\" \/><\/figure>\n\n\n\n<figure class=\"wp-block-image size-large\"><img data-recalc-dims=\"1\" loading=\"lazy\" decoding=\"async\" width=\"450\" height=\"600\" data-id=\"16239\" src=\"https:\/\/i0.wp.com\/ecolefermedesbois.ch\/wp-content\/uploads\/2026\/09\/wp-1788619615298415116538674904562.jpg?resize=450%2C600&#038;ssl=1\" alt=\"\" class=\"wp-image-16239\" srcset=\"https:\/\/i0.wp.com\/ecolefermedesbois.ch\/wp-content\/uploads\/2026\/09\/wp-1788619615298415116538674904562.jpg?resize=450%2C600&amp;ssl=1 450w, https:\/\/i0.wp.com\/ecolefermedesbois.ch\/wp-content\/uploads\/2026\/09\/wp-1788619615298415116538674904562.jpg?resize=225%2C300&amp;ssl=1 225w, https:\/\/i0.wp.com\/ecolefermedesbois.ch\/wp-content\/uploads\/2026\/09\/wp-1788619615298415116538674904562.jpg?resize=768%2C1024&amp;ssl=1 768w, https:\/\/i0.wp.com\/ecolefermedesbois.ch\/wp-content\/uploads\/2026\/09\/wp-1788619615298415116538674904562.jpg?resize=1152%2C1536&amp;ssl=1 1152w, https:\/\/i0.wp.com\/ecolefermedesbois.ch\/wp-content\/uploads\/2026\/09\/wp-1788619615298415116538674904562.jpg?w=1500&amp;ssl=1 1500w, https:\/\/i0.wp.com\/ecolefermedesbois.ch\/wp-content\/uploads\/2026\/09\/wp-1788619615298415116538674904562.jpg?w=1440&amp;ssl=1 1440w\" sizes=\"(max-width: 450px) 100vw, 450px\" \/><\/figure>\n\n\n\n<figure class=\"wp-block-image size-large\"><img data-recalc-dims=\"1\" loading=\"lazy\" decoding=\"async\" width=\"600\" height=\"395\" data-id=\"16238\" src=\"https:\/\/i0.wp.com\/ecolefermedesbois.ch\/wp-content\/uploads\/2026\/09\/wp-17886196151333314513835936506233.jpg?resize=600%2C395&#038;ssl=1\" alt=\"\" class=\"wp-image-16238\" srcset=\"https:\/\/i0.wp.com\/ecolefermedesbois.ch\/wp-content\/uploads\/2026\/09\/wp-17886196151333314513835936506233.jpg?resize=600%2C395&amp;ssl=1 600w, https:\/\/i0.wp.com\/ecolefermedesbois.ch\/wp-content\/uploads\/2026\/09\/wp-17886196151333314513835936506233.jpg?resize=300%2C198&amp;ssl=1 300w, https:\/\/i0.wp.com\/ecolefermedesbois.ch\/wp-content\/uploads\/2026\/09\/wp-17886196151333314513835936506233.jpg?resize=768%2C506&amp;ssl=1 768w, https:\/\/i0.wp.com\/ecolefermedesbois.ch\/wp-content\/uploads\/2026\/09\/wp-17886196151333314513835936506233.jpg?resize=1536%2C1011&amp;ssl=1 1536w, https:\/\/i0.wp.com\/ecolefermedesbois.ch\/wp-content\/uploads\/2026\/09\/wp-17886196151333314513835936506233.jpg?w=2000&amp;ssl=1 2000w, https:\/\/i0.wp.com\/ecolefermedesbois.ch\/wp-content\/uploads\/2026\/09\/wp-17886196151333314513835936506233.jpg?w=1440&amp;ssl=1 1440w\" sizes=\"(max-width: 600px) 100vw, 600px\" \/><\/figure>\n\n\n\n<figure class=\"wp-block-image size-large\"><img data-recalc-dims=\"1\" loading=\"lazy\" decoding=\"async\" width=\"461\" height=\"600\" data-id=\"16240\" src=\"https:\/\/i0.wp.com\/ecolefermedesbois.ch\/wp-content\/uploads\/2026\/09\/wp-1788619614983640330983947105147.jpg?resize=461%2C600&#038;ssl=1\" alt=\"\" class=\"wp-image-16240\" srcset=\"https:\/\/i0.wp.com\/ecolefermedesbois.ch\/wp-content\/uploads\/2026\/09\/wp-1788619614983640330983947105147.jpg?resize=461%2C600&amp;ssl=1 461w, https:\/\/i0.wp.com\/ecolefermedesbois.ch\/wp-content\/uploads\/2026\/09\/wp-1788619614983640330983947105147.jpg?resize=231%2C300&amp;ssl=1 231w, https:\/\/i0.wp.com\/ecolefermedesbois.ch\/wp-content\/uploads\/2026\/09\/wp-1788619614983640330983947105147.jpg?resize=768%2C999&amp;ssl=1 768w, https:\/\/i0.wp.com\/ecolefermedesbois.ch\/wp-content\/uploads\/2026\/09\/wp-1788619614983640330983947105147.jpg?resize=1180%2C1536&amp;ssl=1 1180w, https:\/\/i0.wp.com\/ecolefermedesbois.ch\/wp-content\/uploads\/2026\/09\/wp-1788619614983640330983947105147.jpg?w=1537&amp;ssl=1 1537w, https:\/\/i0.wp.com\/ecolefermedesbois.ch\/wp-content\/uploads\/2026\/09\/wp-1788619614983640330983947105147.jpg?w=1440&amp;ssl=1 1440w\" sizes=\"(max-width: 461px) 100vw, 461px\" \/><\/figure>\n\n\n\n<figure class=\"wp-block-image size-large\"><img data-recalc-dims=\"1\" loading=\"lazy\" decoding=\"async\" width=\"600\" height=\"450\" data-id=\"16241\" src=\"https:\/\/i0.wp.com\/ecolefermedesbois.ch\/wp-content\/uploads\/2026\/09\/wp-17886196148592817443527740525780.jpg?resize=600%2C450&#038;ssl=1\" alt=\"\" class=\"wp-image-16241\" srcset=\"https:\/\/i0.wp.com\/ecolefermedesbois.ch\/wp-content\/uploads\/2026\/09\/wp-17886196148592817443527740525780.jpg?resize=600%2C450&amp;ssl=1 600w, https:\/\/i0.wp.com\/ecolefermedesbois.ch\/wp-content\/uploads\/2026\/09\/wp-17886196148592817443527740525780.jpg?resize=300%2C225&amp;ssl=1 300w, https:\/\/i0.wp.com\/ecolefermedesbois.ch\/wp-content\/uploads\/2026\/09\/wp-17886196148592817443527740525780.jpg?resize=768%2C576&amp;ssl=1 768w, https:\/\/i0.wp.com\/ecolefermedesbois.ch\/wp-content\/uploads\/2026\/09\/wp-17886196148592817443527740525780.jpg?resize=1536%2C1152&amp;ssl=1 1536w, https:\/\/i0.wp.com\/ecolefermedesbois.ch\/wp-content\/uploads\/2026\/09\/wp-17886196148592817443527740525780.jpg?w=2000&amp;ssl=1 2000w, https:\/\/i0.wp.com\/ecolefermedesbois.ch\/wp-content\/uploads\/2026\/09\/wp-17886196148592817443527740525780.jpg?w=1440&amp;ssl=1 1440w\" sizes=\"(max-width: 600px) 100vw, 600px\" \/><\/figure>\n\n\n\n<figure class=\"wp-block-image size-large\"><img data-recalc-dims=\"1\" loading=\"lazy\" decoding=\"async\" width=\"450\" height=\"600\" data-id=\"16247\" src=\"https:\/\/i0.wp.com\/ecolefermedesbois.ch\/wp-content\/uploads\/2026\/09\/wp-17886196158604840098456218543586.jpg?resize=450%2C600&#038;ssl=1\" alt=\"\" class=\"wp-image-16247\" srcset=\"https:\/\/i0.wp.com\/ecolefermedesbois.ch\/wp-content\/uploads\/2026\/09\/wp-17886196158604840098456218543586.jpg?resize=450%2C600&amp;ssl=1 450w, https:\/\/i0.wp.com\/ecolefermedesbois.ch\/wp-content\/uploads\/2026\/09\/wp-17886196158604840098456218543586.jpg?resize=225%2C300&amp;ssl=1 225w, https:\/\/i0.wp.com\/ecolefermedesbois.ch\/wp-content\/uploads\/2026\/09\/wp-17886196158604840098456218543586.jpg?resize=768%2C1024&amp;ssl=1 768w, https:\/\/i0.wp.com\/ecolefermedesbois.ch\/wp-content\/uploads\/2026\/09\/wp-17886196158604840098456218543586.jpg?resize=1152%2C1536&amp;ssl=1 1152w, https:\/\/i0.wp.com\/ecolefermedesbois.ch\/wp-content\/uploads\/2026\/09\/wp-17886196158604840098456218543586.jpg?w=1500&amp;ssl=1 1500w, https:\/\/i0.wp.com\/ecolefermedesbois.ch\/wp-content\/uploads\/2026\/09\/wp-17886196158604840098456218543586.jpg?w=1440&amp;ssl=1 1440w\" sizes=\"(max-width: 450px) 100vw, 450px\" \/><\/figure>\n<\/figure>\n","protected":false},"excerpt":{"rendered":"<p>Ce matin, nous avons eu le plaisir d\u2019accueillir la classe de de Sandy Bachmann, pour une journ\u00e9e plac\u00e9e sous le&#46;&#46;&#46;<\/p>\n","protected":false},"author":2,"featured_media":16245,"comment_status":"open","ping_status":"open","sticky":false,"template":"","format":"standard","meta":{"footnotes":"","jetpack_publicize_message":"","jetpack_publicize_feature_enabled":true,"jetpack_social_post_already_shared":true,"jetpack_social_options":{"image_generator_settings":{"template":"highway","default_image_id":0,"font":"","enabled":false},"version":2},"jetpack_post_was_ever_published":false},"categories":[33],"tags":[],"class_list":["post-16252","post","type-post","status-publish","format-standard","has-post-thumbnail","hentry","category-ecole"],"yoast_head":"<!-- This site is optimized with the Yoast SEO plugin v28.4 - https:\/\/yoast.com\/product\/yoast-seo-wordpress\/ -->\n<title>Une matin\u00e9e au verger avec la classe 7P d&#039;Oron -<\/title>\n<meta name=\"robots\" content=\"index, follow, max-snippet:-1, max-image-preview:large, max-video-preview:-1\" \/>\n<link rel=\"canonical\" href=\"https:\/\/ecolefermedesbois.ch\/?p=16252\" \/>\n<meta property=\"og:locale\" content=\"fr_FR\" \/>\n<meta property=\"og:type\" content=\"article\" \/>\n<meta property=\"og:title\" content=\"Une matin\u00e9e au verger avec la classe 7P d&#039;Oron -\" \/>\n<meta property=\"og:description\" content=\"Ce matin, nous avons eu le plaisir d\u2019accueillir la classe de de Sandy Bachmann, pour une journ\u00e9e plac\u00e9e sous le&#046;&#046;&#046;\" \/>\n<meta property=\"og:url\" content=\"https:\/\/ecolefermedesbois.ch\/?p=16252\" \/>\n<meta property=\"article:publisher\" content=\"https:\/\/www.facebook.com\/ecolefermedesBois\" \/>\n<meta property=\"article:published_time\" content=\"2026-09-05T15:34:29+00:00\" \/>\n<meta property=\"article:modified_time\" content=\"2026-09-05T15:34:33+00:00\" \/>\n<meta property=\"og:image\" content=\"https:\/\/ecolefermedesbois.ch\/wp-content\/uploads\/2026\/09\/wp-17886196157481937687821963341506.jpg\" \/>\n\t<meta property=\"og:image:width\" content=\"2000\" \/>\n\t<meta property=\"og:image:height\" content=\"1500\" \/>\n\t<meta property=\"og:image:type\" content=\"image\/jpeg\" \/>\n<meta name=\"author\" content=\"Sophie\" \/>\n<meta name=\"twitter:card\" content=\"summary_large_image\" \/>\n<meta name=\"twitter:label1\" content=\"\u00c9crit par\" \/>\n\t<meta name=\"twitter:data1\" content=\"Sophie\" \/>\n\t<meta name=\"twitter:label2\" content=\"Dur\u00e9e de lecture estim\u00e9e\" \/>\n\t<meta name=\"twitter:data2\" content=\"9 minutes\" \/>\n<script type=\"application\/ld+json\" class=\"yoast-schema-graph\">{\"@context\":\"https:\\\/\\\/schema.org\",\"@graph\":[{\"@type\":\"Article\",\"@id\":\"https:\\\/\\\/ecolefermedesbois.ch\\\/?p=16252#article\",\"isPartOf\":{\"@id\":\"https:\\\/\\\/ecolefermedesbois.ch\\\/?p=16252\"},\"author\":{\"name\":\"Sophie\",\"@id\":\"https:\\\/\\\/ecolefermedesbois.ch\\\/#\\\/schema\\\/person\\\/78f5a1c78e958e51240f90932d290908\"},\"headline\":\"Une matin\u00e9e au verger avec la classe 7P d&rsquo;Oron\",\"datePublished\":\"2026-09-05T15:34:29+00:00\",\"dateModified\":\"2026-09-05T15:34:33+00:00\",\"mainEntityOfPage\":{\"@id\":\"https:\\\/\\\/ecolefermedesbois.ch\\\/?p=16252\"},\"wordCount\":1402,\"commentCount\":0,\"publisher\":{\"@id\":\"https:\\\/\\\/ecolefermedesbois.ch\\\/#organization\"},\"image\":{\"@id\":\"https:\\\/\\\/ecolefermedesbois.ch\\\/?p=16252#primaryimage\"},\"thumbnailUrl\":\"https:\\\/\\\/i0.wp.com\\\/ecolefermedesbois.ch\\\/wp-content\\\/uploads\\\/2026\\\/09\\\/wp-17886196157481937687821963341506.jpg?fit=2000%2C1500&ssl=1\",\"articleSection\":[\"Ecole\"],\"inLanguage\":\"fr-FR\",\"potentialAction\":[{\"@type\":\"CommentAction\",\"name\":\"Comment\",\"target\":[\"https:\\\/\\\/ecolefermedesbois.ch\\\/?p=16252#respond\"]}]},{\"@type\":\"WebPage\",\"@id\":\"https:\\\/\\\/ecolefermedesbois.ch\\\/?p=16252\",\"url\":\"https:\\\/\\\/ecolefermedesbois.ch\\\/?p=16252\",\"name\":\"Une matin\u00e9e au verger avec la classe 7P d'Oron -\",\"isPartOf\":{\"@id\":\"https:\\\/\\\/ecolefermedesbois.ch\\\/#website\"},\"primaryImageOfPage\":{\"@id\":\"https:\\\/\\\/ecolefermedesbois.ch\\\/?p=16252#primaryimage\"},\"image\":{\"@id\":\"https:\\\/\\\/ecolefermedesbois.ch\\\/?p=16252#primaryimage\"},\"thumbnailUrl\":\"https:\\\/\\\/i0.wp.com\\\/ecolefermedesbois.ch\\\/wp-content\\\/uploads\\\/2026\\\/09\\\/wp-17886196157481937687821963341506.jpg?fit=2000%2C1500&ssl=1\",\"datePublished\":\"2026-09-05T15:34:29+00:00\",\"dateModified\":\"2026-09-05T15:34:33+00:00\",\"breadcrumb\":{\"@id\":\"https:\\\/\\\/ecolefermedesbois.ch\\\/?p=16252#breadcrumb\"},\"inLanguage\":\"fr-FR\",\"potentialAction\":[{\"@type\":\"ReadAction\",\"target\":[\"https:\\\/\\\/ecolefermedesbois.ch\\\/?p=16252\"]}]},{\"@type\":\"ImageObject\",\"inLanguage\":\"fr-FR\",\"@id\":\"https:\\\/\\\/ecolefermedesbois.ch\\\/?p=16252#primaryimage\",\"url\":\"https:\\\/\\\/i0.wp.com\\\/ecolefermedesbois.ch\\\/wp-content\\\/uploads\\\/2026\\\/09\\\/wp-17886196157481937687821963341506.jpg?fit=2000%2C1500&ssl=1\",\"contentUrl\":\"https:\\\/\\\/i0.wp.com\\\/ecolefermedesbois.ch\\\/wp-content\\\/uploads\\\/2026\\\/09\\\/wp-17886196157481937687821963341506.jpg?fit=2000%2C1500&ssl=1\",\"width\":2000,\"height\":1500},{\"@type\":\"BreadcrumbList\",\"@id\":\"https:\\\/\\\/ecolefermedesbois.ch\\\/?p=16252#breadcrumb\",\"itemListElement\":[{\"@type\":\"ListItem\",\"position\":1,\"name\":\"Accueil\",\"item\":\"https:\\\/\\\/ecolefermedesbois.ch\\\/\"},{\"@type\":\"ListItem\",\"position\":2,\"name\":\"Une matin\u00e9e au verger avec la classe 7P d&rsquo;Oron\"}]},{\"@type\":\"WebSite\",\"@id\":\"https:\\\/\\\/ecolefermedesbois.ch\\\/#website\",\"url\":\"https:\\\/\\\/ecolefermedesbois.ch\\\/\",\"name\":\"ecolefermedesbois\",\"description\":\"\",\"publisher\":{\"@id\":\"https:\\\/\\\/ecolefermedesbois.ch\\\/#organization\"},\"potentialAction\":[{\"@type\":\"SearchAction\",\"target\":{\"@type\":\"EntryPoint\",\"urlTemplate\":\"https:\\\/\\\/ecolefermedesbois.ch\\\/?s={search_term_string}\"},\"query-input\":{\"@type\":\"PropertyValueSpecification\",\"valueRequired\":true,\"valueName\":\"search_term_string\"}}],\"inLanguage\":\"fr-FR\"},{\"@type\":\"Organization\",\"@id\":\"https:\\\/\\\/ecolefermedesbois.ch\\\/#organization\",\"name\":\"Ecole \u00e0 la Ferme des Bois\",\"url\":\"https:\\\/\\\/ecolefermedesbois.ch\\\/\",\"logo\":{\"@type\":\"ImageObject\",\"inLanguage\":\"fr-FR\",\"@id\":\"https:\\\/\\\/ecolefermedesbois.ch\\\/#\\\/schema\\\/logo\\\/image\\\/\",\"url\":\"https:\\\/\\\/ecolefermedesbois.ch\\\/wp-content\\\/uploads\\\/2019\\\/04\\\/logo-scaled.gif\",\"contentUrl\":\"https:\\\/\\\/ecolefermedesbois.ch\\\/wp-content\\\/uploads\\\/2019\\\/04\\\/logo-scaled.gif\",\"width\":2560,\"height\":608,\"caption\":\"Ecole \u00e0 la Ferme des Bois\"},\"image\":{\"@id\":\"https:\\\/\\\/ecolefermedesbois.ch\\\/#\\\/schema\\\/logo\\\/image\\\/\"},\"sameAs\":[\"https:\\\/\\\/www.facebook.com\\\/ecolefermedesBois\"]},{\"@type\":\"Person\",\"@id\":\"https:\\\/\\\/ecolefermedesbois.ch\\\/#\\\/schema\\\/person\\\/78f5a1c78e958e51240f90932d290908\",\"name\":\"Sophie\",\"image\":{\"@type\":\"ImageObject\",\"inLanguage\":\"fr-FR\",\"@id\":\"https:\\\/\\\/secure.gravatar.com\\\/avatar\\\/053fbaec50cb27b03b880a4b8b018009aa3af995f32011efc3f40a589371d46f?s=96&d=mm&r=g\",\"url\":\"https:\\\/\\\/secure.gravatar.com\\\/avatar\\\/053fbaec50cb27b03b880a4b8b018009aa3af995f32011efc3f40a589371d46f?s=96&d=mm&r=g\",\"contentUrl\":\"https:\\\/\\\/secure.gravatar.com\\\/avatar\\\/053fbaec50cb27b03b880a4b8b018009aa3af995f32011efc3f40a589371d46f?s=96&d=mm&r=g\",\"caption\":\"Sophie\"},\"url\":\"https:\\\/\\\/ecolefermedesbois.ch\\\/?author=2\"}]}<\/script>\n<!-- \/ Yoast SEO plugin. -->","yoast_head_json":{"title":"Une matin\u00e9e au verger avec la classe 7P d'Oron -","robots":{"index":"index","follow":"follow","max-snippet":"max-snippet:-1","max-image-preview":"max-image-preview:large","max-video-preview":"max-video-preview:-1"},"canonical":"https:\/\/ecolefermedesbois.ch\/?p=16252","og_locale":"fr_FR","og_type":"article","og_title":"Une matin\u00e9e au verger avec la classe 7P d'Oron -","og_description":"Ce matin, nous avons eu le plaisir d\u2019accueillir la classe de de Sandy Bachmann, pour une journ\u00e9e plac\u00e9e sous le&#46;&#46;&#46;","og_url":"https:\/\/ecolefermedesbois.ch\/?p=16252","article_publisher":"https:\/\/www.facebook.com\/ecolefermedesBois","article_published_time":"2026-09-05T15:34:29+00:00","article_modified_time":"2026-09-05T15:34:33+00:00","og_image":[{"width":2000,"height":1500,"url":"https:\/\/ecolefermedesbois.ch\/wp-content\/uploads\/2026\/09\/wp-17886196157481937687821963341506.jpg","type":"image\/jpeg"}],"author":"Sophie","twitter_card":"summary_large_image","twitter_misc":{"\u00c9crit par":"Sophie","Dur\u00e9e de lecture estim\u00e9e":"9 minutes"},"schema":{"@context":"https:\/\/schema.org","@graph":[{"@type":"Article","@id":"https:\/\/ecolefermedesbois.ch\/?p=16252#article","isPartOf":{"@id":"https:\/\/ecolefermedesbois.ch\/?p=16252"},"author":{"name":"Sophie","@id":"https:\/\/ecolefermedesbois.ch\/#\/schema\/person\/78f5a1c78e958e51240f90932d290908"},"headline":"Une matin\u00e9e au verger avec la classe 7P d&rsquo;Oron","datePublished":"2026-09-05T15:34:29+00:00","dateModified":"2026-09-05T15:34:33+00:00","mainEntityOfPage":{"@id":"https:\/\/ecolefermedesbois.ch\/?p=16252"},"wordCount":1402,"commentCount":0,"publisher":{"@id":"https:\/\/ecolefermedesbois.ch\/#organization"},"image":{"@id":"https:\/\/ecolefermedesbois.ch\/?p=16252#primaryimage"},"thumbnailUrl":"https:\/\/i0.wp.com\/ecolefermedesbois.ch\/wp-content\/uploads\/2026\/09\/wp-17886196157481937687821963341506.jpg?fit=2000%2C1500&ssl=1","articleSection":["Ecole"],"inLanguage":"fr-FR","potentialAction":[{"@type":"CommentAction","name":"Comment","target":["https:\/\/ecolefermedesbois.ch\/?p=16252#respond"]}]},{"@type":"WebPage","@id":"https:\/\/ecolefermedesbois.ch\/?p=16252","url":"https:\/\/ecolefermedesbois.ch\/?p=16252","name":"Une matin\u00e9e au verger avec la classe 7P d'Oron -","isPartOf":{"@id":"https:\/\/ecolefermedesbois.ch\/#website"},"primaryImageOfPage":{"@id":"https:\/\/ecolefermedesbois.ch\/?p=16252#primaryimage"},"image":{"@id":"https:\/\/ecolefermedesbois.ch\/?p=16252#primaryimage"},"thumbnailUrl":"https:\/\/i0.wp.com\/ecolefermedesbois.ch\/wp-content\/uploads\/2026\/09\/wp-17886196157481937687821963341506.jpg?fit=2000%2C1500&ssl=1","datePublished":"2026-09-05T15:34:29+00:00","dateModified":"2026-09-05T15:34:33+00:00","breadcrumb":{"@id":"https:\/\/ecolefermedesbois.ch\/?p=16252#breadcrumb"},"inLanguage":"fr-FR","potentialAction":[{"@type":"ReadAction","target":["https:\/\/ecolefermedesbois.ch\/?p=16252"]}]},{"@type":"ImageObject","inLanguage":"fr-FR","@id":"https:\/\/ecolefermedesbois.ch\/?p=16252#primaryimage","url":"https:\/\/i0.wp.com\/ecolefermedesbois.ch\/wp-content\/uploads\/2026\/09\/wp-17886196157481937687821963341506.jpg?fit=2000%2C1500&ssl=1","contentUrl":"https:\/\/i0.wp.com\/ecolefermedesbois.ch\/wp-content\/uploads\/2026\/09\/wp-17886196157481937687821963341506.jpg?fit=2000%2C1500&ssl=1","width":2000,"height":1500},{"@type":"BreadcrumbList","@id":"https:\/\/ecolefermedesbois.ch\/?p=16252#breadcrumb","itemListElement":[{"@type":"ListItem","position":1,"name":"Accueil","item":"https:\/\/ecolefermedesbois.ch\/"},{"@type":"ListItem","position":2,"name":"Une matin\u00e9e au verger avec la classe 7P d&rsquo;Oron"}]},{"@type":"WebSite","@id":"https:\/\/ecolefermedesbois.ch\/#website","url":"https:\/\/ecolefermedesbois.ch\/","name":"ecolefermedesbois","description":"","publisher":{"@id":"https:\/\/ecolefermedesbois.ch\/#organization"},"potentialAction":[{"@type":"SearchAction","target":{"@type":"EntryPoint","urlTemplate":"https:\/\/ecolefermedesbois.ch\/?s={search_term_string}"},"query-input":{"@type":"PropertyValueSpecification","valueRequired":true,"valueName":"search_term_string"}}],"inLanguage":"fr-FR"},{"@type":"Organization","@id":"https:\/\/ecolefermedesbois.ch\/#organization","name":"Ecole \u00e0 la Ferme des Bois","url":"https:\/\/ecolefermedesbois.ch\/","logo":{"@type":"ImageObject","inLanguage":"fr-FR","@id":"https:\/\/ecolefermedesbois.ch\/#\/schema\/logo\/image\/","url":"https:\/\/ecolefermedesbois.ch\/wp-content\/uploads\/2019\/04\/logo-scaled.gif","contentUrl":"https:\/\/ecolefermedesbois.ch\/wp-content\/uploads\/2019\/04\/logo-scaled.gif","width":2560,"height":608,"caption":"Ecole \u00e0 la Ferme des Bois"},"image":{"@id":"https:\/\/ecolefermedesbois.ch\/#\/schema\/logo\/image\/"},"sameAs":["https:\/\/www.facebook.com\/ecolefermedesBois"]},{"@type":"Person","@id":"https:\/\/ecolefermedesbois.ch\/#\/schema\/person\/78f5a1c78e958e51240f90932d290908","name":"Sophie","image":{"@type":"ImageObject","inLanguage":"fr-FR","@id":"https:\/\/secure.gravatar.com\/avatar\/053fbaec50cb27b03b880a4b8b018009aa3af995f32011efc3f40a589371d46f?s=96&d=mm&r=g","url":"https:\/\/secure.gravatar.com\/avatar\/053fbaec50cb27b03b880a4b8b018009aa3af995f32011efc3f40a589371d46f?s=96&d=mm&r=g","contentUrl":"https:\/\/secure.gravatar.com\/avatar\/053fbaec50cb27b03b880a4b8b018009aa3af995f32011efc3f40a589371d46f?s=96&d=mm&r=g","caption":"Sophie"},"url":"https:\/\/ecolefermedesbois.ch\/?author=2"}]}},"jetpack_publicize_connections":[],"jetpack_sharing_enabled":true,"jetpack_featured_media_url":"https:\/\/i0.wp.com\/ecolefermedesbois.ch\/wp-content\/uploads\/2026\/09\/wp-17886196157481937687821963341506.jpg?fit=2000%2C1500&ssl=1","_links":{"self":[{"href":"https:\/\/ecolefermedesbois.ch\/index.php?rest_route=\/wp\/v2\/posts\/16252","targetHints":{"allow":["GET"]}}],"collection":[{"href":"https:\/\/ecolefermedesbois.ch\/index.php?rest_route=\/wp\/v2\/posts"}],"about":[{"href":"https:\/\/ecolefermedesbois.ch\/index.php?rest_route=\/wp\/v2\/types\/post"}],"author":[{"embeddable":true,"href":"https:\/\/ecolefermedesbois.ch\/index.php?rest_route=\/wp\/v2\/users\/2"}],"replies":[{"embeddable":true,"href":"https:\/\/ecolefermedesbois.ch\/index.php?rest_route=%2Fwp%2Fv2%2Fcomments&post=16252"}],"version-history":[{"count":1,"href":"https:\/\/ecolefermedesbois.ch\/index.php?rest_route=\/wp\/v2\/posts\/16252\/revisions"}],"predecessor-version":[{"id":16255,"href":"https:\/\/ecolefermedesbois.ch\/index.php?rest_route=\/wp\/v2\/posts\/16252\/revisions\/16255"}],"wp:featuredmedia":[{"embeddable":true,"href":"https:\/\/ecolefermedesbois.ch\/index.php?rest_route=\/wp\/v2\/media\/16245"}],"wp:attachment":[{"href":"https:\/\/ecolefermedesbois.ch\/index.php?rest_route=%2Fwp%2Fv2%2Fmedia&parent=16252"}],"wp:term":[{"taxonomy":"category","embeddable":true,"href":"https:\/\/ecolefermedesbois.ch\/index.php?rest_route=%2Fwp%2Fv2%2Fcategories&post=16252"},{"taxonomy":"post_tag","embeddable":true,"href":"https:\/\/ecolefermedesbois.ch\/index.php?rest_route=%2Fwp%2Fv2%2Ftags&post=16252"}],"curies":[{"name":"wp","href":"https:\/\/api.w.org\/{rel}","templated":true}]}}