{"id":16231,"date":"2026-08-27T14:32:27","date_gmt":"2026-08-27T12:32:27","guid":{"rendered":"https:\/\/ecolefermedesbois.ch\/?p=16231"},"modified":"2026-08-27T14:32:31","modified_gmt":"2026-08-27T12:32:31","slug":"decouverte-du-potager-par-de-tout-jeunes-lutins","status":"publish","type":"post","link":"https:\/\/ecolefermedesbois.ch\/?p=16231","title":{"rendered":"D\u00e9couverte du potager par de tout jeunes lutins"},"content":{"rendered":"<div class=\"pdfprnt-buttons pdfprnt-buttons-post pdfprnt-top-right\"><a href=\"https:\/\/ecolefermedesbois.ch\/index.php?rest_route=%2Fwp%2Fv2%2Fposts%2F16231&print=pdf\" class=\"pdfprnt-button pdfprnt-button-pdf\" target=\"_blank\" ><img data-recalc-dims=\"1\" decoding=\"async\" src=\"https:\/\/i0.wp.com\/ecolefermedesbois.ch\/wp-content\/plugins\/pdf-print\/images\/pdf.png?w=720&#038;ssl=1\" alt=\"image_pdf\" title=\"Afficher le PDF\" \/><\/a><a href=\"https:\/\/ecolefermedesbois.ch\/index.php?rest_route=%2Fwp%2Fv2%2Fposts%2F16231&print=print\" class=\"pdfprnt-button pdfprnt-button-print\" target=\"_blank\" ><img data-recalc-dims=\"1\" decoding=\"async\" src=\"https:\/\/i0.wp.com\/ecolefermedesbois.ch\/wp-content\/plugins\/pdf-print\/images\/print.png?w=720&#038;ssl=1\" alt=\"image_print\" title=\"Contenu imprim\u00e9\" \/><\/a><\/div>\n<p class=\"wp-block-paragraph\">Mercredi matin, j\u2019ai eu le plaisir d\u2019accueillir \u00e0 la ferme six jeunes enfants \u00e2g\u00e9s de 2 ans et demi \u00e0 4 ans pour une matin\u00e9e consacr\u00e9e \u00e0 la d\u00e9couverte du potager en automne.<\/p>\n\n\n\n<p class=\"wp-block-paragraph\">&#x1f331; Mais comment pousse un l\u00e9gume ?<\/p>\n\n\n\n<p class=\"wp-block-paragraph\">Apr\u00e8s l\u2019accueil des enfants, nous avons commenc\u00e9 notre matin\u00e9e autour de mon panneau didactique.<\/p>\n\n\n\n<p class=\"wp-block-paragraph\">M\u00eame avec de si jeunes enfants, nous avons essay\u00e9 de comprendre comment on obtient les l\u00e9gumes que nous trouvons dans notre jardin. Tout commence par une petite graine que l\u2019on met en terre. Celle-ci germe, grandit et finit par nous donner un l\u00e9gume.<\/p>\n\n\n\n<p class=\"wp-block-paragraph\">Mais de quoi cette petite graine et cette future plante ont-elles besoin pour pousser ?<\/p>\n\n\n\n<p class=\"wp-block-paragraph\">Les r\u00e9ponses sont arriv\u00e9es assez rapidement : de la terre et de l\u2019eau ! Pour la chaleur, quelques images et petits indices ont \u00e9t\u00e9 n\u00e9cessaires pour les aider \u00e0 trouver. Nous avons ainsi d\u00e9couvert ensemble que le soleil et sa chaleur sont eux aussi indispensables \u00e0 la croissance de nos l\u00e9gumes.<\/p>\n\n\n\n<p class=\"wp-block-paragraph\">&#x1f952; Des courgettes\u2026 pour faire des muffins !<\/p>\n\n\n\n<p class=\"wp-block-paragraph\">Direction ensuite le potager pour notre premi\u00e8re r\u00e9colte : les courgettes !<\/p>\n\n\n\n<p class=\"wp-block-paragraph\">Les bras charg\u00e9s de nos belles courgettes, nous avons rejoint la salle pour les transformer en une collation un peu particuli\u00e8re : des muffins courgette-vanille.<\/p>\n\n\n\n<p class=\"wp-block-paragraph\">Chacun son tour, les enfants ont particip\u00e9 \u00e0 leur pr\u00e9paration : peser la cr\u00e8me, le sucre ou la farine, ajouter la poudre \u00e0 lever et la vanille, casser les \u0153ufs, r\u00e2per les courgettes ou encore m\u00e9langer la p\u00e2te.<\/p>\n\n\n\n<p class=\"wp-block-paragraph\">Tout le monde a pu mettre la main \u00e0 la p\u00e2te !<\/p>\n\n\n\n<p class=\"wp-block-paragraph\">&#x1f955;&#x1f966;&#x1f345; Les grandes familles de l\u00e9gumes<\/p>\n\n\n\n<p class=\"wp-block-paragraph\">Pendant que nos muffins cuisaient tranquillement, nous avons poursuivi nos d\u00e9couvertes en parlant des quatre grandes familles de l\u00e9gumes : les l\u00e9gumes-feuilles, les l\u00e9gumes-racines, les l\u00e9gumes-fruits et les l\u00e9gumes-fleurs.<\/p>\n\n\n\n<p class=\"wp-block-paragraph\">\u00c0 l\u2019aide d\u2019images, les enfants devaient essayer de deviner \u00e0 quelle famille appartenait chaque l\u00e9gume.<\/p>\n\n\n\n<p class=\"wp-block-paragraph\">Pas si facile lorsque l\u2019on n\u2019a que 2 ans et demi \u00e0 4 ans ! Et pourtant, c\u2019\u00e9tait tr\u00e8s int\u00e9ressant de les voir observer les images, r\u00e9fl\u00e9chir, comparer les l\u00e9gumes et essayer de comprendre \u00e0 quoi ils ressemblaient et quelle partie nous mangions.<\/p>\n\n\n\n<p class=\"wp-block-paragraph\">&#x1f345; \u00c0 la recherche des tomates et des haricots<\/p>\n\n\n\n<p class=\"wp-block-paragraph\">Nous sommes ensuite retourn\u00e9s au potager pour une nouvelle r\u00e9colte. Munis de nos petites cuvettes bleues, trois enfants sont partis r\u00e9colter les tomates pendant que les trois autres m\u2019accompagnaient \u00e0 la recherche des haricots.<\/p>\n\n\n\n<p class=\"wp-block-paragraph\">Et chercher des haricots demande un peu d\u2019entra\u00eenement ! Il faut apprendre \u00e0 fouiller entre les plantes et regarder sous les feuilles pour d\u00e9couvrir ceux qui s\u2019y cachent.<\/p>\n\n\n\n<p class=\"wp-block-paragraph\">L\u2019un des enfants avait d\u2019ailleurs trouv\u00e9 une m\u00e9thode beaucoup plus efficace : arracher directement les feuilles pour mieux voir les haricots ! &#x1f604;<\/p>\n\n\n\n<p class=\"wp-block-paragraph\">Il a donc fallu lui expliquer que, m\u00eame si sa technique facilitait grandement la r\u00e9colte, les feuilles \u00e9taient tr\u00e8s importantes pour la plante et qu\u2019il fallait les laisser en place. Une petite anecdote rigolote, mais surtout une nouvelle occasion d\u2019apprendre !<\/p>\n\n\n\n<p class=\"wp-block-paragraph\">&#x1f9c1; Une collation bien m\u00e9rit\u00e9e<\/p>\n\n\n\n<p class=\"wp-block-paragraph\">Apr\u00e8s toutes ces d\u00e9couvertes et ces r\u00e9coltes, il \u00e9tait temps de go\u00fbter le r\u00e9sultat de notre travail.<\/p>\n\n\n\n<p class=\"wp-block-paragraph\">Nous avons d\u00e9gust\u00e9 nos muffins courgette-vanille, accompagn\u00e9s d\u2019un bon verre de lait ou d\u2019eau pour ceux qui pr\u00e9f\u00e9raient.<\/p>\n\n\n\n<p class=\"wp-block-paragraph\">&#x1f41d;&#x1f98b; Qui vit dans notre potager ?<\/p>\n\n\n\n<p class=\"wp-block-paragraph\">Pour terminer cette belle matin\u00e9e, nous sommes retourn\u00e9s une derni\u00e8re fois au potager, mais cette fois sans r\u00e9colter.<\/p>\n\n\n\n<p class=\"wp-block-paragraph\">Nous avons cherch\u00e9 \u00e0 d\u00e9couvrir les petits animaux qui y vivent ou qui viennent le visiter. Nous avons pu observer les abeilles et les papillons, et nous avons \u00e9galement parl\u00e9 des vers de terre et de leur pr\u00e9sence dans le sol.<\/p>\n\n\n\n<p class=\"wp-block-paragraph\">Et pour de si jeunes enfants, c\u2019\u00e9tait d\u00e9j\u00e0 une matin\u00e9e bien remplie de nouvelles d\u00e9couvertes !<\/p>\n\n\n\n<p class=\"wp-block-paragraph\">Un grand merci aux enfants pour leur enthousiasme, leur curiosit\u00e9 et leur joie d\u2019\u00eatre \u00e0 la ferme. &#x2764;&#xfe0f;<\/p>\n\n\n\n<p class=\"wp-block-paragraph\">Et bien s\u00fbr, merci aux parents pour leur confiance.<\/p>\n\n\n\n<p class=\"wp-block-paragraph\">\u00c0 tout bient\u00f4t pour de nouvelles aventures \u00e0 la ferme ! &#x1f331;&#x1f41d;&#x1f952;<br>Sophie<\/p>\n\n\n\n<figure class=\"wp-block-gallery has-nested-images columns-default is-cropped wp-block-gallery-1 is-layout-flex wp-block-gallery-is-layout-flex\">\n<figure class=\"wp-block-image size-large\"><img data-recalc-dims=\"1\" fetchpriority=\"high\" decoding=\"async\" width=\"600\" height=\"450\" data-id=\"16227\" src=\"https:\/\/i0.wp.com\/ecolefermedesbois.ch\/wp-content\/uploads\/2026\/08\/wp-17878330518044380027803458444580.jpg?resize=600%2C450&#038;ssl=1\" alt=\"\" class=\"wp-image-16227\" srcset=\"https:\/\/i0.wp.com\/ecolefermedesbois.ch\/wp-content\/uploads\/2026\/08\/wp-17878330518044380027803458444580.jpg?resize=600%2C450&amp;ssl=1 600w, https:\/\/i0.wp.com\/ecolefermedesbois.ch\/wp-content\/uploads\/2026\/08\/wp-17878330518044380027803458444580.jpg?resize=300%2C225&amp;ssl=1 300w, https:\/\/i0.wp.com\/ecolefermedesbois.ch\/wp-content\/uploads\/2026\/08\/wp-17878330518044380027803458444580.jpg?resize=768%2C576&amp;ssl=1 768w, https:\/\/i0.wp.com\/ecolefermedesbois.ch\/wp-content\/uploads\/2026\/08\/wp-17878330518044380027803458444580.jpg?resize=1536%2C1152&amp;ssl=1 1536w, https:\/\/i0.wp.com\/ecolefermedesbois.ch\/wp-content\/uploads\/2026\/08\/wp-17878330518044380027803458444580.jpg?w=2000&amp;ssl=1 2000w, https:\/\/i0.wp.com\/ecolefermedesbois.ch\/wp-content\/uploads\/2026\/08\/wp-17878330518044380027803458444580.jpg?w=1440&amp;ssl=1 1440w\" sizes=\"(max-width: 600px) 100vw, 600px\" \/><\/figure>\n\n\n\n<figure class=\"wp-block-image size-large\"><img data-recalc-dims=\"1\" decoding=\"async\" width=\"600\" height=\"450\" data-id=\"16222\" src=\"https:\/\/i0.wp.com\/ecolefermedesbois.ch\/wp-content\/uploads\/2026\/08\/wp-17878330511067575959016382677688.jpg?resize=600%2C450&#038;ssl=1\" alt=\"\" class=\"wp-image-16222\" srcset=\"https:\/\/i0.wp.com\/ecolefermedesbois.ch\/wp-content\/uploads\/2026\/08\/wp-17878330511067575959016382677688.jpg?resize=600%2C450&amp;ssl=1 600w, https:\/\/i0.wp.com\/ecolefermedesbois.ch\/wp-content\/uploads\/2026\/08\/wp-17878330511067575959016382677688.jpg?resize=300%2C225&amp;ssl=1 300w, https:\/\/i0.wp.com\/ecolefermedesbois.ch\/wp-content\/uploads\/2026\/08\/wp-17878330511067575959016382677688.jpg?resize=768%2C576&amp;ssl=1 768w, https:\/\/i0.wp.com\/ecolefermedesbois.ch\/wp-content\/uploads\/2026\/08\/wp-17878330511067575959016382677688.jpg?resize=1536%2C1152&amp;ssl=1 1536w, https:\/\/i0.wp.com\/ecolefermedesbois.ch\/wp-content\/uploads\/2026\/08\/wp-17878330511067575959016382677688.jpg?w=2000&amp;ssl=1 2000w, https:\/\/i0.wp.com\/ecolefermedesbois.ch\/wp-content\/uploads\/2026\/08\/wp-17878330511067575959016382677688.jpg?w=1440&amp;ssl=1 1440w\" sizes=\"(max-width: 600px) 100vw, 600px\" \/><\/figure>\n\n\n\n<figure class=\"wp-block-image size-large\"><img data-recalc-dims=\"1\" decoding=\"async\" width=\"600\" height=\"450\" data-id=\"16229\" src=\"https:\/\/i0.wp.com\/ecolefermedesbois.ch\/wp-content\/uploads\/2026\/08\/wp-17878330517341043033006309141541.jpg?resize=600%2C450&#038;ssl=1\" alt=\"\" class=\"wp-image-16229\" srcset=\"https:\/\/i0.wp.com\/ecolefermedesbois.ch\/wp-content\/uploads\/2026\/08\/wp-17878330517341043033006309141541.jpg?resize=600%2C450&amp;ssl=1 600w, https:\/\/i0.wp.com\/ecolefermedesbois.ch\/wp-content\/uploads\/2026\/08\/wp-17878330517341043033006309141541.jpg?resize=300%2C225&amp;ssl=1 300w, https:\/\/i0.wp.com\/ecolefermedesbois.ch\/wp-content\/uploads\/2026\/08\/wp-17878330517341043033006309141541.jpg?resize=768%2C576&amp;ssl=1 768w, https:\/\/i0.wp.com\/ecolefermedesbois.ch\/wp-content\/uploads\/2026\/08\/wp-17878330517341043033006309141541.jpg?resize=1536%2C1152&amp;ssl=1 1536w, https:\/\/i0.wp.com\/ecolefermedesbois.ch\/wp-content\/uploads\/2026\/08\/wp-17878330517341043033006309141541.jpg?w=2000&amp;ssl=1 2000w, https:\/\/i0.wp.com\/ecolefermedesbois.ch\/wp-content\/uploads\/2026\/08\/wp-17878330517341043033006309141541.jpg?w=1440&amp;ssl=1 1440w\" sizes=\"(max-width: 600px) 100vw, 600px\" \/><\/figure>\n\n\n\n<figure class=\"wp-block-image size-large\"><img data-recalc-dims=\"1\" loading=\"lazy\" decoding=\"async\" width=\"450\" height=\"600\" data-id=\"16228\" src=\"https:\/\/i0.wp.com\/ecolefermedesbois.ch\/wp-content\/uploads\/2026\/08\/wp-17878330516605614292150610840842.jpg?resize=450%2C600&#038;ssl=1\" alt=\"\" class=\"wp-image-16228\" srcset=\"https:\/\/i0.wp.com\/ecolefermedesbois.ch\/wp-content\/uploads\/2026\/08\/wp-17878330516605614292150610840842.jpg?resize=450%2C600&amp;ssl=1 450w, https:\/\/i0.wp.com\/ecolefermedesbois.ch\/wp-content\/uploads\/2026\/08\/wp-17878330516605614292150610840842.jpg?resize=225%2C300&amp;ssl=1 225w, https:\/\/i0.wp.com\/ecolefermedesbois.ch\/wp-content\/uploads\/2026\/08\/wp-17878330516605614292150610840842.jpg?resize=768%2C1024&amp;ssl=1 768w, https:\/\/i0.wp.com\/ecolefermedesbois.ch\/wp-content\/uploads\/2026\/08\/wp-17878330516605614292150610840842.jpg?resize=1152%2C1536&amp;ssl=1 1152w, https:\/\/i0.wp.com\/ecolefermedesbois.ch\/wp-content\/uploads\/2026\/08\/wp-17878330516605614292150610840842.jpg?w=1500&amp;ssl=1 1500w, https:\/\/i0.wp.com\/ecolefermedesbois.ch\/wp-content\/uploads\/2026\/08\/wp-17878330516605614292150610840842.jpg?w=1440&amp;ssl=1 1440w\" sizes=\"(max-width: 450px) 100vw, 450px\" \/><\/figure>\n\n\n\n<figure class=\"wp-block-image size-large\"><img data-recalc-dims=\"1\" loading=\"lazy\" decoding=\"async\" width=\"600\" height=\"450\" data-id=\"16226\" src=\"https:\/\/i0.wp.com\/ecolefermedesbois.ch\/wp-content\/uploads\/2026\/08\/wp-17878330515764180811049139292800.jpg?resize=600%2C450&#038;ssl=1\" alt=\"\" class=\"wp-image-16226\" srcset=\"https:\/\/i0.wp.com\/ecolefermedesbois.ch\/wp-content\/uploads\/2026\/08\/wp-17878330515764180811049139292800.jpg?resize=600%2C450&amp;ssl=1 600w, https:\/\/i0.wp.com\/ecolefermedesbois.ch\/wp-content\/uploads\/2026\/08\/wp-17878330515764180811049139292800.jpg?resize=300%2C225&amp;ssl=1 300w, https:\/\/i0.wp.com\/ecolefermedesbois.ch\/wp-content\/uploads\/2026\/08\/wp-17878330515764180811049139292800.jpg?resize=768%2C576&amp;ssl=1 768w, https:\/\/i0.wp.com\/ecolefermedesbois.ch\/wp-content\/uploads\/2026\/08\/wp-17878330515764180811049139292800.jpg?resize=1536%2C1152&amp;ssl=1 1536w, https:\/\/i0.wp.com\/ecolefermedesbois.ch\/wp-content\/uploads\/2026\/08\/wp-17878330515764180811049139292800.jpg?w=2000&amp;ssl=1 2000w, https:\/\/i0.wp.com\/ecolefermedesbois.ch\/wp-content\/uploads\/2026\/08\/wp-17878330515764180811049139292800.jpg?w=1440&amp;ssl=1 1440w\" sizes=\"(max-width: 600px) 100vw, 600px\" \/><\/figure>\n\n\n\n<figure class=\"wp-block-image size-large\"><img data-recalc-dims=\"1\" loading=\"lazy\" decoding=\"async\" width=\"450\" height=\"600\" data-id=\"16223\" src=\"https:\/\/i0.wp.com\/ecolefermedesbois.ch\/wp-content\/uploads\/2026\/08\/wp-17878330514853492332533600706905.jpg?resize=450%2C600&#038;ssl=1\" alt=\"\" class=\"wp-image-16223\" srcset=\"https:\/\/i0.wp.com\/ecolefermedesbois.ch\/wp-content\/uploads\/2026\/08\/wp-17878330514853492332533600706905.jpg?resize=450%2C600&amp;ssl=1 450w, https:\/\/i0.wp.com\/ecolefermedesbois.ch\/wp-content\/uploads\/2026\/08\/wp-17878330514853492332533600706905.jpg?resize=225%2C300&amp;ssl=1 225w, https:\/\/i0.wp.com\/ecolefermedesbois.ch\/wp-content\/uploads\/2026\/08\/wp-17878330514853492332533600706905.jpg?resize=768%2C1024&amp;ssl=1 768w, https:\/\/i0.wp.com\/ecolefermedesbois.ch\/wp-content\/uploads\/2026\/08\/wp-17878330514853492332533600706905.jpg?resize=1152%2C1536&amp;ssl=1 1152w, https:\/\/i0.wp.com\/ecolefermedesbois.ch\/wp-content\/uploads\/2026\/08\/wp-17878330514853492332533600706905.jpg?w=1500&amp;ssl=1 1500w, https:\/\/i0.wp.com\/ecolefermedesbois.ch\/wp-content\/uploads\/2026\/08\/wp-17878330514853492332533600706905.jpg?w=1440&amp;ssl=1 1440w\" sizes=\"(max-width: 450px) 100vw, 450px\" \/><\/figure>\n\n\n\n<figure class=\"wp-block-image size-large\"><img data-recalc-dims=\"1\" loading=\"lazy\" decoding=\"async\" width=\"450\" height=\"600\" data-id=\"16225\" src=\"https:\/\/i0.wp.com\/ecolefermedesbois.ch\/wp-content\/uploads\/2026\/08\/wp-17878330513977490701162763457436.jpg?resize=450%2C600&#038;ssl=1\" alt=\"\" class=\"wp-image-16225\" srcset=\"https:\/\/i0.wp.com\/ecolefermedesbois.ch\/wp-content\/uploads\/2026\/08\/wp-17878330513977490701162763457436.jpg?resize=450%2C600&amp;ssl=1 450w, https:\/\/i0.wp.com\/ecolefermedesbois.ch\/wp-content\/uploads\/2026\/08\/wp-17878330513977490701162763457436.jpg?resize=225%2C300&amp;ssl=1 225w, https:\/\/i0.wp.com\/ecolefermedesbois.ch\/wp-content\/uploads\/2026\/08\/wp-17878330513977490701162763457436.jpg?resize=768%2C1024&amp;ssl=1 768w, https:\/\/i0.wp.com\/ecolefermedesbois.ch\/wp-content\/uploads\/2026\/08\/wp-17878330513977490701162763457436.jpg?resize=1152%2C1536&amp;ssl=1 1152w, https:\/\/i0.wp.com\/ecolefermedesbois.ch\/wp-content\/uploads\/2026\/08\/wp-17878330513977490701162763457436.jpg?w=1500&amp;ssl=1 1500w, https:\/\/i0.wp.com\/ecolefermedesbois.ch\/wp-content\/uploads\/2026\/08\/wp-17878330513977490701162763457436.jpg?w=1440&amp;ssl=1 1440w\" sizes=\"(max-width: 450px) 100vw, 450px\" \/><\/figure>\n\n\n\n<figure class=\"wp-block-image size-large\"><img data-recalc-dims=\"1\" loading=\"lazy\" decoding=\"async\" width=\"600\" height=\"450\" data-id=\"16224\" src=\"https:\/\/i0.wp.com\/ecolefermedesbois.ch\/wp-content\/uploads\/2026\/08\/wp-17878330513115946289584984789824.jpg?resize=600%2C450&#038;ssl=1\" alt=\"\" class=\"wp-image-16224\" srcset=\"https:\/\/i0.wp.com\/ecolefermedesbois.ch\/wp-content\/uploads\/2026\/08\/wp-17878330513115946289584984789824.jpg?resize=600%2C450&amp;ssl=1 600w, https:\/\/i0.wp.com\/ecolefermedesbois.ch\/wp-content\/uploads\/2026\/08\/wp-17878330513115946289584984789824.jpg?resize=300%2C225&amp;ssl=1 300w, https:\/\/i0.wp.com\/ecolefermedesbois.ch\/wp-content\/uploads\/2026\/08\/wp-17878330513115946289584984789824.jpg?resize=768%2C576&amp;ssl=1 768w, https:\/\/i0.wp.com\/ecolefermedesbois.ch\/wp-content\/uploads\/2026\/08\/wp-17878330513115946289584984789824.jpg?resize=1536%2C1152&amp;ssl=1 1536w, https:\/\/i0.wp.com\/ecolefermedesbois.ch\/wp-content\/uploads\/2026\/08\/wp-17878330513115946289584984789824.jpg?w=2000&amp;ssl=1 2000w, https:\/\/i0.wp.com\/ecolefermedesbois.ch\/wp-content\/uploads\/2026\/08\/wp-17878330513115946289584984789824.jpg?w=1440&amp;ssl=1 1440w\" sizes=\"(max-width: 600px) 100vw, 600px\" \/><\/figure>\n<\/figure>\n","protected":false},"excerpt":{"rendered":"<p>Mercredi matin, j\u2019ai eu le plaisir d\u2019accueillir \u00e0 la ferme six jeunes enfants \u00e2g\u00e9s de 2 ans et demi \u00e0&#46;&#46;&#46;<\/p>\n","protected":false},"author":2,"featured_media":16227,"comment_status":"open","ping_status":"open","sticky":false,"template":"","format":"standard","meta":{"footnotes":"","jetpack_publicize_message":"","jetpack_publicize_feature_enabled":true,"jetpack_social_post_already_shared":true,"jetpack_social_options":{"image_generator_settings":{"template":"highway","default_image_id":0,"font":"","enabled":false},"version":2},"jetpack_post_was_ever_published":false},"categories":[33],"tags":[],"class_list":["post-16231","post","type-post","status-publish","format-standard","has-post-thumbnail","hentry","category-ecole"],"yoast_head":"<!-- This site is optimized with the Yoast SEO plugin v28.4 - https:\/\/yoast.com\/product\/yoast-seo-wordpress\/ -->\n<title>D\u00e9couverte du potager par de tout jeunes lutins -<\/title>\n<meta name=\"robots\" content=\"index, follow, max-snippet:-1, max-image-preview:large, max-video-preview:-1\" \/>\n<link rel=\"canonical\" href=\"https:\/\/ecolefermedesbois.ch\/?p=16231\" \/>\n<meta property=\"og:locale\" content=\"fr_FR\" \/>\n<meta property=\"og:type\" content=\"article\" \/>\n<meta property=\"og:title\" content=\"D\u00e9couverte du potager par de tout jeunes lutins -\" \/>\n<meta property=\"og:description\" content=\"Mercredi matin, j\u2019ai eu le plaisir d\u2019accueillir \u00e0 la ferme six jeunes enfants \u00e2g\u00e9s de 2 ans et demi \u00e0&#046;&#046;&#046;\" \/>\n<meta property=\"og:url\" content=\"https:\/\/ecolefermedesbois.ch\/?p=16231\" \/>\n<meta property=\"article:publisher\" content=\"https:\/\/www.facebook.com\/ecolefermedesBois\" \/>\n<meta property=\"article:published_time\" content=\"2026-08-27T12:32:27+00:00\" \/>\n<meta property=\"article:modified_time\" content=\"2026-08-27T12:32:31+00:00\" \/>\n<meta property=\"og:image\" content=\"https:\/\/ecolefermedesbois.ch\/wp-content\/uploads\/2026\/08\/wp-17878330518044380027803458444580.jpg\" \/>\n\t<meta property=\"og:image:width\" content=\"2000\" \/>\n\t<meta property=\"og:image:height\" content=\"1500\" \/>\n\t<meta property=\"og:image:type\" content=\"image\/jpeg\" \/>\n<meta name=\"author\" content=\"Sophie\" \/>\n<meta name=\"twitter:card\" content=\"summary_large_image\" \/>\n<meta name=\"twitter:label1\" content=\"\u00c9crit par\" \/>\n\t<meta name=\"twitter:data1\" content=\"Sophie\" \/>\n\t<meta name=\"twitter:label2\" content=\"Dur\u00e9e de lecture estim\u00e9e\" \/>\n\t<meta name=\"twitter:data2\" content=\"6 minutes\" \/>\n<script type=\"application\/ld+json\" class=\"yoast-schema-graph\">{\"@context\":\"https:\\\/\\\/schema.org\",\"@graph\":[{\"@type\":\"Article\",\"@id\":\"https:\\\/\\\/ecolefermedesbois.ch\\\/?p=16231#article\",\"isPartOf\":{\"@id\":\"https:\\\/\\\/ecolefermedesbois.ch\\\/?p=16231\"},\"author\":{\"name\":\"Sophie\",\"@id\":\"https:\\\/\\\/ecolefermedesbois.ch\\\/#\\\/schema\\\/person\\\/78f5a1c78e958e51240f90932d290908\"},\"headline\":\"D\u00e9couverte du potager par de tout jeunes lutins\",\"datePublished\":\"2026-08-27T12:32:27+00:00\",\"dateModified\":\"2026-08-27T12:32:31+00:00\",\"mainEntityOfPage\":{\"@id\":\"https:\\\/\\\/ecolefermedesbois.ch\\\/?p=16231\"},\"wordCount\":729,\"commentCount\":0,\"publisher\":{\"@id\":\"https:\\\/\\\/ecolefermedesbois.ch\\\/#organization\"},\"image\":{\"@id\":\"https:\\\/\\\/ecolefermedesbois.ch\\\/?p=16231#primaryimage\"},\"thumbnailUrl\":\"https:\\\/\\\/i0.wp.com\\\/ecolefermedesbois.ch\\\/wp-content\\\/uploads\\\/2026\\\/08\\\/wp-17878330518044380027803458444580.jpg?fit=2000%2C1500&ssl=1\",\"articleSection\":[\"Ecole\"],\"inLanguage\":\"fr-FR\",\"potentialAction\":[{\"@type\":\"CommentAction\",\"name\":\"Comment\",\"target\":[\"https:\\\/\\\/ecolefermedesbois.ch\\\/?p=16231#respond\"]}]},{\"@type\":\"WebPage\",\"@id\":\"https:\\\/\\\/ecolefermedesbois.ch\\\/?p=16231\",\"url\":\"https:\\\/\\\/ecolefermedesbois.ch\\\/?p=16231\",\"name\":\"D\u00e9couverte du potager par de tout jeunes lutins -\",\"isPartOf\":{\"@id\":\"https:\\\/\\\/ecolefermedesbois.ch\\\/#website\"},\"primaryImageOfPage\":{\"@id\":\"https:\\\/\\\/ecolefermedesbois.ch\\\/?p=16231#primaryimage\"},\"image\":{\"@id\":\"https:\\\/\\\/ecolefermedesbois.ch\\\/?p=16231#primaryimage\"},\"thumbnailUrl\":\"https:\\\/\\\/i0.wp.com\\\/ecolefermedesbois.ch\\\/wp-content\\\/uploads\\\/2026\\\/08\\\/wp-17878330518044380027803458444580.jpg?fit=2000%2C1500&ssl=1\",\"datePublished\":\"2026-08-27T12:32:27+00:00\",\"dateModified\":\"2026-08-27T12:32:31+00:00\",\"breadcrumb\":{\"@id\":\"https:\\\/\\\/ecolefermedesbois.ch\\\/?p=16231#breadcrumb\"},\"inLanguage\":\"fr-FR\",\"potentialAction\":[{\"@type\":\"ReadAction\",\"target\":[\"https:\\\/\\\/ecolefermedesbois.ch\\\/?p=16231\"]}]},{\"@type\":\"ImageObject\",\"inLanguage\":\"fr-FR\",\"@id\":\"https:\\\/\\\/ecolefermedesbois.ch\\\/?p=16231#primaryimage\",\"url\":\"https:\\\/\\\/i0.wp.com\\\/ecolefermedesbois.ch\\\/wp-content\\\/uploads\\\/2026\\\/08\\\/wp-17878330518044380027803458444580.jpg?fit=2000%2C1500&ssl=1\",\"contentUrl\":\"https:\\\/\\\/i0.wp.com\\\/ecolefermedesbois.ch\\\/wp-content\\\/uploads\\\/2026\\\/08\\\/wp-17878330518044380027803458444580.jpg?fit=2000%2C1500&ssl=1\",\"width\":2000,\"height\":1500},{\"@type\":\"BreadcrumbList\",\"@id\":\"https:\\\/\\\/ecolefermedesbois.ch\\\/?p=16231#breadcrumb\",\"itemListElement\":[{\"@type\":\"ListItem\",\"position\":1,\"name\":\"Accueil\",\"item\":\"https:\\\/\\\/ecolefermedesbois.ch\\\/\"},{\"@type\":\"ListItem\",\"position\":2,\"name\":\"D\u00e9couverte du potager par de tout jeunes lutins\"}]},{\"@type\":\"WebSite\",\"@id\":\"https:\\\/\\\/ecolefermedesbois.ch\\\/#website\",\"url\":\"https:\\\/\\\/ecolefermedesbois.ch\\\/\",\"name\":\"ecolefermedesbois\",\"description\":\"\",\"publisher\":{\"@id\":\"https:\\\/\\\/ecolefermedesbois.ch\\\/#organization\"},\"potentialAction\":[{\"@type\":\"SearchAction\",\"target\":{\"@type\":\"EntryPoint\",\"urlTemplate\":\"https:\\\/\\\/ecolefermedesbois.ch\\\/?s={search_term_string}\"},\"query-input\":{\"@type\":\"PropertyValueSpecification\",\"valueRequired\":true,\"valueName\":\"search_term_string\"}}],\"inLanguage\":\"fr-FR\"},{\"@type\":\"Organization\",\"@id\":\"https:\\\/\\\/ecolefermedesbois.ch\\\/#organization\",\"name\":\"Ecole \u00e0 la Ferme des Bois\",\"url\":\"https:\\\/\\\/ecolefermedesbois.ch\\\/\",\"logo\":{\"@type\":\"ImageObject\",\"inLanguage\":\"fr-FR\",\"@id\":\"https:\\\/\\\/ecolefermedesbois.ch\\\/#\\\/schema\\\/logo\\\/image\\\/\",\"url\":\"https:\\\/\\\/ecolefermedesbois.ch\\\/wp-content\\\/uploads\\\/2019\\\/04\\\/logo-scaled.gif\",\"contentUrl\":\"https:\\\/\\\/ecolefermedesbois.ch\\\/wp-content\\\/uploads\\\/2019\\\/04\\\/logo-scaled.gif\",\"width\":2560,\"height\":608,\"caption\":\"Ecole \u00e0 la Ferme des Bois\"},\"image\":{\"@id\":\"https:\\\/\\\/ecolefermedesbois.ch\\\/#\\\/schema\\\/logo\\\/image\\\/\"},\"sameAs\":[\"https:\\\/\\\/www.facebook.com\\\/ecolefermedesBois\"]},{\"@type\":\"Person\",\"@id\":\"https:\\\/\\\/ecolefermedesbois.ch\\\/#\\\/schema\\\/person\\\/78f5a1c78e958e51240f90932d290908\",\"name\":\"Sophie\",\"image\":{\"@type\":\"ImageObject\",\"inLanguage\":\"fr-FR\",\"@id\":\"https:\\\/\\\/secure.gravatar.com\\\/avatar\\\/053fbaec50cb27b03b880a4b8b018009aa3af995f32011efc3f40a589371d46f?s=96&d=mm&r=g\",\"url\":\"https:\\\/\\\/secure.gravatar.com\\\/avatar\\\/053fbaec50cb27b03b880a4b8b018009aa3af995f32011efc3f40a589371d46f?s=96&d=mm&r=g\",\"contentUrl\":\"https:\\\/\\\/secure.gravatar.com\\\/avatar\\\/053fbaec50cb27b03b880a4b8b018009aa3af995f32011efc3f40a589371d46f?s=96&d=mm&r=g\",\"caption\":\"Sophie\"},\"url\":\"https:\\\/\\\/ecolefermedesbois.ch\\\/?author=2\"}]}<\/script>\n<!-- \/ Yoast SEO plugin. -->","yoast_head_json":{"title":"D\u00e9couverte du potager par de tout jeunes lutins -","robots":{"index":"index","follow":"follow","max-snippet":"max-snippet:-1","max-image-preview":"max-image-preview:large","max-video-preview":"max-video-preview:-1"},"canonical":"https:\/\/ecolefermedesbois.ch\/?p=16231","og_locale":"fr_FR","og_type":"article","og_title":"D\u00e9couverte du potager par de tout jeunes lutins -","og_description":"Mercredi matin, j\u2019ai eu le plaisir d\u2019accueillir \u00e0 la ferme six jeunes enfants \u00e2g\u00e9s de 2 ans et demi \u00e0&#46;&#46;&#46;","og_url":"https:\/\/ecolefermedesbois.ch\/?p=16231","article_publisher":"https:\/\/www.facebook.com\/ecolefermedesBois","article_published_time":"2026-08-27T12:32:27+00:00","article_modified_time":"2026-08-27T12:32:31+00:00","og_image":[{"width":2000,"height":1500,"url":"https:\/\/ecolefermedesbois.ch\/wp-content\/uploads\/2026\/08\/wp-17878330518044380027803458444580.jpg","type":"image\/jpeg"}],"author":"Sophie","twitter_card":"summary_large_image","twitter_misc":{"\u00c9crit par":"Sophie","Dur\u00e9e de lecture estim\u00e9e":"6 minutes"},"schema":{"@context":"https:\/\/schema.org","@graph":[{"@type":"Article","@id":"https:\/\/ecolefermedesbois.ch\/?p=16231#article","isPartOf":{"@id":"https:\/\/ecolefermedesbois.ch\/?p=16231"},"author":{"name":"Sophie","@id":"https:\/\/ecolefermedesbois.ch\/#\/schema\/person\/78f5a1c78e958e51240f90932d290908"},"headline":"D\u00e9couverte du potager par de tout jeunes lutins","datePublished":"2026-08-27T12:32:27+00:00","dateModified":"2026-08-27T12:32:31+00:00","mainEntityOfPage":{"@id":"https:\/\/ecolefermedesbois.ch\/?p=16231"},"wordCount":729,"commentCount":0,"publisher":{"@id":"https:\/\/ecolefermedesbois.ch\/#organization"},"image":{"@id":"https:\/\/ecolefermedesbois.ch\/?p=16231#primaryimage"},"thumbnailUrl":"https:\/\/i0.wp.com\/ecolefermedesbois.ch\/wp-content\/uploads\/2026\/08\/wp-17878330518044380027803458444580.jpg?fit=2000%2C1500&ssl=1","articleSection":["Ecole"],"inLanguage":"fr-FR","potentialAction":[{"@type":"CommentAction","name":"Comment","target":["https:\/\/ecolefermedesbois.ch\/?p=16231#respond"]}]},{"@type":"WebPage","@id":"https:\/\/ecolefermedesbois.ch\/?p=16231","url":"https:\/\/ecolefermedesbois.ch\/?p=16231","name":"D\u00e9couverte du potager par de tout jeunes lutins -","isPartOf":{"@id":"https:\/\/ecolefermedesbois.ch\/#website"},"primaryImageOfPage":{"@id":"https:\/\/ecolefermedesbois.ch\/?p=16231#primaryimage"},"image":{"@id":"https:\/\/ecolefermedesbois.ch\/?p=16231#primaryimage"},"thumbnailUrl":"https:\/\/i0.wp.com\/ecolefermedesbois.ch\/wp-content\/uploads\/2026\/08\/wp-17878330518044380027803458444580.jpg?fit=2000%2C1500&ssl=1","datePublished":"2026-08-27T12:32:27+00:00","dateModified":"2026-08-27T12:32:31+00:00","breadcrumb":{"@id":"https:\/\/ecolefermedesbois.ch\/?p=16231#breadcrumb"},"inLanguage":"fr-FR","potentialAction":[{"@type":"ReadAction","target":["https:\/\/ecolefermedesbois.ch\/?p=16231"]}]},{"@type":"ImageObject","inLanguage":"fr-FR","@id":"https:\/\/ecolefermedesbois.ch\/?p=16231#primaryimage","url":"https:\/\/i0.wp.com\/ecolefermedesbois.ch\/wp-content\/uploads\/2026\/08\/wp-17878330518044380027803458444580.jpg?fit=2000%2C1500&ssl=1","contentUrl":"https:\/\/i0.wp.com\/ecolefermedesbois.ch\/wp-content\/uploads\/2026\/08\/wp-17878330518044380027803458444580.jpg?fit=2000%2C1500&ssl=1","width":2000,"height":1500},{"@type":"BreadcrumbList","@id":"https:\/\/ecolefermedesbois.ch\/?p=16231#breadcrumb","itemListElement":[{"@type":"ListItem","position":1,"name":"Accueil","item":"https:\/\/ecolefermedesbois.ch\/"},{"@type":"ListItem","position":2,"name":"D\u00e9couverte du potager par de tout jeunes lutins"}]},{"@type":"WebSite","@id":"https:\/\/ecolefermedesbois.ch\/#website","url":"https:\/\/ecolefermedesbois.ch\/","name":"ecolefermedesbois","description":"","publisher":{"@id":"https:\/\/ecolefermedesbois.ch\/#organization"},"potentialAction":[{"@type":"SearchAction","target":{"@type":"EntryPoint","urlTemplate":"https:\/\/ecolefermedesbois.ch\/?s={search_term_string}"},"query-input":{"@type":"PropertyValueSpecification","valueRequired":true,"valueName":"search_term_string"}}],"inLanguage":"fr-FR"},{"@type":"Organization","@id":"https:\/\/ecolefermedesbois.ch\/#organization","name":"Ecole \u00e0 la Ferme des Bois","url":"https:\/\/ecolefermedesbois.ch\/","logo":{"@type":"ImageObject","inLanguage":"fr-FR","@id":"https:\/\/ecolefermedesbois.ch\/#\/schema\/logo\/image\/","url":"https:\/\/ecolefermedesbois.ch\/wp-content\/uploads\/2019\/04\/logo-scaled.gif","contentUrl":"https:\/\/ecolefermedesbois.ch\/wp-content\/uploads\/2019\/04\/logo-scaled.gif","width":2560,"height":608,"caption":"Ecole \u00e0 la Ferme des Bois"},"image":{"@id":"https:\/\/ecolefermedesbois.ch\/#\/schema\/logo\/image\/"},"sameAs":["https:\/\/www.facebook.com\/ecolefermedesBois"]},{"@type":"Person","@id":"https:\/\/ecolefermedesbois.ch\/#\/schema\/person\/78f5a1c78e958e51240f90932d290908","name":"Sophie","image":{"@type":"ImageObject","inLanguage":"fr-FR","@id":"https:\/\/secure.gravatar.com\/avatar\/053fbaec50cb27b03b880a4b8b018009aa3af995f32011efc3f40a589371d46f?s=96&d=mm&r=g","url":"https:\/\/secure.gravatar.com\/avatar\/053fbaec50cb27b03b880a4b8b018009aa3af995f32011efc3f40a589371d46f?s=96&d=mm&r=g","contentUrl":"https:\/\/secure.gravatar.com\/avatar\/053fbaec50cb27b03b880a4b8b018009aa3af995f32011efc3f40a589371d46f?s=96&d=mm&r=g","caption":"Sophie"},"url":"https:\/\/ecolefermedesbois.ch\/?author=2"}]}},"jetpack_publicize_connections":[],"jetpack_sharing_enabled":true,"jetpack_featured_media_url":"https:\/\/i0.wp.com\/ecolefermedesbois.ch\/wp-content\/uploads\/2026\/08\/wp-17878330518044380027803458444580.jpg?fit=2000%2C1500&ssl=1","_links":{"self":[{"href":"https:\/\/ecolefermedesbois.ch\/index.php?rest_route=\/wp\/v2\/posts\/16231","targetHints":{"allow":["GET"]}}],"collection":[{"href":"https:\/\/ecolefermedesbois.ch\/index.php?rest_route=\/wp\/v2\/posts"}],"about":[{"href":"https:\/\/ecolefermedesbois.ch\/index.php?rest_route=\/wp\/v2\/types\/post"}],"author":[{"embeddable":true,"href":"https:\/\/ecolefermedesbois.ch\/index.php?rest_route=\/wp\/v2\/users\/2"}],"replies":[{"embeddable":true,"href":"https:\/\/ecolefermedesbois.ch\/index.php?rest_route=%2Fwp%2Fv2%2Fcomments&post=16231"}],"version-history":[{"count":1,"href":"https:\/\/ecolefermedesbois.ch\/index.php?rest_route=\/wp\/v2\/posts\/16231\/revisions"}],"predecessor-version":[{"id":16237,"href":"https:\/\/ecolefermedesbois.ch\/index.php?rest_route=\/wp\/v2\/posts\/16231\/revisions\/16237"}],"wp:featuredmedia":[{"embeddable":true,"href":"https:\/\/ecolefermedesbois.ch\/index.php?rest_route=\/wp\/v2\/media\/16227"}],"wp:attachment":[{"href":"https:\/\/ecolefermedesbois.ch\/index.php?rest_route=%2Fwp%2Fv2%2Fmedia&parent=16231"}],"wp:term":[{"taxonomy":"category","embeddable":true,"href":"https:\/\/ecolefermedesbois.ch\/index.php?rest_route=%2Fwp%2Fv2%2Fcategories&post=16231"},{"taxonomy":"post_tag","embeddable":true,"href":"https:\/\/ecolefermedesbois.ch\/index.php?rest_route=%2Fwp%2Fv2%2Ftags&post=16231"}],"curies":[{"name":"wp","href":"https:\/\/api.w.org\/{rel}","templated":true}]}}