{"id":16216,"date":"2026-08-22T09:36:41","date_gmt":"2026-08-22T07:36:41","guid":{"rendered":"https:\/\/ecolefermedesbois.ch\/?p=16216"},"modified":"2026-08-22T09:36:45","modified_gmt":"2026-08-22T07:36:45","slug":"a-la-decouverte-des-vaches-avec-laes-dattalens","status":"publish","type":"post","link":"https:\/\/ecolefermedesbois.ch\/?p=16216","title":{"rendered":"\u00c0 la d\u00e9couverte des vaches avec l\u2019AES d\u2019Attalens"},"content":{"rendered":"<div class=\"pdfprnt-buttons pdfprnt-buttons-post pdfprnt-top-right\"><a href=\"https:\/\/ecolefermedesbois.ch\/index.php?rest_route=%2Fwp%2Fv2%2Fposts%2F16216&print=pdf\" class=\"pdfprnt-button pdfprnt-button-pdf\" target=\"_blank\" ><img data-recalc-dims=\"1\" decoding=\"async\" src=\"https:\/\/i0.wp.com\/ecolefermedesbois.ch\/wp-content\/plugins\/pdf-print\/images\/pdf.png?w=720&#038;ssl=1\" alt=\"image_pdf\" title=\"Afficher le PDF\" \/><\/a><a href=\"https:\/\/ecolefermedesbois.ch\/index.php?rest_route=%2Fwp%2Fv2%2Fposts%2F16216&print=print\" class=\"pdfprnt-button pdfprnt-button-print\" target=\"_blank\" ><img data-recalc-dims=\"1\" decoding=\"async\" src=\"https:\/\/i0.wp.com\/ecolefermedesbois.ch\/wp-content\/plugins\/pdf-print\/images\/print.png?w=720&#038;ssl=1\" alt=\"image_print\" title=\"Contenu imprim\u00e9\" \/><\/a><\/div>\n<p class=\"wp-block-paragraph\">Vendredi, nous avons eu le plaisir d\u2019accueillir une vingtaine d\u2019enfants de l\u2019AES d\u2019Attalens pour un apr\u00e8s-midi \u00e0 la ferme.<\/p>\n\n\n\n<p class=\"wp-block-paragraph\">Initialement, notre programme devait nous emmener du c\u00f4t\u00e9 du verger, mais la m\u00e9t\u00e9o en a d\u00e9cid\u00e9 autrement ! Qu\u2019\u00e0 cela ne tienne : nous avons chang\u00e9 nos plans pour profiter d\u2019un apr\u00e8s-midi bien \u00e0 l\u2019abri, consacr\u00e9 \u00e0 la d\u00e9couverte de la vache, de son alimentation et du chemin du lait.<\/p>\n\n\n\n<p class=\"wp-block-paragraph\">&#x1f404; Mais au fait, connaissez-vous vraiment la vache ?<\/p>\n\n\n\n<p class=\"wp-block-paragraph\">Nous commen\u00e7ons par un petit moment de th\u00e9orie, mais ici, pas question de rester simplement assis \u00e0 \u00e9couter !<\/p>\n\n\n\n<p class=\"wp-block-paragraph\">\u00c0 l\u2019aide de nos magnets, les enfants participent activement et viennent compl\u00e9ter notre tableau au fur et \u00e0 mesure de leurs r\u00e9ponses.<\/p>\n\n\n\n<p class=\"wp-block-paragraph\">Nous d\u00e9couvrons ensemble la morphologie de la vache : comment est-elle constitu\u00e9e ? Qui sont les membres de sa famille ? Comment s\u2019appelle sa maison ? Quel est son cri ? Quelles traces laisse-t-elle derri\u00e8re elle ?<\/p>\n\n\n\n<p class=\"wp-block-paragraph\">Puis nous nous int\u00e9ressons \u00e0 ses besoins : de quoi une vache a-t-elle besoin pour \u00eatre heureuse et en bonne sant\u00e9 ? Et, en \u00e9change de tous les soins que nous lui apportons, que nous donne-t-elle ?<\/p>\n\n\n\n<p class=\"wp-block-paragraph\">Les r\u00e9ponses fusent et, petit \u00e0 petit, notre tableau se remplit gr\u00e2ce aux enfants !<\/p>\n\n\n\n<p class=\"wp-block-paragraph\">&#x1f33f; Une petite visite \u00e0 nos futures mamans<\/p>\n\n\n\n<p class=\"wp-block-paragraph\">Il est maintenant temps de sortir pour aller observer nos vaches en vacances !<\/p>\n\n\n\n<p class=\"wp-block-paragraph\">Nous les appelons ainsi car ce sont nos futures mamans. Elles vont bient\u00f4t mettre au monde leurs petits veaux et profitent actuellement d&rsquo;une p\u00e9riode de repos. Environ six semaines avant la naissance de leur veau, nous arr\u00eatons de les traire : c&rsquo;est ce que l&rsquo;on appelle le tarissement.<br>Un repos bien m\u00e9rit\u00e9 avant l&rsquo;arriv\u00e9e de b\u00e9b\u00e9 ! &#x1f404;&#x2764;&#xfe0f;<\/p>\n\n\n\n<p class=\"wp-block-paragraph\">&#x1f410; Des c\u00e2lins\u2026 et quelques belles cornes !<\/p>\n\n\n\n<p class=\"wp-block-paragraph\">Puisque nous parlons de lait, impossible de ne pas rendre une petite visite \u00e0 nos ch\u00e8vres, qui elles aussi peuvent nous en donner.<\/p>\n\n\n\n<p class=\"wp-block-paragraph\">Et bien \u00e9videmment, qui dit ch\u00e8vres dit c\u00e2lins et fous rires ! Pour certains enfants, il faut tout de m\u00eame surmonter une petite appr\u00e9hension : avec leurs belles cornes, nos ch\u00e8vres peuvent \u00eatre impressionnantes !<\/p>\n\n\n\n<p class=\"wp-block-paragraph\">Mais la curiosit\u00e9 prend rapidement le dessus et nous partageons un joli moment tous ensemble.<\/p>\n\n\n\n<p class=\"wp-block-paragraph\">Nous faisons ensuite un d\u00e9tour par les canards. Certains enfants \u00e9taient d\u00e9j\u00e0 venus nous rendre visite durant les vacances de P\u00e2ques et avaient alors d\u00e9couvert nos tout petits canetons. Quelle surprise de les retrouver aujourd&rsquo;hui devenus si grands ! &#x1f986;<\/p>\n\n\n\n<p class=\"wp-block-paragraph\">&#x1f69c; Direction l&rsquo;\u00e9table !<\/p>\n\n\n\n<p class=\"wp-block-paragraph\">Tout le monde prend place dans la charrette et nous voil\u00e0 partis en tracteur en direction de l&rsquo;\u00e9table !<\/p>\n\n\n\n<p class=\"wp-block-paragraph\">\u00c0 notre arriv\u00e9e, les enfants peuvent enfin s&rsquo;approcher des vaches, les observer, les caresser et leur donner \u00e0 manger.<\/p>\n\n\n\n<p class=\"wp-block-paragraph\">C&rsquo;est \u00e9galement l&rsquo;occasion d&rsquo;aborder une r\u00e9alit\u00e9 importante de notre m\u00e9tier. Depuis quelques jours, nous n&rsquo;avons plus d&rsquo;herbe et nos vaches doivent d\u00e9j\u00e0 \u00eatre nourries avec du fourrage sec normalement destin\u00e9 \u00e0 l&rsquo;hiver.<\/p>\n\n\n\n<p class=\"wp-block-paragraph\">Les enfants d\u00e9couvrent ainsi que la m\u00e9t\u00e9o joue un r\u00f4le essentiel dans notre travail : ce que nous donnons aujourd&rsquo;hui \u00e0 nos animaux ne sera plus disponible cet hiver. Nous esp\u00e9rons donc que la pluie permettra rapidement \u00e0 l&rsquo;herbe de repousser et de refaire des r\u00e9serves.<\/p>\n\n\n\n<p class=\"wp-block-paragraph\">&#x1f95b; De l&rsquo;herbe au lait<\/p>\n\n\n\n<p class=\"wp-block-paragraph\">Nous formons ensuite deux groupes.<\/p>\n\n\n\n<p class=\"wp-block-paragraph\">Le premier reste avec \u00c9milie dans la grange pour d\u00e9couvrir l&rsquo;alimentation de la vache et le fonctionnement de ses diff\u00e9rents compartiments digestifs. Les enfants peuvent \u00e9galement tester la traite gr\u00e2ce \u00e0 notre vache p\u00e9dagogique Alsace. &#x1f404;<\/p>\n\n\n\n<p class=\"wp-block-paragraph\">Pendant ce temps, le deuxi\u00e8me groupe m&rsquo;accompagne \u00e0 la d\u00e9couverte de la salle de traite. Comment fonctionne-t-elle ? Quand trayons-nous les vaches ? O\u00f9 va ensuite le lait ?<\/p>\n\n\n\n<p class=\"wp-block-paragraph\">Nous suivons son chemin jusqu&rsquo;\u00e0 la chambre \u00e0 lait et d\u00e9couvrons que notre lait est ensuite livr\u00e9 \u00e0 la laiterie d&rsquo;\u00c9coteaux, o\u00f9 il sert notamment \u00e0 la fabrication du Gruy\u00e8re.<\/p>\n\n\n\n<p class=\"wp-block-paragraph\">Et le lait permet de fabriquer bien d&rsquo;autres bonnes choses ! Yogourts, beurre, cr\u00e8me\u2026 Les enfants ne manquent pas d&rsquo;id\u00e9es pour compl\u00e9ter la liste. &#x1f95b;&#x1f9c0;&#x1f9c8;<\/p>\n\n\n\n<p class=\"wp-block-paragraph\">Avant de poursuivre, nous faisons encore un petit d\u00e9tour aupr\u00e8s de notre jeune veau pour profiter d&rsquo;un joli moment de c\u00e2lins. &#x2764;&#xfe0f;<\/p>\n\n\n\n<p class=\"wp-block-paragraph\">&#x1f9c8; \u00c0 vous de fabriquer le beurre !<\/p>\n\n\n\n<p class=\"wp-block-paragraph\">Mais avant d&rsquo;\u00e9changer les groupes, une mission attend encore les enfants : retrousser leurs manches et fabriquer eux-m\u00eames du beurre !<\/p>\n\n\n\n<p class=\"wp-block-paragraph\">Un peu de cr\u00e8me dans un pot et maintenant\u2026 il faut secouer, secouer et encore secouer !<\/p>\n\n\n\n<p class=\"wp-block-paragraph\">Et cette fois-ci, notre beurre est arriv\u00e9 particuli\u00e8rement vite. Bravo les enfants ! <\/p>\n\n\n\n<p class=\"wp-block-paragraph\">Il ne reste plus qu&rsquo;\u00e0 le tartiner sur de bonnes tranches de pain et, \u00e9videmment, \u00e0 le d\u00e9guster imm\u00e9diatement.<\/p>\n\n\n\n<p class=\"wp-block-paragraph\">\u00c0 voir les sourires et les tartines dispara\u00eetre, aucun doute : c&rsquo;\u00e9tait un r\u00e9gal ! <\/p>\n\n\n\n<p class=\"wp-block-paragraph\">On \u00e9change les groupes !<\/p>\n\n\n\n<p class=\"wp-block-paragraph\">Comme toujours, nous \u00e9changeons ensuite les groupes afin que chaque enfant puisse participer \u00e0 l&rsquo;ensemble des activit\u00e9s : d\u00e9couvrir la traite et le chemin du lait, comprendre l&rsquo;alimentation et la digestion de la vache, traire Alsace et profiter de tous ces petits moments aupr\u00e8s des animaux.<\/p>\n\n\n\n<p class=\"wp-block-paragraph\">Et voil\u00e0 que notre apr\u00e8s-midi touche d\u00e9j\u00e0 \u00e0 sa fin !<\/p>\n\n\n\n<p class=\"wp-block-paragraph\">Il est temps de reprendre le chemin du bus et de nous dire au revoir apr\u00e8s un apr\u00e8s-midi riche en d\u00e9couvertes, en c\u00e2lins, en rires et en gourmandise.<\/p>\n\n\n\n<p class=\"wp-block-paragraph\">Merci aux enfants de l&rsquo;AES d&rsquo;Attalens pour leur curiosit\u00e9, leur enthousiasme et leur belle participation ! Merci aux \u00e9ducateurs pour leur accompagnement tout au long de des ateliers.<\/p>\n\n\n\n<p class=\"wp-block-paragraph\">Finalement, la pluie nous aura simplement permis de changer de programme et de vivre une tr\u00e8s belle immersion dans le monde de nos vaches et du lait ! <\/p>\n\n\n\n<p class=\"wp-block-paragraph\">A bient\u00f4t<br>Sophie<\/p>\n\n\n\n<figure class=\"wp-block-gallery has-nested-images columns-default is-cropped wp-block-gallery-1 is-layout-flex wp-block-gallery-is-layout-flex\">\n<figure class=\"wp-block-image size-large\"><img data-recalc-dims=\"1\" fetchpriority=\"high\" decoding=\"async\" width=\"403\" height=\"600\" data-id=\"16214\" src=\"https:\/\/i0.wp.com\/ecolefermedesbois.ch\/wp-content\/uploads\/2026\/08\/wp-17873836391356339974183705717323.jpg?resize=403%2C600&#038;ssl=1\" alt=\"\" class=\"wp-image-16214\" srcset=\"https:\/\/i0.wp.com\/ecolefermedesbois.ch\/wp-content\/uploads\/2026\/08\/wp-17873836391356339974183705717323.jpg?resize=403%2C600&amp;ssl=1 403w, https:\/\/i0.wp.com\/ecolefermedesbois.ch\/wp-content\/uploads\/2026\/08\/wp-17873836391356339974183705717323.jpg?resize=201%2C300&amp;ssl=1 201w, https:\/\/i0.wp.com\/ecolefermedesbois.ch\/wp-content\/uploads\/2026\/08\/wp-17873836391356339974183705717323.jpg?resize=768%2C1144&amp;ssl=1 768w, https:\/\/i0.wp.com\/ecolefermedesbois.ch\/wp-content\/uploads\/2026\/08\/wp-17873836391356339974183705717323.jpg?resize=1031%2C1536&amp;ssl=1 1031w, https:\/\/i0.wp.com\/ecolefermedesbois.ch\/wp-content\/uploads\/2026\/08\/wp-17873836391356339974183705717323.jpg?w=1343&amp;ssl=1 1343w\" sizes=\"(max-width: 403px) 100vw, 403px\" \/><\/figure>\n\n\n\n<figure class=\"wp-block-image size-large\"><img data-recalc-dims=\"1\" decoding=\"async\" width=\"450\" height=\"600\" data-id=\"16215\" src=\"https:\/\/i0.wp.com\/ecolefermedesbois.ch\/wp-content\/uploads\/2026\/08\/wp-17873837441592868336566573946448.jpg?resize=450%2C600&#038;ssl=1\" alt=\"\" class=\"wp-image-16215\" srcset=\"https:\/\/i0.wp.com\/ecolefermedesbois.ch\/wp-content\/uploads\/2026\/08\/wp-17873837441592868336566573946448.jpg?resize=450%2C600&amp;ssl=1 450w, https:\/\/i0.wp.com\/ecolefermedesbois.ch\/wp-content\/uploads\/2026\/08\/wp-17873837441592868336566573946448.jpg?resize=225%2C300&amp;ssl=1 225w, https:\/\/i0.wp.com\/ecolefermedesbois.ch\/wp-content\/uploads\/2026\/08\/wp-17873837441592868336566573946448.jpg?resize=768%2C1024&amp;ssl=1 768w, https:\/\/i0.wp.com\/ecolefermedesbois.ch\/wp-content\/uploads\/2026\/08\/wp-17873837441592868336566573946448.jpg?resize=1152%2C1536&amp;ssl=1 1152w, https:\/\/i0.wp.com\/ecolefermedesbois.ch\/wp-content\/uploads\/2026\/08\/wp-17873837441592868336566573946448.jpg?w=1500&amp;ssl=1 1500w, https:\/\/i0.wp.com\/ecolefermedesbois.ch\/wp-content\/uploads\/2026\/08\/wp-17873837441592868336566573946448.jpg?w=1440&amp;ssl=1 1440w\" sizes=\"(max-width: 450px) 100vw, 450px\" \/><\/figure>\n\n\n\n<figure class=\"wp-block-image size-large\"><img data-recalc-dims=\"1\" decoding=\"async\" width=\"600\" height=\"450\" data-id=\"16213\" src=\"https:\/\/i0.wp.com\/ecolefermedesbois.ch\/wp-content\/uploads\/2026\/08\/wp-17873836388921739929070371775182.jpg?resize=600%2C450&#038;ssl=1\" alt=\"\" class=\"wp-image-16213\" srcset=\"https:\/\/i0.wp.com\/ecolefermedesbois.ch\/wp-content\/uploads\/2026\/08\/wp-17873836388921739929070371775182.jpg?resize=600%2C450&amp;ssl=1 600w, https:\/\/i0.wp.com\/ecolefermedesbois.ch\/wp-content\/uploads\/2026\/08\/wp-17873836388921739929070371775182.jpg?resize=300%2C225&amp;ssl=1 300w, https:\/\/i0.wp.com\/ecolefermedesbois.ch\/wp-content\/uploads\/2026\/08\/wp-17873836388921739929070371775182.jpg?resize=768%2C576&amp;ssl=1 768w, https:\/\/i0.wp.com\/ecolefermedesbois.ch\/wp-content\/uploads\/2026\/08\/wp-17873836388921739929070371775182.jpg?resize=1536%2C1152&amp;ssl=1 1536w, https:\/\/i0.wp.com\/ecolefermedesbois.ch\/wp-content\/uploads\/2026\/08\/wp-17873836388921739929070371775182.jpg?w=2000&amp;ssl=1 2000w, https:\/\/i0.wp.com\/ecolefermedesbois.ch\/wp-content\/uploads\/2026\/08\/wp-17873836388921739929070371775182.jpg?w=1440&amp;ssl=1 1440w\" sizes=\"(max-width: 600px) 100vw, 600px\" \/><\/figure>\n\n\n\n<figure class=\"wp-block-image size-large\"><img data-recalc-dims=\"1\" loading=\"lazy\" decoding=\"async\" width=\"450\" height=\"600\" data-id=\"16212\" src=\"https:\/\/i0.wp.com\/ecolefermedesbois.ch\/wp-content\/uploads\/2026\/08\/wp-1787383639058577213976375745705.jpg?resize=450%2C600&#038;ssl=1\" alt=\"\" class=\"wp-image-16212\" srcset=\"https:\/\/i0.wp.com\/ecolefermedesbois.ch\/wp-content\/uploads\/2026\/08\/wp-1787383639058577213976375745705.jpg?resize=450%2C600&amp;ssl=1 450w, https:\/\/i0.wp.com\/ecolefermedesbois.ch\/wp-content\/uploads\/2026\/08\/wp-1787383639058577213976375745705.jpg?resize=225%2C300&amp;ssl=1 225w, https:\/\/i0.wp.com\/ecolefermedesbois.ch\/wp-content\/uploads\/2026\/08\/wp-1787383639058577213976375745705.jpg?resize=768%2C1024&amp;ssl=1 768w, https:\/\/i0.wp.com\/ecolefermedesbois.ch\/wp-content\/uploads\/2026\/08\/wp-1787383639058577213976375745705.jpg?resize=1152%2C1536&amp;ssl=1 1152w, https:\/\/i0.wp.com\/ecolefermedesbois.ch\/wp-content\/uploads\/2026\/08\/wp-1787383639058577213976375745705.jpg?w=1500&amp;ssl=1 1500w, https:\/\/i0.wp.com\/ecolefermedesbois.ch\/wp-content\/uploads\/2026\/08\/wp-1787383639058577213976375745705.jpg?w=1440&amp;ssl=1 1440w\" sizes=\"(max-width: 450px) 100vw, 450px\" \/><\/figure>\n\n\n\n<figure class=\"wp-block-image size-large\"><img data-recalc-dims=\"1\" loading=\"lazy\" decoding=\"async\" width=\"600\" height=\"450\" data-id=\"16211\" src=\"https:\/\/i0.wp.com\/ecolefermedesbois.ch\/wp-content\/uploads\/2026\/08\/wp-17873836389798749320281644363935.jpg?resize=600%2C450&#038;ssl=1\" alt=\"\" class=\"wp-image-16211\" srcset=\"https:\/\/i0.wp.com\/ecolefermedesbois.ch\/wp-content\/uploads\/2026\/08\/wp-17873836389798749320281644363935.jpg?resize=600%2C450&amp;ssl=1 600w, https:\/\/i0.wp.com\/ecolefermedesbois.ch\/wp-content\/uploads\/2026\/08\/wp-17873836389798749320281644363935.jpg?resize=300%2C225&amp;ssl=1 300w, https:\/\/i0.wp.com\/ecolefermedesbois.ch\/wp-content\/uploads\/2026\/08\/wp-17873836389798749320281644363935.jpg?resize=768%2C576&amp;ssl=1 768w, https:\/\/i0.wp.com\/ecolefermedesbois.ch\/wp-content\/uploads\/2026\/08\/wp-17873836389798749320281644363935.jpg?resize=1536%2C1152&amp;ssl=1 1536w, https:\/\/i0.wp.com\/ecolefermedesbois.ch\/wp-content\/uploads\/2026\/08\/wp-17873836389798749320281644363935.jpg?w=2000&amp;ssl=1 2000w, https:\/\/i0.wp.com\/ecolefermedesbois.ch\/wp-content\/uploads\/2026\/08\/wp-17873836389798749320281644363935.jpg?w=1440&amp;ssl=1 1440w\" sizes=\"(max-width: 600px) 100vw, 600px\" \/><\/figure>\n<\/figure>\n","protected":false},"excerpt":{"rendered":"<p>Vendredi, nous avons eu le plaisir d\u2019accueillir une vingtaine d\u2019enfants de l\u2019AES d\u2019Attalens pour un apr\u00e8s-midi \u00e0 la ferme. Initialement,&#46;&#46;&#46;<\/p>\n","protected":false},"author":2,"featured_media":16212,"comment_status":"open","ping_status":"open","sticky":false,"template":"","format":"standard","meta":{"footnotes":"","jetpack_publicize_message":"","jetpack_publicize_feature_enabled":true,"jetpack_social_post_already_shared":true,"jetpack_social_options":{"image_generator_settings":{"template":"highway","default_image_id":0,"font":"","enabled":false},"version":2},"jetpack_post_was_ever_published":false},"categories":[33],"tags":[],"class_list":["post-16216","post","type-post","status-publish","format-standard","has-post-thumbnail","hentry","category-ecole"],"yoast_head":"<!-- This site is optimized with the Yoast SEO plugin v28.4 - https:\/\/yoast.com\/product\/yoast-seo-wordpress\/ -->\n<title>\u00c0 la d\u00e9couverte des vaches avec l\u2019AES d\u2019Attalens -<\/title>\n<meta name=\"robots\" content=\"index, follow, max-snippet:-1, max-image-preview:large, max-video-preview:-1\" \/>\n<link rel=\"canonical\" href=\"https:\/\/ecolefermedesbois.ch\/?p=16216\" \/>\n<meta property=\"og:locale\" content=\"fr_FR\" \/>\n<meta property=\"og:type\" content=\"article\" \/>\n<meta property=\"og:title\" content=\"\u00c0 la d\u00e9couverte des vaches avec l\u2019AES d\u2019Attalens -\" \/>\n<meta property=\"og:description\" content=\"Vendredi, nous avons eu le plaisir d\u2019accueillir une vingtaine d\u2019enfants de l\u2019AES d\u2019Attalens pour un apr\u00e8s-midi \u00e0 la ferme. Initialement,&#046;&#046;&#046;\" \/>\n<meta property=\"og:url\" content=\"https:\/\/ecolefermedesbois.ch\/?p=16216\" \/>\n<meta property=\"article:publisher\" content=\"https:\/\/www.facebook.com\/ecolefermedesBois\" \/>\n<meta property=\"article:published_time\" content=\"2026-08-22T07:36:41+00:00\" \/>\n<meta property=\"article:modified_time\" content=\"2026-08-22T07:36:45+00:00\" \/>\n<meta property=\"og:image\" content=\"https:\/\/ecolefermedesbois.ch\/wp-content\/uploads\/2026\/08\/wp-1787383639058577213976375745705.jpg\" \/>\n\t<meta property=\"og:image:width\" content=\"1500\" \/>\n\t<meta property=\"og:image:height\" content=\"2000\" \/>\n\t<meta property=\"og:image:type\" content=\"image\/jpeg\" \/>\n<meta name=\"author\" content=\"Sophie\" \/>\n<meta name=\"twitter:card\" content=\"summary_large_image\" \/>\n<meta name=\"twitter:label1\" content=\"\u00c9crit par\" \/>\n\t<meta name=\"twitter:data1\" content=\"Sophie\" \/>\n\t<meta name=\"twitter:label2\" content=\"Dur\u00e9e de lecture estim\u00e9e\" \/>\n\t<meta name=\"twitter:data2\" content=\"6 minutes\" \/>\n<script type=\"application\/ld+json\" class=\"yoast-schema-graph\">{\"@context\":\"https:\\\/\\\/schema.org\",\"@graph\":[{\"@type\":\"Article\",\"@id\":\"https:\\\/\\\/ecolefermedesbois.ch\\\/?p=16216#article\",\"isPartOf\":{\"@id\":\"https:\\\/\\\/ecolefermedesbois.ch\\\/?p=16216\"},\"author\":{\"name\":\"Sophie\",\"@id\":\"https:\\\/\\\/ecolefermedesbois.ch\\\/#\\\/schema\\\/person\\\/78f5a1c78e958e51240f90932d290908\"},\"headline\":\"\u00c0 la d\u00e9couverte des vaches avec l\u2019AES d\u2019Attalens\",\"datePublished\":\"2026-08-22T07:36:41+00:00\",\"dateModified\":\"2026-08-22T07:36:45+00:00\",\"mainEntityOfPage\":{\"@id\":\"https:\\\/\\\/ecolefermedesbois.ch\\\/?p=16216\"},\"wordCount\":981,\"commentCount\":0,\"publisher\":{\"@id\":\"https:\\\/\\\/ecolefermedesbois.ch\\\/#organization\"},\"image\":{\"@id\":\"https:\\\/\\\/ecolefermedesbois.ch\\\/?p=16216#primaryimage\"},\"thumbnailUrl\":\"https:\\\/\\\/i0.wp.com\\\/ecolefermedesbois.ch\\\/wp-content\\\/uploads\\\/2026\\\/08\\\/wp-1787383639058577213976375745705.jpg?fit=1500%2C2000&ssl=1\",\"articleSection\":[\"Ecole\"],\"inLanguage\":\"fr-FR\",\"potentialAction\":[{\"@type\":\"CommentAction\",\"name\":\"Comment\",\"target\":[\"https:\\\/\\\/ecolefermedesbois.ch\\\/?p=16216#respond\"]}]},{\"@type\":\"WebPage\",\"@id\":\"https:\\\/\\\/ecolefermedesbois.ch\\\/?p=16216\",\"url\":\"https:\\\/\\\/ecolefermedesbois.ch\\\/?p=16216\",\"name\":\"\u00c0 la d\u00e9couverte des vaches avec l\u2019AES d\u2019Attalens -\",\"isPartOf\":{\"@id\":\"https:\\\/\\\/ecolefermedesbois.ch\\\/#website\"},\"primaryImageOfPage\":{\"@id\":\"https:\\\/\\\/ecolefermedesbois.ch\\\/?p=16216#primaryimage\"},\"image\":{\"@id\":\"https:\\\/\\\/ecolefermedesbois.ch\\\/?p=16216#primaryimage\"},\"thumbnailUrl\":\"https:\\\/\\\/i0.wp.com\\\/ecolefermedesbois.ch\\\/wp-content\\\/uploads\\\/2026\\\/08\\\/wp-1787383639058577213976375745705.jpg?fit=1500%2C2000&ssl=1\",\"datePublished\":\"2026-08-22T07:36:41+00:00\",\"dateModified\":\"2026-08-22T07:36:45+00:00\",\"breadcrumb\":{\"@id\":\"https:\\\/\\\/ecolefermedesbois.ch\\\/?p=16216#breadcrumb\"},\"inLanguage\":\"fr-FR\",\"potentialAction\":[{\"@type\":\"ReadAction\",\"target\":[\"https:\\\/\\\/ecolefermedesbois.ch\\\/?p=16216\"]}]},{\"@type\":\"ImageObject\",\"inLanguage\":\"fr-FR\",\"@id\":\"https:\\\/\\\/ecolefermedesbois.ch\\\/?p=16216#primaryimage\",\"url\":\"https:\\\/\\\/i0.wp.com\\\/ecolefermedesbois.ch\\\/wp-content\\\/uploads\\\/2026\\\/08\\\/wp-1787383639058577213976375745705.jpg?fit=1500%2C2000&ssl=1\",\"contentUrl\":\"https:\\\/\\\/i0.wp.com\\\/ecolefermedesbois.ch\\\/wp-content\\\/uploads\\\/2026\\\/08\\\/wp-1787383639058577213976375745705.jpg?fit=1500%2C2000&ssl=1\",\"width\":1500,\"height\":2000},{\"@type\":\"BreadcrumbList\",\"@id\":\"https:\\\/\\\/ecolefermedesbois.ch\\\/?p=16216#breadcrumb\",\"itemListElement\":[{\"@type\":\"ListItem\",\"position\":1,\"name\":\"Accueil\",\"item\":\"https:\\\/\\\/ecolefermedesbois.ch\\\/\"},{\"@type\":\"ListItem\",\"position\":2,\"name\":\"\u00c0 la d\u00e9couverte des vaches avec l\u2019AES d\u2019Attalens\"}]},{\"@type\":\"WebSite\",\"@id\":\"https:\\\/\\\/ecolefermedesbois.ch\\\/#website\",\"url\":\"https:\\\/\\\/ecolefermedesbois.ch\\\/\",\"name\":\"ecolefermedesbois\",\"description\":\"\",\"publisher\":{\"@id\":\"https:\\\/\\\/ecolefermedesbois.ch\\\/#organization\"},\"potentialAction\":[{\"@type\":\"SearchAction\",\"target\":{\"@type\":\"EntryPoint\",\"urlTemplate\":\"https:\\\/\\\/ecolefermedesbois.ch\\\/?s={search_term_string}\"},\"query-input\":{\"@type\":\"PropertyValueSpecification\",\"valueRequired\":true,\"valueName\":\"search_term_string\"}}],\"inLanguage\":\"fr-FR\"},{\"@type\":\"Organization\",\"@id\":\"https:\\\/\\\/ecolefermedesbois.ch\\\/#organization\",\"name\":\"Ecole \u00e0 la Ferme des Bois\",\"url\":\"https:\\\/\\\/ecolefermedesbois.ch\\\/\",\"logo\":{\"@type\":\"ImageObject\",\"inLanguage\":\"fr-FR\",\"@id\":\"https:\\\/\\\/ecolefermedesbois.ch\\\/#\\\/schema\\\/logo\\\/image\\\/\",\"url\":\"https:\\\/\\\/ecolefermedesbois.ch\\\/wp-content\\\/uploads\\\/2019\\\/04\\\/logo-scaled.gif\",\"contentUrl\":\"https:\\\/\\\/ecolefermedesbois.ch\\\/wp-content\\\/uploads\\\/2019\\\/04\\\/logo-scaled.gif\",\"width\":2560,\"height\":608,\"caption\":\"Ecole \u00e0 la Ferme des Bois\"},\"image\":{\"@id\":\"https:\\\/\\\/ecolefermedesbois.ch\\\/#\\\/schema\\\/logo\\\/image\\\/\"},\"sameAs\":[\"https:\\\/\\\/www.facebook.com\\\/ecolefermedesBois\"]},{\"@type\":\"Person\",\"@id\":\"https:\\\/\\\/ecolefermedesbois.ch\\\/#\\\/schema\\\/person\\\/78f5a1c78e958e51240f90932d290908\",\"name\":\"Sophie\",\"image\":{\"@type\":\"ImageObject\",\"inLanguage\":\"fr-FR\",\"@id\":\"https:\\\/\\\/secure.gravatar.com\\\/avatar\\\/053fbaec50cb27b03b880a4b8b018009aa3af995f32011efc3f40a589371d46f?s=96&d=mm&r=g\",\"url\":\"https:\\\/\\\/secure.gravatar.com\\\/avatar\\\/053fbaec50cb27b03b880a4b8b018009aa3af995f32011efc3f40a589371d46f?s=96&d=mm&r=g\",\"contentUrl\":\"https:\\\/\\\/secure.gravatar.com\\\/avatar\\\/053fbaec50cb27b03b880a4b8b018009aa3af995f32011efc3f40a589371d46f?s=96&d=mm&r=g\",\"caption\":\"Sophie\"},\"url\":\"https:\\\/\\\/ecolefermedesbois.ch\\\/?author=2\"}]}<\/script>\n<!-- \/ Yoast SEO plugin. -->","yoast_head_json":{"title":"\u00c0 la d\u00e9couverte des vaches avec l\u2019AES d\u2019Attalens -","robots":{"index":"index","follow":"follow","max-snippet":"max-snippet:-1","max-image-preview":"max-image-preview:large","max-video-preview":"max-video-preview:-1"},"canonical":"https:\/\/ecolefermedesbois.ch\/?p=16216","og_locale":"fr_FR","og_type":"article","og_title":"\u00c0 la d\u00e9couverte des vaches avec l\u2019AES d\u2019Attalens -","og_description":"Vendredi, nous avons eu le plaisir d\u2019accueillir une vingtaine d\u2019enfants de l\u2019AES d\u2019Attalens pour un apr\u00e8s-midi \u00e0 la ferme. Initialement,&#46;&#46;&#46;","og_url":"https:\/\/ecolefermedesbois.ch\/?p=16216","article_publisher":"https:\/\/www.facebook.com\/ecolefermedesBois","article_published_time":"2026-08-22T07:36:41+00:00","article_modified_time":"2026-08-22T07:36:45+00:00","og_image":[{"width":1500,"height":2000,"url":"https:\/\/ecolefermedesbois.ch\/wp-content\/uploads\/2026\/08\/wp-1787383639058577213976375745705.jpg","type":"image\/jpeg"}],"author":"Sophie","twitter_card":"summary_large_image","twitter_misc":{"\u00c9crit par":"Sophie","Dur\u00e9e de lecture estim\u00e9e":"6 minutes"},"schema":{"@context":"https:\/\/schema.org","@graph":[{"@type":"Article","@id":"https:\/\/ecolefermedesbois.ch\/?p=16216#article","isPartOf":{"@id":"https:\/\/ecolefermedesbois.ch\/?p=16216"},"author":{"name":"Sophie","@id":"https:\/\/ecolefermedesbois.ch\/#\/schema\/person\/78f5a1c78e958e51240f90932d290908"},"headline":"\u00c0 la d\u00e9couverte des vaches avec l\u2019AES d\u2019Attalens","datePublished":"2026-08-22T07:36:41+00:00","dateModified":"2026-08-22T07:36:45+00:00","mainEntityOfPage":{"@id":"https:\/\/ecolefermedesbois.ch\/?p=16216"},"wordCount":981,"commentCount":0,"publisher":{"@id":"https:\/\/ecolefermedesbois.ch\/#organization"},"image":{"@id":"https:\/\/ecolefermedesbois.ch\/?p=16216#primaryimage"},"thumbnailUrl":"https:\/\/i0.wp.com\/ecolefermedesbois.ch\/wp-content\/uploads\/2026\/08\/wp-1787383639058577213976375745705.jpg?fit=1500%2C2000&ssl=1","articleSection":["Ecole"],"inLanguage":"fr-FR","potentialAction":[{"@type":"CommentAction","name":"Comment","target":["https:\/\/ecolefermedesbois.ch\/?p=16216#respond"]}]},{"@type":"WebPage","@id":"https:\/\/ecolefermedesbois.ch\/?p=16216","url":"https:\/\/ecolefermedesbois.ch\/?p=16216","name":"\u00c0 la d\u00e9couverte des vaches avec l\u2019AES d\u2019Attalens -","isPartOf":{"@id":"https:\/\/ecolefermedesbois.ch\/#website"},"primaryImageOfPage":{"@id":"https:\/\/ecolefermedesbois.ch\/?p=16216#primaryimage"},"image":{"@id":"https:\/\/ecolefermedesbois.ch\/?p=16216#primaryimage"},"thumbnailUrl":"https:\/\/i0.wp.com\/ecolefermedesbois.ch\/wp-content\/uploads\/2026\/08\/wp-1787383639058577213976375745705.jpg?fit=1500%2C2000&ssl=1","datePublished":"2026-08-22T07:36:41+00:00","dateModified":"2026-08-22T07:36:45+00:00","breadcrumb":{"@id":"https:\/\/ecolefermedesbois.ch\/?p=16216#breadcrumb"},"inLanguage":"fr-FR","potentialAction":[{"@type":"ReadAction","target":["https:\/\/ecolefermedesbois.ch\/?p=16216"]}]},{"@type":"ImageObject","inLanguage":"fr-FR","@id":"https:\/\/ecolefermedesbois.ch\/?p=16216#primaryimage","url":"https:\/\/i0.wp.com\/ecolefermedesbois.ch\/wp-content\/uploads\/2026\/08\/wp-1787383639058577213976375745705.jpg?fit=1500%2C2000&ssl=1","contentUrl":"https:\/\/i0.wp.com\/ecolefermedesbois.ch\/wp-content\/uploads\/2026\/08\/wp-1787383639058577213976375745705.jpg?fit=1500%2C2000&ssl=1","width":1500,"height":2000},{"@type":"BreadcrumbList","@id":"https:\/\/ecolefermedesbois.ch\/?p=16216#breadcrumb","itemListElement":[{"@type":"ListItem","position":1,"name":"Accueil","item":"https:\/\/ecolefermedesbois.ch\/"},{"@type":"ListItem","position":2,"name":"\u00c0 la d\u00e9couverte des vaches avec l\u2019AES d\u2019Attalens"}]},{"@type":"WebSite","@id":"https:\/\/ecolefermedesbois.ch\/#website","url":"https:\/\/ecolefermedesbois.ch\/","name":"ecolefermedesbois","description":"","publisher":{"@id":"https:\/\/ecolefermedesbois.ch\/#organization"},"potentialAction":[{"@type":"SearchAction","target":{"@type":"EntryPoint","urlTemplate":"https:\/\/ecolefermedesbois.ch\/?s={search_term_string}"},"query-input":{"@type":"PropertyValueSpecification","valueRequired":true,"valueName":"search_term_string"}}],"inLanguage":"fr-FR"},{"@type":"Organization","@id":"https:\/\/ecolefermedesbois.ch\/#organization","name":"Ecole \u00e0 la Ferme des Bois","url":"https:\/\/ecolefermedesbois.ch\/","logo":{"@type":"ImageObject","inLanguage":"fr-FR","@id":"https:\/\/ecolefermedesbois.ch\/#\/schema\/logo\/image\/","url":"https:\/\/ecolefermedesbois.ch\/wp-content\/uploads\/2019\/04\/logo-scaled.gif","contentUrl":"https:\/\/ecolefermedesbois.ch\/wp-content\/uploads\/2019\/04\/logo-scaled.gif","width":2560,"height":608,"caption":"Ecole \u00e0 la Ferme des Bois"},"image":{"@id":"https:\/\/ecolefermedesbois.ch\/#\/schema\/logo\/image\/"},"sameAs":["https:\/\/www.facebook.com\/ecolefermedesBois"]},{"@type":"Person","@id":"https:\/\/ecolefermedesbois.ch\/#\/schema\/person\/78f5a1c78e958e51240f90932d290908","name":"Sophie","image":{"@type":"ImageObject","inLanguage":"fr-FR","@id":"https:\/\/secure.gravatar.com\/avatar\/053fbaec50cb27b03b880a4b8b018009aa3af995f32011efc3f40a589371d46f?s=96&d=mm&r=g","url":"https:\/\/secure.gravatar.com\/avatar\/053fbaec50cb27b03b880a4b8b018009aa3af995f32011efc3f40a589371d46f?s=96&d=mm&r=g","contentUrl":"https:\/\/secure.gravatar.com\/avatar\/053fbaec50cb27b03b880a4b8b018009aa3af995f32011efc3f40a589371d46f?s=96&d=mm&r=g","caption":"Sophie"},"url":"https:\/\/ecolefermedesbois.ch\/?author=2"}]}},"jetpack_publicize_connections":[],"jetpack_sharing_enabled":true,"jetpack_featured_media_url":"https:\/\/i0.wp.com\/ecolefermedesbois.ch\/wp-content\/uploads\/2026\/08\/wp-1787383639058577213976375745705.jpg?fit=1500%2C2000&ssl=1","_links":{"self":[{"href":"https:\/\/ecolefermedesbois.ch\/index.php?rest_route=\/wp\/v2\/posts\/16216","targetHints":{"allow":["GET"]}}],"collection":[{"href":"https:\/\/ecolefermedesbois.ch\/index.php?rest_route=\/wp\/v2\/posts"}],"about":[{"href":"https:\/\/ecolefermedesbois.ch\/index.php?rest_route=\/wp\/v2\/types\/post"}],"author":[{"embeddable":true,"href":"https:\/\/ecolefermedesbois.ch\/index.php?rest_route=\/wp\/v2\/users\/2"}],"replies":[{"embeddable":true,"href":"https:\/\/ecolefermedesbois.ch\/index.php?rest_route=%2Fwp%2Fv2%2Fcomments&post=16216"}],"version-history":[{"count":1,"href":"https:\/\/ecolefermedesbois.ch\/index.php?rest_route=\/wp\/v2\/posts\/16216\/revisions"}],"predecessor-version":[{"id":16217,"href":"https:\/\/ecolefermedesbois.ch\/index.php?rest_route=\/wp\/v2\/posts\/16216\/revisions\/16217"}],"wp:featuredmedia":[{"embeddable":true,"href":"https:\/\/ecolefermedesbois.ch\/index.php?rest_route=\/wp\/v2\/media\/16212"}],"wp:attachment":[{"href":"https:\/\/ecolefermedesbois.ch\/index.php?rest_route=%2Fwp%2Fv2%2Fmedia&parent=16216"}],"wp:term":[{"taxonomy":"category","embeddable":true,"href":"https:\/\/ecolefermedesbois.ch\/index.php?rest_route=%2Fwp%2Fv2%2Fcategories&post=16216"},{"taxonomy":"post_tag","embeddable":true,"href":"https:\/\/ecolefermedesbois.ch\/index.php?rest_route=%2Fwp%2Fv2%2Ftags&post=16216"}],"curies":[{"name":"wp","href":"https:\/\/api.w.org\/{rel}","templated":true}]}}