{"id":16198,"date":"2026-08-19T15:26:53","date_gmt":"2026-08-19T13:26:53","guid":{"rendered":"https:\/\/ecolefermedesbois.ch\/?p=16198"},"modified":"2026-08-19T15:26:57","modified_gmt":"2026-08-19T13:26:57","slug":"une-journee-a-la-ferme-avec-le-passeport-vacances-de-la-glane","status":"publish","type":"post","link":"https:\/\/ecolefermedesbois.ch\/?p=16198","title":{"rendered":"Une journ\u00e9e \u00e0 la ferme avec le Passeport Vacances de la Gl\u00e2ne"},"content":{"rendered":"<div class=\"pdfprnt-buttons pdfprnt-buttons-post pdfprnt-top-right\"><a href=\"https:\/\/ecolefermedesbois.ch\/index.php?rest_route=%2Fwp%2Fv2%2Fposts%2F16198&print=pdf\" class=\"pdfprnt-button pdfprnt-button-pdf\" target=\"_blank\" ><img data-recalc-dims=\"1\" decoding=\"async\" src=\"https:\/\/i0.wp.com\/ecolefermedesbois.ch\/wp-content\/plugins\/pdf-print\/images\/pdf.png?w=720&#038;ssl=1\" alt=\"image_pdf\" title=\"Afficher le PDF\" \/><\/a><a href=\"https:\/\/ecolefermedesbois.ch\/index.php?rest_route=%2Fwp%2Fv2%2Fposts%2F16198&print=print\" class=\"pdfprnt-button pdfprnt-button-print\" target=\"_blank\" ><img data-recalc-dims=\"1\" decoding=\"async\" src=\"https:\/\/i0.wp.com\/ecolefermedesbois.ch\/wp-content\/plugins\/pdf-print\/images\/print.png?w=720&#038;ssl=1\" alt=\"image_print\" title=\"Contenu imprim\u00e9\" \/><\/a><\/div>\n<p class=\"wp-block-paragraph\">Mardi, nous avons eu le plaisir d\u2019accueillir les enfants du Passeport Vacances de la Gl\u00e2ne pour une belle journ\u00e9e de d\u00e9couvertes \u00e0 la ferme.<\/p>\n\n\n\n<p class=\"wp-block-paragraph\">Apr\u00e8s l\u2019accueil, la pr\u00e9sentation de la journ\u00e9e et quelques explications, il est d\u00e9j\u00e0 temps de partir \u00e0 la rencontre de nos animaux !<\/p>\n\n\n\n<p class=\"wp-block-paragraph\">&#x1f414; \u00c0 la d\u00e9couverte de la basse-cour<\/p>\n\n\n\n<p class=\"wp-block-paragraph\">Nous commen\u00e7ons notre matin\u00e9e par les diff\u00e9rents poulaillers. Les enfants s\u2019occupent tout d\u2019abord des grandes poules et des cailles, puis nous rejoignons le poulailler des poules naines o\u00f9 vivent \u00e9galement nos canards. Sans oublier les cailles !<\/p>\n\n\n\n<p class=\"wp-block-paragraph\">Tout ce petit monde a besoin de soins : les enfants donnent \u00e0 manger et \u00e0 boire aux animaux tout en d\u00e9couvrant leur habitat et leurs particularit\u00e9s.<\/p>\n\n\n\n<p class=\"wp-block-paragraph\">C\u2019est \u00e9galement l\u2019occasion d\u2019en apprendre davantage sur la poule : Pourquoi les \u0153ufs n\u2019ont-ils pas tous la m\u00eame couleur ? Combien une poule peut-elle pondre d\u2019\u0153ufs par jour ? Combien de temps dure la couvaison ? Comment appelle-t-on les diff\u00e9rents membres de sa famille ?<\/p>\n\n\n\n<p class=\"wp-block-paragraph\">Autant de petites questions qui nous permettent de mieux conna\u00eetre ces animaux que nous c\u00f4toyons pourtant r\u00e9guli\u00e8rement.<\/p>\n\n\n\n<p class=\"wp-block-paragraph\">&#x1f410; Du foin, de l\u2019eau\u2026 et beaucoup de c\u00e2lins !<\/p>\n\n\n\n<p class=\"wp-block-paragraph\">Nous poursuivons aupr\u00e8s de nos ch\u00e8vres. L\u00e0 encore, les enfants participent activement : il faut leur donner du foin, v\u00e9rifier qu\u2019elles ont de l\u2019eau et d\u00e9couvrir leurs besoins et leurs particularit\u00e9s.<\/p>\n\n\n\n<p class=\"wp-block-paragraph\">Et \u00e9videmment, impossible de repartir sans consacrer un peu de temps aux c\u00e2lins ! Les ch\u00e8vres ne se font pas prier pour profiter de toute cette attention.<\/p>\n\n\n\n<p class=\"wp-block-paragraph\">&#x1f430; Au tour des lapins<\/p>\n\n\n\n<p class=\"wp-block-paragraph\">Nous rejoignons ensuite les lapins et, cette fois, il faut retrousser les manches !<\/p>\n\n\n\n<p class=\"wp-block-paragraph\">Les enfants retirent les bacs des clapiers, les nettoient et les rincent \u00e0 l\u2019eau afin d\u2019enlever les derni\u00e8res salet\u00e9s. Une fois les bacs propres, nous remettons de la paille fra\u00eeche et chacun retrouve sa place.<\/p>\n\n\n\n<p class=\"wp-block-paragraph\">Il faut encore donner de l\u2019eau, des grains et du foin \u00e0 nos petits pensionnaires.<\/p>\n\n\n\n<p class=\"wp-block-paragraph\">Une fois tout ce travail termin\u00e9, place au moment tant attendu : les c\u00e2lins ! Chacun peut caresser tranquillement les lapins.<\/p>\n\n\n\n<p class=\"wp-block-paragraph\">&#x1f96c; Du jardin directement dans nos assiettes<\/p>\n\n\n\n<p class=\"wp-block-paragraph\">Pour la deuxi\u00e8me partie de la matin\u00e9e, direction le jardin !<\/p>\n\n\n\n<p class=\"wp-block-paragraph\">Nous y r\u00e9coltons des salades, des tomates et des fines herbes, car aujourd\u2019hui, le repas sera pr\u00e9par\u00e9 par les enfants eux-m\u00eames.<\/p>\n\n\n\n<p class=\"wp-block-paragraph\">Au menu : omelettes aux fines herbes du jardin, salade de tomates, salade verte, pain et Gruy\u00e8re.<\/p>\n\n\n\n<p class=\"wp-block-paragraph\">Nos r\u00e9coltes en main, nous rejoignons la salle et toute la petite \u00e9quipe se met au travail.<\/p>\n\n\n\n<p class=\"wp-block-paragraph\">Chacun participe \u00e0 la pr\u00e9paration des omelettes : on casse les \u0153ufs, on ajoute une cuill\u00e8re de lait, du sel, du poivre et, bien s\u00fbr, les fines herbes fra\u00eechement r\u00e9colt\u00e9es et hach\u00e9es.<\/p>\n\n\n\n<p class=\"wp-block-paragraph\">Puis les t\u00e2ches sont r\u00e9parties : deux enfants cuisent les omelettes, une enfant nettoie la salade verte, quatre coupent les tomates, trois pr\u00e9parent la sauce \u00e0 salade et deux autres coupent le Gruy\u00e8re.<\/p>\n\n\n\n<p class=\"wp-block-paragraph\">Et ceux qui terminent les premiers ne restent pas les bras crois\u00e9s ! Il faut encore couper le pain, d\u00e9barrasser, faire la vaisselle et mettre la table.<\/p>\n\n\n\n<p class=\"wp-block-paragraph\">Quelle efficacit\u00e9 ! En seulement 45 minutes, tout est pr\u00eat !<\/p>\n\n\n\n<p class=\"wp-block-paragraph\">Nous pouvons enfin nous installer autour de la table et d\u00e9guster notre repas.<\/p>\n\n\n\n<p class=\"wp-block-paragraph\">Quel d\u00e9lice ! Bravo les enfants pour ce d\u00e9licieux repas pr\u00e9par\u00e9 tous ensemble ! <\/p>\n\n\n\n<p class=\"wp-block-paragraph\">&#x1f34e; Une petite pause avant de rejoindre les vaches<\/p>\n\n\n\n<p class=\"wp-block-paragraph\">Apr\u00e8s le d\u00eener, il est temps de se d\u00e9fouler un peu \u00e0 la place de jeux.<\/p>\n\n\n\n<p class=\"wp-block-paragraph\">Mais avant de partir pour l\u2019\u00e9table, nous faisons un petit crochet par le verger. Chacun peut y cueillir une pomme qui sera d\u00e9gust\u00e9e pour le dessert. <\/p>\n\n\n\n<p class=\"wp-block-paragraph\">Puis nous montons dans la charrette : direction l\u2019\u00e9table !<\/p>\n\n\n\n<p class=\"wp-block-paragraph\">&#x1f404; \u00c0 la rencontre des vaches<\/p>\n\n\n\n<p class=\"wp-block-paragraph\">Les enfants d\u00e9couvrent les vaches, peuvent les caresser, leur donner \u00e0 manger et prendre le temps de les observer.<\/p>\n\n\n\n<p class=\"wp-block-paragraph\">Nous parlons de leur alimentation, de leur digestion et de leurs fameux quatre estomacs.<\/p>\n\n\n\n<p class=\"wp-block-paragraph\">Cette ann\u00e9e particuli\u00e8rement s\u00e8che nous donne \u00e9galement l\u2019occasion d&rsquo;aborder un sujet tr\u00e8s concret : le manque de fourrage. Produire la nourriture n\u00e9cessaire aux animaux demande beaucoup de travail et d\u00e9pend \u00e9norm\u00e9ment de la m\u00e9t\u00e9o. Il est donc important de ne pas la gaspiller.<\/p>\n\n\n\n<p class=\"wp-block-paragraph\">Nous parlons aussi des d\u00e9chets abandonn\u00e9s au bord des routes ou dans les champs. Une fois m\u00e9lang\u00e9s au fourrage, certains peuvent \u00eatre ing\u00e9r\u00e9s par les animaux et avoir des cons\u00e9quences tr\u00e8s graves, pouvant aller jusqu\u2019\u00e0 leur mort.<\/p>\n\n\n\n<p class=\"wp-block-paragraph\">&#x1f95b; Mais o\u00f9 va le lait ?<\/p>\n\n\n\n<p class=\"wp-block-paragraph\">Nous poursuivons notre visite dans la salle de traite.<\/p>\n\n\n\n<p class=\"wp-block-paragraph\">Les enfants d\u00e9couvrent son fonctionnement et apprennent que les vaches sont traites matin et soir, tous les jours de l\u2019ann\u00e9e, samedi et dimanche compris !<\/p>\n\n\n\n<p class=\"wp-block-paragraph\">Ils peuvent m\u00eame poser leur main sur la machine \u00e0 traire afin de sentir son fonctionnement et comprendre comment elle aspire le lait.<\/p>\n\n\n\n<p class=\"wp-block-paragraph\">Nous passons ensuite dans la chambre \u00e0 lait pour suivre tout le parcours du lait, depuis la salle de traite jusqu\u2019au tank.<\/p>\n\n\n\n<p class=\"wp-block-paragraph\">Je leur explique qu\u2019apr\u00e8s chaque traite, matin et soir, notre lait est livr\u00e9 \u00e0 la laiterie d\u2019\u00c9cotaux, o\u00f9 il servira notamment \u00e0 fabriquer du Gruy\u00e8re, des yaourts, diff\u00e9rents fromages, du beurre ou encore de la cr\u00e8me.<\/p>\n\n\n\n<p class=\"wp-block-paragraph\">&#x1f42e; Une vachette pleine d&rsquo;\u00e9nergie !<\/p>\n\n\n\n<p class=\"wp-block-paragraph\">Avant de quitter l\u2019\u00e9table, nous allons encore rendre visite aux jeunes veaux et vachettes.<\/p>\n\n\n\n<p class=\"wp-block-paragraph\">Et l\u00e0, petite surprise : l\u2019une de nos jeunes vachettes est particuli\u00e8rement motiv\u00e9e \u00e0 t\u00e9ter les doigts\u2026 peut-\u00eatre m\u00eame un peu trop ! Entre sa langue et quelques petits coups de t\u00eate enthousiastes, certains \u00e9clatent de rire tandis que d\u2019autres pr\u00e9f\u00e8rent prudemment garder leurs distances. <\/p>\n\n\n\n<p class=\"wp-block-paragraph\">Nous terminons notre d\u00e9couverte de l\u2019\u00e9table \u00e0 la grange avec Alsace, notre vache en bois, que chaque enfant peut essayer de traire.<\/p>\n\n\n\n<p class=\"wp-block-paragraph\">Pendant que certains poursuivent la traite, d\u2019autres trouvent encore de quoi s\u2019occuper : balayer la grange, repousser l\u2019herbe devant les vaches ou profiter des derniers instants pour leur faire quelques c\u00e2lins.<\/p>\n\n\n\n<p class=\"wp-block-paragraph\">&#x1f69c; Et voil\u00e0 d\u00e9j\u00e0 l&rsquo;heure du retour\u2026<\/p>\n\n\n\n<p class=\"wp-block-paragraph\">Il est temps de reprendre la charrette et de rentrer \u00e0 la maison avant l\u2019arriv\u00e9e des parents.<\/p>\n\n\n\n<p class=\"wp-block-paragraph\">Il nous reste encore quelques petites minutes. Certains choisissent de retourner aupr\u00e8s des lapins pour quelques derni\u00e8res caresses, tandis que d\u2019autres profitent une derni\u00e8re fois de la place de jeux.<\/p>\n\n\n\n<p class=\"wp-block-paragraph\">Et voil\u00e0\u2026 la journ\u00e9e est d\u00e9j\u00e0 termin\u00e9e !<\/p>\n\n\n\n<p class=\"wp-block-paragraph\">Un immense merci aux enfants pour leur enthousiasme, leur curiosit\u00e9 et leur implication tout au long de cette journ\u00e9e. Vous avez travaill\u00e9, d\u00e9couvert, cuisin\u00e9, pos\u00e9 des questions, pris soin des animaux et surtout particip\u00e9 avec beaucoup d\u2019\u00e9nergie. C\u2019\u00e9tait vraiment une tr\u00e8s belle journ\u00e9e en votre compagnie. &#x2764;&#xfe0f;<\/p>\n\n\n\n<p class=\"wp-block-paragraph\">Et un grand merci \u00e9galement \u00e0 nos accompagnantes, Marie et Kelly qui se sont relay\u00e9es et qui ont particip\u00e9 activement \u00e0 toutes les activit\u00e9s et m\u2019ont beaucoup aid\u00e9e tout au long de la journ\u00e9e. leur pr\u00e9sence et leur investissement ont largement contribu\u00e9 au bon d\u00e9roulement de cette belle journ\u00e9e.<\/p>\n\n\n\n<p class=\"wp-block-paragraph\">Bravo et merci \u00e0 tous !\u00a0<br>Sophie<\/p>\n\n\n\n<figure class=\"wp-block-gallery has-nested-images columns-default is-cropped wp-block-gallery-1 is-layout-flex wp-block-gallery-is-layout-flex\">\n<figure class=\"wp-block-image size-large\"><img data-recalc-dims=\"1\" fetchpriority=\"high\" decoding=\"async\" width=\"450\" height=\"600\" data-id=\"16205\" src=\"https:\/\/i0.wp.com\/ecolefermedesbois.ch\/wp-content\/uploads\/2026\/08\/wp-17871458166772894390866510500026.jpg?resize=450%2C600&#038;ssl=1\" alt=\"\" class=\"wp-image-16205\" srcset=\"https:\/\/i0.wp.com\/ecolefermedesbois.ch\/wp-content\/uploads\/2026\/08\/wp-17871458166772894390866510500026.jpg?resize=450%2C600&amp;ssl=1 450w, https:\/\/i0.wp.com\/ecolefermedesbois.ch\/wp-content\/uploads\/2026\/08\/wp-17871458166772894390866510500026.jpg?resize=225%2C300&amp;ssl=1 225w, https:\/\/i0.wp.com\/ecolefermedesbois.ch\/wp-content\/uploads\/2026\/08\/wp-17871458166772894390866510500026.jpg?resize=768%2C1024&amp;ssl=1 768w, https:\/\/i0.wp.com\/ecolefermedesbois.ch\/wp-content\/uploads\/2026\/08\/wp-17871458166772894390866510500026.jpg?resize=1152%2C1536&amp;ssl=1 1152w, https:\/\/i0.wp.com\/ecolefermedesbois.ch\/wp-content\/uploads\/2026\/08\/wp-17871458166772894390866510500026.jpg?w=1500&amp;ssl=1 1500w, https:\/\/i0.wp.com\/ecolefermedesbois.ch\/wp-content\/uploads\/2026\/08\/wp-17871458166772894390866510500026.jpg?w=1440&amp;ssl=1 1440w\" sizes=\"(max-width: 450px) 100vw, 450px\" \/><\/figure>\n\n\n\n<figure class=\"wp-block-image size-large\"><img data-recalc-dims=\"1\" decoding=\"async\" width=\"600\" height=\"450\" data-id=\"16200\" src=\"https:\/\/i0.wp.com\/ecolefermedesbois.ch\/wp-content\/uploads\/2026\/08\/wp-17871458165691326781355966845641.jpg?resize=600%2C450&#038;ssl=1\" alt=\"\" class=\"wp-image-16200\" srcset=\"https:\/\/i0.wp.com\/ecolefermedesbois.ch\/wp-content\/uploads\/2026\/08\/wp-17871458165691326781355966845641.jpg?resize=600%2C450&amp;ssl=1 600w, https:\/\/i0.wp.com\/ecolefermedesbois.ch\/wp-content\/uploads\/2026\/08\/wp-17871458165691326781355966845641.jpg?resize=300%2C225&amp;ssl=1 300w, https:\/\/i0.wp.com\/ecolefermedesbois.ch\/wp-content\/uploads\/2026\/08\/wp-17871458165691326781355966845641.jpg?resize=768%2C576&amp;ssl=1 768w, https:\/\/i0.wp.com\/ecolefermedesbois.ch\/wp-content\/uploads\/2026\/08\/wp-17871458165691326781355966845641.jpg?resize=1536%2C1152&amp;ssl=1 1536w, https:\/\/i0.wp.com\/ecolefermedesbois.ch\/wp-content\/uploads\/2026\/08\/wp-17871458165691326781355966845641.jpg?w=2000&amp;ssl=1 2000w, https:\/\/i0.wp.com\/ecolefermedesbois.ch\/wp-content\/uploads\/2026\/08\/wp-17871458165691326781355966845641.jpg?w=1440&amp;ssl=1 1440w\" sizes=\"(max-width: 600px) 100vw, 600px\" \/><\/figure>\n\n\n\n<figure class=\"wp-block-image size-large\"><img data-recalc-dims=\"1\" decoding=\"async\" width=\"600\" height=\"450\" data-id=\"16202\" src=\"https:\/\/i0.wp.com\/ecolefermedesbois.ch\/wp-content\/uploads\/2026\/08\/wp-1787145816470321245993557577858.jpg?resize=600%2C450&#038;ssl=1\" alt=\"\" class=\"wp-image-16202\" srcset=\"https:\/\/i0.wp.com\/ecolefermedesbois.ch\/wp-content\/uploads\/2026\/08\/wp-1787145816470321245993557577858.jpg?resize=600%2C450&amp;ssl=1 600w, https:\/\/i0.wp.com\/ecolefermedesbois.ch\/wp-content\/uploads\/2026\/08\/wp-1787145816470321245993557577858.jpg?resize=300%2C225&amp;ssl=1 300w, https:\/\/i0.wp.com\/ecolefermedesbois.ch\/wp-content\/uploads\/2026\/08\/wp-1787145816470321245993557577858.jpg?resize=768%2C576&amp;ssl=1 768w, https:\/\/i0.wp.com\/ecolefermedesbois.ch\/wp-content\/uploads\/2026\/08\/wp-1787145816470321245993557577858.jpg?resize=1536%2C1152&amp;ssl=1 1536w, https:\/\/i0.wp.com\/ecolefermedesbois.ch\/wp-content\/uploads\/2026\/08\/wp-1787145816470321245993557577858.jpg?w=2000&amp;ssl=1 2000w, https:\/\/i0.wp.com\/ecolefermedesbois.ch\/wp-content\/uploads\/2026\/08\/wp-1787145816470321245993557577858.jpg?w=1440&amp;ssl=1 1440w\" sizes=\"(max-width: 600px) 100vw, 600px\" \/><\/figure>\n\n\n\n<figure class=\"wp-block-image size-large\"><img data-recalc-dims=\"1\" loading=\"lazy\" decoding=\"async\" width=\"600\" height=\"450\" data-id=\"16203\" src=\"https:\/\/i0.wp.com\/ecolefermedesbois.ch\/wp-content\/uploads\/2026\/08\/wp-17871458163857584953037611602393.jpg?resize=600%2C450&#038;ssl=1\" alt=\"\" class=\"wp-image-16203\" srcset=\"https:\/\/i0.wp.com\/ecolefermedesbois.ch\/wp-content\/uploads\/2026\/08\/wp-17871458163857584953037611602393.jpg?resize=600%2C450&amp;ssl=1 600w, https:\/\/i0.wp.com\/ecolefermedesbois.ch\/wp-content\/uploads\/2026\/08\/wp-17871458163857584953037611602393.jpg?resize=300%2C225&amp;ssl=1 300w, https:\/\/i0.wp.com\/ecolefermedesbois.ch\/wp-content\/uploads\/2026\/08\/wp-17871458163857584953037611602393.jpg?resize=768%2C576&amp;ssl=1 768w, https:\/\/i0.wp.com\/ecolefermedesbois.ch\/wp-content\/uploads\/2026\/08\/wp-17871458163857584953037611602393.jpg?resize=1536%2C1152&amp;ssl=1 1536w, https:\/\/i0.wp.com\/ecolefermedesbois.ch\/wp-content\/uploads\/2026\/08\/wp-17871458163857584953037611602393.jpg?w=2000&amp;ssl=1 2000w, https:\/\/i0.wp.com\/ecolefermedesbois.ch\/wp-content\/uploads\/2026\/08\/wp-17871458163857584953037611602393.jpg?w=1440&amp;ssl=1 1440w\" sizes=\"(max-width: 600px) 100vw, 600px\" \/><\/figure>\n\n\n\n<figure class=\"wp-block-image size-large\"><img data-recalc-dims=\"1\" loading=\"lazy\" decoding=\"async\" width=\"600\" height=\"450\" data-id=\"16199\" src=\"https:\/\/i0.wp.com\/ecolefermedesbois.ch\/wp-content\/uploads\/2026\/08\/wp-17871458162951523592128975766873.jpg?resize=600%2C450&#038;ssl=1\" alt=\"\" class=\"wp-image-16199\" srcset=\"https:\/\/i0.wp.com\/ecolefermedesbois.ch\/wp-content\/uploads\/2026\/08\/wp-17871458162951523592128975766873.jpg?resize=600%2C450&amp;ssl=1 600w, https:\/\/i0.wp.com\/ecolefermedesbois.ch\/wp-content\/uploads\/2026\/08\/wp-17871458162951523592128975766873.jpg?resize=300%2C225&amp;ssl=1 300w, https:\/\/i0.wp.com\/ecolefermedesbois.ch\/wp-content\/uploads\/2026\/08\/wp-17871458162951523592128975766873.jpg?resize=768%2C576&amp;ssl=1 768w, https:\/\/i0.wp.com\/ecolefermedesbois.ch\/wp-content\/uploads\/2026\/08\/wp-17871458162951523592128975766873.jpg?resize=1536%2C1152&amp;ssl=1 1536w, https:\/\/i0.wp.com\/ecolefermedesbois.ch\/wp-content\/uploads\/2026\/08\/wp-17871458162951523592128975766873.jpg?w=2000&amp;ssl=1 2000w, https:\/\/i0.wp.com\/ecolefermedesbois.ch\/wp-content\/uploads\/2026\/08\/wp-17871458162951523592128975766873.jpg?w=1440&amp;ssl=1 1440w\" sizes=\"(max-width: 600px) 100vw, 600px\" \/><\/figure>\n\n\n\n<figure class=\"wp-block-image size-large\"><img data-recalc-dims=\"1\" loading=\"lazy\" decoding=\"async\" width=\"450\" height=\"600\" data-id=\"16206\" src=\"https:\/\/i0.wp.com\/ecolefermedesbois.ch\/wp-content\/uploads\/2026\/08\/wp-17871458158001123563922748690647.jpg?resize=450%2C600&#038;ssl=1\" alt=\"\" class=\"wp-image-16206\" srcset=\"https:\/\/i0.wp.com\/ecolefermedesbois.ch\/wp-content\/uploads\/2026\/08\/wp-17871458158001123563922748690647.jpg?resize=450%2C600&amp;ssl=1 450w, https:\/\/i0.wp.com\/ecolefermedesbois.ch\/wp-content\/uploads\/2026\/08\/wp-17871458158001123563922748690647.jpg?resize=225%2C300&amp;ssl=1 225w, https:\/\/i0.wp.com\/ecolefermedesbois.ch\/wp-content\/uploads\/2026\/08\/wp-17871458158001123563922748690647.jpg?resize=768%2C1024&amp;ssl=1 768w, https:\/\/i0.wp.com\/ecolefermedesbois.ch\/wp-content\/uploads\/2026\/08\/wp-17871458158001123563922748690647.jpg?resize=1152%2C1536&amp;ssl=1 1152w, https:\/\/i0.wp.com\/ecolefermedesbois.ch\/wp-content\/uploads\/2026\/08\/wp-17871458158001123563922748690647.jpg?w=1500&amp;ssl=1 1500w, https:\/\/i0.wp.com\/ecolefermedesbois.ch\/wp-content\/uploads\/2026\/08\/wp-17871458158001123563922748690647.jpg?w=1440&amp;ssl=1 1440w\" sizes=\"(max-width: 450px) 100vw, 450px\" \/><\/figure>\n\n\n\n<figure class=\"wp-block-image size-large\"><img data-recalc-dims=\"1\" loading=\"lazy\" decoding=\"async\" width=\"600\" height=\"506\" data-id=\"16204\" src=\"https:\/\/i0.wp.com\/ecolefermedesbois.ch\/wp-content\/uploads\/2026\/08\/wp-17871458160155252579760563430575.jpg?resize=600%2C506&#038;ssl=1\" alt=\"\" class=\"wp-image-16204\" srcset=\"https:\/\/i0.wp.com\/ecolefermedesbois.ch\/wp-content\/uploads\/2026\/08\/wp-17871458160155252579760563430575.jpg?resize=600%2C506&amp;ssl=1 600w, https:\/\/i0.wp.com\/ecolefermedesbois.ch\/wp-content\/uploads\/2026\/08\/wp-17871458160155252579760563430575.jpg?resize=300%2C253&amp;ssl=1 300w, https:\/\/i0.wp.com\/ecolefermedesbois.ch\/wp-content\/uploads\/2026\/08\/wp-17871458160155252579760563430575.jpg?resize=768%2C648&amp;ssl=1 768w, https:\/\/i0.wp.com\/ecolefermedesbois.ch\/wp-content\/uploads\/2026\/08\/wp-17871458160155252579760563430575.jpg?resize=1536%2C1296&amp;ssl=1 1536w, https:\/\/i0.wp.com\/ecolefermedesbois.ch\/wp-content\/uploads\/2026\/08\/wp-17871458160155252579760563430575.jpg?w=2000&amp;ssl=1 2000w, https:\/\/i0.wp.com\/ecolefermedesbois.ch\/wp-content\/uploads\/2026\/08\/wp-17871458160155252579760563430575.jpg?w=1440&amp;ssl=1 1440w\" sizes=\"(max-width: 600px) 100vw, 600px\" \/><\/figure>\n\n\n\n<figure class=\"wp-block-image size-large\"><img data-recalc-dims=\"1\" loading=\"lazy\" decoding=\"async\" width=\"600\" height=\"450\" data-id=\"16201\" src=\"https:\/\/i0.wp.com\/ecolefermedesbois.ch\/wp-content\/uploads\/2026\/08\/wp-17871458161967933996706439821464.jpg?resize=600%2C450&#038;ssl=1\" alt=\"\" class=\"wp-image-16201\" srcset=\"https:\/\/i0.wp.com\/ecolefermedesbois.ch\/wp-content\/uploads\/2026\/08\/wp-17871458161967933996706439821464.jpg?resize=600%2C450&amp;ssl=1 600w, https:\/\/i0.wp.com\/ecolefermedesbois.ch\/wp-content\/uploads\/2026\/08\/wp-17871458161967933996706439821464.jpg?resize=300%2C225&amp;ssl=1 300w, https:\/\/i0.wp.com\/ecolefermedesbois.ch\/wp-content\/uploads\/2026\/08\/wp-17871458161967933996706439821464.jpg?resize=768%2C576&amp;ssl=1 768w, https:\/\/i0.wp.com\/ecolefermedesbois.ch\/wp-content\/uploads\/2026\/08\/wp-17871458161967933996706439821464.jpg?resize=1536%2C1152&amp;ssl=1 1536w, https:\/\/i0.wp.com\/ecolefermedesbois.ch\/wp-content\/uploads\/2026\/08\/wp-17871458161967933996706439821464.jpg?w=2000&amp;ssl=1 2000w, https:\/\/i0.wp.com\/ecolefermedesbois.ch\/wp-content\/uploads\/2026\/08\/wp-17871458161967933996706439821464.jpg?w=1440&amp;ssl=1 1440w\" sizes=\"(max-width: 600px) 100vw, 600px\" \/><\/figure>\n\n\n\n<figure class=\"wp-block-image size-large\"><img data-recalc-dims=\"1\" loading=\"lazy\" decoding=\"async\" width=\"600\" height=\"450\" data-id=\"16208\" src=\"https:\/\/i0.wp.com\/ecolefermedesbois.ch\/wp-content\/uploads\/2026\/08\/wp-17871458159267445548818287856922-1.jpg?resize=600%2C450&#038;ssl=1\" alt=\"\" class=\"wp-image-16208\" srcset=\"https:\/\/i0.wp.com\/ecolefermedesbois.ch\/wp-content\/uploads\/2026\/08\/wp-17871458159267445548818287856922-1.jpg?resize=600%2C450&amp;ssl=1 600w, https:\/\/i0.wp.com\/ecolefermedesbois.ch\/wp-content\/uploads\/2026\/08\/wp-17871458159267445548818287856922-1.jpg?resize=300%2C225&amp;ssl=1 300w, https:\/\/i0.wp.com\/ecolefermedesbois.ch\/wp-content\/uploads\/2026\/08\/wp-17871458159267445548818287856922-1.jpg?resize=768%2C576&amp;ssl=1 768w, https:\/\/i0.wp.com\/ecolefermedesbois.ch\/wp-content\/uploads\/2026\/08\/wp-17871458159267445548818287856922-1.jpg?resize=1536%2C1152&amp;ssl=1 1536w, https:\/\/i0.wp.com\/ecolefermedesbois.ch\/wp-content\/uploads\/2026\/08\/wp-17871458159267445548818287856922-1.jpg?w=2000&amp;ssl=1 2000w, https:\/\/i0.wp.com\/ecolefermedesbois.ch\/wp-content\/uploads\/2026\/08\/wp-17871458159267445548818287856922-1.jpg?w=1440&amp;ssl=1 1440w\" sizes=\"(max-width: 600px) 100vw, 600px\" \/><\/figure>\n<\/figure>\n","protected":false},"excerpt":{"rendered":"<p>Mardi, nous avons eu le plaisir d\u2019accueillir les enfants du Passeport Vacances de la Gl\u00e2ne pour une belle journ\u00e9e de&#46;&#46;&#46;<\/p>\n","protected":false},"author":2,"featured_media":16201,"comment_status":"open","ping_status":"open","sticky":false,"template":"","format":"standard","meta":{"footnotes":"","jetpack_publicize_message":"","jetpack_publicize_feature_enabled":true,"jetpack_social_post_already_shared":true,"jetpack_social_options":{"image_generator_settings":{"template":"highway","default_image_id":0,"font":"","enabled":false},"version":2},"jetpack_post_was_ever_published":false},"categories":[33],"tags":[],"class_list":["post-16198","post","type-post","status-publish","format-standard","has-post-thumbnail","hentry","category-ecole"],"yoast_head":"<!-- This site is optimized with the Yoast SEO plugin v28.4 - https:\/\/yoast.com\/product\/yoast-seo-wordpress\/ -->\n<title>Une journ\u00e9e \u00e0 la ferme avec le Passeport Vacances de la Gl\u00e2ne -<\/title>\n<meta name=\"robots\" content=\"index, follow, max-snippet:-1, max-image-preview:large, max-video-preview:-1\" \/>\n<link rel=\"canonical\" href=\"https:\/\/ecolefermedesbois.ch\/?p=16198\" \/>\n<meta property=\"og:locale\" content=\"fr_FR\" \/>\n<meta property=\"og:type\" content=\"article\" \/>\n<meta property=\"og:title\" content=\"Une journ\u00e9e \u00e0 la ferme avec le Passeport Vacances de la Gl\u00e2ne -\" \/>\n<meta property=\"og:description\" content=\"Mardi, nous avons eu le plaisir d\u2019accueillir les enfants du Passeport Vacances de la Gl\u00e2ne pour une belle journ\u00e9e de&#046;&#046;&#046;\" \/>\n<meta property=\"og:url\" content=\"https:\/\/ecolefermedesbois.ch\/?p=16198\" \/>\n<meta property=\"article:publisher\" content=\"https:\/\/www.facebook.com\/ecolefermedesBois\" \/>\n<meta property=\"article:published_time\" content=\"2026-08-19T13:26:53+00:00\" \/>\n<meta property=\"article:modified_time\" content=\"2026-08-19T13:26:57+00:00\" \/>\n<meta property=\"og:image\" content=\"https:\/\/ecolefermedesbois.ch\/wp-content\/uploads\/2026\/08\/wp-17871458161967933996706439821464.jpg\" \/>\n\t<meta property=\"og:image:width\" content=\"2000\" \/>\n\t<meta property=\"og:image:height\" content=\"1500\" \/>\n\t<meta property=\"og:image:type\" content=\"image\/jpeg\" \/>\n<meta name=\"author\" content=\"Sophie\" \/>\n<meta name=\"twitter:card\" content=\"summary_large_image\" \/>\n<meta name=\"twitter:label1\" content=\"\u00c9crit par\" \/>\n\t<meta name=\"twitter:data1\" content=\"Sophie\" \/>\n\t<meta name=\"twitter:label2\" content=\"Dur\u00e9e de lecture estim\u00e9e\" \/>\n\t<meta name=\"twitter:data2\" content=\"8 minutes\" \/>\n<script type=\"application\/ld+json\" class=\"yoast-schema-graph\">{\"@context\":\"https:\\\/\\\/schema.org\",\"@graph\":[{\"@type\":\"Article\",\"@id\":\"https:\\\/\\\/ecolefermedesbois.ch\\\/?p=16198#article\",\"isPartOf\":{\"@id\":\"https:\\\/\\\/ecolefermedesbois.ch\\\/?p=16198\"},\"author\":{\"name\":\"Sophie\",\"@id\":\"https:\\\/\\\/ecolefermedesbois.ch\\\/#\\\/schema\\\/person\\\/78f5a1c78e958e51240f90932d290908\"},\"headline\":\"Une journ\u00e9e \u00e0 la ferme avec le Passeport Vacances de la Gl\u00e2ne\",\"datePublished\":\"2026-08-19T13:26:53+00:00\",\"dateModified\":\"2026-08-19T13:26:57+00:00\",\"mainEntityOfPage\":{\"@id\":\"https:\\\/\\\/ecolefermedesbois.ch\\\/?p=16198\"},\"wordCount\":1249,\"commentCount\":0,\"publisher\":{\"@id\":\"https:\\\/\\\/ecolefermedesbois.ch\\\/#organization\"},\"image\":{\"@id\":\"https:\\\/\\\/ecolefermedesbois.ch\\\/?p=16198#primaryimage\"},\"thumbnailUrl\":\"https:\\\/\\\/i0.wp.com\\\/ecolefermedesbois.ch\\\/wp-content\\\/uploads\\\/2026\\\/08\\\/wp-17871458161967933996706439821464.jpg?fit=2000%2C1500&ssl=1\",\"articleSection\":[\"Ecole\"],\"inLanguage\":\"fr-FR\",\"potentialAction\":[{\"@type\":\"CommentAction\",\"name\":\"Comment\",\"target\":[\"https:\\\/\\\/ecolefermedesbois.ch\\\/?p=16198#respond\"]}]},{\"@type\":\"WebPage\",\"@id\":\"https:\\\/\\\/ecolefermedesbois.ch\\\/?p=16198\",\"url\":\"https:\\\/\\\/ecolefermedesbois.ch\\\/?p=16198\",\"name\":\"Une journ\u00e9e \u00e0 la ferme avec le Passeport Vacances de la Gl\u00e2ne -\",\"isPartOf\":{\"@id\":\"https:\\\/\\\/ecolefermedesbois.ch\\\/#website\"},\"primaryImageOfPage\":{\"@id\":\"https:\\\/\\\/ecolefermedesbois.ch\\\/?p=16198#primaryimage\"},\"image\":{\"@id\":\"https:\\\/\\\/ecolefermedesbois.ch\\\/?p=16198#primaryimage\"},\"thumbnailUrl\":\"https:\\\/\\\/i0.wp.com\\\/ecolefermedesbois.ch\\\/wp-content\\\/uploads\\\/2026\\\/08\\\/wp-17871458161967933996706439821464.jpg?fit=2000%2C1500&ssl=1\",\"datePublished\":\"2026-08-19T13:26:53+00:00\",\"dateModified\":\"2026-08-19T13:26:57+00:00\",\"breadcrumb\":{\"@id\":\"https:\\\/\\\/ecolefermedesbois.ch\\\/?p=16198#breadcrumb\"},\"inLanguage\":\"fr-FR\",\"potentialAction\":[{\"@type\":\"ReadAction\",\"target\":[\"https:\\\/\\\/ecolefermedesbois.ch\\\/?p=16198\"]}]},{\"@type\":\"ImageObject\",\"inLanguage\":\"fr-FR\",\"@id\":\"https:\\\/\\\/ecolefermedesbois.ch\\\/?p=16198#primaryimage\",\"url\":\"https:\\\/\\\/i0.wp.com\\\/ecolefermedesbois.ch\\\/wp-content\\\/uploads\\\/2026\\\/08\\\/wp-17871458161967933996706439821464.jpg?fit=2000%2C1500&ssl=1\",\"contentUrl\":\"https:\\\/\\\/i0.wp.com\\\/ecolefermedesbois.ch\\\/wp-content\\\/uploads\\\/2026\\\/08\\\/wp-17871458161967933996706439821464.jpg?fit=2000%2C1500&ssl=1\",\"width\":2000,\"height\":1500},{\"@type\":\"BreadcrumbList\",\"@id\":\"https:\\\/\\\/ecolefermedesbois.ch\\\/?p=16198#breadcrumb\",\"itemListElement\":[{\"@type\":\"ListItem\",\"position\":1,\"name\":\"Accueil\",\"item\":\"https:\\\/\\\/ecolefermedesbois.ch\\\/\"},{\"@type\":\"ListItem\",\"position\":2,\"name\":\"Une journ\u00e9e \u00e0 la ferme avec le Passeport Vacances de la Gl\u00e2ne\"}]},{\"@type\":\"WebSite\",\"@id\":\"https:\\\/\\\/ecolefermedesbois.ch\\\/#website\",\"url\":\"https:\\\/\\\/ecolefermedesbois.ch\\\/\",\"name\":\"ecolefermedesbois\",\"description\":\"\",\"publisher\":{\"@id\":\"https:\\\/\\\/ecolefermedesbois.ch\\\/#organization\"},\"potentialAction\":[{\"@type\":\"SearchAction\",\"target\":{\"@type\":\"EntryPoint\",\"urlTemplate\":\"https:\\\/\\\/ecolefermedesbois.ch\\\/?s={search_term_string}\"},\"query-input\":{\"@type\":\"PropertyValueSpecification\",\"valueRequired\":true,\"valueName\":\"search_term_string\"}}],\"inLanguage\":\"fr-FR\"},{\"@type\":\"Organization\",\"@id\":\"https:\\\/\\\/ecolefermedesbois.ch\\\/#organization\",\"name\":\"Ecole \u00e0 la Ferme des Bois\",\"url\":\"https:\\\/\\\/ecolefermedesbois.ch\\\/\",\"logo\":{\"@type\":\"ImageObject\",\"inLanguage\":\"fr-FR\",\"@id\":\"https:\\\/\\\/ecolefermedesbois.ch\\\/#\\\/schema\\\/logo\\\/image\\\/\",\"url\":\"https:\\\/\\\/ecolefermedesbois.ch\\\/wp-content\\\/uploads\\\/2019\\\/04\\\/logo-scaled.gif\",\"contentUrl\":\"https:\\\/\\\/ecolefermedesbois.ch\\\/wp-content\\\/uploads\\\/2019\\\/04\\\/logo-scaled.gif\",\"width\":2560,\"height\":608,\"caption\":\"Ecole \u00e0 la Ferme des Bois\"},\"image\":{\"@id\":\"https:\\\/\\\/ecolefermedesbois.ch\\\/#\\\/schema\\\/logo\\\/image\\\/\"},\"sameAs\":[\"https:\\\/\\\/www.facebook.com\\\/ecolefermedesBois\"]},{\"@type\":\"Person\",\"@id\":\"https:\\\/\\\/ecolefermedesbois.ch\\\/#\\\/schema\\\/person\\\/78f5a1c78e958e51240f90932d290908\",\"name\":\"Sophie\",\"image\":{\"@type\":\"ImageObject\",\"inLanguage\":\"fr-FR\",\"@id\":\"https:\\\/\\\/secure.gravatar.com\\\/avatar\\\/053fbaec50cb27b03b880a4b8b018009aa3af995f32011efc3f40a589371d46f?s=96&d=mm&r=g\",\"url\":\"https:\\\/\\\/secure.gravatar.com\\\/avatar\\\/053fbaec50cb27b03b880a4b8b018009aa3af995f32011efc3f40a589371d46f?s=96&d=mm&r=g\",\"contentUrl\":\"https:\\\/\\\/secure.gravatar.com\\\/avatar\\\/053fbaec50cb27b03b880a4b8b018009aa3af995f32011efc3f40a589371d46f?s=96&d=mm&r=g\",\"caption\":\"Sophie\"},\"url\":\"https:\\\/\\\/ecolefermedesbois.ch\\\/?author=2\"}]}<\/script>\n<!-- \/ Yoast SEO plugin. -->","yoast_head_json":{"title":"Une journ\u00e9e \u00e0 la ferme avec le Passeport Vacances de la Gl\u00e2ne -","robots":{"index":"index","follow":"follow","max-snippet":"max-snippet:-1","max-image-preview":"max-image-preview:large","max-video-preview":"max-video-preview:-1"},"canonical":"https:\/\/ecolefermedesbois.ch\/?p=16198","og_locale":"fr_FR","og_type":"article","og_title":"Une journ\u00e9e \u00e0 la ferme avec le Passeport Vacances de la Gl\u00e2ne -","og_description":"Mardi, nous avons eu le plaisir d\u2019accueillir les enfants du Passeport Vacances de la Gl\u00e2ne pour une belle journ\u00e9e de&#46;&#46;&#46;","og_url":"https:\/\/ecolefermedesbois.ch\/?p=16198","article_publisher":"https:\/\/www.facebook.com\/ecolefermedesBois","article_published_time":"2026-08-19T13:26:53+00:00","article_modified_time":"2026-08-19T13:26:57+00:00","og_image":[{"width":2000,"height":1500,"url":"https:\/\/ecolefermedesbois.ch\/wp-content\/uploads\/2026\/08\/wp-17871458161967933996706439821464.jpg","type":"image\/jpeg"}],"author":"Sophie","twitter_card":"summary_large_image","twitter_misc":{"\u00c9crit par":"Sophie","Dur\u00e9e de lecture estim\u00e9e":"8 minutes"},"schema":{"@context":"https:\/\/schema.org","@graph":[{"@type":"Article","@id":"https:\/\/ecolefermedesbois.ch\/?p=16198#article","isPartOf":{"@id":"https:\/\/ecolefermedesbois.ch\/?p=16198"},"author":{"name":"Sophie","@id":"https:\/\/ecolefermedesbois.ch\/#\/schema\/person\/78f5a1c78e958e51240f90932d290908"},"headline":"Une journ\u00e9e \u00e0 la ferme avec le Passeport Vacances de la Gl\u00e2ne","datePublished":"2026-08-19T13:26:53+00:00","dateModified":"2026-08-19T13:26:57+00:00","mainEntityOfPage":{"@id":"https:\/\/ecolefermedesbois.ch\/?p=16198"},"wordCount":1249,"commentCount":0,"publisher":{"@id":"https:\/\/ecolefermedesbois.ch\/#organization"},"image":{"@id":"https:\/\/ecolefermedesbois.ch\/?p=16198#primaryimage"},"thumbnailUrl":"https:\/\/i0.wp.com\/ecolefermedesbois.ch\/wp-content\/uploads\/2026\/08\/wp-17871458161967933996706439821464.jpg?fit=2000%2C1500&ssl=1","articleSection":["Ecole"],"inLanguage":"fr-FR","potentialAction":[{"@type":"CommentAction","name":"Comment","target":["https:\/\/ecolefermedesbois.ch\/?p=16198#respond"]}]},{"@type":"WebPage","@id":"https:\/\/ecolefermedesbois.ch\/?p=16198","url":"https:\/\/ecolefermedesbois.ch\/?p=16198","name":"Une journ\u00e9e \u00e0 la ferme avec le Passeport Vacances de la Gl\u00e2ne -","isPartOf":{"@id":"https:\/\/ecolefermedesbois.ch\/#website"},"primaryImageOfPage":{"@id":"https:\/\/ecolefermedesbois.ch\/?p=16198#primaryimage"},"image":{"@id":"https:\/\/ecolefermedesbois.ch\/?p=16198#primaryimage"},"thumbnailUrl":"https:\/\/i0.wp.com\/ecolefermedesbois.ch\/wp-content\/uploads\/2026\/08\/wp-17871458161967933996706439821464.jpg?fit=2000%2C1500&ssl=1","datePublished":"2026-08-19T13:26:53+00:00","dateModified":"2026-08-19T13:26:57+00:00","breadcrumb":{"@id":"https:\/\/ecolefermedesbois.ch\/?p=16198#breadcrumb"},"inLanguage":"fr-FR","potentialAction":[{"@type":"ReadAction","target":["https:\/\/ecolefermedesbois.ch\/?p=16198"]}]},{"@type":"ImageObject","inLanguage":"fr-FR","@id":"https:\/\/ecolefermedesbois.ch\/?p=16198#primaryimage","url":"https:\/\/i0.wp.com\/ecolefermedesbois.ch\/wp-content\/uploads\/2026\/08\/wp-17871458161967933996706439821464.jpg?fit=2000%2C1500&ssl=1","contentUrl":"https:\/\/i0.wp.com\/ecolefermedesbois.ch\/wp-content\/uploads\/2026\/08\/wp-17871458161967933996706439821464.jpg?fit=2000%2C1500&ssl=1","width":2000,"height":1500},{"@type":"BreadcrumbList","@id":"https:\/\/ecolefermedesbois.ch\/?p=16198#breadcrumb","itemListElement":[{"@type":"ListItem","position":1,"name":"Accueil","item":"https:\/\/ecolefermedesbois.ch\/"},{"@type":"ListItem","position":2,"name":"Une journ\u00e9e \u00e0 la ferme avec le Passeport Vacances de la Gl\u00e2ne"}]},{"@type":"WebSite","@id":"https:\/\/ecolefermedesbois.ch\/#website","url":"https:\/\/ecolefermedesbois.ch\/","name":"ecolefermedesbois","description":"","publisher":{"@id":"https:\/\/ecolefermedesbois.ch\/#organization"},"potentialAction":[{"@type":"SearchAction","target":{"@type":"EntryPoint","urlTemplate":"https:\/\/ecolefermedesbois.ch\/?s={search_term_string}"},"query-input":{"@type":"PropertyValueSpecification","valueRequired":true,"valueName":"search_term_string"}}],"inLanguage":"fr-FR"},{"@type":"Organization","@id":"https:\/\/ecolefermedesbois.ch\/#organization","name":"Ecole \u00e0 la Ferme des Bois","url":"https:\/\/ecolefermedesbois.ch\/","logo":{"@type":"ImageObject","inLanguage":"fr-FR","@id":"https:\/\/ecolefermedesbois.ch\/#\/schema\/logo\/image\/","url":"https:\/\/ecolefermedesbois.ch\/wp-content\/uploads\/2019\/04\/logo-scaled.gif","contentUrl":"https:\/\/ecolefermedesbois.ch\/wp-content\/uploads\/2019\/04\/logo-scaled.gif","width":2560,"height":608,"caption":"Ecole \u00e0 la Ferme des Bois"},"image":{"@id":"https:\/\/ecolefermedesbois.ch\/#\/schema\/logo\/image\/"},"sameAs":["https:\/\/www.facebook.com\/ecolefermedesBois"]},{"@type":"Person","@id":"https:\/\/ecolefermedesbois.ch\/#\/schema\/person\/78f5a1c78e958e51240f90932d290908","name":"Sophie","image":{"@type":"ImageObject","inLanguage":"fr-FR","@id":"https:\/\/secure.gravatar.com\/avatar\/053fbaec50cb27b03b880a4b8b018009aa3af995f32011efc3f40a589371d46f?s=96&d=mm&r=g","url":"https:\/\/secure.gravatar.com\/avatar\/053fbaec50cb27b03b880a4b8b018009aa3af995f32011efc3f40a589371d46f?s=96&d=mm&r=g","contentUrl":"https:\/\/secure.gravatar.com\/avatar\/053fbaec50cb27b03b880a4b8b018009aa3af995f32011efc3f40a589371d46f?s=96&d=mm&r=g","caption":"Sophie"},"url":"https:\/\/ecolefermedesbois.ch\/?author=2"}]}},"jetpack_publicize_connections":[],"jetpack_sharing_enabled":true,"jetpack_featured_media_url":"https:\/\/i0.wp.com\/ecolefermedesbois.ch\/wp-content\/uploads\/2026\/08\/wp-17871458161967933996706439821464.jpg?fit=2000%2C1500&ssl=1","_links":{"self":[{"href":"https:\/\/ecolefermedesbois.ch\/index.php?rest_route=\/wp\/v2\/posts\/16198","targetHints":{"allow":["GET"]}}],"collection":[{"href":"https:\/\/ecolefermedesbois.ch\/index.php?rest_route=\/wp\/v2\/posts"}],"about":[{"href":"https:\/\/ecolefermedesbois.ch\/index.php?rest_route=\/wp\/v2\/types\/post"}],"author":[{"embeddable":true,"href":"https:\/\/ecolefermedesbois.ch\/index.php?rest_route=\/wp\/v2\/users\/2"}],"replies":[{"embeddable":true,"href":"https:\/\/ecolefermedesbois.ch\/index.php?rest_route=%2Fwp%2Fv2%2Fcomments&post=16198"}],"version-history":[{"count":1,"href":"https:\/\/ecolefermedesbois.ch\/index.php?rest_route=\/wp\/v2\/posts\/16198\/revisions"}],"predecessor-version":[{"id":16209,"href":"https:\/\/ecolefermedesbois.ch\/index.php?rest_route=\/wp\/v2\/posts\/16198\/revisions\/16209"}],"wp:featuredmedia":[{"embeddable":true,"href":"https:\/\/ecolefermedesbois.ch\/index.php?rest_route=\/wp\/v2\/media\/16201"}],"wp:attachment":[{"href":"https:\/\/ecolefermedesbois.ch\/index.php?rest_route=%2Fwp%2Fv2%2Fmedia&parent=16198"}],"wp:term":[{"taxonomy":"category","embeddable":true,"href":"https:\/\/ecolefermedesbois.ch\/index.php?rest_route=%2Fwp%2Fv2%2Fcategories&post=16198"},{"taxonomy":"post_tag","embeddable":true,"href":"https:\/\/ecolefermedesbois.ch\/index.php?rest_route=%2Fwp%2Fv2%2Ftags&post=16198"}],"curies":[{"name":"wp","href":"https:\/\/api.w.org\/{rel}","templated":true}]}}