{"id":15803,"date":"2026-04-25T10:08:06","date_gmt":"2026-04-25T08:08:06","guid":{"rendered":"https:\/\/ecolefermedesbois.ch\/?p=15803"},"modified":"2026-04-25T10:08:08","modified_gmt":"2026-04-25T08:08:08","slug":"une-matinee-a-la-decouverte-de-la-basse-cour-avec-la-classe-dannik-colomb-%f0%9f%90%94%f0%9f%8c%bc","status":"publish","type":"post","link":"https:\/\/ecolefermedesbois.ch\/?p=15803","title":{"rendered":"Une matin\u00e9e \u00e0 la d\u00e9couverte de la basse-cour avec la classe d\u2019Annik Colomb &#x1f414;&#x1f33c;"},"content":{"rendered":"<div class=\"pdfprnt-buttons pdfprnt-buttons-post pdfprnt-top-right\"><a href=\"https:\/\/ecolefermedesbois.ch\/index.php?rest_route=%2Fwp%2Fv2%2Fposts%2F15803&print=pdf\" class=\"pdfprnt-button pdfprnt-button-pdf\" target=\"_blank\" ><img data-recalc-dims=\"1\" decoding=\"async\" src=\"https:\/\/i0.wp.com\/ecolefermedesbois.ch\/wp-content\/plugins\/pdf-print\/images\/pdf.png?w=720&#038;ssl=1\" alt=\"image_pdf\" title=\"Afficher le PDF\" \/><\/a><a href=\"https:\/\/ecolefermedesbois.ch\/index.php?rest_route=%2Fwp%2Fv2%2Fposts%2F15803&print=print\" class=\"pdfprnt-button pdfprnt-button-print\" target=\"_blank\" ><img data-recalc-dims=\"1\" decoding=\"async\" src=\"https:\/\/i0.wp.com\/ecolefermedesbois.ch\/wp-content\/plugins\/pdf-print\/images\/print.png?w=720&#038;ssl=1\" alt=\"image_print\" title=\"Contenu imprim\u00e9\" \/><\/a><\/div>\n<p>Jeudi matin, nous avons eu le plaisir d\u2019accueillir la classe d\u2019Annik Colomb de Pal\u00e9zieux-Village pour une immersion au c\u0153ur de la basse-cour. Une matin\u00e9e riche en d\u00e9couvertes, en manipulations\u2026 et en gourmandises ! &#x1f95a;&#x2728;<\/p>\n\n\n\n<p>Une entr\u00e9e en mati\u00e8re ludique &#x1f3b2;<\/p>\n\n\n\n<p>Pour bien commencer la journ\u00e9e, les enfants ont particip\u00e9 \u00e0 notre traditionnel jeu de questions-r\u00e9ponses. Un moment dynamique qui leur a permis de partager leurs connaissances et d\u2019\u00e9veiller leur curiosit\u00e9 autour du th\u00e8me du jour : la basse-cour &#x1f413;. Entre hypoth\u00e8ses, rires et surprises, chacun s\u2019est rapidement plong\u00e9 dans l\u2019ambiance &#x1f604;.<\/p>\n\n\n\n<p>\u00c0 la d\u00e9couverte des poules\u2026 sous toutes leurs formes &#x1f414;<\/p>\n\n\n\n<p>Les enfants ont ensuite \u00e9t\u00e9 r\u00e9partis en deux groupes.<\/p>\n\n\n\n<p>Avec \u00c9milie, un premier groupe s\u2019est install\u00e9 au garage pour un atelier sensoriel et \u00e9ducatif autour de la poule. Ils ont d\u00e9couvert l\u2019incroyable \u00e9volution du poussin dans l\u2019\u0153uf gr\u00e2ce au jeu du \u00ab poussin dans l\u2019\u0153uf \u00bb &#x1f423;, une activit\u00e9 fascinante qui retrace les diff\u00e9rentes \u00e9tapes de son d\u00e9veloppement. La table du toucher a \u00e9galement beaucoup intrigu\u00e9 : plumes, aliments, objets du quotidien des poules\u2026 les enfants ont explor\u00e9 avec leurs mains et leurs sens tout ce qui fait la vie de cet animal &#x270b;&#x1f33e;.<\/p>\n\n\n\n<p>Pendant ce temps, le second groupe est parti \u00e0 la rencontre des poules \u00e0 mes c\u00f4t\u00e9s. Au programme : nourrir, donner \u00e0 boire, observer le poulailler et comprendre comment vivent les poules au quotidien. Les enfants ont aussi eu la joie de ramasser les \u0153ufs, un moment toujours tr\u00e8s attendu !<\/p>\n\n\n\n<p>Puis, les groupes ont \u00e9chang\u00e9 afin que chacun puisse vivre ces deux exp\u00e9riences .<\/p>\n\n\n\n<p>Rencontre avec les autres habitants de la basse-cour &#x1f986;&#x1f425;<\/p>\n\n\n\n<p>La d\u00e9couverte s\u2019est poursuivie avec les diff\u00e9rents animaux de la basse-cour. Selon les groupes, les enfants ont fait connaissance avec les poules, les canards, les cailles et bien s\u00fbr les poussins. Chacun a pu observer leurs particularit\u00e9s, leurs diff\u00e9rences, et mieux comprendre leurs modes de vie.<\/p>\n\n\n\n<p>L\u00e0 encore, nous avons veill\u00e9 \u00e0 faire tourner les groupes pour que tous les enfants puissent rencontrer chaque animal . Une organisation bien rod\u00e9e qui permet \u00e0 chacun de profiter pleinement de toutes les d\u00e9couvertes.<\/p>\n\n\n\n<p>Une pause bien m\u00e9rit\u00e9e\u2026 avant de passer en cuisine ! <\/p>\n\n\n\n<p>Apr\u00e8s ces belles explorations, une r\u00e9cr\u00e9ation a permis aux enfants de se d\u00e9tendre et de partager leurs premi\u00e8res impressions &#x1f60c;.<\/p>\n\n\n\n<p>Puis, direction la salle pour un atelier aussi gourmand que participatif : la confection de madeleines ! &#x1f9c1; \u00c0 partir des \u0153ufs fra\u00eechement r\u00e9colt\u00e9s, les enfants ont mis la main \u00e0 la p\u00e2te : casser, m\u00e9langer, peser, mesurer\u2026 chacun a contribu\u00e9 avec enthousiasme \u00e0 la pr\u00e9paration.<\/p>\n\n\n\n<p>Pendant la cuisson, un moment de d\u00e9couverte a captiv\u00e9 petits et grands : ma collection d\u2019\u0153ufs. De l\u2019impressionnant \u0153uf d\u2019autruche au minuscule \u0153uf de caille, les enfants ont \u00e9t\u00e9 \u00e9merveill\u00e9s par cette diversit\u00e9 &#x2728;.<\/p>\n\n\n\n<p>Une fin toute en douceur &#x1f430;&#x1f495;<\/p>\n\n\n\n<p>Une fois les madeleines bien dor\u00e9es et pr\u00eates \u00e0 \u00eatre d\u00e9gust\u00e9es, la matin\u00e9e s\u2019est termin\u00e9e par un moment plein de tendresse aupr\u00e8s de nos lapins. Les enfants ont appris \u00e0 mieux les conna\u00eetre, \u00e0 comprendre leurs particularit\u00e9s\u2026 et bien s\u00fbr \u00e0 leur offrir de doux c\u00e2lins, pour le plus grand bonheur de tous &#x1f970;.<\/p>\n\n\n\n<p>Merci pour cette belle matin\u00e9e &#x1f33f;<\/p>\n\n\n\n<p>Un grand merci aux enfants pour leur enthousiasme, leur curiosit\u00e9 et leur implication tout au long de cette matin\u00e9e. Merci \u00e9galement \u00e0 Annik et Sylvie pour leurs confiances et leurs accompagnements.<\/p>\n\n\n\n<p>Une matin\u00e9e vivante, riche en d\u00e9couvertes et en \u00e9motions\u2026 comme on les aime \u00e0 la ferme ! &#x1f33c;&#x1f414;<\/p>\n\n\n\n<p>A beint\u00f4t<br>Sophie<\/p>\n\n\n\n<figure class=\"wp-block-gallery has-nested-images columns-default is-cropped wp-block-gallery-1 is-layout-flex wp-block-gallery-is-layout-flex\">\n<figure class=\"wp-block-image size-large\"><img data-recalc-dims=\"1\" fetchpriority=\"high\" decoding=\"async\" width=\"450\" height=\"600\" data-id=\"15804\" src=\"https:\/\/i0.wp.com\/ecolefermedesbois.ch\/wp-content\/uploads\/2026\/04\/20260423_091502.jpg?resize=450%2C600&#038;ssl=1\" alt=\"\" class=\"wp-image-15804\" srcset=\"https:\/\/i0.wp.com\/ecolefermedesbois.ch\/wp-content\/uploads\/2026\/04\/20260423_091502-scaled.jpg?resize=450%2C600&amp;ssl=1 450w, https:\/\/i0.wp.com\/ecolefermedesbois.ch\/wp-content\/uploads\/2026\/04\/20260423_091502-scaled.jpg?resize=225%2C300&amp;ssl=1 225w, https:\/\/i0.wp.com\/ecolefermedesbois.ch\/wp-content\/uploads\/2026\/04\/20260423_091502-scaled.jpg?resize=768%2C1024&amp;ssl=1 768w, https:\/\/i0.wp.com\/ecolefermedesbois.ch\/wp-content\/uploads\/2026\/04\/20260423_091502-scaled.jpg?resize=1152%2C1536&amp;ssl=1 1152w, https:\/\/i0.wp.com\/ecolefermedesbois.ch\/wp-content\/uploads\/2026\/04\/20260423_091502-scaled.jpg?resize=1536%2C2048&amp;ssl=1 1536w, https:\/\/i0.wp.com\/ecolefermedesbois.ch\/wp-content\/uploads\/2026\/04\/20260423_091502-scaled.jpg?w=1920&amp;ssl=1 1920w, https:\/\/i0.wp.com\/ecolefermedesbois.ch\/wp-content\/uploads\/2026\/04\/20260423_091502-scaled.jpg?w=1440&amp;ssl=1 1440w\" sizes=\"(max-width: 450px) 100vw, 450px\" \/><\/figure>\n\n\n\n<figure class=\"wp-block-image size-large\"><img data-recalc-dims=\"1\" decoding=\"async\" width=\"600\" height=\"450\" data-id=\"15807\" src=\"https:\/\/i0.wp.com\/ecolefermedesbois.ch\/wp-content\/uploads\/2026\/04\/20260423_092355.jpg?resize=600%2C450&#038;ssl=1\" alt=\"\" class=\"wp-image-15807\" srcset=\"https:\/\/i0.wp.com\/ecolefermedesbois.ch\/wp-content\/uploads\/2026\/04\/20260423_092355-scaled.jpg?resize=600%2C450&amp;ssl=1 600w, https:\/\/i0.wp.com\/ecolefermedesbois.ch\/wp-content\/uploads\/2026\/04\/20260423_092355-scaled.jpg?resize=300%2C225&amp;ssl=1 300w, https:\/\/i0.wp.com\/ecolefermedesbois.ch\/wp-content\/uploads\/2026\/04\/20260423_092355-scaled.jpg?resize=768%2C576&amp;ssl=1 768w, https:\/\/i0.wp.com\/ecolefermedesbois.ch\/wp-content\/uploads\/2026\/04\/20260423_092355-scaled.jpg?resize=1536%2C1152&amp;ssl=1 1536w, https:\/\/i0.wp.com\/ecolefermedesbois.ch\/wp-content\/uploads\/2026\/04\/20260423_092355-scaled.jpg?resize=2048%2C1536&amp;ssl=1 2048w, https:\/\/i0.wp.com\/ecolefermedesbois.ch\/wp-content\/uploads\/2026\/04\/20260423_092355-scaled.jpg?w=1440&amp;ssl=1 1440w, https:\/\/i0.wp.com\/ecolefermedesbois.ch\/wp-content\/uploads\/2026\/04\/20260423_092355-scaled.jpg?w=2160&amp;ssl=1 2160w\" sizes=\"(max-width: 600px) 100vw, 600px\" \/><\/figure>\n\n\n\n<figure class=\"wp-block-image size-large\"><img data-recalc-dims=\"1\" decoding=\"async\" width=\"450\" height=\"600\" data-id=\"15808\" src=\"https:\/\/i0.wp.com\/ecolefermedesbois.ch\/wp-content\/uploads\/2026\/04\/20260423_093510.jpg?resize=450%2C600&#038;ssl=1\" alt=\"\" class=\"wp-image-15808\" srcset=\"https:\/\/i0.wp.com\/ecolefermedesbois.ch\/wp-content\/uploads\/2026\/04\/20260423_093510-scaled.jpg?resize=450%2C600&amp;ssl=1 450w, https:\/\/i0.wp.com\/ecolefermedesbois.ch\/wp-content\/uploads\/2026\/04\/20260423_093510-scaled.jpg?resize=225%2C300&amp;ssl=1 225w, https:\/\/i0.wp.com\/ecolefermedesbois.ch\/wp-content\/uploads\/2026\/04\/20260423_093510-scaled.jpg?resize=768%2C1024&amp;ssl=1 768w, https:\/\/i0.wp.com\/ecolefermedesbois.ch\/wp-content\/uploads\/2026\/04\/20260423_093510-scaled.jpg?resize=1152%2C1536&amp;ssl=1 1152w, https:\/\/i0.wp.com\/ecolefermedesbois.ch\/wp-content\/uploads\/2026\/04\/20260423_093510-scaled.jpg?resize=1536%2C2048&amp;ssl=1 1536w, https:\/\/i0.wp.com\/ecolefermedesbois.ch\/wp-content\/uploads\/2026\/04\/20260423_093510-scaled.jpg?w=1920&amp;ssl=1 1920w, https:\/\/i0.wp.com\/ecolefermedesbois.ch\/wp-content\/uploads\/2026\/04\/20260423_093510-scaled.jpg?w=1440&amp;ssl=1 1440w\" sizes=\"(max-width: 450px) 100vw, 450px\" \/><\/figure>\n\n\n\n<figure class=\"wp-block-image size-large\"><img data-recalc-dims=\"1\" loading=\"lazy\" decoding=\"async\" width=\"600\" height=\"450\" data-id=\"15809\" src=\"https:\/\/i0.wp.com\/ecolefermedesbois.ch\/wp-content\/uploads\/2026\/04\/20260423_093652.jpg?resize=600%2C450&#038;ssl=1\" alt=\"\" class=\"wp-image-15809\" srcset=\"https:\/\/i0.wp.com\/ecolefermedesbois.ch\/wp-content\/uploads\/2026\/04\/20260423_093652-scaled.jpg?resize=600%2C450&amp;ssl=1 600w, https:\/\/i0.wp.com\/ecolefermedesbois.ch\/wp-content\/uploads\/2026\/04\/20260423_093652-scaled.jpg?resize=300%2C225&amp;ssl=1 300w, https:\/\/i0.wp.com\/ecolefermedesbois.ch\/wp-content\/uploads\/2026\/04\/20260423_093652-scaled.jpg?resize=768%2C576&amp;ssl=1 768w, https:\/\/i0.wp.com\/ecolefermedesbois.ch\/wp-content\/uploads\/2026\/04\/20260423_093652-scaled.jpg?resize=1536%2C1152&amp;ssl=1 1536w, https:\/\/i0.wp.com\/ecolefermedesbois.ch\/wp-content\/uploads\/2026\/04\/20260423_093652-scaled.jpg?resize=2048%2C1536&amp;ssl=1 2048w, https:\/\/i0.wp.com\/ecolefermedesbois.ch\/wp-content\/uploads\/2026\/04\/20260423_093652-scaled.jpg?w=1440&amp;ssl=1 1440w, https:\/\/i0.wp.com\/ecolefermedesbois.ch\/wp-content\/uploads\/2026\/04\/20260423_093652-scaled.jpg?w=2160&amp;ssl=1 2160w\" sizes=\"(max-width: 600px) 100vw, 600px\" \/><\/figure>\n\n\n\n<figure class=\"wp-block-image size-large\"><img data-recalc-dims=\"1\" loading=\"lazy\" decoding=\"async\" width=\"450\" height=\"600\" data-id=\"15806\" src=\"https:\/\/i0.wp.com\/ecolefermedesbois.ch\/wp-content\/uploads\/2026\/04\/20260423_093656.jpg?resize=450%2C600&#038;ssl=1\" alt=\"\" class=\"wp-image-15806\" srcset=\"https:\/\/i0.wp.com\/ecolefermedesbois.ch\/wp-content\/uploads\/2026\/04\/20260423_093656-scaled.jpg?resize=450%2C600&amp;ssl=1 450w, https:\/\/i0.wp.com\/ecolefermedesbois.ch\/wp-content\/uploads\/2026\/04\/20260423_093656-scaled.jpg?resize=225%2C300&amp;ssl=1 225w, https:\/\/i0.wp.com\/ecolefermedesbois.ch\/wp-content\/uploads\/2026\/04\/20260423_093656-scaled.jpg?resize=768%2C1024&amp;ssl=1 768w, https:\/\/i0.wp.com\/ecolefermedesbois.ch\/wp-content\/uploads\/2026\/04\/20260423_093656-scaled.jpg?resize=1152%2C1536&amp;ssl=1 1152w, https:\/\/i0.wp.com\/ecolefermedesbois.ch\/wp-content\/uploads\/2026\/04\/20260423_093656-scaled.jpg?resize=1536%2C2048&amp;ssl=1 1536w, https:\/\/i0.wp.com\/ecolefermedesbois.ch\/wp-content\/uploads\/2026\/04\/20260423_093656-scaled.jpg?w=1920&amp;ssl=1 1920w, https:\/\/i0.wp.com\/ecolefermedesbois.ch\/wp-content\/uploads\/2026\/04\/20260423_093656-scaled.jpg?w=1440&amp;ssl=1 1440w\" sizes=\"(max-width: 450px) 100vw, 450px\" \/><\/figure>\n\n\n\n<figure class=\"wp-block-image size-large\"><img data-recalc-dims=\"1\" loading=\"lazy\" decoding=\"async\" width=\"600\" height=\"450\" data-id=\"15805\" src=\"https:\/\/i0.wp.com\/ecolefermedesbois.ch\/wp-content\/uploads\/2026\/04\/20260423_111608.jpg?resize=600%2C450&#038;ssl=1\" alt=\"\" class=\"wp-image-15805\" srcset=\"https:\/\/i0.wp.com\/ecolefermedesbois.ch\/wp-content\/uploads\/2026\/04\/20260423_111608-scaled.jpg?resize=600%2C450&amp;ssl=1 600w, https:\/\/i0.wp.com\/ecolefermedesbois.ch\/wp-content\/uploads\/2026\/04\/20260423_111608-scaled.jpg?resize=300%2C225&amp;ssl=1 300w, https:\/\/i0.wp.com\/ecolefermedesbois.ch\/wp-content\/uploads\/2026\/04\/20260423_111608-scaled.jpg?resize=768%2C576&amp;ssl=1 768w, https:\/\/i0.wp.com\/ecolefermedesbois.ch\/wp-content\/uploads\/2026\/04\/20260423_111608-scaled.jpg?resize=1536%2C1152&amp;ssl=1 1536w, https:\/\/i0.wp.com\/ecolefermedesbois.ch\/wp-content\/uploads\/2026\/04\/20260423_111608-scaled.jpg?resize=2048%2C1536&amp;ssl=1 2048w, https:\/\/i0.wp.com\/ecolefermedesbois.ch\/wp-content\/uploads\/2026\/04\/20260423_111608-scaled.jpg?w=1440&amp;ssl=1 1440w, https:\/\/i0.wp.com\/ecolefermedesbois.ch\/wp-content\/uploads\/2026\/04\/20260423_111608-scaled.jpg?w=2160&amp;ssl=1 2160w\" sizes=\"(max-width: 600px) 100vw, 600px\" \/><\/figure>\n\n\n\n<figure class=\"wp-block-image size-large\"><img data-recalc-dims=\"1\" loading=\"lazy\" decoding=\"async\" width=\"600\" height=\"450\" data-id=\"15810\" src=\"https:\/\/i0.wp.com\/ecolefermedesbois.ch\/wp-content\/uploads\/2026\/04\/20260423_111611.jpg?resize=600%2C450&#038;ssl=1\" alt=\"\" class=\"wp-image-15810\" srcset=\"https:\/\/i0.wp.com\/ecolefermedesbois.ch\/wp-content\/uploads\/2026\/04\/20260423_111611-scaled.jpg?resize=600%2C450&amp;ssl=1 600w, https:\/\/i0.wp.com\/ecolefermedesbois.ch\/wp-content\/uploads\/2026\/04\/20260423_111611-scaled.jpg?resize=300%2C225&amp;ssl=1 300w, https:\/\/i0.wp.com\/ecolefermedesbois.ch\/wp-content\/uploads\/2026\/04\/20260423_111611-scaled.jpg?resize=768%2C576&amp;ssl=1 768w, https:\/\/i0.wp.com\/ecolefermedesbois.ch\/wp-content\/uploads\/2026\/04\/20260423_111611-scaled.jpg?resize=1536%2C1152&amp;ssl=1 1536w, https:\/\/i0.wp.com\/ecolefermedesbois.ch\/wp-content\/uploads\/2026\/04\/20260423_111611-scaled.jpg?resize=2048%2C1536&amp;ssl=1 2048w, https:\/\/i0.wp.com\/ecolefermedesbois.ch\/wp-content\/uploads\/2026\/04\/20260423_111611-scaled.jpg?w=1440&amp;ssl=1 1440w, https:\/\/i0.wp.com\/ecolefermedesbois.ch\/wp-content\/uploads\/2026\/04\/20260423_111611-scaled.jpg?w=2160&amp;ssl=1 2160w\" sizes=\"(max-width: 600px) 100vw, 600px\" \/><\/figure>\n\n\n\n<figure class=\"wp-block-image size-large\"><img data-recalc-dims=\"1\" loading=\"lazy\" decoding=\"async\" width=\"600\" height=\"450\" data-id=\"15811\" src=\"https:\/\/i0.wp.com\/ecolefermedesbois.ch\/wp-content\/uploads\/2026\/04\/20260423_113808.jpg?resize=600%2C450&#038;ssl=1\" alt=\"\" class=\"wp-image-15811\" srcset=\"https:\/\/i0.wp.com\/ecolefermedesbois.ch\/wp-content\/uploads\/2026\/04\/20260423_113808-scaled.jpg?resize=600%2C450&amp;ssl=1 600w, https:\/\/i0.wp.com\/ecolefermedesbois.ch\/wp-content\/uploads\/2026\/04\/20260423_113808-scaled.jpg?resize=300%2C225&amp;ssl=1 300w, https:\/\/i0.wp.com\/ecolefermedesbois.ch\/wp-content\/uploads\/2026\/04\/20260423_113808-scaled.jpg?resize=768%2C576&amp;ssl=1 768w, https:\/\/i0.wp.com\/ecolefermedesbois.ch\/wp-content\/uploads\/2026\/04\/20260423_113808-scaled.jpg?resize=1536%2C1152&amp;ssl=1 1536w, https:\/\/i0.wp.com\/ecolefermedesbois.ch\/wp-content\/uploads\/2026\/04\/20260423_113808-scaled.jpg?resize=2048%2C1536&amp;ssl=1 2048w, https:\/\/i0.wp.com\/ecolefermedesbois.ch\/wp-content\/uploads\/2026\/04\/20260423_113808-scaled.jpg?w=1440&amp;ssl=1 1440w, https:\/\/i0.wp.com\/ecolefermedesbois.ch\/wp-content\/uploads\/2026\/04\/20260423_113808-scaled.jpg?w=2160&amp;ssl=1 2160w\" sizes=\"(max-width: 600px) 100vw, 600px\" \/><\/figure>\n\n\n\n<figure class=\"wp-block-image size-large\"><img data-recalc-dims=\"1\" loading=\"lazy\" decoding=\"async\" width=\"600\" height=\"450\" data-id=\"15812\" src=\"https:\/\/i0.wp.com\/ecolefermedesbois.ch\/wp-content\/uploads\/2026\/04\/20260423_115110.jpg?resize=600%2C450&#038;ssl=1\" alt=\"\" class=\"wp-image-15812\" srcset=\"https:\/\/i0.wp.com\/ecolefermedesbois.ch\/wp-content\/uploads\/2026\/04\/20260423_115110-scaled.jpg?resize=600%2C450&amp;ssl=1 600w, https:\/\/i0.wp.com\/ecolefermedesbois.ch\/wp-content\/uploads\/2026\/04\/20260423_115110-scaled.jpg?resize=300%2C225&amp;ssl=1 300w, https:\/\/i0.wp.com\/ecolefermedesbois.ch\/wp-content\/uploads\/2026\/04\/20260423_115110-scaled.jpg?resize=768%2C576&amp;ssl=1 768w, https:\/\/i0.wp.com\/ecolefermedesbois.ch\/wp-content\/uploads\/2026\/04\/20260423_115110-scaled.jpg?resize=1536%2C1152&amp;ssl=1 1536w, https:\/\/i0.wp.com\/ecolefermedesbois.ch\/wp-content\/uploads\/2026\/04\/20260423_115110-scaled.jpg?resize=2048%2C1536&amp;ssl=1 2048w, https:\/\/i0.wp.com\/ecolefermedesbois.ch\/wp-content\/uploads\/2026\/04\/20260423_115110-scaled.jpg?w=1440&amp;ssl=1 1440w, https:\/\/i0.wp.com\/ecolefermedesbois.ch\/wp-content\/uploads\/2026\/04\/20260423_115110-scaled.jpg?w=2160&amp;ssl=1 2160w\" sizes=\"(max-width: 600px) 100vw, 600px\" \/><\/figure>\n\n\n\n<figure class=\"wp-block-image size-large\"><img data-recalc-dims=\"1\" loading=\"lazy\" decoding=\"async\" width=\"600\" height=\"450\" data-id=\"15813\" src=\"https:\/\/i0.wp.com\/ecolefermedesbois.ch\/wp-content\/uploads\/2026\/04\/20260423_115114.jpg?resize=600%2C450&#038;ssl=1\" alt=\"\" class=\"wp-image-15813\" srcset=\"https:\/\/i0.wp.com\/ecolefermedesbois.ch\/wp-content\/uploads\/2026\/04\/20260423_115114-scaled.jpg?resize=600%2C450&amp;ssl=1 600w, https:\/\/i0.wp.com\/ecolefermedesbois.ch\/wp-content\/uploads\/2026\/04\/20260423_115114-scaled.jpg?resize=300%2C225&amp;ssl=1 300w, https:\/\/i0.wp.com\/ecolefermedesbois.ch\/wp-content\/uploads\/2026\/04\/20260423_115114-scaled.jpg?resize=768%2C576&amp;ssl=1 768w, https:\/\/i0.wp.com\/ecolefermedesbois.ch\/wp-content\/uploads\/2026\/04\/20260423_115114-scaled.jpg?resize=1536%2C1152&amp;ssl=1 1536w, https:\/\/i0.wp.com\/ecolefermedesbois.ch\/wp-content\/uploads\/2026\/04\/20260423_115114-scaled.jpg?resize=2048%2C1536&amp;ssl=1 2048w, https:\/\/i0.wp.com\/ecolefermedesbois.ch\/wp-content\/uploads\/2026\/04\/20260423_115114-scaled.jpg?w=1440&amp;ssl=1 1440w, https:\/\/i0.wp.com\/ecolefermedesbois.ch\/wp-content\/uploads\/2026\/04\/20260423_115114-scaled.jpg?w=2160&amp;ssl=1 2160w\" sizes=\"(max-width: 600px) 100vw, 600px\" \/><\/figure>\n<\/figure>\n","protected":false},"excerpt":{"rendered":"<p>Jeudi matin, nous avons eu le plaisir d\u2019accueillir la classe d\u2019Annik Colomb de Pal\u00e9zieux-Village pour une immersion au c\u0153ur de&#46;&#46;&#46;<\/p>\n","protected":false},"author":2,"featured_media":15806,"comment_status":"open","ping_status":"open","sticky":false,"template":"","format":"standard","meta":{"jetpack_post_was_ever_published":false,"footnotes":"","jetpack_publicize_message":"","jetpack_publicize_feature_enabled":true,"jetpack_social_post_already_shared":true,"jetpack_social_options":{"image_generator_settings":{"template":"highway","default_image_id":0,"font":"","enabled":false},"version":2}},"categories":[33],"tags":[],"class_list":["post-15803","post","type-post","status-publish","format-standard","has-post-thumbnail","hentry","category-ecole"],"yoast_head":"<!-- This site is optimized with the Yoast SEO plugin v27.4 - https:\/\/yoast.com\/product\/yoast-seo-wordpress\/ -->\n<title>Une matin\u00e9e \u00e0 la d\u00e9couverte de la basse-cour avec la classe d\u2019Annik Colomb &#x1f414;&#x1f33c; -<\/title>\n<meta name=\"robots\" content=\"index, follow, max-snippet:-1, max-image-preview:large, max-video-preview:-1\" \/>\n<link rel=\"canonical\" href=\"https:\/\/ecolefermedesbois.ch\/?p=15803\" \/>\n<meta property=\"og:locale\" content=\"fr_FR\" \/>\n<meta property=\"og:type\" content=\"article\" \/>\n<meta property=\"og:title\" content=\"Une matin\u00e9e \u00e0 la d\u00e9couverte de la basse-cour avec la classe d\u2019Annik Colomb &#x1f414;&#x1f33c; -\" \/>\n<meta property=\"og:description\" content=\"Jeudi matin, nous avons eu le plaisir d\u2019accueillir la classe d\u2019Annik Colomb de Pal\u00e9zieux-Village pour une immersion au c\u0153ur de&#046;&#046;&#046;\" \/>\n<meta property=\"og:url\" content=\"https:\/\/ecolefermedesbois.ch\/?p=15803\" \/>\n<meta property=\"article:publisher\" content=\"https:\/\/www.facebook.com\/ecolefermedesBois\" \/>\n<meta property=\"article:published_time\" content=\"2026-04-25T08:08:06+00:00\" \/>\n<meta property=\"article:modified_time\" content=\"2026-04-25T08:08:08+00:00\" \/>\n<meta property=\"og:image\" content=\"https:\/\/ecolefermedesbois.ch\/wp-content\/uploads\/2026\/04\/20260423_093656-scaled.jpg\" \/>\n\t<meta property=\"og:image:width\" content=\"1920\" \/>\n\t<meta property=\"og:image:height\" content=\"2560\" \/>\n\t<meta property=\"og:image:type\" content=\"image\/jpeg\" \/>\n<meta name=\"author\" content=\"Sophie\" \/>\n<meta name=\"twitter:card\" content=\"summary_large_image\" \/>\n<meta name=\"twitter:label1\" content=\"\u00c9crit par\" \/>\n\t<meta name=\"twitter:data1\" content=\"Sophie\" \/>\n\t<meta name=\"twitter:label2\" content=\"Dur\u00e9e de lecture estim\u00e9e\" \/>\n\t<meta name=\"twitter:data2\" content=\"6 minutes\" \/>\n<script type=\"application\/ld+json\" class=\"yoast-schema-graph\">{\"@context\":\"https:\\\/\\\/schema.org\",\"@graph\":[{\"@type\":\"Article\",\"@id\":\"https:\\\/\\\/ecolefermedesbois.ch\\\/?p=15803#article\",\"isPartOf\":{\"@id\":\"https:\\\/\\\/ecolefermedesbois.ch\\\/?p=15803\"},\"author\":{\"name\":\"Sophie\",\"@id\":\"https:\\\/\\\/ecolefermedesbois.ch\\\/#\\\/schema\\\/person\\\/78f5a1c78e958e51240f90932d290908\"},\"headline\":\"Une matin\u00e9e \u00e0 la d\u00e9couverte de la basse-cour avec la classe d\u2019Annik Colomb &#x1f414;&#x1f33c;\",\"datePublished\":\"2026-04-25T08:08:06+00:00\",\"dateModified\":\"2026-04-25T08:08:08+00:00\",\"mainEntityOfPage\":{\"@id\":\"https:\\\/\\\/ecolefermedesbois.ch\\\/?p=15803\"},\"wordCount\":668,\"commentCount\":0,\"publisher\":{\"@id\":\"https:\\\/\\\/ecolefermedesbois.ch\\\/#organization\"},\"image\":{\"@id\":\"https:\\\/\\\/ecolefermedesbois.ch\\\/?p=15803#primaryimage\"},\"thumbnailUrl\":\"https:\\\/\\\/i0.wp.com\\\/ecolefermedesbois.ch\\\/wp-content\\\/uploads\\\/2026\\\/04\\\/20260423_093656-scaled.jpg?fit=1920%2C2560&ssl=1\",\"articleSection\":[\"Ecole\"],\"inLanguage\":\"fr-FR\",\"potentialAction\":[{\"@type\":\"CommentAction\",\"name\":\"Comment\",\"target\":[\"https:\\\/\\\/ecolefermedesbois.ch\\\/?p=15803#respond\"]}]},{\"@type\":\"WebPage\",\"@id\":\"https:\\\/\\\/ecolefermedesbois.ch\\\/?p=15803\",\"url\":\"https:\\\/\\\/ecolefermedesbois.ch\\\/?p=15803\",\"name\":\"Une matin\u00e9e \u00e0 la d\u00e9couverte de la basse-cour avec la classe d\u2019Annik Colomb &#x1f414;&#x1f33c; -\",\"isPartOf\":{\"@id\":\"https:\\\/\\\/ecolefermedesbois.ch\\\/#website\"},\"primaryImageOfPage\":{\"@id\":\"https:\\\/\\\/ecolefermedesbois.ch\\\/?p=15803#primaryimage\"},\"image\":{\"@id\":\"https:\\\/\\\/ecolefermedesbois.ch\\\/?p=15803#primaryimage\"},\"thumbnailUrl\":\"https:\\\/\\\/i0.wp.com\\\/ecolefermedesbois.ch\\\/wp-content\\\/uploads\\\/2026\\\/04\\\/20260423_093656-scaled.jpg?fit=1920%2C2560&ssl=1\",\"datePublished\":\"2026-04-25T08:08:06+00:00\",\"dateModified\":\"2026-04-25T08:08:08+00:00\",\"breadcrumb\":{\"@id\":\"https:\\\/\\\/ecolefermedesbois.ch\\\/?p=15803#breadcrumb\"},\"inLanguage\":\"fr-FR\",\"potentialAction\":[{\"@type\":\"ReadAction\",\"target\":[\"https:\\\/\\\/ecolefermedesbois.ch\\\/?p=15803\"]}]},{\"@type\":\"ImageObject\",\"inLanguage\":\"fr-FR\",\"@id\":\"https:\\\/\\\/ecolefermedesbois.ch\\\/?p=15803#primaryimage\",\"url\":\"https:\\\/\\\/i0.wp.com\\\/ecolefermedesbois.ch\\\/wp-content\\\/uploads\\\/2026\\\/04\\\/20260423_093656-scaled.jpg?fit=1920%2C2560&ssl=1\",\"contentUrl\":\"https:\\\/\\\/i0.wp.com\\\/ecolefermedesbois.ch\\\/wp-content\\\/uploads\\\/2026\\\/04\\\/20260423_093656-scaled.jpg?fit=1920%2C2560&ssl=1\",\"width\":1920,\"height\":2560},{\"@type\":\"BreadcrumbList\",\"@id\":\"https:\\\/\\\/ecolefermedesbois.ch\\\/?p=15803#breadcrumb\",\"itemListElement\":[{\"@type\":\"ListItem\",\"position\":1,\"name\":\"Accueil\",\"item\":\"https:\\\/\\\/ecolefermedesbois.ch\\\/\"},{\"@type\":\"ListItem\",\"position\":2,\"name\":\"Une matin\u00e9e \u00e0 la d\u00e9couverte de la basse-cour avec la classe d\u2019Annik Colomb &#x1f414;&#x1f33c;\"}]},{\"@type\":\"WebSite\",\"@id\":\"https:\\\/\\\/ecolefermedesbois.ch\\\/#website\",\"url\":\"https:\\\/\\\/ecolefermedesbois.ch\\\/\",\"name\":\"ecolefermedesbois\",\"description\":\"\",\"publisher\":{\"@id\":\"https:\\\/\\\/ecolefermedesbois.ch\\\/#organization\"},\"potentialAction\":[{\"@type\":\"SearchAction\",\"target\":{\"@type\":\"EntryPoint\",\"urlTemplate\":\"https:\\\/\\\/ecolefermedesbois.ch\\\/?s={search_term_string}\"},\"query-input\":{\"@type\":\"PropertyValueSpecification\",\"valueRequired\":true,\"valueName\":\"search_term_string\"}}],\"inLanguage\":\"fr-FR\"},{\"@type\":\"Organization\",\"@id\":\"https:\\\/\\\/ecolefermedesbois.ch\\\/#organization\",\"name\":\"Ecole \u00e0 la Ferme des Bois\",\"url\":\"https:\\\/\\\/ecolefermedesbois.ch\\\/\",\"logo\":{\"@type\":\"ImageObject\",\"inLanguage\":\"fr-FR\",\"@id\":\"https:\\\/\\\/ecolefermedesbois.ch\\\/#\\\/schema\\\/logo\\\/image\\\/\",\"url\":\"https:\\\/\\\/ecolefermedesbois.ch\\\/wp-content\\\/uploads\\\/2019\\\/04\\\/logo-scaled.gif\",\"contentUrl\":\"https:\\\/\\\/ecolefermedesbois.ch\\\/wp-content\\\/uploads\\\/2019\\\/04\\\/logo-scaled.gif\",\"width\":2560,\"height\":608,\"caption\":\"Ecole \u00e0 la Ferme des Bois\"},\"image\":{\"@id\":\"https:\\\/\\\/ecolefermedesbois.ch\\\/#\\\/schema\\\/logo\\\/image\\\/\"},\"sameAs\":[\"https:\\\/\\\/www.facebook.com\\\/ecolefermedesBois\"]},{\"@type\":\"Person\",\"@id\":\"https:\\\/\\\/ecolefermedesbois.ch\\\/#\\\/schema\\\/person\\\/78f5a1c78e958e51240f90932d290908\",\"name\":\"Sophie\",\"image\":{\"@type\":\"ImageObject\",\"inLanguage\":\"fr-FR\",\"@id\":\"https:\\\/\\\/secure.gravatar.com\\\/avatar\\\/053fbaec50cb27b03b880a4b8b018009aa3af995f32011efc3f40a589371d46f?s=96&d=mm&r=g\",\"url\":\"https:\\\/\\\/secure.gravatar.com\\\/avatar\\\/053fbaec50cb27b03b880a4b8b018009aa3af995f32011efc3f40a589371d46f?s=96&d=mm&r=g\",\"contentUrl\":\"https:\\\/\\\/secure.gravatar.com\\\/avatar\\\/053fbaec50cb27b03b880a4b8b018009aa3af995f32011efc3f40a589371d46f?s=96&d=mm&r=g\",\"caption\":\"Sophie\"},\"url\":\"https:\\\/\\\/ecolefermedesbois.ch\\\/?author=2\"}]}<\/script>\n<!-- \/ Yoast SEO plugin. -->","yoast_head_json":{"title":"Une matin\u00e9e \u00e0 la d\u00e9couverte de la basse-cour avec la classe d\u2019Annik Colomb &#x1f414;&#x1f33c; -","robots":{"index":"index","follow":"follow","max-snippet":"max-snippet:-1","max-image-preview":"max-image-preview:large","max-video-preview":"max-video-preview:-1"},"canonical":"https:\/\/ecolefermedesbois.ch\/?p=15803","og_locale":"fr_FR","og_type":"article","og_title":"Une matin\u00e9e \u00e0 la d\u00e9couverte de la basse-cour avec la classe d\u2019Annik Colomb &#x1f414;&#x1f33c; -","og_description":"Jeudi matin, nous avons eu le plaisir d\u2019accueillir la classe d\u2019Annik Colomb de Pal\u00e9zieux-Village pour une immersion au c\u0153ur de&#46;&#46;&#46;","og_url":"https:\/\/ecolefermedesbois.ch\/?p=15803","article_publisher":"https:\/\/www.facebook.com\/ecolefermedesBois","article_published_time":"2026-04-25T08:08:06+00:00","article_modified_time":"2026-04-25T08:08:08+00:00","og_image":[{"width":1920,"height":2560,"url":"https:\/\/ecolefermedesbois.ch\/wp-content\/uploads\/2026\/04\/20260423_093656-scaled.jpg","type":"image\/jpeg"}],"author":"Sophie","twitter_card":"summary_large_image","twitter_misc":{"\u00c9crit par":"Sophie","Dur\u00e9e de lecture estim\u00e9e":"6 minutes"},"schema":{"@context":"https:\/\/schema.org","@graph":[{"@type":"Article","@id":"https:\/\/ecolefermedesbois.ch\/?p=15803#article","isPartOf":{"@id":"https:\/\/ecolefermedesbois.ch\/?p=15803"},"author":{"name":"Sophie","@id":"https:\/\/ecolefermedesbois.ch\/#\/schema\/person\/78f5a1c78e958e51240f90932d290908"},"headline":"Une matin\u00e9e \u00e0 la d\u00e9couverte de la basse-cour avec la classe d\u2019Annik Colomb &#x1f414;&#x1f33c;","datePublished":"2026-04-25T08:08:06+00:00","dateModified":"2026-04-25T08:08:08+00:00","mainEntityOfPage":{"@id":"https:\/\/ecolefermedesbois.ch\/?p=15803"},"wordCount":668,"commentCount":0,"publisher":{"@id":"https:\/\/ecolefermedesbois.ch\/#organization"},"image":{"@id":"https:\/\/ecolefermedesbois.ch\/?p=15803#primaryimage"},"thumbnailUrl":"https:\/\/i0.wp.com\/ecolefermedesbois.ch\/wp-content\/uploads\/2026\/04\/20260423_093656-scaled.jpg?fit=1920%2C2560&ssl=1","articleSection":["Ecole"],"inLanguage":"fr-FR","potentialAction":[{"@type":"CommentAction","name":"Comment","target":["https:\/\/ecolefermedesbois.ch\/?p=15803#respond"]}]},{"@type":"WebPage","@id":"https:\/\/ecolefermedesbois.ch\/?p=15803","url":"https:\/\/ecolefermedesbois.ch\/?p=15803","name":"Une matin\u00e9e \u00e0 la d\u00e9couverte de la basse-cour avec la classe d\u2019Annik Colomb &#x1f414;&#x1f33c; -","isPartOf":{"@id":"https:\/\/ecolefermedesbois.ch\/#website"},"primaryImageOfPage":{"@id":"https:\/\/ecolefermedesbois.ch\/?p=15803#primaryimage"},"image":{"@id":"https:\/\/ecolefermedesbois.ch\/?p=15803#primaryimage"},"thumbnailUrl":"https:\/\/i0.wp.com\/ecolefermedesbois.ch\/wp-content\/uploads\/2026\/04\/20260423_093656-scaled.jpg?fit=1920%2C2560&ssl=1","datePublished":"2026-04-25T08:08:06+00:00","dateModified":"2026-04-25T08:08:08+00:00","breadcrumb":{"@id":"https:\/\/ecolefermedesbois.ch\/?p=15803#breadcrumb"},"inLanguage":"fr-FR","potentialAction":[{"@type":"ReadAction","target":["https:\/\/ecolefermedesbois.ch\/?p=15803"]}]},{"@type":"ImageObject","inLanguage":"fr-FR","@id":"https:\/\/ecolefermedesbois.ch\/?p=15803#primaryimage","url":"https:\/\/i0.wp.com\/ecolefermedesbois.ch\/wp-content\/uploads\/2026\/04\/20260423_093656-scaled.jpg?fit=1920%2C2560&ssl=1","contentUrl":"https:\/\/i0.wp.com\/ecolefermedesbois.ch\/wp-content\/uploads\/2026\/04\/20260423_093656-scaled.jpg?fit=1920%2C2560&ssl=1","width":1920,"height":2560},{"@type":"BreadcrumbList","@id":"https:\/\/ecolefermedesbois.ch\/?p=15803#breadcrumb","itemListElement":[{"@type":"ListItem","position":1,"name":"Accueil","item":"https:\/\/ecolefermedesbois.ch\/"},{"@type":"ListItem","position":2,"name":"Une matin\u00e9e \u00e0 la d\u00e9couverte de la basse-cour avec la classe d\u2019Annik Colomb &#x1f414;&#x1f33c;"}]},{"@type":"WebSite","@id":"https:\/\/ecolefermedesbois.ch\/#website","url":"https:\/\/ecolefermedesbois.ch\/","name":"ecolefermedesbois","description":"","publisher":{"@id":"https:\/\/ecolefermedesbois.ch\/#organization"},"potentialAction":[{"@type":"SearchAction","target":{"@type":"EntryPoint","urlTemplate":"https:\/\/ecolefermedesbois.ch\/?s={search_term_string}"},"query-input":{"@type":"PropertyValueSpecification","valueRequired":true,"valueName":"search_term_string"}}],"inLanguage":"fr-FR"},{"@type":"Organization","@id":"https:\/\/ecolefermedesbois.ch\/#organization","name":"Ecole \u00e0 la Ferme des Bois","url":"https:\/\/ecolefermedesbois.ch\/","logo":{"@type":"ImageObject","inLanguage":"fr-FR","@id":"https:\/\/ecolefermedesbois.ch\/#\/schema\/logo\/image\/","url":"https:\/\/ecolefermedesbois.ch\/wp-content\/uploads\/2019\/04\/logo-scaled.gif","contentUrl":"https:\/\/ecolefermedesbois.ch\/wp-content\/uploads\/2019\/04\/logo-scaled.gif","width":2560,"height":608,"caption":"Ecole \u00e0 la Ferme des Bois"},"image":{"@id":"https:\/\/ecolefermedesbois.ch\/#\/schema\/logo\/image\/"},"sameAs":["https:\/\/www.facebook.com\/ecolefermedesBois"]},{"@type":"Person","@id":"https:\/\/ecolefermedesbois.ch\/#\/schema\/person\/78f5a1c78e958e51240f90932d290908","name":"Sophie","image":{"@type":"ImageObject","inLanguage":"fr-FR","@id":"https:\/\/secure.gravatar.com\/avatar\/053fbaec50cb27b03b880a4b8b018009aa3af995f32011efc3f40a589371d46f?s=96&d=mm&r=g","url":"https:\/\/secure.gravatar.com\/avatar\/053fbaec50cb27b03b880a4b8b018009aa3af995f32011efc3f40a589371d46f?s=96&d=mm&r=g","contentUrl":"https:\/\/secure.gravatar.com\/avatar\/053fbaec50cb27b03b880a4b8b018009aa3af995f32011efc3f40a589371d46f?s=96&d=mm&r=g","caption":"Sophie"},"url":"https:\/\/ecolefermedesbois.ch\/?author=2"}]}},"jetpack_publicize_connections":[],"jetpack_featured_media_url":"https:\/\/i0.wp.com\/ecolefermedesbois.ch\/wp-content\/uploads\/2026\/04\/20260423_093656-scaled.jpg?fit=1920%2C2560&ssl=1","jetpack_sharing_enabled":true,"_links":{"self":[{"href":"https:\/\/ecolefermedesbois.ch\/index.php?rest_route=\/wp\/v2\/posts\/15803","targetHints":{"allow":["GET"]}}],"collection":[{"href":"https:\/\/ecolefermedesbois.ch\/index.php?rest_route=\/wp\/v2\/posts"}],"about":[{"href":"https:\/\/ecolefermedesbois.ch\/index.php?rest_route=\/wp\/v2\/types\/post"}],"author":[{"embeddable":true,"href":"https:\/\/ecolefermedesbois.ch\/index.php?rest_route=\/wp\/v2\/users\/2"}],"replies":[{"embeddable":true,"href":"https:\/\/ecolefermedesbois.ch\/index.php?rest_route=%2Fwp%2Fv2%2Fcomments&post=15803"}],"version-history":[{"count":1,"href":"https:\/\/ecolefermedesbois.ch\/index.php?rest_route=\/wp\/v2\/posts\/15803\/revisions"}],"predecessor-version":[{"id":15814,"href":"https:\/\/ecolefermedesbois.ch\/index.php?rest_route=\/wp\/v2\/posts\/15803\/revisions\/15814"}],"wp:featuredmedia":[{"embeddable":true,"href":"https:\/\/ecolefermedesbois.ch\/index.php?rest_route=\/wp\/v2\/media\/15806"}],"wp:attachment":[{"href":"https:\/\/ecolefermedesbois.ch\/index.php?rest_route=%2Fwp%2Fv2%2Fmedia&parent=15803"}],"wp:term":[{"taxonomy":"category","embeddable":true,"href":"https:\/\/ecolefermedesbois.ch\/index.php?rest_route=%2Fwp%2Fv2%2Fcategories&post=15803"},{"taxonomy":"post_tag","embeddable":true,"href":"https:\/\/ecolefermedesbois.ch\/index.php?rest_route=%2Fwp%2Fv2%2Ftags&post=15803"}],"curies":[{"name":"wp","href":"https:\/\/api.w.org\/{rel}","templated":true}]}}