{"id":15798,"date":"2026-04-25T09:58:34","date_gmt":"2026-04-25T07:58:34","guid":{"rendered":"https:\/\/ecolefermedesbois.ch\/?p=15798"},"modified":"2026-04-25T10:11:41","modified_gmt":"2026-04-25T08:11:41","slug":"%f0%9f%90%9d-de-labeille-au-miel-une-quatrieme-aventure-a-la-ferme","status":"publish","type":"post","link":"https:\/\/ecolefermedesbois.ch\/?p=15798","title":{"rendered":"&#x1f41d; De l\u2019abeille au miel : une quatri\u00e8me aventure \u00e0 la ferme"},"content":{"rendered":"<div class=\"pdfprnt-buttons pdfprnt-buttons-post pdfprnt-top-right\"><a href=\"https:\/\/ecolefermedesbois.ch\/index.php?rest_route=%2Fwp%2Fv2%2Fposts%2F15798&print=pdf\" class=\"pdfprnt-button pdfprnt-button-pdf\" target=\"_blank\" ><img data-recalc-dims=\"1\" decoding=\"async\" src=\"https:\/\/i0.wp.com\/ecolefermedesbois.ch\/wp-content\/plugins\/pdf-print\/images\/pdf.png?w=720&#038;ssl=1\" alt=\"image_pdf\" title=\"Afficher le PDF\" \/><\/a><a href=\"https:\/\/ecolefermedesbois.ch\/index.php?rest_route=%2Fwp%2Fv2%2Fposts%2F15798&print=print\" class=\"pdfprnt-button pdfprnt-button-print\" target=\"_blank\" ><img data-recalc-dims=\"1\" decoding=\"async\" src=\"https:\/\/i0.wp.com\/ecolefermedesbois.ch\/wp-content\/plugins\/pdf-print\/images\/print.png?w=720&#038;ssl=1\" alt=\"image_print\" title=\"Contenu imprim\u00e9\" \/><\/a><\/div>\n<p>Aujourd\u2019hui, nous avons eu la joie d\u2019accueillir \u00e0 nouveau la classe de Vevey de C\u00e9line Cuennet et Virginie Meylan pour leur quatri\u00e8me venue \u00e0 la ferme. Cette fois-ci, les enfants sont partis \u00e0 la d\u00e9couverte d\u2019un monde fascinant : celui des abeilles, de leur organisation\u2026 jusqu\u2019\u00e0 la fabrication du miel.<\/p>\n\n\n\n<p>&#x1f33c; Une entr\u00e9e en mati\u00e8re ludique<\/p>\n\n\n\n<p>Comme \u00e0 chaque visite, la journ\u00e9e a d\u00e9but\u00e9 par un petit jeu de questions-r\u00e9ponses pour introduire le th\u00e8me. O\u00f9 vivent les abeilles ? Comment s\u2019appelle leur maison ? Qui fait partie de leur famille ? Que produisent-elles ? Et surtout, que viennent-elles chercher dans les fleurs ?<\/p>\n\n\n\n<p>Les enfants, d\u00e9j\u00e0 bien \u00e0 l\u2019aise apr\u00e8s plusieurs visites, ont particip\u00e9 avec enthousiasme, partageant leurs id\u00e9es et leurs connaissances.<\/p>\n\n\n\n<p>&#x1f451; Dans la peau d\u2019une abeille<\/p>\n\n\n\n<p>Pour mieux comprendre le fonctionnement de la ruche, nous avons ensuite propos\u00e9 une activit\u00e9 immersive. Une corde a \u00e9t\u00e9 install\u00e9e au sol pour repr\u00e9senter la ruche, et la ma\u00eetresse s\u2019est vue confier le r\u00f4le tr\u00e8s important de la reine, plac\u00e9e au centre.<\/p>\n\n\n\n<p>Autour d\u2019elle, les enfants ont pris leur r\u00f4le tr\u00e8s au s\u00e9rieux : les ouvri\u00e8res pour les filles, les faux-bourdons pour les gar\u00e7ons. \u00c0 travers un jeu rythm\u00e9 par des images de soleil et de pluie, ils ont pu vivre le quotidien des abeilles.<\/p>\n\n\n\n<p>Quand le soleil brillait, les ouvri\u00e8res partaient butiner les fleurs, courant joyeusement \u00e0 la recherche de nectar. Mais d\u00e8s que la pluie apparaissait, tout le monde retournait rapidement \u00e0 la ruche.<\/p>\n\n\n\n<p>Ce jeu a aussi permis de mettre en lumi\u00e8re le r\u00f4le particulier des faux-bourdons. Les enfants ont d\u00e9couvert qu\u2019ils ne butinent pas : ils restent \u00e0 la ruche, participent \u00e0 sa r\u00e9gulation lorsqu\u2019il fait chaud et ont un r\u00f4le essentiel dans la f\u00e9condation de la reine.<\/p>\n\n\n\n<p>&#x1f41d; Une ruche en pleine effervescence<\/p>\n\n\n\n<p>Nous avons ensuite abord\u00e9 la vie intense \u00e0 l\u2019int\u00e9rieur de la ruche. Quand les conditions sont favorables, la reine pond de tr\u00e8s nombreux \u0153ufs, et la colonie grandit rapidement. Mais lorsque la ruche devient trop petite ou que les ressources viennent \u00e0 manquer, un ph\u00e9nom\u00e8ne naturel se produit : l\u2019essaimage.<\/p>\n\n\n\n<p>Pour illustrer cela, une partie du groupe a quitt\u00e9 la ruche avec l\u2019ancienne reine, tandis qu\u2019une nouvelle reine prenait sa place \u00e0 l\u2019int\u00e9rieur. \u00c0 l\u2019aide d\u2019un cerceau, j\u2019ai \u00ab r\u00e9cup\u00e9r\u00e9 \u00bb cet essaim, comme le ferait un apiculteur, en expliquant aux enfants comment on installe ensuite les abeilles dans une nouvelle ruche et pourquoi il est important de leur laisser un temps d\u2019adaptation avant de les d\u00e9placer.<\/p>\n\n\n\n<p>&#x1f9ed; Le langage secret des abeilles<\/p>\n\n\n\n<p>Une fois install\u00e9es dans leur nouvelle maison, les abeilles doivent retrouver leurs rep\u00e8res. Nous avons alors d\u00e9couvert leur incroyable mani\u00e8re de communiquer.<\/p>\n\n\n\n<p>Les enfants ont appris que les abeilles s\u2019orientent gr\u00e2ce au soleil et aux points cardinaux, comme une v\u00e9ritable boussole naturelle. Mais surtout, elles utilisent un langage bien particulier : la danse ! Gr\u00e2ce \u00e0 leurs mouvements, elles indiquent aux autres o\u00f9 trouver les fleurs et la nourriture.<\/p>\n\n\n\n<p>&#x1f36f; Le repas des abeilles\u2026 avant le n\u00f4tre !<\/p>\n\n\n\n<p>\u00c0 ce moment-l\u00e0, plusieurs enfants commen\u00e7aient \u00e0 dire : \u00ab J\u2019ai faim, j\u2019ai faim ! \u00bb\u2026 et il faut bien avouer que l\u2019heure du pique-nique approchait !<\/p>\n\n\n\n<p>Mais avant de passer \u00e0 table, nous avons fait un petit d\u00e9tour par\u2026 le repas des abeilles. Et surtout celui des couvains. Les enfants ont d\u00e9couvert ce que les abeilles donnent \u00e0 manger \u00e0 leurs b\u00e9b\u00e9s pour leur permettre de grandir : de l\u2019\u0153uf \u00e0 la larve, puis \u00e0 la nymphe, jusqu\u2019\u00e0 devenir une abeille adulte \u2014 reine, ouvri\u00e8re ou faux-bourdon.<\/p>\n\n\n\n<p>Une fois ces explications termin\u00e9es, il \u00e9tait enfin temps de profiter d\u2019un pique-nique bien m\u00e9rit\u00e9.<\/p>\n\n\n\n<p>&#x1f9fa; Une apr\u00e8s-midi d\u2019exploration au c\u0153ur de la ruche<\/p>\n\n\n\n<p>Apr\u00e8s la pause de midi, les enfants se sont r\u00e9partis en deux groupes.<\/p>\n\n\n\n<p>Avec moi, un premier groupe a d\u00e9couvert en d\u00e9tail la structure d\u2019une ruche. Nous l\u2019avons d\u00e9mont\u00e9e ensemble : le toit, la planche de protection, la hausse, la grille \u00e0 reine et le corps. Puis, sous forme de jeu, certains enfants ont reconstitu\u00e9 la ruche comme un puzzle g\u00e9ant.<\/p>\n\n\n\n<p>Pendant ce temps, l\u2019autre groupe m\u2019accompagnait au rucher pour observer concr\u00e8tement tout ce que nous avions appris le matin. Les enfants ont pu voir de leurs propres yeux le miel, le couvain, des abeilles charg\u00e9es de pollen, et m\u00eame une abeille en train de danser !<\/p>\n\n\n\n<p>Moment exceptionnel : un groupe a eu la chance d\u2019apercevoir la reine, reconnaissable gr\u00e2ce \u00e0 son petit point vert sur le dos.<\/p>\n\n\n\n<p>&#x1f338; Pollinisation et m\u00e9tiers des abeilles<\/p>\n\n\n\n<p>Pendant ce temps, avec \u00c9milie, le second groupe a d\u00e9couvert l\u2019importance de la pollinisation : comment les abeilles participent \u00e0 la reproduction des plantes et pourquoi leur r\u00f4le est essentiel pour la nature.<\/p>\n\n\n\n<p>Les enfants ont \u00e9galement explor\u00e9 les nombreux m\u00e9tiers d\u2019une abeille \u00e0 travers un jeu inspir\u00e9 de Maya l\u2019abeille : nourrice, nettoyeuse, gardienne, magasini\u00e8re, butineuse\u2026 Une v\u00e9ritable organisation o\u00f9 chacune a un r\u00f4le \u00e0 jouer au fil de sa vie.<\/p>\n\n\n\n<p>Les groupes ont ensuite \u00e9t\u00e9 \u00e9chang\u00e9s afin que chaque enfant puisse vivre l\u2019ensemble des activit\u00e9s.<\/p>\n\n\n\n<p>&#x1f36f; Une touche sucr\u00e9e pour terminer<\/p>\n\n\n\n<p>Pour conclure cette belle journ\u00e9e, nous avons d\u00e9gust\u00e9 du miel. Certains enfants affirmaient ne pas aimer\u2026 mais apr\u00e8s une premi\u00e8re cuill\u00e8re, beaucoup ont chang\u00e9 d\u2019avis avec un grand sourire !<\/p>\n\n\n\n<p>&#x1f44b; Une fin de cycle pleine d\u2019\u00e9motions<\/p>\n\n\n\n<p>Et voil\u00e0, le moment de se dire au revoir est d\u00e9j\u00e0 arriv\u00e9. Cette quatri\u00e8me visite marque la fin de leur ann\u00e9e \u00e0 la ferme.<\/p>\n\n\n\n<p>Un grand merci aux enfants pour leur curiosit\u00e9, leur enthousiasme et leur participation tout au long de ces rencontres. Merci \u00e9galement aux enseignantes pour leur confiance et leur engagement.<\/p>\n\n\n\n<p>Nous leur souhaitons un tr\u00e8s bel \u00e9t\u00e9\u2026 et esp\u00e9rons les revoir bient\u00f4t pour de nouvelles aventures \u00e0 la ferme ! &#x1f33f;&#x1f41d;&#x1f36f;<\/p>\n\n\n\n<p>Bel \u00e9t\u00e9 et peut-\u00eatre \u00e0 Bient\u00f4t<br>Sophie<\/p>\n\n\n\n<figure class=\"wp-block-gallery has-nested-images columns-default is-cropped wp-block-gallery-1 is-layout-flex wp-block-gallery-is-layout-flex\">\n<figure class=\"wp-block-image size-large\"><img data-recalc-dims=\"1\" fetchpriority=\"high\" decoding=\"async\" width=\"600\" height=\"450\" data-id=\"15799\" src=\"https:\/\/i0.wp.com\/ecolefermedesbois.ch\/wp-content\/uploads\/2026\/04\/20260424_125348.jpg?resize=600%2C450&#038;ssl=1\" alt=\"\" class=\"wp-image-15799\" srcset=\"https:\/\/i0.wp.com\/ecolefermedesbois.ch\/wp-content\/uploads\/2026\/04\/20260424_125348-scaled.jpg?resize=600%2C450&amp;ssl=1 600w, https:\/\/i0.wp.com\/ecolefermedesbois.ch\/wp-content\/uploads\/2026\/04\/20260424_125348-scaled.jpg?resize=300%2C225&amp;ssl=1 300w, https:\/\/i0.wp.com\/ecolefermedesbois.ch\/wp-content\/uploads\/2026\/04\/20260424_125348-scaled.jpg?resize=768%2C576&amp;ssl=1 768w, https:\/\/i0.wp.com\/ecolefermedesbois.ch\/wp-content\/uploads\/2026\/04\/20260424_125348-scaled.jpg?resize=1536%2C1152&amp;ssl=1 1536w, https:\/\/i0.wp.com\/ecolefermedesbois.ch\/wp-content\/uploads\/2026\/04\/20260424_125348-scaled.jpg?resize=2048%2C1536&amp;ssl=1 2048w, https:\/\/i0.wp.com\/ecolefermedesbois.ch\/wp-content\/uploads\/2026\/04\/20260424_125348-scaled.jpg?w=1440&amp;ssl=1 1440w, https:\/\/i0.wp.com\/ecolefermedesbois.ch\/wp-content\/uploads\/2026\/04\/20260424_125348-scaled.jpg?w=2160&amp;ssl=1 2160w\" sizes=\"(max-width: 600px) 100vw, 600px\" \/><\/figure>\n\n\n\n<figure class=\"wp-block-image size-large\"><img data-recalc-dims=\"1\" decoding=\"async\" width=\"600\" height=\"450\" data-id=\"15801\" src=\"https:\/\/i0.wp.com\/ecolefermedesbois.ch\/wp-content\/uploads\/2026\/04\/20260424_131615.jpg?resize=600%2C450&#038;ssl=1\" alt=\"\" class=\"wp-image-15801\" srcset=\"https:\/\/i0.wp.com\/ecolefermedesbois.ch\/wp-content\/uploads\/2026\/04\/20260424_131615-scaled.jpg?resize=600%2C450&amp;ssl=1 600w, https:\/\/i0.wp.com\/ecolefermedesbois.ch\/wp-content\/uploads\/2026\/04\/20260424_131615-scaled.jpg?resize=300%2C225&amp;ssl=1 300w, https:\/\/i0.wp.com\/ecolefermedesbois.ch\/wp-content\/uploads\/2026\/04\/20260424_131615-scaled.jpg?resize=768%2C576&amp;ssl=1 768w, https:\/\/i0.wp.com\/ecolefermedesbois.ch\/wp-content\/uploads\/2026\/04\/20260424_131615-scaled.jpg?resize=1536%2C1152&amp;ssl=1 1536w, https:\/\/i0.wp.com\/ecolefermedesbois.ch\/wp-content\/uploads\/2026\/04\/20260424_131615-scaled.jpg?resize=2048%2C1536&amp;ssl=1 2048w, https:\/\/i0.wp.com\/ecolefermedesbois.ch\/wp-content\/uploads\/2026\/04\/20260424_131615-scaled.jpg?w=1440&amp;ssl=1 1440w, https:\/\/i0.wp.com\/ecolefermedesbois.ch\/wp-content\/uploads\/2026\/04\/20260424_131615-scaled.jpg?w=2160&amp;ssl=1 2160w\" sizes=\"(max-width: 600px) 100vw, 600px\" \/><\/figure>\n\n\n\n<figure class=\"wp-block-image size-large\"><img data-recalc-dims=\"1\" decoding=\"async\" width=\"600\" height=\"450\" data-id=\"15800\" src=\"https:\/\/i0.wp.com\/ecolefermedesbois.ch\/wp-content\/uploads\/2026\/04\/20260424_132950.jpg?resize=600%2C450&#038;ssl=1\" alt=\"\" class=\"wp-image-15800\" srcset=\"https:\/\/i0.wp.com\/ecolefermedesbois.ch\/wp-content\/uploads\/2026\/04\/20260424_132950-scaled.jpg?resize=600%2C450&amp;ssl=1 600w, https:\/\/i0.wp.com\/ecolefermedesbois.ch\/wp-content\/uploads\/2026\/04\/20260424_132950-scaled.jpg?resize=300%2C225&amp;ssl=1 300w, https:\/\/i0.wp.com\/ecolefermedesbois.ch\/wp-content\/uploads\/2026\/04\/20260424_132950-scaled.jpg?resize=768%2C576&amp;ssl=1 768w, https:\/\/i0.wp.com\/ecolefermedesbois.ch\/wp-content\/uploads\/2026\/04\/20260424_132950-scaled.jpg?resize=1536%2C1152&amp;ssl=1 1536w, https:\/\/i0.wp.com\/ecolefermedesbois.ch\/wp-content\/uploads\/2026\/04\/20260424_132950-scaled.jpg?resize=2048%2C1536&amp;ssl=1 2048w, https:\/\/i0.wp.com\/ecolefermedesbois.ch\/wp-content\/uploads\/2026\/04\/20260424_132950-scaled.jpg?w=1440&amp;ssl=1 1440w, https:\/\/i0.wp.com\/ecolefermedesbois.ch\/wp-content\/uploads\/2026\/04\/20260424_132950-scaled.jpg?w=2160&amp;ssl=1 2160w\" sizes=\"(max-width: 600px) 100vw, 600px\" \/><\/figure>\n<\/figure>\n","protected":false},"excerpt":{"rendered":"<p>Aujourd\u2019hui, nous avons eu la joie d\u2019accueillir \u00e0 nouveau la classe de Vevey de C\u00e9line Cuennet et Virginie Meylan pour&#46;&#46;&#46;<\/p>\n","protected":false},"author":2,"featured_media":15800,"comment_status":"open","ping_status":"open","sticky":false,"template":"","format":"standard","meta":{"jetpack_post_was_ever_published":false,"footnotes":"","jetpack_publicize_message":"","jetpack_publicize_feature_enabled":true,"jetpack_social_post_already_shared":true,"jetpack_social_options":{"image_generator_settings":{"template":"highway","default_image_id":0,"font":"","enabled":false},"version":2}},"categories":[33],"tags":[],"class_list":["post-15798","post","type-post","status-publish","format-standard","has-post-thumbnail","hentry","category-ecole"],"yoast_head":"<!-- This site is optimized with the Yoast SEO plugin v27.4 - https:\/\/yoast.com\/product\/yoast-seo-wordpress\/ -->\n<title>&#x1f41d; De l\u2019abeille au miel : une quatri\u00e8me aventure \u00e0 la ferme -<\/title>\n<meta name=\"robots\" content=\"index, follow, max-snippet:-1, max-image-preview:large, max-video-preview:-1\" \/>\n<link rel=\"canonical\" href=\"https:\/\/ecolefermedesbois.ch\/?p=15798\" \/>\n<meta property=\"og:locale\" content=\"fr_FR\" \/>\n<meta property=\"og:type\" content=\"article\" \/>\n<meta property=\"og:title\" content=\"&#x1f41d; De l\u2019abeille au miel : une quatri\u00e8me aventure \u00e0 la ferme -\" \/>\n<meta property=\"og:description\" content=\"Aujourd\u2019hui, nous avons eu la joie d\u2019accueillir \u00e0 nouveau la classe de Vevey de C\u00e9line Cuennet et Virginie Meylan pour&#046;&#046;&#046;\" \/>\n<meta property=\"og:url\" content=\"https:\/\/ecolefermedesbois.ch\/?p=15798\" \/>\n<meta property=\"article:publisher\" content=\"https:\/\/www.facebook.com\/ecolefermedesBois\" \/>\n<meta property=\"article:published_time\" content=\"2026-04-25T07:58:34+00:00\" \/>\n<meta property=\"article:modified_time\" content=\"2026-04-25T08:11:41+00:00\" \/>\n<meta property=\"og:image\" content=\"https:\/\/ecolefermedesbois.ch\/wp-content\/uploads\/2026\/04\/20260424_132950-scaled.jpg\" \/>\n\t<meta property=\"og:image:width\" content=\"2560\" \/>\n\t<meta property=\"og:image:height\" content=\"1920\" \/>\n\t<meta property=\"og:image:type\" content=\"image\/jpeg\" \/>\n<meta name=\"author\" content=\"Sophie\" \/>\n<meta name=\"twitter:card\" content=\"summary_large_image\" \/>\n<meta name=\"twitter:label1\" content=\"\u00c9crit par\" \/>\n\t<meta name=\"twitter:data1\" content=\"Sophie\" \/>\n\t<meta name=\"twitter:label2\" content=\"Dur\u00e9e de lecture estim\u00e9e\" \/>\n\t<meta name=\"twitter:data2\" content=\"6 minutes\" \/>\n<script type=\"application\/ld+json\" class=\"yoast-schema-graph\">{\"@context\":\"https:\\\/\\\/schema.org\",\"@graph\":[{\"@type\":\"Article\",\"@id\":\"https:\\\/\\\/ecolefermedesbois.ch\\\/?p=15798#article\",\"isPartOf\":{\"@id\":\"https:\\\/\\\/ecolefermedesbois.ch\\\/?p=15798\"},\"author\":{\"name\":\"Sophie\",\"@id\":\"https:\\\/\\\/ecolefermedesbois.ch\\\/#\\\/schema\\\/person\\\/78f5a1c78e958e51240f90932d290908\"},\"headline\":\"&#x1f41d; De l\u2019abeille au miel : une quatri\u00e8me aventure \u00e0 la ferme\",\"datePublished\":\"2026-04-25T07:58:34+00:00\",\"dateModified\":\"2026-04-25T08:11:41+00:00\",\"mainEntityOfPage\":{\"@id\":\"https:\\\/\\\/ecolefermedesbois.ch\\\/?p=15798\"},\"wordCount\":1062,\"commentCount\":0,\"publisher\":{\"@id\":\"https:\\\/\\\/ecolefermedesbois.ch\\\/#organization\"},\"image\":{\"@id\":\"https:\\\/\\\/ecolefermedesbois.ch\\\/?p=15798#primaryimage\"},\"thumbnailUrl\":\"https:\\\/\\\/i0.wp.com\\\/ecolefermedesbois.ch\\\/wp-content\\\/uploads\\\/2026\\\/04\\\/20260424_132950-scaled.jpg?fit=2560%2C1920&ssl=1\",\"articleSection\":[\"Ecole\"],\"inLanguage\":\"fr-FR\",\"potentialAction\":[{\"@type\":\"CommentAction\",\"name\":\"Comment\",\"target\":[\"https:\\\/\\\/ecolefermedesbois.ch\\\/?p=15798#respond\"]}]},{\"@type\":\"WebPage\",\"@id\":\"https:\\\/\\\/ecolefermedesbois.ch\\\/?p=15798\",\"url\":\"https:\\\/\\\/ecolefermedesbois.ch\\\/?p=15798\",\"name\":\"&#x1f41d; De l\u2019abeille au miel : une quatri\u00e8me aventure \u00e0 la ferme -\",\"isPartOf\":{\"@id\":\"https:\\\/\\\/ecolefermedesbois.ch\\\/#website\"},\"primaryImageOfPage\":{\"@id\":\"https:\\\/\\\/ecolefermedesbois.ch\\\/?p=15798#primaryimage\"},\"image\":{\"@id\":\"https:\\\/\\\/ecolefermedesbois.ch\\\/?p=15798#primaryimage\"},\"thumbnailUrl\":\"https:\\\/\\\/i0.wp.com\\\/ecolefermedesbois.ch\\\/wp-content\\\/uploads\\\/2026\\\/04\\\/20260424_132950-scaled.jpg?fit=2560%2C1920&ssl=1\",\"datePublished\":\"2026-04-25T07:58:34+00:00\",\"dateModified\":\"2026-04-25T08:11:41+00:00\",\"breadcrumb\":{\"@id\":\"https:\\\/\\\/ecolefermedesbois.ch\\\/?p=15798#breadcrumb\"},\"inLanguage\":\"fr-FR\",\"potentialAction\":[{\"@type\":\"ReadAction\",\"target\":[\"https:\\\/\\\/ecolefermedesbois.ch\\\/?p=15798\"]}]},{\"@type\":\"ImageObject\",\"inLanguage\":\"fr-FR\",\"@id\":\"https:\\\/\\\/ecolefermedesbois.ch\\\/?p=15798#primaryimage\",\"url\":\"https:\\\/\\\/i0.wp.com\\\/ecolefermedesbois.ch\\\/wp-content\\\/uploads\\\/2026\\\/04\\\/20260424_132950-scaled.jpg?fit=2560%2C1920&ssl=1\",\"contentUrl\":\"https:\\\/\\\/i0.wp.com\\\/ecolefermedesbois.ch\\\/wp-content\\\/uploads\\\/2026\\\/04\\\/20260424_132950-scaled.jpg?fit=2560%2C1920&ssl=1\",\"width\":2560,\"height\":1920},{\"@type\":\"BreadcrumbList\",\"@id\":\"https:\\\/\\\/ecolefermedesbois.ch\\\/?p=15798#breadcrumb\",\"itemListElement\":[{\"@type\":\"ListItem\",\"position\":1,\"name\":\"Accueil\",\"item\":\"https:\\\/\\\/ecolefermedesbois.ch\\\/\"},{\"@type\":\"ListItem\",\"position\":2,\"name\":\"&#x1f41d; De l\u2019abeille au miel : une quatri\u00e8me aventure \u00e0 la ferme\"}]},{\"@type\":\"WebSite\",\"@id\":\"https:\\\/\\\/ecolefermedesbois.ch\\\/#website\",\"url\":\"https:\\\/\\\/ecolefermedesbois.ch\\\/\",\"name\":\"ecolefermedesbois\",\"description\":\"\",\"publisher\":{\"@id\":\"https:\\\/\\\/ecolefermedesbois.ch\\\/#organization\"},\"potentialAction\":[{\"@type\":\"SearchAction\",\"target\":{\"@type\":\"EntryPoint\",\"urlTemplate\":\"https:\\\/\\\/ecolefermedesbois.ch\\\/?s={search_term_string}\"},\"query-input\":{\"@type\":\"PropertyValueSpecification\",\"valueRequired\":true,\"valueName\":\"search_term_string\"}}],\"inLanguage\":\"fr-FR\"},{\"@type\":\"Organization\",\"@id\":\"https:\\\/\\\/ecolefermedesbois.ch\\\/#organization\",\"name\":\"Ecole \u00e0 la Ferme des Bois\",\"url\":\"https:\\\/\\\/ecolefermedesbois.ch\\\/\",\"logo\":{\"@type\":\"ImageObject\",\"inLanguage\":\"fr-FR\",\"@id\":\"https:\\\/\\\/ecolefermedesbois.ch\\\/#\\\/schema\\\/logo\\\/image\\\/\",\"url\":\"https:\\\/\\\/ecolefermedesbois.ch\\\/wp-content\\\/uploads\\\/2019\\\/04\\\/logo-scaled.gif\",\"contentUrl\":\"https:\\\/\\\/ecolefermedesbois.ch\\\/wp-content\\\/uploads\\\/2019\\\/04\\\/logo-scaled.gif\",\"width\":2560,\"height\":608,\"caption\":\"Ecole \u00e0 la Ferme des Bois\"},\"image\":{\"@id\":\"https:\\\/\\\/ecolefermedesbois.ch\\\/#\\\/schema\\\/logo\\\/image\\\/\"},\"sameAs\":[\"https:\\\/\\\/www.facebook.com\\\/ecolefermedesBois\"]},{\"@type\":\"Person\",\"@id\":\"https:\\\/\\\/ecolefermedesbois.ch\\\/#\\\/schema\\\/person\\\/78f5a1c78e958e51240f90932d290908\",\"name\":\"Sophie\",\"image\":{\"@type\":\"ImageObject\",\"inLanguage\":\"fr-FR\",\"@id\":\"https:\\\/\\\/secure.gravatar.com\\\/avatar\\\/053fbaec50cb27b03b880a4b8b018009aa3af995f32011efc3f40a589371d46f?s=96&d=mm&r=g\",\"url\":\"https:\\\/\\\/secure.gravatar.com\\\/avatar\\\/053fbaec50cb27b03b880a4b8b018009aa3af995f32011efc3f40a589371d46f?s=96&d=mm&r=g\",\"contentUrl\":\"https:\\\/\\\/secure.gravatar.com\\\/avatar\\\/053fbaec50cb27b03b880a4b8b018009aa3af995f32011efc3f40a589371d46f?s=96&d=mm&r=g\",\"caption\":\"Sophie\"},\"url\":\"https:\\\/\\\/ecolefermedesbois.ch\\\/?author=2\"}]}<\/script>\n<!-- \/ Yoast SEO plugin. -->","yoast_head_json":{"title":"&#x1f41d; De l\u2019abeille au miel : une quatri\u00e8me aventure \u00e0 la ferme -","robots":{"index":"index","follow":"follow","max-snippet":"max-snippet:-1","max-image-preview":"max-image-preview:large","max-video-preview":"max-video-preview:-1"},"canonical":"https:\/\/ecolefermedesbois.ch\/?p=15798","og_locale":"fr_FR","og_type":"article","og_title":"&#x1f41d; De l\u2019abeille au miel : une quatri\u00e8me aventure \u00e0 la ferme -","og_description":"Aujourd\u2019hui, nous avons eu la joie d\u2019accueillir \u00e0 nouveau la classe de Vevey de C\u00e9line Cuennet et Virginie Meylan pour&#46;&#46;&#46;","og_url":"https:\/\/ecolefermedesbois.ch\/?p=15798","article_publisher":"https:\/\/www.facebook.com\/ecolefermedesBois","article_published_time":"2026-04-25T07:58:34+00:00","article_modified_time":"2026-04-25T08:11:41+00:00","og_image":[{"width":2560,"height":1920,"url":"https:\/\/ecolefermedesbois.ch\/wp-content\/uploads\/2026\/04\/20260424_132950-scaled.jpg","type":"image\/jpeg"}],"author":"Sophie","twitter_card":"summary_large_image","twitter_misc":{"\u00c9crit par":"Sophie","Dur\u00e9e de lecture estim\u00e9e":"6 minutes"},"schema":{"@context":"https:\/\/schema.org","@graph":[{"@type":"Article","@id":"https:\/\/ecolefermedesbois.ch\/?p=15798#article","isPartOf":{"@id":"https:\/\/ecolefermedesbois.ch\/?p=15798"},"author":{"name":"Sophie","@id":"https:\/\/ecolefermedesbois.ch\/#\/schema\/person\/78f5a1c78e958e51240f90932d290908"},"headline":"&#x1f41d; De l\u2019abeille au miel : une quatri\u00e8me aventure \u00e0 la ferme","datePublished":"2026-04-25T07:58:34+00:00","dateModified":"2026-04-25T08:11:41+00:00","mainEntityOfPage":{"@id":"https:\/\/ecolefermedesbois.ch\/?p=15798"},"wordCount":1062,"commentCount":0,"publisher":{"@id":"https:\/\/ecolefermedesbois.ch\/#organization"},"image":{"@id":"https:\/\/ecolefermedesbois.ch\/?p=15798#primaryimage"},"thumbnailUrl":"https:\/\/i0.wp.com\/ecolefermedesbois.ch\/wp-content\/uploads\/2026\/04\/20260424_132950-scaled.jpg?fit=2560%2C1920&ssl=1","articleSection":["Ecole"],"inLanguage":"fr-FR","potentialAction":[{"@type":"CommentAction","name":"Comment","target":["https:\/\/ecolefermedesbois.ch\/?p=15798#respond"]}]},{"@type":"WebPage","@id":"https:\/\/ecolefermedesbois.ch\/?p=15798","url":"https:\/\/ecolefermedesbois.ch\/?p=15798","name":"&#x1f41d; De l\u2019abeille au miel : une quatri\u00e8me aventure \u00e0 la ferme -","isPartOf":{"@id":"https:\/\/ecolefermedesbois.ch\/#website"},"primaryImageOfPage":{"@id":"https:\/\/ecolefermedesbois.ch\/?p=15798#primaryimage"},"image":{"@id":"https:\/\/ecolefermedesbois.ch\/?p=15798#primaryimage"},"thumbnailUrl":"https:\/\/i0.wp.com\/ecolefermedesbois.ch\/wp-content\/uploads\/2026\/04\/20260424_132950-scaled.jpg?fit=2560%2C1920&ssl=1","datePublished":"2026-04-25T07:58:34+00:00","dateModified":"2026-04-25T08:11:41+00:00","breadcrumb":{"@id":"https:\/\/ecolefermedesbois.ch\/?p=15798#breadcrumb"},"inLanguage":"fr-FR","potentialAction":[{"@type":"ReadAction","target":["https:\/\/ecolefermedesbois.ch\/?p=15798"]}]},{"@type":"ImageObject","inLanguage":"fr-FR","@id":"https:\/\/ecolefermedesbois.ch\/?p=15798#primaryimage","url":"https:\/\/i0.wp.com\/ecolefermedesbois.ch\/wp-content\/uploads\/2026\/04\/20260424_132950-scaled.jpg?fit=2560%2C1920&ssl=1","contentUrl":"https:\/\/i0.wp.com\/ecolefermedesbois.ch\/wp-content\/uploads\/2026\/04\/20260424_132950-scaled.jpg?fit=2560%2C1920&ssl=1","width":2560,"height":1920},{"@type":"BreadcrumbList","@id":"https:\/\/ecolefermedesbois.ch\/?p=15798#breadcrumb","itemListElement":[{"@type":"ListItem","position":1,"name":"Accueil","item":"https:\/\/ecolefermedesbois.ch\/"},{"@type":"ListItem","position":2,"name":"&#x1f41d; De l\u2019abeille au miel : une quatri\u00e8me aventure \u00e0 la ferme"}]},{"@type":"WebSite","@id":"https:\/\/ecolefermedesbois.ch\/#website","url":"https:\/\/ecolefermedesbois.ch\/","name":"ecolefermedesbois","description":"","publisher":{"@id":"https:\/\/ecolefermedesbois.ch\/#organization"},"potentialAction":[{"@type":"SearchAction","target":{"@type":"EntryPoint","urlTemplate":"https:\/\/ecolefermedesbois.ch\/?s={search_term_string}"},"query-input":{"@type":"PropertyValueSpecification","valueRequired":true,"valueName":"search_term_string"}}],"inLanguage":"fr-FR"},{"@type":"Organization","@id":"https:\/\/ecolefermedesbois.ch\/#organization","name":"Ecole \u00e0 la Ferme des Bois","url":"https:\/\/ecolefermedesbois.ch\/","logo":{"@type":"ImageObject","inLanguage":"fr-FR","@id":"https:\/\/ecolefermedesbois.ch\/#\/schema\/logo\/image\/","url":"https:\/\/ecolefermedesbois.ch\/wp-content\/uploads\/2019\/04\/logo-scaled.gif","contentUrl":"https:\/\/ecolefermedesbois.ch\/wp-content\/uploads\/2019\/04\/logo-scaled.gif","width":2560,"height":608,"caption":"Ecole \u00e0 la Ferme des Bois"},"image":{"@id":"https:\/\/ecolefermedesbois.ch\/#\/schema\/logo\/image\/"},"sameAs":["https:\/\/www.facebook.com\/ecolefermedesBois"]},{"@type":"Person","@id":"https:\/\/ecolefermedesbois.ch\/#\/schema\/person\/78f5a1c78e958e51240f90932d290908","name":"Sophie","image":{"@type":"ImageObject","inLanguage":"fr-FR","@id":"https:\/\/secure.gravatar.com\/avatar\/053fbaec50cb27b03b880a4b8b018009aa3af995f32011efc3f40a589371d46f?s=96&d=mm&r=g","url":"https:\/\/secure.gravatar.com\/avatar\/053fbaec50cb27b03b880a4b8b018009aa3af995f32011efc3f40a589371d46f?s=96&d=mm&r=g","contentUrl":"https:\/\/secure.gravatar.com\/avatar\/053fbaec50cb27b03b880a4b8b018009aa3af995f32011efc3f40a589371d46f?s=96&d=mm&r=g","caption":"Sophie"},"url":"https:\/\/ecolefermedesbois.ch\/?author=2"}]}},"jetpack_publicize_connections":[],"jetpack_featured_media_url":"https:\/\/i0.wp.com\/ecolefermedesbois.ch\/wp-content\/uploads\/2026\/04\/20260424_132950-scaled.jpg?fit=2560%2C1920&ssl=1","jetpack_sharing_enabled":true,"_links":{"self":[{"href":"https:\/\/ecolefermedesbois.ch\/index.php?rest_route=\/wp\/v2\/posts\/15798","targetHints":{"allow":["GET"]}}],"collection":[{"href":"https:\/\/ecolefermedesbois.ch\/index.php?rest_route=\/wp\/v2\/posts"}],"about":[{"href":"https:\/\/ecolefermedesbois.ch\/index.php?rest_route=\/wp\/v2\/types\/post"}],"author":[{"embeddable":true,"href":"https:\/\/ecolefermedesbois.ch\/index.php?rest_route=\/wp\/v2\/users\/2"}],"replies":[{"embeddable":true,"href":"https:\/\/ecolefermedesbois.ch\/index.php?rest_route=%2Fwp%2Fv2%2Fcomments&post=15798"}],"version-history":[{"count":1,"href":"https:\/\/ecolefermedesbois.ch\/index.php?rest_route=\/wp\/v2\/posts\/15798\/revisions"}],"predecessor-version":[{"id":15802,"href":"https:\/\/ecolefermedesbois.ch\/index.php?rest_route=\/wp\/v2\/posts\/15798\/revisions\/15802"}],"wp:featuredmedia":[{"embeddable":true,"href":"https:\/\/ecolefermedesbois.ch\/index.php?rest_route=\/wp\/v2\/media\/15800"}],"wp:attachment":[{"href":"https:\/\/ecolefermedesbois.ch\/index.php?rest_route=%2Fwp%2Fv2%2Fmedia&parent=15798"}],"wp:term":[{"taxonomy":"category","embeddable":true,"href":"https:\/\/ecolefermedesbois.ch\/index.php?rest_route=%2Fwp%2Fv2%2Fcategories&post=15798"},{"taxonomy":"post_tag","embeddable":true,"href":"https:\/\/ecolefermedesbois.ch\/index.php?rest_route=%2Fwp%2Fv2%2Ftags&post=15798"}],"curies":[{"name":"wp","href":"https:\/\/api.w.org\/{rel}","templated":true}]}}