{"id":15782,"date":"2026-04-25T09:53:14","date_gmt":"2026-04-25T07:53:14","guid":{"rendered":"https:\/\/ecolefermedesbois.ch\/?p=15782"},"modified":"2026-04-25T09:53:18","modified_gmt":"2026-04-25T07:53:18","slug":"%f0%9f%8c%bc-une-journee-a-la-ferme-pendant-les-vacances-de-paques","status":"publish","type":"post","link":"https:\/\/ecolefermedesbois.ch\/?p=15782","title":{"rendered":"&#x1f33c; Une journ\u00e9e \u00e0 la ferme pendant les vacances de P\u00e2ques"},"content":{"rendered":"<div class=\"pdfprnt-buttons pdfprnt-buttons-post pdfprnt-top-right\"><a href=\"https:\/\/ecolefermedesbois.ch\/index.php?rest_route=%2Fwp%2Fv2%2Fposts%2F15782&print=pdf\" class=\"pdfprnt-button pdfprnt-button-pdf\" target=\"_blank\" ><img data-recalc-dims=\"1\" decoding=\"async\" src=\"https:\/\/i0.wp.com\/ecolefermedesbois.ch\/wp-content\/plugins\/pdf-print\/images\/pdf.png?w=720&#038;ssl=1\" alt=\"image_pdf\" title=\"Afficher le PDF\" \/><\/a><a href=\"https:\/\/ecolefermedesbois.ch\/index.php?rest_route=%2Fwp%2Fv2%2Fposts%2F15782&print=print\" class=\"pdfprnt-button pdfprnt-button-print\" target=\"_blank\" ><img data-recalc-dims=\"1\" decoding=\"async\" src=\"https:\/\/i0.wp.com\/ecolefermedesbois.ch\/wp-content\/plugins\/pdf-print\/images\/print.png?w=720&#038;ssl=1\" alt=\"image_print\" title=\"Contenu imprim\u00e9\" \/><\/a><\/div>\n<p>Pendant les vacances de P\u00e2ques, nous avons eu le plaisir d\u2019accueillir un groupe d\u2019enfants de l\u2019UAPE d\u2019Attalens pour une immersion au c\u0153ur de la vie \u00e0 la ferme. Une journ\u00e9e riche en d\u00e9couvertes, en apprentissages\u2026 et en gourmandises !<\/p>\n\n\n\n<p>&#x1f414; \u00c0 la d\u00e9couverte de la basse-cour<\/p>\n\n\n\n<p>D\u00e8s leur arriv\u00e9e le matin, les enfants ont \u00e9t\u00e9 plong\u00e9s dans l\u2019ambiance avec un petit jeu de questions-r\u00e9ponses autour de la basse-cour. Une mani\u00e8re ludique de tester leurs connaissances tout en \u00e9veillant leur curiosit\u00e9.<\/p>\n\n\n\n<p>Tr\u00e8s vite, place \u00e0 l\u2019action ! Nous sommes partis ouvrir les poulaillers et prendre soin de tous leurs habitants. Poules, poussins, canards et cailles attendaient leur repas. Les enfants ont pu participer activement : distribuer la nourriture, remplir les abreuvoirs, observer les animaux et comprendre leur mode de vie.<\/p>\n\n\n\n<p>&#x1f9c1; Des \u0153ufs\u2026 aux madeleines<\/p>\n\n\n\n<p>Apr\u00e8s s\u2019\u00eatre occup\u00e9s des animaux, nous avons fait le lien entre la ferme et notre alimentation. Les \u0153ufs fra\u00eechement pondus par les poules allaient devenir les stars de notre prochaine activit\u00e9 : la confection de madeleines !<\/p>\n\n\n\n<p>En salle, chacun a mis la main \u00e0 la p\u00e2te : peser la farine, mesurer le sucre, ajouter le lait, la cr\u00e8me, la poudre \u00e0 lever\u2026 et bien s\u00fbr m\u00e9langer avec enthousiasme. Un vrai moment de partage o\u00f9 tous les enfants ont pu participer.<\/p>\n\n\n\n<p>Pendant la cuisson, je leur ai pr\u00e9sent\u00e9 ma collection d\u2019\u0153ufs, du plus impressionnant \u2014 celui de l\u2019autruche \u2014 au plus petit, celui de la caille. Une belle occasion de d\u00e9couvrir la diversit\u00e9 du monde animal.<\/p>\n\n\n\n<p>&#x1f96a; Pause bien m\u00e9rit\u00e9e<\/p>\n\n\n\n<p>Une fois les madeleines dor\u00e9es et pr\u00eates \u00e0 \u00eatre d\u00e9gust\u00e9es, il \u00e9tait temps de faire une pause. Les enfants ont pique-niqu\u00e9 tranquillement et profit\u00e9 d\u2019un moment de jeu bien m\u00e9rit\u00e9 en plein air.<\/p>\n\n\n\n<p>&#x1f430; Prendre soin des lapins<\/p>\n\n\n\n<p>L\u2019apr\u00e8s-midi a \u00e9t\u00e9 consacr\u00e9 aux lapins. Les enfants ont d\u00e9couvert une autre facette du travail \u00e0 la ferme : l\u2019entretien des espaces de vie. Ensemble, nous avons nettoy\u00e9 les clapiers, retir\u00e9 la paille souill\u00e9e et remis de la paille fra\u00eeche.<\/p>\n\n\n\n<p>Ils ont \u00e9galement nourri et abreuv\u00e9 les lapins, tout en apprenant que si le nettoyage se fait une fois par semaine, les animaux, eux, doivent \u00eatre nourris chaque jour \u2014 tout comme nous !<\/p>\n\n\n\n<p>&#x1f410; Un moment tout doux avec les ch\u00e8vres<\/p>\n\n\n\n<p>Apr\u00e8s nous \u00eatre occup\u00e9s des lapins, nous sommes all\u00e9s rendre visite aux ch\u00e8vres. La pluie s\u2019\u00e9tant invit\u00e9e dans la journ\u00e9e, nous en avons profit\u00e9 pour les rentrer dans leur enclos afin de les mettre \u00e0 l\u2019abri, en particulier les tout jeunes chevreaux qui sont plus sensibles au mauvais temps.<\/p>\n\n\n\n<p>Les enfants ont ador\u00e9 participer \u00e0 ce moment ! Par petits groupes de deux ou trois, ils ont guid\u00e9 les ch\u00e8vres \u00e0 l\u2019aide d\u2019une corde, comme une petite laisse, pour les accompagner jusqu\u2019\u00e0 leur abri. Une belle exp\u00e9rience de coop\u00e9ration et de confiance.<\/p>\n\n\n\n<p>Une fois \u00e0 l\u2019int\u00e9rieur, nous avons pris le temps de les observer de plus pr\u00e8s\u2026 et de partager quelques instants de tendresse avec elles. Les c\u00e2lins n\u2019ont pas manqu\u00e9, pour le plus grand bonheur des enfants comme des animaux !<\/p>\n\n\n\n<p>&#x1f404; \u00c0 la rencontre des vaches<\/p>\n\n\n\n<p>Avant le d\u00e9part, nous avons encore eu le temps de partir \u00e0 la d\u00e9couverte de l\u2019\u00e9table. Les enfants ont observ\u00e9 les vaches, compris comment elles se d\u00e9placent dans leur environnement et les ont vues brouter tranquillement dans le parc.<\/p>\n\n\n\n<p>Nous sommes ensuite pass\u00e9s par la salle d\u2019attente et la salle de traite. Les enfants ont appris que la traite des vaches a lieu deux fois par jour, tous les jours, afin de r\u00e9colter le lait.<\/p>\n\n\n\n<p>Moment tendre de la visite : la rencontre avec les jeunes veaux, qui ont volontiers accept\u00e9 quelques c\u00e2lins.<\/p>\n\n\n\n<p>&#x1f44b; Le temps des au revoir<\/p>\n\n\n\n<p>La journ\u00e9e est pass\u00e9e \u00e0 toute vitesse ! Il \u00e9tait d\u00e9j\u00e0 l\u2019heure de reprendre le bus, des souvenirs plein la t\u00eate.<\/p>\n\n\n\n<p>Un grand merci aux enfants pour leur enthousiasme, leur curiosit\u00e9 et leur belle participation tout au long de la journ\u00e9e. Merci \u00e9galement aux accompagnants pour leur pr\u00e9sence et leur implication.<\/p>\n\n\n\n<p>Nous esp\u00e9rons vous revoir bient\u00f4t \u00e0 la ferme pour de nouvelles aventures ! &#x1f33f;&#x1f413;&#x1f404;<\/p>\n\n\n\n<p>A bient\u00f4t <br>Sophie<\/p>\n\n\n\n<figure class=\"wp-block-gallery has-nested-images columns-default is-cropped wp-block-gallery-1 is-layout-flex wp-block-gallery-is-layout-flex\">\n<figure class=\"wp-block-image size-large\"><img data-recalc-dims=\"1\" fetchpriority=\"high\" decoding=\"async\" width=\"600\" height=\"450\" data-id=\"15783\" src=\"https:\/\/i0.wp.com\/ecolefermedesbois.ch\/wp-content\/uploads\/2026\/04\/20260413_101208.jpg?resize=600%2C450&#038;ssl=1\" alt=\"\" class=\"wp-image-15783\" srcset=\"https:\/\/i0.wp.com\/ecolefermedesbois.ch\/wp-content\/uploads\/2026\/04\/20260413_101208-scaled.jpg?resize=600%2C450&amp;ssl=1 600w, https:\/\/i0.wp.com\/ecolefermedesbois.ch\/wp-content\/uploads\/2026\/04\/20260413_101208-scaled.jpg?resize=300%2C225&amp;ssl=1 300w, https:\/\/i0.wp.com\/ecolefermedesbois.ch\/wp-content\/uploads\/2026\/04\/20260413_101208-scaled.jpg?resize=768%2C576&amp;ssl=1 768w, https:\/\/i0.wp.com\/ecolefermedesbois.ch\/wp-content\/uploads\/2026\/04\/20260413_101208-scaled.jpg?resize=1536%2C1152&amp;ssl=1 1536w, https:\/\/i0.wp.com\/ecolefermedesbois.ch\/wp-content\/uploads\/2026\/04\/20260413_101208-scaled.jpg?resize=2048%2C1536&amp;ssl=1 2048w, https:\/\/i0.wp.com\/ecolefermedesbois.ch\/wp-content\/uploads\/2026\/04\/20260413_101208-scaled.jpg?w=1440&amp;ssl=1 1440w, https:\/\/i0.wp.com\/ecolefermedesbois.ch\/wp-content\/uploads\/2026\/04\/20260413_101208-scaled.jpg?w=2160&amp;ssl=1 2160w\" sizes=\"(max-width: 600px) 100vw, 600px\" \/><\/figure>\n\n\n\n<figure class=\"wp-block-image size-large\"><img data-recalc-dims=\"1\" decoding=\"async\" width=\"450\" height=\"600\" data-id=\"15785\" src=\"https:\/\/i0.wp.com\/ecolefermedesbois.ch\/wp-content\/uploads\/2026\/04\/20260413_104333.jpg?resize=450%2C600&#038;ssl=1\" alt=\"\" class=\"wp-image-15785\" srcset=\"https:\/\/i0.wp.com\/ecolefermedesbois.ch\/wp-content\/uploads\/2026\/04\/20260413_104333-scaled.jpg?resize=450%2C600&amp;ssl=1 450w, https:\/\/i0.wp.com\/ecolefermedesbois.ch\/wp-content\/uploads\/2026\/04\/20260413_104333-scaled.jpg?resize=225%2C300&amp;ssl=1 225w, https:\/\/i0.wp.com\/ecolefermedesbois.ch\/wp-content\/uploads\/2026\/04\/20260413_104333-scaled.jpg?resize=768%2C1024&amp;ssl=1 768w, https:\/\/i0.wp.com\/ecolefermedesbois.ch\/wp-content\/uploads\/2026\/04\/20260413_104333-scaled.jpg?resize=1152%2C1536&amp;ssl=1 1152w, https:\/\/i0.wp.com\/ecolefermedesbois.ch\/wp-content\/uploads\/2026\/04\/20260413_104333-scaled.jpg?resize=1536%2C2048&amp;ssl=1 1536w, https:\/\/i0.wp.com\/ecolefermedesbois.ch\/wp-content\/uploads\/2026\/04\/20260413_104333-scaled.jpg?w=1920&amp;ssl=1 1920w, https:\/\/i0.wp.com\/ecolefermedesbois.ch\/wp-content\/uploads\/2026\/04\/20260413_104333-scaled.jpg?w=1440&amp;ssl=1 1440w\" sizes=\"(max-width: 450px) 100vw, 450px\" \/><\/figure>\n\n\n\n<figure class=\"wp-block-image size-large\"><img data-recalc-dims=\"1\" decoding=\"async\" width=\"450\" height=\"600\" data-id=\"15787\" src=\"https:\/\/i0.wp.com\/ecolefermedesbois.ch\/wp-content\/uploads\/2026\/04\/20260413_104549.jpg?resize=450%2C600&#038;ssl=1\" alt=\"\" class=\"wp-image-15787\" srcset=\"https:\/\/i0.wp.com\/ecolefermedesbois.ch\/wp-content\/uploads\/2026\/04\/20260413_104549-scaled.jpg?resize=450%2C600&amp;ssl=1 450w, https:\/\/i0.wp.com\/ecolefermedesbois.ch\/wp-content\/uploads\/2026\/04\/20260413_104549-scaled.jpg?resize=225%2C300&amp;ssl=1 225w, https:\/\/i0.wp.com\/ecolefermedesbois.ch\/wp-content\/uploads\/2026\/04\/20260413_104549-scaled.jpg?resize=768%2C1024&amp;ssl=1 768w, https:\/\/i0.wp.com\/ecolefermedesbois.ch\/wp-content\/uploads\/2026\/04\/20260413_104549-scaled.jpg?resize=1152%2C1536&amp;ssl=1 1152w, https:\/\/i0.wp.com\/ecolefermedesbois.ch\/wp-content\/uploads\/2026\/04\/20260413_104549-scaled.jpg?resize=1536%2C2048&amp;ssl=1 1536w, https:\/\/i0.wp.com\/ecolefermedesbois.ch\/wp-content\/uploads\/2026\/04\/20260413_104549-scaled.jpg?w=1920&amp;ssl=1 1920w, https:\/\/i0.wp.com\/ecolefermedesbois.ch\/wp-content\/uploads\/2026\/04\/20260413_104549-scaled.jpg?w=1440&amp;ssl=1 1440w\" sizes=\"(max-width: 450px) 100vw, 450px\" \/><\/figure>\n\n\n\n<figure class=\"wp-block-image size-large\"><img data-recalc-dims=\"1\" loading=\"lazy\" decoding=\"async\" width=\"450\" height=\"600\" data-id=\"15784\" src=\"https:\/\/i0.wp.com\/ecolefermedesbois.ch\/wp-content\/uploads\/2026\/04\/20260413_110232.jpg?resize=450%2C600&#038;ssl=1\" alt=\"\" class=\"wp-image-15784\" srcset=\"https:\/\/i0.wp.com\/ecolefermedesbois.ch\/wp-content\/uploads\/2026\/04\/20260413_110232-scaled.jpg?resize=450%2C600&amp;ssl=1 450w, https:\/\/i0.wp.com\/ecolefermedesbois.ch\/wp-content\/uploads\/2026\/04\/20260413_110232-scaled.jpg?resize=225%2C300&amp;ssl=1 225w, https:\/\/i0.wp.com\/ecolefermedesbois.ch\/wp-content\/uploads\/2026\/04\/20260413_110232-scaled.jpg?resize=768%2C1024&amp;ssl=1 768w, https:\/\/i0.wp.com\/ecolefermedesbois.ch\/wp-content\/uploads\/2026\/04\/20260413_110232-scaled.jpg?resize=1152%2C1536&amp;ssl=1 1152w, https:\/\/i0.wp.com\/ecolefermedesbois.ch\/wp-content\/uploads\/2026\/04\/20260413_110232-scaled.jpg?resize=1536%2C2048&amp;ssl=1 1536w, https:\/\/i0.wp.com\/ecolefermedesbois.ch\/wp-content\/uploads\/2026\/04\/20260413_110232-scaled.jpg?w=1920&amp;ssl=1 1920w, https:\/\/i0.wp.com\/ecolefermedesbois.ch\/wp-content\/uploads\/2026\/04\/20260413_110232-scaled.jpg?w=1440&amp;ssl=1 1440w\" sizes=\"(max-width: 450px) 100vw, 450px\" \/><\/figure>\n\n\n\n<figure class=\"wp-block-image size-large\"><img data-recalc-dims=\"1\" loading=\"lazy\" decoding=\"async\" width=\"450\" height=\"600\" data-id=\"15788\" src=\"https:\/\/i0.wp.com\/ecolefermedesbois.ch\/wp-content\/uploads\/2026\/04\/20260413_110305.jpg?resize=450%2C600&#038;ssl=1\" alt=\"\" class=\"wp-image-15788\" srcset=\"https:\/\/i0.wp.com\/ecolefermedesbois.ch\/wp-content\/uploads\/2026\/04\/20260413_110305-scaled.jpg?resize=450%2C600&amp;ssl=1 450w, https:\/\/i0.wp.com\/ecolefermedesbois.ch\/wp-content\/uploads\/2026\/04\/20260413_110305-scaled.jpg?resize=225%2C300&amp;ssl=1 225w, https:\/\/i0.wp.com\/ecolefermedesbois.ch\/wp-content\/uploads\/2026\/04\/20260413_110305-scaled.jpg?resize=768%2C1024&amp;ssl=1 768w, https:\/\/i0.wp.com\/ecolefermedesbois.ch\/wp-content\/uploads\/2026\/04\/20260413_110305-scaled.jpg?resize=1152%2C1536&amp;ssl=1 1152w, https:\/\/i0.wp.com\/ecolefermedesbois.ch\/wp-content\/uploads\/2026\/04\/20260413_110305-scaled.jpg?resize=1536%2C2048&amp;ssl=1 1536w, https:\/\/i0.wp.com\/ecolefermedesbois.ch\/wp-content\/uploads\/2026\/04\/20260413_110305-scaled.jpg?w=1920&amp;ssl=1 1920w, https:\/\/i0.wp.com\/ecolefermedesbois.ch\/wp-content\/uploads\/2026\/04\/20260413_110305-scaled.jpg?w=1440&amp;ssl=1 1440w\" sizes=\"(max-width: 450px) 100vw, 450px\" \/><\/figure>\n\n\n\n<figure class=\"wp-block-image size-large\"><img data-recalc-dims=\"1\" loading=\"lazy\" decoding=\"async\" width=\"600\" height=\"450\" data-id=\"15786\" src=\"https:\/\/i0.wp.com\/ecolefermedesbois.ch\/wp-content\/uploads\/2026\/04\/20260413_111615.jpg?resize=600%2C450&#038;ssl=1\" alt=\"\" class=\"wp-image-15786\" srcset=\"https:\/\/i0.wp.com\/ecolefermedesbois.ch\/wp-content\/uploads\/2026\/04\/20260413_111615-scaled.jpg?resize=600%2C450&amp;ssl=1 600w, https:\/\/i0.wp.com\/ecolefermedesbois.ch\/wp-content\/uploads\/2026\/04\/20260413_111615-scaled.jpg?resize=300%2C225&amp;ssl=1 300w, https:\/\/i0.wp.com\/ecolefermedesbois.ch\/wp-content\/uploads\/2026\/04\/20260413_111615-scaled.jpg?resize=768%2C576&amp;ssl=1 768w, https:\/\/i0.wp.com\/ecolefermedesbois.ch\/wp-content\/uploads\/2026\/04\/20260413_111615-scaled.jpg?resize=1536%2C1152&amp;ssl=1 1536w, https:\/\/i0.wp.com\/ecolefermedesbois.ch\/wp-content\/uploads\/2026\/04\/20260413_111615-scaled.jpg?resize=2048%2C1536&amp;ssl=1 2048w, https:\/\/i0.wp.com\/ecolefermedesbois.ch\/wp-content\/uploads\/2026\/04\/20260413_111615-scaled.jpg?w=1440&amp;ssl=1 1440w, https:\/\/i0.wp.com\/ecolefermedesbois.ch\/wp-content\/uploads\/2026\/04\/20260413_111615-scaled.jpg?w=2160&amp;ssl=1 2160w\" sizes=\"(max-width: 600px) 100vw, 600px\" \/><\/figure>\n\n\n\n<figure class=\"wp-block-image size-large\"><img data-recalc-dims=\"1\" loading=\"lazy\" decoding=\"async\" width=\"450\" height=\"600\" data-id=\"15789\" src=\"https:\/\/i0.wp.com\/ecolefermedesbois.ch\/wp-content\/uploads\/2026\/04\/20260413_132438.jpg?resize=450%2C600&#038;ssl=1\" alt=\"\" class=\"wp-image-15789\" srcset=\"https:\/\/i0.wp.com\/ecolefermedesbois.ch\/wp-content\/uploads\/2026\/04\/20260413_132438-scaled.jpg?resize=450%2C600&amp;ssl=1 450w, https:\/\/i0.wp.com\/ecolefermedesbois.ch\/wp-content\/uploads\/2026\/04\/20260413_132438-scaled.jpg?resize=225%2C300&amp;ssl=1 225w, https:\/\/i0.wp.com\/ecolefermedesbois.ch\/wp-content\/uploads\/2026\/04\/20260413_132438-scaled.jpg?resize=768%2C1024&amp;ssl=1 768w, https:\/\/i0.wp.com\/ecolefermedesbois.ch\/wp-content\/uploads\/2026\/04\/20260413_132438-scaled.jpg?resize=1152%2C1536&amp;ssl=1 1152w, https:\/\/i0.wp.com\/ecolefermedesbois.ch\/wp-content\/uploads\/2026\/04\/20260413_132438-scaled.jpg?resize=1536%2C2048&amp;ssl=1 1536w, https:\/\/i0.wp.com\/ecolefermedesbois.ch\/wp-content\/uploads\/2026\/04\/20260413_132438-scaled.jpg?w=1920&amp;ssl=1 1920w, https:\/\/i0.wp.com\/ecolefermedesbois.ch\/wp-content\/uploads\/2026\/04\/20260413_132438-scaled.jpg?w=1440&amp;ssl=1 1440w\" sizes=\"(max-width: 450px) 100vw, 450px\" \/><\/figure>\n\n\n\n<figure class=\"wp-block-image size-large\"><img data-recalc-dims=\"1\" loading=\"lazy\" decoding=\"async\" width=\"450\" height=\"600\" data-id=\"15790\" src=\"https:\/\/i0.wp.com\/ecolefermedesbois.ch\/wp-content\/uploads\/2026\/04\/20260413_132634.jpg?resize=450%2C600&#038;ssl=1\" alt=\"\" class=\"wp-image-15790\" srcset=\"https:\/\/i0.wp.com\/ecolefermedesbois.ch\/wp-content\/uploads\/2026\/04\/20260413_132634-scaled.jpg?resize=450%2C600&amp;ssl=1 450w, https:\/\/i0.wp.com\/ecolefermedesbois.ch\/wp-content\/uploads\/2026\/04\/20260413_132634-scaled.jpg?resize=225%2C300&amp;ssl=1 225w, https:\/\/i0.wp.com\/ecolefermedesbois.ch\/wp-content\/uploads\/2026\/04\/20260413_132634-scaled.jpg?resize=768%2C1024&amp;ssl=1 768w, https:\/\/i0.wp.com\/ecolefermedesbois.ch\/wp-content\/uploads\/2026\/04\/20260413_132634-scaled.jpg?resize=1152%2C1536&amp;ssl=1 1152w, https:\/\/i0.wp.com\/ecolefermedesbois.ch\/wp-content\/uploads\/2026\/04\/20260413_132634-scaled.jpg?resize=1536%2C2048&amp;ssl=1 1536w, https:\/\/i0.wp.com\/ecolefermedesbois.ch\/wp-content\/uploads\/2026\/04\/20260413_132634-scaled.jpg?w=1920&amp;ssl=1 1920w, https:\/\/i0.wp.com\/ecolefermedesbois.ch\/wp-content\/uploads\/2026\/04\/20260413_132634-scaled.jpg?w=1440&amp;ssl=1 1440w\" sizes=\"(max-width: 450px) 100vw, 450px\" \/><\/figure>\n\n\n\n<figure class=\"wp-block-image size-large\"><img data-recalc-dims=\"1\" loading=\"lazy\" decoding=\"async\" width=\"450\" height=\"600\" data-id=\"15791\" src=\"https:\/\/i0.wp.com\/ecolefermedesbois.ch\/wp-content\/uploads\/2026\/04\/20260413_133944.jpg?resize=450%2C600&#038;ssl=1\" alt=\"\" class=\"wp-image-15791\" srcset=\"https:\/\/i0.wp.com\/ecolefermedesbois.ch\/wp-content\/uploads\/2026\/04\/20260413_133944-scaled.jpg?resize=450%2C600&amp;ssl=1 450w, https:\/\/i0.wp.com\/ecolefermedesbois.ch\/wp-content\/uploads\/2026\/04\/20260413_133944-scaled.jpg?resize=225%2C300&amp;ssl=1 225w, https:\/\/i0.wp.com\/ecolefermedesbois.ch\/wp-content\/uploads\/2026\/04\/20260413_133944-scaled.jpg?resize=768%2C1024&amp;ssl=1 768w, https:\/\/i0.wp.com\/ecolefermedesbois.ch\/wp-content\/uploads\/2026\/04\/20260413_133944-scaled.jpg?resize=1152%2C1536&amp;ssl=1 1152w, https:\/\/i0.wp.com\/ecolefermedesbois.ch\/wp-content\/uploads\/2026\/04\/20260413_133944-scaled.jpg?resize=1536%2C2048&amp;ssl=1 1536w, https:\/\/i0.wp.com\/ecolefermedesbois.ch\/wp-content\/uploads\/2026\/04\/20260413_133944-scaled.jpg?w=1920&amp;ssl=1 1920w, https:\/\/i0.wp.com\/ecolefermedesbois.ch\/wp-content\/uploads\/2026\/04\/20260413_133944-scaled.jpg?w=1440&amp;ssl=1 1440w\" sizes=\"(max-width: 450px) 100vw, 450px\" \/><\/figure>\n\n\n\n<figure class=\"wp-block-image size-large\"><img data-recalc-dims=\"1\" loading=\"lazy\" decoding=\"async\" width=\"600\" height=\"450\" data-id=\"15792\" src=\"https:\/\/i0.wp.com\/ecolefermedesbois.ch\/wp-content\/uploads\/2026\/04\/20260413_134433.jpg?resize=600%2C450&#038;ssl=1\" alt=\"\" class=\"wp-image-15792\" srcset=\"https:\/\/i0.wp.com\/ecolefermedesbois.ch\/wp-content\/uploads\/2026\/04\/20260413_134433-scaled.jpg?resize=600%2C450&amp;ssl=1 600w, https:\/\/i0.wp.com\/ecolefermedesbois.ch\/wp-content\/uploads\/2026\/04\/20260413_134433-scaled.jpg?resize=300%2C225&amp;ssl=1 300w, https:\/\/i0.wp.com\/ecolefermedesbois.ch\/wp-content\/uploads\/2026\/04\/20260413_134433-scaled.jpg?resize=768%2C576&amp;ssl=1 768w, https:\/\/i0.wp.com\/ecolefermedesbois.ch\/wp-content\/uploads\/2026\/04\/20260413_134433-scaled.jpg?resize=1536%2C1152&amp;ssl=1 1536w, https:\/\/i0.wp.com\/ecolefermedesbois.ch\/wp-content\/uploads\/2026\/04\/20260413_134433-scaled.jpg?resize=2048%2C1536&amp;ssl=1 2048w, https:\/\/i0.wp.com\/ecolefermedesbois.ch\/wp-content\/uploads\/2026\/04\/20260413_134433-scaled.jpg?w=1440&amp;ssl=1 1440w, https:\/\/i0.wp.com\/ecolefermedesbois.ch\/wp-content\/uploads\/2026\/04\/20260413_134433-scaled.jpg?w=2160&amp;ssl=1 2160w\" sizes=\"(max-width: 600px) 100vw, 600px\" \/><\/figure>\n\n\n\n<figure class=\"wp-block-image size-large\"><img data-recalc-dims=\"1\" loading=\"lazy\" decoding=\"async\" width=\"600\" height=\"450\" data-id=\"15793\" src=\"https:\/\/i0.wp.com\/ecolefermedesbois.ch\/wp-content\/uploads\/2026\/04\/20260413_141734.jpg?resize=600%2C450&#038;ssl=1\" alt=\"\" class=\"wp-image-15793\" srcset=\"https:\/\/i0.wp.com\/ecolefermedesbois.ch\/wp-content\/uploads\/2026\/04\/20260413_141734-scaled.jpg?resize=600%2C450&amp;ssl=1 600w, https:\/\/i0.wp.com\/ecolefermedesbois.ch\/wp-content\/uploads\/2026\/04\/20260413_141734-scaled.jpg?resize=300%2C225&amp;ssl=1 300w, https:\/\/i0.wp.com\/ecolefermedesbois.ch\/wp-content\/uploads\/2026\/04\/20260413_141734-scaled.jpg?resize=768%2C576&amp;ssl=1 768w, https:\/\/i0.wp.com\/ecolefermedesbois.ch\/wp-content\/uploads\/2026\/04\/20260413_141734-scaled.jpg?resize=1536%2C1152&amp;ssl=1 1536w, https:\/\/i0.wp.com\/ecolefermedesbois.ch\/wp-content\/uploads\/2026\/04\/20260413_141734-scaled.jpg?resize=2048%2C1536&amp;ssl=1 2048w, https:\/\/i0.wp.com\/ecolefermedesbois.ch\/wp-content\/uploads\/2026\/04\/20260413_141734-scaled.jpg?w=1440&amp;ssl=1 1440w, https:\/\/i0.wp.com\/ecolefermedesbois.ch\/wp-content\/uploads\/2026\/04\/20260413_141734-scaled.jpg?w=2160&amp;ssl=1 2160w\" sizes=\"(max-width: 600px) 100vw, 600px\" \/><\/figure>\n\n\n\n<figure class=\"wp-block-image size-large\"><img data-recalc-dims=\"1\" loading=\"lazy\" decoding=\"async\" width=\"600\" height=\"450\" data-id=\"15794\" src=\"https:\/\/i0.wp.com\/ecolefermedesbois.ch\/wp-content\/uploads\/2026\/04\/20260413_143841.jpg?resize=600%2C450&#038;ssl=1\" alt=\"\" class=\"wp-image-15794\" srcset=\"https:\/\/i0.wp.com\/ecolefermedesbois.ch\/wp-content\/uploads\/2026\/04\/20260413_143841-scaled.jpg?resize=600%2C450&amp;ssl=1 600w, https:\/\/i0.wp.com\/ecolefermedesbois.ch\/wp-content\/uploads\/2026\/04\/20260413_143841-scaled.jpg?resize=300%2C225&amp;ssl=1 300w, https:\/\/i0.wp.com\/ecolefermedesbois.ch\/wp-content\/uploads\/2026\/04\/20260413_143841-scaled.jpg?resize=768%2C576&amp;ssl=1 768w, https:\/\/i0.wp.com\/ecolefermedesbois.ch\/wp-content\/uploads\/2026\/04\/20260413_143841-scaled.jpg?resize=1536%2C1152&amp;ssl=1 1536w, https:\/\/i0.wp.com\/ecolefermedesbois.ch\/wp-content\/uploads\/2026\/04\/20260413_143841-scaled.jpg?resize=2048%2C1536&amp;ssl=1 2048w, https:\/\/i0.wp.com\/ecolefermedesbois.ch\/wp-content\/uploads\/2026\/04\/20260413_143841-scaled.jpg?w=1440&amp;ssl=1 1440w, https:\/\/i0.wp.com\/ecolefermedesbois.ch\/wp-content\/uploads\/2026\/04\/20260413_143841-scaled.jpg?w=2160&amp;ssl=1 2160w\" sizes=\"(max-width: 600px) 100vw, 600px\" \/><\/figure>\n\n\n\n<figure class=\"wp-block-image size-large\"><img data-recalc-dims=\"1\" loading=\"lazy\" decoding=\"async\" width=\"600\" height=\"450\" data-id=\"15795\" src=\"https:\/\/i0.wp.com\/ecolefermedesbois.ch\/wp-content\/uploads\/2026\/04\/20260413_151228.jpg?resize=600%2C450&#038;ssl=1\" alt=\"\" class=\"wp-image-15795\" srcset=\"https:\/\/i0.wp.com\/ecolefermedesbois.ch\/wp-content\/uploads\/2026\/04\/20260413_151228-scaled.jpg?resize=600%2C450&amp;ssl=1 600w, https:\/\/i0.wp.com\/ecolefermedesbois.ch\/wp-content\/uploads\/2026\/04\/20260413_151228-scaled.jpg?resize=300%2C225&amp;ssl=1 300w, https:\/\/i0.wp.com\/ecolefermedesbois.ch\/wp-content\/uploads\/2026\/04\/20260413_151228-scaled.jpg?resize=768%2C576&amp;ssl=1 768w, https:\/\/i0.wp.com\/ecolefermedesbois.ch\/wp-content\/uploads\/2026\/04\/20260413_151228-scaled.jpg?resize=1536%2C1152&amp;ssl=1 1536w, https:\/\/i0.wp.com\/ecolefermedesbois.ch\/wp-content\/uploads\/2026\/04\/20260413_151228-scaled.jpg?resize=2048%2C1536&amp;ssl=1 2048w, https:\/\/i0.wp.com\/ecolefermedesbois.ch\/wp-content\/uploads\/2026\/04\/20260413_151228-scaled.jpg?w=1440&amp;ssl=1 1440w, https:\/\/i0.wp.com\/ecolefermedesbois.ch\/wp-content\/uploads\/2026\/04\/20260413_151228-scaled.jpg?w=2160&amp;ssl=1 2160w\" sizes=\"(max-width: 600px) 100vw, 600px\" \/><\/figure>\n\n\n\n<figure class=\"wp-block-image size-large\"><img data-recalc-dims=\"1\" loading=\"lazy\" decoding=\"async\" width=\"600\" height=\"450\" data-id=\"15796\" src=\"https:\/\/i0.wp.com\/ecolefermedesbois.ch\/wp-content\/uploads\/2026\/04\/20260413_152815.jpg?resize=600%2C450&#038;ssl=1\" alt=\"\" class=\"wp-image-15796\" srcset=\"https:\/\/i0.wp.com\/ecolefermedesbois.ch\/wp-content\/uploads\/2026\/04\/20260413_152815-scaled.jpg?resize=600%2C450&amp;ssl=1 600w, https:\/\/i0.wp.com\/ecolefermedesbois.ch\/wp-content\/uploads\/2026\/04\/20260413_152815-scaled.jpg?resize=300%2C225&amp;ssl=1 300w, https:\/\/i0.wp.com\/ecolefermedesbois.ch\/wp-content\/uploads\/2026\/04\/20260413_152815-scaled.jpg?resize=768%2C576&amp;ssl=1 768w, https:\/\/i0.wp.com\/ecolefermedesbois.ch\/wp-content\/uploads\/2026\/04\/20260413_152815-scaled.jpg?resize=1536%2C1152&amp;ssl=1 1536w, https:\/\/i0.wp.com\/ecolefermedesbois.ch\/wp-content\/uploads\/2026\/04\/20260413_152815-scaled.jpg?resize=2048%2C1536&amp;ssl=1 2048w, https:\/\/i0.wp.com\/ecolefermedesbois.ch\/wp-content\/uploads\/2026\/04\/20260413_152815-scaled.jpg?w=1440&amp;ssl=1 1440w, https:\/\/i0.wp.com\/ecolefermedesbois.ch\/wp-content\/uploads\/2026\/04\/20260413_152815-scaled.jpg?w=2160&amp;ssl=1 2160w\" sizes=\"(max-width: 600px) 100vw, 600px\" \/><\/figure>\n<\/figure>\n","protected":false},"excerpt":{"rendered":"<p>Pendant les vacances de P\u00e2ques, nous avons eu le plaisir d\u2019accueillir un groupe d\u2019enfants de l\u2019UAPE d\u2019Attalens pour une immersion&#46;&#46;&#46;<\/p>\n","protected":false},"author":2,"featured_media":15794,"comment_status":"open","ping_status":"open","sticky":false,"template":"","format":"standard","meta":{"jetpack_post_was_ever_published":false,"footnotes":"","jetpack_publicize_message":"","jetpack_publicize_feature_enabled":true,"jetpack_social_post_already_shared":true,"jetpack_social_options":{"image_generator_settings":{"template":"highway","default_image_id":0,"font":"","enabled":false},"version":2}},"categories":[33],"tags":[],"class_list":["post-15782","post","type-post","status-publish","format-standard","has-post-thumbnail","hentry","category-ecole"],"yoast_head":"<!-- This site is optimized with the Yoast SEO plugin v27.4 - https:\/\/yoast.com\/product\/yoast-seo-wordpress\/ -->\n<title>&#x1f33c; Une journ\u00e9e \u00e0 la ferme pendant les vacances de P\u00e2ques -<\/title>\n<meta name=\"robots\" content=\"index, follow, max-snippet:-1, max-image-preview:large, max-video-preview:-1\" \/>\n<link rel=\"canonical\" href=\"https:\/\/ecolefermedesbois.ch\/?p=15782\" \/>\n<meta property=\"og:locale\" content=\"fr_FR\" \/>\n<meta property=\"og:type\" content=\"article\" \/>\n<meta property=\"og:title\" content=\"&#x1f33c; Une journ\u00e9e \u00e0 la ferme pendant les vacances de P\u00e2ques -\" \/>\n<meta property=\"og:description\" content=\"Pendant les vacances de P\u00e2ques, nous avons eu le plaisir d\u2019accueillir un groupe d\u2019enfants de l\u2019UAPE d\u2019Attalens pour une immersion&#046;&#046;&#046;\" \/>\n<meta property=\"og:url\" content=\"https:\/\/ecolefermedesbois.ch\/?p=15782\" \/>\n<meta property=\"article:publisher\" content=\"https:\/\/www.facebook.com\/ecolefermedesBois\" \/>\n<meta property=\"article:published_time\" content=\"2026-04-25T07:53:14+00:00\" \/>\n<meta property=\"article:modified_time\" content=\"2026-04-25T07:53:18+00:00\" \/>\n<meta property=\"og:image\" content=\"https:\/\/ecolefermedesbois.ch\/wp-content\/uploads\/2026\/04\/20260413_143841-scaled.jpg\" \/>\n\t<meta property=\"og:image:width\" content=\"2560\" \/>\n\t<meta property=\"og:image:height\" content=\"1920\" \/>\n\t<meta property=\"og:image:type\" content=\"image\/jpeg\" \/>\n<meta name=\"author\" content=\"Sophie\" \/>\n<meta name=\"twitter:card\" content=\"summary_large_image\" \/>\n<meta name=\"twitter:label1\" content=\"\u00c9crit par\" \/>\n\t<meta name=\"twitter:data1\" content=\"Sophie\" \/>\n\t<meta name=\"twitter:label2\" content=\"Dur\u00e9e de lecture estim\u00e9e\" \/>\n\t<meta name=\"twitter:data2\" content=\"7 minutes\" \/>\n<script type=\"application\/ld+json\" class=\"yoast-schema-graph\">{\"@context\":\"https:\\\/\\\/schema.org\",\"@graph\":[{\"@type\":\"Article\",\"@id\":\"https:\\\/\\\/ecolefermedesbois.ch\\\/?p=15782#article\",\"isPartOf\":{\"@id\":\"https:\\\/\\\/ecolefermedesbois.ch\\\/?p=15782\"},\"author\":{\"name\":\"Sophie\",\"@id\":\"https:\\\/\\\/ecolefermedesbois.ch\\\/#\\\/schema\\\/person\\\/78f5a1c78e958e51240f90932d290908\"},\"headline\":\"&#x1f33c; Une journ\u00e9e \u00e0 la ferme pendant les vacances de P\u00e2ques\",\"datePublished\":\"2026-04-25T07:53:14+00:00\",\"dateModified\":\"2026-04-25T07:53:18+00:00\",\"mainEntityOfPage\":{\"@id\":\"https:\\\/\\\/ecolefermedesbois.ch\\\/?p=15782\"},\"wordCount\":758,\"commentCount\":0,\"publisher\":{\"@id\":\"https:\\\/\\\/ecolefermedesbois.ch\\\/#organization\"},\"image\":{\"@id\":\"https:\\\/\\\/ecolefermedesbois.ch\\\/?p=15782#primaryimage\"},\"thumbnailUrl\":\"https:\\\/\\\/i0.wp.com\\\/ecolefermedesbois.ch\\\/wp-content\\\/uploads\\\/2026\\\/04\\\/20260413_143841-scaled.jpg?fit=2560%2C1920&ssl=1\",\"articleSection\":[\"Ecole\"],\"inLanguage\":\"fr-FR\",\"potentialAction\":[{\"@type\":\"CommentAction\",\"name\":\"Comment\",\"target\":[\"https:\\\/\\\/ecolefermedesbois.ch\\\/?p=15782#respond\"]}]},{\"@type\":\"WebPage\",\"@id\":\"https:\\\/\\\/ecolefermedesbois.ch\\\/?p=15782\",\"url\":\"https:\\\/\\\/ecolefermedesbois.ch\\\/?p=15782\",\"name\":\"&#x1f33c; Une journ\u00e9e \u00e0 la ferme pendant les vacances de P\u00e2ques -\",\"isPartOf\":{\"@id\":\"https:\\\/\\\/ecolefermedesbois.ch\\\/#website\"},\"primaryImageOfPage\":{\"@id\":\"https:\\\/\\\/ecolefermedesbois.ch\\\/?p=15782#primaryimage\"},\"image\":{\"@id\":\"https:\\\/\\\/ecolefermedesbois.ch\\\/?p=15782#primaryimage\"},\"thumbnailUrl\":\"https:\\\/\\\/i0.wp.com\\\/ecolefermedesbois.ch\\\/wp-content\\\/uploads\\\/2026\\\/04\\\/20260413_143841-scaled.jpg?fit=2560%2C1920&ssl=1\",\"datePublished\":\"2026-04-25T07:53:14+00:00\",\"dateModified\":\"2026-04-25T07:53:18+00:00\",\"breadcrumb\":{\"@id\":\"https:\\\/\\\/ecolefermedesbois.ch\\\/?p=15782#breadcrumb\"},\"inLanguage\":\"fr-FR\",\"potentialAction\":[{\"@type\":\"ReadAction\",\"target\":[\"https:\\\/\\\/ecolefermedesbois.ch\\\/?p=15782\"]}]},{\"@type\":\"ImageObject\",\"inLanguage\":\"fr-FR\",\"@id\":\"https:\\\/\\\/ecolefermedesbois.ch\\\/?p=15782#primaryimage\",\"url\":\"https:\\\/\\\/i0.wp.com\\\/ecolefermedesbois.ch\\\/wp-content\\\/uploads\\\/2026\\\/04\\\/20260413_143841-scaled.jpg?fit=2560%2C1920&ssl=1\",\"contentUrl\":\"https:\\\/\\\/i0.wp.com\\\/ecolefermedesbois.ch\\\/wp-content\\\/uploads\\\/2026\\\/04\\\/20260413_143841-scaled.jpg?fit=2560%2C1920&ssl=1\",\"width\":2560,\"height\":1920},{\"@type\":\"BreadcrumbList\",\"@id\":\"https:\\\/\\\/ecolefermedesbois.ch\\\/?p=15782#breadcrumb\",\"itemListElement\":[{\"@type\":\"ListItem\",\"position\":1,\"name\":\"Accueil\",\"item\":\"https:\\\/\\\/ecolefermedesbois.ch\\\/\"},{\"@type\":\"ListItem\",\"position\":2,\"name\":\"&#x1f33c; Une journ\u00e9e \u00e0 la ferme pendant les vacances de P\u00e2ques\"}]},{\"@type\":\"WebSite\",\"@id\":\"https:\\\/\\\/ecolefermedesbois.ch\\\/#website\",\"url\":\"https:\\\/\\\/ecolefermedesbois.ch\\\/\",\"name\":\"ecolefermedesbois\",\"description\":\"\",\"publisher\":{\"@id\":\"https:\\\/\\\/ecolefermedesbois.ch\\\/#organization\"},\"potentialAction\":[{\"@type\":\"SearchAction\",\"target\":{\"@type\":\"EntryPoint\",\"urlTemplate\":\"https:\\\/\\\/ecolefermedesbois.ch\\\/?s={search_term_string}\"},\"query-input\":{\"@type\":\"PropertyValueSpecification\",\"valueRequired\":true,\"valueName\":\"search_term_string\"}}],\"inLanguage\":\"fr-FR\"},{\"@type\":\"Organization\",\"@id\":\"https:\\\/\\\/ecolefermedesbois.ch\\\/#organization\",\"name\":\"Ecole \u00e0 la Ferme des Bois\",\"url\":\"https:\\\/\\\/ecolefermedesbois.ch\\\/\",\"logo\":{\"@type\":\"ImageObject\",\"inLanguage\":\"fr-FR\",\"@id\":\"https:\\\/\\\/ecolefermedesbois.ch\\\/#\\\/schema\\\/logo\\\/image\\\/\",\"url\":\"https:\\\/\\\/ecolefermedesbois.ch\\\/wp-content\\\/uploads\\\/2019\\\/04\\\/logo-scaled.gif\",\"contentUrl\":\"https:\\\/\\\/ecolefermedesbois.ch\\\/wp-content\\\/uploads\\\/2019\\\/04\\\/logo-scaled.gif\",\"width\":2560,\"height\":608,\"caption\":\"Ecole \u00e0 la Ferme des Bois\"},\"image\":{\"@id\":\"https:\\\/\\\/ecolefermedesbois.ch\\\/#\\\/schema\\\/logo\\\/image\\\/\"},\"sameAs\":[\"https:\\\/\\\/www.facebook.com\\\/ecolefermedesBois\"]},{\"@type\":\"Person\",\"@id\":\"https:\\\/\\\/ecolefermedesbois.ch\\\/#\\\/schema\\\/person\\\/78f5a1c78e958e51240f90932d290908\",\"name\":\"Sophie\",\"image\":{\"@type\":\"ImageObject\",\"inLanguage\":\"fr-FR\",\"@id\":\"https:\\\/\\\/secure.gravatar.com\\\/avatar\\\/053fbaec50cb27b03b880a4b8b018009aa3af995f32011efc3f40a589371d46f?s=96&d=mm&r=g\",\"url\":\"https:\\\/\\\/secure.gravatar.com\\\/avatar\\\/053fbaec50cb27b03b880a4b8b018009aa3af995f32011efc3f40a589371d46f?s=96&d=mm&r=g\",\"contentUrl\":\"https:\\\/\\\/secure.gravatar.com\\\/avatar\\\/053fbaec50cb27b03b880a4b8b018009aa3af995f32011efc3f40a589371d46f?s=96&d=mm&r=g\",\"caption\":\"Sophie\"},\"url\":\"https:\\\/\\\/ecolefermedesbois.ch\\\/?author=2\"}]}<\/script>\n<!-- \/ Yoast SEO plugin. -->","yoast_head_json":{"title":"&#x1f33c; Une journ\u00e9e \u00e0 la ferme pendant les vacances de P\u00e2ques -","robots":{"index":"index","follow":"follow","max-snippet":"max-snippet:-1","max-image-preview":"max-image-preview:large","max-video-preview":"max-video-preview:-1"},"canonical":"https:\/\/ecolefermedesbois.ch\/?p=15782","og_locale":"fr_FR","og_type":"article","og_title":"&#x1f33c; Une journ\u00e9e \u00e0 la ferme pendant les vacances de P\u00e2ques -","og_description":"Pendant les vacances de P\u00e2ques, nous avons eu le plaisir d\u2019accueillir un groupe d\u2019enfants de l\u2019UAPE d\u2019Attalens pour une immersion&#46;&#46;&#46;","og_url":"https:\/\/ecolefermedesbois.ch\/?p=15782","article_publisher":"https:\/\/www.facebook.com\/ecolefermedesBois","article_published_time":"2026-04-25T07:53:14+00:00","article_modified_time":"2026-04-25T07:53:18+00:00","og_image":[{"width":2560,"height":1920,"url":"https:\/\/ecolefermedesbois.ch\/wp-content\/uploads\/2026\/04\/20260413_143841-scaled.jpg","type":"image\/jpeg"}],"author":"Sophie","twitter_card":"summary_large_image","twitter_misc":{"\u00c9crit par":"Sophie","Dur\u00e9e de lecture estim\u00e9e":"7 minutes"},"schema":{"@context":"https:\/\/schema.org","@graph":[{"@type":"Article","@id":"https:\/\/ecolefermedesbois.ch\/?p=15782#article","isPartOf":{"@id":"https:\/\/ecolefermedesbois.ch\/?p=15782"},"author":{"name":"Sophie","@id":"https:\/\/ecolefermedesbois.ch\/#\/schema\/person\/78f5a1c78e958e51240f90932d290908"},"headline":"&#x1f33c; Une journ\u00e9e \u00e0 la ferme pendant les vacances de P\u00e2ques","datePublished":"2026-04-25T07:53:14+00:00","dateModified":"2026-04-25T07:53:18+00:00","mainEntityOfPage":{"@id":"https:\/\/ecolefermedesbois.ch\/?p=15782"},"wordCount":758,"commentCount":0,"publisher":{"@id":"https:\/\/ecolefermedesbois.ch\/#organization"},"image":{"@id":"https:\/\/ecolefermedesbois.ch\/?p=15782#primaryimage"},"thumbnailUrl":"https:\/\/i0.wp.com\/ecolefermedesbois.ch\/wp-content\/uploads\/2026\/04\/20260413_143841-scaled.jpg?fit=2560%2C1920&ssl=1","articleSection":["Ecole"],"inLanguage":"fr-FR","potentialAction":[{"@type":"CommentAction","name":"Comment","target":["https:\/\/ecolefermedesbois.ch\/?p=15782#respond"]}]},{"@type":"WebPage","@id":"https:\/\/ecolefermedesbois.ch\/?p=15782","url":"https:\/\/ecolefermedesbois.ch\/?p=15782","name":"&#x1f33c; Une journ\u00e9e \u00e0 la ferme pendant les vacances de P\u00e2ques -","isPartOf":{"@id":"https:\/\/ecolefermedesbois.ch\/#website"},"primaryImageOfPage":{"@id":"https:\/\/ecolefermedesbois.ch\/?p=15782#primaryimage"},"image":{"@id":"https:\/\/ecolefermedesbois.ch\/?p=15782#primaryimage"},"thumbnailUrl":"https:\/\/i0.wp.com\/ecolefermedesbois.ch\/wp-content\/uploads\/2026\/04\/20260413_143841-scaled.jpg?fit=2560%2C1920&ssl=1","datePublished":"2026-04-25T07:53:14+00:00","dateModified":"2026-04-25T07:53:18+00:00","breadcrumb":{"@id":"https:\/\/ecolefermedesbois.ch\/?p=15782#breadcrumb"},"inLanguage":"fr-FR","potentialAction":[{"@type":"ReadAction","target":["https:\/\/ecolefermedesbois.ch\/?p=15782"]}]},{"@type":"ImageObject","inLanguage":"fr-FR","@id":"https:\/\/ecolefermedesbois.ch\/?p=15782#primaryimage","url":"https:\/\/i0.wp.com\/ecolefermedesbois.ch\/wp-content\/uploads\/2026\/04\/20260413_143841-scaled.jpg?fit=2560%2C1920&ssl=1","contentUrl":"https:\/\/i0.wp.com\/ecolefermedesbois.ch\/wp-content\/uploads\/2026\/04\/20260413_143841-scaled.jpg?fit=2560%2C1920&ssl=1","width":2560,"height":1920},{"@type":"BreadcrumbList","@id":"https:\/\/ecolefermedesbois.ch\/?p=15782#breadcrumb","itemListElement":[{"@type":"ListItem","position":1,"name":"Accueil","item":"https:\/\/ecolefermedesbois.ch\/"},{"@type":"ListItem","position":2,"name":"&#x1f33c; Une journ\u00e9e \u00e0 la ferme pendant les vacances de P\u00e2ques"}]},{"@type":"WebSite","@id":"https:\/\/ecolefermedesbois.ch\/#website","url":"https:\/\/ecolefermedesbois.ch\/","name":"ecolefermedesbois","description":"","publisher":{"@id":"https:\/\/ecolefermedesbois.ch\/#organization"},"potentialAction":[{"@type":"SearchAction","target":{"@type":"EntryPoint","urlTemplate":"https:\/\/ecolefermedesbois.ch\/?s={search_term_string}"},"query-input":{"@type":"PropertyValueSpecification","valueRequired":true,"valueName":"search_term_string"}}],"inLanguage":"fr-FR"},{"@type":"Organization","@id":"https:\/\/ecolefermedesbois.ch\/#organization","name":"Ecole \u00e0 la Ferme des Bois","url":"https:\/\/ecolefermedesbois.ch\/","logo":{"@type":"ImageObject","inLanguage":"fr-FR","@id":"https:\/\/ecolefermedesbois.ch\/#\/schema\/logo\/image\/","url":"https:\/\/ecolefermedesbois.ch\/wp-content\/uploads\/2019\/04\/logo-scaled.gif","contentUrl":"https:\/\/ecolefermedesbois.ch\/wp-content\/uploads\/2019\/04\/logo-scaled.gif","width":2560,"height":608,"caption":"Ecole \u00e0 la Ferme des Bois"},"image":{"@id":"https:\/\/ecolefermedesbois.ch\/#\/schema\/logo\/image\/"},"sameAs":["https:\/\/www.facebook.com\/ecolefermedesBois"]},{"@type":"Person","@id":"https:\/\/ecolefermedesbois.ch\/#\/schema\/person\/78f5a1c78e958e51240f90932d290908","name":"Sophie","image":{"@type":"ImageObject","inLanguage":"fr-FR","@id":"https:\/\/secure.gravatar.com\/avatar\/053fbaec50cb27b03b880a4b8b018009aa3af995f32011efc3f40a589371d46f?s=96&d=mm&r=g","url":"https:\/\/secure.gravatar.com\/avatar\/053fbaec50cb27b03b880a4b8b018009aa3af995f32011efc3f40a589371d46f?s=96&d=mm&r=g","contentUrl":"https:\/\/secure.gravatar.com\/avatar\/053fbaec50cb27b03b880a4b8b018009aa3af995f32011efc3f40a589371d46f?s=96&d=mm&r=g","caption":"Sophie"},"url":"https:\/\/ecolefermedesbois.ch\/?author=2"}]}},"jetpack_publicize_connections":[],"jetpack_featured_media_url":"https:\/\/i0.wp.com\/ecolefermedesbois.ch\/wp-content\/uploads\/2026\/04\/20260413_143841-scaled.jpg?fit=2560%2C1920&ssl=1","jetpack_sharing_enabled":true,"_links":{"self":[{"href":"https:\/\/ecolefermedesbois.ch\/index.php?rest_route=\/wp\/v2\/posts\/15782","targetHints":{"allow":["GET"]}}],"collection":[{"href":"https:\/\/ecolefermedesbois.ch\/index.php?rest_route=\/wp\/v2\/posts"}],"about":[{"href":"https:\/\/ecolefermedesbois.ch\/index.php?rest_route=\/wp\/v2\/types\/post"}],"author":[{"embeddable":true,"href":"https:\/\/ecolefermedesbois.ch\/index.php?rest_route=\/wp\/v2\/users\/2"}],"replies":[{"embeddable":true,"href":"https:\/\/ecolefermedesbois.ch\/index.php?rest_route=%2Fwp%2Fv2%2Fcomments&post=15782"}],"version-history":[{"count":1,"href":"https:\/\/ecolefermedesbois.ch\/index.php?rest_route=\/wp\/v2\/posts\/15782\/revisions"}],"predecessor-version":[{"id":15797,"href":"https:\/\/ecolefermedesbois.ch\/index.php?rest_route=\/wp\/v2\/posts\/15782\/revisions\/15797"}],"wp:featuredmedia":[{"embeddable":true,"href":"https:\/\/ecolefermedesbois.ch\/index.php?rest_route=\/wp\/v2\/media\/15794"}],"wp:attachment":[{"href":"https:\/\/ecolefermedesbois.ch\/index.php?rest_route=%2Fwp%2Fv2%2Fmedia&parent=15782"}],"wp:term":[{"taxonomy":"category","embeddable":true,"href":"https:\/\/ecolefermedesbois.ch\/index.php?rest_route=%2Fwp%2Fv2%2Fcategories&post=15782"},{"taxonomy":"post_tag","embeddable":true,"href":"https:\/\/ecolefermedesbois.ch\/index.php?rest_route=%2Fwp%2Fv2%2Ftags&post=15782"}],"curies":[{"name":"wp","href":"https:\/\/api.w.org\/{rel}","templated":true}]}}