{"id":15424,"date":"2025-11-29T14:09:45","date_gmt":"2025-11-29T13:09:45","guid":{"rendered":"https:\/\/ecolefermedesbois.ch\/?p=15424"},"modified":"2025-12-13T15:41:42","modified_gmt":"2025-12-13T14:41:42","slug":"decouverte-de-letable-avec-la-classe-de-claudia-simmons","status":"publish","type":"post","link":"https:\/\/ecolefermedesbois.ch\/?p=15424","title":{"rendered":"D\u00e9couverte de l&rsquo;\u00e9table avec la classe de Claudia Simmons"},"content":{"rendered":"<div class=\"pdfprnt-buttons pdfprnt-buttons-post pdfprnt-top-right\"><a href=\"https:\/\/ecolefermedesbois.ch\/index.php?rest_route=%2Fwp%2Fv2%2Fposts%2F15424&print=pdf\" class=\"pdfprnt-button pdfprnt-button-pdf\" target=\"_blank\" ><img data-recalc-dims=\"1\" decoding=\"async\" src=\"https:\/\/i0.wp.com\/ecolefermedesbois.ch\/wp-content\/plugins\/pdf-print\/images\/pdf.png?w=720&#038;ssl=1\" alt=\"image_pdf\" title=\"Afficher le PDF\" \/><\/a><a href=\"https:\/\/ecolefermedesbois.ch\/index.php?rest_route=%2Fwp%2Fv2%2Fposts%2F15424&print=print\" class=\"pdfprnt-button pdfprnt-button-print\" target=\"_blank\" ><img data-recalc-dims=\"1\" decoding=\"async\" src=\"https:\/\/i0.wp.com\/ecolefermedesbois.ch\/wp-content\/plugins\/pdf-print\/images\/print.png?w=720&#038;ssl=1\" alt=\"image_print\" title=\"Contenu imprim\u00e9\" \/><\/a><\/div>\n<p>Vendredi 28 novembre, la ferme a accueilli la classe de Claudia et Milena de Vevey pour une journ\u00e9e tout en douceur, rires et d\u00e9couvertes autour de l\u2019univers des vaches et de leurs voisines les ch\u00e8vres.<\/p>\n\n\n\n<h3 class=\"wp-block-heading\">Rencontre avec les vaches<\/h3>\n\n\n\n<p>D\u00e8s le matin, direction l\u2019\u00e9table ! Les enfants ont d\u00e9couvert comment les vaches mangent, se d\u00e9placent et interagissent entre elles. Ils ont aussi pu constater que, tout comme nous, elles ont chacune leur personnalit\u00e9 : certaines raffolent des c\u00e2lins, d\u2019autres pr\u00e9f\u00e8rent garder leurs distances, et quelques-unes semblent sourire lorsqu\u2019on leur parle doucement. Un moment tendre et plein d\u2019\u00e9motions, o\u00f9 les enfants ont pu approcher les vaches pour les caresser et appris \u00e0 observer et \u00e0 respecter les animaux.<\/p>\n\n\n\n<h3 class=\"wp-block-heading\">La famille de la vache et la salle de traite<\/h3>\n\n\n\n<p>La suite de la matin\u00e9e s\u2019est d\u00e9roul\u00e9e en deux groupes.<br>Avec \u00c9milie, dans la grange, les enfants ont explor\u00e9&nbsp;la famille de la vache&nbsp;: son habitat, ses besoins, ce qu\u2019elle mange et ce qu\u2019elle nous offre en retour. Ensemble, ils ont aussi perc\u00e9 le myst\u00e8re de ses quatre estomacs, un v\u00e9ritable sujet de fascination ! Emilie leur parle \u00e9galement du danger des d\u00e9chets des bords de routes pour nos animaux.<br>Pendant ce temps, l\u2019autre groupe a d\u00e9couvert&nbsp;la salle de traite, la chambre \u00e0 lait et nos jeunes veaux &nbsp;: comment on recueille le lait, \u00e0 quoi servent les machines \u00e0 traire, et comment tout cela se passe dans le respect du bien-\u00eatre animal. La visite s\u2019est termin\u00e9e en douceur aupr\u00e8s des jeunes veaux, pour un moment c\u00e2lin et plein de tendresse. <\/p>\n\n\n\n<p>Apr\u00e8s un \u00e9change de groupes, tout le monde s\u2019est retrouv\u00e9 pour un&nbsp;pique-nique bien m\u00e9rit\u00e9 \u00e0 la Ferme des Bois, bien au chaud dans notre salle.<\/p>\n\n\n\n<hr class=\"wp-block-separator has-alpha-channel-opacity\"\/>\n\n\n\n<h2 class=\"wp-block-heading\">L\u2019apr\u00e8s-midi : entre beurre, g\u00e9nisses et ch\u00e8vres curieuses<\/h2>\n\n\n\n<p>Nous commen\u00e7ons l&rsquo;apr\u00e8s-midi par la confection du beurre. Chaque \u00e9l\u00e8ve a pu secouer un pot de cr\u00e8me jusqu&rsquo;\u00e0 l&rsquo;obtention du beurre. Quand la motte s\u2019est form\u00e9e, les yeux se sont illumin\u00e9s ! La r\u00e9compense ? Une tartine de pain frais napp\u00e9e de ce d\u00e9licieux beurre maison, \u00e0 d\u00e9guster sans mod\u00e9ration. <\/p>\n\n\n\n<p>Puis nous faisons \u00e0 nouveau nos 2 groupes du matin.<br>Un premier groupe est parti avec moi \u00e0 la rencontre des g\u00e9nisses et des ch\u00e8vres. Les enfants ont appris \u00e0 reconna\u00eetre leurs diff\u00e9rences avec les vaches : pour les g\u00e9nisses, se sont les adolescentes, elles n&rsquo;ont pas encore de t\u00e9tine car elle ne sont pas mamans. Pour les ch\u00e8vres: elles n\u2019ont que deux trayons, mais tout comme leurs grandes cousines, elles ont quatre estomacs ! On a parl\u00e9 de ce qu\u2019elles mangent, de ce qu\u2019elles produisent, et surtout, on a v\u00e9cu un grand moment de tendresse. Les ch\u00e8vres, toujours joueuses, quand on leur apporte \u00e0 manger, provoquant \u00e9clats de rire et c\u00e2lins \u00e0 profusion.<br>Avant d&rsquo;\u00e9changer les groupes, une surprise attendait les enfants : la d\u00e9couverte de nos lapereaux, n\u00e9s il y a un peu plus d&rsquo;un mois. M\u00eame si ce n\u2019\u00e9tait pas pr\u00e9vu au programme, impossible de ne pas partager ce moment magique ! Les enfants ont pu admirer leurs petites bouilles toutes douces et leur offrir quelques caresses pleines de douceur du bout des doigts.<\/p>\n\n\n\n<p>Pendant ce temps, l\u2019autre groupe, rest\u00e9 au chaud avec \u00c9milie, d\u00e9couvre le jeu de l&rsquo;oie sur le th\u00e8me de la vache. Et nous \u00e9changeons \u00e0 nouveau les groupes.<\/p>\n\n\n\n<p>C\u2019est sur cette note tendre et joyeuse que s\u2019est termin\u00e9e cette belle journ\u00e9e \u00e0 la ferme \u2014 une journ\u00e9e riche en d\u00e9couvertes, en \u00e9motions et en sourires partag\u00e9s.<\/p>\n\n\n\n<p>A bient\u00f4t<br>Sophie<\/p>\n\n\n\n<figure class=\"wp-block-gallery has-nested-images columns-default is-cropped wp-block-gallery-1 is-layout-flex wp-block-gallery-is-layout-flex\">\n<figure class=\"wp-block-image size-large\"><img data-recalc-dims=\"1\" fetchpriority=\"high\" decoding=\"async\" width=\"600\" height=\"450\" data-id=\"15425\" src=\"https:\/\/i0.wp.com\/ecolefermedesbois.ch\/wp-content\/uploads\/2025\/11\/20251128_105541.jpg?resize=600%2C450&#038;ssl=1\" alt=\"\" class=\"wp-image-15425\" srcset=\"https:\/\/i0.wp.com\/ecolefermedesbois.ch\/wp-content\/uploads\/2025\/11\/20251128_105541.jpg?resize=600%2C450&amp;ssl=1 600w, https:\/\/i0.wp.com\/ecolefermedesbois.ch\/wp-content\/uploads\/2025\/11\/20251128_105541.jpg?resize=300%2C225&amp;ssl=1 300w, https:\/\/i0.wp.com\/ecolefermedesbois.ch\/wp-content\/uploads\/2025\/11\/20251128_105541.jpg?resize=768%2C576&amp;ssl=1 768w, https:\/\/i0.wp.com\/ecolefermedesbois.ch\/wp-content\/uploads\/2025\/11\/20251128_105541.jpg?resize=1536%2C1152&amp;ssl=1 1536w, https:\/\/i0.wp.com\/ecolefermedesbois.ch\/wp-content\/uploads\/2025\/11\/20251128_105541.jpg?w=2000&amp;ssl=1 2000w, https:\/\/i0.wp.com\/ecolefermedesbois.ch\/wp-content\/uploads\/2025\/11\/20251128_105541.jpg?w=1440&amp;ssl=1 1440w\" sizes=\"(max-width: 600px) 100vw, 600px\" \/><\/figure>\n\n\n\n<figure class=\"wp-block-image size-large\"><img data-recalc-dims=\"1\" decoding=\"async\" width=\"450\" height=\"600\" data-id=\"15426\" src=\"https:\/\/i0.wp.com\/ecolefermedesbois.ch\/wp-content\/uploads\/2025\/11\/20251128_111748.jpg?resize=450%2C600&#038;ssl=1\" alt=\"\" class=\"wp-image-15426\" srcset=\"https:\/\/i0.wp.com\/ecolefermedesbois.ch\/wp-content\/uploads\/2025\/11\/20251128_111748.jpg?resize=450%2C600&amp;ssl=1 450w, https:\/\/i0.wp.com\/ecolefermedesbois.ch\/wp-content\/uploads\/2025\/11\/20251128_111748.jpg?resize=225%2C300&amp;ssl=1 225w, https:\/\/i0.wp.com\/ecolefermedesbois.ch\/wp-content\/uploads\/2025\/11\/20251128_111748.jpg?resize=768%2C1024&amp;ssl=1 768w, https:\/\/i0.wp.com\/ecolefermedesbois.ch\/wp-content\/uploads\/2025\/11\/20251128_111748.jpg?resize=1152%2C1536&amp;ssl=1 1152w, https:\/\/i0.wp.com\/ecolefermedesbois.ch\/wp-content\/uploads\/2025\/11\/20251128_111748.jpg?w=1500&amp;ssl=1 1500w, https:\/\/i0.wp.com\/ecolefermedesbois.ch\/wp-content\/uploads\/2025\/11\/20251128_111748.jpg?w=1440&amp;ssl=1 1440w\" sizes=\"(max-width: 450px) 100vw, 450px\" \/><\/figure>\n\n\n\n<figure class=\"wp-block-image size-large\"><img data-recalc-dims=\"1\" decoding=\"async\" width=\"600\" height=\"450\" data-id=\"15427\" src=\"https:\/\/i0.wp.com\/ecolefermedesbois.ch\/wp-content\/uploads\/2025\/11\/20251128_112631.jpg?resize=600%2C450&#038;ssl=1\" alt=\"\" class=\"wp-image-15427\" srcset=\"https:\/\/i0.wp.com\/ecolefermedesbois.ch\/wp-content\/uploads\/2025\/11\/20251128_112631.jpg?resize=600%2C450&amp;ssl=1 600w, https:\/\/i0.wp.com\/ecolefermedesbois.ch\/wp-content\/uploads\/2025\/11\/20251128_112631.jpg?resize=300%2C225&amp;ssl=1 300w, https:\/\/i0.wp.com\/ecolefermedesbois.ch\/wp-content\/uploads\/2025\/11\/20251128_112631.jpg?resize=768%2C576&amp;ssl=1 768w, https:\/\/i0.wp.com\/ecolefermedesbois.ch\/wp-content\/uploads\/2025\/11\/20251128_112631.jpg?resize=1536%2C1152&amp;ssl=1 1536w, https:\/\/i0.wp.com\/ecolefermedesbois.ch\/wp-content\/uploads\/2025\/11\/20251128_112631.jpg?w=2000&amp;ssl=1 2000w, https:\/\/i0.wp.com\/ecolefermedesbois.ch\/wp-content\/uploads\/2025\/11\/20251128_112631.jpg?w=1440&amp;ssl=1 1440w\" sizes=\"(max-width: 600px) 100vw, 600px\" \/><\/figure>\n\n\n\n<figure class=\"wp-block-image size-large\"><img data-recalc-dims=\"1\" loading=\"lazy\" decoding=\"async\" width=\"450\" height=\"600\" data-id=\"15428\" src=\"https:\/\/i0.wp.com\/ecolefermedesbois.ch\/wp-content\/uploads\/2025\/11\/20251128_114321.jpg?resize=450%2C600&#038;ssl=1\" alt=\"\" class=\"wp-image-15428\" srcset=\"https:\/\/i0.wp.com\/ecolefermedesbois.ch\/wp-content\/uploads\/2025\/11\/20251128_114321.jpg?resize=450%2C600&amp;ssl=1 450w, https:\/\/i0.wp.com\/ecolefermedesbois.ch\/wp-content\/uploads\/2025\/11\/20251128_114321.jpg?resize=225%2C300&amp;ssl=1 225w, https:\/\/i0.wp.com\/ecolefermedesbois.ch\/wp-content\/uploads\/2025\/11\/20251128_114321.jpg?resize=768%2C1024&amp;ssl=1 768w, https:\/\/i0.wp.com\/ecolefermedesbois.ch\/wp-content\/uploads\/2025\/11\/20251128_114321.jpg?resize=1152%2C1536&amp;ssl=1 1152w, https:\/\/i0.wp.com\/ecolefermedesbois.ch\/wp-content\/uploads\/2025\/11\/20251128_114321.jpg?w=1500&amp;ssl=1 1500w, https:\/\/i0.wp.com\/ecolefermedesbois.ch\/wp-content\/uploads\/2025\/11\/20251128_114321.jpg?w=1440&amp;ssl=1 1440w\" sizes=\"(max-width: 450px) 100vw, 450px\" \/><\/figure>\n\n\n\n<figure class=\"wp-block-image size-large\"><img data-recalc-dims=\"1\" loading=\"lazy\" decoding=\"async\" width=\"600\" height=\"450\" data-id=\"15429\" src=\"https:\/\/i0.wp.com\/ecolefermedesbois.ch\/wp-content\/uploads\/2025\/11\/20251128_121041.jpg?resize=600%2C450&#038;ssl=1\" alt=\"\" class=\"wp-image-15429\" srcset=\"https:\/\/i0.wp.com\/ecolefermedesbois.ch\/wp-content\/uploads\/2025\/11\/20251128_121041.jpg?resize=600%2C450&amp;ssl=1 600w, https:\/\/i0.wp.com\/ecolefermedesbois.ch\/wp-content\/uploads\/2025\/11\/20251128_121041.jpg?resize=300%2C225&amp;ssl=1 300w, https:\/\/i0.wp.com\/ecolefermedesbois.ch\/wp-content\/uploads\/2025\/11\/20251128_121041.jpg?resize=768%2C576&amp;ssl=1 768w, https:\/\/i0.wp.com\/ecolefermedesbois.ch\/wp-content\/uploads\/2025\/11\/20251128_121041.jpg?resize=1536%2C1152&amp;ssl=1 1536w, https:\/\/i0.wp.com\/ecolefermedesbois.ch\/wp-content\/uploads\/2025\/11\/20251128_121041.jpg?w=2000&amp;ssl=1 2000w, https:\/\/i0.wp.com\/ecolefermedesbois.ch\/wp-content\/uploads\/2025\/11\/20251128_121041.jpg?w=1440&amp;ssl=1 1440w\" sizes=\"(max-width: 600px) 100vw, 600px\" \/><\/figure>\n\n\n\n<figure class=\"wp-block-image size-large\"><img data-recalc-dims=\"1\" loading=\"lazy\" decoding=\"async\" width=\"523\" height=\"600\" data-id=\"15430\" src=\"https:\/\/i0.wp.com\/ecolefermedesbois.ch\/wp-content\/uploads\/2025\/11\/20251128_131026.jpg?resize=523%2C600&#038;ssl=1\" alt=\"\" class=\"wp-image-15430\" srcset=\"https:\/\/i0.wp.com\/ecolefermedesbois.ch\/wp-content\/uploads\/2025\/11\/20251128_131026.jpg?resize=523%2C600&amp;ssl=1 523w, https:\/\/i0.wp.com\/ecolefermedesbois.ch\/wp-content\/uploads\/2025\/11\/20251128_131026.jpg?resize=261%2C300&amp;ssl=1 261w, https:\/\/i0.wp.com\/ecolefermedesbois.ch\/wp-content\/uploads\/2025\/11\/20251128_131026.jpg?resize=768%2C881&amp;ssl=1 768w, https:\/\/i0.wp.com\/ecolefermedesbois.ch\/wp-content\/uploads\/2025\/11\/20251128_131026.jpg?w=1248&amp;ssl=1 1248w\" sizes=\"(max-width: 523px) 100vw, 523px\" \/><\/figure>\n\n\n\n<figure class=\"wp-block-image size-large\"><img data-recalc-dims=\"1\" loading=\"lazy\" decoding=\"async\" width=\"600\" height=\"450\" data-id=\"15431\" src=\"https:\/\/i0.wp.com\/ecolefermedesbois.ch\/wp-content\/uploads\/2025\/11\/20251128_135026.jpg?resize=600%2C450&#038;ssl=1\" alt=\"\" class=\"wp-image-15431\" srcset=\"https:\/\/i0.wp.com\/ecolefermedesbois.ch\/wp-content\/uploads\/2025\/11\/20251128_135026.jpg?resize=600%2C450&amp;ssl=1 600w, https:\/\/i0.wp.com\/ecolefermedesbois.ch\/wp-content\/uploads\/2025\/11\/20251128_135026.jpg?resize=300%2C225&amp;ssl=1 300w, https:\/\/i0.wp.com\/ecolefermedesbois.ch\/wp-content\/uploads\/2025\/11\/20251128_135026.jpg?resize=768%2C576&amp;ssl=1 768w, https:\/\/i0.wp.com\/ecolefermedesbois.ch\/wp-content\/uploads\/2025\/11\/20251128_135026.jpg?resize=1536%2C1152&amp;ssl=1 1536w, https:\/\/i0.wp.com\/ecolefermedesbois.ch\/wp-content\/uploads\/2025\/11\/20251128_135026.jpg?w=2000&amp;ssl=1 2000w, https:\/\/i0.wp.com\/ecolefermedesbois.ch\/wp-content\/uploads\/2025\/11\/20251128_135026.jpg?w=1440&amp;ssl=1 1440w\" sizes=\"(max-width: 600px) 100vw, 600px\" \/><\/figure>\n\n\n\n<figure class=\"wp-block-image size-large\"><img data-recalc-dims=\"1\" loading=\"lazy\" decoding=\"async\" width=\"450\" height=\"600\" data-id=\"15432\" src=\"https:\/\/i0.wp.com\/ecolefermedesbois.ch\/wp-content\/uploads\/2025\/11\/20251128_141304.jpg?resize=450%2C600&#038;ssl=1\" alt=\"\" class=\"wp-image-15432\" srcset=\"https:\/\/i0.wp.com\/ecolefermedesbois.ch\/wp-content\/uploads\/2025\/11\/20251128_141304.jpg?resize=450%2C600&amp;ssl=1 450w, https:\/\/i0.wp.com\/ecolefermedesbois.ch\/wp-content\/uploads\/2025\/11\/20251128_141304.jpg?resize=225%2C300&amp;ssl=1 225w, https:\/\/i0.wp.com\/ecolefermedesbois.ch\/wp-content\/uploads\/2025\/11\/20251128_141304.jpg?resize=768%2C1024&amp;ssl=1 768w, https:\/\/i0.wp.com\/ecolefermedesbois.ch\/wp-content\/uploads\/2025\/11\/20251128_141304.jpg?resize=1152%2C1536&amp;ssl=1 1152w, https:\/\/i0.wp.com\/ecolefermedesbois.ch\/wp-content\/uploads\/2025\/11\/20251128_141304.jpg?w=1500&amp;ssl=1 1500w, https:\/\/i0.wp.com\/ecolefermedesbois.ch\/wp-content\/uploads\/2025\/11\/20251128_141304.jpg?w=1440&amp;ssl=1 1440w\" sizes=\"(max-width: 450px) 100vw, 450px\" \/><\/figure>\n\n\n\n<figure class=\"wp-block-image size-large\"><img data-recalc-dims=\"1\" loading=\"lazy\" decoding=\"async\" width=\"600\" height=\"450\" data-id=\"15433\" src=\"https:\/\/i0.wp.com\/ecolefermedesbois.ch\/wp-content\/uploads\/2025\/11\/20251128_141344.jpg?resize=600%2C450&#038;ssl=1\" alt=\"\" class=\"wp-image-15433\" srcset=\"https:\/\/i0.wp.com\/ecolefermedesbois.ch\/wp-content\/uploads\/2025\/11\/20251128_141344.jpg?resize=600%2C450&amp;ssl=1 600w, https:\/\/i0.wp.com\/ecolefermedesbois.ch\/wp-content\/uploads\/2025\/11\/20251128_141344.jpg?resize=300%2C225&amp;ssl=1 300w, https:\/\/i0.wp.com\/ecolefermedesbois.ch\/wp-content\/uploads\/2025\/11\/20251128_141344.jpg?resize=768%2C576&amp;ssl=1 768w, https:\/\/i0.wp.com\/ecolefermedesbois.ch\/wp-content\/uploads\/2025\/11\/20251128_141344.jpg?resize=1536%2C1152&amp;ssl=1 1536w, https:\/\/i0.wp.com\/ecolefermedesbois.ch\/wp-content\/uploads\/2025\/11\/20251128_141344.jpg?w=2000&amp;ssl=1 2000w, https:\/\/i0.wp.com\/ecolefermedesbois.ch\/wp-content\/uploads\/2025\/11\/20251128_141344.jpg?w=1440&amp;ssl=1 1440w\" sizes=\"(max-width: 600px) 100vw, 600px\" \/><\/figure>\n<\/figure>\n","protected":false},"excerpt":{"rendered":"<p>Vendredi 28 novembre, la ferme a accueilli la classe de Claudia et Milena de Vevey pour une journ\u00e9e tout en&#46;&#46;&#46;<\/p>\n","protected":false},"author":2,"featured_media":15428,"comment_status":"open","ping_status":"open","sticky":false,"template":"","format":"standard","meta":{"jetpack_post_was_ever_published":false,"footnotes":"","jetpack_publicize_message":"","jetpack_publicize_feature_enabled":true,"jetpack_social_post_already_shared":true,"jetpack_social_options":{"image_generator_settings":{"template":"highway","default_image_id":0,"font":"","enabled":false},"version":2}},"categories":[33],"tags":[],"class_list":["post-15424","post","type-post","status-publish","format-standard","has-post-thumbnail","hentry","category-ecole"],"yoast_head":"<!-- This site is optimized with the Yoast SEO plugin v27.5 - https:\/\/yoast.com\/product\/yoast-seo-wordpress\/ -->\n<title>D\u00e9couverte de l&#039;\u00e9table avec la classe de Claudia Simmons -<\/title>\n<meta name=\"robots\" content=\"index, follow, max-snippet:-1, max-image-preview:large, max-video-preview:-1\" \/>\n<link rel=\"canonical\" href=\"https:\/\/ecolefermedesbois.ch\/?p=15424\" \/>\n<meta property=\"og:locale\" content=\"fr_FR\" \/>\n<meta property=\"og:type\" content=\"article\" \/>\n<meta property=\"og:title\" content=\"D\u00e9couverte de l&#039;\u00e9table avec la classe de Claudia Simmons -\" \/>\n<meta property=\"og:description\" content=\"Vendredi 28 novembre, la ferme a accueilli la classe de Claudia et Milena de Vevey pour une journ\u00e9e tout en&#046;&#046;&#046;\" \/>\n<meta property=\"og:url\" content=\"https:\/\/ecolefermedesbois.ch\/?p=15424\" \/>\n<meta property=\"article:publisher\" content=\"https:\/\/www.facebook.com\/ecolefermedesBois\" \/>\n<meta property=\"article:published_time\" content=\"2025-11-29T13:09:45+00:00\" \/>\n<meta property=\"article:modified_time\" content=\"2025-12-13T14:41:42+00:00\" \/>\n<meta property=\"og:image\" content=\"https:\/\/ecolefermedesbois.ch\/wp-content\/uploads\/2025\/11\/20251128_114321.jpg\" \/>\n\t<meta property=\"og:image:width\" content=\"1500\" \/>\n\t<meta property=\"og:image:height\" content=\"2000\" \/>\n\t<meta property=\"og:image:type\" content=\"image\/jpeg\" \/>\n<meta name=\"author\" content=\"Sophie\" \/>\n<meta name=\"twitter:card\" content=\"summary_large_image\" \/>\n<meta name=\"twitter:label1\" content=\"\u00c9crit par\" \/>\n\t<meta name=\"twitter:data1\" content=\"Sophie\" \/>\n\t<meta name=\"twitter:label2\" content=\"Dur\u00e9e de lecture estim\u00e9e\" \/>\n\t<meta name=\"twitter:data2\" content=\"5 minutes\" \/>\n<script type=\"application\/ld+json\" class=\"yoast-schema-graph\">{\"@context\":\"https:\\\/\\\/schema.org\",\"@graph\":[{\"@type\":\"Article\",\"@id\":\"https:\\\/\\\/ecolefermedesbois.ch\\\/?p=15424#article\",\"isPartOf\":{\"@id\":\"https:\\\/\\\/ecolefermedesbois.ch\\\/?p=15424\"},\"author\":{\"name\":\"Sophie\",\"@id\":\"https:\\\/\\\/ecolefermedesbois.ch\\\/#\\\/schema\\\/person\\\/78f5a1c78e958e51240f90932d290908\"},\"headline\":\"D\u00e9couverte de l&rsquo;\u00e9table avec la classe de Claudia Simmons\",\"datePublished\":\"2025-11-29T13:09:45+00:00\",\"dateModified\":\"2025-12-13T14:41:42+00:00\",\"mainEntityOfPage\":{\"@id\":\"https:\\\/\\\/ecolefermedesbois.ch\\\/?p=15424\"},\"wordCount\":645,\"commentCount\":0,\"publisher\":{\"@id\":\"https:\\\/\\\/ecolefermedesbois.ch\\\/#organization\"},\"image\":{\"@id\":\"https:\\\/\\\/ecolefermedesbois.ch\\\/?p=15424#primaryimage\"},\"thumbnailUrl\":\"https:\\\/\\\/i0.wp.com\\\/ecolefermedesbois.ch\\\/wp-content\\\/uploads\\\/2025\\\/11\\\/20251128_114321.jpg?fit=1500%2C2000&ssl=1\",\"articleSection\":[\"Ecole\"],\"inLanguage\":\"fr-FR\",\"potentialAction\":[{\"@type\":\"CommentAction\",\"name\":\"Comment\",\"target\":[\"https:\\\/\\\/ecolefermedesbois.ch\\\/?p=15424#respond\"]}]},{\"@type\":\"WebPage\",\"@id\":\"https:\\\/\\\/ecolefermedesbois.ch\\\/?p=15424\",\"url\":\"https:\\\/\\\/ecolefermedesbois.ch\\\/?p=15424\",\"name\":\"D\u00e9couverte de l'\u00e9table avec la classe de Claudia Simmons -\",\"isPartOf\":{\"@id\":\"https:\\\/\\\/ecolefermedesbois.ch\\\/#website\"},\"primaryImageOfPage\":{\"@id\":\"https:\\\/\\\/ecolefermedesbois.ch\\\/?p=15424#primaryimage\"},\"image\":{\"@id\":\"https:\\\/\\\/ecolefermedesbois.ch\\\/?p=15424#primaryimage\"},\"thumbnailUrl\":\"https:\\\/\\\/i0.wp.com\\\/ecolefermedesbois.ch\\\/wp-content\\\/uploads\\\/2025\\\/11\\\/20251128_114321.jpg?fit=1500%2C2000&ssl=1\",\"datePublished\":\"2025-11-29T13:09:45+00:00\",\"dateModified\":\"2025-12-13T14:41:42+00:00\",\"breadcrumb\":{\"@id\":\"https:\\\/\\\/ecolefermedesbois.ch\\\/?p=15424#breadcrumb\"},\"inLanguage\":\"fr-FR\",\"potentialAction\":[{\"@type\":\"ReadAction\",\"target\":[\"https:\\\/\\\/ecolefermedesbois.ch\\\/?p=15424\"]}]},{\"@type\":\"ImageObject\",\"inLanguage\":\"fr-FR\",\"@id\":\"https:\\\/\\\/ecolefermedesbois.ch\\\/?p=15424#primaryimage\",\"url\":\"https:\\\/\\\/i0.wp.com\\\/ecolefermedesbois.ch\\\/wp-content\\\/uploads\\\/2025\\\/11\\\/20251128_114321.jpg?fit=1500%2C2000&ssl=1\",\"contentUrl\":\"https:\\\/\\\/i0.wp.com\\\/ecolefermedesbois.ch\\\/wp-content\\\/uploads\\\/2025\\\/11\\\/20251128_114321.jpg?fit=1500%2C2000&ssl=1\",\"width\":1500,\"height\":2000},{\"@type\":\"BreadcrumbList\",\"@id\":\"https:\\\/\\\/ecolefermedesbois.ch\\\/?p=15424#breadcrumb\",\"itemListElement\":[{\"@type\":\"ListItem\",\"position\":1,\"name\":\"Accueil\",\"item\":\"https:\\\/\\\/ecolefermedesbois.ch\\\/\"},{\"@type\":\"ListItem\",\"position\":2,\"name\":\"D\u00e9couverte de l&rsquo;\u00e9table avec la classe de Claudia Simmons\"}]},{\"@type\":\"WebSite\",\"@id\":\"https:\\\/\\\/ecolefermedesbois.ch\\\/#website\",\"url\":\"https:\\\/\\\/ecolefermedesbois.ch\\\/\",\"name\":\"ecolefermedesbois\",\"description\":\"\",\"publisher\":{\"@id\":\"https:\\\/\\\/ecolefermedesbois.ch\\\/#organization\"},\"potentialAction\":[{\"@type\":\"SearchAction\",\"target\":{\"@type\":\"EntryPoint\",\"urlTemplate\":\"https:\\\/\\\/ecolefermedesbois.ch\\\/?s={search_term_string}\"},\"query-input\":{\"@type\":\"PropertyValueSpecification\",\"valueRequired\":true,\"valueName\":\"search_term_string\"}}],\"inLanguage\":\"fr-FR\"},{\"@type\":\"Organization\",\"@id\":\"https:\\\/\\\/ecolefermedesbois.ch\\\/#organization\",\"name\":\"Ecole \u00e0 la Ferme des Bois\",\"url\":\"https:\\\/\\\/ecolefermedesbois.ch\\\/\",\"logo\":{\"@type\":\"ImageObject\",\"inLanguage\":\"fr-FR\",\"@id\":\"https:\\\/\\\/ecolefermedesbois.ch\\\/#\\\/schema\\\/logo\\\/image\\\/\",\"url\":\"https:\\\/\\\/ecolefermedesbois.ch\\\/wp-content\\\/uploads\\\/2019\\\/04\\\/logo-scaled.gif\",\"contentUrl\":\"https:\\\/\\\/ecolefermedesbois.ch\\\/wp-content\\\/uploads\\\/2019\\\/04\\\/logo-scaled.gif\",\"width\":2560,\"height\":608,\"caption\":\"Ecole \u00e0 la Ferme des Bois\"},\"image\":{\"@id\":\"https:\\\/\\\/ecolefermedesbois.ch\\\/#\\\/schema\\\/logo\\\/image\\\/\"},\"sameAs\":[\"https:\\\/\\\/www.facebook.com\\\/ecolefermedesBois\"]},{\"@type\":\"Person\",\"@id\":\"https:\\\/\\\/ecolefermedesbois.ch\\\/#\\\/schema\\\/person\\\/78f5a1c78e958e51240f90932d290908\",\"name\":\"Sophie\",\"image\":{\"@type\":\"ImageObject\",\"inLanguage\":\"fr-FR\",\"@id\":\"https:\\\/\\\/secure.gravatar.com\\\/avatar\\\/053fbaec50cb27b03b880a4b8b018009aa3af995f32011efc3f40a589371d46f?s=96&d=mm&r=g\",\"url\":\"https:\\\/\\\/secure.gravatar.com\\\/avatar\\\/053fbaec50cb27b03b880a4b8b018009aa3af995f32011efc3f40a589371d46f?s=96&d=mm&r=g\",\"contentUrl\":\"https:\\\/\\\/secure.gravatar.com\\\/avatar\\\/053fbaec50cb27b03b880a4b8b018009aa3af995f32011efc3f40a589371d46f?s=96&d=mm&r=g\",\"caption\":\"Sophie\"},\"url\":\"https:\\\/\\\/ecolefermedesbois.ch\\\/?author=2\"}]}<\/script>\n<!-- \/ Yoast SEO plugin. -->","yoast_head_json":{"title":"D\u00e9couverte de l'\u00e9table avec la classe de Claudia Simmons -","robots":{"index":"index","follow":"follow","max-snippet":"max-snippet:-1","max-image-preview":"max-image-preview:large","max-video-preview":"max-video-preview:-1"},"canonical":"https:\/\/ecolefermedesbois.ch\/?p=15424","og_locale":"fr_FR","og_type":"article","og_title":"D\u00e9couverte de l'\u00e9table avec la classe de Claudia Simmons -","og_description":"Vendredi 28 novembre, la ferme a accueilli la classe de Claudia et Milena de Vevey pour une journ\u00e9e tout en&#46;&#46;&#46;","og_url":"https:\/\/ecolefermedesbois.ch\/?p=15424","article_publisher":"https:\/\/www.facebook.com\/ecolefermedesBois","article_published_time":"2025-11-29T13:09:45+00:00","article_modified_time":"2025-12-13T14:41:42+00:00","og_image":[{"width":1500,"height":2000,"url":"https:\/\/ecolefermedesbois.ch\/wp-content\/uploads\/2025\/11\/20251128_114321.jpg","type":"image\/jpeg"}],"author":"Sophie","twitter_card":"summary_large_image","twitter_misc":{"\u00c9crit par":"Sophie","Dur\u00e9e de lecture estim\u00e9e":"5 minutes"},"schema":{"@context":"https:\/\/schema.org","@graph":[{"@type":"Article","@id":"https:\/\/ecolefermedesbois.ch\/?p=15424#article","isPartOf":{"@id":"https:\/\/ecolefermedesbois.ch\/?p=15424"},"author":{"name":"Sophie","@id":"https:\/\/ecolefermedesbois.ch\/#\/schema\/person\/78f5a1c78e958e51240f90932d290908"},"headline":"D\u00e9couverte de l&rsquo;\u00e9table avec la classe de Claudia Simmons","datePublished":"2025-11-29T13:09:45+00:00","dateModified":"2025-12-13T14:41:42+00:00","mainEntityOfPage":{"@id":"https:\/\/ecolefermedesbois.ch\/?p=15424"},"wordCount":645,"commentCount":0,"publisher":{"@id":"https:\/\/ecolefermedesbois.ch\/#organization"},"image":{"@id":"https:\/\/ecolefermedesbois.ch\/?p=15424#primaryimage"},"thumbnailUrl":"https:\/\/i0.wp.com\/ecolefermedesbois.ch\/wp-content\/uploads\/2025\/11\/20251128_114321.jpg?fit=1500%2C2000&ssl=1","articleSection":["Ecole"],"inLanguage":"fr-FR","potentialAction":[{"@type":"CommentAction","name":"Comment","target":["https:\/\/ecolefermedesbois.ch\/?p=15424#respond"]}]},{"@type":"WebPage","@id":"https:\/\/ecolefermedesbois.ch\/?p=15424","url":"https:\/\/ecolefermedesbois.ch\/?p=15424","name":"D\u00e9couverte de l'\u00e9table avec la classe de Claudia Simmons -","isPartOf":{"@id":"https:\/\/ecolefermedesbois.ch\/#website"},"primaryImageOfPage":{"@id":"https:\/\/ecolefermedesbois.ch\/?p=15424#primaryimage"},"image":{"@id":"https:\/\/ecolefermedesbois.ch\/?p=15424#primaryimage"},"thumbnailUrl":"https:\/\/i0.wp.com\/ecolefermedesbois.ch\/wp-content\/uploads\/2025\/11\/20251128_114321.jpg?fit=1500%2C2000&ssl=1","datePublished":"2025-11-29T13:09:45+00:00","dateModified":"2025-12-13T14:41:42+00:00","breadcrumb":{"@id":"https:\/\/ecolefermedesbois.ch\/?p=15424#breadcrumb"},"inLanguage":"fr-FR","potentialAction":[{"@type":"ReadAction","target":["https:\/\/ecolefermedesbois.ch\/?p=15424"]}]},{"@type":"ImageObject","inLanguage":"fr-FR","@id":"https:\/\/ecolefermedesbois.ch\/?p=15424#primaryimage","url":"https:\/\/i0.wp.com\/ecolefermedesbois.ch\/wp-content\/uploads\/2025\/11\/20251128_114321.jpg?fit=1500%2C2000&ssl=1","contentUrl":"https:\/\/i0.wp.com\/ecolefermedesbois.ch\/wp-content\/uploads\/2025\/11\/20251128_114321.jpg?fit=1500%2C2000&ssl=1","width":1500,"height":2000},{"@type":"BreadcrumbList","@id":"https:\/\/ecolefermedesbois.ch\/?p=15424#breadcrumb","itemListElement":[{"@type":"ListItem","position":1,"name":"Accueil","item":"https:\/\/ecolefermedesbois.ch\/"},{"@type":"ListItem","position":2,"name":"D\u00e9couverte de l&rsquo;\u00e9table avec la classe de Claudia Simmons"}]},{"@type":"WebSite","@id":"https:\/\/ecolefermedesbois.ch\/#website","url":"https:\/\/ecolefermedesbois.ch\/","name":"ecolefermedesbois","description":"","publisher":{"@id":"https:\/\/ecolefermedesbois.ch\/#organization"},"potentialAction":[{"@type":"SearchAction","target":{"@type":"EntryPoint","urlTemplate":"https:\/\/ecolefermedesbois.ch\/?s={search_term_string}"},"query-input":{"@type":"PropertyValueSpecification","valueRequired":true,"valueName":"search_term_string"}}],"inLanguage":"fr-FR"},{"@type":"Organization","@id":"https:\/\/ecolefermedesbois.ch\/#organization","name":"Ecole \u00e0 la Ferme des Bois","url":"https:\/\/ecolefermedesbois.ch\/","logo":{"@type":"ImageObject","inLanguage":"fr-FR","@id":"https:\/\/ecolefermedesbois.ch\/#\/schema\/logo\/image\/","url":"https:\/\/ecolefermedesbois.ch\/wp-content\/uploads\/2019\/04\/logo-scaled.gif","contentUrl":"https:\/\/ecolefermedesbois.ch\/wp-content\/uploads\/2019\/04\/logo-scaled.gif","width":2560,"height":608,"caption":"Ecole \u00e0 la Ferme des Bois"},"image":{"@id":"https:\/\/ecolefermedesbois.ch\/#\/schema\/logo\/image\/"},"sameAs":["https:\/\/www.facebook.com\/ecolefermedesBois"]},{"@type":"Person","@id":"https:\/\/ecolefermedesbois.ch\/#\/schema\/person\/78f5a1c78e958e51240f90932d290908","name":"Sophie","image":{"@type":"ImageObject","inLanguage":"fr-FR","@id":"https:\/\/secure.gravatar.com\/avatar\/053fbaec50cb27b03b880a4b8b018009aa3af995f32011efc3f40a589371d46f?s=96&d=mm&r=g","url":"https:\/\/secure.gravatar.com\/avatar\/053fbaec50cb27b03b880a4b8b018009aa3af995f32011efc3f40a589371d46f?s=96&d=mm&r=g","contentUrl":"https:\/\/secure.gravatar.com\/avatar\/053fbaec50cb27b03b880a4b8b018009aa3af995f32011efc3f40a589371d46f?s=96&d=mm&r=g","caption":"Sophie"},"url":"https:\/\/ecolefermedesbois.ch\/?author=2"}]}},"jetpack_publicize_connections":[],"jetpack_featured_media_url":"https:\/\/i0.wp.com\/ecolefermedesbois.ch\/wp-content\/uploads\/2025\/11\/20251128_114321.jpg?fit=1500%2C2000&ssl=1","jetpack_sharing_enabled":true,"_links":{"self":[{"href":"https:\/\/ecolefermedesbois.ch\/index.php?rest_route=\/wp\/v2\/posts\/15424","targetHints":{"allow":["GET"]}}],"collection":[{"href":"https:\/\/ecolefermedesbois.ch\/index.php?rest_route=\/wp\/v2\/posts"}],"about":[{"href":"https:\/\/ecolefermedesbois.ch\/index.php?rest_route=\/wp\/v2\/types\/post"}],"author":[{"embeddable":true,"href":"https:\/\/ecolefermedesbois.ch\/index.php?rest_route=\/wp\/v2\/users\/2"}],"replies":[{"embeddable":true,"href":"https:\/\/ecolefermedesbois.ch\/index.php?rest_route=%2Fwp%2Fv2%2Fcomments&post=15424"}],"version-history":[{"count":2,"href":"https:\/\/ecolefermedesbois.ch\/index.php?rest_route=\/wp\/v2\/posts\/15424\/revisions"}],"predecessor-version":[{"id":15456,"href":"https:\/\/ecolefermedesbois.ch\/index.php?rest_route=\/wp\/v2\/posts\/15424\/revisions\/15456"}],"wp:featuredmedia":[{"embeddable":true,"href":"https:\/\/ecolefermedesbois.ch\/index.php?rest_route=\/wp\/v2\/media\/15428"}],"wp:attachment":[{"href":"https:\/\/ecolefermedesbois.ch\/index.php?rest_route=%2Fwp%2Fv2%2Fmedia&parent=15424"}],"wp:term":[{"taxonomy":"category","embeddable":true,"href":"https:\/\/ecolefermedesbois.ch\/index.php?rest_route=%2Fwp%2Fv2%2Fcategories&post=15424"},{"taxonomy":"post_tag","embeddable":true,"href":"https:\/\/ecolefermedesbois.ch\/index.php?rest_route=%2Fwp%2Fv2%2Ftags&post=15424"}],"curies":[{"name":"wp","href":"https:\/\/api.w.org\/{rel}","templated":true}]}}