{"id":15392,"date":"2025-11-14T15:29:34","date_gmt":"2025-11-14T14:29:34","guid":{"rendered":"https:\/\/ecolefermedesbois.ch\/?p=15392"},"modified":"2025-11-14T15:43:41","modified_gmt":"2025-11-14T14:43:41","slug":"journee-a-letable-la-classe-de-nicole-freers-signer","status":"publish","type":"post","link":"https:\/\/ecolefermedesbois.ch\/?p=15392","title":{"rendered":"Journ\u00e9e \u00e0 l&rsquo;\u00e9table &#8211; la classe de Nicole Freers Signer"},"content":{"rendered":"<div class=\"pdfprnt-buttons pdfprnt-buttons-post pdfprnt-top-right\"><a href=\"https:\/\/ecolefermedesbois.ch\/index.php?rest_route=%2Fwp%2Fv2%2Fposts%2F15392&print=pdf\" class=\"pdfprnt-button pdfprnt-button-pdf\" target=\"_blank\" ><img data-recalc-dims=\"1\" decoding=\"async\" src=\"https:\/\/i0.wp.com\/ecolefermedesbois.ch\/wp-content\/plugins\/pdf-print\/images\/pdf.png?w=720&#038;ssl=1\" alt=\"image_pdf\" title=\"Afficher le PDF\" \/><\/a><a href=\"https:\/\/ecolefermedesbois.ch\/index.php?rest_route=%2Fwp%2Fv2%2Fposts%2F15392&print=print\" class=\"pdfprnt-button pdfprnt-button-print\" target=\"_blank\" ><img data-recalc-dims=\"1\" decoding=\"async\" src=\"https:\/\/i0.wp.com\/ecolefermedesbois.ch\/wp-content\/plugins\/pdf-print\/images\/print.png?w=720&#038;ssl=1\" alt=\"image_print\" title=\"Contenu imprim\u00e9\" \/><\/a><\/div>\n<p>Vendredi 14 novembre, nous avons accueilli la classe de Nicole de Vevey pour une journ\u00e9e riche en d\u00e9couvertes, en cr\u00e9ations gourmandes et en rencontres animali\u00e8res. Une belle immersion dans le quotidien de la ferme !<\/p>\n\n\n\n<p>Un jeu pour entrer dans le th\u00e8me<\/p>\n\n\n\n<p>Nous avons commenc\u00e9 la matin\u00e9e \u00e0 la maison de la ferme, dans une ambiance joyeuse et curieuse. Les enfants ont particip\u00e9 \u00e0 un petit jeu de questions-r\u00e9ponses (oui \/ non) afin d\u2019introduire le th\u00e8me du jour : l\u2019\u00e9table et les animaux qui y vivent. Rires, surprises et hypoth\u00e8ses \u00e0 voix haute ont rapidement mis tout le monde dans l\u2019ambiance.<\/p>\n\n\n\n<p>Atelier cuisine : la confection des cr\u00eapes<\/p>\n\n\n\n<p>Direction ensuite la salle pour se transformer en petits cuisiniers !<br>Les enfants ont particip\u00e9 \u00e0 chaque \u00e9tape de la pr\u00e9paration de la p\u00e2te \u00e0 cr\u00eapes : peser la farine, casser les \u0153ufs, mesurer le lait, ajouter le sel, puis m\u00e9langer le tout avec concentration. <br>Un vrai travail d\u2019\u00e9quipe !<br>Pendant que la p\u00e2te reposait, nous avons quitt\u00e9 les casseroles pour aller \u00e0 la rencontre des animaux.<\/p>\n\n\n\n<p>Rencontre tendre avec les ch\u00e8vres\u2026 et une surprise !<\/p>\n\n\n\n<p>Place maintenant aux ch\u00e8vres : comment elles vivent, ce qu\u2019elles mangent, ce qu\u2019elles produisent, comment leur corps est fait\u2026 Les enfants ont pu constater qu\u2019elles n\u2019ont que deux trayons, et pourtant quatre estomacs, tout comme les vaches.<br>Et puis, le moment le plus attendu : les c\u00e2lins ! Voir les ch\u00e8vres venir grignoter dans les petites mains tendues a provoqu\u00e9 de grands \u00e9clats de rire et des regards \u00e9merveill\u00e9s.<\/p>\n\n\n\n<p>Et comme \u00e0 la ferme, la vie r\u00e9serve parfois de jolies surprises\u2026<\/p>\n\n\n\n<p>Nous avons emmen\u00e9 les enfants rencontrer les lapereaux tout juste n\u00e9s. Petites boules de poils, petites mains d\u00e9licates, chuchotements tendres : un instant doux et pr\u00e9cieux.<\/p>\n\n\n\n<p>Apr\u00e8s ces d\u00e9couvertes, tout le monde s\u2019est r\u00e9gal\u00e9 avec un d\u00e9licieux repas, o\u00f9 les cr\u00eapes pr\u00e9par\u00e9es le matin ont \u00e9t\u00e9 d\u00e9gust\u00e9es avec enthousiasme !<\/p>\n\n\n\n<p>&#8212;<\/p>\n\n\n\n<p>\u00c0 l\u2019\u00e9table : en route avec le tracteur et la chariote<\/p>\n\n\n\n<p>Apr\u00e8s le repas, d\u00e9part en tracteur et chariote jusqu\u2019\u00e0 l\u2019\u00e9table pour retrouver les vaches.<br>Ces coquines \u00e9taient toutes au fond du parc, alors nous avons commenc\u00e9 par observer l\u2019\u00e9table vide, son fonctionnement et l\u2019organisation de la vie des vaches \u00e0 l\u2019int\u00e9rieur.<\/p>\n\n\n\n<p>Deux ateliers pour mieux comprendre le monde des vaches<\/p>\n\n\n\n<p>La visite s\u2019est ensuite poursuivie en deux groupes. Avec moi, nous avons visit\u00e9 : la salle de traite, la chambre \u00e0 lait, puis termin\u00e9 aupr\u00e8s des jeunes veaux, pour un moment c\u00e2lin tout en douceur.<\/p>\n\n\n\n<p>Pendant ce temps, \u00c9milie Faisait d\u00e9couvrir aux les \u00e9l\u00e8ves les membres de sa famille, ce qu\u2019elle produit, le fonctionnement de ses quatre estomacs et les dangers des d\u00e9chets au bord des routes pour leur s\u00e9curit\u00e9 et leur digestion. <br>Avant d\u2019\u00e9changer les groupes afin que chacun vive les m\u00eames d\u00e9couvertes, nous profitons pour aller observer les vaches qui se sont rapproch\u00e9es de l&rsquo;\u00e9table. Les \u00e9l\u00e8ves ont pu les observer de pr\u00e8s, identifier : les pieds, les onglons, les trayons, la forme de leur t\u00eate et de leur corps&#8230;<br>Une magnifique mani\u00e8re de relier la th\u00e9orie et l\u2019observation, en vrai, juste l\u00e0 devant eux.<\/p>\n\n\n\n<p>Et pour finir, les \u00e9l\u00e8ves ont pu traire notre vache \u00e0 Alsace, un bel exercice pour comprendre le geste et le rythme de la traite. <\/p>\n\n\n\n<p>&#8212;<\/p>\n\n\n\n<p>Une journ\u00e9e remplie de sourires, d\u2019\u00e9tonnements et de douceur<\/p>\n\n\n\n<p>Entre cuisine, c\u00e2lins aux animaux, balade en chariote et d\u00e9couvertes passionnantes, la classe de Nicole a v\u00e9cu une journ\u00e9e riche et joyeuse \u00e0 la ferme.<\/p>\n\n\n\n<p>Merci aux enfants pour leur enthousiasme, et \u00e0 l\u2019\u00e9quipe enseignante pour leur accompagnement !<\/p>\n\n\n\n<p>A bient\u00f4t<br>Sophie<\/p>\n\n\n\n<figure class=\"wp-block-gallery has-nested-images columns-default is-cropped wp-block-gallery-1 is-layout-flex wp-block-gallery-is-layout-flex\">\n<figure class=\"wp-block-image size-large\"><img data-recalc-dims=\"1\" fetchpriority=\"high\" decoding=\"async\" width=\"450\" height=\"600\" data-id=\"15396\" src=\"https:\/\/i0.wp.com\/ecolefermedesbois.ch\/wp-content\/uploads\/2025\/11\/20251114_105004.jpg?resize=450%2C600&#038;ssl=1\" alt=\"\" class=\"wp-image-15396\" srcset=\"https:\/\/i0.wp.com\/ecolefermedesbois.ch\/wp-content\/uploads\/2025\/11\/20251114_105004.jpg?resize=450%2C600&amp;ssl=1 450w, https:\/\/i0.wp.com\/ecolefermedesbois.ch\/wp-content\/uploads\/2025\/11\/20251114_105004.jpg?resize=225%2C300&amp;ssl=1 225w, https:\/\/i0.wp.com\/ecolefermedesbois.ch\/wp-content\/uploads\/2025\/11\/20251114_105004.jpg?resize=768%2C1024&amp;ssl=1 768w, https:\/\/i0.wp.com\/ecolefermedesbois.ch\/wp-content\/uploads\/2025\/11\/20251114_105004.jpg?resize=1152%2C1536&amp;ssl=1 1152w, https:\/\/i0.wp.com\/ecolefermedesbois.ch\/wp-content\/uploads\/2025\/11\/20251114_105004.jpg?w=1500&amp;ssl=1 1500w, https:\/\/i0.wp.com\/ecolefermedesbois.ch\/wp-content\/uploads\/2025\/11\/20251114_105004.jpg?w=1440&amp;ssl=1 1440w\" sizes=\"(max-width: 450px) 100vw, 450px\" \/><\/figure>\n\n\n\n<figure class=\"wp-block-image size-large\"><img data-recalc-dims=\"1\" decoding=\"async\" width=\"450\" height=\"600\" data-id=\"15397\" src=\"https:\/\/i0.wp.com\/ecolefermedesbois.ch\/wp-content\/uploads\/2025\/11\/20251114_105012.jpg?resize=450%2C600&#038;ssl=1\" alt=\"\" class=\"wp-image-15397\" srcset=\"https:\/\/i0.wp.com\/ecolefermedesbois.ch\/wp-content\/uploads\/2025\/11\/20251114_105012.jpg?resize=450%2C600&amp;ssl=1 450w, https:\/\/i0.wp.com\/ecolefermedesbois.ch\/wp-content\/uploads\/2025\/11\/20251114_105012.jpg?resize=225%2C300&amp;ssl=1 225w, https:\/\/i0.wp.com\/ecolefermedesbois.ch\/wp-content\/uploads\/2025\/11\/20251114_105012.jpg?resize=768%2C1024&amp;ssl=1 768w, https:\/\/i0.wp.com\/ecolefermedesbois.ch\/wp-content\/uploads\/2025\/11\/20251114_105012.jpg?resize=1152%2C1536&amp;ssl=1 1152w, https:\/\/i0.wp.com\/ecolefermedesbois.ch\/wp-content\/uploads\/2025\/11\/20251114_105012.jpg?w=1500&amp;ssl=1 1500w, https:\/\/i0.wp.com\/ecolefermedesbois.ch\/wp-content\/uploads\/2025\/11\/20251114_105012.jpg?w=1440&amp;ssl=1 1440w\" sizes=\"(max-width: 450px) 100vw, 450px\" \/><\/figure>\n\n\n\n<figure class=\"wp-block-image size-large\"><img data-recalc-dims=\"1\" decoding=\"async\" width=\"600\" height=\"450\" data-id=\"15401\" src=\"https:\/\/i0.wp.com\/ecolefermedesbois.ch\/wp-content\/uploads\/2025\/11\/20251114_111751.jpg?resize=600%2C450&#038;ssl=1\" alt=\"\" class=\"wp-image-15401\" srcset=\"https:\/\/i0.wp.com\/ecolefermedesbois.ch\/wp-content\/uploads\/2025\/11\/20251114_111751.jpg?resize=600%2C450&amp;ssl=1 600w, https:\/\/i0.wp.com\/ecolefermedesbois.ch\/wp-content\/uploads\/2025\/11\/20251114_111751.jpg?resize=300%2C225&amp;ssl=1 300w, https:\/\/i0.wp.com\/ecolefermedesbois.ch\/wp-content\/uploads\/2025\/11\/20251114_111751.jpg?resize=768%2C576&amp;ssl=1 768w, https:\/\/i0.wp.com\/ecolefermedesbois.ch\/wp-content\/uploads\/2025\/11\/20251114_111751.jpg?resize=1536%2C1152&amp;ssl=1 1536w, https:\/\/i0.wp.com\/ecolefermedesbois.ch\/wp-content\/uploads\/2025\/11\/20251114_111751.jpg?w=2000&amp;ssl=1 2000w, https:\/\/i0.wp.com\/ecolefermedesbois.ch\/wp-content\/uploads\/2025\/11\/20251114_111751.jpg?w=1440&amp;ssl=1 1440w\" sizes=\"(max-width: 600px) 100vw, 600px\" \/><\/figure>\n\n\n\n<figure class=\"wp-block-image size-large\"><img data-recalc-dims=\"1\" loading=\"lazy\" decoding=\"async\" width=\"450\" height=\"600\" data-id=\"15398\" src=\"https:\/\/i0.wp.com\/ecolefermedesbois.ch\/wp-content\/uploads\/2025\/11\/20251114_133604.jpg?resize=450%2C600&#038;ssl=1\" alt=\"\" class=\"wp-image-15398\" srcset=\"https:\/\/i0.wp.com\/ecolefermedesbois.ch\/wp-content\/uploads\/2025\/11\/20251114_133604.jpg?resize=450%2C600&amp;ssl=1 450w, https:\/\/i0.wp.com\/ecolefermedesbois.ch\/wp-content\/uploads\/2025\/11\/20251114_133604.jpg?resize=225%2C300&amp;ssl=1 225w, https:\/\/i0.wp.com\/ecolefermedesbois.ch\/wp-content\/uploads\/2025\/11\/20251114_133604.jpg?resize=768%2C1024&amp;ssl=1 768w, https:\/\/i0.wp.com\/ecolefermedesbois.ch\/wp-content\/uploads\/2025\/11\/20251114_133604.jpg?resize=1152%2C1536&amp;ssl=1 1152w, https:\/\/i0.wp.com\/ecolefermedesbois.ch\/wp-content\/uploads\/2025\/11\/20251114_133604.jpg?w=1500&amp;ssl=1 1500w, https:\/\/i0.wp.com\/ecolefermedesbois.ch\/wp-content\/uploads\/2025\/11\/20251114_133604.jpg?w=1440&amp;ssl=1 1440w\" sizes=\"(max-width: 450px) 100vw, 450px\" \/><\/figure>\n\n\n\n<figure class=\"wp-block-image size-large\"><img data-recalc-dims=\"1\" loading=\"lazy\" decoding=\"async\" width=\"450\" height=\"600\" data-id=\"15400\" src=\"https:\/\/i0.wp.com\/ecolefermedesbois.ch\/wp-content\/uploads\/2025\/11\/20251114_135459.jpg?resize=450%2C600&#038;ssl=1\" alt=\"\" class=\"wp-image-15400\" srcset=\"https:\/\/i0.wp.com\/ecolefermedesbois.ch\/wp-content\/uploads\/2025\/11\/20251114_135459.jpg?resize=450%2C600&amp;ssl=1 450w, https:\/\/i0.wp.com\/ecolefermedesbois.ch\/wp-content\/uploads\/2025\/11\/20251114_135459.jpg?resize=225%2C300&amp;ssl=1 225w, https:\/\/i0.wp.com\/ecolefermedesbois.ch\/wp-content\/uploads\/2025\/11\/20251114_135459.jpg?resize=768%2C1024&amp;ssl=1 768w, https:\/\/i0.wp.com\/ecolefermedesbois.ch\/wp-content\/uploads\/2025\/11\/20251114_135459.jpg?resize=1152%2C1536&amp;ssl=1 1152w, https:\/\/i0.wp.com\/ecolefermedesbois.ch\/wp-content\/uploads\/2025\/11\/20251114_135459.jpg?w=1500&amp;ssl=1 1500w, https:\/\/i0.wp.com\/ecolefermedesbois.ch\/wp-content\/uploads\/2025\/11\/20251114_135459.jpg?w=1440&amp;ssl=1 1440w\" sizes=\"(max-width: 450px) 100vw, 450px\" \/><\/figure>\n\n\n\n<figure class=\"wp-block-image size-large\"><img data-recalc-dims=\"1\" loading=\"lazy\" decoding=\"async\" width=\"450\" height=\"600\" data-id=\"15399\" src=\"https:\/\/i0.wp.com\/ecolefermedesbois.ch\/wp-content\/uploads\/2025\/11\/20251114_141521.jpg?resize=450%2C600&#038;ssl=1\" alt=\"\" class=\"wp-image-15399\" srcset=\"https:\/\/i0.wp.com\/ecolefermedesbois.ch\/wp-content\/uploads\/2025\/11\/20251114_141521-rotated.jpg?resize=450%2C600&amp;ssl=1 450w, https:\/\/i0.wp.com\/ecolefermedesbois.ch\/wp-content\/uploads\/2025\/11\/20251114_141521-rotated.jpg?resize=225%2C300&amp;ssl=1 225w, https:\/\/i0.wp.com\/ecolefermedesbois.ch\/wp-content\/uploads\/2025\/11\/20251114_141521-rotated.jpg?resize=768%2C1024&amp;ssl=1 768w, https:\/\/i0.wp.com\/ecolefermedesbois.ch\/wp-content\/uploads\/2025\/11\/20251114_141521-rotated.jpg?resize=1152%2C1536&amp;ssl=1 1152w, https:\/\/i0.wp.com\/ecolefermedesbois.ch\/wp-content\/uploads\/2025\/11\/20251114_141521-rotated.jpg?w=1500&amp;ssl=1 1500w, https:\/\/i0.wp.com\/ecolefermedesbois.ch\/wp-content\/uploads\/2025\/11\/20251114_141521-rotated.jpg?w=1440&amp;ssl=1 1440w\" sizes=\"(max-width: 450px) 100vw, 450px\" \/><\/figure>\n<\/figure>\n","protected":false},"excerpt":{"rendered":"<p>Vendredi 14 novembre, nous avons accueilli la classe de Nicole de Vevey pour une journ\u00e9e riche en d\u00e9couvertes, en cr\u00e9ations&#46;&#46;&#46;<\/p>\n","protected":false},"author":2,"featured_media":15399,"comment_status":"open","ping_status":"open","sticky":false,"template":"","format":"standard","meta":{"jetpack_post_was_ever_published":false,"footnotes":"","jetpack_publicize_message":"","jetpack_publicize_feature_enabled":true,"jetpack_social_post_already_shared":true,"jetpack_social_options":{"image_generator_settings":{"template":"highway","default_image_id":0,"font":"","enabled":false},"version":2}},"categories":[33],"tags":[],"class_list":["post-15392","post","type-post","status-publish","format-standard","has-post-thumbnail","hentry","category-ecole"],"yoast_head":"<!-- This site is optimized with the Yoast SEO plugin v27.5 - https:\/\/yoast.com\/product\/yoast-seo-wordpress\/ -->\n<title>Journ\u00e9e \u00e0 l&#039;\u00e9table - la classe de Nicole Freers Signer -<\/title>\n<meta name=\"robots\" content=\"index, follow, max-snippet:-1, max-image-preview:large, max-video-preview:-1\" \/>\n<link rel=\"canonical\" href=\"https:\/\/ecolefermedesbois.ch\/?p=15392\" \/>\n<meta property=\"og:locale\" content=\"fr_FR\" \/>\n<meta property=\"og:type\" content=\"article\" \/>\n<meta property=\"og:title\" content=\"Journ\u00e9e \u00e0 l&#039;\u00e9table - la classe de Nicole Freers Signer -\" \/>\n<meta property=\"og:description\" content=\"Vendredi 14 novembre, nous avons accueilli la classe de Nicole de Vevey pour une journ\u00e9e riche en d\u00e9couvertes, en cr\u00e9ations&#046;&#046;&#046;\" \/>\n<meta property=\"og:url\" content=\"https:\/\/ecolefermedesbois.ch\/?p=15392\" \/>\n<meta property=\"article:publisher\" content=\"https:\/\/www.facebook.com\/ecolefermedesBois\" \/>\n<meta property=\"article:published_time\" content=\"2025-11-14T14:29:34+00:00\" \/>\n<meta property=\"article:modified_time\" content=\"2025-11-14T14:43:41+00:00\" \/>\n<meta property=\"og:image\" content=\"https:\/\/ecolefermedesbois.ch\/wp-content\/uploads\/2025\/11\/20251114_141521-rotated.jpg\" \/>\n\t<meta property=\"og:image:width\" content=\"1500\" \/>\n\t<meta property=\"og:image:height\" content=\"2000\" \/>\n\t<meta property=\"og:image:type\" content=\"image\/jpeg\" \/>\n<meta name=\"author\" content=\"Sophie\" \/>\n<meta name=\"twitter:card\" content=\"summary_large_image\" \/>\n<meta name=\"twitter:label1\" content=\"\u00c9crit par\" \/>\n\t<meta name=\"twitter:data1\" content=\"Sophie\" \/>\n\t<meta name=\"twitter:label2\" content=\"Dur\u00e9e de lecture estim\u00e9e\" \/>\n\t<meta name=\"twitter:data2\" content=\"5 minutes\" \/>\n<script type=\"application\/ld+json\" class=\"yoast-schema-graph\">{\"@context\":\"https:\\\/\\\/schema.org\",\"@graph\":[{\"@type\":\"Article\",\"@id\":\"https:\\\/\\\/ecolefermedesbois.ch\\\/?p=15392#article\",\"isPartOf\":{\"@id\":\"https:\\\/\\\/ecolefermedesbois.ch\\\/?p=15392\"},\"author\":{\"name\":\"Sophie\",\"@id\":\"https:\\\/\\\/ecolefermedesbois.ch\\\/#\\\/schema\\\/person\\\/78f5a1c78e958e51240f90932d290908\"},\"headline\":\"Journ\u00e9e \u00e0 l&rsquo;\u00e9table &#8211; la classe de Nicole Freers Signer\",\"datePublished\":\"2025-11-14T14:29:34+00:00\",\"dateModified\":\"2025-11-14T14:43:41+00:00\",\"mainEntityOfPage\":{\"@id\":\"https:\\\/\\\/ecolefermedesbois.ch\\\/?p=15392\"},\"wordCount\":648,\"commentCount\":0,\"publisher\":{\"@id\":\"https:\\\/\\\/ecolefermedesbois.ch\\\/#organization\"},\"image\":{\"@id\":\"https:\\\/\\\/ecolefermedesbois.ch\\\/?p=15392#primaryimage\"},\"thumbnailUrl\":\"https:\\\/\\\/i0.wp.com\\\/ecolefermedesbois.ch\\\/wp-content\\\/uploads\\\/2025\\\/11\\\/20251114_141521-rotated.jpg?fit=1500%2C2000&ssl=1\",\"articleSection\":[\"Ecole\"],\"inLanguage\":\"fr-FR\",\"potentialAction\":[{\"@type\":\"CommentAction\",\"name\":\"Comment\",\"target\":[\"https:\\\/\\\/ecolefermedesbois.ch\\\/?p=15392#respond\"]}]},{\"@type\":\"WebPage\",\"@id\":\"https:\\\/\\\/ecolefermedesbois.ch\\\/?p=15392\",\"url\":\"https:\\\/\\\/ecolefermedesbois.ch\\\/?p=15392\",\"name\":\"Journ\u00e9e \u00e0 l'\u00e9table - la classe de Nicole Freers Signer -\",\"isPartOf\":{\"@id\":\"https:\\\/\\\/ecolefermedesbois.ch\\\/#website\"},\"primaryImageOfPage\":{\"@id\":\"https:\\\/\\\/ecolefermedesbois.ch\\\/?p=15392#primaryimage\"},\"image\":{\"@id\":\"https:\\\/\\\/ecolefermedesbois.ch\\\/?p=15392#primaryimage\"},\"thumbnailUrl\":\"https:\\\/\\\/i0.wp.com\\\/ecolefermedesbois.ch\\\/wp-content\\\/uploads\\\/2025\\\/11\\\/20251114_141521-rotated.jpg?fit=1500%2C2000&ssl=1\",\"datePublished\":\"2025-11-14T14:29:34+00:00\",\"dateModified\":\"2025-11-14T14:43:41+00:00\",\"breadcrumb\":{\"@id\":\"https:\\\/\\\/ecolefermedesbois.ch\\\/?p=15392#breadcrumb\"},\"inLanguage\":\"fr-FR\",\"potentialAction\":[{\"@type\":\"ReadAction\",\"target\":[\"https:\\\/\\\/ecolefermedesbois.ch\\\/?p=15392\"]}]},{\"@type\":\"ImageObject\",\"inLanguage\":\"fr-FR\",\"@id\":\"https:\\\/\\\/ecolefermedesbois.ch\\\/?p=15392#primaryimage\",\"url\":\"https:\\\/\\\/i0.wp.com\\\/ecolefermedesbois.ch\\\/wp-content\\\/uploads\\\/2025\\\/11\\\/20251114_141521-rotated.jpg?fit=1500%2C2000&ssl=1\",\"contentUrl\":\"https:\\\/\\\/i0.wp.com\\\/ecolefermedesbois.ch\\\/wp-content\\\/uploads\\\/2025\\\/11\\\/20251114_141521-rotated.jpg?fit=1500%2C2000&ssl=1\",\"width\":1500,\"height\":2000},{\"@type\":\"BreadcrumbList\",\"@id\":\"https:\\\/\\\/ecolefermedesbois.ch\\\/?p=15392#breadcrumb\",\"itemListElement\":[{\"@type\":\"ListItem\",\"position\":1,\"name\":\"Accueil\",\"item\":\"https:\\\/\\\/ecolefermedesbois.ch\\\/\"},{\"@type\":\"ListItem\",\"position\":2,\"name\":\"Journ\u00e9e \u00e0 l&rsquo;\u00e9table &#8211; la classe de Nicole Freers Signer\"}]},{\"@type\":\"WebSite\",\"@id\":\"https:\\\/\\\/ecolefermedesbois.ch\\\/#website\",\"url\":\"https:\\\/\\\/ecolefermedesbois.ch\\\/\",\"name\":\"ecolefermedesbois\",\"description\":\"\",\"publisher\":{\"@id\":\"https:\\\/\\\/ecolefermedesbois.ch\\\/#organization\"},\"potentialAction\":[{\"@type\":\"SearchAction\",\"target\":{\"@type\":\"EntryPoint\",\"urlTemplate\":\"https:\\\/\\\/ecolefermedesbois.ch\\\/?s={search_term_string}\"},\"query-input\":{\"@type\":\"PropertyValueSpecification\",\"valueRequired\":true,\"valueName\":\"search_term_string\"}}],\"inLanguage\":\"fr-FR\"},{\"@type\":\"Organization\",\"@id\":\"https:\\\/\\\/ecolefermedesbois.ch\\\/#organization\",\"name\":\"Ecole \u00e0 la Ferme des Bois\",\"url\":\"https:\\\/\\\/ecolefermedesbois.ch\\\/\",\"logo\":{\"@type\":\"ImageObject\",\"inLanguage\":\"fr-FR\",\"@id\":\"https:\\\/\\\/ecolefermedesbois.ch\\\/#\\\/schema\\\/logo\\\/image\\\/\",\"url\":\"https:\\\/\\\/ecolefermedesbois.ch\\\/wp-content\\\/uploads\\\/2019\\\/04\\\/logo-scaled.gif\",\"contentUrl\":\"https:\\\/\\\/ecolefermedesbois.ch\\\/wp-content\\\/uploads\\\/2019\\\/04\\\/logo-scaled.gif\",\"width\":2560,\"height\":608,\"caption\":\"Ecole \u00e0 la Ferme des Bois\"},\"image\":{\"@id\":\"https:\\\/\\\/ecolefermedesbois.ch\\\/#\\\/schema\\\/logo\\\/image\\\/\"},\"sameAs\":[\"https:\\\/\\\/www.facebook.com\\\/ecolefermedesBois\"]},{\"@type\":\"Person\",\"@id\":\"https:\\\/\\\/ecolefermedesbois.ch\\\/#\\\/schema\\\/person\\\/78f5a1c78e958e51240f90932d290908\",\"name\":\"Sophie\",\"image\":{\"@type\":\"ImageObject\",\"inLanguage\":\"fr-FR\",\"@id\":\"https:\\\/\\\/secure.gravatar.com\\\/avatar\\\/053fbaec50cb27b03b880a4b8b018009aa3af995f32011efc3f40a589371d46f?s=96&d=mm&r=g\",\"url\":\"https:\\\/\\\/secure.gravatar.com\\\/avatar\\\/053fbaec50cb27b03b880a4b8b018009aa3af995f32011efc3f40a589371d46f?s=96&d=mm&r=g\",\"contentUrl\":\"https:\\\/\\\/secure.gravatar.com\\\/avatar\\\/053fbaec50cb27b03b880a4b8b018009aa3af995f32011efc3f40a589371d46f?s=96&d=mm&r=g\",\"caption\":\"Sophie\"},\"url\":\"https:\\\/\\\/ecolefermedesbois.ch\\\/?author=2\"}]}<\/script>\n<!-- \/ Yoast SEO plugin. -->","yoast_head_json":{"title":"Journ\u00e9e \u00e0 l'\u00e9table - la classe de Nicole Freers Signer -","robots":{"index":"index","follow":"follow","max-snippet":"max-snippet:-1","max-image-preview":"max-image-preview:large","max-video-preview":"max-video-preview:-1"},"canonical":"https:\/\/ecolefermedesbois.ch\/?p=15392","og_locale":"fr_FR","og_type":"article","og_title":"Journ\u00e9e \u00e0 l'\u00e9table - la classe de Nicole Freers Signer -","og_description":"Vendredi 14 novembre, nous avons accueilli la classe de Nicole de Vevey pour une journ\u00e9e riche en d\u00e9couvertes, en cr\u00e9ations&#46;&#46;&#46;","og_url":"https:\/\/ecolefermedesbois.ch\/?p=15392","article_publisher":"https:\/\/www.facebook.com\/ecolefermedesBois","article_published_time":"2025-11-14T14:29:34+00:00","article_modified_time":"2025-11-14T14:43:41+00:00","og_image":[{"width":1500,"height":2000,"url":"https:\/\/ecolefermedesbois.ch\/wp-content\/uploads\/2025\/11\/20251114_141521-rotated.jpg","type":"image\/jpeg"}],"author":"Sophie","twitter_card":"summary_large_image","twitter_misc":{"\u00c9crit par":"Sophie","Dur\u00e9e de lecture estim\u00e9e":"5 minutes"},"schema":{"@context":"https:\/\/schema.org","@graph":[{"@type":"Article","@id":"https:\/\/ecolefermedesbois.ch\/?p=15392#article","isPartOf":{"@id":"https:\/\/ecolefermedesbois.ch\/?p=15392"},"author":{"name":"Sophie","@id":"https:\/\/ecolefermedesbois.ch\/#\/schema\/person\/78f5a1c78e958e51240f90932d290908"},"headline":"Journ\u00e9e \u00e0 l&rsquo;\u00e9table &#8211; la classe de Nicole Freers Signer","datePublished":"2025-11-14T14:29:34+00:00","dateModified":"2025-11-14T14:43:41+00:00","mainEntityOfPage":{"@id":"https:\/\/ecolefermedesbois.ch\/?p=15392"},"wordCount":648,"commentCount":0,"publisher":{"@id":"https:\/\/ecolefermedesbois.ch\/#organization"},"image":{"@id":"https:\/\/ecolefermedesbois.ch\/?p=15392#primaryimage"},"thumbnailUrl":"https:\/\/i0.wp.com\/ecolefermedesbois.ch\/wp-content\/uploads\/2025\/11\/20251114_141521-rotated.jpg?fit=1500%2C2000&ssl=1","articleSection":["Ecole"],"inLanguage":"fr-FR","potentialAction":[{"@type":"CommentAction","name":"Comment","target":["https:\/\/ecolefermedesbois.ch\/?p=15392#respond"]}]},{"@type":"WebPage","@id":"https:\/\/ecolefermedesbois.ch\/?p=15392","url":"https:\/\/ecolefermedesbois.ch\/?p=15392","name":"Journ\u00e9e \u00e0 l'\u00e9table - la classe de Nicole Freers Signer -","isPartOf":{"@id":"https:\/\/ecolefermedesbois.ch\/#website"},"primaryImageOfPage":{"@id":"https:\/\/ecolefermedesbois.ch\/?p=15392#primaryimage"},"image":{"@id":"https:\/\/ecolefermedesbois.ch\/?p=15392#primaryimage"},"thumbnailUrl":"https:\/\/i0.wp.com\/ecolefermedesbois.ch\/wp-content\/uploads\/2025\/11\/20251114_141521-rotated.jpg?fit=1500%2C2000&ssl=1","datePublished":"2025-11-14T14:29:34+00:00","dateModified":"2025-11-14T14:43:41+00:00","breadcrumb":{"@id":"https:\/\/ecolefermedesbois.ch\/?p=15392#breadcrumb"},"inLanguage":"fr-FR","potentialAction":[{"@type":"ReadAction","target":["https:\/\/ecolefermedesbois.ch\/?p=15392"]}]},{"@type":"ImageObject","inLanguage":"fr-FR","@id":"https:\/\/ecolefermedesbois.ch\/?p=15392#primaryimage","url":"https:\/\/i0.wp.com\/ecolefermedesbois.ch\/wp-content\/uploads\/2025\/11\/20251114_141521-rotated.jpg?fit=1500%2C2000&ssl=1","contentUrl":"https:\/\/i0.wp.com\/ecolefermedesbois.ch\/wp-content\/uploads\/2025\/11\/20251114_141521-rotated.jpg?fit=1500%2C2000&ssl=1","width":1500,"height":2000},{"@type":"BreadcrumbList","@id":"https:\/\/ecolefermedesbois.ch\/?p=15392#breadcrumb","itemListElement":[{"@type":"ListItem","position":1,"name":"Accueil","item":"https:\/\/ecolefermedesbois.ch\/"},{"@type":"ListItem","position":2,"name":"Journ\u00e9e \u00e0 l&rsquo;\u00e9table &#8211; la classe de Nicole Freers Signer"}]},{"@type":"WebSite","@id":"https:\/\/ecolefermedesbois.ch\/#website","url":"https:\/\/ecolefermedesbois.ch\/","name":"ecolefermedesbois","description":"","publisher":{"@id":"https:\/\/ecolefermedesbois.ch\/#organization"},"potentialAction":[{"@type":"SearchAction","target":{"@type":"EntryPoint","urlTemplate":"https:\/\/ecolefermedesbois.ch\/?s={search_term_string}"},"query-input":{"@type":"PropertyValueSpecification","valueRequired":true,"valueName":"search_term_string"}}],"inLanguage":"fr-FR"},{"@type":"Organization","@id":"https:\/\/ecolefermedesbois.ch\/#organization","name":"Ecole \u00e0 la Ferme des Bois","url":"https:\/\/ecolefermedesbois.ch\/","logo":{"@type":"ImageObject","inLanguage":"fr-FR","@id":"https:\/\/ecolefermedesbois.ch\/#\/schema\/logo\/image\/","url":"https:\/\/ecolefermedesbois.ch\/wp-content\/uploads\/2019\/04\/logo-scaled.gif","contentUrl":"https:\/\/ecolefermedesbois.ch\/wp-content\/uploads\/2019\/04\/logo-scaled.gif","width":2560,"height":608,"caption":"Ecole \u00e0 la Ferme des Bois"},"image":{"@id":"https:\/\/ecolefermedesbois.ch\/#\/schema\/logo\/image\/"},"sameAs":["https:\/\/www.facebook.com\/ecolefermedesBois"]},{"@type":"Person","@id":"https:\/\/ecolefermedesbois.ch\/#\/schema\/person\/78f5a1c78e958e51240f90932d290908","name":"Sophie","image":{"@type":"ImageObject","inLanguage":"fr-FR","@id":"https:\/\/secure.gravatar.com\/avatar\/053fbaec50cb27b03b880a4b8b018009aa3af995f32011efc3f40a589371d46f?s=96&d=mm&r=g","url":"https:\/\/secure.gravatar.com\/avatar\/053fbaec50cb27b03b880a4b8b018009aa3af995f32011efc3f40a589371d46f?s=96&d=mm&r=g","contentUrl":"https:\/\/secure.gravatar.com\/avatar\/053fbaec50cb27b03b880a4b8b018009aa3af995f32011efc3f40a589371d46f?s=96&d=mm&r=g","caption":"Sophie"},"url":"https:\/\/ecolefermedesbois.ch\/?author=2"}]}},"jetpack_publicize_connections":[],"jetpack_featured_media_url":"https:\/\/i0.wp.com\/ecolefermedesbois.ch\/wp-content\/uploads\/2025\/11\/20251114_141521-rotated.jpg?fit=1500%2C2000&ssl=1","jetpack_sharing_enabled":true,"_links":{"self":[{"href":"https:\/\/ecolefermedesbois.ch\/index.php?rest_route=\/wp\/v2\/posts\/15392","targetHints":{"allow":["GET"]}}],"collection":[{"href":"https:\/\/ecolefermedesbois.ch\/index.php?rest_route=\/wp\/v2\/posts"}],"about":[{"href":"https:\/\/ecolefermedesbois.ch\/index.php?rest_route=\/wp\/v2\/types\/post"}],"author":[{"embeddable":true,"href":"https:\/\/ecolefermedesbois.ch\/index.php?rest_route=\/wp\/v2\/users\/2"}],"replies":[{"embeddable":true,"href":"https:\/\/ecolefermedesbois.ch\/index.php?rest_route=%2Fwp%2Fv2%2Fcomments&post=15392"}],"version-history":[{"count":2,"href":"https:\/\/ecolefermedesbois.ch\/index.php?rest_route=\/wp\/v2\/posts\/15392\/revisions"}],"predecessor-version":[{"id":15402,"href":"https:\/\/ecolefermedesbois.ch\/index.php?rest_route=\/wp\/v2\/posts\/15392\/revisions\/15402"}],"wp:featuredmedia":[{"embeddable":true,"href":"https:\/\/ecolefermedesbois.ch\/index.php?rest_route=\/wp\/v2\/media\/15399"}],"wp:attachment":[{"href":"https:\/\/ecolefermedesbois.ch\/index.php?rest_route=%2Fwp%2Fv2%2Fmedia&parent=15392"}],"wp:term":[{"taxonomy":"category","embeddable":true,"href":"https:\/\/ecolefermedesbois.ch\/index.php?rest_route=%2Fwp%2Fv2%2Fcategories&post=15392"},{"taxonomy":"post_tag","embeddable":true,"href":"https:\/\/ecolefermedesbois.ch\/index.php?rest_route=%2Fwp%2Fv2%2Ftags&post=15392"}],"curies":[{"name":"wp","href":"https:\/\/api.w.org\/{rel}","templated":true}]}}