{"id":15380,"date":"2025-11-14T15:26:15","date_gmt":"2025-11-14T14:26:15","guid":{"rendered":"https:\/\/ecolefermedesbois.ch\/?p=15380"},"modified":"2025-11-14T15:26:18","modified_gmt":"2025-11-14T14:26:18","slug":"matinee-a-letable-classe-de-marielle-rupp","status":"publish","type":"post","link":"https:\/\/ecolefermedesbois.ch\/?p=15380","title":{"rendered":"Matin\u00e9e \u00e0 l&rsquo;\u00e9table &#8211; classe de Marielle Rupp"},"content":{"rendered":"<div class=\"pdfprnt-buttons pdfprnt-buttons-post pdfprnt-top-right\"><a href=\"https:\/\/ecolefermedesbois.ch\/index.php?rest_route=%2Fwp%2Fv2%2Fposts%2F15380&print=pdf\" class=\"pdfprnt-button pdfprnt-button-pdf\" target=\"_blank\" ><img data-recalc-dims=\"1\" decoding=\"async\" src=\"https:\/\/i0.wp.com\/ecolefermedesbois.ch\/wp-content\/plugins\/pdf-print\/images\/pdf.png?w=720&#038;ssl=1\" alt=\"image_pdf\" title=\"Afficher le PDF\" \/><\/a><a href=\"https:\/\/ecolefermedesbois.ch\/index.php?rest_route=%2Fwp%2Fv2%2Fposts%2F15380&print=print\" class=\"pdfprnt-button pdfprnt-button-print\" target=\"_blank\" ><img data-recalc-dims=\"1\" decoding=\"async\" src=\"https:\/\/i0.wp.com\/ecolefermedesbois.ch\/wp-content\/plugins\/pdf-print\/images\/print.png?w=720&#038;ssl=1\" alt=\"image_print\" title=\"Contenu imprim\u00e9\" \/><\/a><\/div>\n<p>Jeudi matin, nous avons eu le plaisir d\u2019accueillir la classe de Marielle de Corseaux pour une d\u00e9couverte de l&rsquo;\u00e9table et du monde des vaches. Apr\u00e8s un petit moment d\u2019accueil et la distribution des badges, les enfants \u00e9taient pr\u00eats \u00e0 partir \u00e0 l\u2019aventure !<\/p>\n\n\n\n<p>\u00c0 la rencontre des vaches<\/p>\n\n\n\n<p>Nous nous sommes d\u2019abord rendus aupr\u00e8s des vaches. Les enfants ont appris comment bien s\u2019approcher, tout en respectant leur espace. Je leur ai expliqu\u00e9 que certaines vaches n\u2019aimaient pas trop les \u201cc\u00e2lins\u201d et pouvaient pousser de la t\u00eate pour pr\u00e9venir. Puis, chacun a pu, \u00e0 son rythme, s\u2019approcher et m\u00eame caresser une vache. Beaucoup de regards \u00e9merveill\u00e9s et quelques petits rires un peu impressionn\u00e9s !<\/p>\n\n\n\n<p>D\u00e9couverte de la salle de traite et des petits veaux<\/p>\n\n\n\n<p>Ensuite, nous avons form\u00e9 deux groupes.<br>Avec moi, les enfants ont d\u00e9couvert la salle de traite, son fonctionnement, et les moments de la journ\u00e9e o\u00f9 l\u2019on trait les vaches. Nous avons suivi ensemble le trajet du lait jusqu\u2019\u00e0 la chambre \u00e0 lait, avant de parler de sa destination : la laiterie d&rsquo;Ecoteaux, o\u00f9 il se transforme en gruy\u00e8re, yogourts, lait\u2026 Un vrai voyage gourmand !<\/p>\n\n\n\n<p>Nous avons termin\u00e9 aupr\u00e8s des jeunes veaux. Les yeux p\u00e9tillaient, les mains se tendaient doucement : c\u00e2lins, caresses, regards attendris\u2026 un moment que beaucoup n\u2019oublieront pas.<\/p>\n\n\n\n<p>Pendant ce temps, l\u2019autre groupe \u00e9tait avec \u00c9milie, pour d\u00e9couvrir la grande famille de la vache : son alimentation, ses besoins, ce qu\u2019elle nous offre en \u00e9change, et son r\u00f4le pr\u00e9cieux dans notre quotidien.<br>Puis, comme toujours, \u00e9change des groupes pour que chacun vive la m\u00eame exp\u00e9rience.<\/p>\n\n\n\n<p>Les quatre estomacs et les dangers des d\u00e9chets<\/p>\n\n\n\n<p>Une fois r\u00e9unis, nous avons parl\u00e9 du syst\u00e8me digestif de la vache, et notamment de ses quatre estomacs. Les enfants ont d\u00e9couvert \u00e0 quel point cet animal est sensible \u00e0 ce qu\u2019il ing\u00e8re.<\/p>\n\n\n\n<p>Nous avons aussi abord\u00e9 un sujet important : les d\u00e9chets jet\u00e9s dans la nature. Une canette de m\u00e9tal, un sachet de d\u00e9jections canines\u2026 Si une vache les avale, les cons\u00e9quences sont dramatiques. Les enfants ont bien compris le message : prot\u00e9ger la nature, c\u2019est aussi prot\u00e9ger les animaux.<\/p>\n\n\n\n<p>Fabriquer son beurre\u2026 ou presque !<\/p>\n\n\n\n<p>Place \u00e0 la pratique et \u00e0 la gourmandise !<br>Deux pots de cr\u00e8me, de l\u2019\u00e9nergie dans les bras\u2026 et c\u2019est parti pour secouer, secouer, secouer ! Nous avons du vrai beurre maison pour tartiner de bonnes tranches de pain. Pendant que je pr\u00e9parais les tartines, les enfants se sont amus\u00e9s \u00e0 traire la vache en bois Alsace, un moment tr\u00e8s appr\u00e9ci\u00e9.<\/p>\n\n\n\n<p>C\u00e2lins chez les ch\u00e8vres<\/p>\n\n\n\n<p>Pour terminer la matin\u00e9e, nous avons pris le tracteur et la chariote en direction de la ferme des Bois. L\u00e0, les enfants ont rencontr\u00e9 les ch\u00e8vres, d\u00e9couvert leurs particularit\u00e9s\u2026 et bien s\u00fbr, distribu\u00e9 une bonne dose de c\u00e2lins.<\/p>\n\n\n\n<p>Merci pour cette belle matin\u00e9e les enfants, pour votre curiosit\u00e9, votre joie d\u2019\u00eatre l\u00e0 et votre enthousiasme.<br>Merci Marielle et Ena ainsi que Emily et Jamy nos jeunes participant \u00e0 la journ\u00e9e JOM pour votre accompagnement tout au long de la matin\u00e9e.<\/p>\n\n\n\n<p>A bient\u00f4t<br>Sophie<\/p>\n\n\n\n<figure class=\"wp-block-gallery has-nested-images columns-default is-cropped wp-block-gallery-1 is-layout-flex wp-block-gallery-is-layout-flex\">\n<figure class=\"wp-block-image size-large\"><img data-recalc-dims=\"1\" fetchpriority=\"high\" decoding=\"async\" width=\"600\" height=\"450\" data-id=\"15381\" src=\"https:\/\/i0.wp.com\/ecolefermedesbois.ch\/wp-content\/uploads\/2025\/11\/20251113_095546.jpg?resize=600%2C450&#038;ssl=1\" alt=\"\" class=\"wp-image-15381\" srcset=\"https:\/\/i0.wp.com\/ecolefermedesbois.ch\/wp-content\/uploads\/2025\/11\/20251113_095546.jpg?resize=600%2C450&amp;ssl=1 600w, https:\/\/i0.wp.com\/ecolefermedesbois.ch\/wp-content\/uploads\/2025\/11\/20251113_095546.jpg?resize=300%2C225&amp;ssl=1 300w, https:\/\/i0.wp.com\/ecolefermedesbois.ch\/wp-content\/uploads\/2025\/11\/20251113_095546.jpg?resize=768%2C576&amp;ssl=1 768w, https:\/\/i0.wp.com\/ecolefermedesbois.ch\/wp-content\/uploads\/2025\/11\/20251113_095546.jpg?resize=1536%2C1152&amp;ssl=1 1536w, https:\/\/i0.wp.com\/ecolefermedesbois.ch\/wp-content\/uploads\/2025\/11\/20251113_095546.jpg?w=2000&amp;ssl=1 2000w, https:\/\/i0.wp.com\/ecolefermedesbois.ch\/wp-content\/uploads\/2025\/11\/20251113_095546.jpg?w=1440&amp;ssl=1 1440w\" sizes=\"(max-width: 600px) 100vw, 600px\" \/><\/figure>\n\n\n\n<figure class=\"wp-block-image size-large\"><img data-recalc-dims=\"1\" decoding=\"async\" width=\"450\" height=\"600\" data-id=\"15384\" src=\"https:\/\/i0.wp.com\/ecolefermedesbois.ch\/wp-content\/uploads\/2025\/11\/20251113_101126.jpg?resize=450%2C600&#038;ssl=1\" alt=\"\" class=\"wp-image-15384\" srcset=\"https:\/\/i0.wp.com\/ecolefermedesbois.ch\/wp-content\/uploads\/2025\/11\/20251113_101126.jpg?resize=450%2C600&amp;ssl=1 450w, https:\/\/i0.wp.com\/ecolefermedesbois.ch\/wp-content\/uploads\/2025\/11\/20251113_101126.jpg?resize=225%2C300&amp;ssl=1 225w, https:\/\/i0.wp.com\/ecolefermedesbois.ch\/wp-content\/uploads\/2025\/11\/20251113_101126.jpg?resize=768%2C1024&amp;ssl=1 768w, https:\/\/i0.wp.com\/ecolefermedesbois.ch\/wp-content\/uploads\/2025\/11\/20251113_101126.jpg?resize=1152%2C1536&amp;ssl=1 1152w, https:\/\/i0.wp.com\/ecolefermedesbois.ch\/wp-content\/uploads\/2025\/11\/20251113_101126.jpg?w=1500&amp;ssl=1 1500w, https:\/\/i0.wp.com\/ecolefermedesbois.ch\/wp-content\/uploads\/2025\/11\/20251113_101126.jpg?w=1440&amp;ssl=1 1440w\" sizes=\"(max-width: 450px) 100vw, 450px\" \/><\/figure>\n\n\n\n<figure class=\"wp-block-image size-large\"><img data-recalc-dims=\"1\" decoding=\"async\" width=\"450\" height=\"600\" data-id=\"15385\" src=\"https:\/\/i0.wp.com\/ecolefermedesbois.ch\/wp-content\/uploads\/2025\/11\/20251113_102822.jpg?resize=450%2C600&#038;ssl=1\" alt=\"\" class=\"wp-image-15385\" srcset=\"https:\/\/i0.wp.com\/ecolefermedesbois.ch\/wp-content\/uploads\/2025\/11\/20251113_102822.jpg?resize=450%2C600&amp;ssl=1 450w, https:\/\/i0.wp.com\/ecolefermedesbois.ch\/wp-content\/uploads\/2025\/11\/20251113_102822.jpg?resize=225%2C300&amp;ssl=1 225w, https:\/\/i0.wp.com\/ecolefermedesbois.ch\/wp-content\/uploads\/2025\/11\/20251113_102822.jpg?resize=768%2C1024&amp;ssl=1 768w, https:\/\/i0.wp.com\/ecolefermedesbois.ch\/wp-content\/uploads\/2025\/11\/20251113_102822.jpg?resize=1152%2C1536&amp;ssl=1 1152w, https:\/\/i0.wp.com\/ecolefermedesbois.ch\/wp-content\/uploads\/2025\/11\/20251113_102822.jpg?w=1500&amp;ssl=1 1500w, https:\/\/i0.wp.com\/ecolefermedesbois.ch\/wp-content\/uploads\/2025\/11\/20251113_102822.jpg?w=1440&amp;ssl=1 1440w\" sizes=\"(max-width: 450px) 100vw, 450px\" \/><\/figure>\n\n\n\n<figure class=\"wp-block-image size-large\"><img data-recalc-dims=\"1\" loading=\"lazy\" decoding=\"async\" width=\"600\" height=\"450\" data-id=\"15383\" src=\"https:\/\/i0.wp.com\/ecolefermedesbois.ch\/wp-content\/uploads\/2025\/11\/20251113_110843.jpg?resize=600%2C450&#038;ssl=1\" alt=\"\" class=\"wp-image-15383\" srcset=\"https:\/\/i0.wp.com\/ecolefermedesbois.ch\/wp-content\/uploads\/2025\/11\/20251113_110843.jpg?resize=600%2C450&amp;ssl=1 600w, https:\/\/i0.wp.com\/ecolefermedesbois.ch\/wp-content\/uploads\/2025\/11\/20251113_110843.jpg?resize=300%2C225&amp;ssl=1 300w, https:\/\/i0.wp.com\/ecolefermedesbois.ch\/wp-content\/uploads\/2025\/11\/20251113_110843.jpg?resize=768%2C576&amp;ssl=1 768w, https:\/\/i0.wp.com\/ecolefermedesbois.ch\/wp-content\/uploads\/2025\/11\/20251113_110843.jpg?resize=1536%2C1152&amp;ssl=1 1536w, https:\/\/i0.wp.com\/ecolefermedesbois.ch\/wp-content\/uploads\/2025\/11\/20251113_110843.jpg?w=2000&amp;ssl=1 2000w, https:\/\/i0.wp.com\/ecolefermedesbois.ch\/wp-content\/uploads\/2025\/11\/20251113_110843.jpg?w=1440&amp;ssl=1 1440w\" sizes=\"(max-width: 600px) 100vw, 600px\" \/><\/figure>\n\n\n\n<figure class=\"wp-block-image size-large\"><img data-recalc-dims=\"1\" loading=\"lazy\" decoding=\"async\" width=\"600\" height=\"450\" data-id=\"15386\" src=\"https:\/\/i0.wp.com\/ecolefermedesbois.ch\/wp-content\/uploads\/2025\/11\/20251113_111539.jpg?resize=600%2C450&#038;ssl=1\" alt=\"\" class=\"wp-image-15386\" srcset=\"https:\/\/i0.wp.com\/ecolefermedesbois.ch\/wp-content\/uploads\/2025\/11\/20251113_111539.jpg?resize=600%2C450&amp;ssl=1 600w, https:\/\/i0.wp.com\/ecolefermedesbois.ch\/wp-content\/uploads\/2025\/11\/20251113_111539.jpg?resize=300%2C225&amp;ssl=1 300w, https:\/\/i0.wp.com\/ecolefermedesbois.ch\/wp-content\/uploads\/2025\/11\/20251113_111539.jpg?resize=768%2C576&amp;ssl=1 768w, https:\/\/i0.wp.com\/ecolefermedesbois.ch\/wp-content\/uploads\/2025\/11\/20251113_111539.jpg?resize=1536%2C1152&amp;ssl=1 1536w, https:\/\/i0.wp.com\/ecolefermedesbois.ch\/wp-content\/uploads\/2025\/11\/20251113_111539.jpg?w=2000&amp;ssl=1 2000w, https:\/\/i0.wp.com\/ecolefermedesbois.ch\/wp-content\/uploads\/2025\/11\/20251113_111539.jpg?w=1440&amp;ssl=1 1440w\" sizes=\"(max-width: 600px) 100vw, 600px\" \/><\/figure>\n\n\n\n<figure class=\"wp-block-image size-large\"><img data-recalc-dims=\"1\" loading=\"lazy\" decoding=\"async\" width=\"473\" height=\"600\" data-id=\"15382\" src=\"https:\/\/i0.wp.com\/ecolefermedesbois.ch\/wp-content\/uploads\/2025\/11\/20251113_113100.jpg?resize=473%2C600&#038;ssl=1\" alt=\"\" class=\"wp-image-15382\" srcset=\"https:\/\/i0.wp.com\/ecolefermedesbois.ch\/wp-content\/uploads\/2025\/11\/20251113_113100-scaled.jpg?resize=473%2C600&amp;ssl=1 473w, https:\/\/i0.wp.com\/ecolefermedesbois.ch\/wp-content\/uploads\/2025\/11\/20251113_113100-scaled.jpg?resize=236%2C300&amp;ssl=1 236w, https:\/\/i0.wp.com\/ecolefermedesbois.ch\/wp-content\/uploads\/2025\/11\/20251113_113100-scaled.jpg?resize=768%2C975&amp;ssl=1 768w, https:\/\/i0.wp.com\/ecolefermedesbois.ch\/wp-content\/uploads\/2025\/11\/20251113_113100-scaled.jpg?resize=1210%2C1536&amp;ssl=1 1210w, https:\/\/i0.wp.com\/ecolefermedesbois.ch\/wp-content\/uploads\/2025\/11\/20251113_113100-scaled.jpg?resize=1614%2C2048&amp;ssl=1 1614w, https:\/\/i0.wp.com\/ecolefermedesbois.ch\/wp-content\/uploads\/2025\/11\/20251113_113100-scaled.jpg?w=2017&amp;ssl=1 2017w, https:\/\/i0.wp.com\/ecolefermedesbois.ch\/wp-content\/uploads\/2025\/11\/20251113_113100-scaled.jpg?w=1440&amp;ssl=1 1440w\" sizes=\"(max-width: 473px) 100vw, 473px\" \/><\/figure>\n\n\n\n<figure class=\"wp-block-image size-large\"><img data-recalc-dims=\"1\" loading=\"lazy\" decoding=\"async\" width=\"450\" height=\"600\" data-id=\"15387\" src=\"https:\/\/i0.wp.com\/ecolefermedesbois.ch\/wp-content\/uploads\/2025\/11\/20251113_114101.jpg?resize=450%2C600&#038;ssl=1\" alt=\"\" class=\"wp-image-15387\" srcset=\"https:\/\/i0.wp.com\/ecolefermedesbois.ch\/wp-content\/uploads\/2025\/11\/20251113_114101.jpg?resize=450%2C600&amp;ssl=1 450w, https:\/\/i0.wp.com\/ecolefermedesbois.ch\/wp-content\/uploads\/2025\/11\/20251113_114101.jpg?resize=225%2C300&amp;ssl=1 225w, https:\/\/i0.wp.com\/ecolefermedesbois.ch\/wp-content\/uploads\/2025\/11\/20251113_114101.jpg?resize=768%2C1024&amp;ssl=1 768w, https:\/\/i0.wp.com\/ecolefermedesbois.ch\/wp-content\/uploads\/2025\/11\/20251113_114101.jpg?resize=1152%2C1536&amp;ssl=1 1152w, https:\/\/i0.wp.com\/ecolefermedesbois.ch\/wp-content\/uploads\/2025\/11\/20251113_114101.jpg?w=1500&amp;ssl=1 1500w, https:\/\/i0.wp.com\/ecolefermedesbois.ch\/wp-content\/uploads\/2025\/11\/20251113_114101.jpg?w=1440&amp;ssl=1 1440w\" sizes=\"(max-width: 450px) 100vw, 450px\" \/><\/figure>\n\n\n\n<figure class=\"wp-block-image size-large\"><img data-recalc-dims=\"1\" loading=\"lazy\" decoding=\"async\" width=\"600\" height=\"450\" data-id=\"15388\" src=\"https:\/\/i0.wp.com\/ecolefermedesbois.ch\/wp-content\/uploads\/2025\/11\/20251113_115910.jpg?resize=600%2C450&#038;ssl=1\" alt=\"\" class=\"wp-image-15388\" srcset=\"https:\/\/i0.wp.com\/ecolefermedesbois.ch\/wp-content\/uploads\/2025\/11\/20251113_115910.jpg?resize=600%2C450&amp;ssl=1 600w, https:\/\/i0.wp.com\/ecolefermedesbois.ch\/wp-content\/uploads\/2025\/11\/20251113_115910.jpg?resize=300%2C225&amp;ssl=1 300w, https:\/\/i0.wp.com\/ecolefermedesbois.ch\/wp-content\/uploads\/2025\/11\/20251113_115910.jpg?resize=768%2C576&amp;ssl=1 768w, https:\/\/i0.wp.com\/ecolefermedesbois.ch\/wp-content\/uploads\/2025\/11\/20251113_115910.jpg?resize=1536%2C1152&amp;ssl=1 1536w, https:\/\/i0.wp.com\/ecolefermedesbois.ch\/wp-content\/uploads\/2025\/11\/20251113_115910.jpg?w=2000&amp;ssl=1 2000w, https:\/\/i0.wp.com\/ecolefermedesbois.ch\/wp-content\/uploads\/2025\/11\/20251113_115910.jpg?w=1440&amp;ssl=1 1440w\" sizes=\"(max-width: 600px) 100vw, 600px\" \/><\/figure>\n\n\n\n<figure class=\"wp-block-image size-large\"><img data-recalc-dims=\"1\" loading=\"lazy\" decoding=\"async\" width=\"450\" height=\"600\" data-id=\"15389\" src=\"https:\/\/i0.wp.com\/ecolefermedesbois.ch\/wp-content\/uploads\/2025\/11\/20251113_121500.jpg?resize=450%2C600&#038;ssl=1\" alt=\"\" class=\"wp-image-15389\" srcset=\"https:\/\/i0.wp.com\/ecolefermedesbois.ch\/wp-content\/uploads\/2025\/11\/20251113_121500.jpg?resize=450%2C600&amp;ssl=1 450w, https:\/\/i0.wp.com\/ecolefermedesbois.ch\/wp-content\/uploads\/2025\/11\/20251113_121500.jpg?resize=225%2C300&amp;ssl=1 225w, https:\/\/i0.wp.com\/ecolefermedesbois.ch\/wp-content\/uploads\/2025\/11\/20251113_121500.jpg?resize=768%2C1024&amp;ssl=1 768w, https:\/\/i0.wp.com\/ecolefermedesbois.ch\/wp-content\/uploads\/2025\/11\/20251113_121500.jpg?resize=1152%2C1536&amp;ssl=1 1152w, https:\/\/i0.wp.com\/ecolefermedesbois.ch\/wp-content\/uploads\/2025\/11\/20251113_121500.jpg?w=1500&amp;ssl=1 1500w, https:\/\/i0.wp.com\/ecolefermedesbois.ch\/wp-content\/uploads\/2025\/11\/20251113_121500.jpg?w=1440&amp;ssl=1 1440w\" sizes=\"(max-width: 450px) 100vw, 450px\" \/><\/figure>\n<\/figure>\n","protected":false},"excerpt":{"rendered":"<p>Jeudi matin, nous avons eu le plaisir d\u2019accueillir la classe de Marielle de Corseaux pour une d\u00e9couverte de l&rsquo;\u00e9table et&#46;&#46;&#46;<\/p>\n","protected":false},"author":2,"featured_media":15381,"comment_status":"open","ping_status":"open","sticky":false,"template":"","format":"standard","meta":{"jetpack_post_was_ever_published":false,"footnotes":"","jetpack_publicize_message":"","jetpack_publicize_feature_enabled":true,"jetpack_social_post_already_shared":true,"jetpack_social_options":{"image_generator_settings":{"template":"highway","default_image_id":0,"font":"","enabled":false},"version":2}},"categories":[33],"tags":[],"class_list":["post-15380","post","type-post","status-publish","format-standard","has-post-thumbnail","hentry","category-ecole"],"yoast_head":"<!-- This site is optimized with the Yoast SEO plugin v27.5 - https:\/\/yoast.com\/product\/yoast-seo-wordpress\/ -->\n<title>Matin\u00e9e \u00e0 l&#039;\u00e9table - classe de Marielle Rupp -<\/title>\n<meta name=\"robots\" content=\"index, follow, max-snippet:-1, max-image-preview:large, max-video-preview:-1\" \/>\n<link rel=\"canonical\" href=\"https:\/\/ecolefermedesbois.ch\/?p=15380\" \/>\n<meta property=\"og:locale\" content=\"fr_FR\" \/>\n<meta property=\"og:type\" content=\"article\" \/>\n<meta property=\"og:title\" content=\"Matin\u00e9e \u00e0 l&#039;\u00e9table - classe de Marielle Rupp -\" \/>\n<meta property=\"og:description\" content=\"Jeudi matin, nous avons eu le plaisir d\u2019accueillir la classe de Marielle de Corseaux pour une d\u00e9couverte de l&rsquo;\u00e9table et&#046;&#046;&#046;\" \/>\n<meta property=\"og:url\" content=\"https:\/\/ecolefermedesbois.ch\/?p=15380\" \/>\n<meta property=\"article:publisher\" content=\"https:\/\/www.facebook.com\/ecolefermedesBois\" \/>\n<meta property=\"article:published_time\" content=\"2025-11-14T14:26:15+00:00\" \/>\n<meta property=\"article:modified_time\" content=\"2025-11-14T14:26:18+00:00\" \/>\n<meta property=\"og:image\" content=\"https:\/\/ecolefermedesbois.ch\/wp-content\/uploads\/2025\/11\/20251113_095546.jpg\" \/>\n\t<meta property=\"og:image:width\" content=\"2000\" \/>\n\t<meta property=\"og:image:height\" content=\"1500\" \/>\n\t<meta property=\"og:image:type\" content=\"image\/jpeg\" \/>\n<meta name=\"author\" content=\"Sophie\" \/>\n<meta name=\"twitter:card\" content=\"summary_large_image\" \/>\n<meta name=\"twitter:label1\" content=\"\u00c9crit par\" \/>\n\t<meta name=\"twitter:data1\" content=\"Sophie\" \/>\n\t<meta name=\"twitter:label2\" content=\"Dur\u00e9e de lecture estim\u00e9e\" \/>\n\t<meta name=\"twitter:data2\" content=\"5 minutes\" \/>\n<script type=\"application\/ld+json\" class=\"yoast-schema-graph\">{\"@context\":\"https:\\\/\\\/schema.org\",\"@graph\":[{\"@type\":\"Article\",\"@id\":\"https:\\\/\\\/ecolefermedesbois.ch\\\/?p=15380#article\",\"isPartOf\":{\"@id\":\"https:\\\/\\\/ecolefermedesbois.ch\\\/?p=15380\"},\"author\":{\"name\":\"Sophie\",\"@id\":\"https:\\\/\\\/ecolefermedesbois.ch\\\/#\\\/schema\\\/person\\\/78f5a1c78e958e51240f90932d290908\"},\"headline\":\"Matin\u00e9e \u00e0 l&rsquo;\u00e9table &#8211; classe de Marielle Rupp\",\"datePublished\":\"2025-11-14T14:26:15+00:00\",\"dateModified\":\"2025-11-14T14:26:18+00:00\",\"mainEntityOfPage\":{\"@id\":\"https:\\\/\\\/ecolefermedesbois.ch\\\/?p=15380\"},\"wordCount\":558,\"commentCount\":0,\"publisher\":{\"@id\":\"https:\\\/\\\/ecolefermedesbois.ch\\\/#organization\"},\"image\":{\"@id\":\"https:\\\/\\\/ecolefermedesbois.ch\\\/?p=15380#primaryimage\"},\"thumbnailUrl\":\"https:\\\/\\\/i0.wp.com\\\/ecolefermedesbois.ch\\\/wp-content\\\/uploads\\\/2025\\\/11\\\/20251113_095546.jpg?fit=2000%2C1500&ssl=1\",\"articleSection\":[\"Ecole\"],\"inLanguage\":\"fr-FR\",\"potentialAction\":[{\"@type\":\"CommentAction\",\"name\":\"Comment\",\"target\":[\"https:\\\/\\\/ecolefermedesbois.ch\\\/?p=15380#respond\"]}]},{\"@type\":\"WebPage\",\"@id\":\"https:\\\/\\\/ecolefermedesbois.ch\\\/?p=15380\",\"url\":\"https:\\\/\\\/ecolefermedesbois.ch\\\/?p=15380\",\"name\":\"Matin\u00e9e \u00e0 l'\u00e9table - classe de Marielle Rupp -\",\"isPartOf\":{\"@id\":\"https:\\\/\\\/ecolefermedesbois.ch\\\/#website\"},\"primaryImageOfPage\":{\"@id\":\"https:\\\/\\\/ecolefermedesbois.ch\\\/?p=15380#primaryimage\"},\"image\":{\"@id\":\"https:\\\/\\\/ecolefermedesbois.ch\\\/?p=15380#primaryimage\"},\"thumbnailUrl\":\"https:\\\/\\\/i0.wp.com\\\/ecolefermedesbois.ch\\\/wp-content\\\/uploads\\\/2025\\\/11\\\/20251113_095546.jpg?fit=2000%2C1500&ssl=1\",\"datePublished\":\"2025-11-14T14:26:15+00:00\",\"dateModified\":\"2025-11-14T14:26:18+00:00\",\"breadcrumb\":{\"@id\":\"https:\\\/\\\/ecolefermedesbois.ch\\\/?p=15380#breadcrumb\"},\"inLanguage\":\"fr-FR\",\"potentialAction\":[{\"@type\":\"ReadAction\",\"target\":[\"https:\\\/\\\/ecolefermedesbois.ch\\\/?p=15380\"]}]},{\"@type\":\"ImageObject\",\"inLanguage\":\"fr-FR\",\"@id\":\"https:\\\/\\\/ecolefermedesbois.ch\\\/?p=15380#primaryimage\",\"url\":\"https:\\\/\\\/i0.wp.com\\\/ecolefermedesbois.ch\\\/wp-content\\\/uploads\\\/2025\\\/11\\\/20251113_095546.jpg?fit=2000%2C1500&ssl=1\",\"contentUrl\":\"https:\\\/\\\/i0.wp.com\\\/ecolefermedesbois.ch\\\/wp-content\\\/uploads\\\/2025\\\/11\\\/20251113_095546.jpg?fit=2000%2C1500&ssl=1\",\"width\":2000,\"height\":1500},{\"@type\":\"BreadcrumbList\",\"@id\":\"https:\\\/\\\/ecolefermedesbois.ch\\\/?p=15380#breadcrumb\",\"itemListElement\":[{\"@type\":\"ListItem\",\"position\":1,\"name\":\"Accueil\",\"item\":\"https:\\\/\\\/ecolefermedesbois.ch\\\/\"},{\"@type\":\"ListItem\",\"position\":2,\"name\":\"Matin\u00e9e \u00e0 l&rsquo;\u00e9table &#8211; classe de Marielle Rupp\"}]},{\"@type\":\"WebSite\",\"@id\":\"https:\\\/\\\/ecolefermedesbois.ch\\\/#website\",\"url\":\"https:\\\/\\\/ecolefermedesbois.ch\\\/\",\"name\":\"ecolefermedesbois\",\"description\":\"\",\"publisher\":{\"@id\":\"https:\\\/\\\/ecolefermedesbois.ch\\\/#organization\"},\"potentialAction\":[{\"@type\":\"SearchAction\",\"target\":{\"@type\":\"EntryPoint\",\"urlTemplate\":\"https:\\\/\\\/ecolefermedesbois.ch\\\/?s={search_term_string}\"},\"query-input\":{\"@type\":\"PropertyValueSpecification\",\"valueRequired\":true,\"valueName\":\"search_term_string\"}}],\"inLanguage\":\"fr-FR\"},{\"@type\":\"Organization\",\"@id\":\"https:\\\/\\\/ecolefermedesbois.ch\\\/#organization\",\"name\":\"Ecole \u00e0 la Ferme des Bois\",\"url\":\"https:\\\/\\\/ecolefermedesbois.ch\\\/\",\"logo\":{\"@type\":\"ImageObject\",\"inLanguage\":\"fr-FR\",\"@id\":\"https:\\\/\\\/ecolefermedesbois.ch\\\/#\\\/schema\\\/logo\\\/image\\\/\",\"url\":\"https:\\\/\\\/ecolefermedesbois.ch\\\/wp-content\\\/uploads\\\/2019\\\/04\\\/logo-scaled.gif\",\"contentUrl\":\"https:\\\/\\\/ecolefermedesbois.ch\\\/wp-content\\\/uploads\\\/2019\\\/04\\\/logo-scaled.gif\",\"width\":2560,\"height\":608,\"caption\":\"Ecole \u00e0 la Ferme des Bois\"},\"image\":{\"@id\":\"https:\\\/\\\/ecolefermedesbois.ch\\\/#\\\/schema\\\/logo\\\/image\\\/\"},\"sameAs\":[\"https:\\\/\\\/www.facebook.com\\\/ecolefermedesBois\"]},{\"@type\":\"Person\",\"@id\":\"https:\\\/\\\/ecolefermedesbois.ch\\\/#\\\/schema\\\/person\\\/78f5a1c78e958e51240f90932d290908\",\"name\":\"Sophie\",\"image\":{\"@type\":\"ImageObject\",\"inLanguage\":\"fr-FR\",\"@id\":\"https:\\\/\\\/secure.gravatar.com\\\/avatar\\\/053fbaec50cb27b03b880a4b8b018009aa3af995f32011efc3f40a589371d46f?s=96&d=mm&r=g\",\"url\":\"https:\\\/\\\/secure.gravatar.com\\\/avatar\\\/053fbaec50cb27b03b880a4b8b018009aa3af995f32011efc3f40a589371d46f?s=96&d=mm&r=g\",\"contentUrl\":\"https:\\\/\\\/secure.gravatar.com\\\/avatar\\\/053fbaec50cb27b03b880a4b8b018009aa3af995f32011efc3f40a589371d46f?s=96&d=mm&r=g\",\"caption\":\"Sophie\"},\"url\":\"https:\\\/\\\/ecolefermedesbois.ch\\\/?author=2\"}]}<\/script>\n<!-- \/ Yoast SEO plugin. -->","yoast_head_json":{"title":"Matin\u00e9e \u00e0 l'\u00e9table - classe de Marielle Rupp -","robots":{"index":"index","follow":"follow","max-snippet":"max-snippet:-1","max-image-preview":"max-image-preview:large","max-video-preview":"max-video-preview:-1"},"canonical":"https:\/\/ecolefermedesbois.ch\/?p=15380","og_locale":"fr_FR","og_type":"article","og_title":"Matin\u00e9e \u00e0 l'\u00e9table - classe de Marielle Rupp -","og_description":"Jeudi matin, nous avons eu le plaisir d\u2019accueillir la classe de Marielle de Corseaux pour une d\u00e9couverte de l&rsquo;\u00e9table et&#46;&#46;&#46;","og_url":"https:\/\/ecolefermedesbois.ch\/?p=15380","article_publisher":"https:\/\/www.facebook.com\/ecolefermedesBois","article_published_time":"2025-11-14T14:26:15+00:00","article_modified_time":"2025-11-14T14:26:18+00:00","og_image":[{"width":2000,"height":1500,"url":"https:\/\/ecolefermedesbois.ch\/wp-content\/uploads\/2025\/11\/20251113_095546.jpg","type":"image\/jpeg"}],"author":"Sophie","twitter_card":"summary_large_image","twitter_misc":{"\u00c9crit par":"Sophie","Dur\u00e9e de lecture estim\u00e9e":"5 minutes"},"schema":{"@context":"https:\/\/schema.org","@graph":[{"@type":"Article","@id":"https:\/\/ecolefermedesbois.ch\/?p=15380#article","isPartOf":{"@id":"https:\/\/ecolefermedesbois.ch\/?p=15380"},"author":{"name":"Sophie","@id":"https:\/\/ecolefermedesbois.ch\/#\/schema\/person\/78f5a1c78e958e51240f90932d290908"},"headline":"Matin\u00e9e \u00e0 l&rsquo;\u00e9table &#8211; classe de Marielle Rupp","datePublished":"2025-11-14T14:26:15+00:00","dateModified":"2025-11-14T14:26:18+00:00","mainEntityOfPage":{"@id":"https:\/\/ecolefermedesbois.ch\/?p=15380"},"wordCount":558,"commentCount":0,"publisher":{"@id":"https:\/\/ecolefermedesbois.ch\/#organization"},"image":{"@id":"https:\/\/ecolefermedesbois.ch\/?p=15380#primaryimage"},"thumbnailUrl":"https:\/\/i0.wp.com\/ecolefermedesbois.ch\/wp-content\/uploads\/2025\/11\/20251113_095546.jpg?fit=2000%2C1500&ssl=1","articleSection":["Ecole"],"inLanguage":"fr-FR","potentialAction":[{"@type":"CommentAction","name":"Comment","target":["https:\/\/ecolefermedesbois.ch\/?p=15380#respond"]}]},{"@type":"WebPage","@id":"https:\/\/ecolefermedesbois.ch\/?p=15380","url":"https:\/\/ecolefermedesbois.ch\/?p=15380","name":"Matin\u00e9e \u00e0 l'\u00e9table - classe de Marielle Rupp -","isPartOf":{"@id":"https:\/\/ecolefermedesbois.ch\/#website"},"primaryImageOfPage":{"@id":"https:\/\/ecolefermedesbois.ch\/?p=15380#primaryimage"},"image":{"@id":"https:\/\/ecolefermedesbois.ch\/?p=15380#primaryimage"},"thumbnailUrl":"https:\/\/i0.wp.com\/ecolefermedesbois.ch\/wp-content\/uploads\/2025\/11\/20251113_095546.jpg?fit=2000%2C1500&ssl=1","datePublished":"2025-11-14T14:26:15+00:00","dateModified":"2025-11-14T14:26:18+00:00","breadcrumb":{"@id":"https:\/\/ecolefermedesbois.ch\/?p=15380#breadcrumb"},"inLanguage":"fr-FR","potentialAction":[{"@type":"ReadAction","target":["https:\/\/ecolefermedesbois.ch\/?p=15380"]}]},{"@type":"ImageObject","inLanguage":"fr-FR","@id":"https:\/\/ecolefermedesbois.ch\/?p=15380#primaryimage","url":"https:\/\/i0.wp.com\/ecolefermedesbois.ch\/wp-content\/uploads\/2025\/11\/20251113_095546.jpg?fit=2000%2C1500&ssl=1","contentUrl":"https:\/\/i0.wp.com\/ecolefermedesbois.ch\/wp-content\/uploads\/2025\/11\/20251113_095546.jpg?fit=2000%2C1500&ssl=1","width":2000,"height":1500},{"@type":"BreadcrumbList","@id":"https:\/\/ecolefermedesbois.ch\/?p=15380#breadcrumb","itemListElement":[{"@type":"ListItem","position":1,"name":"Accueil","item":"https:\/\/ecolefermedesbois.ch\/"},{"@type":"ListItem","position":2,"name":"Matin\u00e9e \u00e0 l&rsquo;\u00e9table &#8211; classe de Marielle Rupp"}]},{"@type":"WebSite","@id":"https:\/\/ecolefermedesbois.ch\/#website","url":"https:\/\/ecolefermedesbois.ch\/","name":"ecolefermedesbois","description":"","publisher":{"@id":"https:\/\/ecolefermedesbois.ch\/#organization"},"potentialAction":[{"@type":"SearchAction","target":{"@type":"EntryPoint","urlTemplate":"https:\/\/ecolefermedesbois.ch\/?s={search_term_string}"},"query-input":{"@type":"PropertyValueSpecification","valueRequired":true,"valueName":"search_term_string"}}],"inLanguage":"fr-FR"},{"@type":"Organization","@id":"https:\/\/ecolefermedesbois.ch\/#organization","name":"Ecole \u00e0 la Ferme des Bois","url":"https:\/\/ecolefermedesbois.ch\/","logo":{"@type":"ImageObject","inLanguage":"fr-FR","@id":"https:\/\/ecolefermedesbois.ch\/#\/schema\/logo\/image\/","url":"https:\/\/ecolefermedesbois.ch\/wp-content\/uploads\/2019\/04\/logo-scaled.gif","contentUrl":"https:\/\/ecolefermedesbois.ch\/wp-content\/uploads\/2019\/04\/logo-scaled.gif","width":2560,"height":608,"caption":"Ecole \u00e0 la Ferme des Bois"},"image":{"@id":"https:\/\/ecolefermedesbois.ch\/#\/schema\/logo\/image\/"},"sameAs":["https:\/\/www.facebook.com\/ecolefermedesBois"]},{"@type":"Person","@id":"https:\/\/ecolefermedesbois.ch\/#\/schema\/person\/78f5a1c78e958e51240f90932d290908","name":"Sophie","image":{"@type":"ImageObject","inLanguage":"fr-FR","@id":"https:\/\/secure.gravatar.com\/avatar\/053fbaec50cb27b03b880a4b8b018009aa3af995f32011efc3f40a589371d46f?s=96&d=mm&r=g","url":"https:\/\/secure.gravatar.com\/avatar\/053fbaec50cb27b03b880a4b8b018009aa3af995f32011efc3f40a589371d46f?s=96&d=mm&r=g","contentUrl":"https:\/\/secure.gravatar.com\/avatar\/053fbaec50cb27b03b880a4b8b018009aa3af995f32011efc3f40a589371d46f?s=96&d=mm&r=g","caption":"Sophie"},"url":"https:\/\/ecolefermedesbois.ch\/?author=2"}]}},"jetpack_publicize_connections":[],"jetpack_featured_media_url":"https:\/\/i0.wp.com\/ecolefermedesbois.ch\/wp-content\/uploads\/2025\/11\/20251113_095546.jpg?fit=2000%2C1500&ssl=1","jetpack_sharing_enabled":true,"_links":{"self":[{"href":"https:\/\/ecolefermedesbois.ch\/index.php?rest_route=\/wp\/v2\/posts\/15380","targetHints":{"allow":["GET"]}}],"collection":[{"href":"https:\/\/ecolefermedesbois.ch\/index.php?rest_route=\/wp\/v2\/posts"}],"about":[{"href":"https:\/\/ecolefermedesbois.ch\/index.php?rest_route=\/wp\/v2\/types\/post"}],"author":[{"embeddable":true,"href":"https:\/\/ecolefermedesbois.ch\/index.php?rest_route=\/wp\/v2\/users\/2"}],"replies":[{"embeddable":true,"href":"https:\/\/ecolefermedesbois.ch\/index.php?rest_route=%2Fwp%2Fv2%2Fcomments&post=15380"}],"version-history":[{"count":1,"href":"https:\/\/ecolefermedesbois.ch\/index.php?rest_route=\/wp\/v2\/posts\/15380\/revisions"}],"predecessor-version":[{"id":15390,"href":"https:\/\/ecolefermedesbois.ch\/index.php?rest_route=\/wp\/v2\/posts\/15380\/revisions\/15390"}],"wp:featuredmedia":[{"embeddable":true,"href":"https:\/\/ecolefermedesbois.ch\/index.php?rest_route=\/wp\/v2\/media\/15381"}],"wp:attachment":[{"href":"https:\/\/ecolefermedesbois.ch\/index.php?rest_route=%2Fwp%2Fv2%2Fmedia&parent=15380"}],"wp:term":[{"taxonomy":"category","embeddable":true,"href":"https:\/\/ecolefermedesbois.ch\/index.php?rest_route=%2Fwp%2Fv2%2Fcategories&post=15380"},{"taxonomy":"post_tag","embeddable":true,"href":"https:\/\/ecolefermedesbois.ch\/index.php?rest_route=%2Fwp%2Fv2%2Ftags&post=15380"}],"curies":[{"name":"wp","href":"https:\/\/api.w.org\/{rel}","templated":true}]}}