{"id":13946,"date":"2024-11-18T14:59:08","date_gmt":"2024-11-18T13:59:08","guid":{"rendered":"https:\/\/ecolefermedesbois.ch\/?p=13946"},"modified":"2024-11-18T14:59:11","modified_gmt":"2024-11-18T13:59:11","slug":"decouverte-du-verger-en-automne-une-immersion-pour-les-classes-de-la-cassagne","status":"publish","type":"post","link":"https:\/\/ecolefermedesbois.ch\/?p=13946","title":{"rendered":"D\u00e9couverte du verger en automne : Une immersion pour les classes de la Cassagne"},"content":{"rendered":"<div class=\"pdfprnt-buttons pdfprnt-buttons-post pdfprnt-top-right\"><a href=\"https:\/\/ecolefermedesbois.ch\/index.php?rest_route=%2Fwp%2Fv2%2Fposts%2F13946&print=pdf\" class=\"pdfprnt-button pdfprnt-button-pdf\" target=\"_blank\" ><img data-recalc-dims=\"1\" decoding=\"async\" src=\"https:\/\/i0.wp.com\/ecolefermedesbois.ch\/wp-content\/plugins\/pdf-print\/images\/pdf.png?w=720&#038;ssl=1\" alt=\"image_pdf\" title=\"Afficher le PDF\" \/><\/a><a href=\"https:\/\/ecolefermedesbois.ch\/index.php?rest_route=%2Fwp%2Fv2%2Fposts%2F13946&print=print\" class=\"pdfprnt-button pdfprnt-button-print\" target=\"_blank\" ><img data-recalc-dims=\"1\" decoding=\"async\" src=\"https:\/\/i0.wp.com\/ecolefermedesbois.ch\/wp-content\/plugins\/pdf-print\/images\/print.png?w=720&#038;ssl=1\" alt=\"image_print\" title=\"Contenu imprim\u00e9\" \/><\/a><\/div>\n<p>D\u00e9but novembre, les \u00e9l\u00e8ves d&rsquo;Elodie et Eleonora sont venus passer une journ\u00e9e au verger.<br>Nous commen\u00e7ons la matin\u00e9e par un jeu afin de comprendre ce qu&rsquo;est le verger. Puis nous nous rendons au verger afin de le voir de nos propres yeux.<br>Au verger, les enfants vont observer les arbres. Sont-ils tous pareils ? La m\u00eame grandeur, couleur et ont-ils les m\u00eames fruits ? Nous avons aussi d\u00e9couvert pourquoi sur certains arbres, il n&rsquo;y a plus de fruit. Car ce n&rsquo;est plus la saison. Ensuite les \u00e9l\u00e8ves cherchent des pommes, surprise il n&rsquo;y en a qu&rsquo;une seule. Eh oui, la saison est d\u00e9j\u00e0 bien avanc\u00e9e et de ce fait, nous avons cueilli les pommes pour les conserver \u00e0 la cave. C&rsquo;est parti, nous voil\u00e0 en route pour la cave. <br>Les pommes dans notre panier, nous partons au soleil, devant les garage afin de confectionner un muesli.<br>Chaque \u00e9l\u00e8ve va r\u00e2p\u00e9 sa pomme et floconn\u00e9 de l&rsquo;avoine. Puis il ajoutera du yogourt. Une fois le tout bien m\u00e9lang\u00e9 je leur demande comment sucrer notre muesli. Avec du sucre me r\u00e9pondent les enfants. Oui c&rsquo;est juste, mais nous allons utiliser un aliment qui est produit par un animal&#8230; du miel !<\/p>\n\n\n\n<p>Apr\u00e8s la d\u00e9gustation du muesli, nous allons au verger pour d\u00e9couvrir comment est constitu\u00e9 l&rsquo;arbre et quels sont ses besoins pour vivre. Nous le faisons avec des images et les arbres. Ensuite de retour au garage, avec Emilie les \u00e9l\u00e8ves vont d\u00e9couvrir \u00e0 quelle saison sont r\u00e9colt\u00e9s diff\u00e9rents fruits. <\/p>\n\n\n\n<p>\u00c9videmment, nous n&rsquo;avons pas oubli\u00e9 d&rsquo;aller donner les \u00e9pluchures des pommes aux lapins et d&rsquo;en profiter pour les c\u00e2liner.<\/p>\n\n\n\n<p>Voil\u00e0, notre journ\u00e9e est d\u00e9j\u00e0 termin\u00e9e. Je vous remercie les enfants pour votre participation, nous avons eu beaucoup de plaisir.<\/p>\n\n\n\n<p>Merci Elodie, Eleonora, Ya\u00eblle et Catty d&rsquo;\u00eatre venues avec vos classes, passer cette belle journ\u00e9e au soleil chez nous.<\/p>\n\n\n\n<p>A bient\u00f4t<\/p>\n\n\n\n<p>Sophie<\/p>\n\n\n\n<figure class=\"wp-block-gallery has-nested-images columns-default is-cropped wp-block-gallery-1 is-layout-flex wp-block-gallery-is-layout-flex\">\n<figure class=\"wp-block-image size-large\"><img data-recalc-dims=\"1\" fetchpriority=\"high\" decoding=\"async\" width=\"450\" height=\"600\" data-id=\"13805\" src=\"https:\/\/i0.wp.com\/ecolefermedesbois.ch\/wp-content\/uploads\/2024\/11\/wp-17312305644404256043649727249001.jpg?resize=450%2C600&#038;ssl=1\" alt=\"\" class=\"wp-image-13805\" srcset=\"https:\/\/i0.wp.com\/ecolefermedesbois.ch\/wp-content\/uploads\/2024\/11\/wp-17312305644404256043649727249001.jpg?resize=450%2C600&amp;ssl=1 450w, https:\/\/i0.wp.com\/ecolefermedesbois.ch\/wp-content\/uploads\/2024\/11\/wp-17312305644404256043649727249001.jpg?resize=225%2C300&amp;ssl=1 225w, https:\/\/i0.wp.com\/ecolefermedesbois.ch\/wp-content\/uploads\/2024\/11\/wp-17312305644404256043649727249001.jpg?resize=768%2C1024&amp;ssl=1 768w, https:\/\/i0.wp.com\/ecolefermedesbois.ch\/wp-content\/uploads\/2024\/11\/wp-17312305644404256043649727249001.jpg?resize=1152%2C1536&amp;ssl=1 1152w, https:\/\/i0.wp.com\/ecolefermedesbois.ch\/wp-content\/uploads\/2024\/11\/wp-17312305644404256043649727249001.jpg?w=1500&amp;ssl=1 1500w, https:\/\/i0.wp.com\/ecolefermedesbois.ch\/wp-content\/uploads\/2024\/11\/wp-17312305644404256043649727249001.jpg?w=1440&amp;ssl=1 1440w\" sizes=\"(max-width: 450px) 100vw, 450px\" \/><\/figure>\n\n\n\n<figure class=\"wp-block-image size-large\"><img data-recalc-dims=\"1\" decoding=\"async\" width=\"600\" height=\"450\" data-id=\"13804\" src=\"https:\/\/i0.wp.com\/ecolefermedesbois.ch\/wp-content\/uploads\/2024\/11\/wp-17312305641826475105044231603049.jpg?resize=600%2C450&#038;ssl=1\" alt=\"\" class=\"wp-image-13804\" srcset=\"https:\/\/i0.wp.com\/ecolefermedesbois.ch\/wp-content\/uploads\/2024\/11\/wp-17312305641826475105044231603049.jpg?resize=600%2C450&amp;ssl=1 600w, https:\/\/i0.wp.com\/ecolefermedesbois.ch\/wp-content\/uploads\/2024\/11\/wp-17312305641826475105044231603049.jpg?resize=300%2C225&amp;ssl=1 300w, https:\/\/i0.wp.com\/ecolefermedesbois.ch\/wp-content\/uploads\/2024\/11\/wp-17312305641826475105044231603049.jpg?resize=768%2C576&amp;ssl=1 768w, https:\/\/i0.wp.com\/ecolefermedesbois.ch\/wp-content\/uploads\/2024\/11\/wp-17312305641826475105044231603049.jpg?resize=1536%2C1152&amp;ssl=1 1536w, https:\/\/i0.wp.com\/ecolefermedesbois.ch\/wp-content\/uploads\/2024\/11\/wp-17312305641826475105044231603049.jpg?w=2000&amp;ssl=1 2000w, https:\/\/i0.wp.com\/ecolefermedesbois.ch\/wp-content\/uploads\/2024\/11\/wp-17312305641826475105044231603049.jpg?w=1440&amp;ssl=1 1440w\" sizes=\"(max-width: 600px) 100vw, 600px\" \/><\/figure>\n\n\n\n<figure class=\"wp-block-image size-large\"><img data-recalc-dims=\"1\" decoding=\"async\" width=\"450\" height=\"600\" data-id=\"13797\" src=\"https:\/\/i0.wp.com\/ecolefermedesbois.ch\/wp-content\/uploads\/2024\/11\/wp-17312305632607769181180466657083.jpg?resize=450%2C600&#038;ssl=1\" alt=\"\" class=\"wp-image-13797\" srcset=\"https:\/\/i0.wp.com\/ecolefermedesbois.ch\/wp-content\/uploads\/2024\/11\/wp-17312305632607769181180466657083.jpg?resize=450%2C600&amp;ssl=1 450w, https:\/\/i0.wp.com\/ecolefermedesbois.ch\/wp-content\/uploads\/2024\/11\/wp-17312305632607769181180466657083.jpg?resize=225%2C300&amp;ssl=1 225w, https:\/\/i0.wp.com\/ecolefermedesbois.ch\/wp-content\/uploads\/2024\/11\/wp-17312305632607769181180466657083.jpg?resize=768%2C1024&amp;ssl=1 768w, https:\/\/i0.wp.com\/ecolefermedesbois.ch\/wp-content\/uploads\/2024\/11\/wp-17312305632607769181180466657083.jpg?resize=1152%2C1536&amp;ssl=1 1152w, https:\/\/i0.wp.com\/ecolefermedesbois.ch\/wp-content\/uploads\/2024\/11\/wp-17312305632607769181180466657083.jpg?w=1500&amp;ssl=1 1500w, https:\/\/i0.wp.com\/ecolefermedesbois.ch\/wp-content\/uploads\/2024\/11\/wp-17312305632607769181180466657083.jpg?w=1440&amp;ssl=1 1440w\" sizes=\"(max-width: 450px) 100vw, 450px\" \/><\/figure>\n\n\n\n<figure class=\"wp-block-image size-large\"><img data-recalc-dims=\"1\" loading=\"lazy\" decoding=\"async\" width=\"450\" height=\"600\" data-id=\"13802\" src=\"https:\/\/i0.wp.com\/ecolefermedesbois.ch\/wp-content\/uploads\/2024\/11\/wp-17312305630445167774857548461470.jpg?resize=450%2C600&#038;ssl=1\" alt=\"\" class=\"wp-image-13802\" srcset=\"https:\/\/i0.wp.com\/ecolefermedesbois.ch\/wp-content\/uploads\/2024\/11\/wp-17312305630445167774857548461470.jpg?resize=450%2C600&amp;ssl=1 450w, https:\/\/i0.wp.com\/ecolefermedesbois.ch\/wp-content\/uploads\/2024\/11\/wp-17312305630445167774857548461470.jpg?resize=225%2C300&amp;ssl=1 225w, https:\/\/i0.wp.com\/ecolefermedesbois.ch\/wp-content\/uploads\/2024\/11\/wp-17312305630445167774857548461470.jpg?resize=768%2C1024&amp;ssl=1 768w, https:\/\/i0.wp.com\/ecolefermedesbois.ch\/wp-content\/uploads\/2024\/11\/wp-17312305630445167774857548461470.jpg?resize=1152%2C1536&amp;ssl=1 1152w, https:\/\/i0.wp.com\/ecolefermedesbois.ch\/wp-content\/uploads\/2024\/11\/wp-17312305630445167774857548461470.jpg?w=1500&amp;ssl=1 1500w, https:\/\/i0.wp.com\/ecolefermedesbois.ch\/wp-content\/uploads\/2024\/11\/wp-17312305630445167774857548461470.jpg?w=1440&amp;ssl=1 1440w\" sizes=\"(max-width: 450px) 100vw, 450px\" \/><\/figure>\n\n\n\n<figure class=\"wp-block-image size-large\"><img data-recalc-dims=\"1\" loading=\"lazy\" decoding=\"async\" width=\"338\" height=\"600\" data-id=\"13795\" src=\"https:\/\/i0.wp.com\/ecolefermedesbois.ch\/wp-content\/uploads\/2024\/11\/wp-17312305618146358616519381983457.jpg?resize=338%2C600&#038;ssl=1\" alt=\"\" class=\"wp-image-13795\" srcset=\"https:\/\/i0.wp.com\/ecolefermedesbois.ch\/wp-content\/uploads\/2024\/11\/wp-17312305618146358616519381983457.jpg?resize=338%2C600&amp;ssl=1 338w, https:\/\/i0.wp.com\/ecolefermedesbois.ch\/wp-content\/uploads\/2024\/11\/wp-17312305618146358616519381983457.jpg?resize=169%2C300&amp;ssl=1 169w, https:\/\/i0.wp.com\/ecolefermedesbois.ch\/wp-content\/uploads\/2024\/11\/wp-17312305618146358616519381983457.jpg?resize=768%2C1365&amp;ssl=1 768w, https:\/\/i0.wp.com\/ecolefermedesbois.ch\/wp-content\/uploads\/2024\/11\/wp-17312305618146358616519381983457.jpg?resize=864%2C1536&amp;ssl=1 864w, https:\/\/i0.wp.com\/ecolefermedesbois.ch\/wp-content\/uploads\/2024\/11\/wp-17312305618146358616519381983457.jpg?w=1125&amp;ssl=1 1125w\" sizes=\"(max-width: 338px) 100vw, 338px\" \/><\/figure>\n\n\n\n<figure class=\"wp-block-image size-large\"><img data-recalc-dims=\"1\" loading=\"lazy\" decoding=\"async\" width=\"450\" height=\"600\" data-id=\"13796\" src=\"https:\/\/i0.wp.com\/ecolefermedesbois.ch\/wp-content\/uploads\/2024\/11\/wp-17312305635065760969761678472747.jpg?resize=450%2C600&#038;ssl=1\" alt=\"\" class=\"wp-image-13796\" srcset=\"https:\/\/i0.wp.com\/ecolefermedesbois.ch\/wp-content\/uploads\/2024\/11\/wp-17312305635065760969761678472747.jpg?resize=450%2C600&amp;ssl=1 450w, https:\/\/i0.wp.com\/ecolefermedesbois.ch\/wp-content\/uploads\/2024\/11\/wp-17312305635065760969761678472747.jpg?resize=225%2C300&amp;ssl=1 225w, https:\/\/i0.wp.com\/ecolefermedesbois.ch\/wp-content\/uploads\/2024\/11\/wp-17312305635065760969761678472747.jpg?resize=768%2C1024&amp;ssl=1 768w, https:\/\/i0.wp.com\/ecolefermedesbois.ch\/wp-content\/uploads\/2024\/11\/wp-17312305635065760969761678472747.jpg?resize=1152%2C1536&amp;ssl=1 1152w, https:\/\/i0.wp.com\/ecolefermedesbois.ch\/wp-content\/uploads\/2024\/11\/wp-17312305635065760969761678472747.jpg?w=1500&amp;ssl=1 1500w, https:\/\/i0.wp.com\/ecolefermedesbois.ch\/wp-content\/uploads\/2024\/11\/wp-17312305635065760969761678472747.jpg?w=1440&amp;ssl=1 1440w\" sizes=\"(max-width: 450px) 100vw, 450px\" \/><\/figure>\n\n\n\n<figure class=\"wp-block-image size-large\"><img data-recalc-dims=\"1\" loading=\"lazy\" decoding=\"async\" width=\"600\" height=\"450\" data-id=\"13799\" src=\"https:\/\/i0.wp.com\/ecolefermedesbois.ch\/wp-content\/uploads\/2024\/11\/wp-17312305637547139906084542557992.jpg?resize=600%2C450&#038;ssl=1\" alt=\"\" class=\"wp-image-13799\" srcset=\"https:\/\/i0.wp.com\/ecolefermedesbois.ch\/wp-content\/uploads\/2024\/11\/wp-17312305637547139906084542557992.jpg?resize=600%2C450&amp;ssl=1 600w, https:\/\/i0.wp.com\/ecolefermedesbois.ch\/wp-content\/uploads\/2024\/11\/wp-17312305637547139906084542557992.jpg?resize=300%2C225&amp;ssl=1 300w, https:\/\/i0.wp.com\/ecolefermedesbois.ch\/wp-content\/uploads\/2024\/11\/wp-17312305637547139906084542557992.jpg?resize=768%2C576&amp;ssl=1 768w, https:\/\/i0.wp.com\/ecolefermedesbois.ch\/wp-content\/uploads\/2024\/11\/wp-17312305637547139906084542557992.jpg?resize=1536%2C1152&amp;ssl=1 1536w, https:\/\/i0.wp.com\/ecolefermedesbois.ch\/wp-content\/uploads\/2024\/11\/wp-17312305637547139906084542557992.jpg?w=2000&amp;ssl=1 2000w, https:\/\/i0.wp.com\/ecolefermedesbois.ch\/wp-content\/uploads\/2024\/11\/wp-17312305637547139906084542557992.jpg?w=1440&amp;ssl=1 1440w\" sizes=\"(max-width: 600px) 100vw, 600px\" \/><\/figure>\n\n\n\n<figure class=\"wp-block-image size-large\"><img data-recalc-dims=\"1\" loading=\"lazy\" decoding=\"async\" width=\"600\" height=\"450\" data-id=\"13798\" src=\"https:\/\/i0.wp.com\/ecolefermedesbois.ch\/wp-content\/uploads\/2024\/11\/wp-17312305619536495210734662127989.jpg?resize=600%2C450&#038;ssl=1\" alt=\"\" class=\"wp-image-13798\" srcset=\"https:\/\/i0.wp.com\/ecolefermedesbois.ch\/wp-content\/uploads\/2024\/11\/wp-17312305619536495210734662127989.jpg?resize=600%2C450&amp;ssl=1 600w, https:\/\/i0.wp.com\/ecolefermedesbois.ch\/wp-content\/uploads\/2024\/11\/wp-17312305619536495210734662127989.jpg?resize=300%2C225&amp;ssl=1 300w, https:\/\/i0.wp.com\/ecolefermedesbois.ch\/wp-content\/uploads\/2024\/11\/wp-17312305619536495210734662127989.jpg?resize=768%2C576&amp;ssl=1 768w, https:\/\/i0.wp.com\/ecolefermedesbois.ch\/wp-content\/uploads\/2024\/11\/wp-17312305619536495210734662127989.jpg?resize=1536%2C1152&amp;ssl=1 1536w, https:\/\/i0.wp.com\/ecolefermedesbois.ch\/wp-content\/uploads\/2024\/11\/wp-17312305619536495210734662127989.jpg?w=2000&amp;ssl=1 2000w, https:\/\/i0.wp.com\/ecolefermedesbois.ch\/wp-content\/uploads\/2024\/11\/wp-17312305619536495210734662127989.jpg?w=1440&amp;ssl=1 1440w\" sizes=\"(max-width: 600px) 100vw, 600px\" \/><\/figure>\n\n\n\n<figure class=\"wp-block-image size-large\"><img data-recalc-dims=\"1\" loading=\"lazy\" decoding=\"async\" width=\"450\" height=\"600\" data-id=\"13800\" src=\"https:\/\/i0.wp.com\/ecolefermedesbois.ch\/wp-content\/uploads\/2024\/11\/wp-17312305640086507670625183990311.jpg?resize=450%2C600&#038;ssl=1\" alt=\"\" class=\"wp-image-13800\" srcset=\"https:\/\/i0.wp.com\/ecolefermedesbois.ch\/wp-content\/uploads\/2024\/11\/wp-17312305640086507670625183990311.jpg?resize=450%2C600&amp;ssl=1 450w, https:\/\/i0.wp.com\/ecolefermedesbois.ch\/wp-content\/uploads\/2024\/11\/wp-17312305640086507670625183990311.jpg?resize=225%2C300&amp;ssl=1 225w, https:\/\/i0.wp.com\/ecolefermedesbois.ch\/wp-content\/uploads\/2024\/11\/wp-17312305640086507670625183990311.jpg?resize=768%2C1024&amp;ssl=1 768w, https:\/\/i0.wp.com\/ecolefermedesbois.ch\/wp-content\/uploads\/2024\/11\/wp-17312305640086507670625183990311.jpg?resize=1152%2C1536&amp;ssl=1 1152w, https:\/\/i0.wp.com\/ecolefermedesbois.ch\/wp-content\/uploads\/2024\/11\/wp-17312305640086507670625183990311.jpg?w=1500&amp;ssl=1 1500w, https:\/\/i0.wp.com\/ecolefermedesbois.ch\/wp-content\/uploads\/2024\/11\/wp-17312305640086507670625183990311.jpg?w=1440&amp;ssl=1 1440w\" sizes=\"(max-width: 450px) 100vw, 450px\" \/><\/figure>\n\n\n\n<figure class=\"wp-block-image size-large\"><img data-recalc-dims=\"1\" loading=\"lazy\" decoding=\"async\" width=\"600\" height=\"450\" data-id=\"13803\" src=\"https:\/\/i0.wp.com\/ecolefermedesbois.ch\/wp-content\/uploads\/2024\/11\/wp-17312305628028855680289803962215.jpg?resize=600%2C450&#038;ssl=1\" alt=\"\" class=\"wp-image-13803\" srcset=\"https:\/\/i0.wp.com\/ecolefermedesbois.ch\/wp-content\/uploads\/2024\/11\/wp-17312305628028855680289803962215.jpg?resize=600%2C450&amp;ssl=1 600w, https:\/\/i0.wp.com\/ecolefermedesbois.ch\/wp-content\/uploads\/2024\/11\/wp-17312305628028855680289803962215.jpg?resize=300%2C225&amp;ssl=1 300w, https:\/\/i0.wp.com\/ecolefermedesbois.ch\/wp-content\/uploads\/2024\/11\/wp-17312305628028855680289803962215.jpg?resize=768%2C576&amp;ssl=1 768w, https:\/\/i0.wp.com\/ecolefermedesbois.ch\/wp-content\/uploads\/2024\/11\/wp-17312305628028855680289803962215.jpg?resize=1536%2C1152&amp;ssl=1 1536w, https:\/\/i0.wp.com\/ecolefermedesbois.ch\/wp-content\/uploads\/2024\/11\/wp-17312305628028855680289803962215.jpg?w=2000&amp;ssl=1 2000w, https:\/\/i0.wp.com\/ecolefermedesbois.ch\/wp-content\/uploads\/2024\/11\/wp-17312305628028855680289803962215.jpg?w=1440&amp;ssl=1 1440w\" sizes=\"(max-width: 600px) 100vw, 600px\" \/><\/figure>\n\n\n\n<figure class=\"wp-block-image size-large\"><img data-recalc-dims=\"1\" loading=\"lazy\" decoding=\"async\" width=\"450\" height=\"600\" data-id=\"13801\" src=\"https:\/\/i0.wp.com\/ecolefermedesbois.ch\/wp-content\/uploads\/2024\/11\/wp-17312305622029110154621097400998.jpg?resize=450%2C600&#038;ssl=1\" alt=\"\" class=\"wp-image-13801\" srcset=\"https:\/\/i0.wp.com\/ecolefermedesbois.ch\/wp-content\/uploads\/2024\/11\/wp-17312305622029110154621097400998.jpg?resize=450%2C600&amp;ssl=1 450w, https:\/\/i0.wp.com\/ecolefermedesbois.ch\/wp-content\/uploads\/2024\/11\/wp-17312305622029110154621097400998.jpg?resize=225%2C300&amp;ssl=1 225w, https:\/\/i0.wp.com\/ecolefermedesbois.ch\/wp-content\/uploads\/2024\/11\/wp-17312305622029110154621097400998.jpg?resize=768%2C1024&amp;ssl=1 768w, https:\/\/i0.wp.com\/ecolefermedesbois.ch\/wp-content\/uploads\/2024\/11\/wp-17312305622029110154621097400998.jpg?resize=1152%2C1536&amp;ssl=1 1152w, https:\/\/i0.wp.com\/ecolefermedesbois.ch\/wp-content\/uploads\/2024\/11\/wp-17312305622029110154621097400998.jpg?w=1500&amp;ssl=1 1500w, https:\/\/i0.wp.com\/ecolefermedesbois.ch\/wp-content\/uploads\/2024\/11\/wp-17312305622029110154621097400998.jpg?w=1440&amp;ssl=1 1440w\" sizes=\"(max-width: 450px) 100vw, 450px\" \/><\/figure>\n<\/figure>\n","protected":false},"excerpt":{"rendered":"<p>D\u00e9but novembre, les \u00e9l\u00e8ves d&rsquo;Elodie et Eleonora sont venus passer une journ\u00e9e au verger.Nous commen\u00e7ons la matin\u00e9e par un jeu&#46;&#46;&#46;<\/p>\n","protected":false},"author":2,"featured_media":13805,"comment_status":"open","ping_status":"open","sticky":false,"template":"","format":"standard","meta":{"jetpack_post_was_ever_published":false,"footnotes":"","jetpack_publicize_message":"","jetpack_publicize_feature_enabled":true,"jetpack_social_post_already_shared":true,"jetpack_social_options":{"image_generator_settings":{"template":"highway","default_image_id":0,"font":"","enabled":false},"version":2}},"categories":[33],"tags":[],"class_list":["post-13946","post","type-post","status-publish","format-standard","has-post-thumbnail","hentry","category-ecole"],"yoast_head":"<!-- This site is optimized with the Yoast SEO plugin v27.5 - https:\/\/yoast.com\/product\/yoast-seo-wordpress\/ -->\n<title>D\u00e9couverte du verger en automne : Une immersion pour les classes de la Cassagne -<\/title>\n<meta name=\"robots\" content=\"index, follow, max-snippet:-1, max-image-preview:large, max-video-preview:-1\" \/>\n<link rel=\"canonical\" href=\"https:\/\/ecolefermedesbois.ch\/?p=13946\" \/>\n<meta property=\"og:locale\" content=\"fr_FR\" \/>\n<meta property=\"og:type\" content=\"article\" \/>\n<meta property=\"og:title\" content=\"D\u00e9couverte du verger en automne : Une immersion pour les classes de la Cassagne -\" \/>\n<meta property=\"og:description\" content=\"D\u00e9but novembre, les \u00e9l\u00e8ves d&rsquo;Elodie et Eleonora sont venus passer une journ\u00e9e au verger.Nous commen\u00e7ons la matin\u00e9e par un jeu&#046;&#046;&#046;\" \/>\n<meta property=\"og:url\" content=\"https:\/\/ecolefermedesbois.ch\/?p=13946\" \/>\n<meta property=\"article:publisher\" content=\"https:\/\/www.facebook.com\/ecolefermedesBois\" \/>\n<meta property=\"article:published_time\" content=\"2024-11-18T13:59:08+00:00\" \/>\n<meta property=\"article:modified_time\" content=\"2024-11-18T13:59:11+00:00\" \/>\n<meta property=\"og:image\" content=\"https:\/\/ecolefermedesbois.ch\/wp-content\/uploads\/2024\/11\/wp-17312305644404256043649727249001.jpg\" \/>\n\t<meta property=\"og:image:width\" content=\"1500\" \/>\n\t<meta property=\"og:image:height\" content=\"2000\" \/>\n\t<meta property=\"og:image:type\" content=\"image\/jpeg\" \/>\n<meta name=\"author\" content=\"Sophie\" \/>\n<meta name=\"twitter:card\" content=\"summary_large_image\" \/>\n<meta name=\"twitter:label1\" content=\"\u00c9crit par\" \/>\n\t<meta name=\"twitter:data1\" content=\"Sophie\" \/>\n\t<meta name=\"twitter:label2\" content=\"Dur\u00e9e de lecture estim\u00e9e\" \/>\n\t<meta name=\"twitter:data2\" content=\"4 minutes\" \/>\n<script type=\"application\/ld+json\" class=\"yoast-schema-graph\">{\"@context\":\"https:\\\/\\\/schema.org\",\"@graph\":[{\"@type\":\"Article\",\"@id\":\"https:\\\/\\\/ecolefermedesbois.ch\\\/?p=13946#article\",\"isPartOf\":{\"@id\":\"https:\\\/\\\/ecolefermedesbois.ch\\\/?p=13946\"},\"author\":{\"name\":\"Sophie\",\"@id\":\"https:\\\/\\\/ecolefermedesbois.ch\\\/#\\\/schema\\\/person\\\/78f5a1c78e958e51240f90932d290908\"},\"headline\":\"D\u00e9couverte du verger en automne : Une immersion pour les classes de la Cassagne\",\"datePublished\":\"2024-11-18T13:59:08+00:00\",\"dateModified\":\"2024-11-18T13:59:11+00:00\",\"mainEntityOfPage\":{\"@id\":\"https:\\\/\\\/ecolefermedesbois.ch\\\/?p=13946\"},\"wordCount\":349,\"commentCount\":0,\"publisher\":{\"@id\":\"https:\\\/\\\/ecolefermedesbois.ch\\\/#organization\"},\"image\":{\"@id\":\"https:\\\/\\\/ecolefermedesbois.ch\\\/?p=13946#primaryimage\"},\"thumbnailUrl\":\"https:\\\/\\\/i0.wp.com\\\/ecolefermedesbois.ch\\\/wp-content\\\/uploads\\\/2024\\\/11\\\/wp-17312305644404256043649727249001.jpg?fit=1500%2C2000&ssl=1\",\"articleSection\":[\"Ecole\"],\"inLanguage\":\"fr-FR\",\"potentialAction\":[{\"@type\":\"CommentAction\",\"name\":\"Comment\",\"target\":[\"https:\\\/\\\/ecolefermedesbois.ch\\\/?p=13946#respond\"]}]},{\"@type\":\"WebPage\",\"@id\":\"https:\\\/\\\/ecolefermedesbois.ch\\\/?p=13946\",\"url\":\"https:\\\/\\\/ecolefermedesbois.ch\\\/?p=13946\",\"name\":\"D\u00e9couverte du verger en automne : Une immersion pour les classes de la Cassagne -\",\"isPartOf\":{\"@id\":\"https:\\\/\\\/ecolefermedesbois.ch\\\/#website\"},\"primaryImageOfPage\":{\"@id\":\"https:\\\/\\\/ecolefermedesbois.ch\\\/?p=13946#primaryimage\"},\"image\":{\"@id\":\"https:\\\/\\\/ecolefermedesbois.ch\\\/?p=13946#primaryimage\"},\"thumbnailUrl\":\"https:\\\/\\\/i0.wp.com\\\/ecolefermedesbois.ch\\\/wp-content\\\/uploads\\\/2024\\\/11\\\/wp-17312305644404256043649727249001.jpg?fit=1500%2C2000&ssl=1\",\"datePublished\":\"2024-11-18T13:59:08+00:00\",\"dateModified\":\"2024-11-18T13:59:11+00:00\",\"breadcrumb\":{\"@id\":\"https:\\\/\\\/ecolefermedesbois.ch\\\/?p=13946#breadcrumb\"},\"inLanguage\":\"fr-FR\",\"potentialAction\":[{\"@type\":\"ReadAction\",\"target\":[\"https:\\\/\\\/ecolefermedesbois.ch\\\/?p=13946\"]}]},{\"@type\":\"ImageObject\",\"inLanguage\":\"fr-FR\",\"@id\":\"https:\\\/\\\/ecolefermedesbois.ch\\\/?p=13946#primaryimage\",\"url\":\"https:\\\/\\\/i0.wp.com\\\/ecolefermedesbois.ch\\\/wp-content\\\/uploads\\\/2024\\\/11\\\/wp-17312305644404256043649727249001.jpg?fit=1500%2C2000&ssl=1\",\"contentUrl\":\"https:\\\/\\\/i0.wp.com\\\/ecolefermedesbois.ch\\\/wp-content\\\/uploads\\\/2024\\\/11\\\/wp-17312305644404256043649727249001.jpg?fit=1500%2C2000&ssl=1\",\"width\":1500,\"height\":2000},{\"@type\":\"BreadcrumbList\",\"@id\":\"https:\\\/\\\/ecolefermedesbois.ch\\\/?p=13946#breadcrumb\",\"itemListElement\":[{\"@type\":\"ListItem\",\"position\":1,\"name\":\"Accueil\",\"item\":\"https:\\\/\\\/ecolefermedesbois.ch\\\/\"},{\"@type\":\"ListItem\",\"position\":2,\"name\":\"D\u00e9couverte du verger en automne : Une immersion pour les classes de la Cassagne\"}]},{\"@type\":\"WebSite\",\"@id\":\"https:\\\/\\\/ecolefermedesbois.ch\\\/#website\",\"url\":\"https:\\\/\\\/ecolefermedesbois.ch\\\/\",\"name\":\"ecolefermedesbois\",\"description\":\"\",\"publisher\":{\"@id\":\"https:\\\/\\\/ecolefermedesbois.ch\\\/#organization\"},\"potentialAction\":[{\"@type\":\"SearchAction\",\"target\":{\"@type\":\"EntryPoint\",\"urlTemplate\":\"https:\\\/\\\/ecolefermedesbois.ch\\\/?s={search_term_string}\"},\"query-input\":{\"@type\":\"PropertyValueSpecification\",\"valueRequired\":true,\"valueName\":\"search_term_string\"}}],\"inLanguage\":\"fr-FR\"},{\"@type\":\"Organization\",\"@id\":\"https:\\\/\\\/ecolefermedesbois.ch\\\/#organization\",\"name\":\"Ecole \u00e0 la Ferme des Bois\",\"url\":\"https:\\\/\\\/ecolefermedesbois.ch\\\/\",\"logo\":{\"@type\":\"ImageObject\",\"inLanguage\":\"fr-FR\",\"@id\":\"https:\\\/\\\/ecolefermedesbois.ch\\\/#\\\/schema\\\/logo\\\/image\\\/\",\"url\":\"https:\\\/\\\/ecolefermedesbois.ch\\\/wp-content\\\/uploads\\\/2019\\\/04\\\/logo-scaled.gif\",\"contentUrl\":\"https:\\\/\\\/ecolefermedesbois.ch\\\/wp-content\\\/uploads\\\/2019\\\/04\\\/logo-scaled.gif\",\"width\":2560,\"height\":608,\"caption\":\"Ecole \u00e0 la Ferme des Bois\"},\"image\":{\"@id\":\"https:\\\/\\\/ecolefermedesbois.ch\\\/#\\\/schema\\\/logo\\\/image\\\/\"},\"sameAs\":[\"https:\\\/\\\/www.facebook.com\\\/ecolefermedesBois\"]},{\"@type\":\"Person\",\"@id\":\"https:\\\/\\\/ecolefermedesbois.ch\\\/#\\\/schema\\\/person\\\/78f5a1c78e958e51240f90932d290908\",\"name\":\"Sophie\",\"image\":{\"@type\":\"ImageObject\",\"inLanguage\":\"fr-FR\",\"@id\":\"https:\\\/\\\/secure.gravatar.com\\\/avatar\\\/053fbaec50cb27b03b880a4b8b018009aa3af995f32011efc3f40a589371d46f?s=96&d=mm&r=g\",\"url\":\"https:\\\/\\\/secure.gravatar.com\\\/avatar\\\/053fbaec50cb27b03b880a4b8b018009aa3af995f32011efc3f40a589371d46f?s=96&d=mm&r=g\",\"contentUrl\":\"https:\\\/\\\/secure.gravatar.com\\\/avatar\\\/053fbaec50cb27b03b880a4b8b018009aa3af995f32011efc3f40a589371d46f?s=96&d=mm&r=g\",\"caption\":\"Sophie\"},\"url\":\"https:\\\/\\\/ecolefermedesbois.ch\\\/?author=2\"}]}<\/script>\n<!-- \/ Yoast SEO plugin. -->","yoast_head_json":{"title":"D\u00e9couverte du verger en automne : Une immersion pour les classes de la Cassagne -","robots":{"index":"index","follow":"follow","max-snippet":"max-snippet:-1","max-image-preview":"max-image-preview:large","max-video-preview":"max-video-preview:-1"},"canonical":"https:\/\/ecolefermedesbois.ch\/?p=13946","og_locale":"fr_FR","og_type":"article","og_title":"D\u00e9couverte du verger en automne : Une immersion pour les classes de la Cassagne -","og_description":"D\u00e9but novembre, les \u00e9l\u00e8ves d&rsquo;Elodie et Eleonora sont venus passer une journ\u00e9e au verger.Nous commen\u00e7ons la matin\u00e9e par un jeu&#46;&#46;&#46;","og_url":"https:\/\/ecolefermedesbois.ch\/?p=13946","article_publisher":"https:\/\/www.facebook.com\/ecolefermedesBois","article_published_time":"2024-11-18T13:59:08+00:00","article_modified_time":"2024-11-18T13:59:11+00:00","og_image":[{"width":1500,"height":2000,"url":"https:\/\/ecolefermedesbois.ch\/wp-content\/uploads\/2024\/11\/wp-17312305644404256043649727249001.jpg","type":"image\/jpeg"}],"author":"Sophie","twitter_card":"summary_large_image","twitter_misc":{"\u00c9crit par":"Sophie","Dur\u00e9e de lecture estim\u00e9e":"4 minutes"},"schema":{"@context":"https:\/\/schema.org","@graph":[{"@type":"Article","@id":"https:\/\/ecolefermedesbois.ch\/?p=13946#article","isPartOf":{"@id":"https:\/\/ecolefermedesbois.ch\/?p=13946"},"author":{"name":"Sophie","@id":"https:\/\/ecolefermedesbois.ch\/#\/schema\/person\/78f5a1c78e958e51240f90932d290908"},"headline":"D\u00e9couverte du verger en automne : Une immersion pour les classes de la Cassagne","datePublished":"2024-11-18T13:59:08+00:00","dateModified":"2024-11-18T13:59:11+00:00","mainEntityOfPage":{"@id":"https:\/\/ecolefermedesbois.ch\/?p=13946"},"wordCount":349,"commentCount":0,"publisher":{"@id":"https:\/\/ecolefermedesbois.ch\/#organization"},"image":{"@id":"https:\/\/ecolefermedesbois.ch\/?p=13946#primaryimage"},"thumbnailUrl":"https:\/\/i0.wp.com\/ecolefermedesbois.ch\/wp-content\/uploads\/2024\/11\/wp-17312305644404256043649727249001.jpg?fit=1500%2C2000&ssl=1","articleSection":["Ecole"],"inLanguage":"fr-FR","potentialAction":[{"@type":"CommentAction","name":"Comment","target":["https:\/\/ecolefermedesbois.ch\/?p=13946#respond"]}]},{"@type":"WebPage","@id":"https:\/\/ecolefermedesbois.ch\/?p=13946","url":"https:\/\/ecolefermedesbois.ch\/?p=13946","name":"D\u00e9couverte du verger en automne : Une immersion pour les classes de la Cassagne -","isPartOf":{"@id":"https:\/\/ecolefermedesbois.ch\/#website"},"primaryImageOfPage":{"@id":"https:\/\/ecolefermedesbois.ch\/?p=13946#primaryimage"},"image":{"@id":"https:\/\/ecolefermedesbois.ch\/?p=13946#primaryimage"},"thumbnailUrl":"https:\/\/i0.wp.com\/ecolefermedesbois.ch\/wp-content\/uploads\/2024\/11\/wp-17312305644404256043649727249001.jpg?fit=1500%2C2000&ssl=1","datePublished":"2024-11-18T13:59:08+00:00","dateModified":"2024-11-18T13:59:11+00:00","breadcrumb":{"@id":"https:\/\/ecolefermedesbois.ch\/?p=13946#breadcrumb"},"inLanguage":"fr-FR","potentialAction":[{"@type":"ReadAction","target":["https:\/\/ecolefermedesbois.ch\/?p=13946"]}]},{"@type":"ImageObject","inLanguage":"fr-FR","@id":"https:\/\/ecolefermedesbois.ch\/?p=13946#primaryimage","url":"https:\/\/i0.wp.com\/ecolefermedesbois.ch\/wp-content\/uploads\/2024\/11\/wp-17312305644404256043649727249001.jpg?fit=1500%2C2000&ssl=1","contentUrl":"https:\/\/i0.wp.com\/ecolefermedesbois.ch\/wp-content\/uploads\/2024\/11\/wp-17312305644404256043649727249001.jpg?fit=1500%2C2000&ssl=1","width":1500,"height":2000},{"@type":"BreadcrumbList","@id":"https:\/\/ecolefermedesbois.ch\/?p=13946#breadcrumb","itemListElement":[{"@type":"ListItem","position":1,"name":"Accueil","item":"https:\/\/ecolefermedesbois.ch\/"},{"@type":"ListItem","position":2,"name":"D\u00e9couverte du verger en automne : Une immersion pour les classes de la Cassagne"}]},{"@type":"WebSite","@id":"https:\/\/ecolefermedesbois.ch\/#website","url":"https:\/\/ecolefermedesbois.ch\/","name":"ecolefermedesbois","description":"","publisher":{"@id":"https:\/\/ecolefermedesbois.ch\/#organization"},"potentialAction":[{"@type":"SearchAction","target":{"@type":"EntryPoint","urlTemplate":"https:\/\/ecolefermedesbois.ch\/?s={search_term_string}"},"query-input":{"@type":"PropertyValueSpecification","valueRequired":true,"valueName":"search_term_string"}}],"inLanguage":"fr-FR"},{"@type":"Organization","@id":"https:\/\/ecolefermedesbois.ch\/#organization","name":"Ecole \u00e0 la Ferme des Bois","url":"https:\/\/ecolefermedesbois.ch\/","logo":{"@type":"ImageObject","inLanguage":"fr-FR","@id":"https:\/\/ecolefermedesbois.ch\/#\/schema\/logo\/image\/","url":"https:\/\/ecolefermedesbois.ch\/wp-content\/uploads\/2019\/04\/logo-scaled.gif","contentUrl":"https:\/\/ecolefermedesbois.ch\/wp-content\/uploads\/2019\/04\/logo-scaled.gif","width":2560,"height":608,"caption":"Ecole \u00e0 la Ferme des Bois"},"image":{"@id":"https:\/\/ecolefermedesbois.ch\/#\/schema\/logo\/image\/"},"sameAs":["https:\/\/www.facebook.com\/ecolefermedesBois"]},{"@type":"Person","@id":"https:\/\/ecolefermedesbois.ch\/#\/schema\/person\/78f5a1c78e958e51240f90932d290908","name":"Sophie","image":{"@type":"ImageObject","inLanguage":"fr-FR","@id":"https:\/\/secure.gravatar.com\/avatar\/053fbaec50cb27b03b880a4b8b018009aa3af995f32011efc3f40a589371d46f?s=96&d=mm&r=g","url":"https:\/\/secure.gravatar.com\/avatar\/053fbaec50cb27b03b880a4b8b018009aa3af995f32011efc3f40a589371d46f?s=96&d=mm&r=g","contentUrl":"https:\/\/secure.gravatar.com\/avatar\/053fbaec50cb27b03b880a4b8b018009aa3af995f32011efc3f40a589371d46f?s=96&d=mm&r=g","caption":"Sophie"},"url":"https:\/\/ecolefermedesbois.ch\/?author=2"}]}},"jetpack_publicize_connections":[],"jetpack_featured_media_url":"https:\/\/i0.wp.com\/ecolefermedesbois.ch\/wp-content\/uploads\/2024\/11\/wp-17312305644404256043649727249001.jpg?fit=1500%2C2000&ssl=1","jetpack_sharing_enabled":true,"_links":{"self":[{"href":"https:\/\/ecolefermedesbois.ch\/index.php?rest_route=\/wp\/v2\/posts\/13946","targetHints":{"allow":["GET"]}}],"collection":[{"href":"https:\/\/ecolefermedesbois.ch\/index.php?rest_route=\/wp\/v2\/posts"}],"about":[{"href":"https:\/\/ecolefermedesbois.ch\/index.php?rest_route=\/wp\/v2\/types\/post"}],"author":[{"embeddable":true,"href":"https:\/\/ecolefermedesbois.ch\/index.php?rest_route=\/wp\/v2\/users\/2"}],"replies":[{"embeddable":true,"href":"https:\/\/ecolefermedesbois.ch\/index.php?rest_route=%2Fwp%2Fv2%2Fcomments&post=13946"}],"version-history":[{"count":1,"href":"https:\/\/ecolefermedesbois.ch\/index.php?rest_route=\/wp\/v2\/posts\/13946\/revisions"}],"predecessor-version":[{"id":13947,"href":"https:\/\/ecolefermedesbois.ch\/index.php?rest_route=\/wp\/v2\/posts\/13946\/revisions\/13947"}],"wp:featuredmedia":[{"embeddable":true,"href":"https:\/\/ecolefermedesbois.ch\/index.php?rest_route=\/wp\/v2\/media\/13805"}],"wp:attachment":[{"href":"https:\/\/ecolefermedesbois.ch\/index.php?rest_route=%2Fwp%2Fv2%2Fmedia&parent=13946"}],"wp:term":[{"taxonomy":"category","embeddable":true,"href":"https:\/\/ecolefermedesbois.ch\/index.php?rest_route=%2Fwp%2Fv2%2Fcategories&post=13946"},{"taxonomy":"post_tag","embeddable":true,"href":"https:\/\/ecolefermedesbois.ch\/index.php?rest_route=%2Fwp%2Fv2%2Ftags&post=13946"}],"curies":[{"name":"wp","href":"https:\/\/api.w.org\/{rel}","templated":true}]}}