{"id":13447,"date":"2024-08-23T13:38:59","date_gmt":"2024-08-23T11:38:59","guid":{"rendered":"https:\/\/ecolefermedesbois.ch\/?p=13447"},"modified":"2024-08-23T13:39:04","modified_gmt":"2024-08-23T11:39:04","slug":"passeport-vacances-moudon-et-region-en-aout-en-immersion-dans-notre-quotidien","status":"publish","type":"post","link":"https:\/\/ecolefermedesbois.ch\/?p=13447","title":{"rendered":"Passeport Vacances Moudon et r\u00e9gion : En ao\u00fbt en immersion dans notre quotidien"},"content":{"rendered":"<div class=\"pdfprnt-buttons pdfprnt-buttons-post pdfprnt-top-right\"><a href=\"https:\/\/ecolefermedesbois.ch\/index.php?rest_route=%2Fwp%2Fv2%2Fposts%2F13447&print=pdf\" class=\"pdfprnt-button pdfprnt-button-pdf\" target=\"_blank\" ><img data-recalc-dims=\"1\" decoding=\"async\" src=\"https:\/\/i0.wp.com\/ecolefermedesbois.ch\/wp-content\/plugins\/pdf-print\/images\/pdf.png?w=720&#038;ssl=1\" alt=\"image_pdf\" title=\"Afficher le PDF\" \/><\/a><a href=\"https:\/\/ecolefermedesbois.ch\/index.php?rest_route=%2Fwp%2Fv2%2Fposts%2F13447&print=print\" class=\"pdfprnt-button pdfprnt-button-print\" target=\"_blank\" ><img data-recalc-dims=\"1\" decoding=\"async\" src=\"https:\/\/i0.wp.com\/ecolefermedesbois.ch\/wp-content\/plugins\/pdf-print\/images\/print.png?w=720&#038;ssl=1\" alt=\"image_print\" title=\"Contenu imprim\u00e9\" \/><\/a><\/div>\n<p>Mercredi 7 ao\u00fbt, une vingtaine de jeunes sont venus d\u00e9couvrir notre quotidien \u00e0 la ferme. <br><\/p>\n\n\n\n<p>Nous commen\u00e7ons la matin\u00e9e en faisant 2 groupes. Un groupe vient avec moi nettoyer les clapiers des lapins. Les jeunes ont lav\u00e9 les bacs au jet d&rsquo;eau, mis de la paille et plac\u00e9 chaque bac \u00e0 son lapin. Puis nous sommes all\u00e9s dans l&rsquo;enclos de nos jeunes lapins pour les c\u00e2liner et d\u00e9couvrir leurs sp\u00e9cificit\u00e9s. Un beau moment de douceur. Pendant ce temps le deuxi\u00e8me groupe est avec Emilie pour d\u00e9couvrir l&rsquo;univers des poules, sans oublier de c\u00e2liner et porter notre Poupette.<br>Ensuite nous \u00e9changeons les groupes afin que chaque enfant puisse faire les m\u00eames activit\u00e9s.<\/p>\n\n\n\n<p>Pour la deuxi\u00e8me partie de la matin\u00e9e, nous allons pr\u00e9parer le d\u00eener. Nous commen\u00e7ons par aller au jardin pour r\u00e9colter les salades vertes et les carottes. Apr\u00e8s une recherche infructueuse, j&rsquo;explique que cette ann\u00e9e, \u00e0 cause de la m\u00e9t\u00e9o, les carottes n&rsquo;ont pas pouss\u00e9 et que les salades pr\u00e9sentes sont encore trop petites. C&rsquo;est pour cela que je suis all\u00e9e chez la mara\u00eech\u00e8re de Puidoux pour en acheter.<\/p>\n\n\n\n<p>En salle, mains lav\u00e9es, nous voil\u00e0 pr\u00eats pour pr\u00e9parer le repas. Nous commen\u00e7ons par pr\u00e9parer les les steaks hach\u00e9s pour les grillades. Chaque groupe p\u00e8se la viande, coupe un oignon, casse des \u0153ufs et assaisonne le tout avant de bien m\u00e9langer. Puis chacun va faire une boule de viande et l&rsquo;\u00e9craser pour faire des steaks hach\u00e9s. Une fois disposer dans un plat, nous passons au reste de la pr\u00e9paration du repas.<br>Un groupe r\u00e2pe les carottes, un autre lave la salade verte et l\u2019essore pendant qu&rsquo;un groupe pr\u00e9pare la sauce \u00e0 salade. Puis tout le monde aide \u00e0 mettre la table.<br>Quel job et surtout quelle joie de vous voir si impliqu\u00e9s \u00e0 la pr\u00e9paration du repas! Bravo les jeunes vous avez \u00e9t\u00e9 super efficaces!<\/p>\n\n\n\n<p>Nous commen\u00e7ons l&rsquo;apr\u00e8s-midi par une course de tracteur afin de bien dig\u00e9rer. Que d\u2019\u00e9clat de rire et de joie! Vraiment super. Puis en 2 groupes, un vient avec moi aupr\u00e8s les ch\u00e8vres afin de pouvoir les c\u00e2liner et d\u00e9couvrir certaines de leurs sp\u00e9cificit\u00e9s. Pendant ce temps le deuxi\u00e8me groupe est avec Emilie pour d\u00e9couvrir la table du toucher. Puis nous \u00e9changeons les groupes.<\/p>\n\n\n\n<p>Pour la deuxi\u00e8me partie de l&rsquo;apr\u00e8s-midi, nous allons en chariote d\u00e9couvrir l&rsquo;\u00e9table et ses habitantes. Nous c\u00e2linons les vaches. <br>Nous allons tous d\u00e9couvrir la salle de traite et son fonctionnement. Ensuite un groupe viens avec moi aupr\u00e8s des veaux.<br>Pendant ce temps, le deuxi\u00e8me groupe est avec Emilie pour d\u00e9couvrir ce que mange une vache. Emilie va leur expliquer le fonctionnement de leurs estomacs et des cons\u00e9quences mortelles des d\u00e9chets en bords des routes. Puis nous \u00e9changeons \u00e9galement les groupes.<\/p>\n\n\n\n<p>Merci les enfants pour votre implication tout au long de la journ\u00e9e. Pour toutes vos questions et votre joie d&rsquo;\u00eatre l\u00e0.<br>Merci Anouk, Nicole et Sylvie d&rsquo;\u00eatres venues avec les jeunes passer cette journ\u00e9e chez nous.<\/p>\n\n\n\n<p>Je vous souhaite une belle rentr\u00e9e<\/p>\n\n\n\n<p>A bient\u00f4t<\/p>\n\n\n\n<figure class=\"wp-block-gallery has-nested-images columns-default is-cropped wp-block-gallery-1 is-layout-flex wp-block-gallery-is-layout-flex\">\n<figure class=\"wp-block-image size-large\"><img data-recalc-dims=\"1\" fetchpriority=\"high\" decoding=\"async\" width=\"600\" height=\"450\" data-id=\"13450\" src=\"https:\/\/i0.wp.com\/ecolefermedesbois.ch\/wp-content\/uploads\/2024\/08\/20240807_103458.jpg?resize=600%2C450&#038;ssl=1\" alt=\"\" class=\"wp-image-13450\" srcset=\"https:\/\/i0.wp.com\/ecolefermedesbois.ch\/wp-content\/uploads\/2024\/08\/20240807_103458-scaled.jpg?resize=600%2C450&amp;ssl=1 600w, https:\/\/i0.wp.com\/ecolefermedesbois.ch\/wp-content\/uploads\/2024\/08\/20240807_103458-scaled.jpg?resize=300%2C225&amp;ssl=1 300w, https:\/\/i0.wp.com\/ecolefermedesbois.ch\/wp-content\/uploads\/2024\/08\/20240807_103458-scaled.jpg?resize=768%2C576&amp;ssl=1 768w, https:\/\/i0.wp.com\/ecolefermedesbois.ch\/wp-content\/uploads\/2024\/08\/20240807_103458-scaled.jpg?resize=1536%2C1152&amp;ssl=1 1536w, https:\/\/i0.wp.com\/ecolefermedesbois.ch\/wp-content\/uploads\/2024\/08\/20240807_103458-scaled.jpg?resize=2048%2C1536&amp;ssl=1 2048w, https:\/\/i0.wp.com\/ecolefermedesbois.ch\/wp-content\/uploads\/2024\/08\/20240807_103458-scaled.jpg?w=1440&amp;ssl=1 1440w, https:\/\/i0.wp.com\/ecolefermedesbois.ch\/wp-content\/uploads\/2024\/08\/20240807_103458-scaled.jpg?w=2160&amp;ssl=1 2160w\" sizes=\"(max-width: 600px) 100vw, 600px\" \/><\/figure>\n\n\n\n<figure class=\"wp-block-image size-large\"><img data-recalc-dims=\"1\" decoding=\"async\" width=\"600\" height=\"450\" data-id=\"13449\" src=\"https:\/\/i0.wp.com\/ecolefermedesbois.ch\/wp-content\/uploads\/2024\/08\/20240807_103749.jpg?resize=600%2C450&#038;ssl=1\" alt=\"\" class=\"wp-image-13449\" srcset=\"https:\/\/i0.wp.com\/ecolefermedesbois.ch\/wp-content\/uploads\/2024\/08\/20240807_103749-scaled.jpg?resize=600%2C450&amp;ssl=1 600w, https:\/\/i0.wp.com\/ecolefermedesbois.ch\/wp-content\/uploads\/2024\/08\/20240807_103749-scaled.jpg?resize=300%2C225&amp;ssl=1 300w, https:\/\/i0.wp.com\/ecolefermedesbois.ch\/wp-content\/uploads\/2024\/08\/20240807_103749-scaled.jpg?resize=768%2C576&amp;ssl=1 768w, https:\/\/i0.wp.com\/ecolefermedesbois.ch\/wp-content\/uploads\/2024\/08\/20240807_103749-scaled.jpg?resize=1536%2C1152&amp;ssl=1 1536w, https:\/\/i0.wp.com\/ecolefermedesbois.ch\/wp-content\/uploads\/2024\/08\/20240807_103749-scaled.jpg?resize=2048%2C1536&amp;ssl=1 2048w, https:\/\/i0.wp.com\/ecolefermedesbois.ch\/wp-content\/uploads\/2024\/08\/20240807_103749-scaled.jpg?w=1440&amp;ssl=1 1440w, https:\/\/i0.wp.com\/ecolefermedesbois.ch\/wp-content\/uploads\/2024\/08\/20240807_103749-scaled.jpg?w=2160&amp;ssl=1 2160w\" sizes=\"(max-width: 600px) 100vw, 600px\" \/><\/figure>\n\n\n\n<figure class=\"wp-block-image size-large\"><img data-recalc-dims=\"1\" decoding=\"async\" width=\"382\" height=\"600\" data-id=\"13448\" src=\"https:\/\/i0.wp.com\/ecolefermedesbois.ch\/wp-content\/uploads\/2024\/08\/20240807_104343.jpg?resize=382%2C600&#038;ssl=1\" alt=\"\" class=\"wp-image-13448\" srcset=\"https:\/\/i0.wp.com\/ecolefermedesbois.ch\/wp-content\/uploads\/2024\/08\/20240807_104343-scaled.jpg?resize=382%2C600&amp;ssl=1 382w, https:\/\/i0.wp.com\/ecolefermedesbois.ch\/wp-content\/uploads\/2024\/08\/20240807_104343-scaled.jpg?resize=191%2C300&amp;ssl=1 191w, https:\/\/i0.wp.com\/ecolefermedesbois.ch\/wp-content\/uploads\/2024\/08\/20240807_104343-scaled.jpg?resize=768%2C1208&amp;ssl=1 768w, https:\/\/i0.wp.com\/ecolefermedesbois.ch\/wp-content\/uploads\/2024\/08\/20240807_104343-scaled.jpg?resize=977%2C1536&amp;ssl=1 977w, https:\/\/i0.wp.com\/ecolefermedesbois.ch\/wp-content\/uploads\/2024\/08\/20240807_104343-scaled.jpg?resize=1302%2C2048&amp;ssl=1 1302w, https:\/\/i0.wp.com\/ecolefermedesbois.ch\/wp-content\/uploads\/2024\/08\/20240807_104343-scaled.jpg?w=1628&amp;ssl=1 1628w, https:\/\/i0.wp.com\/ecolefermedesbois.ch\/wp-content\/uploads\/2024\/08\/20240807_104343-scaled.jpg?w=1440&amp;ssl=1 1440w\" sizes=\"(max-width: 382px) 100vw, 382px\" \/><\/figure>\n\n\n\n<figure class=\"wp-block-image size-large\"><img data-recalc-dims=\"1\" loading=\"lazy\" decoding=\"async\" width=\"600\" height=\"450\" data-id=\"13452\" src=\"https:\/\/i0.wp.com\/ecolefermedesbois.ch\/wp-content\/uploads\/2024\/08\/20240807_110302.jpg?resize=600%2C450&#038;ssl=1\" alt=\"\" class=\"wp-image-13452\" srcset=\"https:\/\/i0.wp.com\/ecolefermedesbois.ch\/wp-content\/uploads\/2024\/08\/20240807_110302-scaled.jpg?resize=600%2C450&amp;ssl=1 600w, https:\/\/i0.wp.com\/ecolefermedesbois.ch\/wp-content\/uploads\/2024\/08\/20240807_110302-scaled.jpg?resize=300%2C225&amp;ssl=1 300w, https:\/\/i0.wp.com\/ecolefermedesbois.ch\/wp-content\/uploads\/2024\/08\/20240807_110302-scaled.jpg?resize=768%2C576&amp;ssl=1 768w, https:\/\/i0.wp.com\/ecolefermedesbois.ch\/wp-content\/uploads\/2024\/08\/20240807_110302-scaled.jpg?resize=1536%2C1152&amp;ssl=1 1536w, https:\/\/i0.wp.com\/ecolefermedesbois.ch\/wp-content\/uploads\/2024\/08\/20240807_110302-scaled.jpg?resize=2048%2C1536&amp;ssl=1 2048w, https:\/\/i0.wp.com\/ecolefermedesbois.ch\/wp-content\/uploads\/2024\/08\/20240807_110302-scaled.jpg?w=1440&amp;ssl=1 1440w, https:\/\/i0.wp.com\/ecolefermedesbois.ch\/wp-content\/uploads\/2024\/08\/20240807_110302-scaled.jpg?w=2160&amp;ssl=1 2160w\" sizes=\"(max-width: 600px) 100vw, 600px\" \/><\/figure>\n\n\n\n<figure class=\"wp-block-image size-large\"><img data-recalc-dims=\"1\" loading=\"lazy\" decoding=\"async\" width=\"450\" height=\"600\" data-id=\"13451\" src=\"https:\/\/i0.wp.com\/ecolefermedesbois.ch\/wp-content\/uploads\/2024\/08\/20240807_113537.jpg?resize=450%2C600&#038;ssl=1\" alt=\"\" class=\"wp-image-13451\" srcset=\"https:\/\/i0.wp.com\/ecolefermedesbois.ch\/wp-content\/uploads\/2024\/08\/20240807_113537-scaled.jpg?resize=450%2C600&amp;ssl=1 450w, https:\/\/i0.wp.com\/ecolefermedesbois.ch\/wp-content\/uploads\/2024\/08\/20240807_113537-scaled.jpg?resize=225%2C300&amp;ssl=1 225w, https:\/\/i0.wp.com\/ecolefermedesbois.ch\/wp-content\/uploads\/2024\/08\/20240807_113537-scaled.jpg?resize=768%2C1024&amp;ssl=1 768w, https:\/\/i0.wp.com\/ecolefermedesbois.ch\/wp-content\/uploads\/2024\/08\/20240807_113537-scaled.jpg?resize=1152%2C1536&amp;ssl=1 1152w, https:\/\/i0.wp.com\/ecolefermedesbois.ch\/wp-content\/uploads\/2024\/08\/20240807_113537-scaled.jpg?resize=1536%2C2048&amp;ssl=1 1536w, https:\/\/i0.wp.com\/ecolefermedesbois.ch\/wp-content\/uploads\/2024\/08\/20240807_113537-scaled.jpg?w=1920&amp;ssl=1 1920w, https:\/\/i0.wp.com\/ecolefermedesbois.ch\/wp-content\/uploads\/2024\/08\/20240807_113537-scaled.jpg?w=1440&amp;ssl=1 1440w\" sizes=\"(max-width: 450px) 100vw, 450px\" \/><\/figure>\n\n\n\n<figure class=\"wp-block-image size-large\"><img data-recalc-dims=\"1\" loading=\"lazy\" decoding=\"async\" width=\"600\" height=\"450\" data-id=\"13453\" src=\"https:\/\/i0.wp.com\/ecolefermedesbois.ch\/wp-content\/uploads\/2024\/08\/20240807_120704.jpg?resize=600%2C450&#038;ssl=1\" alt=\"\" class=\"wp-image-13453\" srcset=\"https:\/\/i0.wp.com\/ecolefermedesbois.ch\/wp-content\/uploads\/2024\/08\/20240807_120704-scaled.jpg?resize=600%2C450&amp;ssl=1 600w, https:\/\/i0.wp.com\/ecolefermedesbois.ch\/wp-content\/uploads\/2024\/08\/20240807_120704-scaled.jpg?resize=300%2C225&amp;ssl=1 300w, https:\/\/i0.wp.com\/ecolefermedesbois.ch\/wp-content\/uploads\/2024\/08\/20240807_120704-scaled.jpg?resize=768%2C576&amp;ssl=1 768w, https:\/\/i0.wp.com\/ecolefermedesbois.ch\/wp-content\/uploads\/2024\/08\/20240807_120704-scaled.jpg?resize=1536%2C1152&amp;ssl=1 1536w, https:\/\/i0.wp.com\/ecolefermedesbois.ch\/wp-content\/uploads\/2024\/08\/20240807_120704-scaled.jpg?resize=2048%2C1536&amp;ssl=1 2048w, https:\/\/i0.wp.com\/ecolefermedesbois.ch\/wp-content\/uploads\/2024\/08\/20240807_120704-scaled.jpg?w=1440&amp;ssl=1 1440w, https:\/\/i0.wp.com\/ecolefermedesbois.ch\/wp-content\/uploads\/2024\/08\/20240807_120704-scaled.jpg?w=2160&amp;ssl=1 2160w\" sizes=\"(max-width: 600px) 100vw, 600px\" \/><\/figure>\n\n\n\n<figure class=\"wp-block-image size-large\"><img data-recalc-dims=\"1\" loading=\"lazy\" decoding=\"async\" width=\"600\" height=\"450\" data-id=\"13454\" src=\"https:\/\/i0.wp.com\/ecolefermedesbois.ch\/wp-content\/uploads\/2024\/08\/20240807_120709.jpg?resize=600%2C450&#038;ssl=1\" alt=\"\" class=\"wp-image-13454\" srcset=\"https:\/\/i0.wp.com\/ecolefermedesbois.ch\/wp-content\/uploads\/2024\/08\/20240807_120709-scaled.jpg?resize=600%2C450&amp;ssl=1 600w, https:\/\/i0.wp.com\/ecolefermedesbois.ch\/wp-content\/uploads\/2024\/08\/20240807_120709-scaled.jpg?resize=300%2C225&amp;ssl=1 300w, https:\/\/i0.wp.com\/ecolefermedesbois.ch\/wp-content\/uploads\/2024\/08\/20240807_120709-scaled.jpg?resize=768%2C576&amp;ssl=1 768w, https:\/\/i0.wp.com\/ecolefermedesbois.ch\/wp-content\/uploads\/2024\/08\/20240807_120709-scaled.jpg?resize=1536%2C1152&amp;ssl=1 1536w, https:\/\/i0.wp.com\/ecolefermedesbois.ch\/wp-content\/uploads\/2024\/08\/20240807_120709-scaled.jpg?resize=2048%2C1536&amp;ssl=1 2048w, https:\/\/i0.wp.com\/ecolefermedesbois.ch\/wp-content\/uploads\/2024\/08\/20240807_120709-scaled.jpg?w=1440&amp;ssl=1 1440w, https:\/\/i0.wp.com\/ecolefermedesbois.ch\/wp-content\/uploads\/2024\/08\/20240807_120709-scaled.jpg?w=2160&amp;ssl=1 2160w\" sizes=\"(max-width: 600px) 100vw, 600px\" \/><\/figure>\n\n\n\n<figure class=\"wp-block-image size-large\"><img data-recalc-dims=\"1\" loading=\"lazy\" decoding=\"async\" width=\"600\" height=\"450\" data-id=\"13455\" src=\"https:\/\/i0.wp.com\/ecolefermedesbois.ch\/wp-content\/uploads\/2024\/08\/20240807_120717.jpg?resize=600%2C450&#038;ssl=1\" alt=\"\" class=\"wp-image-13455\" srcset=\"https:\/\/i0.wp.com\/ecolefermedesbois.ch\/wp-content\/uploads\/2024\/08\/20240807_120717-scaled.jpg?resize=600%2C450&amp;ssl=1 600w, https:\/\/i0.wp.com\/ecolefermedesbois.ch\/wp-content\/uploads\/2024\/08\/20240807_120717-scaled.jpg?resize=300%2C225&amp;ssl=1 300w, https:\/\/i0.wp.com\/ecolefermedesbois.ch\/wp-content\/uploads\/2024\/08\/20240807_120717-scaled.jpg?resize=768%2C576&amp;ssl=1 768w, https:\/\/i0.wp.com\/ecolefermedesbois.ch\/wp-content\/uploads\/2024\/08\/20240807_120717-scaled.jpg?resize=1536%2C1152&amp;ssl=1 1536w, https:\/\/i0.wp.com\/ecolefermedesbois.ch\/wp-content\/uploads\/2024\/08\/20240807_120717-scaled.jpg?resize=2048%2C1536&amp;ssl=1 2048w, https:\/\/i0.wp.com\/ecolefermedesbois.ch\/wp-content\/uploads\/2024\/08\/20240807_120717-scaled.jpg?w=1440&amp;ssl=1 1440w, https:\/\/i0.wp.com\/ecolefermedesbois.ch\/wp-content\/uploads\/2024\/08\/20240807_120717-scaled.jpg?w=2160&amp;ssl=1 2160w\" sizes=\"(max-width: 600px) 100vw, 600px\" \/><\/figure>\n\n\n\n<figure class=\"wp-block-image size-large\"><img data-recalc-dims=\"1\" loading=\"lazy\" decoding=\"async\" width=\"600\" height=\"450\" data-id=\"13456\" src=\"https:\/\/i0.wp.com\/ecolefermedesbois.ch\/wp-content\/uploads\/2024\/08\/20240807_133427.jpg?resize=600%2C450&#038;ssl=1\" alt=\"\" class=\"wp-image-13456\" srcset=\"https:\/\/i0.wp.com\/ecolefermedesbois.ch\/wp-content\/uploads\/2024\/08\/20240807_133427-scaled.jpg?resize=600%2C450&amp;ssl=1 600w, https:\/\/i0.wp.com\/ecolefermedesbois.ch\/wp-content\/uploads\/2024\/08\/20240807_133427-scaled.jpg?resize=300%2C225&amp;ssl=1 300w, https:\/\/i0.wp.com\/ecolefermedesbois.ch\/wp-content\/uploads\/2024\/08\/20240807_133427-scaled.jpg?resize=768%2C576&amp;ssl=1 768w, https:\/\/i0.wp.com\/ecolefermedesbois.ch\/wp-content\/uploads\/2024\/08\/20240807_133427-scaled.jpg?resize=1536%2C1152&amp;ssl=1 1536w, https:\/\/i0.wp.com\/ecolefermedesbois.ch\/wp-content\/uploads\/2024\/08\/20240807_133427-scaled.jpg?resize=2048%2C1536&amp;ssl=1 2048w, https:\/\/i0.wp.com\/ecolefermedesbois.ch\/wp-content\/uploads\/2024\/08\/20240807_133427-scaled.jpg?w=1440&amp;ssl=1 1440w, https:\/\/i0.wp.com\/ecolefermedesbois.ch\/wp-content\/uploads\/2024\/08\/20240807_133427-scaled.jpg?w=2160&amp;ssl=1 2160w\" sizes=\"(max-width: 600px) 100vw, 600px\" \/><\/figure>\n\n\n\n<figure class=\"wp-block-image size-large\"><img data-recalc-dims=\"1\" loading=\"lazy\" decoding=\"async\" width=\"600\" height=\"450\" data-id=\"13457\" src=\"https:\/\/i0.wp.com\/ecolefermedesbois.ch\/wp-content\/uploads\/2024\/08\/20240807_133824.jpg?resize=600%2C450&#038;ssl=1\" alt=\"\" class=\"wp-image-13457\" srcset=\"https:\/\/i0.wp.com\/ecolefermedesbois.ch\/wp-content\/uploads\/2024\/08\/20240807_133824-scaled.jpg?resize=600%2C450&amp;ssl=1 600w, https:\/\/i0.wp.com\/ecolefermedesbois.ch\/wp-content\/uploads\/2024\/08\/20240807_133824-scaled.jpg?resize=300%2C225&amp;ssl=1 300w, https:\/\/i0.wp.com\/ecolefermedesbois.ch\/wp-content\/uploads\/2024\/08\/20240807_133824-scaled.jpg?resize=768%2C576&amp;ssl=1 768w, https:\/\/i0.wp.com\/ecolefermedesbois.ch\/wp-content\/uploads\/2024\/08\/20240807_133824-scaled.jpg?resize=1536%2C1152&amp;ssl=1 1536w, https:\/\/i0.wp.com\/ecolefermedesbois.ch\/wp-content\/uploads\/2024\/08\/20240807_133824-scaled.jpg?resize=2048%2C1536&amp;ssl=1 2048w, https:\/\/i0.wp.com\/ecolefermedesbois.ch\/wp-content\/uploads\/2024\/08\/20240807_133824-scaled.jpg?w=1440&amp;ssl=1 1440w, https:\/\/i0.wp.com\/ecolefermedesbois.ch\/wp-content\/uploads\/2024\/08\/20240807_133824-scaled.jpg?w=2160&amp;ssl=1 2160w\" sizes=\"(max-width: 600px) 100vw, 600px\" \/><\/figure>\n\n\n\n<figure class=\"wp-block-image size-large\"><img data-recalc-dims=\"1\" loading=\"lazy\" decoding=\"async\" width=\"600\" height=\"450\" data-id=\"13458\" src=\"https:\/\/i0.wp.com\/ecolefermedesbois.ch\/wp-content\/uploads\/2024\/08\/20240807_140547.jpg?resize=600%2C450&#038;ssl=1\" alt=\"\" class=\"wp-image-13458\" srcset=\"https:\/\/i0.wp.com\/ecolefermedesbois.ch\/wp-content\/uploads\/2024\/08\/20240807_140547-scaled.jpg?resize=600%2C450&amp;ssl=1 600w, https:\/\/i0.wp.com\/ecolefermedesbois.ch\/wp-content\/uploads\/2024\/08\/20240807_140547-scaled.jpg?resize=300%2C225&amp;ssl=1 300w, https:\/\/i0.wp.com\/ecolefermedesbois.ch\/wp-content\/uploads\/2024\/08\/20240807_140547-scaled.jpg?resize=768%2C576&amp;ssl=1 768w, https:\/\/i0.wp.com\/ecolefermedesbois.ch\/wp-content\/uploads\/2024\/08\/20240807_140547-scaled.jpg?resize=1536%2C1152&amp;ssl=1 1536w, https:\/\/i0.wp.com\/ecolefermedesbois.ch\/wp-content\/uploads\/2024\/08\/20240807_140547-scaled.jpg?resize=2048%2C1536&amp;ssl=1 2048w, https:\/\/i0.wp.com\/ecolefermedesbois.ch\/wp-content\/uploads\/2024\/08\/20240807_140547-scaled.jpg?w=1440&amp;ssl=1 1440w, https:\/\/i0.wp.com\/ecolefermedesbois.ch\/wp-content\/uploads\/2024\/08\/20240807_140547-scaled.jpg?w=2160&amp;ssl=1 2160w\" sizes=\"(max-width: 600px) 100vw, 600px\" \/><\/figure>\n\n\n\n<figure class=\"wp-block-image size-large\"><img data-recalc-dims=\"1\" loading=\"lazy\" decoding=\"async\" width=\"600\" height=\"472\" data-id=\"13459\" src=\"https:\/\/i0.wp.com\/ecolefermedesbois.ch\/wp-content\/uploads\/2024\/08\/20240807_141538.jpg?resize=600%2C472&#038;ssl=1\" alt=\"\" class=\"wp-image-13459\" srcset=\"https:\/\/i0.wp.com\/ecolefermedesbois.ch\/wp-content\/uploads\/2024\/08\/20240807_141538-scaled.jpg?resize=600%2C472&amp;ssl=1 600w, https:\/\/i0.wp.com\/ecolefermedesbois.ch\/wp-content\/uploads\/2024\/08\/20240807_141538-scaled.jpg?resize=300%2C236&amp;ssl=1 300w, https:\/\/i0.wp.com\/ecolefermedesbois.ch\/wp-content\/uploads\/2024\/08\/20240807_141538-scaled.jpg?resize=768%2C604&amp;ssl=1 768w, https:\/\/i0.wp.com\/ecolefermedesbois.ch\/wp-content\/uploads\/2024\/08\/20240807_141538-scaled.jpg?resize=1536%2C1209&amp;ssl=1 1536w, https:\/\/i0.wp.com\/ecolefermedesbois.ch\/wp-content\/uploads\/2024\/08\/20240807_141538-scaled.jpg?resize=2048%2C1612&amp;ssl=1 2048w, https:\/\/i0.wp.com\/ecolefermedesbois.ch\/wp-content\/uploads\/2024\/08\/20240807_141538-scaled.jpg?w=1440&amp;ssl=1 1440w, https:\/\/i0.wp.com\/ecolefermedesbois.ch\/wp-content\/uploads\/2024\/08\/20240807_141538-scaled.jpg?w=2160&amp;ssl=1 2160w\" sizes=\"(max-width: 600px) 100vw, 600px\" \/><\/figure>\n\n\n\n<figure class=\"wp-block-image size-large\"><img data-recalc-dims=\"1\" loading=\"lazy\" decoding=\"async\" width=\"600\" height=\"450\" data-id=\"13463\" src=\"https:\/\/i0.wp.com\/ecolefermedesbois.ch\/wp-content\/uploads\/2024\/08\/20240807_144349.jpg?resize=600%2C450&#038;ssl=1\" alt=\"\" class=\"wp-image-13463\" srcset=\"https:\/\/i0.wp.com\/ecolefermedesbois.ch\/wp-content\/uploads\/2024\/08\/20240807_144349-scaled.jpg?resize=600%2C450&amp;ssl=1 600w, https:\/\/i0.wp.com\/ecolefermedesbois.ch\/wp-content\/uploads\/2024\/08\/20240807_144349-scaled.jpg?resize=300%2C225&amp;ssl=1 300w, https:\/\/i0.wp.com\/ecolefermedesbois.ch\/wp-content\/uploads\/2024\/08\/20240807_144349-scaled.jpg?resize=768%2C576&amp;ssl=1 768w, https:\/\/i0.wp.com\/ecolefermedesbois.ch\/wp-content\/uploads\/2024\/08\/20240807_144349-scaled.jpg?resize=1536%2C1152&amp;ssl=1 1536w, https:\/\/i0.wp.com\/ecolefermedesbois.ch\/wp-content\/uploads\/2024\/08\/20240807_144349-scaled.jpg?resize=2048%2C1536&amp;ssl=1 2048w, https:\/\/i0.wp.com\/ecolefermedesbois.ch\/wp-content\/uploads\/2024\/08\/20240807_144349-scaled.jpg?w=1440&amp;ssl=1 1440w, https:\/\/i0.wp.com\/ecolefermedesbois.ch\/wp-content\/uploads\/2024\/08\/20240807_144349-scaled.jpg?w=2160&amp;ssl=1 2160w\" sizes=\"(max-width: 600px) 100vw, 600px\" \/><\/figure>\n\n\n\n<figure class=\"wp-block-image size-large\"><img data-recalc-dims=\"1\" loading=\"lazy\" decoding=\"async\" width=\"600\" height=\"450\" data-id=\"13462\" src=\"https:\/\/i0.wp.com\/ecolefermedesbois.ch\/wp-content\/uploads\/2024\/08\/20240807_145143.jpg?resize=600%2C450&#038;ssl=1\" alt=\"\" class=\"wp-image-13462\" srcset=\"https:\/\/i0.wp.com\/ecolefermedesbois.ch\/wp-content\/uploads\/2024\/08\/20240807_145143-scaled.jpg?resize=600%2C450&amp;ssl=1 600w, https:\/\/i0.wp.com\/ecolefermedesbois.ch\/wp-content\/uploads\/2024\/08\/20240807_145143-scaled.jpg?resize=300%2C225&amp;ssl=1 300w, https:\/\/i0.wp.com\/ecolefermedesbois.ch\/wp-content\/uploads\/2024\/08\/20240807_145143-scaled.jpg?resize=768%2C576&amp;ssl=1 768w, https:\/\/i0.wp.com\/ecolefermedesbois.ch\/wp-content\/uploads\/2024\/08\/20240807_145143-scaled.jpg?resize=1536%2C1152&amp;ssl=1 1536w, https:\/\/i0.wp.com\/ecolefermedesbois.ch\/wp-content\/uploads\/2024\/08\/20240807_145143-scaled.jpg?resize=2048%2C1536&amp;ssl=1 2048w, https:\/\/i0.wp.com\/ecolefermedesbois.ch\/wp-content\/uploads\/2024\/08\/20240807_145143-scaled.jpg?w=1440&amp;ssl=1 1440w, https:\/\/i0.wp.com\/ecolefermedesbois.ch\/wp-content\/uploads\/2024\/08\/20240807_145143-scaled.jpg?w=2160&amp;ssl=1 2160w\" sizes=\"(max-width: 600px) 100vw, 600px\" \/><\/figure>\n\n\n\n<figure class=\"wp-block-image size-large\"><img data-recalc-dims=\"1\" loading=\"lazy\" decoding=\"async\" width=\"450\" height=\"600\" data-id=\"13464\" src=\"https:\/\/i0.wp.com\/ecolefermedesbois.ch\/wp-content\/uploads\/2024\/08\/20240807_153027.jpg?resize=450%2C600&#038;ssl=1\" alt=\"\" class=\"wp-image-13464\" srcset=\"https:\/\/i0.wp.com\/ecolefermedesbois.ch\/wp-content\/uploads\/2024\/08\/20240807_153027-scaled.jpg?resize=450%2C600&amp;ssl=1 450w, https:\/\/i0.wp.com\/ecolefermedesbois.ch\/wp-content\/uploads\/2024\/08\/20240807_153027-scaled.jpg?resize=225%2C300&amp;ssl=1 225w, https:\/\/i0.wp.com\/ecolefermedesbois.ch\/wp-content\/uploads\/2024\/08\/20240807_153027-scaled.jpg?resize=768%2C1024&amp;ssl=1 768w, https:\/\/i0.wp.com\/ecolefermedesbois.ch\/wp-content\/uploads\/2024\/08\/20240807_153027-scaled.jpg?resize=1152%2C1536&amp;ssl=1 1152w, https:\/\/i0.wp.com\/ecolefermedesbois.ch\/wp-content\/uploads\/2024\/08\/20240807_153027-scaled.jpg?resize=1536%2C2048&amp;ssl=1 1536w, https:\/\/i0.wp.com\/ecolefermedesbois.ch\/wp-content\/uploads\/2024\/08\/20240807_153027-scaled.jpg?w=1920&amp;ssl=1 1920w, https:\/\/i0.wp.com\/ecolefermedesbois.ch\/wp-content\/uploads\/2024\/08\/20240807_153027-scaled.jpg?w=1440&amp;ssl=1 1440w\" sizes=\"(max-width: 450px) 100vw, 450px\" \/><\/figure>\n\n\n\n<figure class=\"wp-block-image size-large\"><img data-recalc-dims=\"1\" loading=\"lazy\" decoding=\"async\" width=\"360\" height=\"600\" data-id=\"13460\" src=\"https:\/\/i0.wp.com\/ecolefermedesbois.ch\/wp-content\/uploads\/2024\/08\/IMG-20240807-WA0015.jpg?resize=360%2C600&#038;ssl=1\" alt=\"\" class=\"wp-image-13460\" srcset=\"https:\/\/i0.wp.com\/ecolefermedesbois.ch\/wp-content\/uploads\/2024\/08\/IMG-20240807-WA0015.jpg?resize=360%2C600&amp;ssl=1 360w, https:\/\/i0.wp.com\/ecolefermedesbois.ch\/wp-content\/uploads\/2024\/08\/IMG-20240807-WA0015.jpg?resize=180%2C300&amp;ssl=1 180w, https:\/\/i0.wp.com\/ecolefermedesbois.ch\/wp-content\/uploads\/2024\/08\/IMG-20240807-WA0015.jpg?resize=768%2C1280&amp;ssl=1 768w, https:\/\/i0.wp.com\/ecolefermedesbois.ch\/wp-content\/uploads\/2024\/08\/IMG-20240807-WA0015.jpg?resize=922%2C1536&amp;ssl=1 922w, https:\/\/i0.wp.com\/ecolefermedesbois.ch\/wp-content\/uploads\/2024\/08\/IMG-20240807-WA0015.jpg?w=1128&amp;ssl=1 1128w\" sizes=\"(max-width: 360px) 100vw, 360px\" \/><\/figure>\n\n\n\n<figure class=\"wp-block-image size-large\"><img data-recalc-dims=\"1\" loading=\"lazy\" decoding=\"async\" width=\"338\" height=\"600\" data-id=\"13461\" src=\"https:\/\/i0.wp.com\/ecolefermedesbois.ch\/wp-content\/uploads\/2024\/08\/IMG-20240807-WA0017.jpg?resize=338%2C600&#038;ssl=1\" alt=\"\" class=\"wp-image-13461\" srcset=\"https:\/\/i0.wp.com\/ecolefermedesbois.ch\/wp-content\/uploads\/2024\/08\/IMG-20240807-WA0017.jpg?resize=338%2C600&amp;ssl=1 338w, https:\/\/i0.wp.com\/ecolefermedesbois.ch\/wp-content\/uploads\/2024\/08\/IMG-20240807-WA0017.jpg?resize=169%2C300&amp;ssl=1 169w, https:\/\/i0.wp.com\/ecolefermedesbois.ch\/wp-content\/uploads\/2024\/08\/IMG-20240807-WA0017.jpg?resize=768%2C1365&amp;ssl=1 768w, https:\/\/i0.wp.com\/ecolefermedesbois.ch\/wp-content\/uploads\/2024\/08\/IMG-20240807-WA0017.jpg?resize=864%2C1536&amp;ssl=1 864w, https:\/\/i0.wp.com\/ecolefermedesbois.ch\/wp-content\/uploads\/2024\/08\/IMG-20240807-WA0017.jpg?w=1134&amp;ssl=1 1134w\" sizes=\"(max-width: 338px) 100vw, 338px\" \/><\/figure>\n\n\n\n<figure class=\"wp-block-image size-large\"><img data-recalc-dims=\"1\" loading=\"lazy\" decoding=\"async\" width=\"315\" height=\"600\" data-id=\"13465\" src=\"https:\/\/i0.wp.com\/ecolefermedesbois.ch\/wp-content\/uploads\/2024\/08\/IMG-20240807-WA0018.jpg?resize=315%2C600&#038;ssl=1\" alt=\"\" class=\"wp-image-13465\" srcset=\"https:\/\/i0.wp.com\/ecolefermedesbois.ch\/wp-content\/uploads\/2024\/08\/IMG-20240807-WA0018.jpg?resize=315%2C600&amp;ssl=1 315w, https:\/\/i0.wp.com\/ecolefermedesbois.ch\/wp-content\/uploads\/2024\/08\/IMG-20240807-WA0018.jpg?resize=158%2C300&amp;ssl=1 158w, https:\/\/i0.wp.com\/ecolefermedesbois.ch\/wp-content\/uploads\/2024\/08\/IMG-20240807-WA0018.jpg?resize=768%2C1462&amp;ssl=1 768w, https:\/\/i0.wp.com\/ecolefermedesbois.ch\/wp-content\/uploads\/2024\/08\/IMG-20240807-WA0018.jpg?resize=807%2C1536&amp;ssl=1 807w, https:\/\/i0.wp.com\/ecolefermedesbois.ch\/wp-content\/uploads\/2024\/08\/IMG-20240807-WA0018.jpg?w=1059&amp;ssl=1 1059w\" sizes=\"(max-width: 315px) 100vw, 315px\" \/><\/figure>\n\n\n\n<figure class=\"wp-block-image size-large\"><img data-recalc-dims=\"1\" loading=\"lazy\" decoding=\"async\" width=\"338\" height=\"600\" data-id=\"13466\" src=\"https:\/\/i0.wp.com\/ecolefermedesbois.ch\/wp-content\/uploads\/2024\/08\/IMG-20240807-WA0019.jpg?resize=338%2C600&#038;ssl=1\" alt=\"\" class=\"wp-image-13466\" srcset=\"https:\/\/i0.wp.com\/ecolefermedesbois.ch\/wp-content\/uploads\/2024\/08\/IMG-20240807-WA0019.jpg?resize=338%2C600&amp;ssl=1 338w, https:\/\/i0.wp.com\/ecolefermedesbois.ch\/wp-content\/uploads\/2024\/08\/IMG-20240807-WA0019.jpg?resize=169%2C300&amp;ssl=1 169w, https:\/\/i0.wp.com\/ecolefermedesbois.ch\/wp-content\/uploads\/2024\/08\/IMG-20240807-WA0019.jpg?resize=768%2C1365&amp;ssl=1 768w, https:\/\/i0.wp.com\/ecolefermedesbois.ch\/wp-content\/uploads\/2024\/08\/IMG-20240807-WA0019.jpg?resize=864%2C1536&amp;ssl=1 864w, https:\/\/i0.wp.com\/ecolefermedesbois.ch\/wp-content\/uploads\/2024\/08\/IMG-20240807-WA0019.jpg?w=1134&amp;ssl=1 1134w\" sizes=\"(max-width: 338px) 100vw, 338px\" \/><\/figure>\n<\/figure>\n","protected":false},"excerpt":{"rendered":"<p>Mercredi 7 ao\u00fbt, une vingtaine de jeunes sont venus d\u00e9couvrir notre quotidien \u00e0 la ferme. Nous commen\u00e7ons la matin\u00e9e en&#46;&#46;&#46;<\/p>\n","protected":false},"author":2,"featured_media":13466,"comment_status":"open","ping_status":"open","sticky":false,"template":"","format":"standard","meta":{"jetpack_post_was_ever_published":false,"footnotes":"","jetpack_publicize_message":"","jetpack_publicize_feature_enabled":true,"jetpack_social_post_already_shared":true,"jetpack_social_options":{"image_generator_settings":{"template":"highway","default_image_id":0,"font":"","enabled":false},"version":2}},"categories":[33],"tags":[],"class_list":["post-13447","post","type-post","status-publish","format-standard","has-post-thumbnail","hentry","category-ecole"],"yoast_head":"<!-- This site is optimized with the Yoast SEO plugin v27.5 - https:\/\/yoast.com\/product\/yoast-seo-wordpress\/ -->\n<title>Passeport Vacances Moudon et r\u00e9gion : En ao\u00fbt en immersion dans notre quotidien -<\/title>\n<meta name=\"robots\" content=\"index, follow, max-snippet:-1, max-image-preview:large, max-video-preview:-1\" \/>\n<link rel=\"canonical\" href=\"https:\/\/ecolefermedesbois.ch\/?p=13447\" \/>\n<meta property=\"og:locale\" content=\"fr_FR\" \/>\n<meta property=\"og:type\" content=\"article\" \/>\n<meta property=\"og:title\" content=\"Passeport Vacances Moudon et r\u00e9gion : En ao\u00fbt en immersion dans notre quotidien -\" \/>\n<meta property=\"og:description\" content=\"Mercredi 7 ao\u00fbt, une vingtaine de jeunes sont venus d\u00e9couvrir notre quotidien \u00e0 la ferme. Nous commen\u00e7ons la matin\u00e9e en&#046;&#046;&#046;\" \/>\n<meta property=\"og:url\" content=\"https:\/\/ecolefermedesbois.ch\/?p=13447\" \/>\n<meta property=\"article:publisher\" content=\"https:\/\/www.facebook.com\/ecolefermedesBois\" \/>\n<meta property=\"article:published_time\" content=\"2024-08-23T11:38:59+00:00\" \/>\n<meta property=\"article:modified_time\" content=\"2024-08-23T11:39:04+00:00\" \/>\n<meta property=\"og:image\" content=\"https:\/\/ecolefermedesbois.ch\/wp-content\/uploads\/2024\/08\/IMG-20240807-WA0019.jpg\" \/>\n\t<meta property=\"og:image:width\" content=\"1134\" \/>\n\t<meta property=\"og:image:height\" content=\"2016\" \/>\n\t<meta property=\"og:image:type\" content=\"image\/jpeg\" \/>\n<meta name=\"author\" content=\"Sophie\" \/>\n<meta name=\"twitter:card\" content=\"summary_large_image\" \/>\n<meta name=\"twitter:label1\" content=\"\u00c9crit par\" \/>\n\t<meta name=\"twitter:data1\" content=\"Sophie\" \/>\n\t<meta name=\"twitter:label2\" content=\"Dur\u00e9e de lecture estim\u00e9e\" \/>\n\t<meta name=\"twitter:data2\" content=\"7 minutes\" \/>\n<script type=\"application\/ld+json\" class=\"yoast-schema-graph\">{\"@context\":\"https:\\\/\\\/schema.org\",\"@graph\":[{\"@type\":\"Article\",\"@id\":\"https:\\\/\\\/ecolefermedesbois.ch\\\/?p=13447#article\",\"isPartOf\":{\"@id\":\"https:\\\/\\\/ecolefermedesbois.ch\\\/?p=13447\"},\"author\":{\"name\":\"Sophie\",\"@id\":\"https:\\\/\\\/ecolefermedesbois.ch\\\/#\\\/schema\\\/person\\\/78f5a1c78e958e51240f90932d290908\"},\"headline\":\"Passeport Vacances Moudon et r\u00e9gion : En ao\u00fbt en immersion dans notre quotidien\",\"datePublished\":\"2024-08-23T11:38:59+00:00\",\"dateModified\":\"2024-08-23T11:39:04+00:00\",\"mainEntityOfPage\":{\"@id\":\"https:\\\/\\\/ecolefermedesbois.ch\\\/?p=13447\"},\"wordCount\":569,\"commentCount\":0,\"publisher\":{\"@id\":\"https:\\\/\\\/ecolefermedesbois.ch\\\/#organization\"},\"image\":{\"@id\":\"https:\\\/\\\/ecolefermedesbois.ch\\\/?p=13447#primaryimage\"},\"thumbnailUrl\":\"https:\\\/\\\/i0.wp.com\\\/ecolefermedesbois.ch\\\/wp-content\\\/uploads\\\/2024\\\/08\\\/IMG-20240807-WA0019.jpg?fit=1134%2C2016&ssl=1\",\"articleSection\":[\"Ecole\"],\"inLanguage\":\"fr-FR\",\"potentialAction\":[{\"@type\":\"CommentAction\",\"name\":\"Comment\",\"target\":[\"https:\\\/\\\/ecolefermedesbois.ch\\\/?p=13447#respond\"]}]},{\"@type\":\"WebPage\",\"@id\":\"https:\\\/\\\/ecolefermedesbois.ch\\\/?p=13447\",\"url\":\"https:\\\/\\\/ecolefermedesbois.ch\\\/?p=13447\",\"name\":\"Passeport Vacances Moudon et r\u00e9gion : En ao\u00fbt en immersion dans notre quotidien -\",\"isPartOf\":{\"@id\":\"https:\\\/\\\/ecolefermedesbois.ch\\\/#website\"},\"primaryImageOfPage\":{\"@id\":\"https:\\\/\\\/ecolefermedesbois.ch\\\/?p=13447#primaryimage\"},\"image\":{\"@id\":\"https:\\\/\\\/ecolefermedesbois.ch\\\/?p=13447#primaryimage\"},\"thumbnailUrl\":\"https:\\\/\\\/i0.wp.com\\\/ecolefermedesbois.ch\\\/wp-content\\\/uploads\\\/2024\\\/08\\\/IMG-20240807-WA0019.jpg?fit=1134%2C2016&ssl=1\",\"datePublished\":\"2024-08-23T11:38:59+00:00\",\"dateModified\":\"2024-08-23T11:39:04+00:00\",\"breadcrumb\":{\"@id\":\"https:\\\/\\\/ecolefermedesbois.ch\\\/?p=13447#breadcrumb\"},\"inLanguage\":\"fr-FR\",\"potentialAction\":[{\"@type\":\"ReadAction\",\"target\":[\"https:\\\/\\\/ecolefermedesbois.ch\\\/?p=13447\"]}]},{\"@type\":\"ImageObject\",\"inLanguage\":\"fr-FR\",\"@id\":\"https:\\\/\\\/ecolefermedesbois.ch\\\/?p=13447#primaryimage\",\"url\":\"https:\\\/\\\/i0.wp.com\\\/ecolefermedesbois.ch\\\/wp-content\\\/uploads\\\/2024\\\/08\\\/IMG-20240807-WA0019.jpg?fit=1134%2C2016&ssl=1\",\"contentUrl\":\"https:\\\/\\\/i0.wp.com\\\/ecolefermedesbois.ch\\\/wp-content\\\/uploads\\\/2024\\\/08\\\/IMG-20240807-WA0019.jpg?fit=1134%2C2016&ssl=1\",\"width\":1134,\"height\":2016},{\"@type\":\"BreadcrumbList\",\"@id\":\"https:\\\/\\\/ecolefermedesbois.ch\\\/?p=13447#breadcrumb\",\"itemListElement\":[{\"@type\":\"ListItem\",\"position\":1,\"name\":\"Accueil\",\"item\":\"https:\\\/\\\/ecolefermedesbois.ch\\\/\"},{\"@type\":\"ListItem\",\"position\":2,\"name\":\"Passeport Vacances Moudon et r\u00e9gion : En ao\u00fbt en immersion dans notre quotidien\"}]},{\"@type\":\"WebSite\",\"@id\":\"https:\\\/\\\/ecolefermedesbois.ch\\\/#website\",\"url\":\"https:\\\/\\\/ecolefermedesbois.ch\\\/\",\"name\":\"ecolefermedesbois\",\"description\":\"\",\"publisher\":{\"@id\":\"https:\\\/\\\/ecolefermedesbois.ch\\\/#organization\"},\"potentialAction\":[{\"@type\":\"SearchAction\",\"target\":{\"@type\":\"EntryPoint\",\"urlTemplate\":\"https:\\\/\\\/ecolefermedesbois.ch\\\/?s={search_term_string}\"},\"query-input\":{\"@type\":\"PropertyValueSpecification\",\"valueRequired\":true,\"valueName\":\"search_term_string\"}}],\"inLanguage\":\"fr-FR\"},{\"@type\":\"Organization\",\"@id\":\"https:\\\/\\\/ecolefermedesbois.ch\\\/#organization\",\"name\":\"Ecole \u00e0 la Ferme des Bois\",\"url\":\"https:\\\/\\\/ecolefermedesbois.ch\\\/\",\"logo\":{\"@type\":\"ImageObject\",\"inLanguage\":\"fr-FR\",\"@id\":\"https:\\\/\\\/ecolefermedesbois.ch\\\/#\\\/schema\\\/logo\\\/image\\\/\",\"url\":\"https:\\\/\\\/ecolefermedesbois.ch\\\/wp-content\\\/uploads\\\/2019\\\/04\\\/logo-scaled.gif\",\"contentUrl\":\"https:\\\/\\\/ecolefermedesbois.ch\\\/wp-content\\\/uploads\\\/2019\\\/04\\\/logo-scaled.gif\",\"width\":2560,\"height\":608,\"caption\":\"Ecole \u00e0 la Ferme des Bois\"},\"image\":{\"@id\":\"https:\\\/\\\/ecolefermedesbois.ch\\\/#\\\/schema\\\/logo\\\/image\\\/\"},\"sameAs\":[\"https:\\\/\\\/www.facebook.com\\\/ecolefermedesBois\"]},{\"@type\":\"Person\",\"@id\":\"https:\\\/\\\/ecolefermedesbois.ch\\\/#\\\/schema\\\/person\\\/78f5a1c78e958e51240f90932d290908\",\"name\":\"Sophie\",\"image\":{\"@type\":\"ImageObject\",\"inLanguage\":\"fr-FR\",\"@id\":\"https:\\\/\\\/secure.gravatar.com\\\/avatar\\\/053fbaec50cb27b03b880a4b8b018009aa3af995f32011efc3f40a589371d46f?s=96&d=mm&r=g\",\"url\":\"https:\\\/\\\/secure.gravatar.com\\\/avatar\\\/053fbaec50cb27b03b880a4b8b018009aa3af995f32011efc3f40a589371d46f?s=96&d=mm&r=g\",\"contentUrl\":\"https:\\\/\\\/secure.gravatar.com\\\/avatar\\\/053fbaec50cb27b03b880a4b8b018009aa3af995f32011efc3f40a589371d46f?s=96&d=mm&r=g\",\"caption\":\"Sophie\"},\"url\":\"https:\\\/\\\/ecolefermedesbois.ch\\\/?author=2\"}]}<\/script>\n<!-- \/ Yoast SEO plugin. -->","yoast_head_json":{"title":"Passeport Vacances Moudon et r\u00e9gion : En ao\u00fbt en immersion dans notre quotidien -","robots":{"index":"index","follow":"follow","max-snippet":"max-snippet:-1","max-image-preview":"max-image-preview:large","max-video-preview":"max-video-preview:-1"},"canonical":"https:\/\/ecolefermedesbois.ch\/?p=13447","og_locale":"fr_FR","og_type":"article","og_title":"Passeport Vacances Moudon et r\u00e9gion : En ao\u00fbt en immersion dans notre quotidien -","og_description":"Mercredi 7 ao\u00fbt, une vingtaine de jeunes sont venus d\u00e9couvrir notre quotidien \u00e0 la ferme. Nous commen\u00e7ons la matin\u00e9e en&#46;&#46;&#46;","og_url":"https:\/\/ecolefermedesbois.ch\/?p=13447","article_publisher":"https:\/\/www.facebook.com\/ecolefermedesBois","article_published_time":"2024-08-23T11:38:59+00:00","article_modified_time":"2024-08-23T11:39:04+00:00","og_image":[{"width":1134,"height":2016,"url":"https:\/\/ecolefermedesbois.ch\/wp-content\/uploads\/2024\/08\/IMG-20240807-WA0019.jpg","type":"image\/jpeg"}],"author":"Sophie","twitter_card":"summary_large_image","twitter_misc":{"\u00c9crit par":"Sophie","Dur\u00e9e de lecture estim\u00e9e":"7 minutes"},"schema":{"@context":"https:\/\/schema.org","@graph":[{"@type":"Article","@id":"https:\/\/ecolefermedesbois.ch\/?p=13447#article","isPartOf":{"@id":"https:\/\/ecolefermedesbois.ch\/?p=13447"},"author":{"name":"Sophie","@id":"https:\/\/ecolefermedesbois.ch\/#\/schema\/person\/78f5a1c78e958e51240f90932d290908"},"headline":"Passeport Vacances Moudon et r\u00e9gion : En ao\u00fbt en immersion dans notre quotidien","datePublished":"2024-08-23T11:38:59+00:00","dateModified":"2024-08-23T11:39:04+00:00","mainEntityOfPage":{"@id":"https:\/\/ecolefermedesbois.ch\/?p=13447"},"wordCount":569,"commentCount":0,"publisher":{"@id":"https:\/\/ecolefermedesbois.ch\/#organization"},"image":{"@id":"https:\/\/ecolefermedesbois.ch\/?p=13447#primaryimage"},"thumbnailUrl":"https:\/\/i0.wp.com\/ecolefermedesbois.ch\/wp-content\/uploads\/2024\/08\/IMG-20240807-WA0019.jpg?fit=1134%2C2016&ssl=1","articleSection":["Ecole"],"inLanguage":"fr-FR","potentialAction":[{"@type":"CommentAction","name":"Comment","target":["https:\/\/ecolefermedesbois.ch\/?p=13447#respond"]}]},{"@type":"WebPage","@id":"https:\/\/ecolefermedesbois.ch\/?p=13447","url":"https:\/\/ecolefermedesbois.ch\/?p=13447","name":"Passeport Vacances Moudon et r\u00e9gion : En ao\u00fbt en immersion dans notre quotidien -","isPartOf":{"@id":"https:\/\/ecolefermedesbois.ch\/#website"},"primaryImageOfPage":{"@id":"https:\/\/ecolefermedesbois.ch\/?p=13447#primaryimage"},"image":{"@id":"https:\/\/ecolefermedesbois.ch\/?p=13447#primaryimage"},"thumbnailUrl":"https:\/\/i0.wp.com\/ecolefermedesbois.ch\/wp-content\/uploads\/2024\/08\/IMG-20240807-WA0019.jpg?fit=1134%2C2016&ssl=1","datePublished":"2024-08-23T11:38:59+00:00","dateModified":"2024-08-23T11:39:04+00:00","breadcrumb":{"@id":"https:\/\/ecolefermedesbois.ch\/?p=13447#breadcrumb"},"inLanguage":"fr-FR","potentialAction":[{"@type":"ReadAction","target":["https:\/\/ecolefermedesbois.ch\/?p=13447"]}]},{"@type":"ImageObject","inLanguage":"fr-FR","@id":"https:\/\/ecolefermedesbois.ch\/?p=13447#primaryimage","url":"https:\/\/i0.wp.com\/ecolefermedesbois.ch\/wp-content\/uploads\/2024\/08\/IMG-20240807-WA0019.jpg?fit=1134%2C2016&ssl=1","contentUrl":"https:\/\/i0.wp.com\/ecolefermedesbois.ch\/wp-content\/uploads\/2024\/08\/IMG-20240807-WA0019.jpg?fit=1134%2C2016&ssl=1","width":1134,"height":2016},{"@type":"BreadcrumbList","@id":"https:\/\/ecolefermedesbois.ch\/?p=13447#breadcrumb","itemListElement":[{"@type":"ListItem","position":1,"name":"Accueil","item":"https:\/\/ecolefermedesbois.ch\/"},{"@type":"ListItem","position":2,"name":"Passeport Vacances Moudon et r\u00e9gion : En ao\u00fbt en immersion dans notre quotidien"}]},{"@type":"WebSite","@id":"https:\/\/ecolefermedesbois.ch\/#website","url":"https:\/\/ecolefermedesbois.ch\/","name":"ecolefermedesbois","description":"","publisher":{"@id":"https:\/\/ecolefermedesbois.ch\/#organization"},"potentialAction":[{"@type":"SearchAction","target":{"@type":"EntryPoint","urlTemplate":"https:\/\/ecolefermedesbois.ch\/?s={search_term_string}"},"query-input":{"@type":"PropertyValueSpecification","valueRequired":true,"valueName":"search_term_string"}}],"inLanguage":"fr-FR"},{"@type":"Organization","@id":"https:\/\/ecolefermedesbois.ch\/#organization","name":"Ecole \u00e0 la Ferme des Bois","url":"https:\/\/ecolefermedesbois.ch\/","logo":{"@type":"ImageObject","inLanguage":"fr-FR","@id":"https:\/\/ecolefermedesbois.ch\/#\/schema\/logo\/image\/","url":"https:\/\/ecolefermedesbois.ch\/wp-content\/uploads\/2019\/04\/logo-scaled.gif","contentUrl":"https:\/\/ecolefermedesbois.ch\/wp-content\/uploads\/2019\/04\/logo-scaled.gif","width":2560,"height":608,"caption":"Ecole \u00e0 la Ferme des Bois"},"image":{"@id":"https:\/\/ecolefermedesbois.ch\/#\/schema\/logo\/image\/"},"sameAs":["https:\/\/www.facebook.com\/ecolefermedesBois"]},{"@type":"Person","@id":"https:\/\/ecolefermedesbois.ch\/#\/schema\/person\/78f5a1c78e958e51240f90932d290908","name":"Sophie","image":{"@type":"ImageObject","inLanguage":"fr-FR","@id":"https:\/\/secure.gravatar.com\/avatar\/053fbaec50cb27b03b880a4b8b018009aa3af995f32011efc3f40a589371d46f?s=96&d=mm&r=g","url":"https:\/\/secure.gravatar.com\/avatar\/053fbaec50cb27b03b880a4b8b018009aa3af995f32011efc3f40a589371d46f?s=96&d=mm&r=g","contentUrl":"https:\/\/secure.gravatar.com\/avatar\/053fbaec50cb27b03b880a4b8b018009aa3af995f32011efc3f40a589371d46f?s=96&d=mm&r=g","caption":"Sophie"},"url":"https:\/\/ecolefermedesbois.ch\/?author=2"}]}},"jetpack_publicize_connections":[],"jetpack_featured_media_url":"https:\/\/i0.wp.com\/ecolefermedesbois.ch\/wp-content\/uploads\/2024\/08\/IMG-20240807-WA0019.jpg?fit=1134%2C2016&ssl=1","jetpack_sharing_enabled":true,"_links":{"self":[{"href":"https:\/\/ecolefermedesbois.ch\/index.php?rest_route=\/wp\/v2\/posts\/13447","targetHints":{"allow":["GET"]}}],"collection":[{"href":"https:\/\/ecolefermedesbois.ch\/index.php?rest_route=\/wp\/v2\/posts"}],"about":[{"href":"https:\/\/ecolefermedesbois.ch\/index.php?rest_route=\/wp\/v2\/types\/post"}],"author":[{"embeddable":true,"href":"https:\/\/ecolefermedesbois.ch\/index.php?rest_route=\/wp\/v2\/users\/2"}],"replies":[{"embeddable":true,"href":"https:\/\/ecolefermedesbois.ch\/index.php?rest_route=%2Fwp%2Fv2%2Fcomments&post=13447"}],"version-history":[{"count":1,"href":"https:\/\/ecolefermedesbois.ch\/index.php?rest_route=\/wp\/v2\/posts\/13447\/revisions"}],"predecessor-version":[{"id":13467,"href":"https:\/\/ecolefermedesbois.ch\/index.php?rest_route=\/wp\/v2\/posts\/13447\/revisions\/13467"}],"wp:featuredmedia":[{"embeddable":true,"href":"https:\/\/ecolefermedesbois.ch\/index.php?rest_route=\/wp\/v2\/media\/13466"}],"wp:attachment":[{"href":"https:\/\/ecolefermedesbois.ch\/index.php?rest_route=%2Fwp%2Fv2%2Fmedia&parent=13447"}],"wp:term":[{"taxonomy":"category","embeddable":true,"href":"https:\/\/ecolefermedesbois.ch\/index.php?rest_route=%2Fwp%2Fv2%2Fcategories&post=13447"},{"taxonomy":"post_tag","embeddable":true,"href":"https:\/\/ecolefermedesbois.ch\/index.php?rest_route=%2Fwp%2Fv2%2Ftags&post=13447"}],"curies":[{"name":"wp","href":"https:\/\/api.w.org\/{rel}","templated":true}]}}