{"id":13288,"date":"2024-07-12T11:19:16","date_gmt":"2024-07-12T09:19:16","guid":{"rendered":"https:\/\/ecolefermedesbois.ch\/?p=13288"},"modified":"2024-07-12T18:13:56","modified_gmt":"2024-07-12T16:13:56","slug":"garderie-fondation-peireira-yerusalem-des-enfants-en-immersion-dans-notre-quotidien","status":"publish","type":"post","link":"https:\/\/ecolefermedesbois.ch\/?p=13288","title":{"rendered":"Garderie Fondation du Graap: des enfants en immersion dans notre quotidien"},"content":{"rendered":"<div class=\"pdfprnt-buttons pdfprnt-buttons-post pdfprnt-top-right\"><a href=\"https:\/\/ecolefermedesbois.ch\/index.php?rest_route=%2Fwp%2Fv2%2Fposts%2F13288&print=pdf\" class=\"pdfprnt-button pdfprnt-button-pdf\" target=\"_blank\" ><img data-recalc-dims=\"1\" decoding=\"async\" src=\"https:\/\/i0.wp.com\/ecolefermedesbois.ch\/wp-content\/plugins\/pdf-print\/images\/pdf.png?w=720&#038;ssl=1\" alt=\"image_pdf\" title=\"Afficher le PDF\" \/><\/a><a href=\"https:\/\/ecolefermedesbois.ch\/index.php?rest_route=%2Fwp%2Fv2%2Fposts%2F13288&print=print\" class=\"pdfprnt-button pdfprnt-button-print\" target=\"_blank\" ><img data-recalc-dims=\"1\" decoding=\"async\" src=\"https:\/\/i0.wp.com\/ecolefermedesbois.ch\/wp-content\/plugins\/pdf-print\/images\/print.png?w=720&#038;ssl=1\" alt=\"image_print\" title=\"Contenu imprim\u00e9\" \/><\/a><\/div>\n<p>Mardi, des enfants de 4-6 ans sont venus d\u00e9couvrir notre quotidien \u00e0 la ferme. <br>Nous commen\u00e7ons la matin\u00e9e aupr\u00e8s les ch\u00e8vres. Les enfants sont all\u00e9s avec elles dans leur parc afin de pouvoir les c\u00e2liner et d\u00e9couvrir certaines de leurs sp\u00e9cificit\u00e9s.<\/p>\n\n\n\n<p>Pour la deuxi\u00e8me partie de la matin\u00e9e, nous allons pr\u00e9parer le d\u00eener. Nous commen\u00e7ons par aller au jardin pour r\u00e9colter les salades vertes et les carottes. Apr\u00e8s une recherche infructueuse, j&rsquo;explique que cette ann\u00e9e, \u00e0 cause de la m\u00e9t\u00e9o, les carottes n&rsquo;ont pas pouss\u00e9 et que les salades pr\u00e9sentes sont encore trop petites. C&rsquo;est pour cela que je suis all\u00e9e chez la mara\u00eech\u00e8re de Puidoux pour en acheter.<\/p>\n\n\n\n<p>En salle, mains lav\u00e9es, nous voil\u00e0 pr\u00eats pour pr\u00e9parer le repas. Nous commen\u00e7ons par pr\u00e9parer le m\u00e9lange pour les omelettes aux fines herbes. Chaque enfants a cass\u00e9 des oeufs, couper des fines herbes en petits morceaux et m\u00e9lang\u00e9 le tout. Ensuite nous \u00e9pluchons les carottes. <br>Puis je fais plusieurs groupes afin que le repas soit pr\u00eat pour midi. Un groupe r\u00e2pe les carottes, un groupe coupe le Gruy\u00e8re, un autre lave la salade verte et l\u2019essore pendant qu&rsquo;un groupe pr\u00e9pare la sauce \u00e0 salade et que 2 \u00e9l\u00e8ves cuisent les omelettes. <br>Quel job et surtout quelle joie de vous voir si impliqu\u00e9s \u00e0 la pr\u00e9paration du repas! Bravo les enfants vous avez \u00e9t\u00e9 super efficaces!<\/p>\n\n\n\n<p>L&rsquo;apr\u00e8s-midi nous faisons 2 groupes avec les enfants. Un groupe vient avec moi d\u00e9couvrir les lapins et leurs sp\u00e9cificit\u00e9s. Dans leur enclos, les enfants peuvent profiter de leur faire pleins de c\u00e2lins ! Un beau moment de douceur. Pendant ce temps le deuxi\u00e8me groupe est avec Emilie pour d\u00e9couvrir l&rsquo;univers des poules, sans oublier de c\u00e2liner et porter notre Poupette.<br>Ensuite nous \u00e9changeons les groupes afin que chaque enfant puisse faire les m\u00eames activit\u00e9s.<\/p>\n\n\n\n<p>Pour la deuxi\u00e8me partie de l&rsquo;apr\u00e8s-midi, nous allons en chariote d\u00e9couvrir l&rsquo;\u00e9table et ses habitantes. Nous c\u00e2linons les vaches. <br>Nous faisons \u00e9galement nos 2 groupes. Un groupe vient avec moi d\u00e9couvrir la salle de traite et son fonctionnement et finissons aupr\u00e8s des veaux.<br>Pendant ce temps, le deuxi\u00e8me groupe est avec Emilie pour d\u00e9couvrir ce que mange une vache. Emilie va leur expliquer le fonctionnement de leurs estomacs et des cons\u00e9quences mortelles des d\u00e9chets en bords des routes. <br>Puis nous \u00e9changeons \u00e9galement les groupes.<\/p>\n\n\n\n<p>Les enfants ont pu observer Nicolas, mon mari, rentrer le fourrage en grange qui sera mang\u00e9 en hiver.<\/p>\n\n\n\n<p>Merci les enfants pour votre implication tout au long de la journ\u00e9e. Pour toutes vos questions et votre joie d&rsquo;\u00eatre l\u00e0.<\/p>\n\n\n\n<p>Merci Ana, Nikita, Malika et Begona d&rsquo;\u00eatres venues avec vos \u00e9l\u00e8ves passer cette journ\u00e9e chez nous.<\/p>\n\n\n\n<p>Je vous souhaite un bel \u00e9t\u00e9 et de tr\u00e8s belles vacances!<\/p>\n\n\n\n<p>A bient\u00f4t<\/p>\n\n\n\n<p>Sophie et Emilie<\/p>\n\n\n\n<div class=\"wp-block-jetpack-tiled-gallery aligncenter is-style-rectangular\"><div class=\"tiled-gallery__gallery\"><div class=\"tiled-gallery__row\"><div class=\"tiled-gallery__col\" style=\"flex-basis:67.86924%\"><figure class=\"tiled-gallery__item\"><img decoding=\"async\" alt=\"\" data-height=\"750\" data-id=\"13297\" data-link=\"https:\/\/ecolefermedesbois.ch\/?attachment_id=13297\" data-url=\"https:\/\/ecolefermedesbois.ch\/wp-content\/uploads\/2024\/07\/wp-17207744005697036447392929632437.jpg\" data-width=\"1000\" src=\"https:\/\/i0.wp.com\/ecolefermedesbois.ch\/wp-content\/uploads\/2024\/07\/wp-17207744005697036447392929632437.jpg?ssl=1\" data-amp-layout=\"responsive\"\/><\/figure><\/div><div class=\"tiled-gallery__col\" style=\"flex-basis:32.13076%\"><figure class=\"tiled-gallery__item\"><img decoding=\"async\" alt=\"\" data-height=\"1000\" data-id=\"13273\" data-link=\"https:\/\/ecolefermedesbois.ch\/?attachment_id=13273\" data-url=\"https:\/\/ecolefermedesbois.ch\/wp-content\/uploads\/2024\/07\/wp-17207743977552552617217001662773-378x600.jpg\" data-width=\"630\" src=\"https:\/\/i2.wp.com\/ecolefermedesbois.ch\/wp-content\/uploads\/2024\/07\/wp-17207743977552552617217001662773-378x600.jpg?ssl=1\" data-amp-layout=\"responsive\"\/><\/figure><\/div><\/div><div class=\"tiled-gallery__row\"><div class=\"tiled-gallery__col\" style=\"flex-basis:45.29944%\"><figure class=\"tiled-gallery__item\"><img decoding=\"async\" alt=\"\" data-height=\"562\" data-id=\"13270\" data-link=\"https:\/\/ecolefermedesbois.ch\/?attachment_id=13270\" data-url=\"https:\/\/ecolefermedesbois.ch\/wp-content\/uploads\/2024\/07\/wp-17207743977078577643382759546401-600x338.jpg\" data-width=\"999\" src=\"https:\/\/i1.wp.com\/ecolefermedesbois.ch\/wp-content\/uploads\/2024\/07\/wp-17207743977078577643382759546401-600x338.jpg?ssl=1\" data-amp-layout=\"responsive\"\/><\/figure><figure class=\"tiled-gallery__item\"><img decoding=\"async\" alt=\"\" data-height=\"1000\" data-id=\"13296\" data-link=\"https:\/\/ecolefermedesbois.ch\/?attachment_id=13296\" data-url=\"https:\/\/ecolefermedesbois.ch\/wp-content\/uploads\/2024\/07\/wp-17207744004742095113048478534813.jpg\" data-width=\"963\" src=\"https:\/\/i0.wp.com\/ecolefermedesbois.ch\/wp-content\/uploads\/2024\/07\/wp-17207744004742095113048478534813.jpg?ssl=1\" data-amp-layout=\"responsive\"\/><\/figure><\/div><div class=\"tiled-gallery__col\" style=\"flex-basis:54.70056%\"><figure class=\"tiled-gallery__item\"><img decoding=\"async\" alt=\"\" data-height=\"1000\" data-id=\"13294\" data-link=\"https:\/\/ecolefermedesbois.ch\/?attachment_id=13294\" data-url=\"https:\/\/ecolefermedesbois.ch\/wp-content\/uploads\/2024\/07\/wp-17207744001821672977342597111618-450x600.jpg\" data-width=\"750\" src=\"https:\/\/i2.wp.com\/ecolefermedesbois.ch\/wp-content\/uploads\/2024\/07\/wp-17207744001821672977342597111618-450x600.jpg?ssl=1\" data-amp-layout=\"responsive\"\/><\/figure><\/div><\/div><div class=\"tiled-gallery__row\"><div class=\"tiled-gallery__col\" style=\"flex-basis:52.44333%\"><figure class=\"tiled-gallery__item\"><img decoding=\"async\" alt=\"\" data-height=\"1000\" data-id=\"13295\" data-link=\"https:\/\/ecolefermedesbois.ch\/?attachment_id=13295\" data-url=\"https:\/\/ecolefermedesbois.ch\/wp-content\/uploads\/2024\/07\/wp-17207744003255748679541006336718-450x600.jpg\" data-width=\"750\" src=\"https:\/\/i0.wp.com\/ecolefermedesbois.ch\/wp-content\/uploads\/2024\/07\/wp-17207744003255748679541006336718-450x600.jpg?ssl=1\" data-amp-layout=\"responsive\"\/><\/figure><\/div><div class=\"tiled-gallery__col\" style=\"flex-basis:47.55667%\"><figure class=\"tiled-gallery__item\"><img decoding=\"async\" alt=\"\" data-height=\"1000\" data-id=\"13293\" data-link=\"https:\/\/ecolefermedesbois.ch\/?attachment_id=13293\" data-url=\"https:\/\/ecolefermedesbois.ch\/wp-content\/uploads\/2024\/07\/wp-17207744000428337895336549717647-408x600.jpg\" data-width=\"680\" src=\"https:\/\/i0.wp.com\/ecolefermedesbois.ch\/wp-content\/uploads\/2024\/07\/wp-17207744000428337895336549717647-408x600.jpg?ssl=1\" data-amp-layout=\"responsive\"\/><\/figure><\/div><\/div><div class=\"tiled-gallery__row\"><div class=\"tiled-gallery__col\" style=\"flex-basis:63.23734%\"><figure class=\"tiled-gallery__item\"><img decoding=\"async\" alt=\"\" data-height=\"756\" data-id=\"13292\" data-link=\"https:\/\/ecolefermedesbois.ch\/?attachment_id=13292\" data-url=\"https:\/\/ecolefermedesbois.ch\/wp-content\/uploads\/2024\/07\/wp-1720774399734690694719308423552-600x450.jpg\" data-width=\"1008\" src=\"https:\/\/i1.wp.com\/ecolefermedesbois.ch\/wp-content\/uploads\/2024\/07\/wp-1720774399734690694719308423552-600x450.jpg?ssl=1\" data-amp-layout=\"responsive\"\/><\/figure><\/div><div class=\"tiled-gallery__col\" style=\"flex-basis:36.76266%\"><figure class=\"tiled-gallery__item\"><img decoding=\"async\" alt=\"\" data-height=\"1000\" data-id=\"13285\" data-link=\"https:\/\/ecolefermedesbois.ch\/?attachment_id=13285\" data-url=\"https:\/\/ecolefermedesbois.ch\/wp-content\/uploads\/2024\/07\/wp-17207743991664676684330918848877-464x600.jpg\" data-width=\"774\" src=\"https:\/\/i0.wp.com\/ecolefermedesbois.ch\/wp-content\/uploads\/2024\/07\/wp-17207743991664676684330918848877-464x600.jpg?ssl=1\" data-amp-layout=\"responsive\"\/><\/figure><\/div><\/div><div class=\"tiled-gallery__row\"><div class=\"tiled-gallery__col\" style=\"flex-basis:36.30200%\"><figure class=\"tiled-gallery__item\"><img decoding=\"async\" alt=\"\" data-height=\"1000\" data-id=\"13263\" data-link=\"https:\/\/ecolefermedesbois.ch\/?attachment_id=13263\" data-url=\"https:\/\/ecolefermedesbois.ch\/wp-content\/uploads\/2024\/07\/wp-17198514308107617811734923166466-485x600.jpg\" data-width=\"808\" src=\"https:\/\/i0.wp.com\/ecolefermedesbois.ch\/wp-content\/uploads\/2024\/07\/wp-17198514308107617811734923166466-485x600.jpg?ssl=1\" data-amp-layout=\"responsive\"\/><\/figure><\/div><div class=\"tiled-gallery__col\" style=\"flex-basis:29.98558%\"><figure class=\"tiled-gallery__item\"><img decoding=\"async\" alt=\"\" data-height=\"734\" data-id=\"13287\" data-link=\"https:\/\/ecolefermedesbois.ch\/?attachment_id=13287\" data-url=\"https:\/\/ecolefermedesbois.ch\/wp-content\/uploads\/2024\/07\/wp-17207743993088438405777167719706-600x440.jpg\" data-width=\"1000\" src=\"https:\/\/i2.wp.com\/ecolefermedesbois.ch\/wp-content\/uploads\/2024\/07\/wp-17207743993088438405777167719706-600x440.jpg?ssl=1\" data-amp-layout=\"responsive\"\/><\/figure><figure class=\"tiled-gallery__item\"><img decoding=\"async\" alt=\"\" data-height=\"750\" data-id=\"13290\" data-link=\"https:\/\/ecolefermedesbois.ch\/?attachment_id=13290\" data-url=\"https:\/\/ecolefermedesbois.ch\/wp-content\/uploads\/2024\/07\/wp-17207743995951478876149430685734-600x450.jpg\" data-width=\"1000\" src=\"https:\/\/i1.wp.com\/ecolefermedesbois.ch\/wp-content\/uploads\/2024\/07\/wp-17207743995951478876149430685734-600x450.jpg?ssl=1\" data-amp-layout=\"responsive\"\/><\/figure><\/div><div class=\"tiled-gallery__col\" style=\"flex-basis:33.71242%\"><figure class=\"tiled-gallery__item\"><img decoding=\"async\" alt=\"\" data-height=\"1000\" data-id=\"13291\" data-link=\"https:\/\/ecolefermedesbois.ch\/?attachment_id=13291\" data-url=\"https:\/\/ecolefermedesbois.ch\/wp-content\/uploads\/2024\/07\/wp-17207743998981746971035397026672-450x600.jpg\" data-width=\"750\" src=\"https:\/\/i1.wp.com\/ecolefermedesbois.ch\/wp-content\/uploads\/2024\/07\/wp-17207743998981746971035397026672-450x600.jpg?ssl=1\" data-amp-layout=\"responsive\"\/><\/figure><\/div><\/div><div class=\"tiled-gallery__row\"><div class=\"tiled-gallery__col\" style=\"flex-basis:43.91479%\"><figure class=\"tiled-gallery__item\"><img decoding=\"async\" alt=\"\" data-height=\"756\" data-id=\"13286\" data-link=\"https:\/\/ecolefermedesbois.ch\/?attachment_id=13286\" data-url=\"https:\/\/ecolefermedesbois.ch\/wp-content\/uploads\/2024\/07\/wp-17207743990021708233836511871799-600x450.jpg\" data-width=\"1008\" src=\"https:\/\/i0.wp.com\/ecolefermedesbois.ch\/wp-content\/uploads\/2024\/07\/wp-17207743990021708233836511871799-600x450.jpg?ssl=1\" data-amp-layout=\"responsive\"\/><\/figure><figure class=\"tiled-gallery__item\"><img decoding=\"async\" alt=\"\" data-height=\"756\" data-id=\"13284\" data-link=\"https:\/\/ecolefermedesbois.ch\/?attachment_id=13284\" data-url=\"https:\/\/ecolefermedesbois.ch\/wp-content\/uploads\/2024\/07\/wp-17207743988045958170830515740550-600x450.jpg\" data-width=\"1008\" src=\"https:\/\/i2.wp.com\/ecolefermedesbois.ch\/wp-content\/uploads\/2024\/07\/wp-17207743988045958170830515740550-600x450.jpg?ssl=1\" data-amp-layout=\"responsive\"\/><\/figure><figure class=\"tiled-gallery__item\"><img decoding=\"async\" alt=\"\" data-height=\"756\" data-id=\"13282\" data-link=\"https:\/\/ecolefermedesbois.ch\/?attachment_id=13282\" data-url=\"https:\/\/ecolefermedesbois.ch\/wp-content\/uploads\/2024\/07\/wp-17207743986371147693491642579419-600x450.jpg\" data-width=\"1008\" src=\"https:\/\/i1.wp.com\/ecolefermedesbois.ch\/wp-content\/uploads\/2024\/07\/wp-17207743986371147693491642579419-600x450.jpg?ssl=1\" data-amp-layout=\"responsive\"\/><\/figure><\/div><div class=\"tiled-gallery__col\" style=\"flex-basis:56.08521%\"><figure class=\"tiled-gallery__item\"><img decoding=\"async\" alt=\"\" data-height=\"1000\" data-id=\"13272\" data-link=\"https:\/\/ecolefermedesbois.ch\/?attachment_id=13272\" data-url=\"https:\/\/ecolefermedesbois.ch\/wp-content\/uploads\/2024\/07\/wp-17207743975433468086989214145681-338x600.jpg\" data-width=\"563\" src=\"https:\/\/i0.wp.com\/ecolefermedesbois.ch\/wp-content\/uploads\/2024\/07\/wp-17207743975433468086989214145681-338x600.jpg?ssl=1\" data-amp-layout=\"responsive\"\/><\/figure><\/div><\/div><div class=\"tiled-gallery__row\"><div class=\"tiled-gallery__col\" style=\"flex-basis:25.00000%\"><figure class=\"tiled-gallery__item\"><img decoding=\"async\" alt=\"\" data-height=\"1000\" data-id=\"13269\" data-link=\"https:\/\/ecolefermedesbois.ch\/?attachment_id=13269\" data-url=\"https:\/\/ecolefermedesbois.ch\/wp-content\/uploads\/2024\/07\/wp-17207743976726308905446290434219-338x600.jpg\" data-width=\"563\" src=\"https:\/\/i1.wp.com\/ecolefermedesbois.ch\/wp-content\/uploads\/2024\/07\/wp-17207743976726308905446290434219-338x600.jpg?ssl=1\" data-amp-layout=\"responsive\"\/><\/figure><\/div><div class=\"tiled-gallery__col\" style=\"flex-basis:25.00000%\"><figure class=\"tiled-gallery__item\"><img decoding=\"async\" alt=\"\" data-height=\"1000\" data-id=\"13277\" data-link=\"https:\/\/ecolefermedesbois.ch\/?attachment_id=13277\" data-url=\"https:\/\/ecolefermedesbois.ch\/wp-content\/uploads\/2024\/07\/wp-17207743978891847172486894797350-338x600.jpg\" data-width=\"563\" src=\"https:\/\/i1.wp.com\/ecolefermedesbois.ch\/wp-content\/uploads\/2024\/07\/wp-17207743978891847172486894797350-338x600.jpg?ssl=1\" data-amp-layout=\"responsive\"\/><\/figure><\/div><div class=\"tiled-gallery__col\" style=\"flex-basis:25.00000%\"><figure class=\"tiled-gallery__item\"><img decoding=\"async\" alt=\"\" data-height=\"1000\" data-id=\"13268\" data-link=\"https:\/\/ecolefermedesbois.ch\/?attachment_id=13268\" data-url=\"https:\/\/ecolefermedesbois.ch\/wp-content\/uploads\/2024\/07\/wp-1720774397812491032652738541692-338x600.jpg\" data-width=\"563\" src=\"https:\/\/i0.wp.com\/ecolefermedesbois.ch\/wp-content\/uploads\/2024\/07\/wp-1720774397812491032652738541692-338x600.jpg?ssl=1\" data-amp-layout=\"responsive\"\/><\/figure><\/div><div class=\"tiled-gallery__col\" style=\"flex-basis:25.00000%\"><figure class=\"tiled-gallery__item\"><img decoding=\"async\" alt=\"\" data-height=\"1000\" data-id=\"13271\" data-link=\"https:\/\/ecolefermedesbois.ch\/?attachment_id=13271\" data-url=\"https:\/\/ecolefermedesbois.ch\/wp-content\/uploads\/2024\/07\/wp-17207743976117346117591886557842-338x600.jpg\" data-width=\"563\" src=\"https:\/\/i1.wp.com\/ecolefermedesbois.ch\/wp-content\/uploads\/2024\/07\/wp-17207743976117346117591886557842-338x600.jpg?ssl=1\" data-amp-layout=\"responsive\"\/><\/figure><\/div><\/div><div class=\"tiled-gallery__row\"><div class=\"tiled-gallery__col\" style=\"flex-basis:42.89020%\"><figure class=\"tiled-gallery__item\"><img decoding=\"async\" alt=\"\" data-height=\"1000\" data-id=\"13274\" data-link=\"https:\/\/ecolefermedesbois.ch\/?attachment_id=13274\" data-url=\"https:\/\/ecolefermedesbois.ch\/wp-content\/uploads\/2024\/07\/wp-17207743978473056757457635087065-338x600.jpg\" data-width=\"563\" src=\"https:\/\/i0.wp.com\/ecolefermedesbois.ch\/wp-content\/uploads\/2024\/07\/wp-17207743978473056757457635087065-338x600.jpg?ssl=1\" data-amp-layout=\"responsive\"\/><\/figure><\/div><div class=\"tiled-gallery__col\" style=\"flex-basis:57.10980%\"><figure class=\"tiled-gallery__item\"><img decoding=\"async\" alt=\"\" data-height=\"1000\" data-id=\"13283\" data-link=\"https:\/\/ecolefermedesbois.ch\/?attachment_id=13283\" data-url=\"https:\/\/ecolefermedesbois.ch\/wp-content\/uploads\/2024\/07\/wp-17207743985138603591831970755364-450x600.jpg\" data-width=\"750\" src=\"https:\/\/i1.wp.com\/ecolefermedesbois.ch\/wp-content\/uploads\/2024\/07\/wp-17207743985138603591831970755364-450x600.jpg?ssl=1\" data-amp-layout=\"responsive\"\/><\/figure><\/div><\/div><div class=\"tiled-gallery__row\"><div class=\"tiled-gallery__col\" style=\"flex-basis:46.90519%\"><figure class=\"tiled-gallery__item\"><img decoding=\"async\" alt=\"\" data-height=\"756\" data-id=\"13280\" data-link=\"https:\/\/ecolefermedesbois.ch\/?attachment_id=13280\" data-url=\"https:\/\/ecolefermedesbois.ch\/wp-content\/uploads\/2024\/07\/wp-17207743983655659915503478726211-600x450.jpg\" data-width=\"1008\" src=\"https:\/\/i2.wp.com\/ecolefermedesbois.ch\/wp-content\/uploads\/2024\/07\/wp-17207743983655659915503478726211-600x450.jpg?ssl=1\" data-amp-layout=\"responsive\"\/><\/figure><figure class=\"tiled-gallery__item\"><img decoding=\"async\" alt=\"\" data-height=\"750\" data-id=\"13281\" data-link=\"https:\/\/ecolefermedesbois.ch\/?attachment_id=13281\" data-url=\"https:\/\/ecolefermedesbois.ch\/wp-content\/uploads\/2024\/07\/wp-172077439827899282726321387954-600x450.jpg\" data-width=\"1000\" src=\"https:\/\/i0.wp.com\/ecolefermedesbois.ch\/wp-content\/uploads\/2024\/07\/wp-172077439827899282726321387954-600x450.jpg?ssl=1\" data-amp-layout=\"responsive\"\/><\/figure><\/div><div class=\"tiled-gallery__col\" style=\"flex-basis:53.09481%\"><figure class=\"tiled-gallery__item\"><img decoding=\"async\" alt=\"\" data-height=\"1000\" data-id=\"13279\" data-link=\"https:\/\/ecolefermedesbois.ch\/?attachment_id=13279\" data-url=\"https:\/\/ecolefermedesbois.ch\/wp-content\/uploads\/2024\/07\/wp-17207743981501513233504857907052-450x600.jpg\" data-width=\"750\" src=\"https:\/\/i0.wp.com\/ecolefermedesbois.ch\/wp-content\/uploads\/2024\/07\/wp-17207743981501513233504857907052-450x600.jpg?ssl=1\" data-amp-layout=\"responsive\"\/><\/figure><\/div><\/div><div class=\"tiled-gallery__row\"><div class=\"tiled-gallery__col\" style=\"flex-basis:54.15291%\"><figure class=\"tiled-gallery__item\"><img decoding=\"async\" alt=\"\" data-height=\"750\" data-id=\"13278\" data-link=\"https:\/\/ecolefermedesbois.ch\/?attachment_id=13278\" data-url=\"https:\/\/ecolefermedesbois.ch\/wp-content\/uploads\/2024\/07\/wp-17207743980147656592228871086633-600x450.jpg\" data-width=\"1000\" src=\"https:\/\/i2.wp.com\/ecolefermedesbois.ch\/wp-content\/uploads\/2024\/07\/wp-17207743980147656592228871086633-600x450.jpg?ssl=1\" data-amp-layout=\"responsive\"\/><\/figure><\/div><div class=\"tiled-gallery__col\" style=\"flex-basis:22.92355%\"><figure class=\"tiled-gallery__item\"><img decoding=\"async\" alt=\"\" data-height=\"1000\" data-id=\"13275\" data-link=\"https:\/\/ecolefermedesbois.ch\/?attachment_id=13275\" data-url=\"https:\/\/ecolefermedesbois.ch\/wp-content\/uploads\/2024\/07\/wp-17207743979752933331078478060225-338x600.jpg\" data-width=\"563\" src=\"https:\/\/i0.wp.com\/ecolefermedesbois.ch\/wp-content\/uploads\/2024\/07\/wp-17207743979752933331078478060225-338x600.jpg?ssl=1\" data-amp-layout=\"responsive\"\/><\/figure><\/div><div class=\"tiled-gallery__col\" style=\"flex-basis:22.92355%\"><figure class=\"tiled-gallery__item\"><img decoding=\"async\" alt=\"\" data-height=\"1000\" data-id=\"13276\" data-link=\"https:\/\/ecolefermedesbois.ch\/?attachment_id=13276\" data-url=\"https:\/\/ecolefermedesbois.ch\/wp-content\/uploads\/2024\/07\/wp-1720774397937857765052571258979-338x600.jpg\" data-width=\"563\" src=\"https:\/\/i0.wp.com\/ecolefermedesbois.ch\/wp-content\/uploads\/2024\/07\/wp-1720774397937857765052571258979-338x600.jpg?ssl=1\" data-amp-layout=\"responsive\"\/><\/figure><\/div><\/div><\/div><\/div>\n","protected":false},"excerpt":{"rendered":"<p>Mardi, des enfants de 4-6 ans sont venus d\u00e9couvrir notre quotidien \u00e0 la ferme. Nous commen\u00e7ons la matin\u00e9e aupr\u00e8s les&#46;&#46;&#46;<\/p>\n","protected":false},"author":2,"featured_media":13269,"comment_status":"open","ping_status":"open","sticky":false,"template":"","format":"image","meta":{"jetpack_post_was_ever_published":false,"footnotes":"","jetpack_publicize_message":"","jetpack_publicize_feature_enabled":true,"jetpack_social_post_already_shared":true,"jetpack_social_options":{"image_generator_settings":{"template":"highway","default_image_id":0,"font":"","enabled":false},"version":2}},"categories":[33],"tags":[],"class_list":["post-13288","post","type-post","status-publish","format-image","has-post-thumbnail","hentry","category-ecole","post_format-post-format-image"],"yoast_head":"<!-- This site is optimized with the Yoast SEO plugin v27.5 - https:\/\/yoast.com\/product\/yoast-seo-wordpress\/ -->\n<title>Garderie Fondation du Graap: des enfants en immersion dans notre quotidien -<\/title>\n<meta name=\"robots\" content=\"index, follow, max-snippet:-1, max-image-preview:large, max-video-preview:-1\" \/>\n<link rel=\"canonical\" href=\"https:\/\/ecolefermedesbois.ch\/?p=13288\" \/>\n<meta property=\"og:locale\" content=\"fr_FR\" \/>\n<meta property=\"og:type\" content=\"article\" \/>\n<meta property=\"og:title\" content=\"Garderie Fondation du Graap: des enfants en immersion dans notre quotidien -\" \/>\n<meta property=\"og:description\" content=\"Mardi, des enfants de 4-6 ans sont venus d\u00e9couvrir notre quotidien \u00e0 la ferme. Nous commen\u00e7ons la matin\u00e9e aupr\u00e8s les&#046;&#046;&#046;\" \/>\n<meta property=\"og:url\" content=\"https:\/\/ecolefermedesbois.ch\/?p=13288\" \/>\n<meta property=\"article:publisher\" content=\"https:\/\/www.facebook.com\/ecolefermedesBois\" \/>\n<meta property=\"article:published_time\" content=\"2024-07-12T09:19:16+00:00\" \/>\n<meta property=\"article:modified_time\" content=\"2024-07-12T16:13:56+00:00\" \/>\n<meta property=\"og:image\" content=\"https:\/\/ecolefermedesbois.ch\/wp-content\/uploads\/2024\/07\/wp-17207743976726308905446290434219.jpg\" \/>\n\t<meta property=\"og:image:width\" content=\"563\" \/>\n\t<meta property=\"og:image:height\" content=\"1000\" \/>\n\t<meta property=\"og:image:type\" content=\"image\/jpeg\" \/>\n<meta name=\"author\" content=\"Sophie\" \/>\n<meta name=\"twitter:card\" content=\"summary_large_image\" \/>\n<meta name=\"twitter:label1\" content=\"\u00c9crit par\" \/>\n\t<meta name=\"twitter:data1\" content=\"Sophie\" \/>\n\t<meta name=\"twitter:label2\" content=\"Dur\u00e9e de lecture estim\u00e9e\" \/>\n\t<meta name=\"twitter:data2\" content=\"9 minutes\" \/>\n<script type=\"application\/ld+json\" class=\"yoast-schema-graph\">{\"@context\":\"https:\\\/\\\/schema.org\",\"@graph\":[{\"@type\":\"Article\",\"@id\":\"https:\\\/\\\/ecolefermedesbois.ch\\\/?p=13288#article\",\"isPartOf\":{\"@id\":\"https:\\\/\\\/ecolefermedesbois.ch\\\/?p=13288\"},\"author\":{\"name\":\"Sophie\",\"@id\":\"https:\\\/\\\/ecolefermedesbois.ch\\\/#\\\/schema\\\/person\\\/78f5a1c78e958e51240f90932d290908\"},\"headline\":\"Garderie Fondation du Graap: des enfants en immersion dans notre quotidien\",\"datePublished\":\"2024-07-12T09:19:16+00:00\",\"dateModified\":\"2024-07-12T16:13:56+00:00\",\"mainEntityOfPage\":{\"@id\":\"https:\\\/\\\/ecolefermedesbois.ch\\\/?p=13288\"},\"wordCount\":523,\"commentCount\":0,\"publisher\":{\"@id\":\"https:\\\/\\\/ecolefermedesbois.ch\\\/#organization\"},\"image\":{\"@id\":\"https:\\\/\\\/ecolefermedesbois.ch\\\/?p=13288#primaryimage\"},\"thumbnailUrl\":\"https:\\\/\\\/i0.wp.com\\\/ecolefermedesbois.ch\\\/wp-content\\\/uploads\\\/2024\\\/07\\\/wp-17207743976726308905446290434219.jpg?fit=563%2C1000&ssl=1\",\"articleSection\":[\"Ecole\"],\"inLanguage\":\"fr-FR\",\"potentialAction\":[{\"@type\":\"CommentAction\",\"name\":\"Comment\",\"target\":[\"https:\\\/\\\/ecolefermedesbois.ch\\\/?p=13288#respond\"]}]},{\"@type\":\"WebPage\",\"@id\":\"https:\\\/\\\/ecolefermedesbois.ch\\\/?p=13288\",\"url\":\"https:\\\/\\\/ecolefermedesbois.ch\\\/?p=13288\",\"name\":\"Garderie Fondation du Graap: des enfants en immersion dans notre quotidien -\",\"isPartOf\":{\"@id\":\"https:\\\/\\\/ecolefermedesbois.ch\\\/#website\"},\"primaryImageOfPage\":{\"@id\":\"https:\\\/\\\/ecolefermedesbois.ch\\\/?p=13288#primaryimage\"},\"image\":{\"@id\":\"https:\\\/\\\/ecolefermedesbois.ch\\\/?p=13288#primaryimage\"},\"thumbnailUrl\":\"https:\\\/\\\/i0.wp.com\\\/ecolefermedesbois.ch\\\/wp-content\\\/uploads\\\/2024\\\/07\\\/wp-17207743976726308905446290434219.jpg?fit=563%2C1000&ssl=1\",\"datePublished\":\"2024-07-12T09:19:16+00:00\",\"dateModified\":\"2024-07-12T16:13:56+00:00\",\"breadcrumb\":{\"@id\":\"https:\\\/\\\/ecolefermedesbois.ch\\\/?p=13288#breadcrumb\"},\"inLanguage\":\"fr-FR\",\"potentialAction\":[{\"@type\":\"ReadAction\",\"target\":[\"https:\\\/\\\/ecolefermedesbois.ch\\\/?p=13288\"]}]},{\"@type\":\"ImageObject\",\"inLanguage\":\"fr-FR\",\"@id\":\"https:\\\/\\\/ecolefermedesbois.ch\\\/?p=13288#primaryimage\",\"url\":\"https:\\\/\\\/i0.wp.com\\\/ecolefermedesbois.ch\\\/wp-content\\\/uploads\\\/2024\\\/07\\\/wp-17207743976726308905446290434219.jpg?fit=563%2C1000&ssl=1\",\"contentUrl\":\"https:\\\/\\\/i0.wp.com\\\/ecolefermedesbois.ch\\\/wp-content\\\/uploads\\\/2024\\\/07\\\/wp-17207743976726308905446290434219.jpg?fit=563%2C1000&ssl=1\",\"width\":563,\"height\":1000},{\"@type\":\"BreadcrumbList\",\"@id\":\"https:\\\/\\\/ecolefermedesbois.ch\\\/?p=13288#breadcrumb\",\"itemListElement\":[{\"@type\":\"ListItem\",\"position\":1,\"name\":\"Accueil\",\"item\":\"https:\\\/\\\/ecolefermedesbois.ch\\\/\"},{\"@type\":\"ListItem\",\"position\":2,\"name\":\"Garderie Fondation du Graap: des enfants en immersion dans notre quotidien\"}]},{\"@type\":\"WebSite\",\"@id\":\"https:\\\/\\\/ecolefermedesbois.ch\\\/#website\",\"url\":\"https:\\\/\\\/ecolefermedesbois.ch\\\/\",\"name\":\"ecolefermedesbois\",\"description\":\"\",\"publisher\":{\"@id\":\"https:\\\/\\\/ecolefermedesbois.ch\\\/#organization\"},\"potentialAction\":[{\"@type\":\"SearchAction\",\"target\":{\"@type\":\"EntryPoint\",\"urlTemplate\":\"https:\\\/\\\/ecolefermedesbois.ch\\\/?s={search_term_string}\"},\"query-input\":{\"@type\":\"PropertyValueSpecification\",\"valueRequired\":true,\"valueName\":\"search_term_string\"}}],\"inLanguage\":\"fr-FR\"},{\"@type\":\"Organization\",\"@id\":\"https:\\\/\\\/ecolefermedesbois.ch\\\/#organization\",\"name\":\"Ecole \u00e0 la Ferme des Bois\",\"url\":\"https:\\\/\\\/ecolefermedesbois.ch\\\/\",\"logo\":{\"@type\":\"ImageObject\",\"inLanguage\":\"fr-FR\",\"@id\":\"https:\\\/\\\/ecolefermedesbois.ch\\\/#\\\/schema\\\/logo\\\/image\\\/\",\"url\":\"https:\\\/\\\/ecolefermedesbois.ch\\\/wp-content\\\/uploads\\\/2019\\\/04\\\/logo-scaled.gif\",\"contentUrl\":\"https:\\\/\\\/ecolefermedesbois.ch\\\/wp-content\\\/uploads\\\/2019\\\/04\\\/logo-scaled.gif\",\"width\":2560,\"height\":608,\"caption\":\"Ecole \u00e0 la Ferme des Bois\"},\"image\":{\"@id\":\"https:\\\/\\\/ecolefermedesbois.ch\\\/#\\\/schema\\\/logo\\\/image\\\/\"},\"sameAs\":[\"https:\\\/\\\/www.facebook.com\\\/ecolefermedesBois\"]},{\"@type\":\"Person\",\"@id\":\"https:\\\/\\\/ecolefermedesbois.ch\\\/#\\\/schema\\\/person\\\/78f5a1c78e958e51240f90932d290908\",\"name\":\"Sophie\",\"image\":{\"@type\":\"ImageObject\",\"inLanguage\":\"fr-FR\",\"@id\":\"https:\\\/\\\/secure.gravatar.com\\\/avatar\\\/053fbaec50cb27b03b880a4b8b018009aa3af995f32011efc3f40a589371d46f?s=96&d=mm&r=g\",\"url\":\"https:\\\/\\\/secure.gravatar.com\\\/avatar\\\/053fbaec50cb27b03b880a4b8b018009aa3af995f32011efc3f40a589371d46f?s=96&d=mm&r=g\",\"contentUrl\":\"https:\\\/\\\/secure.gravatar.com\\\/avatar\\\/053fbaec50cb27b03b880a4b8b018009aa3af995f32011efc3f40a589371d46f?s=96&d=mm&r=g\",\"caption\":\"Sophie\"},\"url\":\"https:\\\/\\\/ecolefermedesbois.ch\\\/?author=2\"}]}<\/script>\n<!-- \/ Yoast SEO plugin. -->","yoast_head_json":{"title":"Garderie Fondation du Graap: des enfants en immersion dans notre quotidien -","robots":{"index":"index","follow":"follow","max-snippet":"max-snippet:-1","max-image-preview":"max-image-preview:large","max-video-preview":"max-video-preview:-1"},"canonical":"https:\/\/ecolefermedesbois.ch\/?p=13288","og_locale":"fr_FR","og_type":"article","og_title":"Garderie Fondation du Graap: des enfants en immersion dans notre quotidien -","og_description":"Mardi, des enfants de 4-6 ans sont venus d\u00e9couvrir notre quotidien \u00e0 la ferme. Nous commen\u00e7ons la matin\u00e9e aupr\u00e8s les&#46;&#46;&#46;","og_url":"https:\/\/ecolefermedesbois.ch\/?p=13288","article_publisher":"https:\/\/www.facebook.com\/ecolefermedesBois","article_published_time":"2024-07-12T09:19:16+00:00","article_modified_time":"2024-07-12T16:13:56+00:00","og_image":[{"width":563,"height":1000,"url":"https:\/\/ecolefermedesbois.ch\/wp-content\/uploads\/2024\/07\/wp-17207743976726308905446290434219.jpg","type":"image\/jpeg"}],"author":"Sophie","twitter_card":"summary_large_image","twitter_misc":{"\u00c9crit par":"Sophie","Dur\u00e9e de lecture estim\u00e9e":"9 minutes"},"schema":{"@context":"https:\/\/schema.org","@graph":[{"@type":"Article","@id":"https:\/\/ecolefermedesbois.ch\/?p=13288#article","isPartOf":{"@id":"https:\/\/ecolefermedesbois.ch\/?p=13288"},"author":{"name":"Sophie","@id":"https:\/\/ecolefermedesbois.ch\/#\/schema\/person\/78f5a1c78e958e51240f90932d290908"},"headline":"Garderie Fondation du Graap: des enfants en immersion dans notre quotidien","datePublished":"2024-07-12T09:19:16+00:00","dateModified":"2024-07-12T16:13:56+00:00","mainEntityOfPage":{"@id":"https:\/\/ecolefermedesbois.ch\/?p=13288"},"wordCount":523,"commentCount":0,"publisher":{"@id":"https:\/\/ecolefermedesbois.ch\/#organization"},"image":{"@id":"https:\/\/ecolefermedesbois.ch\/?p=13288#primaryimage"},"thumbnailUrl":"https:\/\/i0.wp.com\/ecolefermedesbois.ch\/wp-content\/uploads\/2024\/07\/wp-17207743976726308905446290434219.jpg?fit=563%2C1000&ssl=1","articleSection":["Ecole"],"inLanguage":"fr-FR","potentialAction":[{"@type":"CommentAction","name":"Comment","target":["https:\/\/ecolefermedesbois.ch\/?p=13288#respond"]}]},{"@type":"WebPage","@id":"https:\/\/ecolefermedesbois.ch\/?p=13288","url":"https:\/\/ecolefermedesbois.ch\/?p=13288","name":"Garderie Fondation du Graap: des enfants en immersion dans notre quotidien -","isPartOf":{"@id":"https:\/\/ecolefermedesbois.ch\/#website"},"primaryImageOfPage":{"@id":"https:\/\/ecolefermedesbois.ch\/?p=13288#primaryimage"},"image":{"@id":"https:\/\/ecolefermedesbois.ch\/?p=13288#primaryimage"},"thumbnailUrl":"https:\/\/i0.wp.com\/ecolefermedesbois.ch\/wp-content\/uploads\/2024\/07\/wp-17207743976726308905446290434219.jpg?fit=563%2C1000&ssl=1","datePublished":"2024-07-12T09:19:16+00:00","dateModified":"2024-07-12T16:13:56+00:00","breadcrumb":{"@id":"https:\/\/ecolefermedesbois.ch\/?p=13288#breadcrumb"},"inLanguage":"fr-FR","potentialAction":[{"@type":"ReadAction","target":["https:\/\/ecolefermedesbois.ch\/?p=13288"]}]},{"@type":"ImageObject","inLanguage":"fr-FR","@id":"https:\/\/ecolefermedesbois.ch\/?p=13288#primaryimage","url":"https:\/\/i0.wp.com\/ecolefermedesbois.ch\/wp-content\/uploads\/2024\/07\/wp-17207743976726308905446290434219.jpg?fit=563%2C1000&ssl=1","contentUrl":"https:\/\/i0.wp.com\/ecolefermedesbois.ch\/wp-content\/uploads\/2024\/07\/wp-17207743976726308905446290434219.jpg?fit=563%2C1000&ssl=1","width":563,"height":1000},{"@type":"BreadcrumbList","@id":"https:\/\/ecolefermedesbois.ch\/?p=13288#breadcrumb","itemListElement":[{"@type":"ListItem","position":1,"name":"Accueil","item":"https:\/\/ecolefermedesbois.ch\/"},{"@type":"ListItem","position":2,"name":"Garderie Fondation du Graap: des enfants en immersion dans notre quotidien"}]},{"@type":"WebSite","@id":"https:\/\/ecolefermedesbois.ch\/#website","url":"https:\/\/ecolefermedesbois.ch\/","name":"ecolefermedesbois","description":"","publisher":{"@id":"https:\/\/ecolefermedesbois.ch\/#organization"},"potentialAction":[{"@type":"SearchAction","target":{"@type":"EntryPoint","urlTemplate":"https:\/\/ecolefermedesbois.ch\/?s={search_term_string}"},"query-input":{"@type":"PropertyValueSpecification","valueRequired":true,"valueName":"search_term_string"}}],"inLanguage":"fr-FR"},{"@type":"Organization","@id":"https:\/\/ecolefermedesbois.ch\/#organization","name":"Ecole \u00e0 la Ferme des Bois","url":"https:\/\/ecolefermedesbois.ch\/","logo":{"@type":"ImageObject","inLanguage":"fr-FR","@id":"https:\/\/ecolefermedesbois.ch\/#\/schema\/logo\/image\/","url":"https:\/\/ecolefermedesbois.ch\/wp-content\/uploads\/2019\/04\/logo-scaled.gif","contentUrl":"https:\/\/ecolefermedesbois.ch\/wp-content\/uploads\/2019\/04\/logo-scaled.gif","width":2560,"height":608,"caption":"Ecole \u00e0 la Ferme des Bois"},"image":{"@id":"https:\/\/ecolefermedesbois.ch\/#\/schema\/logo\/image\/"},"sameAs":["https:\/\/www.facebook.com\/ecolefermedesBois"]},{"@type":"Person","@id":"https:\/\/ecolefermedesbois.ch\/#\/schema\/person\/78f5a1c78e958e51240f90932d290908","name":"Sophie","image":{"@type":"ImageObject","inLanguage":"fr-FR","@id":"https:\/\/secure.gravatar.com\/avatar\/053fbaec50cb27b03b880a4b8b018009aa3af995f32011efc3f40a589371d46f?s=96&d=mm&r=g","url":"https:\/\/secure.gravatar.com\/avatar\/053fbaec50cb27b03b880a4b8b018009aa3af995f32011efc3f40a589371d46f?s=96&d=mm&r=g","contentUrl":"https:\/\/secure.gravatar.com\/avatar\/053fbaec50cb27b03b880a4b8b018009aa3af995f32011efc3f40a589371d46f?s=96&d=mm&r=g","caption":"Sophie"},"url":"https:\/\/ecolefermedesbois.ch\/?author=2"}]}},"jetpack_publicize_connections":[],"jetpack_featured_media_url":"https:\/\/i0.wp.com\/ecolefermedesbois.ch\/wp-content\/uploads\/2024\/07\/wp-17207743976726308905446290434219.jpg?fit=563%2C1000&ssl=1","jetpack_sharing_enabled":true,"_links":{"self":[{"href":"https:\/\/ecolefermedesbois.ch\/index.php?rest_route=\/wp\/v2\/posts\/13288","targetHints":{"allow":["GET"]}}],"collection":[{"href":"https:\/\/ecolefermedesbois.ch\/index.php?rest_route=\/wp\/v2\/posts"}],"about":[{"href":"https:\/\/ecolefermedesbois.ch\/index.php?rest_route=\/wp\/v2\/types\/post"}],"author":[{"embeddable":true,"href":"https:\/\/ecolefermedesbois.ch\/index.php?rest_route=\/wp\/v2\/users\/2"}],"replies":[{"embeddable":true,"href":"https:\/\/ecolefermedesbois.ch\/index.php?rest_route=%2Fwp%2Fv2%2Fcomments&post=13288"}],"version-history":[{"count":2,"href":"https:\/\/ecolefermedesbois.ch\/index.php?rest_route=\/wp\/v2\/posts\/13288\/revisions"}],"predecessor-version":[{"id":13363,"href":"https:\/\/ecolefermedesbois.ch\/index.php?rest_route=\/wp\/v2\/posts\/13288\/revisions\/13363"}],"wp:featuredmedia":[{"embeddable":true,"href":"https:\/\/ecolefermedesbois.ch\/index.php?rest_route=\/wp\/v2\/media\/13269"}],"wp:attachment":[{"href":"https:\/\/ecolefermedesbois.ch\/index.php?rest_route=%2Fwp%2Fv2%2Fmedia&parent=13288"}],"wp:term":[{"taxonomy":"category","embeddable":true,"href":"https:\/\/ecolefermedesbois.ch\/index.php?rest_route=%2Fwp%2Fv2%2Fcategories&post=13288"},{"taxonomy":"post_tag","embeddable":true,"href":"https:\/\/ecolefermedesbois.ch\/index.php?rest_route=%2Fwp%2Fv2%2Ftags&post=13288"}],"curies":[{"name":"wp","href":"https:\/\/api.w.org\/{rel}","templated":true}]}}