{"id":13265,"date":"2024-07-04T18:27:45","date_gmt":"2024-07-04T16:27:45","guid":{"rendered":"https:\/\/ecolefermedesbois.ch\/?p=13265"},"modified":"2024-07-04T18:27:47","modified_gmt":"2024-07-04T16:27:47","slug":"passeport-vacances-oron-jorat-des-enfants-en-immersion-dans-notre-quotidien","status":"publish","type":"post","link":"https:\/\/ecolefermedesbois.ch\/?p=13265","title":{"rendered":"Passeport vacances Oron-Jorat : des enfants en immersion dans notre quotidien"},"content":{"rendered":"<div class=\"pdfprnt-buttons pdfprnt-buttons-post pdfprnt-top-right\"><a href=\"https:\/\/ecolefermedesbois.ch\/index.php?rest_route=%2Fwp%2Fv2%2Fposts%2F13265&print=pdf\" class=\"pdfprnt-button pdfprnt-button-pdf\" target=\"_blank\" ><img data-recalc-dims=\"1\" decoding=\"async\" src=\"https:\/\/i0.wp.com\/ecolefermedesbois.ch\/wp-content\/plugins\/pdf-print\/images\/pdf.png?w=720&#038;ssl=1\" alt=\"image_pdf\" title=\"Afficher le PDF\" \/><\/a><a href=\"https:\/\/ecolefermedesbois.ch\/index.php?rest_route=%2Fwp%2Fv2%2Fposts%2F13265&print=print\" class=\"pdfprnt-button pdfprnt-button-print\" target=\"_blank\" ><img data-recalc-dims=\"1\" decoding=\"async\" src=\"https:\/\/i0.wp.com\/ecolefermedesbois.ch\/wp-content\/plugins\/pdf-print\/images\/print.png?w=720&#038;ssl=1\" alt=\"image_print\" title=\"Contenu imprim\u00e9\" \/><\/a><\/div>\n<p>Lundi, 11 enfants sont venus d\u00e9couvrir notre quotidien \u00e0 la ferme. <br>Nous commen\u00e7ons la matin\u00e9e comme je le fais chaque matin. Au poulailler, nous allons ouvrir la porte aux poules pour qu&rsquo;elles puissent aller picorer dans leur parc. Nous leur mettons de l&rsquo;eau fra\u00eeche et de la nourriture. Apr\u00e8s quelques c\u00e2lins et d\u00e9couvertes sur les poules, nous y d\u00e9couvrons \u00e9galement les cailles. <br>Ensuite au tour des poussins et des canards. Nous ouvrons leurs cabanes pour qu&rsquo;ils puissent aller gambader et nous leur donnons \u00e9galement de l&rsquo;eau fra\u00eeche et des grains adapt\u00e9s \u00e0 chacun. Sans oublier le moment c\u00e2lins avec nos jeunes poussins.<\/p>\n\n\n\n<p>Pour les ch\u00e8vres, les enfants m&rsquo;ont aid\u00e9 \u00e0 la mettre dans leur parc et leur donner de l&rsquo;eau \u00e0 boire. Nous avons \u00e9t\u00e9 avec elles dans leur parc afin de pouvoir les c\u00e2liner et d\u00e9couvrir certaines de leurs sp\u00e9cificit\u00e9s.<\/p>\n\n\n\n<p>Aupr\u00e8s des lapins, nous commen\u00e7ons par nettoyer leur cage. Cela, je le fais une fois par semaine. <br>Les lapins \u00e9tant au propre, nous leur donnons de l&rsquo;eau fra\u00eeche, du foin et des granul\u00e9s pour lapins. <br>En premier les box des papas puis des mamans et leurs filles. Nous finissons par le box des jeunes m\u00e2les comme \u00e7a les enfants peuvent profiter de leur faire pleins de c\u00e2lins ! Un beau moment de douceur.<\/p>\n\n\n\n<p>Pour la deuxi\u00e8me partie de la matin\u00e9e, nous allons pr\u00e9parer le d\u00eener. Nous commen\u00e7ons par aller au jardin pour r\u00e9colter les salades vertes et les carottes. Apr\u00e8s une recherche infructueuse, j&rsquo;explique que cette ann\u00e9e, \u00e0 cause de la m\u00e9t\u00e9o, les carottes n&rsquo;ont pas pouss\u00e9 et que les salades pr\u00e9sentes sont encore trop petites. C&rsquo;est pur cela que je suis all\u00e9e chez la mara\u00eech\u00e8re de la r\u00e9gion pour en acheter.<\/p>\n\n\n\n<p>En salle, mains lav\u00e9es, nous voil\u00e0 pr\u00eats pour pr\u00e9parer le repas. Nous commen\u00e7ons par couper les pommes de terre nouvelles en 2 et les mettre cuire au four. Ensuite nous \u00e9pluchons les carottes. <br>Puis je fais plusieurs groupes afin que le repas soit pr\u00eat pour midi. Un groupe r\u00e2pe les carottes, un autre lave la salade verte et l\u2019essore pendant que le dernier groupe pr\u00e9pare la sauce \u00e0 salade. Une jeune fille va avec Nicolas pour faire les grillades. Une fois tout pr\u00eat, chacun prend quelque chose pour sortir car nous allons profiter du soleil. <br>Mmm un r\u00e9gal, bravo les jeunes pour la pr\u00e9paration du repas!<\/p>\n\n\n\n<p>L&rsquo;apr\u00e8s-midi, nous allons en chariote d\u00e9couvrir l&rsquo;\u00e9table et ses habitantes. Nous c\u00e2linons les vaches et parlons de la configuration de l&rsquo;\u00e9table par rapport \u00e0 un appartement. Puis nous parlons de leur alimentation. J&rsquo;en profite pour leur parler des d\u00e9g\u00e2ts que causent les d\u00e9chets en bord des routes sur nos animaux. Les enfants sont choqu\u00e9s de savoir que nous avons perdu 2 vaches l&rsquo;ann\u00e9e pass\u00e9e \u00e0 cause des canettes lanc\u00e9es dans nos pr\u00e8s. Donc quand je leur demande ou nous devons mettre nos d\u00e9chets, la r\u00e9ponse ne se fait pas attendre : A LA POUBELLE! Merci les jeunes!<\/p>\n\n\n\n<p>A la salle de traite, les enfants d\u00e9couvrent son fonctionnement. Nous finissons la visite aupr\u00e8s de nos jeunes veaux. <\/p>\n\n\n\n<p>De retour aux Bois, Nous nous rendons au verger pour d\u00e9guster des cerises directement cueillies sur l&rsquo;arbre. Mmmm trop bonne !<br>Puis pour finir cette belle journ\u00e9e, un groupe d&rsquo;enfant aimerais profiter de faire un dernier c\u00e2lin aux lapins pendant que les autres en profitent pour aller se balancer.<\/p>\n\n\n\n<p>Merci les enfants pour votre implication tout au long de la journ\u00e9e. Pour toutes vos questions et votre int\u00e9r\u00eat \u00e0 notre m\u00e9tier. <\/p>\n\n\n\n<p>Merci Jessica d&rsquo;\u00eatre venue accompagner les enfants durant cette journ\u00e9e ainsi que pour ton implication tout au long des ateliers. J&rsquo;ai eu beaucoup de plaisir \u00e0 faire ta connaissance.<\/p>\n\n\n\n<p>Je vous souhaite un bel \u00e9t\u00e9 et de tr\u00e8s belles vacances!<\/p>\n\n\n\n<p>A bient\u00f4t<\/p>\n\n\n\n<p>Sophie<\/p>\n\n\n\n<div class=\"wp-block-jetpack-tiled-gallery aligncenter is-style-rectangular\"><div class=\"tiled-gallery__gallery\"><div class=\"tiled-gallery__row\"><div class=\"tiled-gallery__col\" style=\"flex-basis:63.96477%\"><figure class=\"tiled-gallery__item\"><img decoding=\"async\" alt=\"\" data-height=\"750\" data-id=\"13262\" data-link=\"https:\/\/ecolefermedesbois.ch\/?attachment_id=13262\" data-url=\"https:\/\/ecolefermedesbois.ch\/wp-content\/uploads\/2024\/07\/wp-17198513135597737610292825118802-600x450.jpg\" data-width=\"1000\" src=\"https:\/\/i0.wp.com\/ecolefermedesbois.ch\/wp-content\/uploads\/2024\/07\/wp-17198513135597737610292825118802-600x450.jpg?ssl=1\" data-amp-layout=\"responsive\"\/><\/figure><\/div><div class=\"tiled-gallery__col\" style=\"flex-basis:36.03523%\"><figure class=\"tiled-gallery__item\"><img decoding=\"async\" alt=\"\" data-height=\"1000\" data-id=\"13261\" data-link=\"https:\/\/ecolefermedesbois.ch\/?attachment_id=13261\" data-url=\"https:\/\/ecolefermedesbois.ch\/wp-content\/uploads\/2024\/07\/wp-17198513134203712072936100305135-450x600.jpg\" data-width=\"750\" src=\"https:\/\/i0.wp.com\/ecolefermedesbois.ch\/wp-content\/uploads\/2024\/07\/wp-17198513134203712072936100305135-450x600.jpg?ssl=1\" data-amp-layout=\"responsive\"\/><\/figure><\/div><\/div><div class=\"tiled-gallery__row\"><div class=\"tiled-gallery__col\" style=\"flex-basis:51.40260%\"><figure class=\"tiled-gallery__item\"><img decoding=\"async\" alt=\"\" data-height=\"1000\" data-id=\"13258\" data-link=\"https:\/\/ecolefermedesbois.ch\/?attachment_id=13258\" data-url=\"https:\/\/ecolefermedesbois.ch\/wp-content\/uploads\/2024\/07\/wp-17198513129252034511173874408180-450x600.jpg\" data-width=\"750\" src=\"https:\/\/i1.wp.com\/ecolefermedesbois.ch\/wp-content\/uploads\/2024\/07\/wp-17198513129252034511173874408180-450x600.jpg?ssl=1\" data-amp-layout=\"responsive\"\/><\/figure><\/div><div class=\"tiled-gallery__col\" style=\"flex-basis:48.59740%\"><figure class=\"tiled-gallery__item\"><img decoding=\"async\" alt=\"\" data-height=\"1000\" data-id=\"13260\" data-link=\"https:\/\/ecolefermedesbois.ch\/?attachment_id=13260\" data-url=\"https:\/\/ecolefermedesbois.ch\/wp-content\/uploads\/2024\/07\/wp-17198513133201561330805813031608-425x600.jpg\" data-width=\"709\" src=\"https:\/\/i2.wp.com\/ecolefermedesbois.ch\/wp-content\/uploads\/2024\/07\/wp-17198513133201561330805813031608-425x600.jpg?ssl=1\" data-amp-layout=\"responsive\"\/><\/figure><\/div><\/div><div class=\"tiled-gallery__row\"><div class=\"tiled-gallery__col\" style=\"flex-basis:62.67606%\"><figure class=\"tiled-gallery__item\"><img decoding=\"async\" alt=\"\" data-height=\"898\" data-id=\"13259\" data-link=\"https:\/\/ecolefermedesbois.ch\/?attachment_id=13259\" data-url=\"https:\/\/ecolefermedesbois.ch\/wp-content\/uploads\/2024\/07\/wp-17198513131698500253556314668443-600x539.jpg\" data-width=\"1000\" src=\"https:\/\/i1.wp.com\/ecolefermedesbois.ch\/wp-content\/uploads\/2024\/07\/wp-17198513131698500253556314668443-600x539.jpg?ssl=1\" data-amp-layout=\"responsive\"\/><\/figure><\/div><div class=\"tiled-gallery__col\" style=\"flex-basis:37.32394%\"><figure class=\"tiled-gallery__item\"><img decoding=\"async\" alt=\"\" data-height=\"750\" data-id=\"13257\" data-link=\"https:\/\/ecolefermedesbois.ch\/?attachment_id=13257\" data-url=\"https:\/\/ecolefermedesbois.ch\/wp-content\/uploads\/2024\/07\/wp-17198513127103937076433986008469-600x450.jpg\" data-width=\"1000\" src=\"https:\/\/i2.wp.com\/ecolefermedesbois.ch\/wp-content\/uploads\/2024\/07\/wp-17198513127103937076433986008469-600x450.jpg?ssl=1\" data-amp-layout=\"responsive\"\/><\/figure><figure class=\"tiled-gallery__item\"><img decoding=\"async\" alt=\"\" data-height=\"750\" data-id=\"13256\" data-link=\"https:\/\/ecolefermedesbois.ch\/?attachment_id=13256\" data-url=\"https:\/\/ecolefermedesbois.ch\/wp-content\/uploads\/2024\/07\/wp-17198513125632912140550742151613-600x450.jpg\" data-width=\"1000\" src=\"https:\/\/i1.wp.com\/ecolefermedesbois.ch\/wp-content\/uploads\/2024\/07\/wp-17198513125632912140550742151613-600x450.jpg?ssl=1\" data-amp-layout=\"responsive\"\/><\/figure><\/div><\/div><div class=\"tiled-gallery__row\"><div class=\"tiled-gallery__col\" style=\"flex-basis:46.90519%\"><figure class=\"tiled-gallery__item\"><img decoding=\"async\" alt=\"\" data-height=\"750\" data-id=\"13252\" data-link=\"https:\/\/ecolefermedesbois.ch\/?attachment_id=13252\" data-url=\"https:\/\/ecolefermedesbois.ch\/wp-content\/uploads\/2024\/07\/wp-17198513118823312163571991151208-600x450.jpg\" data-width=\"1000\" src=\"https:\/\/i1.wp.com\/ecolefermedesbois.ch\/wp-content\/uploads\/2024\/07\/wp-17198513118823312163571991151208-600x450.jpg?ssl=1\" data-amp-layout=\"responsive\"\/><\/figure><figure class=\"tiled-gallery__item\"><img decoding=\"async\" alt=\"\" data-height=\"750\" data-id=\"13255\" data-link=\"https:\/\/ecolefermedesbois.ch\/?attachment_id=13255\" data-url=\"https:\/\/ecolefermedesbois.ch\/wp-content\/uploads\/2024\/07\/wp-17198513123991183746262972810058-600x450.jpg\" data-width=\"1000\" src=\"https:\/\/i2.wp.com\/ecolefermedesbois.ch\/wp-content\/uploads\/2024\/07\/wp-17198513123991183746262972810058-600x450.jpg?ssl=1\" data-amp-layout=\"responsive\"\/><\/figure><\/div><div class=\"tiled-gallery__col\" style=\"flex-basis:53.09481%\"><figure class=\"tiled-gallery__item\"><img decoding=\"async\" alt=\"\" data-height=\"1000\" data-id=\"13254\" data-link=\"https:\/\/ecolefermedesbois.ch\/?attachment_id=13254\" data-url=\"https:\/\/ecolefermedesbois.ch\/wp-content\/uploads\/2024\/07\/wp-17198513122218052774232746361841-450x600.jpg\" data-width=\"750\" src=\"https:\/\/i0.wp.com\/ecolefermedesbois.ch\/wp-content\/uploads\/2024\/07\/wp-17198513122218052774232746361841-450x600.jpg?ssl=1\" data-amp-layout=\"responsive\"\/><\/figure><\/div><\/div><div class=\"tiled-gallery__row\"><div class=\"tiled-gallery__col\" style=\"flex-basis:38.35173%\"><figure class=\"tiled-gallery__item\"><img decoding=\"async\" alt=\"\" data-height=\"750\" data-id=\"13253\" data-link=\"https:\/\/ecolefermedesbois.ch\/?attachment_id=13253\" data-url=\"https:\/\/ecolefermedesbois.ch\/wp-content\/uploads\/2024\/07\/wp-17198513120343258596082854777714-600x450.jpg\" data-width=\"1000\" src=\"https:\/\/i0.wp.com\/ecolefermedesbois.ch\/wp-content\/uploads\/2024\/07\/wp-17198513120343258596082854777714-600x450.jpg?ssl=1\" data-amp-layout=\"responsive\"\/><\/figure><\/div><div class=\"tiled-gallery__col\" style=\"flex-basis:23.29653%\"><figure class=\"tiled-gallery__item\"><img decoding=\"async\" alt=\"\" data-height=\"1000\" data-id=\"13263\" data-link=\"https:\/\/ecolefermedesbois.ch\/?attachment_id=13263\" data-url=\"https:\/\/ecolefermedesbois.ch\/wp-content\/uploads\/2024\/07\/wp-17198514308107617811734923166466-485x600.jpg\" data-width=\"808\" src=\"https:\/\/i0.wp.com\/ecolefermedesbois.ch\/wp-content\/uploads\/2024\/07\/wp-17198514308107617811734923166466-485x600.jpg?ssl=1\" data-amp-layout=\"responsive\"\/><\/figure><\/div><div class=\"tiled-gallery__col\" style=\"flex-basis:38.35173%\"><figure class=\"tiled-gallery__item\"><img decoding=\"async\" alt=\"\" data-height=\"750\" data-id=\"13251\" data-link=\"https:\/\/ecolefermedesbois.ch\/?attachment_id=13251\" data-url=\"https:\/\/ecolefermedesbois.ch\/wp-content\/uploads\/2024\/07\/wp-17198513116974901942496877269030-600x450.jpg\" data-width=\"1000\" src=\"https:\/\/i1.wp.com\/ecolefermedesbois.ch\/wp-content\/uploads\/2024\/07\/wp-17198513116974901942496877269030-600x450.jpg?ssl=1\" data-amp-layout=\"responsive\"\/><\/figure><\/div><\/div><div class=\"tiled-gallery__row\"><div class=\"tiled-gallery__col\" style=\"flex-basis:63.96477%\"><figure class=\"tiled-gallery__item\"><img decoding=\"async\" alt=\"\" data-height=\"750\" data-id=\"13250\" data-link=\"https:\/\/ecolefermedesbois.ch\/?attachment_id=13250\" data-url=\"https:\/\/ecolefermedesbois.ch\/wp-content\/uploads\/2024\/07\/wp-17198513115432703276888589500865-600x450.jpg\" data-width=\"1000\" src=\"https:\/\/i0.wp.com\/ecolefermedesbois.ch\/wp-content\/uploads\/2024\/07\/wp-17198513115432703276888589500865-600x450.jpg?ssl=1\" data-amp-layout=\"responsive\"\/><\/figure><\/div><div class=\"tiled-gallery__col\" style=\"flex-basis:36.03523%\"><figure class=\"tiled-gallery__item\"><img decoding=\"async\" alt=\"\" data-height=\"1000\" data-id=\"13249\" data-link=\"https:\/\/ecolefermedesbois.ch\/?attachment_id=13249\" data-url=\"https:\/\/ecolefermedesbois.ch\/wp-content\/uploads\/2024\/07\/wp-17198513114008275467704085254829-450x600.jpg\" data-width=\"750\" src=\"https:\/\/i0.wp.com\/ecolefermedesbois.ch\/wp-content\/uploads\/2024\/07\/wp-17198513114008275467704085254829-450x600.jpg?ssl=1\" data-amp-layout=\"responsive\"\/><\/figure><\/div><\/div><div class=\"tiled-gallery__row\"><div class=\"tiled-gallery__col\" style=\"flex-basis:50.00000%\"><figure class=\"tiled-gallery__item\"><img decoding=\"async\" alt=\"\" data-height=\"1000\" data-id=\"13248\" data-link=\"https:\/\/ecolefermedesbois.ch\/?attachment_id=13248\" data-url=\"https:\/\/ecolefermedesbois.ch\/wp-content\/uploads\/2024\/07\/wp-17198513112622420155024919079857-450x600.jpg\" data-width=\"750\" src=\"https:\/\/i0.wp.com\/ecolefermedesbois.ch\/wp-content\/uploads\/2024\/07\/wp-17198513112622420155024919079857-450x600.jpg?ssl=1\" data-amp-layout=\"responsive\"\/><\/figure><\/div><div class=\"tiled-gallery__col\" style=\"flex-basis:50.00000%\"><figure class=\"tiled-gallery__item\"><img decoding=\"async\" alt=\"\" data-height=\"1000\" data-id=\"13247\" data-link=\"https:\/\/ecolefermedesbois.ch\/?attachment_id=13247\" data-url=\"https:\/\/ecolefermedesbois.ch\/wp-content\/uploads\/2024\/07\/wp-17198513111334834324846444722289-450x600.jpg\" data-width=\"750\" src=\"https:\/\/i2.wp.com\/ecolefermedesbois.ch\/wp-content\/uploads\/2024\/07\/wp-17198513111334834324846444722289-450x600.jpg?ssl=1\" data-amp-layout=\"responsive\"\/><\/figure><\/div><\/div><div class=\"tiled-gallery__row\"><div class=\"tiled-gallery__col\" style=\"flex-basis:46.90519%\"><figure class=\"tiled-gallery__item\"><img decoding=\"async\" alt=\"\" data-height=\"750\" data-id=\"13246\" data-link=\"https:\/\/ecolefermedesbois.ch\/?attachment_id=13246\" data-url=\"https:\/\/ecolefermedesbois.ch\/wp-content\/uploads\/2024\/07\/wp-17198513109785221005487206190948-600x450.jpg\" data-width=\"1000\" src=\"https:\/\/i0.wp.com\/ecolefermedesbois.ch\/wp-content\/uploads\/2024\/07\/wp-17198513109785221005487206190948-600x450.jpg?ssl=1\" data-amp-layout=\"responsive\"\/><\/figure><figure class=\"tiled-gallery__item\"><img decoding=\"async\" alt=\"\" data-height=\"750\" data-id=\"13245\" data-link=\"https:\/\/ecolefermedesbois.ch\/?attachment_id=13245\" data-url=\"https:\/\/ecolefermedesbois.ch\/wp-content\/uploads\/2024\/07\/wp-1719851310852976666253800931305-600x450.jpg\" data-width=\"1000\" src=\"https:\/\/i0.wp.com\/ecolefermedesbois.ch\/wp-content\/uploads\/2024\/07\/wp-1719851310852976666253800931305-600x450.jpg?ssl=1\" data-amp-layout=\"responsive\"\/><\/figure><\/div><div class=\"tiled-gallery__col\" style=\"flex-basis:53.09481%\"><figure class=\"tiled-gallery__item\"><img decoding=\"async\" alt=\"\" data-height=\"1008\" data-id=\"13244\" data-link=\"https:\/\/ecolefermedesbois.ch\/?attachment_id=13244\" data-url=\"https:\/\/ecolefermedesbois.ch\/wp-content\/uploads\/2024\/07\/wp-17198513106722726606553107499360-450x600.jpg\" data-width=\"756\" src=\"https:\/\/i1.wp.com\/ecolefermedesbois.ch\/wp-content\/uploads\/2024\/07\/wp-17198513106722726606553107499360-450x600.jpg?ssl=1\" data-amp-layout=\"responsive\"\/><\/figure><\/div><\/div><div class=\"tiled-gallery__row\"><div class=\"tiled-gallery__col\" style=\"flex-basis:50.00000%\"><figure class=\"tiled-gallery__item\"><img decoding=\"async\" alt=\"\" data-height=\"750\" data-id=\"13243\" data-link=\"https:\/\/ecolefermedesbois.ch\/?attachment_id=13243\" data-url=\"https:\/\/ecolefermedesbois.ch\/wp-content\/uploads\/2024\/07\/wp-17198513105115872750307505351765-600x450.jpg\" data-width=\"1000\" src=\"https:\/\/i0.wp.com\/ecolefermedesbois.ch\/wp-content\/uploads\/2024\/07\/wp-17198513105115872750307505351765-600x450.jpg?ssl=1\" data-amp-layout=\"responsive\"\/><\/figure><\/div><div class=\"tiled-gallery__col\" style=\"flex-basis:50.00000%\"><figure class=\"tiled-gallery__item\"><img decoding=\"async\" alt=\"\" data-height=\"750\" data-id=\"13240\" data-link=\"https:\/\/ecolefermedesbois.ch\/?attachment_id=13240\" data-url=\"https:\/\/ecolefermedesbois.ch\/wp-content\/uploads\/2024\/07\/wp-1719851310392797326317908611670-600x450.jpg\" data-width=\"1000\" src=\"https:\/\/i0.wp.com\/ecolefermedesbois.ch\/wp-content\/uploads\/2024\/07\/wp-1719851310392797326317908611670-600x450.jpg?ssl=1\" data-amp-layout=\"responsive\"\/><\/figure><\/div><\/div><div class=\"tiled-gallery__row\"><div class=\"tiled-gallery__col\" style=\"flex-basis:20.94802%\"><figure class=\"tiled-gallery__item\"><img decoding=\"async\" alt=\"\" data-height=\"1000\" data-id=\"13238\" data-link=\"https:\/\/ecolefermedesbois.ch\/?attachment_id=13238\" data-url=\"https:\/\/ecolefermedesbois.ch\/wp-content\/uploads\/2024\/07\/wp-17198513102696722466775384155576-450x600.jpg\" data-width=\"750\" src=\"https:\/\/i2.wp.com\/ecolefermedesbois.ch\/wp-content\/uploads\/2024\/07\/wp-17198513102696722466775384155576-450x600.jpg?ssl=1\" data-amp-layout=\"responsive\"\/><\/figure><\/div><div class=\"tiled-gallery__col\" style=\"flex-basis:37.15595%\"><figure class=\"tiled-gallery__item\"><img decoding=\"async\" alt=\"\" data-height=\"750\" data-id=\"13241\" data-link=\"https:\/\/ecolefermedesbois.ch\/?attachment_id=13241\" data-url=\"https:\/\/ecolefermedesbois.ch\/wp-content\/uploads\/2024\/07\/wp-17198513101686888197595872016285-600x450.jpg\" data-width=\"1000\" src=\"https:\/\/i1.wp.com\/ecolefermedesbois.ch\/wp-content\/uploads\/2024\/07\/wp-17198513101686888197595872016285-600x450.jpg?ssl=1\" data-amp-layout=\"responsive\"\/><\/figure><\/div><div class=\"tiled-gallery__col\" style=\"flex-basis:20.94802%\"><figure class=\"tiled-gallery__item\"><img decoding=\"async\" alt=\"\" data-height=\"1008\" data-id=\"13242\" data-link=\"https:\/\/ecolefermedesbois.ch\/?attachment_id=13242\" data-url=\"https:\/\/ecolefermedesbois.ch\/wp-content\/uploads\/2024\/07\/wp-17198513099867843207973872652566-450x600.jpg\" data-width=\"756\" src=\"https:\/\/i0.wp.com\/ecolefermedesbois.ch\/wp-content\/uploads\/2024\/07\/wp-17198513099867843207973872652566-450x600.jpg?ssl=1\" data-amp-layout=\"responsive\"\/><\/figure><\/div><div class=\"tiled-gallery__col\" style=\"flex-basis:20.94802%\"><figure class=\"tiled-gallery__item\"><img decoding=\"async\" alt=\"\" data-height=\"1000\" data-id=\"13239\" data-link=\"https:\/\/ecolefermedesbois.ch\/?attachment_id=13239\" data-url=\"https:\/\/ecolefermedesbois.ch\/wp-content\/uploads\/2024\/07\/wp-17198513097923458941769390594337-450x600.jpg\" data-width=\"750\" src=\"https:\/\/i0.wp.com\/ecolefermedesbois.ch\/wp-content\/uploads\/2024\/07\/wp-17198513097923458941769390594337-450x600.jpg?ssl=1\" data-amp-layout=\"responsive\"\/><\/figure><\/div><\/div><\/div><\/div>\n","protected":false},"excerpt":{"rendered":"<p>Lundi, 11 enfants sont venus d\u00e9couvrir notre quotidien \u00e0 la ferme. Nous commen\u00e7ons la matin\u00e9e comme je le fais chaque&#46;&#46;&#46;<\/p>\n","protected":false},"author":2,"featured_media":13257,"comment_status":"open","ping_status":"open","sticky":false,"template":"","format":"image","meta":{"jetpack_post_was_ever_published":false,"footnotes":"","jetpack_publicize_message":"","jetpack_publicize_feature_enabled":true,"jetpack_social_post_already_shared":true,"jetpack_social_options":{"image_generator_settings":{"template":"highway","default_image_id":0,"font":"","enabled":false},"version":2}},"categories":[33],"tags":[],"class_list":["post-13265","post","type-post","status-publish","format-image","has-post-thumbnail","hentry","category-ecole","post_format-post-format-image"],"yoast_head":"<!-- This site is optimized with the Yoast SEO plugin v27.5 - https:\/\/yoast.com\/product\/yoast-seo-wordpress\/ -->\n<title>Passeport vacances Oron-Jorat : des enfants en immersion dans notre quotidien -<\/title>\n<meta name=\"robots\" content=\"index, follow, max-snippet:-1, max-image-preview:large, max-video-preview:-1\" \/>\n<link rel=\"canonical\" href=\"https:\/\/ecolefermedesbois.ch\/?p=13265\" \/>\n<meta property=\"og:locale\" content=\"fr_FR\" \/>\n<meta property=\"og:type\" content=\"article\" \/>\n<meta property=\"og:title\" content=\"Passeport vacances Oron-Jorat : des enfants en immersion dans notre quotidien -\" \/>\n<meta property=\"og:description\" content=\"Lundi, 11 enfants sont venus d\u00e9couvrir notre quotidien \u00e0 la ferme. Nous commen\u00e7ons la matin\u00e9e comme je le fais chaque&#046;&#046;&#046;\" \/>\n<meta property=\"og:url\" content=\"https:\/\/ecolefermedesbois.ch\/?p=13265\" \/>\n<meta property=\"article:publisher\" content=\"https:\/\/www.facebook.com\/ecolefermedesBois\" \/>\n<meta property=\"article:published_time\" content=\"2024-07-04T16:27:45+00:00\" \/>\n<meta property=\"article:modified_time\" content=\"2024-07-04T16:27:47+00:00\" \/>\n<meta property=\"og:image\" content=\"https:\/\/ecolefermedesbois.ch\/wp-content\/uploads\/2024\/07\/wp-17198513127103937076433986008469.jpg\" \/>\n\t<meta property=\"og:image:width\" content=\"1000\" \/>\n\t<meta property=\"og:image:height\" content=\"750\" \/>\n\t<meta property=\"og:image:type\" content=\"image\/jpeg\" \/>\n<meta name=\"author\" content=\"Sophie\" \/>\n<meta name=\"twitter:card\" content=\"summary_large_image\" \/>\n<meta name=\"twitter:label1\" content=\"\u00c9crit par\" \/>\n\t<meta name=\"twitter:data1\" content=\"Sophie\" \/>\n\t<meta name=\"twitter:label2\" content=\"Dur\u00e9e de lecture estim\u00e9e\" \/>\n\t<meta name=\"twitter:data2\" content=\"9 minutes\" \/>\n<script type=\"application\/ld+json\" class=\"yoast-schema-graph\">{\"@context\":\"https:\\\/\\\/schema.org\",\"@graph\":[{\"@type\":\"Article\",\"@id\":\"https:\\\/\\\/ecolefermedesbois.ch\\\/?p=13265#article\",\"isPartOf\":{\"@id\":\"https:\\\/\\\/ecolefermedesbois.ch\\\/?p=13265\"},\"author\":{\"name\":\"Sophie\",\"@id\":\"https:\\\/\\\/ecolefermedesbois.ch\\\/#\\\/schema\\\/person\\\/78f5a1c78e958e51240f90932d290908\"},\"headline\":\"Passeport vacances Oron-Jorat : des enfants en immersion dans notre quotidien\",\"datePublished\":\"2024-07-04T16:27:45+00:00\",\"dateModified\":\"2024-07-04T16:27:47+00:00\",\"mainEntityOfPage\":{\"@id\":\"https:\\\/\\\/ecolefermedesbois.ch\\\/?p=13265\"},\"wordCount\":689,\"commentCount\":0,\"publisher\":{\"@id\":\"https:\\\/\\\/ecolefermedesbois.ch\\\/#organization\"},\"image\":{\"@id\":\"https:\\\/\\\/ecolefermedesbois.ch\\\/?p=13265#primaryimage\"},\"thumbnailUrl\":\"https:\\\/\\\/i0.wp.com\\\/ecolefermedesbois.ch\\\/wp-content\\\/uploads\\\/2024\\\/07\\\/wp-17198513127103937076433986008469.jpg?fit=1000%2C750&ssl=1\",\"articleSection\":[\"Ecole\"],\"inLanguage\":\"fr-FR\",\"potentialAction\":[{\"@type\":\"CommentAction\",\"name\":\"Comment\",\"target\":[\"https:\\\/\\\/ecolefermedesbois.ch\\\/?p=13265#respond\"]}]},{\"@type\":\"WebPage\",\"@id\":\"https:\\\/\\\/ecolefermedesbois.ch\\\/?p=13265\",\"url\":\"https:\\\/\\\/ecolefermedesbois.ch\\\/?p=13265\",\"name\":\"Passeport vacances Oron-Jorat : des enfants en immersion dans notre quotidien -\",\"isPartOf\":{\"@id\":\"https:\\\/\\\/ecolefermedesbois.ch\\\/#website\"},\"primaryImageOfPage\":{\"@id\":\"https:\\\/\\\/ecolefermedesbois.ch\\\/?p=13265#primaryimage\"},\"image\":{\"@id\":\"https:\\\/\\\/ecolefermedesbois.ch\\\/?p=13265#primaryimage\"},\"thumbnailUrl\":\"https:\\\/\\\/i0.wp.com\\\/ecolefermedesbois.ch\\\/wp-content\\\/uploads\\\/2024\\\/07\\\/wp-17198513127103937076433986008469.jpg?fit=1000%2C750&ssl=1\",\"datePublished\":\"2024-07-04T16:27:45+00:00\",\"dateModified\":\"2024-07-04T16:27:47+00:00\",\"breadcrumb\":{\"@id\":\"https:\\\/\\\/ecolefermedesbois.ch\\\/?p=13265#breadcrumb\"},\"inLanguage\":\"fr-FR\",\"potentialAction\":[{\"@type\":\"ReadAction\",\"target\":[\"https:\\\/\\\/ecolefermedesbois.ch\\\/?p=13265\"]}]},{\"@type\":\"ImageObject\",\"inLanguage\":\"fr-FR\",\"@id\":\"https:\\\/\\\/ecolefermedesbois.ch\\\/?p=13265#primaryimage\",\"url\":\"https:\\\/\\\/i0.wp.com\\\/ecolefermedesbois.ch\\\/wp-content\\\/uploads\\\/2024\\\/07\\\/wp-17198513127103937076433986008469.jpg?fit=1000%2C750&ssl=1\",\"contentUrl\":\"https:\\\/\\\/i0.wp.com\\\/ecolefermedesbois.ch\\\/wp-content\\\/uploads\\\/2024\\\/07\\\/wp-17198513127103937076433986008469.jpg?fit=1000%2C750&ssl=1\",\"width\":1000,\"height\":750},{\"@type\":\"BreadcrumbList\",\"@id\":\"https:\\\/\\\/ecolefermedesbois.ch\\\/?p=13265#breadcrumb\",\"itemListElement\":[{\"@type\":\"ListItem\",\"position\":1,\"name\":\"Accueil\",\"item\":\"https:\\\/\\\/ecolefermedesbois.ch\\\/\"},{\"@type\":\"ListItem\",\"position\":2,\"name\":\"Passeport vacances Oron-Jorat : des enfants en immersion dans notre quotidien\"}]},{\"@type\":\"WebSite\",\"@id\":\"https:\\\/\\\/ecolefermedesbois.ch\\\/#website\",\"url\":\"https:\\\/\\\/ecolefermedesbois.ch\\\/\",\"name\":\"ecolefermedesbois\",\"description\":\"\",\"publisher\":{\"@id\":\"https:\\\/\\\/ecolefermedesbois.ch\\\/#organization\"},\"potentialAction\":[{\"@type\":\"SearchAction\",\"target\":{\"@type\":\"EntryPoint\",\"urlTemplate\":\"https:\\\/\\\/ecolefermedesbois.ch\\\/?s={search_term_string}\"},\"query-input\":{\"@type\":\"PropertyValueSpecification\",\"valueRequired\":true,\"valueName\":\"search_term_string\"}}],\"inLanguage\":\"fr-FR\"},{\"@type\":\"Organization\",\"@id\":\"https:\\\/\\\/ecolefermedesbois.ch\\\/#organization\",\"name\":\"Ecole \u00e0 la Ferme des Bois\",\"url\":\"https:\\\/\\\/ecolefermedesbois.ch\\\/\",\"logo\":{\"@type\":\"ImageObject\",\"inLanguage\":\"fr-FR\",\"@id\":\"https:\\\/\\\/ecolefermedesbois.ch\\\/#\\\/schema\\\/logo\\\/image\\\/\",\"url\":\"https:\\\/\\\/ecolefermedesbois.ch\\\/wp-content\\\/uploads\\\/2019\\\/04\\\/logo-scaled.gif\",\"contentUrl\":\"https:\\\/\\\/ecolefermedesbois.ch\\\/wp-content\\\/uploads\\\/2019\\\/04\\\/logo-scaled.gif\",\"width\":2560,\"height\":608,\"caption\":\"Ecole \u00e0 la Ferme des Bois\"},\"image\":{\"@id\":\"https:\\\/\\\/ecolefermedesbois.ch\\\/#\\\/schema\\\/logo\\\/image\\\/\"},\"sameAs\":[\"https:\\\/\\\/www.facebook.com\\\/ecolefermedesBois\"]},{\"@type\":\"Person\",\"@id\":\"https:\\\/\\\/ecolefermedesbois.ch\\\/#\\\/schema\\\/person\\\/78f5a1c78e958e51240f90932d290908\",\"name\":\"Sophie\",\"image\":{\"@type\":\"ImageObject\",\"inLanguage\":\"fr-FR\",\"@id\":\"https:\\\/\\\/secure.gravatar.com\\\/avatar\\\/053fbaec50cb27b03b880a4b8b018009aa3af995f32011efc3f40a589371d46f?s=96&d=mm&r=g\",\"url\":\"https:\\\/\\\/secure.gravatar.com\\\/avatar\\\/053fbaec50cb27b03b880a4b8b018009aa3af995f32011efc3f40a589371d46f?s=96&d=mm&r=g\",\"contentUrl\":\"https:\\\/\\\/secure.gravatar.com\\\/avatar\\\/053fbaec50cb27b03b880a4b8b018009aa3af995f32011efc3f40a589371d46f?s=96&d=mm&r=g\",\"caption\":\"Sophie\"},\"url\":\"https:\\\/\\\/ecolefermedesbois.ch\\\/?author=2\"}]}<\/script>\n<!-- \/ Yoast SEO plugin. -->","yoast_head_json":{"title":"Passeport vacances Oron-Jorat : des enfants en immersion dans notre quotidien -","robots":{"index":"index","follow":"follow","max-snippet":"max-snippet:-1","max-image-preview":"max-image-preview:large","max-video-preview":"max-video-preview:-1"},"canonical":"https:\/\/ecolefermedesbois.ch\/?p=13265","og_locale":"fr_FR","og_type":"article","og_title":"Passeport vacances Oron-Jorat : des enfants en immersion dans notre quotidien -","og_description":"Lundi, 11 enfants sont venus d\u00e9couvrir notre quotidien \u00e0 la ferme. Nous commen\u00e7ons la matin\u00e9e comme je le fais chaque&#46;&#46;&#46;","og_url":"https:\/\/ecolefermedesbois.ch\/?p=13265","article_publisher":"https:\/\/www.facebook.com\/ecolefermedesBois","article_published_time":"2024-07-04T16:27:45+00:00","article_modified_time":"2024-07-04T16:27:47+00:00","og_image":[{"width":1000,"height":750,"url":"https:\/\/ecolefermedesbois.ch\/wp-content\/uploads\/2024\/07\/wp-17198513127103937076433986008469.jpg","type":"image\/jpeg"}],"author":"Sophie","twitter_card":"summary_large_image","twitter_misc":{"\u00c9crit par":"Sophie","Dur\u00e9e de lecture estim\u00e9e":"9 minutes"},"schema":{"@context":"https:\/\/schema.org","@graph":[{"@type":"Article","@id":"https:\/\/ecolefermedesbois.ch\/?p=13265#article","isPartOf":{"@id":"https:\/\/ecolefermedesbois.ch\/?p=13265"},"author":{"name":"Sophie","@id":"https:\/\/ecolefermedesbois.ch\/#\/schema\/person\/78f5a1c78e958e51240f90932d290908"},"headline":"Passeport vacances Oron-Jorat : des enfants en immersion dans notre quotidien","datePublished":"2024-07-04T16:27:45+00:00","dateModified":"2024-07-04T16:27:47+00:00","mainEntityOfPage":{"@id":"https:\/\/ecolefermedesbois.ch\/?p=13265"},"wordCount":689,"commentCount":0,"publisher":{"@id":"https:\/\/ecolefermedesbois.ch\/#organization"},"image":{"@id":"https:\/\/ecolefermedesbois.ch\/?p=13265#primaryimage"},"thumbnailUrl":"https:\/\/i0.wp.com\/ecolefermedesbois.ch\/wp-content\/uploads\/2024\/07\/wp-17198513127103937076433986008469.jpg?fit=1000%2C750&ssl=1","articleSection":["Ecole"],"inLanguage":"fr-FR","potentialAction":[{"@type":"CommentAction","name":"Comment","target":["https:\/\/ecolefermedesbois.ch\/?p=13265#respond"]}]},{"@type":"WebPage","@id":"https:\/\/ecolefermedesbois.ch\/?p=13265","url":"https:\/\/ecolefermedesbois.ch\/?p=13265","name":"Passeport vacances Oron-Jorat : des enfants en immersion dans notre quotidien -","isPartOf":{"@id":"https:\/\/ecolefermedesbois.ch\/#website"},"primaryImageOfPage":{"@id":"https:\/\/ecolefermedesbois.ch\/?p=13265#primaryimage"},"image":{"@id":"https:\/\/ecolefermedesbois.ch\/?p=13265#primaryimage"},"thumbnailUrl":"https:\/\/i0.wp.com\/ecolefermedesbois.ch\/wp-content\/uploads\/2024\/07\/wp-17198513127103937076433986008469.jpg?fit=1000%2C750&ssl=1","datePublished":"2024-07-04T16:27:45+00:00","dateModified":"2024-07-04T16:27:47+00:00","breadcrumb":{"@id":"https:\/\/ecolefermedesbois.ch\/?p=13265#breadcrumb"},"inLanguage":"fr-FR","potentialAction":[{"@type":"ReadAction","target":["https:\/\/ecolefermedesbois.ch\/?p=13265"]}]},{"@type":"ImageObject","inLanguage":"fr-FR","@id":"https:\/\/ecolefermedesbois.ch\/?p=13265#primaryimage","url":"https:\/\/i0.wp.com\/ecolefermedesbois.ch\/wp-content\/uploads\/2024\/07\/wp-17198513127103937076433986008469.jpg?fit=1000%2C750&ssl=1","contentUrl":"https:\/\/i0.wp.com\/ecolefermedesbois.ch\/wp-content\/uploads\/2024\/07\/wp-17198513127103937076433986008469.jpg?fit=1000%2C750&ssl=1","width":1000,"height":750},{"@type":"BreadcrumbList","@id":"https:\/\/ecolefermedesbois.ch\/?p=13265#breadcrumb","itemListElement":[{"@type":"ListItem","position":1,"name":"Accueil","item":"https:\/\/ecolefermedesbois.ch\/"},{"@type":"ListItem","position":2,"name":"Passeport vacances Oron-Jorat : des enfants en immersion dans notre quotidien"}]},{"@type":"WebSite","@id":"https:\/\/ecolefermedesbois.ch\/#website","url":"https:\/\/ecolefermedesbois.ch\/","name":"ecolefermedesbois","description":"","publisher":{"@id":"https:\/\/ecolefermedesbois.ch\/#organization"},"potentialAction":[{"@type":"SearchAction","target":{"@type":"EntryPoint","urlTemplate":"https:\/\/ecolefermedesbois.ch\/?s={search_term_string}"},"query-input":{"@type":"PropertyValueSpecification","valueRequired":true,"valueName":"search_term_string"}}],"inLanguage":"fr-FR"},{"@type":"Organization","@id":"https:\/\/ecolefermedesbois.ch\/#organization","name":"Ecole \u00e0 la Ferme des Bois","url":"https:\/\/ecolefermedesbois.ch\/","logo":{"@type":"ImageObject","inLanguage":"fr-FR","@id":"https:\/\/ecolefermedesbois.ch\/#\/schema\/logo\/image\/","url":"https:\/\/ecolefermedesbois.ch\/wp-content\/uploads\/2019\/04\/logo-scaled.gif","contentUrl":"https:\/\/ecolefermedesbois.ch\/wp-content\/uploads\/2019\/04\/logo-scaled.gif","width":2560,"height":608,"caption":"Ecole \u00e0 la Ferme des Bois"},"image":{"@id":"https:\/\/ecolefermedesbois.ch\/#\/schema\/logo\/image\/"},"sameAs":["https:\/\/www.facebook.com\/ecolefermedesBois"]},{"@type":"Person","@id":"https:\/\/ecolefermedesbois.ch\/#\/schema\/person\/78f5a1c78e958e51240f90932d290908","name":"Sophie","image":{"@type":"ImageObject","inLanguage":"fr-FR","@id":"https:\/\/secure.gravatar.com\/avatar\/053fbaec50cb27b03b880a4b8b018009aa3af995f32011efc3f40a589371d46f?s=96&d=mm&r=g","url":"https:\/\/secure.gravatar.com\/avatar\/053fbaec50cb27b03b880a4b8b018009aa3af995f32011efc3f40a589371d46f?s=96&d=mm&r=g","contentUrl":"https:\/\/secure.gravatar.com\/avatar\/053fbaec50cb27b03b880a4b8b018009aa3af995f32011efc3f40a589371d46f?s=96&d=mm&r=g","caption":"Sophie"},"url":"https:\/\/ecolefermedesbois.ch\/?author=2"}]}},"jetpack_publicize_connections":[],"jetpack_featured_media_url":"https:\/\/i0.wp.com\/ecolefermedesbois.ch\/wp-content\/uploads\/2024\/07\/wp-17198513127103937076433986008469.jpg?fit=1000%2C750&ssl=1","jetpack_sharing_enabled":true,"_links":{"self":[{"href":"https:\/\/ecolefermedesbois.ch\/index.php?rest_route=\/wp\/v2\/posts\/13265","targetHints":{"allow":["GET"]}}],"collection":[{"href":"https:\/\/ecolefermedesbois.ch\/index.php?rest_route=\/wp\/v2\/posts"}],"about":[{"href":"https:\/\/ecolefermedesbois.ch\/index.php?rest_route=\/wp\/v2\/types\/post"}],"author":[{"embeddable":true,"href":"https:\/\/ecolefermedesbois.ch\/index.php?rest_route=\/wp\/v2\/users\/2"}],"replies":[{"embeddable":true,"href":"https:\/\/ecolefermedesbois.ch\/index.php?rest_route=%2Fwp%2Fv2%2Fcomments&post=13265"}],"version-history":[{"count":1,"href":"https:\/\/ecolefermedesbois.ch\/index.php?rest_route=\/wp\/v2\/posts\/13265\/revisions"}],"predecessor-version":[{"id":13266,"href":"https:\/\/ecolefermedesbois.ch\/index.php?rest_route=\/wp\/v2\/posts\/13265\/revisions\/13266"}],"wp:featuredmedia":[{"embeddable":true,"href":"https:\/\/ecolefermedesbois.ch\/index.php?rest_route=\/wp\/v2\/media\/13257"}],"wp:attachment":[{"href":"https:\/\/ecolefermedesbois.ch\/index.php?rest_route=%2Fwp%2Fv2%2Fmedia&parent=13265"}],"wp:term":[{"taxonomy":"category","embeddable":true,"href":"https:\/\/ecolefermedesbois.ch\/index.php?rest_route=%2Fwp%2Fv2%2Fcategories&post=13265"},{"taxonomy":"post_tag","embeddable":true,"href":"https:\/\/ecolefermedesbois.ch\/index.php?rest_route=%2Fwp%2Fv2%2Ftags&post=13265"}],"curies":[{"name":"wp","href":"https:\/\/api.w.org\/{rel}","templated":true}]}}