{"id":13229,"date":"2024-06-27T10:26:50","date_gmt":"2024-06-27T08:26:50","guid":{"rendered":"https:\/\/ecolefermedesbois.ch\/?p=13229"},"modified":"2024-06-27T10:26:52","modified_gmt":"2024-06-27T08:26:52","slug":"une-journee-recre-active-la-classe-de-m-diamuini-en-immersion-parmi-les-animaux","status":"publish","type":"post","link":"https:\/\/ecolefermedesbois.ch\/?p=13229","title":{"rendered":"Une journ\u00e9e r\u00e9cr\u00e9-active : la classe de M. Diamuini en immersion parmi les animaux"},"content":{"rendered":"<div class=\"pdfprnt-buttons pdfprnt-buttons-post pdfprnt-top-right\"><a href=\"https:\/\/ecolefermedesbois.ch\/index.php?rest_route=%2Fwp%2Fv2%2Fposts%2F13229&print=pdf\" class=\"pdfprnt-button pdfprnt-button-pdf\" target=\"_blank\" ><img data-recalc-dims=\"1\" decoding=\"async\" src=\"https:\/\/i0.wp.com\/ecolefermedesbois.ch\/wp-content\/plugins\/pdf-print\/images\/pdf.png?w=720&#038;ssl=1\" alt=\"image_pdf\" title=\"Afficher le PDF\" \/><\/a><a href=\"https:\/\/ecolefermedesbois.ch\/index.php?rest_route=%2Fwp%2Fv2%2Fposts%2F13229&print=print\" class=\"pdfprnt-button pdfprnt-button-print\" target=\"_blank\" ><img data-recalc-dims=\"1\" decoding=\"async\" src=\"https:\/\/i0.wp.com\/ecolefermedesbois.ch\/wp-content\/plugins\/pdf-print\/images\/print.png?w=720&#038;ssl=1\" alt=\"image_print\" title=\"Contenu imprim\u00e9\" \/><\/a><\/div>\n<p>Lundi, les \u00e9l\u00e8ves de Mala\u00efka de Moudon sont venus passer la journ\u00e9e dans notre ferme pour d\u00e9couvrir un peu de notre quotidien et nos animaux.<\/p>\n\n\n\n<p>Nous commen\u00e7ons la matin\u00e9e en faisant 2 groupes, un groupe d&rsquo;\u00e9l\u00e8ves va pouvoir d\u00e9couvrir le poulailler et ses habitants sans oublier leur particularit\u00e9s. Pendant ce temps, le deuxi\u00e8me groupe d\u00e9couvre la tabel du toucher dans laquelle nous y avons des choses qui sont en relation avec nos animaux. Puis nous \u00e9changeons les groupes afin que chaque \u00e9l\u00e8ve puisse d\u00e9couvrir la m\u00eame chose. pour clore le th\u00e8me des animaux \u00e0 plumes, nous allons observer nos canards et bien-s\u00fbr porter un jeune poussin. Que d&rsquo;\u00e9toile dans les yeux des enfants !<\/p>\n\n\n\n<p>Avant le d\u00eener, un groupe va d\u00e9couvrir les ch\u00e8vres et ses particularit\u00e9s pendant que l&rsquo;autre groupe d\u00e9couvre les lapins. Une r\u00e9v\u00e9lation pour certain enfant de voir comme une ch\u00e8vre peut \u00eatre c\u00e2line ou maligne. Nous \u00e9changeons \u00e9galement les groupes.<\/p>\n\n\n\n<p>L&rsquo;apr\u00e8s-midi, nous nous rendons \u00e0 l&rsquo;\u00e9table en chariote. Que de joie !!!<br>A l&rsquo;\u00e9table les enfants ont pu approcher et caresser nos vaches. Nous partons \u00e9galement \u00e0 la d\u00e9couverte de l&rsquo;\u00e9table. Comment est-elle faite et qu&rsquo;elles sont ses diff\u00e9rentes parties. Les logettes pour le lit des vaches, la cr\u00e8che o\u00f9 elles mangent, la brosse avec laquelle les vaches se frottent le dos ou encore les cellules de stockage du fourrage pour l&rsquo;hiver.Tout en observant l\u2019\u00e9table, nous parlons de la nourriture des vache. J&rsquo;en profite pour expliquer les cons\u00e9quence des d\u00e9chets en bords des routes. Que des animaux meurent \u00e0 cause d&rsquo;une canette d\u00e9chiquet\u00e9e qui se trouve dans le foin.<\/p>\n\n\n\n<p>Suite de la visite dans la salle de traite. Les \u00e9l\u00e8ves d\u00e9couvre son utilit\u00e9 et son fonctionnement, la quantit\u00e9 de lait (en moyenne sur l&rsquo;ann\u00e9e) que produit une vache par jour, etc. Puis nous passons par la chambre \u00e0 lait et finissons notre visite aupr\u00e8s de nos jeunes veaux. Que de joie de pouvoir les caresser!<\/p>\n\n\n\n<p>Voici l&rsquo;heure de se dire au revoir. Un Grand Merci pour votre joie, votre plaisir d&rsquo;\u00eatre chez nous et toutes vos questions tellement int\u00e9ressantes et int\u00e9ress\u00e9es! J&rsquo;esp\u00e8re que vous revoir l&rsquo;ann\u00e9e prochaine !<\/p>\n\n\n\n<p>Merci Mala\u00efka et Rahime d&rsquo;\u00eatre venues avec votre classe partager ces beaux moments ensemble.<\/p>\n\n\n\n<p>Un bel \u00e9t\u00e9 \u00e0 tous, \u00e0 bient\u00f4t<\/p>\n\n\n\n<p>Sophie et Emilie<\/p>\n\n\n\n<div class=\"wp-block-jetpack-tiled-gallery aligncenter is-style-rectangular\"><div class=\"tiled-gallery__gallery\"><div class=\"tiled-gallery__row\"><div class=\"tiled-gallery__col\" style=\"flex-basis:41.25277%\"><figure class=\"tiled-gallery__item\"><img decoding=\"async\" alt=\"\" data-height=\"750\" data-id=\"13193\" data-link=\"https:\/\/ecolefermedesbois.ch\/?attachment_id=13193\" data-url=\"https:\/\/ecolefermedesbois.ch\/wp-content\/uploads\/2024\/06\/wp-17194286601295714707873707062561-600x450.jpg\" data-width=\"1000\" src=\"https:\/\/i1.wp.com\/ecolefermedesbois.ch\/wp-content\/uploads\/2024\/06\/wp-17194286601295714707873707062561-600x450.jpg?ssl=1\" data-amp-layout=\"responsive\"\/><\/figure><\/div><div class=\"tiled-gallery__col\" style=\"flex-basis:17.49446%\"><figure class=\"tiled-gallery__item\"><img decoding=\"async\" alt=\"\" data-height=\"1000\" data-id=\"13180\" data-link=\"https:\/\/ecolefermedesbois.ch\/?attachment_id=13180\" data-url=\"https:\/\/ecolefermedesbois.ch\/wp-content\/uploads\/2024\/06\/wp-17194286587081762869363197158907-338x600.jpg\" data-width=\"563\" src=\"https:\/\/i2.wp.com\/ecolefermedesbois.ch\/wp-content\/uploads\/2024\/06\/wp-17194286587081762869363197158907-338x600.jpg?ssl=1\" data-amp-layout=\"responsive\"\/><\/figure><\/div><div class=\"tiled-gallery__col\" style=\"flex-basis:41.25277%\"><figure class=\"tiled-gallery__item\"><img decoding=\"async\" alt=\"\" data-height=\"750\" data-id=\"13192\" data-link=\"https:\/\/ecolefermedesbois.ch\/?attachment_id=13192\" data-url=\"https:\/\/ecolefermedesbois.ch\/wp-content\/uploads\/2024\/06\/wp-17194286599366897458601042734523-600x450.jpg\" data-width=\"1000\" src=\"https:\/\/i1.wp.com\/ecolefermedesbois.ch\/wp-content\/uploads\/2024\/06\/wp-17194286599366897458601042734523-600x450.jpg?ssl=1\" data-amp-layout=\"responsive\"\/><\/figure><\/div><\/div><div class=\"tiled-gallery__row\"><div class=\"tiled-gallery__col\" style=\"flex-basis:20.03132%\"><figure class=\"tiled-gallery__item\"><img decoding=\"async\" alt=\"\" data-height=\"1000\" data-id=\"13177\" data-link=\"https:\/\/ecolefermedesbois.ch\/?attachment_id=13177\" data-url=\"https:\/\/ecolefermedesbois.ch\/wp-content\/uploads\/2024\/06\/wp-17194286586767904838039814619173-338x600.jpg\" data-width=\"563\" src=\"https:\/\/i0.wp.com\/ecolefermedesbois.ch\/wp-content\/uploads\/2024\/06\/wp-17194286586767904838039814619173-338x600.jpg?ssl=1\" data-amp-layout=\"responsive\"\/><\/figure><\/div><div class=\"tiled-gallery__col\" style=\"flex-basis:26.65623%\"><figure class=\"tiled-gallery__item\"><img decoding=\"async\" alt=\"\" data-height=\"1000\" data-id=\"13196\" data-link=\"https:\/\/ecolefermedesbois.ch\/?attachment_id=13196\" data-url=\"https:\/\/ecolefermedesbois.ch\/wp-content\/uploads\/2024\/06\/wp-17194286596273131484857399528002-450x600.jpg\" data-width=\"750\" src=\"https:\/\/i1.wp.com\/ecolefermedesbois.ch\/wp-content\/uploads\/2024\/06\/wp-17194286596273131484857399528002-450x600.jpg?ssl=1\" data-amp-layout=\"responsive\"\/><\/figure><\/div><div class=\"tiled-gallery__col\" style=\"flex-basis:26.65623%\"><figure class=\"tiled-gallery__item\"><img decoding=\"async\" alt=\"\" data-height=\"1000\" data-id=\"13194\" data-link=\"https:\/\/ecolefermedesbois.ch\/?attachment_id=13194\" data-url=\"https:\/\/ecolefermedesbois.ch\/wp-content\/uploads\/2024\/06\/wp-17194286595135763778227920819612-450x600.jpg\" data-width=\"750\" src=\"https:\/\/i0.wp.com\/ecolefermedesbois.ch\/wp-content\/uploads\/2024\/06\/wp-17194286595135763778227920819612-450x600.jpg?ssl=1\" data-amp-layout=\"responsive\"\/><\/figure><\/div><div class=\"tiled-gallery__col\" style=\"flex-basis:26.65623%\"><figure class=\"tiled-gallery__item\"><img decoding=\"async\" alt=\"\" data-height=\"1000\" data-id=\"13190\" data-link=\"https:\/\/ecolefermedesbois.ch\/?attachment_id=13190\" data-url=\"https:\/\/ecolefermedesbois.ch\/wp-content\/uploads\/2024\/06\/wp-17194286592625944973956091883948-450x600.jpg\" data-width=\"750\" src=\"https:\/\/i2.wp.com\/ecolefermedesbois.ch\/wp-content\/uploads\/2024\/06\/wp-17194286592625944973956091883948-450x600.jpg?ssl=1\" data-amp-layout=\"responsive\"\/><\/figure><\/div><\/div><div class=\"tiled-gallery__row\"><div class=\"tiled-gallery__col\" style=\"flex-basis:63.96477%\"><figure class=\"tiled-gallery__item\"><img decoding=\"async\" alt=\"\" data-height=\"750\" data-id=\"13191\" data-link=\"https:\/\/ecolefermedesbois.ch\/?attachment_id=13191\" data-url=\"https:\/\/ecolefermedesbois.ch\/wp-content\/uploads\/2024\/06\/wp-1719428659369308281176580031463-600x450.jpg\" data-width=\"1000\" src=\"https:\/\/i1.wp.com\/ecolefermedesbois.ch\/wp-content\/uploads\/2024\/06\/wp-1719428659369308281176580031463-600x450.jpg?ssl=1\" data-amp-layout=\"responsive\"\/><\/figure><\/div><div class=\"tiled-gallery__col\" style=\"flex-basis:36.03523%\"><figure class=\"tiled-gallery__item\"><img decoding=\"async\" alt=\"\" data-height=\"1000\" data-id=\"13189\" data-link=\"https:\/\/ecolefermedesbois.ch\/?attachment_id=13189\" data-url=\"https:\/\/ecolefermedesbois.ch\/wp-content\/uploads\/2024\/06\/wp-17194286591376883255967674732019-450x600.jpg\" data-width=\"750\" src=\"https:\/\/i1.wp.com\/ecolefermedesbois.ch\/wp-content\/uploads\/2024\/06\/wp-17194286591376883255967674732019-450x600.jpg?ssl=1\" data-amp-layout=\"responsive\"\/><\/figure><\/div><\/div><div class=\"tiled-gallery__row\"><div class=\"tiled-gallery__col\" style=\"flex-basis:18.65148%\"><figure class=\"tiled-gallery__item\"><img decoding=\"async\" alt=\"\" data-height=\"1000\" data-id=\"13178\" data-link=\"https:\/\/ecolefermedesbois.ch\/?attachment_id=13178\" data-url=\"https:\/\/ecolefermedesbois.ch\/wp-content\/uploads\/2024\/06\/wp-17194286585697884636065648766661-338x600.jpg\" data-width=\"563\" src=\"https:\/\/i1.wp.com\/ecolefermedesbois.ch\/wp-content\/uploads\/2024\/06\/wp-17194286585697884636065648766661-338x600.jpg?ssl=1\" data-amp-layout=\"responsive\"\/><\/figure><\/div><div class=\"tiled-gallery__col\" style=\"flex-basis:18.65148%\"><figure class=\"tiled-gallery__item\"><img decoding=\"async\" alt=\"\" data-height=\"1000\" data-id=\"13179\" data-link=\"https:\/\/ecolefermedesbois.ch\/?attachment_id=13179\" data-url=\"https:\/\/ecolefermedesbois.ch\/wp-content\/uploads\/2024\/06\/wp-17194286586314686291711371215890-338x600.jpg\" data-width=\"563\" src=\"https:\/\/i0.wp.com\/ecolefermedesbois.ch\/wp-content\/uploads\/2024\/06\/wp-17194286586314686291711371215890-338x600.jpg?ssl=1\" data-amp-layout=\"responsive\"\/><\/figure><\/div><div class=\"tiled-gallery__col\" style=\"flex-basis:44.04557%\"><figure class=\"tiled-gallery__item\"><img decoding=\"async\" alt=\"\" data-height=\"750\" data-id=\"13187\" data-link=\"https:\/\/ecolefermedesbois.ch\/?attachment_id=13187\" data-url=\"https:\/\/ecolefermedesbois.ch\/wp-content\/uploads\/2024\/06\/wp-17194286590443405062193045999772-600x450.jpg\" data-width=\"1000\" src=\"https:\/\/i1.wp.com\/ecolefermedesbois.ch\/wp-content\/uploads\/2024\/06\/wp-17194286590443405062193045999772-600x450.jpg?ssl=1\" data-amp-layout=\"responsive\"\/><\/figure><\/div><div class=\"tiled-gallery__col\" style=\"flex-basis:18.65148%\"><figure class=\"tiled-gallery__item\"><img decoding=\"async\" alt=\"\" data-height=\"1000\" data-id=\"13181\" data-link=\"https:\/\/ecolefermedesbois.ch\/?attachment_id=13181\" data-url=\"https:\/\/ecolefermedesbois.ch\/wp-content\/uploads\/2024\/06\/wp-17194286587451519570555960658124-338x600.jpg\" data-width=\"563\" src=\"https:\/\/i2.wp.com\/ecolefermedesbois.ch\/wp-content\/uploads\/2024\/06\/wp-17194286587451519570555960658124-338x600.jpg?ssl=1\" data-amp-layout=\"responsive\"\/><\/figure><\/div><\/div><div class=\"tiled-gallery__row\"><div class=\"tiled-gallery__col\" style=\"flex-basis:51.02188%\"><figure class=\"tiled-gallery__item\"><img decoding=\"async\" alt=\"\" data-height=\"776\" data-id=\"13183\" data-link=\"https:\/\/ecolefermedesbois.ch\/?attachment_id=13183\" data-url=\"https:\/\/ecolefermedesbois.ch\/wp-content\/uploads\/2024\/06\/wp-17194286588156264747250538566835-600x567.jpg\" data-width=\"821\" src=\"https:\/\/i1.wp.com\/ecolefermedesbois.ch\/wp-content\/uploads\/2024\/06\/wp-17194286588156264747250538566835-600x567.jpg?ssl=1\" data-amp-layout=\"responsive\"\/><\/figure><figure class=\"tiled-gallery__item\"><img decoding=\"async\" alt=\"\" data-height=\"750\" data-id=\"13188\" data-link=\"https:\/\/ecolefermedesbois.ch\/?attachment_id=13188\" data-url=\"https:\/\/ecolefermedesbois.ch\/wp-content\/uploads\/2024\/06\/wp-17194286589486552626489309659603-600x450.jpg\" data-width=\"1000\" src=\"https:\/\/i0.wp.com\/ecolefermedesbois.ch\/wp-content\/uploads\/2024\/06\/wp-17194286589486552626489309659603-600x450.jpg?ssl=1\" data-amp-layout=\"responsive\"\/><\/figure><\/div><div class=\"tiled-gallery__col\" style=\"flex-basis:48.97812%\"><figure class=\"tiled-gallery__item\"><img decoding=\"async\" alt=\"\" data-height=\"1000\" data-id=\"13182\" data-link=\"https:\/\/ecolefermedesbois.ch\/?attachment_id=13182\" data-url=\"https:\/\/ecolefermedesbois.ch\/wp-content\/uploads\/2024\/06\/wp-17194286587817967240733491400555-338x600.jpg\" data-width=\"563\" src=\"https:\/\/i2.wp.com\/ecolefermedesbois.ch\/wp-content\/uploads\/2024\/06\/wp-17194286587817967240733491400555-338x600.jpg?ssl=1\" data-amp-layout=\"responsive\"\/><\/figure><\/div><\/div><div class=\"tiled-gallery__row\"><div class=\"tiled-gallery__col\" style=\"flex-basis:29.24116%\"><figure class=\"tiled-gallery__item\"><img decoding=\"async\" alt=\"\" data-height=\"1000\" data-id=\"13185\" data-link=\"https:\/\/ecolefermedesbois.ch\/?attachment_id=13185\" data-url=\"https:\/\/ecolefermedesbois.ch\/wp-content\/uploads\/2024\/06\/wp-17194286588771073204948737794412-338x600.jpg\" data-width=\"563\" src=\"https:\/\/i2.wp.com\/ecolefermedesbois.ch\/wp-content\/uploads\/2024\/06\/wp-17194286588771073204948737794412-338x600.jpg?ssl=1\" data-amp-layout=\"responsive\"\/><\/figure><\/div><div class=\"tiled-gallery__col\" style=\"flex-basis:29.24116%\"><figure class=\"tiled-gallery__item\"><img decoding=\"async\" alt=\"\" data-height=\"1000\" data-id=\"13184\" data-link=\"https:\/\/ecolefermedesbois.ch\/?attachment_id=13184\" data-url=\"https:\/\/ecolefermedesbois.ch\/wp-content\/uploads\/2024\/06\/wp-17194286588412532115455425672056-338x600.jpg\" data-width=\"563\" src=\"https:\/\/i2.wp.com\/ecolefermedesbois.ch\/wp-content\/uploads\/2024\/06\/wp-17194286588412532115455425672056-338x600.jpg?ssl=1\" data-amp-layout=\"responsive\"\/><\/figure><\/div><div class=\"tiled-gallery__col\" style=\"flex-basis:41.51769%\"><figure class=\"tiled-gallery__item\"><img decoding=\"async\" alt=\"\" data-height=\"1000\" data-id=\"13186\" data-link=\"https:\/\/ecolefermedesbois.ch\/?attachment_id=13186\" data-url=\"https:\/\/ecolefermedesbois.ch\/wp-content\/uploads\/2024\/06\/wp-17194286589111826974364800761601-480x600.jpg\" data-width=\"800\" src=\"https:\/\/i2.wp.com\/ecolefermedesbois.ch\/wp-content\/uploads\/2024\/06\/wp-17194286589111826974364800761601-480x600.jpg?ssl=1\" data-amp-layout=\"responsive\"\/><\/figure><\/div><\/div><\/div><\/div>\n","protected":false},"excerpt":{"rendered":"<p>Lundi, les \u00e9l\u00e8ves de Mala\u00efka de Moudon sont venus passer la journ\u00e9e dans notre ferme pour d\u00e9couvrir un peu de&#46;&#46;&#46;<\/p>\n","protected":false},"author":2,"featured_media":13181,"comment_status":"open","ping_status":"open","sticky":false,"template":"","format":"standard","meta":{"jetpack_post_was_ever_published":false,"footnotes":"","jetpack_publicize_message":"","jetpack_publicize_feature_enabled":true,"jetpack_social_post_already_shared":true,"jetpack_social_options":{"image_generator_settings":{"template":"highway","default_image_id":0,"font":"","enabled":false},"version":2}},"categories":[33],"tags":[],"class_list":["post-13229","post","type-post","status-publish","format-standard","has-post-thumbnail","hentry","category-ecole"],"yoast_head":"<!-- This site is optimized with the Yoast SEO plugin v27.4 - https:\/\/yoast.com\/product\/yoast-seo-wordpress\/ -->\n<title>Une journ\u00e9e r\u00e9cr\u00e9-active : la classe de M. Diamuini en immersion parmi les animaux -<\/title>\n<meta name=\"robots\" content=\"index, follow, max-snippet:-1, max-image-preview:large, max-video-preview:-1\" \/>\n<link rel=\"canonical\" href=\"https:\/\/ecolefermedesbois.ch\/?p=13229\" \/>\n<meta property=\"og:locale\" content=\"fr_FR\" \/>\n<meta property=\"og:type\" content=\"article\" \/>\n<meta property=\"og:title\" content=\"Une journ\u00e9e r\u00e9cr\u00e9-active : la classe de M. Diamuini en immersion parmi les animaux -\" \/>\n<meta property=\"og:description\" content=\"Lundi, les \u00e9l\u00e8ves de Mala\u00efka de Moudon sont venus passer la journ\u00e9e dans notre ferme pour d\u00e9couvrir un peu de&#046;&#046;&#046;\" \/>\n<meta property=\"og:url\" content=\"https:\/\/ecolefermedesbois.ch\/?p=13229\" \/>\n<meta property=\"article:publisher\" content=\"https:\/\/www.facebook.com\/ecolefermedesBois\" \/>\n<meta property=\"article:published_time\" content=\"2024-06-27T08:26:50+00:00\" \/>\n<meta property=\"article:modified_time\" content=\"2024-06-27T08:26:52+00:00\" \/>\n<meta property=\"og:image\" content=\"https:\/\/ecolefermedesbois.ch\/wp-content\/uploads\/2024\/06\/wp-17194286587451519570555960658124.jpg\" \/>\n\t<meta property=\"og:image:width\" content=\"563\" \/>\n\t<meta property=\"og:image:height\" content=\"1000\" \/>\n\t<meta property=\"og:image:type\" content=\"image\/jpeg\" \/>\n<meta name=\"author\" content=\"Sophie\" \/>\n<meta name=\"twitter:card\" content=\"summary_large_image\" \/>\n<meta name=\"twitter:label1\" content=\"\u00c9crit par\" \/>\n\t<meta name=\"twitter:data1\" content=\"Sophie\" \/>\n\t<meta name=\"twitter:label2\" content=\"Dur\u00e9e de lecture estim\u00e9e\" \/>\n\t<meta name=\"twitter:data2\" content=\"6 minutes\" \/>\n<script type=\"application\/ld+json\" class=\"yoast-schema-graph\">{\"@context\":\"https:\\\/\\\/schema.org\",\"@graph\":[{\"@type\":\"Article\",\"@id\":\"https:\\\/\\\/ecolefermedesbois.ch\\\/?p=13229#article\",\"isPartOf\":{\"@id\":\"https:\\\/\\\/ecolefermedesbois.ch\\\/?p=13229\"},\"author\":{\"name\":\"Sophie\",\"@id\":\"https:\\\/\\\/ecolefermedesbois.ch\\\/#\\\/schema\\\/person\\\/78f5a1c78e958e51240f90932d290908\"},\"headline\":\"Une journ\u00e9e r\u00e9cr\u00e9-active : la classe de M. Diamuini en immersion parmi les animaux\",\"datePublished\":\"2024-06-27T08:26:50+00:00\",\"dateModified\":\"2024-06-27T08:26:52+00:00\",\"mainEntityOfPage\":{\"@id\":\"https:\\\/\\\/ecolefermedesbois.ch\\\/?p=13229\"},\"wordCount\":433,\"commentCount\":0,\"publisher\":{\"@id\":\"https:\\\/\\\/ecolefermedesbois.ch\\\/#organization\"},\"image\":{\"@id\":\"https:\\\/\\\/ecolefermedesbois.ch\\\/?p=13229#primaryimage\"},\"thumbnailUrl\":\"https:\\\/\\\/i0.wp.com\\\/ecolefermedesbois.ch\\\/wp-content\\\/uploads\\\/2024\\\/06\\\/wp-17194286587451519570555960658124.jpg?fit=563%2C1000&ssl=1\",\"articleSection\":[\"Ecole\"],\"inLanguage\":\"fr-FR\",\"potentialAction\":[{\"@type\":\"CommentAction\",\"name\":\"Comment\",\"target\":[\"https:\\\/\\\/ecolefermedesbois.ch\\\/?p=13229#respond\"]}]},{\"@type\":\"WebPage\",\"@id\":\"https:\\\/\\\/ecolefermedesbois.ch\\\/?p=13229\",\"url\":\"https:\\\/\\\/ecolefermedesbois.ch\\\/?p=13229\",\"name\":\"Une journ\u00e9e r\u00e9cr\u00e9-active : la classe de M. Diamuini en immersion parmi les animaux -\",\"isPartOf\":{\"@id\":\"https:\\\/\\\/ecolefermedesbois.ch\\\/#website\"},\"primaryImageOfPage\":{\"@id\":\"https:\\\/\\\/ecolefermedesbois.ch\\\/?p=13229#primaryimage\"},\"image\":{\"@id\":\"https:\\\/\\\/ecolefermedesbois.ch\\\/?p=13229#primaryimage\"},\"thumbnailUrl\":\"https:\\\/\\\/i0.wp.com\\\/ecolefermedesbois.ch\\\/wp-content\\\/uploads\\\/2024\\\/06\\\/wp-17194286587451519570555960658124.jpg?fit=563%2C1000&ssl=1\",\"datePublished\":\"2024-06-27T08:26:50+00:00\",\"dateModified\":\"2024-06-27T08:26:52+00:00\",\"breadcrumb\":{\"@id\":\"https:\\\/\\\/ecolefermedesbois.ch\\\/?p=13229#breadcrumb\"},\"inLanguage\":\"fr-FR\",\"potentialAction\":[{\"@type\":\"ReadAction\",\"target\":[\"https:\\\/\\\/ecolefermedesbois.ch\\\/?p=13229\"]}]},{\"@type\":\"ImageObject\",\"inLanguage\":\"fr-FR\",\"@id\":\"https:\\\/\\\/ecolefermedesbois.ch\\\/?p=13229#primaryimage\",\"url\":\"https:\\\/\\\/i0.wp.com\\\/ecolefermedesbois.ch\\\/wp-content\\\/uploads\\\/2024\\\/06\\\/wp-17194286587451519570555960658124.jpg?fit=563%2C1000&ssl=1\",\"contentUrl\":\"https:\\\/\\\/i0.wp.com\\\/ecolefermedesbois.ch\\\/wp-content\\\/uploads\\\/2024\\\/06\\\/wp-17194286587451519570555960658124.jpg?fit=563%2C1000&ssl=1\",\"width\":563,\"height\":1000},{\"@type\":\"BreadcrumbList\",\"@id\":\"https:\\\/\\\/ecolefermedesbois.ch\\\/?p=13229#breadcrumb\",\"itemListElement\":[{\"@type\":\"ListItem\",\"position\":1,\"name\":\"Accueil\",\"item\":\"https:\\\/\\\/ecolefermedesbois.ch\\\/\"},{\"@type\":\"ListItem\",\"position\":2,\"name\":\"Une journ\u00e9e r\u00e9cr\u00e9-active : la classe de M. Diamuini en immersion parmi les animaux\"}]},{\"@type\":\"WebSite\",\"@id\":\"https:\\\/\\\/ecolefermedesbois.ch\\\/#website\",\"url\":\"https:\\\/\\\/ecolefermedesbois.ch\\\/\",\"name\":\"ecolefermedesbois\",\"description\":\"\",\"publisher\":{\"@id\":\"https:\\\/\\\/ecolefermedesbois.ch\\\/#organization\"},\"potentialAction\":[{\"@type\":\"SearchAction\",\"target\":{\"@type\":\"EntryPoint\",\"urlTemplate\":\"https:\\\/\\\/ecolefermedesbois.ch\\\/?s={search_term_string}\"},\"query-input\":{\"@type\":\"PropertyValueSpecification\",\"valueRequired\":true,\"valueName\":\"search_term_string\"}}],\"inLanguage\":\"fr-FR\"},{\"@type\":\"Organization\",\"@id\":\"https:\\\/\\\/ecolefermedesbois.ch\\\/#organization\",\"name\":\"Ecole \u00e0 la Ferme des Bois\",\"url\":\"https:\\\/\\\/ecolefermedesbois.ch\\\/\",\"logo\":{\"@type\":\"ImageObject\",\"inLanguage\":\"fr-FR\",\"@id\":\"https:\\\/\\\/ecolefermedesbois.ch\\\/#\\\/schema\\\/logo\\\/image\\\/\",\"url\":\"https:\\\/\\\/ecolefermedesbois.ch\\\/wp-content\\\/uploads\\\/2019\\\/04\\\/logo-scaled.gif\",\"contentUrl\":\"https:\\\/\\\/ecolefermedesbois.ch\\\/wp-content\\\/uploads\\\/2019\\\/04\\\/logo-scaled.gif\",\"width\":2560,\"height\":608,\"caption\":\"Ecole \u00e0 la Ferme des Bois\"},\"image\":{\"@id\":\"https:\\\/\\\/ecolefermedesbois.ch\\\/#\\\/schema\\\/logo\\\/image\\\/\"},\"sameAs\":[\"https:\\\/\\\/www.facebook.com\\\/ecolefermedesBois\"]},{\"@type\":\"Person\",\"@id\":\"https:\\\/\\\/ecolefermedesbois.ch\\\/#\\\/schema\\\/person\\\/78f5a1c78e958e51240f90932d290908\",\"name\":\"Sophie\",\"image\":{\"@type\":\"ImageObject\",\"inLanguage\":\"fr-FR\",\"@id\":\"https:\\\/\\\/secure.gravatar.com\\\/avatar\\\/053fbaec50cb27b03b880a4b8b018009aa3af995f32011efc3f40a589371d46f?s=96&d=mm&r=g\",\"url\":\"https:\\\/\\\/secure.gravatar.com\\\/avatar\\\/053fbaec50cb27b03b880a4b8b018009aa3af995f32011efc3f40a589371d46f?s=96&d=mm&r=g\",\"contentUrl\":\"https:\\\/\\\/secure.gravatar.com\\\/avatar\\\/053fbaec50cb27b03b880a4b8b018009aa3af995f32011efc3f40a589371d46f?s=96&d=mm&r=g\",\"caption\":\"Sophie\"},\"url\":\"https:\\\/\\\/ecolefermedesbois.ch\\\/?author=2\"}]}<\/script>\n<!-- \/ Yoast SEO plugin. -->","yoast_head_json":{"title":"Une journ\u00e9e r\u00e9cr\u00e9-active : la classe de M. Diamuini en immersion parmi les animaux -","robots":{"index":"index","follow":"follow","max-snippet":"max-snippet:-1","max-image-preview":"max-image-preview:large","max-video-preview":"max-video-preview:-1"},"canonical":"https:\/\/ecolefermedesbois.ch\/?p=13229","og_locale":"fr_FR","og_type":"article","og_title":"Une journ\u00e9e r\u00e9cr\u00e9-active : la classe de M. Diamuini en immersion parmi les animaux -","og_description":"Lundi, les \u00e9l\u00e8ves de Mala\u00efka de Moudon sont venus passer la journ\u00e9e dans notre ferme pour d\u00e9couvrir un peu de&#46;&#46;&#46;","og_url":"https:\/\/ecolefermedesbois.ch\/?p=13229","article_publisher":"https:\/\/www.facebook.com\/ecolefermedesBois","article_published_time":"2024-06-27T08:26:50+00:00","article_modified_time":"2024-06-27T08:26:52+00:00","og_image":[{"width":563,"height":1000,"url":"https:\/\/ecolefermedesbois.ch\/wp-content\/uploads\/2024\/06\/wp-17194286587451519570555960658124.jpg","type":"image\/jpeg"}],"author":"Sophie","twitter_card":"summary_large_image","twitter_misc":{"\u00c9crit par":"Sophie","Dur\u00e9e de lecture estim\u00e9e":"6 minutes"},"schema":{"@context":"https:\/\/schema.org","@graph":[{"@type":"Article","@id":"https:\/\/ecolefermedesbois.ch\/?p=13229#article","isPartOf":{"@id":"https:\/\/ecolefermedesbois.ch\/?p=13229"},"author":{"name":"Sophie","@id":"https:\/\/ecolefermedesbois.ch\/#\/schema\/person\/78f5a1c78e958e51240f90932d290908"},"headline":"Une journ\u00e9e r\u00e9cr\u00e9-active : la classe de M. Diamuini en immersion parmi les animaux","datePublished":"2024-06-27T08:26:50+00:00","dateModified":"2024-06-27T08:26:52+00:00","mainEntityOfPage":{"@id":"https:\/\/ecolefermedesbois.ch\/?p=13229"},"wordCount":433,"commentCount":0,"publisher":{"@id":"https:\/\/ecolefermedesbois.ch\/#organization"},"image":{"@id":"https:\/\/ecolefermedesbois.ch\/?p=13229#primaryimage"},"thumbnailUrl":"https:\/\/i0.wp.com\/ecolefermedesbois.ch\/wp-content\/uploads\/2024\/06\/wp-17194286587451519570555960658124.jpg?fit=563%2C1000&ssl=1","articleSection":["Ecole"],"inLanguage":"fr-FR","potentialAction":[{"@type":"CommentAction","name":"Comment","target":["https:\/\/ecolefermedesbois.ch\/?p=13229#respond"]}]},{"@type":"WebPage","@id":"https:\/\/ecolefermedesbois.ch\/?p=13229","url":"https:\/\/ecolefermedesbois.ch\/?p=13229","name":"Une journ\u00e9e r\u00e9cr\u00e9-active : la classe de M. Diamuini en immersion parmi les animaux -","isPartOf":{"@id":"https:\/\/ecolefermedesbois.ch\/#website"},"primaryImageOfPage":{"@id":"https:\/\/ecolefermedesbois.ch\/?p=13229#primaryimage"},"image":{"@id":"https:\/\/ecolefermedesbois.ch\/?p=13229#primaryimage"},"thumbnailUrl":"https:\/\/i0.wp.com\/ecolefermedesbois.ch\/wp-content\/uploads\/2024\/06\/wp-17194286587451519570555960658124.jpg?fit=563%2C1000&ssl=1","datePublished":"2024-06-27T08:26:50+00:00","dateModified":"2024-06-27T08:26:52+00:00","breadcrumb":{"@id":"https:\/\/ecolefermedesbois.ch\/?p=13229#breadcrumb"},"inLanguage":"fr-FR","potentialAction":[{"@type":"ReadAction","target":["https:\/\/ecolefermedesbois.ch\/?p=13229"]}]},{"@type":"ImageObject","inLanguage":"fr-FR","@id":"https:\/\/ecolefermedesbois.ch\/?p=13229#primaryimage","url":"https:\/\/i0.wp.com\/ecolefermedesbois.ch\/wp-content\/uploads\/2024\/06\/wp-17194286587451519570555960658124.jpg?fit=563%2C1000&ssl=1","contentUrl":"https:\/\/i0.wp.com\/ecolefermedesbois.ch\/wp-content\/uploads\/2024\/06\/wp-17194286587451519570555960658124.jpg?fit=563%2C1000&ssl=1","width":563,"height":1000},{"@type":"BreadcrumbList","@id":"https:\/\/ecolefermedesbois.ch\/?p=13229#breadcrumb","itemListElement":[{"@type":"ListItem","position":1,"name":"Accueil","item":"https:\/\/ecolefermedesbois.ch\/"},{"@type":"ListItem","position":2,"name":"Une journ\u00e9e r\u00e9cr\u00e9-active : la classe de M. Diamuini en immersion parmi les animaux"}]},{"@type":"WebSite","@id":"https:\/\/ecolefermedesbois.ch\/#website","url":"https:\/\/ecolefermedesbois.ch\/","name":"ecolefermedesbois","description":"","publisher":{"@id":"https:\/\/ecolefermedesbois.ch\/#organization"},"potentialAction":[{"@type":"SearchAction","target":{"@type":"EntryPoint","urlTemplate":"https:\/\/ecolefermedesbois.ch\/?s={search_term_string}"},"query-input":{"@type":"PropertyValueSpecification","valueRequired":true,"valueName":"search_term_string"}}],"inLanguage":"fr-FR"},{"@type":"Organization","@id":"https:\/\/ecolefermedesbois.ch\/#organization","name":"Ecole \u00e0 la Ferme des Bois","url":"https:\/\/ecolefermedesbois.ch\/","logo":{"@type":"ImageObject","inLanguage":"fr-FR","@id":"https:\/\/ecolefermedesbois.ch\/#\/schema\/logo\/image\/","url":"https:\/\/ecolefermedesbois.ch\/wp-content\/uploads\/2019\/04\/logo-scaled.gif","contentUrl":"https:\/\/ecolefermedesbois.ch\/wp-content\/uploads\/2019\/04\/logo-scaled.gif","width":2560,"height":608,"caption":"Ecole \u00e0 la Ferme des Bois"},"image":{"@id":"https:\/\/ecolefermedesbois.ch\/#\/schema\/logo\/image\/"},"sameAs":["https:\/\/www.facebook.com\/ecolefermedesBois"]},{"@type":"Person","@id":"https:\/\/ecolefermedesbois.ch\/#\/schema\/person\/78f5a1c78e958e51240f90932d290908","name":"Sophie","image":{"@type":"ImageObject","inLanguage":"fr-FR","@id":"https:\/\/secure.gravatar.com\/avatar\/053fbaec50cb27b03b880a4b8b018009aa3af995f32011efc3f40a589371d46f?s=96&d=mm&r=g","url":"https:\/\/secure.gravatar.com\/avatar\/053fbaec50cb27b03b880a4b8b018009aa3af995f32011efc3f40a589371d46f?s=96&d=mm&r=g","contentUrl":"https:\/\/secure.gravatar.com\/avatar\/053fbaec50cb27b03b880a4b8b018009aa3af995f32011efc3f40a589371d46f?s=96&d=mm&r=g","caption":"Sophie"},"url":"https:\/\/ecolefermedesbois.ch\/?author=2"}]}},"jetpack_publicize_connections":[],"jetpack_featured_media_url":"https:\/\/i0.wp.com\/ecolefermedesbois.ch\/wp-content\/uploads\/2024\/06\/wp-17194286587451519570555960658124.jpg?fit=563%2C1000&ssl=1","jetpack_sharing_enabled":true,"_links":{"self":[{"href":"https:\/\/ecolefermedesbois.ch\/index.php?rest_route=\/wp\/v2\/posts\/13229","targetHints":{"allow":["GET"]}}],"collection":[{"href":"https:\/\/ecolefermedesbois.ch\/index.php?rest_route=\/wp\/v2\/posts"}],"about":[{"href":"https:\/\/ecolefermedesbois.ch\/index.php?rest_route=\/wp\/v2\/types\/post"}],"author":[{"embeddable":true,"href":"https:\/\/ecolefermedesbois.ch\/index.php?rest_route=\/wp\/v2\/users\/2"}],"replies":[{"embeddable":true,"href":"https:\/\/ecolefermedesbois.ch\/index.php?rest_route=%2Fwp%2Fv2%2Fcomments&post=13229"}],"version-history":[{"count":1,"href":"https:\/\/ecolefermedesbois.ch\/index.php?rest_route=\/wp\/v2\/posts\/13229\/revisions"}],"predecessor-version":[{"id":13230,"href":"https:\/\/ecolefermedesbois.ch\/index.php?rest_route=\/wp\/v2\/posts\/13229\/revisions\/13230"}],"wp:featuredmedia":[{"embeddable":true,"href":"https:\/\/ecolefermedesbois.ch\/index.php?rest_route=\/wp\/v2\/media\/13181"}],"wp:attachment":[{"href":"https:\/\/ecolefermedesbois.ch\/index.php?rest_route=%2Fwp%2Fv2%2Fmedia&parent=13229"}],"wp:term":[{"taxonomy":"category","embeddable":true,"href":"https:\/\/ecolefermedesbois.ch\/index.php?rest_route=%2Fwp%2Fv2%2Fcategories&post=13229"},{"taxonomy":"post_tag","embeddable":true,"href":"https:\/\/ecolefermedesbois.ch\/index.php?rest_route=%2Fwp%2Fv2%2Ftags&post=13229"}],"curies":[{"name":"wp","href":"https:\/\/api.w.org\/{rel}","templated":true}]}}