{"id":13093,"date":"2024-06-14T14:38:20","date_gmt":"2024-06-14T12:38:20","guid":{"rendered":"https:\/\/ecolefermedesbois.ch\/?p=13093"},"modified":"2024-06-21T18:42:52","modified_gmt":"2024-06-21T16:42:52","slug":"une-journee-recre-active-pas-comme-les-autres-la-classe-de-a-avril-en-immersion-au-potager-et-aupres-des-animaux","status":"publish","type":"post","link":"https:\/\/ecolefermedesbois.ch\/?p=13093","title":{"rendered":"Une journ\u00e9e r\u00e9cr\u00e9-active pas comme les autres : la classe de A. Avril en immersion au potager et aupr\u00e8s des animaux"},"content":{"rendered":"<div class=\"pdfprnt-buttons pdfprnt-buttons-post pdfprnt-top-right\"><a href=\"https:\/\/ecolefermedesbois.ch\/index.php?rest_route=%2Fwp%2Fv2%2Fposts%2F13093&print=pdf\" class=\"pdfprnt-button pdfprnt-button-pdf\" target=\"_blank\" ><img data-recalc-dims=\"1\" decoding=\"async\" src=\"https:\/\/i0.wp.com\/ecolefermedesbois.ch\/wp-content\/plugins\/pdf-print\/images\/pdf.png?w=720&#038;ssl=1\" alt=\"image_pdf\" title=\"Afficher le PDF\" \/><\/a><a href=\"https:\/\/ecolefermedesbois.ch\/index.php?rest_route=%2Fwp%2Fv2%2Fposts%2F13093&print=print\" class=\"pdfprnt-button pdfprnt-button-print\" target=\"_blank\" ><img data-recalc-dims=\"1\" decoding=\"async\" src=\"https:\/\/i0.wp.com\/ecolefermedesbois.ch\/wp-content\/plugins\/pdf-print\/images\/print.png?w=720&#038;ssl=1\" alt=\"image_print\" title=\"Contenu imprim\u00e9\" \/><\/a><\/div>\n<p>Mardi, les \u00e9l\u00e8ves de Alicia de Cully sont venus passer une matin\u00e9e au potager et l&rsquo;apr\u00e8s-midi aupr\u00e8s des petits animaux. <br>Nous commen\u00e7ons la matin\u00e9e par un jeu de question\/r\u00e9ponses \u00e0 choix puis devant notre panneau nous parlons de la germination.<\/p>\n\n\n\n<p>Une fois les images de la graine \u00e0 la carotte affich\u00e9es, nous allons visiter le potager. Quelles sont les diff\u00e9rences entre mon potager et celui de Monique. Les \u00e9l\u00e8ves \u00e9num\u00e8rent ce qu&rsquo;ils observent. Ensuite, je leur distribue par 2 \u00e9l\u00e8ves une image d&rsquo;un l\u00e9gume ou herbes aromatiques que chacun doit chercher dans mon potager. Ensuite nous faisons le tour du potager pour observer le l\u00e9gume trouv\u00e9 et parlons s&rsquo;il se mange cru ou cuit.<\/p>\n\n\n\n<p>Pour la deuxi\u00e8me partie de la matin\u00e9e, nous faisons 2 groupes.<br>Un groupe vient avec moi au potager afin de pr\u00e9parer le carreau pour planter nos l\u00e9gumes. L&rsquo;autre groupe est avec Emilie pour le jeu des familles de l\u00e9gumes, les \u00e9l\u00e8ves doivent d\u00e9poser le l\u00e9gumes sur le nom de famille et ensuite ils contr\u00f4lent ce qui est juste. <br>Une fois termin\u00e9, nous \u00e9changeons les groupes afin que chaque \u00e9l\u00e8ve puisse faire les m\u00eames activit\u00e9s.<\/p>\n\n\n\n<p>Devant notre panneau, nous parlons de \u00ab\u00a0qu&rsquo;est-ce qui est un \u00eatre vivant\u00a0\u00bb : les humains, les animaux et les plantes et quels sont leurs besoins. Les enfants ont vite compris. Boire, manger, respirer, &#8230;<\/p>\n\n\n\n<p>A la pratique, avec nos 2 groupes : au potager, le premier groupe va planter des choux de Bruxelles et des laitues, les couvrir de terre et nous les prot\u00e9geons avec la laine de mouton. Pas besoin d&rsquo;arroser car la pluie est attendue pour le soir.<br>Le deuxi\u00e8me groupe est avec Emilie afin de d\u00e9couvrir les herbes aromatiques. Chaque \u00e9l\u00e8ve va choisir lesquelles ils aimeraient avoir dans leur sel aromatis\u00e9 qu&rsquo;ils vont pr\u00e9parer et emporter avec eux \u00e0 la maison. Puis nous \u00e9changeons \u00e0 nouveau les groupes.<br>Cet automne la classe va revenir afin d&rsquo;observer l&rsquo;\u00e9volution du potager et faire une soupe avec les l\u00e9gumes cultiv\u00e9s.<\/p>\n\n\n\n<p>Pour clore la matin\u00e9e, nous parlons des animaux qui se trouvent dans potager ou encore de ceux qui ont une influence sur le potager. Par exemple; la vache pour son fumier qui sera de l&rsquo;engrais ou du mouton pour sa laine que j&rsquo;utilise pour couvrir le sol sans oublier l&rsquo;importance des abeilles, des vers de terre ou encore de la coccinelle.<\/p>\n\n\n\n<p>L&rsquo;apr\u00e8s-midi, c&rsquo;est au tour de la d\u00e9couverte et des c\u00e2lins aupr\u00e8s de nos petits animaux. Nous d\u00e9couvrirons tous ensemble les ch\u00e8vres et les lapins. Nous en profitons pour parl\u00e9s de leurs particularit\u00e9s mais surtout de moments de tendresse. Nous d\u00e9couvrirons \u00e9galement le poulailler, ce qui s&rsquo;y passe et ses habitantes. Les enfants d\u00e9couvriront \u00e9galement notre table du toucher afin de d\u00e9couvrir de mani\u00e8re ludique certaines particularit\u00e9s de nos animaux. <\/p>\n\n\n\n<p>Voil\u00e0 que notre journ\u00e9e est d\u00e9j\u00e0 finie. J&rsquo;ai eu \u00e9norm\u00e9ment de plaisir \u00e0 faire votre connaissance. Je me r\u00e9jouis de vous retrouver l&rsquo;ann\u00e9e prochaine pour de nouvelles aventures.<\/p>\n\n\n\n<p>Merci Alicia accompagn\u00e9e par \u00c9lodie, Felicitas et Perrine, d&rsquo;\u00eatre venues passer cette belle journ\u00e9e chez nous. Nous avons pass\u00e9s pass\u00e9 une belle journ\u00e9e.<\/p>\n\n\n\n<p>A bient\u00f4t<\/p>\n\n\n\n<p>Sophie et Emilie<\/p>\n","protected":false},"excerpt":{"rendered":"<p>Mardi, les \u00e9l\u00e8ves de Alicia de Cully sont venus passer une matin\u00e9e au potager et l&rsquo;apr\u00e8s-midi aupr\u00e8s des petits animaux.&#46;&#46;&#46;<\/p>\n","protected":false},"author":2,"featured_media":13067,"comment_status":"open","ping_status":"open","sticky":false,"template":"","format":"image","meta":{"jetpack_post_was_ever_published":false,"footnotes":"","jetpack_publicize_message":"","jetpack_publicize_feature_enabled":true,"jetpack_social_post_already_shared":true,"jetpack_social_options":{"image_generator_settings":{"template":"highway","default_image_id":0,"font":"","enabled":false},"version":2}},"categories":[33],"tags":[],"class_list":["post-13093","post","type-post","status-publish","format-image","has-post-thumbnail","hentry","category-ecole","post_format-post-format-image"],"yoast_head":"<!-- This site is optimized with the Yoast SEO plugin v27.5 - https:\/\/yoast.com\/product\/yoast-seo-wordpress\/ -->\n<title>Une journ\u00e9e r\u00e9cr\u00e9-active pas comme les autres : la classe de A. Avril en immersion au potager et aupr\u00e8s des animaux -<\/title>\n<meta name=\"robots\" content=\"index, follow, max-snippet:-1, max-image-preview:large, max-video-preview:-1\" \/>\n<link rel=\"canonical\" href=\"https:\/\/ecolefermedesbois.ch\/?p=13093\" \/>\n<meta property=\"og:locale\" content=\"fr_FR\" \/>\n<meta property=\"og:type\" content=\"article\" \/>\n<meta property=\"og:title\" content=\"Une journ\u00e9e r\u00e9cr\u00e9-active pas comme les autres : la classe de A. Avril en immersion au potager et aupr\u00e8s des animaux -\" \/>\n<meta property=\"og:description\" content=\"Mardi, les \u00e9l\u00e8ves de Alicia de Cully sont venus passer une matin\u00e9e au potager et l&rsquo;apr\u00e8s-midi aupr\u00e8s des petits animaux.&#046;&#046;&#046;\" \/>\n<meta property=\"og:url\" content=\"https:\/\/ecolefermedesbois.ch\/?p=13093\" \/>\n<meta property=\"article:publisher\" content=\"https:\/\/www.facebook.com\/ecolefermedesBois\" \/>\n<meta property=\"article:published_time\" content=\"2024-06-14T12:38:20+00:00\" \/>\n<meta property=\"article:modified_time\" content=\"2024-06-21T16:42:52+00:00\" \/>\n<meta property=\"og:image\" content=\"https:\/\/ecolefermedesbois.ch\/wp-content\/uploads\/2024\/06\/wp-17183664151428766065705264163473.jpg\" \/>\n\t<meta property=\"og:image:width\" content=\"1000\" \/>\n\t<meta property=\"og:image:height\" content=\"750\" \/>\n\t<meta property=\"og:image:type\" content=\"image\/jpeg\" \/>\n<meta name=\"author\" content=\"Sophie\" \/>\n<meta name=\"twitter:card\" content=\"summary_large_image\" \/>\n<meta name=\"twitter:label1\" content=\"\u00c9crit par\" \/>\n\t<meta name=\"twitter:data1\" content=\"Sophie\" \/>\n\t<meta name=\"twitter:label2\" content=\"Dur\u00e9e de lecture estim\u00e9e\" \/>\n\t<meta name=\"twitter:data2\" content=\"3 minutes\" \/>\n<script type=\"application\/ld+json\" class=\"yoast-schema-graph\">{\"@context\":\"https:\\\/\\\/schema.org\",\"@graph\":[{\"@type\":\"Article\",\"@id\":\"https:\\\/\\\/ecolefermedesbois.ch\\\/?p=13093#article\",\"isPartOf\":{\"@id\":\"https:\\\/\\\/ecolefermedesbois.ch\\\/?p=13093\"},\"author\":{\"name\":\"Sophie\",\"@id\":\"https:\\\/\\\/ecolefermedesbois.ch\\\/#\\\/schema\\\/person\\\/78f5a1c78e958e51240f90932d290908\"},\"headline\":\"Une journ\u00e9e r\u00e9cr\u00e9-active pas comme les autres : la classe de A. Avril en immersion au potager et aupr\u00e8s des animaux\",\"datePublished\":\"2024-06-14T12:38:20+00:00\",\"dateModified\":\"2024-06-21T16:42:52+00:00\",\"mainEntityOfPage\":{\"@id\":\"https:\\\/\\\/ecolefermedesbois.ch\\\/?p=13093\"},\"wordCount\":587,\"commentCount\":0,\"publisher\":{\"@id\":\"https:\\\/\\\/ecolefermedesbois.ch\\\/#organization\"},\"image\":{\"@id\":\"https:\\\/\\\/ecolefermedesbois.ch\\\/?p=13093#primaryimage\"},\"thumbnailUrl\":\"https:\\\/\\\/i0.wp.com\\\/ecolefermedesbois.ch\\\/wp-content\\\/uploads\\\/2024\\\/06\\\/wp-17183664151428766065705264163473.jpg?fit=1000%2C750&ssl=1\",\"articleSection\":[\"Ecole\"],\"inLanguage\":\"fr-FR\",\"potentialAction\":[{\"@type\":\"CommentAction\",\"name\":\"Comment\",\"target\":[\"https:\\\/\\\/ecolefermedesbois.ch\\\/?p=13093#respond\"]}]},{\"@type\":\"WebPage\",\"@id\":\"https:\\\/\\\/ecolefermedesbois.ch\\\/?p=13093\",\"url\":\"https:\\\/\\\/ecolefermedesbois.ch\\\/?p=13093\",\"name\":\"Une journ\u00e9e r\u00e9cr\u00e9-active pas comme les autres : la classe de A. Avril en immersion au potager et aupr\u00e8s des animaux -\",\"isPartOf\":{\"@id\":\"https:\\\/\\\/ecolefermedesbois.ch\\\/#website\"},\"primaryImageOfPage\":{\"@id\":\"https:\\\/\\\/ecolefermedesbois.ch\\\/?p=13093#primaryimage\"},\"image\":{\"@id\":\"https:\\\/\\\/ecolefermedesbois.ch\\\/?p=13093#primaryimage\"},\"thumbnailUrl\":\"https:\\\/\\\/i0.wp.com\\\/ecolefermedesbois.ch\\\/wp-content\\\/uploads\\\/2024\\\/06\\\/wp-17183664151428766065705264163473.jpg?fit=1000%2C750&ssl=1\",\"datePublished\":\"2024-06-14T12:38:20+00:00\",\"dateModified\":\"2024-06-21T16:42:52+00:00\",\"breadcrumb\":{\"@id\":\"https:\\\/\\\/ecolefermedesbois.ch\\\/?p=13093#breadcrumb\"},\"inLanguage\":\"fr-FR\",\"potentialAction\":[{\"@type\":\"ReadAction\",\"target\":[\"https:\\\/\\\/ecolefermedesbois.ch\\\/?p=13093\"]}]},{\"@type\":\"ImageObject\",\"inLanguage\":\"fr-FR\",\"@id\":\"https:\\\/\\\/ecolefermedesbois.ch\\\/?p=13093#primaryimage\",\"url\":\"https:\\\/\\\/i0.wp.com\\\/ecolefermedesbois.ch\\\/wp-content\\\/uploads\\\/2024\\\/06\\\/wp-17183664151428766065705264163473.jpg?fit=1000%2C750&ssl=1\",\"contentUrl\":\"https:\\\/\\\/i0.wp.com\\\/ecolefermedesbois.ch\\\/wp-content\\\/uploads\\\/2024\\\/06\\\/wp-17183664151428766065705264163473.jpg?fit=1000%2C750&ssl=1\",\"width\":1000,\"height\":750},{\"@type\":\"BreadcrumbList\",\"@id\":\"https:\\\/\\\/ecolefermedesbois.ch\\\/?p=13093#breadcrumb\",\"itemListElement\":[{\"@type\":\"ListItem\",\"position\":1,\"name\":\"Accueil\",\"item\":\"https:\\\/\\\/ecolefermedesbois.ch\\\/\"},{\"@type\":\"ListItem\",\"position\":2,\"name\":\"Une journ\u00e9e r\u00e9cr\u00e9-active pas comme les autres : la classe de A. Avril en immersion au potager et aupr\u00e8s des animaux\"}]},{\"@type\":\"WebSite\",\"@id\":\"https:\\\/\\\/ecolefermedesbois.ch\\\/#website\",\"url\":\"https:\\\/\\\/ecolefermedesbois.ch\\\/\",\"name\":\"ecolefermedesbois\",\"description\":\"\",\"publisher\":{\"@id\":\"https:\\\/\\\/ecolefermedesbois.ch\\\/#organization\"},\"potentialAction\":[{\"@type\":\"SearchAction\",\"target\":{\"@type\":\"EntryPoint\",\"urlTemplate\":\"https:\\\/\\\/ecolefermedesbois.ch\\\/?s={search_term_string}\"},\"query-input\":{\"@type\":\"PropertyValueSpecification\",\"valueRequired\":true,\"valueName\":\"search_term_string\"}}],\"inLanguage\":\"fr-FR\"},{\"@type\":\"Organization\",\"@id\":\"https:\\\/\\\/ecolefermedesbois.ch\\\/#organization\",\"name\":\"Ecole \u00e0 la Ferme des Bois\",\"url\":\"https:\\\/\\\/ecolefermedesbois.ch\\\/\",\"logo\":{\"@type\":\"ImageObject\",\"inLanguage\":\"fr-FR\",\"@id\":\"https:\\\/\\\/ecolefermedesbois.ch\\\/#\\\/schema\\\/logo\\\/image\\\/\",\"url\":\"https:\\\/\\\/ecolefermedesbois.ch\\\/wp-content\\\/uploads\\\/2019\\\/04\\\/logo-scaled.gif\",\"contentUrl\":\"https:\\\/\\\/ecolefermedesbois.ch\\\/wp-content\\\/uploads\\\/2019\\\/04\\\/logo-scaled.gif\",\"width\":2560,\"height\":608,\"caption\":\"Ecole \u00e0 la Ferme des Bois\"},\"image\":{\"@id\":\"https:\\\/\\\/ecolefermedesbois.ch\\\/#\\\/schema\\\/logo\\\/image\\\/\"},\"sameAs\":[\"https:\\\/\\\/www.facebook.com\\\/ecolefermedesBois\"]},{\"@type\":\"Person\",\"@id\":\"https:\\\/\\\/ecolefermedesbois.ch\\\/#\\\/schema\\\/person\\\/78f5a1c78e958e51240f90932d290908\",\"name\":\"Sophie\",\"image\":{\"@type\":\"ImageObject\",\"inLanguage\":\"fr-FR\",\"@id\":\"https:\\\/\\\/secure.gravatar.com\\\/avatar\\\/053fbaec50cb27b03b880a4b8b018009aa3af995f32011efc3f40a589371d46f?s=96&d=mm&r=g\",\"url\":\"https:\\\/\\\/secure.gravatar.com\\\/avatar\\\/053fbaec50cb27b03b880a4b8b018009aa3af995f32011efc3f40a589371d46f?s=96&d=mm&r=g\",\"contentUrl\":\"https:\\\/\\\/secure.gravatar.com\\\/avatar\\\/053fbaec50cb27b03b880a4b8b018009aa3af995f32011efc3f40a589371d46f?s=96&d=mm&r=g\",\"caption\":\"Sophie\"},\"url\":\"https:\\\/\\\/ecolefermedesbois.ch\\\/?author=2\"}]}<\/script>\n<!-- \/ Yoast SEO plugin. -->","yoast_head_json":{"title":"Une journ\u00e9e r\u00e9cr\u00e9-active pas comme les autres : la classe de A. Avril en immersion au potager et aupr\u00e8s des animaux -","robots":{"index":"index","follow":"follow","max-snippet":"max-snippet:-1","max-image-preview":"max-image-preview:large","max-video-preview":"max-video-preview:-1"},"canonical":"https:\/\/ecolefermedesbois.ch\/?p=13093","og_locale":"fr_FR","og_type":"article","og_title":"Une journ\u00e9e r\u00e9cr\u00e9-active pas comme les autres : la classe de A. Avril en immersion au potager et aupr\u00e8s des animaux -","og_description":"Mardi, les \u00e9l\u00e8ves de Alicia de Cully sont venus passer une matin\u00e9e au potager et l&rsquo;apr\u00e8s-midi aupr\u00e8s des petits animaux.&#46;&#46;&#46;","og_url":"https:\/\/ecolefermedesbois.ch\/?p=13093","article_publisher":"https:\/\/www.facebook.com\/ecolefermedesBois","article_published_time":"2024-06-14T12:38:20+00:00","article_modified_time":"2024-06-21T16:42:52+00:00","og_image":[{"width":1000,"height":750,"url":"https:\/\/ecolefermedesbois.ch\/wp-content\/uploads\/2024\/06\/wp-17183664151428766065705264163473.jpg","type":"image\/jpeg"}],"author":"Sophie","twitter_card":"summary_large_image","twitter_misc":{"\u00c9crit par":"Sophie","Dur\u00e9e de lecture estim\u00e9e":"3 minutes"},"schema":{"@context":"https:\/\/schema.org","@graph":[{"@type":"Article","@id":"https:\/\/ecolefermedesbois.ch\/?p=13093#article","isPartOf":{"@id":"https:\/\/ecolefermedesbois.ch\/?p=13093"},"author":{"name":"Sophie","@id":"https:\/\/ecolefermedesbois.ch\/#\/schema\/person\/78f5a1c78e958e51240f90932d290908"},"headline":"Une journ\u00e9e r\u00e9cr\u00e9-active pas comme les autres : la classe de A. Avril en immersion au potager et aupr\u00e8s des animaux","datePublished":"2024-06-14T12:38:20+00:00","dateModified":"2024-06-21T16:42:52+00:00","mainEntityOfPage":{"@id":"https:\/\/ecolefermedesbois.ch\/?p=13093"},"wordCount":587,"commentCount":0,"publisher":{"@id":"https:\/\/ecolefermedesbois.ch\/#organization"},"image":{"@id":"https:\/\/ecolefermedesbois.ch\/?p=13093#primaryimage"},"thumbnailUrl":"https:\/\/i0.wp.com\/ecolefermedesbois.ch\/wp-content\/uploads\/2024\/06\/wp-17183664151428766065705264163473.jpg?fit=1000%2C750&ssl=1","articleSection":["Ecole"],"inLanguage":"fr-FR","potentialAction":[{"@type":"CommentAction","name":"Comment","target":["https:\/\/ecolefermedesbois.ch\/?p=13093#respond"]}]},{"@type":"WebPage","@id":"https:\/\/ecolefermedesbois.ch\/?p=13093","url":"https:\/\/ecolefermedesbois.ch\/?p=13093","name":"Une journ\u00e9e r\u00e9cr\u00e9-active pas comme les autres : la classe de A. Avril en immersion au potager et aupr\u00e8s des animaux -","isPartOf":{"@id":"https:\/\/ecolefermedesbois.ch\/#website"},"primaryImageOfPage":{"@id":"https:\/\/ecolefermedesbois.ch\/?p=13093#primaryimage"},"image":{"@id":"https:\/\/ecolefermedesbois.ch\/?p=13093#primaryimage"},"thumbnailUrl":"https:\/\/i0.wp.com\/ecolefermedesbois.ch\/wp-content\/uploads\/2024\/06\/wp-17183664151428766065705264163473.jpg?fit=1000%2C750&ssl=1","datePublished":"2024-06-14T12:38:20+00:00","dateModified":"2024-06-21T16:42:52+00:00","breadcrumb":{"@id":"https:\/\/ecolefermedesbois.ch\/?p=13093#breadcrumb"},"inLanguage":"fr-FR","potentialAction":[{"@type":"ReadAction","target":["https:\/\/ecolefermedesbois.ch\/?p=13093"]}]},{"@type":"ImageObject","inLanguage":"fr-FR","@id":"https:\/\/ecolefermedesbois.ch\/?p=13093#primaryimage","url":"https:\/\/i0.wp.com\/ecolefermedesbois.ch\/wp-content\/uploads\/2024\/06\/wp-17183664151428766065705264163473.jpg?fit=1000%2C750&ssl=1","contentUrl":"https:\/\/i0.wp.com\/ecolefermedesbois.ch\/wp-content\/uploads\/2024\/06\/wp-17183664151428766065705264163473.jpg?fit=1000%2C750&ssl=1","width":1000,"height":750},{"@type":"BreadcrumbList","@id":"https:\/\/ecolefermedesbois.ch\/?p=13093#breadcrumb","itemListElement":[{"@type":"ListItem","position":1,"name":"Accueil","item":"https:\/\/ecolefermedesbois.ch\/"},{"@type":"ListItem","position":2,"name":"Une journ\u00e9e r\u00e9cr\u00e9-active pas comme les autres : la classe de A. Avril en immersion au potager et aupr\u00e8s des animaux"}]},{"@type":"WebSite","@id":"https:\/\/ecolefermedesbois.ch\/#website","url":"https:\/\/ecolefermedesbois.ch\/","name":"ecolefermedesbois","description":"","publisher":{"@id":"https:\/\/ecolefermedesbois.ch\/#organization"},"potentialAction":[{"@type":"SearchAction","target":{"@type":"EntryPoint","urlTemplate":"https:\/\/ecolefermedesbois.ch\/?s={search_term_string}"},"query-input":{"@type":"PropertyValueSpecification","valueRequired":true,"valueName":"search_term_string"}}],"inLanguage":"fr-FR"},{"@type":"Organization","@id":"https:\/\/ecolefermedesbois.ch\/#organization","name":"Ecole \u00e0 la Ferme des Bois","url":"https:\/\/ecolefermedesbois.ch\/","logo":{"@type":"ImageObject","inLanguage":"fr-FR","@id":"https:\/\/ecolefermedesbois.ch\/#\/schema\/logo\/image\/","url":"https:\/\/ecolefermedesbois.ch\/wp-content\/uploads\/2019\/04\/logo-scaled.gif","contentUrl":"https:\/\/ecolefermedesbois.ch\/wp-content\/uploads\/2019\/04\/logo-scaled.gif","width":2560,"height":608,"caption":"Ecole \u00e0 la Ferme des Bois"},"image":{"@id":"https:\/\/ecolefermedesbois.ch\/#\/schema\/logo\/image\/"},"sameAs":["https:\/\/www.facebook.com\/ecolefermedesBois"]},{"@type":"Person","@id":"https:\/\/ecolefermedesbois.ch\/#\/schema\/person\/78f5a1c78e958e51240f90932d290908","name":"Sophie","image":{"@type":"ImageObject","inLanguage":"fr-FR","@id":"https:\/\/secure.gravatar.com\/avatar\/053fbaec50cb27b03b880a4b8b018009aa3af995f32011efc3f40a589371d46f?s=96&d=mm&r=g","url":"https:\/\/secure.gravatar.com\/avatar\/053fbaec50cb27b03b880a4b8b018009aa3af995f32011efc3f40a589371d46f?s=96&d=mm&r=g","contentUrl":"https:\/\/secure.gravatar.com\/avatar\/053fbaec50cb27b03b880a4b8b018009aa3af995f32011efc3f40a589371d46f?s=96&d=mm&r=g","caption":"Sophie"},"url":"https:\/\/ecolefermedesbois.ch\/?author=2"}]}},"jetpack_publicize_connections":[],"jetpack_featured_media_url":"https:\/\/i0.wp.com\/ecolefermedesbois.ch\/wp-content\/uploads\/2024\/06\/wp-17183664151428766065705264163473.jpg?fit=1000%2C750&ssl=1","jetpack_sharing_enabled":true,"_links":{"self":[{"href":"https:\/\/ecolefermedesbois.ch\/index.php?rest_route=\/wp\/v2\/posts\/13093","targetHints":{"allow":["GET"]}}],"collection":[{"href":"https:\/\/ecolefermedesbois.ch\/index.php?rest_route=\/wp\/v2\/posts"}],"about":[{"href":"https:\/\/ecolefermedesbois.ch\/index.php?rest_route=\/wp\/v2\/types\/post"}],"author":[{"embeddable":true,"href":"https:\/\/ecolefermedesbois.ch\/index.php?rest_route=\/wp\/v2\/users\/2"}],"replies":[{"embeddable":true,"href":"https:\/\/ecolefermedesbois.ch\/index.php?rest_route=%2Fwp%2Fv2%2Fcomments&post=13093"}],"version-history":[{"count":2,"href":"https:\/\/ecolefermedesbois.ch\/index.php?rest_route=\/wp\/v2\/posts\/13093\/revisions"}],"predecessor-version":[{"id":13158,"href":"https:\/\/ecolefermedesbois.ch\/index.php?rest_route=\/wp\/v2\/posts\/13093\/revisions\/13158"}],"wp:featuredmedia":[{"embeddable":true,"href":"https:\/\/ecolefermedesbois.ch\/index.php?rest_route=\/wp\/v2\/media\/13067"}],"wp:attachment":[{"href":"https:\/\/ecolefermedesbois.ch\/index.php?rest_route=%2Fwp%2Fv2%2Fmedia&parent=13093"}],"wp:term":[{"taxonomy":"category","embeddable":true,"href":"https:\/\/ecolefermedesbois.ch\/index.php?rest_route=%2Fwp%2Fv2%2Fcategories&post=13093"},{"taxonomy":"post_tag","embeddable":true,"href":"https:\/\/ecolefermedesbois.ch\/index.php?rest_route=%2Fwp%2Fv2%2Ftags&post=13093"}],"curies":[{"name":"wp","href":"https:\/\/api.w.org\/{rel}","templated":true}]}}