{"id":13092,"date":"2024-06-14T14:50:28","date_gmt":"2024-06-14T12:50:28","guid":{"rendered":"https:\/\/ecolefermedesbois.ch\/?p=13092"},"modified":"2024-06-14T14:50:30","modified_gmt":"2024-06-14T12:50:30","slug":"une-journee-recre-active-la-classe-de-l-niederhauser-en-immersion-au-rucher-et-aupres-des-petits-animaux","status":"publish","type":"post","link":"https:\/\/ecolefermedesbois.ch\/?p=13092","title":{"rendered":"Une journ\u00e9e r\u00e9cr\u00e9-active: la classe de L. Niederhauser en immersion au rucher et aupr\u00e8s des petits animaux"},"content":{"rendered":"<div class=\"pdfprnt-buttons pdfprnt-buttons-post pdfprnt-top-right\"><a href=\"https:\/\/ecolefermedesbois.ch\/index.php?rest_route=%2Fwp%2Fv2%2Fposts%2F13092&print=pdf\" class=\"pdfprnt-button pdfprnt-button-pdf\" target=\"_blank\" ><img data-recalc-dims=\"1\" decoding=\"async\" src=\"https:\/\/i0.wp.com\/ecolefermedesbois.ch\/wp-content\/plugins\/pdf-print\/images\/pdf.png?w=720&#038;ssl=1\" alt=\"image_pdf\" title=\"Afficher le PDF\" \/><\/a><a href=\"https:\/\/ecolefermedesbois.ch\/index.php?rest_route=%2Fwp%2Fv2%2Fposts%2F13092&print=print\" class=\"pdfprnt-button pdfprnt-button-print\" target=\"_blank\" ><img data-recalc-dims=\"1\" decoding=\"async\" src=\"https:\/\/i0.wp.com\/ecolefermedesbois.ch\/wp-content\/plugins\/pdf-print\/images\/print.png?w=720&#038;ssl=1\" alt=\"image_print\" title=\"Contenu imprim\u00e9\" \/><\/a><\/div>\n<p>Jeudi, les \u00e9l\u00e8ves de Leila de Lutry sont venus d\u00e9couvrir l&rsquo;univers de l&rsquo;abeille.<\/p>\n\n\n\n<p>Nous commen\u00e7ons la matin\u00e9e par des questions sur les abeilles. De quelle famille appartiennent les abeilles, o\u00f9 elles vivent, comment s&rsquo;appelle le m\u00e2le ou la femelle, etc. Puis nous parlons de la colonie. Comment reconna\u00eetre la reine des ouvri\u00e8res. Qui vit dans la ruche et quel est son r\u00f4le ou encore combien d&rsquo;abeilles vivent dans la colonie. <br>Quand il y a trop d&rsquo;abeilles que se passe-t-il ? Souvent, elles ouvri\u00e8res nourrissent une nouvelle reine puis certaines abeilles partent avec l&rsquo;ancienne reine. C&rsquo;est l&rsquo;essaimage, pourquoi des abeilles quittent leur ruche et o\u00f9 vont-elles. Une fois dans leur nouvelle ruche, comment les abeilles vont-elles se rep\u00e9rer et comment vont-elles communiquer? Nous parlons de la communication, elles utilisent les 4 points cardinaux de la boussole et l&#8217;emplacement du soleil, et qu&rsquo;elles l&rsquo;expliquent tout en dansant. Eh oui, les abeilles dansent pour communiquer. \u00c9galement pour informer o\u00f9 se trouve une source abondante de nectar et de pollen.<\/p>\n\n\n\n<p>Devant garage, je montre comment est constitu\u00e9 une ruche. Comment se nomment les parties de celle-ci et leurs utilit\u00e9s. Ils d\u00e9couvrent les cellules du couvain des ouvri\u00e8res, des faux-bourdons et de la reine. Nous d\u00e9couvrons \u00e9galement la dur\u00e9e que chacun va mettre pour passer d&rsquo;un \u0153uf \u00e0 une abeille.<\/p>\n\n\n\n<p>Pour la deuxi\u00e8me partie de la matin\u00e9e, nous faisons 2 groupes. <br>Un groupe est avec Emilie pour approfondir le sujet de la pollinisation avec un jeu et une petite vid\u00e9o. Comprendre ce qui se passe dans une fleur lorsque l&rsquo;abeille vient la butiner et l&rsquo;importance de l&rsquo;abeille. Ensuite, les \u00e9l\u00e8ves vont d\u00e9couvrir les diff\u00e9rents m\u00e9tiers que l&rsquo;abeille ouvri\u00e8re va faire tout au long de sa vie ainsi qu&rsquo;elle va produire une cuill\u00e8re \u00e0 caf\u00e9 de miel durant ses 40 jours de vie.<\/p>\n\n\n\n<p>Pendant ce temps, l&rsquo;autre groupe est avec moi dehors est \u00e9galement s\u00e9parer en 2 groupes. Car je peux prendre que 5-6 \u00e9l\u00e8ves maximum avec moi vers les ruches. Les \u00e9l\u00e8ves qui restent au garage vont reconstruire la ruche vide. Un joli puzzle taille r\u00e9elle.<br>Au rucher, je vais pouvoir montrer un cadre \u00e0 miel presque plein. Je vais \u00e9galement leur montrer comment les abeilles travaillent gr\u00e2ce \u00e0 ma ruche vitr\u00e9e. Nous observons le miel stocker dans les alv\u00e9oles pour leur repas, les faux-bourdons qui mangent et certaines abeilles qui dansent. <br>Puis j&rsquo;\u00e9change mes groupes afin qu&rsquo;ils puissent tous venir au rucher.<br>Et pour finir, nous \u00e9changeons les groupes de dedans avec ceux qui \u00e9taient dehors.<br>Pour clore le module, nous parlons des diff\u00e9rents miel. Puis nous parlons de l&rsquo;extraction du miel et de sa maturation. Sans oublier la d\u00e9gustation du miel d&rsquo;Ecoteaux !<\/p>\n\n\n\n<p>L&rsquo;apr\u00e8s-midi nous allons d\u00e9couvrir et c\u00e2liner les ch\u00e8vres, les lapins puis les poules. De beaux moments de douceurs, de c\u00e2lins et de rires. Nous en profitons pour de parler des particularit\u00e9s de chacun.<\/p>\n\n\n\n<p>Voil\u00e0 que notre journ\u00e9e est d\u00e9j\u00e0 finie. Avant de se dire au revoir, nous allons observer nos canards.<br>Merci les enfants pour votre joie d&rsquo;\u00eatre chez nous et votre participation tout au long de la journ\u00e9e !<\/p>\n\n\n\n<p>Merci Leila, Romy et Agathe d&rsquo;\u00eatre venues avec vos \u00e9l\u00e8ves passer cette belle journ\u00e9e chez nous.<\/p>\n\n\n\n<p>A bient\u00f4t <\/p>\n\n\n\n<p>Sophie et Emilie<\/p>\n\n\n\n<div class=\"wp-block-jetpack-tiled-gallery aligncenter is-style-rectangular\"><div class=\"tiled-gallery__gallery\"><div class=\"tiled-gallery__row\"><div class=\"tiled-gallery__col\" style=\"flex-basis:20.68886%\"><figure class=\"tiled-gallery__item\"><img decoding=\"async\" alt=\"\" data-height=\"1000\" data-id=\"13086\" data-link=\"https:\/\/ecolefermedesbois.ch\/?attachment_id=13086\" data-url=\"https:\/\/ecolefermedesbois.ch\/wp-content\/uploads\/2024\/06\/wp-1718367027295742847366578272179-338x600.jpg\" data-width=\"563\" src=\"https:\/\/i2.wp.com\/ecolefermedesbois.ch\/wp-content\/uploads\/2024\/06\/wp-1718367027295742847366578272179-338x600.jpg?ssl=1\" data-amp-layout=\"responsive\"\/><\/figure><\/div><div class=\"tiled-gallery__col\" style=\"flex-basis:20.68886%\"><figure class=\"tiled-gallery__item\"><img decoding=\"async\" alt=\"\" data-height=\"1000\" data-id=\"13085\" data-link=\"https:\/\/ecolefermedesbois.ch\/?attachment_id=13085\" data-url=\"https:\/\/ecolefermedesbois.ch\/wp-content\/uploads\/2024\/06\/wp-17183670272627671196538711607476-338x600.jpg\" data-width=\"563\" src=\"https:\/\/i2.wp.com\/ecolefermedesbois.ch\/wp-content\/uploads\/2024\/06\/wp-17183670272627671196538711607476-338x600.jpg?ssl=1\" data-amp-layout=\"responsive\"\/><\/figure><\/div><div class=\"tiled-gallery__col\" style=\"flex-basis:37.93341%\"><figure class=\"tiled-gallery__item\"><img decoding=\"async\" alt=\"\" data-height=\"966\" data-id=\"13082\" data-link=\"https:\/\/ecolefermedesbois.ch\/?attachment_id=13082\" data-url=\"https:\/\/ecolefermedesbois.ch\/wp-content\/uploads\/2024\/06\/wp-17183670271871480731117357472653-600x580.jpg\" data-width=\"999\" src=\"https:\/\/i2.wp.com\/ecolefermedesbois.ch\/wp-content\/uploads\/2024\/06\/wp-17183670271871480731117357472653-600x580.jpg?ssl=1\" data-amp-layout=\"responsive\"\/><\/figure><\/div><div class=\"tiled-gallery__col\" style=\"flex-basis:20.68886%\"><figure class=\"tiled-gallery__item\"><img decoding=\"async\" alt=\"\" data-height=\"1000\" data-id=\"13084\" data-link=\"https:\/\/ecolefermedesbois.ch\/?attachment_id=13084\" data-url=\"https:\/\/ecolefermedesbois.ch\/wp-content\/uploads\/2024\/06\/wp-17183670271126901364106432870813-338x600.jpg\" data-width=\"563\" src=\"https:\/\/i1.wp.com\/ecolefermedesbois.ch\/wp-content\/uploads\/2024\/06\/wp-17183670271126901364106432870813-338x600.jpg?ssl=1\" data-amp-layout=\"responsive\"\/><\/figure><\/div><\/div><div class=\"tiled-gallery__row\"><div class=\"tiled-gallery__col\" style=\"flex-basis:54.51666%\"><figure class=\"tiled-gallery__item\"><img decoding=\"async\" alt=\"\" data-height=\"1000\" data-id=\"13081\" data-link=\"https:\/\/ecolefermedesbois.ch\/?attachment_id=13081\" data-url=\"https:\/\/ecolefermedesbois.ch\/wp-content\/uploads\/2024\/06\/wp-17183670271493630489849097999884-405x600.jpg\" data-width=\"675\" src=\"https:\/\/i1.wp.com\/ecolefermedesbois.ch\/wp-content\/uploads\/2024\/06\/wp-17183670271493630489849097999884-405x600.jpg?ssl=1\" data-amp-layout=\"responsive\"\/><\/figure><\/div><div class=\"tiled-gallery__col\" style=\"flex-basis:45.48334%\"><figure class=\"tiled-gallery__item\"><img decoding=\"async\" alt=\"\" data-height=\"1000\" data-id=\"13083\" data-link=\"https:\/\/ecolefermedesbois.ch\/?attachment_id=13083\" data-url=\"https:\/\/ecolefermedesbois.ch\/wp-content\/uploads\/2024\/06\/wp-1718367027226984361149088739067-338x600.jpg\" data-width=\"563\" src=\"https:\/\/i0.wp.com\/ecolefermedesbois.ch\/wp-content\/uploads\/2024\/06\/wp-1718367027226984361149088739067-338x600.jpg?ssl=1\" data-amp-layout=\"responsive\"\/><\/figure><\/div><\/div><div class=\"tiled-gallery__row\"><div class=\"tiled-gallery__col\" style=\"flex-basis:39.00079%\"><figure class=\"tiled-gallery__item\"><img decoding=\"async\" alt=\"\" data-height=\"750\" data-id=\"13079\" data-link=\"https:\/\/ecolefermedesbois.ch\/?attachment_id=13079\" data-url=\"https:\/\/ecolefermedesbois.ch\/wp-content\/uploads\/2024\/06\/wp-17183667545011656263057372011983-600x450.jpg\" data-width=\"1000\" src=\"https:\/\/i2.wp.com\/ecolefermedesbois.ch\/wp-content\/uploads\/2024\/06\/wp-17183667545011656263057372011983-600x450.jpg?ssl=1\" data-amp-layout=\"responsive\"\/><\/figure><\/div><div class=\"tiled-gallery__col\" style=\"flex-basis:21.99841%\"><figure class=\"tiled-gallery__item\"><img decoding=\"async\" alt=\"\" data-height=\"1008\" data-id=\"13076\" data-link=\"https:\/\/ecolefermedesbois.ch\/?attachment_id=13076\" data-url=\"https:\/\/ecolefermedesbois.ch\/wp-content\/uploads\/2024\/06\/wp-17183667541715777179811785047412-450x600.jpg\" data-width=\"756\" src=\"https:\/\/i2.wp.com\/ecolefermedesbois.ch\/wp-content\/uploads\/2024\/06\/wp-17183667541715777179811785047412-450x600.jpg?ssl=1\" data-amp-layout=\"responsive\"\/><\/figure><\/div><div class=\"tiled-gallery__col\" style=\"flex-basis:39.00079%\"><figure class=\"tiled-gallery__item\"><img decoding=\"async\" alt=\"\" data-height=\"750\" data-id=\"13078\" data-link=\"https:\/\/ecolefermedesbois.ch\/?attachment_id=13078\" data-url=\"https:\/\/ecolefermedesbois.ch\/wp-content\/uploads\/2024\/06\/wp-17183667543208880402601864529764-600x450.jpg\" data-width=\"1000\" src=\"https:\/\/i2.wp.com\/ecolefermedesbois.ch\/wp-content\/uploads\/2024\/06\/wp-17183667543208880402601864529764-600x450.jpg?ssl=1\" data-amp-layout=\"responsive\"\/><\/figure><\/div><\/div><div class=\"tiled-gallery__row\"><div class=\"tiled-gallery__col\" style=\"flex-basis:63.96477%\"><figure class=\"tiled-gallery__item\"><img decoding=\"async\" alt=\"\" data-height=\"750\" data-id=\"13077\" data-link=\"https:\/\/ecolefermedesbois.ch\/?attachment_id=13077\" data-url=\"https:\/\/ecolefermedesbois.ch\/wp-content\/uploads\/2024\/06\/wp-17183667546813382807122575238252-600x450.jpg\" data-width=\"1000\" src=\"https:\/\/i0.wp.com\/ecolefermedesbois.ch\/wp-content\/uploads\/2024\/06\/wp-17183667546813382807122575238252-600x450.jpg?ssl=1\" data-amp-layout=\"responsive\"\/><\/figure><\/div><div class=\"tiled-gallery__col\" style=\"flex-basis:36.03523%\"><figure class=\"tiled-gallery__item\"><img decoding=\"async\" alt=\"\" data-height=\"1008\" data-id=\"13074\" data-link=\"https:\/\/ecolefermedesbois.ch\/?attachment_id=13074\" data-url=\"https:\/\/ecolefermedesbois.ch\/wp-content\/uploads\/2024\/06\/wp-17183667540303847097911831205260-450x600.jpg\" data-width=\"756\" src=\"https:\/\/i0.wp.com\/ecolefermedesbois.ch\/wp-content\/uploads\/2024\/06\/wp-17183667540303847097911831205260-450x600.jpg?ssl=1\" data-amp-layout=\"responsive\"\/><\/figure><\/div><\/div><div class=\"tiled-gallery__row\"><div class=\"tiled-gallery__col\" style=\"flex-basis:70.26461%\"><figure class=\"tiled-gallery__item\"><img decoding=\"async\" alt=\"\" data-height=\"750\" data-id=\"13072\" data-link=\"https:\/\/ecolefermedesbois.ch\/?attachment_id=13072\" data-url=\"https:\/\/ecolefermedesbois.ch\/wp-content\/uploads\/2024\/06\/wp-17183667537232492585675732950522-600x450.jpg\" data-width=\"1000\" src=\"https:\/\/i0.wp.com\/ecolefermedesbois.ch\/wp-content\/uploads\/2024\/06\/wp-17183667537232492585675732950522-600x450.jpg?ssl=1\" data-amp-layout=\"responsive\"\/><\/figure><\/div><div class=\"tiled-gallery__col\" style=\"flex-basis:29.73539%\"><figure class=\"tiled-gallery__item\"><img decoding=\"async\" alt=\"\" data-height=\"1000\" data-id=\"13080\" data-link=\"https:\/\/ecolefermedesbois.ch\/?attachment_id=13080\" data-url=\"https:\/\/ecolefermedesbois.ch\/wp-content\/uploads\/2024\/06\/wp-17183670270513306293589771473519-338x600.jpg\" data-width=\"563\" src=\"https:\/\/i1.wp.com\/ecolefermedesbois.ch\/wp-content\/uploads\/2024\/06\/wp-17183670270513306293589771473519-338x600.jpg?ssl=1\" data-amp-layout=\"responsive\"\/><\/figure><\/div><\/div><div class=\"tiled-gallery__row\"><div class=\"tiled-gallery__col\" style=\"flex-basis:26.11060%\"><figure class=\"tiled-gallery__item\"><img decoding=\"async\" alt=\"\" data-height=\"1000\" data-id=\"13073\" data-link=\"https:\/\/ecolefermedesbois.ch\/?attachment_id=13073\" data-url=\"https:\/\/ecolefermedesbois.ch\/wp-content\/uploads\/2024\/06\/wp-17183667536084951284374880249889-530x600.jpg\" data-width=\"883\" src=\"https:\/\/i2.wp.com\/ecolefermedesbois.ch\/wp-content\/uploads\/2024\/06\/wp-17183667536084951284374880249889-530x600.jpg?ssl=1\" data-amp-layout=\"responsive\"\/><\/figure><\/div><div class=\"tiled-gallery__col\" style=\"flex-basis:22.19838%\"><figure class=\"tiled-gallery__item\"><img decoding=\"async\" alt=\"\" data-height=\"1000\" data-id=\"13071\" data-link=\"https:\/\/ecolefermedesbois.ch\/?attachment_id=13071\" data-url=\"https:\/\/ecolefermedesbois.ch\/wp-content\/uploads\/2024\/06\/wp-17183667534757778728124254351743-450x600.jpg\" data-width=\"750\" src=\"https:\/\/i0.wp.com\/ecolefermedesbois.ch\/wp-content\/uploads\/2024\/06\/wp-17183667534757778728124254351743-450x600.jpg?ssl=1\" data-amp-layout=\"responsive\"\/><\/figure><\/div><div class=\"tiled-gallery__col\" style=\"flex-basis:51.69102%\"><figure class=\"tiled-gallery__item\"><img decoding=\"async\" alt=\"\" data-height=\"570\" data-id=\"13075\" data-link=\"https:\/\/ecolefermedesbois.ch\/?attachment_id=13075\" data-url=\"https:\/\/ecolefermedesbois.ch\/wp-content\/uploads\/2024\/06\/wp-17183667538911979456592024601452-600x342.jpg\" data-width=\"999\" src=\"https:\/\/i2.wp.com\/ecolefermedesbois.ch\/wp-content\/uploads\/2024\/06\/wp-17183667538911979456592024601452-600x342.jpg?ssl=1\" data-amp-layout=\"responsive\"\/><\/figure><\/div><\/div><\/div><\/div>\n","protected":false},"excerpt":{"rendered":"<p>Jeudi, les \u00e9l\u00e8ves de Leila de Lutry sont venus d\u00e9couvrir l&rsquo;univers de l&rsquo;abeille. Nous commen\u00e7ons la matin\u00e9e par des questions&#46;&#46;&#46;<\/p>\n","protected":false},"author":2,"featured_media":13075,"comment_status":"open","ping_status":"open","sticky":false,"template":"","format":"image","meta":{"jetpack_post_was_ever_published":false,"footnotes":"","jetpack_publicize_message":"","jetpack_publicize_feature_enabled":true,"jetpack_social_post_already_shared":true,"jetpack_social_options":{"image_generator_settings":{"template":"highway","default_image_id":0,"font":"","enabled":false},"version":2}},"categories":[33],"tags":[],"class_list":["post-13092","post","type-post","status-publish","format-image","has-post-thumbnail","hentry","category-ecole","post_format-post-format-image"],"yoast_head":"<!-- This site is optimized with the Yoast SEO plugin v27.5 - https:\/\/yoast.com\/product\/yoast-seo-wordpress\/ -->\n<title>Une journ\u00e9e r\u00e9cr\u00e9-active: la classe de L. Niederhauser en immersion au rucher et aupr\u00e8s des petits animaux -<\/title>\n<meta name=\"robots\" content=\"index, follow, max-snippet:-1, max-image-preview:large, max-video-preview:-1\" \/>\n<link rel=\"canonical\" href=\"https:\/\/ecolefermedesbois.ch\/?p=13092\" \/>\n<meta property=\"og:locale\" content=\"fr_FR\" \/>\n<meta property=\"og:type\" content=\"article\" \/>\n<meta property=\"og:title\" content=\"Une journ\u00e9e r\u00e9cr\u00e9-active: la classe de L. Niederhauser en immersion au rucher et aupr\u00e8s des petits animaux -\" \/>\n<meta property=\"og:description\" content=\"Jeudi, les \u00e9l\u00e8ves de Leila de Lutry sont venus d\u00e9couvrir l&rsquo;univers de l&rsquo;abeille. Nous commen\u00e7ons la matin\u00e9e par des questions&#046;&#046;&#046;\" \/>\n<meta property=\"og:url\" content=\"https:\/\/ecolefermedesbois.ch\/?p=13092\" \/>\n<meta property=\"article:publisher\" content=\"https:\/\/www.facebook.com\/ecolefermedesBois\" \/>\n<meta property=\"article:published_time\" content=\"2024-06-14T12:50:28+00:00\" \/>\n<meta property=\"article:modified_time\" content=\"2024-06-14T12:50:30+00:00\" \/>\n<meta property=\"og:image\" content=\"https:\/\/ecolefermedesbois.ch\/wp-content\/uploads\/2024\/06\/wp-17183667538911979456592024601452.jpg\" \/>\n\t<meta property=\"og:image:width\" content=\"999\" \/>\n\t<meta property=\"og:image:height\" content=\"570\" \/>\n\t<meta property=\"og:image:type\" content=\"image\/jpeg\" \/>\n<meta name=\"author\" content=\"Sophie\" \/>\n<meta name=\"twitter:card\" content=\"summary_large_image\" \/>\n<meta name=\"twitter:label1\" content=\"\u00c9crit par\" \/>\n\t<meta name=\"twitter:data1\" content=\"Sophie\" \/>\n\t<meta name=\"twitter:label2\" content=\"Dur\u00e9e de lecture estim\u00e9e\" \/>\n\t<meta name=\"twitter:data2\" content=\"7 minutes\" \/>\n<script type=\"application\/ld+json\" class=\"yoast-schema-graph\">{\"@context\":\"https:\\\/\\\/schema.org\",\"@graph\":[{\"@type\":\"Article\",\"@id\":\"https:\\\/\\\/ecolefermedesbois.ch\\\/?p=13092#article\",\"isPartOf\":{\"@id\":\"https:\\\/\\\/ecolefermedesbois.ch\\\/?p=13092\"},\"author\":{\"name\":\"Sophie\",\"@id\":\"https:\\\/\\\/ecolefermedesbois.ch\\\/#\\\/schema\\\/person\\\/78f5a1c78e958e51240f90932d290908\"},\"headline\":\"Une journ\u00e9e r\u00e9cr\u00e9-active: la classe de L. Niederhauser en immersion au rucher et aupr\u00e8s des petits animaux\",\"datePublished\":\"2024-06-14T12:50:28+00:00\",\"dateModified\":\"2024-06-14T12:50:30+00:00\",\"mainEntityOfPage\":{\"@id\":\"https:\\\/\\\/ecolefermedesbois.ch\\\/?p=13092\"},\"wordCount\":589,\"commentCount\":0,\"publisher\":{\"@id\":\"https:\\\/\\\/ecolefermedesbois.ch\\\/#organization\"},\"image\":{\"@id\":\"https:\\\/\\\/ecolefermedesbois.ch\\\/?p=13092#primaryimage\"},\"thumbnailUrl\":\"https:\\\/\\\/i0.wp.com\\\/ecolefermedesbois.ch\\\/wp-content\\\/uploads\\\/2024\\\/06\\\/wp-17183667538911979456592024601452.jpg?fit=999%2C570&ssl=1\",\"articleSection\":[\"Ecole\"],\"inLanguage\":\"fr-FR\",\"potentialAction\":[{\"@type\":\"CommentAction\",\"name\":\"Comment\",\"target\":[\"https:\\\/\\\/ecolefermedesbois.ch\\\/?p=13092#respond\"]}]},{\"@type\":\"WebPage\",\"@id\":\"https:\\\/\\\/ecolefermedesbois.ch\\\/?p=13092\",\"url\":\"https:\\\/\\\/ecolefermedesbois.ch\\\/?p=13092\",\"name\":\"Une journ\u00e9e r\u00e9cr\u00e9-active: la classe de L. Niederhauser en immersion au rucher et aupr\u00e8s des petits animaux -\",\"isPartOf\":{\"@id\":\"https:\\\/\\\/ecolefermedesbois.ch\\\/#website\"},\"primaryImageOfPage\":{\"@id\":\"https:\\\/\\\/ecolefermedesbois.ch\\\/?p=13092#primaryimage\"},\"image\":{\"@id\":\"https:\\\/\\\/ecolefermedesbois.ch\\\/?p=13092#primaryimage\"},\"thumbnailUrl\":\"https:\\\/\\\/i0.wp.com\\\/ecolefermedesbois.ch\\\/wp-content\\\/uploads\\\/2024\\\/06\\\/wp-17183667538911979456592024601452.jpg?fit=999%2C570&ssl=1\",\"datePublished\":\"2024-06-14T12:50:28+00:00\",\"dateModified\":\"2024-06-14T12:50:30+00:00\",\"breadcrumb\":{\"@id\":\"https:\\\/\\\/ecolefermedesbois.ch\\\/?p=13092#breadcrumb\"},\"inLanguage\":\"fr-FR\",\"potentialAction\":[{\"@type\":\"ReadAction\",\"target\":[\"https:\\\/\\\/ecolefermedesbois.ch\\\/?p=13092\"]}]},{\"@type\":\"ImageObject\",\"inLanguage\":\"fr-FR\",\"@id\":\"https:\\\/\\\/ecolefermedesbois.ch\\\/?p=13092#primaryimage\",\"url\":\"https:\\\/\\\/i0.wp.com\\\/ecolefermedesbois.ch\\\/wp-content\\\/uploads\\\/2024\\\/06\\\/wp-17183667538911979456592024601452.jpg?fit=999%2C570&ssl=1\",\"contentUrl\":\"https:\\\/\\\/i0.wp.com\\\/ecolefermedesbois.ch\\\/wp-content\\\/uploads\\\/2024\\\/06\\\/wp-17183667538911979456592024601452.jpg?fit=999%2C570&ssl=1\",\"width\":999,\"height\":570},{\"@type\":\"BreadcrumbList\",\"@id\":\"https:\\\/\\\/ecolefermedesbois.ch\\\/?p=13092#breadcrumb\",\"itemListElement\":[{\"@type\":\"ListItem\",\"position\":1,\"name\":\"Accueil\",\"item\":\"https:\\\/\\\/ecolefermedesbois.ch\\\/\"},{\"@type\":\"ListItem\",\"position\":2,\"name\":\"Une journ\u00e9e r\u00e9cr\u00e9-active: la classe de L. Niederhauser en immersion au rucher et aupr\u00e8s des petits animaux\"}]},{\"@type\":\"WebSite\",\"@id\":\"https:\\\/\\\/ecolefermedesbois.ch\\\/#website\",\"url\":\"https:\\\/\\\/ecolefermedesbois.ch\\\/\",\"name\":\"ecolefermedesbois\",\"description\":\"\",\"publisher\":{\"@id\":\"https:\\\/\\\/ecolefermedesbois.ch\\\/#organization\"},\"potentialAction\":[{\"@type\":\"SearchAction\",\"target\":{\"@type\":\"EntryPoint\",\"urlTemplate\":\"https:\\\/\\\/ecolefermedesbois.ch\\\/?s={search_term_string}\"},\"query-input\":{\"@type\":\"PropertyValueSpecification\",\"valueRequired\":true,\"valueName\":\"search_term_string\"}}],\"inLanguage\":\"fr-FR\"},{\"@type\":\"Organization\",\"@id\":\"https:\\\/\\\/ecolefermedesbois.ch\\\/#organization\",\"name\":\"Ecole \u00e0 la Ferme des Bois\",\"url\":\"https:\\\/\\\/ecolefermedesbois.ch\\\/\",\"logo\":{\"@type\":\"ImageObject\",\"inLanguage\":\"fr-FR\",\"@id\":\"https:\\\/\\\/ecolefermedesbois.ch\\\/#\\\/schema\\\/logo\\\/image\\\/\",\"url\":\"https:\\\/\\\/ecolefermedesbois.ch\\\/wp-content\\\/uploads\\\/2019\\\/04\\\/logo-scaled.gif\",\"contentUrl\":\"https:\\\/\\\/ecolefermedesbois.ch\\\/wp-content\\\/uploads\\\/2019\\\/04\\\/logo-scaled.gif\",\"width\":2560,\"height\":608,\"caption\":\"Ecole \u00e0 la Ferme des Bois\"},\"image\":{\"@id\":\"https:\\\/\\\/ecolefermedesbois.ch\\\/#\\\/schema\\\/logo\\\/image\\\/\"},\"sameAs\":[\"https:\\\/\\\/www.facebook.com\\\/ecolefermedesBois\"]},{\"@type\":\"Person\",\"@id\":\"https:\\\/\\\/ecolefermedesbois.ch\\\/#\\\/schema\\\/person\\\/78f5a1c78e958e51240f90932d290908\",\"name\":\"Sophie\",\"image\":{\"@type\":\"ImageObject\",\"inLanguage\":\"fr-FR\",\"@id\":\"https:\\\/\\\/secure.gravatar.com\\\/avatar\\\/053fbaec50cb27b03b880a4b8b018009aa3af995f32011efc3f40a589371d46f?s=96&d=mm&r=g\",\"url\":\"https:\\\/\\\/secure.gravatar.com\\\/avatar\\\/053fbaec50cb27b03b880a4b8b018009aa3af995f32011efc3f40a589371d46f?s=96&d=mm&r=g\",\"contentUrl\":\"https:\\\/\\\/secure.gravatar.com\\\/avatar\\\/053fbaec50cb27b03b880a4b8b018009aa3af995f32011efc3f40a589371d46f?s=96&d=mm&r=g\",\"caption\":\"Sophie\"},\"url\":\"https:\\\/\\\/ecolefermedesbois.ch\\\/?author=2\"}]}<\/script>\n<!-- \/ Yoast SEO plugin. -->","yoast_head_json":{"title":"Une journ\u00e9e r\u00e9cr\u00e9-active: la classe de L. Niederhauser en immersion au rucher et aupr\u00e8s des petits animaux -","robots":{"index":"index","follow":"follow","max-snippet":"max-snippet:-1","max-image-preview":"max-image-preview:large","max-video-preview":"max-video-preview:-1"},"canonical":"https:\/\/ecolefermedesbois.ch\/?p=13092","og_locale":"fr_FR","og_type":"article","og_title":"Une journ\u00e9e r\u00e9cr\u00e9-active: la classe de L. Niederhauser en immersion au rucher et aupr\u00e8s des petits animaux -","og_description":"Jeudi, les \u00e9l\u00e8ves de Leila de Lutry sont venus d\u00e9couvrir l&rsquo;univers de l&rsquo;abeille. Nous commen\u00e7ons la matin\u00e9e par des questions&#46;&#46;&#46;","og_url":"https:\/\/ecolefermedesbois.ch\/?p=13092","article_publisher":"https:\/\/www.facebook.com\/ecolefermedesBois","article_published_time":"2024-06-14T12:50:28+00:00","article_modified_time":"2024-06-14T12:50:30+00:00","og_image":[{"width":999,"height":570,"url":"https:\/\/ecolefermedesbois.ch\/wp-content\/uploads\/2024\/06\/wp-17183667538911979456592024601452.jpg","type":"image\/jpeg"}],"author":"Sophie","twitter_card":"summary_large_image","twitter_misc":{"\u00c9crit par":"Sophie","Dur\u00e9e de lecture estim\u00e9e":"7 minutes"},"schema":{"@context":"https:\/\/schema.org","@graph":[{"@type":"Article","@id":"https:\/\/ecolefermedesbois.ch\/?p=13092#article","isPartOf":{"@id":"https:\/\/ecolefermedesbois.ch\/?p=13092"},"author":{"name":"Sophie","@id":"https:\/\/ecolefermedesbois.ch\/#\/schema\/person\/78f5a1c78e958e51240f90932d290908"},"headline":"Une journ\u00e9e r\u00e9cr\u00e9-active: la classe de L. Niederhauser en immersion au rucher et aupr\u00e8s des petits animaux","datePublished":"2024-06-14T12:50:28+00:00","dateModified":"2024-06-14T12:50:30+00:00","mainEntityOfPage":{"@id":"https:\/\/ecolefermedesbois.ch\/?p=13092"},"wordCount":589,"commentCount":0,"publisher":{"@id":"https:\/\/ecolefermedesbois.ch\/#organization"},"image":{"@id":"https:\/\/ecolefermedesbois.ch\/?p=13092#primaryimage"},"thumbnailUrl":"https:\/\/i0.wp.com\/ecolefermedesbois.ch\/wp-content\/uploads\/2024\/06\/wp-17183667538911979456592024601452.jpg?fit=999%2C570&ssl=1","articleSection":["Ecole"],"inLanguage":"fr-FR","potentialAction":[{"@type":"CommentAction","name":"Comment","target":["https:\/\/ecolefermedesbois.ch\/?p=13092#respond"]}]},{"@type":"WebPage","@id":"https:\/\/ecolefermedesbois.ch\/?p=13092","url":"https:\/\/ecolefermedesbois.ch\/?p=13092","name":"Une journ\u00e9e r\u00e9cr\u00e9-active: la classe de L. Niederhauser en immersion au rucher et aupr\u00e8s des petits animaux -","isPartOf":{"@id":"https:\/\/ecolefermedesbois.ch\/#website"},"primaryImageOfPage":{"@id":"https:\/\/ecolefermedesbois.ch\/?p=13092#primaryimage"},"image":{"@id":"https:\/\/ecolefermedesbois.ch\/?p=13092#primaryimage"},"thumbnailUrl":"https:\/\/i0.wp.com\/ecolefermedesbois.ch\/wp-content\/uploads\/2024\/06\/wp-17183667538911979456592024601452.jpg?fit=999%2C570&ssl=1","datePublished":"2024-06-14T12:50:28+00:00","dateModified":"2024-06-14T12:50:30+00:00","breadcrumb":{"@id":"https:\/\/ecolefermedesbois.ch\/?p=13092#breadcrumb"},"inLanguage":"fr-FR","potentialAction":[{"@type":"ReadAction","target":["https:\/\/ecolefermedesbois.ch\/?p=13092"]}]},{"@type":"ImageObject","inLanguage":"fr-FR","@id":"https:\/\/ecolefermedesbois.ch\/?p=13092#primaryimage","url":"https:\/\/i0.wp.com\/ecolefermedesbois.ch\/wp-content\/uploads\/2024\/06\/wp-17183667538911979456592024601452.jpg?fit=999%2C570&ssl=1","contentUrl":"https:\/\/i0.wp.com\/ecolefermedesbois.ch\/wp-content\/uploads\/2024\/06\/wp-17183667538911979456592024601452.jpg?fit=999%2C570&ssl=1","width":999,"height":570},{"@type":"BreadcrumbList","@id":"https:\/\/ecolefermedesbois.ch\/?p=13092#breadcrumb","itemListElement":[{"@type":"ListItem","position":1,"name":"Accueil","item":"https:\/\/ecolefermedesbois.ch\/"},{"@type":"ListItem","position":2,"name":"Une journ\u00e9e r\u00e9cr\u00e9-active: la classe de L. Niederhauser en immersion au rucher et aupr\u00e8s des petits animaux"}]},{"@type":"WebSite","@id":"https:\/\/ecolefermedesbois.ch\/#website","url":"https:\/\/ecolefermedesbois.ch\/","name":"ecolefermedesbois","description":"","publisher":{"@id":"https:\/\/ecolefermedesbois.ch\/#organization"},"potentialAction":[{"@type":"SearchAction","target":{"@type":"EntryPoint","urlTemplate":"https:\/\/ecolefermedesbois.ch\/?s={search_term_string}"},"query-input":{"@type":"PropertyValueSpecification","valueRequired":true,"valueName":"search_term_string"}}],"inLanguage":"fr-FR"},{"@type":"Organization","@id":"https:\/\/ecolefermedesbois.ch\/#organization","name":"Ecole \u00e0 la Ferme des Bois","url":"https:\/\/ecolefermedesbois.ch\/","logo":{"@type":"ImageObject","inLanguage":"fr-FR","@id":"https:\/\/ecolefermedesbois.ch\/#\/schema\/logo\/image\/","url":"https:\/\/ecolefermedesbois.ch\/wp-content\/uploads\/2019\/04\/logo-scaled.gif","contentUrl":"https:\/\/ecolefermedesbois.ch\/wp-content\/uploads\/2019\/04\/logo-scaled.gif","width":2560,"height":608,"caption":"Ecole \u00e0 la Ferme des Bois"},"image":{"@id":"https:\/\/ecolefermedesbois.ch\/#\/schema\/logo\/image\/"},"sameAs":["https:\/\/www.facebook.com\/ecolefermedesBois"]},{"@type":"Person","@id":"https:\/\/ecolefermedesbois.ch\/#\/schema\/person\/78f5a1c78e958e51240f90932d290908","name":"Sophie","image":{"@type":"ImageObject","inLanguage":"fr-FR","@id":"https:\/\/secure.gravatar.com\/avatar\/053fbaec50cb27b03b880a4b8b018009aa3af995f32011efc3f40a589371d46f?s=96&d=mm&r=g","url":"https:\/\/secure.gravatar.com\/avatar\/053fbaec50cb27b03b880a4b8b018009aa3af995f32011efc3f40a589371d46f?s=96&d=mm&r=g","contentUrl":"https:\/\/secure.gravatar.com\/avatar\/053fbaec50cb27b03b880a4b8b018009aa3af995f32011efc3f40a589371d46f?s=96&d=mm&r=g","caption":"Sophie"},"url":"https:\/\/ecolefermedesbois.ch\/?author=2"}]}},"jetpack_publicize_connections":[],"jetpack_featured_media_url":"https:\/\/i0.wp.com\/ecolefermedesbois.ch\/wp-content\/uploads\/2024\/06\/wp-17183667538911979456592024601452.jpg?fit=999%2C570&ssl=1","jetpack_sharing_enabled":true,"_links":{"self":[{"href":"https:\/\/ecolefermedesbois.ch\/index.php?rest_route=\/wp\/v2\/posts\/13092","targetHints":{"allow":["GET"]}}],"collection":[{"href":"https:\/\/ecolefermedesbois.ch\/index.php?rest_route=\/wp\/v2\/posts"}],"about":[{"href":"https:\/\/ecolefermedesbois.ch\/index.php?rest_route=\/wp\/v2\/types\/post"}],"author":[{"embeddable":true,"href":"https:\/\/ecolefermedesbois.ch\/index.php?rest_route=\/wp\/v2\/users\/2"}],"replies":[{"embeddable":true,"href":"https:\/\/ecolefermedesbois.ch\/index.php?rest_route=%2Fwp%2Fv2%2Fcomments&post=13092"}],"version-history":[{"count":1,"href":"https:\/\/ecolefermedesbois.ch\/index.php?rest_route=\/wp\/v2\/posts\/13092\/revisions"}],"predecessor-version":[{"id":13095,"href":"https:\/\/ecolefermedesbois.ch\/index.php?rest_route=\/wp\/v2\/posts\/13092\/revisions\/13095"}],"wp:featuredmedia":[{"embeddable":true,"href":"https:\/\/ecolefermedesbois.ch\/index.php?rest_route=\/wp\/v2\/media\/13075"}],"wp:attachment":[{"href":"https:\/\/ecolefermedesbois.ch\/index.php?rest_route=%2Fwp%2Fv2%2Fmedia&parent=13092"}],"wp:term":[{"taxonomy":"category","embeddable":true,"href":"https:\/\/ecolefermedesbois.ch\/index.php?rest_route=%2Fwp%2Fv2%2Fcategories&post=13092"},{"taxonomy":"post_tag","embeddable":true,"href":"https:\/\/ecolefermedesbois.ch\/index.php?rest_route=%2Fwp%2Fv2%2Ftags&post=13092"}],"curies":[{"name":"wp","href":"https:\/\/api.w.org\/{rel}","templated":true}]}}