{"id":12957,"date":"2024-05-30T14:56:18","date_gmt":"2024-05-30T12:56:18","guid":{"rendered":"https:\/\/ecolefermedesbois.ch\/?p=12957"},"modified":"2024-05-30T14:56:21","modified_gmt":"2024-05-30T12:56:21","slug":"la-classe-de-a-conus-decouvre-lunivers-des-abeilles","status":"publish","type":"post","link":"https:\/\/ecolefermedesbois.ch\/?p=12957","title":{"rendered":"La classe de A. Conus d\u00e9couvre l&rsquo;univers des abeilles"},"content":{"rendered":"<div class=\"pdfprnt-buttons pdfprnt-buttons-post pdfprnt-top-right\"><a href=\"https:\/\/ecolefermedesbois.ch\/index.php?rest_route=%2Fwp%2Fv2%2Fposts%2F12957&print=pdf\" class=\"pdfprnt-button pdfprnt-button-pdf\" target=\"_blank\" ><img data-recalc-dims=\"1\" decoding=\"async\" src=\"https:\/\/i0.wp.com\/ecolefermedesbois.ch\/wp-content\/plugins\/pdf-print\/images\/pdf.png?w=720&#038;ssl=1\" alt=\"image_pdf\" title=\"Afficher le PDF\" \/><\/a><a href=\"https:\/\/ecolefermedesbois.ch\/index.php?rest_route=%2Fwp%2Fv2%2Fposts%2F12957&print=print\" class=\"pdfprnt-button pdfprnt-button-print\" target=\"_blank\" ><img data-recalc-dims=\"1\" decoding=\"async\" src=\"https:\/\/i0.wp.com\/ecolefermedesbois.ch\/wp-content\/plugins\/pdf-print\/images\/print.png?w=720&#038;ssl=1\" alt=\"image_print\" title=\"Contenu imprim\u00e9\" \/><\/a><\/div>\n<p>Mardi, les \u00e9l\u00e8ves d&rsquo;Aude de Cully sont venus d\u00e9couvrir notre module de l&rsquo;abeille au miel.<\/p>\n\n\n\n<p>Nous commen\u00e7ons la matin\u00e9e par des questions sur les abeilles. De quelle famille appartiennent les abeilles, o\u00f9 elles vivent, comment s&rsquo;appelle le m\u00e2le ou la femelle, etc. Puis nous parlons de la colonie. Qui vit dans la ruche et quel est son r\u00f4le ou encore combien d&rsquo;abeilles vivent dans la colonie. <br>Quand il y a trop d&rsquo;abeilles que se passe-t-il ? Souvent, elles ouvri\u00e8res nourrissent une nouvelle reine puis certaines abeilles partent avec l&rsquo;ancienne reine. C&rsquo;est l&rsquo;essaimage, pourquoi des abeilles quittent leur ruche et o\u00f9 vont-elles. Une fois dans leur nouvelle ruche, comment les abeilles vont-elles se rep\u00e9rer et comment vont-elles communiquer? Nous parlons de la communication, elles utilisent les 4 points cardinaux de la boussole et l&#8217;emplacement du soleil, et qu&rsquo;elles l&rsquo;expliquent tout en dansant. Eh oui, les abeilles dansent pour communiquer. \u00c9galement pour informer o\u00f9 se trouve une source abondante de pollen.<\/p>\n\n\n\n<p>Pour la deuxi\u00e8me partie de la matin\u00e9e, nous faisons 2 groupes. <br>Un groupe est avec Emilie pour approfondir le sujet de la pollinisation avec un jeu et une petite vid\u00e9o. Comprendre ce qui se passe dans une fleur lorsque l&rsquo;abeille vient la butiner et l&rsquo;importance de l&rsquo;abeille. Ensuite, les \u00e9l\u00e8ves vont d\u00e9couvrir les diff\u00e9rents m\u00e9tiers que l&rsquo;abeille ouvri\u00e8re va faire tout au long de sa vie ainsi qu&rsquo;elle va produire une cuill\u00e8re \u00e0 caf\u00e9 de miel durant ses 40 jours de vie.<\/p>\n\n\n\n<p>Pendant ce temps, l&rsquo;autre groupe est avec moi dehors. Devant garage, je leur montre comment est constitu\u00e9 une ruche. Comment se nomment les parties de celle-ci et leurs utilit\u00e9s. Ils d\u00e9couvrent les cellules du couvain des ouvri\u00e8res, des faux-bourdons et de la reine. Nous d\u00e9couvrons \u00e9galement la dur\u00e9e que chacun va mettre pour passer d&rsquo;un \u0153uf \u00e0 une abeille. Puis nous s\u00e9parons \u00e9galement ce groupe en 2. Car je peux prendre que 5 enfants maximum avec moi vers les ruches. Les \u00e9l\u00e8ves qui restent au garage vont reconstruire la ruche vide. Un joli puzzle taille r\u00e9elle.<br>Au rucher, je vais pouvoir montrer un cadre \u00e0 miel presque plein. Je vais \u00e9galement leur montrer comment les abeilles travaillent gr\u00e2ce \u00e0 ma ruche vitr\u00e9e. Nous observons le miel stocker dans les alv\u00e9oles pour leur repas, les faux-bourdons qui mangent et certaines abeilles qui dansent. <br>Puis j&rsquo;\u00e9change mes groupes afin qu&rsquo;ils puissent tous venir au rucher.<br>Et pour finir, nous \u00e9changeons les groupes de dedans avec ceux qui \u00e9taient dehors.<br>Pour clore cette matin\u00e9e, nous parlons des diff\u00e9rents miel et le faisons par un jeu. Les \u00e9l\u00e8ves doivent d\u00e9poser leur pot de miel devant l&rsquo;image de fleur qui correspond, Fleurs sauvages, tilleul, lavande ou encore du pin. Puis nous parlons de l&rsquo;extraction du miel et de sa maturation. <br>Nous finissons par la d\u00e9gustation du miel d&rsquo;Ecoteaux !<\/p>\n\n\n\n<p>Merci les \u00e9l\u00e8ves pour vos questions et votre plaisir \u00e0 d\u00e9couvrir ce monde si fascinant. Un grand BRAVO \u00e0 ceux qui ont surmont\u00e9 leur peur en s&rsquo;approchant des ruches.<\/p>\n\n\n\n<p>Merci Aude et Sajiththa pour votre fid\u00e9lit\u00e9 tout au long de l&rsquo;ann\u00e9e! J&rsquo;ai eu beaucoup de plaisir \u00e0 partager ces moments \u00e0 chaque saison avec vous.<\/p>\n\n\n\n<p>A bient\u00f4t <\/p>\n\n\n\n<p>Sophie et Emilie<\/p>\n\n\n\n<div class=\"wp-block-jetpack-tiled-gallery aligncenter is-style-rectangular\"><div class=\"tiled-gallery__gallery\"><div class=\"tiled-gallery__row\"><div class=\"tiled-gallery__col\" style=\"flex-basis:57.13294%\"><figure class=\"tiled-gallery__item\"><img decoding=\"async\" alt=\"\" data-height=\"1000\" data-id=\"12946\" data-link=\"https:\/\/ecolefermedesbois.ch\/?attachment_id=12946\" data-url=\"https:\/\/ecolefermedesbois.ch\/wp-content\/uploads\/2024\/05\/wp-17170706303683496126638027903457-338x600.jpg\" data-width=\"563\" src=\"https:\/\/i0.wp.com\/ecolefermedesbois.ch\/wp-content\/uploads\/2024\/05\/wp-17170706303683496126638027903457-338x600.jpg?ssl=1\" data-amp-layout=\"responsive\"\/><\/figure><\/div><div class=\"tiled-gallery__col\" style=\"flex-basis:42.86706%\"><figure class=\"tiled-gallery__item\"><img decoding=\"async\" alt=\"\" data-height=\"849\" data-id=\"12954\" data-link=\"https:\/\/ecolefermedesbois.ch\/?attachment_id=12954\" data-url=\"https:\/\/ecolefermedesbois.ch\/wp-content\/uploads\/2024\/05\/wp-17170706312112926803472609746268-600x509.jpg\" data-width=\"1000\" src=\"https:\/\/i1.wp.com\/ecolefermedesbois.ch\/wp-content\/uploads\/2024\/05\/wp-17170706312112926803472609746268-600x509.jpg?ssl=1\" data-amp-layout=\"responsive\"\/><\/figure><figure class=\"tiled-gallery__item\"><img decoding=\"async\" alt=\"\" data-height=\"750\" data-id=\"12953\" data-link=\"https:\/\/ecolefermedesbois.ch\/?attachment_id=12953\" data-url=\"https:\/\/ecolefermedesbois.ch\/wp-content\/uploads\/2024\/05\/wp-17170706310568236875629369158762-600x450.jpg\" data-width=\"1000\" src=\"https:\/\/i0.wp.com\/ecolefermedesbois.ch\/wp-content\/uploads\/2024\/05\/wp-17170706310568236875629369158762-600x450.jpg?ssl=1\" data-amp-layout=\"responsive\"\/><\/figure><figure class=\"tiled-gallery__item\"><img decoding=\"async\" alt=\"\" data-height=\"750\" data-id=\"12951\" data-link=\"https:\/\/ecolefermedesbois.ch\/?attachment_id=12951\" data-url=\"https:\/\/ecolefermedesbois.ch\/wp-content\/uploads\/2024\/05\/wp-17170706307334456503514432265744-600x450.jpg\" data-width=\"1000\" src=\"https:\/\/i1.wp.com\/ecolefermedesbois.ch\/wp-content\/uploads\/2024\/05\/wp-17170706307334456503514432265744-600x450.jpg?ssl=1\" data-amp-layout=\"responsive\"\/><\/figure><\/div><\/div><div class=\"tiled-gallery__row\"><div class=\"tiled-gallery__col\" style=\"flex-basis:21.77587%\"><figure class=\"tiled-gallery__item\"><img decoding=\"async\" alt=\"\" data-height=\"1000\" data-id=\"12952\" data-link=\"https:\/\/ecolefermedesbois.ch\/?attachment_id=12952\" data-url=\"https:\/\/ecolefermedesbois.ch\/wp-content\/uploads\/2024\/05\/wp-17170706308893050568325283271253-450x600.jpg\" data-width=\"750\" src=\"https:\/\/i2.wp.com\/ecolefermedesbois.ch\/wp-content\/uploads\/2024\/05\/wp-17170706308893050568325283271253-450x600.jpg?ssl=1\" data-amp-layout=\"responsive\"\/><\/figure><\/div><div class=\"tiled-gallery__col\" style=\"flex-basis:38.63093%\"><figure class=\"tiled-gallery__item\"><img decoding=\"async\" alt=\"\" data-height=\"750\" data-id=\"12949\" data-link=\"https:\/\/ecolefermedesbois.ch\/?attachment_id=12949\" data-url=\"https:\/\/ecolefermedesbois.ch\/wp-content\/uploads\/2024\/05\/wp-17170706305704592145656305244125-600x450.jpg\" data-width=\"1000\" src=\"https:\/\/i0.wp.com\/ecolefermedesbois.ch\/wp-content\/uploads\/2024\/05\/wp-17170706305704592145656305244125-600x450.jpg?ssl=1\" data-amp-layout=\"responsive\"\/><\/figure><\/div><div class=\"tiled-gallery__col\" style=\"flex-basis:23.22059%\"><figure class=\"tiled-gallery__item\"><img decoding=\"async\" alt=\"\" data-height=\"1000\" data-id=\"12950\" data-link=\"https:\/\/ecolefermedesbois.ch\/?attachment_id=12950\" data-url=\"https:\/\/ecolefermedesbois.ch\/wp-content\/uploads\/2024\/05\/wp-17170706305216000853911389506443-480x600.jpg\" data-width=\"800\" src=\"https:\/\/i2.wp.com\/ecolefermedesbois.ch\/wp-content\/uploads\/2024\/05\/wp-17170706305216000853911389506443-480x600.jpg?ssl=1\" data-amp-layout=\"responsive\"\/><\/figure><\/div><div class=\"tiled-gallery__col\" style=\"flex-basis:16.37262%\"><figure class=\"tiled-gallery__item\"><img decoding=\"async\" alt=\"\" data-height=\"1000\" data-id=\"12948\" data-link=\"https:\/\/ecolefermedesbois.ch\/?attachment_id=12948\" data-url=\"https:\/\/ecolefermedesbois.ch\/wp-content\/uploads\/2024\/05\/wp-17170706304496020769278278786615-338x600.jpg\" data-width=\"563\" src=\"https:\/\/i1.wp.com\/ecolefermedesbois.ch\/wp-content\/uploads\/2024\/05\/wp-17170706304496020769278278786615-338x600.jpg?ssl=1\" data-amp-layout=\"responsive\"\/><\/figure><\/div><\/div><div class=\"tiled-gallery__row\"><div class=\"tiled-gallery__col\" style=\"flex-basis:30.82113%\"><figure class=\"tiled-gallery__item\"><img decoding=\"async\" alt=\"\" data-height=\"1000\" data-id=\"12947\" data-link=\"https:\/\/ecolefermedesbois.ch\/?attachment_id=12947\" data-url=\"https:\/\/ecolefermedesbois.ch\/wp-content\/uploads\/2024\/05\/wp-17170706304848108389169404844851-338x600.jpg\" data-width=\"563\" src=\"https:\/\/i2.wp.com\/ecolefermedesbois.ch\/wp-content\/uploads\/2024\/05\/wp-17170706304848108389169404844851-338x600.jpg?ssl=1\" data-amp-layout=\"responsive\"\/><\/figure><\/div><div class=\"tiled-gallery__col\" style=\"flex-basis:30.82113%\"><figure class=\"tiled-gallery__item\"><img decoding=\"async\" alt=\"\" data-height=\"1000\" data-id=\"12939\" data-link=\"https:\/\/ecolefermedesbois.ch\/?attachment_id=12939\" data-url=\"https:\/\/ecolefermedesbois.ch\/wp-content\/uploads\/2024\/05\/wp-17170706301732009905472407183048-338x600.jpg\" data-width=\"563\" src=\"https:\/\/i2.wp.com\/ecolefermedesbois.ch\/wp-content\/uploads\/2024\/05\/wp-17170706301732009905472407183048-338x600.jpg?ssl=1\" data-amp-layout=\"responsive\"\/><\/figure><\/div><div class=\"tiled-gallery__col\" style=\"flex-basis:38.35775%\"><figure class=\"tiled-gallery__item\"><img decoding=\"async\" alt=\"\" data-height=\"1000\" data-id=\"12941\" data-link=\"https:\/\/ecolefermedesbois.ch\/?attachment_id=12941\" data-url=\"https:\/\/ecolefermedesbois.ch\/wp-content\/uploads\/2024\/05\/wp-17170706302618602758148726101383-421x600.jpg\" data-width=\"701\" src=\"https:\/\/i2.wp.com\/ecolefermedesbois.ch\/wp-content\/uploads\/2024\/05\/wp-17170706302618602758148726101383-421x600.jpg?ssl=1\" data-amp-layout=\"responsive\"\/><\/figure><\/div><\/div><div class=\"tiled-gallery__row\"><div class=\"tiled-gallery__col\" style=\"flex-basis:25.00000%\"><figure class=\"tiled-gallery__item\"><img decoding=\"async\" alt=\"\" data-height=\"1000\" data-id=\"12943\" data-link=\"https:\/\/ecolefermedesbois.ch\/?attachment_id=12943\" data-url=\"https:\/\/ecolefermedesbois.ch\/wp-content\/uploads\/2024\/05\/wp-17170706303351198440897954002433-338x600.jpg\" data-width=\"563\" src=\"https:\/\/i2.wp.com\/ecolefermedesbois.ch\/wp-content\/uploads\/2024\/05\/wp-17170706303351198440897954002433-338x600.jpg?ssl=1\" data-amp-layout=\"responsive\"\/><\/figure><\/div><div class=\"tiled-gallery__col\" style=\"flex-basis:25.00000%\"><figure class=\"tiled-gallery__item\"><img decoding=\"async\" alt=\"\" data-height=\"1000\" data-id=\"12944\" data-link=\"https:\/\/ecolefermedesbois.ch\/?attachment_id=12944\" data-url=\"https:\/\/ecolefermedesbois.ch\/wp-content\/uploads\/2024\/05\/wp-17170706303006747348362840993269-338x600.jpg\" data-width=\"563\" src=\"https:\/\/i2.wp.com\/ecolefermedesbois.ch\/wp-content\/uploads\/2024\/05\/wp-17170706303006747348362840993269-338x600.jpg?ssl=1\" data-amp-layout=\"responsive\"\/><\/figure><\/div><div class=\"tiled-gallery__col\" style=\"flex-basis:25.00000%\"><figure class=\"tiled-gallery__item\"><img decoding=\"async\" alt=\"\" data-height=\"1000\" data-id=\"12945\" data-link=\"https:\/\/ecolefermedesbois.ch\/?attachment_id=12945\" data-url=\"https:\/\/ecolefermedesbois.ch\/wp-content\/uploads\/2024\/05\/wp-17170706304136976874450050916218-338x600.jpg\" data-width=\"563\" src=\"https:\/\/i1.wp.com\/ecolefermedesbois.ch\/wp-content\/uploads\/2024\/05\/wp-17170706304136976874450050916218-338x600.jpg?ssl=1\" data-amp-layout=\"responsive\"\/><\/figure><\/div><div class=\"tiled-gallery__col\" style=\"flex-basis:25.00000%\"><figure class=\"tiled-gallery__item\"><img decoding=\"async\" alt=\"\" data-height=\"1000\" data-id=\"12942\" data-link=\"https:\/\/ecolefermedesbois.ch\/?attachment_id=12942\" data-url=\"https:\/\/ecolefermedesbois.ch\/wp-content\/uploads\/2024\/05\/wp-1717070630213248508391589381344-338x600.jpg\" data-width=\"563\" src=\"https:\/\/i2.wp.com\/ecolefermedesbois.ch\/wp-content\/uploads\/2024\/05\/wp-1717070630213248508391589381344-338x600.jpg?ssl=1\" data-amp-layout=\"responsive\"\/><\/figure><\/div><\/div><div class=\"tiled-gallery__row\"><div class=\"tiled-gallery__col\" style=\"flex-basis:75.87279%\"><figure class=\"tiled-gallery__item\"><img decoding=\"async\" alt=\"\" data-height=\"562\" data-id=\"12938\" data-link=\"https:\/\/ecolefermedesbois.ch\/?attachment_id=12938\" data-url=\"https:\/\/ecolefermedesbois.ch\/wp-content\/uploads\/2024\/05\/wp-17170706300651841437809759767510-600x338.jpg\" data-width=\"999\" src=\"https:\/\/i2.wp.com\/ecolefermedesbois.ch\/wp-content\/uploads\/2024\/05\/wp-17170706300651841437809759767510-600x338.jpg?ssl=1\" data-amp-layout=\"responsive\"\/><\/figure><\/div><div class=\"tiled-gallery__col\" style=\"flex-basis:24.12721%\"><figure class=\"tiled-gallery__item\"><img decoding=\"async\" alt=\"\" data-height=\"1000\" data-id=\"12940\" data-link=\"https:\/\/ecolefermedesbois.ch\/?attachment_id=12940\" data-url=\"https:\/\/ecolefermedesbois.ch\/wp-content\/uploads\/2024\/05\/wp-17170706301133039541296166583038-338x600.jpg\" data-width=\"563\" src=\"https:\/\/i0.wp.com\/ecolefermedesbois.ch\/wp-content\/uploads\/2024\/05\/wp-17170706301133039541296166583038-338x600.jpg?ssl=1\" data-amp-layout=\"responsive\"\/><\/figure><\/div><\/div><\/div><\/div>\n","protected":false},"excerpt":{"rendered":"<p>Mardi, les \u00e9l\u00e8ves d&rsquo;Aude de Cully sont venus d\u00e9couvrir notre module de l&rsquo;abeille au miel. Nous commen\u00e7ons la matin\u00e9e par&#46;&#46;&#46;<\/p>\n","protected":false},"author":2,"featured_media":12949,"comment_status":"open","ping_status":"open","sticky":false,"template":"","format":"image","meta":{"jetpack_post_was_ever_published":false,"footnotes":"","jetpack_publicize_message":"","jetpack_publicize_feature_enabled":true,"jetpack_social_post_already_shared":true,"jetpack_social_options":{"image_generator_settings":{"template":"highway","default_image_id":0,"font":"","enabled":false},"version":2}},"categories":[33],"tags":[],"class_list":["post-12957","post","type-post","status-publish","format-image","has-post-thumbnail","hentry","category-ecole","post_format-post-format-image"],"yoast_head":"<!-- This site is optimized with the Yoast SEO plugin v27.5 - https:\/\/yoast.com\/product\/yoast-seo-wordpress\/ -->\n<title>La classe de A. Conus d\u00e9couvre l&#039;univers des abeilles -<\/title>\n<meta name=\"robots\" content=\"index, follow, max-snippet:-1, max-image-preview:large, max-video-preview:-1\" \/>\n<link rel=\"canonical\" href=\"https:\/\/ecolefermedesbois.ch\/?p=12957\" \/>\n<meta property=\"og:locale\" content=\"fr_FR\" \/>\n<meta property=\"og:type\" content=\"article\" \/>\n<meta property=\"og:title\" content=\"La classe de A. Conus d\u00e9couvre l&#039;univers des abeilles -\" \/>\n<meta property=\"og:description\" content=\"Mardi, les \u00e9l\u00e8ves d&rsquo;Aude de Cully sont venus d\u00e9couvrir notre module de l&rsquo;abeille au miel. Nous commen\u00e7ons la matin\u00e9e par&#046;&#046;&#046;\" \/>\n<meta property=\"og:url\" content=\"https:\/\/ecolefermedesbois.ch\/?p=12957\" \/>\n<meta property=\"article:publisher\" content=\"https:\/\/www.facebook.com\/ecolefermedesBois\" \/>\n<meta property=\"article:published_time\" content=\"2024-05-30T12:56:18+00:00\" \/>\n<meta property=\"article:modified_time\" content=\"2024-05-30T12:56:21+00:00\" \/>\n<meta property=\"og:image\" content=\"https:\/\/ecolefermedesbois.ch\/wp-content\/uploads\/2024\/05\/wp-17170706305704592145656305244125.jpg\" \/>\n\t<meta property=\"og:image:width\" content=\"1000\" \/>\n\t<meta property=\"og:image:height\" content=\"750\" \/>\n\t<meta property=\"og:image:type\" content=\"image\/jpeg\" \/>\n<meta name=\"author\" content=\"Sophie\" \/>\n<meta name=\"twitter:card\" content=\"summary_large_image\" \/>\n<meta name=\"twitter:label1\" content=\"\u00c9crit par\" \/>\n\t<meta name=\"twitter:data1\" content=\"Sophie\" \/>\n\t<meta name=\"twitter:label2\" content=\"Dur\u00e9e de lecture estim\u00e9e\" \/>\n\t<meta name=\"twitter:data2\" content=\"7 minutes\" \/>\n<script type=\"application\/ld+json\" class=\"yoast-schema-graph\">{\"@context\":\"https:\\\/\\\/schema.org\",\"@graph\":[{\"@type\":\"Article\",\"@id\":\"https:\\\/\\\/ecolefermedesbois.ch\\\/?p=12957#article\",\"isPartOf\":{\"@id\":\"https:\\\/\\\/ecolefermedesbois.ch\\\/?p=12957\"},\"author\":{\"name\":\"Sophie\",\"@id\":\"https:\\\/\\\/ecolefermedesbois.ch\\\/#\\\/schema\\\/person\\\/78f5a1c78e958e51240f90932d290908\"},\"headline\":\"La classe de A. Conus d\u00e9couvre l&rsquo;univers des abeilles\",\"datePublished\":\"2024-05-30T12:56:18+00:00\",\"dateModified\":\"2024-05-30T12:56:21+00:00\",\"mainEntityOfPage\":{\"@id\":\"https:\\\/\\\/ecolefermedesbois.ch\\\/?p=12957\"},\"wordCount\":559,\"commentCount\":0,\"publisher\":{\"@id\":\"https:\\\/\\\/ecolefermedesbois.ch\\\/#organization\"},\"image\":{\"@id\":\"https:\\\/\\\/ecolefermedesbois.ch\\\/?p=12957#primaryimage\"},\"thumbnailUrl\":\"https:\\\/\\\/i0.wp.com\\\/ecolefermedesbois.ch\\\/wp-content\\\/uploads\\\/2024\\\/05\\\/wp-17170706305704592145656305244125.jpg?fit=1000%2C750&ssl=1\",\"articleSection\":[\"Ecole\"],\"inLanguage\":\"fr-FR\",\"potentialAction\":[{\"@type\":\"CommentAction\",\"name\":\"Comment\",\"target\":[\"https:\\\/\\\/ecolefermedesbois.ch\\\/?p=12957#respond\"]}]},{\"@type\":\"WebPage\",\"@id\":\"https:\\\/\\\/ecolefermedesbois.ch\\\/?p=12957\",\"url\":\"https:\\\/\\\/ecolefermedesbois.ch\\\/?p=12957\",\"name\":\"La classe de A. Conus d\u00e9couvre l'univers des abeilles -\",\"isPartOf\":{\"@id\":\"https:\\\/\\\/ecolefermedesbois.ch\\\/#website\"},\"primaryImageOfPage\":{\"@id\":\"https:\\\/\\\/ecolefermedesbois.ch\\\/?p=12957#primaryimage\"},\"image\":{\"@id\":\"https:\\\/\\\/ecolefermedesbois.ch\\\/?p=12957#primaryimage\"},\"thumbnailUrl\":\"https:\\\/\\\/i0.wp.com\\\/ecolefermedesbois.ch\\\/wp-content\\\/uploads\\\/2024\\\/05\\\/wp-17170706305704592145656305244125.jpg?fit=1000%2C750&ssl=1\",\"datePublished\":\"2024-05-30T12:56:18+00:00\",\"dateModified\":\"2024-05-30T12:56:21+00:00\",\"breadcrumb\":{\"@id\":\"https:\\\/\\\/ecolefermedesbois.ch\\\/?p=12957#breadcrumb\"},\"inLanguage\":\"fr-FR\",\"potentialAction\":[{\"@type\":\"ReadAction\",\"target\":[\"https:\\\/\\\/ecolefermedesbois.ch\\\/?p=12957\"]}]},{\"@type\":\"ImageObject\",\"inLanguage\":\"fr-FR\",\"@id\":\"https:\\\/\\\/ecolefermedesbois.ch\\\/?p=12957#primaryimage\",\"url\":\"https:\\\/\\\/i0.wp.com\\\/ecolefermedesbois.ch\\\/wp-content\\\/uploads\\\/2024\\\/05\\\/wp-17170706305704592145656305244125.jpg?fit=1000%2C750&ssl=1\",\"contentUrl\":\"https:\\\/\\\/i0.wp.com\\\/ecolefermedesbois.ch\\\/wp-content\\\/uploads\\\/2024\\\/05\\\/wp-17170706305704592145656305244125.jpg?fit=1000%2C750&ssl=1\",\"width\":1000,\"height\":750},{\"@type\":\"BreadcrumbList\",\"@id\":\"https:\\\/\\\/ecolefermedesbois.ch\\\/?p=12957#breadcrumb\",\"itemListElement\":[{\"@type\":\"ListItem\",\"position\":1,\"name\":\"Accueil\",\"item\":\"https:\\\/\\\/ecolefermedesbois.ch\\\/\"},{\"@type\":\"ListItem\",\"position\":2,\"name\":\"La classe de A. Conus d\u00e9couvre l&rsquo;univers des abeilles\"}]},{\"@type\":\"WebSite\",\"@id\":\"https:\\\/\\\/ecolefermedesbois.ch\\\/#website\",\"url\":\"https:\\\/\\\/ecolefermedesbois.ch\\\/\",\"name\":\"ecolefermedesbois\",\"description\":\"\",\"publisher\":{\"@id\":\"https:\\\/\\\/ecolefermedesbois.ch\\\/#organization\"},\"potentialAction\":[{\"@type\":\"SearchAction\",\"target\":{\"@type\":\"EntryPoint\",\"urlTemplate\":\"https:\\\/\\\/ecolefermedesbois.ch\\\/?s={search_term_string}\"},\"query-input\":{\"@type\":\"PropertyValueSpecification\",\"valueRequired\":true,\"valueName\":\"search_term_string\"}}],\"inLanguage\":\"fr-FR\"},{\"@type\":\"Organization\",\"@id\":\"https:\\\/\\\/ecolefermedesbois.ch\\\/#organization\",\"name\":\"Ecole \u00e0 la Ferme des Bois\",\"url\":\"https:\\\/\\\/ecolefermedesbois.ch\\\/\",\"logo\":{\"@type\":\"ImageObject\",\"inLanguage\":\"fr-FR\",\"@id\":\"https:\\\/\\\/ecolefermedesbois.ch\\\/#\\\/schema\\\/logo\\\/image\\\/\",\"url\":\"https:\\\/\\\/ecolefermedesbois.ch\\\/wp-content\\\/uploads\\\/2019\\\/04\\\/logo-scaled.gif\",\"contentUrl\":\"https:\\\/\\\/ecolefermedesbois.ch\\\/wp-content\\\/uploads\\\/2019\\\/04\\\/logo-scaled.gif\",\"width\":2560,\"height\":608,\"caption\":\"Ecole \u00e0 la Ferme des Bois\"},\"image\":{\"@id\":\"https:\\\/\\\/ecolefermedesbois.ch\\\/#\\\/schema\\\/logo\\\/image\\\/\"},\"sameAs\":[\"https:\\\/\\\/www.facebook.com\\\/ecolefermedesBois\"]},{\"@type\":\"Person\",\"@id\":\"https:\\\/\\\/ecolefermedesbois.ch\\\/#\\\/schema\\\/person\\\/78f5a1c78e958e51240f90932d290908\",\"name\":\"Sophie\",\"image\":{\"@type\":\"ImageObject\",\"inLanguage\":\"fr-FR\",\"@id\":\"https:\\\/\\\/secure.gravatar.com\\\/avatar\\\/053fbaec50cb27b03b880a4b8b018009aa3af995f32011efc3f40a589371d46f?s=96&d=mm&r=g\",\"url\":\"https:\\\/\\\/secure.gravatar.com\\\/avatar\\\/053fbaec50cb27b03b880a4b8b018009aa3af995f32011efc3f40a589371d46f?s=96&d=mm&r=g\",\"contentUrl\":\"https:\\\/\\\/secure.gravatar.com\\\/avatar\\\/053fbaec50cb27b03b880a4b8b018009aa3af995f32011efc3f40a589371d46f?s=96&d=mm&r=g\",\"caption\":\"Sophie\"},\"url\":\"https:\\\/\\\/ecolefermedesbois.ch\\\/?author=2\"}]}<\/script>\n<!-- \/ Yoast SEO plugin. -->","yoast_head_json":{"title":"La classe de A. Conus d\u00e9couvre l'univers des abeilles -","robots":{"index":"index","follow":"follow","max-snippet":"max-snippet:-1","max-image-preview":"max-image-preview:large","max-video-preview":"max-video-preview:-1"},"canonical":"https:\/\/ecolefermedesbois.ch\/?p=12957","og_locale":"fr_FR","og_type":"article","og_title":"La classe de A. Conus d\u00e9couvre l'univers des abeilles -","og_description":"Mardi, les \u00e9l\u00e8ves d&rsquo;Aude de Cully sont venus d\u00e9couvrir notre module de l&rsquo;abeille au miel. Nous commen\u00e7ons la matin\u00e9e par&#46;&#46;&#46;","og_url":"https:\/\/ecolefermedesbois.ch\/?p=12957","article_publisher":"https:\/\/www.facebook.com\/ecolefermedesBois","article_published_time":"2024-05-30T12:56:18+00:00","article_modified_time":"2024-05-30T12:56:21+00:00","og_image":[{"width":1000,"height":750,"url":"https:\/\/ecolefermedesbois.ch\/wp-content\/uploads\/2024\/05\/wp-17170706305704592145656305244125.jpg","type":"image\/jpeg"}],"author":"Sophie","twitter_card":"summary_large_image","twitter_misc":{"\u00c9crit par":"Sophie","Dur\u00e9e de lecture estim\u00e9e":"7 minutes"},"schema":{"@context":"https:\/\/schema.org","@graph":[{"@type":"Article","@id":"https:\/\/ecolefermedesbois.ch\/?p=12957#article","isPartOf":{"@id":"https:\/\/ecolefermedesbois.ch\/?p=12957"},"author":{"name":"Sophie","@id":"https:\/\/ecolefermedesbois.ch\/#\/schema\/person\/78f5a1c78e958e51240f90932d290908"},"headline":"La classe de A. Conus d\u00e9couvre l&rsquo;univers des abeilles","datePublished":"2024-05-30T12:56:18+00:00","dateModified":"2024-05-30T12:56:21+00:00","mainEntityOfPage":{"@id":"https:\/\/ecolefermedesbois.ch\/?p=12957"},"wordCount":559,"commentCount":0,"publisher":{"@id":"https:\/\/ecolefermedesbois.ch\/#organization"},"image":{"@id":"https:\/\/ecolefermedesbois.ch\/?p=12957#primaryimage"},"thumbnailUrl":"https:\/\/i0.wp.com\/ecolefermedesbois.ch\/wp-content\/uploads\/2024\/05\/wp-17170706305704592145656305244125.jpg?fit=1000%2C750&ssl=1","articleSection":["Ecole"],"inLanguage":"fr-FR","potentialAction":[{"@type":"CommentAction","name":"Comment","target":["https:\/\/ecolefermedesbois.ch\/?p=12957#respond"]}]},{"@type":"WebPage","@id":"https:\/\/ecolefermedesbois.ch\/?p=12957","url":"https:\/\/ecolefermedesbois.ch\/?p=12957","name":"La classe de A. Conus d\u00e9couvre l'univers des abeilles -","isPartOf":{"@id":"https:\/\/ecolefermedesbois.ch\/#website"},"primaryImageOfPage":{"@id":"https:\/\/ecolefermedesbois.ch\/?p=12957#primaryimage"},"image":{"@id":"https:\/\/ecolefermedesbois.ch\/?p=12957#primaryimage"},"thumbnailUrl":"https:\/\/i0.wp.com\/ecolefermedesbois.ch\/wp-content\/uploads\/2024\/05\/wp-17170706305704592145656305244125.jpg?fit=1000%2C750&ssl=1","datePublished":"2024-05-30T12:56:18+00:00","dateModified":"2024-05-30T12:56:21+00:00","breadcrumb":{"@id":"https:\/\/ecolefermedesbois.ch\/?p=12957#breadcrumb"},"inLanguage":"fr-FR","potentialAction":[{"@type":"ReadAction","target":["https:\/\/ecolefermedesbois.ch\/?p=12957"]}]},{"@type":"ImageObject","inLanguage":"fr-FR","@id":"https:\/\/ecolefermedesbois.ch\/?p=12957#primaryimage","url":"https:\/\/i0.wp.com\/ecolefermedesbois.ch\/wp-content\/uploads\/2024\/05\/wp-17170706305704592145656305244125.jpg?fit=1000%2C750&ssl=1","contentUrl":"https:\/\/i0.wp.com\/ecolefermedesbois.ch\/wp-content\/uploads\/2024\/05\/wp-17170706305704592145656305244125.jpg?fit=1000%2C750&ssl=1","width":1000,"height":750},{"@type":"BreadcrumbList","@id":"https:\/\/ecolefermedesbois.ch\/?p=12957#breadcrumb","itemListElement":[{"@type":"ListItem","position":1,"name":"Accueil","item":"https:\/\/ecolefermedesbois.ch\/"},{"@type":"ListItem","position":2,"name":"La classe de A. Conus d\u00e9couvre l&rsquo;univers des abeilles"}]},{"@type":"WebSite","@id":"https:\/\/ecolefermedesbois.ch\/#website","url":"https:\/\/ecolefermedesbois.ch\/","name":"ecolefermedesbois","description":"","publisher":{"@id":"https:\/\/ecolefermedesbois.ch\/#organization"},"potentialAction":[{"@type":"SearchAction","target":{"@type":"EntryPoint","urlTemplate":"https:\/\/ecolefermedesbois.ch\/?s={search_term_string}"},"query-input":{"@type":"PropertyValueSpecification","valueRequired":true,"valueName":"search_term_string"}}],"inLanguage":"fr-FR"},{"@type":"Organization","@id":"https:\/\/ecolefermedesbois.ch\/#organization","name":"Ecole \u00e0 la Ferme des Bois","url":"https:\/\/ecolefermedesbois.ch\/","logo":{"@type":"ImageObject","inLanguage":"fr-FR","@id":"https:\/\/ecolefermedesbois.ch\/#\/schema\/logo\/image\/","url":"https:\/\/ecolefermedesbois.ch\/wp-content\/uploads\/2019\/04\/logo-scaled.gif","contentUrl":"https:\/\/ecolefermedesbois.ch\/wp-content\/uploads\/2019\/04\/logo-scaled.gif","width":2560,"height":608,"caption":"Ecole \u00e0 la Ferme des Bois"},"image":{"@id":"https:\/\/ecolefermedesbois.ch\/#\/schema\/logo\/image\/"},"sameAs":["https:\/\/www.facebook.com\/ecolefermedesBois"]},{"@type":"Person","@id":"https:\/\/ecolefermedesbois.ch\/#\/schema\/person\/78f5a1c78e958e51240f90932d290908","name":"Sophie","image":{"@type":"ImageObject","inLanguage":"fr-FR","@id":"https:\/\/secure.gravatar.com\/avatar\/053fbaec50cb27b03b880a4b8b018009aa3af995f32011efc3f40a589371d46f?s=96&d=mm&r=g","url":"https:\/\/secure.gravatar.com\/avatar\/053fbaec50cb27b03b880a4b8b018009aa3af995f32011efc3f40a589371d46f?s=96&d=mm&r=g","contentUrl":"https:\/\/secure.gravatar.com\/avatar\/053fbaec50cb27b03b880a4b8b018009aa3af995f32011efc3f40a589371d46f?s=96&d=mm&r=g","caption":"Sophie"},"url":"https:\/\/ecolefermedesbois.ch\/?author=2"}]}},"jetpack_publicize_connections":[],"jetpack_featured_media_url":"https:\/\/i0.wp.com\/ecolefermedesbois.ch\/wp-content\/uploads\/2024\/05\/wp-17170706305704592145656305244125.jpg?fit=1000%2C750&ssl=1","jetpack_sharing_enabled":true,"_links":{"self":[{"href":"https:\/\/ecolefermedesbois.ch\/index.php?rest_route=\/wp\/v2\/posts\/12957","targetHints":{"allow":["GET"]}}],"collection":[{"href":"https:\/\/ecolefermedesbois.ch\/index.php?rest_route=\/wp\/v2\/posts"}],"about":[{"href":"https:\/\/ecolefermedesbois.ch\/index.php?rest_route=\/wp\/v2\/types\/post"}],"author":[{"embeddable":true,"href":"https:\/\/ecolefermedesbois.ch\/index.php?rest_route=\/wp\/v2\/users\/2"}],"replies":[{"embeddable":true,"href":"https:\/\/ecolefermedesbois.ch\/index.php?rest_route=%2Fwp%2Fv2%2Fcomments&post=12957"}],"version-history":[{"count":1,"href":"https:\/\/ecolefermedesbois.ch\/index.php?rest_route=\/wp\/v2\/posts\/12957\/revisions"}],"predecessor-version":[{"id":12958,"href":"https:\/\/ecolefermedesbois.ch\/index.php?rest_route=\/wp\/v2\/posts\/12957\/revisions\/12958"}],"wp:featuredmedia":[{"embeddable":true,"href":"https:\/\/ecolefermedesbois.ch\/index.php?rest_route=\/wp\/v2\/media\/12949"}],"wp:attachment":[{"href":"https:\/\/ecolefermedesbois.ch\/index.php?rest_route=%2Fwp%2Fv2%2Fmedia&parent=12957"}],"wp:term":[{"taxonomy":"category","embeddable":true,"href":"https:\/\/ecolefermedesbois.ch\/index.php?rest_route=%2Fwp%2Fv2%2Fcategories&post=12957"},{"taxonomy":"post_tag","embeddable":true,"href":"https:\/\/ecolefermedesbois.ch\/index.php?rest_route=%2Fwp%2Fv2%2Ftags&post=12957"}],"curies":[{"name":"wp","href":"https:\/\/api.w.org\/{rel}","templated":true}]}}