{"id":12955,"date":"2024-05-30T14:50:45","date_gmt":"2024-05-30T12:50:45","guid":{"rendered":"https:\/\/ecolefermedesbois.ch\/?p=12955"},"modified":"2024-05-30T14:50:48","modified_gmt":"2024-05-30T12:50:48","slug":"la-classe-de-q-crelier-decouvre-letable","status":"publish","type":"post","link":"https:\/\/ecolefermedesbois.ch\/?p=12955","title":{"rendered":"La classe de Q. Crelier d\u00e9couvre l&rsquo;\u00e9table"},"content":{"rendered":"<div class=\"pdfprnt-buttons pdfprnt-buttons-post pdfprnt-top-right\"><a href=\"https:\/\/ecolefermedesbois.ch\/index.php?rest_route=%2Fwp%2Fv2%2Fposts%2F12955&print=pdf\" class=\"pdfprnt-button pdfprnt-button-pdf\" target=\"_blank\" ><img data-recalc-dims=\"1\" decoding=\"async\" src=\"https:\/\/i0.wp.com\/ecolefermedesbois.ch\/wp-content\/plugins\/pdf-print\/images\/pdf.png?w=720&#038;ssl=1\" alt=\"image_pdf\" title=\"Afficher le PDF\" \/><\/a><a href=\"https:\/\/ecolefermedesbois.ch\/index.php?rest_route=%2Fwp%2Fv2%2Fposts%2F12955&print=print\" class=\"pdfprnt-button pdfprnt-button-print\" target=\"_blank\" ><img data-recalc-dims=\"1\" decoding=\"async\" src=\"https:\/\/i0.wp.com\/ecolefermedesbois.ch\/wp-content\/plugins\/pdf-print\/images\/print.png?w=720&#038;ssl=1\" alt=\"image_print\" title=\"Contenu imprim\u00e9\" \/><\/a><\/div>\n<p>Ce lundi, les \u00e9l\u00e8ves de Quentin de la Cassagne sont venus d\u00e9couvrir l&rsquo;\u00e9table et ses habitants.<br>Nous commen\u00e7ons par caresser Tamise, notre vache. C&rsquo;est tellement magnifique de voir le bonheur et l\u2019\u00e9merveillement sur le visage des \u00e9l\u00e8ves!<br>Puis nous visitons l&rsquo;\u00e9table. J&rsquo;explique aux enfants les diff\u00e9rentes parties de celle-ci afin qu&rsquo;ils comprennent leurs utilit\u00e9s. Les logettes (lit), la cr\u00e8che ou encore les cellules de stockage du fourrage.<br>Je leur parle \u00e9galement du fonctionnement des estomacs de la vache ainsi que du danger des d\u00e9chets en bord de route.<br>Pour clore cette partie, je demande aux \u00e9l\u00e8ves ce que produit une vache : un veau, du lait et de la viande.<br>Que pouvons nous fabriquer avec le lait ? Du fromage, les yogourts, de la cr\u00e8me et du beurre, etc. <br>Du coup, avec de la cr\u00e8me, les \u00e9l\u00e8ves ont pu confectionner du beurre.<br>J&rsquo;ai mis un peu de cr\u00e8me dans un pot \u00e0 confiture pour que les \u00e9l\u00e8ves ainsi que les \u00e9ducateurs le secouent jusqu&rsquo;\u00e0 ce qu&rsquo;on obtienne du beurre. Bravo les enfants, vous avez \u00e9t\u00e9 super rapide! Maintenant, nous allons le d\u00e9guster avec joie et gourmandise, accompagn\u00e9 d&rsquo;un verre de lait !<\/p>\n\n\n\n<p>Une fois la r\u00e9cr\u00e9 termin\u00e9e, nous voil\u00e0 parti pour visite la salle de traite et d\u00e9couvrir comment celle-ci fonctionne. Vu que ce n&rsquo;est pas l&rsquo;heure de traire, je vais leur montrer sur leur main, comment aspire la machine \u00e0 traire tout en leur expliquant le d\u00e9roulement de la traite. <br>Une fois termin\u00e9e, nous nous dirigeons vers les petits veaux. Un beau moment de douceur et de c\u00e2lins.<\/p>\n\n\n\n<p>Une fois tous en charriote, nous voil\u00e0 en route pour la ferme des Bois pour aller d\u00eener.<\/p>\n\n\n\n<p>L&rsquo;apr\u00e8s-midi, les \u00e9l\u00e8ves ont pu c\u00e2liner les lapereaux (qui ont bien grandit depuis la derni\u00e8re fois), Marquise notre jeune chevrette et Poupette notre douce poule.<br>Avant de partir, les \u00e9l\u00e8ves ont d\u00e9couvert avec leurs doigts ce qui j&rsquo;ai plac\u00e9 dans la table du toucher. Ce sont des choses qui sont en relation avec nos animaux. Une cloche, un bouton d&rsquo;oreille, du foin, etc. Chacun avec son explication.<\/p>\n\n\n\n<p>Voil\u00e0, notre journ\u00e9e est d\u00e9j\u00e0 termin\u00e9e, j&rsquo;esp\u00e8re que la derni\u00e8re sera ensoleill\u00e9e car pour le moment nous n&rsquo;avons pas eu beaucoup de chance.<\/p>\n\n\n\n<p>Merci les enfants pour votre partage et votre joie d&rsquo;\u00eatre l\u00e0 !<\/p>\n\n\n\n<p>Merci Quentin et Ya\u00ebl de permettre aux enfants de vivre ces belles journ\u00e9e en notre compagnie.<\/p>\n\n\n\n<p>A bient\u00f4t <\/p>\n\n\n\n<p>Sophie<\/p>\n\n\n\n<div class=\"wp-block-jetpack-tiled-gallery aligncenter is-style-rectangular\"><div class=\"tiled-gallery__gallery\"><div class=\"tiled-gallery__row\"><div class=\"tiled-gallery__col\" style=\"flex-basis:46.67728%\"><figure class=\"tiled-gallery__item\"><img decoding=\"async\" alt=\"\" data-height=\"1000\" data-id=\"12937\" data-link=\"https:\/\/ecolefermedesbois.ch\/?attachment_id=12937\" data-url=\"https:\/\/ecolefermedesbois.ch\/wp-content\/uploads\/2024\/05\/wp-17170702684858474645061022489718-450x600.jpg\" data-width=\"750\" src=\"https:\/\/i2.wp.com\/ecolefermedesbois.ch\/wp-content\/uploads\/2024\/05\/wp-17170702684858474645061022489718-450x600.jpg?ssl=1\" data-amp-layout=\"responsive\"\/><\/figure><\/div><div class=\"tiled-gallery__col\" style=\"flex-basis:53.32272%\"><figure class=\"tiled-gallery__item\"><img decoding=\"async\" alt=\"\" data-height=\"1000\" data-id=\"12936\" data-link=\"https:\/\/ecolefermedesbois.ch\/?attachment_id=12936\" data-url=\"https:\/\/ecolefermedesbois.ch\/wp-content\/uploads\/2024\/05\/wp-17170702683877722021253449103695-514x600.jpg\" data-width=\"857\" src=\"https:\/\/i0.wp.com\/ecolefermedesbois.ch\/wp-content\/uploads\/2024\/05\/wp-17170702683877722021253449103695-514x600.jpg?ssl=1\" data-amp-layout=\"responsive\"\/><\/figure><\/div><\/div><div class=\"tiled-gallery__row\"><div class=\"tiled-gallery__col\" style=\"flex-basis:28.05239%\"><figure class=\"tiled-gallery__item\"><img decoding=\"async\" alt=\"\" data-height=\"750\" data-id=\"12934\" data-link=\"https:\/\/ecolefermedesbois.ch\/?attachment_id=12934\" data-url=\"https:\/\/ecolefermedesbois.ch\/wp-content\/uploads\/2024\/05\/wp-17170702685834257445853551580332-600x450.jpg\" data-width=\"1000\" src=\"https:\/\/i0.wp.com\/ecolefermedesbois.ch\/wp-content\/uploads\/2024\/05\/wp-17170702685834257445853551580332-600x450.jpg?ssl=1\" data-amp-layout=\"responsive\"\/><\/figure><\/div><div class=\"tiled-gallery__col\" style=\"flex-basis:28.05239%\"><figure class=\"tiled-gallery__item\"><img decoding=\"async\" alt=\"\" data-height=\"750\" data-id=\"12933\" data-link=\"https:\/\/ecolefermedesbois.ch\/?attachment_id=12933\" data-url=\"https:\/\/ecolefermedesbois.ch\/wp-content\/uploads\/2024\/05\/wp-17170702681153759313654556974169-600x450.jpg\" data-width=\"1000\" src=\"https:\/\/i1.wp.com\/ecolefermedesbois.ch\/wp-content\/uploads\/2024\/05\/wp-17170702681153759313654556974169-600x450.jpg?ssl=1\" data-amp-layout=\"responsive\"\/><\/figure><\/div><div class=\"tiled-gallery__col\" style=\"flex-basis:15.84283%\"><figure class=\"tiled-gallery__item\"><img decoding=\"async\" alt=\"\" data-height=\"1000\" data-id=\"12935\" data-link=\"https:\/\/ecolefermedesbois.ch\/?attachment_id=12935\" data-url=\"https:\/\/ecolefermedesbois.ch\/wp-content\/uploads\/2024\/05\/wp-1717070268271651333689052434921-450x600.jpg\" data-width=\"750\" src=\"https:\/\/i1.wp.com\/ecolefermedesbois.ch\/wp-content\/uploads\/2024\/05\/wp-1717070268271651333689052434921-450x600.jpg?ssl=1\" data-amp-layout=\"responsive\"\/><\/figure><\/div><div class=\"tiled-gallery__col\" style=\"flex-basis:28.05239%\"><figure class=\"tiled-gallery__item\"><img decoding=\"async\" alt=\"\" data-height=\"750\" data-id=\"12932\" data-link=\"https:\/\/ecolefermedesbois.ch\/?attachment_id=12932\" data-url=\"https:\/\/ecolefermedesbois.ch\/wp-content\/uploads\/2024\/05\/wp-17170702679643116967270634790557-600x450.jpg\" data-width=\"1000\" src=\"https:\/\/i0.wp.com\/ecolefermedesbois.ch\/wp-content\/uploads\/2024\/05\/wp-17170702679643116967270634790557-600x450.jpg?ssl=1\" data-amp-layout=\"responsive\"\/><\/figure><\/div><\/div><\/div><\/div>\n","protected":false},"excerpt":{"rendered":"<p>Ce lundi, les \u00e9l\u00e8ves de Quentin de la Cassagne sont venus d\u00e9couvrir l&rsquo;\u00e9table et ses habitants.Nous commen\u00e7ons par caresser Tamise,&#46;&#46;&#46;<\/p>\n","protected":false},"author":2,"featured_media":12933,"comment_status":"open","ping_status":"open","sticky":false,"template":"","format":"standard","meta":{"jetpack_post_was_ever_published":false,"footnotes":"","jetpack_publicize_message":"","jetpack_publicize_feature_enabled":true,"jetpack_social_post_already_shared":true,"jetpack_social_options":{"image_generator_settings":{"template":"highway","default_image_id":0,"font":"","enabled":false},"version":2}},"categories":[33],"tags":[],"class_list":["post-12955","post","type-post","status-publish","format-standard","has-post-thumbnail","hentry","category-ecole"],"yoast_head":"<!-- This site is optimized with the Yoast SEO plugin v27.5 - https:\/\/yoast.com\/product\/yoast-seo-wordpress\/ -->\n<title>La classe de Q. Crelier d\u00e9couvre l&#039;\u00e9table -<\/title>\n<meta name=\"robots\" content=\"index, follow, max-snippet:-1, max-image-preview:large, max-video-preview:-1\" \/>\n<link rel=\"canonical\" href=\"https:\/\/ecolefermedesbois.ch\/?p=12955\" \/>\n<meta property=\"og:locale\" content=\"fr_FR\" \/>\n<meta property=\"og:type\" content=\"article\" \/>\n<meta property=\"og:title\" content=\"La classe de Q. Crelier d\u00e9couvre l&#039;\u00e9table -\" \/>\n<meta property=\"og:description\" content=\"Ce lundi, les \u00e9l\u00e8ves de Quentin de la Cassagne sont venus d\u00e9couvrir l&rsquo;\u00e9table et ses habitants.Nous commen\u00e7ons par caresser Tamise,&#046;&#046;&#046;\" \/>\n<meta property=\"og:url\" content=\"https:\/\/ecolefermedesbois.ch\/?p=12955\" \/>\n<meta property=\"article:publisher\" content=\"https:\/\/www.facebook.com\/ecolefermedesBois\" \/>\n<meta property=\"article:published_time\" content=\"2024-05-30T12:50:45+00:00\" \/>\n<meta property=\"article:modified_time\" content=\"2024-05-30T12:50:48+00:00\" \/>\n<meta property=\"og:image\" content=\"https:\/\/ecolefermedesbois.ch\/wp-content\/uploads\/2024\/05\/wp-17170702681153759313654556974169.jpg\" \/>\n\t<meta property=\"og:image:width\" content=\"1000\" \/>\n\t<meta property=\"og:image:height\" content=\"750\" \/>\n\t<meta property=\"og:image:type\" content=\"image\/jpeg\" \/>\n<meta name=\"author\" content=\"Sophie\" \/>\n<meta name=\"twitter:card\" content=\"summary_large_image\" \/>\n<meta name=\"twitter:label1\" content=\"\u00c9crit par\" \/>\n\t<meta name=\"twitter:data1\" content=\"Sophie\" \/>\n\t<meta name=\"twitter:label2\" content=\"Dur\u00e9e de lecture estim\u00e9e\" \/>\n\t<meta name=\"twitter:data2\" content=\"4 minutes\" \/>\n<script type=\"application\/ld+json\" class=\"yoast-schema-graph\">{\"@context\":\"https:\\\/\\\/schema.org\",\"@graph\":[{\"@type\":\"Article\",\"@id\":\"https:\\\/\\\/ecolefermedesbois.ch\\\/?p=12955#article\",\"isPartOf\":{\"@id\":\"https:\\\/\\\/ecolefermedesbois.ch\\\/?p=12955\"},\"author\":{\"name\":\"Sophie\",\"@id\":\"https:\\\/\\\/ecolefermedesbois.ch\\\/#\\\/schema\\\/person\\\/78f5a1c78e958e51240f90932d290908\"},\"headline\":\"La classe de Q. Crelier d\u00e9couvre l&rsquo;\u00e9table\",\"datePublished\":\"2024-05-30T12:50:45+00:00\",\"dateModified\":\"2024-05-30T12:50:48+00:00\",\"mainEntityOfPage\":{\"@id\":\"https:\\\/\\\/ecolefermedesbois.ch\\\/?p=12955\"},\"wordCount\":441,\"commentCount\":0,\"publisher\":{\"@id\":\"https:\\\/\\\/ecolefermedesbois.ch\\\/#organization\"},\"image\":{\"@id\":\"https:\\\/\\\/ecolefermedesbois.ch\\\/?p=12955#primaryimage\"},\"thumbnailUrl\":\"https:\\\/\\\/i0.wp.com\\\/ecolefermedesbois.ch\\\/wp-content\\\/uploads\\\/2024\\\/05\\\/wp-17170702681153759313654556974169.jpg?fit=1000%2C750&ssl=1\",\"articleSection\":[\"Ecole\"],\"inLanguage\":\"fr-FR\",\"potentialAction\":[{\"@type\":\"CommentAction\",\"name\":\"Comment\",\"target\":[\"https:\\\/\\\/ecolefermedesbois.ch\\\/?p=12955#respond\"]}]},{\"@type\":\"WebPage\",\"@id\":\"https:\\\/\\\/ecolefermedesbois.ch\\\/?p=12955\",\"url\":\"https:\\\/\\\/ecolefermedesbois.ch\\\/?p=12955\",\"name\":\"La classe de Q. Crelier d\u00e9couvre l'\u00e9table -\",\"isPartOf\":{\"@id\":\"https:\\\/\\\/ecolefermedesbois.ch\\\/#website\"},\"primaryImageOfPage\":{\"@id\":\"https:\\\/\\\/ecolefermedesbois.ch\\\/?p=12955#primaryimage\"},\"image\":{\"@id\":\"https:\\\/\\\/ecolefermedesbois.ch\\\/?p=12955#primaryimage\"},\"thumbnailUrl\":\"https:\\\/\\\/i0.wp.com\\\/ecolefermedesbois.ch\\\/wp-content\\\/uploads\\\/2024\\\/05\\\/wp-17170702681153759313654556974169.jpg?fit=1000%2C750&ssl=1\",\"datePublished\":\"2024-05-30T12:50:45+00:00\",\"dateModified\":\"2024-05-30T12:50:48+00:00\",\"breadcrumb\":{\"@id\":\"https:\\\/\\\/ecolefermedesbois.ch\\\/?p=12955#breadcrumb\"},\"inLanguage\":\"fr-FR\",\"potentialAction\":[{\"@type\":\"ReadAction\",\"target\":[\"https:\\\/\\\/ecolefermedesbois.ch\\\/?p=12955\"]}]},{\"@type\":\"ImageObject\",\"inLanguage\":\"fr-FR\",\"@id\":\"https:\\\/\\\/ecolefermedesbois.ch\\\/?p=12955#primaryimage\",\"url\":\"https:\\\/\\\/i0.wp.com\\\/ecolefermedesbois.ch\\\/wp-content\\\/uploads\\\/2024\\\/05\\\/wp-17170702681153759313654556974169.jpg?fit=1000%2C750&ssl=1\",\"contentUrl\":\"https:\\\/\\\/i0.wp.com\\\/ecolefermedesbois.ch\\\/wp-content\\\/uploads\\\/2024\\\/05\\\/wp-17170702681153759313654556974169.jpg?fit=1000%2C750&ssl=1\",\"width\":1000,\"height\":750},{\"@type\":\"BreadcrumbList\",\"@id\":\"https:\\\/\\\/ecolefermedesbois.ch\\\/?p=12955#breadcrumb\",\"itemListElement\":[{\"@type\":\"ListItem\",\"position\":1,\"name\":\"Accueil\",\"item\":\"https:\\\/\\\/ecolefermedesbois.ch\\\/\"},{\"@type\":\"ListItem\",\"position\":2,\"name\":\"La classe de Q. Crelier d\u00e9couvre l&rsquo;\u00e9table\"}]},{\"@type\":\"WebSite\",\"@id\":\"https:\\\/\\\/ecolefermedesbois.ch\\\/#website\",\"url\":\"https:\\\/\\\/ecolefermedesbois.ch\\\/\",\"name\":\"ecolefermedesbois\",\"description\":\"\",\"publisher\":{\"@id\":\"https:\\\/\\\/ecolefermedesbois.ch\\\/#organization\"},\"potentialAction\":[{\"@type\":\"SearchAction\",\"target\":{\"@type\":\"EntryPoint\",\"urlTemplate\":\"https:\\\/\\\/ecolefermedesbois.ch\\\/?s={search_term_string}\"},\"query-input\":{\"@type\":\"PropertyValueSpecification\",\"valueRequired\":true,\"valueName\":\"search_term_string\"}}],\"inLanguage\":\"fr-FR\"},{\"@type\":\"Organization\",\"@id\":\"https:\\\/\\\/ecolefermedesbois.ch\\\/#organization\",\"name\":\"Ecole \u00e0 la Ferme des Bois\",\"url\":\"https:\\\/\\\/ecolefermedesbois.ch\\\/\",\"logo\":{\"@type\":\"ImageObject\",\"inLanguage\":\"fr-FR\",\"@id\":\"https:\\\/\\\/ecolefermedesbois.ch\\\/#\\\/schema\\\/logo\\\/image\\\/\",\"url\":\"https:\\\/\\\/ecolefermedesbois.ch\\\/wp-content\\\/uploads\\\/2019\\\/04\\\/logo-scaled.gif\",\"contentUrl\":\"https:\\\/\\\/ecolefermedesbois.ch\\\/wp-content\\\/uploads\\\/2019\\\/04\\\/logo-scaled.gif\",\"width\":2560,\"height\":608,\"caption\":\"Ecole \u00e0 la Ferme des Bois\"},\"image\":{\"@id\":\"https:\\\/\\\/ecolefermedesbois.ch\\\/#\\\/schema\\\/logo\\\/image\\\/\"},\"sameAs\":[\"https:\\\/\\\/www.facebook.com\\\/ecolefermedesBois\"]},{\"@type\":\"Person\",\"@id\":\"https:\\\/\\\/ecolefermedesbois.ch\\\/#\\\/schema\\\/person\\\/78f5a1c78e958e51240f90932d290908\",\"name\":\"Sophie\",\"image\":{\"@type\":\"ImageObject\",\"inLanguage\":\"fr-FR\",\"@id\":\"https:\\\/\\\/secure.gravatar.com\\\/avatar\\\/053fbaec50cb27b03b880a4b8b018009aa3af995f32011efc3f40a589371d46f?s=96&d=mm&r=g\",\"url\":\"https:\\\/\\\/secure.gravatar.com\\\/avatar\\\/053fbaec50cb27b03b880a4b8b018009aa3af995f32011efc3f40a589371d46f?s=96&d=mm&r=g\",\"contentUrl\":\"https:\\\/\\\/secure.gravatar.com\\\/avatar\\\/053fbaec50cb27b03b880a4b8b018009aa3af995f32011efc3f40a589371d46f?s=96&d=mm&r=g\",\"caption\":\"Sophie\"},\"url\":\"https:\\\/\\\/ecolefermedesbois.ch\\\/?author=2\"}]}<\/script>\n<!-- \/ Yoast SEO plugin. -->","yoast_head_json":{"title":"La classe de Q. Crelier d\u00e9couvre l'\u00e9table -","robots":{"index":"index","follow":"follow","max-snippet":"max-snippet:-1","max-image-preview":"max-image-preview:large","max-video-preview":"max-video-preview:-1"},"canonical":"https:\/\/ecolefermedesbois.ch\/?p=12955","og_locale":"fr_FR","og_type":"article","og_title":"La classe de Q. Crelier d\u00e9couvre l'\u00e9table -","og_description":"Ce lundi, les \u00e9l\u00e8ves de Quentin de la Cassagne sont venus d\u00e9couvrir l&rsquo;\u00e9table et ses habitants.Nous commen\u00e7ons par caresser Tamise,&#46;&#46;&#46;","og_url":"https:\/\/ecolefermedesbois.ch\/?p=12955","article_publisher":"https:\/\/www.facebook.com\/ecolefermedesBois","article_published_time":"2024-05-30T12:50:45+00:00","article_modified_time":"2024-05-30T12:50:48+00:00","og_image":[{"width":1000,"height":750,"url":"https:\/\/ecolefermedesbois.ch\/wp-content\/uploads\/2024\/05\/wp-17170702681153759313654556974169.jpg","type":"image\/jpeg"}],"author":"Sophie","twitter_card":"summary_large_image","twitter_misc":{"\u00c9crit par":"Sophie","Dur\u00e9e de lecture estim\u00e9e":"4 minutes"},"schema":{"@context":"https:\/\/schema.org","@graph":[{"@type":"Article","@id":"https:\/\/ecolefermedesbois.ch\/?p=12955#article","isPartOf":{"@id":"https:\/\/ecolefermedesbois.ch\/?p=12955"},"author":{"name":"Sophie","@id":"https:\/\/ecolefermedesbois.ch\/#\/schema\/person\/78f5a1c78e958e51240f90932d290908"},"headline":"La classe de Q. Crelier d\u00e9couvre l&rsquo;\u00e9table","datePublished":"2024-05-30T12:50:45+00:00","dateModified":"2024-05-30T12:50:48+00:00","mainEntityOfPage":{"@id":"https:\/\/ecolefermedesbois.ch\/?p=12955"},"wordCount":441,"commentCount":0,"publisher":{"@id":"https:\/\/ecolefermedesbois.ch\/#organization"},"image":{"@id":"https:\/\/ecolefermedesbois.ch\/?p=12955#primaryimage"},"thumbnailUrl":"https:\/\/i0.wp.com\/ecolefermedesbois.ch\/wp-content\/uploads\/2024\/05\/wp-17170702681153759313654556974169.jpg?fit=1000%2C750&ssl=1","articleSection":["Ecole"],"inLanguage":"fr-FR","potentialAction":[{"@type":"CommentAction","name":"Comment","target":["https:\/\/ecolefermedesbois.ch\/?p=12955#respond"]}]},{"@type":"WebPage","@id":"https:\/\/ecolefermedesbois.ch\/?p=12955","url":"https:\/\/ecolefermedesbois.ch\/?p=12955","name":"La classe de Q. Crelier d\u00e9couvre l'\u00e9table -","isPartOf":{"@id":"https:\/\/ecolefermedesbois.ch\/#website"},"primaryImageOfPage":{"@id":"https:\/\/ecolefermedesbois.ch\/?p=12955#primaryimage"},"image":{"@id":"https:\/\/ecolefermedesbois.ch\/?p=12955#primaryimage"},"thumbnailUrl":"https:\/\/i0.wp.com\/ecolefermedesbois.ch\/wp-content\/uploads\/2024\/05\/wp-17170702681153759313654556974169.jpg?fit=1000%2C750&ssl=1","datePublished":"2024-05-30T12:50:45+00:00","dateModified":"2024-05-30T12:50:48+00:00","breadcrumb":{"@id":"https:\/\/ecolefermedesbois.ch\/?p=12955#breadcrumb"},"inLanguage":"fr-FR","potentialAction":[{"@type":"ReadAction","target":["https:\/\/ecolefermedesbois.ch\/?p=12955"]}]},{"@type":"ImageObject","inLanguage":"fr-FR","@id":"https:\/\/ecolefermedesbois.ch\/?p=12955#primaryimage","url":"https:\/\/i0.wp.com\/ecolefermedesbois.ch\/wp-content\/uploads\/2024\/05\/wp-17170702681153759313654556974169.jpg?fit=1000%2C750&ssl=1","contentUrl":"https:\/\/i0.wp.com\/ecolefermedesbois.ch\/wp-content\/uploads\/2024\/05\/wp-17170702681153759313654556974169.jpg?fit=1000%2C750&ssl=1","width":1000,"height":750},{"@type":"BreadcrumbList","@id":"https:\/\/ecolefermedesbois.ch\/?p=12955#breadcrumb","itemListElement":[{"@type":"ListItem","position":1,"name":"Accueil","item":"https:\/\/ecolefermedesbois.ch\/"},{"@type":"ListItem","position":2,"name":"La classe de Q. Crelier d\u00e9couvre l&rsquo;\u00e9table"}]},{"@type":"WebSite","@id":"https:\/\/ecolefermedesbois.ch\/#website","url":"https:\/\/ecolefermedesbois.ch\/","name":"ecolefermedesbois","description":"","publisher":{"@id":"https:\/\/ecolefermedesbois.ch\/#organization"},"potentialAction":[{"@type":"SearchAction","target":{"@type":"EntryPoint","urlTemplate":"https:\/\/ecolefermedesbois.ch\/?s={search_term_string}"},"query-input":{"@type":"PropertyValueSpecification","valueRequired":true,"valueName":"search_term_string"}}],"inLanguage":"fr-FR"},{"@type":"Organization","@id":"https:\/\/ecolefermedesbois.ch\/#organization","name":"Ecole \u00e0 la Ferme des Bois","url":"https:\/\/ecolefermedesbois.ch\/","logo":{"@type":"ImageObject","inLanguage":"fr-FR","@id":"https:\/\/ecolefermedesbois.ch\/#\/schema\/logo\/image\/","url":"https:\/\/ecolefermedesbois.ch\/wp-content\/uploads\/2019\/04\/logo-scaled.gif","contentUrl":"https:\/\/ecolefermedesbois.ch\/wp-content\/uploads\/2019\/04\/logo-scaled.gif","width":2560,"height":608,"caption":"Ecole \u00e0 la Ferme des Bois"},"image":{"@id":"https:\/\/ecolefermedesbois.ch\/#\/schema\/logo\/image\/"},"sameAs":["https:\/\/www.facebook.com\/ecolefermedesBois"]},{"@type":"Person","@id":"https:\/\/ecolefermedesbois.ch\/#\/schema\/person\/78f5a1c78e958e51240f90932d290908","name":"Sophie","image":{"@type":"ImageObject","inLanguage":"fr-FR","@id":"https:\/\/secure.gravatar.com\/avatar\/053fbaec50cb27b03b880a4b8b018009aa3af995f32011efc3f40a589371d46f?s=96&d=mm&r=g","url":"https:\/\/secure.gravatar.com\/avatar\/053fbaec50cb27b03b880a4b8b018009aa3af995f32011efc3f40a589371d46f?s=96&d=mm&r=g","contentUrl":"https:\/\/secure.gravatar.com\/avatar\/053fbaec50cb27b03b880a4b8b018009aa3af995f32011efc3f40a589371d46f?s=96&d=mm&r=g","caption":"Sophie"},"url":"https:\/\/ecolefermedesbois.ch\/?author=2"}]}},"jetpack_publicize_connections":[],"jetpack_featured_media_url":"https:\/\/i0.wp.com\/ecolefermedesbois.ch\/wp-content\/uploads\/2024\/05\/wp-17170702681153759313654556974169.jpg?fit=1000%2C750&ssl=1","jetpack_sharing_enabled":true,"_links":{"self":[{"href":"https:\/\/ecolefermedesbois.ch\/index.php?rest_route=\/wp\/v2\/posts\/12955","targetHints":{"allow":["GET"]}}],"collection":[{"href":"https:\/\/ecolefermedesbois.ch\/index.php?rest_route=\/wp\/v2\/posts"}],"about":[{"href":"https:\/\/ecolefermedesbois.ch\/index.php?rest_route=\/wp\/v2\/types\/post"}],"author":[{"embeddable":true,"href":"https:\/\/ecolefermedesbois.ch\/index.php?rest_route=\/wp\/v2\/users\/2"}],"replies":[{"embeddable":true,"href":"https:\/\/ecolefermedesbois.ch\/index.php?rest_route=%2Fwp%2Fv2%2Fcomments&post=12955"}],"version-history":[{"count":1,"href":"https:\/\/ecolefermedesbois.ch\/index.php?rest_route=\/wp\/v2\/posts\/12955\/revisions"}],"predecessor-version":[{"id":12956,"href":"https:\/\/ecolefermedesbois.ch\/index.php?rest_route=\/wp\/v2\/posts\/12955\/revisions\/12956"}],"wp:featuredmedia":[{"embeddable":true,"href":"https:\/\/ecolefermedesbois.ch\/index.php?rest_route=\/wp\/v2\/media\/12933"}],"wp:attachment":[{"href":"https:\/\/ecolefermedesbois.ch\/index.php?rest_route=%2Fwp%2Fv2%2Fmedia&parent=12955"}],"wp:term":[{"taxonomy":"category","embeddable":true,"href":"https:\/\/ecolefermedesbois.ch\/index.php?rest_route=%2Fwp%2Fv2%2Fcategories&post=12955"},{"taxonomy":"post_tag","embeddable":true,"href":"https:\/\/ecolefermedesbois.ch\/index.php?rest_route=%2Fwp%2Fv2%2Ftags&post=12955"}],"curies":[{"name":"wp","href":"https:\/\/api.w.org\/{rel}","templated":true}]}}