{"id":12852,"date":"2024-05-07T14:06:38","date_gmt":"2024-05-07T12:06:38","guid":{"rendered":"https:\/\/ecolefermedesbois.ch\/?p=12852"},"modified":"2024-05-07T14:06:40","modified_gmt":"2024-05-07T12:06:40","slug":"la-classe-de-ch-henrioud-decouvre-lunivers-des-abeilles","status":"publish","type":"post","link":"https:\/\/ecolefermedesbois.ch\/?p=12852","title":{"rendered":"La classe de Ch. Henrioud d\u00e9couvre l&rsquo;univers des abeilles"},"content":{"rendered":"<div class=\"pdfprnt-buttons pdfprnt-buttons-post pdfprnt-top-right\"><a href=\"https:\/\/ecolefermedesbois.ch\/index.php?rest_route=%2Fwp%2Fv2%2Fposts%2F12852&print=pdf\" class=\"pdfprnt-button pdfprnt-button-pdf\" target=\"_blank\" ><img data-recalc-dims=\"1\" decoding=\"async\" src=\"https:\/\/i0.wp.com\/ecolefermedesbois.ch\/wp-content\/plugins\/pdf-print\/images\/pdf.png?w=720&#038;ssl=1\" alt=\"image_pdf\" title=\"Afficher le PDF\" \/><\/a><a href=\"https:\/\/ecolefermedesbois.ch\/index.php?rest_route=%2Fwp%2Fv2%2Fposts%2F12852&print=print\" class=\"pdfprnt-button pdfprnt-button-print\" target=\"_blank\" ><img data-recalc-dims=\"1\" decoding=\"async\" src=\"https:\/\/i0.wp.com\/ecolefermedesbois.ch\/wp-content\/plugins\/pdf-print\/images\/print.png?w=720&#038;ssl=1\" alt=\"image_print\" title=\"Contenu imprim\u00e9\" \/><\/a><\/div>\n<p>Aujourd&rsquo;hui, les \u00e9l\u00e8ves de Christelle de Cully sont venus d\u00e9couvrir notre module de l&rsquo;abeille au miel.<\/p>\n\n\n\n<p>Nous commen\u00e7ons, au sec au garage, la matin\u00e9e par des questions sur les abeilles. De quelle famille appartiennent les abeilles, o\u00f9 elles vivent, comment s&rsquo;appelle le m\u00e2le ou la femelle, etc. Puis nous parlons de la colonie. Qui vit dans la ruche et quel est son r\u00f4le ou encore combien d&rsquo;abeilles vivent dans la colonie. <br>Quand il y a trop d&rsquo;abeilles que se passe-t-il ? Souvent, elles ouvri\u00e8res nourrissent une reine puis certaines abeilles partent avec l&rsquo;ancienne reine. C&rsquo;est l&rsquo;essaimage, pourquoi des abeilles quittent leur ruche et o\u00f9 vont-elles. Une fois dans leur nouvelle ruche, comment les abeilles vont-elles se rep\u00e9rer et comment vont-elles communiquer? Nous parlons de la communication, elles utilisent les 4 points cardinaux de la boussole et l&#8217;emplacement du soleil, et l&rsquo;explique tout en dansant. Eh oui, les abeilles dansent pour communiquer. \u00c9galement pour informer o\u00f9 se trouve une source abondante de pollen.<\/p>\n\n\n\n<p>Pour la deuxi\u00e8me partie de la matin\u00e9e, nous faisons 2 groupes. <br>Un groupe est avec Emilie pour approfondir le sujet de la pollinisation. Comprendre ce qui se passe dans une fleur lorsque l&rsquo;abeille vient la butiner et l&rsquo;importance de l&rsquo;abeille. Ensuite, les \u00e9l\u00e8ves vont d\u00e9couvrir les diff\u00e9rents m\u00e9tiers que l&rsquo;abeille ouvri\u00e8re va faire tout au long de sa vie ainsi qu&rsquo;elle va produire une cuill\u00e8re \u00e0 caf\u00e9 de miel durant ses 40 jours de vie.<\/p>\n\n\n\n<p>Pendant ce temps, l&rsquo;autre groupe est avec moi dehors. Au garage, je leur montre comment est constitu\u00e9 une ruche. Comment se nomment les parties de celle-ci et leurs utilit\u00e9s. Ils d\u00e9couvrent les cellules du couvain des ouvri\u00e8res, des faux-bourdons et de la reine. Nous d\u00e9couvrons \u00e9galement la dur\u00e9e que chacun va mettre pour passer d&rsquo;un \u0153uf \u00e0 une abeille. Puis nous s\u00e9parons \u00e9galement ce groupe en 2. Car je peux prendre que 5 enfants maximum avec moi vers les ruches. Les \u00e9l\u00e8ves qui restent au garage vont reconstruire la ruche vide. Un joli puzzle taille r\u00e9elle.<br>Au rucher, au vu de la m\u00e9t\u00e9o tr\u00e8s fraiche, je ne vais pas pouvoir sortir les cadres de miel ou de couvain. Mais je vais leur montrer comment les abeilles travaillent gr\u00e2ce \u00e0 ma ruche vitr\u00e9e. Nous observons le miel stocker dans les alv\u00e9oles pour leur repas, les faux-bourdons qui mangent et certaines abeilles qui dansent. <br>Puis j&rsquo;\u00e9change mes groupes afin qu&rsquo;ils puissent tous voir l&rsquo;int\u00e9rieur de la ruche.<br>Et pour finir, nous \u00e9changeons les groupes de dedans avec ceux qui \u00e9taient dehors.<br>Pour clore cette matin\u00e9e, nous parlons des diff\u00e9rents miel et le faisons par un jeu. Les \u00e9l\u00e8ves doivent d\u00e9poser leur pot de miel devant l&rsquo;image de fleur qui correspond, Fleurs sauvages, tilleul, lavande ou encore du pin. Puis nous parlons de l&rsquo;extraction du miel et de sa maturation. <br>Et finissons par la d\u00e9gustation du miel d&rsquo;Ecoteaux !<\/p>\n\n\n\n<p>Merci les \u00e9l\u00e8ves pour vos questions et votre plaisir \u00e0 d\u00e9couvrir ce monde si fascinant. Un grand BRAVO \u00e0 ceux qui ont surmont\u00e9 leur peur en s&rsquo;approchant des ruches.<\/p>\n\n\n\n<p>Merci Christelle et Chantal d&rsquo;\u00eatre venues passer la matin\u00e9e aupr\u00e8s des abeilles, de nous permettre de partager ces moments juste magiques. Et merci pour votre fid\u00e9lit\u00e9 tout au long de l&rsquo;ann\u00e9e. Ce fut notre derni\u00e8re matin\u00e9e.<\/p>\n\n\n\n<p>A bient\u00f4t et bon vent aux \u00e9l\u00e8ves qui partent en 3\u00e8me et \u00e0 l&rsquo;ann\u00e9e prochaine pour les 1P!<\/p>\n\n\n\n<p>Sophie et Emilie<\/p>\n\n\n\n<div class=\"wp-block-jetpack-tiled-gallery aligncenter is-style-rectangular\"><div class=\"tiled-gallery__gallery\"><div class=\"tiled-gallery__row\"><div class=\"tiled-gallery__col\" style=\"flex-basis:18.65148%\"><figure class=\"tiled-gallery__item\"><img decoding=\"async\" alt=\"\" data-height=\"1000\" data-id=\"12846\" data-link=\"https:\/\/ecolefermedesbois.ch\/?attachment_id=12846\" data-url=\"https:\/\/ecolefermedesbois.ch\/wp-content\/uploads\/2024\/05\/wp-17150827375931804994631819123782-338x600.jpg\" data-width=\"563\" src=\"https:\/\/i1.wp.com\/ecolefermedesbois.ch\/wp-content\/uploads\/2024\/05\/wp-17150827375931804994631819123782-338x600.jpg?ssl=1\" data-amp-layout=\"responsive\"\/><\/figure><\/div><div class=\"tiled-gallery__col\" style=\"flex-basis:18.65148%\"><figure class=\"tiled-gallery__item\"><img decoding=\"async\" alt=\"\" data-height=\"1000\" data-id=\"12844\" data-link=\"https:\/\/ecolefermedesbois.ch\/?attachment_id=12844\" data-url=\"https:\/\/ecolefermedesbois.ch\/wp-content\/uploads\/2024\/05\/wp-17150827374841292365588085282534-338x600.jpg\" data-width=\"563\" src=\"https:\/\/i0.wp.com\/ecolefermedesbois.ch\/wp-content\/uploads\/2024\/05\/wp-17150827374841292365588085282534-338x600.jpg?ssl=1\" data-amp-layout=\"responsive\"\/><\/figure><\/div><div class=\"tiled-gallery__col\" style=\"flex-basis:18.65148%\"><figure class=\"tiled-gallery__item\"><img decoding=\"async\" alt=\"\" data-height=\"1000\" data-id=\"12842\" data-link=\"https:\/\/ecolefermedesbois.ch\/?attachment_id=12842\" data-url=\"https:\/\/ecolefermedesbois.ch\/wp-content\/uploads\/2024\/05\/wp-17150827375148495751121526190398-338x600.jpg\" data-width=\"563\" src=\"https:\/\/i0.wp.com\/ecolefermedesbois.ch\/wp-content\/uploads\/2024\/05\/wp-17150827375148495751121526190398-338x600.jpg?ssl=1\" data-amp-layout=\"responsive\"\/><\/figure><\/div><div class=\"tiled-gallery__col\" style=\"flex-basis:44.04557%\"><figure class=\"tiled-gallery__item\"><img decoding=\"async\" alt=\"\" data-height=\"750\" data-id=\"12851\" data-link=\"https:\/\/ecolefermedesbois.ch\/?attachment_id=12851\" data-url=\"https:\/\/ecolefermedesbois.ch\/wp-content\/uploads\/2024\/05\/wp-17150827379945053518242511374532-600x450.jpg\" data-width=\"1000\" src=\"https:\/\/i1.wp.com\/ecolefermedesbois.ch\/wp-content\/uploads\/2024\/05\/wp-17150827379945053518242511374532-600x450.jpg?ssl=1\" data-amp-layout=\"responsive\"\/><\/figure><\/div><\/div><div class=\"tiled-gallery__row\"><div class=\"tiled-gallery__col\" style=\"flex-basis:50.00000%\"><figure class=\"tiled-gallery__item\"><img decoding=\"async\" alt=\"\" data-height=\"1008\" data-id=\"12848\" data-link=\"https:\/\/ecolefermedesbois.ch\/?attachment_id=12848\" data-url=\"https:\/\/ecolefermedesbois.ch\/wp-content\/uploads\/2024\/05\/wp-17150827376856167363880329424576-450x600.jpg\" data-width=\"756\" src=\"https:\/\/i0.wp.com\/ecolefermedesbois.ch\/wp-content\/uploads\/2024\/05\/wp-17150827376856167363880329424576-450x600.jpg?ssl=1\" data-amp-layout=\"responsive\"\/><\/figure><\/div><div class=\"tiled-gallery__col\" style=\"flex-basis:50.00000%\"><figure class=\"tiled-gallery__item\"><img decoding=\"async\" alt=\"\" data-height=\"1008\" data-id=\"12850\" data-link=\"https:\/\/ecolefermedesbois.ch\/?attachment_id=12850\" data-url=\"https:\/\/ecolefermedesbois.ch\/wp-content\/uploads\/2024\/05\/wp-17150827378342261793466344115677-450x600.jpg\" data-width=\"756\" src=\"https:\/\/i1.wp.com\/ecolefermedesbois.ch\/wp-content\/uploads\/2024\/05\/wp-17150827378342261793466344115677-450x600.jpg?ssl=1\" data-amp-layout=\"responsive\"\/><\/figure><\/div><\/div><div class=\"tiled-gallery__row\"><div class=\"tiled-gallery__col\" style=\"flex-basis:25.00000%\"><figure class=\"tiled-gallery__item\"><img decoding=\"async\" alt=\"\" data-height=\"1000\" data-id=\"12843\" data-link=\"https:\/\/ecolefermedesbois.ch\/?attachment_id=12843\" data-url=\"https:\/\/ecolefermedesbois.ch\/wp-content\/uploads\/2024\/05\/wp-17150827375603465288734889175234-338x600.jpg\" data-width=\"563\" src=\"https:\/\/i0.wp.com\/ecolefermedesbois.ch\/wp-content\/uploads\/2024\/05\/wp-17150827375603465288734889175234-338x600.jpg?ssl=1\" data-amp-layout=\"responsive\"\/><\/figure><\/div><div class=\"tiled-gallery__col\" style=\"flex-basis:25.00000%\"><figure class=\"tiled-gallery__item\"><img decoding=\"async\" alt=\"\" data-height=\"1000\" data-id=\"12849\" data-link=\"https:\/\/ecolefermedesbois.ch\/?attachment_id=12849\" data-url=\"https:\/\/ecolefermedesbois.ch\/wp-content\/uploads\/2024\/05\/wp-17150827376233427570115886964575-338x600.jpg\" data-width=\"563\" src=\"https:\/\/i2.wp.com\/ecolefermedesbois.ch\/wp-content\/uploads\/2024\/05\/wp-17150827376233427570115886964575-338x600.jpg?ssl=1\" data-amp-layout=\"responsive\"\/><\/figure><\/div><div class=\"tiled-gallery__col\" style=\"flex-basis:25.00000%\"><figure class=\"tiled-gallery__item\"><img decoding=\"async\" alt=\"\" data-height=\"1000\" data-id=\"12845\" data-link=\"https:\/\/ecolefermedesbois.ch\/?attachment_id=12845\" data-url=\"https:\/\/ecolefermedesbois.ch\/wp-content\/uploads\/2024\/05\/wp-17150827374425157163301468156323-338x600.jpg\" data-width=\"563\" src=\"https:\/\/i1.wp.com\/ecolefermedesbois.ch\/wp-content\/uploads\/2024\/05\/wp-17150827374425157163301468156323-338x600.jpg?ssl=1\" data-amp-layout=\"responsive\"\/><\/figure><\/div><div class=\"tiled-gallery__col\" style=\"flex-basis:25.00000%\"><figure class=\"tiled-gallery__item\"><img decoding=\"async\" alt=\"\" data-height=\"1000\" data-id=\"12847\" data-link=\"https:\/\/ecolefermedesbois.ch\/?attachment_id=12847\" data-url=\"https:\/\/ecolefermedesbois.ch\/wp-content\/uploads\/2024\/05\/wp-17150827376568028715411806766137-338x600.jpg\" data-width=\"563\" src=\"https:\/\/i0.wp.com\/ecolefermedesbois.ch\/wp-content\/uploads\/2024\/05\/wp-17150827376568028715411806766137-338x600.jpg?ssl=1\" data-amp-layout=\"responsive\"\/><\/figure><\/div><\/div><\/div><\/div>\n","protected":false},"excerpt":{"rendered":"<p>Aujourd&rsquo;hui, les \u00e9l\u00e8ves de Christelle de Cully sont venus d\u00e9couvrir notre module de l&rsquo;abeille au miel. Nous commen\u00e7ons, au sec&#46;&#46;&#46;<\/p>\n","protected":false},"author":2,"featured_media":12848,"comment_status":"open","ping_status":"open","sticky":false,"template":"","format":"image","meta":{"jetpack_post_was_ever_published":false,"footnotes":"","jetpack_publicize_message":"","jetpack_publicize_feature_enabled":true,"jetpack_social_post_already_shared":true,"jetpack_social_options":{"image_generator_settings":{"template":"highway","default_image_id":0,"font":"","enabled":false},"version":2}},"categories":[33],"tags":[],"class_list":["post-12852","post","type-post","status-publish","format-image","has-post-thumbnail","hentry","category-ecole","post_format-post-format-image"],"yoast_head":"<!-- This site is optimized with the Yoast SEO plugin v27.5 - https:\/\/yoast.com\/product\/yoast-seo-wordpress\/ -->\n<title>La classe de Ch. Henrioud d\u00e9couvre l&#039;univers des abeilles -<\/title>\n<meta name=\"robots\" content=\"index, follow, max-snippet:-1, max-image-preview:large, max-video-preview:-1\" \/>\n<link rel=\"canonical\" href=\"https:\/\/ecolefermedesbois.ch\/?p=12852\" \/>\n<meta property=\"og:locale\" content=\"fr_FR\" \/>\n<meta property=\"og:type\" content=\"article\" \/>\n<meta property=\"og:title\" content=\"La classe de Ch. Henrioud d\u00e9couvre l&#039;univers des abeilles -\" \/>\n<meta property=\"og:description\" content=\"Aujourd&rsquo;hui, les \u00e9l\u00e8ves de Christelle de Cully sont venus d\u00e9couvrir notre module de l&rsquo;abeille au miel. Nous commen\u00e7ons, au sec&#046;&#046;&#046;\" \/>\n<meta property=\"og:url\" content=\"https:\/\/ecolefermedesbois.ch\/?p=12852\" \/>\n<meta property=\"article:publisher\" content=\"https:\/\/www.facebook.com\/ecolefermedesBois\" \/>\n<meta property=\"article:published_time\" content=\"2024-05-07T12:06:38+00:00\" \/>\n<meta property=\"article:modified_time\" content=\"2024-05-07T12:06:40+00:00\" \/>\n<meta property=\"og:image\" content=\"https:\/\/ecolefermedesbois.ch\/wp-content\/uploads\/2024\/05\/wp-17150827376856167363880329424576.jpg\" \/>\n\t<meta property=\"og:image:width\" content=\"756\" \/>\n\t<meta property=\"og:image:height\" content=\"1008\" \/>\n\t<meta property=\"og:image:type\" content=\"image\/jpeg\" \/>\n<meta name=\"author\" content=\"Sophie\" \/>\n<meta name=\"twitter:card\" content=\"summary_large_image\" \/>\n<meta name=\"twitter:label1\" content=\"\u00c9crit par\" \/>\n\t<meta name=\"twitter:data1\" content=\"Sophie\" \/>\n\t<meta name=\"twitter:label2\" content=\"Dur\u00e9e de lecture estim\u00e9e\" \/>\n\t<meta name=\"twitter:data2\" content=\"6 minutes\" \/>\n<script type=\"application\/ld+json\" class=\"yoast-schema-graph\">{\"@context\":\"https:\\\/\\\/schema.org\",\"@graph\":[{\"@type\":\"Article\",\"@id\":\"https:\\\/\\\/ecolefermedesbois.ch\\\/?p=12852#article\",\"isPartOf\":{\"@id\":\"https:\\\/\\\/ecolefermedesbois.ch\\\/?p=12852\"},\"author\":{\"name\":\"Sophie\",\"@id\":\"https:\\\/\\\/ecolefermedesbois.ch\\\/#\\\/schema\\\/person\\\/78f5a1c78e958e51240f90932d290908\"},\"headline\":\"La classe de Ch. Henrioud d\u00e9couvre l&rsquo;univers des abeilles\",\"datePublished\":\"2024-05-07T12:06:38+00:00\",\"dateModified\":\"2024-05-07T12:06:40+00:00\",\"mainEntityOfPage\":{\"@id\":\"https:\\\/\\\/ecolefermedesbois.ch\\\/?p=12852\"},\"wordCount\":605,\"commentCount\":0,\"publisher\":{\"@id\":\"https:\\\/\\\/ecolefermedesbois.ch\\\/#organization\"},\"image\":{\"@id\":\"https:\\\/\\\/ecolefermedesbois.ch\\\/?p=12852#primaryimage\"},\"thumbnailUrl\":\"https:\\\/\\\/i0.wp.com\\\/ecolefermedesbois.ch\\\/wp-content\\\/uploads\\\/2024\\\/05\\\/wp-17150827376856167363880329424576.jpg?fit=756%2C1008&ssl=1\",\"articleSection\":[\"Ecole\"],\"inLanguage\":\"fr-FR\",\"potentialAction\":[{\"@type\":\"CommentAction\",\"name\":\"Comment\",\"target\":[\"https:\\\/\\\/ecolefermedesbois.ch\\\/?p=12852#respond\"]}]},{\"@type\":\"WebPage\",\"@id\":\"https:\\\/\\\/ecolefermedesbois.ch\\\/?p=12852\",\"url\":\"https:\\\/\\\/ecolefermedesbois.ch\\\/?p=12852\",\"name\":\"La classe de Ch. Henrioud d\u00e9couvre l'univers des abeilles -\",\"isPartOf\":{\"@id\":\"https:\\\/\\\/ecolefermedesbois.ch\\\/#website\"},\"primaryImageOfPage\":{\"@id\":\"https:\\\/\\\/ecolefermedesbois.ch\\\/?p=12852#primaryimage\"},\"image\":{\"@id\":\"https:\\\/\\\/ecolefermedesbois.ch\\\/?p=12852#primaryimage\"},\"thumbnailUrl\":\"https:\\\/\\\/i0.wp.com\\\/ecolefermedesbois.ch\\\/wp-content\\\/uploads\\\/2024\\\/05\\\/wp-17150827376856167363880329424576.jpg?fit=756%2C1008&ssl=1\",\"datePublished\":\"2024-05-07T12:06:38+00:00\",\"dateModified\":\"2024-05-07T12:06:40+00:00\",\"breadcrumb\":{\"@id\":\"https:\\\/\\\/ecolefermedesbois.ch\\\/?p=12852#breadcrumb\"},\"inLanguage\":\"fr-FR\",\"potentialAction\":[{\"@type\":\"ReadAction\",\"target\":[\"https:\\\/\\\/ecolefermedesbois.ch\\\/?p=12852\"]}]},{\"@type\":\"ImageObject\",\"inLanguage\":\"fr-FR\",\"@id\":\"https:\\\/\\\/ecolefermedesbois.ch\\\/?p=12852#primaryimage\",\"url\":\"https:\\\/\\\/i0.wp.com\\\/ecolefermedesbois.ch\\\/wp-content\\\/uploads\\\/2024\\\/05\\\/wp-17150827376856167363880329424576.jpg?fit=756%2C1008&ssl=1\",\"contentUrl\":\"https:\\\/\\\/i0.wp.com\\\/ecolefermedesbois.ch\\\/wp-content\\\/uploads\\\/2024\\\/05\\\/wp-17150827376856167363880329424576.jpg?fit=756%2C1008&ssl=1\",\"width\":756,\"height\":1008},{\"@type\":\"BreadcrumbList\",\"@id\":\"https:\\\/\\\/ecolefermedesbois.ch\\\/?p=12852#breadcrumb\",\"itemListElement\":[{\"@type\":\"ListItem\",\"position\":1,\"name\":\"Accueil\",\"item\":\"https:\\\/\\\/ecolefermedesbois.ch\\\/\"},{\"@type\":\"ListItem\",\"position\":2,\"name\":\"La classe de Ch. Henrioud d\u00e9couvre l&rsquo;univers des abeilles\"}]},{\"@type\":\"WebSite\",\"@id\":\"https:\\\/\\\/ecolefermedesbois.ch\\\/#website\",\"url\":\"https:\\\/\\\/ecolefermedesbois.ch\\\/\",\"name\":\"ecolefermedesbois\",\"description\":\"\",\"publisher\":{\"@id\":\"https:\\\/\\\/ecolefermedesbois.ch\\\/#organization\"},\"potentialAction\":[{\"@type\":\"SearchAction\",\"target\":{\"@type\":\"EntryPoint\",\"urlTemplate\":\"https:\\\/\\\/ecolefermedesbois.ch\\\/?s={search_term_string}\"},\"query-input\":{\"@type\":\"PropertyValueSpecification\",\"valueRequired\":true,\"valueName\":\"search_term_string\"}}],\"inLanguage\":\"fr-FR\"},{\"@type\":\"Organization\",\"@id\":\"https:\\\/\\\/ecolefermedesbois.ch\\\/#organization\",\"name\":\"Ecole \u00e0 la Ferme des Bois\",\"url\":\"https:\\\/\\\/ecolefermedesbois.ch\\\/\",\"logo\":{\"@type\":\"ImageObject\",\"inLanguage\":\"fr-FR\",\"@id\":\"https:\\\/\\\/ecolefermedesbois.ch\\\/#\\\/schema\\\/logo\\\/image\\\/\",\"url\":\"https:\\\/\\\/ecolefermedesbois.ch\\\/wp-content\\\/uploads\\\/2019\\\/04\\\/logo-scaled.gif\",\"contentUrl\":\"https:\\\/\\\/ecolefermedesbois.ch\\\/wp-content\\\/uploads\\\/2019\\\/04\\\/logo-scaled.gif\",\"width\":2560,\"height\":608,\"caption\":\"Ecole \u00e0 la Ferme des Bois\"},\"image\":{\"@id\":\"https:\\\/\\\/ecolefermedesbois.ch\\\/#\\\/schema\\\/logo\\\/image\\\/\"},\"sameAs\":[\"https:\\\/\\\/www.facebook.com\\\/ecolefermedesBois\"]},{\"@type\":\"Person\",\"@id\":\"https:\\\/\\\/ecolefermedesbois.ch\\\/#\\\/schema\\\/person\\\/78f5a1c78e958e51240f90932d290908\",\"name\":\"Sophie\",\"image\":{\"@type\":\"ImageObject\",\"inLanguage\":\"fr-FR\",\"@id\":\"https:\\\/\\\/secure.gravatar.com\\\/avatar\\\/053fbaec50cb27b03b880a4b8b018009aa3af995f32011efc3f40a589371d46f?s=96&d=mm&r=g\",\"url\":\"https:\\\/\\\/secure.gravatar.com\\\/avatar\\\/053fbaec50cb27b03b880a4b8b018009aa3af995f32011efc3f40a589371d46f?s=96&d=mm&r=g\",\"contentUrl\":\"https:\\\/\\\/secure.gravatar.com\\\/avatar\\\/053fbaec50cb27b03b880a4b8b018009aa3af995f32011efc3f40a589371d46f?s=96&d=mm&r=g\",\"caption\":\"Sophie\"},\"url\":\"https:\\\/\\\/ecolefermedesbois.ch\\\/?author=2\"}]}<\/script>\n<!-- \/ Yoast SEO plugin. -->","yoast_head_json":{"title":"La classe de Ch. Henrioud d\u00e9couvre l'univers des abeilles -","robots":{"index":"index","follow":"follow","max-snippet":"max-snippet:-1","max-image-preview":"max-image-preview:large","max-video-preview":"max-video-preview:-1"},"canonical":"https:\/\/ecolefermedesbois.ch\/?p=12852","og_locale":"fr_FR","og_type":"article","og_title":"La classe de Ch. Henrioud d\u00e9couvre l'univers des abeilles -","og_description":"Aujourd&rsquo;hui, les \u00e9l\u00e8ves de Christelle de Cully sont venus d\u00e9couvrir notre module de l&rsquo;abeille au miel. Nous commen\u00e7ons, au sec&#46;&#46;&#46;","og_url":"https:\/\/ecolefermedesbois.ch\/?p=12852","article_publisher":"https:\/\/www.facebook.com\/ecolefermedesBois","article_published_time":"2024-05-07T12:06:38+00:00","article_modified_time":"2024-05-07T12:06:40+00:00","og_image":[{"width":756,"height":1008,"url":"https:\/\/ecolefermedesbois.ch\/wp-content\/uploads\/2024\/05\/wp-17150827376856167363880329424576.jpg","type":"image\/jpeg"}],"author":"Sophie","twitter_card":"summary_large_image","twitter_misc":{"\u00c9crit par":"Sophie","Dur\u00e9e de lecture estim\u00e9e":"6 minutes"},"schema":{"@context":"https:\/\/schema.org","@graph":[{"@type":"Article","@id":"https:\/\/ecolefermedesbois.ch\/?p=12852#article","isPartOf":{"@id":"https:\/\/ecolefermedesbois.ch\/?p=12852"},"author":{"name":"Sophie","@id":"https:\/\/ecolefermedesbois.ch\/#\/schema\/person\/78f5a1c78e958e51240f90932d290908"},"headline":"La classe de Ch. Henrioud d\u00e9couvre l&rsquo;univers des abeilles","datePublished":"2024-05-07T12:06:38+00:00","dateModified":"2024-05-07T12:06:40+00:00","mainEntityOfPage":{"@id":"https:\/\/ecolefermedesbois.ch\/?p=12852"},"wordCount":605,"commentCount":0,"publisher":{"@id":"https:\/\/ecolefermedesbois.ch\/#organization"},"image":{"@id":"https:\/\/ecolefermedesbois.ch\/?p=12852#primaryimage"},"thumbnailUrl":"https:\/\/i0.wp.com\/ecolefermedesbois.ch\/wp-content\/uploads\/2024\/05\/wp-17150827376856167363880329424576.jpg?fit=756%2C1008&ssl=1","articleSection":["Ecole"],"inLanguage":"fr-FR","potentialAction":[{"@type":"CommentAction","name":"Comment","target":["https:\/\/ecolefermedesbois.ch\/?p=12852#respond"]}]},{"@type":"WebPage","@id":"https:\/\/ecolefermedesbois.ch\/?p=12852","url":"https:\/\/ecolefermedesbois.ch\/?p=12852","name":"La classe de Ch. Henrioud d\u00e9couvre l'univers des abeilles -","isPartOf":{"@id":"https:\/\/ecolefermedesbois.ch\/#website"},"primaryImageOfPage":{"@id":"https:\/\/ecolefermedesbois.ch\/?p=12852#primaryimage"},"image":{"@id":"https:\/\/ecolefermedesbois.ch\/?p=12852#primaryimage"},"thumbnailUrl":"https:\/\/i0.wp.com\/ecolefermedesbois.ch\/wp-content\/uploads\/2024\/05\/wp-17150827376856167363880329424576.jpg?fit=756%2C1008&ssl=1","datePublished":"2024-05-07T12:06:38+00:00","dateModified":"2024-05-07T12:06:40+00:00","breadcrumb":{"@id":"https:\/\/ecolefermedesbois.ch\/?p=12852#breadcrumb"},"inLanguage":"fr-FR","potentialAction":[{"@type":"ReadAction","target":["https:\/\/ecolefermedesbois.ch\/?p=12852"]}]},{"@type":"ImageObject","inLanguage":"fr-FR","@id":"https:\/\/ecolefermedesbois.ch\/?p=12852#primaryimage","url":"https:\/\/i0.wp.com\/ecolefermedesbois.ch\/wp-content\/uploads\/2024\/05\/wp-17150827376856167363880329424576.jpg?fit=756%2C1008&ssl=1","contentUrl":"https:\/\/i0.wp.com\/ecolefermedesbois.ch\/wp-content\/uploads\/2024\/05\/wp-17150827376856167363880329424576.jpg?fit=756%2C1008&ssl=1","width":756,"height":1008},{"@type":"BreadcrumbList","@id":"https:\/\/ecolefermedesbois.ch\/?p=12852#breadcrumb","itemListElement":[{"@type":"ListItem","position":1,"name":"Accueil","item":"https:\/\/ecolefermedesbois.ch\/"},{"@type":"ListItem","position":2,"name":"La classe de Ch. Henrioud d\u00e9couvre l&rsquo;univers des abeilles"}]},{"@type":"WebSite","@id":"https:\/\/ecolefermedesbois.ch\/#website","url":"https:\/\/ecolefermedesbois.ch\/","name":"ecolefermedesbois","description":"","publisher":{"@id":"https:\/\/ecolefermedesbois.ch\/#organization"},"potentialAction":[{"@type":"SearchAction","target":{"@type":"EntryPoint","urlTemplate":"https:\/\/ecolefermedesbois.ch\/?s={search_term_string}"},"query-input":{"@type":"PropertyValueSpecification","valueRequired":true,"valueName":"search_term_string"}}],"inLanguage":"fr-FR"},{"@type":"Organization","@id":"https:\/\/ecolefermedesbois.ch\/#organization","name":"Ecole \u00e0 la Ferme des Bois","url":"https:\/\/ecolefermedesbois.ch\/","logo":{"@type":"ImageObject","inLanguage":"fr-FR","@id":"https:\/\/ecolefermedesbois.ch\/#\/schema\/logo\/image\/","url":"https:\/\/ecolefermedesbois.ch\/wp-content\/uploads\/2019\/04\/logo-scaled.gif","contentUrl":"https:\/\/ecolefermedesbois.ch\/wp-content\/uploads\/2019\/04\/logo-scaled.gif","width":2560,"height":608,"caption":"Ecole \u00e0 la Ferme des Bois"},"image":{"@id":"https:\/\/ecolefermedesbois.ch\/#\/schema\/logo\/image\/"},"sameAs":["https:\/\/www.facebook.com\/ecolefermedesBois"]},{"@type":"Person","@id":"https:\/\/ecolefermedesbois.ch\/#\/schema\/person\/78f5a1c78e958e51240f90932d290908","name":"Sophie","image":{"@type":"ImageObject","inLanguage":"fr-FR","@id":"https:\/\/secure.gravatar.com\/avatar\/053fbaec50cb27b03b880a4b8b018009aa3af995f32011efc3f40a589371d46f?s=96&d=mm&r=g","url":"https:\/\/secure.gravatar.com\/avatar\/053fbaec50cb27b03b880a4b8b018009aa3af995f32011efc3f40a589371d46f?s=96&d=mm&r=g","contentUrl":"https:\/\/secure.gravatar.com\/avatar\/053fbaec50cb27b03b880a4b8b018009aa3af995f32011efc3f40a589371d46f?s=96&d=mm&r=g","caption":"Sophie"},"url":"https:\/\/ecolefermedesbois.ch\/?author=2"}]}},"jetpack_publicize_connections":[],"jetpack_featured_media_url":"https:\/\/i0.wp.com\/ecolefermedesbois.ch\/wp-content\/uploads\/2024\/05\/wp-17150827376856167363880329424576.jpg?fit=756%2C1008&ssl=1","jetpack_sharing_enabled":true,"_links":{"self":[{"href":"https:\/\/ecolefermedesbois.ch\/index.php?rest_route=\/wp\/v2\/posts\/12852","targetHints":{"allow":["GET"]}}],"collection":[{"href":"https:\/\/ecolefermedesbois.ch\/index.php?rest_route=\/wp\/v2\/posts"}],"about":[{"href":"https:\/\/ecolefermedesbois.ch\/index.php?rest_route=\/wp\/v2\/types\/post"}],"author":[{"embeddable":true,"href":"https:\/\/ecolefermedesbois.ch\/index.php?rest_route=\/wp\/v2\/users\/2"}],"replies":[{"embeddable":true,"href":"https:\/\/ecolefermedesbois.ch\/index.php?rest_route=%2Fwp%2Fv2%2Fcomments&post=12852"}],"version-history":[{"count":1,"href":"https:\/\/ecolefermedesbois.ch\/index.php?rest_route=\/wp\/v2\/posts\/12852\/revisions"}],"predecessor-version":[{"id":12853,"href":"https:\/\/ecolefermedesbois.ch\/index.php?rest_route=\/wp\/v2\/posts\/12852\/revisions\/12853"}],"wp:featuredmedia":[{"embeddable":true,"href":"https:\/\/ecolefermedesbois.ch\/index.php?rest_route=\/wp\/v2\/media\/12848"}],"wp:attachment":[{"href":"https:\/\/ecolefermedesbois.ch\/index.php?rest_route=%2Fwp%2Fv2%2Fmedia&parent=12852"}],"wp:term":[{"taxonomy":"category","embeddable":true,"href":"https:\/\/ecolefermedesbois.ch\/index.php?rest_route=%2Fwp%2Fv2%2Fcategories&post=12852"},{"taxonomy":"post_tag","embeddable":true,"href":"https:\/\/ecolefermedesbois.ch\/index.php?rest_route=%2Fwp%2Fv2%2Ftags&post=12852"}],"curies":[{"name":"wp","href":"https:\/\/api.w.org\/{rel}","templated":true}]}}