{"id":12779,"date":"2024-05-02T09:23:31","date_gmt":"2024-05-02T07:23:31","guid":{"rendered":"https:\/\/ecolefermedesbois.ch\/?p=12779"},"modified":"2024-05-02T10:58:40","modified_gmt":"2024-05-02T08:58:40","slug":"les-eleves-de-bardet-decouvrent-la-basse-cour","status":"publish","type":"post","link":"https:\/\/ecolefermedesbois.ch\/?p=12779","title":{"rendered":"Les \u00e9l\u00e8ves d&rsquo;E. Bardet d\u00e9couvrent la basse-cour"},"content":{"rendered":"<div class=\"pdfprnt-buttons pdfprnt-buttons-post pdfprnt-top-right\"><a href=\"https:\/\/ecolefermedesbois.ch\/index.php?rest_route=%2Fwp%2Fv2%2Fposts%2F12779&print=pdf\" class=\"pdfprnt-button pdfprnt-button-pdf\" target=\"_blank\" ><img data-recalc-dims=\"1\" decoding=\"async\" src=\"https:\/\/i0.wp.com\/ecolefermedesbois.ch\/wp-content\/plugins\/pdf-print\/images\/pdf.png?w=720&#038;ssl=1\" alt=\"image_pdf\" title=\"Afficher le PDF\" \/><\/a><a href=\"https:\/\/ecolefermedesbois.ch\/index.php?rest_route=%2Fwp%2Fv2%2Fposts%2F12779&print=print\" class=\"pdfprnt-button pdfprnt-button-print\" target=\"_blank\" ><img data-recalc-dims=\"1\" decoding=\"async\" src=\"https:\/\/i0.wp.com\/ecolefermedesbois.ch\/wp-content\/plugins\/pdf-print\/images\/print.png?w=720&#038;ssl=1\" alt=\"image_print\" title=\"Contenu imprim\u00e9\" \/><\/a><\/div>\n<p>Mardi, les \u00e9l\u00e8ves d\u2019\u00c9lodie Bardet de la Cassagne sont venus d\u00e9couvrirent les habitants de la basse-cour.<\/p>\n\n\n\n<p>Nous commen\u00e7ons par un jeu questions\/r\u00e9ponses. Je pose diff\u00e9rentes questions sur notre th\u00e8me et les \u00e9l\u00e8ves doivent se d\u00e9placer si la r\u00e9ponse est oui ou non. Ils d\u00e9couvrent qui habite dans la basse-cour ou encore comment s&rsquo;appelle le cri de la poule, du coq ou du poussin, etc.<\/p>\n\n\n\n<p>Nous voil\u00e0 au poulailler pour d\u00e9couvrir comment est constitu\u00e9 celui-ci, ce dont ont besoin les poules et ce qu&rsquo;elles mangent. \u00c9videmment, les enfants ont pu caresser et porter Poupette, notre gentil poulette.<\/p>\n\n\n\n<p>Apr\u00e8s une r\u00e9cr\u00e9 bien m\u00e9rit\u00e9e, nous confectionnons des madeleines. Chaque \u00e9l\u00e8ve \u00e0 pu participer \u00e0 la confection. Que ce soit de peser sucre ou farine, de casser les \u0153ufs ou ajouter le vanille et la poudre \u00e0 lever. Puis pour le plus grand bonheur de tous, ils ont pu touiller la papette !<br \/>Pendant la cuisson des madeleines, nous allons aupr\u00e8s des lapereaux. Que de joie dans les yeux des enfants, c&rsquo;est \u00e9mouvant ! Et nous finissons la matin\u00e9e en d\u00e9couvrent les particularit\u00e9s des poules par le jeu du toucher. Les \u00e9l\u00e8vent vont se passer des sacs dans lesquels nous avons mis diff\u00e9rentes choses. Des plumes, un sablier pour conna\u00eetre la dur\u00e9e de vie des poules, leur nourriture, leur compl\u00e9ment alimentaire ou encore du sable pour faire leurs toilettes, etc.<\/p>\n\n\n\n<p>Apr\u00e8s le repas et la d\u00e9gustation des madeleines, je leur montre ma collection d\u2019\u0153uf puis nous partons d\u00e9couvrir nos canetons, nos poussins et nos cailles. Plein de moment douceur. Pour clore cette belle journ\u00e9e, nous retournons c\u00e2liner les lapereaux.<\/p>\n\n\n\n<p>Merci les enfants pour votre douceur, votre patience et votre joie d&rsquo;\u00eatre chez nous \u00e0 la ferme.<\/p>\n\n\n\n<p>Merci \u00c9lodie, Eleonora et Ya\u00eblle d&rsquo;\u00eatre venues avec vos \u00e9l\u00e8ves partager ces moments de bonheur !<\/p>\n\n\n\n<p>A bient\u00f4t pour la d\u00e9couverte du potager !<\/p>\n\n\n\n<p>Sophie et Emilie<\/p>\n\n\n\n<div class=\"wp-block-jetpack-tiled-gallery aligncenter is-style-rectangular\"><div class=\"tiled-gallery__gallery\"><div class=\"tiled-gallery__row\"><div class=\"tiled-gallery__col\" style=\"flex-basis:23.80012%\"><figure class=\"tiled-gallery__item\"><img decoding=\"async\" alt=\"\" data-height=\"1000\" data-id=\"12782\" data-link=\"https:\/\/ecolefermedesbois.ch\/?attachment_id=12782\" data-url=\"https:\/\/ecolefermedesbois.ch\/wp-content\/uploads\/2024\/05\/wp-17146343281941884422550589144179-450x600.jpg\" data-width=\"750\" src=\"https:\/\/i1.wp.com\/ecolefermedesbois.ch\/wp-content\/uploads\/2024\/05\/wp-17146343281941884422550589144179-450x600.jpg?ssl=1\" data-amp-layout=\"responsive\"\/><\/figure><\/div><div class=\"tiled-gallery__col\" style=\"flex-basis:17.88992%\"><figure class=\"tiled-gallery__item\"><img decoding=\"async\" alt=\"\" data-height=\"1000\" data-id=\"12796\" data-link=\"https:\/\/ecolefermedesbois.ch\/?attachment_id=12796\" data-url=\"https:\/\/ecolefermedesbois.ch\/wp-content\/uploads\/2024\/05\/wp-17146343296222788181069926170907-338x600.jpg\" data-width=\"563\" src=\"https:\/\/i1.wp.com\/ecolefermedesbois.ch\/wp-content\/uploads\/2024\/05\/wp-17146343296222788181069926170907-338x600.jpg?ssl=1\" data-amp-layout=\"responsive\"\/><\/figure><\/div><div class=\"tiled-gallery__col\" style=\"flex-basis:36.21652%\"><figure class=\"tiled-gallery__item\"><img decoding=\"async\" alt=\"\" data-height=\"875\" data-id=\"12785\" data-link=\"https:\/\/ecolefermedesbois.ch\/?attachment_id=12785\" data-url=\"https:\/\/ecolefermedesbois.ch\/wp-content\/uploads\/2024\/05\/wp-1714634328524342330416388902566-600x525.jpg\" data-width=\"1000\" src=\"https:\/\/i0.wp.com\/ecolefermedesbois.ch\/wp-content\/uploads\/2024\/05\/wp-1714634328524342330416388902566-600x525.jpg?ssl=1\" data-amp-layout=\"responsive\"\/><\/figure><\/div><div class=\"tiled-gallery__col\" style=\"flex-basis:22.09343%\"><figure class=\"tiled-gallery__item\"><img decoding=\"async\" alt=\"\" data-height=\"1000\" data-id=\"12781\" data-link=\"https:\/\/ecolefermedesbois.ch\/?attachment_id=12781\" data-url=\"https:\/\/ecolefermedesbois.ch\/wp-content\/uploads\/2024\/05\/wp-17146343281118132536284203588757-418x600.jpg\" data-width=\"696\" src=\"https:\/\/i2.wp.com\/ecolefermedesbois.ch\/wp-content\/uploads\/2024\/05\/wp-17146343281118132536284203588757-418x600.jpg?ssl=1\" data-amp-layout=\"responsive\"\/><\/figure><\/div><\/div><div class=\"tiled-gallery__row\"><div class=\"tiled-gallery__col\" style=\"flex-basis:40.90646%\"><figure class=\"tiled-gallery__item\"><img decoding=\"async\" alt=\"\" data-height=\"1000\" data-id=\"12780\" data-link=\"https:\/\/ecolefermedesbois.ch\/?attachment_id=12780\" data-url=\"https:\/\/ecolefermedesbois.ch\/wp-content\/uploads\/2024\/05\/wp-17146343279966231949010597384864-433x600.jpg\" data-width=\"722\" src=\"https:\/\/i0.wp.com\/ecolefermedesbois.ch\/wp-content\/uploads\/2024\/05\/wp-17146343279966231949010597384864-433x600.jpg?ssl=1\" data-amp-layout=\"responsive\"\/><\/figure><\/div><div class=\"tiled-gallery__col\" style=\"flex-basis:59.09354%\"><figure class=\"tiled-gallery__item\"><img decoding=\"async\" alt=\"\" data-height=\"958\" data-id=\"12784\" data-link=\"https:\/\/ecolefermedesbois.ch\/?attachment_id=12784\" data-url=\"https:\/\/ecolefermedesbois.ch\/wp-content\/uploads\/2024\/05\/wp-17146343284606287910914144475421-600x575.jpg\" data-width=\"1000\" src=\"https:\/\/i0.wp.com\/ecolefermedesbois.ch\/wp-content\/uploads\/2024\/05\/wp-17146343284606287910914144475421-600x575.jpg?ssl=1\" data-amp-layout=\"responsive\"\/><\/figure><\/div><\/div><div class=\"tiled-gallery__row\"><div class=\"tiled-gallery__col\" style=\"flex-basis:50.00000%\"><figure class=\"tiled-gallery__item\"><img decoding=\"async\" alt=\"\" data-height=\"1000\" data-id=\"12787\" data-link=\"https:\/\/ecolefermedesbois.ch\/?attachment_id=12787\" data-url=\"https:\/\/ecolefermedesbois.ch\/wp-content\/uploads\/2024\/05\/wp-17146343288633487033191105926385-450x600.jpg\" data-width=\"750\" src=\"https:\/\/i0.wp.com\/ecolefermedesbois.ch\/wp-content\/uploads\/2024\/05\/wp-17146343288633487033191105926385-450x600.jpg?ssl=1\" data-amp-layout=\"responsive\"\/><\/figure><\/div><div class=\"tiled-gallery__col\" style=\"flex-basis:50.00000%\"><figure class=\"tiled-gallery__item\"><img decoding=\"async\" alt=\"\" data-height=\"1000\" data-id=\"12789\" data-link=\"https:\/\/ecolefermedesbois.ch\/?attachment_id=12789\" data-url=\"https:\/\/ecolefermedesbois.ch\/wp-content\/uploads\/2024\/05\/wp-17146343287356141091691619843223-450x600.jpg\" data-width=\"750\" src=\"https:\/\/i2.wp.com\/ecolefermedesbois.ch\/wp-content\/uploads\/2024\/05\/wp-17146343287356141091691619843223-450x600.jpg?ssl=1\" data-amp-layout=\"responsive\"\/><\/figure><\/div><\/div><div class=\"tiled-gallery__row\"><div class=\"tiled-gallery__col\" style=\"flex-basis:63.96477%\"><figure class=\"tiled-gallery__item\"><img decoding=\"async\" alt=\"\" data-height=\"750\" data-id=\"12783\" data-link=\"https:\/\/ecolefermedesbois.ch\/?attachment_id=12783\" data-url=\"https:\/\/ecolefermedesbois.ch\/wp-content\/uploads\/2024\/05\/wp-17146343283428893415526640344967-600x450.jpg\" data-width=\"1000\" src=\"https:\/\/i0.wp.com\/ecolefermedesbois.ch\/wp-content\/uploads\/2024\/05\/wp-17146343283428893415526640344967-600x450.jpg?ssl=1\" data-amp-layout=\"responsive\"\/><\/figure><\/div><div class=\"tiled-gallery__col\" style=\"flex-basis:36.03523%\"><figure class=\"tiled-gallery__item\"><img decoding=\"async\" alt=\"\" data-height=\"1000\" data-id=\"12786\" data-link=\"https:\/\/ecolefermedesbois.ch\/?attachment_id=12786\" data-url=\"https:\/\/ecolefermedesbois.ch\/wp-content\/uploads\/2024\/05\/wp-17146343286233751749891465120546-450x600.jpg\" data-width=\"750\" src=\"https:\/\/i2.wp.com\/ecolefermedesbois.ch\/wp-content\/uploads\/2024\/05\/wp-17146343286233751749891465120546-450x600.jpg?ssl=1\" data-amp-layout=\"responsive\"\/><\/figure><\/div><\/div><div class=\"tiled-gallery__row\"><div class=\"tiled-gallery__col\" style=\"flex-basis:26.75104%\"><figure class=\"tiled-gallery__item\"><img decoding=\"async\" alt=\"\" data-height=\"1000\" data-id=\"12790\" data-link=\"https:\/\/ecolefermedesbois.ch\/?attachment_id=12790\" data-url=\"https:\/\/ecolefermedesbois.ch\/wp-content\/uploads\/2024\/05\/wp-17146343292575974469662592883582-450x600.jpg\" data-width=\"750\" src=\"https:\/\/i2.wp.com\/ecolefermedesbois.ch\/wp-content\/uploads\/2024\/05\/wp-17146343292575974469662592883582-450x600.jpg?ssl=1\" data-amp-layout=\"responsive\"\/><\/figure><\/div><div class=\"tiled-gallery__col\" style=\"flex-basis:26.75104%\"><figure class=\"tiled-gallery__item\"><img decoding=\"async\" alt=\"\" data-height=\"1000\" data-id=\"12788\" data-link=\"https:\/\/ecolefermedesbois.ch\/?attachment_id=12788\" data-url=\"https:\/\/ecolefermedesbois.ch\/wp-content\/uploads\/2024\/05\/wp-17146343289703903254116224425628-450x600.jpg\" data-width=\"750\" src=\"https:\/\/i0.wp.com\/ecolefermedesbois.ch\/wp-content\/uploads\/2024\/05\/wp-17146343289703903254116224425628-450x600.jpg?ssl=1\" data-amp-layout=\"responsive\"\/><\/figure><\/div><div class=\"tiled-gallery__col\" style=\"flex-basis:26.39550%\"><figure class=\"tiled-gallery__item\"><img decoding=\"async\" alt=\"\" data-height=\"1000\" data-id=\"12794\" data-link=\"https:\/\/ecolefermedesbois.ch\/?attachment_id=12794\" data-url=\"https:\/\/ecolefermedesbois.ch\/wp-content\/uploads\/2024\/05\/wp-17146343291312308600129498771247-444x600.jpg\" data-width=\"740\" src=\"https:\/\/i2.wp.com\/ecolefermedesbois.ch\/wp-content\/uploads\/2024\/05\/wp-17146343291312308600129498771247-444x600.jpg?ssl=1\" data-amp-layout=\"responsive\"\/><\/figure><\/div><div class=\"tiled-gallery__col\" style=\"flex-basis:20.10242%\"><figure class=\"tiled-gallery__item\"><img decoding=\"async\" alt=\"\" data-height=\"1000\" data-id=\"12795\" data-link=\"https:\/\/ecolefermedesbois.ch\/?attachment_id=12795\" data-url=\"https:\/\/ecolefermedesbois.ch\/wp-content\/uploads\/2024\/05\/wp-17146343295826266709564095310246-338x600.jpg\" data-width=\"563\" src=\"https:\/\/i0.wp.com\/ecolefermedesbois.ch\/wp-content\/uploads\/2024\/05\/wp-17146343295826266709564095310246-338x600.jpg?ssl=1\" data-amp-layout=\"responsive\"\/><\/figure><\/div><\/div><div class=\"tiled-gallery__row\"><div class=\"tiled-gallery__col\" style=\"flex-basis:39.96355%\"><figure class=\"tiled-gallery__item\"><img decoding=\"async\" alt=\"\" data-height=\"1000\" data-id=\"12793\" data-link=\"https:\/\/ecolefermedesbois.ch\/?attachment_id=12793\" data-url=\"https:\/\/ecolefermedesbois.ch\/wp-content\/uploads\/2024\/05\/wp-17146343293825665533885463179244-450x600.jpg\" data-width=\"750\" src=\"https:\/\/i2.wp.com\/ecolefermedesbois.ch\/wp-content\/uploads\/2024\/05\/wp-17146343293825665533885463179244-450x600.jpg?ssl=1\" data-amp-layout=\"responsive\"\/><\/figure><\/div><div class=\"tiled-gallery__col\" style=\"flex-basis:30.01823%\"><figure class=\"tiled-gallery__item\"><img decoding=\"async\" alt=\"\" data-height=\"1000\" data-id=\"12791\" data-link=\"https:\/\/ecolefermedesbois.ch\/?attachment_id=12791\" data-url=\"https:\/\/ecolefermedesbois.ch\/wp-content\/uploads\/2024\/05\/wp-17146343295081591836695852974863-338x600.jpg\" data-width=\"563\" src=\"https:\/\/i2.wp.com\/ecolefermedesbois.ch\/wp-content\/uploads\/2024\/05\/wp-17146343295081591836695852974863-338x600.jpg?ssl=1\" data-amp-layout=\"responsive\"\/><\/figure><\/div><div class=\"tiled-gallery__col\" style=\"flex-basis:30.01823%\"><figure class=\"tiled-gallery__item\"><img decoding=\"async\" alt=\"\" data-height=\"1000\" data-id=\"12792\" data-link=\"https:\/\/ecolefermedesbois.ch\/?attachment_id=12792\" data-url=\"https:\/\/ecolefermedesbois.ch\/wp-content\/uploads\/2024\/05\/wp-17146343295474736476175684116060-338x600.jpg\" data-width=\"563\" src=\"https:\/\/i0.wp.com\/ecolefermedesbois.ch\/wp-content\/uploads\/2024\/05\/wp-17146343295474736476175684116060-338x600.jpg?ssl=1\" data-amp-layout=\"responsive\"\/><\/figure><\/div><\/div><\/div><\/div>\n","protected":false},"excerpt":{"rendered":"<p>Mardi, les \u00e9l\u00e8ves d\u2019\u00c9lodie Bardet de la Cassagne sont venus d\u00e9couvrirent les habitants de la basse-cour. Nous commen\u00e7ons par un&#46;&#46;&#46;<\/p>\n","protected":false},"author":2,"featured_media":12782,"comment_status":"open","ping_status":"open","sticky":false,"template":"","format":"standard","meta":{"jetpack_post_was_ever_published":false,"footnotes":"","jetpack_publicize_message":"","jetpack_publicize_feature_enabled":true,"jetpack_social_post_already_shared":true,"jetpack_social_options":{"image_generator_settings":{"template":"highway","default_image_id":0,"font":"","enabled":false},"version":2}},"categories":[33],"tags":[],"class_list":["post-12779","post","type-post","status-publish","format-standard","has-post-thumbnail","hentry","category-ecole"],"yoast_head":"<!-- This site is optimized with the Yoast SEO plugin v27.5 - https:\/\/yoast.com\/product\/yoast-seo-wordpress\/ -->\n<title>Les \u00e9l\u00e8ves d&#039;E. Bardet d\u00e9couvrent la basse-cour -<\/title>\n<meta name=\"robots\" content=\"index, follow, max-snippet:-1, max-image-preview:large, max-video-preview:-1\" \/>\n<link rel=\"canonical\" href=\"https:\/\/ecolefermedesbois.ch\/?p=12779\" \/>\n<meta property=\"og:locale\" content=\"fr_FR\" \/>\n<meta property=\"og:type\" content=\"article\" \/>\n<meta property=\"og:title\" content=\"Les \u00e9l\u00e8ves d&#039;E. Bardet d\u00e9couvrent la basse-cour -\" \/>\n<meta property=\"og:description\" content=\"Mardi, les \u00e9l\u00e8ves d\u2019\u00c9lodie Bardet de la Cassagne sont venus d\u00e9couvrirent les habitants de la basse-cour. Nous commen\u00e7ons par un&#046;&#046;&#046;\" \/>\n<meta property=\"og:url\" content=\"https:\/\/ecolefermedesbois.ch\/?p=12779\" \/>\n<meta property=\"article:publisher\" content=\"https:\/\/www.facebook.com\/ecolefermedesBois\" \/>\n<meta property=\"article:published_time\" content=\"2024-05-02T07:23:31+00:00\" \/>\n<meta property=\"article:modified_time\" content=\"2024-05-02T08:58:40+00:00\" \/>\n<meta property=\"og:image\" content=\"https:\/\/ecolefermedesbois.ch\/wp-content\/uploads\/2024\/05\/wp-17146343281941884422550589144179.jpg\" \/>\n\t<meta property=\"og:image:width\" content=\"750\" \/>\n\t<meta property=\"og:image:height\" content=\"1000\" \/>\n\t<meta property=\"og:image:type\" content=\"image\/jpeg\" \/>\n<meta name=\"author\" content=\"Sophie\" \/>\n<meta name=\"twitter:card\" content=\"summary_large_image\" \/>\n<meta name=\"twitter:label1\" content=\"\u00c9crit par\" \/>\n\t<meta name=\"twitter:data1\" content=\"Sophie\" \/>\n\t<meta name=\"twitter:label2\" content=\"Dur\u00e9e de lecture estim\u00e9e\" \/>\n\t<meta name=\"twitter:data2\" content=\"6 minutes\" \/>\n<script type=\"application\/ld+json\" class=\"yoast-schema-graph\">{\"@context\":\"https:\\\/\\\/schema.org\",\"@graph\":[{\"@type\":\"Article\",\"@id\":\"https:\\\/\\\/ecolefermedesbois.ch\\\/?p=12779#article\",\"isPartOf\":{\"@id\":\"https:\\\/\\\/ecolefermedesbois.ch\\\/?p=12779\"},\"author\":{\"name\":\"Sophie\",\"@id\":\"https:\\\/\\\/ecolefermedesbois.ch\\\/#\\\/schema\\\/person\\\/78f5a1c78e958e51240f90932d290908\"},\"headline\":\"Les \u00e9l\u00e8ves d&rsquo;E. Bardet d\u00e9couvrent la basse-cour\",\"datePublished\":\"2024-05-02T07:23:31+00:00\",\"dateModified\":\"2024-05-02T08:58:40+00:00\",\"mainEntityOfPage\":{\"@id\":\"https:\\\/\\\/ecolefermedesbois.ch\\\/?p=12779\"},\"wordCount\":349,\"commentCount\":0,\"publisher\":{\"@id\":\"https:\\\/\\\/ecolefermedesbois.ch\\\/#organization\"},\"image\":{\"@id\":\"https:\\\/\\\/ecolefermedesbois.ch\\\/?p=12779#primaryimage\"},\"thumbnailUrl\":\"https:\\\/\\\/i0.wp.com\\\/ecolefermedesbois.ch\\\/wp-content\\\/uploads\\\/2024\\\/05\\\/wp-17146343281941884422550589144179.jpg?fit=750%2C1000&ssl=1\",\"articleSection\":[\"Ecole\"],\"inLanguage\":\"fr-FR\",\"potentialAction\":[{\"@type\":\"CommentAction\",\"name\":\"Comment\",\"target\":[\"https:\\\/\\\/ecolefermedesbois.ch\\\/?p=12779#respond\"]}]},{\"@type\":\"WebPage\",\"@id\":\"https:\\\/\\\/ecolefermedesbois.ch\\\/?p=12779\",\"url\":\"https:\\\/\\\/ecolefermedesbois.ch\\\/?p=12779\",\"name\":\"Les \u00e9l\u00e8ves d'E. Bardet d\u00e9couvrent la basse-cour -\",\"isPartOf\":{\"@id\":\"https:\\\/\\\/ecolefermedesbois.ch\\\/#website\"},\"primaryImageOfPage\":{\"@id\":\"https:\\\/\\\/ecolefermedesbois.ch\\\/?p=12779#primaryimage\"},\"image\":{\"@id\":\"https:\\\/\\\/ecolefermedesbois.ch\\\/?p=12779#primaryimage\"},\"thumbnailUrl\":\"https:\\\/\\\/i0.wp.com\\\/ecolefermedesbois.ch\\\/wp-content\\\/uploads\\\/2024\\\/05\\\/wp-17146343281941884422550589144179.jpg?fit=750%2C1000&ssl=1\",\"datePublished\":\"2024-05-02T07:23:31+00:00\",\"dateModified\":\"2024-05-02T08:58:40+00:00\",\"breadcrumb\":{\"@id\":\"https:\\\/\\\/ecolefermedesbois.ch\\\/?p=12779#breadcrumb\"},\"inLanguage\":\"fr-FR\",\"potentialAction\":[{\"@type\":\"ReadAction\",\"target\":[\"https:\\\/\\\/ecolefermedesbois.ch\\\/?p=12779\"]}]},{\"@type\":\"ImageObject\",\"inLanguage\":\"fr-FR\",\"@id\":\"https:\\\/\\\/ecolefermedesbois.ch\\\/?p=12779#primaryimage\",\"url\":\"https:\\\/\\\/i0.wp.com\\\/ecolefermedesbois.ch\\\/wp-content\\\/uploads\\\/2024\\\/05\\\/wp-17146343281941884422550589144179.jpg?fit=750%2C1000&ssl=1\",\"contentUrl\":\"https:\\\/\\\/i0.wp.com\\\/ecolefermedesbois.ch\\\/wp-content\\\/uploads\\\/2024\\\/05\\\/wp-17146343281941884422550589144179.jpg?fit=750%2C1000&ssl=1\",\"width\":750,\"height\":1000},{\"@type\":\"BreadcrumbList\",\"@id\":\"https:\\\/\\\/ecolefermedesbois.ch\\\/?p=12779#breadcrumb\",\"itemListElement\":[{\"@type\":\"ListItem\",\"position\":1,\"name\":\"Accueil\",\"item\":\"https:\\\/\\\/ecolefermedesbois.ch\\\/\"},{\"@type\":\"ListItem\",\"position\":2,\"name\":\"Les \u00e9l\u00e8ves d&rsquo;E. Bardet d\u00e9couvrent la basse-cour\"}]},{\"@type\":\"WebSite\",\"@id\":\"https:\\\/\\\/ecolefermedesbois.ch\\\/#website\",\"url\":\"https:\\\/\\\/ecolefermedesbois.ch\\\/\",\"name\":\"ecolefermedesbois\",\"description\":\"\",\"publisher\":{\"@id\":\"https:\\\/\\\/ecolefermedesbois.ch\\\/#organization\"},\"potentialAction\":[{\"@type\":\"SearchAction\",\"target\":{\"@type\":\"EntryPoint\",\"urlTemplate\":\"https:\\\/\\\/ecolefermedesbois.ch\\\/?s={search_term_string}\"},\"query-input\":{\"@type\":\"PropertyValueSpecification\",\"valueRequired\":true,\"valueName\":\"search_term_string\"}}],\"inLanguage\":\"fr-FR\"},{\"@type\":\"Organization\",\"@id\":\"https:\\\/\\\/ecolefermedesbois.ch\\\/#organization\",\"name\":\"Ecole \u00e0 la Ferme des Bois\",\"url\":\"https:\\\/\\\/ecolefermedesbois.ch\\\/\",\"logo\":{\"@type\":\"ImageObject\",\"inLanguage\":\"fr-FR\",\"@id\":\"https:\\\/\\\/ecolefermedesbois.ch\\\/#\\\/schema\\\/logo\\\/image\\\/\",\"url\":\"https:\\\/\\\/ecolefermedesbois.ch\\\/wp-content\\\/uploads\\\/2019\\\/04\\\/logo-scaled.gif\",\"contentUrl\":\"https:\\\/\\\/ecolefermedesbois.ch\\\/wp-content\\\/uploads\\\/2019\\\/04\\\/logo-scaled.gif\",\"width\":2560,\"height\":608,\"caption\":\"Ecole \u00e0 la Ferme des Bois\"},\"image\":{\"@id\":\"https:\\\/\\\/ecolefermedesbois.ch\\\/#\\\/schema\\\/logo\\\/image\\\/\"},\"sameAs\":[\"https:\\\/\\\/www.facebook.com\\\/ecolefermedesBois\"]},{\"@type\":\"Person\",\"@id\":\"https:\\\/\\\/ecolefermedesbois.ch\\\/#\\\/schema\\\/person\\\/78f5a1c78e958e51240f90932d290908\",\"name\":\"Sophie\",\"image\":{\"@type\":\"ImageObject\",\"inLanguage\":\"fr-FR\",\"@id\":\"https:\\\/\\\/secure.gravatar.com\\\/avatar\\\/053fbaec50cb27b03b880a4b8b018009aa3af995f32011efc3f40a589371d46f?s=96&d=mm&r=g\",\"url\":\"https:\\\/\\\/secure.gravatar.com\\\/avatar\\\/053fbaec50cb27b03b880a4b8b018009aa3af995f32011efc3f40a589371d46f?s=96&d=mm&r=g\",\"contentUrl\":\"https:\\\/\\\/secure.gravatar.com\\\/avatar\\\/053fbaec50cb27b03b880a4b8b018009aa3af995f32011efc3f40a589371d46f?s=96&d=mm&r=g\",\"caption\":\"Sophie\"},\"url\":\"https:\\\/\\\/ecolefermedesbois.ch\\\/?author=2\"}]}<\/script>\n<!-- \/ Yoast SEO plugin. -->","yoast_head_json":{"title":"Les \u00e9l\u00e8ves d'E. Bardet d\u00e9couvrent la basse-cour -","robots":{"index":"index","follow":"follow","max-snippet":"max-snippet:-1","max-image-preview":"max-image-preview:large","max-video-preview":"max-video-preview:-1"},"canonical":"https:\/\/ecolefermedesbois.ch\/?p=12779","og_locale":"fr_FR","og_type":"article","og_title":"Les \u00e9l\u00e8ves d'E. Bardet d\u00e9couvrent la basse-cour -","og_description":"Mardi, les \u00e9l\u00e8ves d\u2019\u00c9lodie Bardet de la Cassagne sont venus d\u00e9couvrirent les habitants de la basse-cour. Nous commen\u00e7ons par un&#46;&#46;&#46;","og_url":"https:\/\/ecolefermedesbois.ch\/?p=12779","article_publisher":"https:\/\/www.facebook.com\/ecolefermedesBois","article_published_time":"2024-05-02T07:23:31+00:00","article_modified_time":"2024-05-02T08:58:40+00:00","og_image":[{"width":750,"height":1000,"url":"https:\/\/ecolefermedesbois.ch\/wp-content\/uploads\/2024\/05\/wp-17146343281941884422550589144179.jpg","type":"image\/jpeg"}],"author":"Sophie","twitter_card":"summary_large_image","twitter_misc":{"\u00c9crit par":"Sophie","Dur\u00e9e de lecture estim\u00e9e":"6 minutes"},"schema":{"@context":"https:\/\/schema.org","@graph":[{"@type":"Article","@id":"https:\/\/ecolefermedesbois.ch\/?p=12779#article","isPartOf":{"@id":"https:\/\/ecolefermedesbois.ch\/?p=12779"},"author":{"name":"Sophie","@id":"https:\/\/ecolefermedesbois.ch\/#\/schema\/person\/78f5a1c78e958e51240f90932d290908"},"headline":"Les \u00e9l\u00e8ves d&rsquo;E. Bardet d\u00e9couvrent la basse-cour","datePublished":"2024-05-02T07:23:31+00:00","dateModified":"2024-05-02T08:58:40+00:00","mainEntityOfPage":{"@id":"https:\/\/ecolefermedesbois.ch\/?p=12779"},"wordCount":349,"commentCount":0,"publisher":{"@id":"https:\/\/ecolefermedesbois.ch\/#organization"},"image":{"@id":"https:\/\/ecolefermedesbois.ch\/?p=12779#primaryimage"},"thumbnailUrl":"https:\/\/i0.wp.com\/ecolefermedesbois.ch\/wp-content\/uploads\/2024\/05\/wp-17146343281941884422550589144179.jpg?fit=750%2C1000&ssl=1","articleSection":["Ecole"],"inLanguage":"fr-FR","potentialAction":[{"@type":"CommentAction","name":"Comment","target":["https:\/\/ecolefermedesbois.ch\/?p=12779#respond"]}]},{"@type":"WebPage","@id":"https:\/\/ecolefermedesbois.ch\/?p=12779","url":"https:\/\/ecolefermedesbois.ch\/?p=12779","name":"Les \u00e9l\u00e8ves d'E. Bardet d\u00e9couvrent la basse-cour -","isPartOf":{"@id":"https:\/\/ecolefermedesbois.ch\/#website"},"primaryImageOfPage":{"@id":"https:\/\/ecolefermedesbois.ch\/?p=12779#primaryimage"},"image":{"@id":"https:\/\/ecolefermedesbois.ch\/?p=12779#primaryimage"},"thumbnailUrl":"https:\/\/i0.wp.com\/ecolefermedesbois.ch\/wp-content\/uploads\/2024\/05\/wp-17146343281941884422550589144179.jpg?fit=750%2C1000&ssl=1","datePublished":"2024-05-02T07:23:31+00:00","dateModified":"2024-05-02T08:58:40+00:00","breadcrumb":{"@id":"https:\/\/ecolefermedesbois.ch\/?p=12779#breadcrumb"},"inLanguage":"fr-FR","potentialAction":[{"@type":"ReadAction","target":["https:\/\/ecolefermedesbois.ch\/?p=12779"]}]},{"@type":"ImageObject","inLanguage":"fr-FR","@id":"https:\/\/ecolefermedesbois.ch\/?p=12779#primaryimage","url":"https:\/\/i0.wp.com\/ecolefermedesbois.ch\/wp-content\/uploads\/2024\/05\/wp-17146343281941884422550589144179.jpg?fit=750%2C1000&ssl=1","contentUrl":"https:\/\/i0.wp.com\/ecolefermedesbois.ch\/wp-content\/uploads\/2024\/05\/wp-17146343281941884422550589144179.jpg?fit=750%2C1000&ssl=1","width":750,"height":1000},{"@type":"BreadcrumbList","@id":"https:\/\/ecolefermedesbois.ch\/?p=12779#breadcrumb","itemListElement":[{"@type":"ListItem","position":1,"name":"Accueil","item":"https:\/\/ecolefermedesbois.ch\/"},{"@type":"ListItem","position":2,"name":"Les \u00e9l\u00e8ves d&rsquo;E. Bardet d\u00e9couvrent la basse-cour"}]},{"@type":"WebSite","@id":"https:\/\/ecolefermedesbois.ch\/#website","url":"https:\/\/ecolefermedesbois.ch\/","name":"ecolefermedesbois","description":"","publisher":{"@id":"https:\/\/ecolefermedesbois.ch\/#organization"},"potentialAction":[{"@type":"SearchAction","target":{"@type":"EntryPoint","urlTemplate":"https:\/\/ecolefermedesbois.ch\/?s={search_term_string}"},"query-input":{"@type":"PropertyValueSpecification","valueRequired":true,"valueName":"search_term_string"}}],"inLanguage":"fr-FR"},{"@type":"Organization","@id":"https:\/\/ecolefermedesbois.ch\/#organization","name":"Ecole \u00e0 la Ferme des Bois","url":"https:\/\/ecolefermedesbois.ch\/","logo":{"@type":"ImageObject","inLanguage":"fr-FR","@id":"https:\/\/ecolefermedesbois.ch\/#\/schema\/logo\/image\/","url":"https:\/\/ecolefermedesbois.ch\/wp-content\/uploads\/2019\/04\/logo-scaled.gif","contentUrl":"https:\/\/ecolefermedesbois.ch\/wp-content\/uploads\/2019\/04\/logo-scaled.gif","width":2560,"height":608,"caption":"Ecole \u00e0 la Ferme des Bois"},"image":{"@id":"https:\/\/ecolefermedesbois.ch\/#\/schema\/logo\/image\/"},"sameAs":["https:\/\/www.facebook.com\/ecolefermedesBois"]},{"@type":"Person","@id":"https:\/\/ecolefermedesbois.ch\/#\/schema\/person\/78f5a1c78e958e51240f90932d290908","name":"Sophie","image":{"@type":"ImageObject","inLanguage":"fr-FR","@id":"https:\/\/secure.gravatar.com\/avatar\/053fbaec50cb27b03b880a4b8b018009aa3af995f32011efc3f40a589371d46f?s=96&d=mm&r=g","url":"https:\/\/secure.gravatar.com\/avatar\/053fbaec50cb27b03b880a4b8b018009aa3af995f32011efc3f40a589371d46f?s=96&d=mm&r=g","contentUrl":"https:\/\/secure.gravatar.com\/avatar\/053fbaec50cb27b03b880a4b8b018009aa3af995f32011efc3f40a589371d46f?s=96&d=mm&r=g","caption":"Sophie"},"url":"https:\/\/ecolefermedesbois.ch\/?author=2"}]}},"jetpack_publicize_connections":[],"jetpack_featured_media_url":"https:\/\/i0.wp.com\/ecolefermedesbois.ch\/wp-content\/uploads\/2024\/05\/wp-17146343281941884422550589144179.jpg?fit=750%2C1000&ssl=1","jetpack_sharing_enabled":true,"_links":{"self":[{"href":"https:\/\/ecolefermedesbois.ch\/index.php?rest_route=\/wp\/v2\/posts\/12779","targetHints":{"allow":["GET"]}}],"collection":[{"href":"https:\/\/ecolefermedesbois.ch\/index.php?rest_route=\/wp\/v2\/posts"}],"about":[{"href":"https:\/\/ecolefermedesbois.ch\/index.php?rest_route=\/wp\/v2\/types\/post"}],"author":[{"embeddable":true,"href":"https:\/\/ecolefermedesbois.ch\/index.php?rest_route=\/wp\/v2\/users\/2"}],"replies":[{"embeddable":true,"href":"https:\/\/ecolefermedesbois.ch\/index.php?rest_route=%2Fwp%2Fv2%2Fcomments&post=12779"}],"version-history":[{"count":2,"href":"https:\/\/ecolefermedesbois.ch\/index.php?rest_route=\/wp\/v2\/posts\/12779\/revisions"}],"predecessor-version":[{"id":12798,"href":"https:\/\/ecolefermedesbois.ch\/index.php?rest_route=\/wp\/v2\/posts\/12779\/revisions\/12798"}],"wp:featuredmedia":[{"embeddable":true,"href":"https:\/\/ecolefermedesbois.ch\/index.php?rest_route=\/wp\/v2\/media\/12782"}],"wp:attachment":[{"href":"https:\/\/ecolefermedesbois.ch\/index.php?rest_route=%2Fwp%2Fv2%2Fmedia&parent=12779"}],"wp:term":[{"taxonomy":"category","embeddable":true,"href":"https:\/\/ecolefermedesbois.ch\/index.php?rest_route=%2Fwp%2Fv2%2Fcategories&post=12779"},{"taxonomy":"post_tag","embeddable":true,"href":"https:\/\/ecolefermedesbois.ch\/index.php?rest_route=%2Fwp%2Fv2%2Ftags&post=12779"}],"curies":[{"name":"wp","href":"https:\/\/api.w.org\/{rel}","templated":true}]}}