{"id":12648,"date":"2024-03-29T10:29:27","date_gmt":"2024-03-29T09:29:27","guid":{"rendered":"https:\/\/ecolefermedesbois.ch\/?p=12648"},"modified":"2024-03-29T11:00:37","modified_gmt":"2024-03-29T10:00:37","slug":"la-classe-de-melissa-regamey-celle-de-claire-nieuwe-weme-et-celle-de-floriane-yersin-sont-venues-decouvrir-la-basse-cour","status":"publish","type":"post","link":"https:\/\/ecolefermedesbois.ch\/?p=12648","title":{"rendered":"La classe de M\u00e9lissa Regamey, celle de Claire Nieuwe Weme et celle de Floriane Yersin sont venues d\u00e9couvrir la basse-cour"},"content":{"rendered":"<div class=\"pdfprnt-buttons pdfprnt-buttons-post pdfprnt-top-right\"><a href=\"https:\/\/ecolefermedesbois.ch\/index.php?rest_route=%2Fwp%2Fv2%2Fposts%2F12648&print=pdf\" class=\"pdfprnt-button pdfprnt-button-pdf\" target=\"_blank\" ><img data-recalc-dims=\"1\" decoding=\"async\" src=\"https:\/\/i0.wp.com\/ecolefermedesbois.ch\/wp-content\/plugins\/pdf-print\/images\/pdf.png?w=720&#038;ssl=1\" alt=\"image_pdf\" title=\"Afficher le PDF\" \/><\/a><a href=\"https:\/\/ecolefermedesbois.ch\/index.php?rest_route=%2Fwp%2Fv2%2Fposts%2F12648&print=print\" class=\"pdfprnt-button pdfprnt-button-print\" target=\"_blank\" ><img data-recalc-dims=\"1\" decoding=\"async\" src=\"https:\/\/i0.wp.com\/ecolefermedesbois.ch\/wp-content\/plugins\/pdf-print\/images\/print.png?w=720&#038;ssl=1\" alt=\"image_print\" title=\"Contenu imprim\u00e9\" \/><\/a><\/div>\n<p>Ces deux derni\u00e8res semaines les \u00e9l\u00e8ves de M\u00e9lissa d&rsquo;Oron, de Claire de Vevey et les \u00e9l\u00e8ves de Floriane de Grandvaux sont venus d\u00e9couvrir les habitants de la basse-cour.<\/p>\n\n\n\n<p>Nous commen\u00e7ons la matin\u00e9e par un jeu de questions-r\u00e9ponses. Soit par oui ou non pour les plus jeunes ou des r\u00e9ponses \u00e0 choix afin de d\u00e9couvrir les premi\u00e8res informations sur la basse-cour. <\/p>\n\n\n\n<p>Une fois le jeu termin\u00e9, nous allons nous occuper des poules. Pour le faire nous faisons 2 groupes. Le premier groupe vient avec moi ouvrir la porte du poulailler afin que les poules puissent aller dans le parc, nous leur donnons \u00e0 manger et \u00e0 boire. Je leur explique que nous faisons cela tout les matins. Puis nous observons ce qui se passe dans le poulailler. Les \u00e9l\u00e8ves d\u00e9couvrent combien d\u2019\u0153uf une poule pond par jour, la dur\u00e9e de couvaison en passant par la particularit\u00e9 de ses pattes ou encore par le fait que la poule dorme en hauteur, etc&#8230; <br>Le deuxi\u00e8me groupe est avec Emilie pour d\u00e9couvrir l&rsquo;alimentation de la poule et quelques particularit\u00e9s par le jeu du toucher. En devinant ce qui se cache dans chaque sac. <br>Apr\u00e8s la r\u00e9cr\u00e9, nous \u00e9changeons les groupes afin que chaque \u00e9l\u00e8ve puisse avoir les m\u00eames informations et puisse d\u00e9couvrir les m\u00eames choses. Pour la classe de M\u00e9lissa, le deuxi\u00e8me groupe s&rsquo;occupe de l&rsquo;autre poulailler afin de faire la m\u00eame chose que moi.<\/p>\n\n\n\n<p>Pour la deuxi\u00e8me partie de la matin\u00e9e nous allons en salle pour confectionner des madeleines qui seront d\u00e9gust\u00e9es pour le dessert. Mains lav\u00e9es, manches retrouss\u00e9es, nous voil\u00e0 pr\u00eats pour pr\u00e9parer la papette de madeleines. Les \u00e9l\u00e8ves p\u00e8sent le beurre, le sucre, la farine et ajoutons le lait, les \u0153ufs,&#8230; puis ils m\u00e9langent le tout. Bravo les enfants, vous avez \u00e9t\u00e9 super efficace !<\/p>\n\n\n\n<p>Pendant la cuisson de nos madeleines, nous commen\u00e7ons par le moment des c\u00e2lins avec nos jeunes poussins. <br>Puis nous parlons de la morphologie de la poule avec les classe de Claire et Floriane. Quelles sont ses particularit\u00e9s. Et pour finir, pour toutes les classes, je leur montre ma collection d\u2019\u0153ufs; du plus grand, celui de l&rsquo;autruche au plus petit, celui de la caille.<\/p>\n\n\n\n<p>Pour terminer la matin\u00e9e, nous nous rendons vers nos lapins. <br>Comment s&rsquo;appelle le papa, la maman et les b\u00e9b\u00e9s. Et quelles sont les particularit\u00e9s du lapin&#8230; <br>Que de bonheur partag\u00e9 ! De leur faire des c\u00e2lins et de recevoir vos c\u00e2lins.<\/p>\n\n\n\n<p>Merci les enfants pour votre joie, votre amour pour les animaux et votre curiosit\u00e9! J&rsquo;ai pass\u00e9 de belles matin\u00e9es \u00e0 vos c\u00f4t\u00e9s. Je me r\u00e9jouis de vous revoir bient\u00f4t!<\/p>\n\n\n\n<p>Merci Mesdames d&rsquo;\u00eatre venus avec vos accompagnants et vos \u00e9l\u00e8ves nous permettre de vivre ces beaux moments de d\u00e9couvertes et de partages! C&rsquo;est \u00e0 chaque fois que du bonheur!<\/p>\n\n\n\n<p>A bient\u00f4t<\/p>\n\n\n\n<p>Sophie et Emilie<\/p>\n\n\n\n<div class=\"wp-block-jetpack-tiled-gallery aligncenter is-style-rectangular\"><div class=\"tiled-gallery__gallery\"><div class=\"tiled-gallery__row\"><div class=\"tiled-gallery__col\" style=\"flex-basis:17.57177%\"><figure class=\"tiled-gallery__item\"><img decoding=\"async\" alt=\"\" data-height=\"1000\" data-id=\"12650\" data-link=\"https:\/\/ecolefermedesbois.ch\/?attachment_id=12650\" data-url=\"https:\/\/ecolefermedesbois.ch\/wp-content\/uploads\/2024\/03\/wp-1711705107452809510598387194766-338x600.jpg\" data-width=\"563\" src=\"https:\/\/i0.wp.com\/ecolefermedesbois.ch\/wp-content\/uploads\/2024\/03\/wp-1711705107452809510598387194766-338x600.jpg?ssl=1\" data-amp-layout=\"responsive\"\/><\/figure><\/div><div class=\"tiled-gallery__col\" style=\"flex-basis:17.57177%\"><figure class=\"tiled-gallery__item\"><img decoding=\"async\" alt=\"\" data-height=\"1000\" data-id=\"12651\" data-link=\"https:\/\/ecolefermedesbois.ch\/?attachment_id=12651\" data-url=\"https:\/\/ecolefermedesbois.ch\/wp-content\/uploads\/2024\/03\/wp-17117051073994020270644042411618-338x600.jpg\" data-width=\"563\" src=\"https:\/\/i1.wp.com\/ecolefermedesbois.ch\/wp-content\/uploads\/2024\/03\/wp-17117051073994020270644042411618-338x600.jpg?ssl=1\" data-amp-layout=\"responsive\"\/><\/figure><\/div><div class=\"tiled-gallery__col\" style=\"flex-basis:23.37572%\"><figure class=\"tiled-gallery__item\"><img decoding=\"async\" alt=\"\" data-height=\"1000\" data-id=\"12663\" data-link=\"https:\/\/ecolefermedesbois.ch\/?attachment_id=12663\" data-url=\"https:\/\/ecolefermedesbois.ch\/wp-content\/uploads\/2024\/03\/wp-17117051086402534515954177322499-450x600.jpg\" data-width=\"750\" src=\"https:\/\/i0.wp.com\/ecolefermedesbois.ch\/wp-content\/uploads\/2024\/03\/wp-17117051086402534515954177322499-450x600.jpg?ssl=1\" data-amp-layout=\"responsive\"\/><\/figure><\/div><div class=\"tiled-gallery__col\" style=\"flex-basis:41.48074%\"><figure class=\"tiled-gallery__item\"><img decoding=\"async\" alt=\"\" data-height=\"750\" data-id=\"12664\" data-link=\"https:\/\/ecolefermedesbois.ch\/?attachment_id=12664\" data-url=\"https:\/\/ecolefermedesbois.ch\/wp-content\/uploads\/2024\/03\/wp-17117051087437779029944305084313-600x450.jpg\" data-width=\"1000\" src=\"https:\/\/i1.wp.com\/ecolefermedesbois.ch\/wp-content\/uploads\/2024\/03\/wp-17117051087437779029944305084313-600x450.jpg?ssl=1\" data-amp-layout=\"responsive\"\/><\/figure><\/div><\/div><div class=\"tiled-gallery__row\"><div class=\"tiled-gallery__col\" style=\"flex-basis:26.49419%\"><figure class=\"tiled-gallery__item\"><img decoding=\"async\" alt=\"\" data-height=\"1000\" data-id=\"12662\" data-link=\"https:\/\/ecolefermedesbois.ch\/?attachment_id=12662\" data-url=\"https:\/\/ecolefermedesbois.ch\/wp-content\/uploads\/2024\/03\/wp-17117051085123380422858062062218-450x600.jpg\" data-width=\"750\" src=\"https:\/\/i0.wp.com\/ecolefermedesbois.ch\/wp-content\/uploads\/2024\/03\/wp-17117051085123380422858062062218-450x600.jpg?ssl=1\" data-amp-layout=\"responsive\"\/><\/figure><\/div><div class=\"tiled-gallery__col\" style=\"flex-basis:47.01163%\"><figure class=\"tiled-gallery__item\"><img decoding=\"async\" alt=\"\" data-height=\"750\" data-id=\"12660\" data-link=\"https:\/\/ecolefermedesbois.ch\/?attachment_id=12660\" data-url=\"https:\/\/ecolefermedesbois.ch\/wp-content\/uploads\/2024\/03\/wp-17117051082664400835046862950669-600x450.jpg\" data-width=\"1000\" src=\"https:\/\/i0.wp.com\/ecolefermedesbois.ch\/wp-content\/uploads\/2024\/03\/wp-17117051082664400835046862950669-600x450.jpg?ssl=1\" data-amp-layout=\"responsive\"\/><\/figure><\/div><div class=\"tiled-gallery__col\" style=\"flex-basis:26.49419%\"><figure class=\"tiled-gallery__item\"><img decoding=\"async\" alt=\"\" data-height=\"1000\" data-id=\"12659\" data-link=\"https:\/\/ecolefermedesbois.ch\/?attachment_id=12659\" data-url=\"https:\/\/ecolefermedesbois.ch\/wp-content\/uploads\/2024\/03\/wp-17117051081468464970899373884243-450x600.jpg\" data-width=\"750\" src=\"https:\/\/i0.wp.com\/ecolefermedesbois.ch\/wp-content\/uploads\/2024\/03\/wp-17117051081468464970899373884243-450x600.jpg?ssl=1\" data-amp-layout=\"responsive\"\/><\/figure><\/div><\/div><div class=\"tiled-gallery__row\"><div class=\"tiled-gallery__col\" style=\"flex-basis:50.00000%\"><figure class=\"tiled-gallery__item\"><img decoding=\"async\" alt=\"\" data-height=\"1008\" data-id=\"12656\" data-link=\"https:\/\/ecolefermedesbois.ch\/?attachment_id=12656\" data-url=\"https:\/\/ecolefermedesbois.ch\/wp-content\/uploads\/2024\/03\/wp-17117051077157983734253889256253-450x600.jpg\" data-width=\"756\" src=\"https:\/\/i1.wp.com\/ecolefermedesbois.ch\/wp-content\/uploads\/2024\/03\/wp-17117051077157983734253889256253-450x600.jpg?ssl=1\" data-amp-layout=\"responsive\"\/><\/figure><\/div><div class=\"tiled-gallery__col\" style=\"flex-basis:50.00000%\"><figure class=\"tiled-gallery__item\"><img decoding=\"async\" alt=\"\" data-height=\"1000\" data-id=\"12655\" data-link=\"https:\/\/ecolefermedesbois.ch\/?attachment_id=12655\" data-url=\"https:\/\/ecolefermedesbois.ch\/wp-content\/uploads\/2024\/03\/wp-17117051078182011699384354337029-450x600.jpg\" data-width=\"750\" src=\"https:\/\/i0.wp.com\/ecolefermedesbois.ch\/wp-content\/uploads\/2024\/03\/wp-17117051078182011699384354337029-450x600.jpg?ssl=1\" data-amp-layout=\"responsive\"\/><\/figure><\/div><\/div><div class=\"tiled-gallery__row\"><div class=\"tiled-gallery__col\" style=\"flex-basis:65.90557%\"><figure class=\"tiled-gallery__item\"><img decoding=\"async\" alt=\"\" data-height=\"1000\" data-id=\"12657\" data-link=\"https:\/\/ecolefermedesbois.ch\/?attachment_id=12657\" data-url=\"https:\/\/ecolefermedesbois.ch\/wp-content\/uploads\/2024\/03\/wp-17117051079192610998798909769246-450x600.jpg\" data-width=\"750\" src=\"https:\/\/i0.wp.com\/ecolefermedesbois.ch\/wp-content\/uploads\/2024\/03\/wp-17117051079192610998798909769246-450x600.jpg?ssl=1\" data-amp-layout=\"responsive\"\/><\/figure><\/div><div class=\"tiled-gallery__col\" style=\"flex-basis:34.09443%\"><figure class=\"tiled-gallery__item\"><img decoding=\"async\" alt=\"\" data-height=\"750\" data-id=\"12658\" data-link=\"https:\/\/ecolefermedesbois.ch\/?attachment_id=12658\" data-url=\"https:\/\/ecolefermedesbois.ch\/wp-content\/uploads\/2024\/03\/wp-17117051080345946421727068932447-600x450.jpg\" data-width=\"1000\" src=\"https:\/\/i1.wp.com\/ecolefermedesbois.ch\/wp-content\/uploads\/2024\/03\/wp-17117051080345946421727068932447-600x450.jpg?ssl=1\" data-amp-layout=\"responsive\"\/><\/figure><figure class=\"tiled-gallery__item\"><img decoding=\"async\" alt=\"\" data-height=\"829\" data-id=\"12652\" data-link=\"https:\/\/ecolefermedesbois.ch\/?attachment_id=12652\" data-url=\"https:\/\/ecolefermedesbois.ch\/wp-content\/uploads\/2024\/03\/wp-17117051076101046818372686102981-600x497.jpg\" data-width=\"1000\" src=\"https:\/\/i0.wp.com\/ecolefermedesbois.ch\/wp-content\/uploads\/2024\/03\/wp-17117051076101046818372686102981-600x497.jpg?ssl=1\" data-amp-layout=\"responsive\"\/><\/figure><figure class=\"tiled-gallery__item\"><img decoding=\"async\" alt=\"\" data-height=\"981\" data-id=\"12654\" data-link=\"https:\/\/ecolefermedesbois.ch\/?attachment_id=12654\" data-url=\"https:\/\/ecolefermedesbois.ch\/wp-content\/uploads\/2024\/03\/wp-17117051075242536235503959157251-600x589.jpg\" data-width=\"1000\" src=\"https:\/\/i2.wp.com\/ecolefermedesbois.ch\/wp-content\/uploads\/2024\/03\/wp-17117051075242536235503959157251-600x589.jpg?ssl=1\" data-amp-layout=\"responsive\"\/><\/figure><\/div><\/div><div class=\"tiled-gallery__row\"><div class=\"tiled-gallery__col\" style=\"flex-basis:21.45085%\"><figure class=\"tiled-gallery__item\"><img decoding=\"async\" alt=\"\" data-height=\"1000\" data-id=\"12653\" data-link=\"https:\/\/ecolefermedesbois.ch\/?attachment_id=12653\" data-url=\"https:\/\/ecolefermedesbois.ch\/wp-content\/uploads\/2024\/03\/wp-17117051074918137165227737709117-338x600.jpg\" data-width=\"563\" src=\"https:\/\/i2.wp.com\/ecolefermedesbois.ch\/wp-content\/uploads\/2024\/03\/wp-17117051074918137165227737709117-338x600.jpg?ssl=1\" data-amp-layout=\"responsive\"\/><\/figure><\/div><div class=\"tiled-gallery__col\" style=\"flex-basis:28.54915%\"><figure class=\"tiled-gallery__item\"><img decoding=\"async\" alt=\"\" data-height=\"1008\" data-id=\"12666\" data-link=\"https:\/\/ecolefermedesbois.ch\/?attachment_id=12666\" data-url=\"https:\/\/ecolefermedesbois.ch\/wp-content\/uploads\/2024\/03\/wp-17117051090466799569858082785961-450x600.jpg\" data-width=\"756\" src=\"https:\/\/i0.wp.com\/ecolefermedesbois.ch\/wp-content\/uploads\/2024\/03\/wp-17117051090466799569858082785961-450x600.jpg?ssl=1\" data-amp-layout=\"responsive\"\/><\/figure><\/div><div class=\"tiled-gallery__col\" style=\"flex-basis:28.54915%\"><figure class=\"tiled-gallery__item\"><img decoding=\"async\" alt=\"\" data-height=\"1008\" data-id=\"12665\" data-link=\"https:\/\/ecolefermedesbois.ch\/?attachment_id=12665\" data-url=\"https:\/\/ecolefermedesbois.ch\/wp-content\/uploads\/2024\/03\/wp-17117051088786980916700087380252-450x600.jpg\" data-width=\"756\" src=\"https:\/\/i2.wp.com\/ecolefermedesbois.ch\/wp-content\/uploads\/2024\/03\/wp-17117051088786980916700087380252-450x600.jpg?ssl=1\" data-amp-layout=\"responsive\"\/><\/figure><\/div><div class=\"tiled-gallery__col\" style=\"flex-basis:21.45085%\"><figure class=\"tiled-gallery__item\"><img decoding=\"async\" alt=\"\" data-height=\"1000\" data-id=\"12668\" data-link=\"https:\/\/ecolefermedesbois.ch\/?attachment_id=12668\" data-url=\"https:\/\/ecolefermedesbois.ch\/wp-content\/uploads\/2024\/03\/wp-17117053608812688111787341024004-338x600.jpg\" data-width=\"563\" src=\"https:\/\/i1.wp.com\/ecolefermedesbois.ch\/wp-content\/uploads\/2024\/03\/wp-17117053608812688111787341024004-338x600.jpg?ssl=1\" data-amp-layout=\"responsive\"\/><\/figure><\/div><\/div><div class=\"tiled-gallery__row\"><div class=\"tiled-gallery__col\" style=\"flex-basis:26.24837%\"><figure class=\"tiled-gallery__item\"><img decoding=\"async\" alt=\"\" data-height=\"1000\" data-id=\"12667\" data-link=\"https:\/\/ecolefermedesbois.ch\/?attachment_id=12667\" data-url=\"https:\/\/ecolefermedesbois.ch\/wp-content\/uploads\/2024\/03\/wp-17117053609341590252095225909272-338x600.jpg\" data-width=\"563\" src=\"https:\/\/i1.wp.com\/ecolefermedesbois.ch\/wp-content\/uploads\/2024\/03\/wp-17117053609341590252095225909272-338x600.jpg?ssl=1\" data-amp-layout=\"responsive\"\/><\/figure><\/div><div class=\"tiled-gallery__col\" style=\"flex-basis:26.24837%\"><figure class=\"tiled-gallery__item\"><img decoding=\"async\" alt=\"\" data-height=\"1000\" data-id=\"12669\" data-link=\"https:\/\/ecolefermedesbois.ch\/?attachment_id=12669\" data-url=\"https:\/\/ecolefermedesbois.ch\/wp-content\/uploads\/2024\/03\/wp-1711705360974882103859440364490-338x600.jpg\" data-width=\"563\" src=\"https:\/\/i0.wp.com\/ecolefermedesbois.ch\/wp-content\/uploads\/2024\/03\/wp-1711705360974882103859440364490-338x600.jpg?ssl=1\" data-amp-layout=\"responsive\"\/><\/figure><\/div><div class=\"tiled-gallery__col\" style=\"flex-basis:47.50326%\"><figure class=\"tiled-gallery__item\"><img decoding=\"async\" alt=\"\" data-height=\"980\" data-id=\"12670\" data-link=\"https:\/\/ecolefermedesbois.ch\/?attachment_id=12670\" data-url=\"https:\/\/ecolefermedesbois.ch\/wp-content\/uploads\/2024\/03\/wp-1711705361109960827406385874152-600x588.jpg\" data-width=\"1000\" src=\"https:\/\/i2.wp.com\/ecolefermedesbois.ch\/wp-content\/uploads\/2024\/03\/wp-1711705361109960827406385874152-600x588.jpg?ssl=1\" data-amp-layout=\"responsive\"\/><\/figure><\/div><\/div><div class=\"tiled-gallery__row\"><div class=\"tiled-gallery__col\" style=\"flex-basis:29.75662%\"><figure class=\"tiled-gallery__item\"><img decoding=\"async\" alt=\"\" data-height=\"1000\" data-id=\"12671\" data-link=\"https:\/\/ecolefermedesbois.ch\/?attachment_id=12671\" data-url=\"https:\/\/ecolefermedesbois.ch\/wp-content\/uploads\/2024\/03\/wp-17117053610123865259889316139263-572x600.jpg\" data-width=\"954\" src=\"https:\/\/i1.wp.com\/ecolefermedesbois.ch\/wp-content\/uploads\/2024\/03\/wp-17117053610123865259889316139263-572x600.jpg?ssl=1\" data-amp-layout=\"responsive\"\/><\/figure><\/div><div class=\"tiled-gallery__col\" style=\"flex-basis:23.41446%\"><figure class=\"tiled-gallery__item\"><img decoding=\"async\" alt=\"\" data-height=\"1008\" data-id=\"12672\" data-link=\"https:\/\/ecolefermedesbois.ch\/?attachment_id=12672\" data-url=\"https:\/\/ecolefermedesbois.ch\/wp-content\/uploads\/2024\/03\/wp-17117053612083822030151730121055-450x600.jpg\" data-width=\"756\" src=\"https:\/\/i1.wp.com\/ecolefermedesbois.ch\/wp-content\/uploads\/2024\/03\/wp-17117053612083822030151730121055-450x600.jpg?ssl=1\" data-amp-layout=\"responsive\"\/><\/figure><\/div><div class=\"tiled-gallery__col\" style=\"flex-basis:23.41446%\"><figure class=\"tiled-gallery__item\"><img decoding=\"async\" alt=\"\" data-height=\"1000\" data-id=\"12673\" data-link=\"https:\/\/ecolefermedesbois.ch\/?attachment_id=12673\" data-url=\"https:\/\/ecolefermedesbois.ch\/wp-content\/uploads\/2024\/03\/wp-17117053614538239023407410135084-450x600.jpg\" data-width=\"750\" src=\"https:\/\/i1.wp.com\/ecolefermedesbois.ch\/wp-content\/uploads\/2024\/03\/wp-17117053614538239023407410135084-450x600.jpg?ssl=1\" data-amp-layout=\"responsive\"\/><\/figure><\/div><div class=\"tiled-gallery__col\" style=\"flex-basis:23.41446%\"><figure class=\"tiled-gallery__item\"><img decoding=\"async\" alt=\"\" data-height=\"1008\" data-id=\"12674\" data-link=\"https:\/\/ecolefermedesbois.ch\/?attachment_id=12674\" data-url=\"https:\/\/ecolefermedesbois.ch\/wp-content\/uploads\/2024\/03\/wp-17117053613317023240423473584497-450x600.jpg\" data-width=\"756\" src=\"https:\/\/i2.wp.com\/ecolefermedesbois.ch\/wp-content\/uploads\/2024\/03\/wp-17117053613317023240423473584497-450x600.jpg?ssl=1\" data-amp-layout=\"responsive\"\/><\/figure><\/div><\/div><div class=\"tiled-gallery__row\"><div class=\"tiled-gallery__col\" style=\"flex-basis:50.00000%\"><figure class=\"tiled-gallery__item\"><img decoding=\"async\" alt=\"\" data-height=\"1000\" data-id=\"12675\" data-link=\"https:\/\/ecolefermedesbois.ch\/?attachment_id=12675\" data-url=\"https:\/\/ecolefermedesbois.ch\/wp-content\/uploads\/2024\/03\/wp-17117053615558626413760969105169-450x600.jpg\" data-width=\"750\" src=\"https:\/\/i1.wp.com\/ecolefermedesbois.ch\/wp-content\/uploads\/2024\/03\/wp-17117053615558626413760969105169-450x600.jpg?ssl=1\" data-amp-layout=\"responsive\"\/><\/figure><\/div><div class=\"tiled-gallery__col\" style=\"flex-basis:50.00000%\"><figure class=\"tiled-gallery__item\"><img decoding=\"async\" alt=\"\" data-height=\"1000\" data-id=\"12676\" data-link=\"https:\/\/ecolefermedesbois.ch\/?attachment_id=12676\" data-url=\"https:\/\/ecolefermedesbois.ch\/wp-content\/uploads\/2024\/03\/wp-17117053616898726509630030668577-450x600.jpg\" data-width=\"750\" src=\"https:\/\/i2.wp.com\/ecolefermedesbois.ch\/wp-content\/uploads\/2024\/03\/wp-17117053616898726509630030668577-450x600.jpg?ssl=1\" data-amp-layout=\"responsive\"\/><\/figure><\/div><\/div><div class=\"tiled-gallery__row\"><div class=\"tiled-gallery__col\" style=\"flex-basis:23.37572%\"><figure class=\"tiled-gallery__item\"><img decoding=\"async\" alt=\"\" data-height=\"1000\" data-id=\"12677\" data-link=\"https:\/\/ecolefermedesbois.ch\/?attachment_id=12677\" data-url=\"https:\/\/ecolefermedesbois.ch\/wp-content\/uploads\/2024\/03\/wp-17117053618318799742248246156159-450x600.jpg\" data-width=\"750\" src=\"https:\/\/i0.wp.com\/ecolefermedesbois.ch\/wp-content\/uploads\/2024\/03\/wp-17117053618318799742248246156159-450x600.jpg?ssl=1\" data-amp-layout=\"responsive\"\/><\/figure><\/div><div class=\"tiled-gallery__col\" style=\"flex-basis:17.57177%\"><figure class=\"tiled-gallery__item\"><img decoding=\"async\" alt=\"\" data-height=\"1000\" data-id=\"12679\" data-link=\"https:\/\/ecolefermedesbois.ch\/?attachment_id=12679\" data-url=\"https:\/\/ecolefermedesbois.ch\/wp-content\/uploads\/2024\/03\/wp-17117056271212388470309438107960-338x600.jpg\" data-width=\"563\" src=\"https:\/\/i0.wp.com\/ecolefermedesbois.ch\/wp-content\/uploads\/2024\/03\/wp-17117056271212388470309438107960-338x600.jpg?ssl=1\" data-amp-layout=\"responsive\"\/><\/figure><\/div><div class=\"tiled-gallery__col\" style=\"flex-basis:17.57177%\"><figure class=\"tiled-gallery__item\"><img decoding=\"async\" alt=\"\" data-height=\"1000\" data-id=\"12678\" data-link=\"https:\/\/ecolefermedesbois.ch\/?attachment_id=12678\" data-url=\"https:\/\/ecolefermedesbois.ch\/wp-content\/uploads\/2024\/03\/wp-17117056271642828896991841842740-338x600.jpg\" data-width=\"563\" src=\"https:\/\/i1.wp.com\/ecolefermedesbois.ch\/wp-content\/uploads\/2024\/03\/wp-17117056271642828896991841842740-338x600.jpg?ssl=1\" data-amp-layout=\"responsive\"\/><\/figure><\/div><div class=\"tiled-gallery__col\" style=\"flex-basis:41.48074%\"><figure class=\"tiled-gallery__item\"><img decoding=\"async\" alt=\"\" data-height=\"750\" data-id=\"12680\" data-link=\"https:\/\/ecolefermedesbois.ch\/?attachment_id=12680\" data-url=\"https:\/\/ecolefermedesbois.ch\/wp-content\/uploads\/2024\/03\/wp-17117056272825012374610481560346-600x450.jpg\" data-width=\"1000\" src=\"https:\/\/i2.wp.com\/ecolefermedesbois.ch\/wp-content\/uploads\/2024\/03\/wp-17117056272825012374610481560346-600x450.jpg?ssl=1\" data-amp-layout=\"responsive\"\/><\/figure><\/div><\/div><div class=\"tiled-gallery__row\"><div class=\"tiled-gallery__col\" style=\"flex-basis:30.01823%\"><figure class=\"tiled-gallery__item\"><img decoding=\"async\" alt=\"\" data-height=\"1000\" data-id=\"12681\" data-link=\"https:\/\/ecolefermedesbois.ch\/?attachment_id=12681\" data-url=\"https:\/\/ecolefermedesbois.ch\/wp-content\/uploads\/2024\/03\/wp-17117056272486331838284955273939-338x600.jpg\" data-width=\"563\" src=\"https:\/\/i1.wp.com\/ecolefermedesbois.ch\/wp-content\/uploads\/2024\/03\/wp-17117056272486331838284955273939-338x600.jpg?ssl=1\" data-amp-layout=\"responsive\"\/><\/figure><\/div><div class=\"tiled-gallery__col\" style=\"flex-basis:30.01823%\"><figure class=\"tiled-gallery__item\"><img decoding=\"async\" alt=\"\" data-height=\"1000\" data-id=\"12682\" data-link=\"https:\/\/ecolefermedesbois.ch\/?attachment_id=12682\" data-url=\"https:\/\/ecolefermedesbois.ch\/wp-content\/uploads\/2024\/03\/wp-17117056272035888708584367881580-338x600.jpg\" data-width=\"563\" src=\"https:\/\/i2.wp.com\/ecolefermedesbois.ch\/wp-content\/uploads\/2024\/03\/wp-17117056272035888708584367881580-338x600.jpg?ssl=1\" data-amp-layout=\"responsive\"\/><\/figure><\/div><div class=\"tiled-gallery__col\" style=\"flex-basis:39.96355%\"><figure class=\"tiled-gallery__item\"><img decoding=\"async\" alt=\"\" data-height=\"1000\" data-id=\"12684\" data-link=\"https:\/\/ecolefermedesbois.ch\/?attachment_id=12684\" data-url=\"https:\/\/ecolefermedesbois.ch\/wp-content\/uploads\/2024\/03\/wp-1711705627367398278252146958508-450x600.jpg\" data-width=\"750\" src=\"https:\/\/i0.wp.com\/ecolefermedesbois.ch\/wp-content\/uploads\/2024\/03\/wp-1711705627367398278252146958508-450x600.jpg?ssl=1\" data-amp-layout=\"responsive\"\/><\/figure><\/div><\/div><div class=\"tiled-gallery__row\"><div class=\"tiled-gallery__col\" style=\"flex-basis:58.22924%\"><figure class=\"tiled-gallery__item\"><img decoding=\"async\" alt=\"\" data-height=\"1008\" data-id=\"12683\" data-link=\"https:\/\/ecolefermedesbois.ch\/?attachment_id=12683\" data-url=\"https:\/\/ecolefermedesbois.ch\/wp-content\/uploads\/2024\/03\/wp-17117056275928679350132728651495-450x600.jpg\" data-width=\"756\" src=\"https:\/\/i0.wp.com\/ecolefermedesbois.ch\/wp-content\/uploads\/2024\/03\/wp-17117056275928679350132728651495-450x600.jpg?ssl=1\" data-amp-layout=\"responsive\"\/><\/figure><\/div><div class=\"tiled-gallery__col\" style=\"flex-basis:41.77076%\"><figure class=\"tiled-gallery__item\"><img decoding=\"async\" alt=\"\" data-height=\"750\" data-id=\"12685\" data-link=\"https:\/\/ecolefermedesbois.ch\/?attachment_id=12685\" data-url=\"https:\/\/ecolefermedesbois.ch\/wp-content\/uploads\/2024\/03\/wp-17117056274681865976757620115415-600x450.jpg\" data-width=\"1000\" src=\"https:\/\/i1.wp.com\/ecolefermedesbois.ch\/wp-content\/uploads\/2024\/03\/wp-17117056274681865976757620115415-600x450.jpg?ssl=1\" data-amp-layout=\"responsive\"\/><\/figure><figure class=\"tiled-gallery__item\"><img decoding=\"async\" alt=\"\" data-height=\"1000\" data-id=\"12686\" data-link=\"https:\/\/ecolefermedesbois.ch\/?attachment_id=12686\" data-url=\"https:\/\/ecolefermedesbois.ch\/wp-content\/uploads\/2024\/03\/wp-17117056277325526538487788418346-545x600.jpg\" data-width=\"909\" src=\"https:\/\/i0.wp.com\/ecolefermedesbois.ch\/wp-content\/uploads\/2024\/03\/wp-17117056277325526538487788418346-545x600.jpg?ssl=1\" data-amp-layout=\"responsive\"\/><\/figure><\/div><\/div><div class=\"tiled-gallery__row\"><div class=\"tiled-gallery__col\" style=\"flex-basis:34.94377%\"><figure class=\"tiled-gallery__item\"><img decoding=\"async\" alt=\"\" data-height=\"1000\" data-id=\"12687\" data-link=\"https:\/\/ecolefermedesbois.ch\/?attachment_id=12687\" data-url=\"https:\/\/ecolefermedesbois.ch\/wp-content\/uploads\/2024\/03\/wp-17117056278085540347577134520300-429x600.jpg\" data-width=\"715\" src=\"https:\/\/i1.wp.com\/ecolefermedesbois.ch\/wp-content\/uploads\/2024\/03\/wp-17117056278085540347577134520300-429x600.jpg?ssl=1\" data-amp-layout=\"responsive\"\/><\/figure><\/div><div class=\"tiled-gallery__col\" style=\"flex-basis:65.05623%\"><figure class=\"tiled-gallery__item\"><img decoding=\"async\" alt=\"\" data-height=\"750\" data-id=\"12688\" data-link=\"https:\/\/ecolefermedesbois.ch\/?attachment_id=12688\" data-url=\"https:\/\/ecolefermedesbois.ch\/wp-content\/uploads\/2024\/03\/wp-17117056279566632737086822198626-600x450.jpg\" data-width=\"1000\" src=\"https:\/\/i1.wp.com\/ecolefermedesbois.ch\/wp-content\/uploads\/2024\/03\/wp-17117056279566632737086822198626-600x450.jpg?ssl=1\" data-amp-layout=\"responsive\"\/><\/figure><\/div><\/div><\/div><\/div>\n","protected":false},"excerpt":{"rendered":"<p>Ces deux derni\u00e8res semaines les \u00e9l\u00e8ves de M\u00e9lissa d&rsquo;Oron, de Claire de Vevey et les \u00e9l\u00e8ves de Floriane de Grandvaux&#46;&#46;&#46;<\/p>\n","protected":false},"author":2,"featured_media":12663,"comment_status":"open","ping_status":"open","sticky":false,"template":"","format":"image","meta":{"jetpack_post_was_ever_published":false,"footnotes":"","jetpack_publicize_message":"","jetpack_publicize_feature_enabled":true,"jetpack_social_post_already_shared":true,"jetpack_social_options":{"image_generator_settings":{"template":"highway","default_image_id":0,"font":"","enabled":false},"version":2}},"categories":[33],"tags":[],"class_list":["post-12648","post","type-post","status-publish","format-image","has-post-thumbnail","hentry","category-ecole","post_format-post-format-image"],"yoast_head":"<!-- This site is optimized with the Yoast SEO plugin v27.4 - https:\/\/yoast.com\/product\/yoast-seo-wordpress\/ -->\n<title>La classe de M\u00e9lissa Regamey, celle de Claire Nieuwe Weme et celle de Floriane Yersin sont venues d\u00e9couvrir la basse-cour -<\/title>\n<meta name=\"robots\" content=\"index, follow, max-snippet:-1, max-image-preview:large, max-video-preview:-1\" \/>\n<link rel=\"canonical\" href=\"https:\/\/ecolefermedesbois.ch\/?p=12648\" \/>\n<meta property=\"og:locale\" content=\"fr_FR\" \/>\n<meta property=\"og:type\" content=\"article\" \/>\n<meta property=\"og:title\" content=\"La classe de M\u00e9lissa Regamey, celle de Claire Nieuwe Weme et celle de Floriane Yersin sont venues d\u00e9couvrir la basse-cour -\" \/>\n<meta property=\"og:description\" content=\"Ces deux derni\u00e8res semaines les \u00e9l\u00e8ves de M\u00e9lissa d&rsquo;Oron, de Claire de Vevey et les \u00e9l\u00e8ves de Floriane de Grandvaux&#046;&#046;&#046;\" \/>\n<meta property=\"og:url\" content=\"https:\/\/ecolefermedesbois.ch\/?p=12648\" \/>\n<meta property=\"article:publisher\" content=\"https:\/\/www.facebook.com\/ecolefermedesBois\" \/>\n<meta property=\"article:published_time\" content=\"2024-03-29T09:29:27+00:00\" \/>\n<meta property=\"article:modified_time\" content=\"2024-03-29T10:00:37+00:00\" \/>\n<meta property=\"og:image\" content=\"https:\/\/ecolefermedesbois.ch\/wp-content\/uploads\/2024\/03\/wp-17117051086402534515954177322499.jpg\" \/>\n\t<meta property=\"og:image:width\" content=\"750\" \/>\n\t<meta property=\"og:image:height\" content=\"1000\" \/>\n\t<meta property=\"og:image:type\" content=\"image\/jpeg\" \/>\n<meta name=\"author\" content=\"Sophie\" \/>\n<meta name=\"twitter:card\" content=\"summary_large_image\" \/>\n<meta name=\"twitter:label1\" content=\"\u00c9crit par\" \/>\n\t<meta name=\"twitter:data1\" content=\"Sophie\" \/>\n\t<meta name=\"twitter:label2\" content=\"Dur\u00e9e de lecture estim\u00e9e\" \/>\n\t<meta name=\"twitter:data2\" content=\"11 minutes\" \/>\n<script type=\"application\/ld+json\" class=\"yoast-schema-graph\">{\"@context\":\"https:\\\/\\\/schema.org\",\"@graph\":[{\"@type\":\"Article\",\"@id\":\"https:\\\/\\\/ecolefermedesbois.ch\\\/?p=12648#article\",\"isPartOf\":{\"@id\":\"https:\\\/\\\/ecolefermedesbois.ch\\\/?p=12648\"},\"author\":{\"name\":\"Sophie\",\"@id\":\"https:\\\/\\\/ecolefermedesbois.ch\\\/#\\\/schema\\\/person\\\/78f5a1c78e958e51240f90932d290908\"},\"headline\":\"La classe de M\u00e9lissa Regamey, celle de Claire Nieuwe Weme et celle de Floriane Yersin sont venues d\u00e9couvrir la basse-cour\",\"datePublished\":\"2024-03-29T09:29:27+00:00\",\"dateModified\":\"2024-03-29T10:00:37+00:00\",\"mainEntityOfPage\":{\"@id\":\"https:\\\/\\\/ecolefermedesbois.ch\\\/?p=12648\"},\"wordCount\":532,\"commentCount\":0,\"publisher\":{\"@id\":\"https:\\\/\\\/ecolefermedesbois.ch\\\/#organization\"},\"image\":{\"@id\":\"https:\\\/\\\/ecolefermedesbois.ch\\\/?p=12648#primaryimage\"},\"thumbnailUrl\":\"https:\\\/\\\/i0.wp.com\\\/ecolefermedesbois.ch\\\/wp-content\\\/uploads\\\/2024\\\/03\\\/wp-17117051086402534515954177322499.jpg?fit=750%2C1000&ssl=1\",\"articleSection\":[\"Ecole\"],\"inLanguage\":\"fr-FR\",\"potentialAction\":[{\"@type\":\"CommentAction\",\"name\":\"Comment\",\"target\":[\"https:\\\/\\\/ecolefermedesbois.ch\\\/?p=12648#respond\"]}]},{\"@type\":\"WebPage\",\"@id\":\"https:\\\/\\\/ecolefermedesbois.ch\\\/?p=12648\",\"url\":\"https:\\\/\\\/ecolefermedesbois.ch\\\/?p=12648\",\"name\":\"La classe de M\u00e9lissa Regamey, celle de Claire Nieuwe Weme et celle de Floriane Yersin sont venues d\u00e9couvrir la basse-cour -\",\"isPartOf\":{\"@id\":\"https:\\\/\\\/ecolefermedesbois.ch\\\/#website\"},\"primaryImageOfPage\":{\"@id\":\"https:\\\/\\\/ecolefermedesbois.ch\\\/?p=12648#primaryimage\"},\"image\":{\"@id\":\"https:\\\/\\\/ecolefermedesbois.ch\\\/?p=12648#primaryimage\"},\"thumbnailUrl\":\"https:\\\/\\\/i0.wp.com\\\/ecolefermedesbois.ch\\\/wp-content\\\/uploads\\\/2024\\\/03\\\/wp-17117051086402534515954177322499.jpg?fit=750%2C1000&ssl=1\",\"datePublished\":\"2024-03-29T09:29:27+00:00\",\"dateModified\":\"2024-03-29T10:00:37+00:00\",\"breadcrumb\":{\"@id\":\"https:\\\/\\\/ecolefermedesbois.ch\\\/?p=12648#breadcrumb\"},\"inLanguage\":\"fr-FR\",\"potentialAction\":[{\"@type\":\"ReadAction\",\"target\":[\"https:\\\/\\\/ecolefermedesbois.ch\\\/?p=12648\"]}]},{\"@type\":\"ImageObject\",\"inLanguage\":\"fr-FR\",\"@id\":\"https:\\\/\\\/ecolefermedesbois.ch\\\/?p=12648#primaryimage\",\"url\":\"https:\\\/\\\/i0.wp.com\\\/ecolefermedesbois.ch\\\/wp-content\\\/uploads\\\/2024\\\/03\\\/wp-17117051086402534515954177322499.jpg?fit=750%2C1000&ssl=1\",\"contentUrl\":\"https:\\\/\\\/i0.wp.com\\\/ecolefermedesbois.ch\\\/wp-content\\\/uploads\\\/2024\\\/03\\\/wp-17117051086402534515954177322499.jpg?fit=750%2C1000&ssl=1\",\"width\":750,\"height\":1000},{\"@type\":\"BreadcrumbList\",\"@id\":\"https:\\\/\\\/ecolefermedesbois.ch\\\/?p=12648#breadcrumb\",\"itemListElement\":[{\"@type\":\"ListItem\",\"position\":1,\"name\":\"Accueil\",\"item\":\"https:\\\/\\\/ecolefermedesbois.ch\\\/\"},{\"@type\":\"ListItem\",\"position\":2,\"name\":\"La classe de M\u00e9lissa Regamey, celle de Claire Nieuwe Weme et celle de Floriane Yersin sont venues d\u00e9couvrir la basse-cour\"}]},{\"@type\":\"WebSite\",\"@id\":\"https:\\\/\\\/ecolefermedesbois.ch\\\/#website\",\"url\":\"https:\\\/\\\/ecolefermedesbois.ch\\\/\",\"name\":\"ecolefermedesbois\",\"description\":\"\",\"publisher\":{\"@id\":\"https:\\\/\\\/ecolefermedesbois.ch\\\/#organization\"},\"potentialAction\":[{\"@type\":\"SearchAction\",\"target\":{\"@type\":\"EntryPoint\",\"urlTemplate\":\"https:\\\/\\\/ecolefermedesbois.ch\\\/?s={search_term_string}\"},\"query-input\":{\"@type\":\"PropertyValueSpecification\",\"valueRequired\":true,\"valueName\":\"search_term_string\"}}],\"inLanguage\":\"fr-FR\"},{\"@type\":\"Organization\",\"@id\":\"https:\\\/\\\/ecolefermedesbois.ch\\\/#organization\",\"name\":\"Ecole \u00e0 la Ferme des Bois\",\"url\":\"https:\\\/\\\/ecolefermedesbois.ch\\\/\",\"logo\":{\"@type\":\"ImageObject\",\"inLanguage\":\"fr-FR\",\"@id\":\"https:\\\/\\\/ecolefermedesbois.ch\\\/#\\\/schema\\\/logo\\\/image\\\/\",\"url\":\"https:\\\/\\\/ecolefermedesbois.ch\\\/wp-content\\\/uploads\\\/2019\\\/04\\\/logo-scaled.gif\",\"contentUrl\":\"https:\\\/\\\/ecolefermedesbois.ch\\\/wp-content\\\/uploads\\\/2019\\\/04\\\/logo-scaled.gif\",\"width\":2560,\"height\":608,\"caption\":\"Ecole \u00e0 la Ferme des Bois\"},\"image\":{\"@id\":\"https:\\\/\\\/ecolefermedesbois.ch\\\/#\\\/schema\\\/logo\\\/image\\\/\"},\"sameAs\":[\"https:\\\/\\\/www.facebook.com\\\/ecolefermedesBois\"]},{\"@type\":\"Person\",\"@id\":\"https:\\\/\\\/ecolefermedesbois.ch\\\/#\\\/schema\\\/person\\\/78f5a1c78e958e51240f90932d290908\",\"name\":\"Sophie\",\"image\":{\"@type\":\"ImageObject\",\"inLanguage\":\"fr-FR\",\"@id\":\"https:\\\/\\\/secure.gravatar.com\\\/avatar\\\/053fbaec50cb27b03b880a4b8b018009aa3af995f32011efc3f40a589371d46f?s=96&d=mm&r=g\",\"url\":\"https:\\\/\\\/secure.gravatar.com\\\/avatar\\\/053fbaec50cb27b03b880a4b8b018009aa3af995f32011efc3f40a589371d46f?s=96&d=mm&r=g\",\"contentUrl\":\"https:\\\/\\\/secure.gravatar.com\\\/avatar\\\/053fbaec50cb27b03b880a4b8b018009aa3af995f32011efc3f40a589371d46f?s=96&d=mm&r=g\",\"caption\":\"Sophie\"},\"url\":\"https:\\\/\\\/ecolefermedesbois.ch\\\/?author=2\"}]}<\/script>\n<!-- \/ Yoast SEO plugin. -->","yoast_head_json":{"title":"La classe de M\u00e9lissa Regamey, celle de Claire Nieuwe Weme et celle de Floriane Yersin sont venues d\u00e9couvrir la basse-cour -","robots":{"index":"index","follow":"follow","max-snippet":"max-snippet:-1","max-image-preview":"max-image-preview:large","max-video-preview":"max-video-preview:-1"},"canonical":"https:\/\/ecolefermedesbois.ch\/?p=12648","og_locale":"fr_FR","og_type":"article","og_title":"La classe de M\u00e9lissa Regamey, celle de Claire Nieuwe Weme et celle de Floriane Yersin sont venues d\u00e9couvrir la basse-cour -","og_description":"Ces deux derni\u00e8res semaines les \u00e9l\u00e8ves de M\u00e9lissa d&rsquo;Oron, de Claire de Vevey et les \u00e9l\u00e8ves de Floriane de Grandvaux&#46;&#46;&#46;","og_url":"https:\/\/ecolefermedesbois.ch\/?p=12648","article_publisher":"https:\/\/www.facebook.com\/ecolefermedesBois","article_published_time":"2024-03-29T09:29:27+00:00","article_modified_time":"2024-03-29T10:00:37+00:00","og_image":[{"width":750,"height":1000,"url":"https:\/\/ecolefermedesbois.ch\/wp-content\/uploads\/2024\/03\/wp-17117051086402534515954177322499.jpg","type":"image\/jpeg"}],"author":"Sophie","twitter_card":"summary_large_image","twitter_misc":{"\u00c9crit par":"Sophie","Dur\u00e9e de lecture estim\u00e9e":"11 minutes"},"schema":{"@context":"https:\/\/schema.org","@graph":[{"@type":"Article","@id":"https:\/\/ecolefermedesbois.ch\/?p=12648#article","isPartOf":{"@id":"https:\/\/ecolefermedesbois.ch\/?p=12648"},"author":{"name":"Sophie","@id":"https:\/\/ecolefermedesbois.ch\/#\/schema\/person\/78f5a1c78e958e51240f90932d290908"},"headline":"La classe de M\u00e9lissa Regamey, celle de Claire Nieuwe Weme et celle de Floriane Yersin sont venues d\u00e9couvrir la basse-cour","datePublished":"2024-03-29T09:29:27+00:00","dateModified":"2024-03-29T10:00:37+00:00","mainEntityOfPage":{"@id":"https:\/\/ecolefermedesbois.ch\/?p=12648"},"wordCount":532,"commentCount":0,"publisher":{"@id":"https:\/\/ecolefermedesbois.ch\/#organization"},"image":{"@id":"https:\/\/ecolefermedesbois.ch\/?p=12648#primaryimage"},"thumbnailUrl":"https:\/\/i0.wp.com\/ecolefermedesbois.ch\/wp-content\/uploads\/2024\/03\/wp-17117051086402534515954177322499.jpg?fit=750%2C1000&ssl=1","articleSection":["Ecole"],"inLanguage":"fr-FR","potentialAction":[{"@type":"CommentAction","name":"Comment","target":["https:\/\/ecolefermedesbois.ch\/?p=12648#respond"]}]},{"@type":"WebPage","@id":"https:\/\/ecolefermedesbois.ch\/?p=12648","url":"https:\/\/ecolefermedesbois.ch\/?p=12648","name":"La classe de M\u00e9lissa Regamey, celle de Claire Nieuwe Weme et celle de Floriane Yersin sont venues d\u00e9couvrir la basse-cour -","isPartOf":{"@id":"https:\/\/ecolefermedesbois.ch\/#website"},"primaryImageOfPage":{"@id":"https:\/\/ecolefermedesbois.ch\/?p=12648#primaryimage"},"image":{"@id":"https:\/\/ecolefermedesbois.ch\/?p=12648#primaryimage"},"thumbnailUrl":"https:\/\/i0.wp.com\/ecolefermedesbois.ch\/wp-content\/uploads\/2024\/03\/wp-17117051086402534515954177322499.jpg?fit=750%2C1000&ssl=1","datePublished":"2024-03-29T09:29:27+00:00","dateModified":"2024-03-29T10:00:37+00:00","breadcrumb":{"@id":"https:\/\/ecolefermedesbois.ch\/?p=12648#breadcrumb"},"inLanguage":"fr-FR","potentialAction":[{"@type":"ReadAction","target":["https:\/\/ecolefermedesbois.ch\/?p=12648"]}]},{"@type":"ImageObject","inLanguage":"fr-FR","@id":"https:\/\/ecolefermedesbois.ch\/?p=12648#primaryimage","url":"https:\/\/i0.wp.com\/ecolefermedesbois.ch\/wp-content\/uploads\/2024\/03\/wp-17117051086402534515954177322499.jpg?fit=750%2C1000&ssl=1","contentUrl":"https:\/\/i0.wp.com\/ecolefermedesbois.ch\/wp-content\/uploads\/2024\/03\/wp-17117051086402534515954177322499.jpg?fit=750%2C1000&ssl=1","width":750,"height":1000},{"@type":"BreadcrumbList","@id":"https:\/\/ecolefermedesbois.ch\/?p=12648#breadcrumb","itemListElement":[{"@type":"ListItem","position":1,"name":"Accueil","item":"https:\/\/ecolefermedesbois.ch\/"},{"@type":"ListItem","position":2,"name":"La classe de M\u00e9lissa Regamey, celle de Claire Nieuwe Weme et celle de Floriane Yersin sont venues d\u00e9couvrir la basse-cour"}]},{"@type":"WebSite","@id":"https:\/\/ecolefermedesbois.ch\/#website","url":"https:\/\/ecolefermedesbois.ch\/","name":"ecolefermedesbois","description":"","publisher":{"@id":"https:\/\/ecolefermedesbois.ch\/#organization"},"potentialAction":[{"@type":"SearchAction","target":{"@type":"EntryPoint","urlTemplate":"https:\/\/ecolefermedesbois.ch\/?s={search_term_string}"},"query-input":{"@type":"PropertyValueSpecification","valueRequired":true,"valueName":"search_term_string"}}],"inLanguage":"fr-FR"},{"@type":"Organization","@id":"https:\/\/ecolefermedesbois.ch\/#organization","name":"Ecole \u00e0 la Ferme des Bois","url":"https:\/\/ecolefermedesbois.ch\/","logo":{"@type":"ImageObject","inLanguage":"fr-FR","@id":"https:\/\/ecolefermedesbois.ch\/#\/schema\/logo\/image\/","url":"https:\/\/ecolefermedesbois.ch\/wp-content\/uploads\/2019\/04\/logo-scaled.gif","contentUrl":"https:\/\/ecolefermedesbois.ch\/wp-content\/uploads\/2019\/04\/logo-scaled.gif","width":2560,"height":608,"caption":"Ecole \u00e0 la Ferme des Bois"},"image":{"@id":"https:\/\/ecolefermedesbois.ch\/#\/schema\/logo\/image\/"},"sameAs":["https:\/\/www.facebook.com\/ecolefermedesBois"]},{"@type":"Person","@id":"https:\/\/ecolefermedesbois.ch\/#\/schema\/person\/78f5a1c78e958e51240f90932d290908","name":"Sophie","image":{"@type":"ImageObject","inLanguage":"fr-FR","@id":"https:\/\/secure.gravatar.com\/avatar\/053fbaec50cb27b03b880a4b8b018009aa3af995f32011efc3f40a589371d46f?s=96&d=mm&r=g","url":"https:\/\/secure.gravatar.com\/avatar\/053fbaec50cb27b03b880a4b8b018009aa3af995f32011efc3f40a589371d46f?s=96&d=mm&r=g","contentUrl":"https:\/\/secure.gravatar.com\/avatar\/053fbaec50cb27b03b880a4b8b018009aa3af995f32011efc3f40a589371d46f?s=96&d=mm&r=g","caption":"Sophie"},"url":"https:\/\/ecolefermedesbois.ch\/?author=2"}]}},"jetpack_publicize_connections":[],"jetpack_featured_media_url":"https:\/\/i0.wp.com\/ecolefermedesbois.ch\/wp-content\/uploads\/2024\/03\/wp-17117051086402534515954177322499.jpg?fit=750%2C1000&ssl=1","jetpack_sharing_enabled":true,"_links":{"self":[{"href":"https:\/\/ecolefermedesbois.ch\/index.php?rest_route=\/wp\/v2\/posts\/12648","targetHints":{"allow":["GET"]}}],"collection":[{"href":"https:\/\/ecolefermedesbois.ch\/index.php?rest_route=\/wp\/v2\/posts"}],"about":[{"href":"https:\/\/ecolefermedesbois.ch\/index.php?rest_route=\/wp\/v2\/types\/post"}],"author":[{"embeddable":true,"href":"https:\/\/ecolefermedesbois.ch\/index.php?rest_route=\/wp\/v2\/users\/2"}],"replies":[{"embeddable":true,"href":"https:\/\/ecolefermedesbois.ch\/index.php?rest_route=%2Fwp%2Fv2%2Fcomments&post=12648"}],"version-history":[{"count":2,"href":"https:\/\/ecolefermedesbois.ch\/index.php?rest_route=\/wp\/v2\/posts\/12648\/revisions"}],"predecessor-version":[{"id":12690,"href":"https:\/\/ecolefermedesbois.ch\/index.php?rest_route=\/wp\/v2\/posts\/12648\/revisions\/12690"}],"wp:featuredmedia":[{"embeddable":true,"href":"https:\/\/ecolefermedesbois.ch\/index.php?rest_route=\/wp\/v2\/media\/12663"}],"wp:attachment":[{"href":"https:\/\/ecolefermedesbois.ch\/index.php?rest_route=%2Fwp%2Fv2%2Fmedia&parent=12648"}],"wp:term":[{"taxonomy":"category","embeddable":true,"href":"https:\/\/ecolefermedesbois.ch\/index.php?rest_route=%2Fwp%2Fv2%2Fcategories&post=12648"},{"taxonomy":"post_tag","embeddable":true,"href":"https:\/\/ecolefermedesbois.ch\/index.php?rest_route=%2Fwp%2Fv2%2Ftags&post=12648"}],"curies":[{"name":"wp","href":"https:\/\/api.w.org\/{rel}","templated":true}]}}