{"id":12643,"date":"2024-03-29T10:22:02","date_gmt":"2024-03-29T09:22:02","guid":{"rendered":"https:\/\/ecolefermedesbois.ch\/?p=12643"},"modified":"2024-03-29T10:23:42","modified_gmt":"2024-03-29T09:23:42","slug":"les-enfants-de-lape-doron-palezieux-participent-a-un-atelier-pour-paques","status":"publish","type":"post","link":"https:\/\/ecolefermedesbois.ch\/?p=12643","title":{"rendered":"Les enfants de l&rsquo;APE d&rsquo;Oron\/Pal\u00e9zieux participent \u00e0 un atelier pour P\u00e2ques"},"content":{"rendered":"<div class=\"pdfprnt-buttons pdfprnt-buttons-post pdfprnt-top-right\"><a href=\"https:\/\/ecolefermedesbois.ch\/index.php?rest_route=%2Fwp%2Fv2%2Fposts%2F12643&print=pdf\" class=\"pdfprnt-button pdfprnt-button-pdf\" target=\"_blank\" ><img data-recalc-dims=\"1\" decoding=\"async\" src=\"https:\/\/i0.wp.com\/ecolefermedesbois.ch\/wp-content\/plugins\/pdf-print\/images\/pdf.png?w=720&#038;ssl=1\" alt=\"image_pdf\" title=\"Afficher le PDF\" \/><\/a><a href=\"https:\/\/ecolefermedesbois.ch\/index.php?rest_route=%2Fwp%2Fv2%2Fposts%2F12643&print=print\" class=\"pdfprnt-button pdfprnt-button-print\" target=\"_blank\" ><img data-recalc-dims=\"1\" decoding=\"async\" src=\"https:\/\/i0.wp.com\/ecolefermedesbois.ch\/wp-content\/plugins\/pdf-print\/images\/print.png?w=720&#038;ssl=1\" alt=\"image_print\" title=\"Contenu imprim\u00e9\" \/><\/a><\/div>\n<p>Le 23 mars, nous avons accueilli 29 enfants pour leur faire d\u00e9couvrir ce qui se passe autour de la poule et faire un atelier de P\u00e2ques.<br>En 2 groupes, nous commen\u00e7ons la matin\u00e9e par aller ouvrir les poulaillers afin que les poules puissent sortir dans leur parc. Puis une fois dans le poulailler, nous leur donnons \u00e0 manger et \u00e0 boire. Nous expliquons aux enfants que je le fais tout les matins. Une fois toutes les poules nourries et abreuv\u00e9es, nous allons en salle afin de confectionner des madeleines avec les \u0153ufs de mes poulettes.<\/p>\n\n\n\n<p>Mains lav\u00e9es, manches retrouss\u00e9es, nous voil\u00e0 pr\u00eats pour pr\u00e9parer la papette \u00e0 madeleines. Les enfants participent \u00e0 toute la pr\u00e9paration des madeleines. Chacun leur tour ils vont couper le beurre ou peser le sucre et la farine ou casser les \u0153ufs ou encore ajouter le sel, la levure et le sucre vanill\u00e9. Puis chacun son tour, ils vont pouvoir touiller! Que de joie de pouvoir participer \u00e0 l&rsquo;atelier cuisine. Vu que nous avons des enfants d&rsquo;\u00e2ge diff\u00e9rent, les plus grands aident les plus jeunes. C&rsquo;est g\u00e9nial !<\/p>\n\n\n\n<p>Pendant la cuisson des madeleines, nous avons commenc\u00e9 un atelier de teinture d\u2019\u0153ufs. Il y avait trois couleur \u00e0 choix, rose avec de la cochenille, jaune avec du bois de camp\u00eache et noir\/violet brillant avec de bois de santal rouge. Pendant que la premi\u00e8re s\u00e9rie d\u2019\u0153uf cuisaient les enfants ont put faire des c\u00e2lins aux jeunes poussins. Que d&rsquo;\u00e9toiles dans les yeux des enfants !<br>Pendant la cuisson de la deuxi\u00e8me s\u00e9rie d\u2019\u0153ufs,  nous avons d\u00e9gust\u00e9 avec joie nos madeleines accompagn\u00e9es par un verre de lait.<\/p>\n\n\n\n<p>Une fois la collation faite de madeleines et d&rsquo;un verre de lait termin\u00e9e, les enfants ont pu mettre dans des sachets leurs \u0153ufs teints afin de les prendre chez eux. <\/p>\n\n\n\n<p>Nous finissons les ateliers par aller faire un c\u00e2lin \u00e0 nos lapins. Que de joie dans les yeux des enfants, petits ou grands. Merci aux accompagnantes, Morgane, St\u00e9phanie et Laurence, qui n&rsquo;ont pas h\u00e9sit\u00e9 \u00e0 retrousser leurs manches pour nous aider !<br>Merci au comit\u00e9 de l&rsquo;APE d&rsquo;avoir choisi notre ferme pour faire cette activit\u00e9 de P\u00e2ques.<\/p>\n\n\n\n<p>Nous vous souhaitons \u00e0 tous de belles f\u00eates de P\u00e2ques et de belles vacances<\/p>\n\n\n\n<p>Sophie et Emilie<\/p>\n\n\n\n<div class=\"wp-block-jetpack-tiled-gallery aligncenter is-style-rectangular\"><div class=\"tiled-gallery__gallery\"><div class=\"tiled-gallery__row\"><div class=\"tiled-gallery__col\" style=\"flex-basis:28.02747%\"><figure class=\"tiled-gallery__item\"><img decoding=\"async\" alt=\"\" data-height=\"1008\" data-id=\"12582\" data-link=\"https:\/\/ecolefermedesbois.ch\/?attachment_id=12582\" data-url=\"https:\/\/ecolefermedesbois.ch\/wp-content\/uploads\/2024\/03\/wp-17115607180542503346583804829498-450x600.jpg\" data-width=\"756\" src=\"https:\/\/i0.wp.com\/ecolefermedesbois.ch\/wp-content\/uploads\/2024\/03\/wp-17115607180542503346583804829498-450x600.jpg?ssl=1\" data-amp-layout=\"responsive\"\/><\/figure><\/div><div class=\"tiled-gallery__col\" style=\"flex-basis:26.23894%\"><figure class=\"tiled-gallery__item\"><img decoding=\"async\" alt=\"\" data-height=\"1000\" data-id=\"12581\" data-link=\"https:\/\/ecolefermedesbois.ch\/?attachment_id=12581\" data-url=\"https:\/\/ecolefermedesbois.ch\/wp-content\/uploads\/2024\/03\/wp-17115607179586010294658864704143-421x600.jpg\" data-width=\"702\" src=\"https:\/\/i2.wp.com\/ecolefermedesbois.ch\/wp-content\/uploads\/2024\/03\/wp-17115607179586010294658864704143-421x600.jpg?ssl=1\" data-amp-layout=\"responsive\"\/><\/figure><\/div><div class=\"tiled-gallery__col\" style=\"flex-basis:28.02747%\"><figure class=\"tiled-gallery__item\"><img decoding=\"async\" alt=\"\" data-height=\"1000\" data-id=\"12580\" data-link=\"https:\/\/ecolefermedesbois.ch\/?attachment_id=12580\" data-url=\"https:\/\/ecolefermedesbois.ch\/wp-content\/uploads\/2024\/03\/wp-17115607176097667290910194365140-450x600.jpg\" data-width=\"750\" src=\"https:\/\/i1.wp.com\/ecolefermedesbois.ch\/wp-content\/uploads\/2024\/03\/wp-17115607176097667290910194365140-450x600.jpg?ssl=1\" data-amp-layout=\"responsive\"\/><\/figure><\/div><div class=\"tiled-gallery__col\" style=\"flex-basis:17.70611%\"><figure class=\"tiled-gallery__item\"><img decoding=\"async\" alt=\"\" data-height=\"1000\" data-id=\"12579\" data-link=\"https:\/\/ecolefermedesbois.ch\/?attachment_id=12579\" data-url=\"https:\/\/ecolefermedesbois.ch\/wp-content\/uploads\/2024\/03\/wp-17115607178821725153287975202421-284x600.jpg\" data-width=\"473\" src=\"https:\/\/i2.wp.com\/ecolefermedesbois.ch\/wp-content\/uploads\/2024\/03\/wp-17115607178821725153287975202421-284x600.jpg?ssl=1\" data-amp-layout=\"responsive\"\/><\/figure><\/div><\/div><div class=\"tiled-gallery__row\"><div class=\"tiled-gallery__col\" style=\"flex-basis:33.64328%\"><figure class=\"tiled-gallery__item\"><img decoding=\"async\" alt=\"\" data-height=\"1000\" data-id=\"12578\" data-link=\"https:\/\/ecolefermedesbois.ch\/?attachment_id=12578\" data-url=\"https:\/\/ecolefermedesbois.ch\/wp-content\/uploads\/2024\/03\/wp-17115607178221300090152145939252-475x600.jpg\" data-width=\"792\" src=\"https:\/\/i1.wp.com\/ecolefermedesbois.ch\/wp-content\/uploads\/2024\/03\/wp-17115607178221300090152145939252-475x600.jpg?ssl=1\" data-amp-layout=\"responsive\"\/><\/figure><\/div><div class=\"tiled-gallery__col\" style=\"flex-basis:31.86422%\"><figure class=\"tiled-gallery__item\"><img decoding=\"async\" alt=\"\" data-height=\"1000\" data-id=\"12577\" data-link=\"https:\/\/ecolefermedesbois.ch\/?attachment_id=12577\" data-url=\"https:\/\/ecolefermedesbois.ch\/wp-content\/uploads\/2024\/03\/wp-17115607177045423928165619212558-450x600.jpg\" data-width=\"750\" src=\"https:\/\/i1.wp.com\/ecolefermedesbois.ch\/wp-content\/uploads\/2024\/03\/wp-17115607177045423928165619212558-450x600.jpg?ssl=1\" data-amp-layout=\"responsive\"\/><\/figure><\/div><div class=\"tiled-gallery__col\" style=\"flex-basis:34.49250%\"><figure class=\"tiled-gallery__item\"><img decoding=\"async\" alt=\"\" data-height=\"830\" data-id=\"12576\" data-link=\"https:\/\/ecolefermedesbois.ch\/?attachment_id=12576\" data-url=\"https:\/\/ecolefermedesbois.ch\/wp-content\/uploads\/2024\/03\/wp-17115607175883775659171769403764-487x600.jpg\" data-width=\"674\" src=\"https:\/\/i2.wp.com\/ecolefermedesbois.ch\/wp-content\/uploads\/2024\/03\/wp-17115607175883775659171769403764-487x600.jpg?ssl=1\" data-amp-layout=\"responsive\"\/><\/figure><\/div><\/div><div class=\"tiled-gallery__row\"><div class=\"tiled-gallery__col\" style=\"flex-basis:41.34296%\"><figure class=\"tiled-gallery__item\"><img decoding=\"async\" alt=\"\" data-height=\"462\" data-id=\"12574\" data-link=\"https:\/\/ecolefermedesbois.ch\/?attachment_id=12574\" data-url=\"https:\/\/ecolefermedesbois.ch\/wp-content\/uploads\/2024\/03\/wp-17115607174171834490311967438734-600x277.jpg\" data-width=\"1000\" src=\"https:\/\/i1.wp.com\/ecolefermedesbois.ch\/wp-content\/uploads\/2024\/03\/wp-17115607174171834490311967438734-600x277.jpg?ssl=1\" data-amp-layout=\"responsive\"\/><\/figure><\/div><div class=\"tiled-gallery__col\" style=\"flex-basis:14.25814%\"><figure class=\"tiled-gallery__item\"><img decoding=\"async\" alt=\"\" data-height=\"1000\" data-id=\"12573\" data-link=\"https:\/\/ecolefermedesbois.ch\/?attachment_id=12573\" data-url=\"https:\/\/ecolefermedesbois.ch\/wp-content\/uploads\/2024\/03\/wp-17115607175585377744313356650008-445x600.jpg\" data-width=\"741\" src=\"https:\/\/i2.wp.com\/ecolefermedesbois.ch\/wp-content\/uploads\/2024\/03\/wp-17115607175585377744313356650008-445x600.jpg?ssl=1\" data-amp-layout=\"responsive\"\/><\/figure><\/div><div class=\"tiled-gallery__col\" style=\"flex-basis:30.99696%\"><figure class=\"tiled-gallery__item\"><img decoding=\"async\" alt=\"\" data-height=\"617\" data-id=\"12575\" data-link=\"https:\/\/ecolefermedesbois.ch\/?attachment_id=12575\" data-url=\"https:\/\/ecolefermedesbois.ch\/wp-content\/uploads\/2024\/03\/wp-17115607174615167092655473669202-600x370.jpg\" data-width=\"1000\" src=\"https:\/\/i0.wp.com\/ecolefermedesbois.ch\/wp-content\/uploads\/2024\/03\/wp-17115607174615167092655473669202-600x370.jpg?ssl=1\" data-amp-layout=\"responsive\"\/><\/figure><\/div><div class=\"tiled-gallery__col\" style=\"flex-basis:13.40193%\"><figure class=\"tiled-gallery__item\"><img decoding=\"async\" alt=\"\" data-height=\"1000\" data-id=\"12571\" data-link=\"https:\/\/ecolefermedesbois.ch\/?attachment_id=12571\" data-url=\"https:\/\/ecolefermedesbois.ch\/wp-content\/uploads\/2024\/03\/wp-17115607172137438892088484351310-418x600.jpg\" data-width=\"696\" src=\"https:\/\/i0.wp.com\/ecolefermedesbois.ch\/wp-content\/uploads\/2024\/03\/wp-17115607172137438892088484351310-418x600.jpg?ssl=1\" data-amp-layout=\"responsive\"\/><\/figure><\/div><\/div><\/div><\/div>\n","protected":false},"excerpt":{"rendered":"<p>Le 23 mars, nous avons accueilli 29 enfants pour leur faire d\u00e9couvrir ce qui se passe autour de la poule&#46;&#46;&#46;<\/p>\n","protected":false},"author":2,"featured_media":12576,"comment_status":"open","ping_status":"open","sticky":false,"template":"","format":"standard","meta":{"jetpack_post_was_ever_published":false,"footnotes":"","jetpack_publicize_message":"","jetpack_publicize_feature_enabled":true,"jetpack_social_post_already_shared":true,"jetpack_social_options":{"image_generator_settings":{"template":"highway","default_image_id":0,"font":"","enabled":false},"version":2}},"categories":[33],"tags":[],"class_list":["post-12643","post","type-post","status-publish","format-standard","has-post-thumbnail","hentry","category-ecole"],"yoast_head":"<!-- This site is optimized with the Yoast SEO plugin v27.5 - https:\/\/yoast.com\/product\/yoast-seo-wordpress\/ -->\n<title>Les enfants de l&#039;APE d&#039;Oron\/Pal\u00e9zieux participent \u00e0 un atelier pour P\u00e2ques -<\/title>\n<meta name=\"robots\" content=\"index, follow, max-snippet:-1, max-image-preview:large, max-video-preview:-1\" \/>\n<link rel=\"canonical\" href=\"https:\/\/ecolefermedesbois.ch\/?p=12643\" \/>\n<meta property=\"og:locale\" content=\"fr_FR\" \/>\n<meta property=\"og:type\" content=\"article\" \/>\n<meta property=\"og:title\" content=\"Les enfants de l&#039;APE d&#039;Oron\/Pal\u00e9zieux participent \u00e0 un atelier pour P\u00e2ques -\" \/>\n<meta property=\"og:description\" content=\"Le 23 mars, nous avons accueilli 29 enfants pour leur faire d\u00e9couvrir ce qui se passe autour de la poule&#046;&#046;&#046;\" \/>\n<meta property=\"og:url\" content=\"https:\/\/ecolefermedesbois.ch\/?p=12643\" \/>\n<meta property=\"article:publisher\" content=\"https:\/\/www.facebook.com\/ecolefermedesBois\" \/>\n<meta property=\"article:published_time\" content=\"2024-03-29T09:22:02+00:00\" \/>\n<meta property=\"article:modified_time\" content=\"2024-03-29T09:23:42+00:00\" \/>\n<meta property=\"og:image\" content=\"https:\/\/ecolefermedesbois.ch\/wp-content\/uploads\/2024\/03\/wp-17115607175883775659171769403764.jpg\" \/>\n\t<meta property=\"og:image:width\" content=\"674\" \/>\n\t<meta property=\"og:image:height\" content=\"830\" \/>\n\t<meta property=\"og:image:type\" content=\"image\/jpeg\" \/>\n<meta name=\"author\" content=\"Sophie\" \/>\n<meta name=\"twitter:card\" content=\"summary_large_image\" \/>\n<meta name=\"twitter:label1\" content=\"\u00c9crit par\" \/>\n\t<meta name=\"twitter:data1\" content=\"Sophie\" \/>\n\t<meta name=\"twitter:label2\" content=\"Dur\u00e9e de lecture estim\u00e9e\" \/>\n\t<meta name=\"twitter:data2\" content=\"5 minutes\" \/>\n<script type=\"application\/ld+json\" class=\"yoast-schema-graph\">{\"@context\":\"https:\\\/\\\/schema.org\",\"@graph\":[{\"@type\":\"Article\",\"@id\":\"https:\\\/\\\/ecolefermedesbois.ch\\\/?p=12643#article\",\"isPartOf\":{\"@id\":\"https:\\\/\\\/ecolefermedesbois.ch\\\/?p=12643\"},\"author\":{\"name\":\"Sophie\",\"@id\":\"https:\\\/\\\/ecolefermedesbois.ch\\\/#\\\/schema\\\/person\\\/78f5a1c78e958e51240f90932d290908\"},\"headline\":\"Les enfants de l&rsquo;APE d&rsquo;Oron\\\/Pal\u00e9zieux participent \u00e0 un atelier pour P\u00e2ques\",\"datePublished\":\"2024-03-29T09:22:02+00:00\",\"dateModified\":\"2024-03-29T09:23:42+00:00\",\"mainEntityOfPage\":{\"@id\":\"https:\\\/\\\/ecolefermedesbois.ch\\\/?p=12643\"},\"wordCount\":403,\"commentCount\":0,\"publisher\":{\"@id\":\"https:\\\/\\\/ecolefermedesbois.ch\\\/#organization\"},\"image\":{\"@id\":\"https:\\\/\\\/ecolefermedesbois.ch\\\/?p=12643#primaryimage\"},\"thumbnailUrl\":\"https:\\\/\\\/i0.wp.com\\\/ecolefermedesbois.ch\\\/wp-content\\\/uploads\\\/2024\\\/03\\\/wp-17115607175883775659171769403764.jpg?fit=674%2C830&ssl=1\",\"articleSection\":[\"Ecole\"],\"inLanguage\":\"fr-FR\",\"potentialAction\":[{\"@type\":\"CommentAction\",\"name\":\"Comment\",\"target\":[\"https:\\\/\\\/ecolefermedesbois.ch\\\/?p=12643#respond\"]}]},{\"@type\":\"WebPage\",\"@id\":\"https:\\\/\\\/ecolefermedesbois.ch\\\/?p=12643\",\"url\":\"https:\\\/\\\/ecolefermedesbois.ch\\\/?p=12643\",\"name\":\"Les enfants de l'APE d'Oron\\\/Pal\u00e9zieux participent \u00e0 un atelier pour P\u00e2ques -\",\"isPartOf\":{\"@id\":\"https:\\\/\\\/ecolefermedesbois.ch\\\/#website\"},\"primaryImageOfPage\":{\"@id\":\"https:\\\/\\\/ecolefermedesbois.ch\\\/?p=12643#primaryimage\"},\"image\":{\"@id\":\"https:\\\/\\\/ecolefermedesbois.ch\\\/?p=12643#primaryimage\"},\"thumbnailUrl\":\"https:\\\/\\\/i0.wp.com\\\/ecolefermedesbois.ch\\\/wp-content\\\/uploads\\\/2024\\\/03\\\/wp-17115607175883775659171769403764.jpg?fit=674%2C830&ssl=1\",\"datePublished\":\"2024-03-29T09:22:02+00:00\",\"dateModified\":\"2024-03-29T09:23:42+00:00\",\"breadcrumb\":{\"@id\":\"https:\\\/\\\/ecolefermedesbois.ch\\\/?p=12643#breadcrumb\"},\"inLanguage\":\"fr-FR\",\"potentialAction\":[{\"@type\":\"ReadAction\",\"target\":[\"https:\\\/\\\/ecolefermedesbois.ch\\\/?p=12643\"]}]},{\"@type\":\"ImageObject\",\"inLanguage\":\"fr-FR\",\"@id\":\"https:\\\/\\\/ecolefermedesbois.ch\\\/?p=12643#primaryimage\",\"url\":\"https:\\\/\\\/i0.wp.com\\\/ecolefermedesbois.ch\\\/wp-content\\\/uploads\\\/2024\\\/03\\\/wp-17115607175883775659171769403764.jpg?fit=674%2C830&ssl=1\",\"contentUrl\":\"https:\\\/\\\/i0.wp.com\\\/ecolefermedesbois.ch\\\/wp-content\\\/uploads\\\/2024\\\/03\\\/wp-17115607175883775659171769403764.jpg?fit=674%2C830&ssl=1\",\"width\":674,\"height\":830},{\"@type\":\"BreadcrumbList\",\"@id\":\"https:\\\/\\\/ecolefermedesbois.ch\\\/?p=12643#breadcrumb\",\"itemListElement\":[{\"@type\":\"ListItem\",\"position\":1,\"name\":\"Accueil\",\"item\":\"https:\\\/\\\/ecolefermedesbois.ch\\\/\"},{\"@type\":\"ListItem\",\"position\":2,\"name\":\"Les enfants de l&rsquo;APE d&rsquo;Oron\\\/Pal\u00e9zieux participent \u00e0 un atelier pour P\u00e2ques\"}]},{\"@type\":\"WebSite\",\"@id\":\"https:\\\/\\\/ecolefermedesbois.ch\\\/#website\",\"url\":\"https:\\\/\\\/ecolefermedesbois.ch\\\/\",\"name\":\"ecolefermedesbois\",\"description\":\"\",\"publisher\":{\"@id\":\"https:\\\/\\\/ecolefermedesbois.ch\\\/#organization\"},\"potentialAction\":[{\"@type\":\"SearchAction\",\"target\":{\"@type\":\"EntryPoint\",\"urlTemplate\":\"https:\\\/\\\/ecolefermedesbois.ch\\\/?s={search_term_string}\"},\"query-input\":{\"@type\":\"PropertyValueSpecification\",\"valueRequired\":true,\"valueName\":\"search_term_string\"}}],\"inLanguage\":\"fr-FR\"},{\"@type\":\"Organization\",\"@id\":\"https:\\\/\\\/ecolefermedesbois.ch\\\/#organization\",\"name\":\"Ecole \u00e0 la Ferme des Bois\",\"url\":\"https:\\\/\\\/ecolefermedesbois.ch\\\/\",\"logo\":{\"@type\":\"ImageObject\",\"inLanguage\":\"fr-FR\",\"@id\":\"https:\\\/\\\/ecolefermedesbois.ch\\\/#\\\/schema\\\/logo\\\/image\\\/\",\"url\":\"https:\\\/\\\/ecolefermedesbois.ch\\\/wp-content\\\/uploads\\\/2019\\\/04\\\/logo-scaled.gif\",\"contentUrl\":\"https:\\\/\\\/ecolefermedesbois.ch\\\/wp-content\\\/uploads\\\/2019\\\/04\\\/logo-scaled.gif\",\"width\":2560,\"height\":608,\"caption\":\"Ecole \u00e0 la Ferme des Bois\"},\"image\":{\"@id\":\"https:\\\/\\\/ecolefermedesbois.ch\\\/#\\\/schema\\\/logo\\\/image\\\/\"},\"sameAs\":[\"https:\\\/\\\/www.facebook.com\\\/ecolefermedesBois\"]},{\"@type\":\"Person\",\"@id\":\"https:\\\/\\\/ecolefermedesbois.ch\\\/#\\\/schema\\\/person\\\/78f5a1c78e958e51240f90932d290908\",\"name\":\"Sophie\",\"image\":{\"@type\":\"ImageObject\",\"inLanguage\":\"fr-FR\",\"@id\":\"https:\\\/\\\/secure.gravatar.com\\\/avatar\\\/053fbaec50cb27b03b880a4b8b018009aa3af995f32011efc3f40a589371d46f?s=96&d=mm&r=g\",\"url\":\"https:\\\/\\\/secure.gravatar.com\\\/avatar\\\/053fbaec50cb27b03b880a4b8b018009aa3af995f32011efc3f40a589371d46f?s=96&d=mm&r=g\",\"contentUrl\":\"https:\\\/\\\/secure.gravatar.com\\\/avatar\\\/053fbaec50cb27b03b880a4b8b018009aa3af995f32011efc3f40a589371d46f?s=96&d=mm&r=g\",\"caption\":\"Sophie\"},\"url\":\"https:\\\/\\\/ecolefermedesbois.ch\\\/?author=2\"}]}<\/script>\n<!-- \/ Yoast SEO plugin. -->","yoast_head_json":{"title":"Les enfants de l'APE d'Oron\/Pal\u00e9zieux participent \u00e0 un atelier pour P\u00e2ques -","robots":{"index":"index","follow":"follow","max-snippet":"max-snippet:-1","max-image-preview":"max-image-preview:large","max-video-preview":"max-video-preview:-1"},"canonical":"https:\/\/ecolefermedesbois.ch\/?p=12643","og_locale":"fr_FR","og_type":"article","og_title":"Les enfants de l'APE d'Oron\/Pal\u00e9zieux participent \u00e0 un atelier pour P\u00e2ques -","og_description":"Le 23 mars, nous avons accueilli 29 enfants pour leur faire d\u00e9couvrir ce qui se passe autour de la poule&#46;&#46;&#46;","og_url":"https:\/\/ecolefermedesbois.ch\/?p=12643","article_publisher":"https:\/\/www.facebook.com\/ecolefermedesBois","article_published_time":"2024-03-29T09:22:02+00:00","article_modified_time":"2024-03-29T09:23:42+00:00","og_image":[{"width":674,"height":830,"url":"https:\/\/ecolefermedesbois.ch\/wp-content\/uploads\/2024\/03\/wp-17115607175883775659171769403764.jpg","type":"image\/jpeg"}],"author":"Sophie","twitter_card":"summary_large_image","twitter_misc":{"\u00c9crit par":"Sophie","Dur\u00e9e de lecture estim\u00e9e":"5 minutes"},"schema":{"@context":"https:\/\/schema.org","@graph":[{"@type":"Article","@id":"https:\/\/ecolefermedesbois.ch\/?p=12643#article","isPartOf":{"@id":"https:\/\/ecolefermedesbois.ch\/?p=12643"},"author":{"name":"Sophie","@id":"https:\/\/ecolefermedesbois.ch\/#\/schema\/person\/78f5a1c78e958e51240f90932d290908"},"headline":"Les enfants de l&rsquo;APE d&rsquo;Oron\/Pal\u00e9zieux participent \u00e0 un atelier pour P\u00e2ques","datePublished":"2024-03-29T09:22:02+00:00","dateModified":"2024-03-29T09:23:42+00:00","mainEntityOfPage":{"@id":"https:\/\/ecolefermedesbois.ch\/?p=12643"},"wordCount":403,"commentCount":0,"publisher":{"@id":"https:\/\/ecolefermedesbois.ch\/#organization"},"image":{"@id":"https:\/\/ecolefermedesbois.ch\/?p=12643#primaryimage"},"thumbnailUrl":"https:\/\/i0.wp.com\/ecolefermedesbois.ch\/wp-content\/uploads\/2024\/03\/wp-17115607175883775659171769403764.jpg?fit=674%2C830&ssl=1","articleSection":["Ecole"],"inLanguage":"fr-FR","potentialAction":[{"@type":"CommentAction","name":"Comment","target":["https:\/\/ecolefermedesbois.ch\/?p=12643#respond"]}]},{"@type":"WebPage","@id":"https:\/\/ecolefermedesbois.ch\/?p=12643","url":"https:\/\/ecolefermedesbois.ch\/?p=12643","name":"Les enfants de l'APE d'Oron\/Pal\u00e9zieux participent \u00e0 un atelier pour P\u00e2ques -","isPartOf":{"@id":"https:\/\/ecolefermedesbois.ch\/#website"},"primaryImageOfPage":{"@id":"https:\/\/ecolefermedesbois.ch\/?p=12643#primaryimage"},"image":{"@id":"https:\/\/ecolefermedesbois.ch\/?p=12643#primaryimage"},"thumbnailUrl":"https:\/\/i0.wp.com\/ecolefermedesbois.ch\/wp-content\/uploads\/2024\/03\/wp-17115607175883775659171769403764.jpg?fit=674%2C830&ssl=1","datePublished":"2024-03-29T09:22:02+00:00","dateModified":"2024-03-29T09:23:42+00:00","breadcrumb":{"@id":"https:\/\/ecolefermedesbois.ch\/?p=12643#breadcrumb"},"inLanguage":"fr-FR","potentialAction":[{"@type":"ReadAction","target":["https:\/\/ecolefermedesbois.ch\/?p=12643"]}]},{"@type":"ImageObject","inLanguage":"fr-FR","@id":"https:\/\/ecolefermedesbois.ch\/?p=12643#primaryimage","url":"https:\/\/i0.wp.com\/ecolefermedesbois.ch\/wp-content\/uploads\/2024\/03\/wp-17115607175883775659171769403764.jpg?fit=674%2C830&ssl=1","contentUrl":"https:\/\/i0.wp.com\/ecolefermedesbois.ch\/wp-content\/uploads\/2024\/03\/wp-17115607175883775659171769403764.jpg?fit=674%2C830&ssl=1","width":674,"height":830},{"@type":"BreadcrumbList","@id":"https:\/\/ecolefermedesbois.ch\/?p=12643#breadcrumb","itemListElement":[{"@type":"ListItem","position":1,"name":"Accueil","item":"https:\/\/ecolefermedesbois.ch\/"},{"@type":"ListItem","position":2,"name":"Les enfants de l&rsquo;APE d&rsquo;Oron\/Pal\u00e9zieux participent \u00e0 un atelier pour P\u00e2ques"}]},{"@type":"WebSite","@id":"https:\/\/ecolefermedesbois.ch\/#website","url":"https:\/\/ecolefermedesbois.ch\/","name":"ecolefermedesbois","description":"","publisher":{"@id":"https:\/\/ecolefermedesbois.ch\/#organization"},"potentialAction":[{"@type":"SearchAction","target":{"@type":"EntryPoint","urlTemplate":"https:\/\/ecolefermedesbois.ch\/?s={search_term_string}"},"query-input":{"@type":"PropertyValueSpecification","valueRequired":true,"valueName":"search_term_string"}}],"inLanguage":"fr-FR"},{"@type":"Organization","@id":"https:\/\/ecolefermedesbois.ch\/#organization","name":"Ecole \u00e0 la Ferme des Bois","url":"https:\/\/ecolefermedesbois.ch\/","logo":{"@type":"ImageObject","inLanguage":"fr-FR","@id":"https:\/\/ecolefermedesbois.ch\/#\/schema\/logo\/image\/","url":"https:\/\/ecolefermedesbois.ch\/wp-content\/uploads\/2019\/04\/logo-scaled.gif","contentUrl":"https:\/\/ecolefermedesbois.ch\/wp-content\/uploads\/2019\/04\/logo-scaled.gif","width":2560,"height":608,"caption":"Ecole \u00e0 la Ferme des Bois"},"image":{"@id":"https:\/\/ecolefermedesbois.ch\/#\/schema\/logo\/image\/"},"sameAs":["https:\/\/www.facebook.com\/ecolefermedesBois"]},{"@type":"Person","@id":"https:\/\/ecolefermedesbois.ch\/#\/schema\/person\/78f5a1c78e958e51240f90932d290908","name":"Sophie","image":{"@type":"ImageObject","inLanguage":"fr-FR","@id":"https:\/\/secure.gravatar.com\/avatar\/053fbaec50cb27b03b880a4b8b018009aa3af995f32011efc3f40a589371d46f?s=96&d=mm&r=g","url":"https:\/\/secure.gravatar.com\/avatar\/053fbaec50cb27b03b880a4b8b018009aa3af995f32011efc3f40a589371d46f?s=96&d=mm&r=g","contentUrl":"https:\/\/secure.gravatar.com\/avatar\/053fbaec50cb27b03b880a4b8b018009aa3af995f32011efc3f40a589371d46f?s=96&d=mm&r=g","caption":"Sophie"},"url":"https:\/\/ecolefermedesbois.ch\/?author=2"}]}},"jetpack_publicize_connections":[],"jetpack_featured_media_url":"https:\/\/i0.wp.com\/ecolefermedesbois.ch\/wp-content\/uploads\/2024\/03\/wp-17115607175883775659171769403764.jpg?fit=674%2C830&ssl=1","jetpack_sharing_enabled":true,"_links":{"self":[{"href":"https:\/\/ecolefermedesbois.ch\/index.php?rest_route=\/wp\/v2\/posts\/12643","targetHints":{"allow":["GET"]}}],"collection":[{"href":"https:\/\/ecolefermedesbois.ch\/index.php?rest_route=\/wp\/v2\/posts"}],"about":[{"href":"https:\/\/ecolefermedesbois.ch\/index.php?rest_route=\/wp\/v2\/types\/post"}],"author":[{"embeddable":true,"href":"https:\/\/ecolefermedesbois.ch\/index.php?rest_route=\/wp\/v2\/users\/2"}],"replies":[{"embeddable":true,"href":"https:\/\/ecolefermedesbois.ch\/index.php?rest_route=%2Fwp%2Fv2%2Fcomments&post=12643"}],"version-history":[{"count":2,"href":"https:\/\/ecolefermedesbois.ch\/index.php?rest_route=\/wp\/v2\/posts\/12643\/revisions"}],"predecessor-version":[{"id":12646,"href":"https:\/\/ecolefermedesbois.ch\/index.php?rest_route=\/wp\/v2\/posts\/12643\/revisions\/12646"}],"wp:featuredmedia":[{"embeddable":true,"href":"https:\/\/ecolefermedesbois.ch\/index.php?rest_route=\/wp\/v2\/media\/12576"}],"wp:attachment":[{"href":"https:\/\/ecolefermedesbois.ch\/index.php?rest_route=%2Fwp%2Fv2%2Fmedia&parent=12643"}],"wp:term":[{"taxonomy":"category","embeddable":true,"href":"https:\/\/ecolefermedesbois.ch\/index.php?rest_route=%2Fwp%2Fv2%2Fcategories&post=12643"},{"taxonomy":"post_tag","embeddable":true,"href":"https:\/\/ecolefermedesbois.ch\/index.php?rest_route=%2Fwp%2Fv2%2Ftags&post=12643"}],"curies":[{"name":"wp","href":"https:\/\/api.w.org\/{rel}","templated":true}]}}