{"id":12323,"date":"2023-12-02T16:43:59","date_gmt":"2023-12-02T15:43:59","guid":{"rendered":"https:\/\/ecolefermedesbois.ch\/?p=12323"},"modified":"2023-12-02T16:44:01","modified_gmt":"2023-12-02T15:44:01","slug":"les-eleves-de-la-cassagne-decouvrent-letable","status":"publish","type":"post","link":"https:\/\/ecolefermedesbois.ch\/?p=12323","title":{"rendered":"Les \u00e9l\u00e8ves de la Cassagne d\u00e9couvrent l&rsquo;\u00e9table"},"content":{"rendered":"<div class=\"pdfprnt-buttons pdfprnt-buttons-post pdfprnt-top-right\"><a href=\"https:\/\/ecolefermedesbois.ch\/index.php?rest_route=%2Fwp%2Fv2%2Fposts%2F12323&print=pdf\" class=\"pdfprnt-button pdfprnt-button-pdf\" target=\"_blank\" ><img data-recalc-dims=\"1\" decoding=\"async\" src=\"https:\/\/i0.wp.com\/ecolefermedesbois.ch\/wp-content\/plugins\/pdf-print\/images\/pdf.png?w=720&#038;ssl=1\" alt=\"image_pdf\" title=\"Afficher le PDF\" \/><\/a><a href=\"https:\/\/ecolefermedesbois.ch\/index.php?rest_route=%2Fwp%2Fv2%2Fposts%2F12323&print=print\" class=\"pdfprnt-button pdfprnt-button-print\" target=\"_blank\" ><img data-recalc-dims=\"1\" decoding=\"async\" src=\"https:\/\/i0.wp.com\/ecolefermedesbois.ch\/wp-content\/plugins\/pdf-print\/images\/print.png?w=720&#038;ssl=1\" alt=\"image_print\" title=\"Contenu imprim\u00e9\" \/><\/a><\/div>\n<p>Cette semaine, les \u00e9l\u00e8ves d\u2019\u00c9lodie Bardet du coll\u00e8ge de la Cassagne \u00e0 Lausanne sont venus passer la journ\u00e9e sur le th\u00e8me de l&rsquo;\u00e9table.<\/p>\n\n\n\n<p>Nous d\u00e9marrons la matin\u00e9e \u00e0 l&rsquo;\u00e9table. Les enfants d\u00e9couvrent les vaches de tr\u00e8s pr\u00e8s. Que d&rsquo;\u00e9merveillement dans leurs yeux. Nous parlons des diff\u00e9rentes parties de l&rsquo;\u00e9table. Les logettes (leurs lits), de la cr\u00e8che (salle \u00e0 manger) du couloir que sert \u00e9galement de toilettes et du garde manger avec son contenu. <\/p>\n\n\n\n<p>Une fois les c\u00e2lins termin\u00e9s, nous partons visiter la salle de traite. Dans celle-ci, je montre aux \u00e9l\u00e8ves comment la machine \u00e0 traire fonctionne et j&rsquo;explique quand est-ce que nous trayons les vaches. Je leur fais suivre le chemin du lait jusqu&rsquo;\u00e0 la salle de traite. Puis nous finissons la visite aupr\u00e8s des veaux. C&rsquo;est super ces moments de pur bonheur pour les \u00e9l\u00e8ves. Tout le monde a des \u00e9toiles pleins les yeux.<\/p>\n\n\n\n<p>La visite de l&rsquo;\u00e9table \u00e9tant termin\u00e9e, nous partons \u00e0 la ferme des Bois. <br>Avant le repas, les \u00e9l\u00e8ves vont faire le puzzle sur la morphologie de la vache et d\u00e9couvrir ses particularit\u00e9s. Nous parlons de ses besoins pour vivre, c&rsquo;est \u00e0 dire ce qu&rsquo;elle mange (herbes, foin\/regain, m\u00e9lange de c\u00e9r\u00e9ales), boit et o\u00f9 elle se repose (paille). Nous finissons la matin\u00e9e par ce que produit la vache (lait, viande, cuire, engrais, veau).<\/p>\n\n\n\n<p>Apr\u00e8s le diner, nous cuisinons de la ricotta. Les \u00e9l\u00e8ves qui le souhaitent, mesurent le lait, la cr\u00e8me et le sel. Ils font chauffer le tout jusqu&rsquo;\u00e0 85\u00b0C puis ils ajoutent le vinaigre. Pendant que \u00e7a repose 30&prime; avant de mouler, nous d\u00e9gustons la ricotta que j&rsquo;ai pr\u00e9par\u00e9 le jour d&rsquo;avant. <\/p>\n\n\n\n<p>Nous voil\u00e0 en route pour aller chercher les ch\u00e8vres, car elles aussi produisent du lait. Pour la plus grandes joies des enfants, nous les promenons ou plut\u00f4t les ch\u00e8vres nous prom\u00e8nent devant la maison. Que de fous rires!<\/p>\n\n\n\n<p>Pour faire plaisir aux enfants, nous amenons Mercure et Pluton, nos lapins, au garage pour un moment c\u00e2lins. Pendant ce temps, je montre aux \u00e9l\u00e8ves comment couler le lait cailler dans un moule et je leur explique que je vais le laisser reposer toute une nuit au frigo, avant de la manger, afin qu&rsquo;il s\u2019\u00e9goutte. <\/p>\n\n\n\n<p>Voici d\u00e9j\u00e0 l&rsquo;heure de se dire au revoir. La prochaine fois il fera un peu plus chaud!<\/p>\n\n\n\n<p>Merci les enfants pour cette belle journ\u00e9e pass\u00e9e en votre compagnie. C&rsquo;est toujours une joie de vous voir \u00e9voluer autour de nos animaux.<\/p>\n\n\n\n<p><\/p>\n\n\n\n<p>Merci \u00c9lodie et toute votre \u00e9quipe de venir chez nous, \u00e0 chaque saison, permettre \u00e0 vos \u00e9l\u00e8ves de vivre ces moments magiques dans notre ferme. <\/p>\n\n\n\n<p>A bient\u00f4t<\/p>\n\n\n\n<div class=\"wp-block-jetpack-tiled-gallery aligncenter is-style-rectangular\"><div class=\"tiled-gallery__gallery\"><div class=\"tiled-gallery__row\"><div class=\"tiled-gallery__col\" style=\"flex-basis:26.49419%\"><figure class=\"tiled-gallery__item\"><img decoding=\"async\" alt=\"\" data-height=\"1008\" data-id=\"12309\" data-link=\"https:\/\/ecolefermedesbois.ch\/?attachment_id=12309\" data-url=\"https:\/\/ecolefermedesbois.ch\/wp-content\/uploads\/2023\/12\/wp-1701524517554101846276806084571-450x600.jpg\" data-width=\"756\" src=\"https:\/\/i1.wp.com\/ecolefermedesbois.ch\/wp-content\/uploads\/2023\/12\/wp-1701524517554101846276806084571-450x600.jpg?ssl=1\" data-amp-layout=\"responsive\"\/><\/figure><\/div><div class=\"tiled-gallery__col\" style=\"flex-basis:47.01163%\"><figure class=\"tiled-gallery__item\"><img decoding=\"async\" alt=\"\" data-height=\"750\" data-id=\"12306\" data-link=\"https:\/\/ecolefermedesbois.ch\/?attachment_id=12306\" data-url=\"https:\/\/ecolefermedesbois.ch\/wp-content\/uploads\/2023\/12\/wp-17015245170391062211633813328032-600x450.jpg\" data-width=\"1000\" src=\"https:\/\/i0.wp.com\/ecolefermedesbois.ch\/wp-content\/uploads\/2023\/12\/wp-17015245170391062211633813328032-600x450.jpg?ssl=1\" data-amp-layout=\"responsive\"\/><\/figure><\/div><div class=\"tiled-gallery__col\" style=\"flex-basis:26.49419%\"><figure class=\"tiled-gallery__item\"><img decoding=\"async\" alt=\"\" data-height=\"1000\" data-id=\"12307\" data-link=\"https:\/\/ecolefermedesbois.ch\/?attachment_id=12307\" data-url=\"https:\/\/ecolefermedesbois.ch\/wp-content\/uploads\/2023\/12\/wp-17015245172354887676286169206814-450x600.jpg\" data-width=\"750\" src=\"https:\/\/i2.wp.com\/ecolefermedesbois.ch\/wp-content\/uploads\/2023\/12\/wp-17015245172354887676286169206814-450x600.jpg?ssl=1\" data-amp-layout=\"responsive\"\/><\/figure><\/div><\/div><div class=\"tiled-gallery__row\"><div class=\"tiled-gallery__col\" style=\"flex-basis:23.37572%\"><figure class=\"tiled-gallery__item\"><img decoding=\"async\" alt=\"\" data-height=\"1000\" data-id=\"12308\" data-link=\"https:\/\/ecolefermedesbois.ch\/?attachment_id=12308\" data-url=\"https:\/\/ecolefermedesbois.ch\/wp-content\/uploads\/2023\/12\/wp-17015245173883376124850832608099-450x600.jpg\" data-width=\"750\" src=\"https:\/\/i2.wp.com\/ecolefermedesbois.ch\/wp-content\/uploads\/2023\/12\/wp-17015245173883376124850832608099-450x600.jpg?ssl=1\" data-amp-layout=\"responsive\"\/><\/figure><\/div><div class=\"tiled-gallery__col\" style=\"flex-basis:41.48074%\"><figure class=\"tiled-gallery__item\"><img decoding=\"async\" alt=\"\" data-height=\"750\" data-id=\"12305\" data-link=\"https:\/\/ecolefermedesbois.ch\/?attachment_id=12305\" data-url=\"https:\/\/ecolefermedesbois.ch\/wp-content\/uploads\/2023\/12\/wp-1701524516913821192102538960291-600x450.jpg\" data-width=\"1000\" src=\"https:\/\/i0.wp.com\/ecolefermedesbois.ch\/wp-content\/uploads\/2023\/12\/wp-1701524516913821192102538960291-600x450.jpg?ssl=1\" data-amp-layout=\"responsive\"\/><\/figure><\/div><div class=\"tiled-gallery__col\" style=\"flex-basis:17.57177%\"><figure class=\"tiled-gallery__item\"><img decoding=\"async\" alt=\"\" data-height=\"1000\" data-id=\"12296\" data-link=\"https:\/\/ecolefermedesbois.ch\/?attachment_id=12296\" data-url=\"https:\/\/ecolefermedesbois.ch\/wp-content\/uploads\/2023\/12\/wp-17015245164783905762355709447257-338x600.jpg\" data-width=\"563\" src=\"https:\/\/i0.wp.com\/ecolefermedesbois.ch\/wp-content\/uploads\/2023\/12\/wp-17015245164783905762355709447257-338x600.jpg?ssl=1\" data-amp-layout=\"responsive\"\/><\/figure><\/div><div class=\"tiled-gallery__col\" style=\"flex-basis:17.57177%\"><figure class=\"tiled-gallery__item\"><img decoding=\"async\" alt=\"\" data-height=\"1000\" data-id=\"12297\" data-link=\"https:\/\/ecolefermedesbois.ch\/?attachment_id=12297\" data-url=\"https:\/\/ecolefermedesbois.ch\/wp-content\/uploads\/2023\/12\/wp-17015245165242404610528942443292-338x600.jpg\" data-width=\"563\" src=\"https:\/\/i2.wp.com\/ecolefermedesbois.ch\/wp-content\/uploads\/2023\/12\/wp-17015245165242404610528942443292-338x600.jpg?ssl=1\" data-amp-layout=\"responsive\"\/><\/figure><\/div><\/div><div class=\"tiled-gallery__row\"><div class=\"tiled-gallery__col\" style=\"flex-basis:50.00000%\"><figure class=\"tiled-gallery__item\"><img decoding=\"async\" alt=\"\" data-height=\"1000\" data-id=\"12299\" data-link=\"https:\/\/ecolefermedesbois.ch\/?attachment_id=12299\" data-url=\"https:\/\/ecolefermedesbois.ch\/wp-content\/uploads\/2023\/12\/wp-17015245166976185593414868170227-338x600.jpg\" data-width=\"563\" src=\"https:\/\/i2.wp.com\/ecolefermedesbois.ch\/wp-content\/uploads\/2023\/12\/wp-17015245166976185593414868170227-338x600.jpg?ssl=1\" data-amp-layout=\"responsive\"\/><\/figure><\/div><div class=\"tiled-gallery__col\" style=\"flex-basis:50.00000%\"><figure class=\"tiled-gallery__item\"><img decoding=\"async\" alt=\"\" data-height=\"1000\" data-id=\"12300\" data-link=\"https:\/\/ecolefermedesbois.ch\/?attachment_id=12300\" data-url=\"https:\/\/ecolefermedesbois.ch\/wp-content\/uploads\/2023\/12\/wp-17015245166531386000884859571512-338x600.jpg\" data-width=\"563\" src=\"https:\/\/i1.wp.com\/ecolefermedesbois.ch\/wp-content\/uploads\/2023\/12\/wp-17015245166531386000884859571512-338x600.jpg?ssl=1\" data-amp-layout=\"responsive\"\/><\/figure><\/div><\/div><div class=\"tiled-gallery__row\"><div class=\"tiled-gallery__col\" style=\"flex-basis:25.46209%\"><figure class=\"tiled-gallery__item\"><img decoding=\"async\" alt=\"\" data-height=\"1000\" data-id=\"12295\" data-link=\"https:\/\/ecolefermedesbois.ch\/?attachment_id=12295\" data-url=\"https:\/\/ecolefermedesbois.ch\/wp-content\/uploads\/2023\/12\/wp-17015245165682089151078699907520-346x600.jpg\" data-width=\"577\" src=\"https:\/\/i2.wp.com\/ecolefermedesbois.ch\/wp-content\/uploads\/2023\/12\/wp-17015245165682089151078699907520-346x600.jpg?ssl=1\" data-amp-layout=\"responsive\"\/><\/figure><\/div><div class=\"tiled-gallery__col\" style=\"flex-basis:24.84597%\"><figure class=\"tiled-gallery__item\"><img decoding=\"async\" alt=\"\" data-height=\"1000\" data-id=\"12294\" data-link=\"https:\/\/ecolefermedesbois.ch\/?attachment_id=12294\" data-url=\"https:\/\/ecolefermedesbois.ch\/wp-content\/uploads\/2023\/12\/wp-17015245166112362464334752485149-338x600.jpg\" data-width=\"563\" src=\"https:\/\/i1.wp.com\/ecolefermedesbois.ch\/wp-content\/uploads\/2023\/12\/wp-17015245166112362464334752485149-338x600.jpg?ssl=1\" data-amp-layout=\"responsive\"\/><\/figure><\/div><div class=\"tiled-gallery__col\" style=\"flex-basis:24.84597%\"><figure class=\"tiled-gallery__item\"><img decoding=\"async\" alt=\"\" data-height=\"1000\" data-id=\"12301\" data-link=\"https:\/\/ecolefermedesbois.ch\/?attachment_id=12301\" data-url=\"https:\/\/ecolefermedesbois.ch\/wp-content\/uploads\/2023\/12\/wp-17015245167417819668415645436385-338x600.jpg\" data-width=\"563\" src=\"https:\/\/i2.wp.com\/ecolefermedesbois.ch\/wp-content\/uploads\/2023\/12\/wp-17015245167417819668415645436385-338x600.jpg?ssl=1\" data-amp-layout=\"responsive\"\/><\/figure><\/div><div class=\"tiled-gallery__col\" style=\"flex-basis:24.84597%\"><figure class=\"tiled-gallery__item\"><img decoding=\"async\" alt=\"\" data-height=\"1000\" data-id=\"12298\" data-link=\"https:\/\/ecolefermedesbois.ch\/?attachment_id=12298\" data-url=\"https:\/\/ecolefermedesbois.ch\/wp-content\/uploads\/2023\/12\/wp-17015245164146628050643872492885-338x600.jpg\" data-width=\"563\" src=\"https:\/\/i0.wp.com\/ecolefermedesbois.ch\/wp-content\/uploads\/2023\/12\/wp-17015245164146628050643872492885-338x600.jpg?ssl=1\" data-amp-layout=\"responsive\"\/><\/figure><\/div><\/div><div class=\"tiled-gallery__row\"><div class=\"tiled-gallery__col\" style=\"flex-basis:26.49933%\"><figure class=\"tiled-gallery__item\"><img decoding=\"async\" alt=\"\" data-height=\"1000\" data-id=\"12302\" data-link=\"https:\/\/ecolefermedesbois.ch\/?attachment_id=12302\" data-url=\"https:\/\/ecolefermedesbois.ch\/wp-content\/uploads\/2023\/12\/wp-17015245168182617322700017769167-338x600.jpg\" data-width=\"563\" src=\"https:\/\/i2.wp.com\/ecolefermedesbois.ch\/wp-content\/uploads\/2023\/12\/wp-17015245168182617322700017769167-338x600.jpg?ssl=1\" data-amp-layout=\"responsive\"\/><\/figure><\/div><div class=\"tiled-gallery__col\" style=\"flex-basis:47.00133%\"><figure class=\"tiled-gallery__item\"><img decoding=\"async\" alt=\"\" data-height=\"900\" data-id=\"12303\" data-link=\"https:\/\/ecolefermedesbois.ch\/?attachment_id=12303\" data-url=\"https:\/\/ecolefermedesbois.ch\/wp-content\/uploads\/2023\/12\/wp-17015245167817719715777889268227-600x600.jpg\" data-width=\"900\" src=\"https:\/\/i0.wp.com\/ecolefermedesbois.ch\/wp-content\/uploads\/2023\/12\/wp-17015245167817719715777889268227-600x600.jpg?ssl=1\" data-amp-layout=\"responsive\"\/><\/figure><\/div><div class=\"tiled-gallery__col\" style=\"flex-basis:26.49933%\"><figure class=\"tiled-gallery__item\"><img decoding=\"async\" alt=\"\" data-height=\"1000\" data-id=\"12304\" data-link=\"https:\/\/ecolefermedesbois.ch\/?attachment_id=12304\" data-url=\"https:\/\/ecolefermedesbois.ch\/wp-content\/uploads\/2023\/12\/wp-17015245168746209474585916273662-338x600.jpg\" data-width=\"563\" src=\"https:\/\/i2.wp.com\/ecolefermedesbois.ch\/wp-content\/uploads\/2023\/12\/wp-17015245168746209474585916273662-338x600.jpg?ssl=1\" data-amp-layout=\"responsive\"\/><\/figure><\/div><\/div><\/div><\/div>\n","protected":false},"excerpt":{"rendered":"<p>Cette semaine, les \u00e9l\u00e8ves d\u2019\u00c9lodie Bardet du coll\u00e8ge de la Cassagne \u00e0 Lausanne sont venus passer la journ\u00e9e sur le&#46;&#46;&#46;<\/p>\n","protected":false},"author":2,"featured_media":12308,"comment_status":"open","ping_status":"open","sticky":false,"template":"","format":"standard","meta":{"jetpack_post_was_ever_published":false,"footnotes":"","jetpack_publicize_message":"","jetpack_publicize_feature_enabled":true,"jetpack_social_post_already_shared":false,"jetpack_social_options":{"image_generator_settings":{"template":"highway","default_image_id":0,"font":"","enabled":false},"version":2}},"categories":[33],"tags":[],"class_list":["post-12323","post","type-post","status-publish","format-standard","has-post-thumbnail","hentry","category-ecole"],"yoast_head":"<!-- This site is optimized with the Yoast SEO plugin v27.5 - https:\/\/yoast.com\/product\/yoast-seo-wordpress\/ -->\n<title>Les \u00e9l\u00e8ves de la Cassagne d\u00e9couvrent l&#039;\u00e9table -<\/title>\n<meta name=\"robots\" content=\"index, follow, max-snippet:-1, max-image-preview:large, max-video-preview:-1\" \/>\n<link rel=\"canonical\" href=\"https:\/\/ecolefermedesbois.ch\/?p=12323\" \/>\n<meta property=\"og:locale\" content=\"fr_FR\" \/>\n<meta property=\"og:type\" content=\"article\" \/>\n<meta property=\"og:title\" content=\"Les \u00e9l\u00e8ves de la Cassagne d\u00e9couvrent l&#039;\u00e9table -\" \/>\n<meta property=\"og:description\" content=\"Cette semaine, les \u00e9l\u00e8ves d\u2019\u00c9lodie Bardet du coll\u00e8ge de la Cassagne \u00e0 Lausanne sont venus passer la journ\u00e9e sur le&#046;&#046;&#046;\" \/>\n<meta property=\"og:url\" content=\"https:\/\/ecolefermedesbois.ch\/?p=12323\" \/>\n<meta property=\"article:publisher\" content=\"https:\/\/www.facebook.com\/ecolefermedesBois\" \/>\n<meta property=\"article:published_time\" content=\"2023-12-02T15:43:59+00:00\" \/>\n<meta property=\"article:modified_time\" content=\"2023-12-02T15:44:01+00:00\" \/>\n<meta property=\"og:image\" content=\"https:\/\/ecolefermedesbois.ch\/wp-content\/uploads\/2023\/12\/wp-17015245173883376124850832608099.jpg\" \/>\n\t<meta property=\"og:image:width\" content=\"750\" \/>\n\t<meta property=\"og:image:height\" content=\"1000\" \/>\n\t<meta property=\"og:image:type\" content=\"image\/jpeg\" \/>\n<meta name=\"author\" content=\"Sophie\" \/>\n<meta name=\"twitter:card\" content=\"summary_large_image\" \/>\n<meta name=\"twitter:label1\" content=\"\u00c9crit par\" \/>\n\t<meta name=\"twitter:data1\" content=\"Sophie\" \/>\n\t<meta name=\"twitter:label2\" content=\"Dur\u00e9e de lecture estim\u00e9e\" \/>\n\t<meta name=\"twitter:data2\" content=\"6 minutes\" \/>\n<script type=\"application\/ld+json\" class=\"yoast-schema-graph\">{\"@context\":\"https:\\\/\\\/schema.org\",\"@graph\":[{\"@type\":\"Article\",\"@id\":\"https:\\\/\\\/ecolefermedesbois.ch\\\/?p=12323#article\",\"isPartOf\":{\"@id\":\"https:\\\/\\\/ecolefermedesbois.ch\\\/?p=12323\"},\"author\":{\"name\":\"Sophie\",\"@id\":\"https:\\\/\\\/ecolefermedesbois.ch\\\/#\\\/schema\\\/person\\\/78f5a1c78e958e51240f90932d290908\"},\"headline\":\"Les \u00e9l\u00e8ves de la Cassagne d\u00e9couvrent l&rsquo;\u00e9table\",\"datePublished\":\"2023-12-02T15:43:59+00:00\",\"dateModified\":\"2023-12-02T15:44:01+00:00\",\"mainEntityOfPage\":{\"@id\":\"https:\\\/\\\/ecolefermedesbois.ch\\\/?p=12323\"},\"wordCount\":479,\"commentCount\":0,\"publisher\":{\"@id\":\"https:\\\/\\\/ecolefermedesbois.ch\\\/#organization\"},\"image\":{\"@id\":\"https:\\\/\\\/ecolefermedesbois.ch\\\/?p=12323#primaryimage\"},\"thumbnailUrl\":\"https:\\\/\\\/i0.wp.com\\\/ecolefermedesbois.ch\\\/wp-content\\\/uploads\\\/2023\\\/12\\\/wp-17015245173883376124850832608099.jpg?fit=750%2C1000&ssl=1\",\"articleSection\":[\"Ecole\"],\"inLanguage\":\"fr-FR\",\"potentialAction\":[{\"@type\":\"CommentAction\",\"name\":\"Comment\",\"target\":[\"https:\\\/\\\/ecolefermedesbois.ch\\\/?p=12323#respond\"]}]},{\"@type\":\"WebPage\",\"@id\":\"https:\\\/\\\/ecolefermedesbois.ch\\\/?p=12323\",\"url\":\"https:\\\/\\\/ecolefermedesbois.ch\\\/?p=12323\",\"name\":\"Les \u00e9l\u00e8ves de la Cassagne d\u00e9couvrent l'\u00e9table -\",\"isPartOf\":{\"@id\":\"https:\\\/\\\/ecolefermedesbois.ch\\\/#website\"},\"primaryImageOfPage\":{\"@id\":\"https:\\\/\\\/ecolefermedesbois.ch\\\/?p=12323#primaryimage\"},\"image\":{\"@id\":\"https:\\\/\\\/ecolefermedesbois.ch\\\/?p=12323#primaryimage\"},\"thumbnailUrl\":\"https:\\\/\\\/i0.wp.com\\\/ecolefermedesbois.ch\\\/wp-content\\\/uploads\\\/2023\\\/12\\\/wp-17015245173883376124850832608099.jpg?fit=750%2C1000&ssl=1\",\"datePublished\":\"2023-12-02T15:43:59+00:00\",\"dateModified\":\"2023-12-02T15:44:01+00:00\",\"breadcrumb\":{\"@id\":\"https:\\\/\\\/ecolefermedesbois.ch\\\/?p=12323#breadcrumb\"},\"inLanguage\":\"fr-FR\",\"potentialAction\":[{\"@type\":\"ReadAction\",\"target\":[\"https:\\\/\\\/ecolefermedesbois.ch\\\/?p=12323\"]}]},{\"@type\":\"ImageObject\",\"inLanguage\":\"fr-FR\",\"@id\":\"https:\\\/\\\/ecolefermedesbois.ch\\\/?p=12323#primaryimage\",\"url\":\"https:\\\/\\\/i0.wp.com\\\/ecolefermedesbois.ch\\\/wp-content\\\/uploads\\\/2023\\\/12\\\/wp-17015245173883376124850832608099.jpg?fit=750%2C1000&ssl=1\",\"contentUrl\":\"https:\\\/\\\/i0.wp.com\\\/ecolefermedesbois.ch\\\/wp-content\\\/uploads\\\/2023\\\/12\\\/wp-17015245173883376124850832608099.jpg?fit=750%2C1000&ssl=1\",\"width\":750,\"height\":1000},{\"@type\":\"BreadcrumbList\",\"@id\":\"https:\\\/\\\/ecolefermedesbois.ch\\\/?p=12323#breadcrumb\",\"itemListElement\":[{\"@type\":\"ListItem\",\"position\":1,\"name\":\"Accueil\",\"item\":\"https:\\\/\\\/ecolefermedesbois.ch\\\/\"},{\"@type\":\"ListItem\",\"position\":2,\"name\":\"Les \u00e9l\u00e8ves de la Cassagne d\u00e9couvrent l&rsquo;\u00e9table\"}]},{\"@type\":\"WebSite\",\"@id\":\"https:\\\/\\\/ecolefermedesbois.ch\\\/#website\",\"url\":\"https:\\\/\\\/ecolefermedesbois.ch\\\/\",\"name\":\"ecolefermedesbois\",\"description\":\"\",\"publisher\":{\"@id\":\"https:\\\/\\\/ecolefermedesbois.ch\\\/#organization\"},\"potentialAction\":[{\"@type\":\"SearchAction\",\"target\":{\"@type\":\"EntryPoint\",\"urlTemplate\":\"https:\\\/\\\/ecolefermedesbois.ch\\\/?s={search_term_string}\"},\"query-input\":{\"@type\":\"PropertyValueSpecification\",\"valueRequired\":true,\"valueName\":\"search_term_string\"}}],\"inLanguage\":\"fr-FR\"},{\"@type\":\"Organization\",\"@id\":\"https:\\\/\\\/ecolefermedesbois.ch\\\/#organization\",\"name\":\"Ecole \u00e0 la Ferme des Bois\",\"url\":\"https:\\\/\\\/ecolefermedesbois.ch\\\/\",\"logo\":{\"@type\":\"ImageObject\",\"inLanguage\":\"fr-FR\",\"@id\":\"https:\\\/\\\/ecolefermedesbois.ch\\\/#\\\/schema\\\/logo\\\/image\\\/\",\"url\":\"https:\\\/\\\/ecolefermedesbois.ch\\\/wp-content\\\/uploads\\\/2019\\\/04\\\/logo-scaled.gif\",\"contentUrl\":\"https:\\\/\\\/ecolefermedesbois.ch\\\/wp-content\\\/uploads\\\/2019\\\/04\\\/logo-scaled.gif\",\"width\":2560,\"height\":608,\"caption\":\"Ecole \u00e0 la Ferme des Bois\"},\"image\":{\"@id\":\"https:\\\/\\\/ecolefermedesbois.ch\\\/#\\\/schema\\\/logo\\\/image\\\/\"},\"sameAs\":[\"https:\\\/\\\/www.facebook.com\\\/ecolefermedesBois\"]},{\"@type\":\"Person\",\"@id\":\"https:\\\/\\\/ecolefermedesbois.ch\\\/#\\\/schema\\\/person\\\/78f5a1c78e958e51240f90932d290908\",\"name\":\"Sophie\",\"image\":{\"@type\":\"ImageObject\",\"inLanguage\":\"fr-FR\",\"@id\":\"https:\\\/\\\/secure.gravatar.com\\\/avatar\\\/053fbaec50cb27b03b880a4b8b018009aa3af995f32011efc3f40a589371d46f?s=96&d=mm&r=g\",\"url\":\"https:\\\/\\\/secure.gravatar.com\\\/avatar\\\/053fbaec50cb27b03b880a4b8b018009aa3af995f32011efc3f40a589371d46f?s=96&d=mm&r=g\",\"contentUrl\":\"https:\\\/\\\/secure.gravatar.com\\\/avatar\\\/053fbaec50cb27b03b880a4b8b018009aa3af995f32011efc3f40a589371d46f?s=96&d=mm&r=g\",\"caption\":\"Sophie\"},\"url\":\"https:\\\/\\\/ecolefermedesbois.ch\\\/?author=2\"}]}<\/script>\n<!-- \/ Yoast SEO plugin. -->","yoast_head_json":{"title":"Les \u00e9l\u00e8ves de la Cassagne d\u00e9couvrent l'\u00e9table -","robots":{"index":"index","follow":"follow","max-snippet":"max-snippet:-1","max-image-preview":"max-image-preview:large","max-video-preview":"max-video-preview:-1"},"canonical":"https:\/\/ecolefermedesbois.ch\/?p=12323","og_locale":"fr_FR","og_type":"article","og_title":"Les \u00e9l\u00e8ves de la Cassagne d\u00e9couvrent l'\u00e9table -","og_description":"Cette semaine, les \u00e9l\u00e8ves d\u2019\u00c9lodie Bardet du coll\u00e8ge de la Cassagne \u00e0 Lausanne sont venus passer la journ\u00e9e sur le&#46;&#46;&#46;","og_url":"https:\/\/ecolefermedesbois.ch\/?p=12323","article_publisher":"https:\/\/www.facebook.com\/ecolefermedesBois","article_published_time":"2023-12-02T15:43:59+00:00","article_modified_time":"2023-12-02T15:44:01+00:00","og_image":[{"width":750,"height":1000,"url":"https:\/\/ecolefermedesbois.ch\/wp-content\/uploads\/2023\/12\/wp-17015245173883376124850832608099.jpg","type":"image\/jpeg"}],"author":"Sophie","twitter_card":"summary_large_image","twitter_misc":{"\u00c9crit par":"Sophie","Dur\u00e9e de lecture estim\u00e9e":"6 minutes"},"schema":{"@context":"https:\/\/schema.org","@graph":[{"@type":"Article","@id":"https:\/\/ecolefermedesbois.ch\/?p=12323#article","isPartOf":{"@id":"https:\/\/ecolefermedesbois.ch\/?p=12323"},"author":{"name":"Sophie","@id":"https:\/\/ecolefermedesbois.ch\/#\/schema\/person\/78f5a1c78e958e51240f90932d290908"},"headline":"Les \u00e9l\u00e8ves de la Cassagne d\u00e9couvrent l&rsquo;\u00e9table","datePublished":"2023-12-02T15:43:59+00:00","dateModified":"2023-12-02T15:44:01+00:00","mainEntityOfPage":{"@id":"https:\/\/ecolefermedesbois.ch\/?p=12323"},"wordCount":479,"commentCount":0,"publisher":{"@id":"https:\/\/ecolefermedesbois.ch\/#organization"},"image":{"@id":"https:\/\/ecolefermedesbois.ch\/?p=12323#primaryimage"},"thumbnailUrl":"https:\/\/i0.wp.com\/ecolefermedesbois.ch\/wp-content\/uploads\/2023\/12\/wp-17015245173883376124850832608099.jpg?fit=750%2C1000&ssl=1","articleSection":["Ecole"],"inLanguage":"fr-FR","potentialAction":[{"@type":"CommentAction","name":"Comment","target":["https:\/\/ecolefermedesbois.ch\/?p=12323#respond"]}]},{"@type":"WebPage","@id":"https:\/\/ecolefermedesbois.ch\/?p=12323","url":"https:\/\/ecolefermedesbois.ch\/?p=12323","name":"Les \u00e9l\u00e8ves de la Cassagne d\u00e9couvrent l'\u00e9table -","isPartOf":{"@id":"https:\/\/ecolefermedesbois.ch\/#website"},"primaryImageOfPage":{"@id":"https:\/\/ecolefermedesbois.ch\/?p=12323#primaryimage"},"image":{"@id":"https:\/\/ecolefermedesbois.ch\/?p=12323#primaryimage"},"thumbnailUrl":"https:\/\/i0.wp.com\/ecolefermedesbois.ch\/wp-content\/uploads\/2023\/12\/wp-17015245173883376124850832608099.jpg?fit=750%2C1000&ssl=1","datePublished":"2023-12-02T15:43:59+00:00","dateModified":"2023-12-02T15:44:01+00:00","breadcrumb":{"@id":"https:\/\/ecolefermedesbois.ch\/?p=12323#breadcrumb"},"inLanguage":"fr-FR","potentialAction":[{"@type":"ReadAction","target":["https:\/\/ecolefermedesbois.ch\/?p=12323"]}]},{"@type":"ImageObject","inLanguage":"fr-FR","@id":"https:\/\/ecolefermedesbois.ch\/?p=12323#primaryimage","url":"https:\/\/i0.wp.com\/ecolefermedesbois.ch\/wp-content\/uploads\/2023\/12\/wp-17015245173883376124850832608099.jpg?fit=750%2C1000&ssl=1","contentUrl":"https:\/\/i0.wp.com\/ecolefermedesbois.ch\/wp-content\/uploads\/2023\/12\/wp-17015245173883376124850832608099.jpg?fit=750%2C1000&ssl=1","width":750,"height":1000},{"@type":"BreadcrumbList","@id":"https:\/\/ecolefermedesbois.ch\/?p=12323#breadcrumb","itemListElement":[{"@type":"ListItem","position":1,"name":"Accueil","item":"https:\/\/ecolefermedesbois.ch\/"},{"@type":"ListItem","position":2,"name":"Les \u00e9l\u00e8ves de la Cassagne d\u00e9couvrent l&rsquo;\u00e9table"}]},{"@type":"WebSite","@id":"https:\/\/ecolefermedesbois.ch\/#website","url":"https:\/\/ecolefermedesbois.ch\/","name":"ecolefermedesbois","description":"","publisher":{"@id":"https:\/\/ecolefermedesbois.ch\/#organization"},"potentialAction":[{"@type":"SearchAction","target":{"@type":"EntryPoint","urlTemplate":"https:\/\/ecolefermedesbois.ch\/?s={search_term_string}"},"query-input":{"@type":"PropertyValueSpecification","valueRequired":true,"valueName":"search_term_string"}}],"inLanguage":"fr-FR"},{"@type":"Organization","@id":"https:\/\/ecolefermedesbois.ch\/#organization","name":"Ecole \u00e0 la Ferme des Bois","url":"https:\/\/ecolefermedesbois.ch\/","logo":{"@type":"ImageObject","inLanguage":"fr-FR","@id":"https:\/\/ecolefermedesbois.ch\/#\/schema\/logo\/image\/","url":"https:\/\/ecolefermedesbois.ch\/wp-content\/uploads\/2019\/04\/logo-scaled.gif","contentUrl":"https:\/\/ecolefermedesbois.ch\/wp-content\/uploads\/2019\/04\/logo-scaled.gif","width":2560,"height":608,"caption":"Ecole \u00e0 la Ferme des Bois"},"image":{"@id":"https:\/\/ecolefermedesbois.ch\/#\/schema\/logo\/image\/"},"sameAs":["https:\/\/www.facebook.com\/ecolefermedesBois"]},{"@type":"Person","@id":"https:\/\/ecolefermedesbois.ch\/#\/schema\/person\/78f5a1c78e958e51240f90932d290908","name":"Sophie","image":{"@type":"ImageObject","inLanguage":"fr-FR","@id":"https:\/\/secure.gravatar.com\/avatar\/053fbaec50cb27b03b880a4b8b018009aa3af995f32011efc3f40a589371d46f?s=96&d=mm&r=g","url":"https:\/\/secure.gravatar.com\/avatar\/053fbaec50cb27b03b880a4b8b018009aa3af995f32011efc3f40a589371d46f?s=96&d=mm&r=g","contentUrl":"https:\/\/secure.gravatar.com\/avatar\/053fbaec50cb27b03b880a4b8b018009aa3af995f32011efc3f40a589371d46f?s=96&d=mm&r=g","caption":"Sophie"},"url":"https:\/\/ecolefermedesbois.ch\/?author=2"}]}},"jetpack_publicize_connections":[],"jetpack_featured_media_url":"https:\/\/i0.wp.com\/ecolefermedesbois.ch\/wp-content\/uploads\/2023\/12\/wp-17015245173883376124850832608099.jpg?fit=750%2C1000&ssl=1","jetpack_sharing_enabled":true,"_links":{"self":[{"href":"https:\/\/ecolefermedesbois.ch\/index.php?rest_route=\/wp\/v2\/posts\/12323","targetHints":{"allow":["GET"]}}],"collection":[{"href":"https:\/\/ecolefermedesbois.ch\/index.php?rest_route=\/wp\/v2\/posts"}],"about":[{"href":"https:\/\/ecolefermedesbois.ch\/index.php?rest_route=\/wp\/v2\/types\/post"}],"author":[{"embeddable":true,"href":"https:\/\/ecolefermedesbois.ch\/index.php?rest_route=\/wp\/v2\/users\/2"}],"replies":[{"embeddable":true,"href":"https:\/\/ecolefermedesbois.ch\/index.php?rest_route=%2Fwp%2Fv2%2Fcomments&post=12323"}],"version-history":[{"count":1,"href":"https:\/\/ecolefermedesbois.ch\/index.php?rest_route=\/wp\/v2\/posts\/12323\/revisions"}],"predecessor-version":[{"id":12324,"href":"https:\/\/ecolefermedesbois.ch\/index.php?rest_route=\/wp\/v2\/posts\/12323\/revisions\/12324"}],"wp:featuredmedia":[{"embeddable":true,"href":"https:\/\/ecolefermedesbois.ch\/index.php?rest_route=\/wp\/v2\/media\/12308"}],"wp:attachment":[{"href":"https:\/\/ecolefermedesbois.ch\/index.php?rest_route=%2Fwp%2Fv2%2Fmedia&parent=12323"}],"wp:term":[{"taxonomy":"category","embeddable":true,"href":"https:\/\/ecolefermedesbois.ch\/index.php?rest_route=%2Fwp%2Fv2%2Fcategories&post=12323"},{"taxonomy":"post_tag","embeddable":true,"href":"https:\/\/ecolefermedesbois.ch\/index.php?rest_route=%2Fwp%2Fv2%2Ftags&post=12323"}],"curies":[{"name":"wp","href":"https:\/\/api.w.org\/{rel}","templated":true}]}}