{"id":12247,"date":"2023-11-16T14:40:40","date_gmt":"2023-11-16T13:40:40","guid":{"rendered":"https:\/\/ecolefermedesbois.ch\/?p=12247"},"modified":"2023-11-16T14:40:43","modified_gmt":"2023-11-16T13:40:43","slug":"une-classe-de-puidoux-decouvre-les-animaux-de-la-ferme","status":"publish","type":"post","link":"https:\/\/ecolefermedesbois.ch\/?p=12247","title":{"rendered":"Une classe de Puidoux d\u00e9couvre les animaux de la ferme."},"content":{"rendered":"<div class=\"pdfprnt-buttons pdfprnt-buttons-post pdfprnt-top-right\"><a href=\"https:\/\/ecolefermedesbois.ch\/index.php?rest_route=%2Fwp%2Fv2%2Fposts%2F12247&print=pdf\" class=\"pdfprnt-button pdfprnt-button-pdf\" target=\"_blank\" ><img data-recalc-dims=\"1\" decoding=\"async\" src=\"https:\/\/i0.wp.com\/ecolefermedesbois.ch\/wp-content\/plugins\/pdf-print\/images\/pdf.png?w=720&#038;ssl=1\" alt=\"image_pdf\" title=\"Afficher le PDF\" \/><\/a><a href=\"https:\/\/ecolefermedesbois.ch\/index.php?rest_route=%2Fwp%2Fv2%2Fposts%2F12247&print=print\" class=\"pdfprnt-button pdfprnt-button-print\" target=\"_blank\" ><img data-recalc-dims=\"1\" decoding=\"async\" src=\"https:\/\/i0.wp.com\/ecolefermedesbois.ch\/wp-content\/plugins\/pdf-print\/images\/print.png?w=720&#038;ssl=1\" alt=\"image_print\" title=\"Contenu imprim\u00e9\" \/><\/a><\/div>\n<p>D\u00e9but novembre, les \u00e9l\u00e8ves de Sarah Chappuis et Laurence Pernoud sont venus passer la matin\u00e9e \u00e0 la ferme. Les enfants sont venus d\u00e9couvrir et observer les animaux pour pouvoir faire un livre num\u00e9rique avec leur stagiaire Sarah. <\/p>\n\n\n\n<p>Nous commen\u00e7ons la matin\u00e9e au poulailler. Pendant qu&rsquo;un groupe est avec moi pour s&rsquo;occuper des poules, leurs ouvrir le parc, les nourrir et d\u00e9couvrir ce qui se passe dans le poulailler et leurs particularit\u00e9s, un groupe est avec Emilie en salle pour confectionner des madeleines avec les \u0153ufs de nos poules. Puis nous \u00e9changeons les groupes afin que chaque \u00e9l\u00e8ve puisse faire la m\u00eame chose. <\/p>\n\n\n\n<p>Les \u00e9l\u00e8ves pourront gouter la premi\u00e8re fourn\u00e9e pour leur r\u00e9cr\u00e9ation. Mmm un r\u00e9gal, bravo les enfants. La deuxi\u00e8me fourn\u00e9e sera emport\u00e9e avec eux pour \u00eatre d\u00e9gust\u00e9e en classe.<br>Pour la suite de la matin\u00e9e, nous allons \u00e0 l&rsquo;\u00e9curie. Nous y observons les g\u00e9nisses qui sont les adolescentes des vaches puis nous allons nous occuper des lapins. Chaque \u00e9l\u00e8ve a pu participer aux t\u00e2ches, donner des grains, de l&rsquo;eau et du foin. Je leur explique que nous nourrissons les animaux tous les matins et que nous faisons le nettoyage de leur habitat une fois par semaine. Une fois les lapins nourris, nous en profitons pour leur faire un c\u00e2lin. Que d&rsquo;\u00e9toiles dans les yeux des enfants!<\/p>\n\n\n\n<p>Et pour finir la matin\u00e9e, nous apportons du foin et de l&rsquo;eau aux ch\u00e8vres. Nous allons \u00e9galement dans leur box pour pouvoir les c\u00e2liner et les d\u00e9couvrir de plus pr\u00e8s. <br>Pour chaque animaux, nous avons nommer qui se trouvent dans leur famille (maman, papa et b\u00e9b\u00e9) ainsi que certaines de leurs sp\u00e9cificit\u00e9s. (nourriture, production, morphologie,&#8230;)<\/p>\n\n\n\n<p>Voil\u00e0, la matin\u00e9e est d\u00e9j\u00e0 finie. Merci les enfants pour votre aide \u00e0 nourrir mes animaux. J&rsquo;ai eu beaucoup de plaisir \u00e0 partager ce moment avec vous.<\/p>\n\n\n\n<p>Merci Sarah et Laurence d&rsquo;\u00eatre venues avec vos \u00e9l\u00e8ves nous permettre de partager ces moments si pr\u00e9cieux.<\/p>\n\n\n\n<p>A bient\u00f4t<\/p>\n\n\n\n<p>Sophie<\/p>\n\n\n\n<div class=\"wp-block-jetpack-tiled-gallery aligncenter is-style-rectangular\"><div class=\"tiled-gallery__gallery\"><div class=\"tiled-gallery__row\"><div class=\"tiled-gallery__col\" style=\"flex-basis:44.04557%\"><figure class=\"tiled-gallery__item\"><img decoding=\"async\" alt=\"\" data-height=\"750\" data-id=\"12207\" data-link=\"https:\/\/ecolefermedesbois.ch\/?attachment_id=12207\" data-url=\"https:\/\/ecolefermedesbois.ch\/wp-content\/uploads\/2023\/11\/wp-16999713906058808105559342775676-600x450.jpg\" data-width=\"1000\" src=\"https:\/\/i1.wp.com\/ecolefermedesbois.ch\/wp-content\/uploads\/2023\/11\/wp-16999713906058808105559342775676-600x450.jpg?ssl=1\" data-amp-layout=\"responsive\"\/><\/figure><\/div><div class=\"tiled-gallery__col\" style=\"flex-basis:18.65148%\"><figure class=\"tiled-gallery__item\"><img decoding=\"async\" alt=\"\" data-height=\"1000\" data-id=\"12209\" data-link=\"https:\/\/ecolefermedesbois.ch\/?attachment_id=12209\" data-url=\"https:\/\/ecolefermedesbois.ch\/wp-content\/uploads\/2023\/11\/wp-1699971390796302561459808505991-338x600.jpg\" data-width=\"563\" src=\"https:\/\/i0.wp.com\/ecolefermedesbois.ch\/wp-content\/uploads\/2023\/11\/wp-1699971390796302561459808505991-338x600.jpg?ssl=1\" data-amp-layout=\"responsive\"\/><\/figure><\/div><div class=\"tiled-gallery__col\" style=\"flex-basis:18.65148%\"><figure class=\"tiled-gallery__item\"><img decoding=\"async\" alt=\"\" data-height=\"1000\" data-id=\"12213\" data-link=\"https:\/\/ecolefermedesbois.ch\/?attachment_id=12213\" data-url=\"https:\/\/ecolefermedesbois.ch\/wp-content\/uploads\/2023\/11\/wp-16999713909358548912912420326125-338x600.jpg\" data-width=\"563\" src=\"https:\/\/i0.wp.com\/ecolefermedesbois.ch\/wp-content\/uploads\/2023\/11\/wp-16999713909358548912912420326125-338x600.jpg?ssl=1\" data-amp-layout=\"responsive\"\/><\/figure><\/div><div class=\"tiled-gallery__col\" style=\"flex-basis:18.65148%\"><figure class=\"tiled-gallery__item\"><img decoding=\"async\" alt=\"\" data-height=\"1000\" data-id=\"12215\" data-link=\"https:\/\/ecolefermedesbois.ch\/?attachment_id=12215\" data-url=\"https:\/\/ecolefermedesbois.ch\/wp-content\/uploads\/2023\/11\/wp-16999713910339200160170078756178-338x600.jpg\" data-width=\"563\" src=\"https:\/\/i2.wp.com\/ecolefermedesbois.ch\/wp-content\/uploads\/2023\/11\/wp-16999713910339200160170078756178-338x600.jpg?ssl=1\" data-amp-layout=\"responsive\"\/><\/figure><\/div><\/div><div class=\"tiled-gallery__row\"><div class=\"tiled-gallery__col\" style=\"flex-basis:30.01823%\"><figure class=\"tiled-gallery__item\"><img decoding=\"async\" alt=\"\" data-height=\"1000\" data-id=\"12211\" data-link=\"https:\/\/ecolefermedesbois.ch\/?attachment_id=12211\" data-url=\"https:\/\/ecolefermedesbois.ch\/wp-content\/uploads\/2023\/11\/wp-16999713908396514483136018845248-338x600.jpg\" data-width=\"563\" src=\"https:\/\/i0.wp.com\/ecolefermedesbois.ch\/wp-content\/uploads\/2023\/11\/wp-16999713908396514483136018845248-338x600.jpg?ssl=1\" data-amp-layout=\"responsive\"\/><\/figure><\/div><div class=\"tiled-gallery__col\" style=\"flex-basis:30.01823%\"><figure class=\"tiled-gallery__item\"><img decoding=\"async\" alt=\"\" data-height=\"1000\" data-id=\"12214\" data-link=\"https:\/\/ecolefermedesbois.ch\/?attachment_id=12214\" data-url=\"https:\/\/ecolefermedesbois.ch\/wp-content\/uploads\/2023\/11\/wp-16999713909781691602224797944006-338x600.jpg\" data-width=\"563\" src=\"https:\/\/i2.wp.com\/ecolefermedesbois.ch\/wp-content\/uploads\/2023\/11\/wp-16999713909781691602224797944006-338x600.jpg?ssl=1\" data-amp-layout=\"responsive\"\/><\/figure><\/div><div class=\"tiled-gallery__col\" style=\"flex-basis:39.96355%\"><figure class=\"tiled-gallery__item\"><img decoding=\"async\" alt=\"\" data-height=\"1000\" data-id=\"12208\" data-link=\"https:\/\/ecolefermedesbois.ch\/?attachment_id=12208\" data-url=\"https:\/\/ecolefermedesbois.ch\/wp-content\/uploads\/2023\/11\/wp-16999713904512827751664449075193-450x600.jpg\" data-width=\"750\" src=\"https:\/\/i2.wp.com\/ecolefermedesbois.ch\/wp-content\/uploads\/2023\/11\/wp-16999713904512827751664449075193-450x600.jpg?ssl=1\" data-amp-layout=\"responsive\"\/><\/figure><\/div><\/div><div class=\"tiled-gallery__row\"><div class=\"tiled-gallery__col\" style=\"flex-basis:42.88669%\"><figure class=\"tiled-gallery__item\"><img decoding=\"async\" alt=\"\" data-height=\"750\" data-id=\"12210\" data-link=\"https:\/\/ecolefermedesbois.ch\/?attachment_id=12210\" data-url=\"https:\/\/ecolefermedesbois.ch\/wp-content\/uploads\/2023\/11\/wp-16999713902673858987779918011998-600x450.jpg\" data-width=\"1000\" src=\"https:\/\/i2.wp.com\/ecolefermedesbois.ch\/wp-content\/uploads\/2023\/11\/wp-16999713902673858987779918011998-600x450.jpg?ssl=1\" data-amp-layout=\"responsive\"\/><\/figure><\/div><div class=\"tiled-gallery__col\" style=\"flex-basis:57.11331%\"><figure class=\"tiled-gallery__item\"><img decoding=\"async\" alt=\"\" data-height=\"562\" data-id=\"12212\" data-link=\"https:\/\/ecolefermedesbois.ch\/?attachment_id=12212\" data-url=\"https:\/\/ecolefermedesbois.ch\/wp-content\/uploads\/2023\/11\/wp-16999713908928085422253251131096-600x338.jpg\" data-width=\"999\" src=\"https:\/\/i0.wp.com\/ecolefermedesbois.ch\/wp-content\/uploads\/2023\/11\/wp-16999713908928085422253251131096-600x338.jpg?ssl=1\" data-amp-layout=\"responsive\"\/><\/figure><\/div><\/div><\/div><\/div>\n","protected":false},"excerpt":{"rendered":"<p>D\u00e9but novembre, les \u00e9l\u00e8ves de Sarah Chappuis et Laurence Pernoud sont venus passer la matin\u00e9e \u00e0 la ferme. Les enfants&#46;&#46;&#46;<\/p>\n","protected":false},"author":2,"featured_media":12210,"comment_status":"open","ping_status":"open","sticky":false,"template":"","format":"standard","meta":{"jetpack_post_was_ever_published":false,"footnotes":"","jetpack_publicize_message":"","jetpack_publicize_feature_enabled":true,"jetpack_social_post_already_shared":false,"jetpack_social_options":{"image_generator_settings":{"template":"highway","default_image_id":0,"font":"","enabled":false},"version":2}},"categories":[33],"tags":[],"class_list":["post-12247","post","type-post","status-publish","format-standard","has-post-thumbnail","hentry","category-ecole"],"yoast_head":"<!-- This site is optimized with the Yoast SEO plugin v27.5 - https:\/\/yoast.com\/product\/yoast-seo-wordpress\/ -->\n<title>Une classe de Puidoux d\u00e9couvre les animaux de la ferme. -<\/title>\n<meta name=\"robots\" content=\"index, follow, max-snippet:-1, max-image-preview:large, max-video-preview:-1\" \/>\n<link rel=\"canonical\" href=\"https:\/\/ecolefermedesbois.ch\/?p=12247\" \/>\n<meta property=\"og:locale\" content=\"fr_FR\" \/>\n<meta property=\"og:type\" content=\"article\" \/>\n<meta property=\"og:title\" content=\"Une classe de Puidoux d\u00e9couvre les animaux de la ferme. -\" \/>\n<meta property=\"og:description\" content=\"D\u00e9but novembre, les \u00e9l\u00e8ves de Sarah Chappuis et Laurence Pernoud sont venus passer la matin\u00e9e \u00e0 la ferme. Les enfants&#046;&#046;&#046;\" \/>\n<meta property=\"og:url\" content=\"https:\/\/ecolefermedesbois.ch\/?p=12247\" \/>\n<meta property=\"article:publisher\" content=\"https:\/\/www.facebook.com\/ecolefermedesBois\" \/>\n<meta property=\"article:published_time\" content=\"2023-11-16T13:40:40+00:00\" \/>\n<meta property=\"article:modified_time\" content=\"2023-11-16T13:40:43+00:00\" \/>\n<meta property=\"og:image\" content=\"https:\/\/ecolefermedesbois.ch\/wp-content\/uploads\/2023\/11\/wp-16999713902673858987779918011998.jpg\" \/>\n\t<meta property=\"og:image:width\" content=\"1000\" \/>\n\t<meta property=\"og:image:height\" content=\"750\" \/>\n\t<meta property=\"og:image:type\" content=\"image\/jpeg\" \/>\n<meta name=\"author\" content=\"Sophie\" \/>\n<meta name=\"twitter:card\" content=\"summary_large_image\" \/>\n<meta name=\"twitter:label1\" content=\"\u00c9crit par\" \/>\n\t<meta name=\"twitter:data1\" content=\"Sophie\" \/>\n\t<meta name=\"twitter:label2\" content=\"Dur\u00e9e de lecture estim\u00e9e\" \/>\n\t<meta name=\"twitter:data2\" content=\"4 minutes\" \/>\n<script type=\"application\/ld+json\" class=\"yoast-schema-graph\">{\"@context\":\"https:\\\/\\\/schema.org\",\"@graph\":[{\"@type\":\"Article\",\"@id\":\"https:\\\/\\\/ecolefermedesbois.ch\\\/?p=12247#article\",\"isPartOf\":{\"@id\":\"https:\\\/\\\/ecolefermedesbois.ch\\\/?p=12247\"},\"author\":{\"name\":\"Sophie\",\"@id\":\"https:\\\/\\\/ecolefermedesbois.ch\\\/#\\\/schema\\\/person\\\/78f5a1c78e958e51240f90932d290908\"},\"headline\":\"Une classe de Puidoux d\u00e9couvre les animaux de la ferme.\",\"datePublished\":\"2023-11-16T13:40:40+00:00\",\"dateModified\":\"2023-11-16T13:40:43+00:00\",\"mainEntityOfPage\":{\"@id\":\"https:\\\/\\\/ecolefermedesbois.ch\\\/?p=12247\"},\"wordCount\":369,\"commentCount\":0,\"publisher\":{\"@id\":\"https:\\\/\\\/ecolefermedesbois.ch\\\/#organization\"},\"image\":{\"@id\":\"https:\\\/\\\/ecolefermedesbois.ch\\\/?p=12247#primaryimage\"},\"thumbnailUrl\":\"https:\\\/\\\/i0.wp.com\\\/ecolefermedesbois.ch\\\/wp-content\\\/uploads\\\/2023\\\/11\\\/wp-16999713902673858987779918011998.jpg?fit=1000%2C750&ssl=1\",\"articleSection\":[\"Ecole\"],\"inLanguage\":\"fr-FR\",\"potentialAction\":[{\"@type\":\"CommentAction\",\"name\":\"Comment\",\"target\":[\"https:\\\/\\\/ecolefermedesbois.ch\\\/?p=12247#respond\"]}]},{\"@type\":\"WebPage\",\"@id\":\"https:\\\/\\\/ecolefermedesbois.ch\\\/?p=12247\",\"url\":\"https:\\\/\\\/ecolefermedesbois.ch\\\/?p=12247\",\"name\":\"Une classe de Puidoux d\u00e9couvre les animaux de la ferme. -\",\"isPartOf\":{\"@id\":\"https:\\\/\\\/ecolefermedesbois.ch\\\/#website\"},\"primaryImageOfPage\":{\"@id\":\"https:\\\/\\\/ecolefermedesbois.ch\\\/?p=12247#primaryimage\"},\"image\":{\"@id\":\"https:\\\/\\\/ecolefermedesbois.ch\\\/?p=12247#primaryimage\"},\"thumbnailUrl\":\"https:\\\/\\\/i0.wp.com\\\/ecolefermedesbois.ch\\\/wp-content\\\/uploads\\\/2023\\\/11\\\/wp-16999713902673858987779918011998.jpg?fit=1000%2C750&ssl=1\",\"datePublished\":\"2023-11-16T13:40:40+00:00\",\"dateModified\":\"2023-11-16T13:40:43+00:00\",\"breadcrumb\":{\"@id\":\"https:\\\/\\\/ecolefermedesbois.ch\\\/?p=12247#breadcrumb\"},\"inLanguage\":\"fr-FR\",\"potentialAction\":[{\"@type\":\"ReadAction\",\"target\":[\"https:\\\/\\\/ecolefermedesbois.ch\\\/?p=12247\"]}]},{\"@type\":\"ImageObject\",\"inLanguage\":\"fr-FR\",\"@id\":\"https:\\\/\\\/ecolefermedesbois.ch\\\/?p=12247#primaryimage\",\"url\":\"https:\\\/\\\/i0.wp.com\\\/ecolefermedesbois.ch\\\/wp-content\\\/uploads\\\/2023\\\/11\\\/wp-16999713902673858987779918011998.jpg?fit=1000%2C750&ssl=1\",\"contentUrl\":\"https:\\\/\\\/i0.wp.com\\\/ecolefermedesbois.ch\\\/wp-content\\\/uploads\\\/2023\\\/11\\\/wp-16999713902673858987779918011998.jpg?fit=1000%2C750&ssl=1\",\"width\":1000,\"height\":750},{\"@type\":\"BreadcrumbList\",\"@id\":\"https:\\\/\\\/ecolefermedesbois.ch\\\/?p=12247#breadcrumb\",\"itemListElement\":[{\"@type\":\"ListItem\",\"position\":1,\"name\":\"Accueil\",\"item\":\"https:\\\/\\\/ecolefermedesbois.ch\\\/\"},{\"@type\":\"ListItem\",\"position\":2,\"name\":\"Une classe de Puidoux d\u00e9couvre les animaux de la ferme.\"}]},{\"@type\":\"WebSite\",\"@id\":\"https:\\\/\\\/ecolefermedesbois.ch\\\/#website\",\"url\":\"https:\\\/\\\/ecolefermedesbois.ch\\\/\",\"name\":\"ecolefermedesbois\",\"description\":\"\",\"publisher\":{\"@id\":\"https:\\\/\\\/ecolefermedesbois.ch\\\/#organization\"},\"potentialAction\":[{\"@type\":\"SearchAction\",\"target\":{\"@type\":\"EntryPoint\",\"urlTemplate\":\"https:\\\/\\\/ecolefermedesbois.ch\\\/?s={search_term_string}\"},\"query-input\":{\"@type\":\"PropertyValueSpecification\",\"valueRequired\":true,\"valueName\":\"search_term_string\"}}],\"inLanguage\":\"fr-FR\"},{\"@type\":\"Organization\",\"@id\":\"https:\\\/\\\/ecolefermedesbois.ch\\\/#organization\",\"name\":\"Ecole \u00e0 la Ferme des Bois\",\"url\":\"https:\\\/\\\/ecolefermedesbois.ch\\\/\",\"logo\":{\"@type\":\"ImageObject\",\"inLanguage\":\"fr-FR\",\"@id\":\"https:\\\/\\\/ecolefermedesbois.ch\\\/#\\\/schema\\\/logo\\\/image\\\/\",\"url\":\"https:\\\/\\\/ecolefermedesbois.ch\\\/wp-content\\\/uploads\\\/2019\\\/04\\\/logo-scaled.gif\",\"contentUrl\":\"https:\\\/\\\/ecolefermedesbois.ch\\\/wp-content\\\/uploads\\\/2019\\\/04\\\/logo-scaled.gif\",\"width\":2560,\"height\":608,\"caption\":\"Ecole \u00e0 la Ferme des Bois\"},\"image\":{\"@id\":\"https:\\\/\\\/ecolefermedesbois.ch\\\/#\\\/schema\\\/logo\\\/image\\\/\"},\"sameAs\":[\"https:\\\/\\\/www.facebook.com\\\/ecolefermedesBois\"]},{\"@type\":\"Person\",\"@id\":\"https:\\\/\\\/ecolefermedesbois.ch\\\/#\\\/schema\\\/person\\\/78f5a1c78e958e51240f90932d290908\",\"name\":\"Sophie\",\"image\":{\"@type\":\"ImageObject\",\"inLanguage\":\"fr-FR\",\"@id\":\"https:\\\/\\\/secure.gravatar.com\\\/avatar\\\/053fbaec50cb27b03b880a4b8b018009aa3af995f32011efc3f40a589371d46f?s=96&d=mm&r=g\",\"url\":\"https:\\\/\\\/secure.gravatar.com\\\/avatar\\\/053fbaec50cb27b03b880a4b8b018009aa3af995f32011efc3f40a589371d46f?s=96&d=mm&r=g\",\"contentUrl\":\"https:\\\/\\\/secure.gravatar.com\\\/avatar\\\/053fbaec50cb27b03b880a4b8b018009aa3af995f32011efc3f40a589371d46f?s=96&d=mm&r=g\",\"caption\":\"Sophie\"},\"url\":\"https:\\\/\\\/ecolefermedesbois.ch\\\/?author=2\"}]}<\/script>\n<!-- \/ Yoast SEO plugin. -->","yoast_head_json":{"title":"Une classe de Puidoux d\u00e9couvre les animaux de la ferme. -","robots":{"index":"index","follow":"follow","max-snippet":"max-snippet:-1","max-image-preview":"max-image-preview:large","max-video-preview":"max-video-preview:-1"},"canonical":"https:\/\/ecolefermedesbois.ch\/?p=12247","og_locale":"fr_FR","og_type":"article","og_title":"Une classe de Puidoux d\u00e9couvre les animaux de la ferme. -","og_description":"D\u00e9but novembre, les \u00e9l\u00e8ves de Sarah Chappuis et Laurence Pernoud sont venus passer la matin\u00e9e \u00e0 la ferme. Les enfants&#46;&#46;&#46;","og_url":"https:\/\/ecolefermedesbois.ch\/?p=12247","article_publisher":"https:\/\/www.facebook.com\/ecolefermedesBois","article_published_time":"2023-11-16T13:40:40+00:00","article_modified_time":"2023-11-16T13:40:43+00:00","og_image":[{"width":1000,"height":750,"url":"https:\/\/ecolefermedesbois.ch\/wp-content\/uploads\/2023\/11\/wp-16999713902673858987779918011998.jpg","type":"image\/jpeg"}],"author":"Sophie","twitter_card":"summary_large_image","twitter_misc":{"\u00c9crit par":"Sophie","Dur\u00e9e de lecture estim\u00e9e":"4 minutes"},"schema":{"@context":"https:\/\/schema.org","@graph":[{"@type":"Article","@id":"https:\/\/ecolefermedesbois.ch\/?p=12247#article","isPartOf":{"@id":"https:\/\/ecolefermedesbois.ch\/?p=12247"},"author":{"name":"Sophie","@id":"https:\/\/ecolefermedesbois.ch\/#\/schema\/person\/78f5a1c78e958e51240f90932d290908"},"headline":"Une classe de Puidoux d\u00e9couvre les animaux de la ferme.","datePublished":"2023-11-16T13:40:40+00:00","dateModified":"2023-11-16T13:40:43+00:00","mainEntityOfPage":{"@id":"https:\/\/ecolefermedesbois.ch\/?p=12247"},"wordCount":369,"commentCount":0,"publisher":{"@id":"https:\/\/ecolefermedesbois.ch\/#organization"},"image":{"@id":"https:\/\/ecolefermedesbois.ch\/?p=12247#primaryimage"},"thumbnailUrl":"https:\/\/i0.wp.com\/ecolefermedesbois.ch\/wp-content\/uploads\/2023\/11\/wp-16999713902673858987779918011998.jpg?fit=1000%2C750&ssl=1","articleSection":["Ecole"],"inLanguage":"fr-FR","potentialAction":[{"@type":"CommentAction","name":"Comment","target":["https:\/\/ecolefermedesbois.ch\/?p=12247#respond"]}]},{"@type":"WebPage","@id":"https:\/\/ecolefermedesbois.ch\/?p=12247","url":"https:\/\/ecolefermedesbois.ch\/?p=12247","name":"Une classe de Puidoux d\u00e9couvre les animaux de la ferme. -","isPartOf":{"@id":"https:\/\/ecolefermedesbois.ch\/#website"},"primaryImageOfPage":{"@id":"https:\/\/ecolefermedesbois.ch\/?p=12247#primaryimage"},"image":{"@id":"https:\/\/ecolefermedesbois.ch\/?p=12247#primaryimage"},"thumbnailUrl":"https:\/\/i0.wp.com\/ecolefermedesbois.ch\/wp-content\/uploads\/2023\/11\/wp-16999713902673858987779918011998.jpg?fit=1000%2C750&ssl=1","datePublished":"2023-11-16T13:40:40+00:00","dateModified":"2023-11-16T13:40:43+00:00","breadcrumb":{"@id":"https:\/\/ecolefermedesbois.ch\/?p=12247#breadcrumb"},"inLanguage":"fr-FR","potentialAction":[{"@type":"ReadAction","target":["https:\/\/ecolefermedesbois.ch\/?p=12247"]}]},{"@type":"ImageObject","inLanguage":"fr-FR","@id":"https:\/\/ecolefermedesbois.ch\/?p=12247#primaryimage","url":"https:\/\/i0.wp.com\/ecolefermedesbois.ch\/wp-content\/uploads\/2023\/11\/wp-16999713902673858987779918011998.jpg?fit=1000%2C750&ssl=1","contentUrl":"https:\/\/i0.wp.com\/ecolefermedesbois.ch\/wp-content\/uploads\/2023\/11\/wp-16999713902673858987779918011998.jpg?fit=1000%2C750&ssl=1","width":1000,"height":750},{"@type":"BreadcrumbList","@id":"https:\/\/ecolefermedesbois.ch\/?p=12247#breadcrumb","itemListElement":[{"@type":"ListItem","position":1,"name":"Accueil","item":"https:\/\/ecolefermedesbois.ch\/"},{"@type":"ListItem","position":2,"name":"Une classe de Puidoux d\u00e9couvre les animaux de la ferme."}]},{"@type":"WebSite","@id":"https:\/\/ecolefermedesbois.ch\/#website","url":"https:\/\/ecolefermedesbois.ch\/","name":"ecolefermedesbois","description":"","publisher":{"@id":"https:\/\/ecolefermedesbois.ch\/#organization"},"potentialAction":[{"@type":"SearchAction","target":{"@type":"EntryPoint","urlTemplate":"https:\/\/ecolefermedesbois.ch\/?s={search_term_string}"},"query-input":{"@type":"PropertyValueSpecification","valueRequired":true,"valueName":"search_term_string"}}],"inLanguage":"fr-FR"},{"@type":"Organization","@id":"https:\/\/ecolefermedesbois.ch\/#organization","name":"Ecole \u00e0 la Ferme des Bois","url":"https:\/\/ecolefermedesbois.ch\/","logo":{"@type":"ImageObject","inLanguage":"fr-FR","@id":"https:\/\/ecolefermedesbois.ch\/#\/schema\/logo\/image\/","url":"https:\/\/ecolefermedesbois.ch\/wp-content\/uploads\/2019\/04\/logo-scaled.gif","contentUrl":"https:\/\/ecolefermedesbois.ch\/wp-content\/uploads\/2019\/04\/logo-scaled.gif","width":2560,"height":608,"caption":"Ecole \u00e0 la Ferme des Bois"},"image":{"@id":"https:\/\/ecolefermedesbois.ch\/#\/schema\/logo\/image\/"},"sameAs":["https:\/\/www.facebook.com\/ecolefermedesBois"]},{"@type":"Person","@id":"https:\/\/ecolefermedesbois.ch\/#\/schema\/person\/78f5a1c78e958e51240f90932d290908","name":"Sophie","image":{"@type":"ImageObject","inLanguage":"fr-FR","@id":"https:\/\/secure.gravatar.com\/avatar\/053fbaec50cb27b03b880a4b8b018009aa3af995f32011efc3f40a589371d46f?s=96&d=mm&r=g","url":"https:\/\/secure.gravatar.com\/avatar\/053fbaec50cb27b03b880a4b8b018009aa3af995f32011efc3f40a589371d46f?s=96&d=mm&r=g","contentUrl":"https:\/\/secure.gravatar.com\/avatar\/053fbaec50cb27b03b880a4b8b018009aa3af995f32011efc3f40a589371d46f?s=96&d=mm&r=g","caption":"Sophie"},"url":"https:\/\/ecolefermedesbois.ch\/?author=2"}]}},"jetpack_publicize_connections":[],"jetpack_featured_media_url":"https:\/\/i0.wp.com\/ecolefermedesbois.ch\/wp-content\/uploads\/2023\/11\/wp-16999713902673858987779918011998.jpg?fit=1000%2C750&ssl=1","jetpack_sharing_enabled":true,"_links":{"self":[{"href":"https:\/\/ecolefermedesbois.ch\/index.php?rest_route=\/wp\/v2\/posts\/12247","targetHints":{"allow":["GET"]}}],"collection":[{"href":"https:\/\/ecolefermedesbois.ch\/index.php?rest_route=\/wp\/v2\/posts"}],"about":[{"href":"https:\/\/ecolefermedesbois.ch\/index.php?rest_route=\/wp\/v2\/types\/post"}],"author":[{"embeddable":true,"href":"https:\/\/ecolefermedesbois.ch\/index.php?rest_route=\/wp\/v2\/users\/2"}],"replies":[{"embeddable":true,"href":"https:\/\/ecolefermedesbois.ch\/index.php?rest_route=%2Fwp%2Fv2%2Fcomments&post=12247"}],"version-history":[{"count":1,"href":"https:\/\/ecolefermedesbois.ch\/index.php?rest_route=\/wp\/v2\/posts\/12247\/revisions"}],"predecessor-version":[{"id":12248,"href":"https:\/\/ecolefermedesbois.ch\/index.php?rest_route=\/wp\/v2\/posts\/12247\/revisions\/12248"}],"wp:featuredmedia":[{"embeddable":true,"href":"https:\/\/ecolefermedesbois.ch\/index.php?rest_route=\/wp\/v2\/media\/12210"}],"wp:attachment":[{"href":"https:\/\/ecolefermedesbois.ch\/index.php?rest_route=%2Fwp%2Fv2%2Fmedia&parent=12247"}],"wp:term":[{"taxonomy":"category","embeddable":true,"href":"https:\/\/ecolefermedesbois.ch\/index.php?rest_route=%2Fwp%2Fv2%2Fcategories&post=12247"},{"taxonomy":"post_tag","embeddable":true,"href":"https:\/\/ecolefermedesbois.ch\/index.php?rest_route=%2Fwp%2Fv2%2Ftags&post=12247"}],"curies":[{"name":"wp","href":"https:\/\/api.w.org\/{rel}","templated":true}]}}