{"id":12003,"date":"2023-09-13T10:51:40","date_gmt":"2023-09-13T08:51:40","guid":{"rendered":"https:\/\/ecolefermedesbois.ch\/?p=12003"},"modified":"2023-09-13T11:00:48","modified_gmt":"2023-09-13T09:00:48","slug":"apres-le-printemps-les-classes-de-n-menotti-et-a-conus-sont-venues-decouvrir-le-potager-en-automne","status":"publish","type":"post","link":"https:\/\/ecolefermedesbois.ch\/?p=12003","title":{"rendered":"Apr\u00e8s le printemps, les classes de N. Menotti et A. Conus sont venues d\u00e9couvrir le potager en automne"},"content":{"rendered":"<div class=\"pdfprnt-buttons pdfprnt-buttons-post pdfprnt-top-right\"><a href=\"https:\/\/ecolefermedesbois.ch\/index.php?rest_route=%2Fwp%2Fv2%2Fposts%2F12003&print=pdf\" class=\"pdfprnt-button pdfprnt-button-pdf\" target=\"_blank\" ><img data-recalc-dims=\"1\" decoding=\"async\" src=\"https:\/\/i0.wp.com\/ecolefermedesbois.ch\/wp-content\/plugins\/pdf-print\/images\/pdf.png?w=720&#038;ssl=1\" alt=\"image_pdf\" title=\"Afficher le PDF\" \/><\/a><a href=\"https:\/\/ecolefermedesbois.ch\/index.php?rest_route=%2Fwp%2Fv2%2Fposts%2F12003&print=print\" class=\"pdfprnt-button pdfprnt-button-print\" target=\"_blank\" ><img data-recalc-dims=\"1\" decoding=\"async\" src=\"https:\/\/i0.wp.com\/ecolefermedesbois.ch\/wp-content\/plugins\/pdf-print\/images\/print.png?w=720&#038;ssl=1\" alt=\"image_print\" title=\"Contenu imprim\u00e9\" \/><\/a><\/div>\n<p>Vendredi dernier, la classe de Natacha Menotti de Pal\u00e9zieux et ce mardi la classe de Aude Conus de Cully, sont venues d\u00e9couvrir ce qui s&rsquo;est pass\u00e9 dans le potager depuis leur venue au printemps.<\/p>\n\n\n\n<p>Pour les 2 classes le programme sera le m\u00eame sauf pour la r\u00e9colte. En voici le r\u00e9cit:<\/p>\n\n\n\n<p>Nous commen\u00e7ons la matin\u00e9e par un jeu sur les saisons. Nous disposons par terre les images de mon potager \u00e0 chaque saison. Chacun leur tour, les \u00e9l\u00e8ves prennent dans un sac un jouet l\u00e9gume puis une image repr\u00e9sentant soit les besoins des l\u00e9gumes, divers animaux ou des l\u00e9gumes et va les d\u00e9poser vers la saison qui correspond.<br>Ensuite par 4 groupes, les \u00e9l\u00e8ves vont observer une saison. Ils vont discuter si les objets d\u00e9pos\u00e9s sont \u00e0 la bonne saison ou s&rsquo;ils ont un doute. Puis nous passons tous ensemble vers chaque saison pour faire le point. \u00c9videment, plusieurs objets peuvent se trouver \u00e0 diff\u00e9rentes saisons. Bravo les enfants, vous avez bien retenu ce que nous avons observer au printemps.<\/p>\n\n\n\n<p>Apr\u00e8s ce dur labeur, c&rsquo;est l&rsquo;heure de la r\u00e9cr\u00e9ation!<\/p>\n\n\n\n<p>Une fois repus et d\u00e9foul\u00e9s, nous allons au potager pour l&rsquo;observer. Quel l\u00e9gumes avez-vous sem\u00e9 ou plant\u00e9 ce printemps ? Que sont-ils devenus ? Super, ils ont tous retrouv\u00e9 leur l\u00e9gume!<br>Maintenant, c&rsquo;est l&rsquo;heure d&rsquo;aller pr\u00e9parer la soupe pour le d\u00eener. Mais d\u2019abord, il nous faut r\u00e9colter les l\u00e9gumes. Les enfants trouvent le c\u00e9leri-pomme, le poireau et les carottes. Mais o\u00f9 sont les pommes de terre ? Nous les stockons \u00e0 la cave. Et c&rsquo;est parti. Tous les l\u00e9gumes en mains, nous voil\u00e0 en chemin pour la cuisine.<\/p>\n\n\n\n<p>Mains lav\u00e9es, manches retrouss\u00e9es nous commen\u00e7ons l&rsquo;atelier soupe. Nous avons fait 4 groupes, un par l\u00e9gume. Chaque groupe va laver, \u00e9plucher et\/ou couper son l\u00e9gume. Puis nous les mettons tous dans une casserole. Les \u00e9l\u00e8ves y ajoutent de l&rsquo;eau, du sel et du poivre. Pendant la cuisson de la soupe, nous retournons au jardin pour r\u00e9colter les l\u00e9gumes que les \u00e9l\u00e8ves ont sem\u00e9 ou plant\u00e9 ce printemps.<\/p>\n\n\n\n<p>Au potager, les \u00e9l\u00e8ves de Natacha, \u00e9quip\u00e9s de seaux, vont \u00e0 la cueillette des haricots. Nous d\u00e9posons les haricots \u00e0 cot\u00e9 de d\u00e9shydrateur. Pr\u00eat pour la suite&#8230; <br>Les \u00e9l\u00e8ves d&rsquo;Aude, \u00e9quip\u00e9s d&rsquo;une caisse et d&rsquo;une hausse de conservation, vont arracher les c\u00e9leris-pomme. Que de rire quand les \u00e9l\u00e8ves partent en arri\u00e8re lorsque le c\u00e9leri est arrach\u00e9 de terre. Ils \u00e9taient bien enracin\u00e9s. C\u00e9leri en main, les \u00e9l\u00e8ves viennent vers nous pour couper les feuilles et raccourcir un peu les racines. Les c\u00e9leris-pomme sont d\u00e9pos\u00e9s dans la caisse puis transporter \u00e0 la cave.<\/p>\n\n\n\n<p>Parlons de la conservation des l\u00e9gumes. Je demande aux \u00e9l\u00e8ves comment pouvons-nous conserver les l\u00e9gumes pour pouvoir les manger en hiver. Au fur et \u00e0 mesure que les enfants me citent les moyens de conservation, je d\u00e9pose les objets au sol. Il y a : une caisse pour la cave, le d\u00e9shydrateur, une toupine, un sac de cong\u00e9lation, des bocaux pour conserves, &#8230; <br>Ensuite, je distribue des images de l\u00e9gume et les \u00e9l\u00e8ves vont les d\u00e9poser devant l&rsquo;objet de conservation. Puis nous regardons ensemble les images d\u00e9pos\u00e9es.<\/p>\n\n\n\n<p>Pour clore la matin\u00e9e et du coup l&rsquo;ann\u00e9e au potager, nous allons en salle d\u00e9guster la soupe que les enfants ont cuisin\u00e9. Mmmm un r\u00e9gal! tout est mang\u00e9! Bravo les enfants, votre soupe est excellente!<\/p>\n\n\n\n<p>Merci les enfants pour votre int\u00e9r\u00eat et vos questions tout au long de la matin\u00e9e. Vous m&rsquo;avez bien aid\u00e9 \u00e0 la r\u00e9colte de mes l\u00e9gumes.<\/p>\n\n\n\n<p>Merci Mesdames pour votre venue \u00e0 la ferme au printemps et en automne afin de suivre l\u2019\u00e9volution du potager au fil des saisons. Merci \u00e0 vos accompagnants pour leur participation!<\/p>\n\n\n\n<p>A bient\u00f4t<\/p>\n\n\n\n<p>Sophie<\/p>\n\n\n\n<figure class=\"wp-block-gallery has-nested-images columns-default is-cropped wp-block-gallery-1 is-layout-flex wp-block-gallery-is-layout-flex\">\n<figure class=\"wp-block-image size-large\"><img data-recalc-dims=\"1\" fetchpriority=\"high\" decoding=\"async\" width=\"600\" height=\"450\" data-id=\"11978\" src=\"https:\/\/i0.wp.com\/ecolefermedesbois.ch\/wp-content\/uploads\/2023\/09\/wp-16945416686352449904936064803916.jpg?resize=600%2C450&#038;ssl=1\" alt=\"\" class=\"wp-image-11978\" srcset=\"https:\/\/i0.wp.com\/ecolefermedesbois.ch\/wp-content\/uploads\/2023\/09\/wp-16945416686352449904936064803916.jpg?resize=600%2C450&amp;ssl=1 600w, https:\/\/i0.wp.com\/ecolefermedesbois.ch\/wp-content\/uploads\/2023\/09\/wp-16945416686352449904936064803916.jpg?resize=300%2C225&amp;ssl=1 300w, https:\/\/i0.wp.com\/ecolefermedesbois.ch\/wp-content\/uploads\/2023\/09\/wp-16945416686352449904936064803916.jpg?resize=768%2C576&amp;ssl=1 768w, https:\/\/i0.wp.com\/ecolefermedesbois.ch\/wp-content\/uploads\/2023\/09\/wp-16945416686352449904936064803916.jpg?w=1000&amp;ssl=1 1000w\" sizes=\"(max-width: 600px) 100vw, 600px\" \/><\/figure>\n\n\n\n<figure class=\"wp-block-image size-large\"><img data-recalc-dims=\"1\" decoding=\"async\" width=\"600\" height=\"450\" data-id=\"11981\" src=\"https:\/\/i0.wp.com\/ecolefermedesbois.ch\/wp-content\/uploads\/2023\/09\/wp-16945416685204051217215444051580.jpg?resize=600%2C450&#038;ssl=1\" alt=\"\" class=\"wp-image-11981\" srcset=\"https:\/\/i0.wp.com\/ecolefermedesbois.ch\/wp-content\/uploads\/2023\/09\/wp-16945416685204051217215444051580.jpg?resize=600%2C450&amp;ssl=1 600w, https:\/\/i0.wp.com\/ecolefermedesbois.ch\/wp-content\/uploads\/2023\/09\/wp-16945416685204051217215444051580.jpg?resize=300%2C225&amp;ssl=1 300w, https:\/\/i0.wp.com\/ecolefermedesbois.ch\/wp-content\/uploads\/2023\/09\/wp-16945416685204051217215444051580.jpg?resize=768%2C576&amp;ssl=1 768w, https:\/\/i0.wp.com\/ecolefermedesbois.ch\/wp-content\/uploads\/2023\/09\/wp-16945416685204051217215444051580.jpg?w=1000&amp;ssl=1 1000w\" sizes=\"(max-width: 600px) 100vw, 600px\" \/><\/figure>\n\n\n\n<figure class=\"wp-block-image size-large\"><img data-recalc-dims=\"1\" decoding=\"async\" width=\"600\" height=\"450\" data-id=\"11982\" src=\"https:\/\/i0.wp.com\/ecolefermedesbois.ch\/wp-content\/uploads\/2023\/09\/wp-1694541668724934439294264128488.jpg?resize=600%2C450&#038;ssl=1\" alt=\"\" class=\"wp-image-11982\" srcset=\"https:\/\/i0.wp.com\/ecolefermedesbois.ch\/wp-content\/uploads\/2023\/09\/wp-1694541668724934439294264128488.jpg?resize=600%2C450&amp;ssl=1 600w, https:\/\/i0.wp.com\/ecolefermedesbois.ch\/wp-content\/uploads\/2023\/09\/wp-1694541668724934439294264128488.jpg?resize=300%2C225&amp;ssl=1 300w, https:\/\/i0.wp.com\/ecolefermedesbois.ch\/wp-content\/uploads\/2023\/09\/wp-1694541668724934439294264128488.jpg?resize=768%2C576&amp;ssl=1 768w, https:\/\/i0.wp.com\/ecolefermedesbois.ch\/wp-content\/uploads\/2023\/09\/wp-1694541668724934439294264128488.jpg?w=1000&amp;ssl=1 1000w\" sizes=\"(max-width: 600px) 100vw, 600px\" \/><\/figure>\n\n\n\n<figure class=\"wp-block-image size-large\"><img data-recalc-dims=\"1\" loading=\"lazy\" decoding=\"async\" width=\"450\" height=\"600\" data-id=\"11979\" src=\"https:\/\/i0.wp.com\/ecolefermedesbois.ch\/wp-content\/uploads\/2023\/09\/wp-16945416683016467647598096412895.jpg?resize=450%2C600&#038;ssl=1\" alt=\"\" class=\"wp-image-11979\" srcset=\"https:\/\/i0.wp.com\/ecolefermedesbois.ch\/wp-content\/uploads\/2023\/09\/wp-16945416683016467647598096412895.jpg?resize=450%2C600&amp;ssl=1 450w, https:\/\/i0.wp.com\/ecolefermedesbois.ch\/wp-content\/uploads\/2023\/09\/wp-16945416683016467647598096412895.jpg?resize=225%2C300&amp;ssl=1 225w, https:\/\/i0.wp.com\/ecolefermedesbois.ch\/wp-content\/uploads\/2023\/09\/wp-16945416683016467647598096412895.jpg?w=750&amp;ssl=1 750w\" sizes=\"(max-width: 450px) 100vw, 450px\" \/><\/figure>\n\n\n\n<figure class=\"wp-block-image size-large\"><img data-recalc-dims=\"1\" loading=\"lazy\" decoding=\"async\" width=\"450\" height=\"600\" data-id=\"11980\" src=\"https:\/\/i0.wp.com\/ecolefermedesbois.ch\/wp-content\/uploads\/2023\/09\/wp-16945416684106364960582257804052.jpg?resize=450%2C600&#038;ssl=1\" alt=\"\" class=\"wp-image-11980\" srcset=\"https:\/\/i0.wp.com\/ecolefermedesbois.ch\/wp-content\/uploads\/2023\/09\/wp-16945416684106364960582257804052.jpg?resize=450%2C600&amp;ssl=1 450w, https:\/\/i0.wp.com\/ecolefermedesbois.ch\/wp-content\/uploads\/2023\/09\/wp-16945416684106364960582257804052.jpg?resize=225%2C300&amp;ssl=1 225w, https:\/\/i0.wp.com\/ecolefermedesbois.ch\/wp-content\/uploads\/2023\/09\/wp-16945416684106364960582257804052.jpg?w=750&amp;ssl=1 750w\" sizes=\"(max-width: 450px) 100vw, 450px\" \/><\/figure>\n\n\n\n<figure class=\"wp-block-image size-large\"><img data-recalc-dims=\"1\" loading=\"lazy\" decoding=\"async\" width=\"600\" height=\"450\" data-id=\"11983\" src=\"https:\/\/i0.wp.com\/ecolefermedesbois.ch\/wp-content\/uploads\/2023\/09\/wp-16945416688065605924113102511285.jpg?resize=600%2C450&#038;ssl=1\" alt=\"\" class=\"wp-image-11983\" srcset=\"https:\/\/i0.wp.com\/ecolefermedesbois.ch\/wp-content\/uploads\/2023\/09\/wp-16945416688065605924113102511285.jpg?resize=600%2C450&amp;ssl=1 600w, https:\/\/i0.wp.com\/ecolefermedesbois.ch\/wp-content\/uploads\/2023\/09\/wp-16945416688065605924113102511285.jpg?resize=300%2C225&amp;ssl=1 300w, https:\/\/i0.wp.com\/ecolefermedesbois.ch\/wp-content\/uploads\/2023\/09\/wp-16945416688065605924113102511285.jpg?resize=768%2C576&amp;ssl=1 768w, https:\/\/i0.wp.com\/ecolefermedesbois.ch\/wp-content\/uploads\/2023\/09\/wp-16945416688065605924113102511285.jpg?w=1000&amp;ssl=1 1000w\" sizes=\"(max-width: 600px) 100vw, 600px\" \/><\/figure>\n\n\n\n<figure class=\"wp-block-image size-large\"><img data-recalc-dims=\"1\" loading=\"lazy\" decoding=\"async\" width=\"529\" height=\"600\" data-id=\"11985\" src=\"https:\/\/i0.wp.com\/ecolefermedesbois.ch\/wp-content\/uploads\/2023\/09\/wp-16945416690988991740223232329680.jpg?resize=529%2C600&#038;ssl=1\" alt=\"\" class=\"wp-image-11985\" srcset=\"https:\/\/i0.wp.com\/ecolefermedesbois.ch\/wp-content\/uploads\/2023\/09\/wp-16945416690988991740223232329680.jpg?resize=529%2C600&amp;ssl=1 529w, https:\/\/i0.wp.com\/ecolefermedesbois.ch\/wp-content\/uploads\/2023\/09\/wp-16945416690988991740223232329680.jpg?resize=265%2C300&amp;ssl=1 265w, https:\/\/i0.wp.com\/ecolefermedesbois.ch\/wp-content\/uploads\/2023\/09\/wp-16945416690988991740223232329680.jpg?resize=768%2C871&amp;ssl=1 768w, https:\/\/i0.wp.com\/ecolefermedesbois.ch\/wp-content\/uploads\/2023\/09\/wp-16945416690988991740223232329680.jpg?w=882&amp;ssl=1 882w\" sizes=\"(max-width: 529px) 100vw, 529px\" \/><\/figure>\n\n\n\n<figure class=\"wp-block-image size-large\"><img data-recalc-dims=\"1\" loading=\"lazy\" decoding=\"async\" width=\"600\" height=\"450\" data-id=\"11984\" src=\"https:\/\/i0.wp.com\/ecolefermedesbois.ch\/wp-content\/uploads\/2023\/09\/wp-16945416688883384010744612256804.jpg?resize=600%2C450&#038;ssl=1\" alt=\"\" class=\"wp-image-11984\" srcset=\"https:\/\/i0.wp.com\/ecolefermedesbois.ch\/wp-content\/uploads\/2023\/09\/wp-16945416688883384010744612256804.jpg?resize=600%2C450&amp;ssl=1 600w, https:\/\/i0.wp.com\/ecolefermedesbois.ch\/wp-content\/uploads\/2023\/09\/wp-16945416688883384010744612256804.jpg?resize=300%2C225&amp;ssl=1 300w, https:\/\/i0.wp.com\/ecolefermedesbois.ch\/wp-content\/uploads\/2023\/09\/wp-16945416688883384010744612256804.jpg?resize=768%2C576&amp;ssl=1 768w, https:\/\/i0.wp.com\/ecolefermedesbois.ch\/wp-content\/uploads\/2023\/09\/wp-16945416688883384010744612256804.jpg?w=1000&amp;ssl=1 1000w\" sizes=\"(max-width: 600px) 100vw, 600px\" \/><\/figure>\n\n\n\n<figure class=\"wp-block-image size-large\"><img data-recalc-dims=\"1\" loading=\"lazy\" decoding=\"async\" width=\"450\" height=\"600\" data-id=\"11986\" src=\"https:\/\/i0.wp.com\/ecolefermedesbois.ch\/wp-content\/uploads\/2023\/09\/wp-16945416689776410308571449460985.jpg?resize=450%2C600&#038;ssl=1\" alt=\"\" class=\"wp-image-11986\" srcset=\"https:\/\/i0.wp.com\/ecolefermedesbois.ch\/wp-content\/uploads\/2023\/09\/wp-16945416689776410308571449460985.jpg?resize=450%2C600&amp;ssl=1 450w, https:\/\/i0.wp.com\/ecolefermedesbois.ch\/wp-content\/uploads\/2023\/09\/wp-16945416689776410308571449460985.jpg?resize=225%2C300&amp;ssl=1 225w, https:\/\/i0.wp.com\/ecolefermedesbois.ch\/wp-content\/uploads\/2023\/09\/wp-16945416689776410308571449460985.jpg?w=750&amp;ssl=1 750w\" sizes=\"(max-width: 450px) 100vw, 450px\" \/><\/figure>\n\n\n\n<figure class=\"wp-block-image size-large\"><img data-recalc-dims=\"1\" loading=\"lazy\" decoding=\"async\" width=\"338\" height=\"600\" data-id=\"11989\" src=\"https:\/\/i0.wp.com\/ecolefermedesbois.ch\/wp-content\/uploads\/2023\/09\/wp-16945428066013363592710523774660.jpg?resize=338%2C600&#038;ssl=1\" alt=\"\" class=\"wp-image-11989\" srcset=\"https:\/\/i0.wp.com\/ecolefermedesbois.ch\/wp-content\/uploads\/2023\/09\/wp-16945428066013363592710523774660.jpg?resize=338%2C600&amp;ssl=1 338w, https:\/\/i0.wp.com\/ecolefermedesbois.ch\/wp-content\/uploads\/2023\/09\/wp-16945428066013363592710523774660.jpg?resize=169%2C300&amp;ssl=1 169w, https:\/\/i0.wp.com\/ecolefermedesbois.ch\/wp-content\/uploads\/2023\/09\/wp-16945428066013363592710523774660.jpg?w=563&amp;ssl=1 563w\" sizes=\"(max-width: 338px) 100vw, 338px\" \/><\/figure>\n\n\n\n<figure class=\"wp-block-image size-large\"><img data-recalc-dims=\"1\" loading=\"lazy\" decoding=\"async\" width=\"338\" height=\"600\" data-id=\"11988\" src=\"https:\/\/i0.wp.com\/ecolefermedesbois.ch\/wp-content\/uploads\/2023\/09\/wp-16945428066969178729162174273125.jpg?resize=338%2C600&#038;ssl=1\" alt=\"\" class=\"wp-image-11988\" srcset=\"https:\/\/i0.wp.com\/ecolefermedesbois.ch\/wp-content\/uploads\/2023\/09\/wp-16945428066969178729162174273125.jpg?resize=338%2C600&amp;ssl=1 338w, https:\/\/i0.wp.com\/ecolefermedesbois.ch\/wp-content\/uploads\/2023\/09\/wp-16945428066969178729162174273125.jpg?resize=169%2C300&amp;ssl=1 169w, https:\/\/i0.wp.com\/ecolefermedesbois.ch\/wp-content\/uploads\/2023\/09\/wp-16945428066969178729162174273125.jpg?w=563&amp;ssl=1 563w\" sizes=\"(max-width: 338px) 100vw, 338px\" \/><\/figure>\n\n\n\n<figure class=\"wp-block-image size-large\"><img data-recalc-dims=\"1\" loading=\"lazy\" decoding=\"async\" width=\"338\" height=\"600\" data-id=\"11987\" src=\"https:\/\/i0.wp.com\/ecolefermedesbois.ch\/wp-content\/uploads\/2023\/09\/wp-1694542806648423222235235952841.jpg?resize=338%2C600&#038;ssl=1\" alt=\"\" class=\"wp-image-11987\" srcset=\"https:\/\/i0.wp.com\/ecolefermedesbois.ch\/wp-content\/uploads\/2023\/09\/wp-1694542806648423222235235952841.jpg?resize=338%2C600&amp;ssl=1 338w, https:\/\/i0.wp.com\/ecolefermedesbois.ch\/wp-content\/uploads\/2023\/09\/wp-1694542806648423222235235952841.jpg?resize=169%2C300&amp;ssl=1 169w, https:\/\/i0.wp.com\/ecolefermedesbois.ch\/wp-content\/uploads\/2023\/09\/wp-1694542806648423222235235952841.jpg?w=563&amp;ssl=1 563w\" sizes=\"(max-width: 338px) 100vw, 338px\" \/><\/figure>\n\n\n\n<figure class=\"wp-block-image size-large\"><img data-recalc-dims=\"1\" loading=\"lazy\" decoding=\"async\" width=\"474\" height=\"600\" data-id=\"11991\" src=\"https:\/\/i0.wp.com\/ecolefermedesbois.ch\/wp-content\/uploads\/2023\/09\/wp-16945428067364029702171250552378.jpg?resize=474%2C600&#038;ssl=1\" alt=\"\" class=\"wp-image-11991\" srcset=\"https:\/\/i0.wp.com\/ecolefermedesbois.ch\/wp-content\/uploads\/2023\/09\/wp-16945428067364029702171250552378.jpg?resize=474%2C600&amp;ssl=1 474w, https:\/\/i0.wp.com\/ecolefermedesbois.ch\/wp-content\/uploads\/2023\/09\/wp-16945428067364029702171250552378.jpg?resize=237%2C300&amp;ssl=1 237w, https:\/\/i0.wp.com\/ecolefermedesbois.ch\/wp-content\/uploads\/2023\/09\/wp-16945428067364029702171250552378.jpg?resize=768%2C972&amp;ssl=1 768w, https:\/\/i0.wp.com\/ecolefermedesbois.ch\/wp-content\/uploads\/2023\/09\/wp-16945428067364029702171250552378.jpg?w=790&amp;ssl=1 790w\" sizes=\"(max-width: 474px) 100vw, 474px\" \/><\/figure>\n\n\n\n<figure class=\"wp-block-image size-large\"><img data-recalc-dims=\"1\" loading=\"lazy\" decoding=\"async\" width=\"338\" height=\"600\" data-id=\"11990\" src=\"https:\/\/i0.wp.com\/ecolefermedesbois.ch\/wp-content\/uploads\/2023\/09\/wp-16945428068006563303943848487637.jpg?resize=338%2C600&#038;ssl=1\" alt=\"\" class=\"wp-image-11990\" srcset=\"https:\/\/i0.wp.com\/ecolefermedesbois.ch\/wp-content\/uploads\/2023\/09\/wp-16945428068006563303943848487637.jpg?resize=338%2C600&amp;ssl=1 338w, https:\/\/i0.wp.com\/ecolefermedesbois.ch\/wp-content\/uploads\/2023\/09\/wp-16945428068006563303943848487637.jpg?resize=169%2C300&amp;ssl=1 169w, https:\/\/i0.wp.com\/ecolefermedesbois.ch\/wp-content\/uploads\/2023\/09\/wp-16945428068006563303943848487637.jpg?w=563&amp;ssl=1 563w\" sizes=\"(max-width: 338px) 100vw, 338px\" \/><\/figure>\n\n\n\n<figure class=\"wp-block-image size-large\"><img data-recalc-dims=\"1\" loading=\"lazy\" decoding=\"async\" width=\"600\" height=\"338\" data-id=\"11994\" src=\"https:\/\/i0.wp.com\/ecolefermedesbois.ch\/wp-content\/uploads\/2023\/09\/wp-16945428068311069132090662236969.jpg?resize=600%2C338&#038;ssl=1\" alt=\"\" class=\"wp-image-11994\" srcset=\"https:\/\/i0.wp.com\/ecolefermedesbois.ch\/wp-content\/uploads\/2023\/09\/wp-16945428068311069132090662236969.jpg?resize=600%2C338&amp;ssl=1 600w, https:\/\/i0.wp.com\/ecolefermedesbois.ch\/wp-content\/uploads\/2023\/09\/wp-16945428068311069132090662236969.jpg?resize=300%2C169&amp;ssl=1 300w, https:\/\/i0.wp.com\/ecolefermedesbois.ch\/wp-content\/uploads\/2023\/09\/wp-16945428068311069132090662236969.jpg?resize=768%2C432&amp;ssl=1 768w, https:\/\/i0.wp.com\/ecolefermedesbois.ch\/wp-content\/uploads\/2023\/09\/wp-16945428068311069132090662236969.jpg?resize=520%2C292&amp;ssl=1 520w, https:\/\/i0.wp.com\/ecolefermedesbois.ch\/wp-content\/uploads\/2023\/09\/wp-16945428068311069132090662236969.jpg?w=999&amp;ssl=1 999w\" sizes=\"(max-width: 600px) 100vw, 600px\" \/><\/figure>\n\n\n\n<figure class=\"wp-block-image size-large\"><img data-recalc-dims=\"1\" loading=\"lazy\" decoding=\"async\" width=\"600\" height=\"450\" data-id=\"11992\" src=\"https:\/\/i0.wp.com\/ecolefermedesbois.ch\/wp-content\/uploads\/2023\/09\/wp-16945428068736999435721855144288.jpg?resize=600%2C450&#038;ssl=1\" alt=\"\" class=\"wp-image-11992\" srcset=\"https:\/\/i0.wp.com\/ecolefermedesbois.ch\/wp-content\/uploads\/2023\/09\/wp-16945428068736999435721855144288.jpg?resize=600%2C450&amp;ssl=1 600w, https:\/\/i0.wp.com\/ecolefermedesbois.ch\/wp-content\/uploads\/2023\/09\/wp-16945428068736999435721855144288.jpg?resize=300%2C225&amp;ssl=1 300w, https:\/\/i0.wp.com\/ecolefermedesbois.ch\/wp-content\/uploads\/2023\/09\/wp-16945428068736999435721855144288.jpg?resize=768%2C576&amp;ssl=1 768w, https:\/\/i0.wp.com\/ecolefermedesbois.ch\/wp-content\/uploads\/2023\/09\/wp-16945428068736999435721855144288.jpg?w=1000&amp;ssl=1 1000w\" sizes=\"(max-width: 600px) 100vw, 600px\" \/><\/figure>\n\n\n\n<figure class=\"wp-block-image size-large\"><img data-recalc-dims=\"1\" loading=\"lazy\" decoding=\"async\" width=\"450\" height=\"600\" data-id=\"11993\" src=\"https:\/\/i0.wp.com\/ecolefermedesbois.ch\/wp-content\/uploads\/2023\/09\/wp-16945428069605457065739827085372.jpg?resize=450%2C600&#038;ssl=1\" alt=\"\" class=\"wp-image-11993\" srcset=\"https:\/\/i0.wp.com\/ecolefermedesbois.ch\/wp-content\/uploads\/2023\/09\/wp-16945428069605457065739827085372.jpg?resize=450%2C600&amp;ssl=1 450w, https:\/\/i0.wp.com\/ecolefermedesbois.ch\/wp-content\/uploads\/2023\/09\/wp-16945428069605457065739827085372.jpg?resize=225%2C300&amp;ssl=1 225w, https:\/\/i0.wp.com\/ecolefermedesbois.ch\/wp-content\/uploads\/2023\/09\/wp-16945428069605457065739827085372.jpg?w=750&amp;ssl=1 750w\" sizes=\"(max-width: 450px) 100vw, 450px\" \/><\/figure>\n\n\n\n<figure class=\"wp-block-image size-large\"><img data-recalc-dims=\"1\" loading=\"lazy\" decoding=\"async\" width=\"600\" height=\"583\" data-id=\"11995\" src=\"https:\/\/i0.wp.com\/ecolefermedesbois.ch\/wp-content\/uploads\/2023\/09\/wp-16945428067757654728470933766683.jpg?resize=600%2C583&#038;ssl=1\" alt=\"\" class=\"wp-image-11995\" srcset=\"https:\/\/i0.wp.com\/ecolefermedesbois.ch\/wp-content\/uploads\/2023\/09\/wp-16945428067757654728470933766683.jpg?resize=600%2C583&amp;ssl=1 600w, https:\/\/i0.wp.com\/ecolefermedesbois.ch\/wp-content\/uploads\/2023\/09\/wp-16945428067757654728470933766683.jpg?resize=300%2C291&amp;ssl=1 300w, https:\/\/i0.wp.com\/ecolefermedesbois.ch\/wp-content\/uploads\/2023\/09\/wp-16945428067757654728470933766683.jpg?resize=768%2C746&amp;ssl=1 768w, https:\/\/i0.wp.com\/ecolefermedesbois.ch\/wp-content\/uploads\/2023\/09\/wp-16945428067757654728470933766683.jpg?w=843&amp;ssl=1 843w\" sizes=\"(max-width: 600px) 100vw, 600px\" \/><\/figure>\n\n\n\n<figure class=\"wp-block-image size-large\"><img data-recalc-dims=\"1\" loading=\"lazy\" decoding=\"async\" width=\"600\" height=\"450\" data-id=\"11996\" src=\"https:\/\/i0.wp.com\/ecolefermedesbois.ch\/wp-content\/uploads\/2023\/09\/wp-16945428070449195165669888439583.jpg?resize=600%2C450&#038;ssl=1\" alt=\"\" class=\"wp-image-11996\" srcset=\"https:\/\/i0.wp.com\/ecolefermedesbois.ch\/wp-content\/uploads\/2023\/09\/wp-16945428070449195165669888439583.jpg?resize=600%2C450&amp;ssl=1 600w, https:\/\/i0.wp.com\/ecolefermedesbois.ch\/wp-content\/uploads\/2023\/09\/wp-16945428070449195165669888439583.jpg?resize=300%2C225&amp;ssl=1 300w, https:\/\/i0.wp.com\/ecolefermedesbois.ch\/wp-content\/uploads\/2023\/09\/wp-16945428070449195165669888439583.jpg?resize=768%2C576&amp;ssl=1 768w, https:\/\/i0.wp.com\/ecolefermedesbois.ch\/wp-content\/uploads\/2023\/09\/wp-16945428070449195165669888439583.jpg?w=1000&amp;ssl=1 1000w\" sizes=\"(max-width: 600px) 100vw, 600px\" \/><\/figure>\n\n\n\n<figure class=\"wp-block-image size-large\"><img data-recalc-dims=\"1\" loading=\"lazy\" decoding=\"async\" width=\"450\" height=\"600\" data-id=\"11997\" src=\"https:\/\/i0.wp.com\/ecolefermedesbois.ch\/wp-content\/uploads\/2023\/09\/wp-16945428071531986348817434660516.jpg?resize=450%2C600&#038;ssl=1\" alt=\"\" class=\"wp-image-11997\" srcset=\"https:\/\/i0.wp.com\/ecolefermedesbois.ch\/wp-content\/uploads\/2023\/09\/wp-16945428071531986348817434660516.jpg?resize=450%2C600&amp;ssl=1 450w, https:\/\/i0.wp.com\/ecolefermedesbois.ch\/wp-content\/uploads\/2023\/09\/wp-16945428071531986348817434660516.jpg?resize=225%2C300&amp;ssl=1 225w, https:\/\/i0.wp.com\/ecolefermedesbois.ch\/wp-content\/uploads\/2023\/09\/wp-16945428071531986348817434660516.jpg?w=750&amp;ssl=1 750w\" sizes=\"(max-width: 450px) 100vw, 450px\" \/><\/figure>\n\n\n\n<figure class=\"wp-block-image size-large\"><img data-recalc-dims=\"1\" loading=\"lazy\" decoding=\"async\" width=\"450\" height=\"600\" data-id=\"11998\" src=\"https:\/\/i0.wp.com\/ecolefermedesbois.ch\/wp-content\/uploads\/2023\/09\/wp-16945428072437982578889344033735.jpg?resize=450%2C600&#038;ssl=1\" alt=\"\" class=\"wp-image-11998\" srcset=\"https:\/\/i0.wp.com\/ecolefermedesbois.ch\/wp-content\/uploads\/2023\/09\/wp-16945428072437982578889344033735.jpg?resize=450%2C600&amp;ssl=1 450w, https:\/\/i0.wp.com\/ecolefermedesbois.ch\/wp-content\/uploads\/2023\/09\/wp-16945428072437982578889344033735.jpg?resize=225%2C300&amp;ssl=1 225w, https:\/\/i0.wp.com\/ecolefermedesbois.ch\/wp-content\/uploads\/2023\/09\/wp-16945428072437982578889344033735.jpg?w=750&amp;ssl=1 750w\" sizes=\"(max-width: 450px) 100vw, 450px\" \/><\/figure>\n\n\n\n<figure class=\"wp-block-image size-large\"><img data-recalc-dims=\"1\" loading=\"lazy\" decoding=\"async\" width=\"600\" height=\"450\" data-id=\"11999\" src=\"https:\/\/i0.wp.com\/ecolefermedesbois.ch\/wp-content\/uploads\/2023\/09\/wp-16945428073646403316883893206100.jpg?resize=600%2C450&#038;ssl=1\" alt=\"\" class=\"wp-image-11999\" srcset=\"https:\/\/i0.wp.com\/ecolefermedesbois.ch\/wp-content\/uploads\/2023\/09\/wp-16945428073646403316883893206100.jpg?resize=600%2C450&amp;ssl=1 600w, https:\/\/i0.wp.com\/ecolefermedesbois.ch\/wp-content\/uploads\/2023\/09\/wp-16945428073646403316883893206100.jpg?resize=300%2C225&amp;ssl=1 300w, https:\/\/i0.wp.com\/ecolefermedesbois.ch\/wp-content\/uploads\/2023\/09\/wp-16945428073646403316883893206100.jpg?resize=768%2C576&amp;ssl=1 768w, https:\/\/i0.wp.com\/ecolefermedesbois.ch\/wp-content\/uploads\/2023\/09\/wp-16945428073646403316883893206100.jpg?w=1000&amp;ssl=1 1000w\" sizes=\"(max-width: 600px) 100vw, 600px\" \/><\/figure>\n\n\n\n<figure class=\"wp-block-image size-large\"><img data-recalc-dims=\"1\" loading=\"lazy\" decoding=\"async\" width=\"600\" height=\"450\" data-id=\"12000\" src=\"https:\/\/i0.wp.com\/ecolefermedesbois.ch\/wp-content\/uploads\/2023\/09\/wp-16945428074556122443930916380711.jpg?resize=600%2C450&#038;ssl=1\" alt=\"\" class=\"wp-image-12000\" srcset=\"https:\/\/i0.wp.com\/ecolefermedesbois.ch\/wp-content\/uploads\/2023\/09\/wp-16945428074556122443930916380711.jpg?resize=600%2C450&amp;ssl=1 600w, https:\/\/i0.wp.com\/ecolefermedesbois.ch\/wp-content\/uploads\/2023\/09\/wp-16945428074556122443930916380711.jpg?resize=300%2C225&amp;ssl=1 300w, https:\/\/i0.wp.com\/ecolefermedesbois.ch\/wp-content\/uploads\/2023\/09\/wp-16945428074556122443930916380711.jpg?resize=768%2C576&amp;ssl=1 768w, https:\/\/i0.wp.com\/ecolefermedesbois.ch\/wp-content\/uploads\/2023\/09\/wp-16945428074556122443930916380711.jpg?w=1000&amp;ssl=1 1000w\" sizes=\"(max-width: 600px) 100vw, 600px\" \/><\/figure>\n\n\n\n<figure class=\"wp-block-image size-large\"><img data-recalc-dims=\"1\" loading=\"lazy\" decoding=\"async\" width=\"450\" height=\"600\" data-id=\"12001\" src=\"https:\/\/i0.wp.com\/ecolefermedesbois.ch\/wp-content\/uploads\/2023\/09\/wp-1694542807537239909246169057412.jpg?resize=450%2C600&#038;ssl=1\" alt=\"\" class=\"wp-image-12001\" srcset=\"https:\/\/i0.wp.com\/ecolefermedesbois.ch\/wp-content\/uploads\/2023\/09\/wp-1694542807537239909246169057412.jpg?resize=450%2C600&amp;ssl=1 450w, https:\/\/i0.wp.com\/ecolefermedesbois.ch\/wp-content\/uploads\/2023\/09\/wp-1694542807537239909246169057412.jpg?resize=225%2C300&amp;ssl=1 225w, https:\/\/i0.wp.com\/ecolefermedesbois.ch\/wp-content\/uploads\/2023\/09\/wp-1694542807537239909246169057412.jpg?w=750&amp;ssl=1 750w\" sizes=\"(max-width: 450px) 100vw, 450px\" \/><\/figure>\n\n\n\n<figure class=\"wp-block-image size-large\"><img data-recalc-dims=\"1\" loading=\"lazy\" decoding=\"async\" width=\"450\" height=\"600\" data-id=\"12002\" src=\"https:\/\/i0.wp.com\/ecolefermedesbois.ch\/wp-content\/uploads\/2023\/09\/wp-16945428076206888375134001471262.jpg?resize=450%2C600&#038;ssl=1\" alt=\"\" class=\"wp-image-12002\" srcset=\"https:\/\/i0.wp.com\/ecolefermedesbois.ch\/wp-content\/uploads\/2023\/09\/wp-16945428076206888375134001471262.jpg?resize=450%2C600&amp;ssl=1 450w, https:\/\/i0.wp.com\/ecolefermedesbois.ch\/wp-content\/uploads\/2023\/09\/wp-16945428076206888375134001471262.jpg?resize=225%2C300&amp;ssl=1 225w, https:\/\/i0.wp.com\/ecolefermedesbois.ch\/wp-content\/uploads\/2023\/09\/wp-16945428076206888375134001471262.jpg?w=750&amp;ssl=1 750w\" sizes=\"(max-width: 450px) 100vw, 450px\" \/><\/figure>\n<\/figure>\n","protected":false},"excerpt":{"rendered":"<p>Vendredi dernier, la classe de Natacha Menotti de Pal\u00e9zieux et ce mardi la classe de Aude Conus de Cully, sont&#46;&#46;&#46;<\/p>\n","protected":false},"author":2,"featured_media":11986,"comment_status":"open","ping_status":"open","sticky":false,"template":"","format":"standard","meta":{"jetpack_post_was_ever_published":false,"footnotes":"","jetpack_publicize_message":"","jetpack_publicize_feature_enabled":true,"jetpack_social_post_already_shared":false,"jetpack_social_options":{"image_generator_settings":{"template":"highway","default_image_id":0,"font":"","enabled":false},"version":2}},"categories":[33],"tags":[],"class_list":["post-12003","post","type-post","status-publish","format-standard","has-post-thumbnail","hentry","category-ecole"],"yoast_head":"<!-- This site is optimized with the Yoast SEO plugin v27.5 - https:\/\/yoast.com\/product\/yoast-seo-wordpress\/ -->\n<title>Apr\u00e8s le printemps, les classes de N. Menotti et A. Conus sont venues d\u00e9couvrir le potager en automne -<\/title>\n<meta name=\"robots\" content=\"index, follow, max-snippet:-1, max-image-preview:large, max-video-preview:-1\" \/>\n<link rel=\"canonical\" href=\"https:\/\/ecolefermedesbois.ch\/?p=12003\" \/>\n<meta property=\"og:locale\" content=\"fr_FR\" \/>\n<meta property=\"og:type\" content=\"article\" \/>\n<meta property=\"og:title\" content=\"Apr\u00e8s le printemps, les classes de N. Menotti et A. Conus sont venues d\u00e9couvrir le potager en automne -\" \/>\n<meta property=\"og:description\" content=\"Vendredi dernier, la classe de Natacha Menotti de Pal\u00e9zieux et ce mardi la classe de Aude Conus de Cully, sont&#046;&#046;&#046;\" \/>\n<meta property=\"og:url\" content=\"https:\/\/ecolefermedesbois.ch\/?p=12003\" \/>\n<meta property=\"article:publisher\" content=\"https:\/\/www.facebook.com\/ecolefermedesBois\" \/>\n<meta property=\"article:published_time\" content=\"2023-09-13T08:51:40+00:00\" \/>\n<meta property=\"article:modified_time\" content=\"2023-09-13T09:00:48+00:00\" \/>\n<meta property=\"og:image\" content=\"https:\/\/ecolefermedesbois.ch\/wp-content\/uploads\/2023\/09\/wp-16945416689776410308571449460985.jpg\" \/>\n\t<meta property=\"og:image:width\" content=\"750\" \/>\n\t<meta property=\"og:image:height\" content=\"1000\" \/>\n\t<meta property=\"og:image:type\" content=\"image\/jpeg\" \/>\n<meta name=\"author\" content=\"Sophie\" \/>\n<meta name=\"twitter:card\" content=\"summary_large_image\" \/>\n<meta name=\"twitter:label1\" content=\"\u00c9crit par\" \/>\n\t<meta name=\"twitter:data1\" content=\"Sophie\" \/>\n\t<meta name=\"twitter:label2\" content=\"Dur\u00e9e de lecture estim\u00e9e\" \/>\n\t<meta name=\"twitter:data2\" content=\"9 minutes\" \/>\n<script type=\"application\/ld+json\" class=\"yoast-schema-graph\">{\"@context\":\"https:\\\/\\\/schema.org\",\"@graph\":[{\"@type\":\"Article\",\"@id\":\"https:\\\/\\\/ecolefermedesbois.ch\\\/?p=12003#article\",\"isPartOf\":{\"@id\":\"https:\\\/\\\/ecolefermedesbois.ch\\\/?p=12003\"},\"author\":{\"name\":\"Sophie\",\"@id\":\"https:\\\/\\\/ecolefermedesbois.ch\\\/#\\\/schema\\\/person\\\/78f5a1c78e958e51240f90932d290908\"},\"headline\":\"Apr\u00e8s le printemps, les classes de N. Menotti et A. Conus sont venues d\u00e9couvrir le potager en automne\",\"datePublished\":\"2023-09-13T08:51:40+00:00\",\"dateModified\":\"2023-09-13T09:00:48+00:00\",\"mainEntityOfPage\":{\"@id\":\"https:\\\/\\\/ecolefermedesbois.ch\\\/?p=12003\"},\"wordCount\":687,\"commentCount\":0,\"publisher\":{\"@id\":\"https:\\\/\\\/ecolefermedesbois.ch\\\/#organization\"},\"image\":{\"@id\":\"https:\\\/\\\/ecolefermedesbois.ch\\\/?p=12003#primaryimage\"},\"thumbnailUrl\":\"https:\\\/\\\/i0.wp.com\\\/ecolefermedesbois.ch\\\/wp-content\\\/uploads\\\/2023\\\/09\\\/wp-16945416689776410308571449460985.jpg?fit=750%2C1000&ssl=1\",\"articleSection\":[\"Ecole\"],\"inLanguage\":\"fr-FR\",\"potentialAction\":[{\"@type\":\"CommentAction\",\"name\":\"Comment\",\"target\":[\"https:\\\/\\\/ecolefermedesbois.ch\\\/?p=12003#respond\"]}]},{\"@type\":\"WebPage\",\"@id\":\"https:\\\/\\\/ecolefermedesbois.ch\\\/?p=12003\",\"url\":\"https:\\\/\\\/ecolefermedesbois.ch\\\/?p=12003\",\"name\":\"Apr\u00e8s le printemps, les classes de N. Menotti et A. Conus sont venues d\u00e9couvrir le potager en automne -\",\"isPartOf\":{\"@id\":\"https:\\\/\\\/ecolefermedesbois.ch\\\/#website\"},\"primaryImageOfPage\":{\"@id\":\"https:\\\/\\\/ecolefermedesbois.ch\\\/?p=12003#primaryimage\"},\"image\":{\"@id\":\"https:\\\/\\\/ecolefermedesbois.ch\\\/?p=12003#primaryimage\"},\"thumbnailUrl\":\"https:\\\/\\\/i0.wp.com\\\/ecolefermedesbois.ch\\\/wp-content\\\/uploads\\\/2023\\\/09\\\/wp-16945416689776410308571449460985.jpg?fit=750%2C1000&ssl=1\",\"datePublished\":\"2023-09-13T08:51:40+00:00\",\"dateModified\":\"2023-09-13T09:00:48+00:00\",\"breadcrumb\":{\"@id\":\"https:\\\/\\\/ecolefermedesbois.ch\\\/?p=12003#breadcrumb\"},\"inLanguage\":\"fr-FR\",\"potentialAction\":[{\"@type\":\"ReadAction\",\"target\":[\"https:\\\/\\\/ecolefermedesbois.ch\\\/?p=12003\"]}]},{\"@type\":\"ImageObject\",\"inLanguage\":\"fr-FR\",\"@id\":\"https:\\\/\\\/ecolefermedesbois.ch\\\/?p=12003#primaryimage\",\"url\":\"https:\\\/\\\/i0.wp.com\\\/ecolefermedesbois.ch\\\/wp-content\\\/uploads\\\/2023\\\/09\\\/wp-16945416689776410308571449460985.jpg?fit=750%2C1000&ssl=1\",\"contentUrl\":\"https:\\\/\\\/i0.wp.com\\\/ecolefermedesbois.ch\\\/wp-content\\\/uploads\\\/2023\\\/09\\\/wp-16945416689776410308571449460985.jpg?fit=750%2C1000&ssl=1\",\"width\":750,\"height\":1000},{\"@type\":\"BreadcrumbList\",\"@id\":\"https:\\\/\\\/ecolefermedesbois.ch\\\/?p=12003#breadcrumb\",\"itemListElement\":[{\"@type\":\"ListItem\",\"position\":1,\"name\":\"Accueil\",\"item\":\"https:\\\/\\\/ecolefermedesbois.ch\\\/\"},{\"@type\":\"ListItem\",\"position\":2,\"name\":\"Apr\u00e8s le printemps, les classes de N. Menotti et A. Conus sont venues d\u00e9couvrir le potager en automne\"}]},{\"@type\":\"WebSite\",\"@id\":\"https:\\\/\\\/ecolefermedesbois.ch\\\/#website\",\"url\":\"https:\\\/\\\/ecolefermedesbois.ch\\\/\",\"name\":\"ecolefermedesbois\",\"description\":\"\",\"publisher\":{\"@id\":\"https:\\\/\\\/ecolefermedesbois.ch\\\/#organization\"},\"potentialAction\":[{\"@type\":\"SearchAction\",\"target\":{\"@type\":\"EntryPoint\",\"urlTemplate\":\"https:\\\/\\\/ecolefermedesbois.ch\\\/?s={search_term_string}\"},\"query-input\":{\"@type\":\"PropertyValueSpecification\",\"valueRequired\":true,\"valueName\":\"search_term_string\"}}],\"inLanguage\":\"fr-FR\"},{\"@type\":\"Organization\",\"@id\":\"https:\\\/\\\/ecolefermedesbois.ch\\\/#organization\",\"name\":\"Ecole \u00e0 la Ferme des Bois\",\"url\":\"https:\\\/\\\/ecolefermedesbois.ch\\\/\",\"logo\":{\"@type\":\"ImageObject\",\"inLanguage\":\"fr-FR\",\"@id\":\"https:\\\/\\\/ecolefermedesbois.ch\\\/#\\\/schema\\\/logo\\\/image\\\/\",\"url\":\"https:\\\/\\\/ecolefermedesbois.ch\\\/wp-content\\\/uploads\\\/2019\\\/04\\\/logo-scaled.gif\",\"contentUrl\":\"https:\\\/\\\/ecolefermedesbois.ch\\\/wp-content\\\/uploads\\\/2019\\\/04\\\/logo-scaled.gif\",\"width\":2560,\"height\":608,\"caption\":\"Ecole \u00e0 la Ferme des Bois\"},\"image\":{\"@id\":\"https:\\\/\\\/ecolefermedesbois.ch\\\/#\\\/schema\\\/logo\\\/image\\\/\"},\"sameAs\":[\"https:\\\/\\\/www.facebook.com\\\/ecolefermedesBois\"]},{\"@type\":\"Person\",\"@id\":\"https:\\\/\\\/ecolefermedesbois.ch\\\/#\\\/schema\\\/person\\\/78f5a1c78e958e51240f90932d290908\",\"name\":\"Sophie\",\"image\":{\"@type\":\"ImageObject\",\"inLanguage\":\"fr-FR\",\"@id\":\"https:\\\/\\\/secure.gravatar.com\\\/avatar\\\/053fbaec50cb27b03b880a4b8b018009aa3af995f32011efc3f40a589371d46f?s=96&d=mm&r=g\",\"url\":\"https:\\\/\\\/secure.gravatar.com\\\/avatar\\\/053fbaec50cb27b03b880a4b8b018009aa3af995f32011efc3f40a589371d46f?s=96&d=mm&r=g\",\"contentUrl\":\"https:\\\/\\\/secure.gravatar.com\\\/avatar\\\/053fbaec50cb27b03b880a4b8b018009aa3af995f32011efc3f40a589371d46f?s=96&d=mm&r=g\",\"caption\":\"Sophie\"},\"url\":\"https:\\\/\\\/ecolefermedesbois.ch\\\/?author=2\"}]}<\/script>\n<!-- \/ Yoast SEO plugin. -->","yoast_head_json":{"title":"Apr\u00e8s le printemps, les classes de N. Menotti et A. Conus sont venues d\u00e9couvrir le potager en automne -","robots":{"index":"index","follow":"follow","max-snippet":"max-snippet:-1","max-image-preview":"max-image-preview:large","max-video-preview":"max-video-preview:-1"},"canonical":"https:\/\/ecolefermedesbois.ch\/?p=12003","og_locale":"fr_FR","og_type":"article","og_title":"Apr\u00e8s le printemps, les classes de N. Menotti et A. Conus sont venues d\u00e9couvrir le potager en automne -","og_description":"Vendredi dernier, la classe de Natacha Menotti de Pal\u00e9zieux et ce mardi la classe de Aude Conus de Cully, sont&#46;&#46;&#46;","og_url":"https:\/\/ecolefermedesbois.ch\/?p=12003","article_publisher":"https:\/\/www.facebook.com\/ecolefermedesBois","article_published_time":"2023-09-13T08:51:40+00:00","article_modified_time":"2023-09-13T09:00:48+00:00","og_image":[{"width":750,"height":1000,"url":"https:\/\/ecolefermedesbois.ch\/wp-content\/uploads\/2023\/09\/wp-16945416689776410308571449460985.jpg","type":"image\/jpeg"}],"author":"Sophie","twitter_card":"summary_large_image","twitter_misc":{"\u00c9crit par":"Sophie","Dur\u00e9e de lecture estim\u00e9e":"9 minutes"},"schema":{"@context":"https:\/\/schema.org","@graph":[{"@type":"Article","@id":"https:\/\/ecolefermedesbois.ch\/?p=12003#article","isPartOf":{"@id":"https:\/\/ecolefermedesbois.ch\/?p=12003"},"author":{"name":"Sophie","@id":"https:\/\/ecolefermedesbois.ch\/#\/schema\/person\/78f5a1c78e958e51240f90932d290908"},"headline":"Apr\u00e8s le printemps, les classes de N. Menotti et A. Conus sont venues d\u00e9couvrir le potager en automne","datePublished":"2023-09-13T08:51:40+00:00","dateModified":"2023-09-13T09:00:48+00:00","mainEntityOfPage":{"@id":"https:\/\/ecolefermedesbois.ch\/?p=12003"},"wordCount":687,"commentCount":0,"publisher":{"@id":"https:\/\/ecolefermedesbois.ch\/#organization"},"image":{"@id":"https:\/\/ecolefermedesbois.ch\/?p=12003#primaryimage"},"thumbnailUrl":"https:\/\/i0.wp.com\/ecolefermedesbois.ch\/wp-content\/uploads\/2023\/09\/wp-16945416689776410308571449460985.jpg?fit=750%2C1000&ssl=1","articleSection":["Ecole"],"inLanguage":"fr-FR","potentialAction":[{"@type":"CommentAction","name":"Comment","target":["https:\/\/ecolefermedesbois.ch\/?p=12003#respond"]}]},{"@type":"WebPage","@id":"https:\/\/ecolefermedesbois.ch\/?p=12003","url":"https:\/\/ecolefermedesbois.ch\/?p=12003","name":"Apr\u00e8s le printemps, les classes de N. Menotti et A. Conus sont venues d\u00e9couvrir le potager en automne -","isPartOf":{"@id":"https:\/\/ecolefermedesbois.ch\/#website"},"primaryImageOfPage":{"@id":"https:\/\/ecolefermedesbois.ch\/?p=12003#primaryimage"},"image":{"@id":"https:\/\/ecolefermedesbois.ch\/?p=12003#primaryimage"},"thumbnailUrl":"https:\/\/i0.wp.com\/ecolefermedesbois.ch\/wp-content\/uploads\/2023\/09\/wp-16945416689776410308571449460985.jpg?fit=750%2C1000&ssl=1","datePublished":"2023-09-13T08:51:40+00:00","dateModified":"2023-09-13T09:00:48+00:00","breadcrumb":{"@id":"https:\/\/ecolefermedesbois.ch\/?p=12003#breadcrumb"},"inLanguage":"fr-FR","potentialAction":[{"@type":"ReadAction","target":["https:\/\/ecolefermedesbois.ch\/?p=12003"]}]},{"@type":"ImageObject","inLanguage":"fr-FR","@id":"https:\/\/ecolefermedesbois.ch\/?p=12003#primaryimage","url":"https:\/\/i0.wp.com\/ecolefermedesbois.ch\/wp-content\/uploads\/2023\/09\/wp-16945416689776410308571449460985.jpg?fit=750%2C1000&ssl=1","contentUrl":"https:\/\/i0.wp.com\/ecolefermedesbois.ch\/wp-content\/uploads\/2023\/09\/wp-16945416689776410308571449460985.jpg?fit=750%2C1000&ssl=1","width":750,"height":1000},{"@type":"BreadcrumbList","@id":"https:\/\/ecolefermedesbois.ch\/?p=12003#breadcrumb","itemListElement":[{"@type":"ListItem","position":1,"name":"Accueil","item":"https:\/\/ecolefermedesbois.ch\/"},{"@type":"ListItem","position":2,"name":"Apr\u00e8s le printemps, les classes de N. Menotti et A. Conus sont venues d\u00e9couvrir le potager en automne"}]},{"@type":"WebSite","@id":"https:\/\/ecolefermedesbois.ch\/#website","url":"https:\/\/ecolefermedesbois.ch\/","name":"ecolefermedesbois","description":"","publisher":{"@id":"https:\/\/ecolefermedesbois.ch\/#organization"},"potentialAction":[{"@type":"SearchAction","target":{"@type":"EntryPoint","urlTemplate":"https:\/\/ecolefermedesbois.ch\/?s={search_term_string}"},"query-input":{"@type":"PropertyValueSpecification","valueRequired":true,"valueName":"search_term_string"}}],"inLanguage":"fr-FR"},{"@type":"Organization","@id":"https:\/\/ecolefermedesbois.ch\/#organization","name":"Ecole \u00e0 la Ferme des Bois","url":"https:\/\/ecolefermedesbois.ch\/","logo":{"@type":"ImageObject","inLanguage":"fr-FR","@id":"https:\/\/ecolefermedesbois.ch\/#\/schema\/logo\/image\/","url":"https:\/\/ecolefermedesbois.ch\/wp-content\/uploads\/2019\/04\/logo-scaled.gif","contentUrl":"https:\/\/ecolefermedesbois.ch\/wp-content\/uploads\/2019\/04\/logo-scaled.gif","width":2560,"height":608,"caption":"Ecole \u00e0 la Ferme des Bois"},"image":{"@id":"https:\/\/ecolefermedesbois.ch\/#\/schema\/logo\/image\/"},"sameAs":["https:\/\/www.facebook.com\/ecolefermedesBois"]},{"@type":"Person","@id":"https:\/\/ecolefermedesbois.ch\/#\/schema\/person\/78f5a1c78e958e51240f90932d290908","name":"Sophie","image":{"@type":"ImageObject","inLanguage":"fr-FR","@id":"https:\/\/secure.gravatar.com\/avatar\/053fbaec50cb27b03b880a4b8b018009aa3af995f32011efc3f40a589371d46f?s=96&d=mm&r=g","url":"https:\/\/secure.gravatar.com\/avatar\/053fbaec50cb27b03b880a4b8b018009aa3af995f32011efc3f40a589371d46f?s=96&d=mm&r=g","contentUrl":"https:\/\/secure.gravatar.com\/avatar\/053fbaec50cb27b03b880a4b8b018009aa3af995f32011efc3f40a589371d46f?s=96&d=mm&r=g","caption":"Sophie"},"url":"https:\/\/ecolefermedesbois.ch\/?author=2"}]}},"jetpack_publicize_connections":[],"jetpack_featured_media_url":"https:\/\/i0.wp.com\/ecolefermedesbois.ch\/wp-content\/uploads\/2023\/09\/wp-16945416689776410308571449460985.jpg?fit=750%2C1000&ssl=1","jetpack_sharing_enabled":true,"_links":{"self":[{"href":"https:\/\/ecolefermedesbois.ch\/index.php?rest_route=\/wp\/v2\/posts\/12003","targetHints":{"allow":["GET"]}}],"collection":[{"href":"https:\/\/ecolefermedesbois.ch\/index.php?rest_route=\/wp\/v2\/posts"}],"about":[{"href":"https:\/\/ecolefermedesbois.ch\/index.php?rest_route=\/wp\/v2\/types\/post"}],"author":[{"embeddable":true,"href":"https:\/\/ecolefermedesbois.ch\/index.php?rest_route=\/wp\/v2\/users\/2"}],"replies":[{"embeddable":true,"href":"https:\/\/ecolefermedesbois.ch\/index.php?rest_route=%2Fwp%2Fv2%2Fcomments&post=12003"}],"version-history":[{"count":1,"href":"https:\/\/ecolefermedesbois.ch\/index.php?rest_route=\/wp\/v2\/posts\/12003\/revisions"}],"predecessor-version":[{"id":12004,"href":"https:\/\/ecolefermedesbois.ch\/index.php?rest_route=\/wp\/v2\/posts\/12003\/revisions\/12004"}],"wp:featuredmedia":[{"embeddable":true,"href":"https:\/\/ecolefermedesbois.ch\/index.php?rest_route=\/wp\/v2\/media\/11986"}],"wp:attachment":[{"href":"https:\/\/ecolefermedesbois.ch\/index.php?rest_route=%2Fwp%2Fv2%2Fmedia&parent=12003"}],"wp:term":[{"taxonomy":"category","embeddable":true,"href":"https:\/\/ecolefermedesbois.ch\/index.php?rest_route=%2Fwp%2Fv2%2Fcategories&post=12003"},{"taxonomy":"post_tag","embeddable":true,"href":"https:\/\/ecolefermedesbois.ch\/index.php?rest_route=%2Fwp%2Fv2%2Ftags&post=12003"}],"curies":[{"name":"wp","href":"https:\/\/api.w.org\/{rel}","templated":true}]}}