{"id":10784,"date":"2023-07-10T15:45:18","date_gmt":"2023-07-10T13:45:18","guid":{"rendered":"https:\/\/ecolefermedesbois.ch\/?p=10784"},"modified":"2023-07-10T15:45:20","modified_gmt":"2023-07-10T13:45:20","slug":"2-journees-avec-le-passeport-vacances-oron-jorat","status":"publish","type":"post","link":"https:\/\/ecolefermedesbois.ch\/?p=10784","title":{"rendered":"2 journ\u00e9es avec le passeport vacances Oron-Jorat"},"content":{"rendered":"<div class=\"pdfprnt-buttons pdfprnt-buttons-post pdfprnt-top-right\"><a href=\"https:\/\/ecolefermedesbois.ch\/index.php?rest_route=%2Fwp%2Fv2%2Fposts%2F10784&print=pdf\" class=\"pdfprnt-button pdfprnt-button-pdf\" target=\"_blank\" ><img data-recalc-dims=\"1\" decoding=\"async\" src=\"https:\/\/i0.wp.com\/ecolefermedesbois.ch\/wp-content\/plugins\/pdf-print\/images\/pdf.png?w=720&#038;ssl=1\" alt=\"image_pdf\" title=\"Afficher le PDF\" \/><\/a><a href=\"https:\/\/ecolefermedesbois.ch\/index.php?rest_route=%2Fwp%2Fv2%2Fposts%2F10784&print=print\" class=\"pdfprnt-button pdfprnt-button-print\" target=\"_blank\" ><img data-recalc-dims=\"1\" decoding=\"async\" src=\"https:\/\/i0.wp.com\/ecolefermedesbois.ch\/wp-content\/plugins\/pdf-print\/images\/print.png?w=720&#038;ssl=1\" alt=\"image_print\" title=\"Contenu imprim\u00e9\" \/><\/a><\/div>\n<p>Lundi et mercredi dernier, 17 enfants sont venus sur 2 journ\u00e9es vivre un peu de notre quotidien.<br>Nous avons pass\u00e9 une de mes journ\u00e9es types \u00e0 la ferme. Soins des petits animaux, pr\u00e9paration du repas, d\u00e9couverte de l&rsquo;\u00e9table et pr\u00e9paration du go\u00fbter.<\/p>\n\n\n\n<p>Nous commen\u00e7ons la matin\u00e9e comme je le fais chaque matin. Nous allons ouvrir la porte aux poussins et aux poules pour qu&rsquo;ils puissent aller dans leur parc. Nous leur mettons de l&rsquo;eau fra\u00eeche et de la nourriture. Apr\u00e8s quelques c\u00e2lins et d\u00e9couvertes sur les poules, nous partons nourrir les cailles. <br>Voil\u00e0, nous avons fini avec les volailles.<\/p>\n\n\n\n<p>Aupr\u00e8s des lapins, nous commen\u00e7ons par nettoyer leur cage. Cela, je le fais une fois par semaine. <br>Les lapins \u00e9tant au propre, nous leur donnons de l&rsquo;eau fra\u00eeche, du foin et des granul\u00e9s pour lapins. <br>Pour remercier les enfants de leur dur labeur, je leur d\u00e9pose un lapin sur une couverture sur leurs genoux pour qu&rsquo;ils puissent profiter de les c\u00e2liner. Un beau moment de douceur!<\/p>\n\n\n\n<p>Une pause est bien m\u00e9rit\u00e9e! Les enfants peuvent d\u00e9guster un verre de lait de nos vaches accompagn\u00e9 par des cerises cueillies le jour d&rsquo;avant dans notre verger. Mmmmm<\/p>\n\n\n\n<p>Voici l&rsquo;heure d&rsquo;aller chercher les ingr\u00e9dients pour la confection du repas. <\/p>\n\n\n\n<p>Nous passons au jardin pour r\u00e9colter les salades vertes et les carottes. Les enfants ont observ\u00e9 que les carottes ne sont pas encore pr\u00eates \u00e0 \u00eatre mang\u00e9es de ce fait j&rsquo;en ai achet\u00e9 de la r\u00e9gion. Lundi, nous passons par la cave pour aller chercher les \u0153ufs puis nous montons en salle pour pr\u00e9parer le repas.<br>Lundi nous avons cuisin\u00e9 des \u0153ufs au plat accompagn\u00e9s par des salades de carottes et verte, du pain et du Gruy\u00e8re. Mercredi nous avons griller des cervelas et schubling de notre production avec des salades de carottes et verte, du pain et du Gruy\u00e8re.<\/p>\n\n\n\n<p>Lundi, mains lav\u00e9es, nous voil\u00e0 pr\u00eats pour pr\u00e9parer le repas. Nous commen\u00e7ons par \u00e9plucher les carottes. Puis je fais plusieurs groupes afin que le repas soit pr\u00eat \u00e0 midi. Un enfant r\u00e2pe les carottes, un autre lave la salade verte et l\u2019essore, deux enfants pr\u00e9parent la sauce \u00e0 salade pendant que les deux derniers coupent le fromage et le pain. Puis tous ensemble, nous mettons la table. Reste la cuissons des \u0153ufs.<br>Mmm un r\u00e9gal, bravo les jeunes pour la pr\u00e9paration du repas!<\/p>\n\n\n\n<p>Mercredi, mains lav\u00e9es nous faisons la m\u00eame chose que lundi sauf que 3 enfants accompagn\u00e9s par une adulte vont cuir les saucisses au grill. Nous avons \u00e9galement fait des groupe plus grand au vu qu&rsquo;ils \u00e9taient plus nombreux que lundi. <br>Vous avez \u00e9galement \u00e9t\u00e9 super! Bravo et merci pour le bon repas.<\/p>\n\n\n\n<p>L&rsquo;apr\u00e8s-midi, nous allons en chariote d\u00e9couvrir l&rsquo;\u00e9table et ses habitantes. Nous c\u00e2linons les vaches puis nous parlons de leur alimentation. J&rsquo;en profite pour leur parler des d\u00e9g\u00e2ts que causent les d\u00e9chets en bord des routes sur nos animaux. Les enfants sont choqu\u00e9s de savoir que nous avons perdu 2 vaches ce printemps \u00e0 cause des canettes lanc\u00e9es dans nos pr\u00e8s. Donc quand je leur demande ou nous devons mettre nos d\u00e9chets, la r\u00e9ponse ne se fait pas attendre : A LA POUBELLE! Merci les jeunes!<\/p>\n\n\n\n<p>Puis nous allons d\u00e9couvrir la salle de traite et son fonctionnement suivi par la visite de nos jeunes veaux. Un beau moment de c\u00e2lins. Une fois la visite termin\u00e9e, les enfants ont pu passer leur permis de brouette. Que de rires et de joie!<\/p>\n\n\n\n<p>De retour aux Bois, nous allons confectionner des madeleines qui seront toutes mang\u00e9es pour le go\u00fbter. Beurre battu en cr\u00e8me; \u0153ufs, lait et farine ajout\u00e9s sans oublier la levure, chaque enfant \u00e0 pu m\u00e9langer avant de mettre au four. Quelle efficacit\u00e9!<\/p>\n\n\n\n<p>Avant de d\u00e9guster nos madeleines, avec le groupe de lundi nous allons agrandir le parc des ch\u00e8vres, sans oublier de leur faire un c\u00e2lin. Pour le groupe de mercredi, nous avons d\u00e9couvert les ch\u00e8vres et leur avons fait un c\u00e2lin entre 3 gouttes de pluies et avons fini par un c\u00e2lin aupr\u00e8s des lapins.<br>Pour clore ces belles journ\u00e9es, nous le faisons en d\u00e9gustant nos madeleines encore ti\u00e8des.<\/p>\n\n\n\n<p>Merci les enfants pour votre implication tout au long de la journ\u00e9e. Pour toutes vos questions et votre int\u00e9r\u00eat \u00e0 notre m\u00e9tier. <\/p>\n\n\n\n<p>Merci Am\u00e9lie, Fanny et Val\u00e9rie d&rsquo;\u00eatre venues accompagner les enfants durant ces journ\u00e9es ainsi que pour votre implication tout au long des ateliers. J&rsquo;ai eu beaucoup de plaisir \u00e0 faire votre connaissance et passer cette journ\u00e9e avec vous. <\/p>\n\n\n\n<p>Je vous souhaite un bel \u00e9t\u00e9 et de tr\u00e8s belles vacances!<\/p>\n\n\n\n<p>A bient\u00f4t<\/p>\n\n\n\n<p>Sophie<\/p>\n\n\n\n<figure class=\"wp-block-gallery has-nested-images columns-default is-cropped wp-block-gallery-1 is-layout-flex wp-block-gallery-is-layout-flex\">\n<figure class=\"wp-block-image size-large\"><img data-recalc-dims=\"1\" fetchpriority=\"high\" decoding=\"async\" width=\"600\" height=\"450\" data-id=\"10781\" src=\"https:\/\/i0.wp.com\/ecolefermedesbois.ch\/wp-content\/uploads\/2023\/07\/wp-16889826990244584364668149408228.jpg?resize=600%2C450&#038;ssl=1\" alt=\"\" class=\"wp-image-10781\" srcset=\"https:\/\/i0.wp.com\/ecolefermedesbois.ch\/wp-content\/uploads\/2023\/07\/wp-16889826990244584364668149408228.jpg?resize=600%2C450&amp;ssl=1 600w, https:\/\/i0.wp.com\/ecolefermedesbois.ch\/wp-content\/uploads\/2023\/07\/wp-16889826990244584364668149408228.jpg?resize=300%2C225&amp;ssl=1 300w, https:\/\/i0.wp.com\/ecolefermedesbois.ch\/wp-content\/uploads\/2023\/07\/wp-16889826990244584364668149408228.jpg?resize=768%2C576&amp;ssl=1 768w, https:\/\/i0.wp.com\/ecolefermedesbois.ch\/wp-content\/uploads\/2023\/07\/wp-16889826990244584364668149408228.jpg?w=1000&amp;ssl=1 1000w\" sizes=\"(max-width: 600px) 100vw, 600px\" \/><\/figure>\n\n\n\n<figure class=\"wp-block-image size-large\"><img data-recalc-dims=\"1\" decoding=\"async\" width=\"600\" height=\"390\" data-id=\"10763\" src=\"https:\/\/i0.wp.com\/ecolefermedesbois.ch\/wp-content\/uploads\/2023\/07\/wp-16889822848319032100734653943472.jpg?resize=600%2C390&#038;ssl=1\" alt=\"\" class=\"wp-image-10763\" srcset=\"https:\/\/i0.wp.com\/ecolefermedesbois.ch\/wp-content\/uploads\/2023\/07\/wp-16889822848319032100734653943472.jpg?resize=600%2C390&amp;ssl=1 600w, https:\/\/i0.wp.com\/ecolefermedesbois.ch\/wp-content\/uploads\/2023\/07\/wp-16889822848319032100734653943472.jpg?resize=300%2C195&amp;ssl=1 300w, https:\/\/i0.wp.com\/ecolefermedesbois.ch\/wp-content\/uploads\/2023\/07\/wp-16889822848319032100734653943472.jpg?resize=768%2C499&amp;ssl=1 768w, https:\/\/i0.wp.com\/ecolefermedesbois.ch\/wp-content\/uploads\/2023\/07\/wp-16889822848319032100734653943472.jpg?w=1000&amp;ssl=1 1000w\" sizes=\"(max-width: 600px) 100vw, 600px\" \/><\/figure>\n\n\n\n<figure class=\"wp-block-image size-large\"><img data-recalc-dims=\"1\" decoding=\"async\" width=\"450\" height=\"600\" data-id=\"10755\" src=\"https:\/\/i0.wp.com\/ecolefermedesbois.ch\/wp-content\/uploads\/2023\/07\/wp-16889822835508830480162801225306.jpg?resize=450%2C600&#038;ssl=1\" alt=\"\" class=\"wp-image-10755\" srcset=\"https:\/\/i0.wp.com\/ecolefermedesbois.ch\/wp-content\/uploads\/2023\/07\/wp-16889822835508830480162801225306.jpg?resize=450%2C600&amp;ssl=1 450w, https:\/\/i0.wp.com\/ecolefermedesbois.ch\/wp-content\/uploads\/2023\/07\/wp-16889822835508830480162801225306.jpg?resize=225%2C300&amp;ssl=1 225w, https:\/\/i0.wp.com\/ecolefermedesbois.ch\/wp-content\/uploads\/2023\/07\/wp-16889822835508830480162801225306.jpg?w=750&amp;ssl=1 750w\" sizes=\"(max-width: 450px) 100vw, 450px\" \/><\/figure>\n\n\n\n<figure class=\"wp-block-image size-large\"><img data-recalc-dims=\"1\" loading=\"lazy\" decoding=\"async\" width=\"600\" height=\"450\" data-id=\"10779\" src=\"https:\/\/i0.wp.com\/ecolefermedesbois.ch\/wp-content\/uploads\/2023\/07\/wp-16889826989063465074757488993675.jpg?resize=600%2C450&#038;ssl=1\" alt=\"\" class=\"wp-image-10779\" srcset=\"https:\/\/i0.wp.com\/ecolefermedesbois.ch\/wp-content\/uploads\/2023\/07\/wp-16889826989063465074757488993675.jpg?resize=600%2C450&amp;ssl=1 600w, https:\/\/i0.wp.com\/ecolefermedesbois.ch\/wp-content\/uploads\/2023\/07\/wp-16889826989063465074757488993675.jpg?resize=300%2C225&amp;ssl=1 300w, https:\/\/i0.wp.com\/ecolefermedesbois.ch\/wp-content\/uploads\/2023\/07\/wp-16889826989063465074757488993675.jpg?resize=768%2C576&amp;ssl=1 768w, https:\/\/i0.wp.com\/ecolefermedesbois.ch\/wp-content\/uploads\/2023\/07\/wp-16889826989063465074757488993675.jpg?w=1000&amp;ssl=1 1000w\" sizes=\"(max-width: 600px) 100vw, 600px\" \/><\/figure>\n\n\n\n<figure class=\"wp-block-image size-large\"><img data-recalc-dims=\"1\" loading=\"lazy\" decoding=\"async\" width=\"600\" height=\"450\" data-id=\"10760\" src=\"https:\/\/i0.wp.com\/ecolefermedesbois.ch\/wp-content\/uploads\/2023\/07\/wp-16889822847254365661472851760574.jpg?resize=600%2C450&#038;ssl=1\" alt=\"\" class=\"wp-image-10760\" srcset=\"https:\/\/i0.wp.com\/ecolefermedesbois.ch\/wp-content\/uploads\/2023\/07\/wp-16889822847254365661472851760574.jpg?resize=600%2C450&amp;ssl=1 600w, https:\/\/i0.wp.com\/ecolefermedesbois.ch\/wp-content\/uploads\/2023\/07\/wp-16889822847254365661472851760574.jpg?resize=300%2C225&amp;ssl=1 300w, https:\/\/i0.wp.com\/ecolefermedesbois.ch\/wp-content\/uploads\/2023\/07\/wp-16889822847254365661472851760574.jpg?resize=768%2C576&amp;ssl=1 768w, https:\/\/i0.wp.com\/ecolefermedesbois.ch\/wp-content\/uploads\/2023\/07\/wp-16889822847254365661472851760574.jpg?w=1000&amp;ssl=1 1000w\" sizes=\"(max-width: 600px) 100vw, 600px\" \/><\/figure>\n\n\n\n<figure class=\"wp-block-image size-large\"><img data-recalc-dims=\"1\" loading=\"lazy\" decoding=\"async\" width=\"450\" height=\"600\" data-id=\"10780\" src=\"https:\/\/i0.wp.com\/ecolefermedesbois.ch\/wp-content\/uploads\/2023\/07\/wp-16889826987871831773432216663082.jpg?resize=450%2C600&#038;ssl=1\" alt=\"\" class=\"wp-image-10780\" srcset=\"https:\/\/i0.wp.com\/ecolefermedesbois.ch\/wp-content\/uploads\/2023\/07\/wp-16889826987871831773432216663082.jpg?resize=450%2C600&amp;ssl=1 450w, https:\/\/i0.wp.com\/ecolefermedesbois.ch\/wp-content\/uploads\/2023\/07\/wp-16889826987871831773432216663082.jpg?resize=225%2C300&amp;ssl=1 225w, https:\/\/i0.wp.com\/ecolefermedesbois.ch\/wp-content\/uploads\/2023\/07\/wp-16889826987871831773432216663082.jpg?w=750&amp;ssl=1 750w\" sizes=\"(max-width: 450px) 100vw, 450px\" \/><\/figure>\n\n\n\n<figure class=\"wp-block-image size-large\"><img data-recalc-dims=\"1\" loading=\"lazy\" decoding=\"async\" width=\"600\" height=\"450\" data-id=\"10761\" src=\"https:\/\/i0.wp.com\/ecolefermedesbois.ch\/wp-content\/uploads\/2023\/07\/wp-16889822845238885804370202620507.jpg?resize=600%2C450&#038;ssl=1\" alt=\"\" class=\"wp-image-10761\" srcset=\"https:\/\/i0.wp.com\/ecolefermedesbois.ch\/wp-content\/uploads\/2023\/07\/wp-16889822845238885804370202620507.jpg?resize=600%2C450&amp;ssl=1 600w, https:\/\/i0.wp.com\/ecolefermedesbois.ch\/wp-content\/uploads\/2023\/07\/wp-16889822845238885804370202620507.jpg?resize=300%2C225&amp;ssl=1 300w, https:\/\/i0.wp.com\/ecolefermedesbois.ch\/wp-content\/uploads\/2023\/07\/wp-16889822845238885804370202620507.jpg?resize=768%2C576&amp;ssl=1 768w, https:\/\/i0.wp.com\/ecolefermedesbois.ch\/wp-content\/uploads\/2023\/07\/wp-16889822845238885804370202620507.jpg?w=1000&amp;ssl=1 1000w\" sizes=\"(max-width: 600px) 100vw, 600px\" \/><\/figure>\n\n\n\n<figure class=\"wp-block-image size-large\"><img data-recalc-dims=\"1\" loading=\"lazy\" decoding=\"async\" width=\"600\" height=\"450\" data-id=\"10762\" src=\"https:\/\/i0.wp.com\/ecolefermedesbois.ch\/wp-content\/uploads\/2023\/07\/wp-16889822846218818614769335452662.jpg?resize=600%2C450&#038;ssl=1\" alt=\"\" class=\"wp-image-10762\" srcset=\"https:\/\/i0.wp.com\/ecolefermedesbois.ch\/wp-content\/uploads\/2023\/07\/wp-16889822846218818614769335452662.jpg?resize=600%2C450&amp;ssl=1 600w, https:\/\/i0.wp.com\/ecolefermedesbois.ch\/wp-content\/uploads\/2023\/07\/wp-16889822846218818614769335452662.jpg?resize=300%2C225&amp;ssl=1 300w, https:\/\/i0.wp.com\/ecolefermedesbois.ch\/wp-content\/uploads\/2023\/07\/wp-16889822846218818614769335452662.jpg?resize=768%2C576&amp;ssl=1 768w, https:\/\/i0.wp.com\/ecolefermedesbois.ch\/wp-content\/uploads\/2023\/07\/wp-16889822846218818614769335452662.jpg?w=1000&amp;ssl=1 1000w\" sizes=\"(max-width: 600px) 100vw, 600px\" \/><\/figure>\n\n\n\n<figure class=\"wp-block-image size-large\"><img data-recalc-dims=\"1\" loading=\"lazy\" decoding=\"async\" width=\"450\" height=\"600\" data-id=\"10778\" src=\"https:\/\/i0.wp.com\/ecolefermedesbois.ch\/wp-content\/uploads\/2023\/07\/wp-16889826987004902113543236081828.jpg?resize=450%2C600&#038;ssl=1\" alt=\"\" class=\"wp-image-10778\" srcset=\"https:\/\/i0.wp.com\/ecolefermedesbois.ch\/wp-content\/uploads\/2023\/07\/wp-16889826987004902113543236081828.jpg?resize=450%2C600&amp;ssl=1 450w, https:\/\/i0.wp.com\/ecolefermedesbois.ch\/wp-content\/uploads\/2023\/07\/wp-16889826987004902113543236081828.jpg?resize=225%2C300&amp;ssl=1 225w, https:\/\/i0.wp.com\/ecolefermedesbois.ch\/wp-content\/uploads\/2023\/07\/wp-16889826987004902113543236081828.jpg?w=750&amp;ssl=1 750w\" sizes=\"(max-width: 450px) 100vw, 450px\" \/><\/figure>\n\n\n\n<figure class=\"wp-block-image size-large\"><img data-recalc-dims=\"1\" loading=\"lazy\" decoding=\"async\" width=\"600\" height=\"450\" data-id=\"10774\" src=\"https:\/\/i0.wp.com\/ecolefermedesbois.ch\/wp-content\/uploads\/2023\/07\/wp-16889826983443108680682994312917.jpg?resize=600%2C450&#038;ssl=1\" alt=\"\" class=\"wp-image-10774\" srcset=\"https:\/\/i0.wp.com\/ecolefermedesbois.ch\/wp-content\/uploads\/2023\/07\/wp-16889826983443108680682994312917.jpg?resize=600%2C450&amp;ssl=1 600w, https:\/\/i0.wp.com\/ecolefermedesbois.ch\/wp-content\/uploads\/2023\/07\/wp-16889826983443108680682994312917.jpg?resize=300%2C225&amp;ssl=1 300w, https:\/\/i0.wp.com\/ecolefermedesbois.ch\/wp-content\/uploads\/2023\/07\/wp-16889826983443108680682994312917.jpg?resize=768%2C576&amp;ssl=1 768w, https:\/\/i0.wp.com\/ecolefermedesbois.ch\/wp-content\/uploads\/2023\/07\/wp-16889826983443108680682994312917.jpg?w=1000&amp;ssl=1 1000w\" sizes=\"(max-width: 600px) 100vw, 600px\" \/><\/figure>\n\n\n\n<figure class=\"wp-block-image size-large\"><img data-recalc-dims=\"1\" loading=\"lazy\" decoding=\"async\" width=\"450\" height=\"600\" data-id=\"10775\" src=\"https:\/\/i0.wp.com\/ecolefermedesbois.ch\/wp-content\/uploads\/2023\/07\/wp-16889826984311068160108160490290.jpg?resize=450%2C600&#038;ssl=1\" alt=\"\" class=\"wp-image-10775\" srcset=\"https:\/\/i0.wp.com\/ecolefermedesbois.ch\/wp-content\/uploads\/2023\/07\/wp-16889826984311068160108160490290.jpg?resize=450%2C600&amp;ssl=1 450w, https:\/\/i0.wp.com\/ecolefermedesbois.ch\/wp-content\/uploads\/2023\/07\/wp-16889826984311068160108160490290.jpg?resize=225%2C300&amp;ssl=1 225w, https:\/\/i0.wp.com\/ecolefermedesbois.ch\/wp-content\/uploads\/2023\/07\/wp-16889826984311068160108160490290.jpg?w=750&amp;ssl=1 750w\" sizes=\"(max-width: 450px) 100vw, 450px\" \/><\/figure>\n\n\n\n<figure class=\"wp-block-image size-large\"><img data-recalc-dims=\"1\" loading=\"lazy\" decoding=\"async\" width=\"600\" height=\"450\" data-id=\"10768\" src=\"https:\/\/i0.wp.com\/ecolefermedesbois.ch\/wp-content\/uploads\/2023\/07\/wp-16889822844406768589041902236826.jpg?resize=600%2C450&#038;ssl=1\" alt=\"\" class=\"wp-image-10768\" srcset=\"https:\/\/i0.wp.com\/ecolefermedesbois.ch\/wp-content\/uploads\/2023\/07\/wp-16889822844406768589041902236826.jpg?resize=600%2C450&amp;ssl=1 600w, https:\/\/i0.wp.com\/ecolefermedesbois.ch\/wp-content\/uploads\/2023\/07\/wp-16889822844406768589041902236826.jpg?resize=300%2C225&amp;ssl=1 300w, https:\/\/i0.wp.com\/ecolefermedesbois.ch\/wp-content\/uploads\/2023\/07\/wp-16889822844406768589041902236826.jpg?resize=768%2C576&amp;ssl=1 768w, https:\/\/i0.wp.com\/ecolefermedesbois.ch\/wp-content\/uploads\/2023\/07\/wp-16889822844406768589041902236826.jpg?w=1000&amp;ssl=1 1000w\" sizes=\"(max-width: 600px) 100vw, 600px\" \/><\/figure>\n\n\n\n<figure class=\"wp-block-image size-large\"><img data-recalc-dims=\"1\" loading=\"lazy\" decoding=\"async\" width=\"600\" height=\"450\" data-id=\"10767\" src=\"https:\/\/i0.wp.com\/ecolefermedesbois.ch\/wp-content\/uploads\/2023\/07\/wp-16889822843418654523276787091098.jpg?resize=600%2C450&#038;ssl=1\" alt=\"\" class=\"wp-image-10767\" srcset=\"https:\/\/i0.wp.com\/ecolefermedesbois.ch\/wp-content\/uploads\/2023\/07\/wp-16889822843418654523276787091098.jpg?resize=600%2C450&amp;ssl=1 600w, https:\/\/i0.wp.com\/ecolefermedesbois.ch\/wp-content\/uploads\/2023\/07\/wp-16889822843418654523276787091098.jpg?resize=300%2C225&amp;ssl=1 300w, https:\/\/i0.wp.com\/ecolefermedesbois.ch\/wp-content\/uploads\/2023\/07\/wp-16889822843418654523276787091098.jpg?resize=768%2C576&amp;ssl=1 768w, https:\/\/i0.wp.com\/ecolefermedesbois.ch\/wp-content\/uploads\/2023\/07\/wp-16889822843418654523276787091098.jpg?w=1000&amp;ssl=1 1000w\" sizes=\"(max-width: 600px) 100vw, 600px\" \/><\/figure>\n\n\n\n<figure class=\"wp-block-image size-large\"><img data-recalc-dims=\"1\" loading=\"lazy\" decoding=\"async\" width=\"450\" height=\"600\" data-id=\"10777\" src=\"https:\/\/i0.wp.com\/ecolefermedesbois.ch\/wp-content\/uploads\/2023\/07\/wp-16889826986126005252807238262657.jpg?resize=450%2C600&#038;ssl=1\" alt=\"\" class=\"wp-image-10777\" srcset=\"https:\/\/i0.wp.com\/ecolefermedesbois.ch\/wp-content\/uploads\/2023\/07\/wp-16889826986126005252807238262657.jpg?resize=450%2C600&amp;ssl=1 450w, https:\/\/i0.wp.com\/ecolefermedesbois.ch\/wp-content\/uploads\/2023\/07\/wp-16889826986126005252807238262657.jpg?resize=225%2C300&amp;ssl=1 225w, https:\/\/i0.wp.com\/ecolefermedesbois.ch\/wp-content\/uploads\/2023\/07\/wp-16889826986126005252807238262657.jpg?w=750&amp;ssl=1 750w\" sizes=\"(max-width: 450px) 100vw, 450px\" \/><\/figure>\n\n\n\n<figure class=\"wp-block-image size-large\"><img data-recalc-dims=\"1\" loading=\"lazy\" decoding=\"async\" width=\"600\" height=\"450\" data-id=\"10766\" src=\"https:\/\/i0.wp.com\/ecolefermedesbois.ch\/wp-content\/uploads\/2023\/07\/wp-16889822842484301647529626161711.jpg?resize=600%2C450&#038;ssl=1\" alt=\"\" class=\"wp-image-10766\" srcset=\"https:\/\/i0.wp.com\/ecolefermedesbois.ch\/wp-content\/uploads\/2023\/07\/wp-16889822842484301647529626161711.jpg?resize=600%2C450&amp;ssl=1 600w, https:\/\/i0.wp.com\/ecolefermedesbois.ch\/wp-content\/uploads\/2023\/07\/wp-16889822842484301647529626161711.jpg?resize=300%2C225&amp;ssl=1 300w, https:\/\/i0.wp.com\/ecolefermedesbois.ch\/wp-content\/uploads\/2023\/07\/wp-16889822842484301647529626161711.jpg?resize=768%2C576&amp;ssl=1 768w, https:\/\/i0.wp.com\/ecolefermedesbois.ch\/wp-content\/uploads\/2023\/07\/wp-16889822842484301647529626161711.jpg?w=1000&amp;ssl=1 1000w\" sizes=\"(max-width: 600px) 100vw, 600px\" \/><\/figure>\n\n\n\n<figure class=\"wp-block-image size-large\"><img data-recalc-dims=\"1\" loading=\"lazy\" decoding=\"async\" width=\"600\" height=\"450\" data-id=\"10765\" src=\"https:\/\/i0.wp.com\/ecolefermedesbois.ch\/wp-content\/uploads\/2023\/07\/wp-1688982284156474824091916027408.jpg?resize=600%2C450&#038;ssl=1\" alt=\"\" class=\"wp-image-10765\" srcset=\"https:\/\/i0.wp.com\/ecolefermedesbois.ch\/wp-content\/uploads\/2023\/07\/wp-1688982284156474824091916027408.jpg?resize=600%2C450&amp;ssl=1 600w, https:\/\/i0.wp.com\/ecolefermedesbois.ch\/wp-content\/uploads\/2023\/07\/wp-1688982284156474824091916027408.jpg?resize=300%2C225&amp;ssl=1 300w, https:\/\/i0.wp.com\/ecolefermedesbois.ch\/wp-content\/uploads\/2023\/07\/wp-1688982284156474824091916027408.jpg?resize=768%2C576&amp;ssl=1 768w, https:\/\/i0.wp.com\/ecolefermedesbois.ch\/wp-content\/uploads\/2023\/07\/wp-1688982284156474824091916027408.jpg?w=1000&amp;ssl=1 1000w\" sizes=\"(max-width: 600px) 100vw, 600px\" \/><\/figure>\n\n\n\n<figure class=\"wp-block-image size-large\"><img data-recalc-dims=\"1\" loading=\"lazy\" decoding=\"async\" width=\"450\" height=\"600\" data-id=\"10764\" src=\"https:\/\/i0.wp.com\/ecolefermedesbois.ch\/wp-content\/uploads\/2023\/07\/wp-16889822840695716194944340170170.jpg?resize=450%2C600&#038;ssl=1\" alt=\"\" class=\"wp-image-10764\" srcset=\"https:\/\/i0.wp.com\/ecolefermedesbois.ch\/wp-content\/uploads\/2023\/07\/wp-16889822840695716194944340170170.jpg?resize=450%2C600&amp;ssl=1 450w, https:\/\/i0.wp.com\/ecolefermedesbois.ch\/wp-content\/uploads\/2023\/07\/wp-16889822840695716194944340170170.jpg?resize=225%2C300&amp;ssl=1 225w, https:\/\/i0.wp.com\/ecolefermedesbois.ch\/wp-content\/uploads\/2023\/07\/wp-16889822840695716194944340170170.jpg?w=750&amp;ssl=1 750w\" sizes=\"(max-width: 450px) 100vw, 450px\" \/><\/figure>\n\n\n\n<figure class=\"wp-block-image size-large\"><img data-recalc-dims=\"1\" loading=\"lazy\" decoding=\"async\" width=\"450\" height=\"600\" data-id=\"10776\" src=\"https:\/\/i0.wp.com\/ecolefermedesbois.ch\/wp-content\/uploads\/2023\/07\/wp-16889826985205442857000235586440.jpg?resize=450%2C600&#038;ssl=1\" alt=\"\" class=\"wp-image-10776\" srcset=\"https:\/\/i0.wp.com\/ecolefermedesbois.ch\/wp-content\/uploads\/2023\/07\/wp-16889826985205442857000235586440.jpg?resize=450%2C600&amp;ssl=1 450w, https:\/\/i0.wp.com\/ecolefermedesbois.ch\/wp-content\/uploads\/2023\/07\/wp-16889826985205442857000235586440.jpg?resize=225%2C300&amp;ssl=1 225w, https:\/\/i0.wp.com\/ecolefermedesbois.ch\/wp-content\/uploads\/2023\/07\/wp-16889826985205442857000235586440.jpg?w=750&amp;ssl=1 750w\" sizes=\"(max-width: 450px) 100vw, 450px\" \/><\/figure>\n\n\n\n<figure class=\"wp-block-image size-large\"><img data-recalc-dims=\"1\" loading=\"lazy\" decoding=\"async\" width=\"600\" height=\"450\" data-id=\"10772\" src=\"https:\/\/i0.wp.com\/ecolefermedesbois.ch\/wp-content\/uploads\/2023\/07\/wp-16889826982668449000837064738571.jpg?resize=600%2C450&#038;ssl=1\" alt=\"\" class=\"wp-image-10772\" srcset=\"https:\/\/i0.wp.com\/ecolefermedesbois.ch\/wp-content\/uploads\/2023\/07\/wp-16889826982668449000837064738571.jpg?resize=600%2C450&amp;ssl=1 600w, https:\/\/i0.wp.com\/ecolefermedesbois.ch\/wp-content\/uploads\/2023\/07\/wp-16889826982668449000837064738571.jpg?resize=300%2C225&amp;ssl=1 300w, https:\/\/i0.wp.com\/ecolefermedesbois.ch\/wp-content\/uploads\/2023\/07\/wp-16889826982668449000837064738571.jpg?resize=768%2C576&amp;ssl=1 768w, https:\/\/i0.wp.com\/ecolefermedesbois.ch\/wp-content\/uploads\/2023\/07\/wp-16889826982668449000837064738571.jpg?w=1000&amp;ssl=1 1000w\" sizes=\"(max-width: 600px) 100vw, 600px\" \/><\/figure>\n\n\n\n<figure class=\"wp-block-image size-large\"><img data-recalc-dims=\"1\" loading=\"lazy\" decoding=\"async\" width=\"450\" height=\"600\" data-id=\"10759\" src=\"https:\/\/i0.wp.com\/ecolefermedesbois.ch\/wp-content\/uploads\/2023\/07\/wp-16889822839577060952151921061735.jpg?resize=450%2C600&#038;ssl=1\" alt=\"\" class=\"wp-image-10759\" srcset=\"https:\/\/i0.wp.com\/ecolefermedesbois.ch\/wp-content\/uploads\/2023\/07\/wp-16889822839577060952151921061735.jpg?resize=450%2C600&amp;ssl=1 450w, https:\/\/i0.wp.com\/ecolefermedesbois.ch\/wp-content\/uploads\/2023\/07\/wp-16889822839577060952151921061735.jpg?resize=225%2C300&amp;ssl=1 225w, https:\/\/i0.wp.com\/ecolefermedesbois.ch\/wp-content\/uploads\/2023\/07\/wp-16889822839577060952151921061735.jpg?w=756&amp;ssl=1 756w\" sizes=\"(max-width: 450px) 100vw, 450px\" \/><\/figure>\n\n\n\n<figure class=\"wp-block-image size-large\"><img data-recalc-dims=\"1\" loading=\"lazy\" decoding=\"async\" width=\"450\" height=\"600\" data-id=\"10769\" src=\"https:\/\/i0.wp.com\/ecolefermedesbois.ch\/wp-content\/uploads\/2023\/07\/wp-1688982698157644717543718555226.jpg?resize=450%2C600&#038;ssl=1\" alt=\"\" class=\"wp-image-10769\" srcset=\"https:\/\/i0.wp.com\/ecolefermedesbois.ch\/wp-content\/uploads\/2023\/07\/wp-1688982698157644717543718555226.jpg?resize=450%2C600&amp;ssl=1 450w, https:\/\/i0.wp.com\/ecolefermedesbois.ch\/wp-content\/uploads\/2023\/07\/wp-1688982698157644717543718555226.jpg?resize=225%2C300&amp;ssl=1 225w, https:\/\/i0.wp.com\/ecolefermedesbois.ch\/wp-content\/uploads\/2023\/07\/wp-1688982698157644717543718555226.jpg?w=750&amp;ssl=1 750w\" sizes=\"(max-width: 450px) 100vw, 450px\" \/><\/figure>\n\n\n\n<figure class=\"wp-block-image size-large\"><img data-recalc-dims=\"1\" loading=\"lazy\" decoding=\"async\" width=\"514\" height=\"600\" data-id=\"10773\" src=\"https:\/\/i0.wp.com\/ecolefermedesbois.ch\/wp-content\/uploads\/2023\/07\/wp-16889826980644944630435816164114.jpg?resize=514%2C600&#038;ssl=1\" alt=\"\" class=\"wp-image-10773\" srcset=\"https:\/\/i0.wp.com\/ecolefermedesbois.ch\/wp-content\/uploads\/2023\/07\/wp-16889826980644944630435816164114.jpg?resize=514%2C600&amp;ssl=1 514w, https:\/\/i0.wp.com\/ecolefermedesbois.ch\/wp-content\/uploads\/2023\/07\/wp-16889826980644944630435816164114.jpg?resize=257%2C300&amp;ssl=1 257w, https:\/\/i0.wp.com\/ecolefermedesbois.ch\/wp-content\/uploads\/2023\/07\/wp-16889826980644944630435816164114.jpg?resize=768%2C896&amp;ssl=1 768w, https:\/\/i0.wp.com\/ecolefermedesbois.ch\/wp-content\/uploads\/2023\/07\/wp-16889826980644944630435816164114.jpg?w=857&amp;ssl=1 857w\" sizes=\"(max-width: 514px) 100vw, 514px\" \/><\/figure>\n\n\n\n<figure class=\"wp-block-image size-large\"><img data-recalc-dims=\"1\" loading=\"lazy\" decoding=\"async\" width=\"450\" height=\"600\" data-id=\"10770\" src=\"https:\/\/i0.wp.com\/ecolefermedesbois.ch\/wp-content\/uploads\/2023\/07\/wp-16889826978476249222869622077302.jpg?resize=450%2C600&#038;ssl=1\" alt=\"\" class=\"wp-image-10770\" srcset=\"https:\/\/i0.wp.com\/ecolefermedesbois.ch\/wp-content\/uploads\/2023\/07\/wp-16889826978476249222869622077302.jpg?resize=450%2C600&amp;ssl=1 450w, https:\/\/i0.wp.com\/ecolefermedesbois.ch\/wp-content\/uploads\/2023\/07\/wp-16889826978476249222869622077302.jpg?resize=225%2C300&amp;ssl=1 225w, https:\/\/i0.wp.com\/ecolefermedesbois.ch\/wp-content\/uploads\/2023\/07\/wp-16889826978476249222869622077302.jpg?w=750&amp;ssl=1 750w\" sizes=\"(max-width: 450px) 100vw, 450px\" \/><\/figure>\n\n\n\n<figure class=\"wp-block-image size-large\"><img data-recalc-dims=\"1\" loading=\"lazy\" decoding=\"async\" width=\"600\" height=\"450\" data-id=\"10771\" src=\"https:\/\/i0.wp.com\/ecolefermedesbois.ch\/wp-content\/uploads\/2023\/07\/wp-16889826979507760081605382675419.jpg?resize=600%2C450&#038;ssl=1\" alt=\"\" class=\"wp-image-10771\" srcset=\"https:\/\/i0.wp.com\/ecolefermedesbois.ch\/wp-content\/uploads\/2023\/07\/wp-16889826979507760081605382675419.jpg?resize=600%2C450&amp;ssl=1 600w, https:\/\/i0.wp.com\/ecolefermedesbois.ch\/wp-content\/uploads\/2023\/07\/wp-16889826979507760081605382675419.jpg?resize=300%2C225&amp;ssl=1 300w, https:\/\/i0.wp.com\/ecolefermedesbois.ch\/wp-content\/uploads\/2023\/07\/wp-16889826979507760081605382675419.jpg?resize=768%2C576&amp;ssl=1 768w, https:\/\/i0.wp.com\/ecolefermedesbois.ch\/wp-content\/uploads\/2023\/07\/wp-16889826979507760081605382675419.jpg?w=1000&amp;ssl=1 1000w\" sizes=\"(max-width: 600px) 100vw, 600px\" \/><\/figure>\n\n\n\n<figure class=\"wp-block-image size-large\"><img data-recalc-dims=\"1\" loading=\"lazy\" decoding=\"async\" width=\"600\" height=\"450\" data-id=\"10758\" src=\"https:\/\/i0.wp.com\/ecolefermedesbois.ch\/wp-content\/uploads\/2023\/07\/wp-16889822838716071364680369553391.jpg?resize=600%2C450&#038;ssl=1\" alt=\"\" class=\"wp-image-10758\" srcset=\"https:\/\/i0.wp.com\/ecolefermedesbois.ch\/wp-content\/uploads\/2023\/07\/wp-16889822838716071364680369553391.jpg?resize=600%2C450&amp;ssl=1 600w, https:\/\/i0.wp.com\/ecolefermedesbois.ch\/wp-content\/uploads\/2023\/07\/wp-16889822838716071364680369553391.jpg?resize=300%2C225&amp;ssl=1 300w, https:\/\/i0.wp.com\/ecolefermedesbois.ch\/wp-content\/uploads\/2023\/07\/wp-16889822838716071364680369553391.jpg?resize=768%2C576&amp;ssl=1 768w, https:\/\/i0.wp.com\/ecolefermedesbois.ch\/wp-content\/uploads\/2023\/07\/wp-16889822838716071364680369553391.jpg?w=1000&amp;ssl=1 1000w\" sizes=\"(max-width: 600px) 100vw, 600px\" \/><\/figure>\n\n\n\n<figure class=\"wp-block-image size-large\"><img data-recalc-dims=\"1\" loading=\"lazy\" decoding=\"async\" width=\"600\" height=\"450\" data-id=\"10757\" src=\"https:\/\/i0.wp.com\/ecolefermedesbois.ch\/wp-content\/uploads\/2023\/07\/wp-16889822837752250213841271512655.jpg?resize=600%2C450&#038;ssl=1\" alt=\"\" class=\"wp-image-10757\" srcset=\"https:\/\/i0.wp.com\/ecolefermedesbois.ch\/wp-content\/uploads\/2023\/07\/wp-16889822837752250213841271512655.jpg?resize=600%2C450&amp;ssl=1 600w, https:\/\/i0.wp.com\/ecolefermedesbois.ch\/wp-content\/uploads\/2023\/07\/wp-16889822837752250213841271512655.jpg?resize=300%2C225&amp;ssl=1 300w, https:\/\/i0.wp.com\/ecolefermedesbois.ch\/wp-content\/uploads\/2023\/07\/wp-16889822837752250213841271512655.jpg?resize=768%2C576&amp;ssl=1 768w, https:\/\/i0.wp.com\/ecolefermedesbois.ch\/wp-content\/uploads\/2023\/07\/wp-16889822837752250213841271512655.jpg?w=1000&amp;ssl=1 1000w\" sizes=\"(max-width: 600px) 100vw, 600px\" \/><\/figure>\n\n\n\n<figure class=\"wp-block-image size-large\"><img data-recalc-dims=\"1\" loading=\"lazy\" decoding=\"async\" width=\"450\" height=\"600\" data-id=\"10756\" src=\"https:\/\/i0.wp.com\/ecolefermedesbois.ch\/wp-content\/uploads\/2023\/07\/wp-16889822836743757162273292986516.jpg?resize=450%2C600&#038;ssl=1\" alt=\"\" class=\"wp-image-10756\" srcset=\"https:\/\/i0.wp.com\/ecolefermedesbois.ch\/wp-content\/uploads\/2023\/07\/wp-16889822836743757162273292986516.jpg?resize=450%2C600&amp;ssl=1 450w, https:\/\/i0.wp.com\/ecolefermedesbois.ch\/wp-content\/uploads\/2023\/07\/wp-16889822836743757162273292986516.jpg?resize=225%2C300&amp;ssl=1 225w, https:\/\/i0.wp.com\/ecolefermedesbois.ch\/wp-content\/uploads\/2023\/07\/wp-16889822836743757162273292986516.jpg?w=750&amp;ssl=1 750w\" sizes=\"(max-width: 450px) 100vw, 450px\" \/><\/figure>\n<\/figure>\n","protected":false},"excerpt":{"rendered":"<p>Lundi et mercredi dernier, 17 enfants sont venus sur 2 journ\u00e9es vivre un peu de notre quotidien.Nous avons pass\u00e9 une&#46;&#46;&#46;<\/p>\n","protected":false},"author":2,"featured_media":10778,"comment_status":"open","ping_status":"open","sticky":false,"template":"","format":"image","meta":{"jetpack_post_was_ever_published":false,"footnotes":"","jetpack_publicize_message":"","jetpack_publicize_feature_enabled":true,"jetpack_social_post_already_shared":false,"jetpack_social_options":{"image_generator_settings":{"template":"highway","default_image_id":0,"font":"","enabled":false},"version":2}},"categories":[33],"tags":[],"class_list":["post-10784","post","type-post","status-publish","format-image","has-post-thumbnail","hentry","category-ecole","post_format-post-format-image"],"yoast_head":"<!-- This site is optimized with the Yoast SEO plugin v27.5 - https:\/\/yoast.com\/product\/yoast-seo-wordpress\/ -->\n<title>2 journ\u00e9es avec le passeport vacances Oron-Jorat -<\/title>\n<meta name=\"robots\" content=\"index, follow, max-snippet:-1, max-image-preview:large, max-video-preview:-1\" \/>\n<link rel=\"canonical\" href=\"https:\/\/ecolefermedesbois.ch\/?p=10784\" \/>\n<meta property=\"og:locale\" content=\"fr_FR\" \/>\n<meta property=\"og:type\" content=\"article\" \/>\n<meta property=\"og:title\" content=\"2 journ\u00e9es avec le passeport vacances Oron-Jorat -\" \/>\n<meta property=\"og:description\" content=\"Lundi et mercredi dernier, 17 enfants sont venus sur 2 journ\u00e9es vivre un peu de notre quotidien.Nous avons pass\u00e9 une&#046;&#046;&#046;\" \/>\n<meta property=\"og:url\" content=\"https:\/\/ecolefermedesbois.ch\/?p=10784\" \/>\n<meta property=\"article:publisher\" content=\"https:\/\/www.facebook.com\/ecolefermedesBois\" \/>\n<meta property=\"article:published_time\" content=\"2023-07-10T13:45:18+00:00\" \/>\n<meta property=\"article:modified_time\" content=\"2023-07-10T13:45:20+00:00\" \/>\n<meta property=\"og:image\" content=\"https:\/\/ecolefermedesbois.ch\/wp-content\/uploads\/2023\/07\/wp-16889826987004902113543236081828.jpg\" \/>\n\t<meta property=\"og:image:width\" content=\"750\" \/>\n\t<meta property=\"og:image:height\" content=\"1000\" \/>\n\t<meta property=\"og:image:type\" content=\"image\/jpeg\" \/>\n<meta name=\"author\" content=\"Sophie\" \/>\n<meta name=\"twitter:card\" content=\"summary_large_image\" \/>\n<meta name=\"twitter:label1\" content=\"\u00c9crit par\" \/>\n\t<meta name=\"twitter:data1\" content=\"Sophie\" \/>\n\t<meta name=\"twitter:label2\" content=\"Dur\u00e9e de lecture estim\u00e9e\" \/>\n\t<meta name=\"twitter:data2\" content=\"10 minutes\" \/>\n<script type=\"application\/ld+json\" class=\"yoast-schema-graph\">{\"@context\":\"https:\\\/\\\/schema.org\",\"@graph\":[{\"@type\":\"Article\",\"@id\":\"https:\\\/\\\/ecolefermedesbois.ch\\\/?p=10784#article\",\"isPartOf\":{\"@id\":\"https:\\\/\\\/ecolefermedesbois.ch\\\/?p=10784\"},\"author\":{\"name\":\"Sophie\",\"@id\":\"https:\\\/\\\/ecolefermedesbois.ch\\\/#\\\/schema\\\/person\\\/78f5a1c78e958e51240f90932d290908\"},\"headline\":\"2 journ\u00e9es avec le passeport vacances Oron-Jorat\",\"datePublished\":\"2023-07-10T13:45:18+00:00\",\"dateModified\":\"2023-07-10T13:45:20+00:00\",\"mainEntityOfPage\":{\"@id\":\"https:\\\/\\\/ecolefermedesbois.ch\\\/?p=10784\"},\"wordCount\":830,\"commentCount\":0,\"publisher\":{\"@id\":\"https:\\\/\\\/ecolefermedesbois.ch\\\/#organization\"},\"image\":{\"@id\":\"https:\\\/\\\/ecolefermedesbois.ch\\\/?p=10784#primaryimage\"},\"thumbnailUrl\":\"https:\\\/\\\/i0.wp.com\\\/ecolefermedesbois.ch\\\/wp-content\\\/uploads\\\/2023\\\/07\\\/wp-16889826987004902113543236081828.jpg?fit=750%2C1000&ssl=1\",\"articleSection\":[\"Ecole\"],\"inLanguage\":\"fr-FR\",\"potentialAction\":[{\"@type\":\"CommentAction\",\"name\":\"Comment\",\"target\":[\"https:\\\/\\\/ecolefermedesbois.ch\\\/?p=10784#respond\"]}]},{\"@type\":\"WebPage\",\"@id\":\"https:\\\/\\\/ecolefermedesbois.ch\\\/?p=10784\",\"url\":\"https:\\\/\\\/ecolefermedesbois.ch\\\/?p=10784\",\"name\":\"2 journ\u00e9es avec le passeport vacances Oron-Jorat -\",\"isPartOf\":{\"@id\":\"https:\\\/\\\/ecolefermedesbois.ch\\\/#website\"},\"primaryImageOfPage\":{\"@id\":\"https:\\\/\\\/ecolefermedesbois.ch\\\/?p=10784#primaryimage\"},\"image\":{\"@id\":\"https:\\\/\\\/ecolefermedesbois.ch\\\/?p=10784#primaryimage\"},\"thumbnailUrl\":\"https:\\\/\\\/i0.wp.com\\\/ecolefermedesbois.ch\\\/wp-content\\\/uploads\\\/2023\\\/07\\\/wp-16889826987004902113543236081828.jpg?fit=750%2C1000&ssl=1\",\"datePublished\":\"2023-07-10T13:45:18+00:00\",\"dateModified\":\"2023-07-10T13:45:20+00:00\",\"breadcrumb\":{\"@id\":\"https:\\\/\\\/ecolefermedesbois.ch\\\/?p=10784#breadcrumb\"},\"inLanguage\":\"fr-FR\",\"potentialAction\":[{\"@type\":\"ReadAction\",\"target\":[\"https:\\\/\\\/ecolefermedesbois.ch\\\/?p=10784\"]}]},{\"@type\":\"ImageObject\",\"inLanguage\":\"fr-FR\",\"@id\":\"https:\\\/\\\/ecolefermedesbois.ch\\\/?p=10784#primaryimage\",\"url\":\"https:\\\/\\\/i0.wp.com\\\/ecolefermedesbois.ch\\\/wp-content\\\/uploads\\\/2023\\\/07\\\/wp-16889826987004902113543236081828.jpg?fit=750%2C1000&ssl=1\",\"contentUrl\":\"https:\\\/\\\/i0.wp.com\\\/ecolefermedesbois.ch\\\/wp-content\\\/uploads\\\/2023\\\/07\\\/wp-16889826987004902113543236081828.jpg?fit=750%2C1000&ssl=1\",\"width\":750,\"height\":1000},{\"@type\":\"BreadcrumbList\",\"@id\":\"https:\\\/\\\/ecolefermedesbois.ch\\\/?p=10784#breadcrumb\",\"itemListElement\":[{\"@type\":\"ListItem\",\"position\":1,\"name\":\"Accueil\",\"item\":\"https:\\\/\\\/ecolefermedesbois.ch\\\/\"},{\"@type\":\"ListItem\",\"position\":2,\"name\":\"2 journ\u00e9es avec le passeport vacances Oron-Jorat\"}]},{\"@type\":\"WebSite\",\"@id\":\"https:\\\/\\\/ecolefermedesbois.ch\\\/#website\",\"url\":\"https:\\\/\\\/ecolefermedesbois.ch\\\/\",\"name\":\"ecolefermedesbois\",\"description\":\"\",\"publisher\":{\"@id\":\"https:\\\/\\\/ecolefermedesbois.ch\\\/#organization\"},\"potentialAction\":[{\"@type\":\"SearchAction\",\"target\":{\"@type\":\"EntryPoint\",\"urlTemplate\":\"https:\\\/\\\/ecolefermedesbois.ch\\\/?s={search_term_string}\"},\"query-input\":{\"@type\":\"PropertyValueSpecification\",\"valueRequired\":true,\"valueName\":\"search_term_string\"}}],\"inLanguage\":\"fr-FR\"},{\"@type\":\"Organization\",\"@id\":\"https:\\\/\\\/ecolefermedesbois.ch\\\/#organization\",\"name\":\"Ecole \u00e0 la Ferme des Bois\",\"url\":\"https:\\\/\\\/ecolefermedesbois.ch\\\/\",\"logo\":{\"@type\":\"ImageObject\",\"inLanguage\":\"fr-FR\",\"@id\":\"https:\\\/\\\/ecolefermedesbois.ch\\\/#\\\/schema\\\/logo\\\/image\\\/\",\"url\":\"https:\\\/\\\/ecolefermedesbois.ch\\\/wp-content\\\/uploads\\\/2019\\\/04\\\/logo-scaled.gif\",\"contentUrl\":\"https:\\\/\\\/ecolefermedesbois.ch\\\/wp-content\\\/uploads\\\/2019\\\/04\\\/logo-scaled.gif\",\"width\":2560,\"height\":608,\"caption\":\"Ecole \u00e0 la Ferme des Bois\"},\"image\":{\"@id\":\"https:\\\/\\\/ecolefermedesbois.ch\\\/#\\\/schema\\\/logo\\\/image\\\/\"},\"sameAs\":[\"https:\\\/\\\/www.facebook.com\\\/ecolefermedesBois\"]},{\"@type\":\"Person\",\"@id\":\"https:\\\/\\\/ecolefermedesbois.ch\\\/#\\\/schema\\\/person\\\/78f5a1c78e958e51240f90932d290908\",\"name\":\"Sophie\",\"image\":{\"@type\":\"ImageObject\",\"inLanguage\":\"fr-FR\",\"@id\":\"https:\\\/\\\/secure.gravatar.com\\\/avatar\\\/053fbaec50cb27b03b880a4b8b018009aa3af995f32011efc3f40a589371d46f?s=96&d=mm&r=g\",\"url\":\"https:\\\/\\\/secure.gravatar.com\\\/avatar\\\/053fbaec50cb27b03b880a4b8b018009aa3af995f32011efc3f40a589371d46f?s=96&d=mm&r=g\",\"contentUrl\":\"https:\\\/\\\/secure.gravatar.com\\\/avatar\\\/053fbaec50cb27b03b880a4b8b018009aa3af995f32011efc3f40a589371d46f?s=96&d=mm&r=g\",\"caption\":\"Sophie\"},\"url\":\"https:\\\/\\\/ecolefermedesbois.ch\\\/?author=2\"}]}<\/script>\n<!-- \/ Yoast SEO plugin. -->","yoast_head_json":{"title":"2 journ\u00e9es avec le passeport vacances Oron-Jorat -","robots":{"index":"index","follow":"follow","max-snippet":"max-snippet:-1","max-image-preview":"max-image-preview:large","max-video-preview":"max-video-preview:-1"},"canonical":"https:\/\/ecolefermedesbois.ch\/?p=10784","og_locale":"fr_FR","og_type":"article","og_title":"2 journ\u00e9es avec le passeport vacances Oron-Jorat -","og_description":"Lundi et mercredi dernier, 17 enfants sont venus sur 2 journ\u00e9es vivre un peu de notre quotidien.Nous avons pass\u00e9 une&#46;&#46;&#46;","og_url":"https:\/\/ecolefermedesbois.ch\/?p=10784","article_publisher":"https:\/\/www.facebook.com\/ecolefermedesBois","article_published_time":"2023-07-10T13:45:18+00:00","article_modified_time":"2023-07-10T13:45:20+00:00","og_image":[{"width":750,"height":1000,"url":"https:\/\/ecolefermedesbois.ch\/wp-content\/uploads\/2023\/07\/wp-16889826987004902113543236081828.jpg","type":"image\/jpeg"}],"author":"Sophie","twitter_card":"summary_large_image","twitter_misc":{"\u00c9crit par":"Sophie","Dur\u00e9e de lecture estim\u00e9e":"10 minutes"},"schema":{"@context":"https:\/\/schema.org","@graph":[{"@type":"Article","@id":"https:\/\/ecolefermedesbois.ch\/?p=10784#article","isPartOf":{"@id":"https:\/\/ecolefermedesbois.ch\/?p=10784"},"author":{"name":"Sophie","@id":"https:\/\/ecolefermedesbois.ch\/#\/schema\/person\/78f5a1c78e958e51240f90932d290908"},"headline":"2 journ\u00e9es avec le passeport vacances Oron-Jorat","datePublished":"2023-07-10T13:45:18+00:00","dateModified":"2023-07-10T13:45:20+00:00","mainEntityOfPage":{"@id":"https:\/\/ecolefermedesbois.ch\/?p=10784"},"wordCount":830,"commentCount":0,"publisher":{"@id":"https:\/\/ecolefermedesbois.ch\/#organization"},"image":{"@id":"https:\/\/ecolefermedesbois.ch\/?p=10784#primaryimage"},"thumbnailUrl":"https:\/\/i0.wp.com\/ecolefermedesbois.ch\/wp-content\/uploads\/2023\/07\/wp-16889826987004902113543236081828.jpg?fit=750%2C1000&ssl=1","articleSection":["Ecole"],"inLanguage":"fr-FR","potentialAction":[{"@type":"CommentAction","name":"Comment","target":["https:\/\/ecolefermedesbois.ch\/?p=10784#respond"]}]},{"@type":"WebPage","@id":"https:\/\/ecolefermedesbois.ch\/?p=10784","url":"https:\/\/ecolefermedesbois.ch\/?p=10784","name":"2 journ\u00e9es avec le passeport vacances Oron-Jorat -","isPartOf":{"@id":"https:\/\/ecolefermedesbois.ch\/#website"},"primaryImageOfPage":{"@id":"https:\/\/ecolefermedesbois.ch\/?p=10784#primaryimage"},"image":{"@id":"https:\/\/ecolefermedesbois.ch\/?p=10784#primaryimage"},"thumbnailUrl":"https:\/\/i0.wp.com\/ecolefermedesbois.ch\/wp-content\/uploads\/2023\/07\/wp-16889826987004902113543236081828.jpg?fit=750%2C1000&ssl=1","datePublished":"2023-07-10T13:45:18+00:00","dateModified":"2023-07-10T13:45:20+00:00","breadcrumb":{"@id":"https:\/\/ecolefermedesbois.ch\/?p=10784#breadcrumb"},"inLanguage":"fr-FR","potentialAction":[{"@type":"ReadAction","target":["https:\/\/ecolefermedesbois.ch\/?p=10784"]}]},{"@type":"ImageObject","inLanguage":"fr-FR","@id":"https:\/\/ecolefermedesbois.ch\/?p=10784#primaryimage","url":"https:\/\/i0.wp.com\/ecolefermedesbois.ch\/wp-content\/uploads\/2023\/07\/wp-16889826987004902113543236081828.jpg?fit=750%2C1000&ssl=1","contentUrl":"https:\/\/i0.wp.com\/ecolefermedesbois.ch\/wp-content\/uploads\/2023\/07\/wp-16889826987004902113543236081828.jpg?fit=750%2C1000&ssl=1","width":750,"height":1000},{"@type":"BreadcrumbList","@id":"https:\/\/ecolefermedesbois.ch\/?p=10784#breadcrumb","itemListElement":[{"@type":"ListItem","position":1,"name":"Accueil","item":"https:\/\/ecolefermedesbois.ch\/"},{"@type":"ListItem","position":2,"name":"2 journ\u00e9es avec le passeport vacances Oron-Jorat"}]},{"@type":"WebSite","@id":"https:\/\/ecolefermedesbois.ch\/#website","url":"https:\/\/ecolefermedesbois.ch\/","name":"ecolefermedesbois","description":"","publisher":{"@id":"https:\/\/ecolefermedesbois.ch\/#organization"},"potentialAction":[{"@type":"SearchAction","target":{"@type":"EntryPoint","urlTemplate":"https:\/\/ecolefermedesbois.ch\/?s={search_term_string}"},"query-input":{"@type":"PropertyValueSpecification","valueRequired":true,"valueName":"search_term_string"}}],"inLanguage":"fr-FR"},{"@type":"Organization","@id":"https:\/\/ecolefermedesbois.ch\/#organization","name":"Ecole \u00e0 la Ferme des Bois","url":"https:\/\/ecolefermedesbois.ch\/","logo":{"@type":"ImageObject","inLanguage":"fr-FR","@id":"https:\/\/ecolefermedesbois.ch\/#\/schema\/logo\/image\/","url":"https:\/\/ecolefermedesbois.ch\/wp-content\/uploads\/2019\/04\/logo-scaled.gif","contentUrl":"https:\/\/ecolefermedesbois.ch\/wp-content\/uploads\/2019\/04\/logo-scaled.gif","width":2560,"height":608,"caption":"Ecole \u00e0 la Ferme des Bois"},"image":{"@id":"https:\/\/ecolefermedesbois.ch\/#\/schema\/logo\/image\/"},"sameAs":["https:\/\/www.facebook.com\/ecolefermedesBois"]},{"@type":"Person","@id":"https:\/\/ecolefermedesbois.ch\/#\/schema\/person\/78f5a1c78e958e51240f90932d290908","name":"Sophie","image":{"@type":"ImageObject","inLanguage":"fr-FR","@id":"https:\/\/secure.gravatar.com\/avatar\/053fbaec50cb27b03b880a4b8b018009aa3af995f32011efc3f40a589371d46f?s=96&d=mm&r=g","url":"https:\/\/secure.gravatar.com\/avatar\/053fbaec50cb27b03b880a4b8b018009aa3af995f32011efc3f40a589371d46f?s=96&d=mm&r=g","contentUrl":"https:\/\/secure.gravatar.com\/avatar\/053fbaec50cb27b03b880a4b8b018009aa3af995f32011efc3f40a589371d46f?s=96&d=mm&r=g","caption":"Sophie"},"url":"https:\/\/ecolefermedesbois.ch\/?author=2"}]}},"jetpack_publicize_connections":[],"jetpack_featured_media_url":"https:\/\/i0.wp.com\/ecolefermedesbois.ch\/wp-content\/uploads\/2023\/07\/wp-16889826987004902113543236081828.jpg?fit=750%2C1000&ssl=1","jetpack_sharing_enabled":true,"_links":{"self":[{"href":"https:\/\/ecolefermedesbois.ch\/index.php?rest_route=\/wp\/v2\/posts\/10784","targetHints":{"allow":["GET"]}}],"collection":[{"href":"https:\/\/ecolefermedesbois.ch\/index.php?rest_route=\/wp\/v2\/posts"}],"about":[{"href":"https:\/\/ecolefermedesbois.ch\/index.php?rest_route=\/wp\/v2\/types\/post"}],"author":[{"embeddable":true,"href":"https:\/\/ecolefermedesbois.ch\/index.php?rest_route=\/wp\/v2\/users\/2"}],"replies":[{"embeddable":true,"href":"https:\/\/ecolefermedesbois.ch\/index.php?rest_route=%2Fwp%2Fv2%2Fcomments&post=10784"}],"version-history":[{"count":1,"href":"https:\/\/ecolefermedesbois.ch\/index.php?rest_route=\/wp\/v2\/posts\/10784\/revisions"}],"predecessor-version":[{"id":10785,"href":"https:\/\/ecolefermedesbois.ch\/index.php?rest_route=\/wp\/v2\/posts\/10784\/revisions\/10785"}],"wp:featuredmedia":[{"embeddable":true,"href":"https:\/\/ecolefermedesbois.ch\/index.php?rest_route=\/wp\/v2\/media\/10778"}],"wp:attachment":[{"href":"https:\/\/ecolefermedesbois.ch\/index.php?rest_route=%2Fwp%2Fv2%2Fmedia&parent=10784"}],"wp:term":[{"taxonomy":"category","embeddable":true,"href":"https:\/\/ecolefermedesbois.ch\/index.php?rest_route=%2Fwp%2Fv2%2Fcategories&post=10784"},{"taxonomy":"post_tag","embeddable":true,"href":"https:\/\/ecolefermedesbois.ch\/index.php?rest_route=%2Fwp%2Fv2%2Ftags&post=10784"}],"curies":[{"name":"wp","href":"https:\/\/api.w.org\/{rel}","templated":true}]}}