{"id":10740,"date":"2023-06-27T10:37:10","date_gmt":"2023-06-27T08:37:10","guid":{"rendered":"https:\/\/ecolefermedesbois.ch\/?p=10740"},"modified":"2023-06-28T09:28:08","modified_gmt":"2023-06-28T07:28:08","slug":"une-classe-de-vevey-passe-une-journee-recre-active-a-la-ferme","status":"publish","type":"post","link":"https:\/\/ecolefermedesbois.ch\/?p=10740","title":{"rendered":"Une classe de Vevey passe une journ\u00e9e r\u00e9cr\u00e9-active \u00e0 la ferme."},"content":{"rendered":"<div class=\"pdfprnt-buttons pdfprnt-buttons-post pdfprnt-top-right\"><a href=\"https:\/\/ecolefermedesbois.ch\/index.php?rest_route=%2Fwp%2Fv2%2Fposts%2F10740&print=pdf\" class=\"pdfprnt-button pdfprnt-button-pdf\" target=\"_blank\" ><img data-recalc-dims=\"1\" decoding=\"async\" src=\"https:\/\/i0.wp.com\/ecolefermedesbois.ch\/wp-content\/plugins\/pdf-print\/images\/pdf.png?w=720&#038;ssl=1\" alt=\"image_pdf\" title=\"Afficher le PDF\" \/><\/a><a href=\"https:\/\/ecolefermedesbois.ch\/index.php?rest_route=%2Fwp%2Fv2%2Fposts%2F10740&print=print\" class=\"pdfprnt-button pdfprnt-button-print\" target=\"_blank\" ><img data-recalc-dims=\"1\" decoding=\"async\" src=\"https:\/\/i0.wp.com\/ecolefermedesbois.ch\/wp-content\/plugins\/pdf-print\/images\/print.png?w=720&#038;ssl=1\" alt=\"image_print\" title=\"Contenu imprim\u00e9\" \/><\/a><\/div>\n<p>Lundi, les \u00e9l\u00e8ves d\u2019\u00c9milie Moenne-Loccoz sont venus d\u00e9couvrir notre ferme. <\/p>\n\n\n\n<p>Nous commen\u00e7ons la matin\u00e9e en allant d\u00e9couvrir les poules. Nous faisons 2 groupe, 1 groupe vient avec moi d\u00e9couvrir le poulailler et les poussins pendant que l&rsquo;autre groupes fait la table du toucher. Puis nous \u00e9changeons les groupes. Et pour finir, nous allons tous ensemble donner du grain aux poules. Les \u00e9l\u00e8ves ont pu sentir que certaines poules ne picorent pas que les grains dans la main&#8230;<\/p>\n\n\n\n<p>Voici le moment tant attendu, aller rencontrer les lapins. Nous faisons \u00e9galement les 2 groupes. 1 groupe vient avec moi vers les lapins, les \u00e9l\u00e8ves s&rsquo;assoient en 2 cercles au sol et nous recouvrons leurs jambes avec une couverture pour y d\u00e9poser un lapin. Que d&rsquo;\u00e9toiles dans les yeux des enfants, j&rsquo;adore vraiment ces moments de bonheur! Pendant ce temps, le deuxi\u00e8me groupe fait le sentier pieds nus. <br>Nous \u00e9changeons \u00e9galement les groupes.<\/p>\n\n\n\n<p>Nous finissons la matin\u00e9e en allant d\u00e9couvrir les ch\u00e8vres et leurs particularit\u00e9s. Un moment de fou rire, de c\u00e2lins et de partage. Juste magnifique!<\/p>\n\n\n\n<p>Une fois le pique-nique termin\u00e9, nous nous rendons \u00e0 la ferme de Fochaux, nous faisons le voyage avec la chariote. Que de joie dans les yeux des enfants!<\/p>\n\n\n\n<p>En arrivant \u00e0 l&rsquo;\u00e9table, nous allons d\u00e9couvrir les vaches.<br>Ce matin, Sira a mis au monde son veau. Quand nous sommes arriv\u00e9s, les enfants ont observ\u00e9 Sira en train de manger son placenta. Apr\u00e8s beaucoup de beurk, je leur explique que dans la nature, les animaux mangent la poche de leur petit pour ne pas que l&rsquo;odeur attire les pr\u00e9dateurs. C&rsquo;est une question de survie de leur petit. Je leur annonce qu&rsquo;ils pourront choisir le pr\u00e9nom du veau sachant que c&rsquo;est un m\u00e2le et que cette ann\u00e9e les pr\u00e9noms commencent pas la lettre C.<br>Puis, tout en observant les autres vaches, je leur explique comment mange la vache, elle prend l&rsquo;herbe ou le foin avec sa langue car elle n&rsquo;a pas d&rsquo;incisives. Nous observons \u00e9galement que les vaches couch\u00e9es sont en train de ruminer.<\/p>\n\n\n\n<p>Nous observons comment se constitue leur maison. O\u00f9 dorment les vaches, o\u00f9 elles vont manger ou encore l&rsquo;endroit o\u00f9 elles font leurs besoins. Nous parlons de la diff\u00e9rence entre le foin qui est de l&rsquo;herbe s\u00e9ch\u00e9e et la paille est la tige des c\u00e9r\u00e9ales. Nous avons \u00e9galement la chance de pouvoir aller dans la cellule de s\u00e9choir. J&rsquo;explique que c&rsquo;est l&rsquo;endroit o\u00f9 nous entreposons le fourrage qui sera donn\u00e9 aux vaches durant l&rsquo;hiver.<br>Devant le panneau de la vache, je leur explique comment fonctionne leur syst\u00e8me digestif. J&rsquo;en profite pour leur montrer un bout de canette que nous avons retrouv\u00e9 dans le fourrage et les cons\u00e9quences dramatiques qu&rsquo;ont ces morceaux sur nos animaux. Nous avons malheureusement perdu 2 vaches ces derniers jours \u00e0 cause d&rsquo;une canette. <br>Alors, quand je leur demande : o\u00f9 est-ce qu&rsquo;on met les d\u00e9chets ? les enfants r\u00e9pondent en c\u0153ur : \u00e0 la POUBELLE!!! Merci!!!<\/p>\n\n\n\n<p>Pour la suite de l&rsquo;apr\u00e8s-midi, nous allons d\u00e9couvrir comment fonctionne la salle de traite, son utilit\u00e9 et quand est-ce que nous trayons les vaches. Puis nous passons faire un coucou \u00e0 nos veaux et rencontrer celui qui est n\u00e9 ce matin. Pour le faire, nous faisons 2 groupes. Pendant qu&rsquo;un groupe vient avec moi d\u00e9couvrir l\u2019int\u00e9rieur de l&rsquo;\u00e9table, le deuxi\u00e8me groupe passe son permis de brouette avec Emilie. Que de fou rire nous pouvons entendre jusqu&rsquo;\u00e0 la salle de traite. Puis nous \u00e9changeons les groupes.<br>Voil\u00e0 que la journ\u00e9e est d\u00e9j\u00e0 termin\u00e9e.<\/p>\n\n\n\n<p>Merci les enfants pour votre curiosit\u00e9 et votre int\u00e9r\u00eat pour ce que nous vous avons fait d\u00e9couvrir aujourd&rsquo;hui ainsi que pour votre joie d&rsquo;\u00eatre l\u00e0. Nous avons pass\u00e9 une tr\u00e8s belle journ\u00e9e en votre compagnie.<\/p>\n\n\n\n<p>Merci Emilie accompagn\u00e9e par Etienne d&rsquo;\u00eatre venus chez nous, nous permettre de vivre cette belle journ\u00e9e! Au plaisir de vous revoir!<\/p>\n\n\n\n<p>Sophie et Emilie <\/p>\n\n\n\n<figure class=\"wp-block-gallery has-nested-images columns-default is-cropped wp-block-gallery-1 is-layout-flex wp-block-gallery-is-layout-flex\">\n<figure class=\"wp-block-image size-large\"><img data-recalc-dims=\"1\" fetchpriority=\"high\" decoding=\"async\" width=\"450\" height=\"600\" data-id=\"10714\" src=\"https:\/\/i0.wp.com\/ecolefermedesbois.ch\/wp-content\/uploads\/2023\/06\/wp-16878525762728188678510956125296.jpg?resize=450%2C600&#038;ssl=1\" alt=\"\" class=\"wp-image-10714\" srcset=\"https:\/\/i0.wp.com\/ecolefermedesbois.ch\/wp-content\/uploads\/2023\/06\/wp-16878525762728188678510956125296.jpg?resize=450%2C600&amp;ssl=1 450w, https:\/\/i0.wp.com\/ecolefermedesbois.ch\/wp-content\/uploads\/2023\/06\/wp-16878525762728188678510956125296.jpg?resize=225%2C300&amp;ssl=1 225w, https:\/\/i0.wp.com\/ecolefermedesbois.ch\/wp-content\/uploads\/2023\/06\/wp-16878525762728188678510956125296.jpg?w=750&amp;ssl=1 750w\" sizes=\"(max-width: 450px) 100vw, 450px\" \/><\/figure>\n\n\n\n<figure class=\"wp-block-image size-large\"><img data-recalc-dims=\"1\" decoding=\"async\" width=\"338\" height=\"600\" data-id=\"10721\" src=\"https:\/\/i0.wp.com\/ecolefermedesbois.ch\/wp-content\/uploads\/2023\/06\/wp-16878525771494589638389876548728.jpg?resize=338%2C600&#038;ssl=1\" alt=\"\" class=\"wp-image-10721\" srcset=\"https:\/\/i0.wp.com\/ecolefermedesbois.ch\/wp-content\/uploads\/2023\/06\/wp-16878525771494589638389876548728.jpg?resize=338%2C600&amp;ssl=1 338w, https:\/\/i0.wp.com\/ecolefermedesbois.ch\/wp-content\/uploads\/2023\/06\/wp-16878525771494589638389876548728.jpg?resize=169%2C300&amp;ssl=1 169w, https:\/\/i0.wp.com\/ecolefermedesbois.ch\/wp-content\/uploads\/2023\/06\/wp-16878525771494589638389876548728.jpg?w=563&amp;ssl=1 563w\" sizes=\"(max-width: 338px) 100vw, 338px\" \/><\/figure>\n\n\n\n<figure class=\"wp-block-image size-large\"><img data-recalc-dims=\"1\" decoding=\"async\" width=\"458\" height=\"600\" data-id=\"10718\" src=\"https:\/\/i0.wp.com\/ecolefermedesbois.ch\/wp-content\/uploads\/2023\/06\/wp-16878525770666668210065615457401.jpg?resize=458%2C600&#038;ssl=1\" alt=\"\" class=\"wp-image-10718\" srcset=\"https:\/\/i0.wp.com\/ecolefermedesbois.ch\/wp-content\/uploads\/2023\/06\/wp-16878525770666668210065615457401.jpg?resize=458%2C600&amp;ssl=1 458w, https:\/\/i0.wp.com\/ecolefermedesbois.ch\/wp-content\/uploads\/2023\/06\/wp-16878525770666668210065615457401.jpg?resize=229%2C300&amp;ssl=1 229w, https:\/\/i0.wp.com\/ecolefermedesbois.ch\/wp-content\/uploads\/2023\/06\/wp-16878525770666668210065615457401.jpg?w=764&amp;ssl=1 764w\" sizes=\"(max-width: 458px) 100vw, 458px\" \/><\/figure>\n\n\n\n<figure class=\"wp-block-image size-large\"><img data-recalc-dims=\"1\" loading=\"lazy\" decoding=\"async\" width=\"338\" height=\"600\" data-id=\"10722\" src=\"https:\/\/i0.wp.com\/ecolefermedesbois.ch\/wp-content\/uploads\/2023\/06\/wp-16878525771074954918987195740845.jpg?resize=338%2C600&#038;ssl=1\" alt=\"\" class=\"wp-image-10722\" srcset=\"https:\/\/i0.wp.com\/ecolefermedesbois.ch\/wp-content\/uploads\/2023\/06\/wp-16878525771074954918987195740845.jpg?resize=338%2C600&amp;ssl=1 338w, https:\/\/i0.wp.com\/ecolefermedesbois.ch\/wp-content\/uploads\/2023\/06\/wp-16878525771074954918987195740845.jpg?resize=169%2C300&amp;ssl=1 169w, https:\/\/i0.wp.com\/ecolefermedesbois.ch\/wp-content\/uploads\/2023\/06\/wp-16878525771074954918987195740845.jpg?w=563&amp;ssl=1 563w\" sizes=\"(max-width: 338px) 100vw, 338px\" \/><\/figure>\n\n\n\n<figure class=\"wp-block-image size-large\"><img data-recalc-dims=\"1\" loading=\"lazy\" decoding=\"async\" width=\"600\" height=\"450\" data-id=\"10715\" src=\"https:\/\/i0.wp.com\/ecolefermedesbois.ch\/wp-content\/uploads\/2023\/06\/wp-16878525766468363695367725400187.jpg?resize=600%2C450&#038;ssl=1\" alt=\"\" class=\"wp-image-10715\" srcset=\"https:\/\/i0.wp.com\/ecolefermedesbois.ch\/wp-content\/uploads\/2023\/06\/wp-16878525766468363695367725400187.jpg?resize=600%2C450&amp;ssl=1 600w, https:\/\/i0.wp.com\/ecolefermedesbois.ch\/wp-content\/uploads\/2023\/06\/wp-16878525766468363695367725400187.jpg?resize=300%2C225&amp;ssl=1 300w, https:\/\/i0.wp.com\/ecolefermedesbois.ch\/wp-content\/uploads\/2023\/06\/wp-16878525766468363695367725400187.jpg?resize=768%2C576&amp;ssl=1 768w, https:\/\/i0.wp.com\/ecolefermedesbois.ch\/wp-content\/uploads\/2023\/06\/wp-16878525766468363695367725400187.jpg?w=1000&amp;ssl=1 1000w\" sizes=\"(max-width: 600px) 100vw, 600px\" \/><\/figure>\n\n\n\n<figure class=\"wp-block-image size-large\"><img data-recalc-dims=\"1\" loading=\"lazy\" decoding=\"async\" width=\"600\" height=\"338\" data-id=\"10723\" src=\"https:\/\/i0.wp.com\/ecolefermedesbois.ch\/wp-content\/uploads\/2023\/06\/wp-1687852577182383999477684072934.jpg?resize=600%2C338&#038;ssl=1\" alt=\"\" class=\"wp-image-10723\" srcset=\"https:\/\/i0.wp.com\/ecolefermedesbois.ch\/wp-content\/uploads\/2023\/06\/wp-1687852577182383999477684072934.jpg?resize=600%2C338&amp;ssl=1 600w, https:\/\/i0.wp.com\/ecolefermedesbois.ch\/wp-content\/uploads\/2023\/06\/wp-1687852577182383999477684072934.jpg?resize=520%2C292&amp;ssl=1 520w, https:\/\/i0.wp.com\/ecolefermedesbois.ch\/wp-content\/uploads\/2023\/06\/wp-1687852577182383999477684072934.jpg?resize=300%2C169&amp;ssl=1 300w, https:\/\/i0.wp.com\/ecolefermedesbois.ch\/wp-content\/uploads\/2023\/06\/wp-1687852577182383999477684072934.jpg?resize=768%2C432&amp;ssl=1 768w, https:\/\/i0.wp.com\/ecolefermedesbois.ch\/wp-content\/uploads\/2023\/06\/wp-1687852577182383999477684072934.jpg?w=999&amp;ssl=1 999w\" sizes=\"(max-width: 600px) 100vw, 600px\" \/><\/figure>\n\n\n\n<figure class=\"wp-block-image size-large\"><img data-recalc-dims=\"1\" loading=\"lazy\" decoding=\"async\" width=\"338\" height=\"600\" data-id=\"10717\" src=\"https:\/\/i0.wp.com\/ecolefermedesbois.ch\/wp-content\/uploads\/2023\/06\/wp-16878525767596316230252640624329.jpg?resize=338%2C600&#038;ssl=1\" alt=\"\" class=\"wp-image-10717\" srcset=\"https:\/\/i0.wp.com\/ecolefermedesbois.ch\/wp-content\/uploads\/2023\/06\/wp-16878525767596316230252640624329.jpg?resize=338%2C600&amp;ssl=1 338w, https:\/\/i0.wp.com\/ecolefermedesbois.ch\/wp-content\/uploads\/2023\/06\/wp-16878525767596316230252640624329.jpg?resize=169%2C300&amp;ssl=1 169w, https:\/\/i0.wp.com\/ecolefermedesbois.ch\/wp-content\/uploads\/2023\/06\/wp-16878525767596316230252640624329.jpg?w=563&amp;ssl=1 563w\" sizes=\"(max-width: 338px) 100vw, 338px\" \/><\/figure>\n\n\n\n<figure class=\"wp-block-image size-large\"><img data-recalc-dims=\"1\" loading=\"lazy\" decoding=\"async\" width=\"338\" height=\"600\" data-id=\"10725\" src=\"https:\/\/i0.wp.com\/ecolefermedesbois.ch\/wp-content\/uploads\/2023\/06\/wp-1687852577227586509850212211291.jpg?resize=338%2C600&#038;ssl=1\" alt=\"\" class=\"wp-image-10725\" srcset=\"https:\/\/i0.wp.com\/ecolefermedesbois.ch\/wp-content\/uploads\/2023\/06\/wp-1687852577227586509850212211291.jpg?resize=338%2C600&amp;ssl=1 338w, https:\/\/i0.wp.com\/ecolefermedesbois.ch\/wp-content\/uploads\/2023\/06\/wp-1687852577227586509850212211291.jpg?resize=169%2C300&amp;ssl=1 169w, https:\/\/i0.wp.com\/ecolefermedesbois.ch\/wp-content\/uploads\/2023\/06\/wp-1687852577227586509850212211291.jpg?w=563&amp;ssl=1 563w\" sizes=\"(max-width: 338px) 100vw, 338px\" \/><\/figure>\n\n\n\n<figure class=\"wp-block-image size-large\"><img data-recalc-dims=\"1\" loading=\"lazy\" decoding=\"async\" width=\"338\" height=\"600\" data-id=\"10724\" src=\"https:\/\/i0.wp.com\/ecolefermedesbois.ch\/wp-content\/uploads\/2023\/06\/wp-16878525772786725622228497214324.jpg?resize=338%2C600&#038;ssl=1\" alt=\"\" class=\"wp-image-10724\" srcset=\"https:\/\/i0.wp.com\/ecolefermedesbois.ch\/wp-content\/uploads\/2023\/06\/wp-16878525772786725622228497214324.jpg?resize=338%2C600&amp;ssl=1 338w, https:\/\/i0.wp.com\/ecolefermedesbois.ch\/wp-content\/uploads\/2023\/06\/wp-16878525772786725622228497214324.jpg?resize=169%2C300&amp;ssl=1 169w, https:\/\/i0.wp.com\/ecolefermedesbois.ch\/wp-content\/uploads\/2023\/06\/wp-16878525772786725622228497214324.jpg?w=563&amp;ssl=1 563w\" sizes=\"(max-width: 338px) 100vw, 338px\" \/><\/figure>\n\n\n\n<figure class=\"wp-block-image size-large\"><img data-recalc-dims=\"1\" loading=\"lazy\" decoding=\"async\" width=\"338\" height=\"600\" data-id=\"10731\" src=\"https:\/\/i0.wp.com\/ecolefermedesbois.ch\/wp-content\/uploads\/2023\/06\/wp-16878525774314013203853399250911.jpg?resize=338%2C600&#038;ssl=1\" alt=\"\" class=\"wp-image-10731\" srcset=\"https:\/\/i0.wp.com\/ecolefermedesbois.ch\/wp-content\/uploads\/2023\/06\/wp-16878525774314013203853399250911.jpg?resize=338%2C600&amp;ssl=1 338w, https:\/\/i0.wp.com\/ecolefermedesbois.ch\/wp-content\/uploads\/2023\/06\/wp-16878525774314013203853399250911.jpg?resize=169%2C300&amp;ssl=1 169w, https:\/\/i0.wp.com\/ecolefermedesbois.ch\/wp-content\/uploads\/2023\/06\/wp-16878525774314013203853399250911.jpg?w=563&amp;ssl=1 563w\" sizes=\"(max-width: 338px) 100vw, 338px\" \/><\/figure>\n\n\n\n<figure class=\"wp-block-image size-large\"><img data-recalc-dims=\"1\" loading=\"lazy\" decoding=\"async\" width=\"450\" height=\"600\" data-id=\"10713\" src=\"https:\/\/i0.wp.com\/ecolefermedesbois.ch\/wp-content\/uploads\/2023\/06\/wp-16878525765076965225597494551157.jpg?resize=450%2C600&#038;ssl=1\" alt=\"\" class=\"wp-image-10713\" srcset=\"https:\/\/i0.wp.com\/ecolefermedesbois.ch\/wp-content\/uploads\/2023\/06\/wp-16878525765076965225597494551157.jpg?resize=450%2C600&amp;ssl=1 450w, https:\/\/i0.wp.com\/ecolefermedesbois.ch\/wp-content\/uploads\/2023\/06\/wp-16878525765076965225597494551157.jpg?resize=225%2C300&amp;ssl=1 225w, https:\/\/i0.wp.com\/ecolefermedesbois.ch\/wp-content\/uploads\/2023\/06\/wp-16878525765076965225597494551157.jpg?w=750&amp;ssl=1 750w\" sizes=\"(max-width: 450px) 100vw, 450px\" \/><\/figure>\n\n\n\n<figure class=\"wp-block-image size-large\"><img data-recalc-dims=\"1\" loading=\"lazy\" decoding=\"async\" width=\"338\" height=\"600\" data-id=\"10727\" src=\"https:\/\/i0.wp.com\/ecolefermedesbois.ch\/wp-content\/uploads\/2023\/06\/wp-16878525773876986588394236523563.jpg?resize=338%2C600&#038;ssl=1\" alt=\"\" class=\"wp-image-10727\" srcset=\"https:\/\/i0.wp.com\/ecolefermedesbois.ch\/wp-content\/uploads\/2023\/06\/wp-16878525773876986588394236523563.jpg?resize=338%2C600&amp;ssl=1 338w, https:\/\/i0.wp.com\/ecolefermedesbois.ch\/wp-content\/uploads\/2023\/06\/wp-16878525773876986588394236523563.jpg?resize=169%2C300&amp;ssl=1 169w, https:\/\/i0.wp.com\/ecolefermedesbois.ch\/wp-content\/uploads\/2023\/06\/wp-16878525773876986588394236523563.jpg?w=563&amp;ssl=1 563w\" sizes=\"(max-width: 338px) 100vw, 338px\" \/><\/figure>\n\n\n\n<figure class=\"wp-block-image size-large\"><img data-recalc-dims=\"1\" loading=\"lazy\" decoding=\"async\" width=\"338\" height=\"600\" data-id=\"10726\" src=\"https:\/\/i0.wp.com\/ecolefermedesbois.ch\/wp-content\/uploads\/2023\/06\/wp-16878525773338253521637156652462.jpg?resize=338%2C600&#038;ssl=1\" alt=\"\" class=\"wp-image-10726\" srcset=\"https:\/\/i0.wp.com\/ecolefermedesbois.ch\/wp-content\/uploads\/2023\/06\/wp-16878525773338253521637156652462.jpg?resize=338%2C600&amp;ssl=1 338w, https:\/\/i0.wp.com\/ecolefermedesbois.ch\/wp-content\/uploads\/2023\/06\/wp-16878525773338253521637156652462.jpg?resize=169%2C300&amp;ssl=1 169w, https:\/\/i0.wp.com\/ecolefermedesbois.ch\/wp-content\/uploads\/2023\/06\/wp-16878525773338253521637156652462.jpg?w=563&amp;ssl=1 563w\" sizes=\"(max-width: 338px) 100vw, 338px\" \/><\/figure>\n\n\n\n<figure class=\"wp-block-image size-large\"><img data-recalc-dims=\"1\" loading=\"lazy\" decoding=\"async\" width=\"600\" height=\"450\" data-id=\"10716\" src=\"https:\/\/i0.wp.com\/ecolefermedesbois.ch\/wp-content\/uploads\/2023\/06\/wp-1687852576404295533058927738739.jpg?resize=600%2C450&#038;ssl=1\" alt=\"\" class=\"wp-image-10716\" srcset=\"https:\/\/i0.wp.com\/ecolefermedesbois.ch\/wp-content\/uploads\/2023\/06\/wp-1687852576404295533058927738739.jpg?resize=600%2C450&amp;ssl=1 600w, https:\/\/i0.wp.com\/ecolefermedesbois.ch\/wp-content\/uploads\/2023\/06\/wp-1687852576404295533058927738739.jpg?resize=300%2C225&amp;ssl=1 300w, https:\/\/i0.wp.com\/ecolefermedesbois.ch\/wp-content\/uploads\/2023\/06\/wp-1687852576404295533058927738739.jpg?resize=768%2C576&amp;ssl=1 768w, https:\/\/i0.wp.com\/ecolefermedesbois.ch\/wp-content\/uploads\/2023\/06\/wp-1687852576404295533058927738739.jpg?w=1000&amp;ssl=1 1000w\" sizes=\"(max-width: 600px) 100vw, 600px\" \/><\/figure>\n\n\n\n<figure class=\"wp-block-image size-large\"><img data-recalc-dims=\"1\" loading=\"lazy\" decoding=\"async\" width=\"338\" height=\"600\" data-id=\"10729\" src=\"https:\/\/i0.wp.com\/ecolefermedesbois.ch\/wp-content\/uploads\/2023\/06\/wp-16878525775458382031736795733246.jpg?resize=338%2C600&#038;ssl=1\" alt=\"\" class=\"wp-image-10729\" srcset=\"https:\/\/i0.wp.com\/ecolefermedesbois.ch\/wp-content\/uploads\/2023\/06\/wp-16878525775458382031736795733246.jpg?resize=338%2C600&amp;ssl=1 338w, https:\/\/i0.wp.com\/ecolefermedesbois.ch\/wp-content\/uploads\/2023\/06\/wp-16878525775458382031736795733246.jpg?resize=169%2C300&amp;ssl=1 169w, https:\/\/i0.wp.com\/ecolefermedesbois.ch\/wp-content\/uploads\/2023\/06\/wp-16878525775458382031736795733246.jpg?w=563&amp;ssl=1 563w\" sizes=\"(max-width: 338px) 100vw, 338px\" \/><\/figure>\n\n\n\n<figure class=\"wp-block-image size-large\"><img data-recalc-dims=\"1\" loading=\"lazy\" decoding=\"async\" width=\"600\" height=\"450\" data-id=\"10720\" src=\"https:\/\/i0.wp.com\/ecolefermedesbois.ch\/wp-content\/uploads\/2023\/06\/wp-16878525769462394022899656024602.jpg?resize=600%2C450&#038;ssl=1\" alt=\"\" class=\"wp-image-10720\" srcset=\"https:\/\/i0.wp.com\/ecolefermedesbois.ch\/wp-content\/uploads\/2023\/06\/wp-16878525769462394022899656024602.jpg?resize=600%2C450&amp;ssl=1 600w, https:\/\/i0.wp.com\/ecolefermedesbois.ch\/wp-content\/uploads\/2023\/06\/wp-16878525769462394022899656024602.jpg?resize=300%2C225&amp;ssl=1 300w, https:\/\/i0.wp.com\/ecolefermedesbois.ch\/wp-content\/uploads\/2023\/06\/wp-16878525769462394022899656024602.jpg?resize=768%2C576&amp;ssl=1 768w, https:\/\/i0.wp.com\/ecolefermedesbois.ch\/wp-content\/uploads\/2023\/06\/wp-16878525769462394022899656024602.jpg?w=1000&amp;ssl=1 1000w\" sizes=\"(max-width: 600px) 100vw, 600px\" \/><\/figure>\n\n\n\n<figure class=\"wp-block-image size-large\"><img data-recalc-dims=\"1\" loading=\"lazy\" decoding=\"async\" width=\"446\" height=\"600\" data-id=\"10730\" src=\"https:\/\/i0.wp.com\/ecolefermedesbois.ch\/wp-content\/uploads\/2023\/06\/wp-16878525774671028613628999306673.jpg?resize=446%2C600&#038;ssl=1\" alt=\"\" class=\"wp-image-10730\" srcset=\"https:\/\/i0.wp.com\/ecolefermedesbois.ch\/wp-content\/uploads\/2023\/06\/wp-16878525774671028613628999306673.jpg?resize=446%2C600&amp;ssl=1 446w, https:\/\/i0.wp.com\/ecolefermedesbois.ch\/wp-content\/uploads\/2023\/06\/wp-16878525774671028613628999306673.jpg?resize=223%2C300&amp;ssl=1 223w, https:\/\/i0.wp.com\/ecolefermedesbois.ch\/wp-content\/uploads\/2023\/06\/wp-16878525774671028613628999306673.jpg?w=743&amp;ssl=1 743w\" sizes=\"(max-width: 446px) 100vw, 446px\" \/><\/figure>\n\n\n\n<figure class=\"wp-block-image size-large\"><img data-recalc-dims=\"1\" loading=\"lazy\" decoding=\"async\" width=\"338\" height=\"600\" data-id=\"10728\" src=\"https:\/\/i0.wp.com\/ecolefermedesbois.ch\/wp-content\/uploads\/2023\/06\/wp-16878525775037489308032774064977.jpg?resize=338%2C600&#038;ssl=1\" alt=\"\" class=\"wp-image-10728\" srcset=\"https:\/\/i0.wp.com\/ecolefermedesbois.ch\/wp-content\/uploads\/2023\/06\/wp-16878525775037489308032774064977.jpg?resize=338%2C600&amp;ssl=1 338w, https:\/\/i0.wp.com\/ecolefermedesbois.ch\/wp-content\/uploads\/2023\/06\/wp-16878525775037489308032774064977.jpg?resize=169%2C300&amp;ssl=1 169w, https:\/\/i0.wp.com\/ecolefermedesbois.ch\/wp-content\/uploads\/2023\/06\/wp-16878525775037489308032774064977.jpg?w=563&amp;ssl=1 563w\" sizes=\"(max-width: 338px) 100vw, 338px\" \/><\/figure>\n\n\n\n<figure class=\"wp-block-image size-large\"><img data-recalc-dims=\"1\" loading=\"lazy\" decoding=\"async\" width=\"600\" height=\"450\" data-id=\"10719\" src=\"https:\/\/i0.wp.com\/ecolefermedesbois.ch\/wp-content\/uploads\/2023\/06\/wp-16878525768054798619921095843251.jpg?resize=600%2C450&#038;ssl=1\" alt=\"\" class=\"wp-image-10719\" srcset=\"https:\/\/i0.wp.com\/ecolefermedesbois.ch\/wp-content\/uploads\/2023\/06\/wp-16878525768054798619921095843251.jpg?resize=600%2C450&amp;ssl=1 600w, https:\/\/i0.wp.com\/ecolefermedesbois.ch\/wp-content\/uploads\/2023\/06\/wp-16878525768054798619921095843251.jpg?resize=300%2C225&amp;ssl=1 300w, https:\/\/i0.wp.com\/ecolefermedesbois.ch\/wp-content\/uploads\/2023\/06\/wp-16878525768054798619921095843251.jpg?resize=768%2C576&amp;ssl=1 768w, https:\/\/i0.wp.com\/ecolefermedesbois.ch\/wp-content\/uploads\/2023\/06\/wp-16878525768054798619921095843251.jpg?w=1000&amp;ssl=1 1000w\" sizes=\"(max-width: 600px) 100vw, 600px\" \/><\/figure>\n<\/figure>\n","protected":false},"excerpt":{"rendered":"<p>Lundi, les \u00e9l\u00e8ves d\u2019\u00c9milie Moenne-Loccoz sont venus d\u00e9couvrir notre ferme. Nous commen\u00e7ons la matin\u00e9e en allant d\u00e9couvrir les poules. Nous&#46;&#46;&#46;<\/p>\n","protected":false},"author":2,"featured_media":10719,"comment_status":"open","ping_status":"open","sticky":false,"template":"","format":"image","meta":{"jetpack_post_was_ever_published":false,"footnotes":"","jetpack_publicize_message":"","jetpack_publicize_feature_enabled":true,"jetpack_social_post_already_shared":false,"jetpack_social_options":{"image_generator_settings":{"template":"highway","default_image_id":0,"font":"","enabled":false},"version":2}},"categories":[33],"tags":[],"class_list":["post-10740","post","type-post","status-publish","format-image","has-post-thumbnail","hentry","category-ecole","post_format-post-format-image"],"yoast_head":"<!-- This site is optimized with the Yoast SEO plugin v27.5 - https:\/\/yoast.com\/product\/yoast-seo-wordpress\/ -->\n<title>Une classe de Vevey passe une journ\u00e9e r\u00e9cr\u00e9-active \u00e0 la ferme. -<\/title>\n<meta name=\"robots\" content=\"index, follow, max-snippet:-1, max-image-preview:large, max-video-preview:-1\" \/>\n<link rel=\"canonical\" href=\"https:\/\/ecolefermedesbois.ch\/?p=10740\" \/>\n<meta property=\"og:locale\" content=\"fr_FR\" \/>\n<meta property=\"og:type\" content=\"article\" \/>\n<meta property=\"og:title\" content=\"Une classe de Vevey passe une journ\u00e9e r\u00e9cr\u00e9-active \u00e0 la ferme. -\" \/>\n<meta property=\"og:description\" content=\"Lundi, les \u00e9l\u00e8ves d\u2019\u00c9milie Moenne-Loccoz sont venus d\u00e9couvrir notre ferme. Nous commen\u00e7ons la matin\u00e9e en allant d\u00e9couvrir les poules. Nous&#046;&#046;&#046;\" \/>\n<meta property=\"og:url\" content=\"https:\/\/ecolefermedesbois.ch\/?p=10740\" \/>\n<meta property=\"article:publisher\" content=\"https:\/\/www.facebook.com\/ecolefermedesBois\" \/>\n<meta property=\"article:published_time\" content=\"2023-06-27T08:37:10+00:00\" \/>\n<meta property=\"article:modified_time\" content=\"2023-06-28T07:28:08+00:00\" \/>\n<meta property=\"og:image\" content=\"https:\/\/ecolefermedesbois.ch\/wp-content\/uploads\/2023\/06\/wp-16878525768054798619921095843251.jpg\" \/>\n\t<meta property=\"og:image:width\" content=\"1000\" \/>\n\t<meta property=\"og:image:height\" content=\"750\" \/>\n\t<meta property=\"og:image:type\" content=\"image\/jpeg\" \/>\n<meta name=\"author\" content=\"Sophie\" \/>\n<meta name=\"twitter:card\" content=\"summary_large_image\" \/>\n<meta name=\"twitter:label1\" content=\"\u00c9crit par\" \/>\n\t<meta name=\"twitter:data1\" content=\"Sophie\" \/>\n\t<meta name=\"twitter:label2\" content=\"Dur\u00e9e de lecture estim\u00e9e\" \/>\n\t<meta name=\"twitter:data2\" content=\"8 minutes\" \/>\n<script type=\"application\/ld+json\" class=\"yoast-schema-graph\">{\"@context\":\"https:\\\/\\\/schema.org\",\"@graph\":[{\"@type\":\"Article\",\"@id\":\"https:\\\/\\\/ecolefermedesbois.ch\\\/?p=10740#article\",\"isPartOf\":{\"@id\":\"https:\\\/\\\/ecolefermedesbois.ch\\\/?p=10740\"},\"author\":{\"name\":\"Sophie\",\"@id\":\"https:\\\/\\\/ecolefermedesbois.ch\\\/#\\\/schema\\\/person\\\/78f5a1c78e958e51240f90932d290908\"},\"headline\":\"Une classe de Vevey passe une journ\u00e9e r\u00e9cr\u00e9-active \u00e0 la ferme.\",\"datePublished\":\"2023-06-27T08:37:10+00:00\",\"dateModified\":\"2023-06-28T07:28:08+00:00\",\"mainEntityOfPage\":{\"@id\":\"https:\\\/\\\/ecolefermedesbois.ch\\\/?p=10740\"},\"wordCount\":691,\"commentCount\":0,\"publisher\":{\"@id\":\"https:\\\/\\\/ecolefermedesbois.ch\\\/#organization\"},\"image\":{\"@id\":\"https:\\\/\\\/ecolefermedesbois.ch\\\/?p=10740#primaryimage\"},\"thumbnailUrl\":\"https:\\\/\\\/i0.wp.com\\\/ecolefermedesbois.ch\\\/wp-content\\\/uploads\\\/2023\\\/06\\\/wp-16878525768054798619921095843251.jpg?fit=1000%2C750&ssl=1\",\"articleSection\":[\"Ecole\"],\"inLanguage\":\"fr-FR\",\"potentialAction\":[{\"@type\":\"CommentAction\",\"name\":\"Comment\",\"target\":[\"https:\\\/\\\/ecolefermedesbois.ch\\\/?p=10740#respond\"]}]},{\"@type\":\"WebPage\",\"@id\":\"https:\\\/\\\/ecolefermedesbois.ch\\\/?p=10740\",\"url\":\"https:\\\/\\\/ecolefermedesbois.ch\\\/?p=10740\",\"name\":\"Une classe de Vevey passe une journ\u00e9e r\u00e9cr\u00e9-active \u00e0 la ferme. -\",\"isPartOf\":{\"@id\":\"https:\\\/\\\/ecolefermedesbois.ch\\\/#website\"},\"primaryImageOfPage\":{\"@id\":\"https:\\\/\\\/ecolefermedesbois.ch\\\/?p=10740#primaryimage\"},\"image\":{\"@id\":\"https:\\\/\\\/ecolefermedesbois.ch\\\/?p=10740#primaryimage\"},\"thumbnailUrl\":\"https:\\\/\\\/i0.wp.com\\\/ecolefermedesbois.ch\\\/wp-content\\\/uploads\\\/2023\\\/06\\\/wp-16878525768054798619921095843251.jpg?fit=1000%2C750&ssl=1\",\"datePublished\":\"2023-06-27T08:37:10+00:00\",\"dateModified\":\"2023-06-28T07:28:08+00:00\",\"breadcrumb\":{\"@id\":\"https:\\\/\\\/ecolefermedesbois.ch\\\/?p=10740#breadcrumb\"},\"inLanguage\":\"fr-FR\",\"potentialAction\":[{\"@type\":\"ReadAction\",\"target\":[\"https:\\\/\\\/ecolefermedesbois.ch\\\/?p=10740\"]}]},{\"@type\":\"ImageObject\",\"inLanguage\":\"fr-FR\",\"@id\":\"https:\\\/\\\/ecolefermedesbois.ch\\\/?p=10740#primaryimage\",\"url\":\"https:\\\/\\\/i0.wp.com\\\/ecolefermedesbois.ch\\\/wp-content\\\/uploads\\\/2023\\\/06\\\/wp-16878525768054798619921095843251.jpg?fit=1000%2C750&ssl=1\",\"contentUrl\":\"https:\\\/\\\/i0.wp.com\\\/ecolefermedesbois.ch\\\/wp-content\\\/uploads\\\/2023\\\/06\\\/wp-16878525768054798619921095843251.jpg?fit=1000%2C750&ssl=1\",\"width\":1000,\"height\":750},{\"@type\":\"BreadcrumbList\",\"@id\":\"https:\\\/\\\/ecolefermedesbois.ch\\\/?p=10740#breadcrumb\",\"itemListElement\":[{\"@type\":\"ListItem\",\"position\":1,\"name\":\"Accueil\",\"item\":\"https:\\\/\\\/ecolefermedesbois.ch\\\/\"},{\"@type\":\"ListItem\",\"position\":2,\"name\":\"Une classe de Vevey passe une journ\u00e9e r\u00e9cr\u00e9-active \u00e0 la ferme.\"}]},{\"@type\":\"WebSite\",\"@id\":\"https:\\\/\\\/ecolefermedesbois.ch\\\/#website\",\"url\":\"https:\\\/\\\/ecolefermedesbois.ch\\\/\",\"name\":\"ecolefermedesbois\",\"description\":\"\",\"publisher\":{\"@id\":\"https:\\\/\\\/ecolefermedesbois.ch\\\/#organization\"},\"potentialAction\":[{\"@type\":\"SearchAction\",\"target\":{\"@type\":\"EntryPoint\",\"urlTemplate\":\"https:\\\/\\\/ecolefermedesbois.ch\\\/?s={search_term_string}\"},\"query-input\":{\"@type\":\"PropertyValueSpecification\",\"valueRequired\":true,\"valueName\":\"search_term_string\"}}],\"inLanguage\":\"fr-FR\"},{\"@type\":\"Organization\",\"@id\":\"https:\\\/\\\/ecolefermedesbois.ch\\\/#organization\",\"name\":\"Ecole \u00e0 la Ferme des Bois\",\"url\":\"https:\\\/\\\/ecolefermedesbois.ch\\\/\",\"logo\":{\"@type\":\"ImageObject\",\"inLanguage\":\"fr-FR\",\"@id\":\"https:\\\/\\\/ecolefermedesbois.ch\\\/#\\\/schema\\\/logo\\\/image\\\/\",\"url\":\"https:\\\/\\\/ecolefermedesbois.ch\\\/wp-content\\\/uploads\\\/2019\\\/04\\\/logo-scaled.gif\",\"contentUrl\":\"https:\\\/\\\/ecolefermedesbois.ch\\\/wp-content\\\/uploads\\\/2019\\\/04\\\/logo-scaled.gif\",\"width\":2560,\"height\":608,\"caption\":\"Ecole \u00e0 la Ferme des Bois\"},\"image\":{\"@id\":\"https:\\\/\\\/ecolefermedesbois.ch\\\/#\\\/schema\\\/logo\\\/image\\\/\"},\"sameAs\":[\"https:\\\/\\\/www.facebook.com\\\/ecolefermedesBois\"]},{\"@type\":\"Person\",\"@id\":\"https:\\\/\\\/ecolefermedesbois.ch\\\/#\\\/schema\\\/person\\\/78f5a1c78e958e51240f90932d290908\",\"name\":\"Sophie\",\"image\":{\"@type\":\"ImageObject\",\"inLanguage\":\"fr-FR\",\"@id\":\"https:\\\/\\\/secure.gravatar.com\\\/avatar\\\/053fbaec50cb27b03b880a4b8b018009aa3af995f32011efc3f40a589371d46f?s=96&d=mm&r=g\",\"url\":\"https:\\\/\\\/secure.gravatar.com\\\/avatar\\\/053fbaec50cb27b03b880a4b8b018009aa3af995f32011efc3f40a589371d46f?s=96&d=mm&r=g\",\"contentUrl\":\"https:\\\/\\\/secure.gravatar.com\\\/avatar\\\/053fbaec50cb27b03b880a4b8b018009aa3af995f32011efc3f40a589371d46f?s=96&d=mm&r=g\",\"caption\":\"Sophie\"},\"url\":\"https:\\\/\\\/ecolefermedesbois.ch\\\/?author=2\"}]}<\/script>\n<!-- \/ Yoast SEO plugin. -->","yoast_head_json":{"title":"Une classe de Vevey passe une journ\u00e9e r\u00e9cr\u00e9-active \u00e0 la ferme. -","robots":{"index":"index","follow":"follow","max-snippet":"max-snippet:-1","max-image-preview":"max-image-preview:large","max-video-preview":"max-video-preview:-1"},"canonical":"https:\/\/ecolefermedesbois.ch\/?p=10740","og_locale":"fr_FR","og_type":"article","og_title":"Une classe de Vevey passe une journ\u00e9e r\u00e9cr\u00e9-active \u00e0 la ferme. -","og_description":"Lundi, les \u00e9l\u00e8ves d\u2019\u00c9milie Moenne-Loccoz sont venus d\u00e9couvrir notre ferme. Nous commen\u00e7ons la matin\u00e9e en allant d\u00e9couvrir les poules. Nous&#46;&#46;&#46;","og_url":"https:\/\/ecolefermedesbois.ch\/?p=10740","article_publisher":"https:\/\/www.facebook.com\/ecolefermedesBois","article_published_time":"2023-06-27T08:37:10+00:00","article_modified_time":"2023-06-28T07:28:08+00:00","og_image":[{"width":1000,"height":750,"url":"https:\/\/ecolefermedesbois.ch\/wp-content\/uploads\/2023\/06\/wp-16878525768054798619921095843251.jpg","type":"image\/jpeg"}],"author":"Sophie","twitter_card":"summary_large_image","twitter_misc":{"\u00c9crit par":"Sophie","Dur\u00e9e de lecture estim\u00e9e":"8 minutes"},"schema":{"@context":"https:\/\/schema.org","@graph":[{"@type":"Article","@id":"https:\/\/ecolefermedesbois.ch\/?p=10740#article","isPartOf":{"@id":"https:\/\/ecolefermedesbois.ch\/?p=10740"},"author":{"name":"Sophie","@id":"https:\/\/ecolefermedesbois.ch\/#\/schema\/person\/78f5a1c78e958e51240f90932d290908"},"headline":"Une classe de Vevey passe une journ\u00e9e r\u00e9cr\u00e9-active \u00e0 la ferme.","datePublished":"2023-06-27T08:37:10+00:00","dateModified":"2023-06-28T07:28:08+00:00","mainEntityOfPage":{"@id":"https:\/\/ecolefermedesbois.ch\/?p=10740"},"wordCount":691,"commentCount":0,"publisher":{"@id":"https:\/\/ecolefermedesbois.ch\/#organization"},"image":{"@id":"https:\/\/ecolefermedesbois.ch\/?p=10740#primaryimage"},"thumbnailUrl":"https:\/\/i0.wp.com\/ecolefermedesbois.ch\/wp-content\/uploads\/2023\/06\/wp-16878525768054798619921095843251.jpg?fit=1000%2C750&ssl=1","articleSection":["Ecole"],"inLanguage":"fr-FR","potentialAction":[{"@type":"CommentAction","name":"Comment","target":["https:\/\/ecolefermedesbois.ch\/?p=10740#respond"]}]},{"@type":"WebPage","@id":"https:\/\/ecolefermedesbois.ch\/?p=10740","url":"https:\/\/ecolefermedesbois.ch\/?p=10740","name":"Une classe de Vevey passe une journ\u00e9e r\u00e9cr\u00e9-active \u00e0 la ferme. -","isPartOf":{"@id":"https:\/\/ecolefermedesbois.ch\/#website"},"primaryImageOfPage":{"@id":"https:\/\/ecolefermedesbois.ch\/?p=10740#primaryimage"},"image":{"@id":"https:\/\/ecolefermedesbois.ch\/?p=10740#primaryimage"},"thumbnailUrl":"https:\/\/i0.wp.com\/ecolefermedesbois.ch\/wp-content\/uploads\/2023\/06\/wp-16878525768054798619921095843251.jpg?fit=1000%2C750&ssl=1","datePublished":"2023-06-27T08:37:10+00:00","dateModified":"2023-06-28T07:28:08+00:00","breadcrumb":{"@id":"https:\/\/ecolefermedesbois.ch\/?p=10740#breadcrumb"},"inLanguage":"fr-FR","potentialAction":[{"@type":"ReadAction","target":["https:\/\/ecolefermedesbois.ch\/?p=10740"]}]},{"@type":"ImageObject","inLanguage":"fr-FR","@id":"https:\/\/ecolefermedesbois.ch\/?p=10740#primaryimage","url":"https:\/\/i0.wp.com\/ecolefermedesbois.ch\/wp-content\/uploads\/2023\/06\/wp-16878525768054798619921095843251.jpg?fit=1000%2C750&ssl=1","contentUrl":"https:\/\/i0.wp.com\/ecolefermedesbois.ch\/wp-content\/uploads\/2023\/06\/wp-16878525768054798619921095843251.jpg?fit=1000%2C750&ssl=1","width":1000,"height":750},{"@type":"BreadcrumbList","@id":"https:\/\/ecolefermedesbois.ch\/?p=10740#breadcrumb","itemListElement":[{"@type":"ListItem","position":1,"name":"Accueil","item":"https:\/\/ecolefermedesbois.ch\/"},{"@type":"ListItem","position":2,"name":"Une classe de Vevey passe une journ\u00e9e r\u00e9cr\u00e9-active \u00e0 la ferme."}]},{"@type":"WebSite","@id":"https:\/\/ecolefermedesbois.ch\/#website","url":"https:\/\/ecolefermedesbois.ch\/","name":"ecolefermedesbois","description":"","publisher":{"@id":"https:\/\/ecolefermedesbois.ch\/#organization"},"potentialAction":[{"@type":"SearchAction","target":{"@type":"EntryPoint","urlTemplate":"https:\/\/ecolefermedesbois.ch\/?s={search_term_string}"},"query-input":{"@type":"PropertyValueSpecification","valueRequired":true,"valueName":"search_term_string"}}],"inLanguage":"fr-FR"},{"@type":"Organization","@id":"https:\/\/ecolefermedesbois.ch\/#organization","name":"Ecole \u00e0 la Ferme des Bois","url":"https:\/\/ecolefermedesbois.ch\/","logo":{"@type":"ImageObject","inLanguage":"fr-FR","@id":"https:\/\/ecolefermedesbois.ch\/#\/schema\/logo\/image\/","url":"https:\/\/ecolefermedesbois.ch\/wp-content\/uploads\/2019\/04\/logo-scaled.gif","contentUrl":"https:\/\/ecolefermedesbois.ch\/wp-content\/uploads\/2019\/04\/logo-scaled.gif","width":2560,"height":608,"caption":"Ecole \u00e0 la Ferme des Bois"},"image":{"@id":"https:\/\/ecolefermedesbois.ch\/#\/schema\/logo\/image\/"},"sameAs":["https:\/\/www.facebook.com\/ecolefermedesBois"]},{"@type":"Person","@id":"https:\/\/ecolefermedesbois.ch\/#\/schema\/person\/78f5a1c78e958e51240f90932d290908","name":"Sophie","image":{"@type":"ImageObject","inLanguage":"fr-FR","@id":"https:\/\/secure.gravatar.com\/avatar\/053fbaec50cb27b03b880a4b8b018009aa3af995f32011efc3f40a589371d46f?s=96&d=mm&r=g","url":"https:\/\/secure.gravatar.com\/avatar\/053fbaec50cb27b03b880a4b8b018009aa3af995f32011efc3f40a589371d46f?s=96&d=mm&r=g","contentUrl":"https:\/\/secure.gravatar.com\/avatar\/053fbaec50cb27b03b880a4b8b018009aa3af995f32011efc3f40a589371d46f?s=96&d=mm&r=g","caption":"Sophie"},"url":"https:\/\/ecolefermedesbois.ch\/?author=2"}]}},"jetpack_publicize_connections":[],"jetpack_featured_media_url":"https:\/\/i0.wp.com\/ecolefermedesbois.ch\/wp-content\/uploads\/2023\/06\/wp-16878525768054798619921095843251.jpg?fit=1000%2C750&ssl=1","jetpack_sharing_enabled":true,"_links":{"self":[{"href":"https:\/\/ecolefermedesbois.ch\/index.php?rest_route=\/wp\/v2\/posts\/10740","targetHints":{"allow":["GET"]}}],"collection":[{"href":"https:\/\/ecolefermedesbois.ch\/index.php?rest_route=\/wp\/v2\/posts"}],"about":[{"href":"https:\/\/ecolefermedesbois.ch\/index.php?rest_route=\/wp\/v2\/types\/post"}],"author":[{"embeddable":true,"href":"https:\/\/ecolefermedesbois.ch\/index.php?rest_route=\/wp\/v2\/users\/2"}],"replies":[{"embeddable":true,"href":"https:\/\/ecolefermedesbois.ch\/index.php?rest_route=%2Fwp%2Fv2%2Fcomments&post=10740"}],"version-history":[{"count":3,"href":"https:\/\/ecolefermedesbois.ch\/index.php?rest_route=\/wp\/v2\/posts\/10740\/revisions"}],"predecessor-version":[{"id":10752,"href":"https:\/\/ecolefermedesbois.ch\/index.php?rest_route=\/wp\/v2\/posts\/10740\/revisions\/10752"}],"wp:featuredmedia":[{"embeddable":true,"href":"https:\/\/ecolefermedesbois.ch\/index.php?rest_route=\/wp\/v2\/media\/10719"}],"wp:attachment":[{"href":"https:\/\/ecolefermedesbois.ch\/index.php?rest_route=%2Fwp%2Fv2%2Fmedia&parent=10740"}],"wp:term":[{"taxonomy":"category","embeddable":true,"href":"https:\/\/ecolefermedesbois.ch\/index.php?rest_route=%2Fwp%2Fv2%2Fcategories&post=10740"},{"taxonomy":"post_tag","embeddable":true,"href":"https:\/\/ecolefermedesbois.ch\/index.php?rest_route=%2Fwp%2Fv2%2Ftags&post=10740"}],"curies":[{"name":"wp","href":"https:\/\/api.w.org\/{rel}","templated":true}]}}