{"id":10735,"date":"2023-06-27T10:13:19","date_gmt":"2023-06-27T08:13:19","guid":{"rendered":"https:\/\/ecolefermedesbois.ch\/?p=10735"},"modified":"2023-07-10T11:52:19","modified_gmt":"2023-07-10T09:52:19","slug":"une-classe-de-cully-en-course-decole","status":"publish","type":"post","link":"https:\/\/ecolefermedesbois.ch\/?p=10735","title":{"rendered":"Une classe de Cully en course d&rsquo;\u00e9cole."},"content":{"rendered":"<div class=\"pdfprnt-buttons pdfprnt-buttons-post pdfprnt-top-right\"><a href=\"https:\/\/ecolefermedesbois.ch\/index.php?rest_route=%2Fwp%2Fv2%2Fposts%2F10735&print=pdf\" class=\"pdfprnt-button pdfprnt-button-pdf\" target=\"_blank\" ><img data-recalc-dims=\"1\" decoding=\"async\" src=\"https:\/\/i0.wp.com\/ecolefermedesbois.ch\/wp-content\/plugins\/pdf-print\/images\/pdf.png?w=720&#038;ssl=1\" alt=\"image_pdf\" title=\"Afficher le PDF\" \/><\/a><a href=\"https:\/\/ecolefermedesbois.ch\/index.php?rest_route=%2Fwp%2Fv2%2Fposts%2F10735&print=print\" class=\"pdfprnt-button pdfprnt-button-print\" target=\"_blank\" ><img data-recalc-dims=\"1\" decoding=\"async\" src=\"https:\/\/i0.wp.com\/ecolefermedesbois.ch\/wp-content\/plugins\/pdf-print\/images\/print.png?w=720&#038;ssl=1\" alt=\"image_print\" title=\"Contenu imprim\u00e9\" \/><\/a><\/div>\n<p>Lundi dernier, les \u00e9l\u00e8ves d&rsquo;Alicia Avril sont venus d\u00e9couvrir notre ferme. <\/p>\n\n\n\n<p>Nous commen\u00e7ons la matin\u00e9e par aller d\u00e9couvrir les poules. Pour le faire nous faisons 2 groupes. 1 groupe vient avec moi d\u00e9couvrir le poulailler et les poussins pendant que l&rsquo;autre groupe fait la table du toucher. Puis nous \u00e9changeons les groupes. Et pour finir, nous allons tous ensemble donner du grain aux poules. Les \u00e9l\u00e8ves ont pu remarquer que certaines poules ne picorent pas que les grains dans la main&#8230;<\/p>\n\n\n\n<p>Voici le moment tant attendu, aller trouver les lapins. Nous faisons \u00e9galement les 2 groupes. 1 groupe vient avec moi vers les lapins, les \u00e9l\u00e8ves s&rsquo;assoient en 2 cercles au sol et nous recouvrons leurs jambes avec une couverture pour y d\u00e9poser un lapin. Que d&rsquo;\u00e9toiles dans les yeux des enfants, j&rsquo;adore vraiment ces moments de bonheur! Pendant ce temps, le deuxi\u00e8me groupe fait la chasse au tr\u00e9sor autour de la ferme. Nous \u00e9changeons \u00e9galement les groupes.<\/p>\n\n\n\n<p>Nous finissons la matin\u00e9e par aller d\u00e9couvrir les ch\u00e8vres et ses quelques particularit\u00e9s. Un moment de fou rire, de c\u00e2lins et de partage. Juste magnifique!<\/p>\n\n\n\n<p>Une fois le pique-nique termin\u00e9, nous nous rendons \u00e0 la ferme de Fochaux, nous faisons le voyages avec la chariote. Que de joie dans les yeux des enfants!<\/p>\n\n\n\n<p>En arrivant \u00e0 l&rsquo;\u00e9table, nous allons d\u00e9couvrir les vaches. Une belle surprise nous attend! Rosace a fait son veau! Les enfants sont en total admiration devant ce bel \u00e9v\u00e9nement! Les enfants vont pouvoir choisir son pr\u00e9nom.<br \/>Puis, tout en observant les autres vaches, je leur explique comment mange la vache, elle prend l&rsquo;herbe ou le foin avec sa langue car elle n&rsquo;a pas d&rsquo;incisives. Nous observons \u00e9galement que les vaches couch\u00e9es sont en train de ruminer.<\/p>\n\n\n\n<p>Nous observons comment se constitue leur maison. O\u00f9 dorment les vaches, o\u00f9 elles vont manger ou encore l&rsquo;endroit o\u00f9 elles font leurs besoins. Nous parlons de la diff\u00e9rence entre le foin qui est de l&rsquo;herbe s\u00e9ch\u00e9e et la paille qui est la plante des c\u00e9r\u00e9ales. Nous avons \u00e9galement la chance de pouvoir aller dans la cellule de s\u00e9choir. J&rsquo;explique que c&rsquo;est l&rsquo;endroit o\u00f9 nous entreposons le fourrage qui sera donn\u00e9 aux vaches durant l&rsquo;hiver.<br \/>Devant le panneau de la vache, je leur explique comment fonctionne leur syst\u00e8me digestif. J&rsquo;en profite pour leur montrer un bout de canette que nous avons retrouv\u00e9 dans le fourrage et les cons\u00e9quences dramatiques qu&rsquo;ont ces morceaux sur nos animaux. Nous avons malheureusement perdu 2 vaches ces derniers jours \u00e0 cause d&rsquo;une canette. <br \/>Alors, quand je leur demande : o\u00f9 est-ce qu&rsquo;on met les d\u00e9chets ? les enfants r\u00e9pondent en c\u0153ur : \u00e0 la POUBELLE!!! Merci!!!<\/p>\n\n\n\n<p>Pour la suite de l&rsquo;apr\u00e8s-midi, nous allons tous d\u00e9couvrir comment fonctionne la salle de traite, son utilit\u00e9 et quand est-ce que nous trayons les vaches. Puis nous passons faire un coucou \u00e0 nos jeunes veaux. <br \/>Voil\u00e0 que la journ\u00e9e est d\u00e9j\u00e0 termin\u00e9e.<\/p>\n\n\n\n<p>Merci les enfants pour votre curiosit\u00e9 et votre int\u00e9r\u00eat \u00e0 tout ce que nous vous avons fait d\u00e9couvrir aujourd&rsquo;hui ainsi que pour votre joie d&rsquo;\u00eatre l\u00e0. Nous avons pass\u00e9 une tr\u00e8s belle journ\u00e9e en votre compagnie.<\/p>\n\n\n\n<p>Merci Alicia accompagn\u00e9e par Felicitas, Laetitia et S\u00e9bastien d&rsquo;\u00eatre venus chez nous, nous permettre de vivre cette belle journ\u00e9e! Au plaisir de vous revoir!<\/p>\n\n\n\n<p>Sophie et Emilie <\/p>\n\n\n\n<figure class=\"wp-block-gallery has-nested-images columns-default is-cropped wp-block-gallery-1 is-layout-flex wp-block-gallery-is-layout-flex\"><\/figure>\n","protected":false},"excerpt":{"rendered":"<p>Lundi dernier, les \u00e9l\u00e8ves d&rsquo;Alicia Avril sont venus d\u00e9couvrir notre ferme. Nous commen\u00e7ons la matin\u00e9e par aller d\u00e9couvrir les poules.&#46;&#46;&#46;<\/p>\n","protected":false},"author":2,"featured_media":0,"comment_status":"open","ping_status":"open","sticky":false,"template":"","format":"image","meta":{"jetpack_post_was_ever_published":false,"footnotes":"","jetpack_publicize_message":"","jetpack_publicize_feature_enabled":true,"jetpack_social_post_already_shared":false,"jetpack_social_options":{"image_generator_settings":{"template":"highway","default_image_id":0,"font":"","enabled":false},"version":2}},"categories":[33],"tags":[],"class_list":["post-10735","post","type-post","status-publish","format-image","hentry","category-ecole","post_format-post-format-image"],"yoast_head":"<!-- This site is optimized with the Yoast SEO plugin v27.5 - https:\/\/yoast.com\/product\/yoast-seo-wordpress\/ -->\n<title>Une classe de Cully en course d&#039;\u00e9cole. -<\/title>\n<meta name=\"robots\" content=\"index, follow, max-snippet:-1, max-image-preview:large, max-video-preview:-1\" \/>\n<link rel=\"canonical\" href=\"https:\/\/ecolefermedesbois.ch\/?p=10735\" \/>\n<meta property=\"og:locale\" content=\"fr_FR\" \/>\n<meta property=\"og:type\" content=\"article\" \/>\n<meta property=\"og:title\" content=\"Une classe de Cully en course d&#039;\u00e9cole. -\" \/>\n<meta property=\"og:description\" content=\"Lundi dernier, les \u00e9l\u00e8ves d&rsquo;Alicia Avril sont venus d\u00e9couvrir notre ferme. Nous commen\u00e7ons la matin\u00e9e par aller d\u00e9couvrir les poules.&#046;&#046;&#046;\" \/>\n<meta property=\"og:url\" content=\"https:\/\/ecolefermedesbois.ch\/?p=10735\" \/>\n<meta property=\"article:publisher\" content=\"https:\/\/www.facebook.com\/ecolefermedesBois\" \/>\n<meta property=\"article:published_time\" content=\"2023-06-27T08:13:19+00:00\" \/>\n<meta property=\"article:modified_time\" content=\"2023-07-10T09:52:19+00:00\" \/>\n<meta property=\"og:image\" content=\"https:\/\/i0.wp.com\/ecolefermedesbois.ch\/wp-content\/uploads\/2019\/04\/20180620_110823-e1554549924661-scaled.jpg?fit=2560%2C960&ssl=1\" \/>\n\t<meta property=\"og:image:width\" content=\"2560\" \/>\n\t<meta property=\"og:image:height\" content=\"960\" \/>\n\t<meta property=\"og:image:type\" content=\"image\/jpeg\" \/>\n<meta name=\"author\" content=\"Sophie\" \/>\n<meta name=\"twitter:card\" content=\"summary_large_image\" \/>\n<meta name=\"twitter:label1\" content=\"\u00c9crit par\" \/>\n\t<meta name=\"twitter:data1\" content=\"Sophie\" \/>\n\t<meta name=\"twitter:label2\" content=\"Dur\u00e9e de lecture estim\u00e9e\" \/>\n\t<meta name=\"twitter:data2\" content=\"3 minutes\" \/>\n<script type=\"application\/ld+json\" class=\"yoast-schema-graph\">{\"@context\":\"https:\\\/\\\/schema.org\",\"@graph\":[{\"@type\":\"Article\",\"@id\":\"https:\\\/\\\/ecolefermedesbois.ch\\\/?p=10735#article\",\"isPartOf\":{\"@id\":\"https:\\\/\\\/ecolefermedesbois.ch\\\/?p=10735\"},\"author\":{\"name\":\"Sophie\",\"@id\":\"https:\\\/\\\/ecolefermedesbois.ch\\\/#\\\/schema\\\/person\\\/78f5a1c78e958e51240f90932d290908\"},\"headline\":\"Une classe de Cully en course d&rsquo;\u00e9cole.\",\"datePublished\":\"2023-06-27T08:13:19+00:00\",\"dateModified\":\"2023-07-10T09:52:19+00:00\",\"mainEntityOfPage\":{\"@id\":\"https:\\\/\\\/ecolefermedesbois.ch\\\/?p=10735\"},\"wordCount\":583,\"commentCount\":0,\"publisher\":{\"@id\":\"https:\\\/\\\/ecolefermedesbois.ch\\\/#organization\"},\"articleSection\":[\"Ecole\"],\"inLanguage\":\"fr-FR\",\"potentialAction\":[{\"@type\":\"CommentAction\",\"name\":\"Comment\",\"target\":[\"https:\\\/\\\/ecolefermedesbois.ch\\\/?p=10735#respond\"]}]},{\"@type\":\"WebPage\",\"@id\":\"https:\\\/\\\/ecolefermedesbois.ch\\\/?p=10735\",\"url\":\"https:\\\/\\\/ecolefermedesbois.ch\\\/?p=10735\",\"name\":\"Une classe de Cully en course d'\u00e9cole. -\",\"isPartOf\":{\"@id\":\"https:\\\/\\\/ecolefermedesbois.ch\\\/#website\"},\"datePublished\":\"2023-06-27T08:13:19+00:00\",\"dateModified\":\"2023-07-10T09:52:19+00:00\",\"breadcrumb\":{\"@id\":\"https:\\\/\\\/ecolefermedesbois.ch\\\/?p=10735#breadcrumb\"},\"inLanguage\":\"fr-FR\",\"potentialAction\":[{\"@type\":\"ReadAction\",\"target\":[\"https:\\\/\\\/ecolefermedesbois.ch\\\/?p=10735\"]}]},{\"@type\":\"BreadcrumbList\",\"@id\":\"https:\\\/\\\/ecolefermedesbois.ch\\\/?p=10735#breadcrumb\",\"itemListElement\":[{\"@type\":\"ListItem\",\"position\":1,\"name\":\"Accueil\",\"item\":\"https:\\\/\\\/ecolefermedesbois.ch\\\/\"},{\"@type\":\"ListItem\",\"position\":2,\"name\":\"Une classe de Cully en course d&rsquo;\u00e9cole.\"}]},{\"@type\":\"WebSite\",\"@id\":\"https:\\\/\\\/ecolefermedesbois.ch\\\/#website\",\"url\":\"https:\\\/\\\/ecolefermedesbois.ch\\\/\",\"name\":\"ecolefermedesbois\",\"description\":\"\",\"publisher\":{\"@id\":\"https:\\\/\\\/ecolefermedesbois.ch\\\/#organization\"},\"potentialAction\":[{\"@type\":\"SearchAction\",\"target\":{\"@type\":\"EntryPoint\",\"urlTemplate\":\"https:\\\/\\\/ecolefermedesbois.ch\\\/?s={search_term_string}\"},\"query-input\":{\"@type\":\"PropertyValueSpecification\",\"valueRequired\":true,\"valueName\":\"search_term_string\"}}],\"inLanguage\":\"fr-FR\"},{\"@type\":\"Organization\",\"@id\":\"https:\\\/\\\/ecolefermedesbois.ch\\\/#organization\",\"name\":\"Ecole \u00e0 la Ferme des Bois\",\"url\":\"https:\\\/\\\/ecolefermedesbois.ch\\\/\",\"logo\":{\"@type\":\"ImageObject\",\"inLanguage\":\"fr-FR\",\"@id\":\"https:\\\/\\\/ecolefermedesbois.ch\\\/#\\\/schema\\\/logo\\\/image\\\/\",\"url\":\"https:\\\/\\\/ecolefermedesbois.ch\\\/wp-content\\\/uploads\\\/2019\\\/04\\\/logo-scaled.gif\",\"contentUrl\":\"https:\\\/\\\/ecolefermedesbois.ch\\\/wp-content\\\/uploads\\\/2019\\\/04\\\/logo-scaled.gif\",\"width\":2560,\"height\":608,\"caption\":\"Ecole \u00e0 la Ferme des Bois\"},\"image\":{\"@id\":\"https:\\\/\\\/ecolefermedesbois.ch\\\/#\\\/schema\\\/logo\\\/image\\\/\"},\"sameAs\":[\"https:\\\/\\\/www.facebook.com\\\/ecolefermedesBois\"]},{\"@type\":\"Person\",\"@id\":\"https:\\\/\\\/ecolefermedesbois.ch\\\/#\\\/schema\\\/person\\\/78f5a1c78e958e51240f90932d290908\",\"name\":\"Sophie\",\"image\":{\"@type\":\"ImageObject\",\"inLanguage\":\"fr-FR\",\"@id\":\"https:\\\/\\\/secure.gravatar.com\\\/avatar\\\/053fbaec50cb27b03b880a4b8b018009aa3af995f32011efc3f40a589371d46f?s=96&d=mm&r=g\",\"url\":\"https:\\\/\\\/secure.gravatar.com\\\/avatar\\\/053fbaec50cb27b03b880a4b8b018009aa3af995f32011efc3f40a589371d46f?s=96&d=mm&r=g\",\"contentUrl\":\"https:\\\/\\\/secure.gravatar.com\\\/avatar\\\/053fbaec50cb27b03b880a4b8b018009aa3af995f32011efc3f40a589371d46f?s=96&d=mm&r=g\",\"caption\":\"Sophie\"},\"url\":\"https:\\\/\\\/ecolefermedesbois.ch\\\/?author=2\"}]}<\/script>\n<!-- \/ Yoast SEO plugin. -->","yoast_head_json":{"title":"Une classe de Cully en course d'\u00e9cole. -","robots":{"index":"index","follow":"follow","max-snippet":"max-snippet:-1","max-image-preview":"max-image-preview:large","max-video-preview":"max-video-preview:-1"},"canonical":"https:\/\/ecolefermedesbois.ch\/?p=10735","og_locale":"fr_FR","og_type":"article","og_title":"Une classe de Cully en course d'\u00e9cole. -","og_description":"Lundi dernier, les \u00e9l\u00e8ves d&rsquo;Alicia Avril sont venus d\u00e9couvrir notre ferme. Nous commen\u00e7ons la matin\u00e9e par aller d\u00e9couvrir les poules.&#46;&#46;&#46;","og_url":"https:\/\/ecolefermedesbois.ch\/?p=10735","article_publisher":"https:\/\/www.facebook.com\/ecolefermedesBois","article_published_time":"2023-06-27T08:13:19+00:00","article_modified_time":"2023-07-10T09:52:19+00:00","og_image":[{"width":2560,"height":960,"url":"https:\/\/i0.wp.com\/ecolefermedesbois.ch\/wp-content\/uploads\/2019\/04\/20180620_110823-e1554549924661-scaled.jpg?fit=2560%2C960&ssl=1","type":"image\/jpeg"}],"author":"Sophie","twitter_card":"summary_large_image","twitter_misc":{"\u00c9crit par":"Sophie","Dur\u00e9e de lecture estim\u00e9e":"3 minutes"},"schema":{"@context":"https:\/\/schema.org","@graph":[{"@type":"Article","@id":"https:\/\/ecolefermedesbois.ch\/?p=10735#article","isPartOf":{"@id":"https:\/\/ecolefermedesbois.ch\/?p=10735"},"author":{"name":"Sophie","@id":"https:\/\/ecolefermedesbois.ch\/#\/schema\/person\/78f5a1c78e958e51240f90932d290908"},"headline":"Une classe de Cully en course d&rsquo;\u00e9cole.","datePublished":"2023-06-27T08:13:19+00:00","dateModified":"2023-07-10T09:52:19+00:00","mainEntityOfPage":{"@id":"https:\/\/ecolefermedesbois.ch\/?p=10735"},"wordCount":583,"commentCount":0,"publisher":{"@id":"https:\/\/ecolefermedesbois.ch\/#organization"},"articleSection":["Ecole"],"inLanguage":"fr-FR","potentialAction":[{"@type":"CommentAction","name":"Comment","target":["https:\/\/ecolefermedesbois.ch\/?p=10735#respond"]}]},{"@type":"WebPage","@id":"https:\/\/ecolefermedesbois.ch\/?p=10735","url":"https:\/\/ecolefermedesbois.ch\/?p=10735","name":"Une classe de Cully en course d'\u00e9cole. -","isPartOf":{"@id":"https:\/\/ecolefermedesbois.ch\/#website"},"datePublished":"2023-06-27T08:13:19+00:00","dateModified":"2023-07-10T09:52:19+00:00","breadcrumb":{"@id":"https:\/\/ecolefermedesbois.ch\/?p=10735#breadcrumb"},"inLanguage":"fr-FR","potentialAction":[{"@type":"ReadAction","target":["https:\/\/ecolefermedesbois.ch\/?p=10735"]}]},{"@type":"BreadcrumbList","@id":"https:\/\/ecolefermedesbois.ch\/?p=10735#breadcrumb","itemListElement":[{"@type":"ListItem","position":1,"name":"Accueil","item":"https:\/\/ecolefermedesbois.ch\/"},{"@type":"ListItem","position":2,"name":"Une classe de Cully en course d&rsquo;\u00e9cole."}]},{"@type":"WebSite","@id":"https:\/\/ecolefermedesbois.ch\/#website","url":"https:\/\/ecolefermedesbois.ch\/","name":"ecolefermedesbois","description":"","publisher":{"@id":"https:\/\/ecolefermedesbois.ch\/#organization"},"potentialAction":[{"@type":"SearchAction","target":{"@type":"EntryPoint","urlTemplate":"https:\/\/ecolefermedesbois.ch\/?s={search_term_string}"},"query-input":{"@type":"PropertyValueSpecification","valueRequired":true,"valueName":"search_term_string"}}],"inLanguage":"fr-FR"},{"@type":"Organization","@id":"https:\/\/ecolefermedesbois.ch\/#organization","name":"Ecole \u00e0 la Ferme des Bois","url":"https:\/\/ecolefermedesbois.ch\/","logo":{"@type":"ImageObject","inLanguage":"fr-FR","@id":"https:\/\/ecolefermedesbois.ch\/#\/schema\/logo\/image\/","url":"https:\/\/ecolefermedesbois.ch\/wp-content\/uploads\/2019\/04\/logo-scaled.gif","contentUrl":"https:\/\/ecolefermedesbois.ch\/wp-content\/uploads\/2019\/04\/logo-scaled.gif","width":2560,"height":608,"caption":"Ecole \u00e0 la Ferme des Bois"},"image":{"@id":"https:\/\/ecolefermedesbois.ch\/#\/schema\/logo\/image\/"},"sameAs":["https:\/\/www.facebook.com\/ecolefermedesBois"]},{"@type":"Person","@id":"https:\/\/ecolefermedesbois.ch\/#\/schema\/person\/78f5a1c78e958e51240f90932d290908","name":"Sophie","image":{"@type":"ImageObject","inLanguage":"fr-FR","@id":"https:\/\/secure.gravatar.com\/avatar\/053fbaec50cb27b03b880a4b8b018009aa3af995f32011efc3f40a589371d46f?s=96&d=mm&r=g","url":"https:\/\/secure.gravatar.com\/avatar\/053fbaec50cb27b03b880a4b8b018009aa3af995f32011efc3f40a589371d46f?s=96&d=mm&r=g","contentUrl":"https:\/\/secure.gravatar.com\/avatar\/053fbaec50cb27b03b880a4b8b018009aa3af995f32011efc3f40a589371d46f?s=96&d=mm&r=g","caption":"Sophie"},"url":"https:\/\/ecolefermedesbois.ch\/?author=2"}]}},"jetpack_publicize_connections":[],"jetpack_featured_media_url":"","jetpack_sharing_enabled":true,"_links":{"self":[{"href":"https:\/\/ecolefermedesbois.ch\/index.php?rest_route=\/wp\/v2\/posts\/10735","targetHints":{"allow":["GET"]}}],"collection":[{"href":"https:\/\/ecolefermedesbois.ch\/index.php?rest_route=\/wp\/v2\/posts"}],"about":[{"href":"https:\/\/ecolefermedesbois.ch\/index.php?rest_route=\/wp\/v2\/types\/post"}],"author":[{"embeddable":true,"href":"https:\/\/ecolefermedesbois.ch\/index.php?rest_route=\/wp\/v2\/users\/2"}],"replies":[{"embeddable":true,"href":"https:\/\/ecolefermedesbois.ch\/index.php?rest_route=%2Fwp%2Fv2%2Fcomments&post=10735"}],"version-history":[{"count":5,"href":"https:\/\/ecolefermedesbois.ch\/index.php?rest_route=\/wp\/v2\/posts\/10735\/revisions"}],"predecessor-version":[{"id":10782,"href":"https:\/\/ecolefermedesbois.ch\/index.php?rest_route=\/wp\/v2\/posts\/10735\/revisions\/10782"}],"wp:attachment":[{"href":"https:\/\/ecolefermedesbois.ch\/index.php?rest_route=%2Fwp%2Fv2%2Fmedia&parent=10735"}],"wp:term":[{"taxonomy":"category","embeddable":true,"href":"https:\/\/ecolefermedesbois.ch\/index.php?rest_route=%2Fwp%2Fv2%2Fcategories&post=10735"},{"taxonomy":"post_tag","embeddable":true,"href":"https:\/\/ecolefermedesbois.ch\/index.php?rest_route=%2Fwp%2Fv2%2Ftags&post=10735"}],"curies":[{"name":"wp","href":"https:\/\/api.w.org\/{rel}","templated":true}]}}