{"id":10667,"date":"2023-06-18T15:38:16","date_gmt":"2023-06-18T13:38:16","guid":{"rendered":"https:\/\/ecolefermedesbois.ch\/?p=10667"},"modified":"2023-06-18T20:49:10","modified_gmt":"2023-06-18T18:49:10","slug":"deux-classes-de-correspondance-ce-rencontre-a-la-ferme-des-bois","status":"publish","type":"post","link":"https:\/\/ecolefermedesbois.ch\/?p=10667","title":{"rendered":"Deux classes de correspondance ce rencontrent \u00e0 la ferme des Bois"},"content":{"rendered":"<div class=\"pdfprnt-buttons pdfprnt-buttons-post pdfprnt-top-right\"><a href=\"https:\/\/ecolefermedesbois.ch\/index.php?rest_route=%2Fwp%2Fv2%2Fposts%2F10667&print=pdf\" class=\"pdfprnt-button pdfprnt-button-pdf\" target=\"_blank\" ><img data-recalc-dims=\"1\" decoding=\"async\" src=\"https:\/\/i0.wp.com\/ecolefermedesbois.ch\/wp-content\/plugins\/pdf-print\/images\/pdf.png?w=720&#038;ssl=1\" alt=\"image_pdf\" title=\"Afficher le PDF\" \/><\/a><a href=\"https:\/\/ecolefermedesbois.ch\/index.php?rest_route=%2Fwp%2Fv2%2Fposts%2F10667&print=print\" class=\"pdfprnt-button pdfprnt-button-print\" target=\"_blank\" ><img data-recalc-dims=\"1\" decoding=\"async\" src=\"https:\/\/i0.wp.com\/ecolefermedesbois.ch\/wp-content\/plugins\/pdf-print\/images\/print.png?w=720&#038;ssl=1\" alt=\"image_print\" title=\"Contenu imprim\u00e9\" \/><\/a><\/div>\n<p>Vendredi, les \u00e9l\u00e8ves 5P de Diane Baud de Carrouge sont venus rencontrer leur correspondants de l&rsquo;institution de La Cassagne de Lausanne dans notre ferme. Durant l&rsquo;ann\u00e9e, les \u00e9l\u00e8ves de ces 2 coll\u00e8ges ont correspondu ensemble. Ils ont pu se rencontrer chez nous. Une journ\u00e9e riche en \u00e9motion et en rencontres bienveillantes. <\/p>\n\n\n\n<p>En attendant leur correspondants, les \u00e9l\u00e8ves de Carrouge d\u00e9couvrent les habitants du poulailler que j&rsquo;ai transformer en poussini\u00e8re. Pour le faire nous faisons 2 groupe. 1 groupe vient avec moi a l&rsquo;int\u00e9rieur du poulailler pendant que l&rsquo;autre groupe fait la chasse au tr\u00e9sor de la ferme des Bois. Puis nous \u00e9changeons les groupes afin que chaque \u00e9l\u00e8ve puisse d\u00e9couvrir la m\u00eame chose. <br \/>Nous avons fini pile au moment o\u00f9 leurs correspondant arrivaient. <br \/>Une fois la rencontre faite, nous partons tous ensemble d\u00e9couvrir nos poules au verger. Certains \u00e9l\u00e8vent ont donn\u00e9 du grains aux poules directement dans leur main. D&rsquo;autre ont port\u00e9 nos poules les plus dociles pour les montrer aux \u00e9l\u00e8vent en chaises roulantes. Un beau moment de partage.<\/p>\n\n\n\n<p>Voici le moment tant attendu, aller trouver les lapins. Nous faisons \u00e9galement 2 groupes. 1 groupe vient avec moi vers les lapins, les \u00e9l\u00e8ves s&rsquo;assoient avec leur correspondant en 2 cercles au sol et nous recouvrons leurs jambes avec une couverture pour y d\u00e9poser un lapin. Que d&rsquo;\u00e9toiles dans les yeux des enfants, j&rsquo;adore vraiment ces moments de bonheur! <br \/>Pendant ce temps, le deuxi\u00e8me groupe d\u00e9couvre ce que nous avons cach\u00e9 dans la table du toucher. <br \/>Nous \u00e9changeons \u00e9galement les groupes.<\/p>\n\n\n\n<p>Nous finissons la matin\u00e9e par aller d\u00e9couvrir les ch\u00e8vres et ses quelques particularit\u00e9s. Coquette et M\u00e9lodie ont la joie de sortir de leur parc pour aller dire bonjour aux enfants qui ne peuvent pas aller dans le parc. De joli moment de fou rire, de c\u00e2lins et de partage. Juste magnifique!<\/p>\n\n\n\n<p>Une fois le pique-nique termin\u00e9, nous nous rendons \u00e0 la ferme de Fochaux \u00e0 pied.<\/p>\n\n\n\n<p>A la ferme des vaches, nous allons observer les vaches dans l&rsquo;\u00e9table. Tout en observant, je leur explique comment mange la vache, elle prend l&rsquo;herbe ou le foin avec sa langue car elle n&rsquo;a pas d&rsquo;incisives. Nous observons \u00e9galement que les vaches qui sont couch\u00e9es sont en train de ruminer.<\/p>\n\n\n\n<p>Nous observons comment se constitue leur maison. O\u00f9 dorment les vaches, o\u00f9 elles vont manger ou encore l&rsquo;endroit o\u00f9 elles font leurs besoins. Nous parlons de la diff\u00e9rence entre le foin qui est de l&rsquo;herbe s\u00e9ch\u00e9e et la paille qui est la plante des c\u00e9r\u00e9ales. Nous avons \u00e9galement la chance de pouvoir aller dans la cellule de s\u00e9choir. J&rsquo;explique que c&rsquo;est l&rsquo;endroit o\u00f9 nous entreposons le fourrage qui sera donn\u00e9 aux vaches durant l&rsquo;hiver.<br \/>Devant le panneau de la vache, je leur explique comment fonctionne leur syst\u00e8me digestif. J&rsquo;en profite pour leur montrer un bout de canette que nous avons retrouv\u00e9 dans le fourrage et les cons\u00e9quences dramatiques qu&rsquo;ont ces morceaux sur nos animaux. Nous avons malheureusement perdu 2 vaches ces derniers jours \u00e0 cause d&rsquo;une canette. <br \/>Alors, quand je leur demande : o\u00f9 est-ce qu&rsquo;on met les d\u00e9chets ? les enfants r\u00e9pondent en c\u0153ur : \u00e0 la POUBELLE!!! Merci!!!<\/p>\n\n\n\n<p>Pour la suite de l&rsquo;apr\u00e8s-midi, nous partageons le groupe en 2. Une \u00e9quipe vient avec moi d\u00e9couvrir comment fonctionne la salle de traite, son utilit\u00e9 et quand est-ce que nous trayons les vaches. Puis nous passons faire un coucou \u00e0 nos jeunes veaux. Pendant ce temps, une \u00e9quipe est avec Emilie pour fabriquer du beurre qui fut vite mang\u00e9. Nous \u00e9changeons les groupes pour la derni\u00e8re fois de la journ\u00e9e.<\/p>\n\n\n\n<p>Merci les enfants de Carrouge pour votre bienveillance et votre implication au bien-\u00eatre de vos correspondants. <br \/>Merci \u00e0 tous pour votre curiosit\u00e9 et votre int\u00e9r\u00eat tout au long de la journ\u00e9e. Votre joie et votre curiosit\u00e9 nous a beaucoup touch\u00e9. Nous avons pass\u00e9 une tr\u00e8s belle journ\u00e9e en votre compagnie.<\/p>\n\n\n\n<p>Merci Salom\u00e9 d&rsquo;avoir fait le lien entre les \u00e9l\u00e8ves de Carrouge et La Cassagne ainsi que d&rsquo;avoir proposer de faire cette journ\u00e9e chez nous. Merci Diane d&rsquo;\u00eatre venue avec ta classe dans notre ferme.<br \/>Merci Aurore et toute votre \u00e9quipe d&rsquo;\u00eatre venue chez nous partager avec vos \u00e9l\u00e8ves ces moments merveilleux et pour votre travail.<\/p>\n\n\n\n<p>La journ\u00e9e fut trop vite pass\u00e9e!  Au plaisir de vous revoir!<\/p>\n\n\n\n<p>Sophie et Emilie <\/p>\n\n\n\n<figure class=\"wp-block-gallery has-nested-images columns-default is-cropped wp-block-gallery-1 is-layout-flex wp-block-gallery-is-layout-flex\">\n<figure class=\"wp-block-image size-large\"><img data-recalc-dims=\"1\" fetchpriority=\"high\" decoding=\"async\" width=\"450\" height=\"600\" data-id=\"10658\" src=\"https:\/\/i0.wp.com\/ecolefermedesbois.ch\/wp-content\/uploads\/2023\/06\/wp-16870912743559172705855923779360.jpg?resize=450%2C600&#038;ssl=1\" alt=\"\" class=\"wp-image-10658\" srcset=\"https:\/\/i0.wp.com\/ecolefermedesbois.ch\/wp-content\/uploads\/2023\/06\/wp-16870912743559172705855923779360.jpg?resize=450%2C600&amp;ssl=1 450w, https:\/\/i0.wp.com\/ecolefermedesbois.ch\/wp-content\/uploads\/2023\/06\/wp-16870912743559172705855923779360.jpg?resize=225%2C300&amp;ssl=1 225w, https:\/\/i0.wp.com\/ecolefermedesbois.ch\/wp-content\/uploads\/2023\/06\/wp-16870912743559172705855923779360.jpg?w=750&amp;ssl=1 750w\" sizes=\"(max-width: 450px) 100vw, 450px\" \/><\/figure>\n\n\n\n<figure class=\"wp-block-image size-large\"><img data-recalc-dims=\"1\" decoding=\"async\" width=\"450\" height=\"600\" data-id=\"10657\" src=\"https:\/\/i0.wp.com\/ecolefermedesbois.ch\/wp-content\/uploads\/2023\/06\/wp-16870912742104118772754356038767.jpg?resize=450%2C600&#038;ssl=1\" alt=\"\" class=\"wp-image-10657\" srcset=\"https:\/\/i0.wp.com\/ecolefermedesbois.ch\/wp-content\/uploads\/2023\/06\/wp-16870912742104118772754356038767.jpg?resize=450%2C600&amp;ssl=1 450w, https:\/\/i0.wp.com\/ecolefermedesbois.ch\/wp-content\/uploads\/2023\/06\/wp-16870912742104118772754356038767.jpg?resize=225%2C300&amp;ssl=1 225w, https:\/\/i0.wp.com\/ecolefermedesbois.ch\/wp-content\/uploads\/2023\/06\/wp-16870912742104118772754356038767.jpg?w=750&amp;ssl=1 750w\" sizes=\"(max-width: 450px) 100vw, 450px\" \/><\/figure>\n\n\n\n<figure class=\"wp-block-image size-large\"><img data-recalc-dims=\"1\" decoding=\"async\" width=\"600\" height=\"338\" data-id=\"10640\" src=\"https:\/\/i0.wp.com\/ecolefermedesbois.ch\/wp-content\/uploads\/2023\/06\/wp-16870912717901895300792099061437.jpg?resize=600%2C338&#038;ssl=1\" alt=\"\" class=\"wp-image-10640\" srcset=\"https:\/\/i0.wp.com\/ecolefermedesbois.ch\/wp-content\/uploads\/2023\/06\/wp-16870912717901895300792099061437.jpg?resize=600%2C338&amp;ssl=1 600w, https:\/\/i0.wp.com\/ecolefermedesbois.ch\/wp-content\/uploads\/2023\/06\/wp-16870912717901895300792099061437.jpg?resize=520%2C292&amp;ssl=1 520w, https:\/\/i0.wp.com\/ecolefermedesbois.ch\/wp-content\/uploads\/2023\/06\/wp-16870912717901895300792099061437.jpg?resize=300%2C169&amp;ssl=1 300w, https:\/\/i0.wp.com\/ecolefermedesbois.ch\/wp-content\/uploads\/2023\/06\/wp-16870912717901895300792099061437.jpg?resize=768%2C432&amp;ssl=1 768w, https:\/\/i0.wp.com\/ecolefermedesbois.ch\/wp-content\/uploads\/2023\/06\/wp-16870912717901895300792099061437.jpg?w=999&amp;ssl=1 999w\" sizes=\"(max-width: 600px) 100vw, 600px\" \/><\/figure>\n\n\n\n<figure class=\"wp-block-image size-large\"><img data-recalc-dims=\"1\" loading=\"lazy\" decoding=\"async\" width=\"600\" height=\"450\" data-id=\"10656\" src=\"https:\/\/i0.wp.com\/ecolefermedesbois.ch\/wp-content\/uploads\/2023\/06\/wp-16870912739803719993212459507288.jpg?resize=600%2C450&#038;ssl=1\" alt=\"\" class=\"wp-image-10656\" srcset=\"https:\/\/i0.wp.com\/ecolefermedesbois.ch\/wp-content\/uploads\/2023\/06\/wp-16870912739803719993212459507288.jpg?resize=600%2C450&amp;ssl=1 600w, https:\/\/i0.wp.com\/ecolefermedesbois.ch\/wp-content\/uploads\/2023\/06\/wp-16870912739803719993212459507288.jpg?resize=300%2C225&amp;ssl=1 300w, https:\/\/i0.wp.com\/ecolefermedesbois.ch\/wp-content\/uploads\/2023\/06\/wp-16870912739803719993212459507288.jpg?resize=768%2C576&amp;ssl=1 768w, https:\/\/i0.wp.com\/ecolefermedesbois.ch\/wp-content\/uploads\/2023\/06\/wp-16870912739803719993212459507288.jpg?w=1000&amp;ssl=1 1000w\" sizes=\"(max-width: 600px) 100vw, 600px\" \/><\/figure>\n\n\n\n<figure class=\"wp-block-image size-large\"><img data-recalc-dims=\"1\" loading=\"lazy\" decoding=\"async\" width=\"450\" height=\"600\" data-id=\"10668\" src=\"https:\/\/i0.wp.com\/ecolefermedesbois.ch\/wp-content\/uploads\/2023\/06\/wp-16870954546286557883721622956182.jpg?resize=450%2C600&#038;ssl=1\" alt=\"\" class=\"wp-image-10668\" srcset=\"https:\/\/i0.wp.com\/ecolefermedesbois.ch\/wp-content\/uploads\/2023\/06\/wp-16870954546286557883721622956182.jpg?resize=450%2C600&amp;ssl=1 450w, https:\/\/i0.wp.com\/ecolefermedesbois.ch\/wp-content\/uploads\/2023\/06\/wp-16870954546286557883721622956182.jpg?resize=225%2C300&amp;ssl=1 225w, https:\/\/i0.wp.com\/ecolefermedesbois.ch\/wp-content\/uploads\/2023\/06\/wp-16870954546286557883721622956182.jpg?w=750&amp;ssl=1 750w\" sizes=\"(max-width: 450px) 100vw, 450px\" \/><\/figure>\n\n\n\n<figure class=\"wp-block-image size-large\"><img data-recalc-dims=\"1\" loading=\"lazy\" decoding=\"async\" width=\"338\" height=\"600\" data-id=\"10639\" src=\"https:\/\/i0.wp.com\/ecolefermedesbois.ch\/wp-content\/uploads\/2023\/06\/wp-16870912718412267300611911941441.jpg?resize=338%2C600&#038;ssl=1\" alt=\"\" class=\"wp-image-10639\" srcset=\"https:\/\/i0.wp.com\/ecolefermedesbois.ch\/wp-content\/uploads\/2023\/06\/wp-16870912718412267300611911941441.jpg?resize=338%2C600&amp;ssl=1 338w, https:\/\/i0.wp.com\/ecolefermedesbois.ch\/wp-content\/uploads\/2023\/06\/wp-16870912718412267300611911941441.jpg?resize=169%2C300&amp;ssl=1 169w, https:\/\/i0.wp.com\/ecolefermedesbois.ch\/wp-content\/uploads\/2023\/06\/wp-16870912718412267300611911941441.jpg?w=563&amp;ssl=1 563w\" sizes=\"(max-width: 338px) 100vw, 338px\" \/><\/figure>\n\n\n\n<figure class=\"wp-block-image size-large\"><img data-recalc-dims=\"1\" loading=\"lazy\" decoding=\"async\" width=\"450\" height=\"600\" data-id=\"10654\" src=\"https:\/\/i0.wp.com\/ecolefermedesbois.ch\/wp-content\/uploads\/2023\/06\/wp-16870912735772078644103467395426.jpg?resize=450%2C600&#038;ssl=1\" alt=\"\" class=\"wp-image-10654\" srcset=\"https:\/\/i0.wp.com\/ecolefermedesbois.ch\/wp-content\/uploads\/2023\/06\/wp-16870912735772078644103467395426.jpg?resize=450%2C600&amp;ssl=1 450w, https:\/\/i0.wp.com\/ecolefermedesbois.ch\/wp-content\/uploads\/2023\/06\/wp-16870912735772078644103467395426.jpg?resize=225%2C300&amp;ssl=1 225w, https:\/\/i0.wp.com\/ecolefermedesbois.ch\/wp-content\/uploads\/2023\/06\/wp-16870912735772078644103467395426.jpg?w=750&amp;ssl=1 750w\" sizes=\"(max-width: 450px) 100vw, 450px\" \/><\/figure>\n\n\n\n<figure class=\"wp-block-image size-large\"><img data-recalc-dims=\"1\" loading=\"lazy\" decoding=\"async\" width=\"450\" height=\"600\" data-id=\"10652\" src=\"https:\/\/i0.wp.com\/ecolefermedesbois.ch\/wp-content\/uploads\/2023\/06\/wp-16870912730774981488214906425972.jpg?resize=450%2C600&#038;ssl=1\" alt=\"\" class=\"wp-image-10652\" srcset=\"https:\/\/i0.wp.com\/ecolefermedesbois.ch\/wp-content\/uploads\/2023\/06\/wp-16870912730774981488214906425972.jpg?resize=450%2C600&amp;ssl=1 450w, https:\/\/i0.wp.com\/ecolefermedesbois.ch\/wp-content\/uploads\/2023\/06\/wp-16870912730774981488214906425972.jpg?resize=225%2C300&amp;ssl=1 225w, https:\/\/i0.wp.com\/ecolefermedesbois.ch\/wp-content\/uploads\/2023\/06\/wp-16870912730774981488214906425972.jpg?w=750&amp;ssl=1 750w\" sizes=\"(max-width: 450px) 100vw, 450px\" \/><\/figure>\n\n\n\n<figure class=\"wp-block-image size-large\"><img data-recalc-dims=\"1\" loading=\"lazy\" decoding=\"async\" width=\"600\" height=\"450\" data-id=\"10651\" src=\"https:\/\/i0.wp.com\/ecolefermedesbois.ch\/wp-content\/uploads\/2023\/06\/wp-16870912732733046810352333676242.jpg?resize=600%2C450&#038;ssl=1\" alt=\"\" class=\"wp-image-10651\" srcset=\"https:\/\/i0.wp.com\/ecolefermedesbois.ch\/wp-content\/uploads\/2023\/06\/wp-16870912732733046810352333676242.jpg?resize=600%2C450&amp;ssl=1 600w, https:\/\/i0.wp.com\/ecolefermedesbois.ch\/wp-content\/uploads\/2023\/06\/wp-16870912732733046810352333676242.jpg?resize=300%2C225&amp;ssl=1 300w, https:\/\/i0.wp.com\/ecolefermedesbois.ch\/wp-content\/uploads\/2023\/06\/wp-16870912732733046810352333676242.jpg?resize=768%2C576&amp;ssl=1 768w, https:\/\/i0.wp.com\/ecolefermedesbois.ch\/wp-content\/uploads\/2023\/06\/wp-16870912732733046810352333676242.jpg?w=1000&amp;ssl=1 1000w\" sizes=\"(max-width: 600px) 100vw, 600px\" \/><\/figure>\n\n\n\n<figure class=\"wp-block-image size-large\"><img data-recalc-dims=\"1\" loading=\"lazy\" decoding=\"async\" width=\"562\" height=\"600\" data-id=\"10653\" src=\"https:\/\/i0.wp.com\/ecolefermedesbois.ch\/wp-content\/uploads\/2023\/06\/wp-16870912734314056721027943095817.jpg?resize=562%2C600&#038;ssl=1\" alt=\"\" class=\"wp-image-10653\" srcset=\"https:\/\/i0.wp.com\/ecolefermedesbois.ch\/wp-content\/uploads\/2023\/06\/wp-16870912734314056721027943095817.jpg?resize=562%2C600&amp;ssl=1 562w, https:\/\/i0.wp.com\/ecolefermedesbois.ch\/wp-content\/uploads\/2023\/06\/wp-16870912734314056721027943095817.jpg?resize=281%2C300&amp;ssl=1 281w, https:\/\/i0.wp.com\/ecolefermedesbois.ch\/wp-content\/uploads\/2023\/06\/wp-16870912734314056721027943095817.jpg?resize=768%2C821&amp;ssl=1 768w, https:\/\/i0.wp.com\/ecolefermedesbois.ch\/wp-content\/uploads\/2023\/06\/wp-16870912734314056721027943095817.jpg?w=936&amp;ssl=1 936w\" sizes=\"(max-width: 562px) 100vw, 562px\" \/><\/figure>\n\n\n\n<figure class=\"wp-block-image size-large\"><img data-recalc-dims=\"1\" loading=\"lazy\" decoding=\"async\" width=\"338\" height=\"600\" data-id=\"10641\" src=\"https:\/\/i0.wp.com\/ecolefermedesbois.ch\/wp-content\/uploads\/2023\/06\/wp-16870912718751852481151301853012.jpg?resize=338%2C600&#038;ssl=1\" alt=\"\" class=\"wp-image-10641\" srcset=\"https:\/\/i0.wp.com\/ecolefermedesbois.ch\/wp-content\/uploads\/2023\/06\/wp-16870912718751852481151301853012.jpg?resize=338%2C600&amp;ssl=1 338w, https:\/\/i0.wp.com\/ecolefermedesbois.ch\/wp-content\/uploads\/2023\/06\/wp-16870912718751852481151301853012.jpg?resize=169%2C300&amp;ssl=1 169w, https:\/\/i0.wp.com\/ecolefermedesbois.ch\/wp-content\/uploads\/2023\/06\/wp-16870912718751852481151301853012.jpg?w=563&amp;ssl=1 563w\" sizes=\"(max-width: 338px) 100vw, 338px\" \/><\/figure>\n\n\n\n<figure class=\"wp-block-image size-large\"><img data-recalc-dims=\"1\" loading=\"lazy\" decoding=\"async\" width=\"450\" height=\"600\" data-id=\"10650\" src=\"https:\/\/i0.wp.com\/ecolefermedesbois.ch\/wp-content\/uploads\/2023\/06\/wp-16870912728923670941897875529504.jpg?resize=450%2C600&#038;ssl=1\" alt=\"\" class=\"wp-image-10650\" srcset=\"https:\/\/i0.wp.com\/ecolefermedesbois.ch\/wp-content\/uploads\/2023\/06\/wp-16870912728923670941897875529504.jpg?resize=450%2C600&amp;ssl=1 450w, https:\/\/i0.wp.com\/ecolefermedesbois.ch\/wp-content\/uploads\/2023\/06\/wp-16870912728923670941897875529504.jpg?resize=225%2C300&amp;ssl=1 225w, https:\/\/i0.wp.com\/ecolefermedesbois.ch\/wp-content\/uploads\/2023\/06\/wp-16870912728923670941897875529504.jpg?w=750&amp;ssl=1 750w\" sizes=\"(max-width: 450px) 100vw, 450px\" \/><\/figure>\n\n\n\n<figure class=\"wp-block-image size-large\"><img data-recalc-dims=\"1\" loading=\"lazy\" decoding=\"async\" width=\"450\" height=\"600\" data-id=\"10649\" src=\"https:\/\/i0.wp.com\/ecolefermedesbois.ch\/wp-content\/uploads\/2023\/06\/wp-16870912726805285134876913428941.jpg?resize=450%2C600&#038;ssl=1\" alt=\"\" class=\"wp-image-10649\" srcset=\"https:\/\/i0.wp.com\/ecolefermedesbois.ch\/wp-content\/uploads\/2023\/06\/wp-16870912726805285134876913428941.jpg?resize=450%2C600&amp;ssl=1 450w, https:\/\/i0.wp.com\/ecolefermedesbois.ch\/wp-content\/uploads\/2023\/06\/wp-16870912726805285134876913428941.jpg?resize=225%2C300&amp;ssl=1 225w, https:\/\/i0.wp.com\/ecolefermedesbois.ch\/wp-content\/uploads\/2023\/06\/wp-16870912726805285134876913428941.jpg?w=750&amp;ssl=1 750w\" sizes=\"(max-width: 450px) 100vw, 450px\" \/><\/figure>\n\n\n\n<figure class=\"wp-block-image size-large\"><img data-recalc-dims=\"1\" loading=\"lazy\" decoding=\"async\" width=\"600\" height=\"450\" data-id=\"10647\" src=\"https:\/\/i0.wp.com\/ecolefermedesbois.ch\/wp-content\/uploads\/2023\/06\/wp-16870912722775835832098692288716.jpg?resize=600%2C450&#038;ssl=1\" alt=\"\" class=\"wp-image-10647\" srcset=\"https:\/\/i0.wp.com\/ecolefermedesbois.ch\/wp-content\/uploads\/2023\/06\/wp-16870912722775835832098692288716.jpg?resize=600%2C450&amp;ssl=1 600w, https:\/\/i0.wp.com\/ecolefermedesbois.ch\/wp-content\/uploads\/2023\/06\/wp-16870912722775835832098692288716.jpg?resize=300%2C225&amp;ssl=1 300w, https:\/\/i0.wp.com\/ecolefermedesbois.ch\/wp-content\/uploads\/2023\/06\/wp-16870912722775835832098692288716.jpg?resize=768%2C576&amp;ssl=1 768w, https:\/\/i0.wp.com\/ecolefermedesbois.ch\/wp-content\/uploads\/2023\/06\/wp-16870912722775835832098692288716.jpg?w=1000&amp;ssl=1 1000w\" sizes=\"(max-width: 600px) 100vw, 600px\" \/><\/figure>\n\n\n\n<figure class=\"wp-block-image size-large\"><img data-recalc-dims=\"1\" loading=\"lazy\" decoding=\"async\" width=\"600\" height=\"450\" data-id=\"10648\" src=\"https:\/\/i0.wp.com\/ecolefermedesbois.ch\/wp-content\/uploads\/2023\/06\/wp-16870912725005139232665526231130.jpg?resize=600%2C450&#038;ssl=1\" alt=\"\" class=\"wp-image-10648\" srcset=\"https:\/\/i0.wp.com\/ecolefermedesbois.ch\/wp-content\/uploads\/2023\/06\/wp-16870912725005139232665526231130.jpg?resize=600%2C450&amp;ssl=1 600w, https:\/\/i0.wp.com\/ecolefermedesbois.ch\/wp-content\/uploads\/2023\/06\/wp-16870912725005139232665526231130.jpg?resize=300%2C225&amp;ssl=1 300w, https:\/\/i0.wp.com\/ecolefermedesbois.ch\/wp-content\/uploads\/2023\/06\/wp-16870912725005139232665526231130.jpg?resize=768%2C576&amp;ssl=1 768w, https:\/\/i0.wp.com\/ecolefermedesbois.ch\/wp-content\/uploads\/2023\/06\/wp-16870912725005139232665526231130.jpg?w=1000&amp;ssl=1 1000w\" sizes=\"(max-width: 600px) 100vw, 600px\" \/><\/figure>\n\n\n\n<figure class=\"wp-block-image size-large\"><img data-recalc-dims=\"1\" loading=\"lazy\" decoding=\"async\" width=\"338\" height=\"600\" data-id=\"10643\" src=\"https:\/\/i0.wp.com\/ecolefermedesbois.ch\/wp-content\/uploads\/2023\/06\/wp-16870912717461315549504901242482.jpg?resize=338%2C600&#038;ssl=1\" alt=\"\" class=\"wp-image-10643\" srcset=\"https:\/\/i0.wp.com\/ecolefermedesbois.ch\/wp-content\/uploads\/2023\/06\/wp-16870912717461315549504901242482.jpg?resize=338%2C600&amp;ssl=1 338w, https:\/\/i0.wp.com\/ecolefermedesbois.ch\/wp-content\/uploads\/2023\/06\/wp-16870912717461315549504901242482.jpg?resize=169%2C300&amp;ssl=1 169w, https:\/\/i0.wp.com\/ecolefermedesbois.ch\/wp-content\/uploads\/2023\/06\/wp-16870912717461315549504901242482.jpg?w=563&amp;ssl=1 563w\" sizes=\"(max-width: 338px) 100vw, 338px\" \/><\/figure>\n\n\n\n<figure class=\"wp-block-image size-large\"><img data-recalc-dims=\"1\" loading=\"lazy\" decoding=\"async\" width=\"338\" height=\"600\" data-id=\"10642\" src=\"https:\/\/i0.wp.com\/ecolefermedesbois.ch\/wp-content\/uploads\/2023\/06\/wp-1687091271694253551533730091495.jpg?resize=338%2C600&#038;ssl=1\" alt=\"\" class=\"wp-image-10642\" srcset=\"https:\/\/i0.wp.com\/ecolefermedesbois.ch\/wp-content\/uploads\/2023\/06\/wp-1687091271694253551533730091495.jpg?resize=338%2C600&amp;ssl=1 338w, https:\/\/i0.wp.com\/ecolefermedesbois.ch\/wp-content\/uploads\/2023\/06\/wp-1687091271694253551533730091495.jpg?resize=169%2C300&amp;ssl=1 169w, https:\/\/i0.wp.com\/ecolefermedesbois.ch\/wp-content\/uploads\/2023\/06\/wp-1687091271694253551533730091495.jpg?w=563&amp;ssl=1 563w\" sizes=\"(max-width: 338px) 100vw, 338px\" \/><\/figure>\n\n\n\n<figure class=\"wp-block-image size-large\"><img data-recalc-dims=\"1\" loading=\"lazy\" decoding=\"async\" width=\"450\" height=\"600\" data-id=\"10646\" src=\"https:\/\/i0.wp.com\/ecolefermedesbois.ch\/wp-content\/uploads\/2023\/06\/wp-16870912720992039618383011504603.jpg?resize=450%2C600&#038;ssl=1\" alt=\"\" class=\"wp-image-10646\" srcset=\"https:\/\/i0.wp.com\/ecolefermedesbois.ch\/wp-content\/uploads\/2023\/06\/wp-16870912720992039618383011504603.jpg?resize=450%2C600&amp;ssl=1 450w, https:\/\/i0.wp.com\/ecolefermedesbois.ch\/wp-content\/uploads\/2023\/06\/wp-16870912720992039618383011504603.jpg?resize=225%2C300&amp;ssl=1 225w, https:\/\/i0.wp.com\/ecolefermedesbois.ch\/wp-content\/uploads\/2023\/06\/wp-16870912720992039618383011504603.jpg?w=750&amp;ssl=1 750w\" sizes=\"(max-width: 450px) 100vw, 450px\" \/><\/figure>\n\n\n\n<figure class=\"wp-block-image size-large\"><img data-recalc-dims=\"1\" loading=\"lazy\" decoding=\"async\" width=\"338\" height=\"600\" data-id=\"10644\" src=\"https:\/\/i0.wp.com\/ecolefermedesbois.ch\/wp-content\/uploads\/2023\/06\/wp-1687091271909435126889489509355.jpg?resize=338%2C600&#038;ssl=1\" alt=\"\" class=\"wp-image-10644\" srcset=\"https:\/\/i0.wp.com\/ecolefermedesbois.ch\/wp-content\/uploads\/2023\/06\/wp-1687091271909435126889489509355.jpg?resize=338%2C600&amp;ssl=1 338w, https:\/\/i0.wp.com\/ecolefermedesbois.ch\/wp-content\/uploads\/2023\/06\/wp-1687091271909435126889489509355.jpg?resize=169%2C300&amp;ssl=1 169w, https:\/\/i0.wp.com\/ecolefermedesbois.ch\/wp-content\/uploads\/2023\/06\/wp-1687091271909435126889489509355.jpg?w=563&amp;ssl=1 563w\" sizes=\"(max-width: 338px) 100vw, 338px\" \/><\/figure>\n\n\n\n<figure class=\"wp-block-image size-large\"><img data-recalc-dims=\"1\" loading=\"lazy\" decoding=\"async\" width=\"600\" height=\"450\" data-id=\"10645\" src=\"https:\/\/i0.wp.com\/ecolefermedesbois.ch\/wp-content\/uploads\/2023\/06\/wp-16870912719504067922571406423580.jpg?resize=600%2C450&#038;ssl=1\" alt=\"\" class=\"wp-image-10645\" srcset=\"https:\/\/i0.wp.com\/ecolefermedesbois.ch\/wp-content\/uploads\/2023\/06\/wp-16870912719504067922571406423580.jpg?resize=600%2C450&amp;ssl=1 600w, https:\/\/i0.wp.com\/ecolefermedesbois.ch\/wp-content\/uploads\/2023\/06\/wp-16870912719504067922571406423580.jpg?resize=300%2C225&amp;ssl=1 300w, https:\/\/i0.wp.com\/ecolefermedesbois.ch\/wp-content\/uploads\/2023\/06\/wp-16870912719504067922571406423580.jpg?resize=768%2C576&amp;ssl=1 768w, https:\/\/i0.wp.com\/ecolefermedesbois.ch\/wp-content\/uploads\/2023\/06\/wp-16870912719504067922571406423580.jpg?w=1000&amp;ssl=1 1000w\" sizes=\"(max-width: 600px) 100vw, 600px\" \/><\/figure>\n<\/figure>\n","protected":false},"excerpt":{"rendered":"<p>Vendredi, les \u00e9l\u00e8ves 5P de Diane Baud de Carrouge sont venus rencontrer leur correspondants de l&rsquo;institution de La Cassagne de&#46;&#46;&#46;<\/p>\n","protected":false},"author":2,"featured_media":10645,"comment_status":"open","ping_status":"open","sticky":false,"template":"","format":"image","meta":{"jetpack_post_was_ever_published":false,"footnotes":"","jetpack_publicize_message":"","jetpack_publicize_feature_enabled":true,"jetpack_social_post_already_shared":false,"jetpack_social_options":{"image_generator_settings":{"template":"highway","default_image_id":0,"font":"","enabled":false},"version":2}},"categories":[33],"tags":[],"class_list":["post-10667","post","type-post","status-publish","format-image","has-post-thumbnail","hentry","category-ecole","post_format-post-format-image"],"yoast_head":"<!-- This site is optimized with the Yoast SEO plugin v27.5 - https:\/\/yoast.com\/product\/yoast-seo-wordpress\/ -->\n<title>Deux classes de correspondance ce rencontrent \u00e0 la ferme des Bois -<\/title>\n<meta name=\"robots\" content=\"index, follow, max-snippet:-1, max-image-preview:large, max-video-preview:-1\" \/>\n<link rel=\"canonical\" href=\"https:\/\/ecolefermedesbois.ch\/?p=10667\" \/>\n<meta property=\"og:locale\" content=\"fr_FR\" \/>\n<meta property=\"og:type\" content=\"article\" \/>\n<meta property=\"og:title\" content=\"Deux classes de correspondance ce rencontrent \u00e0 la ferme des Bois -\" \/>\n<meta property=\"og:description\" content=\"Vendredi, les \u00e9l\u00e8ves 5P de Diane Baud de Carrouge sont venus rencontrer leur correspondants de l&rsquo;institution de La Cassagne de&#046;&#046;&#046;\" \/>\n<meta property=\"og:url\" content=\"https:\/\/ecolefermedesbois.ch\/?p=10667\" \/>\n<meta property=\"article:publisher\" content=\"https:\/\/www.facebook.com\/ecolefermedesBois\" \/>\n<meta property=\"article:published_time\" content=\"2023-06-18T13:38:16+00:00\" \/>\n<meta property=\"article:modified_time\" content=\"2023-06-18T18:49:10+00:00\" \/>\n<meta property=\"og:image\" content=\"https:\/\/ecolefermedesbois.ch\/wp-content\/uploads\/2023\/06\/wp-16870912719504067922571406423580.jpg\" \/>\n\t<meta property=\"og:image:width\" content=\"1000\" \/>\n\t<meta property=\"og:image:height\" content=\"750\" \/>\n\t<meta property=\"og:image:type\" content=\"image\/jpeg\" \/>\n<meta name=\"author\" content=\"Sophie\" \/>\n<meta name=\"twitter:card\" content=\"summary_large_image\" \/>\n<meta name=\"twitter:label1\" content=\"\u00c9crit par\" \/>\n\t<meta name=\"twitter:data1\" content=\"Sophie\" \/>\n\t<meta name=\"twitter:label2\" content=\"Dur\u00e9e de lecture estim\u00e9e\" \/>\n\t<meta name=\"twitter:data2\" content=\"8 minutes\" \/>\n<script type=\"application\/ld+json\" class=\"yoast-schema-graph\">{\"@context\":\"https:\\\/\\\/schema.org\",\"@graph\":[{\"@type\":\"Article\",\"@id\":\"https:\\\/\\\/ecolefermedesbois.ch\\\/?p=10667#article\",\"isPartOf\":{\"@id\":\"https:\\\/\\\/ecolefermedesbois.ch\\\/?p=10667\"},\"author\":{\"name\":\"Sophie\",\"@id\":\"https:\\\/\\\/ecolefermedesbois.ch\\\/#\\\/schema\\\/person\\\/78f5a1c78e958e51240f90932d290908\"},\"headline\":\"Deux classes de correspondance ce rencontrent \u00e0 la ferme des Bois\",\"datePublished\":\"2023-06-18T13:38:16+00:00\",\"dateModified\":\"2023-06-18T18:49:10+00:00\",\"mainEntityOfPage\":{\"@id\":\"https:\\\/\\\/ecolefermedesbois.ch\\\/?p=10667\"},\"wordCount\":756,\"commentCount\":0,\"publisher\":{\"@id\":\"https:\\\/\\\/ecolefermedesbois.ch\\\/#organization\"},\"image\":{\"@id\":\"https:\\\/\\\/ecolefermedesbois.ch\\\/?p=10667#primaryimage\"},\"thumbnailUrl\":\"https:\\\/\\\/i0.wp.com\\\/ecolefermedesbois.ch\\\/wp-content\\\/uploads\\\/2023\\\/06\\\/wp-16870912719504067922571406423580.jpg?fit=1000%2C750&ssl=1\",\"articleSection\":[\"Ecole\"],\"inLanguage\":\"fr-FR\",\"potentialAction\":[{\"@type\":\"CommentAction\",\"name\":\"Comment\",\"target\":[\"https:\\\/\\\/ecolefermedesbois.ch\\\/?p=10667#respond\"]}]},{\"@type\":\"WebPage\",\"@id\":\"https:\\\/\\\/ecolefermedesbois.ch\\\/?p=10667\",\"url\":\"https:\\\/\\\/ecolefermedesbois.ch\\\/?p=10667\",\"name\":\"Deux classes de correspondance ce rencontrent \u00e0 la ferme des Bois -\",\"isPartOf\":{\"@id\":\"https:\\\/\\\/ecolefermedesbois.ch\\\/#website\"},\"primaryImageOfPage\":{\"@id\":\"https:\\\/\\\/ecolefermedesbois.ch\\\/?p=10667#primaryimage\"},\"image\":{\"@id\":\"https:\\\/\\\/ecolefermedesbois.ch\\\/?p=10667#primaryimage\"},\"thumbnailUrl\":\"https:\\\/\\\/i0.wp.com\\\/ecolefermedesbois.ch\\\/wp-content\\\/uploads\\\/2023\\\/06\\\/wp-16870912719504067922571406423580.jpg?fit=1000%2C750&ssl=1\",\"datePublished\":\"2023-06-18T13:38:16+00:00\",\"dateModified\":\"2023-06-18T18:49:10+00:00\",\"breadcrumb\":{\"@id\":\"https:\\\/\\\/ecolefermedesbois.ch\\\/?p=10667#breadcrumb\"},\"inLanguage\":\"fr-FR\",\"potentialAction\":[{\"@type\":\"ReadAction\",\"target\":[\"https:\\\/\\\/ecolefermedesbois.ch\\\/?p=10667\"]}]},{\"@type\":\"ImageObject\",\"inLanguage\":\"fr-FR\",\"@id\":\"https:\\\/\\\/ecolefermedesbois.ch\\\/?p=10667#primaryimage\",\"url\":\"https:\\\/\\\/i0.wp.com\\\/ecolefermedesbois.ch\\\/wp-content\\\/uploads\\\/2023\\\/06\\\/wp-16870912719504067922571406423580.jpg?fit=1000%2C750&ssl=1\",\"contentUrl\":\"https:\\\/\\\/i0.wp.com\\\/ecolefermedesbois.ch\\\/wp-content\\\/uploads\\\/2023\\\/06\\\/wp-16870912719504067922571406423580.jpg?fit=1000%2C750&ssl=1\",\"width\":1000,\"height\":750},{\"@type\":\"BreadcrumbList\",\"@id\":\"https:\\\/\\\/ecolefermedesbois.ch\\\/?p=10667#breadcrumb\",\"itemListElement\":[{\"@type\":\"ListItem\",\"position\":1,\"name\":\"Accueil\",\"item\":\"https:\\\/\\\/ecolefermedesbois.ch\\\/\"},{\"@type\":\"ListItem\",\"position\":2,\"name\":\"Deux classes de correspondance ce rencontrent \u00e0 la ferme des Bois\"}]},{\"@type\":\"WebSite\",\"@id\":\"https:\\\/\\\/ecolefermedesbois.ch\\\/#website\",\"url\":\"https:\\\/\\\/ecolefermedesbois.ch\\\/\",\"name\":\"ecolefermedesbois\",\"description\":\"\",\"publisher\":{\"@id\":\"https:\\\/\\\/ecolefermedesbois.ch\\\/#organization\"},\"potentialAction\":[{\"@type\":\"SearchAction\",\"target\":{\"@type\":\"EntryPoint\",\"urlTemplate\":\"https:\\\/\\\/ecolefermedesbois.ch\\\/?s={search_term_string}\"},\"query-input\":{\"@type\":\"PropertyValueSpecification\",\"valueRequired\":true,\"valueName\":\"search_term_string\"}}],\"inLanguage\":\"fr-FR\"},{\"@type\":\"Organization\",\"@id\":\"https:\\\/\\\/ecolefermedesbois.ch\\\/#organization\",\"name\":\"Ecole \u00e0 la Ferme des Bois\",\"url\":\"https:\\\/\\\/ecolefermedesbois.ch\\\/\",\"logo\":{\"@type\":\"ImageObject\",\"inLanguage\":\"fr-FR\",\"@id\":\"https:\\\/\\\/ecolefermedesbois.ch\\\/#\\\/schema\\\/logo\\\/image\\\/\",\"url\":\"https:\\\/\\\/ecolefermedesbois.ch\\\/wp-content\\\/uploads\\\/2019\\\/04\\\/logo-scaled.gif\",\"contentUrl\":\"https:\\\/\\\/ecolefermedesbois.ch\\\/wp-content\\\/uploads\\\/2019\\\/04\\\/logo-scaled.gif\",\"width\":2560,\"height\":608,\"caption\":\"Ecole \u00e0 la Ferme des Bois\"},\"image\":{\"@id\":\"https:\\\/\\\/ecolefermedesbois.ch\\\/#\\\/schema\\\/logo\\\/image\\\/\"},\"sameAs\":[\"https:\\\/\\\/www.facebook.com\\\/ecolefermedesBois\"]},{\"@type\":\"Person\",\"@id\":\"https:\\\/\\\/ecolefermedesbois.ch\\\/#\\\/schema\\\/person\\\/78f5a1c78e958e51240f90932d290908\",\"name\":\"Sophie\",\"image\":{\"@type\":\"ImageObject\",\"inLanguage\":\"fr-FR\",\"@id\":\"https:\\\/\\\/secure.gravatar.com\\\/avatar\\\/053fbaec50cb27b03b880a4b8b018009aa3af995f32011efc3f40a589371d46f?s=96&d=mm&r=g\",\"url\":\"https:\\\/\\\/secure.gravatar.com\\\/avatar\\\/053fbaec50cb27b03b880a4b8b018009aa3af995f32011efc3f40a589371d46f?s=96&d=mm&r=g\",\"contentUrl\":\"https:\\\/\\\/secure.gravatar.com\\\/avatar\\\/053fbaec50cb27b03b880a4b8b018009aa3af995f32011efc3f40a589371d46f?s=96&d=mm&r=g\",\"caption\":\"Sophie\"},\"url\":\"https:\\\/\\\/ecolefermedesbois.ch\\\/?author=2\"}]}<\/script>\n<!-- \/ Yoast SEO plugin. -->","yoast_head_json":{"title":"Deux classes de correspondance ce rencontrent \u00e0 la ferme des Bois -","robots":{"index":"index","follow":"follow","max-snippet":"max-snippet:-1","max-image-preview":"max-image-preview:large","max-video-preview":"max-video-preview:-1"},"canonical":"https:\/\/ecolefermedesbois.ch\/?p=10667","og_locale":"fr_FR","og_type":"article","og_title":"Deux classes de correspondance ce rencontrent \u00e0 la ferme des Bois -","og_description":"Vendredi, les \u00e9l\u00e8ves 5P de Diane Baud de Carrouge sont venus rencontrer leur correspondants de l&rsquo;institution de La Cassagne de&#46;&#46;&#46;","og_url":"https:\/\/ecolefermedesbois.ch\/?p=10667","article_publisher":"https:\/\/www.facebook.com\/ecolefermedesBois","article_published_time":"2023-06-18T13:38:16+00:00","article_modified_time":"2023-06-18T18:49:10+00:00","og_image":[{"width":1000,"height":750,"url":"https:\/\/ecolefermedesbois.ch\/wp-content\/uploads\/2023\/06\/wp-16870912719504067922571406423580.jpg","type":"image\/jpeg"}],"author":"Sophie","twitter_card":"summary_large_image","twitter_misc":{"\u00c9crit par":"Sophie","Dur\u00e9e de lecture estim\u00e9e":"8 minutes"},"schema":{"@context":"https:\/\/schema.org","@graph":[{"@type":"Article","@id":"https:\/\/ecolefermedesbois.ch\/?p=10667#article","isPartOf":{"@id":"https:\/\/ecolefermedesbois.ch\/?p=10667"},"author":{"name":"Sophie","@id":"https:\/\/ecolefermedesbois.ch\/#\/schema\/person\/78f5a1c78e958e51240f90932d290908"},"headline":"Deux classes de correspondance ce rencontrent \u00e0 la ferme des Bois","datePublished":"2023-06-18T13:38:16+00:00","dateModified":"2023-06-18T18:49:10+00:00","mainEntityOfPage":{"@id":"https:\/\/ecolefermedesbois.ch\/?p=10667"},"wordCount":756,"commentCount":0,"publisher":{"@id":"https:\/\/ecolefermedesbois.ch\/#organization"},"image":{"@id":"https:\/\/ecolefermedesbois.ch\/?p=10667#primaryimage"},"thumbnailUrl":"https:\/\/i0.wp.com\/ecolefermedesbois.ch\/wp-content\/uploads\/2023\/06\/wp-16870912719504067922571406423580.jpg?fit=1000%2C750&ssl=1","articleSection":["Ecole"],"inLanguage":"fr-FR","potentialAction":[{"@type":"CommentAction","name":"Comment","target":["https:\/\/ecolefermedesbois.ch\/?p=10667#respond"]}]},{"@type":"WebPage","@id":"https:\/\/ecolefermedesbois.ch\/?p=10667","url":"https:\/\/ecolefermedesbois.ch\/?p=10667","name":"Deux classes de correspondance ce rencontrent \u00e0 la ferme des Bois -","isPartOf":{"@id":"https:\/\/ecolefermedesbois.ch\/#website"},"primaryImageOfPage":{"@id":"https:\/\/ecolefermedesbois.ch\/?p=10667#primaryimage"},"image":{"@id":"https:\/\/ecolefermedesbois.ch\/?p=10667#primaryimage"},"thumbnailUrl":"https:\/\/i0.wp.com\/ecolefermedesbois.ch\/wp-content\/uploads\/2023\/06\/wp-16870912719504067922571406423580.jpg?fit=1000%2C750&ssl=1","datePublished":"2023-06-18T13:38:16+00:00","dateModified":"2023-06-18T18:49:10+00:00","breadcrumb":{"@id":"https:\/\/ecolefermedesbois.ch\/?p=10667#breadcrumb"},"inLanguage":"fr-FR","potentialAction":[{"@type":"ReadAction","target":["https:\/\/ecolefermedesbois.ch\/?p=10667"]}]},{"@type":"ImageObject","inLanguage":"fr-FR","@id":"https:\/\/ecolefermedesbois.ch\/?p=10667#primaryimage","url":"https:\/\/i0.wp.com\/ecolefermedesbois.ch\/wp-content\/uploads\/2023\/06\/wp-16870912719504067922571406423580.jpg?fit=1000%2C750&ssl=1","contentUrl":"https:\/\/i0.wp.com\/ecolefermedesbois.ch\/wp-content\/uploads\/2023\/06\/wp-16870912719504067922571406423580.jpg?fit=1000%2C750&ssl=1","width":1000,"height":750},{"@type":"BreadcrumbList","@id":"https:\/\/ecolefermedesbois.ch\/?p=10667#breadcrumb","itemListElement":[{"@type":"ListItem","position":1,"name":"Accueil","item":"https:\/\/ecolefermedesbois.ch\/"},{"@type":"ListItem","position":2,"name":"Deux classes de correspondance ce rencontrent \u00e0 la ferme des Bois"}]},{"@type":"WebSite","@id":"https:\/\/ecolefermedesbois.ch\/#website","url":"https:\/\/ecolefermedesbois.ch\/","name":"ecolefermedesbois","description":"","publisher":{"@id":"https:\/\/ecolefermedesbois.ch\/#organization"},"potentialAction":[{"@type":"SearchAction","target":{"@type":"EntryPoint","urlTemplate":"https:\/\/ecolefermedesbois.ch\/?s={search_term_string}"},"query-input":{"@type":"PropertyValueSpecification","valueRequired":true,"valueName":"search_term_string"}}],"inLanguage":"fr-FR"},{"@type":"Organization","@id":"https:\/\/ecolefermedesbois.ch\/#organization","name":"Ecole \u00e0 la Ferme des Bois","url":"https:\/\/ecolefermedesbois.ch\/","logo":{"@type":"ImageObject","inLanguage":"fr-FR","@id":"https:\/\/ecolefermedesbois.ch\/#\/schema\/logo\/image\/","url":"https:\/\/ecolefermedesbois.ch\/wp-content\/uploads\/2019\/04\/logo-scaled.gif","contentUrl":"https:\/\/ecolefermedesbois.ch\/wp-content\/uploads\/2019\/04\/logo-scaled.gif","width":2560,"height":608,"caption":"Ecole \u00e0 la Ferme des Bois"},"image":{"@id":"https:\/\/ecolefermedesbois.ch\/#\/schema\/logo\/image\/"},"sameAs":["https:\/\/www.facebook.com\/ecolefermedesBois"]},{"@type":"Person","@id":"https:\/\/ecolefermedesbois.ch\/#\/schema\/person\/78f5a1c78e958e51240f90932d290908","name":"Sophie","image":{"@type":"ImageObject","inLanguage":"fr-FR","@id":"https:\/\/secure.gravatar.com\/avatar\/053fbaec50cb27b03b880a4b8b018009aa3af995f32011efc3f40a589371d46f?s=96&d=mm&r=g","url":"https:\/\/secure.gravatar.com\/avatar\/053fbaec50cb27b03b880a4b8b018009aa3af995f32011efc3f40a589371d46f?s=96&d=mm&r=g","contentUrl":"https:\/\/secure.gravatar.com\/avatar\/053fbaec50cb27b03b880a4b8b018009aa3af995f32011efc3f40a589371d46f?s=96&d=mm&r=g","caption":"Sophie"},"url":"https:\/\/ecolefermedesbois.ch\/?author=2"}]}},"jetpack_publicize_connections":[],"jetpack_featured_media_url":"https:\/\/i0.wp.com\/ecolefermedesbois.ch\/wp-content\/uploads\/2023\/06\/wp-16870912719504067922571406423580.jpg?fit=1000%2C750&ssl=1","jetpack_sharing_enabled":true,"_links":{"self":[{"href":"https:\/\/ecolefermedesbois.ch\/index.php?rest_route=\/wp\/v2\/posts\/10667","targetHints":{"allow":["GET"]}}],"collection":[{"href":"https:\/\/ecolefermedesbois.ch\/index.php?rest_route=\/wp\/v2\/posts"}],"about":[{"href":"https:\/\/ecolefermedesbois.ch\/index.php?rest_route=\/wp\/v2\/types\/post"}],"author":[{"embeddable":true,"href":"https:\/\/ecolefermedesbois.ch\/index.php?rest_route=\/wp\/v2\/users\/2"}],"replies":[{"embeddable":true,"href":"https:\/\/ecolefermedesbois.ch\/index.php?rest_route=%2Fwp%2Fv2%2Fcomments&post=10667"}],"version-history":[{"count":2,"href":"https:\/\/ecolefermedesbois.ch\/index.php?rest_route=\/wp\/v2\/posts\/10667\/revisions"}],"predecessor-version":[{"id":10671,"href":"https:\/\/ecolefermedesbois.ch\/index.php?rest_route=\/wp\/v2\/posts\/10667\/revisions\/10671"}],"wp:featuredmedia":[{"embeddable":true,"href":"https:\/\/ecolefermedesbois.ch\/index.php?rest_route=\/wp\/v2\/media\/10645"}],"wp:attachment":[{"href":"https:\/\/ecolefermedesbois.ch\/index.php?rest_route=%2Fwp%2Fv2%2Fmedia&parent=10667"}],"wp:term":[{"taxonomy":"category","embeddable":true,"href":"https:\/\/ecolefermedesbois.ch\/index.php?rest_route=%2Fwp%2Fv2%2Fcategories&post=10667"},{"taxonomy":"post_tag","embeddable":true,"href":"https:\/\/ecolefermedesbois.ch\/index.php?rest_route=%2Fwp%2Fv2%2Ftags&post=10667"}],"curies":[{"name":"wp","href":"https:\/\/api.w.org\/{rel}","templated":true}]}}