{"id":10342,"date":"2023-05-29T21:39:26","date_gmt":"2023-05-29T19:39:26","guid":{"rendered":"https:\/\/ecolefermedesbois.ch\/?p=10342"},"modified":"2023-05-29T21:39:27","modified_gmt":"2023-05-29T19:39:27","slug":"de-labeille-au-miel-avec-une-classe-4p-doron","status":"publish","type":"post","link":"https:\/\/ecolefermedesbois.ch\/?p=10342","title":{"rendered":"De l&rsquo;abeille au miel avec une classe 4P d&rsquo;Oron"},"content":{"rendered":"<div class=\"pdfprnt-buttons pdfprnt-buttons-post pdfprnt-top-right\"><a href=\"https:\/\/ecolefermedesbois.ch\/index.php?rest_route=%2Fwp%2Fv2%2Fposts%2F10342&print=pdf\" class=\"pdfprnt-button pdfprnt-button-pdf\" target=\"_blank\" ><img data-recalc-dims=\"1\" decoding=\"async\" src=\"https:\/\/i0.wp.com\/ecolefermedesbois.ch\/wp-content\/plugins\/pdf-print\/images\/pdf.png?w=720&#038;ssl=1\" alt=\"image_pdf\" title=\"Afficher le PDF\" \/><\/a><a href=\"https:\/\/ecolefermedesbois.ch\/index.php?rest_route=%2Fwp%2Fv2%2Fposts%2F10342&print=print\" class=\"pdfprnt-button pdfprnt-button-print\" target=\"_blank\" ><img data-recalc-dims=\"1\" decoding=\"async\" src=\"https:\/\/i0.wp.com\/ecolefermedesbois.ch\/wp-content\/plugins\/pdf-print\/images\/print.png?w=720&#038;ssl=1\" alt=\"image_print\" title=\"Contenu imprim\u00e9\" \/><\/a><\/div>\n<p>Jeudi dernier, les \u00e9l\u00e8ves de Tanya Bourgeois sont venus d\u00e9couvrir l&rsquo;univers des abeilles.<\/p>\n\n\n\n<p>Nous commen\u00e7ons la matin\u00e9e par un jeu de questions \u00e0 r\u00e9ponses \u00e0 choix sur les abeilles. Puis nous parlons de la colonie. Qui y vit et quel est son r\u00f4le \u00e0 l&rsquo;int\u00e9rieur de la ruche ou encore combien d&rsquo;abeilles vivent dans la colonie. <br>Apr\u00e8s la r\u00e9cr\u00e9ation, nous parlons de l&rsquo;essaimage des abeilles. Pourquoi des abeilles quittent leur ruche et o\u00f9 vont-elles. Nous finissons par parler de la communication des abeilles.<\/p>\n\n\n\n<p>Pour la deuxi\u00e8me partie de la matin\u00e9e, nous faisons 2 groupes. <br>Un groupe est avec Floriane pour approfondir le sujet de la pollinisation. Comprendre ce qui se passe dans une fleur lorsque l&rsquo;abeille vient la butiner et l&rsquo;importance de l&rsquo;abeille. Ensuite, les \u00e9l\u00e8ves vont d\u00e9couvrir les diff\u00e9rents m\u00e9tiers que l&rsquo;abeille ouvri\u00e8re va faire tout au long de sa vie ainsi qu&rsquo;elle va produire une cuill\u00e8re \u00e0 caf\u00e9 de miel durant ses 40 jours de vie.<\/p>\n\n\n\n<p>Pendant ce temps, l&rsquo;autre groupe est \u00e9galement s\u00e9par\u00e9 en 2. Car je peux prendre que 5 enfants maximum avec moi vers les ruches. Au rucher, je vais faire d\u00e9couvrir aux \u00e9l\u00e8ves comment se constitue une ruche, ses diff\u00e9rentes parties. Les \u00e9l\u00e8ves ont pu observer un cadre de hausse rempli de miel et l\u2019int\u00e9rieur du corps de la ruche. Quand je soulevais les diff\u00e9rentes parties de la ruche, les \u00e9l\u00e8ves enfumaient les abeilles afin de les calmer et de les faire descendre. Nous avons pu observer les abeilles travailler. Nous avons \u00e9galement observer plusieurs abeilles ouvri\u00e8res qui avaient des pelotes de pollen accroch\u00e9s \u00e0 leurs pattes. <br>Pendant que suis au rucher, l&rsquo;autre moit\u00e9 du groupe d\u00e9couvre avec Emilie la diff\u00e9rence entre la naissance de la reine, des ouvri\u00e8res et des faux-bourdons. Ainsi que les diff\u00e9rents types de miels. Puis nous \u00e9changeons nos groupes.<br>Ensuite nous \u00e9changeons les groupes avec Floriane afin que chaque \u00e9l\u00e8ve puisse faire les m\u00eames activit\u00e9s et d\u00e9couvertes.<br>Pour clore cette matin\u00e9e, nous parlons du nourrissage des abeilles pour l&rsquo;hiver, de l&rsquo;extraction du miel et de sa maturation.<\/p>\n\n\n\n<p>Merci les \u00e9l\u00e8ves pour vos questions et votre plaisir \u00e0 d\u00e9couvrir ce monde si fascinant. Un grand BRAVO \u00e0 ceux qui ont surmont\u00e9 leur peur en s&rsquo;approchant des ruches.<\/p>\n\n\n\n<p>Merci Tanya d&rsquo;\u00eatre venue tester notre nouvel atelier et de nous permettre de partager ces moments juste magiques.<\/p>\n\n\n\n<p>A bient\u00f4t<\/p>\n\n\n\n<p>Sophie, Floriane, Emilie et Ken<\/p>\n\n\n\n<figure class=\"wp-block-gallery has-nested-images columns-default is-cropped wp-block-gallery-1 is-layout-flex wp-block-gallery-is-layout-flex\">\n<figure class=\"wp-block-image size-large\"><img data-recalc-dims=\"1\" fetchpriority=\"high\" decoding=\"async\" width=\"450\" height=\"600\" data-id=\"10315\" src=\"https:\/\/i0.wp.com\/ecolefermedesbois.ch\/wp-content\/uploads\/2023\/05\/wp-16853868664664648472047543960360.jpg?resize=450%2C600&#038;ssl=1\" alt=\"\" class=\"wp-image-10315\" srcset=\"https:\/\/i0.wp.com\/ecolefermedesbois.ch\/wp-content\/uploads\/2023\/05\/wp-16853868664664648472047543960360.jpg?resize=450%2C600&amp;ssl=1 450w, https:\/\/i0.wp.com\/ecolefermedesbois.ch\/wp-content\/uploads\/2023\/05\/wp-16853868664664648472047543960360.jpg?resize=225%2C300&amp;ssl=1 225w, https:\/\/i0.wp.com\/ecolefermedesbois.ch\/wp-content\/uploads\/2023\/05\/wp-16853868664664648472047543960360.jpg?w=750&amp;ssl=1 750w\" sizes=\"(max-width: 450px) 100vw, 450px\" \/><\/figure>\n\n\n\n<figure class=\"wp-block-image size-large\"><img data-recalc-dims=\"1\" decoding=\"async\" width=\"450\" height=\"600\" data-id=\"10316\" src=\"https:\/\/i0.wp.com\/ecolefermedesbois.ch\/wp-content\/uploads\/2023\/05\/wp-16853868665182877232180831627479.jpg?resize=450%2C600&#038;ssl=1\" alt=\"\" class=\"wp-image-10316\" srcset=\"https:\/\/i0.wp.com\/ecolefermedesbois.ch\/wp-content\/uploads\/2023\/05\/wp-16853868665182877232180831627479.jpg?resize=450%2C600&amp;ssl=1 450w, https:\/\/i0.wp.com\/ecolefermedesbois.ch\/wp-content\/uploads\/2023\/05\/wp-16853868665182877232180831627479.jpg?resize=225%2C300&amp;ssl=1 225w, https:\/\/i0.wp.com\/ecolefermedesbois.ch\/wp-content\/uploads\/2023\/05\/wp-16853868665182877232180831627479.jpg?w=750&amp;ssl=1 750w\" sizes=\"(max-width: 450px) 100vw, 450px\" \/><\/figure>\n\n\n\n<figure class=\"wp-block-image size-large\"><img data-recalc-dims=\"1\" decoding=\"async\" width=\"338\" height=\"600\" data-id=\"10306\" src=\"https:\/\/i0.wp.com\/ecolefermedesbois.ch\/wp-content\/uploads\/2023\/05\/wp-16853868659383657697728446934632.jpg?resize=338%2C600&#038;ssl=1\" alt=\"\" class=\"wp-image-10306\" srcset=\"https:\/\/i0.wp.com\/ecolefermedesbois.ch\/wp-content\/uploads\/2023\/05\/wp-16853868659383657697728446934632.jpg?resize=338%2C600&amp;ssl=1 338w, https:\/\/i0.wp.com\/ecolefermedesbois.ch\/wp-content\/uploads\/2023\/05\/wp-16853868659383657697728446934632.jpg?resize=169%2C300&amp;ssl=1 169w, https:\/\/i0.wp.com\/ecolefermedesbois.ch\/wp-content\/uploads\/2023\/05\/wp-16853868659383657697728446934632.jpg?w=563&amp;ssl=1 563w\" sizes=\"(max-width: 338px) 100vw, 338px\" \/><\/figure>\n\n\n\n<figure class=\"wp-block-image size-large\"><img data-recalc-dims=\"1\" loading=\"lazy\" decoding=\"async\" width=\"338\" height=\"600\" data-id=\"10301\" src=\"https:\/\/i0.wp.com\/ecolefermedesbois.ch\/wp-content\/uploads\/2023\/05\/wp-16853868658847329391867807403225.jpg?resize=338%2C600&#038;ssl=1\" alt=\"\" class=\"wp-image-10301\" srcset=\"https:\/\/i0.wp.com\/ecolefermedesbois.ch\/wp-content\/uploads\/2023\/05\/wp-16853868658847329391867807403225.jpg?resize=338%2C600&amp;ssl=1 338w, https:\/\/i0.wp.com\/ecolefermedesbois.ch\/wp-content\/uploads\/2023\/05\/wp-16853868658847329391867807403225.jpg?resize=169%2C300&amp;ssl=1 169w, https:\/\/i0.wp.com\/ecolefermedesbois.ch\/wp-content\/uploads\/2023\/05\/wp-16853868658847329391867807403225.jpg?w=563&amp;ssl=1 563w\" sizes=\"(max-width: 338px) 100vw, 338px\" \/><\/figure>\n\n\n\n<figure class=\"wp-block-image size-large\"><img data-recalc-dims=\"1\" loading=\"lazy\" decoding=\"async\" width=\"338\" height=\"600\" data-id=\"10302\" src=\"https:\/\/i0.wp.com\/ecolefermedesbois.ch\/wp-content\/uploads\/2023\/05\/wp-16853868659887878415690371553909.jpg?resize=338%2C600&#038;ssl=1\" alt=\"\" class=\"wp-image-10302\" srcset=\"https:\/\/i0.wp.com\/ecolefermedesbois.ch\/wp-content\/uploads\/2023\/05\/wp-16853868659887878415690371553909.jpg?resize=338%2C600&amp;ssl=1 338w, https:\/\/i0.wp.com\/ecolefermedesbois.ch\/wp-content\/uploads\/2023\/05\/wp-16853868659887878415690371553909.jpg?resize=169%2C300&amp;ssl=1 169w, https:\/\/i0.wp.com\/ecolefermedesbois.ch\/wp-content\/uploads\/2023\/05\/wp-16853868659887878415690371553909.jpg?w=563&amp;ssl=1 563w\" sizes=\"(max-width: 338px) 100vw, 338px\" \/><\/figure>\n\n\n\n<figure class=\"wp-block-image size-large\"><img data-recalc-dims=\"1\" loading=\"lazy\" decoding=\"async\" width=\"338\" height=\"600\" data-id=\"10307\" src=\"https:\/\/i0.wp.com\/ecolefermedesbois.ch\/wp-content\/uploads\/2023\/05\/wp-16853868661131732837818942337004.jpg?resize=338%2C600&#038;ssl=1\" alt=\"\" class=\"wp-image-10307\" srcset=\"https:\/\/i0.wp.com\/ecolefermedesbois.ch\/wp-content\/uploads\/2023\/05\/wp-16853868661131732837818942337004.jpg?resize=338%2C600&amp;ssl=1 338w, https:\/\/i0.wp.com\/ecolefermedesbois.ch\/wp-content\/uploads\/2023\/05\/wp-16853868661131732837818942337004.jpg?resize=169%2C300&amp;ssl=1 169w, https:\/\/i0.wp.com\/ecolefermedesbois.ch\/wp-content\/uploads\/2023\/05\/wp-16853868661131732837818942337004.jpg?w=563&amp;ssl=1 563w\" sizes=\"(max-width: 338px) 100vw, 338px\" \/><\/figure>\n\n\n\n<figure class=\"wp-block-image size-large\"><img data-recalc-dims=\"1\" loading=\"lazy\" decoding=\"async\" width=\"450\" height=\"600\" data-id=\"10303\" src=\"https:\/\/i0.wp.com\/ecolefermedesbois.ch\/wp-content\/uploads\/2023\/05\/wp-16853868656145300235552891057662.jpg?resize=450%2C600&#038;ssl=1\" alt=\"\" class=\"wp-image-10303\" srcset=\"https:\/\/i0.wp.com\/ecolefermedesbois.ch\/wp-content\/uploads\/2023\/05\/wp-16853868656145300235552891057662.jpg?resize=450%2C600&amp;ssl=1 450w, https:\/\/i0.wp.com\/ecolefermedesbois.ch\/wp-content\/uploads\/2023\/05\/wp-16853868656145300235552891057662.jpg?resize=225%2C300&amp;ssl=1 225w, https:\/\/i0.wp.com\/ecolefermedesbois.ch\/wp-content\/uploads\/2023\/05\/wp-16853868656145300235552891057662.jpg?w=750&amp;ssl=1 750w\" sizes=\"(max-width: 450px) 100vw, 450px\" \/><\/figure>\n\n\n\n<figure class=\"wp-block-image size-large\"><img data-recalc-dims=\"1\" loading=\"lazy\" decoding=\"async\" width=\"600\" height=\"450\" data-id=\"10311\" src=\"https:\/\/i0.wp.com\/ecolefermedesbois.ch\/wp-content\/uploads\/2023\/05\/wp-16853868663544324757969558263192.jpg?resize=600%2C450&#038;ssl=1\" alt=\"\" class=\"wp-image-10311\" srcset=\"https:\/\/i0.wp.com\/ecolefermedesbois.ch\/wp-content\/uploads\/2023\/05\/wp-16853868663544324757969558263192.jpg?resize=600%2C450&amp;ssl=1 600w, https:\/\/i0.wp.com\/ecolefermedesbois.ch\/wp-content\/uploads\/2023\/05\/wp-16853868663544324757969558263192.jpg?resize=300%2C225&amp;ssl=1 300w, https:\/\/i0.wp.com\/ecolefermedesbois.ch\/wp-content\/uploads\/2023\/05\/wp-16853868663544324757969558263192.jpg?resize=768%2C576&amp;ssl=1 768w, https:\/\/i0.wp.com\/ecolefermedesbois.ch\/wp-content\/uploads\/2023\/05\/wp-16853868663544324757969558263192.jpg?w=1000&amp;ssl=1 1000w\" sizes=\"(max-width: 600px) 100vw, 600px\" \/><\/figure>\n\n\n\n<figure class=\"wp-block-image size-large\"><img data-recalc-dims=\"1\" loading=\"lazy\" decoding=\"async\" width=\"600\" height=\"450\" data-id=\"10309\" src=\"https:\/\/i0.wp.com\/ecolefermedesbois.ch\/wp-content\/uploads\/2023\/05\/wp-16853868661592079385249157015351.jpg?resize=600%2C450&#038;ssl=1\" alt=\"\" class=\"wp-image-10309\" srcset=\"https:\/\/i0.wp.com\/ecolefermedesbois.ch\/wp-content\/uploads\/2023\/05\/wp-16853868661592079385249157015351.jpg?resize=600%2C450&amp;ssl=1 600w, https:\/\/i0.wp.com\/ecolefermedesbois.ch\/wp-content\/uploads\/2023\/05\/wp-16853868661592079385249157015351.jpg?resize=300%2C225&amp;ssl=1 300w, https:\/\/i0.wp.com\/ecolefermedesbois.ch\/wp-content\/uploads\/2023\/05\/wp-16853868661592079385249157015351.jpg?resize=768%2C576&amp;ssl=1 768w, https:\/\/i0.wp.com\/ecolefermedesbois.ch\/wp-content\/uploads\/2023\/05\/wp-16853868661592079385249157015351.jpg?w=1000&amp;ssl=1 1000w\" sizes=\"(max-width: 600px) 100vw, 600px\" \/><\/figure>\n\n\n\n<figure class=\"wp-block-image size-large\"><img data-recalc-dims=\"1\" loading=\"lazy\" decoding=\"async\" width=\"450\" height=\"600\" data-id=\"10314\" src=\"https:\/\/i0.wp.com\/ecolefermedesbois.ch\/wp-content\/uploads\/2023\/05\/wp-16853868664076928525871033574918.jpg?resize=450%2C600&#038;ssl=1\" alt=\"\" class=\"wp-image-10314\" srcset=\"https:\/\/i0.wp.com\/ecolefermedesbois.ch\/wp-content\/uploads\/2023\/05\/wp-16853868664076928525871033574918.jpg?resize=450%2C600&amp;ssl=1 450w, https:\/\/i0.wp.com\/ecolefermedesbois.ch\/wp-content\/uploads\/2023\/05\/wp-16853868664076928525871033574918.jpg?resize=225%2C300&amp;ssl=1 225w, https:\/\/i0.wp.com\/ecolefermedesbois.ch\/wp-content\/uploads\/2023\/05\/wp-16853868664076928525871033574918.jpg?w=750&amp;ssl=1 750w\" sizes=\"(max-width: 450px) 100vw, 450px\" \/><\/figure>\n\n\n\n<figure class=\"wp-block-image size-large\"><img data-recalc-dims=\"1\" loading=\"lazy\" decoding=\"async\" width=\"467\" height=\"600\" data-id=\"10313\" src=\"https:\/\/i0.wp.com\/ecolefermedesbois.ch\/wp-content\/uploads\/2023\/05\/wp-16853868662523435277896867447049.jpg?resize=467%2C600&#038;ssl=1\" alt=\"\" class=\"wp-image-10313\" srcset=\"https:\/\/i0.wp.com\/ecolefermedesbois.ch\/wp-content\/uploads\/2023\/05\/wp-16853868662523435277896867447049.jpg?resize=467%2C600&amp;ssl=1 467w, https:\/\/i0.wp.com\/ecolefermedesbois.ch\/wp-content\/uploads\/2023\/05\/wp-16853868662523435277896867447049.jpg?resize=234%2C300&amp;ssl=1 234w, https:\/\/i0.wp.com\/ecolefermedesbois.ch\/wp-content\/uploads\/2023\/05\/wp-16853868662523435277896867447049.jpg?resize=768%2C986&amp;ssl=1 768w, https:\/\/i0.wp.com\/ecolefermedesbois.ch\/wp-content\/uploads\/2023\/05\/wp-16853868662523435277896867447049.jpg?w=779&amp;ssl=1 779w\" sizes=\"(max-width: 467px) 100vw, 467px\" \/><\/figure>\n\n\n\n<figure class=\"wp-block-image size-large\"><img data-recalc-dims=\"1\" loading=\"lazy\" decoding=\"async\" width=\"600\" height=\"450\" data-id=\"10312\" src=\"https:\/\/i0.wp.com\/ecolefermedesbois.ch\/wp-content\/uploads\/2023\/05\/wp-16853868662938875048301831589537.jpg?resize=600%2C450&#038;ssl=1\" alt=\"\" class=\"wp-image-10312\" srcset=\"https:\/\/i0.wp.com\/ecolefermedesbois.ch\/wp-content\/uploads\/2023\/05\/wp-16853868662938875048301831589537.jpg?resize=600%2C450&amp;ssl=1 600w, https:\/\/i0.wp.com\/ecolefermedesbois.ch\/wp-content\/uploads\/2023\/05\/wp-16853868662938875048301831589537.jpg?resize=300%2C225&amp;ssl=1 300w, https:\/\/i0.wp.com\/ecolefermedesbois.ch\/wp-content\/uploads\/2023\/05\/wp-16853868662938875048301831589537.jpg?resize=768%2C576&amp;ssl=1 768w, https:\/\/i0.wp.com\/ecolefermedesbois.ch\/wp-content\/uploads\/2023\/05\/wp-16853868662938875048301831589537.jpg?w=1000&amp;ssl=1 1000w\" sizes=\"(max-width: 600px) 100vw, 600px\" \/><\/figure>\n\n\n\n<figure class=\"wp-block-image size-large\"><img data-recalc-dims=\"1\" loading=\"lazy\" decoding=\"async\" width=\"338\" height=\"600\" data-id=\"10305\" src=\"https:\/\/i0.wp.com\/ecolefermedesbois.ch\/wp-content\/uploads\/2023\/05\/wp-16853868660327483511375118960530.jpg?resize=338%2C600&#038;ssl=1\" alt=\"\" class=\"wp-image-10305\" srcset=\"https:\/\/i0.wp.com\/ecolefermedesbois.ch\/wp-content\/uploads\/2023\/05\/wp-16853868660327483511375118960530.jpg?resize=338%2C600&amp;ssl=1 338w, https:\/\/i0.wp.com\/ecolefermedesbois.ch\/wp-content\/uploads\/2023\/05\/wp-16853868660327483511375118960530.jpg?resize=169%2C300&amp;ssl=1 169w, https:\/\/i0.wp.com\/ecolefermedesbois.ch\/wp-content\/uploads\/2023\/05\/wp-16853868660327483511375118960530.jpg?w=563&amp;ssl=1 563w\" sizes=\"(max-width: 338px) 100vw, 338px\" \/><\/figure>\n\n\n\n<figure class=\"wp-block-image size-large\"><img data-recalc-dims=\"1\" loading=\"lazy\" decoding=\"async\" width=\"338\" height=\"600\" data-id=\"10308\" src=\"https:\/\/i0.wp.com\/ecolefermedesbois.ch\/wp-content\/uploads\/2023\/05\/wp-16853868660754517113180433910710.jpg?resize=338%2C600&#038;ssl=1\" alt=\"\" class=\"wp-image-10308\" srcset=\"https:\/\/i0.wp.com\/ecolefermedesbois.ch\/wp-content\/uploads\/2023\/05\/wp-16853868660754517113180433910710.jpg?resize=338%2C600&amp;ssl=1 338w, https:\/\/i0.wp.com\/ecolefermedesbois.ch\/wp-content\/uploads\/2023\/05\/wp-16853868660754517113180433910710.jpg?resize=169%2C300&amp;ssl=1 169w, https:\/\/i0.wp.com\/ecolefermedesbois.ch\/wp-content\/uploads\/2023\/05\/wp-16853868660754517113180433910710.jpg?w=563&amp;ssl=1 563w\" sizes=\"(max-width: 338px) 100vw, 338px\" \/><\/figure>\n\n\n\n<figure class=\"wp-block-image size-large\"><img data-recalc-dims=\"1\" loading=\"lazy\" decoding=\"async\" width=\"338\" height=\"600\" data-id=\"10310\" src=\"https:\/\/i0.wp.com\/ecolefermedesbois.ch\/wp-content\/uploads\/2023\/05\/wp-16853868662158367025865165375581.jpg?resize=338%2C600&#038;ssl=1\" alt=\"\" class=\"wp-image-10310\" srcset=\"https:\/\/i0.wp.com\/ecolefermedesbois.ch\/wp-content\/uploads\/2023\/05\/wp-16853868662158367025865165375581.jpg?resize=338%2C600&amp;ssl=1 338w, https:\/\/i0.wp.com\/ecolefermedesbois.ch\/wp-content\/uploads\/2023\/05\/wp-16853868662158367025865165375581.jpg?resize=169%2C300&amp;ssl=1 169w, https:\/\/i0.wp.com\/ecolefermedesbois.ch\/wp-content\/uploads\/2023\/05\/wp-16853868662158367025865165375581.jpg?w=563&amp;ssl=1 563w\" sizes=\"(max-width: 338px) 100vw, 338px\" \/><\/figure>\n\n\n\n<figure class=\"wp-block-image size-large\"><img data-recalc-dims=\"1\" loading=\"lazy\" decoding=\"async\" width=\"450\" height=\"600\" data-id=\"10317\" src=\"https:\/\/i0.wp.com\/ecolefermedesbois.ch\/wp-content\/uploads\/2023\/05\/wp-16853868665686274402945122727030.jpg?resize=450%2C600&#038;ssl=1\" alt=\"\" class=\"wp-image-10317\" srcset=\"https:\/\/i0.wp.com\/ecolefermedesbois.ch\/wp-content\/uploads\/2023\/05\/wp-16853868665686274402945122727030.jpg?resize=450%2C600&amp;ssl=1 450w, https:\/\/i0.wp.com\/ecolefermedesbois.ch\/wp-content\/uploads\/2023\/05\/wp-16853868665686274402945122727030.jpg?resize=225%2C300&amp;ssl=1 225w, https:\/\/i0.wp.com\/ecolefermedesbois.ch\/wp-content\/uploads\/2023\/05\/wp-16853868665686274402945122727030.jpg?w=750&amp;ssl=1 750w\" sizes=\"(max-width: 450px) 100vw, 450px\" \/><\/figure>\n\n\n\n<figure class=\"wp-block-image size-large\"><img data-recalc-dims=\"1\" loading=\"lazy\" decoding=\"async\" width=\"338\" height=\"600\" data-id=\"10300\" src=\"https:\/\/i0.wp.com\/ecolefermedesbois.ch\/wp-content\/uploads\/2023\/05\/wp-16853868652758584121317807490470.jpg?resize=338%2C600&#038;ssl=1\" alt=\"\" class=\"wp-image-10300\" srcset=\"https:\/\/i0.wp.com\/ecolefermedesbois.ch\/wp-content\/uploads\/2023\/05\/wp-16853868652758584121317807490470.jpg?resize=338%2C600&amp;ssl=1 338w, https:\/\/i0.wp.com\/ecolefermedesbois.ch\/wp-content\/uploads\/2023\/05\/wp-16853868652758584121317807490470.jpg?resize=169%2C300&amp;ssl=1 169w, https:\/\/i0.wp.com\/ecolefermedesbois.ch\/wp-content\/uploads\/2023\/05\/wp-16853868652758584121317807490470.jpg?w=563&amp;ssl=1 563w\" sizes=\"(max-width: 338px) 100vw, 338px\" \/><\/figure>\n\n\n\n<figure class=\"wp-block-image size-large\"><img data-recalc-dims=\"1\" loading=\"lazy\" decoding=\"async\" width=\"600\" height=\"450\" data-id=\"10304\" src=\"https:\/\/i0.wp.com\/ecolefermedesbois.ch\/wp-content\/uploads\/2023\/05\/wp-16853868654297792333661328390950.jpg?resize=600%2C450&#038;ssl=1\" alt=\"\" class=\"wp-image-10304\" srcset=\"https:\/\/i0.wp.com\/ecolefermedesbois.ch\/wp-content\/uploads\/2023\/05\/wp-16853868654297792333661328390950.jpg?resize=600%2C450&amp;ssl=1 600w, https:\/\/i0.wp.com\/ecolefermedesbois.ch\/wp-content\/uploads\/2023\/05\/wp-16853868654297792333661328390950.jpg?resize=300%2C225&amp;ssl=1 300w, https:\/\/i0.wp.com\/ecolefermedesbois.ch\/wp-content\/uploads\/2023\/05\/wp-16853868654297792333661328390950.jpg?resize=768%2C576&amp;ssl=1 768w, https:\/\/i0.wp.com\/ecolefermedesbois.ch\/wp-content\/uploads\/2023\/05\/wp-16853868654297792333661328390950.jpg?w=1000&amp;ssl=1 1000w\" sizes=\"(max-width: 600px) 100vw, 600px\" \/><\/figure>\n<\/figure>\n\n\n","protected":false},"excerpt":{"rendered":"<p>Jeudi dernier, les \u00e9l\u00e8ves de Tanya Bourgeois sont venus d\u00e9couvrir l&rsquo;univers des abeilles. Nous commen\u00e7ons la matin\u00e9e par un jeu&#46;&#46;&#46;<\/p>\n","protected":false},"author":2,"featured_media":10314,"comment_status":"open","ping_status":"open","sticky":false,"template":"","format":"image","meta":{"jetpack_post_was_ever_published":false,"footnotes":"","jetpack_publicize_message":"","jetpack_publicize_feature_enabled":true,"jetpack_social_post_already_shared":false,"jetpack_social_options":{"image_generator_settings":{"template":"highway","default_image_id":0,"font":"","enabled":false},"version":2}},"categories":[33],"tags":[],"class_list":["post-10342","post","type-post","status-publish","format-image","has-post-thumbnail","hentry","category-ecole","post_format-post-format-image"],"yoast_head":"<!-- This site is optimized with the Yoast SEO plugin v27.4 - https:\/\/yoast.com\/product\/yoast-seo-wordpress\/ -->\n<title>De l&#039;abeille au miel avec une classe 4P d&#039;Oron -<\/title>\n<meta name=\"robots\" content=\"index, follow, max-snippet:-1, max-image-preview:large, max-video-preview:-1\" \/>\n<link rel=\"canonical\" href=\"https:\/\/ecolefermedesbois.ch\/?p=10342\" \/>\n<meta property=\"og:locale\" content=\"fr_FR\" \/>\n<meta property=\"og:type\" content=\"article\" \/>\n<meta property=\"og:title\" content=\"De l&#039;abeille au miel avec une classe 4P d&#039;Oron -\" \/>\n<meta property=\"og:description\" content=\"Jeudi dernier, les \u00e9l\u00e8ves de Tanya Bourgeois sont venus d\u00e9couvrir l&rsquo;univers des abeilles. Nous commen\u00e7ons la matin\u00e9e par un jeu&#046;&#046;&#046;\" \/>\n<meta property=\"og:url\" content=\"https:\/\/ecolefermedesbois.ch\/?p=10342\" \/>\n<meta property=\"article:publisher\" content=\"https:\/\/www.facebook.com\/ecolefermedesBois\" \/>\n<meta property=\"article:published_time\" content=\"2023-05-29T19:39:26+00:00\" \/>\n<meta property=\"article:modified_time\" content=\"2023-05-29T19:39:27+00:00\" \/>\n<meta property=\"og:image\" content=\"https:\/\/ecolefermedesbois.ch\/wp-content\/uploads\/2023\/05\/wp-16853868664076928525871033574918.jpg\" \/>\n\t<meta property=\"og:image:width\" content=\"750\" \/>\n\t<meta property=\"og:image:height\" content=\"1000\" \/>\n\t<meta property=\"og:image:type\" content=\"image\/jpeg\" \/>\n<meta name=\"author\" content=\"Sophie\" \/>\n<meta name=\"twitter:card\" content=\"summary_large_image\" \/>\n<meta name=\"twitter:label1\" content=\"\u00c9crit par\" \/>\n\t<meta name=\"twitter:data1\" content=\"Sophie\" \/>\n\t<meta name=\"twitter:label2\" content=\"Dur\u00e9e de lecture estim\u00e9e\" \/>\n\t<meta name=\"twitter:data2\" content=\"6 minutes\" \/>\n<script type=\"application\/ld+json\" class=\"yoast-schema-graph\">{\"@context\":\"https:\\\/\\\/schema.org\",\"@graph\":[{\"@type\":\"Article\",\"@id\":\"https:\\\/\\\/ecolefermedesbois.ch\\\/?p=10342#article\",\"isPartOf\":{\"@id\":\"https:\\\/\\\/ecolefermedesbois.ch\\\/?p=10342\"},\"author\":{\"name\":\"Sophie\",\"@id\":\"https:\\\/\\\/ecolefermedesbois.ch\\\/#\\\/schema\\\/person\\\/78f5a1c78e958e51240f90932d290908\"},\"headline\":\"De l&rsquo;abeille au miel avec une classe 4P d&rsquo;Oron\",\"datePublished\":\"2023-05-29T19:39:26+00:00\",\"dateModified\":\"2023-05-29T19:39:27+00:00\",\"mainEntityOfPage\":{\"@id\":\"https:\\\/\\\/ecolefermedesbois.ch\\\/?p=10342\"},\"wordCount\":432,\"commentCount\":0,\"publisher\":{\"@id\":\"https:\\\/\\\/ecolefermedesbois.ch\\\/#organization\"},\"image\":{\"@id\":\"https:\\\/\\\/ecolefermedesbois.ch\\\/?p=10342#primaryimage\"},\"thumbnailUrl\":\"https:\\\/\\\/i0.wp.com\\\/ecolefermedesbois.ch\\\/wp-content\\\/uploads\\\/2023\\\/05\\\/wp-16853868664076928525871033574918.jpg?fit=750%2C1000&ssl=1\",\"articleSection\":[\"Ecole\"],\"inLanguage\":\"fr-FR\",\"potentialAction\":[{\"@type\":\"CommentAction\",\"name\":\"Comment\",\"target\":[\"https:\\\/\\\/ecolefermedesbois.ch\\\/?p=10342#respond\"]}]},{\"@type\":\"WebPage\",\"@id\":\"https:\\\/\\\/ecolefermedesbois.ch\\\/?p=10342\",\"url\":\"https:\\\/\\\/ecolefermedesbois.ch\\\/?p=10342\",\"name\":\"De l'abeille au miel avec une classe 4P d'Oron -\",\"isPartOf\":{\"@id\":\"https:\\\/\\\/ecolefermedesbois.ch\\\/#website\"},\"primaryImageOfPage\":{\"@id\":\"https:\\\/\\\/ecolefermedesbois.ch\\\/?p=10342#primaryimage\"},\"image\":{\"@id\":\"https:\\\/\\\/ecolefermedesbois.ch\\\/?p=10342#primaryimage\"},\"thumbnailUrl\":\"https:\\\/\\\/i0.wp.com\\\/ecolefermedesbois.ch\\\/wp-content\\\/uploads\\\/2023\\\/05\\\/wp-16853868664076928525871033574918.jpg?fit=750%2C1000&ssl=1\",\"datePublished\":\"2023-05-29T19:39:26+00:00\",\"dateModified\":\"2023-05-29T19:39:27+00:00\",\"breadcrumb\":{\"@id\":\"https:\\\/\\\/ecolefermedesbois.ch\\\/?p=10342#breadcrumb\"},\"inLanguage\":\"fr-FR\",\"potentialAction\":[{\"@type\":\"ReadAction\",\"target\":[\"https:\\\/\\\/ecolefermedesbois.ch\\\/?p=10342\"]}]},{\"@type\":\"ImageObject\",\"inLanguage\":\"fr-FR\",\"@id\":\"https:\\\/\\\/ecolefermedesbois.ch\\\/?p=10342#primaryimage\",\"url\":\"https:\\\/\\\/i0.wp.com\\\/ecolefermedesbois.ch\\\/wp-content\\\/uploads\\\/2023\\\/05\\\/wp-16853868664076928525871033574918.jpg?fit=750%2C1000&ssl=1\",\"contentUrl\":\"https:\\\/\\\/i0.wp.com\\\/ecolefermedesbois.ch\\\/wp-content\\\/uploads\\\/2023\\\/05\\\/wp-16853868664076928525871033574918.jpg?fit=750%2C1000&ssl=1\",\"width\":750,\"height\":1000},{\"@type\":\"BreadcrumbList\",\"@id\":\"https:\\\/\\\/ecolefermedesbois.ch\\\/?p=10342#breadcrumb\",\"itemListElement\":[{\"@type\":\"ListItem\",\"position\":1,\"name\":\"Accueil\",\"item\":\"https:\\\/\\\/ecolefermedesbois.ch\\\/\"},{\"@type\":\"ListItem\",\"position\":2,\"name\":\"De l&rsquo;abeille au miel avec une classe 4P d&rsquo;Oron\"}]},{\"@type\":\"WebSite\",\"@id\":\"https:\\\/\\\/ecolefermedesbois.ch\\\/#website\",\"url\":\"https:\\\/\\\/ecolefermedesbois.ch\\\/\",\"name\":\"ecolefermedesbois\",\"description\":\"\",\"publisher\":{\"@id\":\"https:\\\/\\\/ecolefermedesbois.ch\\\/#organization\"},\"potentialAction\":[{\"@type\":\"SearchAction\",\"target\":{\"@type\":\"EntryPoint\",\"urlTemplate\":\"https:\\\/\\\/ecolefermedesbois.ch\\\/?s={search_term_string}\"},\"query-input\":{\"@type\":\"PropertyValueSpecification\",\"valueRequired\":true,\"valueName\":\"search_term_string\"}}],\"inLanguage\":\"fr-FR\"},{\"@type\":\"Organization\",\"@id\":\"https:\\\/\\\/ecolefermedesbois.ch\\\/#organization\",\"name\":\"Ecole \u00e0 la Ferme des Bois\",\"url\":\"https:\\\/\\\/ecolefermedesbois.ch\\\/\",\"logo\":{\"@type\":\"ImageObject\",\"inLanguage\":\"fr-FR\",\"@id\":\"https:\\\/\\\/ecolefermedesbois.ch\\\/#\\\/schema\\\/logo\\\/image\\\/\",\"url\":\"https:\\\/\\\/ecolefermedesbois.ch\\\/wp-content\\\/uploads\\\/2019\\\/04\\\/logo-scaled.gif\",\"contentUrl\":\"https:\\\/\\\/ecolefermedesbois.ch\\\/wp-content\\\/uploads\\\/2019\\\/04\\\/logo-scaled.gif\",\"width\":2560,\"height\":608,\"caption\":\"Ecole \u00e0 la Ferme des Bois\"},\"image\":{\"@id\":\"https:\\\/\\\/ecolefermedesbois.ch\\\/#\\\/schema\\\/logo\\\/image\\\/\"},\"sameAs\":[\"https:\\\/\\\/www.facebook.com\\\/ecolefermedesBois\"]},{\"@type\":\"Person\",\"@id\":\"https:\\\/\\\/ecolefermedesbois.ch\\\/#\\\/schema\\\/person\\\/78f5a1c78e958e51240f90932d290908\",\"name\":\"Sophie\",\"image\":{\"@type\":\"ImageObject\",\"inLanguage\":\"fr-FR\",\"@id\":\"https:\\\/\\\/secure.gravatar.com\\\/avatar\\\/053fbaec50cb27b03b880a4b8b018009aa3af995f32011efc3f40a589371d46f?s=96&d=mm&r=g\",\"url\":\"https:\\\/\\\/secure.gravatar.com\\\/avatar\\\/053fbaec50cb27b03b880a4b8b018009aa3af995f32011efc3f40a589371d46f?s=96&d=mm&r=g\",\"contentUrl\":\"https:\\\/\\\/secure.gravatar.com\\\/avatar\\\/053fbaec50cb27b03b880a4b8b018009aa3af995f32011efc3f40a589371d46f?s=96&d=mm&r=g\",\"caption\":\"Sophie\"},\"url\":\"https:\\\/\\\/ecolefermedesbois.ch\\\/?author=2\"}]}<\/script>\n<!-- \/ Yoast SEO plugin. -->","yoast_head_json":{"title":"De l'abeille au miel avec une classe 4P d'Oron -","robots":{"index":"index","follow":"follow","max-snippet":"max-snippet:-1","max-image-preview":"max-image-preview:large","max-video-preview":"max-video-preview:-1"},"canonical":"https:\/\/ecolefermedesbois.ch\/?p=10342","og_locale":"fr_FR","og_type":"article","og_title":"De l'abeille au miel avec une classe 4P d'Oron -","og_description":"Jeudi dernier, les \u00e9l\u00e8ves de Tanya Bourgeois sont venus d\u00e9couvrir l&rsquo;univers des abeilles. Nous commen\u00e7ons la matin\u00e9e par un jeu&#46;&#46;&#46;","og_url":"https:\/\/ecolefermedesbois.ch\/?p=10342","article_publisher":"https:\/\/www.facebook.com\/ecolefermedesBois","article_published_time":"2023-05-29T19:39:26+00:00","article_modified_time":"2023-05-29T19:39:27+00:00","og_image":[{"width":750,"height":1000,"url":"https:\/\/ecolefermedesbois.ch\/wp-content\/uploads\/2023\/05\/wp-16853868664076928525871033574918.jpg","type":"image\/jpeg"}],"author":"Sophie","twitter_card":"summary_large_image","twitter_misc":{"\u00c9crit par":"Sophie","Dur\u00e9e de lecture estim\u00e9e":"6 minutes"},"schema":{"@context":"https:\/\/schema.org","@graph":[{"@type":"Article","@id":"https:\/\/ecolefermedesbois.ch\/?p=10342#article","isPartOf":{"@id":"https:\/\/ecolefermedesbois.ch\/?p=10342"},"author":{"name":"Sophie","@id":"https:\/\/ecolefermedesbois.ch\/#\/schema\/person\/78f5a1c78e958e51240f90932d290908"},"headline":"De l&rsquo;abeille au miel avec une classe 4P d&rsquo;Oron","datePublished":"2023-05-29T19:39:26+00:00","dateModified":"2023-05-29T19:39:27+00:00","mainEntityOfPage":{"@id":"https:\/\/ecolefermedesbois.ch\/?p=10342"},"wordCount":432,"commentCount":0,"publisher":{"@id":"https:\/\/ecolefermedesbois.ch\/#organization"},"image":{"@id":"https:\/\/ecolefermedesbois.ch\/?p=10342#primaryimage"},"thumbnailUrl":"https:\/\/i0.wp.com\/ecolefermedesbois.ch\/wp-content\/uploads\/2023\/05\/wp-16853868664076928525871033574918.jpg?fit=750%2C1000&ssl=1","articleSection":["Ecole"],"inLanguage":"fr-FR","potentialAction":[{"@type":"CommentAction","name":"Comment","target":["https:\/\/ecolefermedesbois.ch\/?p=10342#respond"]}]},{"@type":"WebPage","@id":"https:\/\/ecolefermedesbois.ch\/?p=10342","url":"https:\/\/ecolefermedesbois.ch\/?p=10342","name":"De l'abeille au miel avec une classe 4P d'Oron -","isPartOf":{"@id":"https:\/\/ecolefermedesbois.ch\/#website"},"primaryImageOfPage":{"@id":"https:\/\/ecolefermedesbois.ch\/?p=10342#primaryimage"},"image":{"@id":"https:\/\/ecolefermedesbois.ch\/?p=10342#primaryimage"},"thumbnailUrl":"https:\/\/i0.wp.com\/ecolefermedesbois.ch\/wp-content\/uploads\/2023\/05\/wp-16853868664076928525871033574918.jpg?fit=750%2C1000&ssl=1","datePublished":"2023-05-29T19:39:26+00:00","dateModified":"2023-05-29T19:39:27+00:00","breadcrumb":{"@id":"https:\/\/ecolefermedesbois.ch\/?p=10342#breadcrumb"},"inLanguage":"fr-FR","potentialAction":[{"@type":"ReadAction","target":["https:\/\/ecolefermedesbois.ch\/?p=10342"]}]},{"@type":"ImageObject","inLanguage":"fr-FR","@id":"https:\/\/ecolefermedesbois.ch\/?p=10342#primaryimage","url":"https:\/\/i0.wp.com\/ecolefermedesbois.ch\/wp-content\/uploads\/2023\/05\/wp-16853868664076928525871033574918.jpg?fit=750%2C1000&ssl=1","contentUrl":"https:\/\/i0.wp.com\/ecolefermedesbois.ch\/wp-content\/uploads\/2023\/05\/wp-16853868664076928525871033574918.jpg?fit=750%2C1000&ssl=1","width":750,"height":1000},{"@type":"BreadcrumbList","@id":"https:\/\/ecolefermedesbois.ch\/?p=10342#breadcrumb","itemListElement":[{"@type":"ListItem","position":1,"name":"Accueil","item":"https:\/\/ecolefermedesbois.ch\/"},{"@type":"ListItem","position":2,"name":"De l&rsquo;abeille au miel avec une classe 4P d&rsquo;Oron"}]},{"@type":"WebSite","@id":"https:\/\/ecolefermedesbois.ch\/#website","url":"https:\/\/ecolefermedesbois.ch\/","name":"ecolefermedesbois","description":"","publisher":{"@id":"https:\/\/ecolefermedesbois.ch\/#organization"},"potentialAction":[{"@type":"SearchAction","target":{"@type":"EntryPoint","urlTemplate":"https:\/\/ecolefermedesbois.ch\/?s={search_term_string}"},"query-input":{"@type":"PropertyValueSpecification","valueRequired":true,"valueName":"search_term_string"}}],"inLanguage":"fr-FR"},{"@type":"Organization","@id":"https:\/\/ecolefermedesbois.ch\/#organization","name":"Ecole \u00e0 la Ferme des Bois","url":"https:\/\/ecolefermedesbois.ch\/","logo":{"@type":"ImageObject","inLanguage":"fr-FR","@id":"https:\/\/ecolefermedesbois.ch\/#\/schema\/logo\/image\/","url":"https:\/\/ecolefermedesbois.ch\/wp-content\/uploads\/2019\/04\/logo-scaled.gif","contentUrl":"https:\/\/ecolefermedesbois.ch\/wp-content\/uploads\/2019\/04\/logo-scaled.gif","width":2560,"height":608,"caption":"Ecole \u00e0 la Ferme des Bois"},"image":{"@id":"https:\/\/ecolefermedesbois.ch\/#\/schema\/logo\/image\/"},"sameAs":["https:\/\/www.facebook.com\/ecolefermedesBois"]},{"@type":"Person","@id":"https:\/\/ecolefermedesbois.ch\/#\/schema\/person\/78f5a1c78e958e51240f90932d290908","name":"Sophie","image":{"@type":"ImageObject","inLanguage":"fr-FR","@id":"https:\/\/secure.gravatar.com\/avatar\/053fbaec50cb27b03b880a4b8b018009aa3af995f32011efc3f40a589371d46f?s=96&d=mm&r=g","url":"https:\/\/secure.gravatar.com\/avatar\/053fbaec50cb27b03b880a4b8b018009aa3af995f32011efc3f40a589371d46f?s=96&d=mm&r=g","contentUrl":"https:\/\/secure.gravatar.com\/avatar\/053fbaec50cb27b03b880a4b8b018009aa3af995f32011efc3f40a589371d46f?s=96&d=mm&r=g","caption":"Sophie"},"url":"https:\/\/ecolefermedesbois.ch\/?author=2"}]}},"jetpack_publicize_connections":[],"jetpack_featured_media_url":"https:\/\/i0.wp.com\/ecolefermedesbois.ch\/wp-content\/uploads\/2023\/05\/wp-16853868664076928525871033574918.jpg?fit=750%2C1000&ssl=1","jetpack_sharing_enabled":true,"_links":{"self":[{"href":"https:\/\/ecolefermedesbois.ch\/index.php?rest_route=\/wp\/v2\/posts\/10342","targetHints":{"allow":["GET"]}}],"collection":[{"href":"https:\/\/ecolefermedesbois.ch\/index.php?rest_route=\/wp\/v2\/posts"}],"about":[{"href":"https:\/\/ecolefermedesbois.ch\/index.php?rest_route=\/wp\/v2\/types\/post"}],"author":[{"embeddable":true,"href":"https:\/\/ecolefermedesbois.ch\/index.php?rest_route=\/wp\/v2\/users\/2"}],"replies":[{"embeddable":true,"href":"https:\/\/ecolefermedesbois.ch\/index.php?rest_route=%2Fwp%2Fv2%2Fcomments&post=10342"}],"version-history":[{"count":1,"href":"https:\/\/ecolefermedesbois.ch\/index.php?rest_route=\/wp\/v2\/posts\/10342\/revisions"}],"predecessor-version":[{"id":10343,"href":"https:\/\/ecolefermedesbois.ch\/index.php?rest_route=\/wp\/v2\/posts\/10342\/revisions\/10343"}],"wp:featuredmedia":[{"embeddable":true,"href":"https:\/\/ecolefermedesbois.ch\/index.php?rest_route=\/wp\/v2\/media\/10314"}],"wp:attachment":[{"href":"https:\/\/ecolefermedesbois.ch\/index.php?rest_route=%2Fwp%2Fv2%2Fmedia&parent=10342"}],"wp:term":[{"taxonomy":"category","embeddable":true,"href":"https:\/\/ecolefermedesbois.ch\/index.php?rest_route=%2Fwp%2Fv2%2Fcategories&post=10342"},{"taxonomy":"post_tag","embeddable":true,"href":"https:\/\/ecolefermedesbois.ch\/index.php?rest_route=%2Fwp%2Fv2%2Ftags&post=10342"}],"curies":[{"name":"wp","href":"https:\/\/api.w.org\/{rel}","templated":true}]}}